{"id":8557,"date":"2022-11-15T12:00:32","date_gmt":"2022-11-15T11:00:32","guid":{"rendered":"https:\/\/www.anovapeneira.gal\/?p=8557"},"modified":"2022-11-15T10:46:45","modified_gmt":"2022-11-15T09:46:45","slug":"o-programa-coidados-porta-a-porta-regresa-a-finais-de-novembro-a-ponteareas","status":"publish","type":"post","link":"https:\/\/www.anovapeneira.gal\/index.php\/2022\/11\/15\/o-programa-coidados-porta-a-porta-regresa-a-finais-de-novembro-a-ponteareas\/","title":{"rendered":"O programa \u2018Coidados porta a porta\u2019 regresa a finais de novembro a Ponteareas"},"content":{"rendered":"\n<h2 class=\"wp-block-heading\"><strong>O 25, 28 e 29 de novembro a unidade m\u00f3bil prestar\u00e1 de balde os servizos de podolox\u00eda, audiolox\u00eda e estimulaci\u00f3n da memoria a maiores de 55 anos<\/strong><\/h2>\n\n\n\n<p>Ponteareas acolle este mes unha nova visita do programa \u2018Coidados porta a porta\u2019, unha iniciativa posta en marcha pola Xunta de Galicia e financiada con fondos europeos ao abeiro do Plan de Recuperaci\u00f3n, Transformaci\u00f3n e Resiliencia a trav\u00e9s do que se presta de balde servizos de podolox\u00eda, audiolox\u00eda e estimulaci\u00f3n da memoria a persoas maiores de 55 anos residentes na vila.<\/p>\n\n\n\n<p>Deste xeito, os vindeiros d\u00edas 25, 28 e 29 de novembro volver\u00e1 ao municipio unha das unidades m\u00f3biles do programa, que estar\u00e1 situada diante do Concello e que contar\u00e1 con acceso para persoas con mobilidade reducida. As persoas interesadas en ser atendidas e acudir a algunha consulta deber\u00e1n solicitar cita previa chamando a trav\u00e9s dos tel\u00e9fonos 622 748 283 ou 623 546 992.<\/p>\n\n\n\n<p>Durante estes tres d\u00edas, as e os ponteare\u00e1ns poder\u00e1n facer unha consulta b\u00e1sica de podolox\u00eda, cunha valoraci\u00f3n do estado xeral do p\u00e9, un corte e limpeza de unllas, as\u00ed como eliminaci\u00f3n de durezas, callos e helomas. Pola s\u00faa banda, no servizo de audiolox\u00eda real\u00edzanse valoraci\u00f3ns e exploraci\u00f3ns funcionais da audici\u00f3n e de prevenci\u00f3n da perda auditiva, mentres que no de estimulaci\u00f3n da memoria unha persoa profesional realizar\u00e1 unha valoraci\u00f3n cognitiva e achegar\u00e1 pautas dende unha perspectiva terap\u00e9utica de como previr e reducir un posible deterioro.<\/p>\n\n\n\n<p>A concelleira de Benestar Social, Ver\u00f3nica Carrera, anima \u00e1 poboaci\u00f3n maior de 55 anos da vila a solicitar cita previa para acudir a estas consultas que \u201cpermitir\u00e1n aos nosos e nosas maiores ter ao seu alcance dun xeito c\u00f3modo e gratu\u00edto ferramentas para unha revisi\u00f3n moi importante da s\u00faa sa\u00fade, pudendo previr problemas m\u00e1is graves e mellorando a s\u00faa calidade de vida\u201d. As unidades m\u00f3biles deste programa volver\u00e1n visitar Ponteareas ao longo o vindeiro ano 2023 para continuar prestando estes servizos de consulta e atenci\u00f3n m\u00e9dica.<\/p>\n","protected":false},"excerpt":{"rendered":"<div class=\"mh-excerpt\"><p>O 25, 28 e 29 de novembro a unidade m\u00f3bil prestar\u00e1 de balde os servizos de podolox\u00eda, audiolox\u00eda e estimulaci\u00f3n da memoria a maiores de 55 anos <a class=\"mh-excerpt-more\" href=\"https:\/\/www.anovapeneira.gal\/index.php\/2022\/11\/15\/o-programa-coidados-porta-a-porta-regresa-a-finais-de-novembro-a-ponteareas\/\" title=\"O programa \u2018Coidados porta a porta\u2019 regresa a finais de novembro a Ponteareas\">[&#8230;]<\/a><\/p>\n<\/div>","protected":false},"author":3,"featured_media":8559,"comment_status":"open","ping_status":"open","sticky":false,"template":"","format":"standard","meta":{"_exactmetrics_skip_tracking":false,"_exactmetrics_sitenote_active":false,"_exactmetrics_sitenote_note":"","_exactmetrics_sitenote_category":0,"footnotes":""},"categories":[25],"tags":[208],"class_list":{"0":"post-8557","1":"post","2":"type-post","3":"status-publish","4":"format-standard","5":"has-post-thumbnail","7":"category-condado","8":"tag-concello-de-ponteareas"},"yoast_head":"<!-- This site is optimized with the Yoast SEO plugin v27.4 - https:\/\/yoast.com\/product\/yoast-seo-wordpress\/ -->\n<title>O programa \u2018Coidados porta a porta\u2019 regresa a finais de novembro a Ponteareas -<\/title>\n<meta name=\"description\" content=\"O 25, 28 e 29 de novembro a unidade m\u00f3bil prestar\u00e1 de balde os servizos de podolox\u00eda, audiolox\u00eda e estimulaci\u00f3n da memoria a maiores de 55 anos\" \/>\n<meta name=\"robots\" content=\"index, follow, max-snippet:-1, max-image-preview:large, max-video-preview:-1\" \/>\n<link rel=\"canonical\" href=\"https:\/\/www.anovapeneira.gal\/index.php\/2022\/11\/15\/o-programa-coidados-porta-a-porta-regresa-a-finais-de-novembro-a-ponteareas\/\" \/>\n<meta property=\"og:locale\" content=\"gl_ES\" \/>\n<meta property=\"og:type\" content=\"article\" \/>\n<meta property=\"og:title\" content=\"O programa \u2018Coidados porta a porta\u2019 regresa a finais de novembro a Ponteareas -\" \/>\n<meta property=\"og:description\" content=\"O 25, 28 e 29 de novembro a unidade m\u00f3bil prestar\u00e1 de balde os servizos de podolox\u00eda, audiolox\u00eda e estimulaci\u00f3n da memoria a maiores de 55 anos\" \/>\n<meta property=\"og:url\" content=\"https:\/\/www.anovapeneira.gal\/index.php\/2022\/11\/15\/o-programa-coidados-porta-a-porta-regresa-a-finais-de-novembro-a-ponteareas\/\" \/>\n<meta property=\"article:publisher\" content=\"https:\/\/www.facebook.com\/anovapeneira\" \/>\n<meta property=\"article:published_time\" content=\"2022-11-15T11:00:32+00:00\" \/>\n<meta property=\"og:image\" content=\"https:\/\/www.anovapeneira.gal\/wp-content\/uploads\/2022\/11\/coidados_porta_a_porta.jpg\" \/>\n\t<meta property=\"og:image:width\" content=\"720\" \/>\n\t<meta property=\"og:image:height\" content=\"432\" \/>\n\t<meta property=\"og:image:type\" content=\"image\/jpeg\" \/>\n<meta name=\"author\" content=\"Redacci\u00f3n A Nova Peneira\" \/>\n<meta name=\"twitter:card\" content=\"summary_large_image\" \/>\n<meta name=\"twitter:creator\" content=\"@APeneira\" \/>\n<meta name=\"twitter:site\" content=\"@APeneira\" \/>\n<meta name=\"twitter:label1\" content=\"Escrito por\" \/>\n\t<meta name=\"twitter:data1\" content=\"Redacci\u00f3n A Nova Peneira\" \/>\n\t<meta name=\"twitter:label2\" content=\"Tempo de lectura\" \/>\n\t<meta name=\"twitter:data2\" content=\"2 minutos\" \/>\n<script type=\"application\/ld+json\" class=\"yoast-schema-graph\">{\"@context\":\"https:\\\/\\\/schema.org\",\"@graph\":[{\"@type\":\"Article\",\"@id\":\"https:\\\/\\\/www.anovapeneira.gal\\\/index.php\\\/2022\\\/11\\\/15\\\/o-programa-coidados-porta-a-porta-regresa-a-finais-de-novembro-a-ponteareas\\\/#article\",\"isPartOf\":{\"@id\":\"https:\\\/\\\/www.anovapeneira.gal\\\/index.php\\\/2022\\\/11\\\/15\\\/o-programa-coidados-porta-a-porta-regresa-a-finais-de-novembro-a-ponteareas\\\/\"},\"author\":{\"name\":\"Redacci\u00f3n A Nova Peneira\",\"@id\":\"https:\\\/\\\/www.anovapeneira.gal\\\/#\\\/schema\\\/person\\\/b93e3f8932e3f8da96334607eb6ac6aa\"},\"headline\":\"O programa \u2018Coidados porta a porta\u2019 regresa a finais de novembro a Ponteareas\",\"datePublished\":\"2022-11-15T11:00:32+00:00\",\"mainEntityOfPage\":{\"@id\":\"https:\\\/\\\/www.anovapeneira.gal\\\/index.php\\\/2022\\\/11\\\/15\\\/o-programa-coidados-porta-a-porta-regresa-a-finais-de-novembro-a-ponteareas\\\/\"},\"wordCount\":364,\"commentCount\":0,\"publisher\":{\"@id\":\"https:\\\/\\\/www.anovapeneira.gal\\\/#organization\"},\"image\":{\"@id\":\"https:\\\/\\\/www.anovapeneira.gal\\\/index.php\\\/2022\\\/11\\\/15\\\/o-programa-coidados-porta-a-porta-regresa-a-finais-de-novembro-a-ponteareas\\\/#primaryimage\"},\"thumbnailUrl\":\"https:\\\/\\\/www.anovapeneira.gal\\\/wp-content\\\/uploads\\\/2022\\\/11\\\/coidados_porta_a_porta.jpg\",\"keywords\":[\"Concello de Ponteareas\"],\"articleSection\":[\"Condado\"],\"inLanguage\":\"gl-ES\",\"potentialAction\":[{\"@type\":\"CommentAction\",\"name\":\"Comment\",\"target\":[\"https:\\\/\\\/www.anovapeneira.gal\\\/index.php\\\/2022\\\/11\\\/15\\\/o-programa-coidados-porta-a-porta-regresa-a-finais-de-novembro-a-ponteareas\\\/#respond\"]}]},{\"@type\":\"WebPage\",\"@id\":\"https:\\\/\\\/www.anovapeneira.gal\\\/index.php\\\/2022\\\/11\\\/15\\\/o-programa-coidados-porta-a-porta-regresa-a-finais-de-novembro-a-ponteareas\\\/\",\"url\":\"https:\\\/\\\/www.anovapeneira.gal\\\/index.php\\\/2022\\\/11\\\/15\\\/o-programa-coidados-porta-a-porta-regresa-a-finais-de-novembro-a-ponteareas\\\/\",\"name\":\"O programa \u2018Coidados porta a porta\u2019 regresa a finais de novembro a Ponteareas -\",\"isPartOf\":{\"@id\":\"https:\\\/\\\/www.anovapeneira.gal\\\/#website\"},\"primaryImageOfPage\":{\"@id\":\"https:\\\/\\\/www.anovapeneira.gal\\\/index.php\\\/2022\\\/11\\\/15\\\/o-programa-coidados-porta-a-porta-regresa-a-finais-de-novembro-a-ponteareas\\\/#primaryimage\"},\"image\":{\"@id\":\"https:\\\/\\\/www.anovapeneira.gal\\\/index.php\\\/2022\\\/11\\\/15\\\/o-programa-coidados-porta-a-porta-regresa-a-finais-de-novembro-a-ponteareas\\\/#primaryimage\"},\"thumbnailUrl\":\"https:\\\/\\\/www.anovapeneira.gal\\\/wp-content\\\/uploads\\\/2022\\\/11\\\/coidados_porta_a_porta.jpg\",\"datePublished\":\"2022-11-15T11:00:32+00:00\",\"description\":\"O 25, 28 e 29 de novembro a unidade m\u00f3bil prestar\u00e1 de balde os servizos de podolox\u00eda, audiolox\u00eda e estimulaci\u00f3n da memoria a maiores de 55 anos\",\"breadcrumb\":{\"@id\":\"https:\\\/\\\/www.anovapeneira.gal\\\/index.php\\\/2022\\\/11\\\/15\\\/o-programa-coidados-porta-a-porta-regresa-a-finais-de-novembro-a-ponteareas\\\/#breadcrumb\"},\"inLanguage\":\"gl-ES\",\"potentialAction\":[{\"@type\":\"ReadAction\",\"target\":[\"https:\\\/\\\/www.anovapeneira.gal\\\/index.php\\\/2022\\\/11\\\/15\\\/o-programa-coidados-porta-a-porta-regresa-a-finais-de-novembro-a-ponteareas\\\/\"]}]},{\"@type\":\"ImageObject\",\"inLanguage\":\"gl-ES\",\"@id\":\"https:\\\/\\\/www.anovapeneira.gal\\\/index.php\\\/2022\\\/11\\\/15\\\/o-programa-coidados-porta-a-porta-regresa-a-finais-de-novembro-a-ponteareas\\\/#primaryimage\",\"url\":\"https:\\\/\\\/www.anovapeneira.gal\\\/wp-content\\\/uploads\\\/2022\\\/11\\\/coidados_porta_a_porta.jpg\",\"contentUrl\":\"https:\\\/\\\/www.anovapeneira.gal\\\/wp-content\\\/uploads\\\/2022\\\/11\\\/coidados_porta_a_porta.jpg\",\"width\":720,\"height\":432,\"caption\":\"O programa \u2018Coidados porta a porta\u2019 regresa a finais de novembro a Ponteareas\"},{\"@type\":\"BreadcrumbList\",\"@id\":\"https:\\\/\\\/www.anovapeneira.gal\\\/index.php\\\/2022\\\/11\\\/15\\\/o-programa-coidados-porta-a-porta-regresa-a-finais-de-novembro-a-ponteareas\\\/#breadcrumb\",\"itemListElement\":[{\"@type\":\"ListItem\",\"position\":1,\"name\":\"Portada\",\"item\":\"https:\\\/\\\/www.anovapeneira.gal\\\/\"},{\"@type\":\"ListItem\",\"position\":2,\"name\":\"O programa \u2018Coidados porta a porta\u2019 regresa a finais de novembro a Ponteareas\"}]},{\"@type\":\"WebSite\",\"@id\":\"https:\\\/\\\/www.anovapeneira.gal\\\/#website\",\"url\":\"https:\\\/\\\/www.anovapeneira.gal\\\/\",\"name\":\"\",\"description\":\"Xornal galego de informaci\u00f3n xeral Publicaci\u00f3n mensual de novas de Galicia e en especial dos Concellos da sur da provincia de Pontevedra.\",\"publisher\":{\"@id\":\"https:\\\/\\\/www.anovapeneira.gal\\\/#organization\"},\"potentialAction\":[{\"@type\":\"SearchAction\",\"target\":{\"@type\":\"EntryPoint\",\"urlTemplate\":\"https:\\\/\\\/www.anovapeneira.gal\\\/?s={search_term_string}\"},\"query-input\":{\"@type\":\"PropertyValueSpecification\",\"valueRequired\":true,\"valueName\":\"search_term_string\"}}],\"inLanguage\":\"gl-ES\"},{\"@type\":\"Organization\",\"@id\":\"https:\\\/\\\/www.anovapeneira.gal\\\/#organization\",\"name\":\"A Nova Peneira\",\"url\":\"https:\\\/\\\/www.anovapeneira.gal\\\/\",\"logo\":{\"@type\":\"ImageObject\",\"inLanguage\":\"gl-ES\",\"@id\":\"https:\\\/\\\/www.anovapeneira.gal\\\/#\\\/schema\\\/logo\\\/image\\\/\",\"url\":\"http:\\\/\\\/www.anovapeneira.gal\\\/wp-content\\\/uploads\\\/2019\\\/06\\\/logo_a_nova_peneira_portal_web.png\",\"contentUrl\":\"http:\\\/\\\/www.anovapeneira.gal\\\/wp-content\\\/uploads\\\/2019\\\/06\\\/logo_a_nova_peneira_portal_web.png\",\"width\":300,\"height\":100,\"caption\":\"A Nova Peneira\"},\"image\":{\"@id\":\"https:\\\/\\\/www.anovapeneira.gal\\\/#\\\/schema\\\/logo\\\/image\\\/\"},\"sameAs\":[\"https:\\\/\\\/www.facebook.com\\\/anovapeneira\",\"https:\\\/\\\/x.com\\\/APeneira\"]},{\"@type\":\"Person\",\"@id\":\"https:\\\/\\\/www.anovapeneira.gal\\\/#\\\/schema\\\/person\\\/b93e3f8932e3f8da96334607eb6ac6aa\",\"name\":\"Redacci\u00f3n A Nova Peneira\",\"image\":{\"@type\":\"ImageObject\",\"inLanguage\":\"gl-ES\",\"@id\":\"https:\\\/\\\/secure.gravatar.com\\\/avatar\\\/c052a2551a06e23fac63626232eaa90abd78dbcf1700fc46a2b2c89fd27b735f?s=96&d=mm&r=g\",\"url\":\"https:\\\/\\\/secure.gravatar.com\\\/avatar\\\/c052a2551a06e23fac63626232eaa90abd78dbcf1700fc46a2b2c89fd27b735f?s=96&d=mm&r=g\",\"contentUrl\":\"https:\\\/\\\/secure.gravatar.com\\\/avatar\\\/c052a2551a06e23fac63626232eaa90abd78dbcf1700fc46a2b2c89fd27b735f?s=96&d=mm&r=g\",\"caption\":\"Redacci\u00f3n A Nova Peneira\"},\"sameAs\":[\"http:\\\/\\\/www.anovapeneira.gal\\\/\"],\"url\":\"https:\\\/\\\/www.anovapeneira.gal\\\/index.php\\\/author\\\/redactor\\\/\"}]}<\/script>\n<!-- \/ Yoast SEO plugin. -->","yoast_head_json":{"title":"O programa \u2018Coidados porta a porta\u2019 regresa a finais de novembro a Ponteareas -","description":"O 25, 28 e 29 de novembro a unidade m\u00f3bil prestar\u00e1 de balde os servizos de podolox\u00eda, audiolox\u00eda e estimulaci\u00f3n da memoria a maiores de 55 anos","robots":{"index":"index","follow":"follow","max-snippet":"max-snippet:-1","max-image-preview":"max-image-preview:large","max-video-preview":"max-video-preview:-1"},"canonical":"https:\/\/www.anovapeneira.gal\/index.php\/2022\/11\/15\/o-programa-coidados-porta-a-porta-regresa-a-finais-de-novembro-a-ponteareas\/","og_locale":"gl_ES","og_type":"article","og_title":"O programa \u2018Coidados porta a porta\u2019 regresa a finais de novembro a Ponteareas -","og_description":"O 25, 28 e 29 de novembro a unidade m\u00f3bil prestar\u00e1 de balde os servizos de podolox\u00eda, audiolox\u00eda e estimulaci\u00f3n da memoria a maiores de 55 anos","og_url":"https:\/\/www.anovapeneira.gal\/index.php\/2022\/11\/15\/o-programa-coidados-porta-a-porta-regresa-a-finais-de-novembro-a-ponteareas\/","article_publisher":"https:\/\/www.facebook.com\/anovapeneira","article_published_time":"2022-11-15T11:00:32+00:00","og_image":[{"width":720,"height":432,"url":"https:\/\/www.anovapeneira.gal\/wp-content\/uploads\/2022\/11\/coidados_porta_a_porta.jpg","type":"image\/jpeg"}],"author":"Redacci\u00f3n A Nova Peneira","twitter_card":"summary_large_image","twitter_creator":"@APeneira","twitter_site":"@APeneira","twitter_misc":{"Escrito por":"Redacci\u00f3n A Nova Peneira","Tempo de lectura":"2 minutos"},"schema":{"@context":"https:\/\/schema.org","@graph":[{"@type":"Article","@id":"https:\/\/www.anovapeneira.gal\/index.php\/2022\/11\/15\/o-programa-coidados-porta-a-porta-regresa-a-finais-de-novembro-a-ponteareas\/#article","isPartOf":{"@id":"https:\/\/www.anovapeneira.gal\/index.php\/2022\/11\/15\/o-programa-coidados-porta-a-porta-regresa-a-finais-de-novembro-a-ponteareas\/"},"author":{"name":"Redacci\u00f3n A Nova Peneira","@id":"https:\/\/www.anovapeneira.gal\/#\/schema\/person\/b93e3f8932e3f8da96334607eb6ac6aa"},"headline":"O programa \u2018Coidados porta a porta\u2019 regresa a finais de novembro a Ponteareas","datePublished":"2022-11-15T11:00:32+00:00","mainEntityOfPage":{"@id":"https:\/\/www.anovapeneira.gal\/index.php\/2022\/11\/15\/o-programa-coidados-porta-a-porta-regresa-a-finais-de-novembro-a-ponteareas\/"},"wordCount":364,"commentCount":0,"publisher":{"@id":"https:\/\/www.anovapeneira.gal\/#organization"},"image":{"@id":"https:\/\/www.anovapeneira.gal\/index.php\/2022\/11\/15\/o-programa-coidados-porta-a-porta-regresa-a-finais-de-novembro-a-ponteareas\/#primaryimage"},"thumbnailUrl":"https:\/\/www.anovapeneira.gal\/wp-content\/uploads\/2022\/11\/coidados_porta_a_porta.jpg","keywords":["Concello de Ponteareas"],"articleSection":["Condado"],"inLanguage":"gl-ES","potentialAction":[{"@type":"CommentAction","name":"Comment","target":["https:\/\/www.anovapeneira.gal\/index.php\/2022\/11\/15\/o-programa-coidados-porta-a-porta-regresa-a-finais-de-novembro-a-ponteareas\/#respond"]}]},{"@type":"WebPage","@id":"https:\/\/www.anovapeneira.gal\/index.php\/2022\/11\/15\/o-programa-coidados-porta-a-porta-regresa-a-finais-de-novembro-a-ponteareas\/","url":"https:\/\/www.anovapeneira.gal\/index.php\/2022\/11\/15\/o-programa-coidados-porta-a-porta-regresa-a-finais-de-novembro-a-ponteareas\/","name":"O programa \u2018Coidados porta a porta\u2019 regresa a finais de novembro a Ponteareas -","isPartOf":{"@id":"https:\/\/www.anovapeneira.gal\/#website"},"primaryImageOfPage":{"@id":"https:\/\/www.anovapeneira.gal\/index.php\/2022\/11\/15\/o-programa-coidados-porta-a-porta-regresa-a-finais-de-novembro-a-ponteareas\/#primaryimage"},"image":{"@id":"https:\/\/www.anovapeneira.gal\/index.php\/2022\/11\/15\/o-programa-coidados-porta-a-porta-regresa-a-finais-de-novembro-a-ponteareas\/#primaryimage"},"thumbnailUrl":"https:\/\/www.anovapeneira.gal\/wp-content\/uploads\/2022\/11\/coidados_porta_a_porta.jpg","datePublished":"2022-11-15T11:00:32+00:00","description":"O 25, 28 e 29 de novembro a unidade m\u00f3bil prestar\u00e1 de balde os servizos de podolox\u00eda, audiolox\u00eda e estimulaci\u00f3n da memoria a maiores de 55 anos","breadcrumb":{"@id":"https:\/\/www.anovapeneira.gal\/index.php\/2022\/11\/15\/o-programa-coidados-porta-a-porta-regresa-a-finais-de-novembro-a-ponteareas\/#breadcrumb"},"inLanguage":"gl-ES","potentialAction":[{"@type":"ReadAction","target":["https:\/\/www.anovapeneira.gal\/index.php\/2022\/11\/15\/o-programa-coidados-porta-a-porta-regresa-a-finais-de-novembro-a-ponteareas\/"]}]},{"@type":"ImageObject","inLanguage":"gl-ES","@id":"https:\/\/www.anovapeneira.gal\/index.php\/2022\/11\/15\/o-programa-coidados-porta-a-porta-regresa-a-finais-de-novembro-a-ponteareas\/#primaryimage","url":"https:\/\/www.anovapeneira.gal\/wp-content\/uploads\/2022\/11\/coidados_porta_a_porta.jpg","contentUrl":"https:\/\/www.anovapeneira.gal\/wp-content\/uploads\/2022\/11\/coidados_porta_a_porta.jpg","width":720,"height":432,"caption":"O programa \u2018Coidados porta a porta\u2019 regresa a finais de novembro a Ponteareas"},{"@type":"BreadcrumbList","@id":"https:\/\/www.anovapeneira.gal\/index.php\/2022\/11\/15\/o-programa-coidados-porta-a-porta-regresa-a-finais-de-novembro-a-ponteareas\/#breadcrumb","itemListElement":[{"@type":"ListItem","position":1,"name":"Portada","item":"https:\/\/www.anovapeneira.gal\/"},{"@type":"ListItem","position":2,"name":"O programa \u2018Coidados porta a porta\u2019 regresa a finais de novembro a Ponteareas"}]},{"@type":"WebSite","@id":"https:\/\/www.anovapeneira.gal\/#website","url":"https:\/\/www.anovapeneira.gal\/","name":"","description":"Xornal galego de informaci\u00f3n xeral Publicaci\u00f3n mensual de novas de Galicia e en especial dos Concellos da sur da provincia de Pontevedra.","publisher":{"@id":"https:\/\/www.anovapeneira.gal\/#organization"},"potentialAction":[{"@type":"SearchAction","target":{"@type":"EntryPoint","urlTemplate":"https:\/\/www.anovapeneira.gal\/?s={search_term_string}"},"query-input":{"@type":"PropertyValueSpecification","valueRequired":true,"valueName":"search_term_string"}}],"inLanguage":"gl-ES"},{"@type":"Organization","@id":"https:\/\/www.anovapeneira.gal\/#organization","name":"A Nova Peneira","url":"https:\/\/www.anovapeneira.gal\/","logo":{"@type":"ImageObject","inLanguage":"gl-ES","@id":"https:\/\/www.anovapeneira.gal\/#\/schema\/logo\/image\/","url":"http:\/\/www.anovapeneira.gal\/wp-content\/uploads\/2019\/06\/logo_a_nova_peneira_portal_web.png","contentUrl":"http:\/\/www.anovapeneira.gal\/wp-content\/uploads\/2019\/06\/logo_a_nova_peneira_portal_web.png","width":300,"height":100,"caption":"A Nova Peneira"},"image":{"@id":"https:\/\/www.anovapeneira.gal\/#\/schema\/logo\/image\/"},"sameAs":["https:\/\/www.facebook.com\/anovapeneira","https:\/\/x.com\/APeneira"]},{"@type":"Person","@id":"https:\/\/www.anovapeneira.gal\/#\/schema\/person\/b93e3f8932e3f8da96334607eb6ac6aa","name":"Redacci\u00f3n A Nova Peneira","image":{"@type":"ImageObject","inLanguage":"gl-ES","@id":"https:\/\/secure.gravatar.com\/avatar\/c052a2551a06e23fac63626232eaa90abd78dbcf1700fc46a2b2c89fd27b735f?s=96&d=mm&r=g","url":"https:\/\/secure.gravatar.com\/avatar\/c052a2551a06e23fac63626232eaa90abd78dbcf1700fc46a2b2c89fd27b735f?s=96&d=mm&r=g","contentUrl":"https:\/\/secure.gravatar.com\/avatar\/c052a2551a06e23fac63626232eaa90abd78dbcf1700fc46a2b2c89fd27b735f?s=96&d=mm&r=g","caption":"Redacci\u00f3n A Nova Peneira"},"sameAs":["http:\/\/www.anovapeneira.gal\/"],"url":"https:\/\/www.anovapeneira.gal\/index.php\/author\/redactor\/"}]}},"jetpack_featured_media_url":"https:\/\/www.anovapeneira.gal\/wp-content\/uploads\/2022\/11\/coidados_porta_a_porta.jpg","_links":{"self":[{"href":"https:\/\/www.anovapeneira.gal\/index.php\/wp-json\/wp\/v2\/posts\/8557","targetHints":{"allow":["GET"]}}],"collection":[{"href":"https:\/\/www.anovapeneira.gal\/index.php\/wp-json\/wp\/v2\/posts"}],"about":[{"href":"https:\/\/www.anovapeneira.gal\/index.php\/wp-json\/wp\/v2\/types\/post"}],"author":[{"embeddable":true,"href":"https:\/\/www.anovapeneira.gal\/index.php\/wp-json\/wp\/v2\/users\/3"}],"replies":[{"embeddable":true,"href":"https:\/\/www.anovapeneira.gal\/index.php\/wp-json\/wp\/v2\/comments?post=8557"}],"version-history":[{"count":1,"href":"https:\/\/www.anovapeneira.gal\/index.php\/wp-json\/wp\/v2\/posts\/8557\/revisions"}],"predecessor-version":[{"id":8558,"href":"https:\/\/www.anovapeneira.gal\/index.php\/wp-json\/wp\/v2\/posts\/8557\/revisions\/8558"}],"wp:featuredmedia":[{"embeddable":true,"href":"https:\/\/www.anovapeneira.gal\/index.php\/wp-json\/wp\/v2\/media\/8559"}],"wp:attachment":[{"href":"https:\/\/www.anovapeneira.gal\/index.php\/wp-json\/wp\/v2\/media?parent=8557"}],"wp:term":[{"taxonomy":"category","embeddable":true,"href":"https:\/\/www.anovapeneira.gal\/index.php\/wp-json\/wp\/v2\/categories?post=8557"},{"taxonomy":"post_tag","embeddable":true,"href":"https:\/\/www.anovapeneira.gal\/index.php\/wp-json\/wp\/v2\/tags?post=8557"}],"curies":[{"name":"wp","href":"https:\/\/api.w.org\/{rel}","templated":true}]}}