{"id":8566,"date":"2022-11-17T12:00:23","date_gmt":"2022-11-17T11:00:23","guid":{"rendered":"https:\/\/www.anovapeneira.gal\/?p=8566"},"modified":"2022-11-14T10:33:07","modified_gmt":"2022-11-14T09:33:07","slug":"a-asociacion-de-salvaterrenses-en-buenos-aires-celebra-101-anos-de-historia","status":"publish","type":"post","link":"https:\/\/www.anovapeneira.gal\/index.php\/2022\/11\/17\/a-asociacion-de-salvaterrenses-en-buenos-aires-celebra-101-anos-de-historia\/","title":{"rendered":"A asociaci\u00f3n de salvaterrenses en Buenos Aires celebra 101 anos de historia"},"content":{"rendered":"\n<p><strong>O 14 de agosto de 1921 un grupo de salvaterrenses encabezados por Manuel Puente, que como tantos galegos e galegas ao longo da nosa historia tiveron que padecer o drama da emigraci\u00f3n, na capital de Arxentina fundaban a asociaci\u00f3n de residentes de Salvaterra de Mi\u00f1o en Buenos Aires. Hoxe, m\u00e1is dun s\u00e9culo despois , a asociaci\u00f3n mant\u00e9n o seu latexo con afouteza ao abeiro de m\u00e1is de 300 socios e socias que , con grandes esforzos, son capaces de que un curruncho de Salvaterra de Mi\u00f1o estea vivo a ,m\u00e1is de 10.000 Kmts de distancia desta fermosa vila do pa\u00eds galego. A asociaci\u00f3n naceu coa intenci\u00f3n de axudar \u00e1 veci\u00f1anza de Salvaterra que tivera necesidade de axuda, e con esa finalidade compraron o terreo e constru\u00edron a antiga casa do pobo , a actual casa da m\u00fasica. Esta edificaci\u00f3n foille roubada, literalmente roubada no ano 1936 polo estado franquista, que incautou a casa a cambio de nada. O actual presidente da asociaci\u00f3n, Jos\u00e9 Garc\u00eda Barros, laiase do desleixo do goberno municipal que deixou en saco roto supostas promesas do anterior alcalde para compensarlles economicamente polo roubo e non s\u00f3 iso, sen\u00f3n que nin sequera lles informou da inauguraci\u00f3n do que hoxe \u00e9 a casa da m\u00fasica.<\/strong><\/p>\n\n\n\n<p><strong>Jos\u00e9 Garc\u00eda presidente da asociaci\u00f3n de residentes de Salvaterra de Mi\u00f1o en Buenos Aires<\/strong><\/p>\n\n\n\n<p>\u201c<strong>\u00c9 de xustiza que as novas xeraci\u00f3ns de Salvaterra co\u00f1ezan a nosa historia: A actual casa da m\u00fasica foi unha construci\u00f3n pagada pola nosa asociaci\u00f3n coa intenci\u00f3n de axudar \u00e1s persoas necesitadas de Salvaterra, que nos foi roubada, literalmente roubada no ano 1936, e pola que nunca recibimos a m\u00e1is m\u00ednima compensaci\u00f3n. E o m\u00e1is doloroso \u00e9 que o actual goberno municipal nin contou con n\u00f3s para nada, nin se molestaron en informarnos de nada referente a unha propiedade que existe grazas \u00e1 nosa asociaci\u00f3n\u201d<\/strong><\/p>\n\n\n\n<p><strong>Ti naciches en Salvaterra Jose?<\/strong><\/p>\n\n\n\n<blockquote class=\"wp-block-quote is-layout-flow wp-block-quote-is-layout-flow\"><p>Si, nac\u00edn na parroquia de Meder en 1951.E funme para Arxentina sendo a\u00ednda un neno, en 1957<\/p><\/blockquote>\n\n\n\n<p><strong>Con quen te fuches?<\/strong><\/p>\n\n\n\n<blockquote class=\"wp-block-quote is-layout-flow wp-block-quote-is-layout-flow\"><p>Coa mi\u00f1a nai e coa mi\u00f1a irm\u00e1 un ano maior ca min. Fomos a xuntarnos co meu pai que xa se marchara moi pouco tempo despois de ter nacido eu.<\/p><\/blockquote>\n\n\n\n<p><strong>Xa fixeches a t\u00faa vida na Arxentina?<\/strong><\/p>\n\n\n\n<blockquote class=\"wp-block-quote is-layout-flow wp-block-quote-is-layout-flow\"><p>Si, estudei, traballei e formei unha familia aqu\u00ed. Sempre estiven no sector do metal, de feito retireime o ano pasado despois de 48 anos na mesma empresa. A \u00faltima vez que estiven en Galicia foi hai 12 anos, antes , tiven a sorte de poder ver \u00e1 mi\u00f1a avoa, 35 anos despois de ter emigrado de Salvaterra<\/p><\/blockquote>\n\n\n\n<p><strong>Caramba , que emocionante?<\/strong><\/p>\n\n\n\n<blockquote class=\"wp-block-quote is-layout-flow wp-block-quote-is-layout-flow\"><p>Absolutamente. Ademais tiven a oportunidade de levarlle aos meus dous fillos para que co\u00f1ecesen \u00e1 s\u00faa avoa e foi un encontro realmente precioso<\/p><\/blockquote>\n\n\n\n<p><strong>Cando entraches en contacto coa asociaci\u00f3n?<\/strong><\/p>\n\n\n\n<blockquote class=\"wp-block-quote is-layout-flow wp-block-quote-is-layout-flow\"><p>A trav\u00e9s de Neter Mari\u00f1o, un t\u00edo meu cuxo pai fora alcalde de Salvaterra na d\u00e9cada dos anos 20 do s\u00e9culo pasado, e de Ricardo Dom\u00ednguez, que foi presidente antes ca min<\/p><\/blockquote>\n\n\n\n<p><strong>Os anos 20 do s\u00e9culo XX foron importantes para asociaci\u00f3n, verdade?<\/strong><\/p>\n\n\n\n<blockquote class=\"wp-block-quote is-layout-flow wp-block-quote-is-layout-flow\"><p>Si, foi a \u00e9poca na que se mercou o terreo en Salvaterra na que se constru\u00edu o que daquela era a casa do pobo e hoxe \u00e9 a casa da m\u00fasica. Esa casa, comprada na \u00e9poca de Manuel Puente, o noso presidente e fundador, era propiedade da nosa asociaci\u00f3n ata que nola expropiaron<\/p><\/blockquote>\n\n\n\n<p><strong>Quen vola expropiou?<\/strong><\/p>\n\n\n\n<blockquote class=\"wp-block-quote is-layout-flow wp-block-quote-is-layout-flow\"><p>O r\u00e9xime franquista. Isto foi no ano 36, pronto far\u00e1 100 anos do roubo que nos fixeron. E malia termos todos os documentos, planos contrato co construtor e escritura da propiedade, e pasarmos por todo tipo de congostras nunca puidemos rescatar a propiedade incautada.<\/p><\/blockquote>\n\n\n\n<p><strong>Antes de expropi\u00e1rvola que uso lle dabades a esa edificaci\u00f3n?<\/strong><\/p>\n\n\n\n<blockquote class=\"wp-block-quote is-layout-flow wp-block-quote-is-layout-flow\"><p>Faciamos beneficencia para o pobo de Salvaterra. Eu te\u00f1o os libros de actas de todos os cartos que mandaba a nosa sociedade para atender as necesidades das persoas m\u00e1is desfavorecidas do noso pobo de orixe. N\u00f3s fomos unha sociedade moi potente, f\u00edxate que ata o ano 1966 tivemos rexistrados 1.000 socios<\/p><\/blockquote>\n\n\n\n<p><strong>S\u00f3 faciades beneficencia coa xente de Salvaterra?<\/strong><\/p>\n\n\n\n<blockquote class=\"wp-block-quote is-layout-flow wp-block-quote-is-layout-flow\"><p>E cos salvaterrenses que chegaban aqu\u00ed tam\u00e9n .O noso presidente, Manuel Puente, ocup\u00e1base de conseguir traballo e aloxamento para as persoas de Salvaterra que vi\u00f1an aqu\u00ed e non o ti\u00f1an<\/p><\/blockquote>\n\n\n\n<p><strong>Actualmente cantos socios tedes?<\/strong><\/p>\n\n\n\n<blockquote class=\"wp-block-quote is-layout-flow wp-block-quote-is-layout-flow\"><p>Algo m\u00e1is de 300.A nosa vontade sempre foi ir progresando, de feito estivemos moitos anos sen termos un local f\u00edsico e foi algo, que con moito esforzo, puidemos facer no ano 2007.O noso grupo de socios \u00e9 marabilloso e colaboran desinteresadamente de maneira admirable. Para n\u00f3s a nosa casa \u00e9 un anaco de Salvaterra, o noso anaco de Salvaterra, no mundo. De feito cando dous socios quedan al\u00ed todos din o mesmo\u201d quedamos en Salvaterra\u201d<\/p><\/blockquote>\n\n\n\n<p><strong>Cales son as principais actividades que desenvolve a sociedade?<\/strong><\/p>\n\n\n\n<blockquote class=\"wp-block-quote is-layout-flow wp-block-quote-is-layout-flow\"><p>Estivemos dous anos pechados, coincidindo coa pandemia. Agora estamos retomando as nosas principais actividades que basicamente te\u00f1en que ver coa cultura e as tradici\u00f3ns do noso lugar de orixe: Baile galego, gaitas, pintura&#8230;A nosa finalidade consiste en colaborar en proporcionarlle benestar aos nosos socios e socias.<\/p><\/blockquote>\n\n\n\n<p><strong>Inicialmente a sociedade ti\u00f1a outro nome non?<\/strong><\/p>\n\n\n\n<blockquote class=\"wp-block-quote is-layout-flow wp-block-quote-is-layout-flow\"><p>Si, Uni\u00f3n progresista do distrito de Salvaterra de Mi\u00f1o, as\u00ed foi fundada e as\u00ed viviu ata que nunha asemblea no ano 1998 acordouse cambiar o nome polo que temos na actualidade.<\/p><\/blockquote>\n\n\n\n<p><strong>Que tal se porta o Concello de Salvaterra con v\u00f3s?<\/strong><\/p>\n\n\n\n<blockquote class=\"wp-block-quote is-layout-flow wp-block-quote-is-layout-flow\"><p>Ign\u00f3ranos totalmente<\/p><\/blockquote>\n\n\n\n<p><strong>Pero esa situaci\u00f3n acontece desde cando?<\/strong><\/p>\n\n\n\n<blockquote class=\"wp-block-quote is-layout-flow wp-block-quote-is-layout-flow\"><p>Desde a \u00faltima etapa de goberno de Arturo Grandal. Fac\u00edanos moitas promesas e todo se quedaba en promesas. Coa actual alcaldesa non \u00e9 que te\u00f1amos mala relaci\u00f3n, de feito sempre nos atende de maneira cordial. Pero a promesa de reco\u00f1ecer os nosos dereitos sobre a casa da m\u00fasica e de recompensarnos de algunha maneira quedou, lamentablemente, en nada. E o que m\u00e1is me doeu foi que a inauguraci\u00f3n da casa da m\u00fasica f\u00edxose sen avisarnos. Eu s\u00f3ubeno por terceiras persoas e cando o resto de socios co\u00f1eceu a nova sent\u00edronse terriblemente decepcionados. A implicaci\u00f3n do goberno de Salvaterra , na actualidade, \u00e9 inexistente.<\/p><\/blockquote>\n\n\n\n<p><strong>Cales son as principais necesidades e problemas que ten a comunidade de salvaterrenses en Buenos Aires<\/strong>?<\/p>\n\n\n\n<blockquote class=\"wp-block-quote is-layout-flow wp-block-quote-is-layout-flow\"><p>Son problemas puramente econ\u00f3micos. Arxentina est\u00e1 pasando por momentos moi dif\u00edciles e maior\u00eda de socios son persoas maiores que viven dunha renda pequena co que a captaci\u00f3n de recursos econ\u00f3micos resulta enormemente complicada.<\/p><\/blockquote>\n\n\n\n<p><strong>Cando as persoas da t\u00faa xeraci\u00f3n xa non esteades temos relevo?, hai persoas de 30 ou 40 anos que poidan ter interese en seguiren dirixindo \u00e1 asociaci\u00f3n?<\/strong><\/p>\n\n\n\n<blockquote class=\"wp-block-quote is-layout-flow wp-block-quote-is-layout-flow\"><p>Si, hai fillos e netos que na actualidade son socios sabemos que te\u00f1en moita ilusi\u00f3n en continuar cunha instituci\u00f3n que xa ten 101 anos de historia<\/p><\/blockquote>\n","protected":false},"excerpt":{"rendered":"<div class=\"mh-excerpt\"><p>O 14 de agosto de 1921 un grupo de salvaterrenses encabezados por Manuel Puente, que como tantos galegos e galegas ao longo da nosa historia tiveron que padecer o drama da emigraci\u00f3n, na capital de Arxentina fundaban a asociaci\u00f3n de residentes de Salvaterra de Mi\u00f1o en Buenos Aires <a class=\"mh-excerpt-more\" href=\"https:\/\/www.anovapeneira.gal\/index.php\/2022\/11\/17\/a-asociacion-de-salvaterrenses-en-buenos-aires-celebra-101-anos-de-historia\/\" title=\"A asociaci\u00f3n de salvaterrenses en Buenos Aires celebra 101 anos de historia\">[&#8230;]<\/a><\/p>\n<\/div>","protected":false},"author":3,"featured_media":8568,"comment_status":"open","ping_status":"open","sticky":false,"template":"","format":"standard","meta":{"_exactmetrics_skip_tracking":false,"_exactmetrics_sitenote_active":false,"_exactmetrics_sitenote_note":"","_exactmetrics_sitenote_category":0,"footnotes":""},"categories":[267],"tags":[186],"class_list":{"0":"post-8566","1":"post","2":"type-post","3":"status-publish","4":"format-standard","5":"has-post-thumbnail","7":"category-condado-entrevistas","8":"tag-concello-de-salvaterra-do-mino"},"yoast_head":"<!-- This site is optimized with the Yoast SEO plugin v27.4 - https:\/\/yoast.com\/product\/yoast-seo-wordpress\/ -->\n<title>A asociaci\u00f3n de salvaterrenses en Buenos Aires celebra 101 anos de historia -<\/title>\n<meta name=\"description\" content=\"O 14 de agosto de 1921 un grupo de salvaterrenses encabezados por Manuel Puente, que como tantos galegos e galegas ao longo da nosa historia tiveron que padecer o drama da emigraci\u00f3n, na capital de Arxentina fundaban a asociaci\u00f3n de residentes de Salvaterra de Mi\u00f1o en Buenos Aires\" \/>\n<meta name=\"robots\" content=\"index, follow, max-snippet:-1, max-image-preview:large, max-video-preview:-1\" \/>\n<link rel=\"canonical\" href=\"https:\/\/www.anovapeneira.gal\/index.php\/2022\/11\/17\/a-asociacion-de-salvaterrenses-en-buenos-aires-celebra-101-anos-de-historia\/\" \/>\n<meta property=\"og:locale\" content=\"gl_ES\" \/>\n<meta property=\"og:type\" content=\"article\" \/>\n<meta property=\"og:title\" content=\"A asociaci\u00f3n de salvaterrenses en Buenos Aires celebra 101 anos de historia -\" \/>\n<meta property=\"og:description\" content=\"O 14 de agosto de 1921 un grupo de salvaterrenses encabezados por Manuel Puente, que como tantos galegos e galegas ao longo da nosa historia tiveron que padecer o drama da emigraci\u00f3n, na capital de Arxentina fundaban a asociaci\u00f3n de residentes de Salvaterra de Mi\u00f1o en Buenos Aires\" \/>\n<meta property=\"og:url\" content=\"https:\/\/www.anovapeneira.gal\/index.php\/2022\/11\/17\/a-asociacion-de-salvaterrenses-en-buenos-aires-celebra-101-anos-de-historia\/\" \/>\n<meta property=\"article:publisher\" content=\"https:\/\/www.facebook.com\/anovapeneira\" \/>\n<meta property=\"article:published_time\" content=\"2022-11-17T11:00:23+00:00\" \/>\n<meta property=\"og:image\" content=\"https:\/\/www.anovapeneira.gal\/wp-content\/uploads\/2022\/11\/jose_garcia_bos_aires.jpg\" \/>\n\t<meta property=\"og:image:width\" content=\"720\" \/>\n\t<meta property=\"og:image:height\" content=\"432\" \/>\n\t<meta property=\"og:image:type\" content=\"image\/jpeg\" \/>\n<meta name=\"author\" content=\"Redacci\u00f3n A Nova Peneira\" \/>\n<meta name=\"twitter:card\" content=\"summary_large_image\" \/>\n<meta name=\"twitter:creator\" content=\"@APeneira\" \/>\n<meta name=\"twitter:site\" content=\"@APeneira\" \/>\n<meta name=\"twitter:label1\" content=\"Escrito por\" \/>\n\t<meta name=\"twitter:data1\" content=\"Redacci\u00f3n A Nova Peneira\" \/>\n\t<meta name=\"twitter:label2\" content=\"Tempo de lectura\" \/>\n\t<meta name=\"twitter:data2\" content=\"6 minutos\" \/>\n<script type=\"application\/ld+json\" class=\"yoast-schema-graph\">{\"@context\":\"https:\\\/\\\/schema.org\",\"@graph\":[{\"@type\":\"Article\",\"@id\":\"https:\\\/\\\/www.anovapeneira.gal\\\/index.php\\\/2022\\\/11\\\/17\\\/a-asociacion-de-salvaterrenses-en-buenos-aires-celebra-101-anos-de-historia\\\/#article\",\"isPartOf\":{\"@id\":\"https:\\\/\\\/www.anovapeneira.gal\\\/index.php\\\/2022\\\/11\\\/17\\\/a-asociacion-de-salvaterrenses-en-buenos-aires-celebra-101-anos-de-historia\\\/\"},\"author\":{\"name\":\"Redacci\u00f3n A Nova Peneira\",\"@id\":\"https:\\\/\\\/www.anovapeneira.gal\\\/#\\\/schema\\\/person\\\/b93e3f8932e3f8da96334607eb6ac6aa\"},\"headline\":\"A asociaci\u00f3n de salvaterrenses en Buenos Aires celebra 101 anos de historia\",\"datePublished\":\"2022-11-17T11:00:23+00:00\",\"mainEntityOfPage\":{\"@id\":\"https:\\\/\\\/www.anovapeneira.gal\\\/index.php\\\/2022\\\/11\\\/17\\\/a-asociacion-de-salvaterrenses-en-buenos-aires-celebra-101-anos-de-historia\\\/\"},\"wordCount\":1171,\"commentCount\":0,\"publisher\":{\"@id\":\"https:\\\/\\\/www.anovapeneira.gal\\\/#organization\"},\"image\":{\"@id\":\"https:\\\/\\\/www.anovapeneira.gal\\\/index.php\\\/2022\\\/11\\\/17\\\/a-asociacion-de-salvaterrenses-en-buenos-aires-celebra-101-anos-de-historia\\\/#primaryimage\"},\"thumbnailUrl\":\"https:\\\/\\\/www.anovapeneira.gal\\\/wp-content\\\/uploads\\\/2022\\\/11\\\/jose_garcia_bos_aires.jpg\",\"keywords\":[\"Concello de Salvaterra do Mi\u00f1o\"],\"articleSection\":[\"Condado\"],\"inLanguage\":\"gl-ES\",\"potentialAction\":[{\"@type\":\"CommentAction\",\"name\":\"Comment\",\"target\":[\"https:\\\/\\\/www.anovapeneira.gal\\\/index.php\\\/2022\\\/11\\\/17\\\/a-asociacion-de-salvaterrenses-en-buenos-aires-celebra-101-anos-de-historia\\\/#respond\"]}]},{\"@type\":\"WebPage\",\"@id\":\"https:\\\/\\\/www.anovapeneira.gal\\\/index.php\\\/2022\\\/11\\\/17\\\/a-asociacion-de-salvaterrenses-en-buenos-aires-celebra-101-anos-de-historia\\\/\",\"url\":\"https:\\\/\\\/www.anovapeneira.gal\\\/index.php\\\/2022\\\/11\\\/17\\\/a-asociacion-de-salvaterrenses-en-buenos-aires-celebra-101-anos-de-historia\\\/\",\"name\":\"A asociaci\u00f3n de salvaterrenses en Buenos Aires celebra 101 anos de historia -\",\"isPartOf\":{\"@id\":\"https:\\\/\\\/www.anovapeneira.gal\\\/#website\"},\"primaryImageOfPage\":{\"@id\":\"https:\\\/\\\/www.anovapeneira.gal\\\/index.php\\\/2022\\\/11\\\/17\\\/a-asociacion-de-salvaterrenses-en-buenos-aires-celebra-101-anos-de-historia\\\/#primaryimage\"},\"image\":{\"@id\":\"https:\\\/\\\/www.anovapeneira.gal\\\/index.php\\\/2022\\\/11\\\/17\\\/a-asociacion-de-salvaterrenses-en-buenos-aires-celebra-101-anos-de-historia\\\/#primaryimage\"},\"thumbnailUrl\":\"https:\\\/\\\/www.anovapeneira.gal\\\/wp-content\\\/uploads\\\/2022\\\/11\\\/jose_garcia_bos_aires.jpg\",\"datePublished\":\"2022-11-17T11:00:23+00:00\",\"description\":\"O 14 de agosto de 1921 un grupo de salvaterrenses encabezados por Manuel Puente, que como tantos galegos e galegas ao longo da nosa historia tiveron que padecer o drama da emigraci\u00f3n, na capital de Arxentina fundaban a asociaci\u00f3n de residentes de Salvaterra de Mi\u00f1o en Buenos Aires\",\"breadcrumb\":{\"@id\":\"https:\\\/\\\/www.anovapeneira.gal\\\/index.php\\\/2022\\\/11\\\/17\\\/a-asociacion-de-salvaterrenses-en-buenos-aires-celebra-101-anos-de-historia\\\/#breadcrumb\"},\"inLanguage\":\"gl-ES\",\"potentialAction\":[{\"@type\":\"ReadAction\",\"target\":[\"https:\\\/\\\/www.anovapeneira.gal\\\/index.php\\\/2022\\\/11\\\/17\\\/a-asociacion-de-salvaterrenses-en-buenos-aires-celebra-101-anos-de-historia\\\/\"]}]},{\"@type\":\"ImageObject\",\"inLanguage\":\"gl-ES\",\"@id\":\"https:\\\/\\\/www.anovapeneira.gal\\\/index.php\\\/2022\\\/11\\\/17\\\/a-asociacion-de-salvaterrenses-en-buenos-aires-celebra-101-anos-de-historia\\\/#primaryimage\",\"url\":\"https:\\\/\\\/www.anovapeneira.gal\\\/wp-content\\\/uploads\\\/2022\\\/11\\\/jose_garcia_bos_aires.jpg\",\"contentUrl\":\"https:\\\/\\\/www.anovapeneira.gal\\\/wp-content\\\/uploads\\\/2022\\\/11\\\/jose_garcia_bos_aires.jpg\",\"width\":720,\"height\":432,\"caption\":\"A asociaci\u00f3n de salvaterrenses en Buenos Aires celebra 101 anos de historia\"},{\"@type\":\"BreadcrumbList\",\"@id\":\"https:\\\/\\\/www.anovapeneira.gal\\\/index.php\\\/2022\\\/11\\\/17\\\/a-asociacion-de-salvaterrenses-en-buenos-aires-celebra-101-anos-de-historia\\\/#breadcrumb\",\"itemListElement\":[{\"@type\":\"ListItem\",\"position\":1,\"name\":\"Portada\",\"item\":\"https:\\\/\\\/www.anovapeneira.gal\\\/\"},{\"@type\":\"ListItem\",\"position\":2,\"name\":\"A asociaci\u00f3n de salvaterrenses en Buenos Aires celebra 101 anos de historia\"}]},{\"@type\":\"WebSite\",\"@id\":\"https:\\\/\\\/www.anovapeneira.gal\\\/#website\",\"url\":\"https:\\\/\\\/www.anovapeneira.gal\\\/\",\"name\":\"\",\"description\":\"Xornal galego de informaci\u00f3n xeral Publicaci\u00f3n mensual de novas de Galicia e en especial dos Concellos da sur da provincia de Pontevedra.\",\"publisher\":{\"@id\":\"https:\\\/\\\/www.anovapeneira.gal\\\/#organization\"},\"potentialAction\":[{\"@type\":\"SearchAction\",\"target\":{\"@type\":\"EntryPoint\",\"urlTemplate\":\"https:\\\/\\\/www.anovapeneira.gal\\\/?s={search_term_string}\"},\"query-input\":{\"@type\":\"PropertyValueSpecification\",\"valueRequired\":true,\"valueName\":\"search_term_string\"}}],\"inLanguage\":\"gl-ES\"},{\"@type\":\"Organization\",\"@id\":\"https:\\\/\\\/www.anovapeneira.gal\\\/#organization\",\"name\":\"A Nova Peneira\",\"url\":\"https:\\\/\\\/www.anovapeneira.gal\\\/\",\"logo\":{\"@type\":\"ImageObject\",\"inLanguage\":\"gl-ES\",\"@id\":\"https:\\\/\\\/www.anovapeneira.gal\\\/#\\\/schema\\\/logo\\\/image\\\/\",\"url\":\"http:\\\/\\\/www.anovapeneira.gal\\\/wp-content\\\/uploads\\\/2019\\\/06\\\/logo_a_nova_peneira_portal_web.png\",\"contentUrl\":\"http:\\\/\\\/www.anovapeneira.gal\\\/wp-content\\\/uploads\\\/2019\\\/06\\\/logo_a_nova_peneira_portal_web.png\",\"width\":300,\"height\":100,\"caption\":\"A Nova Peneira\"},\"image\":{\"@id\":\"https:\\\/\\\/www.anovapeneira.gal\\\/#\\\/schema\\\/logo\\\/image\\\/\"},\"sameAs\":[\"https:\\\/\\\/www.facebook.com\\\/anovapeneira\",\"https:\\\/\\\/x.com\\\/APeneira\"]},{\"@type\":\"Person\",\"@id\":\"https:\\\/\\\/www.anovapeneira.gal\\\/#\\\/schema\\\/person\\\/b93e3f8932e3f8da96334607eb6ac6aa\",\"name\":\"Redacci\u00f3n A Nova Peneira\",\"image\":{\"@type\":\"ImageObject\",\"inLanguage\":\"gl-ES\",\"@id\":\"https:\\\/\\\/secure.gravatar.com\\\/avatar\\\/c052a2551a06e23fac63626232eaa90abd78dbcf1700fc46a2b2c89fd27b735f?s=96&d=mm&r=g\",\"url\":\"https:\\\/\\\/secure.gravatar.com\\\/avatar\\\/c052a2551a06e23fac63626232eaa90abd78dbcf1700fc46a2b2c89fd27b735f?s=96&d=mm&r=g\",\"contentUrl\":\"https:\\\/\\\/secure.gravatar.com\\\/avatar\\\/c052a2551a06e23fac63626232eaa90abd78dbcf1700fc46a2b2c89fd27b735f?s=96&d=mm&r=g\",\"caption\":\"Redacci\u00f3n A Nova Peneira\"},\"sameAs\":[\"http:\\\/\\\/www.anovapeneira.gal\\\/\"],\"url\":\"https:\\\/\\\/www.anovapeneira.gal\\\/index.php\\\/author\\\/redactor\\\/\"}]}<\/script>\n<!-- \/ Yoast SEO plugin. -->","yoast_head_json":{"title":"A asociaci\u00f3n de salvaterrenses en Buenos Aires celebra 101 anos de historia -","description":"O 14 de agosto de 1921 un grupo de salvaterrenses encabezados por Manuel Puente, que como tantos galegos e galegas ao longo da nosa historia tiveron que padecer o drama da emigraci\u00f3n, na capital de Arxentina fundaban a asociaci\u00f3n de residentes de Salvaterra de Mi\u00f1o en Buenos Aires","robots":{"index":"index","follow":"follow","max-snippet":"max-snippet:-1","max-image-preview":"max-image-preview:large","max-video-preview":"max-video-preview:-1"},"canonical":"https:\/\/www.anovapeneira.gal\/index.php\/2022\/11\/17\/a-asociacion-de-salvaterrenses-en-buenos-aires-celebra-101-anos-de-historia\/","og_locale":"gl_ES","og_type":"article","og_title":"A asociaci\u00f3n de salvaterrenses en Buenos Aires celebra 101 anos de historia -","og_description":"O 14 de agosto de 1921 un grupo de salvaterrenses encabezados por Manuel Puente, que como tantos galegos e galegas ao longo da nosa historia tiveron que padecer o drama da emigraci\u00f3n, na capital de Arxentina fundaban a asociaci\u00f3n de residentes de Salvaterra de Mi\u00f1o en Buenos Aires","og_url":"https:\/\/www.anovapeneira.gal\/index.php\/2022\/11\/17\/a-asociacion-de-salvaterrenses-en-buenos-aires-celebra-101-anos-de-historia\/","article_publisher":"https:\/\/www.facebook.com\/anovapeneira","article_published_time":"2022-11-17T11:00:23+00:00","og_image":[{"width":720,"height":432,"url":"https:\/\/www.anovapeneira.gal\/wp-content\/uploads\/2022\/11\/jose_garcia_bos_aires.jpg","type":"image\/jpeg"}],"author":"Redacci\u00f3n A Nova Peneira","twitter_card":"summary_large_image","twitter_creator":"@APeneira","twitter_site":"@APeneira","twitter_misc":{"Escrito por":"Redacci\u00f3n A Nova Peneira","Tempo de lectura":"6 minutos"},"schema":{"@context":"https:\/\/schema.org","@graph":[{"@type":"Article","@id":"https:\/\/www.anovapeneira.gal\/index.php\/2022\/11\/17\/a-asociacion-de-salvaterrenses-en-buenos-aires-celebra-101-anos-de-historia\/#article","isPartOf":{"@id":"https:\/\/www.anovapeneira.gal\/index.php\/2022\/11\/17\/a-asociacion-de-salvaterrenses-en-buenos-aires-celebra-101-anos-de-historia\/"},"author":{"name":"Redacci\u00f3n A Nova Peneira","@id":"https:\/\/www.anovapeneira.gal\/#\/schema\/person\/b93e3f8932e3f8da96334607eb6ac6aa"},"headline":"A asociaci\u00f3n de salvaterrenses en Buenos Aires celebra 101 anos de historia","datePublished":"2022-11-17T11:00:23+00:00","mainEntityOfPage":{"@id":"https:\/\/www.anovapeneira.gal\/index.php\/2022\/11\/17\/a-asociacion-de-salvaterrenses-en-buenos-aires-celebra-101-anos-de-historia\/"},"wordCount":1171,"commentCount":0,"publisher":{"@id":"https:\/\/www.anovapeneira.gal\/#organization"},"image":{"@id":"https:\/\/www.anovapeneira.gal\/index.php\/2022\/11\/17\/a-asociacion-de-salvaterrenses-en-buenos-aires-celebra-101-anos-de-historia\/#primaryimage"},"thumbnailUrl":"https:\/\/www.anovapeneira.gal\/wp-content\/uploads\/2022\/11\/jose_garcia_bos_aires.jpg","keywords":["Concello de Salvaterra do Mi\u00f1o"],"articleSection":["Condado"],"inLanguage":"gl-ES","potentialAction":[{"@type":"CommentAction","name":"Comment","target":["https:\/\/www.anovapeneira.gal\/index.php\/2022\/11\/17\/a-asociacion-de-salvaterrenses-en-buenos-aires-celebra-101-anos-de-historia\/#respond"]}]},{"@type":"WebPage","@id":"https:\/\/www.anovapeneira.gal\/index.php\/2022\/11\/17\/a-asociacion-de-salvaterrenses-en-buenos-aires-celebra-101-anos-de-historia\/","url":"https:\/\/www.anovapeneira.gal\/index.php\/2022\/11\/17\/a-asociacion-de-salvaterrenses-en-buenos-aires-celebra-101-anos-de-historia\/","name":"A asociaci\u00f3n de salvaterrenses en Buenos Aires celebra 101 anos de historia -","isPartOf":{"@id":"https:\/\/www.anovapeneira.gal\/#website"},"primaryImageOfPage":{"@id":"https:\/\/www.anovapeneira.gal\/index.php\/2022\/11\/17\/a-asociacion-de-salvaterrenses-en-buenos-aires-celebra-101-anos-de-historia\/#primaryimage"},"image":{"@id":"https:\/\/www.anovapeneira.gal\/index.php\/2022\/11\/17\/a-asociacion-de-salvaterrenses-en-buenos-aires-celebra-101-anos-de-historia\/#primaryimage"},"thumbnailUrl":"https:\/\/www.anovapeneira.gal\/wp-content\/uploads\/2022\/11\/jose_garcia_bos_aires.jpg","datePublished":"2022-11-17T11:00:23+00:00","description":"O 14 de agosto de 1921 un grupo de salvaterrenses encabezados por Manuel Puente, que como tantos galegos e galegas ao longo da nosa historia tiveron que padecer o drama da emigraci\u00f3n, na capital de Arxentina fundaban a asociaci\u00f3n de residentes de Salvaterra de Mi\u00f1o en Buenos Aires","breadcrumb":{"@id":"https:\/\/www.anovapeneira.gal\/index.php\/2022\/11\/17\/a-asociacion-de-salvaterrenses-en-buenos-aires-celebra-101-anos-de-historia\/#breadcrumb"},"inLanguage":"gl-ES","potentialAction":[{"@type":"ReadAction","target":["https:\/\/www.anovapeneira.gal\/index.php\/2022\/11\/17\/a-asociacion-de-salvaterrenses-en-buenos-aires-celebra-101-anos-de-historia\/"]}]},{"@type":"ImageObject","inLanguage":"gl-ES","@id":"https:\/\/www.anovapeneira.gal\/index.php\/2022\/11\/17\/a-asociacion-de-salvaterrenses-en-buenos-aires-celebra-101-anos-de-historia\/#primaryimage","url":"https:\/\/www.anovapeneira.gal\/wp-content\/uploads\/2022\/11\/jose_garcia_bos_aires.jpg","contentUrl":"https:\/\/www.anovapeneira.gal\/wp-content\/uploads\/2022\/11\/jose_garcia_bos_aires.jpg","width":720,"height":432,"caption":"A asociaci\u00f3n de salvaterrenses en Buenos Aires celebra 101 anos de historia"},{"@type":"BreadcrumbList","@id":"https:\/\/www.anovapeneira.gal\/index.php\/2022\/11\/17\/a-asociacion-de-salvaterrenses-en-buenos-aires-celebra-101-anos-de-historia\/#breadcrumb","itemListElement":[{"@type":"ListItem","position":1,"name":"Portada","item":"https:\/\/www.anovapeneira.gal\/"},{"@type":"ListItem","position":2,"name":"A asociaci\u00f3n de salvaterrenses en Buenos Aires celebra 101 anos de historia"}]},{"@type":"WebSite","@id":"https:\/\/www.anovapeneira.gal\/#website","url":"https:\/\/www.anovapeneira.gal\/","name":"","description":"Xornal galego de informaci\u00f3n xeral Publicaci\u00f3n mensual de novas de Galicia e en especial dos Concellos da sur da provincia de Pontevedra.","publisher":{"@id":"https:\/\/www.anovapeneira.gal\/#organization"},"potentialAction":[{"@type":"SearchAction","target":{"@type":"EntryPoint","urlTemplate":"https:\/\/www.anovapeneira.gal\/?s={search_term_string}"},"query-input":{"@type":"PropertyValueSpecification","valueRequired":true,"valueName":"search_term_string"}}],"inLanguage":"gl-ES"},{"@type":"Organization","@id":"https:\/\/www.anovapeneira.gal\/#organization","name":"A Nova Peneira","url":"https:\/\/www.anovapeneira.gal\/","logo":{"@type":"ImageObject","inLanguage":"gl-ES","@id":"https:\/\/www.anovapeneira.gal\/#\/schema\/logo\/image\/","url":"http:\/\/www.anovapeneira.gal\/wp-content\/uploads\/2019\/06\/logo_a_nova_peneira_portal_web.png","contentUrl":"http:\/\/www.anovapeneira.gal\/wp-content\/uploads\/2019\/06\/logo_a_nova_peneira_portal_web.png","width":300,"height":100,"caption":"A Nova Peneira"},"image":{"@id":"https:\/\/www.anovapeneira.gal\/#\/schema\/logo\/image\/"},"sameAs":["https:\/\/www.facebook.com\/anovapeneira","https:\/\/x.com\/APeneira"]},{"@type":"Person","@id":"https:\/\/www.anovapeneira.gal\/#\/schema\/person\/b93e3f8932e3f8da96334607eb6ac6aa","name":"Redacci\u00f3n A Nova Peneira","image":{"@type":"ImageObject","inLanguage":"gl-ES","@id":"https:\/\/secure.gravatar.com\/avatar\/c052a2551a06e23fac63626232eaa90abd78dbcf1700fc46a2b2c89fd27b735f?s=96&d=mm&r=g","url":"https:\/\/secure.gravatar.com\/avatar\/c052a2551a06e23fac63626232eaa90abd78dbcf1700fc46a2b2c89fd27b735f?s=96&d=mm&r=g","contentUrl":"https:\/\/secure.gravatar.com\/avatar\/c052a2551a06e23fac63626232eaa90abd78dbcf1700fc46a2b2c89fd27b735f?s=96&d=mm&r=g","caption":"Redacci\u00f3n A Nova Peneira"},"sameAs":["http:\/\/www.anovapeneira.gal\/"],"url":"https:\/\/www.anovapeneira.gal\/index.php\/author\/redactor\/"}]}},"jetpack_featured_media_url":"https:\/\/www.anovapeneira.gal\/wp-content\/uploads\/2022\/11\/jose_garcia_bos_aires.jpg","_links":{"self":[{"href":"https:\/\/www.anovapeneira.gal\/index.php\/wp-json\/wp\/v2\/posts\/8566","targetHints":{"allow":["GET"]}}],"collection":[{"href":"https:\/\/www.anovapeneira.gal\/index.php\/wp-json\/wp\/v2\/posts"}],"about":[{"href":"https:\/\/www.anovapeneira.gal\/index.php\/wp-json\/wp\/v2\/types\/post"}],"author":[{"embeddable":true,"href":"https:\/\/www.anovapeneira.gal\/index.php\/wp-json\/wp\/v2\/users\/3"}],"replies":[{"embeddable":true,"href":"https:\/\/www.anovapeneira.gal\/index.php\/wp-json\/wp\/v2\/comments?post=8566"}],"version-history":[{"count":1,"href":"https:\/\/www.anovapeneira.gal\/index.php\/wp-json\/wp\/v2\/posts\/8566\/revisions"}],"predecessor-version":[{"id":8567,"href":"https:\/\/www.anovapeneira.gal\/index.php\/wp-json\/wp\/v2\/posts\/8566\/revisions\/8567"}],"wp:featuredmedia":[{"embeddable":true,"href":"https:\/\/www.anovapeneira.gal\/index.php\/wp-json\/wp\/v2\/media\/8568"}],"wp:attachment":[{"href":"https:\/\/www.anovapeneira.gal\/index.php\/wp-json\/wp\/v2\/media?parent=8566"}],"wp:term":[{"taxonomy":"category","embeddable":true,"href":"https:\/\/www.anovapeneira.gal\/index.php\/wp-json\/wp\/v2\/categories?post=8566"},{"taxonomy":"post_tag","embeddable":true,"href":"https:\/\/www.anovapeneira.gal\/index.php\/wp-json\/wp\/v2\/tags?post=8566"}],"curies":[{"name":"wp","href":"https:\/\/api.w.org\/{rel}","templated":true}]}}