{"id":8572,"date":"2022-11-18T12:00:22","date_gmt":"2022-11-18T11:00:22","guid":{"rendered":"https:\/\/www.anovapeneira.gal\/?p=8572"},"modified":"2022-11-14T10:38:43","modified_gmt":"2022-11-14T09:38:43","slug":"patricia-sio-voceira-de-eu-son-porrino","status":"publish","type":"post","link":"https:\/\/www.anovapeneira.gal\/index.php\/2022\/11\/18\/patricia-sio-voceira-de-eu-son-porrino\/","title":{"rendered":"Patricia S\u00edo, voceira de EU SON Porri\u00f1o"},"content":{"rendered":"\n<p><strong>Patricia \u00e9 a voceira de EU Son no concello do Porri\u00f1o. Ela \u00e9 unha muller l\u00facida, valente, sensible, firme na defensa das s\u00faas convicci\u00f3ns e dunha honestidade inquebrantable. Patricia \u00e9 desas persoas que se achegan \u00e1 pol\u00edtica s\u00f3 a contribu\u00edr ao ben com\u00fan .Novamente foi un pracer para min conversar con ela.<\/strong><\/p>\n\n\n\n<p>\u201c <strong>EU Son vai ser un actor esencial nas vindeiras elecci\u00f3ns. municipais do Porri\u00f1o. Imos con toneladas de ilusi\u00f3n, sen ning\u00fan tipo de l\u00edmite e coa firme vontade de servir ao ben com\u00fan da veci\u00f1anza porri\u00f1esa\u201d<\/strong><\/p>\n\n\n\n<p><strong>Patricia, estamos a seis meses dunhas novas elecci\u00f3ns municipais. Val\u00f3rame este mandato que est\u00e1 a piques de acabar. ?<\/strong><\/p>\n\n\n\n<blockquote class=\"wp-block-quote is-layout-flow wp-block-quote-is-layout-flow\"><p>Un mandato practicamente perdido. Primeiro polo desleixo e desidia do anterior Goberno e logo pola ineficacia do actual.<\/p><\/blockquote>\n\n\n\n<p><strong>Cando me falas do anterior Goberno ref\u00edreste aos dous socios de Goberno?<\/strong><\/p>\n\n\n\n<blockquote class=\"wp-block-quote is-layout-flow wp-block-quote-is-layout-flow\"><p>Houbo membros daquel Goberno que o fixeron fenomenal, pero, ao fallar a direcci\u00f3n e non ter un proxecto definido, o seu traballo queda desfeito.<\/p><\/blockquote>\n\n\n\n<blockquote class=\"wp-block-quote is-layout-flow wp-block-quote-is-layout-flow\"><p>Agora, co mandato do PP, hai como unha hiperactividade e unha forma de actuar compulsiva, pero sen moito criterio. Fan moitos anuncios que crean unhas altas expectativas nos veci\u00f1os e veci\u00f1as que logo non se ven cumpridas. Como exemplo, o tema das contratas, non son capaces de controlalas. Nin sequera algo tan b\u00e1sico como a recollida de residuos. No principio do ano empezou unha nova adxudicataria e est\u00e1 a incumprir totalmente o contrato.<\/p><\/blockquote>\n\n\n\n<p><strong>Al\u00e9n do tema dos residuos, d\u00e1me alg\u00fan exemplo m\u00e1is da suposta ineficacia deste novo Goberno?.<\/strong><\/p>\n\n\n\n<blockquote class=\"wp-block-quote is-layout-flow wp-block-quote-is-layout-flow\"><p>O mantemento de zonas verdes e parques p\u00fablicos. Este xa v\u00e9n de moito atr\u00e1s cun problema grave, tanto en seguridade para as crianzas como en est\u00e9tica e limpeza por falta de mantemento. Foi unha suposta medida estrela deste novo Goberno e a\u00ednda non se fixo practicamente nada. Levamos cuns orzamentos prorrogados desde o ano 2018, as\u00ed \u00e9 imposible acometer ningunha mellora.<\/p><\/blockquote>\n\n\n\n<p><strong>Con todo, o PP este ano presentou unha proposta de Orzamentos que foi rexeitada pola oposici\u00f3n, non foron capaces de convencer absolutamente a ningu\u00e9n. V\u00f3s votastes en contra, expl\u00edcame por que a vosa decisi\u00f3n de votar en contra?.<\/strong><\/p>\n\n\n\n<blockquote class=\"wp-block-quote is-layout-flow wp-block-quote-is-layout-flow\"><p>Porque uns orzamentos son unha ferramenta para sacar adiante uns proxectos bos para o concello. Estes orzamentos que presentaron non ti\u00f1an un plan de investimento. A maiores met\u00edan unha operaci\u00f3n de cr\u00e9dito de 9 mill\u00f3ns de euros cando os orzamentos totais do Concello de Porri\u00f1o andan sobre os 18 mill\u00f3ns. Estes 9 mill\u00f3ns primeiro \u00edan a parte e logo integr\u00e1ronse nestes 18. Non imos facer un acto de fe sen que non se especifique que cont\u00edas van para cada proxecto.<\/p><\/blockquote>\n\n\n\n<p><strong>Non estaba claramente especificado para que proxecto \u00edan as partidas de di\u00f1eiro?<\/strong><\/p>\n\n\n\n<blockquote class=\"wp-block-quote is-layout-flow wp-block-quote-is-layout-flow\"><p>Non. Presentaron uns orzamentos que sab\u00edan que non \u00edan sa\u00edr adiante para ter unha escusa, que usan como coartada para vitimizarse . O Concello ten di\u00f1eiro no Banco para facer proxectos polo pobo, pero din que non poden porque non aceptamos os orzamentos.<\/p><\/blockquote>\n\n\n\n<p><strong>E non \u00e9 as\u00ed?<\/strong><\/p>\n\n\n\n<blockquote class=\"wp-block-quote is-layout-flow wp-block-quote-is-layout-flow\"><p>Non, claro que non. Non \u00e9 que non os deixemos, isto \u00e9 unha cousa moi seria e ten que estar explicado e cadrado ao mil\u00edmetro para aprobalo. Non nos poden pedir un acto de fe. Eu Son Porri\u00f1o \u00e9 unha organizaci\u00f3n seria, formada por persoas serias que hai moito tempo que superamos a adolescencia e que esiximos seriedade e rigor na pr\u00e1ctica pol\u00edtica .<\/p><\/blockquote>\n\n\n\n<p><strong>Falando do tema econ\u00f3mico, como est\u00e1 a conta 413?<\/strong><\/p>\n\n\n\n<blockquote class=\"wp-block-quote is-layout-flow wp-block-quote-is-layout-flow\"><p>Ten algo m\u00e1is de catro mill\u00f3ns de euros de facturas impagadas. Moitas facturas de gasto corrente como luz e auga xa poder\u00edan estar abonadas porque non te\u00f1en d\u00fabida de que si se realizou o servizo.<\/p><\/blockquote>\n\n\n\n<p><strong>Como \u00e9 posible que esta conta te\u00f1a facturas de gastos correntes?<\/strong><\/p>\n\n\n\n<blockquote class=\"wp-block-quote is-layout-flow wp-block-quote-is-layout-flow\"><p>O Goberno anterior sacaba da partida de gasto corrente di\u00f1eiro para outros temas. En consecuencia deixaban sen pagar facturas de luz, tel\u00e9fono, ou por exemplo \u00e1 empresa que xestiona a piscina municipal, e pas\u00e1banas a esta conta 413.<\/p><\/blockquote>\n\n\n\n<p><strong>Ent\u00f3n este aumento desmedido da 413 \u00e9 pola mala xesti\u00f3n do Goberno anterior?<\/strong><\/p>\n\n\n\n<blockquote class=\"wp-block-quote is-layout-flow wp-block-quote-is-layout-flow\"><p>Por suposto. Antes tam\u00e9n se fac\u00eda, no mandato de Nelson, algo que o partido socialista cando estaba na oposici\u00f3n criticou, con raz\u00f3n, con moita dureza. Pero que logo, cando accederon ao goberno eles fixeron nun volume moi elevado.<\/p><\/blockquote>\n\n\n\n<p><strong>Crees que o Goberno actual do PP ten a vontade pol\u00edtica de arranxar o asunto da conta 413?<\/strong><\/p>\n\n\n\n<blockquote class=\"wp-block-quote is-layout-flow wp-block-quote-is-layout-flow\"><p>Eles xudicializaron moitos destes expedientes e agora t\u00e9\u00f1eno m\u00e1is complicado de resolver.<\/p><\/blockquote>\n\n\n\n<p><strong>Como est\u00e1 o tema do Centro de transporte en Torneiros?<\/strong><\/p>\n\n\n\n<blockquote class=\"wp-block-quote is-layout-flow wp-block-quote-is-layout-flow\"><p>A principios de setembro asinouse unha acta no Consorcio Da Zona Franca de suspensi\u00f3n temporal de execuci\u00f3n de contrato.<\/p><\/blockquote>\n\n\n\n<blockquote class=\"wp-block-quote is-layout-flow wp-block-quote-is-layout-flow\"><p>N\u00f3s cremos que van esperar a que pasen as elecci\u00f3ns municipais e logo tentar volver, darlle para adiante a este monstruoso proxecto, que metan o estudo na Xunta de Galicia, como un proxecto de interese supramunicipal parecido ao tema do pelotazo de Celta en Tameiga, e pasar por enriba do concello, da administraci\u00f3n e da opini\u00f3n veci\u00f1al.<\/p><\/blockquote>\n\n\n\n<p><strong>Est\u00e1 a facer algo o Goberno actual para solucionar o asunto do lindano?<\/strong><\/p>\n\n\n\n<blockquote class=\"wp-block-quote is-layout-flow wp-block-quote-is-layout-flow\"><p>Nada. A\u00ednda estamos a esperar e preguntamos nun dos \u00faltimos plenos sobre aquela foto, ao principio do mandato, coa Xunta de Galicia, na que anunciaron que hab\u00eda dous mill\u00f3ns para solucionar este problema, pero a\u00ednda non se fixo nada.<\/p><\/blockquote>\n\n\n\n<blockquote class=\"wp-block-quote is-layout-flow wp-block-quote-is-layout-flow\"><p>Te\u00f1en que po\u00f1erse de acordo o Estado e as Xunta de Galicia para solucionar este problema. E se hai vontade pol\u00edtica poder\u00edan ir dando pasos para solucionalo como xa se est\u00e1 a facer noutros lugares<\/p><\/blockquote>\n\n\n\n<p><strong>Por exemplo?<\/strong><\/p>\n\n\n\n<blockquote class=\"wp-block-quote is-layout-flow wp-block-quote-is-layout-flow\"><p>En Sabi\u00f1\u00e1nigo, Huesca, hai unha zona moito m\u00e1is contaminada que aqu\u00ed. Ata se chegou a contaminar al\u00ed a auga das fontes, pero est\u00e1 localizado e van moi ben descontaminando a zona porque al\u00ed si hai vontade pol\u00edtica real de arranxar o problema.<\/p><\/blockquote>\n\n\n\n<p><strong>E o tema do SAF no Porri\u00f1o, como vai?<\/strong><\/p>\n\n\n\n<blockquote class=\"wp-block-quote is-layout-flow wp-block-quote-is-layout-flow\"><p>Moi mal, como en toda Galicia. Aqu\u00ed temos como 70 traballadoras. Externalizouse este servizo estando Barros rexedor sobre o ano 2000. A empresa adxudicataria que temos agora renunciou ao contrato porque van moi \u00e1 baixa e cos incrementos dos custos e a actualizaci\u00f3n das n\u00f3minas \u00edaselles de orzamento.<\/p><\/blockquote>\n\n\n\n<blockquote class=\"wp-block-quote is-layout-flow wp-block-quote-is-layout-flow\"><p>Vemos que todas as adxudicatarias de servizos municipais, tanto en recollida de lixo como as SAF ou noutros servizos, primeiro, est\u00e1n a deteriorar os servizos e despois \u00edndose a pique. Como organizaci\u00f3n pedimos que se volvan a municipalizar estes servizos para poder ofrecer unhas condici\u00f3ns de traballo dignas, uns soldos dignos e dar aos nosos veci\u00f1os e veci\u00f1as uns servizos esenciais axeitados.<\/p><\/blockquote>\n\n\n\n<blockquote class=\"wp-block-quote is-layout-flow wp-block-quote-is-layout-flow\"><p>Ning\u00fan grupo municipal apoia abertamente esta remunicipalizaci\u00f3n, din que non \u00e9 viable. Est\u00e1n a mentir, hai exemplos ao longo do Estado nos que si se fixo e que est\u00e1 a funciona moi ben co que as traballadoras e as familias est\u00e1n moito m\u00e1is contentas.<\/p><\/blockquote>\n\n\n\n<p><strong>O pr\u00f3ximo mes de maio do 2023 hai elecci\u00f3ns municipais. EU Son vai ser actor destas elecci\u00f3ns sen ningunha d\u00fabida non?<\/strong><\/p>\n\n\n\n<blockquote class=\"wp-block-quote is-layout-flow wp-block-quote-is-layout-flow\"><p>Si. Sen ningunha d\u00fabida. Queremos ser unha alternativa con personalidade propia . Non imos facer seguidismo doutras forzas pol\u00edticas de esquerdas. Compartimos algunhas ideas, pero temos o noso propio proxecto.<\/p><\/blockquote>\n\n\n\n<p><strong>Ent\u00f3n EU Son Porri\u00f1o, vaise presentar en Porri\u00f1o de maneira aut\u00f3noma?<\/strong><\/p>\n\n\n\n<blockquote class=\"wp-block-quote is-layout-flow wp-block-quote-is-layout-flow\"><p>Completamente. O noso proxecto est\u00e1 composto por militantes de Esquerda Unida, persoas independentes e estamos abertas a incorporar a m\u00e1is xente ao noso proxecto.<\/p><\/blockquote>\n\n\n\n<p><strong>Vai haber alg\u00fan tipo de confluencia de EU Son Porri\u00f1o con Podemos ou algo parecido?<\/strong><\/p>\n\n\n\n<blockquote class=\"wp-block-quote is-layout-flow wp-block-quote-is-layout-flow\"><p>Non. As persoas que se queiran achegar recibir\u00e9molas cos brazos abertos pero Eu Son Porri\u00f1o \u00e9, como che dixen, unha forza aut\u00f3noma con personalidade e proxecto propio e como tal imos presentarnos a defender a nosa forma de entender O Porri\u00f1o con toda a ilusi\u00f3n e sen ning\u00fan tipo de l\u00edmite.<\/p><\/blockquote>\n\n\n\n<p><strong>Como est\u00e1s de \u00e1nimo Patricia?, vas encabezar a candidatura?<\/strong><\/p>\n\n\n\n<blockquote class=\"wp-block-quote is-layout-flow wp-block-quote-is-layout-flow\"><p>Eu voume a postular e estarei encantada de facelo se os meus compa\u00f1eiros e compa\u00f1eiras me honran coa s\u00faa confianza.<\/p><\/blockquote>\n\n\n\n<p><strong>E as expectativas dos resultados cales son?<\/strong><\/p>\n\n\n\n<blockquote class=\"wp-block-quote is-layout-flow wp-block-quote-is-layout-flow\"><p>O mellor escenario ser\u00eda que o PP non obte\u00f1a a maior\u00eda absoluta. N\u00f3s iremos sen l\u00edmite e a por todas, con toneladas de ilusi\u00f3n e coa firme vontade de servir ao ben com\u00fan para que a esquerda poida participar nun proxecto de futuro no goberno do Porri\u00f1o.<\/p><\/blockquote>\n","protected":false},"excerpt":{"rendered":"<div class=\"mh-excerpt\"><p>Patricia \u00e9 a voceira de EU Son no concello do Porri\u00f1o. Ela \u00e9 unha muller l\u00facida, valente, sensible, firme na defensa das s\u00faas convicci\u00f3ns e dunha honestidade inquebrantable. Patricia \u00e9 desas persoas que se achegan \u00e1 pol\u00edtica s\u00f3 a contribu\u00edr ao ben com\u00fan .Novamente foi un pracer para min conversar con ela <a class=\"mh-excerpt-more\" href=\"https:\/\/www.anovapeneira.gal\/index.php\/2022\/11\/18\/patricia-sio-voceira-de-eu-son-porrino\/\" title=\"Patricia S\u00edo, voceira de EU SON Porri\u00f1o\">[&#8230;]<\/a><\/p>\n<\/div>","protected":false},"author":2,"featured_media":8574,"comment_status":"open","ping_status":"open","sticky":false,"template":"","format":"standard","meta":{"_exactmetrics_skip_tracking":false,"_exactmetrics_sitenote_active":false,"_exactmetrics_sitenote_note":"","_exactmetrics_sitenote_category":0,"footnotes":""},"categories":[265],"tags":[411],"class_list":{"0":"post-8572","1":"post","2":"type-post","3":"status-publish","4":"format-standard","5":"has-post-thumbnail","7":"category-a-lourina-entrevistas","8":"tag-concello-do-porrino"},"yoast_head":"<!-- This site is optimized with the Yoast SEO plugin v27.4 - https:\/\/yoast.com\/product\/yoast-seo-wordpress\/ -->\n<title>Patricia S\u00edo, voceira de EU SON Porri\u00f1o -<\/title>\n<meta name=\"description\" content=\"Patricia \u00e9 a voceira de EU Son no concello do Porri\u00f1o. Ela \u00e9 unha muller l\u00facida, valente, sensible, firme na defensa das s\u00faas convicci\u00f3ns e dunha honestidade inquebrantable. Patricia \u00e9 desas persoas que se achegan \u00e1 pol\u00edtica s\u00f3 a contribu\u00edr ao ben com\u00fan .Novamente foi un pracer para min conversar con ela\" \/>\n<meta name=\"robots\" content=\"index, follow, max-snippet:-1, max-image-preview:large, max-video-preview:-1\" \/>\n<link rel=\"canonical\" href=\"https:\/\/www.anovapeneira.gal\/index.php\/2022\/11\/18\/patricia-sio-voceira-de-eu-son-porrino\/\" \/>\n<meta property=\"og:locale\" content=\"gl_ES\" \/>\n<meta property=\"og:type\" content=\"article\" \/>\n<meta property=\"og:title\" content=\"Patricia S\u00edo, voceira de EU SON Porri\u00f1o -\" \/>\n<meta property=\"og:description\" content=\"Patricia \u00e9 a voceira de EU Son no concello do Porri\u00f1o. Ela \u00e9 unha muller l\u00facida, valente, sensible, firme na defensa das s\u00faas convicci\u00f3ns e dunha honestidade inquebrantable. Patricia \u00e9 desas persoas que se achegan \u00e1 pol\u00edtica s\u00f3 a contribu\u00edr ao ben com\u00fan .Novamente foi un pracer para min conversar con ela\" \/>\n<meta property=\"og:url\" content=\"https:\/\/www.anovapeneira.gal\/index.php\/2022\/11\/18\/patricia-sio-voceira-de-eu-son-porrino\/\" \/>\n<meta property=\"article:publisher\" content=\"https:\/\/www.facebook.com\/anovapeneira\" \/>\n<meta property=\"article:published_time\" content=\"2022-11-18T11:00:22+00:00\" \/>\n<meta property=\"og:image\" content=\"https:\/\/www.anovapeneira.gal\/wp-content\/uploads\/2022\/11\/patricia_sio.jpg\" \/>\n\t<meta property=\"og:image:width\" content=\"720\" \/>\n\t<meta property=\"og:image:height\" content=\"432\" \/>\n\t<meta property=\"og:image:type\" content=\"image\/jpeg\" \/>\n<meta name=\"author\" content=\"Tino Lago\" \/>\n<meta name=\"twitter:card\" content=\"summary_large_image\" \/>\n<meta name=\"twitter:creator\" content=\"@APeneira\" \/>\n<meta name=\"twitter:site\" content=\"@APeneira\" \/>\n<meta name=\"twitter:label1\" content=\"Escrito por\" \/>\n\t<meta name=\"twitter:data1\" content=\"Tino Lago\" \/>\n\t<meta name=\"twitter:label2\" content=\"Tempo de lectura\" \/>\n\t<meta name=\"twitter:data2\" content=\"8 minutos\" \/>\n<script type=\"application\/ld+json\" class=\"yoast-schema-graph\">{\"@context\":\"https:\\\/\\\/schema.org\",\"@graph\":[{\"@type\":\"Article\",\"@id\":\"https:\\\/\\\/www.anovapeneira.gal\\\/index.php\\\/2022\\\/11\\\/18\\\/patricia-sio-voceira-de-eu-son-porrino\\\/#article\",\"isPartOf\":{\"@id\":\"https:\\\/\\\/www.anovapeneira.gal\\\/index.php\\\/2022\\\/11\\\/18\\\/patricia-sio-voceira-de-eu-son-porrino\\\/\"},\"author\":{\"name\":\"Tino Lago\",\"@id\":\"https:\\\/\\\/www.anovapeneira.gal\\\/#\\\/schema\\\/person\\\/424dfe65e3070fd8a44d22d2c088762a\"},\"headline\":\"Patricia S\u00edo, voceira de EU SON Porri\u00f1o\",\"datePublished\":\"2022-11-18T11:00:22+00:00\",\"mainEntityOfPage\":{\"@id\":\"https:\\\/\\\/www.anovapeneira.gal\\\/index.php\\\/2022\\\/11\\\/18\\\/patricia-sio-voceira-de-eu-son-porrino\\\/\"},\"wordCount\":1454,\"commentCount\":0,\"publisher\":{\"@id\":\"https:\\\/\\\/www.anovapeneira.gal\\\/#organization\"},\"image\":{\"@id\":\"https:\\\/\\\/www.anovapeneira.gal\\\/index.php\\\/2022\\\/11\\\/18\\\/patricia-sio-voceira-de-eu-son-porrino\\\/#primaryimage\"},\"thumbnailUrl\":\"https:\\\/\\\/www.anovapeneira.gal\\\/wp-content\\\/uploads\\\/2022\\\/11\\\/patricia_sio.jpg\",\"keywords\":[\"Concello do Porri\u00f1o\"],\"articleSection\":[\"A Louri\u00f1a\"],\"inLanguage\":\"gl-ES\",\"potentialAction\":[{\"@type\":\"CommentAction\",\"name\":\"Comment\",\"target\":[\"https:\\\/\\\/www.anovapeneira.gal\\\/index.php\\\/2022\\\/11\\\/18\\\/patricia-sio-voceira-de-eu-son-porrino\\\/#respond\"]}]},{\"@type\":\"WebPage\",\"@id\":\"https:\\\/\\\/www.anovapeneira.gal\\\/index.php\\\/2022\\\/11\\\/18\\\/patricia-sio-voceira-de-eu-son-porrino\\\/\",\"url\":\"https:\\\/\\\/www.anovapeneira.gal\\\/index.php\\\/2022\\\/11\\\/18\\\/patricia-sio-voceira-de-eu-son-porrino\\\/\",\"name\":\"Patricia S\u00edo, voceira de EU SON Porri\u00f1o -\",\"isPartOf\":{\"@id\":\"https:\\\/\\\/www.anovapeneira.gal\\\/#website\"},\"primaryImageOfPage\":{\"@id\":\"https:\\\/\\\/www.anovapeneira.gal\\\/index.php\\\/2022\\\/11\\\/18\\\/patricia-sio-voceira-de-eu-son-porrino\\\/#primaryimage\"},\"image\":{\"@id\":\"https:\\\/\\\/www.anovapeneira.gal\\\/index.php\\\/2022\\\/11\\\/18\\\/patricia-sio-voceira-de-eu-son-porrino\\\/#primaryimage\"},\"thumbnailUrl\":\"https:\\\/\\\/www.anovapeneira.gal\\\/wp-content\\\/uploads\\\/2022\\\/11\\\/patricia_sio.jpg\",\"datePublished\":\"2022-11-18T11:00:22+00:00\",\"description\":\"Patricia \u00e9 a voceira de EU Son no concello do Porri\u00f1o. Ela \u00e9 unha muller l\u00facida, valente, sensible, firme na defensa das s\u00faas convicci\u00f3ns e dunha honestidade inquebrantable. Patricia \u00e9 desas persoas que se achegan \u00e1 pol\u00edtica s\u00f3 a contribu\u00edr ao ben com\u00fan .Novamente foi un pracer para min conversar con ela\",\"breadcrumb\":{\"@id\":\"https:\\\/\\\/www.anovapeneira.gal\\\/index.php\\\/2022\\\/11\\\/18\\\/patricia-sio-voceira-de-eu-son-porrino\\\/#breadcrumb\"},\"inLanguage\":\"gl-ES\",\"potentialAction\":[{\"@type\":\"ReadAction\",\"target\":[\"https:\\\/\\\/www.anovapeneira.gal\\\/index.php\\\/2022\\\/11\\\/18\\\/patricia-sio-voceira-de-eu-son-porrino\\\/\"]}]},{\"@type\":\"ImageObject\",\"inLanguage\":\"gl-ES\",\"@id\":\"https:\\\/\\\/www.anovapeneira.gal\\\/index.php\\\/2022\\\/11\\\/18\\\/patricia-sio-voceira-de-eu-son-porrino\\\/#primaryimage\",\"url\":\"https:\\\/\\\/www.anovapeneira.gal\\\/wp-content\\\/uploads\\\/2022\\\/11\\\/patricia_sio.jpg\",\"contentUrl\":\"https:\\\/\\\/www.anovapeneira.gal\\\/wp-content\\\/uploads\\\/2022\\\/11\\\/patricia_sio.jpg\",\"width\":720,\"height\":432,\"caption\":\"Patricia S\u00edo, voceira de EU SON Porri\u00f1o\"},{\"@type\":\"BreadcrumbList\",\"@id\":\"https:\\\/\\\/www.anovapeneira.gal\\\/index.php\\\/2022\\\/11\\\/18\\\/patricia-sio-voceira-de-eu-son-porrino\\\/#breadcrumb\",\"itemListElement\":[{\"@type\":\"ListItem\",\"position\":1,\"name\":\"Portada\",\"item\":\"https:\\\/\\\/www.anovapeneira.gal\\\/\"},{\"@type\":\"ListItem\",\"position\":2,\"name\":\"Patricia S\u00edo, voceira de EU SON Porri\u00f1o\"}]},{\"@type\":\"WebSite\",\"@id\":\"https:\\\/\\\/www.anovapeneira.gal\\\/#website\",\"url\":\"https:\\\/\\\/www.anovapeneira.gal\\\/\",\"name\":\"\",\"description\":\"Xornal galego de informaci\u00f3n xeral Publicaci\u00f3n mensual de novas de Galicia e en especial dos Concellos da sur da provincia de Pontevedra.\",\"publisher\":{\"@id\":\"https:\\\/\\\/www.anovapeneira.gal\\\/#organization\"},\"potentialAction\":[{\"@type\":\"SearchAction\",\"target\":{\"@type\":\"EntryPoint\",\"urlTemplate\":\"https:\\\/\\\/www.anovapeneira.gal\\\/?s={search_term_string}\"},\"query-input\":{\"@type\":\"PropertyValueSpecification\",\"valueRequired\":true,\"valueName\":\"search_term_string\"}}],\"inLanguage\":\"gl-ES\"},{\"@type\":\"Organization\",\"@id\":\"https:\\\/\\\/www.anovapeneira.gal\\\/#organization\",\"name\":\"A Nova Peneira\",\"url\":\"https:\\\/\\\/www.anovapeneira.gal\\\/\",\"logo\":{\"@type\":\"ImageObject\",\"inLanguage\":\"gl-ES\",\"@id\":\"https:\\\/\\\/www.anovapeneira.gal\\\/#\\\/schema\\\/logo\\\/image\\\/\",\"url\":\"http:\\\/\\\/www.anovapeneira.gal\\\/wp-content\\\/uploads\\\/2019\\\/06\\\/logo_a_nova_peneira_portal_web.png\",\"contentUrl\":\"http:\\\/\\\/www.anovapeneira.gal\\\/wp-content\\\/uploads\\\/2019\\\/06\\\/logo_a_nova_peneira_portal_web.png\",\"width\":300,\"height\":100,\"caption\":\"A Nova Peneira\"},\"image\":{\"@id\":\"https:\\\/\\\/www.anovapeneira.gal\\\/#\\\/schema\\\/logo\\\/image\\\/\"},\"sameAs\":[\"https:\\\/\\\/www.facebook.com\\\/anovapeneira\",\"https:\\\/\\\/x.com\\\/APeneira\"]},{\"@type\":\"Person\",\"@id\":\"https:\\\/\\\/www.anovapeneira.gal\\\/#\\\/schema\\\/person\\\/424dfe65e3070fd8a44d22d2c088762a\",\"name\":\"Tino Lago\",\"image\":{\"@type\":\"ImageObject\",\"inLanguage\":\"gl-ES\",\"@id\":\"https:\\\/\\\/secure.gravatar.com\\\/avatar\\\/b3df6a06e44bab3111583b90f0f33a0379ee5e3d22cbadd232d39f21c30c62be?s=96&d=mm&r=g\",\"url\":\"https:\\\/\\\/secure.gravatar.com\\\/avatar\\\/b3df6a06e44bab3111583b90f0f33a0379ee5e3d22cbadd232d39f21c30c62be?s=96&d=mm&r=g\",\"contentUrl\":\"https:\\\/\\\/secure.gravatar.com\\\/avatar\\\/b3df6a06e44bab3111583b90f0f33a0379ee5e3d22cbadd232d39f21c30c62be?s=96&d=mm&r=g\",\"caption\":\"Tino Lago\"},\"sameAs\":[\"http:\\\/\\\/www.anovapeneira.gal\"],\"url\":\"https:\\\/\\\/www.anovapeneira.gal\\\/index.php\\\/author\\\/director\\\/\"}]}<\/script>\n<!-- \/ Yoast SEO plugin. -->","yoast_head_json":{"title":"Patricia S\u00edo, voceira de EU SON Porri\u00f1o -","description":"Patricia \u00e9 a voceira de EU Son no concello do Porri\u00f1o. Ela \u00e9 unha muller l\u00facida, valente, sensible, firme na defensa das s\u00faas convicci\u00f3ns e dunha honestidade inquebrantable. Patricia \u00e9 desas persoas que se achegan \u00e1 pol\u00edtica s\u00f3 a contribu\u00edr ao ben com\u00fan .Novamente foi un pracer para min conversar con ela","robots":{"index":"index","follow":"follow","max-snippet":"max-snippet:-1","max-image-preview":"max-image-preview:large","max-video-preview":"max-video-preview:-1"},"canonical":"https:\/\/www.anovapeneira.gal\/index.php\/2022\/11\/18\/patricia-sio-voceira-de-eu-son-porrino\/","og_locale":"gl_ES","og_type":"article","og_title":"Patricia S\u00edo, voceira de EU SON Porri\u00f1o -","og_description":"Patricia \u00e9 a voceira de EU Son no concello do Porri\u00f1o. Ela \u00e9 unha muller l\u00facida, valente, sensible, firme na defensa das s\u00faas convicci\u00f3ns e dunha honestidade inquebrantable. Patricia \u00e9 desas persoas que se achegan \u00e1 pol\u00edtica s\u00f3 a contribu\u00edr ao ben com\u00fan .Novamente foi un pracer para min conversar con ela","og_url":"https:\/\/www.anovapeneira.gal\/index.php\/2022\/11\/18\/patricia-sio-voceira-de-eu-son-porrino\/","article_publisher":"https:\/\/www.facebook.com\/anovapeneira","article_published_time":"2022-11-18T11:00:22+00:00","og_image":[{"width":720,"height":432,"url":"https:\/\/www.anovapeneira.gal\/wp-content\/uploads\/2022\/11\/patricia_sio.jpg","type":"image\/jpeg"}],"author":"Tino Lago","twitter_card":"summary_large_image","twitter_creator":"@APeneira","twitter_site":"@APeneira","twitter_misc":{"Escrito por":"Tino Lago","Tempo de lectura":"8 minutos"},"schema":{"@context":"https:\/\/schema.org","@graph":[{"@type":"Article","@id":"https:\/\/www.anovapeneira.gal\/index.php\/2022\/11\/18\/patricia-sio-voceira-de-eu-son-porrino\/#article","isPartOf":{"@id":"https:\/\/www.anovapeneira.gal\/index.php\/2022\/11\/18\/patricia-sio-voceira-de-eu-son-porrino\/"},"author":{"name":"Tino Lago","@id":"https:\/\/www.anovapeneira.gal\/#\/schema\/person\/424dfe65e3070fd8a44d22d2c088762a"},"headline":"Patricia S\u00edo, voceira de EU SON Porri\u00f1o","datePublished":"2022-11-18T11:00:22+00:00","mainEntityOfPage":{"@id":"https:\/\/www.anovapeneira.gal\/index.php\/2022\/11\/18\/patricia-sio-voceira-de-eu-son-porrino\/"},"wordCount":1454,"commentCount":0,"publisher":{"@id":"https:\/\/www.anovapeneira.gal\/#organization"},"image":{"@id":"https:\/\/www.anovapeneira.gal\/index.php\/2022\/11\/18\/patricia-sio-voceira-de-eu-son-porrino\/#primaryimage"},"thumbnailUrl":"https:\/\/www.anovapeneira.gal\/wp-content\/uploads\/2022\/11\/patricia_sio.jpg","keywords":["Concello do Porri\u00f1o"],"articleSection":["A Louri\u00f1a"],"inLanguage":"gl-ES","potentialAction":[{"@type":"CommentAction","name":"Comment","target":["https:\/\/www.anovapeneira.gal\/index.php\/2022\/11\/18\/patricia-sio-voceira-de-eu-son-porrino\/#respond"]}]},{"@type":"WebPage","@id":"https:\/\/www.anovapeneira.gal\/index.php\/2022\/11\/18\/patricia-sio-voceira-de-eu-son-porrino\/","url":"https:\/\/www.anovapeneira.gal\/index.php\/2022\/11\/18\/patricia-sio-voceira-de-eu-son-porrino\/","name":"Patricia S\u00edo, voceira de EU SON Porri\u00f1o -","isPartOf":{"@id":"https:\/\/www.anovapeneira.gal\/#website"},"primaryImageOfPage":{"@id":"https:\/\/www.anovapeneira.gal\/index.php\/2022\/11\/18\/patricia-sio-voceira-de-eu-son-porrino\/#primaryimage"},"image":{"@id":"https:\/\/www.anovapeneira.gal\/index.php\/2022\/11\/18\/patricia-sio-voceira-de-eu-son-porrino\/#primaryimage"},"thumbnailUrl":"https:\/\/www.anovapeneira.gal\/wp-content\/uploads\/2022\/11\/patricia_sio.jpg","datePublished":"2022-11-18T11:00:22+00:00","description":"Patricia \u00e9 a voceira de EU Son no concello do Porri\u00f1o. Ela \u00e9 unha muller l\u00facida, valente, sensible, firme na defensa das s\u00faas convicci\u00f3ns e dunha honestidade inquebrantable. Patricia \u00e9 desas persoas que se achegan \u00e1 pol\u00edtica s\u00f3 a contribu\u00edr ao ben com\u00fan .Novamente foi un pracer para min conversar con ela","breadcrumb":{"@id":"https:\/\/www.anovapeneira.gal\/index.php\/2022\/11\/18\/patricia-sio-voceira-de-eu-son-porrino\/#breadcrumb"},"inLanguage":"gl-ES","potentialAction":[{"@type":"ReadAction","target":["https:\/\/www.anovapeneira.gal\/index.php\/2022\/11\/18\/patricia-sio-voceira-de-eu-son-porrino\/"]}]},{"@type":"ImageObject","inLanguage":"gl-ES","@id":"https:\/\/www.anovapeneira.gal\/index.php\/2022\/11\/18\/patricia-sio-voceira-de-eu-son-porrino\/#primaryimage","url":"https:\/\/www.anovapeneira.gal\/wp-content\/uploads\/2022\/11\/patricia_sio.jpg","contentUrl":"https:\/\/www.anovapeneira.gal\/wp-content\/uploads\/2022\/11\/patricia_sio.jpg","width":720,"height":432,"caption":"Patricia S\u00edo, voceira de EU SON Porri\u00f1o"},{"@type":"BreadcrumbList","@id":"https:\/\/www.anovapeneira.gal\/index.php\/2022\/11\/18\/patricia-sio-voceira-de-eu-son-porrino\/#breadcrumb","itemListElement":[{"@type":"ListItem","position":1,"name":"Portada","item":"https:\/\/www.anovapeneira.gal\/"},{"@type":"ListItem","position":2,"name":"Patricia S\u00edo, voceira de EU SON Porri\u00f1o"}]},{"@type":"WebSite","@id":"https:\/\/www.anovapeneira.gal\/#website","url":"https:\/\/www.anovapeneira.gal\/","name":"","description":"Xornal galego de informaci\u00f3n xeral Publicaci\u00f3n mensual de novas de Galicia e en especial dos Concellos da sur da provincia de Pontevedra.","publisher":{"@id":"https:\/\/www.anovapeneira.gal\/#organization"},"potentialAction":[{"@type":"SearchAction","target":{"@type":"EntryPoint","urlTemplate":"https:\/\/www.anovapeneira.gal\/?s={search_term_string}"},"query-input":{"@type":"PropertyValueSpecification","valueRequired":true,"valueName":"search_term_string"}}],"inLanguage":"gl-ES"},{"@type":"Organization","@id":"https:\/\/www.anovapeneira.gal\/#organization","name":"A Nova Peneira","url":"https:\/\/www.anovapeneira.gal\/","logo":{"@type":"ImageObject","inLanguage":"gl-ES","@id":"https:\/\/www.anovapeneira.gal\/#\/schema\/logo\/image\/","url":"http:\/\/www.anovapeneira.gal\/wp-content\/uploads\/2019\/06\/logo_a_nova_peneira_portal_web.png","contentUrl":"http:\/\/www.anovapeneira.gal\/wp-content\/uploads\/2019\/06\/logo_a_nova_peneira_portal_web.png","width":300,"height":100,"caption":"A Nova Peneira"},"image":{"@id":"https:\/\/www.anovapeneira.gal\/#\/schema\/logo\/image\/"},"sameAs":["https:\/\/www.facebook.com\/anovapeneira","https:\/\/x.com\/APeneira"]},{"@type":"Person","@id":"https:\/\/www.anovapeneira.gal\/#\/schema\/person\/424dfe65e3070fd8a44d22d2c088762a","name":"Tino Lago","image":{"@type":"ImageObject","inLanguage":"gl-ES","@id":"https:\/\/secure.gravatar.com\/avatar\/b3df6a06e44bab3111583b90f0f33a0379ee5e3d22cbadd232d39f21c30c62be?s=96&d=mm&r=g","url":"https:\/\/secure.gravatar.com\/avatar\/b3df6a06e44bab3111583b90f0f33a0379ee5e3d22cbadd232d39f21c30c62be?s=96&d=mm&r=g","contentUrl":"https:\/\/secure.gravatar.com\/avatar\/b3df6a06e44bab3111583b90f0f33a0379ee5e3d22cbadd232d39f21c30c62be?s=96&d=mm&r=g","caption":"Tino Lago"},"sameAs":["http:\/\/www.anovapeneira.gal"],"url":"https:\/\/www.anovapeneira.gal\/index.php\/author\/director\/"}]}},"jetpack_featured_media_url":"https:\/\/www.anovapeneira.gal\/wp-content\/uploads\/2022\/11\/patricia_sio.jpg","_links":{"self":[{"href":"https:\/\/www.anovapeneira.gal\/index.php\/wp-json\/wp\/v2\/posts\/8572","targetHints":{"allow":["GET"]}}],"collection":[{"href":"https:\/\/www.anovapeneira.gal\/index.php\/wp-json\/wp\/v2\/posts"}],"about":[{"href":"https:\/\/www.anovapeneira.gal\/index.php\/wp-json\/wp\/v2\/types\/post"}],"author":[{"embeddable":true,"href":"https:\/\/www.anovapeneira.gal\/index.php\/wp-json\/wp\/v2\/users\/2"}],"replies":[{"embeddable":true,"href":"https:\/\/www.anovapeneira.gal\/index.php\/wp-json\/wp\/v2\/comments?post=8572"}],"version-history":[{"count":1,"href":"https:\/\/www.anovapeneira.gal\/index.php\/wp-json\/wp\/v2\/posts\/8572\/revisions"}],"predecessor-version":[{"id":8573,"href":"https:\/\/www.anovapeneira.gal\/index.php\/wp-json\/wp\/v2\/posts\/8572\/revisions\/8573"}],"wp:featuredmedia":[{"embeddable":true,"href":"https:\/\/www.anovapeneira.gal\/index.php\/wp-json\/wp\/v2\/media\/8574"}],"wp:attachment":[{"href":"https:\/\/www.anovapeneira.gal\/index.php\/wp-json\/wp\/v2\/media?parent=8572"}],"wp:term":[{"taxonomy":"category","embeddable":true,"href":"https:\/\/www.anovapeneira.gal\/index.php\/wp-json\/wp\/v2\/categories?post=8572"},{"taxonomy":"post_tag","embeddable":true,"href":"https:\/\/www.anovapeneira.gal\/index.php\/wp-json\/wp\/v2\/tags?post=8572"}],"curies":[{"name":"wp","href":"https:\/\/api.w.org\/{rel}","templated":true}]}}