{"id":8582,"date":"2022-11-17T10:00:26","date_gmt":"2022-11-17T09:00:26","guid":{"rendered":"https:\/\/www.anovapeneira.gal\/?p=8582"},"modified":"2022-11-16T09:21:50","modified_gmt":"2022-11-16T08:21:50","slug":"mulleres-luthieres","status":"publish","type":"post","link":"https:\/\/www.anovapeneira.gal\/index.php\/2022\/11\/17\/mulleres-luthieres\/","title":{"rendered":"Mulleres luthieres"},"content":{"rendered":"\n<figure class=\"wp-block-image size-full is-resized\"><img loading=\"lazy\" decoding=\"async\" src=\"https:\/\/www.anovapeneira.gal\/wp-content\/uploads\/2020\/08\/olga_nogueira_a_nova_peneira_opinion.jpg\" alt=\"Olga Nogueira\" class=\"wp-image-3815\" width=\"95\" height=\"115\"\/><figcaption>Olga\u00a0Nogueira<\/figcaption><\/figure>\n\n\n\n<p>Centos de gaitas, zanfonas e pandeiretas saen de Galiza para o resto do mundo cada ano. E outras tantas se consomen internamente. Muitas feitas por mulleres. Miles de euros. Mais, sobre todo, un capital inxente en artesan\u00eda, patrimonio, identidade, cultura, fixaci\u00f3n de poboaci\u00f3n e sostenibilidade dos nosos montes, dos que sae boa parte da madeira.<\/p>\n\n\n\n<p>De todo isto e m\u00e1is falouse este ver\u00e1n pasado en Tui, no <strong>Resonancias<\/strong>\u201922 (foro profesional que une artistas e construtores de instrumentos, patrocinado pola Fundaci\u00f3n P\u00fablica Artesan\u00eda de Galicia, entre outras entidades) que, nesta edici\u00f3n, incluiu unha mesa redonda sobre \u201cA presenza de mulleres nos obradoiros de instrumentos musicais\u201d. A primeira vez que se propo\u00f1\u00eda un encontro e reflexi\u00f3n sobre as mulleres neste sector, asumidamente masculino. A hora de duraci\u00f3n da mesa non deu para debullar o tanto gran que hab\u00eda na artesa. Mais debullamos, moemos e at\u00e9 amasamos algunha necesaria proposta de mellor para o futuro.<\/p>\n\n\n\n<p>Al\u00ed estiveron Sa\u00ednza Seivane, construtora de gaitas e terceira xeraci\u00f3n do obradoiro m\u00e1is sobranceiro do pa\u00eds; Ana Fari\u00f1a, construtora e reparadora de viol\u00edns e demais instrumentos de corda e Julia Mar\u00edn, construtora de instrumentos de percusi\u00f3n tradicional e restauradora. Tres mulleres que poder\u00edan ter sido outras tres: por exemplo, Lorena Reinaldo, construtora de arpas; Lena Zum Egen, construtora e reparadora de corda frotada ou Patricia Cela, unha das primeiras construtoras de gaitas que nos contou, desde o p\u00fablico, as faltas de respecto coas que tivo que lidar hai m\u00e1is de d\u00faas d\u00e9cadas, e como determinaron que marchase a Newark e mudase a construci\u00f3n de gaitas pola de viol\u00edns. Non queremos que ningunha luthier galega m\u00e1is te\u00f1a que marchar por non se sentir benvida, queremos que muitas mozas se sintan atra\u00eddas a traballar neste sector e que os seus compa\u00f1eiros as acompa\u00f1en.<\/p>\n\n\n\n<p>En vinte anos mudamos muito. Sobre todo n\u00f3s, as mulleres. Mais tam\u00e9n eles, os homes. E desde o p\u00fablico, expostas as dificultades das artes\u00e1s para lanzarse a ese mundo, as dificultades para formarse (son fabas contadas nas escolas), as dificultades para que os entornos familiares as entendan, as dificultades \u00e1 hora de exercer profesionalmente (e ter que insistirlle a ferreteiros, peleteiros e clientes en que si, son elas as que manexan o torno; e si, son elas as que fixeron o instrumento; e si, saben perfectamente o que buscas; e non, non queren ir \u00e1 secci\u00f3n de bricolaxe ou de coci\u00f1a, queren unha broca do 5 e cordel de esparto de 4 mil\u00edmetros, e non, non necesitan que lles expliques para que serve unha broca que iso xa o saben elas, ou sen\u00f3n non estar\u00eda a\u00ed\u201d)\u2026 Mais diciamos que, desde o p\u00fablico, houbo homes luthieres que pediron soluci\u00f3ns para superaren o seu machismo (Obrigadas, compa\u00f1eiros!). E propux\u00e9ronse algunhas melloras, coma esta:<\/p>\n\n\n\n<p>Non se pode ir a unha feira ou mostra de instrumentos e que non haxa ningunha muller expositora. Iso ten que estra\u00f1arlles ao resto de expositores homes. E ten que ser posto en co\u00f1ecemento da organizaci\u00f3n, que ten que solucionalo. Como fixo a organizaci\u00f3n da recente \u201cFoliada da Memoria\u201d, celebrada en Moneixas (Lal\u00edn), cuxo patrocinio da Deputaci\u00f3n de Pontevedra esix\u00eda paridade, polo que a Asociaci\u00f3n de Gaiteiros tivo que buscar tres mulleres artes\u00e1s. E seica lles custou, porque seica non hai, mais abof\u00e9 que hai. Hai que buscalas, visibilizalas, convidalas e acollelas. A paridade, xa que logo, \u00e9 unha ferramenta indispens\u00e1bel e as instituci\u00f3n, e a sociedade, te\u00f1en que seguir apostando por ela.<\/p>\n\n\n\n<p>Sen d\u00fabida, a recente creaci\u00f3n de LABRA (Asociaci\u00f3n Profesional Galega de Construci\u00f3n de Instrumentos Musicais), da que Ana Fari\u00f1a \u00e9 vicepresidenta, e que conta entre os seus obxectivos co \u201cfomento da igualdade de x\u00e9nero no sector\u201d, traer\u00e1 melloras. Para as mulleres e para os homes. Porque moitos labores teranos que acometer xuntos, artes\u00e1ns e artes\u00e1s: como (1) a homologaci\u00f3n nos plans de estudos nas escolas que hai (a da Deputaci\u00f3n de Lugo -actualmente sen ensino-, a da Deputaci\u00f3n de Ourense, a EMAO de Vigo e a do Padroado de Nar\u00f3n); (2) a introduci\u00f3n da artesan\u00eda e a construci\u00f3n de instrumentos dentro das familias da formaci\u00f3n profesional, no ensino medio; (3) a mellora do ciclo da madeira, sobre todo das que nos singularizan no mundo (como o buxo, o teixo, a nogueira, o carballo\u2026 Plantade tantas como poidades, porque lles deixaredes un herdo importante, e non s\u00f3 ecol\u00f3xico sen\u00f3n tam\u00e9n econ\u00f3mico, \u00e1s que ve\u00f1en atr\u00e1s!); (4) a visibilizaci\u00f3n do sector (\u201cnon se ama o que non se co\u00f1ece\u201d) ou (5) a mellora da s\u00faa interlocuci\u00f3n coas administraci\u00f3ns p\u00fablicas, que deber\u00e1n ter conta del e favorecelo, polo valor de patrimonio inmaterial que porta en si, e que se suma, como dicimos, ao econ\u00f3mico.<\/p>\n\n\n\n<p>Tam\u00e9n se fixo fincap\u00e9 en que compren m\u00e1is foros coma este. Foros nos que se lle dea voz a toda a cadea de valor: produtores\/as, profesores\/as, construtores\/as, vendedores\/as e m\u00fasicos\/as. Mais, na mentras, o que si c\u00f3mpre, \u00e9 reco\u00f1ecerlles e agradecerlles aos organizadores das M\u00fasicas no Claustro, Samuel Diz e Beatriz Font\u00e1n, a espita.<\/p>\n\n\n\n<p>Para que un instrumento musical soe ben ten que estar equilibrado. Para que unha sociedade soe ben, homes e mulleres temos que ir da man. Respect\u00e1ndonos e aprendendo uns de outras. A\u00ed estamos e a\u00ed seguiremos. Longa vida \u00e1s mulleres e homes que constr\u00faen. E, agora que se achegan datas de moito consumo, tam\u00e9n \u00e1s e aos que lles compran!<\/p>\n","protected":false},"excerpt":{"rendered":"<div class=\"mh-excerpt\"><p>Centos de gaitas, zanfonas e pandeiretas saen de Galiza para o resto do mundo cada ano. E outras tantas se consomen internamente. Muitas feitas por mulleres. Miles de euros. Mais, sobre todo, un capital inxente en artesan\u00eda, patrimonio, identidade, cultura, fixaci\u00f3n de poboaci\u00f3n e sostenibilidade dos nosos montes, dos que sae boa parte da madeira <a class=\"mh-excerpt-more\" href=\"https:\/\/www.anovapeneira.gal\/index.php\/2022\/11\/17\/mulleres-luthieres\/\" title=\"Mulleres luthieres\">[&#8230;]<\/a><\/p>\n<\/div>","protected":false},"author":32,"featured_media":584,"comment_status":"closed","ping_status":"open","sticky":false,"template":"","format":"standard","meta":{"_exactmetrics_skip_tracking":false,"_exactmetrics_sitenote_active":false,"_exactmetrics_sitenote_note":"","_exactmetrics_sitenote_category":0,"footnotes":""},"categories":[7],"tags":[],"class_list":{"0":"post-8582","1":"post","2":"type-post","3":"status-publish","4":"format-standard","5":"has-post-thumbnail","7":"category-artigos-de-opinion"},"yoast_head":"<!-- This site is optimized with the Yoast SEO plugin v27.4 - https:\/\/yoast.com\/product\/yoast-seo-wordpress\/ -->\n<title>Mulleres luthieres -<\/title>\n<meta name=\"description\" content=\"Centos de gaitas, zanfonas e pandeiretas saen de Galiza para o resto do mundo cada ano. E outras tantas se consomen internamente. Muitas feitas por mulleres\" \/>\n<meta name=\"robots\" content=\"index, follow, max-snippet:-1, max-image-preview:large, max-video-preview:-1\" \/>\n<link rel=\"canonical\" href=\"https:\/\/www.anovapeneira.gal\/index.php\/2022\/11\/17\/mulleres-luthieres\/\" \/>\n<meta property=\"og:locale\" content=\"gl_ES\" \/>\n<meta property=\"og:type\" content=\"article\" \/>\n<meta property=\"og:title\" content=\"Mulleres luthieres -\" \/>\n<meta property=\"og:description\" content=\"Centos de gaitas, zanfonas e pandeiretas saen de Galiza para o resto do mundo cada ano. E outras tantas se consomen internamente. Muitas feitas por mulleres\" \/>\n<meta property=\"og:url\" content=\"https:\/\/www.anovapeneira.gal\/index.php\/2022\/11\/17\/mulleres-luthieres\/\" \/>\n<meta property=\"article:publisher\" content=\"https:\/\/www.facebook.com\/anovapeneira\" \/>\n<meta property=\"article:published_time\" content=\"2022-11-17T09:00:26+00:00\" \/>\n<meta property=\"og:image\" content=\"https:\/\/www.anovapeneira.gal\/wp-content\/uploads\/2019\/07\/ARTIGO_DE_OPINION_A_NOVA_PENEIRA.jpg\" \/>\n\t<meta property=\"og:image:width\" content=\"720\" \/>\n\t<meta property=\"og:image:height\" content=\"473\" \/>\n\t<meta property=\"og:image:type\" content=\"image\/jpeg\" \/>\n<meta name=\"author\" content=\"Olga Pereira\" \/>\n<meta name=\"twitter:card\" content=\"summary_large_image\" \/>\n<meta name=\"twitter:image\" content=\"https:\/\/www.anovapeneira.gal\/wp-content\/uploads\/2019\/07\/ARTIGO_DE_OPINION_A_NOVA_PENEIRA.jpg\" \/>\n<meta name=\"twitter:creator\" content=\"@APeneira\" \/>\n<meta name=\"twitter:site\" content=\"@APeneira\" \/>\n<meta name=\"twitter:label1\" content=\"Escrito por\" \/>\n\t<meta name=\"twitter:data1\" content=\"Olga Pereira\" \/>\n\t<meta name=\"twitter:label2\" content=\"Tempo de lectura\" \/>\n\t<meta name=\"twitter:data2\" content=\"6 minutos\" \/>\n<script type=\"application\/ld+json\" class=\"yoast-schema-graph\">{\"@context\":\"https:\\\/\\\/schema.org\",\"@graph\":[{\"@type\":\"Article\",\"@id\":\"https:\\\/\\\/www.anovapeneira.gal\\\/index.php\\\/2022\\\/11\\\/17\\\/mulleres-luthieres\\\/#article\",\"isPartOf\":{\"@id\":\"https:\\\/\\\/www.anovapeneira.gal\\\/index.php\\\/2022\\\/11\\\/17\\\/mulleres-luthieres\\\/\"},\"author\":{\"name\":\"Olga Pereira\",\"@id\":\"https:\\\/\\\/www.anovapeneira.gal\\\/#\\\/schema\\\/person\\\/8dce297e4546661f4a736af2dfc469bd\"},\"headline\":\"Mulleres luthieres\",\"datePublished\":\"2022-11-17T09:00:26+00:00\",\"mainEntityOfPage\":{\"@id\":\"https:\\\/\\\/www.anovapeneira.gal\\\/index.php\\\/2022\\\/11\\\/17\\\/mulleres-luthieres\\\/\"},\"wordCount\":977,\"publisher\":{\"@id\":\"https:\\\/\\\/www.anovapeneira.gal\\\/#organization\"},\"image\":{\"@id\":\"https:\\\/\\\/www.anovapeneira.gal\\\/index.php\\\/2022\\\/11\\\/17\\\/mulleres-luthieres\\\/#primaryimage\"},\"thumbnailUrl\":\"https:\\\/\\\/www.anovapeneira.gal\\\/wp-content\\\/uploads\\\/2019\\\/07\\\/ARTIGO_DE_OPINION_A_NOVA_PENEIRA.jpg\",\"articleSection\":[\"Artigos de opini\u00f3n\"],\"inLanguage\":\"gl-ES\"},{\"@type\":\"WebPage\",\"@id\":\"https:\\\/\\\/www.anovapeneira.gal\\\/index.php\\\/2022\\\/11\\\/17\\\/mulleres-luthieres\\\/\",\"url\":\"https:\\\/\\\/www.anovapeneira.gal\\\/index.php\\\/2022\\\/11\\\/17\\\/mulleres-luthieres\\\/\",\"name\":\"Mulleres luthieres -\",\"isPartOf\":{\"@id\":\"https:\\\/\\\/www.anovapeneira.gal\\\/#website\"},\"primaryImageOfPage\":{\"@id\":\"https:\\\/\\\/www.anovapeneira.gal\\\/index.php\\\/2022\\\/11\\\/17\\\/mulleres-luthieres\\\/#primaryimage\"},\"image\":{\"@id\":\"https:\\\/\\\/www.anovapeneira.gal\\\/index.php\\\/2022\\\/11\\\/17\\\/mulleres-luthieres\\\/#primaryimage\"},\"thumbnailUrl\":\"https:\\\/\\\/www.anovapeneira.gal\\\/wp-content\\\/uploads\\\/2019\\\/07\\\/ARTIGO_DE_OPINION_A_NOVA_PENEIRA.jpg\",\"datePublished\":\"2022-11-17T09:00:26+00:00\",\"description\":\"Centos de gaitas, zanfonas e pandeiretas saen de Galiza para o resto do mundo cada ano. E outras tantas se consomen internamente. Muitas feitas por mulleres\",\"breadcrumb\":{\"@id\":\"https:\\\/\\\/www.anovapeneira.gal\\\/index.php\\\/2022\\\/11\\\/17\\\/mulleres-luthieres\\\/#breadcrumb\"},\"inLanguage\":\"gl-ES\",\"potentialAction\":[{\"@type\":\"ReadAction\",\"target\":[\"https:\\\/\\\/www.anovapeneira.gal\\\/index.php\\\/2022\\\/11\\\/17\\\/mulleres-luthieres\\\/\"]}]},{\"@type\":\"ImageObject\",\"inLanguage\":\"gl-ES\",\"@id\":\"https:\\\/\\\/www.anovapeneira.gal\\\/index.php\\\/2022\\\/11\\\/17\\\/mulleres-luthieres\\\/#primaryimage\",\"url\":\"https:\\\/\\\/www.anovapeneira.gal\\\/wp-content\\\/uploads\\\/2019\\\/07\\\/ARTIGO_DE_OPINION_A_NOVA_PENEIRA.jpg\",\"contentUrl\":\"https:\\\/\\\/www.anovapeneira.gal\\\/wp-content\\\/uploads\\\/2019\\\/07\\\/ARTIGO_DE_OPINION_A_NOVA_PENEIRA.jpg\",\"width\":720,\"height\":473,\"caption\":\"Artigo de opini\u00f3n A Nova Peneira\"},{\"@type\":\"BreadcrumbList\",\"@id\":\"https:\\\/\\\/www.anovapeneira.gal\\\/index.php\\\/2022\\\/11\\\/17\\\/mulleres-luthieres\\\/#breadcrumb\",\"itemListElement\":[{\"@type\":\"ListItem\",\"position\":1,\"name\":\"Portada\",\"item\":\"https:\\\/\\\/www.anovapeneira.gal\\\/\"},{\"@type\":\"ListItem\",\"position\":2,\"name\":\"Mulleres luthieres\"}]},{\"@type\":\"WebSite\",\"@id\":\"https:\\\/\\\/www.anovapeneira.gal\\\/#website\",\"url\":\"https:\\\/\\\/www.anovapeneira.gal\\\/\",\"name\":\"\",\"description\":\"Xornal galego de informaci\u00f3n xeral Publicaci\u00f3n mensual de novas de Galicia e en especial dos Concellos da sur da provincia de Pontevedra.\",\"publisher\":{\"@id\":\"https:\\\/\\\/www.anovapeneira.gal\\\/#organization\"},\"potentialAction\":[{\"@type\":\"SearchAction\",\"target\":{\"@type\":\"EntryPoint\",\"urlTemplate\":\"https:\\\/\\\/www.anovapeneira.gal\\\/?s={search_term_string}\"},\"query-input\":{\"@type\":\"PropertyValueSpecification\",\"valueRequired\":true,\"valueName\":\"search_term_string\"}}],\"inLanguage\":\"gl-ES\"},{\"@type\":\"Organization\",\"@id\":\"https:\\\/\\\/www.anovapeneira.gal\\\/#organization\",\"name\":\"A Nova Peneira\",\"url\":\"https:\\\/\\\/www.anovapeneira.gal\\\/\",\"logo\":{\"@type\":\"ImageObject\",\"inLanguage\":\"gl-ES\",\"@id\":\"https:\\\/\\\/www.anovapeneira.gal\\\/#\\\/schema\\\/logo\\\/image\\\/\",\"url\":\"http:\\\/\\\/www.anovapeneira.gal\\\/wp-content\\\/uploads\\\/2019\\\/06\\\/logo_a_nova_peneira_portal_web.png\",\"contentUrl\":\"http:\\\/\\\/www.anovapeneira.gal\\\/wp-content\\\/uploads\\\/2019\\\/06\\\/logo_a_nova_peneira_portal_web.png\",\"width\":300,\"height\":100,\"caption\":\"A Nova Peneira\"},\"image\":{\"@id\":\"https:\\\/\\\/www.anovapeneira.gal\\\/#\\\/schema\\\/logo\\\/image\\\/\"},\"sameAs\":[\"https:\\\/\\\/www.facebook.com\\\/anovapeneira\",\"https:\\\/\\\/x.com\\\/APeneira\"]},{\"@type\":\"Person\",\"@id\":\"https:\\\/\\\/www.anovapeneira.gal\\\/#\\\/schema\\\/person\\\/8dce297e4546661f4a736af2dfc469bd\",\"name\":\"Olga Pereira\",\"image\":{\"@type\":\"ImageObject\",\"inLanguage\":\"gl-ES\",\"@id\":\"https:\\\/\\\/secure.gravatar.com\\\/avatar\\\/a418e2c849b8163e1feaec99dbf67cea373de3d3b5cade0ede25ab4a8b2e1a62?s=96&d=mm&r=g\",\"url\":\"https:\\\/\\\/secure.gravatar.com\\\/avatar\\\/a418e2c849b8163e1feaec99dbf67cea373de3d3b5cade0ede25ab4a8b2e1a62?s=96&d=mm&r=g\",\"contentUrl\":\"https:\\\/\\\/secure.gravatar.com\\\/avatar\\\/a418e2c849b8163e1feaec99dbf67cea373de3d3b5cade0ede25ab4a8b2e1a62?s=96&d=mm&r=g\",\"caption\":\"Olga Pereira\"},\"url\":\"https:\\\/\\\/www.anovapeneira.gal\\\/index.php\\\/author\\\/olganogueira\\\/\"}]}<\/script>\n<!-- \/ Yoast SEO plugin. -->","yoast_head_json":{"title":"Mulleres luthieres -","description":"Centos de gaitas, zanfonas e pandeiretas saen de Galiza para o resto do mundo cada ano. E outras tantas se consomen internamente. Muitas feitas por mulleres","robots":{"index":"index","follow":"follow","max-snippet":"max-snippet:-1","max-image-preview":"max-image-preview:large","max-video-preview":"max-video-preview:-1"},"canonical":"https:\/\/www.anovapeneira.gal\/index.php\/2022\/11\/17\/mulleres-luthieres\/","og_locale":"gl_ES","og_type":"article","og_title":"Mulleres luthieres -","og_description":"Centos de gaitas, zanfonas e pandeiretas saen de Galiza para o resto do mundo cada ano. E outras tantas se consomen internamente. Muitas feitas por mulleres","og_url":"https:\/\/www.anovapeneira.gal\/index.php\/2022\/11\/17\/mulleres-luthieres\/","article_publisher":"https:\/\/www.facebook.com\/anovapeneira","article_published_time":"2022-11-17T09:00:26+00:00","og_image":[{"width":720,"height":473,"url":"https:\/\/www.anovapeneira.gal\/wp-content\/uploads\/2019\/07\/ARTIGO_DE_OPINION_A_NOVA_PENEIRA.jpg","type":"image\/jpeg"}],"author":"Olga Pereira","twitter_card":"summary_large_image","twitter_image":"https:\/\/www.anovapeneira.gal\/wp-content\/uploads\/2019\/07\/ARTIGO_DE_OPINION_A_NOVA_PENEIRA.jpg","twitter_creator":"@APeneira","twitter_site":"@APeneira","twitter_misc":{"Escrito por":"Olga Pereira","Tempo de lectura":"6 minutos"},"schema":{"@context":"https:\/\/schema.org","@graph":[{"@type":"Article","@id":"https:\/\/www.anovapeneira.gal\/index.php\/2022\/11\/17\/mulleres-luthieres\/#article","isPartOf":{"@id":"https:\/\/www.anovapeneira.gal\/index.php\/2022\/11\/17\/mulleres-luthieres\/"},"author":{"name":"Olga Pereira","@id":"https:\/\/www.anovapeneira.gal\/#\/schema\/person\/8dce297e4546661f4a736af2dfc469bd"},"headline":"Mulleres luthieres","datePublished":"2022-11-17T09:00:26+00:00","mainEntityOfPage":{"@id":"https:\/\/www.anovapeneira.gal\/index.php\/2022\/11\/17\/mulleres-luthieres\/"},"wordCount":977,"publisher":{"@id":"https:\/\/www.anovapeneira.gal\/#organization"},"image":{"@id":"https:\/\/www.anovapeneira.gal\/index.php\/2022\/11\/17\/mulleres-luthieres\/#primaryimage"},"thumbnailUrl":"https:\/\/www.anovapeneira.gal\/wp-content\/uploads\/2019\/07\/ARTIGO_DE_OPINION_A_NOVA_PENEIRA.jpg","articleSection":["Artigos de opini\u00f3n"],"inLanguage":"gl-ES"},{"@type":"WebPage","@id":"https:\/\/www.anovapeneira.gal\/index.php\/2022\/11\/17\/mulleres-luthieres\/","url":"https:\/\/www.anovapeneira.gal\/index.php\/2022\/11\/17\/mulleres-luthieres\/","name":"Mulleres luthieres -","isPartOf":{"@id":"https:\/\/www.anovapeneira.gal\/#website"},"primaryImageOfPage":{"@id":"https:\/\/www.anovapeneira.gal\/index.php\/2022\/11\/17\/mulleres-luthieres\/#primaryimage"},"image":{"@id":"https:\/\/www.anovapeneira.gal\/index.php\/2022\/11\/17\/mulleres-luthieres\/#primaryimage"},"thumbnailUrl":"https:\/\/www.anovapeneira.gal\/wp-content\/uploads\/2019\/07\/ARTIGO_DE_OPINION_A_NOVA_PENEIRA.jpg","datePublished":"2022-11-17T09:00:26+00:00","description":"Centos de gaitas, zanfonas e pandeiretas saen de Galiza para o resto do mundo cada ano. E outras tantas se consomen internamente. Muitas feitas por mulleres","breadcrumb":{"@id":"https:\/\/www.anovapeneira.gal\/index.php\/2022\/11\/17\/mulleres-luthieres\/#breadcrumb"},"inLanguage":"gl-ES","potentialAction":[{"@type":"ReadAction","target":["https:\/\/www.anovapeneira.gal\/index.php\/2022\/11\/17\/mulleres-luthieres\/"]}]},{"@type":"ImageObject","inLanguage":"gl-ES","@id":"https:\/\/www.anovapeneira.gal\/index.php\/2022\/11\/17\/mulleres-luthieres\/#primaryimage","url":"https:\/\/www.anovapeneira.gal\/wp-content\/uploads\/2019\/07\/ARTIGO_DE_OPINION_A_NOVA_PENEIRA.jpg","contentUrl":"https:\/\/www.anovapeneira.gal\/wp-content\/uploads\/2019\/07\/ARTIGO_DE_OPINION_A_NOVA_PENEIRA.jpg","width":720,"height":473,"caption":"Artigo de opini\u00f3n A Nova Peneira"},{"@type":"BreadcrumbList","@id":"https:\/\/www.anovapeneira.gal\/index.php\/2022\/11\/17\/mulleres-luthieres\/#breadcrumb","itemListElement":[{"@type":"ListItem","position":1,"name":"Portada","item":"https:\/\/www.anovapeneira.gal\/"},{"@type":"ListItem","position":2,"name":"Mulleres luthieres"}]},{"@type":"WebSite","@id":"https:\/\/www.anovapeneira.gal\/#website","url":"https:\/\/www.anovapeneira.gal\/","name":"","description":"Xornal galego de informaci\u00f3n xeral Publicaci\u00f3n mensual de novas de Galicia e en especial dos Concellos da sur da provincia de Pontevedra.","publisher":{"@id":"https:\/\/www.anovapeneira.gal\/#organization"},"potentialAction":[{"@type":"SearchAction","target":{"@type":"EntryPoint","urlTemplate":"https:\/\/www.anovapeneira.gal\/?s={search_term_string}"},"query-input":{"@type":"PropertyValueSpecification","valueRequired":true,"valueName":"search_term_string"}}],"inLanguage":"gl-ES"},{"@type":"Organization","@id":"https:\/\/www.anovapeneira.gal\/#organization","name":"A Nova Peneira","url":"https:\/\/www.anovapeneira.gal\/","logo":{"@type":"ImageObject","inLanguage":"gl-ES","@id":"https:\/\/www.anovapeneira.gal\/#\/schema\/logo\/image\/","url":"http:\/\/www.anovapeneira.gal\/wp-content\/uploads\/2019\/06\/logo_a_nova_peneira_portal_web.png","contentUrl":"http:\/\/www.anovapeneira.gal\/wp-content\/uploads\/2019\/06\/logo_a_nova_peneira_portal_web.png","width":300,"height":100,"caption":"A Nova Peneira"},"image":{"@id":"https:\/\/www.anovapeneira.gal\/#\/schema\/logo\/image\/"},"sameAs":["https:\/\/www.facebook.com\/anovapeneira","https:\/\/x.com\/APeneira"]},{"@type":"Person","@id":"https:\/\/www.anovapeneira.gal\/#\/schema\/person\/8dce297e4546661f4a736af2dfc469bd","name":"Olga Pereira","image":{"@type":"ImageObject","inLanguage":"gl-ES","@id":"https:\/\/secure.gravatar.com\/avatar\/a418e2c849b8163e1feaec99dbf67cea373de3d3b5cade0ede25ab4a8b2e1a62?s=96&d=mm&r=g","url":"https:\/\/secure.gravatar.com\/avatar\/a418e2c849b8163e1feaec99dbf67cea373de3d3b5cade0ede25ab4a8b2e1a62?s=96&d=mm&r=g","contentUrl":"https:\/\/secure.gravatar.com\/avatar\/a418e2c849b8163e1feaec99dbf67cea373de3d3b5cade0ede25ab4a8b2e1a62?s=96&d=mm&r=g","caption":"Olga Pereira"},"url":"https:\/\/www.anovapeneira.gal\/index.php\/author\/olganogueira\/"}]}},"jetpack_featured_media_url":"https:\/\/www.anovapeneira.gal\/wp-content\/uploads\/2019\/07\/ARTIGO_DE_OPINION_A_NOVA_PENEIRA.jpg","_links":{"self":[{"href":"https:\/\/www.anovapeneira.gal\/index.php\/wp-json\/wp\/v2\/posts\/8582","targetHints":{"allow":["GET"]}}],"collection":[{"href":"https:\/\/www.anovapeneira.gal\/index.php\/wp-json\/wp\/v2\/posts"}],"about":[{"href":"https:\/\/www.anovapeneira.gal\/index.php\/wp-json\/wp\/v2\/types\/post"}],"author":[{"embeddable":true,"href":"https:\/\/www.anovapeneira.gal\/index.php\/wp-json\/wp\/v2\/users\/32"}],"replies":[{"embeddable":true,"href":"https:\/\/www.anovapeneira.gal\/index.php\/wp-json\/wp\/v2\/comments?post=8582"}],"version-history":[{"count":2,"href":"https:\/\/www.anovapeneira.gal\/index.php\/wp-json\/wp\/v2\/posts\/8582\/revisions"}],"predecessor-version":[{"id":8584,"href":"https:\/\/www.anovapeneira.gal\/index.php\/wp-json\/wp\/v2\/posts\/8582\/revisions\/8584"}],"wp:featuredmedia":[{"embeddable":true,"href":"https:\/\/www.anovapeneira.gal\/index.php\/wp-json\/wp\/v2\/media\/584"}],"wp:attachment":[{"href":"https:\/\/www.anovapeneira.gal\/index.php\/wp-json\/wp\/v2\/media?parent=8582"}],"wp:term":[{"taxonomy":"category","embeddable":true,"href":"https:\/\/www.anovapeneira.gal\/index.php\/wp-json\/wp\/v2\/categories?post=8582"},{"taxonomy":"post_tag","embeddable":true,"href":"https:\/\/www.anovapeneira.gal\/index.php\/wp-json\/wp\/v2\/tags?post=8582"}],"curies":[{"name":"wp","href":"https:\/\/api.w.org\/{rel}","templated":true}]}}