{"id":8600,"date":"2022-11-22T11:00:20","date_gmt":"2022-11-22T10:00:20","guid":{"rendered":"https:\/\/www.anovapeneira.gal\/?p=8600"},"modified":"2022-11-22T09:35:31","modified_gmt":"2022-11-22T08:35:31","slug":"cousas-de-salvaterra-de-mino-2","status":"publish","type":"post","link":"https:\/\/www.anovapeneira.gal\/index.php\/2022\/11\/22\/cousas-de-salvaterra-de-mino-2\/","title":{"rendered":"Cousas de Salvaterra de Mi\u00f1o"},"content":{"rendered":"\n<figure class=\"wp-block-image size-full is-resized\"><img loading=\"lazy\" decoding=\"async\" src=\"https:\/\/www.anovapeneira.gal\/wp-content\/uploads\/2022\/08\/opinion_anton_saque.jpg\" alt=\"Ant\u00f3n Lourenzo, veci\u00f1o da Vila\" class=\"wp-image-8006\" width=\"95\" height=\"115\"\/><figcaption>Ant\u00f3n Lourenzo, veci\u00f1o da Vila<\/figcaption><\/figure>\n\n\n\n<p><strong>SEGUNDO ATAQUE E CONQUISTA DE SALVATERRA. Primeira parte.<\/strong><\/p>\n\n\n\n<p>Cheg\u00f3ulle \u00f3 Conde de Castel Melhor, orden de O Rei, para que se dera presa en entrar na Galiza c\u00f3 ex\u00e9rcito, mentras polo mar ir\u00eda a Armada afrontar as s\u00faas costas.<\/p>\n\n\n\n<p>Para iso advert\u00edulle do que precisar\u00eda, ped\u00edulle munici\u00f3ns e biscoito bastante, (pequenos bolos de pan, secos e algo duros), para sustentar por quince d\u00edas as tropas. Comenzou os preparativos, pero cheg\u00f3ulle un segundo comunicado Do Rei, no que lle advert\u00eda que inda que a Armada non acadase os s\u00e9us obxectivos, era moi importante que \u00e9l atacase a Galiza, posto que desa intervenci\u00f3n, depend\u00edan en grande medida as operaci\u00f3ns que se estaban tramando pola parte do Alentejo, por onde hab\u00edan de entrar en Castela.<\/p>\n\n\n\n<p>Era indispensable que o ex\u00e9rcito de entre o Douro e Minho distraera o m\u00e1is do tempo e o m\u00e1is posible \u00e1s tropas do Rei castel\u00e1n na Galiza, debilitando as\u00ed as forzas que puideran empregar na parte da Extremadura.<\/p>\n\n\n\n<p>De primeiras as cousas non sairon ben, seg\u00fan o tramado. Alterouse o Conde v\u00e9ndose nun apreto xa que non acababan de chegar as munici\u00f3ns e o sustento que pedira, non lle ficou m\u00e1is remedio que empe\u00f1ar a s\u00faa propia prata para comprar trigo, axenciando todo o dem\u00e1is coa axuda do Valedor Xeral Mart\u00edm Velho Barreto, para en breves d\u00edas acometer a operaci\u00f3n.<\/p>\n\n\n\n<p>\u00d3 chamado do Conde, acudiron uns cinco mil infantes, dos que eran pagos novecentos, escasos cinconta de a cabalo, por escase\u00e1renlles estes cuadr\u00fapedos. Dividiuse a Infanter\u00eda en sete Terzos, (un Terzo equivale na actualidade a un Reximento).<\/p>\n\n\n\n<p>O Terzo volante estaba a cargo de Martim Gon\u00e7alves da C\u00e1mara. O Terzo de Braga, con xente desa cidade e estudantes, \u00f3 mando de Manoel de Sousa de Abreu. O Terzo de Ponte da Barca mandabao Francisco Soares de Castro. Os de Guimaraes, Barcelos, Viana e Arcos a cargo dos s\u00e9us Sarxentos Maiores. A cabaler\u00eda \u00eda a cargo de Diogo de Melho Pereira e o seu lugar tenente o Capit\u00e1n Duquin\u00e9. Francisco da Fran\u00e7a Barbosa gobernaba a retagarda, apoiado polo lugar tenente do Mestre de Campo, o Sarxento Maior Lu\u00eds de Oliveiros Famel.<\/p>\n\n\n\n<p>As\u00ed repartido este ex\u00e9rcito, a s\u00faa vez dividiuse en tres grupos. A vangarda composta do Terzo dos de Braga e da Ponte da Barca, p\u00faxose a cargo do Mestre de Campo Viole Datis e polo seu Sarxento Maior Pedro de Betancourt de Freitas. No corpo da batalla composto do Terzo volante e xente de Guimaraes e Barcelos \u00eda o Conde. Na retagarda formada polos Terzos dos Arcos de Valdevez e Viana, seis compa\u00f1\u00edas pagas , \u00eda Francisco da Fran\u00e7a Barbosa e por Sarxento Maior, Roque Mont.<\/p>\n\n\n\n<p>T\u00ed\u00f1ase consultado e considerado con precauci\u00f3n, por qu\u00e9 parte ser\u00eda mellor facer a entrada, si polo r\u00edo ou pola raia seca. Os galegos, que non sab\u00edan por onde lles hab\u00edan de entrar, pensaron que o ataque ser\u00eda dirixido a vila de Tui, onde ti\u00f1an acuartelados dous Terzos, pero o obxectivo, secretamente levado era Salvaterra, onde determinou o Conde voltar con intenci\u00f3n de conquistar, fortificar e conservar esa praza, por ser este o lugar m\u00e1is \u00fatil para efetuar outras operaci\u00f3ns sobre a Galiza, mesmo se for o caso, conquistala.<\/p>\n\n\n\n<p>Estaba este ex\u00e9rcito concentrado no entorno da ermida da Nosa Sra. dos Milagres, media legoa distante de Mon\u00e7\u00e3o o d\u00eda 14 de agosto de 1643. Marchou o Conde para a Vila e ordenoulle o Mestre de Campo Viole d\u00b4Athis que fose para Lapela, unha hora despois de medianoite, con parte da Infanter\u00eda paga e algunhas persoas principales da provincia. Capitaneaba diante Antonio de Queir\u00f3s Mascarenhas, fixeron alto a 2 tiros de mosquete antes da chegada a Lapela, esperando a Labarta, un soldado Franc\u00e9s que fora a explorar si os barcos estaban preparados, as\u00ed como dos rumores que oira da outra banda do r\u00edo. Avisou que o enemigo estaba alerta e, inda as\u00ed, resolveu o Conde continuar coa operaci\u00f3n, ordenou que en canto rompera a madrugada, se metera a xente nos barcos que atopar\u00eda preparados, e que, baixo o paraugas do fogo de artiller\u00eda que mandara prantar naquela parte do r\u00edo, procurase saltar a terra, e en caso de conseguilo, voltaran os barcos para pasar o resto dos soldados.<\/p>\n\n\n\n<p>Ordenou o Conde a o Sarxento Maior Roque Mont, que das compa\u00f1\u00edas de Antonio Rodr\u00edguez e de Melga\u00e7o, guarnecesen o Castelo de Lapela e as trincheiras adxuntas para que coa artiller\u00eda e a mosqueter\u00eda favoreceran o desembarco, facendo afastar o enemigo do r\u00edo.<\/p>\n\n\n\n<p>Superadas as dificultades iniciales polo valor dos oficiais e soldados, e sendo o primeiro que se embarcou Antonio de Queiroz Mascarenhas, capit\u00e1n de unha compa\u00f1\u00eda de aventureiros, composta da xente m\u00e1is nobre da provincia, puxo proa o porto oposto, foron no primeiro barco vintesete soldados, entre eles, Pedro de Betancour de Freitas , Jo\u00e3o da Cunha Soto Mayor, seu irm\u00e1n, Manoel da Silva Soto Mayor, Manoel de Abreu da Rocha, que morreu dun balazo, Pedro Catanha da Illa da Madeira que tam\u00e9n morreu, Manoel da Rocha Le\u00e3o, Francisco Barbosa Figueiroa e seu irm\u00e1n, naturales de Valadares, Lu\u00eds de Sousa e tres irm\u00e1ns seus, fillos de Antonio de Castro da vila de Melga\u00e7o.<\/p>\n\n\n\n<p>Na parte galega, feligres\u00eda de Porto, estaban esperando o asalto cincocentos mosqueteiros para impedir o desembarco, mandados por un tal Conde de Torreson, (ou Torrons\u00f3n), Xeneral alem\u00e1n da cabaler\u00eda da Galiza, ben protexidos e a coberto, repartidos por unha trincheira.<\/p>\n\n\n\n<p>Daba moito respeito a oposici\u00f3n o ataque, m\u00e1is os soldados portugueses, procuraron para saltar a terra, a parte m\u00e1is protexida pola artiller\u00eda e mosquetes que sen descanso disparaban dende Lapela. Desembarcou primeiro Antonio de Queiroz coa s\u00faa compa\u00f1\u00eda, e valerosamente sustentou a posici\u00f3n que ga\u00f1ou, vindo soc\u00f3rrelo o mestre de campo Viole d`Athis.<\/p>\n\n\n\n<p>Completada a vangarda, avanzaron todos dereitos \u00e1s trincheiras e logo ga\u00f1aron as primeiras, axudados pola artiller\u00eda do Castelo de Lapela a a s\u00faa mosqueter\u00eda que gallardamente se afanaron en castigar o enemigo.<\/p>\n\n\n\n<p>Por lles chegaren socorros, contraatacaron os galegos con douscentos infantes e trescentos cabalos, investindo \u00f3s de Antonio de Queir\u00f3s, este respondeu con gran vigor, socorrido polo capit\u00e1n Andr\u00e9 da Costa Camen que lebava o costado dereito da vangarda.<\/p>\n\n\n\n<p>Tivo Viole d`Athis a certeza de que este movimento lles favorec\u00eda, por ser m\u00e1is doado abatir soldados sen estar protexidos polas trincheiras. Coas forzas dos outros capit\u00e1ns, Chistov\u00e3o Mauzinho Vasconcelos, Rodrigo de Moura Coutinho e os dem\u00e1is que foron pasando, estes a forza de cargas pechadas fixeron retirar o enemigo por tres veces. Os galegos capitaneados polo seu Conde, non ousaron acometer unha cuarta, por estar a compa\u00f1\u00eda moi castigada. Retirado Torres\u00f3n, provou mellor sorte Antonio Jacinto, capit\u00e1n da Infanter\u00eda galega, poren correu a mesma sorte do Conde, ficando a maior parte da s\u00faa compa\u00f1\u00eda morta e destrozada.<\/p>\n\n\n\n<p>Pelexouse perto de catro horas at\u00e9 o desembarco total dos portugueses e a\u00ednda non estaban todos desembarcados cando sairon o encontro do enemigo, Diego de Melo Pereira, o seu Tenente Duquin\u00e9, Lope Pereira de Lima, Antonio Pereira de Lima, Rodrigo Pereira Souto Mayor, Francisco Pereira Pinto, Antonio Pereira Pinto, Gaspar Pereira de Mazaneses, Sebasti\u00e3o Pita Soares e outras persoas at\u00e9 uns 40 cabaleiros e douscentos Infantes, que envestindo con gran valor deran lugar a romper \u00f3 enemigo polos costados.<\/p>\n\n\n\n<p>Perderon os galegos a esperanza de recuperar a posici\u00f3n vendo tanta xente desembarcada e con tanto \u00edmpetu, que os obligaron a unha retirada na que sufriron grandes perdas. Tal como se pensaba, inda que os galegos resistiron alg\u00fan tempo con muito valor, acabaron por abandonar a posici\u00f3n e retir\u00e1ronse con grandes estragos, refuxi\u00e1ndose nunhas elevaci\u00f3ns que ficaban a media legua, antes de chegar a Salvaterra.<\/p>\n\n\n\n<p>Mentras durou o combate, foi engrosando o poder dos portugueses con xente que segu\u00eda pasando nas barcas, o capit\u00e1n Duquesne, con cinconta homes a cabalo, deulle grande empurr\u00f3n a empresa. Os galegos de novo voltaron o contraataque, esta vez coa cabaler\u00eda, intent\u00e1rono por catro veces e catro veces foron repelidos.<\/p>\n\n\n\n<p>Perto das dez horas comenzou a marcha, levando diante o enemigo que se \u00eda retirando pola estrada de Salvaterra, perseguindo os portugueses \u00f3s galegos tratando de darlles alcance, queimando e arrasando todo o que atopaban. Sendo o mes de agosto soleado e caluroso, con sede por non atoparen auga, chegaron deste xeito os capit\u00e1ns Antonio de Queiroz e Andr\u00e9 da Costa at\u00e9 a ponte da Fillaboa no r\u00edo Tea, por onde forzosamente hab\u00edan de pasar. Sorprendentemente encontraron esta estrat\u00e9xica posici\u00f3n desguarnecida, os galegos d\u00e9ronse conta tarde do monumental erro o non defender ese paso, intent\u00e1rono pero xa era tarde\u2026\u2026Seguir\u00e1.<\/p>\n\n\n\n<p>Salvaterra de Mi\u00f1o a 13 de novembro de 2022<\/p>\n\n\n\n<p>Fontes:<\/p>\n\n\n\n<pre class=\"wp-block-verse\">Historia do Portugal Restaurado. Biblioteca Penzol, Vigo.<\/pre>\n\n\n\n<pre class=\"wp-block-verse\">Jo\u00e3o Salgado de Araujo, Abade de Pera. Biblioteca Nnal. Lisboa.<\/pre>\n","protected":false},"excerpt":{"rendered":"<div class=\"mh-excerpt\"><p>Cheg\u00f3ulle \u00f3 Conde de Castel Melhor, orden de O Rei, para que se dera presa en entrar na Galiza c\u00f3 ex\u00e9rcito, mentras polo mar ir\u00eda a Armada afrontar as s\u00faas costas <a class=\"mh-excerpt-more\" href=\"https:\/\/www.anovapeneira.gal\/index.php\/2022\/11\/22\/cousas-de-salvaterra-de-mino-2\/\" title=\"Cousas de Salvaterra de Mi\u00f1o\">[&#8230;]<\/a><\/p>\n<\/div>","protected":false},"author":34,"featured_media":8602,"comment_status":"open","ping_status":"open","sticky":false,"template":"","format":"standard","meta":{"_exactmetrics_skip_tracking":false,"_exactmetrics_sitenote_active":false,"_exactmetrics_sitenote_note":"","_exactmetrics_sitenote_category":0,"footnotes":""},"categories":[7],"tags":[186],"class_list":{"0":"post-8600","1":"post","2":"type-post","3":"status-publish","4":"format-standard","5":"has-post-thumbnail","7":"category-artigos-de-opinion","8":"tag-concello-de-salvaterra-do-mino"},"yoast_head":"<!-- This site is optimized with the Yoast SEO plugin v27.4 - https:\/\/yoast.com\/product\/yoast-seo-wordpress\/ -->\n<title>Cousas de Salvaterra de Mi\u00f1o -<\/title>\n<meta name=\"description\" content=\"Cheg\u00f3ulle \u00f3 Conde de Castel Melhor, orden de O Rei, para que se dera presa en entrar na Galiza c\u00f3 ex\u00e9rcito, mentras polo mar ir\u00eda a Armada afrontar as s\u00faas costas\" \/>\n<meta name=\"robots\" content=\"index, follow, max-snippet:-1, max-image-preview:large, max-video-preview:-1\" \/>\n<link rel=\"canonical\" href=\"https:\/\/www.anovapeneira.gal\/index.php\/2022\/11\/22\/cousas-de-salvaterra-de-mino-2\/\" \/>\n<meta property=\"og:locale\" content=\"gl_ES\" \/>\n<meta property=\"og:type\" content=\"article\" \/>\n<meta property=\"og:title\" content=\"Cousas de Salvaterra de Mi\u00f1o -\" \/>\n<meta property=\"og:description\" content=\"Cheg\u00f3ulle \u00f3 Conde de Castel Melhor, orden de O Rei, para que se dera presa en entrar na Galiza c\u00f3 ex\u00e9rcito, mentras polo mar ir\u00eda a Armada afrontar as s\u00faas costas\" \/>\n<meta property=\"og:url\" content=\"https:\/\/www.anovapeneira.gal\/index.php\/2022\/11\/22\/cousas-de-salvaterra-de-mino-2\/\" \/>\n<meta property=\"article:publisher\" content=\"https:\/\/www.facebook.com\/anovapeneira\" \/>\n<meta property=\"article:published_time\" content=\"2022-11-22T10:00:20+00:00\" \/>\n<meta property=\"og:image\" content=\"https:\/\/www.anovapeneira.gal\/wp-content\/uploads\/2022\/11\/ponte_salvaterra.jpg\" \/>\n\t<meta property=\"og:image:width\" content=\"720\" \/>\n\t<meta property=\"og:image:height\" content=\"432\" \/>\n\t<meta property=\"og:image:type\" content=\"image\/jpeg\" \/>\n<meta name=\"author\" content=\"Ant\u00f3n Lorenzo Gonz\u00e1lez\" \/>\n<meta name=\"twitter:card\" content=\"summary_large_image\" \/>\n<meta name=\"twitter:image\" content=\"https:\/\/www.anovapeneira.gal\/wp-content\/uploads\/2022\/11\/ponte_salvaterra.jpg\" \/>\n<meta name=\"twitter:creator\" content=\"@APeneira\" \/>\n<meta name=\"twitter:site\" content=\"@APeneira\" \/>\n<meta name=\"twitter:label1\" content=\"Escrito por\" \/>\n\t<meta name=\"twitter:data1\" content=\"Ant\u00f3n Lorenzo Gonz\u00e1lez\" \/>\n\t<meta name=\"twitter:label2\" content=\"Tempo de lectura\" \/>\n\t<meta name=\"twitter:data2\" content=\"9 minutos\" \/>\n<script type=\"application\/ld+json\" class=\"yoast-schema-graph\">{\"@context\":\"https:\\\/\\\/schema.org\",\"@graph\":[{\"@type\":\"Article\",\"@id\":\"https:\\\/\\\/www.anovapeneira.gal\\\/index.php\\\/2022\\\/11\\\/22\\\/cousas-de-salvaterra-de-mino-2\\\/#article\",\"isPartOf\":{\"@id\":\"https:\\\/\\\/www.anovapeneira.gal\\\/index.php\\\/2022\\\/11\\\/22\\\/cousas-de-salvaterra-de-mino-2\\\/\"},\"author\":{\"name\":\"Ant\u00f3n Lorenzo Gonz\u00e1lez\",\"@id\":\"https:\\\/\\\/www.anovapeneira.gal\\\/#\\\/schema\\\/person\\\/1bf91cd240796d05b6522e3d8a6e2d8e\"},\"headline\":\"Cousas de Salvaterra de Mi\u00f1o\",\"datePublished\":\"2022-11-22T10:00:20+00:00\",\"mainEntityOfPage\":{\"@id\":\"https:\\\/\\\/www.anovapeneira.gal\\\/index.php\\\/2022\\\/11\\\/22\\\/cousas-de-salvaterra-de-mino-2\\\/\"},\"wordCount\":1553,\"commentCount\":0,\"publisher\":{\"@id\":\"https:\\\/\\\/www.anovapeneira.gal\\\/#organization\"},\"image\":{\"@id\":\"https:\\\/\\\/www.anovapeneira.gal\\\/index.php\\\/2022\\\/11\\\/22\\\/cousas-de-salvaterra-de-mino-2\\\/#primaryimage\"},\"thumbnailUrl\":\"https:\\\/\\\/www.anovapeneira.gal\\\/wp-content\\\/uploads\\\/2022\\\/11\\\/ponte_salvaterra.jpg\",\"keywords\":[\"Concello de Salvaterra do Mi\u00f1o\"],\"articleSection\":[\"Artigos de opini\u00f3n\"],\"inLanguage\":\"gl-ES\",\"potentialAction\":[{\"@type\":\"CommentAction\",\"name\":\"Comment\",\"target\":[\"https:\\\/\\\/www.anovapeneira.gal\\\/index.php\\\/2022\\\/11\\\/22\\\/cousas-de-salvaterra-de-mino-2\\\/#respond\"]}]},{\"@type\":\"WebPage\",\"@id\":\"https:\\\/\\\/www.anovapeneira.gal\\\/index.php\\\/2022\\\/11\\\/22\\\/cousas-de-salvaterra-de-mino-2\\\/\",\"url\":\"https:\\\/\\\/www.anovapeneira.gal\\\/index.php\\\/2022\\\/11\\\/22\\\/cousas-de-salvaterra-de-mino-2\\\/\",\"name\":\"Cousas de Salvaterra de Mi\u00f1o -\",\"isPartOf\":{\"@id\":\"https:\\\/\\\/www.anovapeneira.gal\\\/#website\"},\"primaryImageOfPage\":{\"@id\":\"https:\\\/\\\/www.anovapeneira.gal\\\/index.php\\\/2022\\\/11\\\/22\\\/cousas-de-salvaterra-de-mino-2\\\/#primaryimage\"},\"image\":{\"@id\":\"https:\\\/\\\/www.anovapeneira.gal\\\/index.php\\\/2022\\\/11\\\/22\\\/cousas-de-salvaterra-de-mino-2\\\/#primaryimage\"},\"thumbnailUrl\":\"https:\\\/\\\/www.anovapeneira.gal\\\/wp-content\\\/uploads\\\/2022\\\/11\\\/ponte_salvaterra.jpg\",\"datePublished\":\"2022-11-22T10:00:20+00:00\",\"description\":\"Cheg\u00f3ulle \u00f3 Conde de Castel Melhor, orden de O Rei, para que se dera presa en entrar na Galiza c\u00f3 ex\u00e9rcito, mentras polo mar ir\u00eda a Armada afrontar as s\u00faas costas\",\"breadcrumb\":{\"@id\":\"https:\\\/\\\/www.anovapeneira.gal\\\/index.php\\\/2022\\\/11\\\/22\\\/cousas-de-salvaterra-de-mino-2\\\/#breadcrumb\"},\"inLanguage\":\"gl-ES\",\"potentialAction\":[{\"@type\":\"ReadAction\",\"target\":[\"https:\\\/\\\/www.anovapeneira.gal\\\/index.php\\\/2022\\\/11\\\/22\\\/cousas-de-salvaterra-de-mino-2\\\/\"]}]},{\"@type\":\"ImageObject\",\"inLanguage\":\"gl-ES\",\"@id\":\"https:\\\/\\\/www.anovapeneira.gal\\\/index.php\\\/2022\\\/11\\\/22\\\/cousas-de-salvaterra-de-mino-2\\\/#primaryimage\",\"url\":\"https:\\\/\\\/www.anovapeneira.gal\\\/wp-content\\\/uploads\\\/2022\\\/11\\\/ponte_salvaterra.jpg\",\"contentUrl\":\"https:\\\/\\\/www.anovapeneira.gal\\\/wp-content\\\/uploads\\\/2022\\\/11\\\/ponte_salvaterra.jpg\",\"width\":720,\"height\":432,\"caption\":\"Salvaterra do Mi\u00f1o\"},{\"@type\":\"BreadcrumbList\",\"@id\":\"https:\\\/\\\/www.anovapeneira.gal\\\/index.php\\\/2022\\\/11\\\/22\\\/cousas-de-salvaterra-de-mino-2\\\/#breadcrumb\",\"itemListElement\":[{\"@type\":\"ListItem\",\"position\":1,\"name\":\"Portada\",\"item\":\"https:\\\/\\\/www.anovapeneira.gal\\\/\"},{\"@type\":\"ListItem\",\"position\":2,\"name\":\"Cousas de Salvaterra de Mi\u00f1o\"}]},{\"@type\":\"WebSite\",\"@id\":\"https:\\\/\\\/www.anovapeneira.gal\\\/#website\",\"url\":\"https:\\\/\\\/www.anovapeneira.gal\\\/\",\"name\":\"\",\"description\":\"Xornal galego de informaci\u00f3n xeral Publicaci\u00f3n mensual de novas de Galicia e en especial dos Concellos da sur da provincia de Pontevedra.\",\"publisher\":{\"@id\":\"https:\\\/\\\/www.anovapeneira.gal\\\/#organization\"},\"potentialAction\":[{\"@type\":\"SearchAction\",\"target\":{\"@type\":\"EntryPoint\",\"urlTemplate\":\"https:\\\/\\\/www.anovapeneira.gal\\\/?s={search_term_string}\"},\"query-input\":{\"@type\":\"PropertyValueSpecification\",\"valueRequired\":true,\"valueName\":\"search_term_string\"}}],\"inLanguage\":\"gl-ES\"},{\"@type\":\"Organization\",\"@id\":\"https:\\\/\\\/www.anovapeneira.gal\\\/#organization\",\"name\":\"A Nova Peneira\",\"url\":\"https:\\\/\\\/www.anovapeneira.gal\\\/\",\"logo\":{\"@type\":\"ImageObject\",\"inLanguage\":\"gl-ES\",\"@id\":\"https:\\\/\\\/www.anovapeneira.gal\\\/#\\\/schema\\\/logo\\\/image\\\/\",\"url\":\"http:\\\/\\\/www.anovapeneira.gal\\\/wp-content\\\/uploads\\\/2019\\\/06\\\/logo_a_nova_peneira_portal_web.png\",\"contentUrl\":\"http:\\\/\\\/www.anovapeneira.gal\\\/wp-content\\\/uploads\\\/2019\\\/06\\\/logo_a_nova_peneira_portal_web.png\",\"width\":300,\"height\":100,\"caption\":\"A Nova Peneira\"},\"image\":{\"@id\":\"https:\\\/\\\/www.anovapeneira.gal\\\/#\\\/schema\\\/logo\\\/image\\\/\"},\"sameAs\":[\"https:\\\/\\\/www.facebook.com\\\/anovapeneira\",\"https:\\\/\\\/x.com\\\/APeneira\"]},{\"@type\":\"Person\",\"@id\":\"https:\\\/\\\/www.anovapeneira.gal\\\/#\\\/schema\\\/person\\\/1bf91cd240796d05b6522e3d8a6e2d8e\",\"name\":\"Ant\u00f3n Lorenzo Gonz\u00e1lez\",\"image\":{\"@type\":\"ImageObject\",\"inLanguage\":\"gl-ES\",\"@id\":\"https:\\\/\\\/secure.gravatar.com\\\/avatar\\\/dcd882e8f4338e07610336943426400d525673506eb37ce59442ba704e5cc971?s=96&d=mm&r=g\",\"url\":\"https:\\\/\\\/secure.gravatar.com\\\/avatar\\\/dcd882e8f4338e07610336943426400d525673506eb37ce59442ba704e5cc971?s=96&d=mm&r=g\",\"contentUrl\":\"https:\\\/\\\/secure.gravatar.com\\\/avatar\\\/dcd882e8f4338e07610336943426400d525673506eb37ce59442ba704e5cc971?s=96&d=mm&r=g\",\"caption\":\"Ant\u00f3n Lorenzo Gonz\u00e1lez\"},\"url\":\"https:\\\/\\\/www.anovapeneira.gal\\\/index.php\\\/author\\\/xaque\\\/\"}]}<\/script>\n<!-- \/ Yoast SEO plugin. -->","yoast_head_json":{"title":"Cousas de Salvaterra de Mi\u00f1o -","description":"Cheg\u00f3ulle \u00f3 Conde de Castel Melhor, orden de O Rei, para que se dera presa en entrar na Galiza c\u00f3 ex\u00e9rcito, mentras polo mar ir\u00eda a Armada afrontar as s\u00faas costas","robots":{"index":"index","follow":"follow","max-snippet":"max-snippet:-1","max-image-preview":"max-image-preview:large","max-video-preview":"max-video-preview:-1"},"canonical":"https:\/\/www.anovapeneira.gal\/index.php\/2022\/11\/22\/cousas-de-salvaterra-de-mino-2\/","og_locale":"gl_ES","og_type":"article","og_title":"Cousas de Salvaterra de Mi\u00f1o -","og_description":"Cheg\u00f3ulle \u00f3 Conde de Castel Melhor, orden de O Rei, para que se dera presa en entrar na Galiza c\u00f3 ex\u00e9rcito, mentras polo mar ir\u00eda a Armada afrontar as s\u00faas costas","og_url":"https:\/\/www.anovapeneira.gal\/index.php\/2022\/11\/22\/cousas-de-salvaterra-de-mino-2\/","article_publisher":"https:\/\/www.facebook.com\/anovapeneira","article_published_time":"2022-11-22T10:00:20+00:00","og_image":[{"width":720,"height":432,"url":"https:\/\/www.anovapeneira.gal\/wp-content\/uploads\/2022\/11\/ponte_salvaterra.jpg","type":"image\/jpeg"}],"author":"Ant\u00f3n Lorenzo Gonz\u00e1lez","twitter_card":"summary_large_image","twitter_image":"https:\/\/www.anovapeneira.gal\/wp-content\/uploads\/2022\/11\/ponte_salvaterra.jpg","twitter_creator":"@APeneira","twitter_site":"@APeneira","twitter_misc":{"Escrito por":"Ant\u00f3n Lorenzo Gonz\u00e1lez","Tempo de lectura":"9 minutos"},"schema":{"@context":"https:\/\/schema.org","@graph":[{"@type":"Article","@id":"https:\/\/www.anovapeneira.gal\/index.php\/2022\/11\/22\/cousas-de-salvaterra-de-mino-2\/#article","isPartOf":{"@id":"https:\/\/www.anovapeneira.gal\/index.php\/2022\/11\/22\/cousas-de-salvaterra-de-mino-2\/"},"author":{"name":"Ant\u00f3n Lorenzo Gonz\u00e1lez","@id":"https:\/\/www.anovapeneira.gal\/#\/schema\/person\/1bf91cd240796d05b6522e3d8a6e2d8e"},"headline":"Cousas de Salvaterra de Mi\u00f1o","datePublished":"2022-11-22T10:00:20+00:00","mainEntityOfPage":{"@id":"https:\/\/www.anovapeneira.gal\/index.php\/2022\/11\/22\/cousas-de-salvaterra-de-mino-2\/"},"wordCount":1553,"commentCount":0,"publisher":{"@id":"https:\/\/www.anovapeneira.gal\/#organization"},"image":{"@id":"https:\/\/www.anovapeneira.gal\/index.php\/2022\/11\/22\/cousas-de-salvaterra-de-mino-2\/#primaryimage"},"thumbnailUrl":"https:\/\/www.anovapeneira.gal\/wp-content\/uploads\/2022\/11\/ponte_salvaterra.jpg","keywords":["Concello de Salvaterra do Mi\u00f1o"],"articleSection":["Artigos de opini\u00f3n"],"inLanguage":"gl-ES","potentialAction":[{"@type":"CommentAction","name":"Comment","target":["https:\/\/www.anovapeneira.gal\/index.php\/2022\/11\/22\/cousas-de-salvaterra-de-mino-2\/#respond"]}]},{"@type":"WebPage","@id":"https:\/\/www.anovapeneira.gal\/index.php\/2022\/11\/22\/cousas-de-salvaterra-de-mino-2\/","url":"https:\/\/www.anovapeneira.gal\/index.php\/2022\/11\/22\/cousas-de-salvaterra-de-mino-2\/","name":"Cousas de Salvaterra de Mi\u00f1o -","isPartOf":{"@id":"https:\/\/www.anovapeneira.gal\/#website"},"primaryImageOfPage":{"@id":"https:\/\/www.anovapeneira.gal\/index.php\/2022\/11\/22\/cousas-de-salvaterra-de-mino-2\/#primaryimage"},"image":{"@id":"https:\/\/www.anovapeneira.gal\/index.php\/2022\/11\/22\/cousas-de-salvaterra-de-mino-2\/#primaryimage"},"thumbnailUrl":"https:\/\/www.anovapeneira.gal\/wp-content\/uploads\/2022\/11\/ponte_salvaterra.jpg","datePublished":"2022-11-22T10:00:20+00:00","description":"Cheg\u00f3ulle \u00f3 Conde de Castel Melhor, orden de O Rei, para que se dera presa en entrar na Galiza c\u00f3 ex\u00e9rcito, mentras polo mar ir\u00eda a Armada afrontar as s\u00faas costas","breadcrumb":{"@id":"https:\/\/www.anovapeneira.gal\/index.php\/2022\/11\/22\/cousas-de-salvaterra-de-mino-2\/#breadcrumb"},"inLanguage":"gl-ES","potentialAction":[{"@type":"ReadAction","target":["https:\/\/www.anovapeneira.gal\/index.php\/2022\/11\/22\/cousas-de-salvaterra-de-mino-2\/"]}]},{"@type":"ImageObject","inLanguage":"gl-ES","@id":"https:\/\/www.anovapeneira.gal\/index.php\/2022\/11\/22\/cousas-de-salvaterra-de-mino-2\/#primaryimage","url":"https:\/\/www.anovapeneira.gal\/wp-content\/uploads\/2022\/11\/ponte_salvaterra.jpg","contentUrl":"https:\/\/www.anovapeneira.gal\/wp-content\/uploads\/2022\/11\/ponte_salvaterra.jpg","width":720,"height":432,"caption":"Salvaterra do Mi\u00f1o"},{"@type":"BreadcrumbList","@id":"https:\/\/www.anovapeneira.gal\/index.php\/2022\/11\/22\/cousas-de-salvaterra-de-mino-2\/#breadcrumb","itemListElement":[{"@type":"ListItem","position":1,"name":"Portada","item":"https:\/\/www.anovapeneira.gal\/"},{"@type":"ListItem","position":2,"name":"Cousas de Salvaterra de Mi\u00f1o"}]},{"@type":"WebSite","@id":"https:\/\/www.anovapeneira.gal\/#website","url":"https:\/\/www.anovapeneira.gal\/","name":"","description":"Xornal galego de informaci\u00f3n xeral Publicaci\u00f3n mensual de novas de Galicia e en especial dos Concellos da sur da provincia de Pontevedra.","publisher":{"@id":"https:\/\/www.anovapeneira.gal\/#organization"},"potentialAction":[{"@type":"SearchAction","target":{"@type":"EntryPoint","urlTemplate":"https:\/\/www.anovapeneira.gal\/?s={search_term_string}"},"query-input":{"@type":"PropertyValueSpecification","valueRequired":true,"valueName":"search_term_string"}}],"inLanguage":"gl-ES"},{"@type":"Organization","@id":"https:\/\/www.anovapeneira.gal\/#organization","name":"A Nova Peneira","url":"https:\/\/www.anovapeneira.gal\/","logo":{"@type":"ImageObject","inLanguage":"gl-ES","@id":"https:\/\/www.anovapeneira.gal\/#\/schema\/logo\/image\/","url":"http:\/\/www.anovapeneira.gal\/wp-content\/uploads\/2019\/06\/logo_a_nova_peneira_portal_web.png","contentUrl":"http:\/\/www.anovapeneira.gal\/wp-content\/uploads\/2019\/06\/logo_a_nova_peneira_portal_web.png","width":300,"height":100,"caption":"A Nova Peneira"},"image":{"@id":"https:\/\/www.anovapeneira.gal\/#\/schema\/logo\/image\/"},"sameAs":["https:\/\/www.facebook.com\/anovapeneira","https:\/\/x.com\/APeneira"]},{"@type":"Person","@id":"https:\/\/www.anovapeneira.gal\/#\/schema\/person\/1bf91cd240796d05b6522e3d8a6e2d8e","name":"Ant\u00f3n Lorenzo Gonz\u00e1lez","image":{"@type":"ImageObject","inLanguage":"gl-ES","@id":"https:\/\/secure.gravatar.com\/avatar\/dcd882e8f4338e07610336943426400d525673506eb37ce59442ba704e5cc971?s=96&d=mm&r=g","url":"https:\/\/secure.gravatar.com\/avatar\/dcd882e8f4338e07610336943426400d525673506eb37ce59442ba704e5cc971?s=96&d=mm&r=g","contentUrl":"https:\/\/secure.gravatar.com\/avatar\/dcd882e8f4338e07610336943426400d525673506eb37ce59442ba704e5cc971?s=96&d=mm&r=g","caption":"Ant\u00f3n Lorenzo Gonz\u00e1lez"},"url":"https:\/\/www.anovapeneira.gal\/index.php\/author\/xaque\/"}]}},"jetpack_featured_media_url":"https:\/\/www.anovapeneira.gal\/wp-content\/uploads\/2022\/11\/ponte_salvaterra.jpg","_links":{"self":[{"href":"https:\/\/www.anovapeneira.gal\/index.php\/wp-json\/wp\/v2\/posts\/8600","targetHints":{"allow":["GET"]}}],"collection":[{"href":"https:\/\/www.anovapeneira.gal\/index.php\/wp-json\/wp\/v2\/posts"}],"about":[{"href":"https:\/\/www.anovapeneira.gal\/index.php\/wp-json\/wp\/v2\/types\/post"}],"author":[{"embeddable":true,"href":"https:\/\/www.anovapeneira.gal\/index.php\/wp-json\/wp\/v2\/users\/34"}],"replies":[{"embeddable":true,"href":"https:\/\/www.anovapeneira.gal\/index.php\/wp-json\/wp\/v2\/comments?post=8600"}],"version-history":[{"count":2,"href":"https:\/\/www.anovapeneira.gal\/index.php\/wp-json\/wp\/v2\/posts\/8600\/revisions"}],"predecessor-version":[{"id":8603,"href":"https:\/\/www.anovapeneira.gal\/index.php\/wp-json\/wp\/v2\/posts\/8600\/revisions\/8603"}],"wp:featuredmedia":[{"embeddable":true,"href":"https:\/\/www.anovapeneira.gal\/index.php\/wp-json\/wp\/v2\/media\/8602"}],"wp:attachment":[{"href":"https:\/\/www.anovapeneira.gal\/index.php\/wp-json\/wp\/v2\/media?parent=8600"}],"wp:term":[{"taxonomy":"category","embeddable":true,"href":"https:\/\/www.anovapeneira.gal\/index.php\/wp-json\/wp\/v2\/categories?post=8600"},{"taxonomy":"post_tag","embeddable":true,"href":"https:\/\/www.anovapeneira.gal\/index.php\/wp-json\/wp\/v2\/tags?post=8600"}],"curies":[{"name":"wp","href":"https:\/\/api.w.org\/{rel}","templated":true}]}}