{"id":8610,"date":"2022-11-23T10:00:33","date_gmt":"2022-11-23T09:00:33","guid":{"rendered":"https:\/\/www.anovapeneira.gal\/?p=8610"},"modified":"2022-11-18T09:52:19","modified_gmt":"2022-11-18T08:52:19","slug":"avelina-salgues-otero-mestra-das-nenas-de-fornelos-da-ribeira","status":"publish","type":"post","link":"https:\/\/www.anovapeneira.gal\/index.php\/2022\/11\/23\/avelina-salgues-otero-mestra-das-nenas-de-fornelos-da-ribeira\/","title":{"rendered":"Avelina Salgu\u00e9s Otero, Mestra das nenas de Fornelos da Ribeira"},"content":{"rendered":"\n<pre class=\"wp-block-verse\">Manuel\u00a0Alfonso\u00a0Est\u00e9vez<\/pre>\n\n\n\n<p>A historiograf\u00eda sobre a educaci\u00f3n, na II Rep\u00fablica, era de grandes esperanzas educativas e viuse enriquecida coas colaboraci\u00f3ns dos traballos potenciais de Puelles Benitez, e de Fern\u00e1ndez Soria. (Educaci\u00f3n e ideolox\u00eda na Espa\u00f1a Contempor\u00e1nea, 1.767- 1.975, e Educaci\u00f3n e Cultura, socializaci\u00f3n e lexitimaci\u00f3n pol\u00edtica, 1.931-1.970) porque segundo os investigadores a Educaci\u00f3n, era unha das bases da reforma emprendida para lograr a democracia e modernismo, do pa\u00eds, xerando esperanzas e temores polos extremismos pol\u00edticos e crise econ\u00f3mica.<\/p>\n\n\n\n<p>A II Rep\u00fablica intentaba confirmar un estado educador da xente, de homes e mulleres, mais libres, na defensa dos seus dereitos, e na igualdade dos seus deberes, plasmados na Constituci\u00f3n republicana.<\/p>\n\n\n\n<p>A educaci\u00f3n republicana, beb\u00eda dos ideais da ILE e do PSOE e da Escola Nova: Unha ensinanza p\u00fablica, obrigatoria, gratu\u00edta, activa e laica, comprometida contra as desigualdades sociais, de x\u00e9nero e de lingua,algo parecido a de hoxe.<\/p>\n\n\n\n<p>Polo menos, se est\u00e1 a conseguir estes obxectivos que quedaron plasmados nos plans da Escola Normal, establecemento da escola \u00fanica, planificaci\u00f3n, execuci\u00f3n e construci\u00f3n dos actuais centros do Ensino, con experiencia mixta na escola primaria, que durante a Guerra Civil, se viu alterada e politizada na zona leal a II Rep\u00fablica, a depuraci\u00f3n sufrida, requisa dos edificios escolares e adaptaci\u00f3n o contexto b\u00e9lico plasmado, etc.<\/p>\n\n\n\n<p>Finalizada a Guerra Civil, o franquismo cambiou a educaci\u00f3n rapidamente substitu\u00edndo a lexislaci\u00f3n republicana pola outra fundamentada nos \u201cprincipios cat\u00f3licos e falanxistas\u201d, que afectou de maneira directa a vida das mestras e mestres, e os seus valores difundidos pola escola.<\/p>\n\n\n\n<p>A ensinanza franquista estivo centrada no nacional catolicismo. E nos meus anos, e agora, incluso, cada vez hai teses, estudos e traballos sobre a represi\u00f3n,e un an\u00e1lise local, da inquietude dos profesionais sobre o futuro, ata tal punto que alg\u00fans se \u201cpecharon\u201d nos \u00faltimos anos co franquismo. Mais non pod\u00edan facer!<\/p>\n\n\n\n<p>Eu non pretendo mais que formular, dentro do \u00e1mbito da historia local de Fornelos da Ribeira, do x\u00e9nero, da educaci\u00f3n, da nosa AVELINA SALGU\u00c9S OTERO, que co\u00f1ec\u00edn de rapaz, no eido de Cambra, naquela parcela da ensinanza,hoxe momento hist\u00f3rico, que A Nova Peneira, A Nosa! Recolle amorosamente.<\/p>\n\n\n\n<p>Neste pequeno traballo, me propuxen o seguintes obxectivos:<\/p>\n\n\n\n<p>Indagar, como era a mestra, tendo en conta os estudos, a idade, procedencia, experiencia laboral, tendencia ideol\u00f3xica e actividade durante a Guerra Civil, en Fornelos da Ribeira, e a s\u00faa reacci\u00f3n co proceso depurativo e a sanci\u00f3n.<\/p>\n\n\n\n<p>No segundo lugar, nomear o seu nome, como persoa que viviu este tempo hist\u00f3rico, e en ocasi\u00f3ns, antecesora que fixo posible, logo despois, da chegada da escola renovada, loitando durante o franquismo e a Transici\u00f3n por unha escola democr\u00e1tica.<\/p>\n\n\n\n<p>Aqu\u00ed deixo a mi\u00f1a grande consideraci\u00f3n para Marita Silva e Elda Mar\u00edn, de Fornelos, \u00e9 outras mais, invit\u00e1ndoas todas a reflexi\u00f3n sobre a importancia da actual liberdade de actuaci\u00f3n no ensino, e a pervivencia e transformaci\u00f3n dos valores que nos transmitira a escola dende 1.939 sufrindo as depuraci\u00f3ns, etc.<\/p>\n\n\n\n<p>A Nova Peneira, \u201cA Nosa\u201d sempre atenta, recolle estes problemas desagradables que tiveron lugar nas nosas parroquias, para que a nova xuventude saiba daqueles tempos tristes e miserables pasados nas nosas parroquias.<\/p>\n\n\n\n<p>A escola foi considerada polo franquismo como unha prolongaci\u00f3n da familia daquela maneira, que determinaba a funci\u00f3n da docente, como factor de rexeneraci\u00f3n social, especialmente neste caso de Avelina Salgu\u00e9s Otero, como prolongaci\u00f3n do rol maternal da familia.<\/p>\n\n\n\n<p>E, actualmente, a \u201cconvivencia das novas xeraci\u00f3ns de mestras e mestres\u201d, coas s\u00faas diferentes inquedanzas e pesares que enriquecen a vida pr\u00e1ctica deles ou das nosas docentes. Manuel Alfonso Est\u00e9vez.<\/p>\n","protected":false},"excerpt":{"rendered":"<div class=\"mh-excerpt\"><p>A historiograf\u00eda sobre a educaci\u00f3n, na II Rep\u00fablica, era de grandes esperanzas educativas e viuse enriquecida coas colaboraci\u00f3ns dos traballos potenciais de Puelles Benitez, e de Fern\u00e1ndez Soria <a class=\"mh-excerpt-more\" href=\"https:\/\/www.anovapeneira.gal\/index.php\/2022\/11\/23\/avelina-salgues-otero-mestra-das-nenas-de-fornelos-da-ribeira\/\" title=\"Avelina Salgu\u00e9s Otero, Mestra das nenas de Fornelos da Ribeira\">[&#8230;]<\/a><\/p>\n<\/div>","protected":false},"author":40,"featured_media":5108,"comment_status":"open","ping_status":"open","sticky":false,"template":"","format":"standard","meta":{"_exactmetrics_skip_tracking":false,"_exactmetrics_sitenote_active":false,"_exactmetrics_sitenote_note":"","_exactmetrics_sitenote_category":0,"footnotes":""},"categories":[7],"tags":[],"class_list":{"0":"post-8610","1":"post","2":"type-post","3":"status-publish","4":"format-standard","5":"has-post-thumbnail","7":"category-artigos-de-opinion"},"yoast_head":"<!-- This site is optimized with the Yoast SEO plugin v27.4 - https:\/\/yoast.com\/product\/yoast-seo-wordpress\/ -->\n<title>Avelina Salgu\u00e9s Otero, Mestra das nenas de Fornelos da Ribeira -<\/title>\n<meta name=\"description\" content=\"A historiograf\u00eda sobre a educaci\u00f3n, na II Rep\u00fablica, era de grandes esperanzas educativas e viuse enriquecida coas colaboraci\u00f3ns dos traballos potenciais de Puelles Benitez, e de Fern\u00e1ndez Soria\" \/>\n<meta name=\"robots\" content=\"index, follow, max-snippet:-1, max-image-preview:large, max-video-preview:-1\" \/>\n<link rel=\"canonical\" href=\"https:\/\/www.anovapeneira.gal\/index.php\/2022\/11\/23\/avelina-salgues-otero-mestra-das-nenas-de-fornelos-da-ribeira\/\" \/>\n<meta property=\"og:locale\" content=\"gl_ES\" \/>\n<meta property=\"og:type\" content=\"article\" \/>\n<meta property=\"og:title\" content=\"Avelina Salgu\u00e9s Otero, Mestra das nenas de Fornelos da Ribeira -\" \/>\n<meta property=\"og:description\" content=\"A historiograf\u00eda sobre a educaci\u00f3n, na II Rep\u00fablica, era de grandes esperanzas educativas e viuse enriquecida coas colaboraci\u00f3ns dos traballos potenciais de Puelles Benitez, e de Fern\u00e1ndez Soria\" \/>\n<meta property=\"og:url\" content=\"https:\/\/www.anovapeneira.gal\/index.php\/2022\/11\/23\/avelina-salgues-otero-mestra-das-nenas-de-fornelos-da-ribeira\/\" \/>\n<meta property=\"article:publisher\" content=\"https:\/\/www.facebook.com\/anovapeneira\" \/>\n<meta property=\"article:published_time\" content=\"2022-11-23T09:00:33+00:00\" \/>\n<meta property=\"og:image\" content=\"https:\/\/www.anovapeneira.gal\/wp-content\/uploads\/2021\/03\/manuel_alfonso_estevez.jpg\" \/>\n\t<meta property=\"og:image:width\" content=\"720\" \/>\n\t<meta property=\"og:image:height\" content=\"432\" \/>\n\t<meta property=\"og:image:type\" content=\"image\/jpeg\" \/>\n<meta name=\"author\" content=\"Manuel Alfonso Est\u00e9vez\" \/>\n<meta name=\"twitter:card\" content=\"summary_large_image\" \/>\n<meta name=\"twitter:creator\" content=\"@APeneira\" \/>\n<meta name=\"twitter:site\" content=\"@APeneira\" \/>\n<meta name=\"twitter:label1\" content=\"Escrito por\" \/>\n\t<meta name=\"twitter:data1\" content=\"Manuel Alfonso Est\u00e9vez\" \/>\n\t<meta name=\"twitter:label2\" content=\"Tempo de lectura\" \/>\n\t<meta name=\"twitter:data2\" content=\"4 minutos\" \/>\n<script type=\"application\/ld+json\" class=\"yoast-schema-graph\">{\"@context\":\"https:\\\/\\\/schema.org\",\"@graph\":[{\"@type\":\"Article\",\"@id\":\"https:\\\/\\\/www.anovapeneira.gal\\\/index.php\\\/2022\\\/11\\\/23\\\/avelina-salgues-otero-mestra-das-nenas-de-fornelos-da-ribeira\\\/#article\",\"isPartOf\":{\"@id\":\"https:\\\/\\\/www.anovapeneira.gal\\\/index.php\\\/2022\\\/11\\\/23\\\/avelina-salgues-otero-mestra-das-nenas-de-fornelos-da-ribeira\\\/\"},\"author\":{\"name\":\"Manuel Alfonso Est\u00e9vez\",\"@id\":\"https:\\\/\\\/www.anovapeneira.gal\\\/#\\\/schema\\\/person\\\/6561b93d53e7a32f5d814768163bae2a\"},\"headline\":\"Avelina Salgu\u00e9s Otero, Mestra das nenas de Fornelos da Ribeira\",\"datePublished\":\"2022-11-23T09:00:33+00:00\",\"mainEntityOfPage\":{\"@id\":\"https:\\\/\\\/www.anovapeneira.gal\\\/index.php\\\/2022\\\/11\\\/23\\\/avelina-salgues-otero-mestra-das-nenas-de-fornelos-da-ribeira\\\/\"},\"wordCount\":661,\"commentCount\":0,\"publisher\":{\"@id\":\"https:\\\/\\\/www.anovapeneira.gal\\\/#organization\"},\"image\":{\"@id\":\"https:\\\/\\\/www.anovapeneira.gal\\\/index.php\\\/2022\\\/11\\\/23\\\/avelina-salgues-otero-mestra-das-nenas-de-fornelos-da-ribeira\\\/#primaryimage\"},\"thumbnailUrl\":\"https:\\\/\\\/www.anovapeneira.gal\\\/wp-content\\\/uploads\\\/2021\\\/03\\\/manuel_alfonso_estevez.jpg\",\"articleSection\":[\"Artigos de opini\u00f3n\"],\"inLanguage\":\"gl-ES\",\"potentialAction\":[{\"@type\":\"CommentAction\",\"name\":\"Comment\",\"target\":[\"https:\\\/\\\/www.anovapeneira.gal\\\/index.php\\\/2022\\\/11\\\/23\\\/avelina-salgues-otero-mestra-das-nenas-de-fornelos-da-ribeira\\\/#respond\"]}]},{\"@type\":\"WebPage\",\"@id\":\"https:\\\/\\\/www.anovapeneira.gal\\\/index.php\\\/2022\\\/11\\\/23\\\/avelina-salgues-otero-mestra-das-nenas-de-fornelos-da-ribeira\\\/\",\"url\":\"https:\\\/\\\/www.anovapeneira.gal\\\/index.php\\\/2022\\\/11\\\/23\\\/avelina-salgues-otero-mestra-das-nenas-de-fornelos-da-ribeira\\\/\",\"name\":\"Avelina Salgu\u00e9s Otero, Mestra das nenas de Fornelos da Ribeira -\",\"isPartOf\":{\"@id\":\"https:\\\/\\\/www.anovapeneira.gal\\\/#website\"},\"primaryImageOfPage\":{\"@id\":\"https:\\\/\\\/www.anovapeneira.gal\\\/index.php\\\/2022\\\/11\\\/23\\\/avelina-salgues-otero-mestra-das-nenas-de-fornelos-da-ribeira\\\/#primaryimage\"},\"image\":{\"@id\":\"https:\\\/\\\/www.anovapeneira.gal\\\/index.php\\\/2022\\\/11\\\/23\\\/avelina-salgues-otero-mestra-das-nenas-de-fornelos-da-ribeira\\\/#primaryimage\"},\"thumbnailUrl\":\"https:\\\/\\\/www.anovapeneira.gal\\\/wp-content\\\/uploads\\\/2021\\\/03\\\/manuel_alfonso_estevez.jpg\",\"datePublished\":\"2022-11-23T09:00:33+00:00\",\"description\":\"A historiograf\u00eda sobre a educaci\u00f3n, na II Rep\u00fablica, era de grandes esperanzas educativas e viuse enriquecida coas colaboraci\u00f3ns dos traballos potenciais de Puelles Benitez, e de Fern\u00e1ndez Soria\",\"breadcrumb\":{\"@id\":\"https:\\\/\\\/www.anovapeneira.gal\\\/index.php\\\/2022\\\/11\\\/23\\\/avelina-salgues-otero-mestra-das-nenas-de-fornelos-da-ribeira\\\/#breadcrumb\"},\"inLanguage\":\"gl-ES\",\"potentialAction\":[{\"@type\":\"ReadAction\",\"target\":[\"https:\\\/\\\/www.anovapeneira.gal\\\/index.php\\\/2022\\\/11\\\/23\\\/avelina-salgues-otero-mestra-das-nenas-de-fornelos-da-ribeira\\\/\"]}]},{\"@type\":\"ImageObject\",\"inLanguage\":\"gl-ES\",\"@id\":\"https:\\\/\\\/www.anovapeneira.gal\\\/index.php\\\/2022\\\/11\\\/23\\\/avelina-salgues-otero-mestra-das-nenas-de-fornelos-da-ribeira\\\/#primaryimage\",\"url\":\"https:\\\/\\\/www.anovapeneira.gal\\\/wp-content\\\/uploads\\\/2021\\\/03\\\/manuel_alfonso_estevez.jpg\",\"contentUrl\":\"https:\\\/\\\/www.anovapeneira.gal\\\/wp-content\\\/uploads\\\/2021\\\/03\\\/manuel_alfonso_estevez.jpg\",\"width\":720,\"height\":432,\"caption\":\"Manuel Alfonso Est\u00e9vez. Historia viva de Fornelos da Ribeira\"},{\"@type\":\"BreadcrumbList\",\"@id\":\"https:\\\/\\\/www.anovapeneira.gal\\\/index.php\\\/2022\\\/11\\\/23\\\/avelina-salgues-otero-mestra-das-nenas-de-fornelos-da-ribeira\\\/#breadcrumb\",\"itemListElement\":[{\"@type\":\"ListItem\",\"position\":1,\"name\":\"Portada\",\"item\":\"https:\\\/\\\/www.anovapeneira.gal\\\/\"},{\"@type\":\"ListItem\",\"position\":2,\"name\":\"Avelina Salgu\u00e9s Otero, Mestra das nenas de Fornelos da Ribeira\"}]},{\"@type\":\"WebSite\",\"@id\":\"https:\\\/\\\/www.anovapeneira.gal\\\/#website\",\"url\":\"https:\\\/\\\/www.anovapeneira.gal\\\/\",\"name\":\"\",\"description\":\"Xornal galego de informaci\u00f3n xeral Publicaci\u00f3n mensual de novas de Galicia e en especial dos Concellos da sur da provincia de Pontevedra.\",\"publisher\":{\"@id\":\"https:\\\/\\\/www.anovapeneira.gal\\\/#organization\"},\"potentialAction\":[{\"@type\":\"SearchAction\",\"target\":{\"@type\":\"EntryPoint\",\"urlTemplate\":\"https:\\\/\\\/www.anovapeneira.gal\\\/?s={search_term_string}\"},\"query-input\":{\"@type\":\"PropertyValueSpecification\",\"valueRequired\":true,\"valueName\":\"search_term_string\"}}],\"inLanguage\":\"gl-ES\"},{\"@type\":\"Organization\",\"@id\":\"https:\\\/\\\/www.anovapeneira.gal\\\/#organization\",\"name\":\"A Nova Peneira\",\"url\":\"https:\\\/\\\/www.anovapeneira.gal\\\/\",\"logo\":{\"@type\":\"ImageObject\",\"inLanguage\":\"gl-ES\",\"@id\":\"https:\\\/\\\/www.anovapeneira.gal\\\/#\\\/schema\\\/logo\\\/image\\\/\",\"url\":\"http:\\\/\\\/www.anovapeneira.gal\\\/wp-content\\\/uploads\\\/2019\\\/06\\\/logo_a_nova_peneira_portal_web.png\",\"contentUrl\":\"http:\\\/\\\/www.anovapeneira.gal\\\/wp-content\\\/uploads\\\/2019\\\/06\\\/logo_a_nova_peneira_portal_web.png\",\"width\":300,\"height\":100,\"caption\":\"A Nova Peneira\"},\"image\":{\"@id\":\"https:\\\/\\\/www.anovapeneira.gal\\\/#\\\/schema\\\/logo\\\/image\\\/\"},\"sameAs\":[\"https:\\\/\\\/www.facebook.com\\\/anovapeneira\",\"https:\\\/\\\/x.com\\\/APeneira\"]},{\"@type\":\"Person\",\"@id\":\"https:\\\/\\\/www.anovapeneira.gal\\\/#\\\/schema\\\/person\\\/6561b93d53e7a32f5d814768163bae2a\",\"name\":\"Manuel Alfonso Est\u00e9vez\",\"image\":{\"@type\":\"ImageObject\",\"inLanguage\":\"gl-ES\",\"@id\":\"https:\\\/\\\/secure.gravatar.com\\\/avatar\\\/f5d3e86603a02dabc520fdacad8691552cb5b3b57ede8828ababc7095c054594?s=96&d=mm&r=g\",\"url\":\"https:\\\/\\\/secure.gravatar.com\\\/avatar\\\/f5d3e86603a02dabc520fdacad8691552cb5b3b57ede8828ababc7095c054594?s=96&d=mm&r=g\",\"contentUrl\":\"https:\\\/\\\/secure.gravatar.com\\\/avatar\\\/f5d3e86603a02dabc520fdacad8691552cb5b3b57ede8828ababc7095c054594?s=96&d=mm&r=g\",\"caption\":\"Manuel Alfonso Est\u00e9vez\"},\"url\":\"https:\\\/\\\/www.anovapeneira.gal\\\/index.php\\\/author\\\/manuelalfonso\\\/\"}]}<\/script>\n<!-- \/ Yoast SEO plugin. -->","yoast_head_json":{"title":"Avelina Salgu\u00e9s Otero, Mestra das nenas de Fornelos da Ribeira -","description":"A historiograf\u00eda sobre a educaci\u00f3n, na II Rep\u00fablica, era de grandes esperanzas educativas e viuse enriquecida coas colaboraci\u00f3ns dos traballos potenciais de Puelles Benitez, e de Fern\u00e1ndez Soria","robots":{"index":"index","follow":"follow","max-snippet":"max-snippet:-1","max-image-preview":"max-image-preview:large","max-video-preview":"max-video-preview:-1"},"canonical":"https:\/\/www.anovapeneira.gal\/index.php\/2022\/11\/23\/avelina-salgues-otero-mestra-das-nenas-de-fornelos-da-ribeira\/","og_locale":"gl_ES","og_type":"article","og_title":"Avelina Salgu\u00e9s Otero, Mestra das nenas de Fornelos da Ribeira -","og_description":"A historiograf\u00eda sobre a educaci\u00f3n, na II Rep\u00fablica, era de grandes esperanzas educativas e viuse enriquecida coas colaboraci\u00f3ns dos traballos potenciais de Puelles Benitez, e de Fern\u00e1ndez Soria","og_url":"https:\/\/www.anovapeneira.gal\/index.php\/2022\/11\/23\/avelina-salgues-otero-mestra-das-nenas-de-fornelos-da-ribeira\/","article_publisher":"https:\/\/www.facebook.com\/anovapeneira","article_published_time":"2022-11-23T09:00:33+00:00","og_image":[{"width":720,"height":432,"url":"https:\/\/www.anovapeneira.gal\/wp-content\/uploads\/2021\/03\/manuel_alfonso_estevez.jpg","type":"image\/jpeg"}],"author":"Manuel Alfonso Est\u00e9vez","twitter_card":"summary_large_image","twitter_creator":"@APeneira","twitter_site":"@APeneira","twitter_misc":{"Escrito por":"Manuel Alfonso Est\u00e9vez","Tempo de lectura":"4 minutos"},"schema":{"@context":"https:\/\/schema.org","@graph":[{"@type":"Article","@id":"https:\/\/www.anovapeneira.gal\/index.php\/2022\/11\/23\/avelina-salgues-otero-mestra-das-nenas-de-fornelos-da-ribeira\/#article","isPartOf":{"@id":"https:\/\/www.anovapeneira.gal\/index.php\/2022\/11\/23\/avelina-salgues-otero-mestra-das-nenas-de-fornelos-da-ribeira\/"},"author":{"name":"Manuel Alfonso Est\u00e9vez","@id":"https:\/\/www.anovapeneira.gal\/#\/schema\/person\/6561b93d53e7a32f5d814768163bae2a"},"headline":"Avelina Salgu\u00e9s Otero, Mestra das nenas de Fornelos da Ribeira","datePublished":"2022-11-23T09:00:33+00:00","mainEntityOfPage":{"@id":"https:\/\/www.anovapeneira.gal\/index.php\/2022\/11\/23\/avelina-salgues-otero-mestra-das-nenas-de-fornelos-da-ribeira\/"},"wordCount":661,"commentCount":0,"publisher":{"@id":"https:\/\/www.anovapeneira.gal\/#organization"},"image":{"@id":"https:\/\/www.anovapeneira.gal\/index.php\/2022\/11\/23\/avelina-salgues-otero-mestra-das-nenas-de-fornelos-da-ribeira\/#primaryimage"},"thumbnailUrl":"https:\/\/www.anovapeneira.gal\/wp-content\/uploads\/2021\/03\/manuel_alfonso_estevez.jpg","articleSection":["Artigos de opini\u00f3n"],"inLanguage":"gl-ES","potentialAction":[{"@type":"CommentAction","name":"Comment","target":["https:\/\/www.anovapeneira.gal\/index.php\/2022\/11\/23\/avelina-salgues-otero-mestra-das-nenas-de-fornelos-da-ribeira\/#respond"]}]},{"@type":"WebPage","@id":"https:\/\/www.anovapeneira.gal\/index.php\/2022\/11\/23\/avelina-salgues-otero-mestra-das-nenas-de-fornelos-da-ribeira\/","url":"https:\/\/www.anovapeneira.gal\/index.php\/2022\/11\/23\/avelina-salgues-otero-mestra-das-nenas-de-fornelos-da-ribeira\/","name":"Avelina Salgu\u00e9s Otero, Mestra das nenas de Fornelos da Ribeira -","isPartOf":{"@id":"https:\/\/www.anovapeneira.gal\/#website"},"primaryImageOfPage":{"@id":"https:\/\/www.anovapeneira.gal\/index.php\/2022\/11\/23\/avelina-salgues-otero-mestra-das-nenas-de-fornelos-da-ribeira\/#primaryimage"},"image":{"@id":"https:\/\/www.anovapeneira.gal\/index.php\/2022\/11\/23\/avelina-salgues-otero-mestra-das-nenas-de-fornelos-da-ribeira\/#primaryimage"},"thumbnailUrl":"https:\/\/www.anovapeneira.gal\/wp-content\/uploads\/2021\/03\/manuel_alfonso_estevez.jpg","datePublished":"2022-11-23T09:00:33+00:00","description":"A historiograf\u00eda sobre a educaci\u00f3n, na II Rep\u00fablica, era de grandes esperanzas educativas e viuse enriquecida coas colaboraci\u00f3ns dos traballos potenciais de Puelles Benitez, e de Fern\u00e1ndez Soria","breadcrumb":{"@id":"https:\/\/www.anovapeneira.gal\/index.php\/2022\/11\/23\/avelina-salgues-otero-mestra-das-nenas-de-fornelos-da-ribeira\/#breadcrumb"},"inLanguage":"gl-ES","potentialAction":[{"@type":"ReadAction","target":["https:\/\/www.anovapeneira.gal\/index.php\/2022\/11\/23\/avelina-salgues-otero-mestra-das-nenas-de-fornelos-da-ribeira\/"]}]},{"@type":"ImageObject","inLanguage":"gl-ES","@id":"https:\/\/www.anovapeneira.gal\/index.php\/2022\/11\/23\/avelina-salgues-otero-mestra-das-nenas-de-fornelos-da-ribeira\/#primaryimage","url":"https:\/\/www.anovapeneira.gal\/wp-content\/uploads\/2021\/03\/manuel_alfonso_estevez.jpg","contentUrl":"https:\/\/www.anovapeneira.gal\/wp-content\/uploads\/2021\/03\/manuel_alfonso_estevez.jpg","width":720,"height":432,"caption":"Manuel Alfonso Est\u00e9vez. Historia viva de Fornelos da Ribeira"},{"@type":"BreadcrumbList","@id":"https:\/\/www.anovapeneira.gal\/index.php\/2022\/11\/23\/avelina-salgues-otero-mestra-das-nenas-de-fornelos-da-ribeira\/#breadcrumb","itemListElement":[{"@type":"ListItem","position":1,"name":"Portada","item":"https:\/\/www.anovapeneira.gal\/"},{"@type":"ListItem","position":2,"name":"Avelina Salgu\u00e9s Otero, Mestra das nenas de Fornelos da Ribeira"}]},{"@type":"WebSite","@id":"https:\/\/www.anovapeneira.gal\/#website","url":"https:\/\/www.anovapeneira.gal\/","name":"","description":"Xornal galego de informaci\u00f3n xeral Publicaci\u00f3n mensual de novas de Galicia e en especial dos Concellos da sur da provincia de Pontevedra.","publisher":{"@id":"https:\/\/www.anovapeneira.gal\/#organization"},"potentialAction":[{"@type":"SearchAction","target":{"@type":"EntryPoint","urlTemplate":"https:\/\/www.anovapeneira.gal\/?s={search_term_string}"},"query-input":{"@type":"PropertyValueSpecification","valueRequired":true,"valueName":"search_term_string"}}],"inLanguage":"gl-ES"},{"@type":"Organization","@id":"https:\/\/www.anovapeneira.gal\/#organization","name":"A Nova Peneira","url":"https:\/\/www.anovapeneira.gal\/","logo":{"@type":"ImageObject","inLanguage":"gl-ES","@id":"https:\/\/www.anovapeneira.gal\/#\/schema\/logo\/image\/","url":"http:\/\/www.anovapeneira.gal\/wp-content\/uploads\/2019\/06\/logo_a_nova_peneira_portal_web.png","contentUrl":"http:\/\/www.anovapeneira.gal\/wp-content\/uploads\/2019\/06\/logo_a_nova_peneira_portal_web.png","width":300,"height":100,"caption":"A Nova Peneira"},"image":{"@id":"https:\/\/www.anovapeneira.gal\/#\/schema\/logo\/image\/"},"sameAs":["https:\/\/www.facebook.com\/anovapeneira","https:\/\/x.com\/APeneira"]},{"@type":"Person","@id":"https:\/\/www.anovapeneira.gal\/#\/schema\/person\/6561b93d53e7a32f5d814768163bae2a","name":"Manuel Alfonso Est\u00e9vez","image":{"@type":"ImageObject","inLanguage":"gl-ES","@id":"https:\/\/secure.gravatar.com\/avatar\/f5d3e86603a02dabc520fdacad8691552cb5b3b57ede8828ababc7095c054594?s=96&d=mm&r=g","url":"https:\/\/secure.gravatar.com\/avatar\/f5d3e86603a02dabc520fdacad8691552cb5b3b57ede8828ababc7095c054594?s=96&d=mm&r=g","contentUrl":"https:\/\/secure.gravatar.com\/avatar\/f5d3e86603a02dabc520fdacad8691552cb5b3b57ede8828ababc7095c054594?s=96&d=mm&r=g","caption":"Manuel Alfonso Est\u00e9vez"},"url":"https:\/\/www.anovapeneira.gal\/index.php\/author\/manuelalfonso\/"}]}},"jetpack_featured_media_url":"https:\/\/www.anovapeneira.gal\/wp-content\/uploads\/2021\/03\/manuel_alfonso_estevez.jpg","_links":{"self":[{"href":"https:\/\/www.anovapeneira.gal\/index.php\/wp-json\/wp\/v2\/posts\/8610","targetHints":{"allow":["GET"]}}],"collection":[{"href":"https:\/\/www.anovapeneira.gal\/index.php\/wp-json\/wp\/v2\/posts"}],"about":[{"href":"https:\/\/www.anovapeneira.gal\/index.php\/wp-json\/wp\/v2\/types\/post"}],"author":[{"embeddable":true,"href":"https:\/\/www.anovapeneira.gal\/index.php\/wp-json\/wp\/v2\/users\/40"}],"replies":[{"embeddable":true,"href":"https:\/\/www.anovapeneira.gal\/index.php\/wp-json\/wp\/v2\/comments?post=8610"}],"version-history":[{"count":1,"href":"https:\/\/www.anovapeneira.gal\/index.php\/wp-json\/wp\/v2\/posts\/8610\/revisions"}],"predecessor-version":[{"id":8611,"href":"https:\/\/www.anovapeneira.gal\/index.php\/wp-json\/wp\/v2\/posts\/8610\/revisions\/8611"}],"wp:featuredmedia":[{"embeddable":true,"href":"https:\/\/www.anovapeneira.gal\/index.php\/wp-json\/wp\/v2\/media\/5108"}],"wp:attachment":[{"href":"https:\/\/www.anovapeneira.gal\/index.php\/wp-json\/wp\/v2\/media?parent=8610"}],"wp:term":[{"taxonomy":"category","embeddable":true,"href":"https:\/\/www.anovapeneira.gal\/index.php\/wp-json\/wp\/v2\/categories?post=8610"},{"taxonomy":"post_tag","embeddable":true,"href":"https:\/\/www.anovapeneira.gal\/index.php\/wp-json\/wp\/v2\/tags?post=8610"}],"curies":[{"name":"wp","href":"https:\/\/api.w.org\/{rel}","templated":true}]}}