{"id":8612,"date":"2022-11-23T12:00:15","date_gmt":"2022-11-23T11:00:15","guid":{"rendered":"https:\/\/www.anovapeneira.gal\/?p=8612"},"modified":"2022-11-18T10:01:41","modified_gmt":"2022-11-18T09:01:41","slug":"a-xustiza-obriga-a-allianz-a-garantir-as-polizas-en-galego","status":"publish","type":"post","link":"https:\/\/www.anovapeneira.gal\/index.php\/2022\/11\/23\/a-xustiza-obriga-a-allianz-a-garantir-as-polizas-en-galego\/","title":{"rendered":"A xustiza obriga a Allianz a garantir as p\u00f3lizas en galego"},"content":{"rendered":"\n<p>Un empresario galego consigue que a empresa aseguradora se vexa obrigada a entregar unha p\u00f3liza de seguro de responsabilidade civil redactada en lingua galega, tal e como recolle a lei, e a pagar as costas do xu\u00edzo, co apoio d&#8217;A Mesa pola Normalizaci\u00f3n, a trav\u00e9s da Li\u00f1a do Galego.<\/p>\n\n\n\n<p><strong>Santiago de Compostela, 11 de novembro de 2022.<\/strong><\/p>\n\n\n\n<p>Un empresario galego conseguiu que Allianz se vexa obrigada a ofrecerlle a posibilidade de asinar unha p\u00f3liza de seguro de responsabilidade civil na nosa lingua, un dereito reco\u00f1ecido pola lei 50\/1980 de 8 de outubro de Contrato de seguro que indica no seu artigo 8 que \u201ca p\u00f3liza do contrato deberase redactar, a elecci\u00f3n do tomador do seguro, en calquera das linguas espa\u00f1olas oficiais no lugar onde aquela se formalizar\u201d.<\/p>\n\n\n\n<p>Despois de solicitarllo directamente e por escrito en varias ocasi\u00f3ns \u00e1 empresa aseguradora e non recibir m\u00e1is que negativas ou dilaci\u00f3ns, o empresario optou por acudir \u00e1 Li\u00f1a do galego [1], servizo gratu\u00edto de asesoramento, queixas e parab\u00e9ns da Mesa pola Normalizaci\u00f3n Ling\u00fc\u00edstica, que puxo \u00e1 s\u00faa disposici\u00f3n os seus servizos xur\u00eddicos dirixidos pola Vicepresidenta da Mesa e directora do Observatorio de Dereitos Ling\u00fc\u00edsticos Elsa Quintas.<\/p>\n\n\n\n<p>Unha vez iniciado o proceso xudicial, Allianz reco\u00f1eceu axi\u00f1a a s\u00faa obriga a ofrecerlle \u00e1 empresa asegurada a p\u00f3liza redactada en lingua galega, polo que pediu que non se lle impuxeran as costas. Por\u00e9n, a xu\u00edza tivo en conta que exist\u00edan reclamaci\u00f3ns previas e considera que o feito de que a aseguradora pida a\u00ednda agora tempo para traducir a p\u00f3liza, &#8220;por non dispo\u00f1er da misma neste momento dada a premura do prazo&#8221;, proba que a empresa demandante se viu obrigada a acudir \u00e1 xustiza para facer efectivo os seus dereitos.<\/p>\n\n\n\n<p>A Mesa considera tanto a conformidade de Allianz como a sentenza e a condena \u00e1s custas do proceso como unha evidencia m\u00e1is do incumprimento sistem\u00e1tico e constante da lexislaci\u00f3n da maior\u00eda de aseguradoras. At\u00e9 este momento, s\u00f3 se obti\u00f1an compromisos puntuais perante a insistencia de particulares ou da propia entidade en defensa da lingua. Por\u00e9n, nesta ocasi\u00f3n o reco\u00f1ecemento da ilegalidade que se comete v\u00e9n reco\u00f1ecida expresamente por unha compa\u00f1\u00eda de seguros con resultado de sentenza favor\u00e1bel \u00e1 reclamaci\u00f3n dos dereito ao uso do galego.<\/p>\n\n\n\n<p>&#8220;O caso que motivou a demanda contra Allianz est\u00e1 xeralizado nas compa\u00f1\u00edas aseguradoras&#8221;, asegura o presidente da entidade, Marcos Maceira. &#8220;Contra o que a lei sinala est\u00edmase que s\u00f3 nun 1% dos casos oferecen as p\u00f3lizas en galego a petici\u00f3n do ou da clienta&#8221;, denuncia. O caso \u00e9 especialmente lesivo, porque se trata de contratos imprescind\u00edbeis ou mesmo obrigatorios para determinadas actividades e de que, no entanto, as aseguradoras non te\u00f1en reparos en negar ou mesmo coaccionar \u00e1 clientela cun amplo abano de escusas e pretextos para impedir o uso do galego. Estas pr\u00e1cticas discriminatorias fican tan claras que a propia sentenza fala de mala fe por parte de Allianz. &#8220;O lament\u00e1bel&#8221;, afirma Maceira, &#8220;\u00e9 que a\u00ednda haxa que acudir aos xulgados para reclamar poder exercer un dereito tan elemental como o uso da lingua propia&#8221;. &#8220;Esperamos que o acontecido sirva de exemplo e que rematen xa este tipo de pr\u00e1cticas&#8221;, remata.<\/p>\n\n\n\n<p>Dende a Mesa apelan \u00e1 responsabilidade do conxunto das aseguradoras para que este sexa o \u00faltimo caso. Neste sentido, ademais doutras acci\u00f3ns que A Mesa anunciar\u00e1 nos pr\u00f3ximos d\u00edas, A Mesa dirixirase a todas aseguradoras lembr\u00e1ndolles a s\u00faa obriga de cumprir a lei de xeito inmediato.<\/p>\n","protected":false},"excerpt":{"rendered":"<div class=\"mh-excerpt\"><p>Un empresario galego consigue que a empresa aseguradora se vexa obrigada a entregar unha p\u00f3liza de seguro de responsabilidade civil redactada en lingua galega, tal e como recolle a lei, e a pagar as costas do xu\u00edzo, co apoio d&#8217;A Mesa pola Normalizaci\u00f3n, a trav\u00e9s da Li\u00f1a do Galego <a class=\"mh-excerpt-more\" href=\"https:\/\/www.anovapeneira.gal\/index.php\/2022\/11\/23\/a-xustiza-obriga-a-allianz-a-garantir-as-polizas-en-galego\/\" title=\"A xustiza obriga a Allianz a garantir as p\u00f3lizas en galego\">[&#8230;]<\/a><\/p>\n<\/div>","protected":false},"author":3,"featured_media":1422,"comment_status":"open","ping_status":"open","sticky":false,"template":"","format":"standard","meta":{"_exactmetrics_skip_tracking":false,"_exactmetrics_sitenote_active":false,"_exactmetrics_sitenote_note":"","_exactmetrics_sitenote_category":0,"footnotes":""},"categories":[263],"tags":[684],"class_list":{"0":"post-8612","1":"post","2":"type-post","3":"status-publish","4":"format-standard","5":"has-post-thumbnail","7":"category-novas","8":"tag-mesa-pola-normalizacion-linguistica-para-galicia"},"yoast_head":"<!-- This site is optimized with the Yoast SEO plugin v27.4 - https:\/\/yoast.com\/product\/yoast-seo-wordpress\/ -->\n<title>A xustiza obriga a Allianz a garantir as p\u00f3lizas en galego -<\/title>\n<meta name=\"description\" content=\"Un empresario galego consigue que a empresa aseguradora se vexa obrigada a entregar unha p\u00f3liza de seguro de responsabilidade civil redactada en lingua galega, tal e como recolle a lei, e a pagar as costas do xu\u00edzo, co apoio d&#039;A Mesa pola Normalizaci\u00f3n, a trav\u00e9s da Li\u00f1a do Galego\" \/>\n<meta name=\"robots\" content=\"index, follow, max-snippet:-1, max-image-preview:large, max-video-preview:-1\" \/>\n<link rel=\"canonical\" href=\"https:\/\/www.anovapeneira.gal\/index.php\/2022\/11\/23\/a-xustiza-obriga-a-allianz-a-garantir-as-polizas-en-galego\/\" \/>\n<meta property=\"og:locale\" content=\"gl_ES\" \/>\n<meta property=\"og:type\" content=\"article\" \/>\n<meta property=\"og:title\" content=\"A xustiza obriga a Allianz a garantir as p\u00f3lizas en galego -\" \/>\n<meta property=\"og:description\" content=\"Un empresario galego consigue que a empresa aseguradora se vexa obrigada a entregar unha p\u00f3liza de seguro de responsabilidade civil redactada en lingua galega, tal e como recolle a lei, e a pagar as costas do xu\u00edzo, co apoio d&#039;A Mesa pola Normalizaci\u00f3n, a trav\u00e9s da Li\u00f1a do Galego\" \/>\n<meta property=\"og:url\" content=\"https:\/\/www.anovapeneira.gal\/index.php\/2022\/11\/23\/a-xustiza-obriga-a-allianz-a-garantir-as-polizas-en-galego\/\" \/>\n<meta property=\"article:publisher\" content=\"https:\/\/www.facebook.com\/anovapeneira\" \/>\n<meta property=\"article:published_time\" content=\"2022-11-23T11:00:15+00:00\" \/>\n<meta property=\"og:image\" content=\"https:\/\/www.anovapeneira.gal\/wp-content\/uploads\/2019\/09\/a_mesa_normalizacion_linguisticas_a_nova_peneira.jpg\" \/>\n\t<meta property=\"og:image:width\" content=\"720\" \/>\n\t<meta property=\"og:image:height\" content=\"473\" \/>\n\t<meta property=\"og:image:type\" content=\"image\/jpeg\" \/>\n<meta name=\"author\" content=\"Redacci\u00f3n A Nova Peneira\" \/>\n<meta name=\"twitter:card\" content=\"summary_large_image\" \/>\n<meta name=\"twitter:creator\" content=\"@APeneira\" \/>\n<meta name=\"twitter:site\" content=\"@APeneira\" \/>\n<meta name=\"twitter:label1\" content=\"Escrito por\" \/>\n\t<meta name=\"twitter:data1\" content=\"Redacci\u00f3n A Nova Peneira\" \/>\n\t<meta name=\"twitter:label2\" content=\"Tempo de lectura\" \/>\n\t<meta name=\"twitter:data2\" content=\"4 minutos\" \/>\n<script type=\"application\/ld+json\" class=\"yoast-schema-graph\">{\"@context\":\"https:\\\/\\\/schema.org\",\"@graph\":[{\"@type\":\"Article\",\"@id\":\"https:\\\/\\\/www.anovapeneira.gal\\\/index.php\\\/2022\\\/11\\\/23\\\/a-xustiza-obriga-a-allianz-a-garantir-as-polizas-en-galego\\\/#article\",\"isPartOf\":{\"@id\":\"https:\\\/\\\/www.anovapeneira.gal\\\/index.php\\\/2022\\\/11\\\/23\\\/a-xustiza-obriga-a-allianz-a-garantir-as-polizas-en-galego\\\/\"},\"author\":{\"name\":\"Redacci\u00f3n A Nova Peneira\",\"@id\":\"https:\\\/\\\/www.anovapeneira.gal\\\/#\\\/schema\\\/person\\\/b93e3f8932e3f8da96334607eb6ac6aa\"},\"headline\":\"A xustiza obriga a Allianz a garantir as p\u00f3lizas en galego\",\"datePublished\":\"2022-11-23T11:00:15+00:00\",\"mainEntityOfPage\":{\"@id\":\"https:\\\/\\\/www.anovapeneira.gal\\\/index.php\\\/2022\\\/11\\\/23\\\/a-xustiza-obriga-a-allianz-a-garantir-as-polizas-en-galego\\\/\"},\"wordCount\":623,\"commentCount\":0,\"publisher\":{\"@id\":\"https:\\\/\\\/www.anovapeneira.gal\\\/#organization\"},\"image\":{\"@id\":\"https:\\\/\\\/www.anovapeneira.gal\\\/index.php\\\/2022\\\/11\\\/23\\\/a-xustiza-obriga-a-allianz-a-garantir-as-polizas-en-galego\\\/#primaryimage\"},\"thumbnailUrl\":\"https:\\\/\\\/www.anovapeneira.gal\\\/wp-content\\\/uploads\\\/2019\\\/09\\\/a_mesa_normalizacion_linguisticas_a_nova_peneira.jpg\",\"keywords\":[\"Mesa pola normalizaci\u00f3n ling\u00fc\u00edstica para Galicia\"],\"articleSection\":[\"Novas\"],\"inLanguage\":\"gl-ES\",\"potentialAction\":[{\"@type\":\"CommentAction\",\"name\":\"Comment\",\"target\":[\"https:\\\/\\\/www.anovapeneira.gal\\\/index.php\\\/2022\\\/11\\\/23\\\/a-xustiza-obriga-a-allianz-a-garantir-as-polizas-en-galego\\\/#respond\"]}]},{\"@type\":\"WebPage\",\"@id\":\"https:\\\/\\\/www.anovapeneira.gal\\\/index.php\\\/2022\\\/11\\\/23\\\/a-xustiza-obriga-a-allianz-a-garantir-as-polizas-en-galego\\\/\",\"url\":\"https:\\\/\\\/www.anovapeneira.gal\\\/index.php\\\/2022\\\/11\\\/23\\\/a-xustiza-obriga-a-allianz-a-garantir-as-polizas-en-galego\\\/\",\"name\":\"A xustiza obriga a Allianz a garantir as p\u00f3lizas en galego -\",\"isPartOf\":{\"@id\":\"https:\\\/\\\/www.anovapeneira.gal\\\/#website\"},\"primaryImageOfPage\":{\"@id\":\"https:\\\/\\\/www.anovapeneira.gal\\\/index.php\\\/2022\\\/11\\\/23\\\/a-xustiza-obriga-a-allianz-a-garantir-as-polizas-en-galego\\\/#primaryimage\"},\"image\":{\"@id\":\"https:\\\/\\\/www.anovapeneira.gal\\\/index.php\\\/2022\\\/11\\\/23\\\/a-xustiza-obriga-a-allianz-a-garantir-as-polizas-en-galego\\\/#primaryimage\"},\"thumbnailUrl\":\"https:\\\/\\\/www.anovapeneira.gal\\\/wp-content\\\/uploads\\\/2019\\\/09\\\/a_mesa_normalizacion_linguisticas_a_nova_peneira.jpg\",\"datePublished\":\"2022-11-23T11:00:15+00:00\",\"description\":\"Un empresario galego consigue que a empresa aseguradora se vexa obrigada a entregar unha p\u00f3liza de seguro de responsabilidade civil redactada en lingua galega, tal e como recolle a lei, e a pagar as costas do xu\u00edzo, co apoio d'A Mesa pola Normalizaci\u00f3n, a trav\u00e9s da Li\u00f1a do Galego\",\"breadcrumb\":{\"@id\":\"https:\\\/\\\/www.anovapeneira.gal\\\/index.php\\\/2022\\\/11\\\/23\\\/a-xustiza-obriga-a-allianz-a-garantir-as-polizas-en-galego\\\/#breadcrumb\"},\"inLanguage\":\"gl-ES\",\"potentialAction\":[{\"@type\":\"ReadAction\",\"target\":[\"https:\\\/\\\/www.anovapeneira.gal\\\/index.php\\\/2022\\\/11\\\/23\\\/a-xustiza-obriga-a-allianz-a-garantir-as-polizas-en-galego\\\/\"]}]},{\"@type\":\"ImageObject\",\"inLanguage\":\"gl-ES\",\"@id\":\"https:\\\/\\\/www.anovapeneira.gal\\\/index.php\\\/2022\\\/11\\\/23\\\/a-xustiza-obriga-a-allianz-a-garantir-as-polizas-en-galego\\\/#primaryimage\",\"url\":\"https:\\\/\\\/www.anovapeneira.gal\\\/wp-content\\\/uploads\\\/2019\\\/09\\\/a_mesa_normalizacion_linguisticas_a_nova_peneira.jpg\",\"contentUrl\":\"https:\\\/\\\/www.anovapeneira.gal\\\/wp-content\\\/uploads\\\/2019\\\/09\\\/a_mesa_normalizacion_linguisticas_a_nova_peneira.jpg\",\"width\":720,\"height\":473,\"caption\":\"A Mesa de normalizaci\u00f3n A Nova Peneira\"},{\"@type\":\"BreadcrumbList\",\"@id\":\"https:\\\/\\\/www.anovapeneira.gal\\\/index.php\\\/2022\\\/11\\\/23\\\/a-xustiza-obriga-a-allianz-a-garantir-as-polizas-en-galego\\\/#breadcrumb\",\"itemListElement\":[{\"@type\":\"ListItem\",\"position\":1,\"name\":\"Portada\",\"item\":\"https:\\\/\\\/www.anovapeneira.gal\\\/\"},{\"@type\":\"ListItem\",\"position\":2,\"name\":\"A xustiza obriga a Allianz a garantir as p\u00f3lizas en galego\"}]},{\"@type\":\"WebSite\",\"@id\":\"https:\\\/\\\/www.anovapeneira.gal\\\/#website\",\"url\":\"https:\\\/\\\/www.anovapeneira.gal\\\/\",\"name\":\"\",\"description\":\"Xornal galego de informaci\u00f3n xeral Publicaci\u00f3n mensual de novas de Galicia e en especial dos Concellos da sur da provincia de Pontevedra.\",\"publisher\":{\"@id\":\"https:\\\/\\\/www.anovapeneira.gal\\\/#organization\"},\"potentialAction\":[{\"@type\":\"SearchAction\",\"target\":{\"@type\":\"EntryPoint\",\"urlTemplate\":\"https:\\\/\\\/www.anovapeneira.gal\\\/?s={search_term_string}\"},\"query-input\":{\"@type\":\"PropertyValueSpecification\",\"valueRequired\":true,\"valueName\":\"search_term_string\"}}],\"inLanguage\":\"gl-ES\"},{\"@type\":\"Organization\",\"@id\":\"https:\\\/\\\/www.anovapeneira.gal\\\/#organization\",\"name\":\"A Nova Peneira\",\"url\":\"https:\\\/\\\/www.anovapeneira.gal\\\/\",\"logo\":{\"@type\":\"ImageObject\",\"inLanguage\":\"gl-ES\",\"@id\":\"https:\\\/\\\/www.anovapeneira.gal\\\/#\\\/schema\\\/logo\\\/image\\\/\",\"url\":\"http:\\\/\\\/www.anovapeneira.gal\\\/wp-content\\\/uploads\\\/2019\\\/06\\\/logo_a_nova_peneira_portal_web.png\",\"contentUrl\":\"http:\\\/\\\/www.anovapeneira.gal\\\/wp-content\\\/uploads\\\/2019\\\/06\\\/logo_a_nova_peneira_portal_web.png\",\"width\":300,\"height\":100,\"caption\":\"A Nova Peneira\"},\"image\":{\"@id\":\"https:\\\/\\\/www.anovapeneira.gal\\\/#\\\/schema\\\/logo\\\/image\\\/\"},\"sameAs\":[\"https:\\\/\\\/www.facebook.com\\\/anovapeneira\",\"https:\\\/\\\/x.com\\\/APeneira\"]},{\"@type\":\"Person\",\"@id\":\"https:\\\/\\\/www.anovapeneira.gal\\\/#\\\/schema\\\/person\\\/b93e3f8932e3f8da96334607eb6ac6aa\",\"name\":\"Redacci\u00f3n A Nova Peneira\",\"image\":{\"@type\":\"ImageObject\",\"inLanguage\":\"gl-ES\",\"@id\":\"https:\\\/\\\/secure.gravatar.com\\\/avatar\\\/c052a2551a06e23fac63626232eaa90abd78dbcf1700fc46a2b2c89fd27b735f?s=96&d=mm&r=g\",\"url\":\"https:\\\/\\\/secure.gravatar.com\\\/avatar\\\/c052a2551a06e23fac63626232eaa90abd78dbcf1700fc46a2b2c89fd27b735f?s=96&d=mm&r=g\",\"contentUrl\":\"https:\\\/\\\/secure.gravatar.com\\\/avatar\\\/c052a2551a06e23fac63626232eaa90abd78dbcf1700fc46a2b2c89fd27b735f?s=96&d=mm&r=g\",\"caption\":\"Redacci\u00f3n A Nova Peneira\"},\"sameAs\":[\"http:\\\/\\\/www.anovapeneira.gal\\\/\"],\"url\":\"https:\\\/\\\/www.anovapeneira.gal\\\/index.php\\\/author\\\/redactor\\\/\"}]}<\/script>\n<!-- \/ Yoast SEO plugin. -->","yoast_head_json":{"title":"A xustiza obriga a Allianz a garantir as p\u00f3lizas en galego -","description":"Un empresario galego consigue que a empresa aseguradora se vexa obrigada a entregar unha p\u00f3liza de seguro de responsabilidade civil redactada en lingua galega, tal e como recolle a lei, e a pagar as costas do xu\u00edzo, co apoio d'A Mesa pola Normalizaci\u00f3n, a trav\u00e9s da Li\u00f1a do Galego","robots":{"index":"index","follow":"follow","max-snippet":"max-snippet:-1","max-image-preview":"max-image-preview:large","max-video-preview":"max-video-preview:-1"},"canonical":"https:\/\/www.anovapeneira.gal\/index.php\/2022\/11\/23\/a-xustiza-obriga-a-allianz-a-garantir-as-polizas-en-galego\/","og_locale":"gl_ES","og_type":"article","og_title":"A xustiza obriga a Allianz a garantir as p\u00f3lizas en galego -","og_description":"Un empresario galego consigue que a empresa aseguradora se vexa obrigada a entregar unha p\u00f3liza de seguro de responsabilidade civil redactada en lingua galega, tal e como recolle a lei, e a pagar as costas do xu\u00edzo, co apoio d'A Mesa pola Normalizaci\u00f3n, a trav\u00e9s da Li\u00f1a do Galego","og_url":"https:\/\/www.anovapeneira.gal\/index.php\/2022\/11\/23\/a-xustiza-obriga-a-allianz-a-garantir-as-polizas-en-galego\/","article_publisher":"https:\/\/www.facebook.com\/anovapeneira","article_published_time":"2022-11-23T11:00:15+00:00","og_image":[{"width":720,"height":473,"url":"https:\/\/www.anovapeneira.gal\/wp-content\/uploads\/2019\/09\/a_mesa_normalizacion_linguisticas_a_nova_peneira.jpg","type":"image\/jpeg"}],"author":"Redacci\u00f3n A Nova Peneira","twitter_card":"summary_large_image","twitter_creator":"@APeneira","twitter_site":"@APeneira","twitter_misc":{"Escrito por":"Redacci\u00f3n A Nova Peneira","Tempo de lectura":"4 minutos"},"schema":{"@context":"https:\/\/schema.org","@graph":[{"@type":"Article","@id":"https:\/\/www.anovapeneira.gal\/index.php\/2022\/11\/23\/a-xustiza-obriga-a-allianz-a-garantir-as-polizas-en-galego\/#article","isPartOf":{"@id":"https:\/\/www.anovapeneira.gal\/index.php\/2022\/11\/23\/a-xustiza-obriga-a-allianz-a-garantir-as-polizas-en-galego\/"},"author":{"name":"Redacci\u00f3n A Nova Peneira","@id":"https:\/\/www.anovapeneira.gal\/#\/schema\/person\/b93e3f8932e3f8da96334607eb6ac6aa"},"headline":"A xustiza obriga a Allianz a garantir as p\u00f3lizas en galego","datePublished":"2022-11-23T11:00:15+00:00","mainEntityOfPage":{"@id":"https:\/\/www.anovapeneira.gal\/index.php\/2022\/11\/23\/a-xustiza-obriga-a-allianz-a-garantir-as-polizas-en-galego\/"},"wordCount":623,"commentCount":0,"publisher":{"@id":"https:\/\/www.anovapeneira.gal\/#organization"},"image":{"@id":"https:\/\/www.anovapeneira.gal\/index.php\/2022\/11\/23\/a-xustiza-obriga-a-allianz-a-garantir-as-polizas-en-galego\/#primaryimage"},"thumbnailUrl":"https:\/\/www.anovapeneira.gal\/wp-content\/uploads\/2019\/09\/a_mesa_normalizacion_linguisticas_a_nova_peneira.jpg","keywords":["Mesa pola normalizaci\u00f3n ling\u00fc\u00edstica para Galicia"],"articleSection":["Novas"],"inLanguage":"gl-ES","potentialAction":[{"@type":"CommentAction","name":"Comment","target":["https:\/\/www.anovapeneira.gal\/index.php\/2022\/11\/23\/a-xustiza-obriga-a-allianz-a-garantir-as-polizas-en-galego\/#respond"]}]},{"@type":"WebPage","@id":"https:\/\/www.anovapeneira.gal\/index.php\/2022\/11\/23\/a-xustiza-obriga-a-allianz-a-garantir-as-polizas-en-galego\/","url":"https:\/\/www.anovapeneira.gal\/index.php\/2022\/11\/23\/a-xustiza-obriga-a-allianz-a-garantir-as-polizas-en-galego\/","name":"A xustiza obriga a Allianz a garantir as p\u00f3lizas en galego -","isPartOf":{"@id":"https:\/\/www.anovapeneira.gal\/#website"},"primaryImageOfPage":{"@id":"https:\/\/www.anovapeneira.gal\/index.php\/2022\/11\/23\/a-xustiza-obriga-a-allianz-a-garantir-as-polizas-en-galego\/#primaryimage"},"image":{"@id":"https:\/\/www.anovapeneira.gal\/index.php\/2022\/11\/23\/a-xustiza-obriga-a-allianz-a-garantir-as-polizas-en-galego\/#primaryimage"},"thumbnailUrl":"https:\/\/www.anovapeneira.gal\/wp-content\/uploads\/2019\/09\/a_mesa_normalizacion_linguisticas_a_nova_peneira.jpg","datePublished":"2022-11-23T11:00:15+00:00","description":"Un empresario galego consigue que a empresa aseguradora se vexa obrigada a entregar unha p\u00f3liza de seguro de responsabilidade civil redactada en lingua galega, tal e como recolle a lei, e a pagar as costas do xu\u00edzo, co apoio d'A Mesa pola Normalizaci\u00f3n, a trav\u00e9s da Li\u00f1a do Galego","breadcrumb":{"@id":"https:\/\/www.anovapeneira.gal\/index.php\/2022\/11\/23\/a-xustiza-obriga-a-allianz-a-garantir-as-polizas-en-galego\/#breadcrumb"},"inLanguage":"gl-ES","potentialAction":[{"@type":"ReadAction","target":["https:\/\/www.anovapeneira.gal\/index.php\/2022\/11\/23\/a-xustiza-obriga-a-allianz-a-garantir-as-polizas-en-galego\/"]}]},{"@type":"ImageObject","inLanguage":"gl-ES","@id":"https:\/\/www.anovapeneira.gal\/index.php\/2022\/11\/23\/a-xustiza-obriga-a-allianz-a-garantir-as-polizas-en-galego\/#primaryimage","url":"https:\/\/www.anovapeneira.gal\/wp-content\/uploads\/2019\/09\/a_mesa_normalizacion_linguisticas_a_nova_peneira.jpg","contentUrl":"https:\/\/www.anovapeneira.gal\/wp-content\/uploads\/2019\/09\/a_mesa_normalizacion_linguisticas_a_nova_peneira.jpg","width":720,"height":473,"caption":"A Mesa de normalizaci\u00f3n A Nova Peneira"},{"@type":"BreadcrumbList","@id":"https:\/\/www.anovapeneira.gal\/index.php\/2022\/11\/23\/a-xustiza-obriga-a-allianz-a-garantir-as-polizas-en-galego\/#breadcrumb","itemListElement":[{"@type":"ListItem","position":1,"name":"Portada","item":"https:\/\/www.anovapeneira.gal\/"},{"@type":"ListItem","position":2,"name":"A xustiza obriga a Allianz a garantir as p\u00f3lizas en galego"}]},{"@type":"WebSite","@id":"https:\/\/www.anovapeneira.gal\/#website","url":"https:\/\/www.anovapeneira.gal\/","name":"","description":"Xornal galego de informaci\u00f3n xeral Publicaci\u00f3n mensual de novas de Galicia e en especial dos Concellos da sur da provincia de Pontevedra.","publisher":{"@id":"https:\/\/www.anovapeneira.gal\/#organization"},"potentialAction":[{"@type":"SearchAction","target":{"@type":"EntryPoint","urlTemplate":"https:\/\/www.anovapeneira.gal\/?s={search_term_string}"},"query-input":{"@type":"PropertyValueSpecification","valueRequired":true,"valueName":"search_term_string"}}],"inLanguage":"gl-ES"},{"@type":"Organization","@id":"https:\/\/www.anovapeneira.gal\/#organization","name":"A Nova Peneira","url":"https:\/\/www.anovapeneira.gal\/","logo":{"@type":"ImageObject","inLanguage":"gl-ES","@id":"https:\/\/www.anovapeneira.gal\/#\/schema\/logo\/image\/","url":"http:\/\/www.anovapeneira.gal\/wp-content\/uploads\/2019\/06\/logo_a_nova_peneira_portal_web.png","contentUrl":"http:\/\/www.anovapeneira.gal\/wp-content\/uploads\/2019\/06\/logo_a_nova_peneira_portal_web.png","width":300,"height":100,"caption":"A Nova Peneira"},"image":{"@id":"https:\/\/www.anovapeneira.gal\/#\/schema\/logo\/image\/"},"sameAs":["https:\/\/www.facebook.com\/anovapeneira","https:\/\/x.com\/APeneira"]},{"@type":"Person","@id":"https:\/\/www.anovapeneira.gal\/#\/schema\/person\/b93e3f8932e3f8da96334607eb6ac6aa","name":"Redacci\u00f3n A Nova Peneira","image":{"@type":"ImageObject","inLanguage":"gl-ES","@id":"https:\/\/secure.gravatar.com\/avatar\/c052a2551a06e23fac63626232eaa90abd78dbcf1700fc46a2b2c89fd27b735f?s=96&d=mm&r=g","url":"https:\/\/secure.gravatar.com\/avatar\/c052a2551a06e23fac63626232eaa90abd78dbcf1700fc46a2b2c89fd27b735f?s=96&d=mm&r=g","contentUrl":"https:\/\/secure.gravatar.com\/avatar\/c052a2551a06e23fac63626232eaa90abd78dbcf1700fc46a2b2c89fd27b735f?s=96&d=mm&r=g","caption":"Redacci\u00f3n A Nova Peneira"},"sameAs":["http:\/\/www.anovapeneira.gal\/"],"url":"https:\/\/www.anovapeneira.gal\/index.php\/author\/redactor\/"}]}},"jetpack_featured_media_url":"https:\/\/www.anovapeneira.gal\/wp-content\/uploads\/2019\/09\/a_mesa_normalizacion_linguisticas_a_nova_peneira.jpg","_links":{"self":[{"href":"https:\/\/www.anovapeneira.gal\/index.php\/wp-json\/wp\/v2\/posts\/8612","targetHints":{"allow":["GET"]}}],"collection":[{"href":"https:\/\/www.anovapeneira.gal\/index.php\/wp-json\/wp\/v2\/posts"}],"about":[{"href":"https:\/\/www.anovapeneira.gal\/index.php\/wp-json\/wp\/v2\/types\/post"}],"author":[{"embeddable":true,"href":"https:\/\/www.anovapeneira.gal\/index.php\/wp-json\/wp\/v2\/users\/3"}],"replies":[{"embeddable":true,"href":"https:\/\/www.anovapeneira.gal\/index.php\/wp-json\/wp\/v2\/comments?post=8612"}],"version-history":[{"count":1,"href":"https:\/\/www.anovapeneira.gal\/index.php\/wp-json\/wp\/v2\/posts\/8612\/revisions"}],"predecessor-version":[{"id":8613,"href":"https:\/\/www.anovapeneira.gal\/index.php\/wp-json\/wp\/v2\/posts\/8612\/revisions\/8613"}],"wp:featuredmedia":[{"embeddable":true,"href":"https:\/\/www.anovapeneira.gal\/index.php\/wp-json\/wp\/v2\/media\/1422"}],"wp:attachment":[{"href":"https:\/\/www.anovapeneira.gal\/index.php\/wp-json\/wp\/v2\/media?parent=8612"}],"wp:term":[{"taxonomy":"category","embeddable":true,"href":"https:\/\/www.anovapeneira.gal\/index.php\/wp-json\/wp\/v2\/categories?post=8612"},{"taxonomy":"post_tag","embeddable":true,"href":"https:\/\/www.anovapeneira.gal\/index.php\/wp-json\/wp\/v2\/tags?post=8612"}],"curies":[{"name":"wp","href":"https:\/\/api.w.org\/{rel}","templated":true}]}}