{"id":8614,"date":"2022-11-24T10:00:00","date_gmt":"2022-11-24T09:00:00","guid":{"rendered":"https:\/\/www.anovapeneira.gal\/?p=8614"},"modified":"2022-11-18T10:35:26","modified_gmt":"2022-11-18T09:35:26","slug":"simboloxia-franquista-nas-igrexas-do-arciprestado-do-minor","status":"publish","type":"post","link":"https:\/\/www.anovapeneira.gal\/index.php\/2022\/11\/24\/simboloxia-franquista-nas-igrexas-do-arciprestado-do-minor\/","title":{"rendered":"Simbolox\u00eda franquista nas igrexas do arciprestado do Mi\u00f1or"},"content":{"rendered":"\n<p><strong>Jose Manuel Rodr\u00edguez Crespo. Membro da Asociaci\u00f3n de memoria militar democr\u00e1tica<\/strong><\/p>\n\n\n\n<p><strong>INFRINXE A LEI 20\/2022 de 19 de Outubro, DE MEMORIA DEMOCR\u00c1TICA (BOE 252 de 20 outubro 2022).<\/strong><\/p>\n\n\n\n<p>O Val Mi\u00f1or, est\u00e1 composto por tres Concellos : Nigr\u00e1n, Baiona e Gondomar, os cales \u00e1 s\u00faa vez conforman o Arciprestado do Mi\u00f1or pola uni\u00f3n do total das s\u00faas 22 parroquias. Nas paredes das s\u00faas igrexas inda se conserva simbolox\u00eda franquista, cuxo fin era lembrar permanentemente a vitoria dos sublevados sobre a Rep\u00fablica, xa que logo estaba colocada de xeito preeminente \u00f3 acceder \u00f3s templos.<\/p>\n\n\n\n<ul class=\"wp-block-list\"><li>T\u00f3dalas placas ou baixorrelevos te\u00f1en a mesma estrutura, consistente nunha cruz coroada polo nome do fundador da falanxe, e debaixo e a \u00e1mbolos lados dos brazos da mesma, os nomes dos soldados ou falanxistas do bando sublevado mortos na guerra civil da devandita parroquia, e por baixo, pechando a inscrici\u00f3n, a palabra \u201cpresentes\u201d.<\/li><\/ul>\n\n\n\n<h2 class=\"wp-block-heading\">CONCELLO DE BAIONA. Composto polas 5 parroquias de:<\/h2>\n\n\n\n<ul class=\"wp-block-list\"><li>BAIONA (Santa Mar\u00eda de Fora de Baiona): S\u00cd TEN. Forma de baixorrelevo.<\/li><\/ul>\n\n\n\n<p>Na s\u00faa Igrexa na parede da cara N, nas escaleiras de subida \u00f3 templo.<\/p>\n\n\n\n<figure class=\"wp-block-gallery alignwide has-nested-images columns-default is-cropped wp-block-gallery-1 is-layout-flex wp-block-gallery-is-layout-flex\">\n<figure class=\"wp-block-image size-large\"><img loading=\"lazy\" decoding=\"async\" width=\"674\" height=\"946\" data-id=\"8615\" src=\"https:\/\/www.anovapeneira.gal\/wp-content\/uploads\/2022\/11\/baiona.jpg\" alt=\"Memoria hist\u00f3rica\" class=\"wp-image-8615\" srcset=\"https:\/\/www.anovapeneira.gal\/wp-content\/uploads\/2022\/11\/baiona.jpg 674w, https:\/\/www.anovapeneira.gal\/wp-content\/uploads\/2022\/11\/baiona-214x300.jpg 214w\" sizes=\"auto, (max-width: 674px) 100vw, 674px\" \/><\/figure>\n\n\n\n<figure class=\"wp-block-image size-large\"><img loading=\"lazy\" decoding=\"async\" width=\"617\" height=\"762\" data-id=\"8616\" src=\"https:\/\/www.anovapeneira.gal\/wp-content\/uploads\/2022\/11\/baiona2.jpg\" alt=\"Memoria hist\u00f3rica\" class=\"wp-image-8616\" srcset=\"https:\/\/www.anovapeneira.gal\/wp-content\/uploads\/2022\/11\/baiona2.jpg 617w, https:\/\/www.anovapeneira.gal\/wp-content\/uploads\/2022\/11\/baiona2-243x300.jpg 243w\" sizes=\"auto, (max-width: 617px) 100vw, 617px\" \/><\/figure>\n<\/figure>\n\n\n\n<ul class=\"wp-block-list\"><li>BAREDO (Santa Mar\u00eda de Baredo): Non ten.<\/li><li>BA\u00cd\u00d1A (Santa Mari\u00f1a de Ba\u00ed\u00f1a): Non ten.<\/li><li>BELESAR (San Lourenzo de Belesar): Non ten.<\/li><li>SANTA CRISTINA (SABAR\u00cdS) (Santa Cristina da Ramallosa): Non ten.<\/li><\/ul>\n\n\n\n<h2 class=\"wp-block-heading\">CONCELLO DE NIGR\u00c1N: Composto por sete parroquias.<\/h2>\n\n\n\n<div class=\"wp-block-columns is-layout-flex wp-container-core-columns-is-layout-9d6595d7 wp-block-columns-is-layout-flex\">\n<div class=\"wp-block-column is-layout-flow wp-block-column-is-layout-flow\">\n<h3 class=\"wp-block-heading\">NIGR\u00c1N (San Fiz de Nigr\u00e1n): <\/h3>\n\n\n\n<p>S\u00cd TEN. En forma de baixorrelevo esculpido na parede N do templo.<\/p>\n<\/div>\n\n\n\n<div class=\"wp-block-column is-layout-flow wp-block-column-is-layout-flow\">\n<figure class=\"wp-block-image size-full\"><img loading=\"lazy\" decoding=\"async\" width=\"718\" height=\"555\" src=\"https:\/\/www.anovapeneira.gal\/wp-content\/uploads\/2022\/11\/nigran.jpg\" alt=\"\" class=\"wp-image-8619\" srcset=\"https:\/\/www.anovapeneira.gal\/wp-content\/uploads\/2022\/11\/nigran.jpg 718w, https:\/\/www.anovapeneira.gal\/wp-content\/uploads\/2022\/11\/nigran-300x232.jpg 300w\" sizes=\"auto, (max-width: 718px) 100vw, 718px\" \/><\/figure>\n<\/div>\n<\/div>\n\n\n\n<div class=\"wp-block-columns is-layout-flex wp-container-core-columns-is-layout-9d6595d7 wp-block-columns-is-layout-flex\">\n<div class=\"wp-block-column is-layout-flow wp-block-column-is-layout-flow\">\n<h3 class=\"wp-block-heading\">SAN PEDRO (San Pedro da Ramallosa):<\/h3>\n\n\n\n<p>S\u00cd TEN. Baixorrelevo esculpido no lado dereito da s\u00faa fachada principal.<\/p>\n<\/div>\n\n\n\n<div class=\"wp-block-column is-layout-flow wp-block-column-is-layout-flow\">\n<figure class=\"wp-block-image size-full\"><img loading=\"lazy\" decoding=\"async\" width=\"719\" height=\"539\" src=\"https:\/\/www.anovapeneira.gal\/wp-content\/uploads\/2022\/11\/san_pedro.jpg\" alt=\"\" class=\"wp-image-8621\" srcset=\"https:\/\/www.anovapeneira.gal\/wp-content\/uploads\/2022\/11\/san_pedro.jpg 719w, https:\/\/www.anovapeneira.gal\/wp-content\/uploads\/2022\/11\/san_pedro-300x225.jpg 300w, https:\/\/www.anovapeneira.gal\/wp-content\/uploads\/2022\/11\/san_pedro-678x509.jpg 678w, https:\/\/www.anovapeneira.gal\/wp-content\/uploads\/2022\/11\/san_pedro-326x245.jpg 326w, https:\/\/www.anovapeneira.gal\/wp-content\/uploads\/2022\/11\/san_pedro-80x60.jpg 80w\" sizes=\"auto, (max-width: 719px) 100vw, 719px\" \/><\/figure>\n<\/div>\n<\/div>\n\n\n\n<div class=\"wp-block-columns is-layout-flex wp-container-core-columns-is-layout-9d6595d7 wp-block-columns-is-layout-flex\">\n<div class=\"wp-block-column is-layout-flow wp-block-column-is-layout-flow\">\n<h3 class=\"wp-block-heading\">CHANDEBRITO (San Xos\u00e9 de Chandebrito):<\/h3>\n\n\n\n<p>S\u00cd TEN. Baixorrelevo esculpido no lado esquerdo da s\u00faa fachada principal. \u00c9 o que se atopa menos gastado pola erosi\u00f3n de todas.<\/p>\n<\/div>\n\n\n\n<div class=\"wp-block-column is-layout-flow wp-block-column-is-layout-flow\">\n<figure class=\"wp-block-image size-full\"><img loading=\"lazy\" decoding=\"async\" width=\"706\" height=\"597\" src=\"https:\/\/www.anovapeneira.gal\/wp-content\/uploads\/2022\/11\/chandebrito.jpg\" alt=\"\" class=\"wp-image-8623\" srcset=\"https:\/\/www.anovapeneira.gal\/wp-content\/uploads\/2022\/11\/chandebrito.jpg 706w, https:\/\/www.anovapeneira.gal\/wp-content\/uploads\/2022\/11\/chandebrito-300x254.jpg 300w\" sizes=\"auto, (max-width: 706px) 100vw, 706px\" \/><\/figure>\n<\/div>\n<\/div>\n\n\n\n<div class=\"wp-block-columns is-layout-flex wp-container-core-columns-is-layout-9d6595d7 wp-block-columns-is-layout-flex\">\n<div class=\"wp-block-column is-layout-flow wp-block-column-is-layout-flow\">\n<h3 class=\"wp-block-heading\">CAMOS (Santa Eulalia de Camos):<\/h3>\n\n\n\n<p>S\u00cd TEN. En forma de baixorrelevo esculpido no lado dereito da s\u00faa fachada principal.<\/p>\n<\/div>\n\n\n\n<div class=\"wp-block-column is-layout-flow wp-block-column-is-layout-flow\">\n<figure class=\"wp-block-image size-full\"><img loading=\"lazy\" decoding=\"async\" width=\"651\" height=\"500\" src=\"https:\/\/www.anovapeneira.gal\/wp-content\/uploads\/2022\/11\/camos.jpg\" alt=\"\" class=\"wp-image-8625\" srcset=\"https:\/\/www.anovapeneira.gal\/wp-content\/uploads\/2022\/11\/camos.jpg 651w, https:\/\/www.anovapeneira.gal\/wp-content\/uploads\/2022\/11\/camos-300x230.jpg 300w, https:\/\/www.anovapeneira.gal\/wp-content\/uploads\/2022\/11\/camos-80x60.jpg 80w\" sizes=\"auto, (max-width: 651px) 100vw, 651px\" \/><\/figure>\n<\/div>\n<\/div>\n\n\n\n<div class=\"wp-block-columns is-layout-flex wp-container-core-columns-is-layout-9d6595d7 wp-block-columns-is-layout-flex\">\n<div class=\"wp-block-column is-layout-flow wp-block-column-is-layout-flow\">\n<h3 class=\"wp-block-heading\">PARADA (Santiago de Parada):<\/h3>\n\n\n\n<p>S\u00cd TEN. En forma de baixorrelevo esculpido no lado esquerdo de s\u00faa fachada principal.<\/p>\n<\/div>\n\n\n\n<div class=\"wp-block-column is-layout-flow wp-block-column-is-layout-flow\">\n<figure class=\"wp-block-image size-full\"><img loading=\"lazy\" decoding=\"async\" width=\"725\" height=\"549\" src=\"https:\/\/www.anovapeneira.gal\/wp-content\/uploads\/2022\/11\/parada.jpg\" alt=\"\" class=\"wp-image-8627\" srcset=\"https:\/\/www.anovapeneira.gal\/wp-content\/uploads\/2022\/11\/parada.jpg 725w, https:\/\/www.anovapeneira.gal\/wp-content\/uploads\/2022\/11\/parada-300x227.jpg 300w, https:\/\/www.anovapeneira.gal\/wp-content\/uploads\/2022\/11\/parada-80x60.jpg 80w\" sizes=\"auto, (max-width: 725px) 100vw, 725px\" \/><\/figure>\n<\/div>\n<\/div>\n\n\n\n<div class=\"wp-block-columns is-layout-flex wp-container-core-columns-is-layout-9d6595d7 wp-block-columns-is-layout-flex\">\n<div class=\"wp-block-column is-layout-flow wp-block-column-is-layout-flow\">\n<h3 class=\"wp-block-heading\">PANX\u00d3N (San Xo\u00e1n de Panx\u00f3n):<\/h3>\n\n\n\n<p>S\u00cd TEN. En Forma de placa de m\u00e1rmore na s\u00faa parede Sur. \u00c9 a \u00fanica igrexa do concello que non est\u00e1 en forma de baixorrelevo.<\/p>\n<\/div>\n\n\n\n<div class=\"wp-block-column is-layout-flow wp-block-column-is-layout-flow\">\n<figure class=\"wp-block-image size-full\"><img loading=\"lazy\" decoding=\"async\" width=\"613\" height=\"710\" src=\"https:\/\/www.anovapeneira.gal\/wp-content\/uploads\/2022\/11\/panxon.jpg\" alt=\"\" class=\"wp-image-8629\" srcset=\"https:\/\/www.anovapeneira.gal\/wp-content\/uploads\/2022\/11\/panxon.jpg 613w, https:\/\/www.anovapeneira.gal\/wp-content\/uploads\/2022\/11\/panxon-259x300.jpg 259w\" sizes=\"auto, (max-width: 613px) 100vw, 613px\" \/><\/figure>\n<\/div>\n<\/div>\n\n\n\n<div class=\"wp-block-columns is-layout-flex wp-container-core-columns-is-layout-9d6595d7 wp-block-columns-is-layout-flex\">\n<div class=\"wp-block-column is-layout-flow wp-block-column-is-layout-flow\">\n<h3 class=\"wp-block-heading\">PRIEGUE (San Mamede de Priegue):<\/h3>\n\n\n\n<p>S\u00cd TEN. Baixorrelevo no lado dereito de s\u00faa fachada principal.<\/p>\n<\/div>\n\n\n\n<div class=\"wp-block-column is-layout-flow wp-block-column-is-layout-flow\">\n<figure class=\"wp-block-image size-full\"><img loading=\"lazy\" decoding=\"async\" width=\"691\" height=\"921\" src=\"https:\/\/www.anovapeneira.gal\/wp-content\/uploads\/2022\/11\/priegue.jpg\" alt=\"\" class=\"wp-image-8631\" srcset=\"https:\/\/www.anovapeneira.gal\/wp-content\/uploads\/2022\/11\/priegue.jpg 691w, https:\/\/www.anovapeneira.gal\/wp-content\/uploads\/2022\/11\/priegue-225x300.jpg 225w\" sizes=\"auto, (max-width: 691px) 100vw, 691px\" \/><\/figure>\n<\/div>\n<\/div>\n\n\n\n<ul class=\"wp-block-list\"><li>CONCELLO DE GONDOMAR. Composto por 10 parroquias:<\/li><\/ul>\n\n\n\n<ul class=\"wp-block-list\"><li>GONDOMAR (San Bieito de Gondomar): NON TEN.<\/li><li>VILAZA (Santa Mar\u00eda de Vilaza): NON TEN.<\/li><li>MA\u00d1UFE (San Vicente de Ma\u00f1ufe): NON TEN:<\/li><li>DONAS (Santa Baia de Donas): NON TEN.<\/li><li>BORREIROS (San Marti\u00f1o de Borreiros): NON TEN.<\/li><li>PEITIEIROS (San Miguel de Peitieiros): NON TEN.<\/li><li>VINCIOS (Santa Mari\u00f1a de Vincios): NON TEN.<\/li><li>MORGAD\u00c1NS (Santiago de Morgad\u00e1ns): NON TEN.<\/li><li>CHA\u00cdN (Santa Mar\u00eda de Cha\u00edn): NON TEN.<\/li><li>COUSO (San Cristovo de Couso): S\u00cd TEN. \u00c9 unha placa de m\u00e1rmore. Ven sendo a \u00fanica igrexa de todo o concello de Gondomar que conserva placa. Nembargantes, parece coma se houbese sido retirada e volta a por, a xulgar polo actual sistema de suxeici\u00f3n, distinto do de catro pernos orixinais de f\u00e1brica.<\/li><\/ul>\n\n\n\n<div class=\"wp-block-columns is-layout-flex wp-container-core-columns-is-layout-9d6595d7 wp-block-columns-is-layout-flex\">\n<div class=\"wp-block-column is-layout-flow wp-block-column-is-layout-flow\">\n<h3 class=\"wp-block-heading\"><strong>BALANZO FINAL<\/strong><\/h3>\n\n\n\n<p>Das 22 parroquias do Arciprestado do Mi\u00f1or, 9 conservan inscrici\u00f3ns de simbolox\u00eda franquista, xa sexa placa ou baixorrelevo. Salientar o feito (ignoramos o por que ) de que en TODAS as parroquias do Concello de NIGR\u00c1N -as sete- cons\u00e9rvanse ditas inscrici\u00f3ns e s\u00edmbolos, malia que xa a anterior lei obrigaba a retiralas.<\/p>\n\n\n\n<p>Das d\u00faas restantes, s\u00f3 unha en BAIONA e a outra en GONDOMAR (sendo esta a m\u00e1is sinxela de retirar por estar en forma de placa).<\/p>\n\n\n\n<p>Comentar o feito de que nos baixorrelevos s\u00f3 e necesario borrar as palabras, non hai raz\u00f3n pra borra-la cruz, e que tampouco o borrado afecta a s\u00faa estrutura.<\/p>\n\n\n\n<p>Finalmente lembrar que hai un prazo de seis meses establecido na propia lei pra retirada dos s\u00edmbolos, so pena de incorrer en infracci\u00f3n moi grave.<\/p>\n<\/div>\n\n\n\n<div class=\"wp-block-column is-layout-flow wp-block-column-is-layout-flow\">\n<figure class=\"wp-block-image size-full\"><img loading=\"lazy\" decoding=\"async\" width=\"432\" height=\"575\" src=\"https:\/\/www.anovapeneira.gal\/wp-content\/uploads\/2022\/11\/gondomar.jpg\" alt=\"\" class=\"wp-image-8634\" srcset=\"https:\/\/www.anovapeneira.gal\/wp-content\/uploads\/2022\/11\/gondomar.jpg 432w, https:\/\/www.anovapeneira.gal\/wp-content\/uploads\/2022\/11\/gondomar-225x300.jpg 225w\" sizes=\"auto, (max-width: 432px) 100vw, 432px\" \/><\/figure>\n<\/div>\n<\/div>\n","protected":false},"excerpt":{"rendered":"<div class=\"mh-excerpt\"><p>O Val Mi\u00f1or, est\u00e1 composto por tres Concellos : Nigr\u00e1n, Baiona e Gondomar, os cales \u00e1 s\u00faa vez conforman o Arciprestado do Mi\u00f1or pola uni\u00f3n do total das s\u00faas 22 parroquias <a class=\"mh-excerpt-more\" href=\"https:\/\/www.anovapeneira.gal\/index.php\/2022\/11\/24\/simboloxia-franquista-nas-igrexas-do-arciprestado-do-minor\/\" title=\"Simbolox\u00eda franquista nas igrexas do arciprestado do Mi\u00f1or\">[&#8230;]<\/a><\/p>\n<\/div>","protected":false},"author":3,"featured_media":8639,"comment_status":"open","ping_status":"open","sticky":false,"template":"","format":"standard","meta":{"_exactmetrics_skip_tracking":false,"_exactmetrics_sitenote_active":false,"_exactmetrics_sitenote_note":"","_exactmetrics_sitenote_category":0,"footnotes":""},"categories":[496],"tags":[1340],"class_list":{"0":"post-8614","1":"post","2":"type-post","3":"status-publish","4":"format-standard","5":"has-post-thumbnail","7":"category-val-minor-reportaxes","8":"tag-memoria-democratica"},"yoast_head":"<!-- This site is optimized with the Yoast SEO plugin v27.4 - https:\/\/yoast.com\/product\/yoast-seo-wordpress\/ -->\n<title>Simbolox\u00eda franquista nas igrexas do arciprestado do Mi\u00f1or -<\/title>\n<meta name=\"description\" content=\"O Val Mi\u00f1or, est\u00e1 composto por tres Concellos : Nigr\u00e1n, Baiona e Gondomar, os cales \u00e1 s\u00faa vez conforman o Arciprestado do Mi\u00f1or pola uni\u00f3n do total das s\u00faas 22 parroquias\" \/>\n<meta name=\"robots\" content=\"index, follow, max-snippet:-1, max-image-preview:large, max-video-preview:-1\" \/>\n<link rel=\"canonical\" href=\"https:\/\/www.anovapeneira.gal\/index.php\/2022\/11\/24\/simboloxia-franquista-nas-igrexas-do-arciprestado-do-minor\/\" \/>\n<meta property=\"og:locale\" content=\"gl_ES\" \/>\n<meta property=\"og:type\" content=\"article\" \/>\n<meta property=\"og:title\" content=\"Simbolox\u00eda franquista nas igrexas do arciprestado do Mi\u00f1or -\" \/>\n<meta property=\"og:description\" content=\"O Val Mi\u00f1or, est\u00e1 composto por tres Concellos : Nigr\u00e1n, Baiona e Gondomar, os cales \u00e1 s\u00faa vez conforman o Arciprestado do Mi\u00f1or pola uni\u00f3n do total das s\u00faas 22 parroquias\" \/>\n<meta property=\"og:url\" content=\"https:\/\/www.anovapeneira.gal\/index.php\/2022\/11\/24\/simboloxia-franquista-nas-igrexas-do-arciprestado-do-minor\/\" \/>\n<meta property=\"article:publisher\" content=\"https:\/\/www.facebook.com\/anovapeneira\" \/>\n<meta property=\"article:published_time\" content=\"2022-11-24T09:00:00+00:00\" \/>\n<meta property=\"og:image\" content=\"https:\/\/www.anovapeneira.gal\/wp-content\/uploads\/2022\/11\/simbolo_franquista_val_minor.jpg\" \/>\n\t<meta property=\"og:image:width\" content=\"720\" \/>\n\t<meta property=\"og:image:height\" content=\"432\" \/>\n\t<meta property=\"og:image:type\" content=\"image\/jpeg\" \/>\n<meta name=\"author\" content=\"Redacci\u00f3n A Nova Peneira\" \/>\n<meta name=\"twitter:card\" content=\"summary_large_image\" \/>\n<meta name=\"twitter:creator\" content=\"@APeneira\" \/>\n<meta name=\"twitter:site\" content=\"@APeneira\" \/>\n<meta name=\"twitter:label1\" content=\"Escrito por\" \/>\n\t<meta name=\"twitter:data1\" content=\"Redacci\u00f3n A Nova Peneira\" \/>\n\t<meta name=\"twitter:label2\" content=\"Tempo de lectura\" \/>\n\t<meta name=\"twitter:data2\" content=\"6 minutos\" \/>\n<script type=\"application\/ld+json\" class=\"yoast-schema-graph\">{\"@context\":\"https:\\\/\\\/schema.org\",\"@graph\":[{\"@type\":\"Article\",\"@id\":\"https:\\\/\\\/www.anovapeneira.gal\\\/index.php\\\/2022\\\/11\\\/24\\\/simboloxia-franquista-nas-igrexas-do-arciprestado-do-minor\\\/#article\",\"isPartOf\":{\"@id\":\"https:\\\/\\\/www.anovapeneira.gal\\\/index.php\\\/2022\\\/11\\\/24\\\/simboloxia-franquista-nas-igrexas-do-arciprestado-do-minor\\\/\"},\"author\":{\"name\":\"Redacci\u00f3n A Nova Peneira\",\"@id\":\"https:\\\/\\\/www.anovapeneira.gal\\\/#\\\/schema\\\/person\\\/b93e3f8932e3f8da96334607eb6ac6aa\"},\"headline\":\"Simbolox\u00eda franquista nas igrexas do arciprestado do Mi\u00f1or\",\"datePublished\":\"2022-11-24T09:00:00+00:00\",\"mainEntityOfPage\":{\"@id\":\"https:\\\/\\\/www.anovapeneira.gal\\\/index.php\\\/2022\\\/11\\\/24\\\/simboloxia-franquista-nas-igrexas-do-arciprestado-do-minor\\\/\"},\"wordCount\":668,\"commentCount\":0,\"publisher\":{\"@id\":\"https:\\\/\\\/www.anovapeneira.gal\\\/#organization\"},\"image\":{\"@id\":\"https:\\\/\\\/www.anovapeneira.gal\\\/index.php\\\/2022\\\/11\\\/24\\\/simboloxia-franquista-nas-igrexas-do-arciprestado-do-minor\\\/#primaryimage\"},\"thumbnailUrl\":\"https:\\\/\\\/www.anovapeneira.gal\\\/wp-content\\\/uploads\\\/2022\\\/11\\\/simbolo_franquista_val_minor.jpg\",\"keywords\":[\"Memoria democr\u00e1tica\"],\"articleSection\":[\"Val Mi\u00f1or\"],\"inLanguage\":\"gl-ES\",\"potentialAction\":[{\"@type\":\"CommentAction\",\"name\":\"Comment\",\"target\":[\"https:\\\/\\\/www.anovapeneira.gal\\\/index.php\\\/2022\\\/11\\\/24\\\/simboloxia-franquista-nas-igrexas-do-arciprestado-do-minor\\\/#respond\"]}]},{\"@type\":\"WebPage\",\"@id\":\"https:\\\/\\\/www.anovapeneira.gal\\\/index.php\\\/2022\\\/11\\\/24\\\/simboloxia-franquista-nas-igrexas-do-arciprestado-do-minor\\\/\",\"url\":\"https:\\\/\\\/www.anovapeneira.gal\\\/index.php\\\/2022\\\/11\\\/24\\\/simboloxia-franquista-nas-igrexas-do-arciprestado-do-minor\\\/\",\"name\":\"Simbolox\u00eda franquista nas igrexas do arciprestado do Mi\u00f1or -\",\"isPartOf\":{\"@id\":\"https:\\\/\\\/www.anovapeneira.gal\\\/#website\"},\"primaryImageOfPage\":{\"@id\":\"https:\\\/\\\/www.anovapeneira.gal\\\/index.php\\\/2022\\\/11\\\/24\\\/simboloxia-franquista-nas-igrexas-do-arciprestado-do-minor\\\/#primaryimage\"},\"image\":{\"@id\":\"https:\\\/\\\/www.anovapeneira.gal\\\/index.php\\\/2022\\\/11\\\/24\\\/simboloxia-franquista-nas-igrexas-do-arciprestado-do-minor\\\/#primaryimage\"},\"thumbnailUrl\":\"https:\\\/\\\/www.anovapeneira.gal\\\/wp-content\\\/uploads\\\/2022\\\/11\\\/simbolo_franquista_val_minor.jpg\",\"datePublished\":\"2022-11-24T09:00:00+00:00\",\"description\":\"O Val Mi\u00f1or, est\u00e1 composto por tres Concellos : Nigr\u00e1n, Baiona e Gondomar, os cales \u00e1 s\u00faa vez conforman o Arciprestado do Mi\u00f1or pola uni\u00f3n do total das s\u00faas 22 parroquias\",\"breadcrumb\":{\"@id\":\"https:\\\/\\\/www.anovapeneira.gal\\\/index.php\\\/2022\\\/11\\\/24\\\/simboloxia-franquista-nas-igrexas-do-arciprestado-do-minor\\\/#breadcrumb\"},\"inLanguage\":\"gl-ES\",\"potentialAction\":[{\"@type\":\"ReadAction\",\"target\":[\"https:\\\/\\\/www.anovapeneira.gal\\\/index.php\\\/2022\\\/11\\\/24\\\/simboloxia-franquista-nas-igrexas-do-arciprestado-do-minor\\\/\"]}]},{\"@type\":\"ImageObject\",\"inLanguage\":\"gl-ES\",\"@id\":\"https:\\\/\\\/www.anovapeneira.gal\\\/index.php\\\/2022\\\/11\\\/24\\\/simboloxia-franquista-nas-igrexas-do-arciprestado-do-minor\\\/#primaryimage\",\"url\":\"https:\\\/\\\/www.anovapeneira.gal\\\/wp-content\\\/uploads\\\/2022\\\/11\\\/simbolo_franquista_val_minor.jpg\",\"contentUrl\":\"https:\\\/\\\/www.anovapeneira.gal\\\/wp-content\\\/uploads\\\/2022\\\/11\\\/simbolo_franquista_val_minor.jpg\",\"width\":720,\"height\":432,\"caption\":\"Memoria democr\u00e1tica\"},{\"@type\":\"BreadcrumbList\",\"@id\":\"https:\\\/\\\/www.anovapeneira.gal\\\/index.php\\\/2022\\\/11\\\/24\\\/simboloxia-franquista-nas-igrexas-do-arciprestado-do-minor\\\/#breadcrumb\",\"itemListElement\":[{\"@type\":\"ListItem\",\"position\":1,\"name\":\"Portada\",\"item\":\"https:\\\/\\\/www.anovapeneira.gal\\\/\"},{\"@type\":\"ListItem\",\"position\":2,\"name\":\"Simbolox\u00eda franquista nas igrexas do arciprestado do Mi\u00f1or\"}]},{\"@type\":\"WebSite\",\"@id\":\"https:\\\/\\\/www.anovapeneira.gal\\\/#website\",\"url\":\"https:\\\/\\\/www.anovapeneira.gal\\\/\",\"name\":\"\",\"description\":\"Xornal galego de informaci\u00f3n xeral Publicaci\u00f3n mensual de novas de Galicia e en especial dos Concellos da sur da provincia de Pontevedra.\",\"publisher\":{\"@id\":\"https:\\\/\\\/www.anovapeneira.gal\\\/#organization\"},\"potentialAction\":[{\"@type\":\"SearchAction\",\"target\":{\"@type\":\"EntryPoint\",\"urlTemplate\":\"https:\\\/\\\/www.anovapeneira.gal\\\/?s={search_term_string}\"},\"query-input\":{\"@type\":\"PropertyValueSpecification\",\"valueRequired\":true,\"valueName\":\"search_term_string\"}}],\"inLanguage\":\"gl-ES\"},{\"@type\":\"Organization\",\"@id\":\"https:\\\/\\\/www.anovapeneira.gal\\\/#organization\",\"name\":\"A Nova Peneira\",\"url\":\"https:\\\/\\\/www.anovapeneira.gal\\\/\",\"logo\":{\"@type\":\"ImageObject\",\"inLanguage\":\"gl-ES\",\"@id\":\"https:\\\/\\\/www.anovapeneira.gal\\\/#\\\/schema\\\/logo\\\/image\\\/\",\"url\":\"http:\\\/\\\/www.anovapeneira.gal\\\/wp-content\\\/uploads\\\/2019\\\/06\\\/logo_a_nova_peneira_portal_web.png\",\"contentUrl\":\"http:\\\/\\\/www.anovapeneira.gal\\\/wp-content\\\/uploads\\\/2019\\\/06\\\/logo_a_nova_peneira_portal_web.png\",\"width\":300,\"height\":100,\"caption\":\"A Nova Peneira\"},\"image\":{\"@id\":\"https:\\\/\\\/www.anovapeneira.gal\\\/#\\\/schema\\\/logo\\\/image\\\/\"},\"sameAs\":[\"https:\\\/\\\/www.facebook.com\\\/anovapeneira\",\"https:\\\/\\\/x.com\\\/APeneira\"]},{\"@type\":\"Person\",\"@id\":\"https:\\\/\\\/www.anovapeneira.gal\\\/#\\\/schema\\\/person\\\/b93e3f8932e3f8da96334607eb6ac6aa\",\"name\":\"Redacci\u00f3n A Nova Peneira\",\"image\":{\"@type\":\"ImageObject\",\"inLanguage\":\"gl-ES\",\"@id\":\"https:\\\/\\\/secure.gravatar.com\\\/avatar\\\/c052a2551a06e23fac63626232eaa90abd78dbcf1700fc46a2b2c89fd27b735f?s=96&d=mm&r=g\",\"url\":\"https:\\\/\\\/secure.gravatar.com\\\/avatar\\\/c052a2551a06e23fac63626232eaa90abd78dbcf1700fc46a2b2c89fd27b735f?s=96&d=mm&r=g\",\"contentUrl\":\"https:\\\/\\\/secure.gravatar.com\\\/avatar\\\/c052a2551a06e23fac63626232eaa90abd78dbcf1700fc46a2b2c89fd27b735f?s=96&d=mm&r=g\",\"caption\":\"Redacci\u00f3n A Nova Peneira\"},\"sameAs\":[\"http:\\\/\\\/www.anovapeneira.gal\\\/\"],\"url\":\"https:\\\/\\\/www.anovapeneira.gal\\\/index.php\\\/author\\\/redactor\\\/\"}]}<\/script>\n<!-- \/ Yoast SEO plugin. -->","yoast_head_json":{"title":"Simbolox\u00eda franquista nas igrexas do arciprestado do Mi\u00f1or -","description":"O Val Mi\u00f1or, est\u00e1 composto por tres Concellos : Nigr\u00e1n, Baiona e Gondomar, os cales \u00e1 s\u00faa vez conforman o Arciprestado do Mi\u00f1or pola uni\u00f3n do total das s\u00faas 22 parroquias","robots":{"index":"index","follow":"follow","max-snippet":"max-snippet:-1","max-image-preview":"max-image-preview:large","max-video-preview":"max-video-preview:-1"},"canonical":"https:\/\/www.anovapeneira.gal\/index.php\/2022\/11\/24\/simboloxia-franquista-nas-igrexas-do-arciprestado-do-minor\/","og_locale":"gl_ES","og_type":"article","og_title":"Simbolox\u00eda franquista nas igrexas do arciprestado do Mi\u00f1or -","og_description":"O Val Mi\u00f1or, est\u00e1 composto por tres Concellos : Nigr\u00e1n, Baiona e Gondomar, os cales \u00e1 s\u00faa vez conforman o Arciprestado do Mi\u00f1or pola uni\u00f3n do total das s\u00faas 22 parroquias","og_url":"https:\/\/www.anovapeneira.gal\/index.php\/2022\/11\/24\/simboloxia-franquista-nas-igrexas-do-arciprestado-do-minor\/","article_publisher":"https:\/\/www.facebook.com\/anovapeneira","article_published_time":"2022-11-24T09:00:00+00:00","og_image":[{"width":720,"height":432,"url":"https:\/\/www.anovapeneira.gal\/wp-content\/uploads\/2022\/11\/simbolo_franquista_val_minor.jpg","type":"image\/jpeg"}],"author":"Redacci\u00f3n A Nova Peneira","twitter_card":"summary_large_image","twitter_creator":"@APeneira","twitter_site":"@APeneira","twitter_misc":{"Escrito por":"Redacci\u00f3n A Nova Peneira","Tempo de lectura":"6 minutos"},"schema":{"@context":"https:\/\/schema.org","@graph":[{"@type":"Article","@id":"https:\/\/www.anovapeneira.gal\/index.php\/2022\/11\/24\/simboloxia-franquista-nas-igrexas-do-arciprestado-do-minor\/#article","isPartOf":{"@id":"https:\/\/www.anovapeneira.gal\/index.php\/2022\/11\/24\/simboloxia-franquista-nas-igrexas-do-arciprestado-do-minor\/"},"author":{"name":"Redacci\u00f3n A Nova Peneira","@id":"https:\/\/www.anovapeneira.gal\/#\/schema\/person\/b93e3f8932e3f8da96334607eb6ac6aa"},"headline":"Simbolox\u00eda franquista nas igrexas do arciprestado do Mi\u00f1or","datePublished":"2022-11-24T09:00:00+00:00","mainEntityOfPage":{"@id":"https:\/\/www.anovapeneira.gal\/index.php\/2022\/11\/24\/simboloxia-franquista-nas-igrexas-do-arciprestado-do-minor\/"},"wordCount":668,"commentCount":0,"publisher":{"@id":"https:\/\/www.anovapeneira.gal\/#organization"},"image":{"@id":"https:\/\/www.anovapeneira.gal\/index.php\/2022\/11\/24\/simboloxia-franquista-nas-igrexas-do-arciprestado-do-minor\/#primaryimage"},"thumbnailUrl":"https:\/\/www.anovapeneira.gal\/wp-content\/uploads\/2022\/11\/simbolo_franquista_val_minor.jpg","keywords":["Memoria democr\u00e1tica"],"articleSection":["Val Mi\u00f1or"],"inLanguage":"gl-ES","potentialAction":[{"@type":"CommentAction","name":"Comment","target":["https:\/\/www.anovapeneira.gal\/index.php\/2022\/11\/24\/simboloxia-franquista-nas-igrexas-do-arciprestado-do-minor\/#respond"]}]},{"@type":"WebPage","@id":"https:\/\/www.anovapeneira.gal\/index.php\/2022\/11\/24\/simboloxia-franquista-nas-igrexas-do-arciprestado-do-minor\/","url":"https:\/\/www.anovapeneira.gal\/index.php\/2022\/11\/24\/simboloxia-franquista-nas-igrexas-do-arciprestado-do-minor\/","name":"Simbolox\u00eda franquista nas igrexas do arciprestado do Mi\u00f1or -","isPartOf":{"@id":"https:\/\/www.anovapeneira.gal\/#website"},"primaryImageOfPage":{"@id":"https:\/\/www.anovapeneira.gal\/index.php\/2022\/11\/24\/simboloxia-franquista-nas-igrexas-do-arciprestado-do-minor\/#primaryimage"},"image":{"@id":"https:\/\/www.anovapeneira.gal\/index.php\/2022\/11\/24\/simboloxia-franquista-nas-igrexas-do-arciprestado-do-minor\/#primaryimage"},"thumbnailUrl":"https:\/\/www.anovapeneira.gal\/wp-content\/uploads\/2022\/11\/simbolo_franquista_val_minor.jpg","datePublished":"2022-11-24T09:00:00+00:00","description":"O Val Mi\u00f1or, est\u00e1 composto por tres Concellos : Nigr\u00e1n, Baiona e Gondomar, os cales \u00e1 s\u00faa vez conforman o Arciprestado do Mi\u00f1or pola uni\u00f3n do total das s\u00faas 22 parroquias","breadcrumb":{"@id":"https:\/\/www.anovapeneira.gal\/index.php\/2022\/11\/24\/simboloxia-franquista-nas-igrexas-do-arciprestado-do-minor\/#breadcrumb"},"inLanguage":"gl-ES","potentialAction":[{"@type":"ReadAction","target":["https:\/\/www.anovapeneira.gal\/index.php\/2022\/11\/24\/simboloxia-franquista-nas-igrexas-do-arciprestado-do-minor\/"]}]},{"@type":"ImageObject","inLanguage":"gl-ES","@id":"https:\/\/www.anovapeneira.gal\/index.php\/2022\/11\/24\/simboloxia-franquista-nas-igrexas-do-arciprestado-do-minor\/#primaryimage","url":"https:\/\/www.anovapeneira.gal\/wp-content\/uploads\/2022\/11\/simbolo_franquista_val_minor.jpg","contentUrl":"https:\/\/www.anovapeneira.gal\/wp-content\/uploads\/2022\/11\/simbolo_franquista_val_minor.jpg","width":720,"height":432,"caption":"Memoria democr\u00e1tica"},{"@type":"BreadcrumbList","@id":"https:\/\/www.anovapeneira.gal\/index.php\/2022\/11\/24\/simboloxia-franquista-nas-igrexas-do-arciprestado-do-minor\/#breadcrumb","itemListElement":[{"@type":"ListItem","position":1,"name":"Portada","item":"https:\/\/www.anovapeneira.gal\/"},{"@type":"ListItem","position":2,"name":"Simbolox\u00eda franquista nas igrexas do arciprestado do Mi\u00f1or"}]},{"@type":"WebSite","@id":"https:\/\/www.anovapeneira.gal\/#website","url":"https:\/\/www.anovapeneira.gal\/","name":"","description":"Xornal galego de informaci\u00f3n xeral Publicaci\u00f3n mensual de novas de Galicia e en especial dos Concellos da sur da provincia de Pontevedra.","publisher":{"@id":"https:\/\/www.anovapeneira.gal\/#organization"},"potentialAction":[{"@type":"SearchAction","target":{"@type":"EntryPoint","urlTemplate":"https:\/\/www.anovapeneira.gal\/?s={search_term_string}"},"query-input":{"@type":"PropertyValueSpecification","valueRequired":true,"valueName":"search_term_string"}}],"inLanguage":"gl-ES"},{"@type":"Organization","@id":"https:\/\/www.anovapeneira.gal\/#organization","name":"A Nova Peneira","url":"https:\/\/www.anovapeneira.gal\/","logo":{"@type":"ImageObject","inLanguage":"gl-ES","@id":"https:\/\/www.anovapeneira.gal\/#\/schema\/logo\/image\/","url":"http:\/\/www.anovapeneira.gal\/wp-content\/uploads\/2019\/06\/logo_a_nova_peneira_portal_web.png","contentUrl":"http:\/\/www.anovapeneira.gal\/wp-content\/uploads\/2019\/06\/logo_a_nova_peneira_portal_web.png","width":300,"height":100,"caption":"A Nova Peneira"},"image":{"@id":"https:\/\/www.anovapeneira.gal\/#\/schema\/logo\/image\/"},"sameAs":["https:\/\/www.facebook.com\/anovapeneira","https:\/\/x.com\/APeneira"]},{"@type":"Person","@id":"https:\/\/www.anovapeneira.gal\/#\/schema\/person\/b93e3f8932e3f8da96334607eb6ac6aa","name":"Redacci\u00f3n A Nova Peneira","image":{"@type":"ImageObject","inLanguage":"gl-ES","@id":"https:\/\/secure.gravatar.com\/avatar\/c052a2551a06e23fac63626232eaa90abd78dbcf1700fc46a2b2c89fd27b735f?s=96&d=mm&r=g","url":"https:\/\/secure.gravatar.com\/avatar\/c052a2551a06e23fac63626232eaa90abd78dbcf1700fc46a2b2c89fd27b735f?s=96&d=mm&r=g","contentUrl":"https:\/\/secure.gravatar.com\/avatar\/c052a2551a06e23fac63626232eaa90abd78dbcf1700fc46a2b2c89fd27b735f?s=96&d=mm&r=g","caption":"Redacci\u00f3n A Nova Peneira"},"sameAs":["http:\/\/www.anovapeneira.gal\/"],"url":"https:\/\/www.anovapeneira.gal\/index.php\/author\/redactor\/"}]}},"jetpack_featured_media_url":"https:\/\/www.anovapeneira.gal\/wp-content\/uploads\/2022\/11\/simbolo_franquista_val_minor.jpg","_links":{"self":[{"href":"https:\/\/www.anovapeneira.gal\/index.php\/wp-json\/wp\/v2\/posts\/8614","targetHints":{"allow":["GET"]}}],"collection":[{"href":"https:\/\/www.anovapeneira.gal\/index.php\/wp-json\/wp\/v2\/posts"}],"about":[{"href":"https:\/\/www.anovapeneira.gal\/index.php\/wp-json\/wp\/v2\/types\/post"}],"author":[{"embeddable":true,"href":"https:\/\/www.anovapeneira.gal\/index.php\/wp-json\/wp\/v2\/users\/3"}],"replies":[{"embeddable":true,"href":"https:\/\/www.anovapeneira.gal\/index.php\/wp-json\/wp\/v2\/comments?post=8614"}],"version-history":[{"count":13,"href":"https:\/\/www.anovapeneira.gal\/index.php\/wp-json\/wp\/v2\/posts\/8614\/revisions"}],"predecessor-version":[{"id":8638,"href":"https:\/\/www.anovapeneira.gal\/index.php\/wp-json\/wp\/v2\/posts\/8614\/revisions\/8638"}],"wp:featuredmedia":[{"embeddable":true,"href":"https:\/\/www.anovapeneira.gal\/index.php\/wp-json\/wp\/v2\/media\/8639"}],"wp:attachment":[{"href":"https:\/\/www.anovapeneira.gal\/index.php\/wp-json\/wp\/v2\/media?parent=8614"}],"wp:term":[{"taxonomy":"category","embeddable":true,"href":"https:\/\/www.anovapeneira.gal\/index.php\/wp-json\/wp\/v2\/categories?post=8614"},{"taxonomy":"post_tag","embeddable":true,"href":"https:\/\/www.anovapeneira.gal\/index.php\/wp-json\/wp\/v2\/tags?post=8614"}],"curies":[{"name":"wp","href":"https:\/\/api.w.org\/{rel}","templated":true}]}}