{"id":8667,"date":"2022-11-30T12:00:59","date_gmt":"2022-11-30T11:00:59","guid":{"rendered":"https:\/\/www.anovapeneira.gal\/?p=8667"},"modified":"2022-11-21T11:07:10","modified_gmt":"2022-11-21T10:07:10","slug":"manuela-rodriguez-pumar-candidata-do-bng-a-alcaldia-de-gondomar","status":"publish","type":"post","link":"https:\/\/www.anovapeneira.gal\/index.php\/2022\/11\/30\/manuela-rodriguez-pumar-candidata-do-bng-a-alcaldia-de-gondomar\/","title":{"rendered":"Manuela Rodr\u00edguez Pumar candidata do BNG \u00e1 alcald\u00eda de Gondomar"},"content":{"rendered":"\n<p><strong>O BNG de Gondomar xa decidiu que a s\u00faa actual voceira , a veci\u00f1a de Peitieiros Manuela Rodr\u00edguez, repita como candidata \u00e1 alcald\u00eda de Gondomar nas elecci\u00f3ns do pr\u00f3ximo ano. N\u00f3s conversamos con ela.<\/strong><\/p>\n\n\n\n<h2 class=\"wp-block-heading\">\u201c<strong>Non me vexo gobernando con Paco Ferreira, somos completamente antag\u00f3nicos\u201d<\/strong><\/h2>\n\n\n\n<p><strong>Xa podemos dicir, Manuela, que vas ser a candidata nacionalista nas vindeiras municipais?<\/strong><\/p>\n\n\n\n<blockquote class=\"wp-block-quote is-layout-flow wp-block-quote-is-layout-flow\"><p>Si, xa se produciu a asemblea local na que escolliamos a cabeza de lista e fun distinguida coa confianza un\u00e1nime dos meus compa\u00f1eiros e compa\u00f1eiras.<\/p><\/blockquote>\n\n\n\n<p><strong>Cales son as t\u00faas sensaci\u00f3ns neste momento?<\/strong><\/p>\n\n\n\n<blockquote class=\"wp-block-quote is-layout-flow wp-block-quote-is-layout-flow\"><p>Estou enormemente honrada pola confianza que en mi deposita a asemblea do BNG de Gondomar e con moitas ga\u00f1as e ilusi\u00f3n de acadar o apoio de cada vez m\u00e1is veci\u00f1as e veci\u00f1os<\/p><\/blockquote>\n\n\n\n<p><strong>As expectativas realistas?<\/strong><\/p>\n\n\n\n<blockquote class=\"wp-block-quote is-layout-flow wp-block-quote-is-layout-flow\"><p>Temos a esperanza fundada de que imos experimentar un crecemento notable e agardamos sermos unha forza determinante para o novo goberno de Gondomar. Nestes catro anos fomos a verdadeira oposici\u00f3n ao goberno de Paco Ferreira. Unha oposici\u00f3n firme, en\u00e9rxica, e con alternativas serias.<\/p><\/blockquote>\n\n\n\n<p><strong>Iso quere dicir que no caso de que o alcalde Paco Ferreira perdese a maior\u00eda absoluta consideras a hip\u00f3tese de que o BNG participe nun goberno conxunto co PSOE de Gondomar?<\/strong><\/p>\n\n\n\n<blockquote class=\"wp-block-quote is-layout-flow wp-block-quote-is-layout-flow\"><p>Desde logo o traballo realizado polo goberno que encabeza Paco Ferreira nestes oito anos non o fai merecedor de revalidar \u00e1 maior\u00eda. E n\u00f3s non nos po\u00f1emos l\u00edmites, agardamos que, no tempo que queda at\u00e9 as elecci\u00f3ns, medre a onda de simpat\u00eda cara o BNG que observamos ultimamente, e con ela os apoios electorais. V\u00e9monos en disposici\u00f3n de pelexar mesmo polo goberno de Gondomar.<\/p><\/blockquote>\n\n\n\n<blockquote class=\"wp-block-quote is-layout-flow wp-block-quote-is-layout-flow\"><p>As cuesti\u00f3ns referentes a posibles pactos non as vou nin a considerar.<\/p><\/blockquote>\n\n\n\n<p><strong>Pero ti Manuela non levas dous d\u00edas nisto, e eu coincido contigo en que ides ter un crecemento notable, todo apunta a que vai ser as\u00ed, pero en ning\u00fan caso o suficiente como para considerar un goberno do BNG sen o PSOE de Gondomar. Concibes ent\u00f3n un goberno en Gondomar con Paco Ferreira?<\/strong><\/p>\n\n\n\n<blockquote class=\"wp-block-quote is-layout-flow wp-block-quote-is-layout-flow\"><p>Eu non me vexo gobernando con Paco Ferreira, somos completamente antag\u00f3nicos. El ten unha forma de gobernar que o BNG non comparte. E eu non vou a especular nin a facer quinielas. O BNG de Gondomar vai a por todas e sen ning\u00fan tipo de l\u00edmite. Queremos un Gondomar distinto.<\/p><\/blockquote>\n\n\n\n<p><strong>Dic\u00edasme antes que ao teu xu\u00edzo Paco Ferreira non merece revalidar a maior\u00eda. Por que?<\/strong><\/p>\n\n\n\n<blockquote class=\"wp-block-quote is-layout-flow wp-block-quote-is-layout-flow\"><p>Tanto polo seu talante como polo seu traballo. O seu goberno traballou basicamente para facer cousas no aparente pero non no necesario. Est\u00e1 moi ben que haxa prazas bonitas pero hai cousas moito m\u00e1is importantes.<\/p><\/blockquote>\n\n\n\n<p><strong>Que \u00e9 necesario que non fixo goberno?<\/strong><\/p>\n\n\n\n<blockquote class=\"wp-block-quote is-layout-flow wp-block-quote-is-layout-flow\"><p>Non apostar por un concello con servizos. En Gondomar falta saneamento, transporte, internet, comedores escolares no CRA ou aulas matinais como servizos de conciliaci\u00f3n; non hai dotaci\u00f3n orzamentaria para pol\u00edticas de igualdade, nin pol\u00edticas de promoci\u00f3n do emprego, nin de apoio real ao comercio local que esmorece.<\/p><\/blockquote>\n\n\n\n<p><strong>\u00c9 grave a falla de saneamento?<\/strong><\/p>\n\n\n\n<blockquote class=\"wp-block-quote is-layout-flow wp-block-quote-is-layout-flow\"><p>Si. O noso concello est\u00e1 infrasaneado, o 60% das s\u00faas vivendas carecen de saneamento o que \u00e9 un problema grave tanto para quen non o ten como para a sa\u00fade da contorna natural. Hai un problema de contaminaci\u00f3n grave na Foz do Mi\u00f1or que basicamente est\u00e1 provocado polas deficiencias do saneamento de Gondomar<\/p><\/blockquote>\n\n\n\n<p><strong>Cal \u00e9 a vosa opini\u00f3n ao respecto da situaci\u00f3n da auga de Vilaza?<\/strong><\/p>\n\n\n\n<blockquote class=\"wp-block-quote is-layout-flow wp-block-quote-is-layout-flow\"><p>En 2012 os veci\u00f1os acordaron ceder a rede e o servizo de abastecemento de auga ao Concello; en 2015 o goberno do PP de Fernando Guiti\u00e1n, asumiu esa cesi\u00f3n. En 2016, sendo xa Alcalde Paco Ferreira, decl\u00e1rase nulo acordo por non se ter levado a pleno. Dende aquela e at\u00e9 a actualidade, sete anos despois, a cesi\u00f3n segue sen se facer efectiva e o servizo de abastecemento de auga na parroquia est\u00e1 a prestarse en precario. Esta claro que a responsabilidade \u00e9 do goberno municipal. E non resolver este problema implica entre outras cousas que haxa arredor de 200 solicitudes de auga sen atender.<\/p><\/blockquote>\n\n\n\n<p><strong>Gondomar non ten PXOM por que?<\/strong><\/p>\n\n\n\n<blockquote class=\"wp-block-quote is-layout-flow wp-block-quote-is-layout-flow\"><p>Este Alcalde xa leva oito anos no goberno e ben tivo ocasi\u00f3n de facer algo m\u00e1is do que fixo. Este goberno ten responsabilidade, claro que si, de que en Gondomar non haxa a\u00ednda PXOM. Todo foron promesas.<\/p><\/blockquote>\n\n\n\n<p><strong>O problema de transporte xa est\u00e1 arranxado?<\/strong><\/p>\n\n\n\n<blockquote class=\"wp-block-quote is-layout-flow wp-block-quote-is-layout-flow\"><p>Non, en Gondomar conseguiuse que m\u00e1is ou menos non se desmantelase o que hab\u00eda grazas \u00e1 presi\u00f3n do movemento veci\u00f1al, porque o traballo do goberno tam\u00e9n brillou pola s\u00faa ausencia. Pero a\u00ednda hai moito que facer, por exemplo no que atinxe ao transporte nas parroquias<\/p><\/blockquote>\n\n\n\n<p><strong>Como est\u00e1 a situaci\u00f3n do pol\u00edgono de Vincios?<\/strong><\/p>\n\n\n\n<blockquote class=\"wp-block-quote is-layout-flow wp-block-quote-is-layout-flow\"><p>Tampouco se pode dicir que sexa resultado dunha brillante xesti\u00f3n do goberno. V\u00e9n de atr\u00e1s. O tema vai moi lento e non se debeu de facer todo o ben que se debera porque nestes momentos hai unha paralizaci\u00f3n por unha denuncia dun colectivo de Valadares.<\/p><\/blockquote>\n\n\n\n<p><strong>As parroquias de Gondomar est\u00e1n igual de atendidas que o casco urbano?<\/strong><\/p>\n\n\n\n<blockquote class=\"wp-block-quote is-layout-flow wp-block-quote-is-layout-flow\"><p>Non, hai moita diferencia de trato. A atenci\u00f3n c\u00e9ntrase basicamente na Vila porque se quere que sexa o escaparate que poida sustentar unha nova maior\u00eda para o partido socialista. As parroquias est\u00e1n desatendidas e falta di\u00e1logo cos seus representantes<\/p><\/blockquote>\n\n\n\n<p><strong>E a pol\u00edtica de humanizaci\u00f3ns como a valorades?<\/strong><\/p>\n\n\n\n<blockquote class=\"wp-block-quote is-layout-flow wp-block-quote-is-layout-flow\"><p>Humanizaci\u00f3ns si, pero non as\u00ed. A ver, o BNG defende a pol\u00edtica de p\u00f3r as vilas ao servizo das persoas, pero con rigor, non todo vale, e con di\u00e1logo previo con todos os actores afectados. Non se pode facer todo de costas \u00e1 xente, que \u00e9 a marca Paco Ferreira. Non se pode destru\u00edr sen crear alternativas, e falo tanto do acceso aos negocios como das prazas de aparcamento.<\/p><\/blockquote>\n\n\n\n<p><strong>Estades de acordo coa compra da casa de Peralba?<\/strong><\/p>\n\n\n\n<blockquote class=\"wp-block-quote is-layout-flow wp-block-quote-is-layout-flow\"><p>Si, n\u00f3s votamos a favor porque consideramos positivo que o concello de Gondomar se faga con patrimonio arquitect\u00f3nico e ademais no centro da Vila. Outra cousa \u00e9 a finalidade a que se destine esa construci\u00f3n. Non creo que te\u00f1a un proxecto definido, veremos que \u00e9 o que formula. E o que non tivo xustificaci\u00f3n foi a tala masiva de \u00e1rbores que se fixo no xard\u00edn.<\/p><\/blockquote>\n\n\n\n<p><strong>Acabamos Manuela. Perdoa que insista con esta pregunta, que xa che fixen varias veces, pero a min, que son nacionalista desde neno, gustar\u00edame ver ao nacionalismo unido en todos os sitios do pa\u00eds. En Gondomar \u00e9 posible no futuro inmediato?<\/strong><\/p>\n\n\n\n<blockquote class=\"wp-block-quote is-layout-flow wp-block-quote-is-layout-flow\"><p>Eu vouche contestar o mesmo c\u00e1 \u00faltima vez: considero que BNG \u00e9 a casa com\u00fan do nacionalismo galego, por iso milito nel. E o BNG ten as portas abertas para todas as persoas que se sintan nacionalistas e queiran traballar con honestidade por unha Galiza m\u00e1is xusta e mellor para vivir.<\/p><\/blockquote>\n","protected":false},"excerpt":{"rendered":"<div class=\"mh-excerpt\"><p>O BNG de Gondomar xa decidiu que a s\u00faa actual voceira , a veci\u00f1a de Peitieiros Manuela Rodr\u00edguez, repita como candidata \u00e1 alcald\u00eda de Gondomar nas elecci\u00f3ns do pr\u00f3ximo ano. N\u00f3s conversamos con ela <a class=\"mh-excerpt-more\" href=\"https:\/\/www.anovapeneira.gal\/index.php\/2022\/11\/30\/manuela-rodriguez-pumar-candidata-do-bng-a-alcaldia-de-gondomar\/\" title=\"Manuela Rodr\u00edguez Pumar candidata do BNG \u00e1 alcald\u00eda de Gondomar\">[&#8230;]<\/a><\/p>\n<\/div>","protected":false},"author":2,"featured_media":8669,"comment_status":"open","ping_status":"open","sticky":false,"template":"","format":"standard","meta":{"_exactmetrics_skip_tracking":false,"_exactmetrics_sitenote_active":false,"_exactmetrics_sitenote_note":"","_exactmetrics_sitenote_category":0,"footnotes":""},"categories":[20],"tags":[149],"class_list":{"0":"post-8667","1":"post","2":"type-post","3":"status-publish","4":"format-standard","5":"has-post-thumbnail","7":"category-val-minor","8":"tag-concello-de-gondomar"},"yoast_head":"<!-- This site is optimized with the Yoast SEO plugin v27.4 - https:\/\/yoast.com\/product\/yoast-seo-wordpress\/ -->\n<title>Manuela Rodr\u00edguez Pumar candidata do BNG \u00e1 alcald\u00eda de Gondomar -<\/title>\n<meta name=\"description\" content=\"O BNG de Gondomar xa decidiu que a s\u00faa actual voceira , a veci\u00f1a de Peitieiros Manuela Rodr\u00edguez, repita como candidata \u00e1 alcald\u00eda de Gondomar nas elecci\u00f3ns do pr\u00f3ximo ano. N\u00f3s conversamos con ela\" \/>\n<meta name=\"robots\" content=\"index, follow, max-snippet:-1, max-image-preview:large, max-video-preview:-1\" \/>\n<link rel=\"canonical\" href=\"https:\/\/www.anovapeneira.gal\/index.php\/2022\/11\/30\/manuela-rodriguez-pumar-candidata-do-bng-a-alcaldia-de-gondomar\/\" \/>\n<meta property=\"og:locale\" content=\"gl_ES\" \/>\n<meta property=\"og:type\" content=\"article\" \/>\n<meta property=\"og:title\" content=\"Manuela Rodr\u00edguez Pumar candidata do BNG \u00e1 alcald\u00eda de Gondomar -\" \/>\n<meta property=\"og:description\" content=\"O BNG de Gondomar xa decidiu que a s\u00faa actual voceira , a veci\u00f1a de Peitieiros Manuela Rodr\u00edguez, repita como candidata \u00e1 alcald\u00eda de Gondomar nas elecci\u00f3ns do pr\u00f3ximo ano. N\u00f3s conversamos con ela\" \/>\n<meta property=\"og:url\" content=\"https:\/\/www.anovapeneira.gal\/index.php\/2022\/11\/30\/manuela-rodriguez-pumar-candidata-do-bng-a-alcaldia-de-gondomar\/\" \/>\n<meta property=\"article:publisher\" content=\"https:\/\/www.facebook.com\/anovapeneira\" \/>\n<meta property=\"article:published_time\" content=\"2022-11-30T11:00:59+00:00\" \/>\n<meta property=\"og:image\" content=\"https:\/\/www.anovapeneira.gal\/wp-content\/uploads\/2022\/11\/manuela_bng_gondomar.jpg\" \/>\n\t<meta property=\"og:image:width\" content=\"720\" \/>\n\t<meta property=\"og:image:height\" content=\"432\" \/>\n\t<meta property=\"og:image:type\" content=\"image\/jpeg\" \/>\n<meta name=\"author\" content=\"Tino Lago\" \/>\n<meta name=\"twitter:card\" content=\"summary_large_image\" \/>\n<meta name=\"twitter:creator\" content=\"@APeneira\" \/>\n<meta name=\"twitter:site\" content=\"@APeneira\" \/>\n<meta name=\"twitter:label1\" content=\"Escrito por\" \/>\n\t<meta name=\"twitter:data1\" content=\"Tino Lago\" \/>\n\t<meta name=\"twitter:label2\" content=\"Tempo de lectura\" \/>\n\t<meta name=\"twitter:data2\" content=\"6 minutos\" \/>\n<script type=\"application\/ld+json\" class=\"yoast-schema-graph\">{\"@context\":\"https:\\\/\\\/schema.org\",\"@graph\":[{\"@type\":\"Article\",\"@id\":\"https:\\\/\\\/www.anovapeneira.gal\\\/index.php\\\/2022\\\/11\\\/30\\\/manuela-rodriguez-pumar-candidata-do-bng-a-alcaldia-de-gondomar\\\/#article\",\"isPartOf\":{\"@id\":\"https:\\\/\\\/www.anovapeneira.gal\\\/index.php\\\/2022\\\/11\\\/30\\\/manuela-rodriguez-pumar-candidata-do-bng-a-alcaldia-de-gondomar\\\/\"},\"author\":{\"name\":\"Tino Lago\",\"@id\":\"https:\\\/\\\/www.anovapeneira.gal\\\/#\\\/schema\\\/person\\\/424dfe65e3070fd8a44d22d2c088762a\"},\"headline\":\"Manuela Rodr\u00edguez Pumar candidata do BNG \u00e1 alcald\u00eda de Gondomar\",\"datePublished\":\"2022-11-30T11:00:59+00:00\",\"mainEntityOfPage\":{\"@id\":\"https:\\\/\\\/www.anovapeneira.gal\\\/index.php\\\/2022\\\/11\\\/30\\\/manuela-rodriguez-pumar-candidata-do-bng-a-alcaldia-de-gondomar\\\/\"},\"wordCount\":1186,\"commentCount\":0,\"publisher\":{\"@id\":\"https:\\\/\\\/www.anovapeneira.gal\\\/#organization\"},\"image\":{\"@id\":\"https:\\\/\\\/www.anovapeneira.gal\\\/index.php\\\/2022\\\/11\\\/30\\\/manuela-rodriguez-pumar-candidata-do-bng-a-alcaldia-de-gondomar\\\/#primaryimage\"},\"thumbnailUrl\":\"https:\\\/\\\/www.anovapeneira.gal\\\/wp-content\\\/uploads\\\/2022\\\/11\\\/manuela_bng_gondomar.jpg\",\"keywords\":[\"Concello de Gondomar\"],\"articleSection\":[\"Val Mi\u00f1or\"],\"inLanguage\":\"gl-ES\",\"potentialAction\":[{\"@type\":\"CommentAction\",\"name\":\"Comment\",\"target\":[\"https:\\\/\\\/www.anovapeneira.gal\\\/index.php\\\/2022\\\/11\\\/30\\\/manuela-rodriguez-pumar-candidata-do-bng-a-alcaldia-de-gondomar\\\/#respond\"]}]},{\"@type\":\"WebPage\",\"@id\":\"https:\\\/\\\/www.anovapeneira.gal\\\/index.php\\\/2022\\\/11\\\/30\\\/manuela-rodriguez-pumar-candidata-do-bng-a-alcaldia-de-gondomar\\\/\",\"url\":\"https:\\\/\\\/www.anovapeneira.gal\\\/index.php\\\/2022\\\/11\\\/30\\\/manuela-rodriguez-pumar-candidata-do-bng-a-alcaldia-de-gondomar\\\/\",\"name\":\"Manuela Rodr\u00edguez Pumar candidata do BNG \u00e1 alcald\u00eda de Gondomar -\",\"isPartOf\":{\"@id\":\"https:\\\/\\\/www.anovapeneira.gal\\\/#website\"},\"primaryImageOfPage\":{\"@id\":\"https:\\\/\\\/www.anovapeneira.gal\\\/index.php\\\/2022\\\/11\\\/30\\\/manuela-rodriguez-pumar-candidata-do-bng-a-alcaldia-de-gondomar\\\/#primaryimage\"},\"image\":{\"@id\":\"https:\\\/\\\/www.anovapeneira.gal\\\/index.php\\\/2022\\\/11\\\/30\\\/manuela-rodriguez-pumar-candidata-do-bng-a-alcaldia-de-gondomar\\\/#primaryimage\"},\"thumbnailUrl\":\"https:\\\/\\\/www.anovapeneira.gal\\\/wp-content\\\/uploads\\\/2022\\\/11\\\/manuela_bng_gondomar.jpg\",\"datePublished\":\"2022-11-30T11:00:59+00:00\",\"description\":\"O BNG de Gondomar xa decidiu que a s\u00faa actual voceira , a veci\u00f1a de Peitieiros Manuela Rodr\u00edguez, repita como candidata \u00e1 alcald\u00eda de Gondomar nas elecci\u00f3ns do pr\u00f3ximo ano. N\u00f3s conversamos con ela\",\"breadcrumb\":{\"@id\":\"https:\\\/\\\/www.anovapeneira.gal\\\/index.php\\\/2022\\\/11\\\/30\\\/manuela-rodriguez-pumar-candidata-do-bng-a-alcaldia-de-gondomar\\\/#breadcrumb\"},\"inLanguage\":\"gl-ES\",\"potentialAction\":[{\"@type\":\"ReadAction\",\"target\":[\"https:\\\/\\\/www.anovapeneira.gal\\\/index.php\\\/2022\\\/11\\\/30\\\/manuela-rodriguez-pumar-candidata-do-bng-a-alcaldia-de-gondomar\\\/\"]}]},{\"@type\":\"ImageObject\",\"inLanguage\":\"gl-ES\",\"@id\":\"https:\\\/\\\/www.anovapeneira.gal\\\/index.php\\\/2022\\\/11\\\/30\\\/manuela-rodriguez-pumar-candidata-do-bng-a-alcaldia-de-gondomar\\\/#primaryimage\",\"url\":\"https:\\\/\\\/www.anovapeneira.gal\\\/wp-content\\\/uploads\\\/2022\\\/11\\\/manuela_bng_gondomar.jpg\",\"contentUrl\":\"https:\\\/\\\/www.anovapeneira.gal\\\/wp-content\\\/uploads\\\/2022\\\/11\\\/manuela_bng_gondomar.jpg\",\"width\":720,\"height\":432,\"caption\":\"Manuela Rodr\u00edguez Pumar\"},{\"@type\":\"BreadcrumbList\",\"@id\":\"https:\\\/\\\/www.anovapeneira.gal\\\/index.php\\\/2022\\\/11\\\/30\\\/manuela-rodriguez-pumar-candidata-do-bng-a-alcaldia-de-gondomar\\\/#breadcrumb\",\"itemListElement\":[{\"@type\":\"ListItem\",\"position\":1,\"name\":\"Portada\",\"item\":\"https:\\\/\\\/www.anovapeneira.gal\\\/\"},{\"@type\":\"ListItem\",\"position\":2,\"name\":\"Manuela Rodr\u00edguez Pumar candidata do BNG \u00e1 alcald\u00eda de Gondomar\"}]},{\"@type\":\"WebSite\",\"@id\":\"https:\\\/\\\/www.anovapeneira.gal\\\/#website\",\"url\":\"https:\\\/\\\/www.anovapeneira.gal\\\/\",\"name\":\"\",\"description\":\"Xornal galego de informaci\u00f3n xeral Publicaci\u00f3n mensual de novas de Galicia e en especial dos Concellos da sur da provincia de Pontevedra.\",\"publisher\":{\"@id\":\"https:\\\/\\\/www.anovapeneira.gal\\\/#organization\"},\"potentialAction\":[{\"@type\":\"SearchAction\",\"target\":{\"@type\":\"EntryPoint\",\"urlTemplate\":\"https:\\\/\\\/www.anovapeneira.gal\\\/?s={search_term_string}\"},\"query-input\":{\"@type\":\"PropertyValueSpecification\",\"valueRequired\":true,\"valueName\":\"search_term_string\"}}],\"inLanguage\":\"gl-ES\"},{\"@type\":\"Organization\",\"@id\":\"https:\\\/\\\/www.anovapeneira.gal\\\/#organization\",\"name\":\"A Nova Peneira\",\"url\":\"https:\\\/\\\/www.anovapeneira.gal\\\/\",\"logo\":{\"@type\":\"ImageObject\",\"inLanguage\":\"gl-ES\",\"@id\":\"https:\\\/\\\/www.anovapeneira.gal\\\/#\\\/schema\\\/logo\\\/image\\\/\",\"url\":\"http:\\\/\\\/www.anovapeneira.gal\\\/wp-content\\\/uploads\\\/2019\\\/06\\\/logo_a_nova_peneira_portal_web.png\",\"contentUrl\":\"http:\\\/\\\/www.anovapeneira.gal\\\/wp-content\\\/uploads\\\/2019\\\/06\\\/logo_a_nova_peneira_portal_web.png\",\"width\":300,\"height\":100,\"caption\":\"A Nova Peneira\"},\"image\":{\"@id\":\"https:\\\/\\\/www.anovapeneira.gal\\\/#\\\/schema\\\/logo\\\/image\\\/\"},\"sameAs\":[\"https:\\\/\\\/www.facebook.com\\\/anovapeneira\",\"https:\\\/\\\/x.com\\\/APeneira\"]},{\"@type\":\"Person\",\"@id\":\"https:\\\/\\\/www.anovapeneira.gal\\\/#\\\/schema\\\/person\\\/424dfe65e3070fd8a44d22d2c088762a\",\"name\":\"Tino Lago\",\"image\":{\"@type\":\"ImageObject\",\"inLanguage\":\"gl-ES\",\"@id\":\"https:\\\/\\\/secure.gravatar.com\\\/avatar\\\/b3df6a06e44bab3111583b90f0f33a0379ee5e3d22cbadd232d39f21c30c62be?s=96&d=mm&r=g\",\"url\":\"https:\\\/\\\/secure.gravatar.com\\\/avatar\\\/b3df6a06e44bab3111583b90f0f33a0379ee5e3d22cbadd232d39f21c30c62be?s=96&d=mm&r=g\",\"contentUrl\":\"https:\\\/\\\/secure.gravatar.com\\\/avatar\\\/b3df6a06e44bab3111583b90f0f33a0379ee5e3d22cbadd232d39f21c30c62be?s=96&d=mm&r=g\",\"caption\":\"Tino Lago\"},\"sameAs\":[\"http:\\\/\\\/www.anovapeneira.gal\"],\"url\":\"https:\\\/\\\/www.anovapeneira.gal\\\/index.php\\\/author\\\/director\\\/\"}]}<\/script>\n<!-- \/ Yoast SEO plugin. -->","yoast_head_json":{"title":"Manuela Rodr\u00edguez Pumar candidata do BNG \u00e1 alcald\u00eda de Gondomar -","description":"O BNG de Gondomar xa decidiu que a s\u00faa actual voceira , a veci\u00f1a de Peitieiros Manuela Rodr\u00edguez, repita como candidata \u00e1 alcald\u00eda de Gondomar nas elecci\u00f3ns do pr\u00f3ximo ano. N\u00f3s conversamos con ela","robots":{"index":"index","follow":"follow","max-snippet":"max-snippet:-1","max-image-preview":"max-image-preview:large","max-video-preview":"max-video-preview:-1"},"canonical":"https:\/\/www.anovapeneira.gal\/index.php\/2022\/11\/30\/manuela-rodriguez-pumar-candidata-do-bng-a-alcaldia-de-gondomar\/","og_locale":"gl_ES","og_type":"article","og_title":"Manuela Rodr\u00edguez Pumar candidata do BNG \u00e1 alcald\u00eda de Gondomar -","og_description":"O BNG de Gondomar xa decidiu que a s\u00faa actual voceira , a veci\u00f1a de Peitieiros Manuela Rodr\u00edguez, repita como candidata \u00e1 alcald\u00eda de Gondomar nas elecci\u00f3ns do pr\u00f3ximo ano. N\u00f3s conversamos con ela","og_url":"https:\/\/www.anovapeneira.gal\/index.php\/2022\/11\/30\/manuela-rodriguez-pumar-candidata-do-bng-a-alcaldia-de-gondomar\/","article_publisher":"https:\/\/www.facebook.com\/anovapeneira","article_published_time":"2022-11-30T11:00:59+00:00","og_image":[{"width":720,"height":432,"url":"https:\/\/www.anovapeneira.gal\/wp-content\/uploads\/2022\/11\/manuela_bng_gondomar.jpg","type":"image\/jpeg"}],"author":"Tino Lago","twitter_card":"summary_large_image","twitter_creator":"@APeneira","twitter_site":"@APeneira","twitter_misc":{"Escrito por":"Tino Lago","Tempo de lectura":"6 minutos"},"schema":{"@context":"https:\/\/schema.org","@graph":[{"@type":"Article","@id":"https:\/\/www.anovapeneira.gal\/index.php\/2022\/11\/30\/manuela-rodriguez-pumar-candidata-do-bng-a-alcaldia-de-gondomar\/#article","isPartOf":{"@id":"https:\/\/www.anovapeneira.gal\/index.php\/2022\/11\/30\/manuela-rodriguez-pumar-candidata-do-bng-a-alcaldia-de-gondomar\/"},"author":{"name":"Tino Lago","@id":"https:\/\/www.anovapeneira.gal\/#\/schema\/person\/424dfe65e3070fd8a44d22d2c088762a"},"headline":"Manuela Rodr\u00edguez Pumar candidata do BNG \u00e1 alcald\u00eda de Gondomar","datePublished":"2022-11-30T11:00:59+00:00","mainEntityOfPage":{"@id":"https:\/\/www.anovapeneira.gal\/index.php\/2022\/11\/30\/manuela-rodriguez-pumar-candidata-do-bng-a-alcaldia-de-gondomar\/"},"wordCount":1186,"commentCount":0,"publisher":{"@id":"https:\/\/www.anovapeneira.gal\/#organization"},"image":{"@id":"https:\/\/www.anovapeneira.gal\/index.php\/2022\/11\/30\/manuela-rodriguez-pumar-candidata-do-bng-a-alcaldia-de-gondomar\/#primaryimage"},"thumbnailUrl":"https:\/\/www.anovapeneira.gal\/wp-content\/uploads\/2022\/11\/manuela_bng_gondomar.jpg","keywords":["Concello de Gondomar"],"articleSection":["Val Mi\u00f1or"],"inLanguage":"gl-ES","potentialAction":[{"@type":"CommentAction","name":"Comment","target":["https:\/\/www.anovapeneira.gal\/index.php\/2022\/11\/30\/manuela-rodriguez-pumar-candidata-do-bng-a-alcaldia-de-gondomar\/#respond"]}]},{"@type":"WebPage","@id":"https:\/\/www.anovapeneira.gal\/index.php\/2022\/11\/30\/manuela-rodriguez-pumar-candidata-do-bng-a-alcaldia-de-gondomar\/","url":"https:\/\/www.anovapeneira.gal\/index.php\/2022\/11\/30\/manuela-rodriguez-pumar-candidata-do-bng-a-alcaldia-de-gondomar\/","name":"Manuela Rodr\u00edguez Pumar candidata do BNG \u00e1 alcald\u00eda de Gondomar -","isPartOf":{"@id":"https:\/\/www.anovapeneira.gal\/#website"},"primaryImageOfPage":{"@id":"https:\/\/www.anovapeneira.gal\/index.php\/2022\/11\/30\/manuela-rodriguez-pumar-candidata-do-bng-a-alcaldia-de-gondomar\/#primaryimage"},"image":{"@id":"https:\/\/www.anovapeneira.gal\/index.php\/2022\/11\/30\/manuela-rodriguez-pumar-candidata-do-bng-a-alcaldia-de-gondomar\/#primaryimage"},"thumbnailUrl":"https:\/\/www.anovapeneira.gal\/wp-content\/uploads\/2022\/11\/manuela_bng_gondomar.jpg","datePublished":"2022-11-30T11:00:59+00:00","description":"O BNG de Gondomar xa decidiu que a s\u00faa actual voceira , a veci\u00f1a de Peitieiros Manuela Rodr\u00edguez, repita como candidata \u00e1 alcald\u00eda de Gondomar nas elecci\u00f3ns do pr\u00f3ximo ano. N\u00f3s conversamos con ela","breadcrumb":{"@id":"https:\/\/www.anovapeneira.gal\/index.php\/2022\/11\/30\/manuela-rodriguez-pumar-candidata-do-bng-a-alcaldia-de-gondomar\/#breadcrumb"},"inLanguage":"gl-ES","potentialAction":[{"@type":"ReadAction","target":["https:\/\/www.anovapeneira.gal\/index.php\/2022\/11\/30\/manuela-rodriguez-pumar-candidata-do-bng-a-alcaldia-de-gondomar\/"]}]},{"@type":"ImageObject","inLanguage":"gl-ES","@id":"https:\/\/www.anovapeneira.gal\/index.php\/2022\/11\/30\/manuela-rodriguez-pumar-candidata-do-bng-a-alcaldia-de-gondomar\/#primaryimage","url":"https:\/\/www.anovapeneira.gal\/wp-content\/uploads\/2022\/11\/manuela_bng_gondomar.jpg","contentUrl":"https:\/\/www.anovapeneira.gal\/wp-content\/uploads\/2022\/11\/manuela_bng_gondomar.jpg","width":720,"height":432,"caption":"Manuela Rodr\u00edguez Pumar"},{"@type":"BreadcrumbList","@id":"https:\/\/www.anovapeneira.gal\/index.php\/2022\/11\/30\/manuela-rodriguez-pumar-candidata-do-bng-a-alcaldia-de-gondomar\/#breadcrumb","itemListElement":[{"@type":"ListItem","position":1,"name":"Portada","item":"https:\/\/www.anovapeneira.gal\/"},{"@type":"ListItem","position":2,"name":"Manuela Rodr\u00edguez Pumar candidata do BNG \u00e1 alcald\u00eda de Gondomar"}]},{"@type":"WebSite","@id":"https:\/\/www.anovapeneira.gal\/#website","url":"https:\/\/www.anovapeneira.gal\/","name":"","description":"Xornal galego de informaci\u00f3n xeral Publicaci\u00f3n mensual de novas de Galicia e en especial dos Concellos da sur da provincia de Pontevedra.","publisher":{"@id":"https:\/\/www.anovapeneira.gal\/#organization"},"potentialAction":[{"@type":"SearchAction","target":{"@type":"EntryPoint","urlTemplate":"https:\/\/www.anovapeneira.gal\/?s={search_term_string}"},"query-input":{"@type":"PropertyValueSpecification","valueRequired":true,"valueName":"search_term_string"}}],"inLanguage":"gl-ES"},{"@type":"Organization","@id":"https:\/\/www.anovapeneira.gal\/#organization","name":"A Nova Peneira","url":"https:\/\/www.anovapeneira.gal\/","logo":{"@type":"ImageObject","inLanguage":"gl-ES","@id":"https:\/\/www.anovapeneira.gal\/#\/schema\/logo\/image\/","url":"http:\/\/www.anovapeneira.gal\/wp-content\/uploads\/2019\/06\/logo_a_nova_peneira_portal_web.png","contentUrl":"http:\/\/www.anovapeneira.gal\/wp-content\/uploads\/2019\/06\/logo_a_nova_peneira_portal_web.png","width":300,"height":100,"caption":"A Nova Peneira"},"image":{"@id":"https:\/\/www.anovapeneira.gal\/#\/schema\/logo\/image\/"},"sameAs":["https:\/\/www.facebook.com\/anovapeneira","https:\/\/x.com\/APeneira"]},{"@type":"Person","@id":"https:\/\/www.anovapeneira.gal\/#\/schema\/person\/424dfe65e3070fd8a44d22d2c088762a","name":"Tino Lago","image":{"@type":"ImageObject","inLanguage":"gl-ES","@id":"https:\/\/secure.gravatar.com\/avatar\/b3df6a06e44bab3111583b90f0f33a0379ee5e3d22cbadd232d39f21c30c62be?s=96&d=mm&r=g","url":"https:\/\/secure.gravatar.com\/avatar\/b3df6a06e44bab3111583b90f0f33a0379ee5e3d22cbadd232d39f21c30c62be?s=96&d=mm&r=g","contentUrl":"https:\/\/secure.gravatar.com\/avatar\/b3df6a06e44bab3111583b90f0f33a0379ee5e3d22cbadd232d39f21c30c62be?s=96&d=mm&r=g","caption":"Tino Lago"},"sameAs":["http:\/\/www.anovapeneira.gal"],"url":"https:\/\/www.anovapeneira.gal\/index.php\/author\/director\/"}]}},"jetpack_featured_media_url":"https:\/\/www.anovapeneira.gal\/wp-content\/uploads\/2022\/11\/manuela_bng_gondomar.jpg","_links":{"self":[{"href":"https:\/\/www.anovapeneira.gal\/index.php\/wp-json\/wp\/v2\/posts\/8667","targetHints":{"allow":["GET"]}}],"collection":[{"href":"https:\/\/www.anovapeneira.gal\/index.php\/wp-json\/wp\/v2\/posts"}],"about":[{"href":"https:\/\/www.anovapeneira.gal\/index.php\/wp-json\/wp\/v2\/types\/post"}],"author":[{"embeddable":true,"href":"https:\/\/www.anovapeneira.gal\/index.php\/wp-json\/wp\/v2\/users\/2"}],"replies":[{"embeddable":true,"href":"https:\/\/www.anovapeneira.gal\/index.php\/wp-json\/wp\/v2\/comments?post=8667"}],"version-history":[{"count":1,"href":"https:\/\/www.anovapeneira.gal\/index.php\/wp-json\/wp\/v2\/posts\/8667\/revisions"}],"predecessor-version":[{"id":8668,"href":"https:\/\/www.anovapeneira.gal\/index.php\/wp-json\/wp\/v2\/posts\/8667\/revisions\/8668"}],"wp:featuredmedia":[{"embeddable":true,"href":"https:\/\/www.anovapeneira.gal\/index.php\/wp-json\/wp\/v2\/media\/8669"}],"wp:attachment":[{"href":"https:\/\/www.anovapeneira.gal\/index.php\/wp-json\/wp\/v2\/media?parent=8667"}],"wp:term":[{"taxonomy":"category","embeddable":true,"href":"https:\/\/www.anovapeneira.gal\/index.php\/wp-json\/wp\/v2\/categories?post=8667"},{"taxonomy":"post_tag","embeddable":true,"href":"https:\/\/www.anovapeneira.gal\/index.php\/wp-json\/wp\/v2\/tags?post=8667"}],"curies":[{"name":"wp","href":"https:\/\/api.w.org\/{rel}","templated":true}]}}