{"id":8680,"date":"2022-12-02T10:00:02","date_gmt":"2022-12-02T09:00:02","guid":{"rendered":"https:\/\/www.anovapeneira.gal\/?p=8680"},"modified":"2022-11-21T12:11:04","modified_gmt":"2022-11-21T11:11:04","slug":"acto-da-inauguracion-do-monumento-na-honra-dos-85-anos-da-morte-de-cleominio-muniz-lorenzo-e-outros-seis-republicanos-soterrados-no-cemiterio-de-camposancos-celebrado-este-venres-18-de-novembro-de-202","status":"publish","type":"post","link":"https:\/\/www.anovapeneira.gal\/index.php\/2022\/12\/02\/acto-da-inauguracion-do-monumento-na-honra-dos-85-anos-da-morte-de-cleominio-muniz-lorenzo-e-outros-seis-republicanos-soterrados-no-cemiterio-de-camposancos-celebrado-este-venres-18-de-novembro-de-202\/","title":{"rendered":"Acto da inauguraci\u00f3n do monumento na honra dos 85 anos da morte de Cleominio Mu\u00f1iz Lorenzo e outros seis republicanos soterrados no cemiterio de Camposancos celebrado este venres 18 de novembro de 2022"},"content":{"rendered":"\n<pre class=\"wp-block-verse\"><strong>Jose A.Uris<\/strong><\/pre>\n\n\n\n<p>Organizado pola Asociaci\u00f3n para a Recuperaci\u00f3n da Memoria Hist\u00f3rica do campo de Concentraci\u00f3n de Camposancos e Fosa Com\u00fan de Sestas.<\/p>\n\n\n\n<p>Presentado por B\u00e1rbara Dom\u00ednguez Gonz\u00e1lez de Camposancos, a seu caron o violinista <strong>Leo Blanco Novoa<\/strong>, titulado superior en viol\u00edn e m\u00fasica de c\u00e1mara polo Conservatorio Superior de Oviedo, na actualidade profesor no Conservatorio de Vigo o que interpretou en primeiro lugar o Himno de Riego.<\/p>\n\n\n\n<p>Seguidamente tomou a palabra Jos\u00e9 A. Uris Guisantes que fixo unha breve semblanza dos sete primeiros republicanos falecidos no Campo de Concentraci\u00f3n. <strong>Cleominio Mu\u00f1iz Lorenzo<\/strong> de Avil\u00e9s; <strong>Anastasio Hern\u00e1ndez Mart\u00edn<\/strong> de Salamanca, veci\u00f1o de Matico (Bilbao); <strong>Maximino D\u00edez Llorente<\/strong> de Don Juan (Le\u00f3n), veci\u00f1o de Xix\u00f3n; <strong>Isidoro Prieto Polo<\/strong> de Mieres (Asturias); <strong>Ram\u00f3n Llerandi Vallejo<\/strong> de Villamayor \u2013 Pilo\u00f1a (Oviedo); <strong>Camilo \u00c1lvarez Hern\u00e1ndez<\/strong> de San Mart\u00edn de Iru\u00f1a (Oviedo) e <strong>Camilo Arango Garc\u00eda<\/strong> de Los Cabos (Oviedo).<\/p>\n\n\n\n<p>B\u00e1rbara presenta e agradece en nome da Asociaci\u00f3n o infinito agradecemento ao autor do monumento, <strong>Daniel Paz\u00f3 Piedra<\/strong> de Nigr\u00e1n que explicou o porqu\u00e9 se interesou pola historia do rapaz estudante de 18 anos <strong>Cleominio Mu\u00f1\u00edz<\/strong> Lorenzo morto por disparos dun sentinela, o 18 de novembro de 1937<\/p>\n\n\n\n<p>De seguido Leo Blanco interpretou ao viol\u00edn \u201cSiciliana\u201d de Mar\u00eda Theresa Von Parad\u00eds, d\u00e1ndo a palabra ao presidente da asociaci\u00f3n, <strong>Jos\u00e9 Manuel Dom\u00ednguez Freitas<\/strong>, <em>\u201cA nosa Asociaci\u00f3n leva algo maos de dous anos de andadura nos que, por fortuna, sacamos adiante uns cantos proxectos que nos fan estar ben satisfeitos.<\/em><\/p>\n\n\n\n<p><em>A Unidade Did\u00e1ctica que levamos \u00f3s Centros de Ensino, o libro \u201cA Porta do Inferno\u201d, a reposici\u00f3n das l\u00e1pidas da Fosa Com\u00fan de Sestas, son algunhas das maos destacadas. Para estas e outras cousas que vir\u00e1n no futuro, temos contado con inestimables axudas: da <\/em><em><strong>Fundaci\u00f3n 10 de Marzo de CC.OO<\/strong><\/em><em>, da <\/em><em><strong>Fundaci\u00f3n Mu\u00f1iz Zapico de Asturias<\/strong><\/em><em>, da <\/em><em><strong>Asociaci\u00f3n de Memoria MIlitar Democr\u00e1tica,<\/strong><\/em><em> da <\/em><em><strong>Federaci\u00f3n de Pensionistas de CC.OO. de Vigo<\/strong><\/em><em>, <\/em><em><strong>do Concello da Guarda<\/strong><\/em><em>, dos <\/em><em><strong>Herdeiros de Juan Noya Gil<\/strong><\/em><em> e de <\/em><em><strong>Manuel Dom\u00ednguez Pacheco <\/strong><\/em><em>\u201cTaxota\u201d e tantas outras persoas,<\/em><\/p>\n\n\n\n<p><em>Pero no acto de hoxe quixera destacar dous principais agradecementos. En primeiro lugar \u00e1s persoas que fixeron posible o monumento que imos inaugurar. Daniel Paz\u00f3, canteiro, escultor afeccionado que tivo a idea e lle deu<\/em> <em>forma de maneira desinteresada. A Jos\u00e9 Manuel Rodr\u00edguez Crespo que sempre estivo na lox\u00edstica. Moitas grazas aos dous.<\/em><\/p>\n\n\n\n<p><em>En segundo lugar, a esas persoas que fixeron posible que dende 1937, nunca faltaran flores na tumba,. Esas persoas mantiveron durante 85 anos a memoria de Cleominio, sen elas, este acto, este reco\u00f1ecemento p\u00fablico non ser\u00eda posible. Inmensa gratitude a todas elas.<\/em><\/p>\n\n\n\n<p><em>Hai unhas poucas semanas apr\u00f3base a no va Lei de Memoria Democr\u00e1tica que xa tivo unha primeira consecuencia. Queipo de Llano, culpable da morte de 45.000 persoas, sa\u00eda, con nocturnidade da Macarena. Os seus familiares tiveron que facelo a escuras, esquivando \u00f3s medios de comunicaci\u00f3n.<\/em><\/p>\n\n\n\n<p><em>Pola contra, n\u00f3s, aqu\u00ed, a plena luz do d\u00eda e con satisfacci\u00f3n, lembramos a Cleominio e seis compa\u00f1eiros m\u00e1is que deron a s\u00faa vida por ser fieis \u00f3s ideais da Rep\u00fablica.<\/em><\/p>\n\n\n\n<p><em>Os partidos pol\u00edticos de dereitas e algunha parte da cidadan\u00eda deste pa\u00eds vennos acusando \u00f3s que loitamos pola verdade, pola xustiza, e pola reparaci\u00f3n de que rompemos o esp\u00edrito da Transici\u00f3n. \u00c9 pregunto, preguntamos \u00e9 que o esp\u00edrito da Transici\u00f3n amparou \u00f3s xenocidas? \u00c9 que hai que esquecer o que fixo Queipo e tantos outros ? \u00c9 que non se pode revisar o que pasou en miles de Consellos de Guerra que condenaron a morte a miles de persoas ? \u00c9 que os familiares dos que a\u00ednda est\u00e1n en cunetas e fosas, non te\u00f1en dereito a darlles sepultura digna \u00f3s seus ? \u00c9 isto \u00e9 revolver o pasado como argumentan alg\u00fans ?. Non ser\u00e1 mais ben, que lles interesa tapar o que aconteceu naqueles anos ?<\/em><\/p>\n\n\n\n<p><em>Agora \u00e9 m\u00e1is f\u00e1cil a loita porque hai leis que nos amparan. Durante moitos anos escuros e duros, a loita tivo que facerse dende o anonimato e con t\u00f3dalas cautelas.Pero alg\u00fans e algunhas tiveron coraxe para facelo, para manter viva a memoria. Grazas por ese coraz\u00f3n tan grande. Sinto hoxe unha satisfacci\u00f3n especial que entre n\u00f3s est\u00e1n familiares (<\/em><em><strong>Fefa, Cecilia e Jos\u00e9 Benito<\/strong><\/em><em>) do albanel camposino, <\/em><em><strong>C\u00e1ndido Mart\u00ednez Martinelli<\/strong><\/em><em> e de <\/em><em><strong>Josefa Vicente Mart\u00ednez.<\/strong><\/em><\/p>\n\n\n\n<p><em>C\u00e1ndido foi art\u00edfice de preparar a tumba de Cleominio e colocar unha cruz abandonada, s\u00faa esposa de po\u00f1er flores ao igual que fixeron as camposinas, <\/em><em><strong>Eladia Loureiro Vega, Avelina V\u00e1zquez<\/strong><\/em><em> do Barrio do Palomar (casada anos mais tarde con un prisioneiro),<\/em><em><strong>Blanca Carrero Veiga<\/strong><\/em><em> (esposa de Agust\u00edn Moeira Portela)<\/em><em> Todas elas, ata hoxe sen sa\u00edr a luz p\u00fablica foron (entre outras mais de Salcidos e A Guarda) as que axudaron a ducias de prisioneiros.<\/em><\/p>\n\n\n\n<p>De seguido tomou a palabra <strong>Marcos Santos Soto<\/strong> da Asociaci\u00f3n da Memoria Militar Democr\u00e1tica. Para rematar os familiares de C\u00e1ndido e Josefa levantaran as bandeiras republicanas do monumento, quedando inaugurado baixo o son do viol\u00edn de Leo Blanco Novoa que interpretou a Internacional acompa\u00f1ada das voces dos presentes.<\/p>\n","protected":false},"excerpt":{"rendered":"<div class=\"mh-excerpt\"><p>Organizado pola Asociaci\u00f3n para a Recuperaci\u00f3n da Memoria Hist\u00f3rica do campo de Concentraci\u00f3n de Camposancos e Fosa Com\u00fan de Sestas <a class=\"mh-excerpt-more\" href=\"https:\/\/www.anovapeneira.gal\/index.php\/2022\/12\/02\/acto-da-inauguracion-do-monumento-na-honra-dos-85-anos-da-morte-de-cleominio-muniz-lorenzo-e-outros-seis-republicanos-soterrados-no-cemiterio-de-camposancos-celebrado-este-venres-18-de-novembro-de-202\/\" title=\"Acto da inauguraci\u00f3n do monumento na honra dos 85 anos da morte de Cleominio Mu\u00f1iz Lorenzo e outros seis republicanos soterrados no cemiterio de Camposancos celebrado este venres 18 de novembro de 2022\">[&#8230;]<\/a><\/p>\n<\/div>","protected":false},"author":3,"featured_media":8684,"comment_status":"open","ping_status":"open","sticky":false,"template":"","format":"standard","meta":{"_exactmetrics_skip_tracking":false,"_exactmetrics_sitenote_active":false,"_exactmetrics_sitenote_note":"","_exactmetrics_sitenote_category":0,"footnotes":""},"categories":[21],"tags":[238],"class_list":{"0":"post-8680","1":"post","2":"type-post","3":"status-publish","4":"format-standard","5":"has-post-thumbnail","7":"category-baixo-mino","8":"tag-concello-da-guarda"},"yoast_head":"<!-- This site is optimized with the Yoast SEO plugin v27.4 - https:\/\/yoast.com\/product\/yoast-seo-wordpress\/ -->\n<title>Acto da inauguraci\u00f3n do monumento na honra dos 85 anos da morte de Cleominio Mu\u00f1iz Lorenzo e outros seis republicanos soterrados no cemiterio de Camposancos celebrado este venres 18 de novembro de 2022 -<\/title>\n<meta name=\"description\" content=\"Organizado pola Asociaci\u00f3n para a Recuperaci\u00f3n da Memoria Hist\u00f3rica do campo de Concentraci\u00f3n de Camposancos e Fosa Com\u00fan de Sestas\" \/>\n<meta name=\"robots\" content=\"index, follow, max-snippet:-1, max-image-preview:large, max-video-preview:-1\" \/>\n<link rel=\"canonical\" href=\"https:\/\/www.anovapeneira.gal\/index.php\/2022\/12\/02\/acto-da-inauguracion-do-monumento-na-honra-dos-85-anos-da-morte-de-cleominio-muniz-lorenzo-e-outros-seis-republicanos-soterrados-no-cemiterio-de-camposancos-celebrado-este-venres-18-de-novembro-de-202\/\" \/>\n<meta property=\"og:locale\" content=\"gl_ES\" \/>\n<meta property=\"og:type\" content=\"article\" \/>\n<meta property=\"og:title\" content=\"Acto da inauguraci\u00f3n do monumento na honra dos 85 anos da morte de Cleominio Mu\u00f1iz Lorenzo e outros seis republicanos soterrados no cemiterio de Camposancos celebrado este venres 18 de novembro de 2022 -\" \/>\n<meta property=\"og:description\" content=\"Organizado pola Asociaci\u00f3n para a Recuperaci\u00f3n da Memoria Hist\u00f3rica do campo de Concentraci\u00f3n de Camposancos e Fosa Com\u00fan de Sestas\" \/>\n<meta property=\"og:url\" content=\"https:\/\/www.anovapeneira.gal\/index.php\/2022\/12\/02\/acto-da-inauguracion-do-monumento-na-honra-dos-85-anos-da-morte-de-cleominio-muniz-lorenzo-e-outros-seis-republicanos-soterrados-no-cemiterio-de-camposancos-celebrado-este-venres-18-de-novembro-de-202\/\" \/>\n<meta property=\"article:publisher\" content=\"https:\/\/www.facebook.com\/anovapeneira\" \/>\n<meta property=\"article:published_time\" content=\"2022-12-02T09:00:02+00:00\" \/>\n<meta property=\"og:image\" content=\"https:\/\/www.anovapeneira.gal\/wp-content\/uploads\/2022\/11\/cleomino.jpg\" \/>\n\t<meta property=\"og:image:width\" content=\"720\" \/>\n\t<meta property=\"og:image:height\" content=\"432\" \/>\n\t<meta property=\"og:image:type\" content=\"image\/jpeg\" \/>\n<meta name=\"author\" content=\"Redacci\u00f3n A Nova Peneira\" \/>\n<meta name=\"twitter:card\" content=\"summary_large_image\" \/>\n<meta name=\"twitter:creator\" content=\"@APeneira\" \/>\n<meta name=\"twitter:site\" content=\"@APeneira\" \/>\n<meta name=\"twitter:label1\" content=\"Escrito por\" \/>\n\t<meta name=\"twitter:data1\" content=\"Redacci\u00f3n A Nova Peneira\" \/>\n\t<meta name=\"twitter:label2\" content=\"Tempo de lectura\" \/>\n\t<meta name=\"twitter:data2\" content=\"5 minutos\" \/>\n<script type=\"application\/ld+json\" class=\"yoast-schema-graph\">{\"@context\":\"https:\\\/\\\/schema.org\",\"@graph\":[{\"@type\":\"Article\",\"@id\":\"https:\\\/\\\/www.anovapeneira.gal\\\/index.php\\\/2022\\\/12\\\/02\\\/acto-da-inauguracion-do-monumento-na-honra-dos-85-anos-da-morte-de-cleominio-muniz-lorenzo-e-outros-seis-republicanos-soterrados-no-cemiterio-de-camposancos-celebrado-este-venres-18-de-novembro-de-202\\\/#article\",\"isPartOf\":{\"@id\":\"https:\\\/\\\/www.anovapeneira.gal\\\/index.php\\\/2022\\\/12\\\/02\\\/acto-da-inauguracion-do-monumento-na-honra-dos-85-anos-da-morte-de-cleominio-muniz-lorenzo-e-outros-seis-republicanos-soterrados-no-cemiterio-de-camposancos-celebrado-este-venres-18-de-novembro-de-202\\\/\"},\"author\":{\"name\":\"Redacci\u00f3n A Nova Peneira\",\"@id\":\"https:\\\/\\\/www.anovapeneira.gal\\\/#\\\/schema\\\/person\\\/b93e3f8932e3f8da96334607eb6ac6aa\"},\"headline\":\"Acto da inauguraci\u00f3n do monumento na honra dos 85 anos da morte de Cleominio Mu\u00f1iz Lorenzo e outros seis republicanos soterrados no cemiterio de Camposancos celebrado este venres 18 de novembro de 2022\",\"datePublished\":\"2022-12-02T09:00:02+00:00\",\"mainEntityOfPage\":{\"@id\":\"https:\\\/\\\/www.anovapeneira.gal\\\/index.php\\\/2022\\\/12\\\/02\\\/acto-da-inauguracion-do-monumento-na-honra-dos-85-anos-da-morte-de-cleominio-muniz-lorenzo-e-outros-seis-republicanos-soterrados-no-cemiterio-de-camposancos-celebrado-este-venres-18-de-novembro-de-202\\\/\"},\"wordCount\":939,\"commentCount\":0,\"publisher\":{\"@id\":\"https:\\\/\\\/www.anovapeneira.gal\\\/#organization\"},\"image\":{\"@id\":\"https:\\\/\\\/www.anovapeneira.gal\\\/index.php\\\/2022\\\/12\\\/02\\\/acto-da-inauguracion-do-monumento-na-honra-dos-85-anos-da-morte-de-cleominio-muniz-lorenzo-e-outros-seis-republicanos-soterrados-no-cemiterio-de-camposancos-celebrado-este-venres-18-de-novembro-de-202\\\/#primaryimage\"},\"thumbnailUrl\":\"https:\\\/\\\/www.anovapeneira.gal\\\/wp-content\\\/uploads\\\/2022\\\/11\\\/cleomino.jpg\",\"keywords\":[\"Concello da Guarda\"],\"articleSection\":[\"Baixo Mi\u00f1o\"],\"inLanguage\":\"gl-ES\",\"potentialAction\":[{\"@type\":\"CommentAction\",\"name\":\"Comment\",\"target\":[\"https:\\\/\\\/www.anovapeneira.gal\\\/index.php\\\/2022\\\/12\\\/02\\\/acto-da-inauguracion-do-monumento-na-honra-dos-85-anos-da-morte-de-cleominio-muniz-lorenzo-e-outros-seis-republicanos-soterrados-no-cemiterio-de-camposancos-celebrado-este-venres-18-de-novembro-de-202\\\/#respond\"]}]},{\"@type\":\"WebPage\",\"@id\":\"https:\\\/\\\/www.anovapeneira.gal\\\/index.php\\\/2022\\\/12\\\/02\\\/acto-da-inauguracion-do-monumento-na-honra-dos-85-anos-da-morte-de-cleominio-muniz-lorenzo-e-outros-seis-republicanos-soterrados-no-cemiterio-de-camposancos-celebrado-este-venres-18-de-novembro-de-202\\\/\",\"url\":\"https:\\\/\\\/www.anovapeneira.gal\\\/index.php\\\/2022\\\/12\\\/02\\\/acto-da-inauguracion-do-monumento-na-honra-dos-85-anos-da-morte-de-cleominio-muniz-lorenzo-e-outros-seis-republicanos-soterrados-no-cemiterio-de-camposancos-celebrado-este-venres-18-de-novembro-de-202\\\/\",\"name\":\"Acto da inauguraci\u00f3n do monumento na honra dos 85 anos da morte de Cleominio Mu\u00f1iz Lorenzo e outros seis republicanos soterrados no cemiterio de Camposancos celebrado este venres 18 de novembro de 2022 -\",\"isPartOf\":{\"@id\":\"https:\\\/\\\/www.anovapeneira.gal\\\/#website\"},\"primaryImageOfPage\":{\"@id\":\"https:\\\/\\\/www.anovapeneira.gal\\\/index.php\\\/2022\\\/12\\\/02\\\/acto-da-inauguracion-do-monumento-na-honra-dos-85-anos-da-morte-de-cleominio-muniz-lorenzo-e-outros-seis-republicanos-soterrados-no-cemiterio-de-camposancos-celebrado-este-venres-18-de-novembro-de-202\\\/#primaryimage\"},\"image\":{\"@id\":\"https:\\\/\\\/www.anovapeneira.gal\\\/index.php\\\/2022\\\/12\\\/02\\\/acto-da-inauguracion-do-monumento-na-honra-dos-85-anos-da-morte-de-cleominio-muniz-lorenzo-e-outros-seis-republicanos-soterrados-no-cemiterio-de-camposancos-celebrado-este-venres-18-de-novembro-de-202\\\/#primaryimage\"},\"thumbnailUrl\":\"https:\\\/\\\/www.anovapeneira.gal\\\/wp-content\\\/uploads\\\/2022\\\/11\\\/cleomino.jpg\",\"datePublished\":\"2022-12-02T09:00:02+00:00\",\"description\":\"Organizado pola Asociaci\u00f3n para a Recuperaci\u00f3n da Memoria Hist\u00f3rica do campo de Concentraci\u00f3n de Camposancos e Fosa Com\u00fan de Sestas\",\"breadcrumb\":{\"@id\":\"https:\\\/\\\/www.anovapeneira.gal\\\/index.php\\\/2022\\\/12\\\/02\\\/acto-da-inauguracion-do-monumento-na-honra-dos-85-anos-da-morte-de-cleominio-muniz-lorenzo-e-outros-seis-republicanos-soterrados-no-cemiterio-de-camposancos-celebrado-este-venres-18-de-novembro-de-202\\\/#breadcrumb\"},\"inLanguage\":\"gl-ES\",\"potentialAction\":[{\"@type\":\"ReadAction\",\"target\":[\"https:\\\/\\\/www.anovapeneira.gal\\\/index.php\\\/2022\\\/12\\\/02\\\/acto-da-inauguracion-do-monumento-na-honra-dos-85-anos-da-morte-de-cleominio-muniz-lorenzo-e-outros-seis-republicanos-soterrados-no-cemiterio-de-camposancos-celebrado-este-venres-18-de-novembro-de-202\\\/\"]}]},{\"@type\":\"ImageObject\",\"inLanguage\":\"gl-ES\",\"@id\":\"https:\\\/\\\/www.anovapeneira.gal\\\/index.php\\\/2022\\\/12\\\/02\\\/acto-da-inauguracion-do-monumento-na-honra-dos-85-anos-da-morte-de-cleominio-muniz-lorenzo-e-outros-seis-republicanos-soterrados-no-cemiterio-de-camposancos-celebrado-este-venres-18-de-novembro-de-202\\\/#primaryimage\",\"url\":\"https:\\\/\\\/www.anovapeneira.gal\\\/wp-content\\\/uploads\\\/2022\\\/11\\\/cleomino.jpg\",\"contentUrl\":\"https:\\\/\\\/www.anovapeneira.gal\\\/wp-content\\\/uploads\\\/2022\\\/11\\\/cleomino.jpg\",\"width\":720,\"height\":432,\"caption\":\"Acto da inauguraci\u00f3n do monumento na honra dos 85 anos da morte de Cleominio Mu\u00f1iz Lorenzo\"},{\"@type\":\"BreadcrumbList\",\"@id\":\"https:\\\/\\\/www.anovapeneira.gal\\\/index.php\\\/2022\\\/12\\\/02\\\/acto-da-inauguracion-do-monumento-na-honra-dos-85-anos-da-morte-de-cleominio-muniz-lorenzo-e-outros-seis-republicanos-soterrados-no-cemiterio-de-camposancos-celebrado-este-venres-18-de-novembro-de-202\\\/#breadcrumb\",\"itemListElement\":[{\"@type\":\"ListItem\",\"position\":1,\"name\":\"Portada\",\"item\":\"https:\\\/\\\/www.anovapeneira.gal\\\/\"},{\"@type\":\"ListItem\",\"position\":2,\"name\":\"Acto da inauguraci\u00f3n do monumento na honra dos 85 anos da morte de Cleominio Mu\u00f1iz Lorenzo e outros seis republicanos soterrados no cemiterio de Camposancos celebrado este venres 18 de novembro de 2022\"}]},{\"@type\":\"WebSite\",\"@id\":\"https:\\\/\\\/www.anovapeneira.gal\\\/#website\",\"url\":\"https:\\\/\\\/www.anovapeneira.gal\\\/\",\"name\":\"\",\"description\":\"Xornal galego de informaci\u00f3n xeral Publicaci\u00f3n mensual de novas de Galicia e en especial dos Concellos da sur da provincia de Pontevedra.\",\"publisher\":{\"@id\":\"https:\\\/\\\/www.anovapeneira.gal\\\/#organization\"},\"potentialAction\":[{\"@type\":\"SearchAction\",\"target\":{\"@type\":\"EntryPoint\",\"urlTemplate\":\"https:\\\/\\\/www.anovapeneira.gal\\\/?s={search_term_string}\"},\"query-input\":{\"@type\":\"PropertyValueSpecification\",\"valueRequired\":true,\"valueName\":\"search_term_string\"}}],\"inLanguage\":\"gl-ES\"},{\"@type\":\"Organization\",\"@id\":\"https:\\\/\\\/www.anovapeneira.gal\\\/#organization\",\"name\":\"A Nova Peneira\",\"url\":\"https:\\\/\\\/www.anovapeneira.gal\\\/\",\"logo\":{\"@type\":\"ImageObject\",\"inLanguage\":\"gl-ES\",\"@id\":\"https:\\\/\\\/www.anovapeneira.gal\\\/#\\\/schema\\\/logo\\\/image\\\/\",\"url\":\"http:\\\/\\\/www.anovapeneira.gal\\\/wp-content\\\/uploads\\\/2019\\\/06\\\/logo_a_nova_peneira_portal_web.png\",\"contentUrl\":\"http:\\\/\\\/www.anovapeneira.gal\\\/wp-content\\\/uploads\\\/2019\\\/06\\\/logo_a_nova_peneira_portal_web.png\",\"width\":300,\"height\":100,\"caption\":\"A Nova Peneira\"},\"image\":{\"@id\":\"https:\\\/\\\/www.anovapeneira.gal\\\/#\\\/schema\\\/logo\\\/image\\\/\"},\"sameAs\":[\"https:\\\/\\\/www.facebook.com\\\/anovapeneira\",\"https:\\\/\\\/x.com\\\/APeneira\"]},{\"@type\":\"Person\",\"@id\":\"https:\\\/\\\/www.anovapeneira.gal\\\/#\\\/schema\\\/person\\\/b93e3f8932e3f8da96334607eb6ac6aa\",\"name\":\"Redacci\u00f3n A Nova Peneira\",\"image\":{\"@type\":\"ImageObject\",\"inLanguage\":\"gl-ES\",\"@id\":\"https:\\\/\\\/secure.gravatar.com\\\/avatar\\\/c052a2551a06e23fac63626232eaa90abd78dbcf1700fc46a2b2c89fd27b735f?s=96&d=mm&r=g\",\"url\":\"https:\\\/\\\/secure.gravatar.com\\\/avatar\\\/c052a2551a06e23fac63626232eaa90abd78dbcf1700fc46a2b2c89fd27b735f?s=96&d=mm&r=g\",\"contentUrl\":\"https:\\\/\\\/secure.gravatar.com\\\/avatar\\\/c052a2551a06e23fac63626232eaa90abd78dbcf1700fc46a2b2c89fd27b735f?s=96&d=mm&r=g\",\"caption\":\"Redacci\u00f3n A Nova Peneira\"},\"sameAs\":[\"http:\\\/\\\/www.anovapeneira.gal\\\/\"],\"url\":\"https:\\\/\\\/www.anovapeneira.gal\\\/index.php\\\/author\\\/redactor\\\/\"}]}<\/script>\n<!-- \/ Yoast SEO plugin. -->","yoast_head_json":{"title":"Acto da inauguraci\u00f3n do monumento na honra dos 85 anos da morte de Cleominio Mu\u00f1iz Lorenzo e outros seis republicanos soterrados no cemiterio de Camposancos celebrado este venres 18 de novembro de 2022 -","description":"Organizado pola Asociaci\u00f3n para a Recuperaci\u00f3n da Memoria Hist\u00f3rica do campo de Concentraci\u00f3n de Camposancos e Fosa Com\u00fan de Sestas","robots":{"index":"index","follow":"follow","max-snippet":"max-snippet:-1","max-image-preview":"max-image-preview:large","max-video-preview":"max-video-preview:-1"},"canonical":"https:\/\/www.anovapeneira.gal\/index.php\/2022\/12\/02\/acto-da-inauguracion-do-monumento-na-honra-dos-85-anos-da-morte-de-cleominio-muniz-lorenzo-e-outros-seis-republicanos-soterrados-no-cemiterio-de-camposancos-celebrado-este-venres-18-de-novembro-de-202\/","og_locale":"gl_ES","og_type":"article","og_title":"Acto da inauguraci\u00f3n do monumento na honra dos 85 anos da morte de Cleominio Mu\u00f1iz Lorenzo e outros seis republicanos soterrados no cemiterio de Camposancos celebrado este venres 18 de novembro de 2022 -","og_description":"Organizado pola Asociaci\u00f3n para a Recuperaci\u00f3n da Memoria Hist\u00f3rica do campo de Concentraci\u00f3n de Camposancos e Fosa Com\u00fan de Sestas","og_url":"https:\/\/www.anovapeneira.gal\/index.php\/2022\/12\/02\/acto-da-inauguracion-do-monumento-na-honra-dos-85-anos-da-morte-de-cleominio-muniz-lorenzo-e-outros-seis-republicanos-soterrados-no-cemiterio-de-camposancos-celebrado-este-venres-18-de-novembro-de-202\/","article_publisher":"https:\/\/www.facebook.com\/anovapeneira","article_published_time":"2022-12-02T09:00:02+00:00","og_image":[{"width":720,"height":432,"url":"https:\/\/www.anovapeneira.gal\/wp-content\/uploads\/2022\/11\/cleomino.jpg","type":"image\/jpeg"}],"author":"Redacci\u00f3n A Nova Peneira","twitter_card":"summary_large_image","twitter_creator":"@APeneira","twitter_site":"@APeneira","twitter_misc":{"Escrito por":"Redacci\u00f3n A Nova Peneira","Tempo de lectura":"5 minutos"},"schema":{"@context":"https:\/\/schema.org","@graph":[{"@type":"Article","@id":"https:\/\/www.anovapeneira.gal\/index.php\/2022\/12\/02\/acto-da-inauguracion-do-monumento-na-honra-dos-85-anos-da-morte-de-cleominio-muniz-lorenzo-e-outros-seis-republicanos-soterrados-no-cemiterio-de-camposancos-celebrado-este-venres-18-de-novembro-de-202\/#article","isPartOf":{"@id":"https:\/\/www.anovapeneira.gal\/index.php\/2022\/12\/02\/acto-da-inauguracion-do-monumento-na-honra-dos-85-anos-da-morte-de-cleominio-muniz-lorenzo-e-outros-seis-republicanos-soterrados-no-cemiterio-de-camposancos-celebrado-este-venres-18-de-novembro-de-202\/"},"author":{"name":"Redacci\u00f3n A Nova Peneira","@id":"https:\/\/www.anovapeneira.gal\/#\/schema\/person\/b93e3f8932e3f8da96334607eb6ac6aa"},"headline":"Acto da inauguraci\u00f3n do monumento na honra dos 85 anos da morte de Cleominio Mu\u00f1iz Lorenzo e outros seis republicanos soterrados no cemiterio de Camposancos celebrado este venres 18 de novembro de 2022","datePublished":"2022-12-02T09:00:02+00:00","mainEntityOfPage":{"@id":"https:\/\/www.anovapeneira.gal\/index.php\/2022\/12\/02\/acto-da-inauguracion-do-monumento-na-honra-dos-85-anos-da-morte-de-cleominio-muniz-lorenzo-e-outros-seis-republicanos-soterrados-no-cemiterio-de-camposancos-celebrado-este-venres-18-de-novembro-de-202\/"},"wordCount":939,"commentCount":0,"publisher":{"@id":"https:\/\/www.anovapeneira.gal\/#organization"},"image":{"@id":"https:\/\/www.anovapeneira.gal\/index.php\/2022\/12\/02\/acto-da-inauguracion-do-monumento-na-honra-dos-85-anos-da-morte-de-cleominio-muniz-lorenzo-e-outros-seis-republicanos-soterrados-no-cemiterio-de-camposancos-celebrado-este-venres-18-de-novembro-de-202\/#primaryimage"},"thumbnailUrl":"https:\/\/www.anovapeneira.gal\/wp-content\/uploads\/2022\/11\/cleomino.jpg","keywords":["Concello da Guarda"],"articleSection":["Baixo Mi\u00f1o"],"inLanguage":"gl-ES","potentialAction":[{"@type":"CommentAction","name":"Comment","target":["https:\/\/www.anovapeneira.gal\/index.php\/2022\/12\/02\/acto-da-inauguracion-do-monumento-na-honra-dos-85-anos-da-morte-de-cleominio-muniz-lorenzo-e-outros-seis-republicanos-soterrados-no-cemiterio-de-camposancos-celebrado-este-venres-18-de-novembro-de-202\/#respond"]}]},{"@type":"WebPage","@id":"https:\/\/www.anovapeneira.gal\/index.php\/2022\/12\/02\/acto-da-inauguracion-do-monumento-na-honra-dos-85-anos-da-morte-de-cleominio-muniz-lorenzo-e-outros-seis-republicanos-soterrados-no-cemiterio-de-camposancos-celebrado-este-venres-18-de-novembro-de-202\/","url":"https:\/\/www.anovapeneira.gal\/index.php\/2022\/12\/02\/acto-da-inauguracion-do-monumento-na-honra-dos-85-anos-da-morte-de-cleominio-muniz-lorenzo-e-outros-seis-republicanos-soterrados-no-cemiterio-de-camposancos-celebrado-este-venres-18-de-novembro-de-202\/","name":"Acto da inauguraci\u00f3n do monumento na honra dos 85 anos da morte de Cleominio Mu\u00f1iz Lorenzo e outros seis republicanos soterrados no cemiterio de Camposancos celebrado este venres 18 de novembro de 2022 -","isPartOf":{"@id":"https:\/\/www.anovapeneira.gal\/#website"},"primaryImageOfPage":{"@id":"https:\/\/www.anovapeneira.gal\/index.php\/2022\/12\/02\/acto-da-inauguracion-do-monumento-na-honra-dos-85-anos-da-morte-de-cleominio-muniz-lorenzo-e-outros-seis-republicanos-soterrados-no-cemiterio-de-camposancos-celebrado-este-venres-18-de-novembro-de-202\/#primaryimage"},"image":{"@id":"https:\/\/www.anovapeneira.gal\/index.php\/2022\/12\/02\/acto-da-inauguracion-do-monumento-na-honra-dos-85-anos-da-morte-de-cleominio-muniz-lorenzo-e-outros-seis-republicanos-soterrados-no-cemiterio-de-camposancos-celebrado-este-venres-18-de-novembro-de-202\/#primaryimage"},"thumbnailUrl":"https:\/\/www.anovapeneira.gal\/wp-content\/uploads\/2022\/11\/cleomino.jpg","datePublished":"2022-12-02T09:00:02+00:00","description":"Organizado pola Asociaci\u00f3n para a Recuperaci\u00f3n da Memoria Hist\u00f3rica do campo de Concentraci\u00f3n de Camposancos e Fosa Com\u00fan de Sestas","breadcrumb":{"@id":"https:\/\/www.anovapeneira.gal\/index.php\/2022\/12\/02\/acto-da-inauguracion-do-monumento-na-honra-dos-85-anos-da-morte-de-cleominio-muniz-lorenzo-e-outros-seis-republicanos-soterrados-no-cemiterio-de-camposancos-celebrado-este-venres-18-de-novembro-de-202\/#breadcrumb"},"inLanguage":"gl-ES","potentialAction":[{"@type":"ReadAction","target":["https:\/\/www.anovapeneira.gal\/index.php\/2022\/12\/02\/acto-da-inauguracion-do-monumento-na-honra-dos-85-anos-da-morte-de-cleominio-muniz-lorenzo-e-outros-seis-republicanos-soterrados-no-cemiterio-de-camposancos-celebrado-este-venres-18-de-novembro-de-202\/"]}]},{"@type":"ImageObject","inLanguage":"gl-ES","@id":"https:\/\/www.anovapeneira.gal\/index.php\/2022\/12\/02\/acto-da-inauguracion-do-monumento-na-honra-dos-85-anos-da-morte-de-cleominio-muniz-lorenzo-e-outros-seis-republicanos-soterrados-no-cemiterio-de-camposancos-celebrado-este-venres-18-de-novembro-de-202\/#primaryimage","url":"https:\/\/www.anovapeneira.gal\/wp-content\/uploads\/2022\/11\/cleomino.jpg","contentUrl":"https:\/\/www.anovapeneira.gal\/wp-content\/uploads\/2022\/11\/cleomino.jpg","width":720,"height":432,"caption":"Acto da inauguraci\u00f3n do monumento na honra dos 85 anos da morte de Cleominio Mu\u00f1iz Lorenzo"},{"@type":"BreadcrumbList","@id":"https:\/\/www.anovapeneira.gal\/index.php\/2022\/12\/02\/acto-da-inauguracion-do-monumento-na-honra-dos-85-anos-da-morte-de-cleominio-muniz-lorenzo-e-outros-seis-republicanos-soterrados-no-cemiterio-de-camposancos-celebrado-este-venres-18-de-novembro-de-202\/#breadcrumb","itemListElement":[{"@type":"ListItem","position":1,"name":"Portada","item":"https:\/\/www.anovapeneira.gal\/"},{"@type":"ListItem","position":2,"name":"Acto da inauguraci\u00f3n do monumento na honra dos 85 anos da morte de Cleominio Mu\u00f1iz Lorenzo e outros seis republicanos soterrados no cemiterio de Camposancos celebrado este venres 18 de novembro de 2022"}]},{"@type":"WebSite","@id":"https:\/\/www.anovapeneira.gal\/#website","url":"https:\/\/www.anovapeneira.gal\/","name":"","description":"Xornal galego de informaci\u00f3n xeral Publicaci\u00f3n mensual de novas de Galicia e en especial dos Concellos da sur da provincia de Pontevedra.","publisher":{"@id":"https:\/\/www.anovapeneira.gal\/#organization"},"potentialAction":[{"@type":"SearchAction","target":{"@type":"EntryPoint","urlTemplate":"https:\/\/www.anovapeneira.gal\/?s={search_term_string}"},"query-input":{"@type":"PropertyValueSpecification","valueRequired":true,"valueName":"search_term_string"}}],"inLanguage":"gl-ES"},{"@type":"Organization","@id":"https:\/\/www.anovapeneira.gal\/#organization","name":"A Nova Peneira","url":"https:\/\/www.anovapeneira.gal\/","logo":{"@type":"ImageObject","inLanguage":"gl-ES","@id":"https:\/\/www.anovapeneira.gal\/#\/schema\/logo\/image\/","url":"http:\/\/www.anovapeneira.gal\/wp-content\/uploads\/2019\/06\/logo_a_nova_peneira_portal_web.png","contentUrl":"http:\/\/www.anovapeneira.gal\/wp-content\/uploads\/2019\/06\/logo_a_nova_peneira_portal_web.png","width":300,"height":100,"caption":"A Nova Peneira"},"image":{"@id":"https:\/\/www.anovapeneira.gal\/#\/schema\/logo\/image\/"},"sameAs":["https:\/\/www.facebook.com\/anovapeneira","https:\/\/x.com\/APeneira"]},{"@type":"Person","@id":"https:\/\/www.anovapeneira.gal\/#\/schema\/person\/b93e3f8932e3f8da96334607eb6ac6aa","name":"Redacci\u00f3n A Nova Peneira","image":{"@type":"ImageObject","inLanguage":"gl-ES","@id":"https:\/\/secure.gravatar.com\/avatar\/c052a2551a06e23fac63626232eaa90abd78dbcf1700fc46a2b2c89fd27b735f?s=96&d=mm&r=g","url":"https:\/\/secure.gravatar.com\/avatar\/c052a2551a06e23fac63626232eaa90abd78dbcf1700fc46a2b2c89fd27b735f?s=96&d=mm&r=g","contentUrl":"https:\/\/secure.gravatar.com\/avatar\/c052a2551a06e23fac63626232eaa90abd78dbcf1700fc46a2b2c89fd27b735f?s=96&d=mm&r=g","caption":"Redacci\u00f3n A Nova Peneira"},"sameAs":["http:\/\/www.anovapeneira.gal\/"],"url":"https:\/\/www.anovapeneira.gal\/index.php\/author\/redactor\/"}]}},"jetpack_featured_media_url":"https:\/\/www.anovapeneira.gal\/wp-content\/uploads\/2022\/11\/cleomino.jpg","_links":{"self":[{"href":"https:\/\/www.anovapeneira.gal\/index.php\/wp-json\/wp\/v2\/posts\/8680","targetHints":{"allow":["GET"]}}],"collection":[{"href":"https:\/\/www.anovapeneira.gal\/index.php\/wp-json\/wp\/v2\/posts"}],"about":[{"href":"https:\/\/www.anovapeneira.gal\/index.php\/wp-json\/wp\/v2\/types\/post"}],"author":[{"embeddable":true,"href":"https:\/\/www.anovapeneira.gal\/index.php\/wp-json\/wp\/v2\/users\/3"}],"replies":[{"embeddable":true,"href":"https:\/\/www.anovapeneira.gal\/index.php\/wp-json\/wp\/v2\/comments?post=8680"}],"version-history":[{"count":3,"href":"https:\/\/www.anovapeneira.gal\/index.php\/wp-json\/wp\/v2\/posts\/8680\/revisions"}],"predecessor-version":[{"id":8683,"href":"https:\/\/www.anovapeneira.gal\/index.php\/wp-json\/wp\/v2\/posts\/8680\/revisions\/8683"}],"wp:featuredmedia":[{"embeddable":true,"href":"https:\/\/www.anovapeneira.gal\/index.php\/wp-json\/wp\/v2\/media\/8684"}],"wp:attachment":[{"href":"https:\/\/www.anovapeneira.gal\/index.php\/wp-json\/wp\/v2\/media?parent=8680"}],"wp:term":[{"taxonomy":"category","embeddable":true,"href":"https:\/\/www.anovapeneira.gal\/index.php\/wp-json\/wp\/v2\/categories?post=8680"},{"taxonomy":"post_tag","embeddable":true,"href":"https:\/\/www.anovapeneira.gal\/index.php\/wp-json\/wp\/v2\/tags?post=8680"}],"curies":[{"name":"wp","href":"https:\/\/api.w.org\/{rel}","templated":true}]}}