{"id":8692,"date":"2022-12-02T12:00:12","date_gmt":"2022-12-02T11:00:12","guid":{"rendered":"https:\/\/www.anovapeneira.gal\/?p=8692"},"modified":"2022-11-28T13:06:42","modified_gmt":"2022-11-28T12:06:42","slug":"en-tomino-as-compras-de-nadal-tenen-premio","status":"publish","type":"post","link":"https:\/\/www.anovapeneira.gal\/index.php\/2022\/12\/02\/en-tomino-as-compras-de-nadal-tenen-premio\/","title":{"rendered":"En Tomi\u00f1o as compras de Nadal te\u00f1en premio"},"content":{"rendered":"\n<h2 class=\"wp-block-heading\"><strong>O Concello pon en marcha unha nova edici\u00f3n da campa\u00f1a \u2018Nadal + Nadal\u2019, con galard\u00f3ns para clientela e comercios locais<\/strong><\/h2>\n\n\n\n<h3 class=\"wp-block-heading\"><strong>Os establecementos interesados en participar poden inscribirse dende este luns 21 ata o vindeiro 30 de novembro<\/strong><\/h3>\n\n\n\n<p><strong>Tomi\u00f1o, 21 de novembro de 2022.<\/strong><\/p>\n\n\n\n<p>O Concello de Tomi\u00f1o contin\u00faa coa s\u00faa aposta por dinamizar o comercio local, especialmente cando se achega unha das \u00e9pocas m\u00e1is importantes do ano a nivel de vendas. O Goberno municipal acaba de lanzar unha <strong>nova edici\u00f3n de \u2018Nadal + Nadal. As t\u00faas compras de Nadal en Tomi\u00f1o valen dobre\u2019<\/strong>, unha campa\u00f1a coa que se busca premiar tanto aos establecementos tomi\u00f1eses como a todas aquelas persoas que realizan as s\u00faas compras no propio municipio.<\/p>\n\n\n\n<p>\u201cQueremos apoiar \u00e1s nosas e nosos comerciantes, pero tam\u00e9n a toda a veci\u00f1anza. O grande \u00e9xito das d\u00faas edici\u00f3ns anteriores demostra que iniciativas coma esta son un grande aliciente que nos permite dar pulo ao noso comercio e fomentar as compras nos locais que temos ao lado da casa\u201d, explica a alcaldesa, Sandra Gonz\u00e1lez, que salienta que a campa\u00f1a \u201cpermite dar continuidade \u00e1s acci\u00f3ns de apoio \u00e1 econom\u00eda local que desenvolve o Concello ao longo de todo o ano\u201d.<\/p>\n\n\n\n<p>Os <strong>comercios interesados<\/strong> en participar na campa\u00f1a poden xa <strong>inscribirse dende hoxe mesmo ata o vindeiro 30 de novembro<\/strong> a trav\u00e9s da sede electr\u00f3nica da web do Concello. Como recollen as bases, poder\u00e1n participar todos os establecementos locais ag\u00e1s aqueles que desenvolvan a s\u00faa actividade nos mercados municipais e comercios de primeira necesidade como panader\u00edas, carnicer\u00edas, peixar\u00edas, farmacias ou supermercados pertencentes a grandes cadeas, a\u00ednda que si poder\u00e1n formar parte da campa\u00f1a pequenas tendas de alimentaci\u00f3n de \u00e1mbito local.<\/p>\n\n\n\n<p>Pola s\u00faa banda, <strong>dende o 9 ao 27 de decembro os usuarios e usuarias dispor\u00e1n dunha urna en cada un destes locais onde depositar t\u00edckets de compra <\/strong>por un valor de entre 20 e 100 euros xunto cos seus datos persoais. Ser\u00e1 o propio 27 de decembro cando se abran as urnas no sal\u00f3n de plenos do Concello \u00e1s 20.30 horas e se proceda ao sorteo de vales de compra polo dobre do valor de cada un dos recibos ga\u00f1adores. Extraeranse os t\u00edckets necesarios ata que a suma de todos eles sexa igual ou inferior a 1.500 euros, polo que durante esta campa\u00f1a entregarase aos ga\u00f1adores ou ga\u00f1adoras vales de compra por un valor total de ata 3.000 euros.<\/p>\n\n\n\n<p>Por outro lado, coa intenci\u00f3n de fomentar a creaci\u00f3n dun ambiente agradable e atractivo este Nadal en todos os establecementos tomi\u00f1eses, ao participar nesta campa\u00f1a do 9 de decembro ata o 6 de xaneiro os comercios deber\u00e1n decorar os seus escaparates ou locais con elementos naturais e reciclados de base acompa\u00f1ados da decoraci\u00f3n de Nadal. Deste xeito pasar\u00e1n a formar parte do concurso \u2018Ruta Nadal + Nadal\u2019, unha iniciativa que premiar\u00e1 a decoraci\u00f3n m\u00e1s orixinal nas modalidade de mellor escaparate e mellor local, que supor\u00e1 un premio en met\u00e1lico de 500 euros a aqueles comercios que acaden o primeiro posto e 250\u20ac ao segundo.<\/p>\n\n\n\n<p>Dende o Concello, conscientes de que son moitos os establecementos participantes nesta campa\u00f1a que est\u00e1n a facer un grande esforzo por mellorar as s\u00faas decoraci\u00f3ns ano a ano, estableceuse que nesta edici\u00f3n non se premiar\u00e1n aqueles locais ou escaparates que lograron alg\u00fan galard\u00f3n nas edici\u00f3ns de 2020 e 2021. Os ga\u00f1adores ser\u00e1n escollidos por un xurado composto por dous representantes do comercio local, un representante do Concello de Tomi\u00f1o e tres artistas locais. O veredicto co\u00f1ecerase o 27 de decembro \u00e1s 21.30 h.<\/p>\n","protected":false},"excerpt":{"rendered":"<div class=\"mh-excerpt\"><p>O Concello pon en marcha unha nova edici\u00f3n da campa\u00f1a \u2018Nadal + Nadal\u2019, con galard\u00f3ns para clientela e comercios locais <a class=\"mh-excerpt-more\" href=\"https:\/\/www.anovapeneira.gal\/index.php\/2022\/12\/02\/en-tomino-as-compras-de-nadal-tenen-premio\/\" title=\"En Tomi\u00f1o as compras de Nadal te\u00f1en premio\">[&#8230;]<\/a><\/p>\n<\/div>","protected":false},"author":3,"featured_media":1336,"comment_status":"open","ping_status":"open","sticky":false,"template":"","format":"standard","meta":{"_exactmetrics_skip_tracking":false,"_exactmetrics_sitenote_active":false,"_exactmetrics_sitenote_note":"","_exactmetrics_sitenote_category":0,"footnotes":""},"categories":[21],"tags":[81],"class_list":{"0":"post-8692","1":"post","2":"type-post","3":"status-publish","4":"format-standard","5":"has-post-thumbnail","7":"category-baixo-mino","8":"tag-concello-de-tomino"},"yoast_head":"<!-- This site is optimized with the Yoast SEO plugin v27.4 - https:\/\/yoast.com\/product\/yoast-seo-wordpress\/ -->\n<title>En Tomi\u00f1o as compras de Nadal te\u00f1en premio -<\/title>\n<meta name=\"description\" content=\"O Concello pon en marcha unha nova edici\u00f3n da campa\u00f1a \u2018Nadal + Nadal\u2019, con galard\u00f3ns para clientela e comercios locais\" \/>\n<meta name=\"robots\" content=\"index, follow, max-snippet:-1, max-image-preview:large, max-video-preview:-1\" \/>\n<link rel=\"canonical\" href=\"https:\/\/www.anovapeneira.gal\/index.php\/2022\/12\/02\/en-tomino-as-compras-de-nadal-tenen-premio\/\" \/>\n<meta property=\"og:locale\" content=\"gl_ES\" \/>\n<meta property=\"og:type\" content=\"article\" \/>\n<meta property=\"og:title\" content=\"En Tomi\u00f1o as compras de Nadal te\u00f1en premio -\" \/>\n<meta property=\"og:description\" content=\"O Concello pon en marcha unha nova edici\u00f3n da campa\u00f1a \u2018Nadal + Nadal\u2019, con galard\u00f3ns para clientela e comercios locais\" \/>\n<meta property=\"og:url\" content=\"https:\/\/www.anovapeneira.gal\/index.php\/2022\/12\/02\/en-tomino-as-compras-de-nadal-tenen-premio\/\" \/>\n<meta property=\"article:publisher\" content=\"https:\/\/www.facebook.com\/anovapeneira\" \/>\n<meta property=\"article:published_time\" content=\"2022-12-02T11:00:12+00:00\" \/>\n<meta property=\"og:image\" content=\"https:\/\/www.anovapeneira.gal\/wp-content\/uploads\/2019\/09\/concello_De_tominho_a_nova_peneria.jpg\" \/>\n\t<meta property=\"og:image:width\" content=\"720\" \/>\n\t<meta property=\"og:image:height\" content=\"473\" \/>\n\t<meta property=\"og:image:type\" content=\"image\/jpeg\" \/>\n<meta name=\"author\" content=\"Redacci\u00f3n A Nova Peneira\" \/>\n<meta name=\"twitter:card\" content=\"summary_large_image\" \/>\n<meta name=\"twitter:creator\" content=\"@APeneira\" \/>\n<meta name=\"twitter:site\" content=\"@APeneira\" \/>\n<meta name=\"twitter:label1\" content=\"Escrito por\" \/>\n\t<meta name=\"twitter:data1\" content=\"Redacci\u00f3n A Nova Peneira\" \/>\n\t<meta name=\"twitter:label2\" content=\"Tempo de lectura\" \/>\n\t<meta name=\"twitter:data2\" content=\"4 minutos\" \/>\n<script type=\"application\/ld+json\" class=\"yoast-schema-graph\">{\"@context\":\"https:\\\/\\\/schema.org\",\"@graph\":[{\"@type\":\"Article\",\"@id\":\"https:\\\/\\\/www.anovapeneira.gal\\\/index.php\\\/2022\\\/12\\\/02\\\/en-tomino-as-compras-de-nadal-tenen-premio\\\/#article\",\"isPartOf\":{\"@id\":\"https:\\\/\\\/www.anovapeneira.gal\\\/index.php\\\/2022\\\/12\\\/02\\\/en-tomino-as-compras-de-nadal-tenen-premio\\\/\"},\"author\":{\"name\":\"Redacci\u00f3n A Nova Peneira\",\"@id\":\"https:\\\/\\\/www.anovapeneira.gal\\\/#\\\/schema\\\/person\\\/b93e3f8932e3f8da96334607eb6ac6aa\"},\"headline\":\"En Tomi\u00f1o as compras de Nadal te\u00f1en premio\",\"datePublished\":\"2022-12-02T11:00:12+00:00\",\"mainEntityOfPage\":{\"@id\":\"https:\\\/\\\/www.anovapeneira.gal\\\/index.php\\\/2022\\\/12\\\/02\\\/en-tomino-as-compras-de-nadal-tenen-premio\\\/\"},\"wordCount\":634,\"commentCount\":0,\"publisher\":{\"@id\":\"https:\\\/\\\/www.anovapeneira.gal\\\/#organization\"},\"image\":{\"@id\":\"https:\\\/\\\/www.anovapeneira.gal\\\/index.php\\\/2022\\\/12\\\/02\\\/en-tomino-as-compras-de-nadal-tenen-premio\\\/#primaryimage\"},\"thumbnailUrl\":\"https:\\\/\\\/www.anovapeneira.gal\\\/wp-content\\\/uploads\\\/2019\\\/09\\\/concello_De_tominho_a_nova_peneria.jpg\",\"keywords\":[\"Concello de Tomi\u00f1o\"],\"articleSection\":[\"Baixo Mi\u00f1o\"],\"inLanguage\":\"gl-ES\",\"potentialAction\":[{\"@type\":\"CommentAction\",\"name\":\"Comment\",\"target\":[\"https:\\\/\\\/www.anovapeneira.gal\\\/index.php\\\/2022\\\/12\\\/02\\\/en-tomino-as-compras-de-nadal-tenen-premio\\\/#respond\"]}]},{\"@type\":\"WebPage\",\"@id\":\"https:\\\/\\\/www.anovapeneira.gal\\\/index.php\\\/2022\\\/12\\\/02\\\/en-tomino-as-compras-de-nadal-tenen-premio\\\/\",\"url\":\"https:\\\/\\\/www.anovapeneira.gal\\\/index.php\\\/2022\\\/12\\\/02\\\/en-tomino-as-compras-de-nadal-tenen-premio\\\/\",\"name\":\"En Tomi\u00f1o as compras de Nadal te\u00f1en premio -\",\"isPartOf\":{\"@id\":\"https:\\\/\\\/www.anovapeneira.gal\\\/#website\"},\"primaryImageOfPage\":{\"@id\":\"https:\\\/\\\/www.anovapeneira.gal\\\/index.php\\\/2022\\\/12\\\/02\\\/en-tomino-as-compras-de-nadal-tenen-premio\\\/#primaryimage\"},\"image\":{\"@id\":\"https:\\\/\\\/www.anovapeneira.gal\\\/index.php\\\/2022\\\/12\\\/02\\\/en-tomino-as-compras-de-nadal-tenen-premio\\\/#primaryimage\"},\"thumbnailUrl\":\"https:\\\/\\\/www.anovapeneira.gal\\\/wp-content\\\/uploads\\\/2019\\\/09\\\/concello_De_tominho_a_nova_peneria.jpg\",\"datePublished\":\"2022-12-02T11:00:12+00:00\",\"description\":\"O Concello pon en marcha unha nova edici\u00f3n da campa\u00f1a \u2018Nadal + Nadal\u2019, con galard\u00f3ns para clientela e comercios locais\",\"breadcrumb\":{\"@id\":\"https:\\\/\\\/www.anovapeneira.gal\\\/index.php\\\/2022\\\/12\\\/02\\\/en-tomino-as-compras-de-nadal-tenen-premio\\\/#breadcrumb\"},\"inLanguage\":\"gl-ES\",\"potentialAction\":[{\"@type\":\"ReadAction\",\"target\":[\"https:\\\/\\\/www.anovapeneira.gal\\\/index.php\\\/2022\\\/12\\\/02\\\/en-tomino-as-compras-de-nadal-tenen-premio\\\/\"]}]},{\"@type\":\"ImageObject\",\"inLanguage\":\"gl-ES\",\"@id\":\"https:\\\/\\\/www.anovapeneira.gal\\\/index.php\\\/2022\\\/12\\\/02\\\/en-tomino-as-compras-de-nadal-tenen-premio\\\/#primaryimage\",\"url\":\"https:\\\/\\\/www.anovapeneira.gal\\\/wp-content\\\/uploads\\\/2019\\\/09\\\/concello_De_tominho_a_nova_peneria.jpg\",\"contentUrl\":\"https:\\\/\\\/www.anovapeneira.gal\\\/wp-content\\\/uploads\\\/2019\\\/09\\\/concello_De_tominho_a_nova_peneria.jpg\",\"width\":720,\"height\":473,\"caption\":\"Concello de Tomi\u00f1o A Nova Peneira\"},{\"@type\":\"BreadcrumbList\",\"@id\":\"https:\\\/\\\/www.anovapeneira.gal\\\/index.php\\\/2022\\\/12\\\/02\\\/en-tomino-as-compras-de-nadal-tenen-premio\\\/#breadcrumb\",\"itemListElement\":[{\"@type\":\"ListItem\",\"position\":1,\"name\":\"Portada\",\"item\":\"https:\\\/\\\/www.anovapeneira.gal\\\/\"},{\"@type\":\"ListItem\",\"position\":2,\"name\":\"En Tomi\u00f1o as compras de Nadal te\u00f1en premio\"}]},{\"@type\":\"WebSite\",\"@id\":\"https:\\\/\\\/www.anovapeneira.gal\\\/#website\",\"url\":\"https:\\\/\\\/www.anovapeneira.gal\\\/\",\"name\":\"\",\"description\":\"Xornal galego de informaci\u00f3n xeral Publicaci\u00f3n mensual de novas de Galicia e en especial dos Concellos da sur da provincia de Pontevedra.\",\"publisher\":{\"@id\":\"https:\\\/\\\/www.anovapeneira.gal\\\/#organization\"},\"potentialAction\":[{\"@type\":\"SearchAction\",\"target\":{\"@type\":\"EntryPoint\",\"urlTemplate\":\"https:\\\/\\\/www.anovapeneira.gal\\\/?s={search_term_string}\"},\"query-input\":{\"@type\":\"PropertyValueSpecification\",\"valueRequired\":true,\"valueName\":\"search_term_string\"}}],\"inLanguage\":\"gl-ES\"},{\"@type\":\"Organization\",\"@id\":\"https:\\\/\\\/www.anovapeneira.gal\\\/#organization\",\"name\":\"A Nova Peneira\",\"url\":\"https:\\\/\\\/www.anovapeneira.gal\\\/\",\"logo\":{\"@type\":\"ImageObject\",\"inLanguage\":\"gl-ES\",\"@id\":\"https:\\\/\\\/www.anovapeneira.gal\\\/#\\\/schema\\\/logo\\\/image\\\/\",\"url\":\"http:\\\/\\\/www.anovapeneira.gal\\\/wp-content\\\/uploads\\\/2019\\\/06\\\/logo_a_nova_peneira_portal_web.png\",\"contentUrl\":\"http:\\\/\\\/www.anovapeneira.gal\\\/wp-content\\\/uploads\\\/2019\\\/06\\\/logo_a_nova_peneira_portal_web.png\",\"width\":300,\"height\":100,\"caption\":\"A Nova Peneira\"},\"image\":{\"@id\":\"https:\\\/\\\/www.anovapeneira.gal\\\/#\\\/schema\\\/logo\\\/image\\\/\"},\"sameAs\":[\"https:\\\/\\\/www.facebook.com\\\/anovapeneira\",\"https:\\\/\\\/x.com\\\/APeneira\"]},{\"@type\":\"Person\",\"@id\":\"https:\\\/\\\/www.anovapeneira.gal\\\/#\\\/schema\\\/person\\\/b93e3f8932e3f8da96334607eb6ac6aa\",\"name\":\"Redacci\u00f3n A Nova Peneira\",\"image\":{\"@type\":\"ImageObject\",\"inLanguage\":\"gl-ES\",\"@id\":\"https:\\\/\\\/secure.gravatar.com\\\/avatar\\\/c052a2551a06e23fac63626232eaa90abd78dbcf1700fc46a2b2c89fd27b735f?s=96&d=mm&r=g\",\"url\":\"https:\\\/\\\/secure.gravatar.com\\\/avatar\\\/c052a2551a06e23fac63626232eaa90abd78dbcf1700fc46a2b2c89fd27b735f?s=96&d=mm&r=g\",\"contentUrl\":\"https:\\\/\\\/secure.gravatar.com\\\/avatar\\\/c052a2551a06e23fac63626232eaa90abd78dbcf1700fc46a2b2c89fd27b735f?s=96&d=mm&r=g\",\"caption\":\"Redacci\u00f3n A Nova Peneira\"},\"sameAs\":[\"http:\\\/\\\/www.anovapeneira.gal\\\/\"],\"url\":\"https:\\\/\\\/www.anovapeneira.gal\\\/index.php\\\/author\\\/redactor\\\/\"}]}<\/script>\n<!-- \/ Yoast SEO plugin. -->","yoast_head_json":{"title":"En Tomi\u00f1o as compras de Nadal te\u00f1en premio -","description":"O Concello pon en marcha unha nova edici\u00f3n da campa\u00f1a \u2018Nadal + Nadal\u2019, con galard\u00f3ns para clientela e comercios locais","robots":{"index":"index","follow":"follow","max-snippet":"max-snippet:-1","max-image-preview":"max-image-preview:large","max-video-preview":"max-video-preview:-1"},"canonical":"https:\/\/www.anovapeneira.gal\/index.php\/2022\/12\/02\/en-tomino-as-compras-de-nadal-tenen-premio\/","og_locale":"gl_ES","og_type":"article","og_title":"En Tomi\u00f1o as compras de Nadal te\u00f1en premio -","og_description":"O Concello pon en marcha unha nova edici\u00f3n da campa\u00f1a \u2018Nadal + Nadal\u2019, con galard\u00f3ns para clientela e comercios locais","og_url":"https:\/\/www.anovapeneira.gal\/index.php\/2022\/12\/02\/en-tomino-as-compras-de-nadal-tenen-premio\/","article_publisher":"https:\/\/www.facebook.com\/anovapeneira","article_published_time":"2022-12-02T11:00:12+00:00","og_image":[{"width":720,"height":473,"url":"https:\/\/www.anovapeneira.gal\/wp-content\/uploads\/2019\/09\/concello_De_tominho_a_nova_peneria.jpg","type":"image\/jpeg"}],"author":"Redacci\u00f3n A Nova Peneira","twitter_card":"summary_large_image","twitter_creator":"@APeneira","twitter_site":"@APeneira","twitter_misc":{"Escrito por":"Redacci\u00f3n A Nova Peneira","Tempo de lectura":"4 minutos"},"schema":{"@context":"https:\/\/schema.org","@graph":[{"@type":"Article","@id":"https:\/\/www.anovapeneira.gal\/index.php\/2022\/12\/02\/en-tomino-as-compras-de-nadal-tenen-premio\/#article","isPartOf":{"@id":"https:\/\/www.anovapeneira.gal\/index.php\/2022\/12\/02\/en-tomino-as-compras-de-nadal-tenen-premio\/"},"author":{"name":"Redacci\u00f3n A Nova Peneira","@id":"https:\/\/www.anovapeneira.gal\/#\/schema\/person\/b93e3f8932e3f8da96334607eb6ac6aa"},"headline":"En Tomi\u00f1o as compras de Nadal te\u00f1en premio","datePublished":"2022-12-02T11:00:12+00:00","mainEntityOfPage":{"@id":"https:\/\/www.anovapeneira.gal\/index.php\/2022\/12\/02\/en-tomino-as-compras-de-nadal-tenen-premio\/"},"wordCount":634,"commentCount":0,"publisher":{"@id":"https:\/\/www.anovapeneira.gal\/#organization"},"image":{"@id":"https:\/\/www.anovapeneira.gal\/index.php\/2022\/12\/02\/en-tomino-as-compras-de-nadal-tenen-premio\/#primaryimage"},"thumbnailUrl":"https:\/\/www.anovapeneira.gal\/wp-content\/uploads\/2019\/09\/concello_De_tominho_a_nova_peneria.jpg","keywords":["Concello de Tomi\u00f1o"],"articleSection":["Baixo Mi\u00f1o"],"inLanguage":"gl-ES","potentialAction":[{"@type":"CommentAction","name":"Comment","target":["https:\/\/www.anovapeneira.gal\/index.php\/2022\/12\/02\/en-tomino-as-compras-de-nadal-tenen-premio\/#respond"]}]},{"@type":"WebPage","@id":"https:\/\/www.anovapeneira.gal\/index.php\/2022\/12\/02\/en-tomino-as-compras-de-nadal-tenen-premio\/","url":"https:\/\/www.anovapeneira.gal\/index.php\/2022\/12\/02\/en-tomino-as-compras-de-nadal-tenen-premio\/","name":"En Tomi\u00f1o as compras de Nadal te\u00f1en premio -","isPartOf":{"@id":"https:\/\/www.anovapeneira.gal\/#website"},"primaryImageOfPage":{"@id":"https:\/\/www.anovapeneira.gal\/index.php\/2022\/12\/02\/en-tomino-as-compras-de-nadal-tenen-premio\/#primaryimage"},"image":{"@id":"https:\/\/www.anovapeneira.gal\/index.php\/2022\/12\/02\/en-tomino-as-compras-de-nadal-tenen-premio\/#primaryimage"},"thumbnailUrl":"https:\/\/www.anovapeneira.gal\/wp-content\/uploads\/2019\/09\/concello_De_tominho_a_nova_peneria.jpg","datePublished":"2022-12-02T11:00:12+00:00","description":"O Concello pon en marcha unha nova edici\u00f3n da campa\u00f1a \u2018Nadal + Nadal\u2019, con galard\u00f3ns para clientela e comercios locais","breadcrumb":{"@id":"https:\/\/www.anovapeneira.gal\/index.php\/2022\/12\/02\/en-tomino-as-compras-de-nadal-tenen-premio\/#breadcrumb"},"inLanguage":"gl-ES","potentialAction":[{"@type":"ReadAction","target":["https:\/\/www.anovapeneira.gal\/index.php\/2022\/12\/02\/en-tomino-as-compras-de-nadal-tenen-premio\/"]}]},{"@type":"ImageObject","inLanguage":"gl-ES","@id":"https:\/\/www.anovapeneira.gal\/index.php\/2022\/12\/02\/en-tomino-as-compras-de-nadal-tenen-premio\/#primaryimage","url":"https:\/\/www.anovapeneira.gal\/wp-content\/uploads\/2019\/09\/concello_De_tominho_a_nova_peneria.jpg","contentUrl":"https:\/\/www.anovapeneira.gal\/wp-content\/uploads\/2019\/09\/concello_De_tominho_a_nova_peneria.jpg","width":720,"height":473,"caption":"Concello de Tomi\u00f1o A Nova Peneira"},{"@type":"BreadcrumbList","@id":"https:\/\/www.anovapeneira.gal\/index.php\/2022\/12\/02\/en-tomino-as-compras-de-nadal-tenen-premio\/#breadcrumb","itemListElement":[{"@type":"ListItem","position":1,"name":"Portada","item":"https:\/\/www.anovapeneira.gal\/"},{"@type":"ListItem","position":2,"name":"En Tomi\u00f1o as compras de Nadal te\u00f1en premio"}]},{"@type":"WebSite","@id":"https:\/\/www.anovapeneira.gal\/#website","url":"https:\/\/www.anovapeneira.gal\/","name":"","description":"Xornal galego de informaci\u00f3n xeral Publicaci\u00f3n mensual de novas de Galicia e en especial dos Concellos da sur da provincia de Pontevedra.","publisher":{"@id":"https:\/\/www.anovapeneira.gal\/#organization"},"potentialAction":[{"@type":"SearchAction","target":{"@type":"EntryPoint","urlTemplate":"https:\/\/www.anovapeneira.gal\/?s={search_term_string}"},"query-input":{"@type":"PropertyValueSpecification","valueRequired":true,"valueName":"search_term_string"}}],"inLanguage":"gl-ES"},{"@type":"Organization","@id":"https:\/\/www.anovapeneira.gal\/#organization","name":"A Nova Peneira","url":"https:\/\/www.anovapeneira.gal\/","logo":{"@type":"ImageObject","inLanguage":"gl-ES","@id":"https:\/\/www.anovapeneira.gal\/#\/schema\/logo\/image\/","url":"http:\/\/www.anovapeneira.gal\/wp-content\/uploads\/2019\/06\/logo_a_nova_peneira_portal_web.png","contentUrl":"http:\/\/www.anovapeneira.gal\/wp-content\/uploads\/2019\/06\/logo_a_nova_peneira_portal_web.png","width":300,"height":100,"caption":"A Nova Peneira"},"image":{"@id":"https:\/\/www.anovapeneira.gal\/#\/schema\/logo\/image\/"},"sameAs":["https:\/\/www.facebook.com\/anovapeneira","https:\/\/x.com\/APeneira"]},{"@type":"Person","@id":"https:\/\/www.anovapeneira.gal\/#\/schema\/person\/b93e3f8932e3f8da96334607eb6ac6aa","name":"Redacci\u00f3n A Nova Peneira","image":{"@type":"ImageObject","inLanguage":"gl-ES","@id":"https:\/\/secure.gravatar.com\/avatar\/c052a2551a06e23fac63626232eaa90abd78dbcf1700fc46a2b2c89fd27b735f?s=96&d=mm&r=g","url":"https:\/\/secure.gravatar.com\/avatar\/c052a2551a06e23fac63626232eaa90abd78dbcf1700fc46a2b2c89fd27b735f?s=96&d=mm&r=g","contentUrl":"https:\/\/secure.gravatar.com\/avatar\/c052a2551a06e23fac63626232eaa90abd78dbcf1700fc46a2b2c89fd27b735f?s=96&d=mm&r=g","caption":"Redacci\u00f3n A Nova Peneira"},"sameAs":["http:\/\/www.anovapeneira.gal\/"],"url":"https:\/\/www.anovapeneira.gal\/index.php\/author\/redactor\/"}]}},"jetpack_featured_media_url":"https:\/\/www.anovapeneira.gal\/wp-content\/uploads\/2019\/09\/concello_De_tominho_a_nova_peneria.jpg","_links":{"self":[{"href":"https:\/\/www.anovapeneira.gal\/index.php\/wp-json\/wp\/v2\/posts\/8692","targetHints":{"allow":["GET"]}}],"collection":[{"href":"https:\/\/www.anovapeneira.gal\/index.php\/wp-json\/wp\/v2\/posts"}],"about":[{"href":"https:\/\/www.anovapeneira.gal\/index.php\/wp-json\/wp\/v2\/types\/post"}],"author":[{"embeddable":true,"href":"https:\/\/www.anovapeneira.gal\/index.php\/wp-json\/wp\/v2\/users\/3"}],"replies":[{"embeddable":true,"href":"https:\/\/www.anovapeneira.gal\/index.php\/wp-json\/wp\/v2\/comments?post=8692"}],"version-history":[{"count":1,"href":"https:\/\/www.anovapeneira.gal\/index.php\/wp-json\/wp\/v2\/posts\/8692\/revisions"}],"predecessor-version":[{"id":8693,"href":"https:\/\/www.anovapeneira.gal\/index.php\/wp-json\/wp\/v2\/posts\/8692\/revisions\/8693"}],"wp:featuredmedia":[{"embeddable":true,"href":"https:\/\/www.anovapeneira.gal\/index.php\/wp-json\/wp\/v2\/media\/1336"}],"wp:attachment":[{"href":"https:\/\/www.anovapeneira.gal\/index.php\/wp-json\/wp\/v2\/media?parent=8692"}],"wp:term":[{"taxonomy":"category","embeddable":true,"href":"https:\/\/www.anovapeneira.gal\/index.php\/wp-json\/wp\/v2\/categories?post=8692"},{"taxonomy":"post_tag","embeddable":true,"href":"https:\/\/www.anovapeneira.gal\/index.php\/wp-json\/wp\/v2\/tags?post=8692"}],"curies":[{"name":"wp","href":"https:\/\/api.w.org\/{rel}","templated":true}]}}