{"id":8694,"date":"2022-12-05T10:00:57","date_gmt":"2022-12-05T09:00:57","guid":{"rendered":"https:\/\/www.anovapeneira.gal\/?p=8694"},"modified":"2022-11-28T13:15:28","modified_gmt":"2022-11-28T12:15:28","slug":"ponton-vaiamos-a-por-todas-con-confianza-en-galiza-e-seremos-a-forza-politica-que-mais-medre-nas-municipais","status":"publish","type":"post","link":"https:\/\/www.anovapeneira.gal\/index.php\/2022\/12\/05\/ponton-vaiamos-a-por-todas-con-confianza-en-galiza-e-seremos-a-forza-politica-que-mais-medre-nas-municipais\/","title":{"rendered":"Pont\u00f3n: \u201cVaiamos a por todas, con confianza en Galiza e seremos a forza pol\u00edtica que m\u00e1is medre nas municipais\u201d"},"content":{"rendered":"\n<h2 class=\"wp-block-heading\"><strong>O Bloque aproba o programa marco municipal, xa elixidas as persoas que encabezan as candidaturas nas cidades<\/strong><\/h2>\n\n\n\n<p><strong>Destaca o modelo de goberno BNG para os concellos: eficaz, participativo, transformador, feminista, sustentable e capaz de mellorar a vida da xente<\/strong><\/p>\n\n\n\n<p><strong>Denuncia o uso caciquil e discrecional que o Goberno do PP fai do Fondo de Cooperaci\u00f3n Local e do Plan HURBE en v\u00e9speras de ano electoral<\/strong><\/p>\n\n\n\n<p><strong>Anima \u00e1 cidadan\u00eda a participar na mobilizaci\u00f3n convocada polo BNG o 18 de decembro contra unha crise de prezos que \u00e9 unha estafa \u00e1 xente do com\u00fan<\/strong><\/p>\n\n\n\n<p><strong>Santiago de Compostela, 26 novembro 2022<\/strong><\/p>\n\n\n\n<p>A portavoz nacional, Ana Pont\u00f3n, avanzou que o BNG \u201cvai a por todas\u201d nas pr\u00f3ximas elecci\u00f3n municipais e amosou o seu convencemento de que o Bloque ser\u00e1 a forza pol\u00edtica que m\u00e1is medre nas pr\u00f3ximas elecci\u00f3ns locais. As\u00ed o afirmou no Consello Nacional, m\u00e1ximo \u00f3rgano de direcci\u00f3n entre asembleas, que aprobou o programa marco municipal, xa elixidas pola militancia as persoas que encabezan as candidaturas nas grandes cidades.<\/p>\n\n\n\n<p>\u201cDemostramos que temos unha alternativa capaz de mellorar a vida das persoas, unha alternativa de calidade que ofrecerlle \u00e1 cidadan\u00eda e, por iso, sa\u00edmos a por todas nas pr\u00f3ximas elecci\u00f3ns municipais, sen po\u00f1ernos l\u00edmites, para multiplicar o n\u00famero de concelleiros e concelleiras, de alcaldes e alcaldesas, para conseguir m\u00e1is BNG nos concellos\u201d, proclamou, para a continuaci\u00f3n definir o \u201cmodelo municipal\u201d do Bloque.<\/p>\n\n\n\n<p>\u201cO noso modelo nos concellos \u00e9 o da eficacia na xesti\u00f3n, transparente e participativo, igualitario e feminista, un modelo sustentable e capaz de xerar dinamismo econ\u00f3mico. As\u00ed \u00e9 o modelo municipal do BNG, concellos que defenden os servizos p\u00fablicos con u\u00f1as e dentes, orgullosos dos nosos sinais de identidade e capaz de transformar en positivo\u201d, sintetizou Pont\u00f3n, tras enumerar as li\u00f1as mestras dese modelo de goberno para vilas e cidades.<\/p>\n\n\n\n<p>Li\u00f1as mestras como a dunha xesti\u00f3n eficaz, -\u201cna que cada euro se usa con eficacia a favor da xente\u201d-, democracia, transparencia e participaci\u00f3n cidad\u00e1; defensa dos servizos p\u00fablicos e do benestar social ou a aposta polo tecido produtivo local e do emprego. Tam\u00e9n definen ese modelo a capacidade para afrontar a emerxencia clim\u00e1tica, desde unha mobilidade e un urbanismo sustentable a favor da xente e, igualmente, un modelo de goberno que ten no seu ADN a defensa dos sinais de identidade que representan a lingua e a cultura do Pa\u00eds.<\/p>\n\n\n\n<p>Pont\u00f3n det\u00edvose especialmente na capacidade de xesti\u00f3n dos gobernos BNG, nun escenario de crise econ\u00f3mica \u201cno que cada euro conta\u201d. Neste contexto, a l\u00edder nacionalista denunciou \u201co uso caciquil e partidista\u201d que o Goberno do PP fai dos fondos destinados aos concellos, un uso \u201cdiscrecional\u201d que se agudiza coincidindo cun orzamento de 2023 de ano electoral.<\/p>\n\n\n\n<p>Acompa\u00f1ou a s\u00faa denuncia con datos. En 2022, o 72% dos 489 M\u20ac orzamentados para os municipios a trav\u00e9s do Fondo de cooperaci\u00f3n local foi distribu\u00eddo de xeito discrecional; nos orzamentos de 2023, a porcentaxe ascende ao 74,6% dunha partida que suma 564 M\u20ac. Outro exemplo de reparto partidista \u00e9 o Plan HURBE, no que \u201co uso caciquil do Goberno do PP \u00e9 total\u201d, de tal xeito que 57 dos 58 convenios asinados pola Xunta son con concellos gobernado polo Partido Popular. Pese a esta pr\u00e1ctica antidemocr\u00e1tica que discrimina \u00e1 cidadan\u00eda que opta por unha alternativa ao PP, \u201cos concellos do BNG son moito m\u00e1is eficaces\u201d, recalcou.<\/p>\n\n\n\n<p>Na s\u00faa intervenci\u00f3n ante o Consello Nacional, a l\u00edder do Bloque fixo referencia \u00e1 situaci\u00f3n de crise e \u201c\u00e1 dur\u00edsima situaci\u00f3n que vive a maior\u00eda social\u201d cos prezos disparados e subindo por riba da media, pese a que Galiza ten salarios e pensi\u00f3ns que est\u00e1n \u00e1 cola.<\/p>\n\n\n\n<p>\u201cE neste contexto temos a unha Uni\u00f3n Europea actuando como monicreque dos Estados Unidos, empe\u00f1ada na v\u00eda militar como \u00fanica sa\u00edda a guerra en Ucra\u00edna, adoptando sanci\u00f3ns que a quen m\u00e1is prexudican \u00e9 aos propios estados europeos e as s\u00faas cidadan\u00edas\u201d, alegou. De feito, indicou, os grandes beneficiarios desta estratexia de \u201centreguismo\u201d son as transnacionais da alimentaci\u00f3n e da enerx\u00eda, \u201cque se forran especulando con bens b\u00e1sicos para a sociedade\u201d.<\/p>\n\n\n\n<p>Tam\u00e9n criticou a falta de alternativas \u201ceficaces e valentes\u201d por parte das forzas progresistas e de esquerda, \u201cincapaces de frear o deterioro das condici\u00f3ns de vida da maior\u00eda social\u201d. Un deterioro que impacta de cheo sobre os galegos e as galegas e que est\u00e1 agravado polo centralismo.<\/p>\n\n\n\n<p>\u201cV\u00e9molo claramente no sector da enerx\u00eda, como o centralismo impide que unha Galiza rica en electricidade poida usar esa riqueza para abaratar a factura da luz \u00e1s familias e \u00e1s empresas. Ao contrario, vemos a alianza de PP-PSOE para acelerar o boom e\u00f3lico depredador\u201d, subli\u00f1ou, \u201ce vemos tam\u00e9n un Partido Popular que goberna para unha minor\u00eda, que se abraza \u00e1s el\u00e9ctricas, que fai agasallos a unha presa de millonarios cun <em>pelotazo fiscal<\/em>, que sigue adiante coa s\u00faa pol\u00edtica de recortes e privatizaci\u00f3ns da sanidade p\u00fablica, mesmo po\u00f1endo en risco a sa\u00fade das persoas\u201d, argumentou.<\/p>\n\n\n\n<p>Neste contexto, Pont\u00f3n animou \u00e1 cidadan\u00eda a mobilizarse, \u201ca sa\u00edr a r\u00faa\u201d e participar na manifestaci\u00f3n que o BNG ten convocada para o 18 de decembro en Santiago, \u201cpara dicir alto \u00e9 claro que m\u00e1is que ante unha crise estamos, unha vez m\u00e1is, ante unha aut\u00e9ntica estafa \u00e1 xente do com\u00fan\u201d.<\/p>\n\n\n\n<p>A l\u00edder nacionalista comezou a s\u00faa intervenci\u00f3n parabenizando ao movemento feminista e a todas as mulleres polas mobilizaci\u00f3ns deste 25N na que volveron expresar, \u201calto e claro que non imos dar nin un paso atr\u00e1s\u201d ante a violencia machista, ante as \u201ccampa\u00f1as-bulo\u201d do Partido Popular que usa a dor das v\u00edtimas da violencia machista para opo\u00f1erse \u00e1 <em>Lei do si \u00e9 si<\/em> e ante un Goberno do PP que se despacha cunha campa\u00f1a institucional \u201cimpresentable\u201d e \u201cindecente\u201d na que culpabiliza \u00e1s mulleres da violencia machista e na que lles pide que renuncien ao seu dereito a ser libres e iguais. O PP debe retirar a campa\u00f1a de inmediato e desculparse, sintetizou.<\/p>\n","protected":false},"excerpt":{"rendered":"<div class=\"mh-excerpt\"><p>O Bloque aproba o programa marco municipal, xa elixidas as persoas que encabezan as candidaturas nas cidades <a class=\"mh-excerpt-more\" href=\"https:\/\/www.anovapeneira.gal\/index.php\/2022\/12\/05\/ponton-vaiamos-a-por-todas-con-confianza-en-galiza-e-seremos-a-forza-politica-que-mais-medre-nas-municipais\/\" title=\"Pont\u00f3n: \u201cVaiamos a por todas, con confianza en Galiza e seremos a forza pol\u00edtica que m\u00e1is medre nas municipais\u201d\">[&#8230;]<\/a><\/p>\n<\/div>","protected":false},"author":3,"featured_media":8696,"comment_status":"open","ping_status":"open","sticky":false,"template":"","format":"standard","meta":{"_exactmetrics_skip_tracking":false,"_exactmetrics_sitenote_active":false,"_exactmetrics_sitenote_note":"","_exactmetrics_sitenote_category":0,"footnotes":""},"categories":[263],"tags":[281],"class_list":{"0":"post-8694","1":"post","2":"type-post","3":"status-publish","4":"format-standard","5":"has-post-thumbnail","7":"category-novas","8":"tag-ana-ponton"},"yoast_head":"<!-- This site is optimized with the Yoast SEO plugin v27.4 - https:\/\/yoast.com\/product\/yoast-seo-wordpress\/ -->\n<title>Pont\u00f3n: \u201cVaiamos a por todas, con confianza en Galiza e seremos a forza pol\u00edtica que m\u00e1is medre nas municipais\u201d -<\/title>\n<meta name=\"description\" content=\"O Bloque aproba o programa marco municipal, xa elixidas as persoas que encabezan as candidaturas nas cidades\" \/>\n<meta name=\"robots\" content=\"index, follow, max-snippet:-1, max-image-preview:large, max-video-preview:-1\" \/>\n<link rel=\"canonical\" href=\"https:\/\/www.anovapeneira.gal\/index.php\/2022\/12\/05\/ponton-vaiamos-a-por-todas-con-confianza-en-galiza-e-seremos-a-forza-politica-que-mais-medre-nas-municipais\/\" \/>\n<meta property=\"og:locale\" content=\"gl_ES\" \/>\n<meta property=\"og:type\" content=\"article\" \/>\n<meta property=\"og:title\" content=\"Pont\u00f3n: \u201cVaiamos a por todas, con confianza en Galiza e seremos a forza pol\u00edtica que m\u00e1is medre nas municipais\u201d -\" \/>\n<meta property=\"og:description\" content=\"O Bloque aproba o programa marco municipal, xa elixidas as persoas que encabezan as candidaturas nas cidades\" \/>\n<meta property=\"og:url\" content=\"https:\/\/www.anovapeneira.gal\/index.php\/2022\/12\/05\/ponton-vaiamos-a-por-todas-con-confianza-en-galiza-e-seremos-a-forza-politica-que-mais-medre-nas-municipais\/\" \/>\n<meta property=\"article:publisher\" content=\"https:\/\/www.facebook.com\/anovapeneira\" \/>\n<meta property=\"article:published_time\" content=\"2022-12-05T09:00:57+00:00\" \/>\n<meta property=\"og:image\" content=\"https:\/\/www.anovapeneira.gal\/wp-content\/uploads\/2022\/11\/ana_ponton_novembro_2022.jpg\" \/>\n\t<meta property=\"og:image:width\" content=\"720\" \/>\n\t<meta property=\"og:image:height\" content=\"432\" \/>\n\t<meta property=\"og:image:type\" content=\"image\/jpeg\" \/>\n<meta name=\"author\" content=\"Redacci\u00f3n A Nova Peneira\" \/>\n<meta name=\"twitter:card\" content=\"summary_large_image\" \/>\n<meta name=\"twitter:creator\" content=\"@APeneira\" \/>\n<meta name=\"twitter:site\" content=\"@APeneira\" \/>\n<meta name=\"twitter:label1\" content=\"Escrito por\" \/>\n\t<meta name=\"twitter:data1\" content=\"Redacci\u00f3n A Nova Peneira\" \/>\n\t<meta name=\"twitter:label2\" content=\"Tempo de lectura\" \/>\n\t<meta name=\"twitter:data2\" content=\"6 minutos\" \/>\n<script type=\"application\/ld+json\" class=\"yoast-schema-graph\">{\"@context\":\"https:\\\/\\\/schema.org\",\"@graph\":[{\"@type\":\"Article\",\"@id\":\"https:\\\/\\\/www.anovapeneira.gal\\\/index.php\\\/2022\\\/12\\\/05\\\/ponton-vaiamos-a-por-todas-con-confianza-en-galiza-e-seremos-a-forza-politica-que-mais-medre-nas-municipais\\\/#article\",\"isPartOf\":{\"@id\":\"https:\\\/\\\/www.anovapeneira.gal\\\/index.php\\\/2022\\\/12\\\/05\\\/ponton-vaiamos-a-por-todas-con-confianza-en-galiza-e-seremos-a-forza-politica-que-mais-medre-nas-municipais\\\/\"},\"author\":{\"name\":\"Redacci\u00f3n A Nova Peneira\",\"@id\":\"https:\\\/\\\/www.anovapeneira.gal\\\/#\\\/schema\\\/person\\\/b93e3f8932e3f8da96334607eb6ac6aa\"},\"headline\":\"Pont\u00f3n: \u201cVaiamos a por todas, con confianza en Galiza e seremos a forza pol\u00edtica que m\u00e1is medre nas municipais\u201d\",\"datePublished\":\"2022-12-05T09:00:57+00:00\",\"mainEntityOfPage\":{\"@id\":\"https:\\\/\\\/www.anovapeneira.gal\\\/index.php\\\/2022\\\/12\\\/05\\\/ponton-vaiamos-a-por-todas-con-confianza-en-galiza-e-seremos-a-forza-politica-que-mais-medre-nas-municipais\\\/\"},\"wordCount\":1070,\"commentCount\":0,\"publisher\":{\"@id\":\"https:\\\/\\\/www.anovapeneira.gal\\\/#organization\"},\"image\":{\"@id\":\"https:\\\/\\\/www.anovapeneira.gal\\\/index.php\\\/2022\\\/12\\\/05\\\/ponton-vaiamos-a-por-todas-con-confianza-en-galiza-e-seremos-a-forza-politica-que-mais-medre-nas-municipais\\\/#primaryimage\"},\"thumbnailUrl\":\"https:\\\/\\\/www.anovapeneira.gal\\\/wp-content\\\/uploads\\\/2022\\\/11\\\/ana_ponton_novembro_2022.jpg\",\"keywords\":[\"Ana Pont\u00f3n\"],\"articleSection\":[\"Novas\"],\"inLanguage\":\"gl-ES\",\"potentialAction\":[{\"@type\":\"CommentAction\",\"name\":\"Comment\",\"target\":[\"https:\\\/\\\/www.anovapeneira.gal\\\/index.php\\\/2022\\\/12\\\/05\\\/ponton-vaiamos-a-por-todas-con-confianza-en-galiza-e-seremos-a-forza-politica-que-mais-medre-nas-municipais\\\/#respond\"]}]},{\"@type\":\"WebPage\",\"@id\":\"https:\\\/\\\/www.anovapeneira.gal\\\/index.php\\\/2022\\\/12\\\/05\\\/ponton-vaiamos-a-por-todas-con-confianza-en-galiza-e-seremos-a-forza-politica-que-mais-medre-nas-municipais\\\/\",\"url\":\"https:\\\/\\\/www.anovapeneira.gal\\\/index.php\\\/2022\\\/12\\\/05\\\/ponton-vaiamos-a-por-todas-con-confianza-en-galiza-e-seremos-a-forza-politica-que-mais-medre-nas-municipais\\\/\",\"name\":\"Pont\u00f3n: \u201cVaiamos a por todas, con confianza en Galiza e seremos a forza pol\u00edtica que m\u00e1is medre nas municipais\u201d -\",\"isPartOf\":{\"@id\":\"https:\\\/\\\/www.anovapeneira.gal\\\/#website\"},\"primaryImageOfPage\":{\"@id\":\"https:\\\/\\\/www.anovapeneira.gal\\\/index.php\\\/2022\\\/12\\\/05\\\/ponton-vaiamos-a-por-todas-con-confianza-en-galiza-e-seremos-a-forza-politica-que-mais-medre-nas-municipais\\\/#primaryimage\"},\"image\":{\"@id\":\"https:\\\/\\\/www.anovapeneira.gal\\\/index.php\\\/2022\\\/12\\\/05\\\/ponton-vaiamos-a-por-todas-con-confianza-en-galiza-e-seremos-a-forza-politica-que-mais-medre-nas-municipais\\\/#primaryimage\"},\"thumbnailUrl\":\"https:\\\/\\\/www.anovapeneira.gal\\\/wp-content\\\/uploads\\\/2022\\\/11\\\/ana_ponton_novembro_2022.jpg\",\"datePublished\":\"2022-12-05T09:00:57+00:00\",\"description\":\"O Bloque aproba o programa marco municipal, xa elixidas as persoas que encabezan as candidaturas nas cidades\",\"breadcrumb\":{\"@id\":\"https:\\\/\\\/www.anovapeneira.gal\\\/index.php\\\/2022\\\/12\\\/05\\\/ponton-vaiamos-a-por-todas-con-confianza-en-galiza-e-seremos-a-forza-politica-que-mais-medre-nas-municipais\\\/#breadcrumb\"},\"inLanguage\":\"gl-ES\",\"potentialAction\":[{\"@type\":\"ReadAction\",\"target\":[\"https:\\\/\\\/www.anovapeneira.gal\\\/index.php\\\/2022\\\/12\\\/05\\\/ponton-vaiamos-a-por-todas-con-confianza-en-galiza-e-seremos-a-forza-politica-que-mais-medre-nas-municipais\\\/\"]}]},{\"@type\":\"ImageObject\",\"inLanguage\":\"gl-ES\",\"@id\":\"https:\\\/\\\/www.anovapeneira.gal\\\/index.php\\\/2022\\\/12\\\/05\\\/ponton-vaiamos-a-por-todas-con-confianza-en-galiza-e-seremos-a-forza-politica-que-mais-medre-nas-municipais\\\/#primaryimage\",\"url\":\"https:\\\/\\\/www.anovapeneira.gal\\\/wp-content\\\/uploads\\\/2022\\\/11\\\/ana_ponton_novembro_2022.jpg\",\"contentUrl\":\"https:\\\/\\\/www.anovapeneira.gal\\\/wp-content\\\/uploads\\\/2022\\\/11\\\/ana_ponton_novembro_2022.jpg\",\"width\":720,\"height\":432,\"caption\":\"Ana Pont\u00f3n\"},{\"@type\":\"BreadcrumbList\",\"@id\":\"https:\\\/\\\/www.anovapeneira.gal\\\/index.php\\\/2022\\\/12\\\/05\\\/ponton-vaiamos-a-por-todas-con-confianza-en-galiza-e-seremos-a-forza-politica-que-mais-medre-nas-municipais\\\/#breadcrumb\",\"itemListElement\":[{\"@type\":\"ListItem\",\"position\":1,\"name\":\"Portada\",\"item\":\"https:\\\/\\\/www.anovapeneira.gal\\\/\"},{\"@type\":\"ListItem\",\"position\":2,\"name\":\"Pont\u00f3n: \u201cVaiamos a por todas, con confianza en Galiza e seremos a forza pol\u00edtica que m\u00e1is medre nas municipais\u201d\"}]},{\"@type\":\"WebSite\",\"@id\":\"https:\\\/\\\/www.anovapeneira.gal\\\/#website\",\"url\":\"https:\\\/\\\/www.anovapeneira.gal\\\/\",\"name\":\"\",\"description\":\"Xornal galego de informaci\u00f3n xeral Publicaci\u00f3n mensual de novas de Galicia e en especial dos Concellos da sur da provincia de Pontevedra.\",\"publisher\":{\"@id\":\"https:\\\/\\\/www.anovapeneira.gal\\\/#organization\"},\"potentialAction\":[{\"@type\":\"SearchAction\",\"target\":{\"@type\":\"EntryPoint\",\"urlTemplate\":\"https:\\\/\\\/www.anovapeneira.gal\\\/?s={search_term_string}\"},\"query-input\":{\"@type\":\"PropertyValueSpecification\",\"valueRequired\":true,\"valueName\":\"search_term_string\"}}],\"inLanguage\":\"gl-ES\"},{\"@type\":\"Organization\",\"@id\":\"https:\\\/\\\/www.anovapeneira.gal\\\/#organization\",\"name\":\"A Nova Peneira\",\"url\":\"https:\\\/\\\/www.anovapeneira.gal\\\/\",\"logo\":{\"@type\":\"ImageObject\",\"inLanguage\":\"gl-ES\",\"@id\":\"https:\\\/\\\/www.anovapeneira.gal\\\/#\\\/schema\\\/logo\\\/image\\\/\",\"url\":\"http:\\\/\\\/www.anovapeneira.gal\\\/wp-content\\\/uploads\\\/2019\\\/06\\\/logo_a_nova_peneira_portal_web.png\",\"contentUrl\":\"http:\\\/\\\/www.anovapeneira.gal\\\/wp-content\\\/uploads\\\/2019\\\/06\\\/logo_a_nova_peneira_portal_web.png\",\"width\":300,\"height\":100,\"caption\":\"A Nova Peneira\"},\"image\":{\"@id\":\"https:\\\/\\\/www.anovapeneira.gal\\\/#\\\/schema\\\/logo\\\/image\\\/\"},\"sameAs\":[\"https:\\\/\\\/www.facebook.com\\\/anovapeneira\",\"https:\\\/\\\/x.com\\\/APeneira\"]},{\"@type\":\"Person\",\"@id\":\"https:\\\/\\\/www.anovapeneira.gal\\\/#\\\/schema\\\/person\\\/b93e3f8932e3f8da96334607eb6ac6aa\",\"name\":\"Redacci\u00f3n A Nova Peneira\",\"image\":{\"@type\":\"ImageObject\",\"inLanguage\":\"gl-ES\",\"@id\":\"https:\\\/\\\/secure.gravatar.com\\\/avatar\\\/c052a2551a06e23fac63626232eaa90abd78dbcf1700fc46a2b2c89fd27b735f?s=96&d=mm&r=g\",\"url\":\"https:\\\/\\\/secure.gravatar.com\\\/avatar\\\/c052a2551a06e23fac63626232eaa90abd78dbcf1700fc46a2b2c89fd27b735f?s=96&d=mm&r=g\",\"contentUrl\":\"https:\\\/\\\/secure.gravatar.com\\\/avatar\\\/c052a2551a06e23fac63626232eaa90abd78dbcf1700fc46a2b2c89fd27b735f?s=96&d=mm&r=g\",\"caption\":\"Redacci\u00f3n A Nova Peneira\"},\"sameAs\":[\"http:\\\/\\\/www.anovapeneira.gal\\\/\"],\"url\":\"https:\\\/\\\/www.anovapeneira.gal\\\/index.php\\\/author\\\/redactor\\\/\"}]}<\/script>\n<!-- \/ Yoast SEO plugin. -->","yoast_head_json":{"title":"Pont\u00f3n: \u201cVaiamos a por todas, con confianza en Galiza e seremos a forza pol\u00edtica que m\u00e1is medre nas municipais\u201d -","description":"O Bloque aproba o programa marco municipal, xa elixidas as persoas que encabezan as candidaturas nas cidades","robots":{"index":"index","follow":"follow","max-snippet":"max-snippet:-1","max-image-preview":"max-image-preview:large","max-video-preview":"max-video-preview:-1"},"canonical":"https:\/\/www.anovapeneira.gal\/index.php\/2022\/12\/05\/ponton-vaiamos-a-por-todas-con-confianza-en-galiza-e-seremos-a-forza-politica-que-mais-medre-nas-municipais\/","og_locale":"gl_ES","og_type":"article","og_title":"Pont\u00f3n: \u201cVaiamos a por todas, con confianza en Galiza e seremos a forza pol\u00edtica que m\u00e1is medre nas municipais\u201d -","og_description":"O Bloque aproba o programa marco municipal, xa elixidas as persoas que encabezan as candidaturas nas cidades","og_url":"https:\/\/www.anovapeneira.gal\/index.php\/2022\/12\/05\/ponton-vaiamos-a-por-todas-con-confianza-en-galiza-e-seremos-a-forza-politica-que-mais-medre-nas-municipais\/","article_publisher":"https:\/\/www.facebook.com\/anovapeneira","article_published_time":"2022-12-05T09:00:57+00:00","og_image":[{"width":720,"height":432,"url":"https:\/\/www.anovapeneira.gal\/wp-content\/uploads\/2022\/11\/ana_ponton_novembro_2022.jpg","type":"image\/jpeg"}],"author":"Redacci\u00f3n A Nova Peneira","twitter_card":"summary_large_image","twitter_creator":"@APeneira","twitter_site":"@APeneira","twitter_misc":{"Escrito por":"Redacci\u00f3n A Nova Peneira","Tempo de lectura":"6 minutos"},"schema":{"@context":"https:\/\/schema.org","@graph":[{"@type":"Article","@id":"https:\/\/www.anovapeneira.gal\/index.php\/2022\/12\/05\/ponton-vaiamos-a-por-todas-con-confianza-en-galiza-e-seremos-a-forza-politica-que-mais-medre-nas-municipais\/#article","isPartOf":{"@id":"https:\/\/www.anovapeneira.gal\/index.php\/2022\/12\/05\/ponton-vaiamos-a-por-todas-con-confianza-en-galiza-e-seremos-a-forza-politica-que-mais-medre-nas-municipais\/"},"author":{"name":"Redacci\u00f3n A Nova Peneira","@id":"https:\/\/www.anovapeneira.gal\/#\/schema\/person\/b93e3f8932e3f8da96334607eb6ac6aa"},"headline":"Pont\u00f3n: \u201cVaiamos a por todas, con confianza en Galiza e seremos a forza pol\u00edtica que m\u00e1is medre nas municipais\u201d","datePublished":"2022-12-05T09:00:57+00:00","mainEntityOfPage":{"@id":"https:\/\/www.anovapeneira.gal\/index.php\/2022\/12\/05\/ponton-vaiamos-a-por-todas-con-confianza-en-galiza-e-seremos-a-forza-politica-que-mais-medre-nas-municipais\/"},"wordCount":1070,"commentCount":0,"publisher":{"@id":"https:\/\/www.anovapeneira.gal\/#organization"},"image":{"@id":"https:\/\/www.anovapeneira.gal\/index.php\/2022\/12\/05\/ponton-vaiamos-a-por-todas-con-confianza-en-galiza-e-seremos-a-forza-politica-que-mais-medre-nas-municipais\/#primaryimage"},"thumbnailUrl":"https:\/\/www.anovapeneira.gal\/wp-content\/uploads\/2022\/11\/ana_ponton_novembro_2022.jpg","keywords":["Ana Pont\u00f3n"],"articleSection":["Novas"],"inLanguage":"gl-ES","potentialAction":[{"@type":"CommentAction","name":"Comment","target":["https:\/\/www.anovapeneira.gal\/index.php\/2022\/12\/05\/ponton-vaiamos-a-por-todas-con-confianza-en-galiza-e-seremos-a-forza-politica-que-mais-medre-nas-municipais\/#respond"]}]},{"@type":"WebPage","@id":"https:\/\/www.anovapeneira.gal\/index.php\/2022\/12\/05\/ponton-vaiamos-a-por-todas-con-confianza-en-galiza-e-seremos-a-forza-politica-que-mais-medre-nas-municipais\/","url":"https:\/\/www.anovapeneira.gal\/index.php\/2022\/12\/05\/ponton-vaiamos-a-por-todas-con-confianza-en-galiza-e-seremos-a-forza-politica-que-mais-medre-nas-municipais\/","name":"Pont\u00f3n: \u201cVaiamos a por todas, con confianza en Galiza e seremos a forza pol\u00edtica que m\u00e1is medre nas municipais\u201d -","isPartOf":{"@id":"https:\/\/www.anovapeneira.gal\/#website"},"primaryImageOfPage":{"@id":"https:\/\/www.anovapeneira.gal\/index.php\/2022\/12\/05\/ponton-vaiamos-a-por-todas-con-confianza-en-galiza-e-seremos-a-forza-politica-que-mais-medre-nas-municipais\/#primaryimage"},"image":{"@id":"https:\/\/www.anovapeneira.gal\/index.php\/2022\/12\/05\/ponton-vaiamos-a-por-todas-con-confianza-en-galiza-e-seremos-a-forza-politica-que-mais-medre-nas-municipais\/#primaryimage"},"thumbnailUrl":"https:\/\/www.anovapeneira.gal\/wp-content\/uploads\/2022\/11\/ana_ponton_novembro_2022.jpg","datePublished":"2022-12-05T09:00:57+00:00","description":"O Bloque aproba o programa marco municipal, xa elixidas as persoas que encabezan as candidaturas nas cidades","breadcrumb":{"@id":"https:\/\/www.anovapeneira.gal\/index.php\/2022\/12\/05\/ponton-vaiamos-a-por-todas-con-confianza-en-galiza-e-seremos-a-forza-politica-que-mais-medre-nas-municipais\/#breadcrumb"},"inLanguage":"gl-ES","potentialAction":[{"@type":"ReadAction","target":["https:\/\/www.anovapeneira.gal\/index.php\/2022\/12\/05\/ponton-vaiamos-a-por-todas-con-confianza-en-galiza-e-seremos-a-forza-politica-que-mais-medre-nas-municipais\/"]}]},{"@type":"ImageObject","inLanguage":"gl-ES","@id":"https:\/\/www.anovapeneira.gal\/index.php\/2022\/12\/05\/ponton-vaiamos-a-por-todas-con-confianza-en-galiza-e-seremos-a-forza-politica-que-mais-medre-nas-municipais\/#primaryimage","url":"https:\/\/www.anovapeneira.gal\/wp-content\/uploads\/2022\/11\/ana_ponton_novembro_2022.jpg","contentUrl":"https:\/\/www.anovapeneira.gal\/wp-content\/uploads\/2022\/11\/ana_ponton_novembro_2022.jpg","width":720,"height":432,"caption":"Ana Pont\u00f3n"},{"@type":"BreadcrumbList","@id":"https:\/\/www.anovapeneira.gal\/index.php\/2022\/12\/05\/ponton-vaiamos-a-por-todas-con-confianza-en-galiza-e-seremos-a-forza-politica-que-mais-medre-nas-municipais\/#breadcrumb","itemListElement":[{"@type":"ListItem","position":1,"name":"Portada","item":"https:\/\/www.anovapeneira.gal\/"},{"@type":"ListItem","position":2,"name":"Pont\u00f3n: \u201cVaiamos a por todas, con confianza en Galiza e seremos a forza pol\u00edtica que m\u00e1is medre nas municipais\u201d"}]},{"@type":"WebSite","@id":"https:\/\/www.anovapeneira.gal\/#website","url":"https:\/\/www.anovapeneira.gal\/","name":"","description":"Xornal galego de informaci\u00f3n xeral Publicaci\u00f3n mensual de novas de Galicia e en especial dos Concellos da sur da provincia de Pontevedra.","publisher":{"@id":"https:\/\/www.anovapeneira.gal\/#organization"},"potentialAction":[{"@type":"SearchAction","target":{"@type":"EntryPoint","urlTemplate":"https:\/\/www.anovapeneira.gal\/?s={search_term_string}"},"query-input":{"@type":"PropertyValueSpecification","valueRequired":true,"valueName":"search_term_string"}}],"inLanguage":"gl-ES"},{"@type":"Organization","@id":"https:\/\/www.anovapeneira.gal\/#organization","name":"A Nova Peneira","url":"https:\/\/www.anovapeneira.gal\/","logo":{"@type":"ImageObject","inLanguage":"gl-ES","@id":"https:\/\/www.anovapeneira.gal\/#\/schema\/logo\/image\/","url":"http:\/\/www.anovapeneira.gal\/wp-content\/uploads\/2019\/06\/logo_a_nova_peneira_portal_web.png","contentUrl":"http:\/\/www.anovapeneira.gal\/wp-content\/uploads\/2019\/06\/logo_a_nova_peneira_portal_web.png","width":300,"height":100,"caption":"A Nova Peneira"},"image":{"@id":"https:\/\/www.anovapeneira.gal\/#\/schema\/logo\/image\/"},"sameAs":["https:\/\/www.facebook.com\/anovapeneira","https:\/\/x.com\/APeneira"]},{"@type":"Person","@id":"https:\/\/www.anovapeneira.gal\/#\/schema\/person\/b93e3f8932e3f8da96334607eb6ac6aa","name":"Redacci\u00f3n A Nova Peneira","image":{"@type":"ImageObject","inLanguage":"gl-ES","@id":"https:\/\/secure.gravatar.com\/avatar\/c052a2551a06e23fac63626232eaa90abd78dbcf1700fc46a2b2c89fd27b735f?s=96&d=mm&r=g","url":"https:\/\/secure.gravatar.com\/avatar\/c052a2551a06e23fac63626232eaa90abd78dbcf1700fc46a2b2c89fd27b735f?s=96&d=mm&r=g","contentUrl":"https:\/\/secure.gravatar.com\/avatar\/c052a2551a06e23fac63626232eaa90abd78dbcf1700fc46a2b2c89fd27b735f?s=96&d=mm&r=g","caption":"Redacci\u00f3n A Nova Peneira"},"sameAs":["http:\/\/www.anovapeneira.gal\/"],"url":"https:\/\/www.anovapeneira.gal\/index.php\/author\/redactor\/"}]}},"jetpack_featured_media_url":"https:\/\/www.anovapeneira.gal\/wp-content\/uploads\/2022\/11\/ana_ponton_novembro_2022.jpg","_links":{"self":[{"href":"https:\/\/www.anovapeneira.gal\/index.php\/wp-json\/wp\/v2\/posts\/8694","targetHints":{"allow":["GET"]}}],"collection":[{"href":"https:\/\/www.anovapeneira.gal\/index.php\/wp-json\/wp\/v2\/posts"}],"about":[{"href":"https:\/\/www.anovapeneira.gal\/index.php\/wp-json\/wp\/v2\/types\/post"}],"author":[{"embeddable":true,"href":"https:\/\/www.anovapeneira.gal\/index.php\/wp-json\/wp\/v2\/users\/3"}],"replies":[{"embeddable":true,"href":"https:\/\/www.anovapeneira.gal\/index.php\/wp-json\/wp\/v2\/comments?post=8694"}],"version-history":[{"count":1,"href":"https:\/\/www.anovapeneira.gal\/index.php\/wp-json\/wp\/v2\/posts\/8694\/revisions"}],"predecessor-version":[{"id":8695,"href":"https:\/\/www.anovapeneira.gal\/index.php\/wp-json\/wp\/v2\/posts\/8694\/revisions\/8695"}],"wp:featuredmedia":[{"embeddable":true,"href":"https:\/\/www.anovapeneira.gal\/index.php\/wp-json\/wp\/v2\/media\/8696"}],"wp:attachment":[{"href":"https:\/\/www.anovapeneira.gal\/index.php\/wp-json\/wp\/v2\/media?parent=8694"}],"wp:term":[{"taxonomy":"category","embeddable":true,"href":"https:\/\/www.anovapeneira.gal\/index.php\/wp-json\/wp\/v2\/categories?post=8694"},{"taxonomy":"post_tag","embeddable":true,"href":"https:\/\/www.anovapeneira.gal\/index.php\/wp-json\/wp\/v2\/tags?post=8694"}],"curies":[{"name":"wp","href":"https:\/\/api.w.org\/{rel}","templated":true}]}}