{"id":8697,"date":"2022-12-05T12:00:49","date_gmt":"2022-12-05T11:00:49","guid":{"rendered":"https:\/\/www.anovapeneira.gal\/?p=8697"},"modified":"2022-11-28T13:23:07","modified_gmt":"2022-11-28T12:23:07","slug":"o-concello-ampliara-o-percorrido-do-nigranbus-a-estrada-pola-via-prado-e-priegue","status":"publish","type":"post","link":"https:\/\/www.anovapeneira.gal\/index.php\/2022\/12\/05\/o-concello-ampliara-o-percorrido-do-nigranbus-a-estrada-pola-via-prado-e-priegue\/","title":{"rendered":"O concello ampliar\u00e1 o percorrido do &#8216;Nigranb\u00fas&#8217; a estrada pola v\u00eda, Prado e Priegue"},"content":{"rendered":"\n<h2 class=\"wp-block-heading\"><strong>A cabeceira da li\u00f1a trasladarase do Centro Antena ao cruce da r\u00faa Don Marcial con Nav\u00e1s, en Priegue, polo que o percorrido ser\u00e1 ampliado desde o 1 de decembro sen afectar ao horarios establecidos nas restantes paradas<\/strong><\/h2>\n\n\n\n<p><strong>&#8220;Escoitamos as demandas de veci\u00f1os destas zonas e consideramos positivo facer este cambio. O Nigranbus non \u00e9 inamovible, faremos todos os trocos que sexan precisos segundo o balance de usuarios e as demandas&#8221;, explica o alcalde, Juan Gonz\u00e1lez<\/strong><\/p>\n\n\n\n<p><strong>O &#8216;Nigranb\u00fas&#8217;, estreado hai case un mes, permite aos veci\u00f1os achegarse en media hora aos centros de sa\u00fade ou conectar co autob\u00fas cara a Vigo, con especial atenci\u00f3n \u00e1 li\u00f1a ao Hospital \u00c1lvaro Cunqueiro, Povisa e Universidade<\/strong><\/p>\n\n\n\n<p><em><strong>Nigr\u00e1n, 26 de novembro de 2022<\/strong><\/em><\/p>\n\n\n\n<p>O Concello de Nigr\u00e1n ampliar\u00e1 desde o 1 de decembro o percorrido da li\u00f1a municipal &#8216;Nigranbus&#8217; a Estrada pola V\u00eda (Panx\u00f3n e Prado) e Priegue para as\u00ed dar resposta \u00e1s demandas recibidas. O cambio non afectar\u00e1 \u00e1s paradas e horarios establecidos actualmente porque s\u00f3 sup\u00f3n trocar a cabeceira actual desde o Centro Antena (Otero Pedrayo) ao cruce da r\u00faa Don Marcial con Nav\u00e1s. As\u00ed, este punto de Priegue ser\u00e1 o principio e fin da li\u00f1a, que abarcar\u00e1 a Igrexa, Mestra Em\u00e9rita, Torreiro e Estrada pola V\u00eda ata enlazar co Centro Antena e continuar co percorrido xa implantado (e \u00e1 inversa na volta).<\/p>\n\n\n\n<p>&#8220;Escoitamos as demandas de veci\u00f1os destas zonas e consideramos positivo facer este cambio. O Nigranbus non \u00e9 inamovible, faremos todos os trocos que sexan precisos segundo o balance de usuarios e as petici\u00f3ns razoables&#8221;, explica o alcalde, Juan Gonz\u00e1lez. &#8220;A tenor das demandas de veci\u00f1os da zona de Prado, Nav\u00e1s e A M\u00e1moa consideramos que si era factible e l\u00f3xico poder conectar estas zonas peor comunicadas cos n\u00facleos urbanos de Nigr\u00e1n&#8221;, admite o rexedor. Co fin precisamente de realizar este troco, o edil de mobilidade, Diego Garc\u00eda Moreira, mantivo onte unha reuni\u00f3n na Direcci\u00f3n Provincial de Mobilidade na que quedou aprobada a cuesti\u00f3n.<\/p>\n\n\n\n<p>O Nigranbus \u00e9 unha li\u00f1a municipal que naceu con obxectivo de acabar coa desconexi\u00f3n hist\u00f3rica do transporte p\u00fablico de Nigr\u00e1n coas parroquias do interior. Este minibus as conecta desde novembro, sendo practicamente a \u00fanica localidade en Galicia en contar con este servizo intramunicipal (descontando as grandes cidades). O veh\u00edculo comunica o interior cos n\u00facleos urbanos de Panx\u00f3n, A Ramallosa, Nigr\u00e1n e Porto do Molle cumprindo unha demanda ancestral da veci\u00f1anza do rural, que ata agora depend\u00eda do transporte privado para todo.<\/p>\n\n\n\n<p>O servizo consta dunha li\u00f1a que permite ao cidad\u00e1ns de calquera parroquia do interior achegarse en m\u00e1ximo 45 minutos aos centros de sa\u00fade ou conectarse co autob\u00fas cara a Vigo-Baiona, con especial atenci\u00f3n ao horario de enlace coa li\u00f1a ao Hospital \u00c1lvaro Cunqueiro, Povisa e Universidade. Est\u00e1 operativo de luns a venres con sa\u00eddas desde Chandebrito \u00e1s 7:45, 14:00, 16:15 e as de Panx\u00f3n (Centro Antena) \u00e1s 10:30, 15:15 e 20:40 (a partir do 1 de decembro ser\u00e1 Priegue, mant\u00e9ndose a hora de paso do Centro Antena). &#8220;Dese\u00f1ouse de xeito que, por exemplo, unha persoa chegue a tempo ao centro de sa\u00fade a facer unha anal\u00edtica ou consulta m\u00e9dica e poida regresar a continuaci\u00f3n para casa e tam\u00e9n para conectar coa li\u00f1a \u00e1 Universidade ou Hoispital \u00c1lvaro Cunqueiro, tendo en conta ademais que abre \u00e1 porta ao trasbordo para ir a Vigo ou Baiona&#8221;, incide Garc\u00eda.<\/p>\n\n\n\n<p>Este fito hist\u00f3rico \u00e9 posible tras conseguir o goberno local que a li\u00f1a fose inclu\u00edda como &#8216;Servizo de Interese Municipal&#8217; (SIMU) dentro do Plan de Transporte Metropolitano de Galicia. Isto significa que se fai cargo a actual concesionaria Lugove a cambio de que o Concello achegue un c\u00e1non anual de 80.000 \u20ac m\u00e1ximo \u00e1 Xunta. O convenio \u00e9 flexible, puidendo modificarse, ampliarse e adaptarse \u00e1s necesidades concretas que se detecten, como foi neste caso. Esta f\u00f3rmula permite, a s\u00faa vez, que os viaxeiros se beneficien da Tarxeta de Transporte Metropolitano, \u00e9 dicir, son gratis os transbordos e todo para menores de 21 anos ou hai as mesmas bonificaci\u00f3ns a estudantes, xubilados ou desempregados (sen estes descontos ser\u00eda 1,55 \u20ac). Compre subli\u00f1ar que, a maiores, o Concello de Nigr\u00e1n destina 50.967 \u20ac cada ano para bonificar o transporte metropolitano na \u00e1rea de Vigo aos seus veci\u00f1os.<\/p>\n\n\n\n<p>O veh\u00edculo provisional \u00e9 de 22 prazas e a gasolina, pero tal e como solicitou o Concello, o definitivo ser\u00e1 unha Mercedes Sprinter carrozada etiqueta &#8216;Eco&#8217; co fin de aforrar emisi\u00f3ns e tam\u00e9n de 22 prazas m\u00e1is unha adaptada.<\/p>\n","protected":false},"excerpt":{"rendered":"<div class=\"mh-excerpt\"><p>A cabeceira da li\u00f1a trasladarase do Centro Antena ao cruce da r\u00faa Don Marcial con Nav\u00e1s, en Priegue, polo que o percorrido ser\u00e1 ampliado desde o 1 de decembro sen afectar ao horarios establecidos nas restantes paradas <a class=\"mh-excerpt-more\" href=\"https:\/\/www.anovapeneira.gal\/index.php\/2022\/12\/05\/o-concello-ampliara-o-percorrido-do-nigranbus-a-estrada-pola-via-prado-e-priegue\/\" title=\"O concello ampliar\u00e1 o percorrido do &#8216;Nigranb\u00fas&#8217; a estrada pola v\u00eda, Prado e Priegue\">[&#8230;]<\/a><\/p>\n<\/div>","protected":false},"author":3,"featured_media":8698,"comment_status":"open","ping_status":"open","sticky":false,"template":"","format":"standard","meta":{"_exactmetrics_skip_tracking":false,"_exactmetrics_sitenote_active":false,"_exactmetrics_sitenote_note":"","_exactmetrics_sitenote_category":0,"footnotes":""},"categories":[20],"tags":[135],"class_list":{"0":"post-8697","1":"post","2":"type-post","3":"status-publish","4":"format-standard","5":"has-post-thumbnail","7":"category-val-minor","8":"tag-concello-de-nigran"},"yoast_head":"<!-- This site is optimized with the Yoast SEO plugin v27.4 - https:\/\/yoast.com\/product\/yoast-seo-wordpress\/ -->\n<title>O concello ampliar\u00e1 o percorrido do &#039;Nigranb\u00fas&#039; a estrada pola v\u00eda, Prado e Priegue -<\/title>\n<meta name=\"description\" content=\"A cabeceira da li\u00f1a trasladarase do Centro Antena ao cruce da r\u00faa Don Marcial con Nav\u00e1s, en Priegue, polo que o percorrido ser\u00e1 ampliado desde o 1 de decembro sen afectar ao horarios establecidos nas restantes paradas\" \/>\n<meta name=\"robots\" content=\"index, follow, max-snippet:-1, max-image-preview:large, max-video-preview:-1\" \/>\n<link rel=\"canonical\" href=\"https:\/\/www.anovapeneira.gal\/index.php\/2022\/12\/05\/o-concello-ampliara-o-percorrido-do-nigranbus-a-estrada-pola-via-prado-e-priegue\/\" \/>\n<meta property=\"og:locale\" content=\"gl_ES\" \/>\n<meta property=\"og:type\" content=\"article\" \/>\n<meta property=\"og:title\" content=\"O concello ampliar\u00e1 o percorrido do &#039;Nigranb\u00fas&#039; a estrada pola v\u00eda, Prado e Priegue -\" \/>\n<meta property=\"og:description\" content=\"A cabeceira da li\u00f1a trasladarase do Centro Antena ao cruce da r\u00faa Don Marcial con Nav\u00e1s, en Priegue, polo que o percorrido ser\u00e1 ampliado desde o 1 de decembro sen afectar ao horarios establecidos nas restantes paradas\" \/>\n<meta property=\"og:url\" content=\"https:\/\/www.anovapeneira.gal\/index.php\/2022\/12\/05\/o-concello-ampliara-o-percorrido-do-nigranbus-a-estrada-pola-via-prado-e-priegue\/\" \/>\n<meta property=\"article:publisher\" content=\"https:\/\/www.facebook.com\/anovapeneira\" \/>\n<meta property=\"article:published_time\" content=\"2022-12-05T11:00:49+00:00\" \/>\n<meta property=\"og:image\" content=\"https:\/\/www.anovapeneira.gal\/wp-content\/uploads\/2022\/11\/nigran_bus.jpg\" \/>\n\t<meta property=\"og:image:width\" content=\"720\" \/>\n\t<meta property=\"og:image:height\" content=\"432\" \/>\n\t<meta property=\"og:image:type\" content=\"image\/jpeg\" \/>\n<meta name=\"author\" content=\"Redacci\u00f3n A Nova Peneira\" \/>\n<meta name=\"twitter:card\" content=\"summary_large_image\" \/>\n<meta name=\"twitter:creator\" content=\"@APeneira\" \/>\n<meta name=\"twitter:site\" content=\"@APeneira\" \/>\n<meta name=\"twitter:label1\" content=\"Escrito por\" \/>\n\t<meta name=\"twitter:data1\" content=\"Redacci\u00f3n A Nova Peneira\" \/>\n\t<meta name=\"twitter:label2\" content=\"Tempo de lectura\" \/>\n\t<meta name=\"twitter:data2\" content=\"5 minutos\" \/>\n<script type=\"application\/ld+json\" class=\"yoast-schema-graph\">{\"@context\":\"https:\\\/\\\/schema.org\",\"@graph\":[{\"@type\":\"Article\",\"@id\":\"https:\\\/\\\/www.anovapeneira.gal\\\/index.php\\\/2022\\\/12\\\/05\\\/o-concello-ampliara-o-percorrido-do-nigranbus-a-estrada-pola-via-prado-e-priegue\\\/#article\",\"isPartOf\":{\"@id\":\"https:\\\/\\\/www.anovapeneira.gal\\\/index.php\\\/2022\\\/12\\\/05\\\/o-concello-ampliara-o-percorrido-do-nigranbus-a-estrada-pola-via-prado-e-priegue\\\/\"},\"author\":{\"name\":\"Redacci\u00f3n A Nova Peneira\",\"@id\":\"https:\\\/\\\/www.anovapeneira.gal\\\/#\\\/schema\\\/person\\\/b93e3f8932e3f8da96334607eb6ac6aa\"},\"headline\":\"O concello ampliar\u00e1 o percorrido do &#8216;Nigranb\u00fas&#8217; a estrada pola v\u00eda, Prado e Priegue\",\"datePublished\":\"2022-12-05T11:00:49+00:00\",\"mainEntityOfPage\":{\"@id\":\"https:\\\/\\\/www.anovapeneira.gal\\\/index.php\\\/2022\\\/12\\\/05\\\/o-concello-ampliara-o-percorrido-do-nigranbus-a-estrada-pola-via-prado-e-priegue\\\/\"},\"wordCount\":797,\"commentCount\":0,\"publisher\":{\"@id\":\"https:\\\/\\\/www.anovapeneira.gal\\\/#organization\"},\"image\":{\"@id\":\"https:\\\/\\\/www.anovapeneira.gal\\\/index.php\\\/2022\\\/12\\\/05\\\/o-concello-ampliara-o-percorrido-do-nigranbus-a-estrada-pola-via-prado-e-priegue\\\/#primaryimage\"},\"thumbnailUrl\":\"https:\\\/\\\/www.anovapeneira.gal\\\/wp-content\\\/uploads\\\/2022\\\/11\\\/nigran_bus.jpg\",\"keywords\":[\"Concello de Nigr\u00e1n\"],\"articleSection\":[\"Val Mi\u00f1or\"],\"inLanguage\":\"gl-ES\",\"potentialAction\":[{\"@type\":\"CommentAction\",\"name\":\"Comment\",\"target\":[\"https:\\\/\\\/www.anovapeneira.gal\\\/index.php\\\/2022\\\/12\\\/05\\\/o-concello-ampliara-o-percorrido-do-nigranbus-a-estrada-pola-via-prado-e-priegue\\\/#respond\"]}]},{\"@type\":\"WebPage\",\"@id\":\"https:\\\/\\\/www.anovapeneira.gal\\\/index.php\\\/2022\\\/12\\\/05\\\/o-concello-ampliara-o-percorrido-do-nigranbus-a-estrada-pola-via-prado-e-priegue\\\/\",\"url\":\"https:\\\/\\\/www.anovapeneira.gal\\\/index.php\\\/2022\\\/12\\\/05\\\/o-concello-ampliara-o-percorrido-do-nigranbus-a-estrada-pola-via-prado-e-priegue\\\/\",\"name\":\"O concello ampliar\u00e1 o percorrido do 'Nigranb\u00fas' a estrada pola v\u00eda, Prado e Priegue -\",\"isPartOf\":{\"@id\":\"https:\\\/\\\/www.anovapeneira.gal\\\/#website\"},\"primaryImageOfPage\":{\"@id\":\"https:\\\/\\\/www.anovapeneira.gal\\\/index.php\\\/2022\\\/12\\\/05\\\/o-concello-ampliara-o-percorrido-do-nigranbus-a-estrada-pola-via-prado-e-priegue\\\/#primaryimage\"},\"image\":{\"@id\":\"https:\\\/\\\/www.anovapeneira.gal\\\/index.php\\\/2022\\\/12\\\/05\\\/o-concello-ampliara-o-percorrido-do-nigranbus-a-estrada-pola-via-prado-e-priegue\\\/#primaryimage\"},\"thumbnailUrl\":\"https:\\\/\\\/www.anovapeneira.gal\\\/wp-content\\\/uploads\\\/2022\\\/11\\\/nigran_bus.jpg\",\"datePublished\":\"2022-12-05T11:00:49+00:00\",\"description\":\"A cabeceira da li\u00f1a trasladarase do Centro Antena ao cruce da r\u00faa Don Marcial con Nav\u00e1s, en Priegue, polo que o percorrido ser\u00e1 ampliado desde o 1 de decembro sen afectar ao horarios establecidos nas restantes paradas\",\"breadcrumb\":{\"@id\":\"https:\\\/\\\/www.anovapeneira.gal\\\/index.php\\\/2022\\\/12\\\/05\\\/o-concello-ampliara-o-percorrido-do-nigranbus-a-estrada-pola-via-prado-e-priegue\\\/#breadcrumb\"},\"inLanguage\":\"gl-ES\",\"potentialAction\":[{\"@type\":\"ReadAction\",\"target\":[\"https:\\\/\\\/www.anovapeneira.gal\\\/index.php\\\/2022\\\/12\\\/05\\\/o-concello-ampliara-o-percorrido-do-nigranbus-a-estrada-pola-via-prado-e-priegue\\\/\"]}]},{\"@type\":\"ImageObject\",\"inLanguage\":\"gl-ES\",\"@id\":\"https:\\\/\\\/www.anovapeneira.gal\\\/index.php\\\/2022\\\/12\\\/05\\\/o-concello-ampliara-o-percorrido-do-nigranbus-a-estrada-pola-via-prado-e-priegue\\\/#primaryimage\",\"url\":\"https:\\\/\\\/www.anovapeneira.gal\\\/wp-content\\\/uploads\\\/2022\\\/11\\\/nigran_bus.jpg\",\"contentUrl\":\"https:\\\/\\\/www.anovapeneira.gal\\\/wp-content\\\/uploads\\\/2022\\\/11\\\/nigran_bus.jpg\",\"width\":720,\"height\":432,\"caption\":\"O concello ampliar\u00e1 o percorrido do 'Nigranb\u00fas' a estrada pola v\u00eda, Prado e Priegue\"},{\"@type\":\"BreadcrumbList\",\"@id\":\"https:\\\/\\\/www.anovapeneira.gal\\\/index.php\\\/2022\\\/12\\\/05\\\/o-concello-ampliara-o-percorrido-do-nigranbus-a-estrada-pola-via-prado-e-priegue\\\/#breadcrumb\",\"itemListElement\":[{\"@type\":\"ListItem\",\"position\":1,\"name\":\"Portada\",\"item\":\"https:\\\/\\\/www.anovapeneira.gal\\\/\"},{\"@type\":\"ListItem\",\"position\":2,\"name\":\"O concello ampliar\u00e1 o percorrido do &#8216;Nigranb\u00fas&#8217; a estrada pola v\u00eda, Prado e Priegue\"}]},{\"@type\":\"WebSite\",\"@id\":\"https:\\\/\\\/www.anovapeneira.gal\\\/#website\",\"url\":\"https:\\\/\\\/www.anovapeneira.gal\\\/\",\"name\":\"\",\"description\":\"Xornal galego de informaci\u00f3n xeral Publicaci\u00f3n mensual de novas de Galicia e en especial dos Concellos da sur da provincia de Pontevedra.\",\"publisher\":{\"@id\":\"https:\\\/\\\/www.anovapeneira.gal\\\/#organization\"},\"potentialAction\":[{\"@type\":\"SearchAction\",\"target\":{\"@type\":\"EntryPoint\",\"urlTemplate\":\"https:\\\/\\\/www.anovapeneira.gal\\\/?s={search_term_string}\"},\"query-input\":{\"@type\":\"PropertyValueSpecification\",\"valueRequired\":true,\"valueName\":\"search_term_string\"}}],\"inLanguage\":\"gl-ES\"},{\"@type\":\"Organization\",\"@id\":\"https:\\\/\\\/www.anovapeneira.gal\\\/#organization\",\"name\":\"A Nova Peneira\",\"url\":\"https:\\\/\\\/www.anovapeneira.gal\\\/\",\"logo\":{\"@type\":\"ImageObject\",\"inLanguage\":\"gl-ES\",\"@id\":\"https:\\\/\\\/www.anovapeneira.gal\\\/#\\\/schema\\\/logo\\\/image\\\/\",\"url\":\"http:\\\/\\\/www.anovapeneira.gal\\\/wp-content\\\/uploads\\\/2019\\\/06\\\/logo_a_nova_peneira_portal_web.png\",\"contentUrl\":\"http:\\\/\\\/www.anovapeneira.gal\\\/wp-content\\\/uploads\\\/2019\\\/06\\\/logo_a_nova_peneira_portal_web.png\",\"width\":300,\"height\":100,\"caption\":\"A Nova Peneira\"},\"image\":{\"@id\":\"https:\\\/\\\/www.anovapeneira.gal\\\/#\\\/schema\\\/logo\\\/image\\\/\"},\"sameAs\":[\"https:\\\/\\\/www.facebook.com\\\/anovapeneira\",\"https:\\\/\\\/x.com\\\/APeneira\"]},{\"@type\":\"Person\",\"@id\":\"https:\\\/\\\/www.anovapeneira.gal\\\/#\\\/schema\\\/person\\\/b93e3f8932e3f8da96334607eb6ac6aa\",\"name\":\"Redacci\u00f3n A Nova Peneira\",\"image\":{\"@type\":\"ImageObject\",\"inLanguage\":\"gl-ES\",\"@id\":\"https:\\\/\\\/secure.gravatar.com\\\/avatar\\\/c052a2551a06e23fac63626232eaa90abd78dbcf1700fc46a2b2c89fd27b735f?s=96&d=mm&r=g\",\"url\":\"https:\\\/\\\/secure.gravatar.com\\\/avatar\\\/c052a2551a06e23fac63626232eaa90abd78dbcf1700fc46a2b2c89fd27b735f?s=96&d=mm&r=g\",\"contentUrl\":\"https:\\\/\\\/secure.gravatar.com\\\/avatar\\\/c052a2551a06e23fac63626232eaa90abd78dbcf1700fc46a2b2c89fd27b735f?s=96&d=mm&r=g\",\"caption\":\"Redacci\u00f3n A Nova Peneira\"},\"sameAs\":[\"http:\\\/\\\/www.anovapeneira.gal\\\/\"],\"url\":\"https:\\\/\\\/www.anovapeneira.gal\\\/index.php\\\/author\\\/redactor\\\/\"}]}<\/script>\n<!-- \/ Yoast SEO plugin. -->","yoast_head_json":{"title":"O concello ampliar\u00e1 o percorrido do 'Nigranb\u00fas' a estrada pola v\u00eda, Prado e Priegue -","description":"A cabeceira da li\u00f1a trasladarase do Centro Antena ao cruce da r\u00faa Don Marcial con Nav\u00e1s, en Priegue, polo que o percorrido ser\u00e1 ampliado desde o 1 de decembro sen afectar ao horarios establecidos nas restantes paradas","robots":{"index":"index","follow":"follow","max-snippet":"max-snippet:-1","max-image-preview":"max-image-preview:large","max-video-preview":"max-video-preview:-1"},"canonical":"https:\/\/www.anovapeneira.gal\/index.php\/2022\/12\/05\/o-concello-ampliara-o-percorrido-do-nigranbus-a-estrada-pola-via-prado-e-priegue\/","og_locale":"gl_ES","og_type":"article","og_title":"O concello ampliar\u00e1 o percorrido do 'Nigranb\u00fas' a estrada pola v\u00eda, Prado e Priegue -","og_description":"A cabeceira da li\u00f1a trasladarase do Centro Antena ao cruce da r\u00faa Don Marcial con Nav\u00e1s, en Priegue, polo que o percorrido ser\u00e1 ampliado desde o 1 de decembro sen afectar ao horarios establecidos nas restantes paradas","og_url":"https:\/\/www.anovapeneira.gal\/index.php\/2022\/12\/05\/o-concello-ampliara-o-percorrido-do-nigranbus-a-estrada-pola-via-prado-e-priegue\/","article_publisher":"https:\/\/www.facebook.com\/anovapeneira","article_published_time":"2022-12-05T11:00:49+00:00","og_image":[{"width":720,"height":432,"url":"https:\/\/www.anovapeneira.gal\/wp-content\/uploads\/2022\/11\/nigran_bus.jpg","type":"image\/jpeg"}],"author":"Redacci\u00f3n A Nova Peneira","twitter_card":"summary_large_image","twitter_creator":"@APeneira","twitter_site":"@APeneira","twitter_misc":{"Escrito por":"Redacci\u00f3n A Nova Peneira","Tempo de lectura":"5 minutos"},"schema":{"@context":"https:\/\/schema.org","@graph":[{"@type":"Article","@id":"https:\/\/www.anovapeneira.gal\/index.php\/2022\/12\/05\/o-concello-ampliara-o-percorrido-do-nigranbus-a-estrada-pola-via-prado-e-priegue\/#article","isPartOf":{"@id":"https:\/\/www.anovapeneira.gal\/index.php\/2022\/12\/05\/o-concello-ampliara-o-percorrido-do-nigranbus-a-estrada-pola-via-prado-e-priegue\/"},"author":{"name":"Redacci\u00f3n A Nova Peneira","@id":"https:\/\/www.anovapeneira.gal\/#\/schema\/person\/b93e3f8932e3f8da96334607eb6ac6aa"},"headline":"O concello ampliar\u00e1 o percorrido do &#8216;Nigranb\u00fas&#8217; a estrada pola v\u00eda, Prado e Priegue","datePublished":"2022-12-05T11:00:49+00:00","mainEntityOfPage":{"@id":"https:\/\/www.anovapeneira.gal\/index.php\/2022\/12\/05\/o-concello-ampliara-o-percorrido-do-nigranbus-a-estrada-pola-via-prado-e-priegue\/"},"wordCount":797,"commentCount":0,"publisher":{"@id":"https:\/\/www.anovapeneira.gal\/#organization"},"image":{"@id":"https:\/\/www.anovapeneira.gal\/index.php\/2022\/12\/05\/o-concello-ampliara-o-percorrido-do-nigranbus-a-estrada-pola-via-prado-e-priegue\/#primaryimage"},"thumbnailUrl":"https:\/\/www.anovapeneira.gal\/wp-content\/uploads\/2022\/11\/nigran_bus.jpg","keywords":["Concello de Nigr\u00e1n"],"articleSection":["Val Mi\u00f1or"],"inLanguage":"gl-ES","potentialAction":[{"@type":"CommentAction","name":"Comment","target":["https:\/\/www.anovapeneira.gal\/index.php\/2022\/12\/05\/o-concello-ampliara-o-percorrido-do-nigranbus-a-estrada-pola-via-prado-e-priegue\/#respond"]}]},{"@type":"WebPage","@id":"https:\/\/www.anovapeneira.gal\/index.php\/2022\/12\/05\/o-concello-ampliara-o-percorrido-do-nigranbus-a-estrada-pola-via-prado-e-priegue\/","url":"https:\/\/www.anovapeneira.gal\/index.php\/2022\/12\/05\/o-concello-ampliara-o-percorrido-do-nigranbus-a-estrada-pola-via-prado-e-priegue\/","name":"O concello ampliar\u00e1 o percorrido do 'Nigranb\u00fas' a estrada pola v\u00eda, Prado e Priegue -","isPartOf":{"@id":"https:\/\/www.anovapeneira.gal\/#website"},"primaryImageOfPage":{"@id":"https:\/\/www.anovapeneira.gal\/index.php\/2022\/12\/05\/o-concello-ampliara-o-percorrido-do-nigranbus-a-estrada-pola-via-prado-e-priegue\/#primaryimage"},"image":{"@id":"https:\/\/www.anovapeneira.gal\/index.php\/2022\/12\/05\/o-concello-ampliara-o-percorrido-do-nigranbus-a-estrada-pola-via-prado-e-priegue\/#primaryimage"},"thumbnailUrl":"https:\/\/www.anovapeneira.gal\/wp-content\/uploads\/2022\/11\/nigran_bus.jpg","datePublished":"2022-12-05T11:00:49+00:00","description":"A cabeceira da li\u00f1a trasladarase do Centro Antena ao cruce da r\u00faa Don Marcial con Nav\u00e1s, en Priegue, polo que o percorrido ser\u00e1 ampliado desde o 1 de decembro sen afectar ao horarios establecidos nas restantes paradas","breadcrumb":{"@id":"https:\/\/www.anovapeneira.gal\/index.php\/2022\/12\/05\/o-concello-ampliara-o-percorrido-do-nigranbus-a-estrada-pola-via-prado-e-priegue\/#breadcrumb"},"inLanguage":"gl-ES","potentialAction":[{"@type":"ReadAction","target":["https:\/\/www.anovapeneira.gal\/index.php\/2022\/12\/05\/o-concello-ampliara-o-percorrido-do-nigranbus-a-estrada-pola-via-prado-e-priegue\/"]}]},{"@type":"ImageObject","inLanguage":"gl-ES","@id":"https:\/\/www.anovapeneira.gal\/index.php\/2022\/12\/05\/o-concello-ampliara-o-percorrido-do-nigranbus-a-estrada-pola-via-prado-e-priegue\/#primaryimage","url":"https:\/\/www.anovapeneira.gal\/wp-content\/uploads\/2022\/11\/nigran_bus.jpg","contentUrl":"https:\/\/www.anovapeneira.gal\/wp-content\/uploads\/2022\/11\/nigran_bus.jpg","width":720,"height":432,"caption":"O concello ampliar\u00e1 o percorrido do 'Nigranb\u00fas' a estrada pola v\u00eda, Prado e Priegue"},{"@type":"BreadcrumbList","@id":"https:\/\/www.anovapeneira.gal\/index.php\/2022\/12\/05\/o-concello-ampliara-o-percorrido-do-nigranbus-a-estrada-pola-via-prado-e-priegue\/#breadcrumb","itemListElement":[{"@type":"ListItem","position":1,"name":"Portada","item":"https:\/\/www.anovapeneira.gal\/"},{"@type":"ListItem","position":2,"name":"O concello ampliar\u00e1 o percorrido do &#8216;Nigranb\u00fas&#8217; a estrada pola v\u00eda, Prado e Priegue"}]},{"@type":"WebSite","@id":"https:\/\/www.anovapeneira.gal\/#website","url":"https:\/\/www.anovapeneira.gal\/","name":"","description":"Xornal galego de informaci\u00f3n xeral Publicaci\u00f3n mensual de novas de Galicia e en especial dos Concellos da sur da provincia de Pontevedra.","publisher":{"@id":"https:\/\/www.anovapeneira.gal\/#organization"},"potentialAction":[{"@type":"SearchAction","target":{"@type":"EntryPoint","urlTemplate":"https:\/\/www.anovapeneira.gal\/?s={search_term_string}"},"query-input":{"@type":"PropertyValueSpecification","valueRequired":true,"valueName":"search_term_string"}}],"inLanguage":"gl-ES"},{"@type":"Organization","@id":"https:\/\/www.anovapeneira.gal\/#organization","name":"A Nova Peneira","url":"https:\/\/www.anovapeneira.gal\/","logo":{"@type":"ImageObject","inLanguage":"gl-ES","@id":"https:\/\/www.anovapeneira.gal\/#\/schema\/logo\/image\/","url":"http:\/\/www.anovapeneira.gal\/wp-content\/uploads\/2019\/06\/logo_a_nova_peneira_portal_web.png","contentUrl":"http:\/\/www.anovapeneira.gal\/wp-content\/uploads\/2019\/06\/logo_a_nova_peneira_portal_web.png","width":300,"height":100,"caption":"A Nova Peneira"},"image":{"@id":"https:\/\/www.anovapeneira.gal\/#\/schema\/logo\/image\/"},"sameAs":["https:\/\/www.facebook.com\/anovapeneira","https:\/\/x.com\/APeneira"]},{"@type":"Person","@id":"https:\/\/www.anovapeneira.gal\/#\/schema\/person\/b93e3f8932e3f8da96334607eb6ac6aa","name":"Redacci\u00f3n A Nova Peneira","image":{"@type":"ImageObject","inLanguage":"gl-ES","@id":"https:\/\/secure.gravatar.com\/avatar\/c052a2551a06e23fac63626232eaa90abd78dbcf1700fc46a2b2c89fd27b735f?s=96&d=mm&r=g","url":"https:\/\/secure.gravatar.com\/avatar\/c052a2551a06e23fac63626232eaa90abd78dbcf1700fc46a2b2c89fd27b735f?s=96&d=mm&r=g","contentUrl":"https:\/\/secure.gravatar.com\/avatar\/c052a2551a06e23fac63626232eaa90abd78dbcf1700fc46a2b2c89fd27b735f?s=96&d=mm&r=g","caption":"Redacci\u00f3n A Nova Peneira"},"sameAs":["http:\/\/www.anovapeneira.gal\/"],"url":"https:\/\/www.anovapeneira.gal\/index.php\/author\/redactor\/"}]}},"jetpack_featured_media_url":"https:\/\/www.anovapeneira.gal\/wp-content\/uploads\/2022\/11\/nigran_bus.jpg","_links":{"self":[{"href":"https:\/\/www.anovapeneira.gal\/index.php\/wp-json\/wp\/v2\/posts\/8697","targetHints":{"allow":["GET"]}}],"collection":[{"href":"https:\/\/www.anovapeneira.gal\/index.php\/wp-json\/wp\/v2\/posts"}],"about":[{"href":"https:\/\/www.anovapeneira.gal\/index.php\/wp-json\/wp\/v2\/types\/post"}],"author":[{"embeddable":true,"href":"https:\/\/www.anovapeneira.gal\/index.php\/wp-json\/wp\/v2\/users\/3"}],"replies":[{"embeddable":true,"href":"https:\/\/www.anovapeneira.gal\/index.php\/wp-json\/wp\/v2\/comments?post=8697"}],"version-history":[{"count":1,"href":"https:\/\/www.anovapeneira.gal\/index.php\/wp-json\/wp\/v2\/posts\/8697\/revisions"}],"predecessor-version":[{"id":8699,"href":"https:\/\/www.anovapeneira.gal\/index.php\/wp-json\/wp\/v2\/posts\/8697\/revisions\/8699"}],"wp:featuredmedia":[{"embeddable":true,"href":"https:\/\/www.anovapeneira.gal\/index.php\/wp-json\/wp\/v2\/media\/8698"}],"wp:attachment":[{"href":"https:\/\/www.anovapeneira.gal\/index.php\/wp-json\/wp\/v2\/media?parent=8697"}],"wp:term":[{"taxonomy":"category","embeddable":true,"href":"https:\/\/www.anovapeneira.gal\/index.php\/wp-json\/wp\/v2\/categories?post=8697"},{"taxonomy":"post_tag","embeddable":true,"href":"https:\/\/www.anovapeneira.gal\/index.php\/wp-json\/wp\/v2\/tags?post=8697"}],"curies":[{"name":"wp","href":"https:\/\/api.w.org\/{rel}","templated":true}]}}