{"id":8700,"date":"2022-12-06T10:00:38","date_gmt":"2022-12-06T09:00:38","guid":{"rendered":"https:\/\/www.anovapeneira.gal\/?p=8700"},"modified":"2022-12-01T10:36:21","modified_gmt":"2022-12-01T09:36:21","slug":"ponton-critica-que-o-goberno-do-pp-responda-ao-colapso-de-primaria-anunciando-que-estudia-pechar-centros-de-saude","status":"publish","type":"post","link":"https:\/\/www.anovapeneira.gal\/index.php\/2022\/12\/06\/ponton-critica-que-o-goberno-do-pp-responda-ao-colapso-de-primaria-anunciando-que-estudia-pechar-centros-de-saude\/","title":{"rendered":"Pont\u00f3n critica que o Goberno do PP responda ao colapso de primaria anunciando que estudia pechar centros de sa\u00fade"},"content":{"rendered":"\n<h2 class=\"wp-block-heading\">\u201c<strong>Ped\u00edmoslle ao PP que deixe de xogar coa sa\u00fade dos e das galegas\u201d, pide a l\u00edder do BNG ante un executivo que vai \u201cde ocorrencia en ocorrencia\u201d<\/strong><\/h2>\n\n\n\n<p><strong>Santiago de Compostela, 30 de novembro 2022.<\/strong><\/p>\n\n\n\n<p>A portavoz nacional, Ana Pont\u00f3n, considera un desprop\u00f3sito que ante o colapso de atenci\u00f3n primaria, con listas de espera de at\u00e9 d\u00faas semanas, o Goberno do Partido Popular responda anunciando que vai estudar o peche de centros de sa\u00fade baixo o eufemismo de \u201creagrupaci\u00f3n\u201d, tal e como publican diversos medios tras a reuni\u00f3n mantida cos colexios de m\u00e9dicos na que participou o propio xefe do Executivo, Alfonso Rueda.<\/p>\n\n\n\n<p>\u201cEn vez de reforzar a sanidade o que que pretende o PP \u00e9 que menos profesionais en menos centros de sa\u00fade atendan a m\u00e1is pacientes, e xa sabemos que esta proposta ter\u00e1 como resultado deteriorar a\u00ednda m\u00e1is a calidade asistencial da cidadan\u00eda\u201d, argumentou a l\u00edder do BNG, denunciando que esta estratexia de acoso e derribo da sanidade p\u00fablica \u201cpon en risco a sa\u00fade dos galegos e das galegas\u201d.<\/p>\n\n\n\n<p>Estamos, critica, ante unha nova volta de torca que \u00e9 unha \u201ctemeridade\u201d e que se suma a trece anos de recortes cun obxectivo moi claro por parte do Partido Popular \u201cde debilitar o p\u00fablico para favorecer o negocio privado\u201d.<\/p>\n\n\n\n<p>A portavoz nacionalista fixo referencia aos pasos que a dereita ten dado en Galiza dentro da s\u00faa pol\u00edtica de recortes, como a supresi\u00f3n das xerencias de atenci\u00f3n primaria, a precarizaci\u00f3n continuada do persoal sanitario ou a diminuci\u00f3n do orzamento, de tal xeito que hoxe estamos \u00e1 cola en investimento en atenci\u00f3n primaria.<\/p>\n\n\n\n<p>Neste sentido, destacou que o ano pasado o 60% dos e das profesionais que conclu\u00edron o MIR de medicina familiar desestimaron unha praza en atenci\u00f3n primaria. 2021 foi tam\u00e9n un ano de cifra r\u00e9cord de m\u00e9dicos e m\u00e9dicas que solicitaron o certificado para traballar no estranxeiro, 105 no que se refire a Galiza.<\/p>\n\n\n\n<p>\u201cPed\u00edmoslle ao PP que deixe de xogar coa sa\u00fade da xente, que retire a pretensi\u00f3n de pechar centros de sa\u00fade para favorecer \u00e1 privada e que deixe atr\u00e1s as ocorrencias que atentan contra a sanidade p\u00fablica\u201d, reclamou. Como por exemplo, a ocorrencia de que as receitas se renovasen polo persoal farmac\u00e9utico, que acaba de ser rexeitada polo TXSG; a ocorrencia de PACs con telepantalla, sen m\u00e9dicos ou que sexan substitu\u00eddos por persoal de enfermer\u00eda.<\/p>\n\n\n\n<p>\u201cE a ocorrencia desta semana \u00e9 pechar centros de sa\u00fade para que menos persoal atenda a m\u00e1is poboaci\u00f3n\u201d, sintetizou Pont\u00f3n, \u201cunha aut\u00e9ntica falta de respecto \u00e1 cidadan\u00eda e un novo paso para deteriorar a atenci\u00f3n sanitaria\u201d. A alternativa non son ocorrencias en forma de recortes e privatizaci\u00f3ns, sen\u00f3n todo o contrario, traballar con rigor e revertendo os recortes dotando \u00e1 sanidade p\u00fablica, en particular a atenci\u00f3n primaria, dos medios que precisa, de m\u00e1is persoal, de m\u00e1is recursos econ\u00f3micos e de m\u00e1is especialidades.<\/p>\n","protected":false},"excerpt":{"rendered":"<div class=\"mh-excerpt\"><p>\u201cPed\u00edmoslle ao PP que deixe de xogar coa sa\u00fade dos e das galegas\u201d, pide a l\u00edder do BNG ante un executivo que vai \u201cde ocorrencia en ocorrencia\u201d <a class=\"mh-excerpt-more\" href=\"https:\/\/www.anovapeneira.gal\/index.php\/2022\/12\/06\/ponton-critica-que-o-goberno-do-pp-responda-ao-colapso-de-primaria-anunciando-que-estudia-pechar-centros-de-saude\/\" title=\"Pont\u00f3n critica que o Goberno do PP responda ao colapso de primaria anunciando que estudia pechar centros de sa\u00fade\">[&#8230;]<\/a><\/p>\n<\/div>","protected":false},"author":3,"featured_media":8701,"comment_status":"open","ping_status":"open","sticky":false,"template":"","format":"standard","meta":{"_exactmetrics_skip_tracking":false,"_exactmetrics_sitenote_active":false,"_exactmetrics_sitenote_note":"","_exactmetrics_sitenote_category":0,"footnotes":""},"categories":[263],"tags":[281],"class_list":{"0":"post-8700","1":"post","2":"type-post","3":"status-publish","4":"format-standard","5":"has-post-thumbnail","7":"category-novas","8":"tag-ana-ponton"},"yoast_head":"<!-- This site is optimized with the Yoast SEO plugin v27.4 - https:\/\/yoast.com\/product\/yoast-seo-wordpress\/ -->\n<title>Pont\u00f3n critica que o Goberno do PP responda ao colapso de primaria anunciando que estudia pechar centros de sa\u00fade -<\/title>\n<meta name=\"description\" content=\"\u201cPed\u00edmoslle ao PP que deixe de xogar coa sa\u00fade dos e das galegas\u201d, pide a l\u00edder do BNG ante un executivo que vai \u201cde ocorrencia en ocorrencia\u201d\" \/>\n<meta name=\"robots\" content=\"index, follow, max-snippet:-1, max-image-preview:large, max-video-preview:-1\" \/>\n<link rel=\"canonical\" href=\"https:\/\/www.anovapeneira.gal\/index.php\/2022\/12\/06\/ponton-critica-que-o-goberno-do-pp-responda-ao-colapso-de-primaria-anunciando-que-estudia-pechar-centros-de-saude\/\" \/>\n<meta property=\"og:locale\" content=\"gl_ES\" \/>\n<meta property=\"og:type\" content=\"article\" \/>\n<meta property=\"og:title\" content=\"Pont\u00f3n critica que o Goberno do PP responda ao colapso de primaria anunciando que estudia pechar centros de sa\u00fade -\" \/>\n<meta property=\"og:description\" content=\"\u201cPed\u00edmoslle ao PP que deixe de xogar coa sa\u00fade dos e das galegas\u201d, pide a l\u00edder do BNG ante un executivo que vai \u201cde ocorrencia en ocorrencia\u201d\" \/>\n<meta property=\"og:url\" content=\"https:\/\/www.anovapeneira.gal\/index.php\/2022\/12\/06\/ponton-critica-que-o-goberno-do-pp-responda-ao-colapso-de-primaria-anunciando-que-estudia-pechar-centros-de-saude\/\" \/>\n<meta property=\"article:publisher\" content=\"https:\/\/www.facebook.com\/anovapeneira\" \/>\n<meta property=\"article:published_time\" content=\"2022-12-06T09:00:38+00:00\" \/>\n<meta property=\"og:image\" content=\"https:\/\/www.anovapeneira.gal\/wp-content\/uploads\/2022\/12\/ana_ponton_novembro_2022.jpg\" \/>\n\t<meta property=\"og:image:width\" content=\"720\" \/>\n\t<meta property=\"og:image:height\" content=\"432\" \/>\n\t<meta property=\"og:image:type\" content=\"image\/jpeg\" \/>\n<meta name=\"author\" content=\"Redacci\u00f3n A Nova Peneira\" \/>\n<meta name=\"twitter:card\" content=\"summary_large_image\" \/>\n<meta name=\"twitter:creator\" content=\"@APeneira\" \/>\n<meta name=\"twitter:site\" content=\"@APeneira\" \/>\n<meta name=\"twitter:label1\" content=\"Escrito por\" \/>\n\t<meta name=\"twitter:data1\" content=\"Redacci\u00f3n A Nova Peneira\" \/>\n\t<meta name=\"twitter:label2\" content=\"Tempo de lectura\" \/>\n\t<meta name=\"twitter:data2\" content=\"3 minutos\" \/>\n<script type=\"application\/ld+json\" class=\"yoast-schema-graph\">{\"@context\":\"https:\\\/\\\/schema.org\",\"@graph\":[{\"@type\":\"Article\",\"@id\":\"https:\\\/\\\/www.anovapeneira.gal\\\/index.php\\\/2022\\\/12\\\/06\\\/ponton-critica-que-o-goberno-do-pp-responda-ao-colapso-de-primaria-anunciando-que-estudia-pechar-centros-de-saude\\\/#article\",\"isPartOf\":{\"@id\":\"https:\\\/\\\/www.anovapeneira.gal\\\/index.php\\\/2022\\\/12\\\/06\\\/ponton-critica-que-o-goberno-do-pp-responda-ao-colapso-de-primaria-anunciando-que-estudia-pechar-centros-de-saude\\\/\"},\"author\":{\"name\":\"Redacci\u00f3n A Nova Peneira\",\"@id\":\"https:\\\/\\\/www.anovapeneira.gal\\\/#\\\/schema\\\/person\\\/b93e3f8932e3f8da96334607eb6ac6aa\"},\"headline\":\"Pont\u00f3n critica que o Goberno do PP responda ao colapso de primaria anunciando que estudia pechar centros de sa\u00fade\",\"datePublished\":\"2022-12-06T09:00:38+00:00\",\"mainEntityOfPage\":{\"@id\":\"https:\\\/\\\/www.anovapeneira.gal\\\/index.php\\\/2022\\\/12\\\/06\\\/ponton-critica-que-o-goberno-do-pp-responda-ao-colapso-de-primaria-anunciando-que-estudia-pechar-centros-de-saude\\\/\"},\"wordCount\":537,\"commentCount\":0,\"publisher\":{\"@id\":\"https:\\\/\\\/www.anovapeneira.gal\\\/#organization\"},\"image\":{\"@id\":\"https:\\\/\\\/www.anovapeneira.gal\\\/index.php\\\/2022\\\/12\\\/06\\\/ponton-critica-que-o-goberno-do-pp-responda-ao-colapso-de-primaria-anunciando-que-estudia-pechar-centros-de-saude\\\/#primaryimage\"},\"thumbnailUrl\":\"https:\\\/\\\/www.anovapeneira.gal\\\/wp-content\\\/uploads\\\/2022\\\/12\\\/ana_ponton_novembro_2022.jpg\",\"keywords\":[\"Ana Pont\u00f3n\"],\"articleSection\":[\"Novas\"],\"inLanguage\":\"gl-ES\",\"potentialAction\":[{\"@type\":\"CommentAction\",\"name\":\"Comment\",\"target\":[\"https:\\\/\\\/www.anovapeneira.gal\\\/index.php\\\/2022\\\/12\\\/06\\\/ponton-critica-que-o-goberno-do-pp-responda-ao-colapso-de-primaria-anunciando-que-estudia-pechar-centros-de-saude\\\/#respond\"]}]},{\"@type\":\"WebPage\",\"@id\":\"https:\\\/\\\/www.anovapeneira.gal\\\/index.php\\\/2022\\\/12\\\/06\\\/ponton-critica-que-o-goberno-do-pp-responda-ao-colapso-de-primaria-anunciando-que-estudia-pechar-centros-de-saude\\\/\",\"url\":\"https:\\\/\\\/www.anovapeneira.gal\\\/index.php\\\/2022\\\/12\\\/06\\\/ponton-critica-que-o-goberno-do-pp-responda-ao-colapso-de-primaria-anunciando-que-estudia-pechar-centros-de-saude\\\/\",\"name\":\"Pont\u00f3n critica que o Goberno do PP responda ao colapso de primaria anunciando que estudia pechar centros de sa\u00fade -\",\"isPartOf\":{\"@id\":\"https:\\\/\\\/www.anovapeneira.gal\\\/#website\"},\"primaryImageOfPage\":{\"@id\":\"https:\\\/\\\/www.anovapeneira.gal\\\/index.php\\\/2022\\\/12\\\/06\\\/ponton-critica-que-o-goberno-do-pp-responda-ao-colapso-de-primaria-anunciando-que-estudia-pechar-centros-de-saude\\\/#primaryimage\"},\"image\":{\"@id\":\"https:\\\/\\\/www.anovapeneira.gal\\\/index.php\\\/2022\\\/12\\\/06\\\/ponton-critica-que-o-goberno-do-pp-responda-ao-colapso-de-primaria-anunciando-que-estudia-pechar-centros-de-saude\\\/#primaryimage\"},\"thumbnailUrl\":\"https:\\\/\\\/www.anovapeneira.gal\\\/wp-content\\\/uploads\\\/2022\\\/12\\\/ana_ponton_novembro_2022.jpg\",\"datePublished\":\"2022-12-06T09:00:38+00:00\",\"description\":\"\u201cPed\u00edmoslle ao PP que deixe de xogar coa sa\u00fade dos e das galegas\u201d, pide a l\u00edder do BNG ante un executivo que vai \u201cde ocorrencia en ocorrencia\u201d\",\"breadcrumb\":{\"@id\":\"https:\\\/\\\/www.anovapeneira.gal\\\/index.php\\\/2022\\\/12\\\/06\\\/ponton-critica-que-o-goberno-do-pp-responda-ao-colapso-de-primaria-anunciando-que-estudia-pechar-centros-de-saude\\\/#breadcrumb\"},\"inLanguage\":\"gl-ES\",\"potentialAction\":[{\"@type\":\"ReadAction\",\"target\":[\"https:\\\/\\\/www.anovapeneira.gal\\\/index.php\\\/2022\\\/12\\\/06\\\/ponton-critica-que-o-goberno-do-pp-responda-ao-colapso-de-primaria-anunciando-que-estudia-pechar-centros-de-saude\\\/\"]}]},{\"@type\":\"ImageObject\",\"inLanguage\":\"gl-ES\",\"@id\":\"https:\\\/\\\/www.anovapeneira.gal\\\/index.php\\\/2022\\\/12\\\/06\\\/ponton-critica-que-o-goberno-do-pp-responda-ao-colapso-de-primaria-anunciando-que-estudia-pechar-centros-de-saude\\\/#primaryimage\",\"url\":\"https:\\\/\\\/www.anovapeneira.gal\\\/wp-content\\\/uploads\\\/2022\\\/12\\\/ana_ponton_novembro_2022.jpg\",\"contentUrl\":\"https:\\\/\\\/www.anovapeneira.gal\\\/wp-content\\\/uploads\\\/2022\\\/12\\\/ana_ponton_novembro_2022.jpg\",\"width\":720,\"height\":432,\"caption\":\"Ana Pont\u00f3n\"},{\"@type\":\"BreadcrumbList\",\"@id\":\"https:\\\/\\\/www.anovapeneira.gal\\\/index.php\\\/2022\\\/12\\\/06\\\/ponton-critica-que-o-goberno-do-pp-responda-ao-colapso-de-primaria-anunciando-que-estudia-pechar-centros-de-saude\\\/#breadcrumb\",\"itemListElement\":[{\"@type\":\"ListItem\",\"position\":1,\"name\":\"Portada\",\"item\":\"https:\\\/\\\/www.anovapeneira.gal\\\/\"},{\"@type\":\"ListItem\",\"position\":2,\"name\":\"Pont\u00f3n critica que o Goberno do PP responda ao colapso de primaria anunciando que estudia pechar centros de sa\u00fade\"}]},{\"@type\":\"WebSite\",\"@id\":\"https:\\\/\\\/www.anovapeneira.gal\\\/#website\",\"url\":\"https:\\\/\\\/www.anovapeneira.gal\\\/\",\"name\":\"\",\"description\":\"Xornal galego de informaci\u00f3n xeral Publicaci\u00f3n mensual de novas de Galicia e en especial dos Concellos da sur da provincia de Pontevedra.\",\"publisher\":{\"@id\":\"https:\\\/\\\/www.anovapeneira.gal\\\/#organization\"},\"potentialAction\":[{\"@type\":\"SearchAction\",\"target\":{\"@type\":\"EntryPoint\",\"urlTemplate\":\"https:\\\/\\\/www.anovapeneira.gal\\\/?s={search_term_string}\"},\"query-input\":{\"@type\":\"PropertyValueSpecification\",\"valueRequired\":true,\"valueName\":\"search_term_string\"}}],\"inLanguage\":\"gl-ES\"},{\"@type\":\"Organization\",\"@id\":\"https:\\\/\\\/www.anovapeneira.gal\\\/#organization\",\"name\":\"A Nova Peneira\",\"url\":\"https:\\\/\\\/www.anovapeneira.gal\\\/\",\"logo\":{\"@type\":\"ImageObject\",\"inLanguage\":\"gl-ES\",\"@id\":\"https:\\\/\\\/www.anovapeneira.gal\\\/#\\\/schema\\\/logo\\\/image\\\/\",\"url\":\"http:\\\/\\\/www.anovapeneira.gal\\\/wp-content\\\/uploads\\\/2019\\\/06\\\/logo_a_nova_peneira_portal_web.png\",\"contentUrl\":\"http:\\\/\\\/www.anovapeneira.gal\\\/wp-content\\\/uploads\\\/2019\\\/06\\\/logo_a_nova_peneira_portal_web.png\",\"width\":300,\"height\":100,\"caption\":\"A Nova Peneira\"},\"image\":{\"@id\":\"https:\\\/\\\/www.anovapeneira.gal\\\/#\\\/schema\\\/logo\\\/image\\\/\"},\"sameAs\":[\"https:\\\/\\\/www.facebook.com\\\/anovapeneira\",\"https:\\\/\\\/x.com\\\/APeneira\"]},{\"@type\":\"Person\",\"@id\":\"https:\\\/\\\/www.anovapeneira.gal\\\/#\\\/schema\\\/person\\\/b93e3f8932e3f8da96334607eb6ac6aa\",\"name\":\"Redacci\u00f3n A Nova Peneira\",\"image\":{\"@type\":\"ImageObject\",\"inLanguage\":\"gl-ES\",\"@id\":\"https:\\\/\\\/secure.gravatar.com\\\/avatar\\\/c052a2551a06e23fac63626232eaa90abd78dbcf1700fc46a2b2c89fd27b735f?s=96&d=mm&r=g\",\"url\":\"https:\\\/\\\/secure.gravatar.com\\\/avatar\\\/c052a2551a06e23fac63626232eaa90abd78dbcf1700fc46a2b2c89fd27b735f?s=96&d=mm&r=g\",\"contentUrl\":\"https:\\\/\\\/secure.gravatar.com\\\/avatar\\\/c052a2551a06e23fac63626232eaa90abd78dbcf1700fc46a2b2c89fd27b735f?s=96&d=mm&r=g\",\"caption\":\"Redacci\u00f3n A Nova Peneira\"},\"sameAs\":[\"http:\\\/\\\/www.anovapeneira.gal\\\/\"],\"url\":\"https:\\\/\\\/www.anovapeneira.gal\\\/index.php\\\/author\\\/redactor\\\/\"}]}<\/script>\n<!-- \/ Yoast SEO plugin. -->","yoast_head_json":{"title":"Pont\u00f3n critica que o Goberno do PP responda ao colapso de primaria anunciando que estudia pechar centros de sa\u00fade -","description":"\u201cPed\u00edmoslle ao PP que deixe de xogar coa sa\u00fade dos e das galegas\u201d, pide a l\u00edder do BNG ante un executivo que vai \u201cde ocorrencia en ocorrencia\u201d","robots":{"index":"index","follow":"follow","max-snippet":"max-snippet:-1","max-image-preview":"max-image-preview:large","max-video-preview":"max-video-preview:-1"},"canonical":"https:\/\/www.anovapeneira.gal\/index.php\/2022\/12\/06\/ponton-critica-que-o-goberno-do-pp-responda-ao-colapso-de-primaria-anunciando-que-estudia-pechar-centros-de-saude\/","og_locale":"gl_ES","og_type":"article","og_title":"Pont\u00f3n critica que o Goberno do PP responda ao colapso de primaria anunciando que estudia pechar centros de sa\u00fade -","og_description":"\u201cPed\u00edmoslle ao PP que deixe de xogar coa sa\u00fade dos e das galegas\u201d, pide a l\u00edder do BNG ante un executivo que vai \u201cde ocorrencia en ocorrencia\u201d","og_url":"https:\/\/www.anovapeneira.gal\/index.php\/2022\/12\/06\/ponton-critica-que-o-goberno-do-pp-responda-ao-colapso-de-primaria-anunciando-que-estudia-pechar-centros-de-saude\/","article_publisher":"https:\/\/www.facebook.com\/anovapeneira","article_published_time":"2022-12-06T09:00:38+00:00","og_image":[{"width":720,"height":432,"url":"https:\/\/www.anovapeneira.gal\/wp-content\/uploads\/2022\/12\/ana_ponton_novembro_2022.jpg","type":"image\/jpeg"}],"author":"Redacci\u00f3n A Nova Peneira","twitter_card":"summary_large_image","twitter_creator":"@APeneira","twitter_site":"@APeneira","twitter_misc":{"Escrito por":"Redacci\u00f3n A Nova Peneira","Tempo de lectura":"3 minutos"},"schema":{"@context":"https:\/\/schema.org","@graph":[{"@type":"Article","@id":"https:\/\/www.anovapeneira.gal\/index.php\/2022\/12\/06\/ponton-critica-que-o-goberno-do-pp-responda-ao-colapso-de-primaria-anunciando-que-estudia-pechar-centros-de-saude\/#article","isPartOf":{"@id":"https:\/\/www.anovapeneira.gal\/index.php\/2022\/12\/06\/ponton-critica-que-o-goberno-do-pp-responda-ao-colapso-de-primaria-anunciando-que-estudia-pechar-centros-de-saude\/"},"author":{"name":"Redacci\u00f3n A Nova Peneira","@id":"https:\/\/www.anovapeneira.gal\/#\/schema\/person\/b93e3f8932e3f8da96334607eb6ac6aa"},"headline":"Pont\u00f3n critica que o Goberno do PP responda ao colapso de primaria anunciando que estudia pechar centros de sa\u00fade","datePublished":"2022-12-06T09:00:38+00:00","mainEntityOfPage":{"@id":"https:\/\/www.anovapeneira.gal\/index.php\/2022\/12\/06\/ponton-critica-que-o-goberno-do-pp-responda-ao-colapso-de-primaria-anunciando-que-estudia-pechar-centros-de-saude\/"},"wordCount":537,"commentCount":0,"publisher":{"@id":"https:\/\/www.anovapeneira.gal\/#organization"},"image":{"@id":"https:\/\/www.anovapeneira.gal\/index.php\/2022\/12\/06\/ponton-critica-que-o-goberno-do-pp-responda-ao-colapso-de-primaria-anunciando-que-estudia-pechar-centros-de-saude\/#primaryimage"},"thumbnailUrl":"https:\/\/www.anovapeneira.gal\/wp-content\/uploads\/2022\/12\/ana_ponton_novembro_2022.jpg","keywords":["Ana Pont\u00f3n"],"articleSection":["Novas"],"inLanguage":"gl-ES","potentialAction":[{"@type":"CommentAction","name":"Comment","target":["https:\/\/www.anovapeneira.gal\/index.php\/2022\/12\/06\/ponton-critica-que-o-goberno-do-pp-responda-ao-colapso-de-primaria-anunciando-que-estudia-pechar-centros-de-saude\/#respond"]}]},{"@type":"WebPage","@id":"https:\/\/www.anovapeneira.gal\/index.php\/2022\/12\/06\/ponton-critica-que-o-goberno-do-pp-responda-ao-colapso-de-primaria-anunciando-que-estudia-pechar-centros-de-saude\/","url":"https:\/\/www.anovapeneira.gal\/index.php\/2022\/12\/06\/ponton-critica-que-o-goberno-do-pp-responda-ao-colapso-de-primaria-anunciando-que-estudia-pechar-centros-de-saude\/","name":"Pont\u00f3n critica que o Goberno do PP responda ao colapso de primaria anunciando que estudia pechar centros de sa\u00fade -","isPartOf":{"@id":"https:\/\/www.anovapeneira.gal\/#website"},"primaryImageOfPage":{"@id":"https:\/\/www.anovapeneira.gal\/index.php\/2022\/12\/06\/ponton-critica-que-o-goberno-do-pp-responda-ao-colapso-de-primaria-anunciando-que-estudia-pechar-centros-de-saude\/#primaryimage"},"image":{"@id":"https:\/\/www.anovapeneira.gal\/index.php\/2022\/12\/06\/ponton-critica-que-o-goberno-do-pp-responda-ao-colapso-de-primaria-anunciando-que-estudia-pechar-centros-de-saude\/#primaryimage"},"thumbnailUrl":"https:\/\/www.anovapeneira.gal\/wp-content\/uploads\/2022\/12\/ana_ponton_novembro_2022.jpg","datePublished":"2022-12-06T09:00:38+00:00","description":"\u201cPed\u00edmoslle ao PP que deixe de xogar coa sa\u00fade dos e das galegas\u201d, pide a l\u00edder do BNG ante un executivo que vai \u201cde ocorrencia en ocorrencia\u201d","breadcrumb":{"@id":"https:\/\/www.anovapeneira.gal\/index.php\/2022\/12\/06\/ponton-critica-que-o-goberno-do-pp-responda-ao-colapso-de-primaria-anunciando-que-estudia-pechar-centros-de-saude\/#breadcrumb"},"inLanguage":"gl-ES","potentialAction":[{"@type":"ReadAction","target":["https:\/\/www.anovapeneira.gal\/index.php\/2022\/12\/06\/ponton-critica-que-o-goberno-do-pp-responda-ao-colapso-de-primaria-anunciando-que-estudia-pechar-centros-de-saude\/"]}]},{"@type":"ImageObject","inLanguage":"gl-ES","@id":"https:\/\/www.anovapeneira.gal\/index.php\/2022\/12\/06\/ponton-critica-que-o-goberno-do-pp-responda-ao-colapso-de-primaria-anunciando-que-estudia-pechar-centros-de-saude\/#primaryimage","url":"https:\/\/www.anovapeneira.gal\/wp-content\/uploads\/2022\/12\/ana_ponton_novembro_2022.jpg","contentUrl":"https:\/\/www.anovapeneira.gal\/wp-content\/uploads\/2022\/12\/ana_ponton_novembro_2022.jpg","width":720,"height":432,"caption":"Ana Pont\u00f3n"},{"@type":"BreadcrumbList","@id":"https:\/\/www.anovapeneira.gal\/index.php\/2022\/12\/06\/ponton-critica-que-o-goberno-do-pp-responda-ao-colapso-de-primaria-anunciando-que-estudia-pechar-centros-de-saude\/#breadcrumb","itemListElement":[{"@type":"ListItem","position":1,"name":"Portada","item":"https:\/\/www.anovapeneira.gal\/"},{"@type":"ListItem","position":2,"name":"Pont\u00f3n critica que o Goberno do PP responda ao colapso de primaria anunciando que estudia pechar centros de sa\u00fade"}]},{"@type":"WebSite","@id":"https:\/\/www.anovapeneira.gal\/#website","url":"https:\/\/www.anovapeneira.gal\/","name":"","description":"Xornal galego de informaci\u00f3n xeral Publicaci\u00f3n mensual de novas de Galicia e en especial dos Concellos da sur da provincia de Pontevedra.","publisher":{"@id":"https:\/\/www.anovapeneira.gal\/#organization"},"potentialAction":[{"@type":"SearchAction","target":{"@type":"EntryPoint","urlTemplate":"https:\/\/www.anovapeneira.gal\/?s={search_term_string}"},"query-input":{"@type":"PropertyValueSpecification","valueRequired":true,"valueName":"search_term_string"}}],"inLanguage":"gl-ES"},{"@type":"Organization","@id":"https:\/\/www.anovapeneira.gal\/#organization","name":"A Nova Peneira","url":"https:\/\/www.anovapeneira.gal\/","logo":{"@type":"ImageObject","inLanguage":"gl-ES","@id":"https:\/\/www.anovapeneira.gal\/#\/schema\/logo\/image\/","url":"http:\/\/www.anovapeneira.gal\/wp-content\/uploads\/2019\/06\/logo_a_nova_peneira_portal_web.png","contentUrl":"http:\/\/www.anovapeneira.gal\/wp-content\/uploads\/2019\/06\/logo_a_nova_peneira_portal_web.png","width":300,"height":100,"caption":"A Nova Peneira"},"image":{"@id":"https:\/\/www.anovapeneira.gal\/#\/schema\/logo\/image\/"},"sameAs":["https:\/\/www.facebook.com\/anovapeneira","https:\/\/x.com\/APeneira"]},{"@type":"Person","@id":"https:\/\/www.anovapeneira.gal\/#\/schema\/person\/b93e3f8932e3f8da96334607eb6ac6aa","name":"Redacci\u00f3n A Nova Peneira","image":{"@type":"ImageObject","inLanguage":"gl-ES","@id":"https:\/\/secure.gravatar.com\/avatar\/c052a2551a06e23fac63626232eaa90abd78dbcf1700fc46a2b2c89fd27b735f?s=96&d=mm&r=g","url":"https:\/\/secure.gravatar.com\/avatar\/c052a2551a06e23fac63626232eaa90abd78dbcf1700fc46a2b2c89fd27b735f?s=96&d=mm&r=g","contentUrl":"https:\/\/secure.gravatar.com\/avatar\/c052a2551a06e23fac63626232eaa90abd78dbcf1700fc46a2b2c89fd27b735f?s=96&d=mm&r=g","caption":"Redacci\u00f3n A Nova Peneira"},"sameAs":["http:\/\/www.anovapeneira.gal\/"],"url":"https:\/\/www.anovapeneira.gal\/index.php\/author\/redactor\/"}]}},"jetpack_featured_media_url":"https:\/\/www.anovapeneira.gal\/wp-content\/uploads\/2022\/12\/ana_ponton_novembro_2022.jpg","_links":{"self":[{"href":"https:\/\/www.anovapeneira.gal\/index.php\/wp-json\/wp\/v2\/posts\/8700","targetHints":{"allow":["GET"]}}],"collection":[{"href":"https:\/\/www.anovapeneira.gal\/index.php\/wp-json\/wp\/v2\/posts"}],"about":[{"href":"https:\/\/www.anovapeneira.gal\/index.php\/wp-json\/wp\/v2\/types\/post"}],"author":[{"embeddable":true,"href":"https:\/\/www.anovapeneira.gal\/index.php\/wp-json\/wp\/v2\/users\/3"}],"replies":[{"embeddable":true,"href":"https:\/\/www.anovapeneira.gal\/index.php\/wp-json\/wp\/v2\/comments?post=8700"}],"version-history":[{"count":1,"href":"https:\/\/www.anovapeneira.gal\/index.php\/wp-json\/wp\/v2\/posts\/8700\/revisions"}],"predecessor-version":[{"id":8702,"href":"https:\/\/www.anovapeneira.gal\/index.php\/wp-json\/wp\/v2\/posts\/8700\/revisions\/8702"}],"wp:featuredmedia":[{"embeddable":true,"href":"https:\/\/www.anovapeneira.gal\/index.php\/wp-json\/wp\/v2\/media\/8701"}],"wp:attachment":[{"href":"https:\/\/www.anovapeneira.gal\/index.php\/wp-json\/wp\/v2\/media?parent=8700"}],"wp:term":[{"taxonomy":"category","embeddable":true,"href":"https:\/\/www.anovapeneira.gal\/index.php\/wp-json\/wp\/v2\/categories?post=8700"},{"taxonomy":"post_tag","embeddable":true,"href":"https:\/\/www.anovapeneira.gal\/index.php\/wp-json\/wp\/v2\/tags?post=8700"}],"curies":[{"name":"wp","href":"https:\/\/api.w.org\/{rel}","templated":true}]}}