{"id":8703,"date":"2022-12-06T12:00:55","date_gmt":"2022-12-06T11:00:55","guid":{"rendered":"https:\/\/www.anovapeneira.gal\/?p=8703"},"modified":"2022-12-01T10:41:26","modified_gmt":"2022-12-01T09:41:26","slug":"o-pleno-aborda-hoxe-a-facturacion-irregular-a-revision-impulsada-polo-goberno-municipal-detecta-graves-infraccions","status":"publish","type":"post","link":"https:\/\/www.anovapeneira.gal\/index.php\/2022\/12\/06\/o-pleno-aborda-hoxe-a-facturacion-irregular-a-revision-impulsada-polo-goberno-municipal-detecta-graves-infraccions\/","title":{"rendered":"O pleno aborda hoxe a facturaci\u00f3n irregular: a revisi\u00f3n impulsada polo goberno municipal detecta graves infracci\u00f3ns"},"content":{"rendered":"\n<ul class=\"wp-block-list\"><li>A revisi\u00f3n da facturaci\u00f3n irregular da conta 413, que ascende a preto de 5 M de euros, detectou graves infracci\u00f3ns que incl\u00faen duplicidades, pagos por traballos que non se poden acreditar e importes engrosados<\/li><li>Parte desta facturaci\u00f3n pendente de pago est\u00e1 sendo obxecto de investigaci\u00f3n penal e comezouse coa revisi\u00f3n do lote restante para que as empresas que si prestaron o traballo ao Concello poidan por fin cobrar<\/li><\/ul>\n\n\n\n<p><strong>O Porri\u00f1o, 30 de novembro de 2022.<\/strong><\/p>\n\n\n\n<p>O goberno municipal do Porri\u00f1o leva hoxe a pleno a devoluci\u00f3n e retirada da contabilidade de facturas irregulares por importe de 1,1 mill\u00f3ns de euros que foron emitidas entre os anos 2017 e 2018.<\/p>\n\n\n\n<p>A facturaci\u00f3n irregular e pendente de pago que se incl\u00fae na partida 413 supera os 5 M de euros. O goberno municipal iniciou a revisi\u00f3n e fiscalizaci\u00f3n de todas elas para determinar a veracidade da prestaci\u00f3n dos traballos e si se axustan a prezo de mercado e nese caso proceder ao seu reco\u00f1ecemento ou se, pola contra, se trata de traballos que non se prestaron ou pretenden cobrar por encima do prezo de mercado.<\/p>\n\n\n\n<p>Ata o de agora levouse a cabo o procedemento de revisi\u00f3n de 3,5 M de euros de facturaci\u00f3n irregular que o anterior goberno municipal deixou na conta 413, inclu\u00eddos os m\u00e1is de 2 M de euros en facturas pendentes de sentencia ao estar a ser obxecto de investigaci\u00f3n penal. Neste momento est\u00e1 a acometerse a revisi\u00f3n da restante facturaci\u00f3n retirada da contabilidade municipal para que as pequenas empresas e aut\u00f3nomos que se acredite que prestaron servizo ao Concello do Porri\u00f1o poidan por fin cobrar.<\/p>\n\n\n\n<p>A revisi\u00f3n de oficio promovida polo executivo <strong>detectou graves irregularidades<\/strong> na facturaci\u00f3n presentada por 10 empresas que foron contratadas a dedo polo anterior goberno municipal, <strong>sen seguir ning\u00fan procedemento de contrataci\u00f3n na adxudicaci\u00f3n do contrato val\u00e9ndose acordos verbais sen ning\u00fan tipo de garant\u00eda legal<\/strong>, causando ademais un importante dano \u00e1s arcas municipais.<\/p>\n\n\n\n<p>Tal e como se acredita na fiscalizaci\u00f3n que est\u00e1 a levar a cabo o servizo de intervenci\u00f3n do Concello do Porri\u00f1o, <strong>existen facturas que foron pagadas nos anos 2017 e 2018 e, con posterioridade, foron rexistradas de novo para que se volveran a abonar <\/strong>contando coa conformidade dos concelleirosdelegados desas \u00e1reas sen que os t\u00e9cnicos municipais puidesen acreditar nin que se realizaran os traballos nin que o importe se axuste aos prezos de mercado.<\/p>\n\n\n\n<p>\u201cA revisi\u00f3n que estamos a efectuar de toda a facturaci\u00f3n que se deixou no `caix\u00f3n\u00b4 est\u00e1 a detectar infracci\u00f3ns moi graves e de non tela feito a d\u00eda de hoxe estar\u00edamos pagando d\u00faas veces por traballos que non sabemos nin si se fixeron, xa que ademais hai conformadas para o seu pago m\u00faltiples facturas por traballos que non se acreditan\u201d, apuntou o alcalde Alejandro Lorenzo, \u201cHoxe traemos a pleno o desglose de parte desta facturaci\u00f3n, informada debidamente polo Secretario Municipal e o Interventor Municipal, para rexeitala definitivamente e que se investigue polo mi\u00fado o que estaba a pasar neste Concello. E por suposto, personar\u00e9monos como administraci\u00f3n afectada no penal. Falamos de feitos moi graves\u201d.<\/p>\n\n\n\n<p>Neste sentido cabe destacar que os informes de Secretar\u00eda e Intervenci\u00f3n apuntan a que non se acredita que se respectara o principio de boa fe na contrataci\u00f3n e que puideronse engrosar e duplicar facturas, necesariamente co consentimento dos corporativos.<\/p>\n","protected":false},"excerpt":{"rendered":"<div class=\"mh-excerpt\"><p>A revisi\u00f3n da facturaci\u00f3n irregular da conta 413, que ascende a preto de 5 M de euros, detectou graves infracci\u00f3ns que incl\u00faen duplicidades, pagos por traballos que non se poden acreditar e importes engrosados <a class=\"mh-excerpt-more\" href=\"https:\/\/www.anovapeneira.gal\/index.php\/2022\/12\/06\/o-pleno-aborda-hoxe-a-facturacion-irregular-a-revision-impulsada-polo-goberno-municipal-detecta-graves-infraccions\/\" title=\"O pleno aborda hoxe a facturaci\u00f3n irregular: a revisi\u00f3n impulsada polo goberno municipal detecta graves infracci\u00f3ns\">[&#8230;]<\/a><\/p>\n<\/div>","protected":false},"author":3,"featured_media":6202,"comment_status":"open","ping_status":"open","sticky":false,"template":"","format":"standard","meta":{"_exactmetrics_skip_tracking":false,"_exactmetrics_sitenote_active":false,"_exactmetrics_sitenote_note":"","_exactmetrics_sitenote_category":0,"footnotes":""},"categories":[23],"tags":[411],"class_list":{"0":"post-8703","1":"post","2":"type-post","3":"status-publish","4":"format-standard","5":"has-post-thumbnail","7":"category-a-lourina","8":"tag-concello-do-porrino"},"yoast_head":"<!-- This site is optimized with the Yoast SEO plugin v27.4 - https:\/\/yoast.com\/product\/yoast-seo-wordpress\/ -->\n<title>O pleno aborda hoxe a facturaci\u00f3n irregular: a revisi\u00f3n impulsada polo goberno municipal detecta graves infracci\u00f3ns -<\/title>\n<meta name=\"description\" content=\"A revisi\u00f3n da facturaci\u00f3n irregular da conta 413, que ascende a preto de 5 M de euros, detectou graves infracci\u00f3ns que incl\u00faen duplicidades, pagos por traballos que non se poden acreditar e importes engrosados\" \/>\n<meta name=\"robots\" content=\"index, follow, max-snippet:-1, max-image-preview:large, max-video-preview:-1\" \/>\n<link rel=\"canonical\" href=\"https:\/\/www.anovapeneira.gal\/index.php\/2022\/12\/06\/o-pleno-aborda-hoxe-a-facturacion-irregular-a-revision-impulsada-polo-goberno-municipal-detecta-graves-infraccions\/\" \/>\n<meta property=\"og:locale\" content=\"gl_ES\" \/>\n<meta property=\"og:type\" content=\"article\" \/>\n<meta property=\"og:title\" content=\"O pleno aborda hoxe a facturaci\u00f3n irregular: a revisi\u00f3n impulsada polo goberno municipal detecta graves infracci\u00f3ns -\" \/>\n<meta property=\"og:description\" content=\"A revisi\u00f3n da facturaci\u00f3n irregular da conta 413, que ascende a preto de 5 M de euros, detectou graves infracci\u00f3ns que incl\u00faen duplicidades, pagos por traballos que non se poden acreditar e importes engrosados\" \/>\n<meta property=\"og:url\" content=\"https:\/\/www.anovapeneira.gal\/index.php\/2022\/12\/06\/o-pleno-aborda-hoxe-a-facturacion-irregular-a-revision-impulsada-polo-goberno-municipal-detecta-graves-infraccions\/\" \/>\n<meta property=\"article:publisher\" content=\"https:\/\/www.facebook.com\/anovapeneira\" \/>\n<meta property=\"article:published_time\" content=\"2022-12-06T11:00:55+00:00\" \/>\n<meta property=\"og:image\" content=\"https:\/\/www.anovapeneira.gal\/wp-content\/uploads\/2021\/10\/concello_porrino3c3.png\" \/>\n\t<meta property=\"og:image:width\" content=\"720\" \/>\n\t<meta property=\"og:image:height\" content=\"432\" \/>\n\t<meta property=\"og:image:type\" content=\"image\/png\" \/>\n<meta name=\"author\" content=\"Redacci\u00f3n A Nova Peneira\" \/>\n<meta name=\"twitter:card\" content=\"summary_large_image\" \/>\n<meta name=\"twitter:creator\" content=\"@APeneira\" \/>\n<meta name=\"twitter:site\" content=\"@APeneira\" \/>\n<meta name=\"twitter:label1\" content=\"Escrito por\" \/>\n\t<meta name=\"twitter:data1\" content=\"Redacci\u00f3n A Nova Peneira\" \/>\n\t<meta name=\"twitter:label2\" content=\"Tempo de lectura\" \/>\n\t<meta name=\"twitter:data2\" content=\"3 minutos\" \/>\n<script type=\"application\/ld+json\" class=\"yoast-schema-graph\">{\"@context\":\"https:\\\/\\\/schema.org\",\"@graph\":[{\"@type\":\"Article\",\"@id\":\"https:\\\/\\\/www.anovapeneira.gal\\\/index.php\\\/2022\\\/12\\\/06\\\/o-pleno-aborda-hoxe-a-facturacion-irregular-a-revision-impulsada-polo-goberno-municipal-detecta-graves-infraccions\\\/#article\",\"isPartOf\":{\"@id\":\"https:\\\/\\\/www.anovapeneira.gal\\\/index.php\\\/2022\\\/12\\\/06\\\/o-pleno-aborda-hoxe-a-facturacion-irregular-a-revision-impulsada-polo-goberno-municipal-detecta-graves-infraccions\\\/\"},\"author\":{\"name\":\"Redacci\u00f3n A Nova Peneira\",\"@id\":\"https:\\\/\\\/www.anovapeneira.gal\\\/#\\\/schema\\\/person\\\/b93e3f8932e3f8da96334607eb6ac6aa\"},\"headline\":\"O pleno aborda hoxe a facturaci\u00f3n irregular: a revisi\u00f3n impulsada polo goberno municipal detecta graves infracci\u00f3ns\",\"datePublished\":\"2022-12-06T11:00:55+00:00\",\"mainEntityOfPage\":{\"@id\":\"https:\\\/\\\/www.anovapeneira.gal\\\/index.php\\\/2022\\\/12\\\/06\\\/o-pleno-aborda-hoxe-a-facturacion-irregular-a-revision-impulsada-polo-goberno-municipal-detecta-graves-infraccions\\\/\"},\"wordCount\":603,\"commentCount\":0,\"publisher\":{\"@id\":\"https:\\\/\\\/www.anovapeneira.gal\\\/#organization\"},\"image\":{\"@id\":\"https:\\\/\\\/www.anovapeneira.gal\\\/index.php\\\/2022\\\/12\\\/06\\\/o-pleno-aborda-hoxe-a-facturacion-irregular-a-revision-impulsada-polo-goberno-municipal-detecta-graves-infraccions\\\/#primaryimage\"},\"thumbnailUrl\":\"https:\\\/\\\/www.anovapeneira.gal\\\/wp-content\\\/uploads\\\/2021\\\/10\\\/concello_porrino3c3.png\",\"keywords\":[\"Concello do Porri\u00f1o\"],\"articleSection\":[\"A Louri\u00f1a\"],\"inLanguage\":\"gl-ES\",\"potentialAction\":[{\"@type\":\"CommentAction\",\"name\":\"Comment\",\"target\":[\"https:\\\/\\\/www.anovapeneira.gal\\\/index.php\\\/2022\\\/12\\\/06\\\/o-pleno-aborda-hoxe-a-facturacion-irregular-a-revision-impulsada-polo-goberno-municipal-detecta-graves-infraccions\\\/#respond\"]}]},{\"@type\":\"WebPage\",\"@id\":\"https:\\\/\\\/www.anovapeneira.gal\\\/index.php\\\/2022\\\/12\\\/06\\\/o-pleno-aborda-hoxe-a-facturacion-irregular-a-revision-impulsada-polo-goberno-municipal-detecta-graves-infraccions\\\/\",\"url\":\"https:\\\/\\\/www.anovapeneira.gal\\\/index.php\\\/2022\\\/12\\\/06\\\/o-pleno-aborda-hoxe-a-facturacion-irregular-a-revision-impulsada-polo-goberno-municipal-detecta-graves-infraccions\\\/\",\"name\":\"O pleno aborda hoxe a facturaci\u00f3n irregular: a revisi\u00f3n impulsada polo goberno municipal detecta graves infracci\u00f3ns -\",\"isPartOf\":{\"@id\":\"https:\\\/\\\/www.anovapeneira.gal\\\/#website\"},\"primaryImageOfPage\":{\"@id\":\"https:\\\/\\\/www.anovapeneira.gal\\\/index.php\\\/2022\\\/12\\\/06\\\/o-pleno-aborda-hoxe-a-facturacion-irregular-a-revision-impulsada-polo-goberno-municipal-detecta-graves-infraccions\\\/#primaryimage\"},\"image\":{\"@id\":\"https:\\\/\\\/www.anovapeneira.gal\\\/index.php\\\/2022\\\/12\\\/06\\\/o-pleno-aborda-hoxe-a-facturacion-irregular-a-revision-impulsada-polo-goberno-municipal-detecta-graves-infraccions\\\/#primaryimage\"},\"thumbnailUrl\":\"https:\\\/\\\/www.anovapeneira.gal\\\/wp-content\\\/uploads\\\/2021\\\/10\\\/concello_porrino3c3.png\",\"datePublished\":\"2022-12-06T11:00:55+00:00\",\"description\":\"A revisi\u00f3n da facturaci\u00f3n irregular da conta 413, que ascende a preto de 5 M de euros, detectou graves infracci\u00f3ns que incl\u00faen duplicidades, pagos por traballos que non se poden acreditar e importes engrosados\",\"breadcrumb\":{\"@id\":\"https:\\\/\\\/www.anovapeneira.gal\\\/index.php\\\/2022\\\/12\\\/06\\\/o-pleno-aborda-hoxe-a-facturacion-irregular-a-revision-impulsada-polo-goberno-municipal-detecta-graves-infraccions\\\/#breadcrumb\"},\"inLanguage\":\"gl-ES\",\"potentialAction\":[{\"@type\":\"ReadAction\",\"target\":[\"https:\\\/\\\/www.anovapeneira.gal\\\/index.php\\\/2022\\\/12\\\/06\\\/o-pleno-aborda-hoxe-a-facturacion-irregular-a-revision-impulsada-polo-goberno-municipal-detecta-graves-infraccions\\\/\"]}]},{\"@type\":\"ImageObject\",\"inLanguage\":\"gl-ES\",\"@id\":\"https:\\\/\\\/www.anovapeneira.gal\\\/index.php\\\/2022\\\/12\\\/06\\\/o-pleno-aborda-hoxe-a-facturacion-irregular-a-revision-impulsada-polo-goberno-municipal-detecta-graves-infraccions\\\/#primaryimage\",\"url\":\"https:\\\/\\\/www.anovapeneira.gal\\\/wp-content\\\/uploads\\\/2021\\\/10\\\/concello_porrino3c3.png\",\"contentUrl\":\"https:\\\/\\\/www.anovapeneira.gal\\\/wp-content\\\/uploads\\\/2021\\\/10\\\/concello_porrino3c3.png\",\"width\":720,\"height\":432,\"caption\":\"Concello do Porri\u00f1o\"},{\"@type\":\"BreadcrumbList\",\"@id\":\"https:\\\/\\\/www.anovapeneira.gal\\\/index.php\\\/2022\\\/12\\\/06\\\/o-pleno-aborda-hoxe-a-facturacion-irregular-a-revision-impulsada-polo-goberno-municipal-detecta-graves-infraccions\\\/#breadcrumb\",\"itemListElement\":[{\"@type\":\"ListItem\",\"position\":1,\"name\":\"Portada\",\"item\":\"https:\\\/\\\/www.anovapeneira.gal\\\/\"},{\"@type\":\"ListItem\",\"position\":2,\"name\":\"O pleno aborda hoxe a facturaci\u00f3n irregular: a revisi\u00f3n impulsada polo goberno municipal detecta graves infracci\u00f3ns\"}]},{\"@type\":\"WebSite\",\"@id\":\"https:\\\/\\\/www.anovapeneira.gal\\\/#website\",\"url\":\"https:\\\/\\\/www.anovapeneira.gal\\\/\",\"name\":\"\",\"description\":\"Xornal galego de informaci\u00f3n xeral Publicaci\u00f3n mensual de novas de Galicia e en especial dos Concellos da sur da provincia de Pontevedra.\",\"publisher\":{\"@id\":\"https:\\\/\\\/www.anovapeneira.gal\\\/#organization\"},\"potentialAction\":[{\"@type\":\"SearchAction\",\"target\":{\"@type\":\"EntryPoint\",\"urlTemplate\":\"https:\\\/\\\/www.anovapeneira.gal\\\/?s={search_term_string}\"},\"query-input\":{\"@type\":\"PropertyValueSpecification\",\"valueRequired\":true,\"valueName\":\"search_term_string\"}}],\"inLanguage\":\"gl-ES\"},{\"@type\":\"Organization\",\"@id\":\"https:\\\/\\\/www.anovapeneira.gal\\\/#organization\",\"name\":\"A Nova Peneira\",\"url\":\"https:\\\/\\\/www.anovapeneira.gal\\\/\",\"logo\":{\"@type\":\"ImageObject\",\"inLanguage\":\"gl-ES\",\"@id\":\"https:\\\/\\\/www.anovapeneira.gal\\\/#\\\/schema\\\/logo\\\/image\\\/\",\"url\":\"http:\\\/\\\/www.anovapeneira.gal\\\/wp-content\\\/uploads\\\/2019\\\/06\\\/logo_a_nova_peneira_portal_web.png\",\"contentUrl\":\"http:\\\/\\\/www.anovapeneira.gal\\\/wp-content\\\/uploads\\\/2019\\\/06\\\/logo_a_nova_peneira_portal_web.png\",\"width\":300,\"height\":100,\"caption\":\"A Nova Peneira\"},\"image\":{\"@id\":\"https:\\\/\\\/www.anovapeneira.gal\\\/#\\\/schema\\\/logo\\\/image\\\/\"},\"sameAs\":[\"https:\\\/\\\/www.facebook.com\\\/anovapeneira\",\"https:\\\/\\\/x.com\\\/APeneira\"]},{\"@type\":\"Person\",\"@id\":\"https:\\\/\\\/www.anovapeneira.gal\\\/#\\\/schema\\\/person\\\/b93e3f8932e3f8da96334607eb6ac6aa\",\"name\":\"Redacci\u00f3n A Nova Peneira\",\"image\":{\"@type\":\"ImageObject\",\"inLanguage\":\"gl-ES\",\"@id\":\"https:\\\/\\\/secure.gravatar.com\\\/avatar\\\/c052a2551a06e23fac63626232eaa90abd78dbcf1700fc46a2b2c89fd27b735f?s=96&d=mm&r=g\",\"url\":\"https:\\\/\\\/secure.gravatar.com\\\/avatar\\\/c052a2551a06e23fac63626232eaa90abd78dbcf1700fc46a2b2c89fd27b735f?s=96&d=mm&r=g\",\"contentUrl\":\"https:\\\/\\\/secure.gravatar.com\\\/avatar\\\/c052a2551a06e23fac63626232eaa90abd78dbcf1700fc46a2b2c89fd27b735f?s=96&d=mm&r=g\",\"caption\":\"Redacci\u00f3n A Nova Peneira\"},\"sameAs\":[\"http:\\\/\\\/www.anovapeneira.gal\\\/\"],\"url\":\"https:\\\/\\\/www.anovapeneira.gal\\\/index.php\\\/author\\\/redactor\\\/\"}]}<\/script>\n<!-- \/ Yoast SEO plugin. -->","yoast_head_json":{"title":"O pleno aborda hoxe a facturaci\u00f3n irregular: a revisi\u00f3n impulsada polo goberno municipal detecta graves infracci\u00f3ns -","description":"A revisi\u00f3n da facturaci\u00f3n irregular da conta 413, que ascende a preto de 5 M de euros, detectou graves infracci\u00f3ns que incl\u00faen duplicidades, pagos por traballos que non se poden acreditar e importes engrosados","robots":{"index":"index","follow":"follow","max-snippet":"max-snippet:-1","max-image-preview":"max-image-preview:large","max-video-preview":"max-video-preview:-1"},"canonical":"https:\/\/www.anovapeneira.gal\/index.php\/2022\/12\/06\/o-pleno-aborda-hoxe-a-facturacion-irregular-a-revision-impulsada-polo-goberno-municipal-detecta-graves-infraccions\/","og_locale":"gl_ES","og_type":"article","og_title":"O pleno aborda hoxe a facturaci\u00f3n irregular: a revisi\u00f3n impulsada polo goberno municipal detecta graves infracci\u00f3ns -","og_description":"A revisi\u00f3n da facturaci\u00f3n irregular da conta 413, que ascende a preto de 5 M de euros, detectou graves infracci\u00f3ns que incl\u00faen duplicidades, pagos por traballos que non se poden acreditar e importes engrosados","og_url":"https:\/\/www.anovapeneira.gal\/index.php\/2022\/12\/06\/o-pleno-aborda-hoxe-a-facturacion-irregular-a-revision-impulsada-polo-goberno-municipal-detecta-graves-infraccions\/","article_publisher":"https:\/\/www.facebook.com\/anovapeneira","article_published_time":"2022-12-06T11:00:55+00:00","og_image":[{"width":720,"height":432,"url":"https:\/\/www.anovapeneira.gal\/wp-content\/uploads\/2021\/10\/concello_porrino3c3.png","type":"image\/png"}],"author":"Redacci\u00f3n A Nova Peneira","twitter_card":"summary_large_image","twitter_creator":"@APeneira","twitter_site":"@APeneira","twitter_misc":{"Escrito por":"Redacci\u00f3n A Nova Peneira","Tempo de lectura":"3 minutos"},"schema":{"@context":"https:\/\/schema.org","@graph":[{"@type":"Article","@id":"https:\/\/www.anovapeneira.gal\/index.php\/2022\/12\/06\/o-pleno-aborda-hoxe-a-facturacion-irregular-a-revision-impulsada-polo-goberno-municipal-detecta-graves-infraccions\/#article","isPartOf":{"@id":"https:\/\/www.anovapeneira.gal\/index.php\/2022\/12\/06\/o-pleno-aborda-hoxe-a-facturacion-irregular-a-revision-impulsada-polo-goberno-municipal-detecta-graves-infraccions\/"},"author":{"name":"Redacci\u00f3n A Nova Peneira","@id":"https:\/\/www.anovapeneira.gal\/#\/schema\/person\/b93e3f8932e3f8da96334607eb6ac6aa"},"headline":"O pleno aborda hoxe a facturaci\u00f3n irregular: a revisi\u00f3n impulsada polo goberno municipal detecta graves infracci\u00f3ns","datePublished":"2022-12-06T11:00:55+00:00","mainEntityOfPage":{"@id":"https:\/\/www.anovapeneira.gal\/index.php\/2022\/12\/06\/o-pleno-aborda-hoxe-a-facturacion-irregular-a-revision-impulsada-polo-goberno-municipal-detecta-graves-infraccions\/"},"wordCount":603,"commentCount":0,"publisher":{"@id":"https:\/\/www.anovapeneira.gal\/#organization"},"image":{"@id":"https:\/\/www.anovapeneira.gal\/index.php\/2022\/12\/06\/o-pleno-aborda-hoxe-a-facturacion-irregular-a-revision-impulsada-polo-goberno-municipal-detecta-graves-infraccions\/#primaryimage"},"thumbnailUrl":"https:\/\/www.anovapeneira.gal\/wp-content\/uploads\/2021\/10\/concello_porrino3c3.png","keywords":["Concello do Porri\u00f1o"],"articleSection":["A Louri\u00f1a"],"inLanguage":"gl-ES","potentialAction":[{"@type":"CommentAction","name":"Comment","target":["https:\/\/www.anovapeneira.gal\/index.php\/2022\/12\/06\/o-pleno-aborda-hoxe-a-facturacion-irregular-a-revision-impulsada-polo-goberno-municipal-detecta-graves-infraccions\/#respond"]}]},{"@type":"WebPage","@id":"https:\/\/www.anovapeneira.gal\/index.php\/2022\/12\/06\/o-pleno-aborda-hoxe-a-facturacion-irregular-a-revision-impulsada-polo-goberno-municipal-detecta-graves-infraccions\/","url":"https:\/\/www.anovapeneira.gal\/index.php\/2022\/12\/06\/o-pleno-aborda-hoxe-a-facturacion-irregular-a-revision-impulsada-polo-goberno-municipal-detecta-graves-infraccions\/","name":"O pleno aborda hoxe a facturaci\u00f3n irregular: a revisi\u00f3n impulsada polo goberno municipal detecta graves infracci\u00f3ns -","isPartOf":{"@id":"https:\/\/www.anovapeneira.gal\/#website"},"primaryImageOfPage":{"@id":"https:\/\/www.anovapeneira.gal\/index.php\/2022\/12\/06\/o-pleno-aborda-hoxe-a-facturacion-irregular-a-revision-impulsada-polo-goberno-municipal-detecta-graves-infraccions\/#primaryimage"},"image":{"@id":"https:\/\/www.anovapeneira.gal\/index.php\/2022\/12\/06\/o-pleno-aborda-hoxe-a-facturacion-irregular-a-revision-impulsada-polo-goberno-municipal-detecta-graves-infraccions\/#primaryimage"},"thumbnailUrl":"https:\/\/www.anovapeneira.gal\/wp-content\/uploads\/2021\/10\/concello_porrino3c3.png","datePublished":"2022-12-06T11:00:55+00:00","description":"A revisi\u00f3n da facturaci\u00f3n irregular da conta 413, que ascende a preto de 5 M de euros, detectou graves infracci\u00f3ns que incl\u00faen duplicidades, pagos por traballos que non se poden acreditar e importes engrosados","breadcrumb":{"@id":"https:\/\/www.anovapeneira.gal\/index.php\/2022\/12\/06\/o-pleno-aborda-hoxe-a-facturacion-irregular-a-revision-impulsada-polo-goberno-municipal-detecta-graves-infraccions\/#breadcrumb"},"inLanguage":"gl-ES","potentialAction":[{"@type":"ReadAction","target":["https:\/\/www.anovapeneira.gal\/index.php\/2022\/12\/06\/o-pleno-aborda-hoxe-a-facturacion-irregular-a-revision-impulsada-polo-goberno-municipal-detecta-graves-infraccions\/"]}]},{"@type":"ImageObject","inLanguage":"gl-ES","@id":"https:\/\/www.anovapeneira.gal\/index.php\/2022\/12\/06\/o-pleno-aborda-hoxe-a-facturacion-irregular-a-revision-impulsada-polo-goberno-municipal-detecta-graves-infraccions\/#primaryimage","url":"https:\/\/www.anovapeneira.gal\/wp-content\/uploads\/2021\/10\/concello_porrino3c3.png","contentUrl":"https:\/\/www.anovapeneira.gal\/wp-content\/uploads\/2021\/10\/concello_porrino3c3.png","width":720,"height":432,"caption":"Concello do Porri\u00f1o"},{"@type":"BreadcrumbList","@id":"https:\/\/www.anovapeneira.gal\/index.php\/2022\/12\/06\/o-pleno-aborda-hoxe-a-facturacion-irregular-a-revision-impulsada-polo-goberno-municipal-detecta-graves-infraccions\/#breadcrumb","itemListElement":[{"@type":"ListItem","position":1,"name":"Portada","item":"https:\/\/www.anovapeneira.gal\/"},{"@type":"ListItem","position":2,"name":"O pleno aborda hoxe a facturaci\u00f3n irregular: a revisi\u00f3n impulsada polo goberno municipal detecta graves infracci\u00f3ns"}]},{"@type":"WebSite","@id":"https:\/\/www.anovapeneira.gal\/#website","url":"https:\/\/www.anovapeneira.gal\/","name":"","description":"Xornal galego de informaci\u00f3n xeral Publicaci\u00f3n mensual de novas de Galicia e en especial dos Concellos da sur da provincia de Pontevedra.","publisher":{"@id":"https:\/\/www.anovapeneira.gal\/#organization"},"potentialAction":[{"@type":"SearchAction","target":{"@type":"EntryPoint","urlTemplate":"https:\/\/www.anovapeneira.gal\/?s={search_term_string}"},"query-input":{"@type":"PropertyValueSpecification","valueRequired":true,"valueName":"search_term_string"}}],"inLanguage":"gl-ES"},{"@type":"Organization","@id":"https:\/\/www.anovapeneira.gal\/#organization","name":"A Nova Peneira","url":"https:\/\/www.anovapeneira.gal\/","logo":{"@type":"ImageObject","inLanguage":"gl-ES","@id":"https:\/\/www.anovapeneira.gal\/#\/schema\/logo\/image\/","url":"http:\/\/www.anovapeneira.gal\/wp-content\/uploads\/2019\/06\/logo_a_nova_peneira_portal_web.png","contentUrl":"http:\/\/www.anovapeneira.gal\/wp-content\/uploads\/2019\/06\/logo_a_nova_peneira_portal_web.png","width":300,"height":100,"caption":"A Nova Peneira"},"image":{"@id":"https:\/\/www.anovapeneira.gal\/#\/schema\/logo\/image\/"},"sameAs":["https:\/\/www.facebook.com\/anovapeneira","https:\/\/x.com\/APeneira"]},{"@type":"Person","@id":"https:\/\/www.anovapeneira.gal\/#\/schema\/person\/b93e3f8932e3f8da96334607eb6ac6aa","name":"Redacci\u00f3n A Nova Peneira","image":{"@type":"ImageObject","inLanguage":"gl-ES","@id":"https:\/\/secure.gravatar.com\/avatar\/c052a2551a06e23fac63626232eaa90abd78dbcf1700fc46a2b2c89fd27b735f?s=96&d=mm&r=g","url":"https:\/\/secure.gravatar.com\/avatar\/c052a2551a06e23fac63626232eaa90abd78dbcf1700fc46a2b2c89fd27b735f?s=96&d=mm&r=g","contentUrl":"https:\/\/secure.gravatar.com\/avatar\/c052a2551a06e23fac63626232eaa90abd78dbcf1700fc46a2b2c89fd27b735f?s=96&d=mm&r=g","caption":"Redacci\u00f3n A Nova Peneira"},"sameAs":["http:\/\/www.anovapeneira.gal\/"],"url":"https:\/\/www.anovapeneira.gal\/index.php\/author\/redactor\/"}]}},"jetpack_featured_media_url":"https:\/\/www.anovapeneira.gal\/wp-content\/uploads\/2021\/10\/concello_porrino3c3.png","_links":{"self":[{"href":"https:\/\/www.anovapeneira.gal\/index.php\/wp-json\/wp\/v2\/posts\/8703","targetHints":{"allow":["GET"]}}],"collection":[{"href":"https:\/\/www.anovapeneira.gal\/index.php\/wp-json\/wp\/v2\/posts"}],"about":[{"href":"https:\/\/www.anovapeneira.gal\/index.php\/wp-json\/wp\/v2\/types\/post"}],"author":[{"embeddable":true,"href":"https:\/\/www.anovapeneira.gal\/index.php\/wp-json\/wp\/v2\/users\/3"}],"replies":[{"embeddable":true,"href":"https:\/\/www.anovapeneira.gal\/index.php\/wp-json\/wp\/v2\/comments?post=8703"}],"version-history":[{"count":1,"href":"https:\/\/www.anovapeneira.gal\/index.php\/wp-json\/wp\/v2\/posts\/8703\/revisions"}],"predecessor-version":[{"id":8704,"href":"https:\/\/www.anovapeneira.gal\/index.php\/wp-json\/wp\/v2\/posts\/8703\/revisions\/8704"}],"wp:featuredmedia":[{"embeddable":true,"href":"https:\/\/www.anovapeneira.gal\/index.php\/wp-json\/wp\/v2\/media\/6202"}],"wp:attachment":[{"href":"https:\/\/www.anovapeneira.gal\/index.php\/wp-json\/wp\/v2\/media?parent=8703"}],"wp:term":[{"taxonomy":"category","embeddable":true,"href":"https:\/\/www.anovapeneira.gal\/index.php\/wp-json\/wp\/v2\/categories?post=8703"},{"taxonomy":"post_tag","embeddable":true,"href":"https:\/\/www.anovapeneira.gal\/index.php\/wp-json\/wp\/v2\/tags?post=8703"}],"curies":[{"name":"wp","href":"https:\/\/api.w.org\/{rel}","templated":true}]}}