{"id":8711,"date":"2022-12-08T10:00:39","date_gmt":"2022-12-08T09:00:39","guid":{"rendered":"https:\/\/www.anovapeneira.gal\/?p=8711"},"modified":"2022-12-05T11:55:08","modified_gmt":"2022-12-05T10:55:08","slug":"o-bng-propon-declarar-o-1-de-decembro-dia-da-dignidade-de-galiza-en-lembranza-da-manifestacion-en-santiago-de-compostela-contra-a-catastrofe-do-prestige","status":"publish","type":"post","link":"https:\/\/www.anovapeneira.gal\/index.php\/2022\/12\/08\/o-bng-propon-declarar-o-1-de-decembro-dia-da-dignidade-de-galiza-en-lembranza-da-manifestacion-en-santiago-de-compostela-contra-a-catastrofe-do-prestige\/","title":{"rendered":"O BNG prop\u00f3n declarar o 1 de decembro \u201cD\u00eda da Dignidade de Galiza\u201d en lembranza da manifestaci\u00f3n en Santiago de Compostela contra a cat\u00e1strofe do Prestige"},"content":{"rendered":"\n<h2 class=\"wp-block-heading\"><strong>Rosana P\u00e9rez lamentou o veto do Partido popular e criticou que a forza conservadora siga sen reco\u00f1ecer, con vinte anos de retraso, a dignidade do pobo galego<\/strong><\/h2>\n\n\n\n<p><strong>Santiago de Compostela, 2 de decembro, 2022.<\/strong><\/p>\n\n\n\n<p>A deputada do BNG, Rosana P\u00e9rez defendeu, a trav\u00e9s dunha proposici\u00f3n non de lei, \u201cdeclarar o 1 de decembro, D\u00eda da Dignidade de Galiza\u201d para lembrar a manifestaci\u00f3n en Santiago de Compostela contra a cat\u00e1strofe do <em>Prestige.<\/em><\/p>\n\n\n\n<p>Ao igual que a portavoz nacional do BNG, Ana Pont\u00f3n fixera onte na Praza do Obradoiro reclamou \u201cunha rectificaci\u00f3n\u201d do Partido popular e o reco\u00f1ecemento da dignidade do pobo galego a\u00ednda que sexa con vinte anos de retraso. A parlamentaria nacionalista lembrou que aquel d\u00eda o pobo galego encheu de paraugas negros a capital galega para denunciar \u201ca discriminaci\u00f3n, manipulaci\u00f3n e desleixo do Goberno do Estado e a Xunta\u201d ante a maior cat\u00e1strofe medioambiental nas costas galegas.<\/p>\n\n\n\n<p>Dende o BNG, dixo Rosana P\u00e9rez, queremos que esta data sexa \u201coficialmente reco\u00f1ecida como o d\u00eda da dignidade do pobo galego\u201d e queremos que o 1 de decembro forme parte da nosa historia e do reco\u00f1ecemento dun pobo digno que non se rende ante as dificultades.<\/p>\n\n\n\n<p>Tras destacar os logros desa mobilizaci\u00f3n social, como aumentar a seguridade no litoral, a deputada do BNG asegurou que \u00e9 preciso seguir avanzando no salvamento mar\u00edtimo e sobre todo que sexa de car\u00e1cter p\u00fablico. Por outra banda, volveu a reclamar o tratamento das 10.000 toneladas de residuos da cat\u00e1strofe do <em>Prestige.<\/em><\/p>\n\n\n\n<p><strong>Un accidente convertido nunha grande cat\u00e1strofe ambiental<\/strong><\/p>\n\n\n\n<p>Pola s\u00faa parte, o portavoz popular, Alberto Pazos Cou\u00f1ago amosou o seu desacordo coa proposta do BNG ao que a deputada replicou que hoxe o Partido popular vetando a proposta perdeu unha grande oportunidade de reco\u00f1ecer os seus erros e asumir que a s\u00faa incompetencia converteu un \u201caccidente nunha grande cat\u00e1strofe ambiental\u201d.<\/p>\n\n\n\n<p>A parlamentaria insistiu en que o accidente do <em>Prestige<\/em> \u201cnon era o primeiro fronte as nosas costas pero o peor xestionado polos responsables pol\u00edticos naquela altura\u201d por cento, lembrou, todos do Partido popular. Ningu\u00e9n ten hoxe ningunha d\u00fabida diso e vostedes ve\u00f1en de ratificar, co seu absoluto silencio, o inc\u00f3modo que lles resulta a\u00ednda falar do <em>Prestige<\/em> e das s\u00faas consecuencias cando, no seu 20 aniversario, non foron quen nin de mentalo, salientou.<\/p>\n\n\n\n<p>Rosana P\u00e9rez reiterou que o Partido popular, equiv\u00f3case como fixeron daquela, se pensa que con gardar silencio van borrar da memoria colectiva aquel accidente, a \u201cignominiosa actuaci\u00f3n dos dirixentes pol\u00edticos e a heroica resposta do pobo galego\u201d porque a memoria non se borra co silencio, nin coa mentira, nin coa manipulaci\u00f3n, vostedes deber\u00edan sabelo mellor que ningu\u00e9n, e \u201cNunca M\u00e1is converteuse nun dos movementos sociais, culturais e de loita e reivindicaci\u00f3n m\u00e1is importantes da nosa historia porque foi o berro de dignidade de todo un pa\u00eds que non quixo, nin quere, esquecer\u201d.<\/p>\n\n\n\n<p>A parlamentaria do BNG lembrou que resulta imposible borrar os seis d\u00edas intermin\u00e1beis dende o 13 ao 19 de novembro, no que quixeron mandar o barco ao \u201cquinto pino\u201d e acabaron enchendo m\u00e1is de 1.000 praias con 63.000 toneladas de \u201cpeque\u00f1os hilillos de plastilina\u201d.<\/p>\n\n\n\n<p>Tampouco se borra facilmente que despois de 20 anos sigamos sen ter o control dos 1.500 Km. de costa do noso pa\u00eds porque o propio Goberno galego desbotou, e sigue a desbotando solicitar as transferencias en salvamento mar\u00edtimo e loita contra a contaminaci\u00f3n mari\u00f1a e que os helic\u00f3pteros de Ruibo sigan sen ter operatividade, o porto de Brens siga sen a construci\u00f3n e dotaci\u00f3n para unha base de contaminaci\u00f3n mari\u00f1a porque o Partido Popular vota sistematicamente en contra.<\/p>\n\n\n\n<p>A manifestaci\u00f3n de Compostela, aquel 1 de decembro foi a demanda colectiva de medios, de soluci\u00f3ns, de responsabilidades e de verdade. Foi o reflexo m\u00e1is nidio de moitos sentimentos mesturados nos que miles de galegos e galegas deron unha aut\u00e9ntica lecci\u00f3n de dignidade e convert\u00e9ndose en exemplo para todo o mundo.<\/p>\n\n\n\n<p>Por iso entendemos que aquela resposta do pobo galego merece un reco\u00f1ecemento p\u00fablico, un reco\u00f1ecemento neste Parlamento e por iso propo\u00f1emos que \u201co 1 de decembro sexa declarado D\u00eda da Dignidade de Galiza\u201d pero unha vez m\u00e1is, o Partido popular prefire gardar silencio\u201d, conclu\u00edu.<\/p>\n","protected":false},"excerpt":{"rendered":"<div class=\"mh-excerpt\"><p>Rosana P\u00e9rez lamentou o veto do Partido popular e criticou que a forza conservadora siga sen reco\u00f1ecer, con vinte anos de retraso, a dignidade do pobo galego <a class=\"mh-excerpt-more\" href=\"https:\/\/www.anovapeneira.gal\/index.php\/2022\/12\/08\/o-bng-propon-declarar-o-1-de-decembro-dia-da-dignidade-de-galiza-en-lembranza-da-manifestacion-en-santiago-de-compostela-contra-a-catastrofe-do-prestige\/\" title=\"O BNG prop\u00f3n declarar o 1 de decembro \u201cD\u00eda da Dignidade de Galiza\u201d en lembranza da manifestaci\u00f3n en Santiago de Compostela contra a cat\u00e1strofe do Prestige\">[&#8230;]<\/a><\/p>\n<\/div>","protected":false},"author":3,"featured_media":8713,"comment_status":"open","ping_status":"open","sticky":false,"template":"","format":"standard","meta":{"_exactmetrics_skip_tracking":false,"_exactmetrics_sitenote_active":false,"_exactmetrics_sitenote_note":"","_exactmetrics_sitenote_category":0,"footnotes":""},"categories":[263],"tags":[1342],"class_list":{"0":"post-8711","1":"post","2":"type-post","3":"status-publish","4":"format-standard","5":"has-post-thumbnail","7":"category-novas","8":"tag-prestige"},"yoast_head":"<!-- This site is optimized with the Yoast SEO plugin v27.4 - https:\/\/yoast.com\/product\/yoast-seo-wordpress\/ -->\n<title>O BNG prop\u00f3n declarar o 1 de decembro \u201cD\u00eda da Dignidade de Galiza\u201d en lembranza da manifestaci\u00f3n en Santiago de Compostela contra a cat\u00e1strofe do Prestige -<\/title>\n<meta name=\"description\" content=\"Rosana P\u00e9rez lamentou o veto do Partido popular e criticou que a forza conservadora siga sen reco\u00f1ecer, con vinte anos de retraso, a dignidade do pobo galego\" \/>\n<meta name=\"robots\" content=\"index, follow, max-snippet:-1, max-image-preview:large, max-video-preview:-1\" \/>\n<link rel=\"canonical\" href=\"https:\/\/www.anovapeneira.gal\/index.php\/2022\/12\/08\/o-bng-propon-declarar-o-1-de-decembro-dia-da-dignidade-de-galiza-en-lembranza-da-manifestacion-en-santiago-de-compostela-contra-a-catastrofe-do-prestige\/\" \/>\n<meta property=\"og:locale\" content=\"gl_ES\" \/>\n<meta property=\"og:type\" content=\"article\" \/>\n<meta property=\"og:title\" content=\"O BNG prop\u00f3n declarar o 1 de decembro \u201cD\u00eda da Dignidade de Galiza\u201d en lembranza da manifestaci\u00f3n en Santiago de Compostela contra a cat\u00e1strofe do Prestige -\" \/>\n<meta property=\"og:description\" content=\"Rosana P\u00e9rez lamentou o veto do Partido popular e criticou que a forza conservadora siga sen reco\u00f1ecer, con vinte anos de retraso, a dignidade do pobo galego\" \/>\n<meta property=\"og:url\" content=\"https:\/\/www.anovapeneira.gal\/index.php\/2022\/12\/08\/o-bng-propon-declarar-o-1-de-decembro-dia-da-dignidade-de-galiza-en-lembranza-da-manifestacion-en-santiago-de-compostela-contra-a-catastrofe-do-prestige\/\" \/>\n<meta property=\"article:publisher\" content=\"https:\/\/www.facebook.com\/anovapeneira\" \/>\n<meta property=\"article:published_time\" content=\"2022-12-08T09:00:39+00:00\" \/>\n<meta property=\"og:image\" content=\"https:\/\/www.anovapeneira.gal\/wp-content\/uploads\/2022\/12\/rosa_perez.jpg\" \/>\n\t<meta property=\"og:image:width\" content=\"720\" \/>\n\t<meta property=\"og:image:height\" content=\"432\" \/>\n\t<meta property=\"og:image:type\" content=\"image\/jpeg\" \/>\n<meta name=\"author\" content=\"Redacci\u00f3n A Nova Peneira\" \/>\n<meta name=\"twitter:card\" content=\"summary_large_image\" \/>\n<meta name=\"twitter:creator\" content=\"@APeneira\" \/>\n<meta name=\"twitter:site\" content=\"@APeneira\" \/>\n<meta name=\"twitter:label1\" content=\"Escrito por\" \/>\n\t<meta name=\"twitter:data1\" content=\"Redacci\u00f3n A Nova Peneira\" \/>\n\t<meta name=\"twitter:label2\" content=\"Tempo de lectura\" \/>\n\t<meta name=\"twitter:data2\" content=\"4 minutos\" \/>\n<script type=\"application\/ld+json\" class=\"yoast-schema-graph\">{\"@context\":\"https:\\\/\\\/schema.org\",\"@graph\":[{\"@type\":\"Article\",\"@id\":\"https:\\\/\\\/www.anovapeneira.gal\\\/index.php\\\/2022\\\/12\\\/08\\\/o-bng-propon-declarar-o-1-de-decembro-dia-da-dignidade-de-galiza-en-lembranza-da-manifestacion-en-santiago-de-compostela-contra-a-catastrofe-do-prestige\\\/#article\",\"isPartOf\":{\"@id\":\"https:\\\/\\\/www.anovapeneira.gal\\\/index.php\\\/2022\\\/12\\\/08\\\/o-bng-propon-declarar-o-1-de-decembro-dia-da-dignidade-de-galiza-en-lembranza-da-manifestacion-en-santiago-de-compostela-contra-a-catastrofe-do-prestige\\\/\"},\"author\":{\"name\":\"Redacci\u00f3n A Nova Peneira\",\"@id\":\"https:\\\/\\\/www.anovapeneira.gal\\\/#\\\/schema\\\/person\\\/b93e3f8932e3f8da96334607eb6ac6aa\"},\"headline\":\"O BNG prop\u00f3n declarar o 1 de decembro \u201cD\u00eda da Dignidade de Galiza\u201d en lembranza da manifestaci\u00f3n en Santiago de Compostela contra a cat\u00e1strofe do Prestige\",\"datePublished\":\"2022-12-08T09:00:39+00:00\",\"mainEntityOfPage\":{\"@id\":\"https:\\\/\\\/www.anovapeneira.gal\\\/index.php\\\/2022\\\/12\\\/08\\\/o-bng-propon-declarar-o-1-de-decembro-dia-da-dignidade-de-galiza-en-lembranza-da-manifestacion-en-santiago-de-compostela-contra-a-catastrofe-do-prestige\\\/\"},\"wordCount\":775,\"commentCount\":0,\"publisher\":{\"@id\":\"https:\\\/\\\/www.anovapeneira.gal\\\/#organization\"},\"image\":{\"@id\":\"https:\\\/\\\/www.anovapeneira.gal\\\/index.php\\\/2022\\\/12\\\/08\\\/o-bng-propon-declarar-o-1-de-decembro-dia-da-dignidade-de-galiza-en-lembranza-da-manifestacion-en-santiago-de-compostela-contra-a-catastrofe-do-prestige\\\/#primaryimage\"},\"thumbnailUrl\":\"https:\\\/\\\/www.anovapeneira.gal\\\/wp-content\\\/uploads\\\/2022\\\/12\\\/rosa_perez.jpg\",\"keywords\":[\"Prestige\"],\"articleSection\":[\"Novas\"],\"inLanguage\":\"gl-ES\",\"potentialAction\":[{\"@type\":\"CommentAction\",\"name\":\"Comment\",\"target\":[\"https:\\\/\\\/www.anovapeneira.gal\\\/index.php\\\/2022\\\/12\\\/08\\\/o-bng-propon-declarar-o-1-de-decembro-dia-da-dignidade-de-galiza-en-lembranza-da-manifestacion-en-santiago-de-compostela-contra-a-catastrofe-do-prestige\\\/#respond\"]}]},{\"@type\":\"WebPage\",\"@id\":\"https:\\\/\\\/www.anovapeneira.gal\\\/index.php\\\/2022\\\/12\\\/08\\\/o-bng-propon-declarar-o-1-de-decembro-dia-da-dignidade-de-galiza-en-lembranza-da-manifestacion-en-santiago-de-compostela-contra-a-catastrofe-do-prestige\\\/\",\"url\":\"https:\\\/\\\/www.anovapeneira.gal\\\/index.php\\\/2022\\\/12\\\/08\\\/o-bng-propon-declarar-o-1-de-decembro-dia-da-dignidade-de-galiza-en-lembranza-da-manifestacion-en-santiago-de-compostela-contra-a-catastrofe-do-prestige\\\/\",\"name\":\"O BNG prop\u00f3n declarar o 1 de decembro \u201cD\u00eda da Dignidade de Galiza\u201d en lembranza da manifestaci\u00f3n en Santiago de Compostela contra a cat\u00e1strofe do Prestige -\",\"isPartOf\":{\"@id\":\"https:\\\/\\\/www.anovapeneira.gal\\\/#website\"},\"primaryImageOfPage\":{\"@id\":\"https:\\\/\\\/www.anovapeneira.gal\\\/index.php\\\/2022\\\/12\\\/08\\\/o-bng-propon-declarar-o-1-de-decembro-dia-da-dignidade-de-galiza-en-lembranza-da-manifestacion-en-santiago-de-compostela-contra-a-catastrofe-do-prestige\\\/#primaryimage\"},\"image\":{\"@id\":\"https:\\\/\\\/www.anovapeneira.gal\\\/index.php\\\/2022\\\/12\\\/08\\\/o-bng-propon-declarar-o-1-de-decembro-dia-da-dignidade-de-galiza-en-lembranza-da-manifestacion-en-santiago-de-compostela-contra-a-catastrofe-do-prestige\\\/#primaryimage\"},\"thumbnailUrl\":\"https:\\\/\\\/www.anovapeneira.gal\\\/wp-content\\\/uploads\\\/2022\\\/12\\\/rosa_perez.jpg\",\"datePublished\":\"2022-12-08T09:00:39+00:00\",\"description\":\"Rosana P\u00e9rez lamentou o veto do Partido popular e criticou que a forza conservadora siga sen reco\u00f1ecer, con vinte anos de retraso, a dignidade do pobo galego\",\"breadcrumb\":{\"@id\":\"https:\\\/\\\/www.anovapeneira.gal\\\/index.php\\\/2022\\\/12\\\/08\\\/o-bng-propon-declarar-o-1-de-decembro-dia-da-dignidade-de-galiza-en-lembranza-da-manifestacion-en-santiago-de-compostela-contra-a-catastrofe-do-prestige\\\/#breadcrumb\"},\"inLanguage\":\"gl-ES\",\"potentialAction\":[{\"@type\":\"ReadAction\",\"target\":[\"https:\\\/\\\/www.anovapeneira.gal\\\/index.php\\\/2022\\\/12\\\/08\\\/o-bng-propon-declarar-o-1-de-decembro-dia-da-dignidade-de-galiza-en-lembranza-da-manifestacion-en-santiago-de-compostela-contra-a-catastrofe-do-prestige\\\/\"]}]},{\"@type\":\"ImageObject\",\"inLanguage\":\"gl-ES\",\"@id\":\"https:\\\/\\\/www.anovapeneira.gal\\\/index.php\\\/2022\\\/12\\\/08\\\/o-bng-propon-declarar-o-1-de-decembro-dia-da-dignidade-de-galiza-en-lembranza-da-manifestacion-en-santiago-de-compostela-contra-a-catastrofe-do-prestige\\\/#primaryimage\",\"url\":\"https:\\\/\\\/www.anovapeneira.gal\\\/wp-content\\\/uploads\\\/2022\\\/12\\\/rosa_perez.jpg\",\"contentUrl\":\"https:\\\/\\\/www.anovapeneira.gal\\\/wp-content\\\/uploads\\\/2022\\\/12\\\/rosa_perez.jpg\",\"width\":720,\"height\":432,\"caption\":\"Rosana P\u00e9rez\"},{\"@type\":\"BreadcrumbList\",\"@id\":\"https:\\\/\\\/www.anovapeneira.gal\\\/index.php\\\/2022\\\/12\\\/08\\\/o-bng-propon-declarar-o-1-de-decembro-dia-da-dignidade-de-galiza-en-lembranza-da-manifestacion-en-santiago-de-compostela-contra-a-catastrofe-do-prestige\\\/#breadcrumb\",\"itemListElement\":[{\"@type\":\"ListItem\",\"position\":1,\"name\":\"Portada\",\"item\":\"https:\\\/\\\/www.anovapeneira.gal\\\/\"},{\"@type\":\"ListItem\",\"position\":2,\"name\":\"O BNG prop\u00f3n declarar o 1 de decembro \u201cD\u00eda da Dignidade de Galiza\u201d en lembranza da manifestaci\u00f3n en Santiago de Compostela contra a cat\u00e1strofe do Prestige\"}]},{\"@type\":\"WebSite\",\"@id\":\"https:\\\/\\\/www.anovapeneira.gal\\\/#website\",\"url\":\"https:\\\/\\\/www.anovapeneira.gal\\\/\",\"name\":\"\",\"description\":\"Xornal galego de informaci\u00f3n xeral Publicaci\u00f3n mensual de novas de Galicia e en especial dos Concellos da sur da provincia de Pontevedra.\",\"publisher\":{\"@id\":\"https:\\\/\\\/www.anovapeneira.gal\\\/#organization\"},\"potentialAction\":[{\"@type\":\"SearchAction\",\"target\":{\"@type\":\"EntryPoint\",\"urlTemplate\":\"https:\\\/\\\/www.anovapeneira.gal\\\/?s={search_term_string}\"},\"query-input\":{\"@type\":\"PropertyValueSpecification\",\"valueRequired\":true,\"valueName\":\"search_term_string\"}}],\"inLanguage\":\"gl-ES\"},{\"@type\":\"Organization\",\"@id\":\"https:\\\/\\\/www.anovapeneira.gal\\\/#organization\",\"name\":\"A Nova Peneira\",\"url\":\"https:\\\/\\\/www.anovapeneira.gal\\\/\",\"logo\":{\"@type\":\"ImageObject\",\"inLanguage\":\"gl-ES\",\"@id\":\"https:\\\/\\\/www.anovapeneira.gal\\\/#\\\/schema\\\/logo\\\/image\\\/\",\"url\":\"http:\\\/\\\/www.anovapeneira.gal\\\/wp-content\\\/uploads\\\/2019\\\/06\\\/logo_a_nova_peneira_portal_web.png\",\"contentUrl\":\"http:\\\/\\\/www.anovapeneira.gal\\\/wp-content\\\/uploads\\\/2019\\\/06\\\/logo_a_nova_peneira_portal_web.png\",\"width\":300,\"height\":100,\"caption\":\"A Nova Peneira\"},\"image\":{\"@id\":\"https:\\\/\\\/www.anovapeneira.gal\\\/#\\\/schema\\\/logo\\\/image\\\/\"},\"sameAs\":[\"https:\\\/\\\/www.facebook.com\\\/anovapeneira\",\"https:\\\/\\\/x.com\\\/APeneira\"]},{\"@type\":\"Person\",\"@id\":\"https:\\\/\\\/www.anovapeneira.gal\\\/#\\\/schema\\\/person\\\/b93e3f8932e3f8da96334607eb6ac6aa\",\"name\":\"Redacci\u00f3n A Nova Peneira\",\"image\":{\"@type\":\"ImageObject\",\"inLanguage\":\"gl-ES\",\"@id\":\"https:\\\/\\\/secure.gravatar.com\\\/avatar\\\/c052a2551a06e23fac63626232eaa90abd78dbcf1700fc46a2b2c89fd27b735f?s=96&d=mm&r=g\",\"url\":\"https:\\\/\\\/secure.gravatar.com\\\/avatar\\\/c052a2551a06e23fac63626232eaa90abd78dbcf1700fc46a2b2c89fd27b735f?s=96&d=mm&r=g\",\"contentUrl\":\"https:\\\/\\\/secure.gravatar.com\\\/avatar\\\/c052a2551a06e23fac63626232eaa90abd78dbcf1700fc46a2b2c89fd27b735f?s=96&d=mm&r=g\",\"caption\":\"Redacci\u00f3n A Nova Peneira\"},\"sameAs\":[\"http:\\\/\\\/www.anovapeneira.gal\\\/\"],\"url\":\"https:\\\/\\\/www.anovapeneira.gal\\\/index.php\\\/author\\\/redactor\\\/\"}]}<\/script>\n<!-- \/ Yoast SEO plugin. -->","yoast_head_json":{"title":"O BNG prop\u00f3n declarar o 1 de decembro \u201cD\u00eda da Dignidade de Galiza\u201d en lembranza da manifestaci\u00f3n en Santiago de Compostela contra a cat\u00e1strofe do Prestige -","description":"Rosana P\u00e9rez lamentou o veto do Partido popular e criticou que a forza conservadora siga sen reco\u00f1ecer, con vinte anos de retraso, a dignidade do pobo galego","robots":{"index":"index","follow":"follow","max-snippet":"max-snippet:-1","max-image-preview":"max-image-preview:large","max-video-preview":"max-video-preview:-1"},"canonical":"https:\/\/www.anovapeneira.gal\/index.php\/2022\/12\/08\/o-bng-propon-declarar-o-1-de-decembro-dia-da-dignidade-de-galiza-en-lembranza-da-manifestacion-en-santiago-de-compostela-contra-a-catastrofe-do-prestige\/","og_locale":"gl_ES","og_type":"article","og_title":"O BNG prop\u00f3n declarar o 1 de decembro \u201cD\u00eda da Dignidade de Galiza\u201d en lembranza da manifestaci\u00f3n en Santiago de Compostela contra a cat\u00e1strofe do Prestige -","og_description":"Rosana P\u00e9rez lamentou o veto do Partido popular e criticou que a forza conservadora siga sen reco\u00f1ecer, con vinte anos de retraso, a dignidade do pobo galego","og_url":"https:\/\/www.anovapeneira.gal\/index.php\/2022\/12\/08\/o-bng-propon-declarar-o-1-de-decembro-dia-da-dignidade-de-galiza-en-lembranza-da-manifestacion-en-santiago-de-compostela-contra-a-catastrofe-do-prestige\/","article_publisher":"https:\/\/www.facebook.com\/anovapeneira","article_published_time":"2022-12-08T09:00:39+00:00","og_image":[{"width":720,"height":432,"url":"https:\/\/www.anovapeneira.gal\/wp-content\/uploads\/2022\/12\/rosa_perez.jpg","type":"image\/jpeg"}],"author":"Redacci\u00f3n A Nova Peneira","twitter_card":"summary_large_image","twitter_creator":"@APeneira","twitter_site":"@APeneira","twitter_misc":{"Escrito por":"Redacci\u00f3n A Nova Peneira","Tempo de lectura":"4 minutos"},"schema":{"@context":"https:\/\/schema.org","@graph":[{"@type":"Article","@id":"https:\/\/www.anovapeneira.gal\/index.php\/2022\/12\/08\/o-bng-propon-declarar-o-1-de-decembro-dia-da-dignidade-de-galiza-en-lembranza-da-manifestacion-en-santiago-de-compostela-contra-a-catastrofe-do-prestige\/#article","isPartOf":{"@id":"https:\/\/www.anovapeneira.gal\/index.php\/2022\/12\/08\/o-bng-propon-declarar-o-1-de-decembro-dia-da-dignidade-de-galiza-en-lembranza-da-manifestacion-en-santiago-de-compostela-contra-a-catastrofe-do-prestige\/"},"author":{"name":"Redacci\u00f3n A Nova Peneira","@id":"https:\/\/www.anovapeneira.gal\/#\/schema\/person\/b93e3f8932e3f8da96334607eb6ac6aa"},"headline":"O BNG prop\u00f3n declarar o 1 de decembro \u201cD\u00eda da Dignidade de Galiza\u201d en lembranza da manifestaci\u00f3n en Santiago de Compostela contra a cat\u00e1strofe do Prestige","datePublished":"2022-12-08T09:00:39+00:00","mainEntityOfPage":{"@id":"https:\/\/www.anovapeneira.gal\/index.php\/2022\/12\/08\/o-bng-propon-declarar-o-1-de-decembro-dia-da-dignidade-de-galiza-en-lembranza-da-manifestacion-en-santiago-de-compostela-contra-a-catastrofe-do-prestige\/"},"wordCount":775,"commentCount":0,"publisher":{"@id":"https:\/\/www.anovapeneira.gal\/#organization"},"image":{"@id":"https:\/\/www.anovapeneira.gal\/index.php\/2022\/12\/08\/o-bng-propon-declarar-o-1-de-decembro-dia-da-dignidade-de-galiza-en-lembranza-da-manifestacion-en-santiago-de-compostela-contra-a-catastrofe-do-prestige\/#primaryimage"},"thumbnailUrl":"https:\/\/www.anovapeneira.gal\/wp-content\/uploads\/2022\/12\/rosa_perez.jpg","keywords":["Prestige"],"articleSection":["Novas"],"inLanguage":"gl-ES","potentialAction":[{"@type":"CommentAction","name":"Comment","target":["https:\/\/www.anovapeneira.gal\/index.php\/2022\/12\/08\/o-bng-propon-declarar-o-1-de-decembro-dia-da-dignidade-de-galiza-en-lembranza-da-manifestacion-en-santiago-de-compostela-contra-a-catastrofe-do-prestige\/#respond"]}]},{"@type":"WebPage","@id":"https:\/\/www.anovapeneira.gal\/index.php\/2022\/12\/08\/o-bng-propon-declarar-o-1-de-decembro-dia-da-dignidade-de-galiza-en-lembranza-da-manifestacion-en-santiago-de-compostela-contra-a-catastrofe-do-prestige\/","url":"https:\/\/www.anovapeneira.gal\/index.php\/2022\/12\/08\/o-bng-propon-declarar-o-1-de-decembro-dia-da-dignidade-de-galiza-en-lembranza-da-manifestacion-en-santiago-de-compostela-contra-a-catastrofe-do-prestige\/","name":"O BNG prop\u00f3n declarar o 1 de decembro \u201cD\u00eda da Dignidade de Galiza\u201d en lembranza da manifestaci\u00f3n en Santiago de Compostela contra a cat\u00e1strofe do Prestige -","isPartOf":{"@id":"https:\/\/www.anovapeneira.gal\/#website"},"primaryImageOfPage":{"@id":"https:\/\/www.anovapeneira.gal\/index.php\/2022\/12\/08\/o-bng-propon-declarar-o-1-de-decembro-dia-da-dignidade-de-galiza-en-lembranza-da-manifestacion-en-santiago-de-compostela-contra-a-catastrofe-do-prestige\/#primaryimage"},"image":{"@id":"https:\/\/www.anovapeneira.gal\/index.php\/2022\/12\/08\/o-bng-propon-declarar-o-1-de-decembro-dia-da-dignidade-de-galiza-en-lembranza-da-manifestacion-en-santiago-de-compostela-contra-a-catastrofe-do-prestige\/#primaryimage"},"thumbnailUrl":"https:\/\/www.anovapeneira.gal\/wp-content\/uploads\/2022\/12\/rosa_perez.jpg","datePublished":"2022-12-08T09:00:39+00:00","description":"Rosana P\u00e9rez lamentou o veto do Partido popular e criticou que a forza conservadora siga sen reco\u00f1ecer, con vinte anos de retraso, a dignidade do pobo galego","breadcrumb":{"@id":"https:\/\/www.anovapeneira.gal\/index.php\/2022\/12\/08\/o-bng-propon-declarar-o-1-de-decembro-dia-da-dignidade-de-galiza-en-lembranza-da-manifestacion-en-santiago-de-compostela-contra-a-catastrofe-do-prestige\/#breadcrumb"},"inLanguage":"gl-ES","potentialAction":[{"@type":"ReadAction","target":["https:\/\/www.anovapeneira.gal\/index.php\/2022\/12\/08\/o-bng-propon-declarar-o-1-de-decembro-dia-da-dignidade-de-galiza-en-lembranza-da-manifestacion-en-santiago-de-compostela-contra-a-catastrofe-do-prestige\/"]}]},{"@type":"ImageObject","inLanguage":"gl-ES","@id":"https:\/\/www.anovapeneira.gal\/index.php\/2022\/12\/08\/o-bng-propon-declarar-o-1-de-decembro-dia-da-dignidade-de-galiza-en-lembranza-da-manifestacion-en-santiago-de-compostela-contra-a-catastrofe-do-prestige\/#primaryimage","url":"https:\/\/www.anovapeneira.gal\/wp-content\/uploads\/2022\/12\/rosa_perez.jpg","contentUrl":"https:\/\/www.anovapeneira.gal\/wp-content\/uploads\/2022\/12\/rosa_perez.jpg","width":720,"height":432,"caption":"Rosana P\u00e9rez"},{"@type":"BreadcrumbList","@id":"https:\/\/www.anovapeneira.gal\/index.php\/2022\/12\/08\/o-bng-propon-declarar-o-1-de-decembro-dia-da-dignidade-de-galiza-en-lembranza-da-manifestacion-en-santiago-de-compostela-contra-a-catastrofe-do-prestige\/#breadcrumb","itemListElement":[{"@type":"ListItem","position":1,"name":"Portada","item":"https:\/\/www.anovapeneira.gal\/"},{"@type":"ListItem","position":2,"name":"O BNG prop\u00f3n declarar o 1 de decembro \u201cD\u00eda da Dignidade de Galiza\u201d en lembranza da manifestaci\u00f3n en Santiago de Compostela contra a cat\u00e1strofe do Prestige"}]},{"@type":"WebSite","@id":"https:\/\/www.anovapeneira.gal\/#website","url":"https:\/\/www.anovapeneira.gal\/","name":"","description":"Xornal galego de informaci\u00f3n xeral Publicaci\u00f3n mensual de novas de Galicia e en especial dos Concellos da sur da provincia de Pontevedra.","publisher":{"@id":"https:\/\/www.anovapeneira.gal\/#organization"},"potentialAction":[{"@type":"SearchAction","target":{"@type":"EntryPoint","urlTemplate":"https:\/\/www.anovapeneira.gal\/?s={search_term_string}"},"query-input":{"@type":"PropertyValueSpecification","valueRequired":true,"valueName":"search_term_string"}}],"inLanguage":"gl-ES"},{"@type":"Organization","@id":"https:\/\/www.anovapeneira.gal\/#organization","name":"A Nova Peneira","url":"https:\/\/www.anovapeneira.gal\/","logo":{"@type":"ImageObject","inLanguage":"gl-ES","@id":"https:\/\/www.anovapeneira.gal\/#\/schema\/logo\/image\/","url":"http:\/\/www.anovapeneira.gal\/wp-content\/uploads\/2019\/06\/logo_a_nova_peneira_portal_web.png","contentUrl":"http:\/\/www.anovapeneira.gal\/wp-content\/uploads\/2019\/06\/logo_a_nova_peneira_portal_web.png","width":300,"height":100,"caption":"A Nova Peneira"},"image":{"@id":"https:\/\/www.anovapeneira.gal\/#\/schema\/logo\/image\/"},"sameAs":["https:\/\/www.facebook.com\/anovapeneira","https:\/\/x.com\/APeneira"]},{"@type":"Person","@id":"https:\/\/www.anovapeneira.gal\/#\/schema\/person\/b93e3f8932e3f8da96334607eb6ac6aa","name":"Redacci\u00f3n A Nova Peneira","image":{"@type":"ImageObject","inLanguage":"gl-ES","@id":"https:\/\/secure.gravatar.com\/avatar\/c052a2551a06e23fac63626232eaa90abd78dbcf1700fc46a2b2c89fd27b735f?s=96&d=mm&r=g","url":"https:\/\/secure.gravatar.com\/avatar\/c052a2551a06e23fac63626232eaa90abd78dbcf1700fc46a2b2c89fd27b735f?s=96&d=mm&r=g","contentUrl":"https:\/\/secure.gravatar.com\/avatar\/c052a2551a06e23fac63626232eaa90abd78dbcf1700fc46a2b2c89fd27b735f?s=96&d=mm&r=g","caption":"Redacci\u00f3n A Nova Peneira"},"sameAs":["http:\/\/www.anovapeneira.gal\/"],"url":"https:\/\/www.anovapeneira.gal\/index.php\/author\/redactor\/"}]}},"jetpack_featured_media_url":"https:\/\/www.anovapeneira.gal\/wp-content\/uploads\/2022\/12\/rosa_perez.jpg","_links":{"self":[{"href":"https:\/\/www.anovapeneira.gal\/index.php\/wp-json\/wp\/v2\/posts\/8711","targetHints":{"allow":["GET"]}}],"collection":[{"href":"https:\/\/www.anovapeneira.gal\/index.php\/wp-json\/wp\/v2\/posts"}],"about":[{"href":"https:\/\/www.anovapeneira.gal\/index.php\/wp-json\/wp\/v2\/types\/post"}],"author":[{"embeddable":true,"href":"https:\/\/www.anovapeneira.gal\/index.php\/wp-json\/wp\/v2\/users\/3"}],"replies":[{"embeddable":true,"href":"https:\/\/www.anovapeneira.gal\/index.php\/wp-json\/wp\/v2\/comments?post=8711"}],"version-history":[{"count":2,"href":"https:\/\/www.anovapeneira.gal\/index.php\/wp-json\/wp\/v2\/posts\/8711\/revisions"}],"predecessor-version":[{"id":8714,"href":"https:\/\/www.anovapeneira.gal\/index.php\/wp-json\/wp\/v2\/posts\/8711\/revisions\/8714"}],"wp:featuredmedia":[{"embeddable":true,"href":"https:\/\/www.anovapeneira.gal\/index.php\/wp-json\/wp\/v2\/media\/8713"}],"wp:attachment":[{"href":"https:\/\/www.anovapeneira.gal\/index.php\/wp-json\/wp\/v2\/media?parent=8711"}],"wp:term":[{"taxonomy":"category","embeddable":true,"href":"https:\/\/www.anovapeneira.gal\/index.php\/wp-json\/wp\/v2\/categories?post=8711"},{"taxonomy":"post_tag","embeddable":true,"href":"https:\/\/www.anovapeneira.gal\/index.php\/wp-json\/wp\/v2\/tags?post=8711"}],"curies":[{"name":"wp","href":"https:\/\/api.w.org\/{rel}","templated":true}]}}