{"id":8723,"date":"2022-12-09T10:00:18","date_gmt":"2022-12-09T09:00:18","guid":{"rendered":"https:\/\/www.anovapeneira.gal\/?p=8723"},"modified":"2022-12-05T12:06:34","modified_gmt":"2022-12-05T11:06:34","slug":"viva-vigo","status":"publish","type":"post","link":"https:\/\/www.anovapeneira.gal\/index.php\/2022\/12\/09\/viva-vigo\/","title":{"rendered":"Viva Vigo!"},"content":{"rendered":"\n<figure class=\"wp-block-image size-large is-resized is-style-default\"><img loading=\"lazy\" decoding=\"async\" src=\"http:\/\/www.anovapeneira.gal\/wp-content\/uploads\/2020\/03\/mestre_ceip_salvaterra_a_nova_peneira.jpg\" alt=\"Xo\u00e1n Carlos Caballero\" class=\"wp-image-2693\" width=\"95\" height=\"111\"\/><figcaption>Xo\u00e1n Carlos Caballero\n&#8211; Mestre no CEIP de Salvaterra<\/figcaption><\/figure>\n\n\n\n<p>En Lucifernalia o d\u00eda \u00e9 m\u00e1is longo que no solsticio do ver\u00e1n finland\u00e9s. Dende aqu\u00ed, se nos acercamos ao extrarradio nas longas noites invernais, p\u00f3dense observar as auroras boreais producidas polos insignificantes, pero cada vez maiores bel\u00e9ns dos concellos dos arredores, que acabaron sucumbindo ao dia\u00f1o e \u00e1s s\u00faas perversas intenci\u00f3ns de mudar a comarca nun lugar tenebroso. A pesares da grave crisis enerx\u00e9tica, non dubidou en magnificar a\u00ednda m\u00e1is o espect\u00e1culo, desoindo as recomendaci\u00f3ns do goberno de reducir o gasto de enerx\u00eda ao resto dos cidad\u00e1ns.<\/p>\n\n\n\n<p>Tras ser expulsado do para\u00edso, pola indiferencia e falta de apoio obtido nos diferentes reinos celestiais nas elecci\u00f3ns de 1997, prometeuse as\u00ed mesmo que volver\u00eda para vingarse. Dende o d\u00eda que lle cortaron as \u00e1s comezou a elaborar o seu plan, sen presa pero sen pausa. A vinganza \u00e9 un prato que se serve fr\u00edo, pensou mentres afiaba o seu tridente.<\/p>\n\n\n\n<p>A s\u00faa soberbia era tal que cr\u00eda que a el e a Deus s\u00f3 os diferenciaba a omnipresencia.<\/p>\n\n\n\n<p>Hoxe en d\u00eda non \u00e9 dif\u00edcil estar nos medios de comunicaci\u00f3n ou ser trending topic nas redes sociais. Calquer estupidez ou parvada que digas ou fagas, pode ser vista por mill\u00f3ns de persoas nun d\u00eda. Observando o tir\u00f3n medi\u00e1tico que te\u00f1en os frikis, para estar a todas horas nos medios, decid\u00edu transformarse nun deles. E foi ese o cami\u00f1o que escolleu para introducirse nos fogares do pa\u00eds \u00e9 converterse en omnipresente. A partires de a\u00ed foi un non parar, tanto baila break-dance como swish-swish, di que o Nadal no planeta comeza cando el prende as luces ou que a Estaci\u00f3n Espacial parouse durante un d\u00eda para mirar a mellor iluminaci\u00f3n navide\u00f1a do mundo.<\/p>\n\n\n\n<p>Xa s\u00f3 faltaba buscar un plan co cal rebentar a cidade sen levantar sospeitas. Aproveitando que Vigo ten R\u00eda e que o quecemento do planeta vai en aumento, decidiu acelerar o proceso colocando mill\u00f3ns de luces en t\u00f3dalas r\u00faas para trocar un lugar celeste no averno.<\/p>\n\n\n\n<p>Ao principio todo era magnifico, as longas noites do inverno fac\u00edanse m\u00e1is curtas, as r\u00faas cheas de xente, as \u00e1rbores e parques nevados e os restaurantes estaban ateigados polas persoas podentes. Mesmo pasou a ser co\u00f1ecida como a Cidade das Luces. E como non, Par\u00eds acabar\u00eda pasando a un segundo plano como prognosticara o demo o d\u00eda que dixo: Que tiemble la alcadesa de Par\u00eds!!! Aos franceses sempre lles quedar\u00e1 o consolo de que a s\u00faa sona fora adquirida por outro tipo de luces, m\u00e1is econ\u00f3micas, m\u00e1is ecol\u00f3xicas e sobre todo m\u00e1is ilustradas.<\/p>\n\n\n\n<p>Pero toda esta alegr\u00eda durou poucos anos e acabou pasando factura. As \u00e1rbores e as plantas comezaron a esmorecer e o os\u00edxeno a escasear, orixinando graves problemas nas v\u00edas respiratorias dos cidad\u00e1ns. A contaminaci\u00f3n lum\u00ednica provocou na vexetaci\u00f3n un estado fotosint\u00e9tico permanente que as acabou esgotando ata a s\u00faa desaparici\u00f3n. Todo isto acontec\u00eda mentres a auga do mar non paraba de subir, xa que pobos de todo o mundo comezaron a montar o seu propio bel\u00e9n e a competir entre eles, o que acelerou o derretemento dos polos. O mar non tardou en chegar ata \u00e1 zona centro. Ao principio os habitantes alarm\u00e1ronse pero pronto se lles dixo que os seus pisos revalorizar\u00edanse porque as r\u00faas ser\u00edan navegables e poder\u00edan ser sucadas por marabillosas g\u00f3ndolas. Que tiemble el alcalde de Venecia! -exclamou o dia\u00f1o.<\/p>\n\n\n\n<p>Pouco despois, a poboaci\u00f3n comezou a ter desprendemento de retina pola contaminaci\u00f3n lum\u00ednica, pero pagou a pena porque a ONCE aproveitou para trasladar a s\u00faa sede a Matam\u00e1, polo abaratamento da man de obra.<\/p>\n\n\n\n<p>O apocalipse chegou cando o mar entrou en contacto coa principal central el\u00e9ctrica que abastec\u00eda a urbe. Este feito causou un curtocircu\u00edto que tornou a Cidade das Luces nun lugar tenebroso, para maior gloria do seu art\u00edfice. Ese d\u00eda saudou a todos coa man en forma de V. Mais para sorpresa dos al\u00ed presentes, de repente, xirou o pulso e amosou os dorsos das s\u00faas mans sen desfacer a letra. Nunca antes se lle entendera tan ben o ingl\u00e9s. Con ese xiro, a V de Vigo mudou o seu significado en Fuck You. En galego: que vos den!<\/p>\n","protected":false},"excerpt":{"rendered":"<div class=\"mh-excerpt\"><p>En Lucifernalia o d\u00eda \u00e9 m\u00e1is longo que no solsticio do ver\u00e1n finland\u00e9s. Dende aqu\u00ed, se nos acercamos ao extrarradio nas longas noites invernais, p\u00f3dense observar as auroras boreais producidas polos insignificantes, pero cada vez maiores bel\u00e9ns dos concellos dos arredores, que acabaron sucumbindo ao dia\u00f1o e \u00e1s s\u00faas perversas intenci\u00f3ns de mudar a comarca nun lugar tenebroso <a class=\"mh-excerpt-more\" href=\"https:\/\/www.anovapeneira.gal\/index.php\/2022\/12\/09\/viva-vigo\/\" title=\"Viva Vigo!\">[&#8230;]<\/a><\/p>\n<\/div>","protected":false},"author":22,"featured_media":584,"comment_status":"open","ping_status":"open","sticky":false,"template":"","format":"standard","meta":{"_exactmetrics_skip_tracking":false,"_exactmetrics_sitenote_active":false,"_exactmetrics_sitenote_note":"","_exactmetrics_sitenote_category":0,"footnotes":""},"categories":[7],"tags":[],"class_list":{"0":"post-8723","1":"post","2":"type-post","3":"status-publish","4":"format-standard","5":"has-post-thumbnail","7":"category-artigos-de-opinion"},"yoast_head":"<!-- This site is optimized with the Yoast SEO plugin v27.4 - https:\/\/yoast.com\/product\/yoast-seo-wordpress\/ -->\n<title>Viva Vigo! -<\/title>\n<meta name=\"description\" content=\"En Lucifernalia o d\u00eda \u00e9 m\u00e1is longo que no solsticio do ver\u00e1n finland\u00e9s. Dende aqu\u00ed, se nos acercamos ao extrarradio nas longas noites invernais, p\u00f3dense observar as auroras boreais producidas polos insignificantes, pero cada vez maiores bel\u00e9ns dos concellos dos arredores, que acabaron sucumbindo ao dia\u00f1o e \u00e1s s\u00faas perversas intenci\u00f3ns de mudar a comarca nun lugar tenebroso\" \/>\n<meta name=\"robots\" content=\"index, follow, max-snippet:-1, max-image-preview:large, max-video-preview:-1\" \/>\n<link rel=\"canonical\" href=\"https:\/\/www.anovapeneira.gal\/index.php\/2022\/12\/09\/viva-vigo\/\" \/>\n<meta property=\"og:locale\" content=\"gl_ES\" \/>\n<meta property=\"og:type\" content=\"article\" \/>\n<meta property=\"og:title\" content=\"Viva Vigo! -\" \/>\n<meta property=\"og:description\" content=\"En Lucifernalia o d\u00eda \u00e9 m\u00e1is longo que no solsticio do ver\u00e1n finland\u00e9s. Dende aqu\u00ed, se nos acercamos ao extrarradio nas longas noites invernais, p\u00f3dense observar as auroras boreais producidas polos insignificantes, pero cada vez maiores bel\u00e9ns dos concellos dos arredores, que acabaron sucumbindo ao dia\u00f1o e \u00e1s s\u00faas perversas intenci\u00f3ns de mudar a comarca nun lugar tenebroso\" \/>\n<meta property=\"og:url\" content=\"https:\/\/www.anovapeneira.gal\/index.php\/2022\/12\/09\/viva-vigo\/\" \/>\n<meta property=\"article:publisher\" content=\"https:\/\/www.facebook.com\/anovapeneira\" \/>\n<meta property=\"article:published_time\" content=\"2022-12-09T09:00:18+00:00\" \/>\n<meta property=\"og:image\" content=\"https:\/\/www.anovapeneira.gal\/wp-content\/uploads\/2019\/07\/ARTIGO_DE_OPINION_A_NOVA_PENEIRA.jpg\" \/>\n\t<meta property=\"og:image:width\" content=\"720\" \/>\n\t<meta property=\"og:image:height\" content=\"473\" \/>\n\t<meta property=\"og:image:type\" content=\"image\/jpeg\" \/>\n<meta name=\"author\" content=\"Xo\u00e1n Carlos Caballero\" \/>\n<meta name=\"twitter:card\" content=\"summary_large_image\" \/>\n<meta name=\"twitter:image\" content=\"https:\/\/www.anovapeneira.gal\/wp-content\/uploads\/2019\/07\/ARTIGO_DE_OPINION_A_NOVA_PENEIRA.jpg\" \/>\n<meta name=\"twitter:creator\" content=\"@APeneira\" \/>\n<meta name=\"twitter:site\" content=\"@APeneira\" \/>\n<meta name=\"twitter:label1\" content=\"Escrito por\" \/>\n\t<meta name=\"twitter:data1\" content=\"Xo\u00e1n Carlos Caballero\" \/>\n\t<meta name=\"twitter:label2\" content=\"Tempo de lectura\" \/>\n\t<meta name=\"twitter:data2\" content=\"4 minutos\" \/>\n<script type=\"application\/ld+json\" class=\"yoast-schema-graph\">{\"@context\":\"https:\\\/\\\/schema.org\",\"@graph\":[{\"@type\":\"Article\",\"@id\":\"https:\\\/\\\/www.anovapeneira.gal\\\/index.php\\\/2022\\\/12\\\/09\\\/viva-vigo\\\/#article\",\"isPartOf\":{\"@id\":\"https:\\\/\\\/www.anovapeneira.gal\\\/index.php\\\/2022\\\/12\\\/09\\\/viva-vigo\\\/\"},\"author\":{\"name\":\"Xo\u00e1n Carlos Caballero\",\"@id\":\"https:\\\/\\\/www.anovapeneira.gal\\\/#\\\/schema\\\/person\\\/1b50ea4c70279e2639668c02bf1674e5\"},\"headline\":\"Viva Vigo!\",\"datePublished\":\"2022-12-09T09:00:18+00:00\",\"mainEntityOfPage\":{\"@id\":\"https:\\\/\\\/www.anovapeneira.gal\\\/index.php\\\/2022\\\/12\\\/09\\\/viva-vigo\\\/\"},\"wordCount\":766,\"commentCount\":0,\"publisher\":{\"@id\":\"https:\\\/\\\/www.anovapeneira.gal\\\/#organization\"},\"image\":{\"@id\":\"https:\\\/\\\/www.anovapeneira.gal\\\/index.php\\\/2022\\\/12\\\/09\\\/viva-vigo\\\/#primaryimage\"},\"thumbnailUrl\":\"https:\\\/\\\/www.anovapeneira.gal\\\/wp-content\\\/uploads\\\/2019\\\/07\\\/ARTIGO_DE_OPINION_A_NOVA_PENEIRA.jpg\",\"articleSection\":[\"Artigos de opini\u00f3n\"],\"inLanguage\":\"gl-ES\",\"potentialAction\":[{\"@type\":\"CommentAction\",\"name\":\"Comment\",\"target\":[\"https:\\\/\\\/www.anovapeneira.gal\\\/index.php\\\/2022\\\/12\\\/09\\\/viva-vigo\\\/#respond\"]}]},{\"@type\":\"WebPage\",\"@id\":\"https:\\\/\\\/www.anovapeneira.gal\\\/index.php\\\/2022\\\/12\\\/09\\\/viva-vigo\\\/\",\"url\":\"https:\\\/\\\/www.anovapeneira.gal\\\/index.php\\\/2022\\\/12\\\/09\\\/viva-vigo\\\/\",\"name\":\"Viva Vigo! -\",\"isPartOf\":{\"@id\":\"https:\\\/\\\/www.anovapeneira.gal\\\/#website\"},\"primaryImageOfPage\":{\"@id\":\"https:\\\/\\\/www.anovapeneira.gal\\\/index.php\\\/2022\\\/12\\\/09\\\/viva-vigo\\\/#primaryimage\"},\"image\":{\"@id\":\"https:\\\/\\\/www.anovapeneira.gal\\\/index.php\\\/2022\\\/12\\\/09\\\/viva-vigo\\\/#primaryimage\"},\"thumbnailUrl\":\"https:\\\/\\\/www.anovapeneira.gal\\\/wp-content\\\/uploads\\\/2019\\\/07\\\/ARTIGO_DE_OPINION_A_NOVA_PENEIRA.jpg\",\"datePublished\":\"2022-12-09T09:00:18+00:00\",\"description\":\"En Lucifernalia o d\u00eda \u00e9 m\u00e1is longo que no solsticio do ver\u00e1n finland\u00e9s. Dende aqu\u00ed, se nos acercamos ao extrarradio nas longas noites invernais, p\u00f3dense observar as auroras boreais producidas polos insignificantes, pero cada vez maiores bel\u00e9ns dos concellos dos arredores, que acabaron sucumbindo ao dia\u00f1o e \u00e1s s\u00faas perversas intenci\u00f3ns de mudar a comarca nun lugar tenebroso\",\"breadcrumb\":{\"@id\":\"https:\\\/\\\/www.anovapeneira.gal\\\/index.php\\\/2022\\\/12\\\/09\\\/viva-vigo\\\/#breadcrumb\"},\"inLanguage\":\"gl-ES\",\"potentialAction\":[{\"@type\":\"ReadAction\",\"target\":[\"https:\\\/\\\/www.anovapeneira.gal\\\/index.php\\\/2022\\\/12\\\/09\\\/viva-vigo\\\/\"]}]},{\"@type\":\"ImageObject\",\"inLanguage\":\"gl-ES\",\"@id\":\"https:\\\/\\\/www.anovapeneira.gal\\\/index.php\\\/2022\\\/12\\\/09\\\/viva-vigo\\\/#primaryimage\",\"url\":\"https:\\\/\\\/www.anovapeneira.gal\\\/wp-content\\\/uploads\\\/2019\\\/07\\\/ARTIGO_DE_OPINION_A_NOVA_PENEIRA.jpg\",\"contentUrl\":\"https:\\\/\\\/www.anovapeneira.gal\\\/wp-content\\\/uploads\\\/2019\\\/07\\\/ARTIGO_DE_OPINION_A_NOVA_PENEIRA.jpg\",\"width\":720,\"height\":473,\"caption\":\"Artigo de opini\u00f3n A Nova Peneira\"},{\"@type\":\"BreadcrumbList\",\"@id\":\"https:\\\/\\\/www.anovapeneira.gal\\\/index.php\\\/2022\\\/12\\\/09\\\/viva-vigo\\\/#breadcrumb\",\"itemListElement\":[{\"@type\":\"ListItem\",\"position\":1,\"name\":\"Portada\",\"item\":\"https:\\\/\\\/www.anovapeneira.gal\\\/\"},{\"@type\":\"ListItem\",\"position\":2,\"name\":\"Viva Vigo!\"}]},{\"@type\":\"WebSite\",\"@id\":\"https:\\\/\\\/www.anovapeneira.gal\\\/#website\",\"url\":\"https:\\\/\\\/www.anovapeneira.gal\\\/\",\"name\":\"\",\"description\":\"Xornal galego de informaci\u00f3n xeral Publicaci\u00f3n mensual de novas de Galicia e en especial dos Concellos da sur da provincia de Pontevedra.\",\"publisher\":{\"@id\":\"https:\\\/\\\/www.anovapeneira.gal\\\/#organization\"},\"potentialAction\":[{\"@type\":\"SearchAction\",\"target\":{\"@type\":\"EntryPoint\",\"urlTemplate\":\"https:\\\/\\\/www.anovapeneira.gal\\\/?s={search_term_string}\"},\"query-input\":{\"@type\":\"PropertyValueSpecification\",\"valueRequired\":true,\"valueName\":\"search_term_string\"}}],\"inLanguage\":\"gl-ES\"},{\"@type\":\"Organization\",\"@id\":\"https:\\\/\\\/www.anovapeneira.gal\\\/#organization\",\"name\":\"A Nova Peneira\",\"url\":\"https:\\\/\\\/www.anovapeneira.gal\\\/\",\"logo\":{\"@type\":\"ImageObject\",\"inLanguage\":\"gl-ES\",\"@id\":\"https:\\\/\\\/www.anovapeneira.gal\\\/#\\\/schema\\\/logo\\\/image\\\/\",\"url\":\"http:\\\/\\\/www.anovapeneira.gal\\\/wp-content\\\/uploads\\\/2019\\\/06\\\/logo_a_nova_peneira_portal_web.png\",\"contentUrl\":\"http:\\\/\\\/www.anovapeneira.gal\\\/wp-content\\\/uploads\\\/2019\\\/06\\\/logo_a_nova_peneira_portal_web.png\",\"width\":300,\"height\":100,\"caption\":\"A Nova Peneira\"},\"image\":{\"@id\":\"https:\\\/\\\/www.anovapeneira.gal\\\/#\\\/schema\\\/logo\\\/image\\\/\"},\"sameAs\":[\"https:\\\/\\\/www.facebook.com\\\/anovapeneira\",\"https:\\\/\\\/x.com\\\/APeneira\"]},{\"@type\":\"Person\",\"@id\":\"https:\\\/\\\/www.anovapeneira.gal\\\/#\\\/schema\\\/person\\\/1b50ea4c70279e2639668c02bf1674e5\",\"name\":\"Xo\u00e1n Carlos Caballero\",\"image\":{\"@type\":\"ImageObject\",\"inLanguage\":\"gl-ES\",\"@id\":\"https:\\\/\\\/secure.gravatar.com\\\/avatar\\\/3527a74f68662d57f3183bf223473824f80a9c34a28b750bb59badaf22fb2f38?s=96&d=mm&r=g\",\"url\":\"https:\\\/\\\/secure.gravatar.com\\\/avatar\\\/3527a74f68662d57f3183bf223473824f80a9c34a28b750bb59badaf22fb2f38?s=96&d=mm&r=g\",\"contentUrl\":\"https:\\\/\\\/secure.gravatar.com\\\/avatar\\\/3527a74f68662d57f3183bf223473824f80a9c34a28b750bb59badaf22fb2f38?s=96&d=mm&r=g\",\"caption\":\"Xo\u00e1n Carlos Caballero\"},\"sameAs\":[\"http:\\\/\\\/anovapeneira.gal\"],\"url\":\"https:\\\/\\\/www.anovapeneira.gal\\\/index.php\\\/author\\\/xoan-carlos-caballero\\\/\"}]}<\/script>\n<!-- \/ Yoast SEO plugin. -->","yoast_head_json":{"title":"Viva Vigo! -","description":"En Lucifernalia o d\u00eda \u00e9 m\u00e1is longo que no solsticio do ver\u00e1n finland\u00e9s. Dende aqu\u00ed, se nos acercamos ao extrarradio nas longas noites invernais, p\u00f3dense observar as auroras boreais producidas polos insignificantes, pero cada vez maiores bel\u00e9ns dos concellos dos arredores, que acabaron sucumbindo ao dia\u00f1o e \u00e1s s\u00faas perversas intenci\u00f3ns de mudar a comarca nun lugar tenebroso","robots":{"index":"index","follow":"follow","max-snippet":"max-snippet:-1","max-image-preview":"max-image-preview:large","max-video-preview":"max-video-preview:-1"},"canonical":"https:\/\/www.anovapeneira.gal\/index.php\/2022\/12\/09\/viva-vigo\/","og_locale":"gl_ES","og_type":"article","og_title":"Viva Vigo! -","og_description":"En Lucifernalia o d\u00eda \u00e9 m\u00e1is longo que no solsticio do ver\u00e1n finland\u00e9s. Dende aqu\u00ed, se nos acercamos ao extrarradio nas longas noites invernais, p\u00f3dense observar as auroras boreais producidas polos insignificantes, pero cada vez maiores bel\u00e9ns dos concellos dos arredores, que acabaron sucumbindo ao dia\u00f1o e \u00e1s s\u00faas perversas intenci\u00f3ns de mudar a comarca nun lugar tenebroso","og_url":"https:\/\/www.anovapeneira.gal\/index.php\/2022\/12\/09\/viva-vigo\/","article_publisher":"https:\/\/www.facebook.com\/anovapeneira","article_published_time":"2022-12-09T09:00:18+00:00","og_image":[{"width":720,"height":473,"url":"https:\/\/www.anovapeneira.gal\/wp-content\/uploads\/2019\/07\/ARTIGO_DE_OPINION_A_NOVA_PENEIRA.jpg","type":"image\/jpeg"}],"author":"Xo\u00e1n Carlos Caballero","twitter_card":"summary_large_image","twitter_image":"https:\/\/www.anovapeneira.gal\/wp-content\/uploads\/2019\/07\/ARTIGO_DE_OPINION_A_NOVA_PENEIRA.jpg","twitter_creator":"@APeneira","twitter_site":"@APeneira","twitter_misc":{"Escrito por":"Xo\u00e1n Carlos Caballero","Tempo de lectura":"4 minutos"},"schema":{"@context":"https:\/\/schema.org","@graph":[{"@type":"Article","@id":"https:\/\/www.anovapeneira.gal\/index.php\/2022\/12\/09\/viva-vigo\/#article","isPartOf":{"@id":"https:\/\/www.anovapeneira.gal\/index.php\/2022\/12\/09\/viva-vigo\/"},"author":{"name":"Xo\u00e1n Carlos Caballero","@id":"https:\/\/www.anovapeneira.gal\/#\/schema\/person\/1b50ea4c70279e2639668c02bf1674e5"},"headline":"Viva Vigo!","datePublished":"2022-12-09T09:00:18+00:00","mainEntityOfPage":{"@id":"https:\/\/www.anovapeneira.gal\/index.php\/2022\/12\/09\/viva-vigo\/"},"wordCount":766,"commentCount":0,"publisher":{"@id":"https:\/\/www.anovapeneira.gal\/#organization"},"image":{"@id":"https:\/\/www.anovapeneira.gal\/index.php\/2022\/12\/09\/viva-vigo\/#primaryimage"},"thumbnailUrl":"https:\/\/www.anovapeneira.gal\/wp-content\/uploads\/2019\/07\/ARTIGO_DE_OPINION_A_NOVA_PENEIRA.jpg","articleSection":["Artigos de opini\u00f3n"],"inLanguage":"gl-ES","potentialAction":[{"@type":"CommentAction","name":"Comment","target":["https:\/\/www.anovapeneira.gal\/index.php\/2022\/12\/09\/viva-vigo\/#respond"]}]},{"@type":"WebPage","@id":"https:\/\/www.anovapeneira.gal\/index.php\/2022\/12\/09\/viva-vigo\/","url":"https:\/\/www.anovapeneira.gal\/index.php\/2022\/12\/09\/viva-vigo\/","name":"Viva Vigo! -","isPartOf":{"@id":"https:\/\/www.anovapeneira.gal\/#website"},"primaryImageOfPage":{"@id":"https:\/\/www.anovapeneira.gal\/index.php\/2022\/12\/09\/viva-vigo\/#primaryimage"},"image":{"@id":"https:\/\/www.anovapeneira.gal\/index.php\/2022\/12\/09\/viva-vigo\/#primaryimage"},"thumbnailUrl":"https:\/\/www.anovapeneira.gal\/wp-content\/uploads\/2019\/07\/ARTIGO_DE_OPINION_A_NOVA_PENEIRA.jpg","datePublished":"2022-12-09T09:00:18+00:00","description":"En Lucifernalia o d\u00eda \u00e9 m\u00e1is longo que no solsticio do ver\u00e1n finland\u00e9s. Dende aqu\u00ed, se nos acercamos ao extrarradio nas longas noites invernais, p\u00f3dense observar as auroras boreais producidas polos insignificantes, pero cada vez maiores bel\u00e9ns dos concellos dos arredores, que acabaron sucumbindo ao dia\u00f1o e \u00e1s s\u00faas perversas intenci\u00f3ns de mudar a comarca nun lugar tenebroso","breadcrumb":{"@id":"https:\/\/www.anovapeneira.gal\/index.php\/2022\/12\/09\/viva-vigo\/#breadcrumb"},"inLanguage":"gl-ES","potentialAction":[{"@type":"ReadAction","target":["https:\/\/www.anovapeneira.gal\/index.php\/2022\/12\/09\/viva-vigo\/"]}]},{"@type":"ImageObject","inLanguage":"gl-ES","@id":"https:\/\/www.anovapeneira.gal\/index.php\/2022\/12\/09\/viva-vigo\/#primaryimage","url":"https:\/\/www.anovapeneira.gal\/wp-content\/uploads\/2019\/07\/ARTIGO_DE_OPINION_A_NOVA_PENEIRA.jpg","contentUrl":"https:\/\/www.anovapeneira.gal\/wp-content\/uploads\/2019\/07\/ARTIGO_DE_OPINION_A_NOVA_PENEIRA.jpg","width":720,"height":473,"caption":"Artigo de opini\u00f3n A Nova Peneira"},{"@type":"BreadcrumbList","@id":"https:\/\/www.anovapeneira.gal\/index.php\/2022\/12\/09\/viva-vigo\/#breadcrumb","itemListElement":[{"@type":"ListItem","position":1,"name":"Portada","item":"https:\/\/www.anovapeneira.gal\/"},{"@type":"ListItem","position":2,"name":"Viva Vigo!"}]},{"@type":"WebSite","@id":"https:\/\/www.anovapeneira.gal\/#website","url":"https:\/\/www.anovapeneira.gal\/","name":"","description":"Xornal galego de informaci\u00f3n xeral Publicaci\u00f3n mensual de novas de Galicia e en especial dos Concellos da sur da provincia de Pontevedra.","publisher":{"@id":"https:\/\/www.anovapeneira.gal\/#organization"},"potentialAction":[{"@type":"SearchAction","target":{"@type":"EntryPoint","urlTemplate":"https:\/\/www.anovapeneira.gal\/?s={search_term_string}"},"query-input":{"@type":"PropertyValueSpecification","valueRequired":true,"valueName":"search_term_string"}}],"inLanguage":"gl-ES"},{"@type":"Organization","@id":"https:\/\/www.anovapeneira.gal\/#organization","name":"A Nova Peneira","url":"https:\/\/www.anovapeneira.gal\/","logo":{"@type":"ImageObject","inLanguage":"gl-ES","@id":"https:\/\/www.anovapeneira.gal\/#\/schema\/logo\/image\/","url":"http:\/\/www.anovapeneira.gal\/wp-content\/uploads\/2019\/06\/logo_a_nova_peneira_portal_web.png","contentUrl":"http:\/\/www.anovapeneira.gal\/wp-content\/uploads\/2019\/06\/logo_a_nova_peneira_portal_web.png","width":300,"height":100,"caption":"A Nova Peneira"},"image":{"@id":"https:\/\/www.anovapeneira.gal\/#\/schema\/logo\/image\/"},"sameAs":["https:\/\/www.facebook.com\/anovapeneira","https:\/\/x.com\/APeneira"]},{"@type":"Person","@id":"https:\/\/www.anovapeneira.gal\/#\/schema\/person\/1b50ea4c70279e2639668c02bf1674e5","name":"Xo\u00e1n Carlos Caballero","image":{"@type":"ImageObject","inLanguage":"gl-ES","@id":"https:\/\/secure.gravatar.com\/avatar\/3527a74f68662d57f3183bf223473824f80a9c34a28b750bb59badaf22fb2f38?s=96&d=mm&r=g","url":"https:\/\/secure.gravatar.com\/avatar\/3527a74f68662d57f3183bf223473824f80a9c34a28b750bb59badaf22fb2f38?s=96&d=mm&r=g","contentUrl":"https:\/\/secure.gravatar.com\/avatar\/3527a74f68662d57f3183bf223473824f80a9c34a28b750bb59badaf22fb2f38?s=96&d=mm&r=g","caption":"Xo\u00e1n Carlos Caballero"},"sameAs":["http:\/\/anovapeneira.gal"],"url":"https:\/\/www.anovapeneira.gal\/index.php\/author\/xoan-carlos-caballero\/"}]}},"jetpack_featured_media_url":"https:\/\/www.anovapeneira.gal\/wp-content\/uploads\/2019\/07\/ARTIGO_DE_OPINION_A_NOVA_PENEIRA.jpg","_links":{"self":[{"href":"https:\/\/www.anovapeneira.gal\/index.php\/wp-json\/wp\/v2\/posts\/8723","targetHints":{"allow":["GET"]}}],"collection":[{"href":"https:\/\/www.anovapeneira.gal\/index.php\/wp-json\/wp\/v2\/posts"}],"about":[{"href":"https:\/\/www.anovapeneira.gal\/index.php\/wp-json\/wp\/v2\/types\/post"}],"author":[{"embeddable":true,"href":"https:\/\/www.anovapeneira.gal\/index.php\/wp-json\/wp\/v2\/users\/22"}],"replies":[{"embeddable":true,"href":"https:\/\/www.anovapeneira.gal\/index.php\/wp-json\/wp\/v2\/comments?post=8723"}],"version-history":[{"count":1,"href":"https:\/\/www.anovapeneira.gal\/index.php\/wp-json\/wp\/v2\/posts\/8723\/revisions"}],"predecessor-version":[{"id":8724,"href":"https:\/\/www.anovapeneira.gal\/index.php\/wp-json\/wp\/v2\/posts\/8723\/revisions\/8724"}],"wp:featuredmedia":[{"embeddable":true,"href":"https:\/\/www.anovapeneira.gal\/index.php\/wp-json\/wp\/v2\/media\/584"}],"wp:attachment":[{"href":"https:\/\/www.anovapeneira.gal\/index.php\/wp-json\/wp\/v2\/media?parent=8723"}],"wp:term":[{"taxonomy":"category","embeddable":true,"href":"https:\/\/www.anovapeneira.gal\/index.php\/wp-json\/wp\/v2\/categories?post=8723"},{"taxonomy":"post_tag","embeddable":true,"href":"https:\/\/www.anovapeneira.gal\/index.php\/wp-json\/wp\/v2\/tags?post=8723"}],"curies":[{"name":"wp","href":"https:\/\/api.w.org\/{rel}","templated":true}]}}