{"id":8725,"date":"2022-12-09T12:00:36","date_gmt":"2022-12-09T11:00:36","guid":{"rendered":"https:\/\/www.anovapeneira.gal\/?p=8725"},"modified":"2022-12-05T12:11:50","modified_gmt":"2022-12-05T11:11:50","slug":"ruben-perez-voceiro-da-marea-de-vigo-2","status":"publish","type":"post","link":"https:\/\/www.anovapeneira.gal\/index.php\/2022\/12\/09\/ruben-perez-voceiro-da-marea-de-vigo-2\/","title":{"rendered":"Rub\u00e9n P\u00e9rez voceiro da Marea de Vigo"},"content":{"rendered":"\n<p><strong>Rub\u00e9n \u00e9 o voceiro da Marea de Vigo, supo\u00f1o que novamente ser\u00e1 o seu candidato \u00e1 alcald\u00eda , \u00e9 o responsable estatal de municipalismo de Izquierda Unida e \u00e9 un vello amigo desta casa co que novamente foi un pracer conversar da actualidade pol\u00edtica local, galega e estatal.<\/strong><\/p>\n\n\n\n<h2 class=\"wp-block-heading\">\u201c <strong>O secuestro varios meses da cidade de Vigo non \u00e9 lex\u00edtimo. E d\u00edgoo con total rotundidade por moito que os palmeiros do alcalde me insulten pola r\u00faa\u201d<\/strong><\/h2>\n\n\n\n<p><strong>Onte , 1 de decembro, volv\u00eda eu a Vigo de traballar e tardei 40 minutos en cruzar a avenida de Madrid, desde o seminario ata a praza de Espa\u00f1a. Por que?<\/strong><\/p>\n\n\n\n<blockquote class=\"wp-block-quote is-layout-flow wp-block-quote-is-layout-flow\"><p>A min pasoume algo parecido. Onte tardei 50 minutos en chegar desde Teis ao centro da cidade. O debate que na nosa cidade ten que resolverse \u00e9 o modelo de implantaci\u00f3n tur\u00edstica que queremos ter. \u00c9 evidentemente que existe unha marca Vigo asociada ao nadal que antes non exist\u00eda que, entre outras cousas, provoca que haxa unha taxa aceptable de ocupaci\u00f3n de hoteis. Pero, ese modelo de turismo de masas en todas as grandes cidades europeas, ag\u00e1s en Madrid onde goberna un alcalde pouco menos que descerebrado, est\u00e1 desbotado. Eu pateo moito a cidade e trato de empaparme das s\u00faas necesidades e problemas. Estes d\u00edas os comercios de Pr\u00edncipe ti\u00f1an moi pouca afluencia de visitantes. O noso alcalde minte dicindo que todo \u00e9 superlativo.<\/p><\/blockquote>\n\n\n\n<p><strong>E non o \u00e9?<\/strong><\/p>\n\n\n\n<blockquote class=\"wp-block-quote is-layout-flow wp-block-quote-is-layout-flow\"><p>Non, claro que non. N\u00f3s queremos un turismo de calidade no que non s\u00f3 se prime a cantidade de persoas que poidan tomar unha ca\u00f1a nun local do centro, sen\u00f3n que haxa unha oferta m\u00faltiple , de calidade, en moitas zonas da cidade para que quen ve\u00f1a: tome unha ca\u00f1a, coma, compre nas nosas tendas e comercios , pasee, co\u00f1eza os distintos currunchos de Vigo e que permita harmonizar a s\u00faa visita coa vida coti\u00e1 dos vigueses e viguesas.<\/p><\/blockquote>\n\n\n\n<p><strong>As luces de Nadal son o problema?<\/strong><\/p>\n\n\n\n<blockquote class=\"wp-block-quote is-layout-flow wp-block-quote-is-layout-flow\"><p>Non exactamente. As luces supo\u00f1en un gasto aproximado de 800.000\u20ac en cada exercicio pero o Nadal de Vigo vai rondar os 3.000.000 de \u20ac de gasto. Entre unha e outra cantidade hai moito para moitos, entre os que est\u00e1n medios de comunicaci\u00f3n de Vigo que reciben moito para falar do Nadal de Vigo.<\/p><\/blockquote>\n\n\n\n<p><strong>Xa, pero unha vez que se opta por un cami\u00f1o consistente en atraer masas de xente para campa\u00f1as concretas haber\u00e1 que darlle difusi\u00f3n publicitaria, non?<\/strong><\/p>\n\n\n\n<blockquote class=\"wp-block-quote is-layout-flow wp-block-quote-is-layout-flow\"><p>Si, pero que sentido ten que a maior parte de recursos econ\u00f3micos sexan para medios de comunicaci\u00f3ns locais?.Os vigueses xa sabemos que \u00e9 o Nadal de Vigo. Se se quere publicitar con rigor haber\u00eda que facelo en medios de comunicaci\u00f3n doutras localidades.<\/p><\/blockquote>\n\n\n\n<p><strong>Que sentido ten ent\u00f3n?<\/strong><\/p>\n\n\n\n<blockquote class=\"wp-block-quote is-layout-flow wp-block-quote-is-layout-flow\"><p>Comprar a presencia de Abel Caballero nos medios. E iso \u00e9 unha indecencia pol\u00edtica que debera estar prohibida. O Nadal de Vigo \u00e9 completamente amoral. Nadal si por suposto, pero sostible que prime o turismo sobre o excursionismo e que te\u00f1a unha oferta cultural diversa en todas as zonas de Vigo. Beade tam\u00e9n \u00e9 Vigo.<\/p><\/blockquote>\n\n\n\n<p><strong>Nos \u00faltimos d\u00edas sa\u00edu \u00e1 luz unha plataforma de residentes na zona centro de Vigo que se queixan de graves molestias nas s\u00faa vida diaria como consecuencia da forma na que o goberno local optou por celebrar o Nadal. Tivestes alg\u00fan contacto con eles?<\/strong><\/p>\n\n\n\n<blockquote class=\"wp-block-quote is-layout-flow wp-block-quote-is-layout-flow\"><p>Si, desde o primeiro momento. Tam\u00e9n estiven nalgunha das s\u00faas vivendas un s\u00e1bado pola noite<\/p><\/blockquote>\n\n\n\n<p><strong>De que zona estamos falando?<\/strong><\/p>\n\n\n\n<blockquote class=\"wp-block-quote is-layout-flow wp-block-quote-is-layout-flow\"><p>Da praza de Compostela e a s\u00faa contorna, Rosal\u00eda de Castro , Casco vello&#8230;. Como che dixen eu estiven nalgunha das s\u00faas residencias e era como estar nun \u201cafter\u201d \u00e1s 6,00 da ma\u00f1\u00e1. Ata altas horas da noite prol\u00f3nganse situaci\u00f3ns que fan imposible a vida con normalidade para moitos veci\u00f1os e veci\u00f1as do centro de Vigo. Desde logo o secuestro varios meses dunha parte da cidade de Vigo n\u00f3s entendemos que non \u00e9 lex\u00edtimo. E d\u00edgoo con total rotundidade por moito que os palmeiros de Abel Caballero me insulten pola r\u00faa.<\/p><\/blockquote>\n\n\n\n<p><strong>Non me digas que recibes insultos pola r\u00faa como consecuencia da t\u00faa actividade pol\u00edtica?<\/strong><\/p>\n\n\n\n<blockquote class=\"wp-block-quote is-layout-flow wp-block-quote-is-layout-flow\"><p>Pois rec\u00edboos con moita frecuencia, incluso estando de paseo coa mi\u00f1a filla pequena. A violencia verbal de Abel Caballero nos plenos trasl\u00e1dase a unha serie de descerebrados que andan pola r\u00faa.<\/p><\/blockquote>\n\n\n\n<p><strong>Sobre o nivel de execuci\u00f3n orzamentaria do goberno municipal cal \u00e9 a t\u00faa opini\u00f3n?<\/strong><\/p>\n\n\n\n<blockquote class=\"wp-block-quote is-layout-flow wp-block-quote-is-layout-flow\"><p>Ese \u00e9 un problema com\u00fan a todos os concellos pois os procesos de licitaci\u00f3n son cada vez m\u00e1is complicados. A diferencia est\u00e1 que nos concellos nos que goberna Izquierda Unida reco\u00f1\u00e9cese e expl\u00edcase pero en Vigo m\u00e9ntese. En Vigo todo \u00e9 escuro.<\/p><\/blockquote>\n\n\n\n<p><strong>En relaci\u00f3n \u00e1 estrada que queren facer nas parroquias de Beade,Bembrive, Matam\u00e1 , Castrelos, e que xerou un moi importante malestar veci\u00f1al ,en que fase estamos?<\/strong><\/p>\n\n\n\n<blockquote class=\"wp-block-quote is-layout-flow wp-block-quote-is-layout-flow\"><p>Estamos na fase de espera a que nos contesten \u00e1s alegaci\u00f3ns emitidas. Toda a oposici\u00f3n en conxunto reclamamos respostas \u00e1s m\u00e1is de 4.000 alegaci\u00f3ns contra a construci\u00f3n desa estrada. Entendemos que moitas desas alegaci\u00f3ns est\u00e1n ben fundamentadas para que repensen o proxecto.<\/p><\/blockquote>\n\n\n\n<p><strong>Na cidade de Vigo hai pobres?<\/strong><\/p>\n\n\n\n<blockquote class=\"wp-block-quote is-layout-flow wp-block-quote-is-layout-flow\"><p>Non \u00e9 s\u00f3 iso, que tam\u00e9n, sen\u00f3n que desde a pandemia a pobreza est\u00e1 comezando a facerse cr\u00f3nica en xente que ten n\u00f3mina. Temos un 24% de pobreza na nosa cidade.<\/p><\/blockquote>\n\n\n\n<p><strong>A administraci\u00f3n municipal, dentro do seu \u00e1mbito de competencia, fai o necesario para combater as altas taxas de pobreza?<\/strong><\/p>\n\n\n\n<blockquote class=\"wp-block-quote is-layout-flow wp-block-quote-is-layout-flow\"><p>Non. O que Caballero di que \u00e9 gasto social non \u00e9 gasto social. O gasto social \u00e9 todo ese gasto que unha administraci\u00f3n ten que asumir para evitar a exclusi\u00f3n social e a pobreza e n\u00f3s estamos moi por debaixo dos 100\u20ac por habitante. Vigo est\u00e1 entre os 65\/70 \u20ac e outras cidades como por exemplo Lugo est\u00e1n nos 90 ou Coru\u00f1a nos 114\u20ac por habitante.<\/p><\/blockquote>\n\n\n\n<p><strong>Como valoras a situaci\u00f3n dos dous sectores que sempre foron prioritarios na cidade de Vigo: O naval e o autom\u00f3bil?<\/strong><\/p>\n\n\n\n<blockquote class=\"wp-block-quote is-layout-flow wp-block-quote-is-layout-flow\"><p>O naval est\u00e1 nun bo momento de contrataci\u00f3ns, o emprego \u00e9 por\u00e9n moi baixo porque o desmantelamento que viviu o sector nos \u00faltimos anos fai que non haxa persoal suficiente. A situaci\u00f3n do autom\u00f3bil \u00e9 ao meu xu\u00edzo m\u00e1is preocupante. A precarizaci\u00f3n que est\u00e1 a vivir ese sector roza niveis estratosf\u00e9ricos. A min preoc\u00fapanme modelos como por exemplo o de Ilunion, preoc\u00fapanme moito as permanentes ameazas de PSA, e quero felicitar \u00e1 CUT polo recente laudo que lles daba a raz\u00f3n no que se refire a como se desenvolveu o recente proceso de elecci\u00f3ns sindicais<\/p><\/blockquote>\n\n\n\n<p><strong>A empresa non vai cumprir ese laudo e rec\u00f3rreo ao xulgado do social. Agardemos que non caia<\/strong><\/p>\n\n\n\n<blockquote class=\"wp-block-quote is-layout-flow wp-block-quote-is-layout-flow\"><p>Eu espero que non caia claro, pero no peor dos casos iso xa foi unha vitoria simb\u00f3lica da CUT incontestable e eu doulle os meus m\u00e1is sinceros parab\u00e9ns. Por outra parte aproveito a t\u00faa pregunta sobre o emprego en Vigo para expresar o meu desexo de que un goberno supostamente progresista debera de realizar unha importante oferta de emprego p\u00fablico.<\/p><\/blockquote>\n\n\n\n<p><strong>Ben, falemos dos inminentes procesos electorais. O primeiro \u00e9 o municipal: Marea de Vigo vaise presentar coa mesma f\u00f3rmula?<\/strong><\/p>\n\n\n\n<blockquote class=\"wp-block-quote is-layout-flow wp-block-quote-is-layout-flow\"><p>A Marea de Vigo como espazo de reflexi\u00f3n municipalista existe e vai seguir existindo. Pero n\u00f3s estamos traballando nunha f\u00f3rmula que faga visibles \u00e1s distintas partes .\u00c9 dicir , a nosa idea e xuntar na mesma candidatura a toda a esquerda do PSOE que non sexa nacionalismo. Esa sempre foi a vontade da Marea de Vigo.<\/p><\/blockquote>\n\n\n\n<p><strong>Ti es responsable estatal de municipalismo de Izquierda Unida e quero preguntarche por d\u00faas localidades que me interesan especialmente: Cangas e Mos.<\/strong><\/p>\n\n\n\n<p><strong>Que vai pasar coa esquerda en Cangas?<\/strong><\/p>\n\n\n\n<blockquote class=\"wp-block-quote is-layout-flow wp-block-quote-is-layout-flow\"><p>Se lle entregamos a alcald\u00eda ao PP por non ser capaces de chegar a un acordo municipal seriamos uns irresponsables. N\u00f3s temos que p\u00f3r todos os mecanismos para facer un proxecto pol\u00edtico crible, ACE foi un proxecto pol\u00edtico crible. Eu creo que \u00e9 posible chegar a un acordo pol\u00edtico de m\u00ednimos.<\/p><\/blockquote>\n\n\n\n<p><strong>Cres que \u00e9 posible volver casar ao Marianismo, con Esquerda Unida, Avante e de ser o caso tam\u00e9n con Podemos Cangas?<\/strong><\/p>\n\n\n\n<blockquote class=\"wp-block-quote is-layout-flow wp-block-quote-is-layout-flow\"><p>Si, eu creo que \u00e9 posible. A posici\u00f3n de Avante \u00e9 un pouco m\u00e1is dif\u00edcil de resolver, depender\u00e1 do que decida a s\u00faa asemblea, pero co resto de forzas que mencionas eu creo que si. O que nos une \u00e9 m\u00e1is importante que o que nos separa. Mira por exemplo Ponteareas que chegamos a un acordo Esquerda Unida e Podemos para irmos xuntos nas municipais. Se mo din hai catro anos alucinar\u00eda.<\/p><\/blockquote>\n\n\n\n<p><strong>E en Mos tedes pensado facer algo en conxunto cunha suposta candidatura de Podemos que , de finalmente presentarse, vai encabezar unha persoa que este mandato practicou o transfugismo pol\u00edtico?<\/strong><\/p>\n\n\n\n<blockquote class=\"wp-block-quote is-layout-flow wp-block-quote-is-layout-flow\"><p>Non. Esquerda Unida apoia sen fisuras a Ga\u00f1aMos. Eu xa lle dixen a Podemos que non deberan avalar o transfugismo que, a\u00ednda por riba, fai soporte dun goberno do PP.<\/p><\/blockquote>\n\n\n\n<p><strong>E o espazo auton\u00f3mico como o ves?<\/strong><\/p>\n\n\n\n<blockquote class=\"wp-block-quote is-layout-flow wp-block-quote-is-layout-flow\"><p>Eu como militante de Esquerda Unida entendo que debemos de traballar na candidatura unitaria da esquerda en Galicia. E te\u00f1o moi claro que sen n\u00f3s no parlamento non \u00e9 posible o cambio pol\u00edtico en Galicia. Hai un segmento de poboaci\u00f3n que non quere votar nin ao PSdeG nin ao BNG ao que temos que darlle resposta.<\/p><\/blockquote>\n\n\n\n<p><strong>Rematamos falando do estado. \u00c9 tan importante o ministerio de Igualdade para a dereita que dirixe toneladas de metralla contra a s\u00faa titular?, ou o que importa realmente \u00e1 dereita pol\u00edtica, medi\u00e1tica ,econ\u00f3mica e, de ser o caso,tam\u00e9n xudicial \u00e9 socavar a Unidas Podemos para que baixe do 10% dos votos e en consecuencia facer imposible a repetici\u00f3n dun goberno progresista?<\/strong><\/p>\n\n\n\n<blockquote class=\"wp-block-quote is-layout-flow wp-block-quote-is-layout-flow\"><p>Evidentemente romper a Unidas Podemos, para facilitar a vitoria electoral da dereita, \u00e9 en realidade o obxectivo de toda esta ofensiva que se dirixe contra a ministra de igualdade. N\u00f3s somos conscientes de que o goberno progresista s\u00f3 se poder\u00e1 repetir se Unidas Podemos aguanta. Como o PSOE apele ao voto \u00fatil, algo que de momento non fai, estarase suicidando. E poderiamos chegar \u00e1 hip\u00f3tese terrible, nada descartable, de que no pr\u00f3ximo goberno te\u00f1amos un ministro de traballo de Vox. A responsabilidade de Podemos e de IU non \u00e9 mandarse recados na prensa.<\/p><\/blockquote>\n\n\n\n<p><strong>Xa, pero ent\u00f3n o que est\u00e1 a facer Pablo Iglesias, de dispararlle publicamente a Yolanda D\u00edaz par\u00e9ceme suicida. Se o que poida representar a actual ministra de traballo, e o que represente Podemos chegan fracturados \u00e1s elecci\u00f3ns non vai ser posible evitar un goberno PP+VOX?<\/strong><\/p>\n\n\n\n<blockquote class=\"wp-block-quote is-layout-flow wp-block-quote-is-layout-flow\"><p>Eu prefiro non opinar sobre o que fai Pablo Iglesias porque realmente para min \u00e9 un xornalista.<\/p><\/blockquote>\n","protected":false},"excerpt":{"rendered":"<div class=\"mh-excerpt\"><p>Rub\u00e9n \u00e9 o voceiro da Marea de Vigo, supo\u00f1o que novamente ser\u00e1 o seu candidato \u00e1 alcald\u00eda , \u00e9 o responsable estatal de municipalismo de Izquierda Unida e \u00e9 un vello amigo desta casa co que novamente foi un pracer conversar da actualidade pol\u00edtica local, galega e estatal. <a class=\"mh-excerpt-more\" href=\"https:\/\/www.anovapeneira.gal\/index.php\/2022\/12\/09\/ruben-perez-voceiro-da-marea-de-vigo-2\/\" title=\"Rub\u00e9n P\u00e9rez voceiro da Marea de Vigo\">[&#8230;]<\/a><\/p>\n<\/div>","protected":false},"author":3,"featured_media":8728,"comment_status":"open","ping_status":"open","sticky":false,"template":"","format":"standard","meta":{"_exactmetrics_skip_tracking":false,"_exactmetrics_sitenote_active":false,"_exactmetrics_sitenote_note":"","_exactmetrics_sitenote_category":0,"footnotes":""},"categories":[272],"tags":[227],"class_list":{"0":"post-8725","1":"post","2":"type-post","3":"status-publish","4":"format-standard","5":"has-post-thumbnail","7":"category-vigo-entrevistas","8":"tag-concello-de-vigo"},"yoast_head":"<!-- This site is optimized with the Yoast SEO plugin v27.4 - https:\/\/yoast.com\/product\/yoast-seo-wordpress\/ -->\n<title>Rub\u00e9n P\u00e9rez voceiro da Marea de Vigo -<\/title>\n<meta name=\"description\" content=\"Rub\u00e9n \u00e9 o voceiro da Marea de Vigo, supo\u00f1o que novamente ser\u00e1 o seu candidato \u00e1 alcald\u00eda , \u00e9 o responsable estatal de municipalismo de Izquierda Unida e \u00e9 un vello amigo desta casa co que novamente foi un pracer conversar da actualidade pol\u00edtica local, galega e estatal.\" \/>\n<meta name=\"robots\" content=\"index, follow, max-snippet:-1, max-image-preview:large, max-video-preview:-1\" \/>\n<link rel=\"canonical\" href=\"https:\/\/www.anovapeneira.gal\/index.php\/2022\/12\/09\/ruben-perez-voceiro-da-marea-de-vigo-2\/\" \/>\n<meta property=\"og:locale\" content=\"gl_ES\" \/>\n<meta property=\"og:type\" content=\"article\" \/>\n<meta property=\"og:title\" content=\"Rub\u00e9n P\u00e9rez voceiro da Marea de Vigo -\" \/>\n<meta property=\"og:description\" content=\"Rub\u00e9n \u00e9 o voceiro da Marea de Vigo, supo\u00f1o que novamente ser\u00e1 o seu candidato \u00e1 alcald\u00eda , \u00e9 o responsable estatal de municipalismo de Izquierda Unida e \u00e9 un vello amigo desta casa co que novamente foi un pracer conversar da actualidade pol\u00edtica local, galega e estatal.\" \/>\n<meta property=\"og:url\" content=\"https:\/\/www.anovapeneira.gal\/index.php\/2022\/12\/09\/ruben-perez-voceiro-da-marea-de-vigo-2\/\" \/>\n<meta property=\"article:publisher\" content=\"https:\/\/www.facebook.com\/anovapeneira\" \/>\n<meta property=\"article:published_time\" content=\"2022-12-09T11:00:36+00:00\" \/>\n<meta property=\"og:image\" content=\"https:\/\/www.anovapeneira.gal\/wp-content\/uploads\/2022\/12\/ruben_marea_vigo.jpg\" \/>\n\t<meta property=\"og:image:width\" content=\"720\" \/>\n\t<meta property=\"og:image:height\" content=\"432\" \/>\n\t<meta property=\"og:image:type\" content=\"image\/jpeg\" \/>\n<meta name=\"author\" content=\"Redacci\u00f3n A Nova Peneira\" \/>\n<meta name=\"twitter:card\" content=\"summary_large_image\" \/>\n<meta name=\"twitter:creator\" content=\"@APeneira\" \/>\n<meta name=\"twitter:site\" content=\"@APeneira\" \/>\n<meta name=\"twitter:label1\" content=\"Escrito por\" \/>\n\t<meta name=\"twitter:data1\" content=\"Redacci\u00f3n A Nova Peneira\" \/>\n\t<meta name=\"twitter:label2\" content=\"Tempo de lectura\" \/>\n\t<meta name=\"twitter:data2\" content=\"10 minutos\" \/>\n<script type=\"application\/ld+json\" class=\"yoast-schema-graph\">{\"@context\":\"https:\\\/\\\/schema.org\",\"@graph\":[{\"@type\":\"Article\",\"@id\":\"https:\\\/\\\/www.anovapeneira.gal\\\/index.php\\\/2022\\\/12\\\/09\\\/ruben-perez-voceiro-da-marea-de-vigo-2\\\/#article\",\"isPartOf\":{\"@id\":\"https:\\\/\\\/www.anovapeneira.gal\\\/index.php\\\/2022\\\/12\\\/09\\\/ruben-perez-voceiro-da-marea-de-vigo-2\\\/\"},\"author\":{\"name\":\"Redacci\u00f3n A Nova Peneira\",\"@id\":\"https:\\\/\\\/www.anovapeneira.gal\\\/#\\\/schema\\\/person\\\/b93e3f8932e3f8da96334607eb6ac6aa\"},\"headline\":\"Rub\u00e9n P\u00e9rez voceiro da Marea de Vigo\",\"datePublished\":\"2022-12-09T11:00:36+00:00\",\"mainEntityOfPage\":{\"@id\":\"https:\\\/\\\/www.anovapeneira.gal\\\/index.php\\\/2022\\\/12\\\/09\\\/ruben-perez-voceiro-da-marea-de-vigo-2\\\/\"},\"wordCount\":1827,\"commentCount\":0,\"publisher\":{\"@id\":\"https:\\\/\\\/www.anovapeneira.gal\\\/#organization\"},\"image\":{\"@id\":\"https:\\\/\\\/www.anovapeneira.gal\\\/index.php\\\/2022\\\/12\\\/09\\\/ruben-perez-voceiro-da-marea-de-vigo-2\\\/#primaryimage\"},\"thumbnailUrl\":\"https:\\\/\\\/www.anovapeneira.gal\\\/wp-content\\\/uploads\\\/2022\\\/12\\\/ruben_marea_vigo.jpg\",\"keywords\":[\"Concello de Vigo\"],\"articleSection\":[\"Vigo\"],\"inLanguage\":\"gl-ES\",\"potentialAction\":[{\"@type\":\"CommentAction\",\"name\":\"Comment\",\"target\":[\"https:\\\/\\\/www.anovapeneira.gal\\\/index.php\\\/2022\\\/12\\\/09\\\/ruben-perez-voceiro-da-marea-de-vigo-2\\\/#respond\"]}]},{\"@type\":\"WebPage\",\"@id\":\"https:\\\/\\\/www.anovapeneira.gal\\\/index.php\\\/2022\\\/12\\\/09\\\/ruben-perez-voceiro-da-marea-de-vigo-2\\\/\",\"url\":\"https:\\\/\\\/www.anovapeneira.gal\\\/index.php\\\/2022\\\/12\\\/09\\\/ruben-perez-voceiro-da-marea-de-vigo-2\\\/\",\"name\":\"Rub\u00e9n P\u00e9rez voceiro da Marea de Vigo -\",\"isPartOf\":{\"@id\":\"https:\\\/\\\/www.anovapeneira.gal\\\/#website\"},\"primaryImageOfPage\":{\"@id\":\"https:\\\/\\\/www.anovapeneira.gal\\\/index.php\\\/2022\\\/12\\\/09\\\/ruben-perez-voceiro-da-marea-de-vigo-2\\\/#primaryimage\"},\"image\":{\"@id\":\"https:\\\/\\\/www.anovapeneira.gal\\\/index.php\\\/2022\\\/12\\\/09\\\/ruben-perez-voceiro-da-marea-de-vigo-2\\\/#primaryimage\"},\"thumbnailUrl\":\"https:\\\/\\\/www.anovapeneira.gal\\\/wp-content\\\/uploads\\\/2022\\\/12\\\/ruben_marea_vigo.jpg\",\"datePublished\":\"2022-12-09T11:00:36+00:00\",\"description\":\"Rub\u00e9n \u00e9 o voceiro da Marea de Vigo, supo\u00f1o que novamente ser\u00e1 o seu candidato \u00e1 alcald\u00eda , \u00e9 o responsable estatal de municipalismo de Izquierda Unida e \u00e9 un vello amigo desta casa co que novamente foi un pracer conversar da actualidade pol\u00edtica local, galega e estatal.\",\"breadcrumb\":{\"@id\":\"https:\\\/\\\/www.anovapeneira.gal\\\/index.php\\\/2022\\\/12\\\/09\\\/ruben-perez-voceiro-da-marea-de-vigo-2\\\/#breadcrumb\"},\"inLanguage\":\"gl-ES\",\"potentialAction\":[{\"@type\":\"ReadAction\",\"target\":[\"https:\\\/\\\/www.anovapeneira.gal\\\/index.php\\\/2022\\\/12\\\/09\\\/ruben-perez-voceiro-da-marea-de-vigo-2\\\/\"]}]},{\"@type\":\"ImageObject\",\"inLanguage\":\"gl-ES\",\"@id\":\"https:\\\/\\\/www.anovapeneira.gal\\\/index.php\\\/2022\\\/12\\\/09\\\/ruben-perez-voceiro-da-marea-de-vigo-2\\\/#primaryimage\",\"url\":\"https:\\\/\\\/www.anovapeneira.gal\\\/wp-content\\\/uploads\\\/2022\\\/12\\\/ruben_marea_vigo.jpg\",\"contentUrl\":\"https:\\\/\\\/www.anovapeneira.gal\\\/wp-content\\\/uploads\\\/2022\\\/12\\\/ruben_marea_vigo.jpg\",\"width\":720,\"height\":432,\"caption\":\"Rub\u00e9n P\u00e9rez voceiro da Marea de Vigo\"},{\"@type\":\"BreadcrumbList\",\"@id\":\"https:\\\/\\\/www.anovapeneira.gal\\\/index.php\\\/2022\\\/12\\\/09\\\/ruben-perez-voceiro-da-marea-de-vigo-2\\\/#breadcrumb\",\"itemListElement\":[{\"@type\":\"ListItem\",\"position\":1,\"name\":\"Portada\",\"item\":\"https:\\\/\\\/www.anovapeneira.gal\\\/\"},{\"@type\":\"ListItem\",\"position\":2,\"name\":\"Rub\u00e9n P\u00e9rez voceiro da Marea de Vigo\"}]},{\"@type\":\"WebSite\",\"@id\":\"https:\\\/\\\/www.anovapeneira.gal\\\/#website\",\"url\":\"https:\\\/\\\/www.anovapeneira.gal\\\/\",\"name\":\"\",\"description\":\"Xornal galego de informaci\u00f3n xeral Publicaci\u00f3n mensual de novas de Galicia e en especial dos Concellos da sur da provincia de Pontevedra.\",\"publisher\":{\"@id\":\"https:\\\/\\\/www.anovapeneira.gal\\\/#organization\"},\"potentialAction\":[{\"@type\":\"SearchAction\",\"target\":{\"@type\":\"EntryPoint\",\"urlTemplate\":\"https:\\\/\\\/www.anovapeneira.gal\\\/?s={search_term_string}\"},\"query-input\":{\"@type\":\"PropertyValueSpecification\",\"valueRequired\":true,\"valueName\":\"search_term_string\"}}],\"inLanguage\":\"gl-ES\"},{\"@type\":\"Organization\",\"@id\":\"https:\\\/\\\/www.anovapeneira.gal\\\/#organization\",\"name\":\"A Nova Peneira\",\"url\":\"https:\\\/\\\/www.anovapeneira.gal\\\/\",\"logo\":{\"@type\":\"ImageObject\",\"inLanguage\":\"gl-ES\",\"@id\":\"https:\\\/\\\/www.anovapeneira.gal\\\/#\\\/schema\\\/logo\\\/image\\\/\",\"url\":\"http:\\\/\\\/www.anovapeneira.gal\\\/wp-content\\\/uploads\\\/2019\\\/06\\\/logo_a_nova_peneira_portal_web.png\",\"contentUrl\":\"http:\\\/\\\/www.anovapeneira.gal\\\/wp-content\\\/uploads\\\/2019\\\/06\\\/logo_a_nova_peneira_portal_web.png\",\"width\":300,\"height\":100,\"caption\":\"A Nova Peneira\"},\"image\":{\"@id\":\"https:\\\/\\\/www.anovapeneira.gal\\\/#\\\/schema\\\/logo\\\/image\\\/\"},\"sameAs\":[\"https:\\\/\\\/www.facebook.com\\\/anovapeneira\",\"https:\\\/\\\/x.com\\\/APeneira\"]},{\"@type\":\"Person\",\"@id\":\"https:\\\/\\\/www.anovapeneira.gal\\\/#\\\/schema\\\/person\\\/b93e3f8932e3f8da96334607eb6ac6aa\",\"name\":\"Redacci\u00f3n A Nova Peneira\",\"image\":{\"@type\":\"ImageObject\",\"inLanguage\":\"gl-ES\",\"@id\":\"https:\\\/\\\/secure.gravatar.com\\\/avatar\\\/c052a2551a06e23fac63626232eaa90abd78dbcf1700fc46a2b2c89fd27b735f?s=96&d=mm&r=g\",\"url\":\"https:\\\/\\\/secure.gravatar.com\\\/avatar\\\/c052a2551a06e23fac63626232eaa90abd78dbcf1700fc46a2b2c89fd27b735f?s=96&d=mm&r=g\",\"contentUrl\":\"https:\\\/\\\/secure.gravatar.com\\\/avatar\\\/c052a2551a06e23fac63626232eaa90abd78dbcf1700fc46a2b2c89fd27b735f?s=96&d=mm&r=g\",\"caption\":\"Redacci\u00f3n A Nova Peneira\"},\"sameAs\":[\"http:\\\/\\\/www.anovapeneira.gal\\\/\"],\"url\":\"https:\\\/\\\/www.anovapeneira.gal\\\/index.php\\\/author\\\/redactor\\\/\"}]}<\/script>\n<!-- \/ Yoast SEO plugin. -->","yoast_head_json":{"title":"Rub\u00e9n P\u00e9rez voceiro da Marea de Vigo -","description":"Rub\u00e9n \u00e9 o voceiro da Marea de Vigo, supo\u00f1o que novamente ser\u00e1 o seu candidato \u00e1 alcald\u00eda , \u00e9 o responsable estatal de municipalismo de Izquierda Unida e \u00e9 un vello amigo desta casa co que novamente foi un pracer conversar da actualidade pol\u00edtica local, galega e estatal.","robots":{"index":"index","follow":"follow","max-snippet":"max-snippet:-1","max-image-preview":"max-image-preview:large","max-video-preview":"max-video-preview:-1"},"canonical":"https:\/\/www.anovapeneira.gal\/index.php\/2022\/12\/09\/ruben-perez-voceiro-da-marea-de-vigo-2\/","og_locale":"gl_ES","og_type":"article","og_title":"Rub\u00e9n P\u00e9rez voceiro da Marea de Vigo -","og_description":"Rub\u00e9n \u00e9 o voceiro da Marea de Vigo, supo\u00f1o que novamente ser\u00e1 o seu candidato \u00e1 alcald\u00eda , \u00e9 o responsable estatal de municipalismo de Izquierda Unida e \u00e9 un vello amigo desta casa co que novamente foi un pracer conversar da actualidade pol\u00edtica local, galega e estatal.","og_url":"https:\/\/www.anovapeneira.gal\/index.php\/2022\/12\/09\/ruben-perez-voceiro-da-marea-de-vigo-2\/","article_publisher":"https:\/\/www.facebook.com\/anovapeneira","article_published_time":"2022-12-09T11:00:36+00:00","og_image":[{"width":720,"height":432,"url":"https:\/\/www.anovapeneira.gal\/wp-content\/uploads\/2022\/12\/ruben_marea_vigo.jpg","type":"image\/jpeg"}],"author":"Redacci\u00f3n A Nova Peneira","twitter_card":"summary_large_image","twitter_creator":"@APeneira","twitter_site":"@APeneira","twitter_misc":{"Escrito por":"Redacci\u00f3n A Nova Peneira","Tempo de lectura":"10 minutos"},"schema":{"@context":"https:\/\/schema.org","@graph":[{"@type":"Article","@id":"https:\/\/www.anovapeneira.gal\/index.php\/2022\/12\/09\/ruben-perez-voceiro-da-marea-de-vigo-2\/#article","isPartOf":{"@id":"https:\/\/www.anovapeneira.gal\/index.php\/2022\/12\/09\/ruben-perez-voceiro-da-marea-de-vigo-2\/"},"author":{"name":"Redacci\u00f3n A Nova Peneira","@id":"https:\/\/www.anovapeneira.gal\/#\/schema\/person\/b93e3f8932e3f8da96334607eb6ac6aa"},"headline":"Rub\u00e9n P\u00e9rez voceiro da Marea de Vigo","datePublished":"2022-12-09T11:00:36+00:00","mainEntityOfPage":{"@id":"https:\/\/www.anovapeneira.gal\/index.php\/2022\/12\/09\/ruben-perez-voceiro-da-marea-de-vigo-2\/"},"wordCount":1827,"commentCount":0,"publisher":{"@id":"https:\/\/www.anovapeneira.gal\/#organization"},"image":{"@id":"https:\/\/www.anovapeneira.gal\/index.php\/2022\/12\/09\/ruben-perez-voceiro-da-marea-de-vigo-2\/#primaryimage"},"thumbnailUrl":"https:\/\/www.anovapeneira.gal\/wp-content\/uploads\/2022\/12\/ruben_marea_vigo.jpg","keywords":["Concello de Vigo"],"articleSection":["Vigo"],"inLanguage":"gl-ES","potentialAction":[{"@type":"CommentAction","name":"Comment","target":["https:\/\/www.anovapeneira.gal\/index.php\/2022\/12\/09\/ruben-perez-voceiro-da-marea-de-vigo-2\/#respond"]}]},{"@type":"WebPage","@id":"https:\/\/www.anovapeneira.gal\/index.php\/2022\/12\/09\/ruben-perez-voceiro-da-marea-de-vigo-2\/","url":"https:\/\/www.anovapeneira.gal\/index.php\/2022\/12\/09\/ruben-perez-voceiro-da-marea-de-vigo-2\/","name":"Rub\u00e9n P\u00e9rez voceiro da Marea de Vigo -","isPartOf":{"@id":"https:\/\/www.anovapeneira.gal\/#website"},"primaryImageOfPage":{"@id":"https:\/\/www.anovapeneira.gal\/index.php\/2022\/12\/09\/ruben-perez-voceiro-da-marea-de-vigo-2\/#primaryimage"},"image":{"@id":"https:\/\/www.anovapeneira.gal\/index.php\/2022\/12\/09\/ruben-perez-voceiro-da-marea-de-vigo-2\/#primaryimage"},"thumbnailUrl":"https:\/\/www.anovapeneira.gal\/wp-content\/uploads\/2022\/12\/ruben_marea_vigo.jpg","datePublished":"2022-12-09T11:00:36+00:00","description":"Rub\u00e9n \u00e9 o voceiro da Marea de Vigo, supo\u00f1o que novamente ser\u00e1 o seu candidato \u00e1 alcald\u00eda , \u00e9 o responsable estatal de municipalismo de Izquierda Unida e \u00e9 un vello amigo desta casa co que novamente foi un pracer conversar da actualidade pol\u00edtica local, galega e estatal.","breadcrumb":{"@id":"https:\/\/www.anovapeneira.gal\/index.php\/2022\/12\/09\/ruben-perez-voceiro-da-marea-de-vigo-2\/#breadcrumb"},"inLanguage":"gl-ES","potentialAction":[{"@type":"ReadAction","target":["https:\/\/www.anovapeneira.gal\/index.php\/2022\/12\/09\/ruben-perez-voceiro-da-marea-de-vigo-2\/"]}]},{"@type":"ImageObject","inLanguage":"gl-ES","@id":"https:\/\/www.anovapeneira.gal\/index.php\/2022\/12\/09\/ruben-perez-voceiro-da-marea-de-vigo-2\/#primaryimage","url":"https:\/\/www.anovapeneira.gal\/wp-content\/uploads\/2022\/12\/ruben_marea_vigo.jpg","contentUrl":"https:\/\/www.anovapeneira.gal\/wp-content\/uploads\/2022\/12\/ruben_marea_vigo.jpg","width":720,"height":432,"caption":"Rub\u00e9n P\u00e9rez voceiro da Marea de Vigo"},{"@type":"BreadcrumbList","@id":"https:\/\/www.anovapeneira.gal\/index.php\/2022\/12\/09\/ruben-perez-voceiro-da-marea-de-vigo-2\/#breadcrumb","itemListElement":[{"@type":"ListItem","position":1,"name":"Portada","item":"https:\/\/www.anovapeneira.gal\/"},{"@type":"ListItem","position":2,"name":"Rub\u00e9n P\u00e9rez voceiro da Marea de Vigo"}]},{"@type":"WebSite","@id":"https:\/\/www.anovapeneira.gal\/#website","url":"https:\/\/www.anovapeneira.gal\/","name":"","description":"Xornal galego de informaci\u00f3n xeral Publicaci\u00f3n mensual de novas de Galicia e en especial dos Concellos da sur da provincia de Pontevedra.","publisher":{"@id":"https:\/\/www.anovapeneira.gal\/#organization"},"potentialAction":[{"@type":"SearchAction","target":{"@type":"EntryPoint","urlTemplate":"https:\/\/www.anovapeneira.gal\/?s={search_term_string}"},"query-input":{"@type":"PropertyValueSpecification","valueRequired":true,"valueName":"search_term_string"}}],"inLanguage":"gl-ES"},{"@type":"Organization","@id":"https:\/\/www.anovapeneira.gal\/#organization","name":"A Nova Peneira","url":"https:\/\/www.anovapeneira.gal\/","logo":{"@type":"ImageObject","inLanguage":"gl-ES","@id":"https:\/\/www.anovapeneira.gal\/#\/schema\/logo\/image\/","url":"http:\/\/www.anovapeneira.gal\/wp-content\/uploads\/2019\/06\/logo_a_nova_peneira_portal_web.png","contentUrl":"http:\/\/www.anovapeneira.gal\/wp-content\/uploads\/2019\/06\/logo_a_nova_peneira_portal_web.png","width":300,"height":100,"caption":"A Nova Peneira"},"image":{"@id":"https:\/\/www.anovapeneira.gal\/#\/schema\/logo\/image\/"},"sameAs":["https:\/\/www.facebook.com\/anovapeneira","https:\/\/x.com\/APeneira"]},{"@type":"Person","@id":"https:\/\/www.anovapeneira.gal\/#\/schema\/person\/b93e3f8932e3f8da96334607eb6ac6aa","name":"Redacci\u00f3n A Nova Peneira","image":{"@type":"ImageObject","inLanguage":"gl-ES","@id":"https:\/\/secure.gravatar.com\/avatar\/c052a2551a06e23fac63626232eaa90abd78dbcf1700fc46a2b2c89fd27b735f?s=96&d=mm&r=g","url":"https:\/\/secure.gravatar.com\/avatar\/c052a2551a06e23fac63626232eaa90abd78dbcf1700fc46a2b2c89fd27b735f?s=96&d=mm&r=g","contentUrl":"https:\/\/secure.gravatar.com\/avatar\/c052a2551a06e23fac63626232eaa90abd78dbcf1700fc46a2b2c89fd27b735f?s=96&d=mm&r=g","caption":"Redacci\u00f3n A Nova Peneira"},"sameAs":["http:\/\/www.anovapeneira.gal\/"],"url":"https:\/\/www.anovapeneira.gal\/index.php\/author\/redactor\/"}]}},"jetpack_featured_media_url":"https:\/\/www.anovapeneira.gal\/wp-content\/uploads\/2022\/12\/ruben_marea_vigo.jpg","_links":{"self":[{"href":"https:\/\/www.anovapeneira.gal\/index.php\/wp-json\/wp\/v2\/posts\/8725","targetHints":{"allow":["GET"]}}],"collection":[{"href":"https:\/\/www.anovapeneira.gal\/index.php\/wp-json\/wp\/v2\/posts"}],"about":[{"href":"https:\/\/www.anovapeneira.gal\/index.php\/wp-json\/wp\/v2\/types\/post"}],"author":[{"embeddable":true,"href":"https:\/\/www.anovapeneira.gal\/index.php\/wp-json\/wp\/v2\/users\/3"}],"replies":[{"embeddable":true,"href":"https:\/\/www.anovapeneira.gal\/index.php\/wp-json\/wp\/v2\/comments?post=8725"}],"version-history":[{"count":1,"href":"https:\/\/www.anovapeneira.gal\/index.php\/wp-json\/wp\/v2\/posts\/8725\/revisions"}],"predecessor-version":[{"id":8727,"href":"https:\/\/www.anovapeneira.gal\/index.php\/wp-json\/wp\/v2\/posts\/8725\/revisions\/8727"}],"wp:featuredmedia":[{"embeddable":true,"href":"https:\/\/www.anovapeneira.gal\/index.php\/wp-json\/wp\/v2\/media\/8728"}],"wp:attachment":[{"href":"https:\/\/www.anovapeneira.gal\/index.php\/wp-json\/wp\/v2\/media?parent=8725"}],"wp:term":[{"taxonomy":"category","embeddable":true,"href":"https:\/\/www.anovapeneira.gal\/index.php\/wp-json\/wp\/v2\/categories?post=8725"},{"taxonomy":"post_tag","embeddable":true,"href":"https:\/\/www.anovapeneira.gal\/index.php\/wp-json\/wp\/v2\/tags?post=8725"}],"curies":[{"name":"wp","href":"https:\/\/api.w.org\/{rel}","templated":true}]}}