{"id":8732,"date":"2022-12-12T12:00:18","date_gmt":"2022-12-12T11:00:18","guid":{"rendered":"https:\/\/www.anovapeneira.gal\/?p=8732"},"modified":"2022-12-07T12:46:47","modified_gmt":"2022-12-07T11:46:47","slug":"serafin-fernandez-portela-responsable-da-union-local-da-cig-na-guarda","status":"publish","type":"post","link":"https:\/\/www.anovapeneira.gal\/index.php\/2022\/12\/12\/serafin-fernandez-portela-responsable-da-union-local-da-cig-na-guarda\/","title":{"rendered":"Seraf\u00edn Fern\u00e1ndez portela responsable da Uni\u00f3n Local da CIG na Guarda"},"content":{"rendered":"\n<pre class=\"wp-block-verse\"><strong>Redacci\u00f3n Baixo Mi\u00f1o<\/strong><\/pre>\n\n\n\n<p><strong>Calquera persoa que leve ao pa\u00eds galego no coraz\u00f3n e a conciencia de clase, de clase traballadora, no m\u00e1is profundo das entra\u00f1as ten que sentir envexa, envexa sa, da situaci\u00f3n do nacionalismo pol\u00edtico e sindical na comarca do Baixo Mi\u00f1o. As alcald\u00edas de Tomi\u00f1o e do Rosal, unha situaci\u00f3n moi favorable para poder acadar a alcald\u00eda da Guarda e unha representatividade do sindicalismo nacionalista, abafadora en comparaci\u00f3n coas outras organizaci\u00f3ns sindicais, non xorden por casualidade, non agroman dun d\u00eda para outro. Nacen porque nesta comarca existe unha xeraci\u00f3n de homes e mulleres comprometidos e comprometidas coas clases populares do pa\u00eds Galego e que levan moito traballo no lombo, ao longo de moitos anos e en condici\u00f3ns moi dif\u00edciles, para chegar a unha situaci\u00f3n que debe ser a meta a que aspire o nacionalismo galego en todo o pa\u00eds: acadarmos a hexemon\u00eda pol\u00edtica e social. Unha desas persoas \u00e1s que este pa\u00eds ter\u00e1 que reco\u00f1ecer alg\u00fan d\u00eda como se merece e Seraf\u00edn Fern\u00e1ndez, o Fin da Guarda, que leva toda a s\u00faa vida, con moitos e moitas, na loita por unha Galicia m\u00e1is xusta.<\/strong><\/p>\n\n\n\n<h2 class=\"wp-block-heading\">\u201c<strong>O modelo sindical da CIG, de combate contra calquera abuso e inxustiza, \u00e9 o que fai que sexamos a primeira forza sindical na nosa comarca cun 65% de representatividade\u201d<\/strong><\/h2>\n\n\n\n<p><strong>Hai poucos meses fuches reelixido secretario da uni\u00f3n local da CIG na Guarda. Como est\u00e1 a sa\u00fade do sindicalismo nacionalista na nosa comarca?<\/strong><\/p>\n\n\n\n<blockquote class=\"wp-block-quote is-layout-flow wp-block-quote-is-layout-flow\"><p>A sa\u00fade da nosa central sindical, na nosa comarca, \u00e9 excelente. Estamos en todos os conflitos sempre na vangarda da defensa de quen sofre abuso ou explotaci\u00f3n, crecemos en representatividade e a nosa organizaci\u00f3n \u00e9 a primeira referencia das clases traballadoras do Baixo Mi\u00f1o. A afiliaci\u00f3n non para de medrar, e cada vez son m\u00e1is as traballadoras e traballadores que se achegan \u00e1 CIG na procura de axuda e de asesoramento<\/p><\/blockquote>\n\n\n\n<p><strong>Sodes a primeira forza sindical na nosa comarca?<\/strong><\/p>\n\n\n\n<blockquote class=\"wp-block-quote is-layout-flow wp-block-quote-is-layout-flow\"><p>Si, con moita diferenza. N\u00f3s nestes momentos coido que superamos o 65% de representaci\u00f3n.<\/p><\/blockquote>\n\n\n\n<p><strong>Cada ves escoito m\u00e1is veces a representantes dos segmentos m\u00e1is combativos da sociedade laiarse de que os sindicatos, en xeral, est\u00e1n a converterse en meras asesor\u00edas. Compartes esta visi\u00f3n?<\/strong><\/p>\n\n\n\n<blockquote class=\"wp-block-quote is-layout-flow wp-block-quote-is-layout-flow\"><p>Si, comp\u00e1rtoa en relaci\u00f3n aos dous sindicatos m\u00e1is representativos do estado. Iso non acontece na CIG, cr\u00e9eme que se fose as\u00ed eu non estar\u00eda aqu\u00ed. A CIG est\u00e1 permanentemente na r\u00faa, est\u00e1 en todos os conflitos laborais, e en todas as reivindicaci\u00f3ns sociais. E \u00e9 o noso modelo sindical de combate contra a inxustiza o que fai que sexamos 1\u00ba forza sindical na nosa comarca.<\/p><\/blockquote>\n\n\n\n<p><strong>Se cadra o conflito laboral m\u00e1is importante dos \u00faltimos tempos foi o do SAF non?<\/strong><\/p>\n\n\n\n<blockquote class=\"wp-block-quote is-layout-flow wp-block-quote-is-layout-flow\"><p>Si, sen d\u00fabida. E a CIG , como non pod\u00eda ser doutro modo, tivo un papel moi importante no Rosal, Tomi\u00f1o e A Guarda. En Oia, non tivemos oportunidade<\/p><\/blockquote>\n\n\n\n<p><strong>O seguimento da folga como foi?<\/strong><\/p>\n\n\n\n<blockquote class=\"wp-block-quote is-layout-flow wp-block-quote-is-layout-flow\"><p>Espectacular. Na Guarda de 23 traballadoras 19 estiveron continuamente na folga. No Rosal a participaci\u00f3n tam\u00e9n foi abafadora e en Tomi\u00f1o foi boa tam\u00e9n. A d\u00eda de hoxe o pre acordo que asinaran CCOO e UGT est\u00e1 suspendido.<\/p><\/blockquote>\n\n\n\n<p><strong>Que valoraci\u00f3n fai a CIG dese pre acordo que finalmente semella que non se vai executar?<\/strong><\/p>\n\n\n\n<blockquote class=\"wp-block-quote is-layout-flow wp-block-quote-is-layout-flow\"><p>Era un acordo absolutamente intolerable. Xeraba unha dupla escala salarial que calquera sindicato cun m\u00ednimo de conciencia non pod\u00eda aceptar de ningunha maneira. Afortunadamente temos a maior\u00eda sindical tanto na Guarda como en Tomi\u00f1o, no Rosal pronto haber\u00e1 elecci\u00f3ns e confiamos tela tam\u00e9n, e puidemos practicar un sindicalismo de combate e dignidade contra o abuso flagrante dese pre acordo que asinaran CCOO e UGT. N\u00f3s ti\u00f1amos claro desde un principio que ese pre acordo deb\u00eda der rexeitado si ou si. Non \u00e9 aceptable que polo mesmo traballo se cobre distinto, dependendo de si estamos ante unha nova licitaci\u00f3n ou unha xa antiga. Pero que tipo de sindicalismo pode aceptar semellante barbaridade\u00a1\u00a1\u00a1<\/p><\/blockquote>\n\n\n\n<p><strong>Pois hai un tipo de sindicalismo que si asinou iso<\/strong><\/p>\n\n\n\n<blockquote class=\"wp-block-quote is-layout-flow wp-block-quote-is-layout-flow\"><p>E tivo que ser a dignidade das traballadoras a que, despois de 28 d\u00edas de folga, obrigoulles a recuncar. De feito temos constancia de que delegadas das d\u00faas centrais sindicais que o asinaran estanlles caendo pois a sinatura dese pre convenio non a entende ningu\u00e9n. E tam\u00e9n quero dicir que se isto durou tanto tempo foi con intenci\u00f3n de rebentar \u00e1s traballadoras<\/p><\/blockquote>\n\n\n\n<p><strong>E agora que?<\/strong><\/p>\n\n\n\n<blockquote class=\"wp-block-quote is-layout-flow wp-block-quote-is-layout-flow\"><p>Agora hai que comezar a falar de novo<\/p><\/blockquote>\n\n\n\n<p><strong>O conflito do SAF \u00e9 o que m\u00e1is nos preocupa no presente, pero no pasado recente, moi recente, tam\u00e9n tiveramos outro enormemente duro, o conflito de IKF. Creo lembrar que foron 72 d\u00edas de folga indefinida. Como se resolveu?<\/strong><\/p>\n\n\n\n<blockquote class=\"wp-block-quote is-layout-flow wp-block-quote-is-layout-flow\"><p>Resolveuse de maneira moi positiva, non puidemos conseguir todo que n\u00f3s queriamos, pero \u00e1 direcci\u00f3n da empresa non lle quedou m\u00e1is remedio que, grazas \u00e1 enorme dignidade e valent\u00eda do seu cadro de persoal, aceptar moitas das s\u00faas xustas demandas que por suposto tam\u00e9n apoiaba \u00e1 CIG<\/p><\/blockquote>\n\n\n\n<p><strong>Hai alg\u00fan outro foco de conflito que prev\u00e9s poida estoupar proximamente?<\/strong><\/p>\n\n\n\n<blockquote class=\"wp-block-quote is-layout-flow wp-block-quote-is-layout-flow\"><p>Perd\u00f3ame a met\u00e1fora pero os conflitos sonche como os cogomelos, soen nacer de s\u00fapeto. A priori non temos constancia de nada importante, pero iso nunca se pode saber. Agora, o que si hai \u00e9 un goteo constante de pequenos conflitos individuais. Son moitos abof\u00e9 que si, e n\u00f3s inser\u00edmolo no contexto tan duro que , unha vez m\u00e1is, o capital obriga a sufrir \u00e1s clases traballadoras co obxectivo evidente de maximizar os seus beneficios. \u00c9 o de sempre na historia do capitalismo: transvase xigantesco das rendas do traballo ao capital, e a ese atraco ch\u00e1manlle \u201c crise\u201d. E non \u00e9 que o digamos n\u00f3s, d\u00edo o propio Banco de Espa\u00f1a que a principios deste mes informaba de que os beneficios das empresas crecen 7 veces m\u00e1is que os soldos dos traballadores e traballadoras.<\/p><\/blockquote>\n\n\n\n<p><strong>Como son as relaci\u00f3ns cos catro concellos que atinxen \u00e1 Uni\u00f3n Local da Guarda?<\/strong><\/p>\n\n\n\n<blockquote class=\"wp-block-quote is-layout-flow wp-block-quote-is-layout-flow\"><p>Con Oia as relaci\u00f3ns non existen .No caso de Tomi\u00f1o e O Rosal as relaci\u00f3ns son aceptables, e no caso de A Guarda as relaci\u00f3ns son moi malas.<\/p><\/blockquote>\n\n\n\n<p><strong>Por que?<\/strong><\/p>\n\n\n\n<blockquote class=\"wp-block-quote is-layout-flow wp-block-quote-is-layout-flow\"><p>Pois n\u00f3s entendemos que a actitude de Antonio Lomba e de Montse Magallanes son manifestamente mellorables.<\/p><\/blockquote>\n","protected":false},"excerpt":{"rendered":"<div class=\"mh-excerpt\"><p>Calquera persoa que leve ao pa\u00eds galego no coraz\u00f3n e a conciencia de clase, de clase traballadora, no m\u00e1is profundo das entra\u00f1as ten que sentir envexa, envexa sa, da situaci\u00f3n do nacionalismo pol\u00edtico e sindical na comarca do Baixo Mi\u00f1o <a class=\"mh-excerpt-more\" href=\"https:\/\/www.anovapeneira.gal\/index.php\/2022\/12\/12\/serafin-fernandez-portela-responsable-da-union-local-da-cig-na-guarda\/\" title=\"Seraf\u00edn Fern\u00e1ndez portela responsable da Uni\u00f3n Local da CIG na Guarda\">[&#8230;]<\/a><\/p>\n<\/div>","protected":false},"author":3,"featured_media":8734,"comment_status":"open","ping_status":"open","sticky":false,"template":"","format":"standard","meta":{"_exactmetrics_skip_tracking":false,"_exactmetrics_sitenote_active":false,"_exactmetrics_sitenote_note":"","_exactmetrics_sitenote_category":0,"footnotes":""},"categories":[266],"tags":[238],"class_list":{"0":"post-8732","1":"post","2":"type-post","3":"status-publish","4":"format-standard","5":"has-post-thumbnail","7":"category-baixo-mino-entrevistas","8":"tag-concello-da-guarda"},"yoast_head":"<!-- This site is optimized with the Yoast SEO plugin v27.4 - https:\/\/yoast.com\/product\/yoast-seo-wordpress\/ -->\n<title>Seraf\u00edn Fern\u00e1ndez portela responsable da Uni\u00f3n Local da CIG na Guarda -<\/title>\n<meta name=\"description\" content=\"Calquera persoa que leve ao pa\u00eds galego no coraz\u00f3n e a conciencia de clase, de clase traballadora, no m\u00e1is profundo das entra\u00f1as ten que sentir envexa, envexa sa, da situaci\u00f3n do nacionalismo pol\u00edtico e sindical na comarca do Baixo Mi\u00f1o\" \/>\n<meta name=\"robots\" content=\"index, follow, max-snippet:-1, max-image-preview:large, max-video-preview:-1\" \/>\n<link rel=\"canonical\" href=\"https:\/\/www.anovapeneira.gal\/index.php\/2022\/12\/12\/serafin-fernandez-portela-responsable-da-union-local-da-cig-na-guarda\/\" \/>\n<meta property=\"og:locale\" content=\"gl_ES\" \/>\n<meta property=\"og:type\" content=\"article\" \/>\n<meta property=\"og:title\" content=\"Seraf\u00edn Fern\u00e1ndez portela responsable da Uni\u00f3n Local da CIG na Guarda -\" \/>\n<meta property=\"og:description\" content=\"Calquera persoa que leve ao pa\u00eds galego no coraz\u00f3n e a conciencia de clase, de clase traballadora, no m\u00e1is profundo das entra\u00f1as ten que sentir envexa, envexa sa, da situaci\u00f3n do nacionalismo pol\u00edtico e sindical na comarca do Baixo Mi\u00f1o\" \/>\n<meta property=\"og:url\" content=\"https:\/\/www.anovapeneira.gal\/index.php\/2022\/12\/12\/serafin-fernandez-portela-responsable-da-union-local-da-cig-na-guarda\/\" \/>\n<meta property=\"article:publisher\" content=\"https:\/\/www.facebook.com\/anovapeneira\" \/>\n<meta property=\"article:published_time\" content=\"2022-12-12T11:00:18+00:00\" \/>\n<meta property=\"og:image\" content=\"https:\/\/www.anovapeneira.gal\/wp-content\/uploads\/2022\/12\/serafin_cig_garda.jpg\" \/>\n\t<meta property=\"og:image:width\" content=\"720\" \/>\n\t<meta property=\"og:image:height\" content=\"432\" \/>\n\t<meta property=\"og:image:type\" content=\"image\/jpeg\" \/>\n<meta name=\"author\" content=\"Redacci\u00f3n A Nova Peneira\" \/>\n<meta name=\"twitter:card\" content=\"summary_large_image\" \/>\n<meta name=\"twitter:creator\" content=\"@APeneira\" \/>\n<meta name=\"twitter:site\" content=\"@APeneira\" \/>\n<meta name=\"twitter:label1\" content=\"Escrito por\" \/>\n\t<meta name=\"twitter:data1\" content=\"Redacci\u00f3n A Nova Peneira\" \/>\n\t<meta name=\"twitter:label2\" content=\"Tempo de lectura\" \/>\n\t<meta name=\"twitter:data2\" content=\"6 minutos\" \/>\n<script type=\"application\/ld+json\" class=\"yoast-schema-graph\">{\"@context\":\"https:\\\/\\\/schema.org\",\"@graph\":[{\"@type\":\"Article\",\"@id\":\"https:\\\/\\\/www.anovapeneira.gal\\\/index.php\\\/2022\\\/12\\\/12\\\/serafin-fernandez-portela-responsable-da-union-local-da-cig-na-guarda\\\/#article\",\"isPartOf\":{\"@id\":\"https:\\\/\\\/www.anovapeneira.gal\\\/index.php\\\/2022\\\/12\\\/12\\\/serafin-fernandez-portela-responsable-da-union-local-da-cig-na-guarda\\\/\"},\"author\":{\"name\":\"Redacci\u00f3n A Nova Peneira\",\"@id\":\"https:\\\/\\\/www.anovapeneira.gal\\\/#\\\/schema\\\/person\\\/b93e3f8932e3f8da96334607eb6ac6aa\"},\"headline\":\"Seraf\u00edn Fern\u00e1ndez portela responsable da Uni\u00f3n Local da CIG na Guarda\",\"datePublished\":\"2022-12-12T11:00:18+00:00\",\"mainEntityOfPage\":{\"@id\":\"https:\\\/\\\/www.anovapeneira.gal\\\/index.php\\\/2022\\\/12\\\/12\\\/serafin-fernandez-portela-responsable-da-union-local-da-cig-na-guarda\\\/\"},\"wordCount\":1105,\"commentCount\":0,\"publisher\":{\"@id\":\"https:\\\/\\\/www.anovapeneira.gal\\\/#organization\"},\"image\":{\"@id\":\"https:\\\/\\\/www.anovapeneira.gal\\\/index.php\\\/2022\\\/12\\\/12\\\/serafin-fernandez-portela-responsable-da-union-local-da-cig-na-guarda\\\/#primaryimage\"},\"thumbnailUrl\":\"https:\\\/\\\/www.anovapeneira.gal\\\/wp-content\\\/uploads\\\/2022\\\/12\\\/serafin_cig_garda.jpg\",\"keywords\":[\"Concello da Guarda\"],\"articleSection\":[\"Baixo Mi\u00f1o\"],\"inLanguage\":\"gl-ES\",\"potentialAction\":[{\"@type\":\"CommentAction\",\"name\":\"Comment\",\"target\":[\"https:\\\/\\\/www.anovapeneira.gal\\\/index.php\\\/2022\\\/12\\\/12\\\/serafin-fernandez-portela-responsable-da-union-local-da-cig-na-guarda\\\/#respond\"]}]},{\"@type\":\"WebPage\",\"@id\":\"https:\\\/\\\/www.anovapeneira.gal\\\/index.php\\\/2022\\\/12\\\/12\\\/serafin-fernandez-portela-responsable-da-union-local-da-cig-na-guarda\\\/\",\"url\":\"https:\\\/\\\/www.anovapeneira.gal\\\/index.php\\\/2022\\\/12\\\/12\\\/serafin-fernandez-portela-responsable-da-union-local-da-cig-na-guarda\\\/\",\"name\":\"Seraf\u00edn Fern\u00e1ndez portela responsable da Uni\u00f3n Local da CIG na Guarda -\",\"isPartOf\":{\"@id\":\"https:\\\/\\\/www.anovapeneira.gal\\\/#website\"},\"primaryImageOfPage\":{\"@id\":\"https:\\\/\\\/www.anovapeneira.gal\\\/index.php\\\/2022\\\/12\\\/12\\\/serafin-fernandez-portela-responsable-da-union-local-da-cig-na-guarda\\\/#primaryimage\"},\"image\":{\"@id\":\"https:\\\/\\\/www.anovapeneira.gal\\\/index.php\\\/2022\\\/12\\\/12\\\/serafin-fernandez-portela-responsable-da-union-local-da-cig-na-guarda\\\/#primaryimage\"},\"thumbnailUrl\":\"https:\\\/\\\/www.anovapeneira.gal\\\/wp-content\\\/uploads\\\/2022\\\/12\\\/serafin_cig_garda.jpg\",\"datePublished\":\"2022-12-12T11:00:18+00:00\",\"description\":\"Calquera persoa que leve ao pa\u00eds galego no coraz\u00f3n e a conciencia de clase, de clase traballadora, no m\u00e1is profundo das entra\u00f1as ten que sentir envexa, envexa sa, da situaci\u00f3n do nacionalismo pol\u00edtico e sindical na comarca do Baixo Mi\u00f1o\",\"breadcrumb\":{\"@id\":\"https:\\\/\\\/www.anovapeneira.gal\\\/index.php\\\/2022\\\/12\\\/12\\\/serafin-fernandez-portela-responsable-da-union-local-da-cig-na-guarda\\\/#breadcrumb\"},\"inLanguage\":\"gl-ES\",\"potentialAction\":[{\"@type\":\"ReadAction\",\"target\":[\"https:\\\/\\\/www.anovapeneira.gal\\\/index.php\\\/2022\\\/12\\\/12\\\/serafin-fernandez-portela-responsable-da-union-local-da-cig-na-guarda\\\/\"]}]},{\"@type\":\"ImageObject\",\"inLanguage\":\"gl-ES\",\"@id\":\"https:\\\/\\\/www.anovapeneira.gal\\\/index.php\\\/2022\\\/12\\\/12\\\/serafin-fernandez-portela-responsable-da-union-local-da-cig-na-guarda\\\/#primaryimage\",\"url\":\"https:\\\/\\\/www.anovapeneira.gal\\\/wp-content\\\/uploads\\\/2022\\\/12\\\/serafin_cig_garda.jpg\",\"contentUrl\":\"https:\\\/\\\/www.anovapeneira.gal\\\/wp-content\\\/uploads\\\/2022\\\/12\\\/serafin_cig_garda.jpg\",\"width\":720,\"height\":432,\"caption\":\"Seraf\u00edn Fern\u00e1ndez portela\"},{\"@type\":\"BreadcrumbList\",\"@id\":\"https:\\\/\\\/www.anovapeneira.gal\\\/index.php\\\/2022\\\/12\\\/12\\\/serafin-fernandez-portela-responsable-da-union-local-da-cig-na-guarda\\\/#breadcrumb\",\"itemListElement\":[{\"@type\":\"ListItem\",\"position\":1,\"name\":\"Portada\",\"item\":\"https:\\\/\\\/www.anovapeneira.gal\\\/\"},{\"@type\":\"ListItem\",\"position\":2,\"name\":\"Seraf\u00edn Fern\u00e1ndez portela responsable da Uni\u00f3n Local da CIG na Guarda\"}]},{\"@type\":\"WebSite\",\"@id\":\"https:\\\/\\\/www.anovapeneira.gal\\\/#website\",\"url\":\"https:\\\/\\\/www.anovapeneira.gal\\\/\",\"name\":\"\",\"description\":\"Xornal galego de informaci\u00f3n xeral Publicaci\u00f3n mensual de novas de Galicia e en especial dos Concellos da sur da provincia de Pontevedra.\",\"publisher\":{\"@id\":\"https:\\\/\\\/www.anovapeneira.gal\\\/#organization\"},\"potentialAction\":[{\"@type\":\"SearchAction\",\"target\":{\"@type\":\"EntryPoint\",\"urlTemplate\":\"https:\\\/\\\/www.anovapeneira.gal\\\/?s={search_term_string}\"},\"query-input\":{\"@type\":\"PropertyValueSpecification\",\"valueRequired\":true,\"valueName\":\"search_term_string\"}}],\"inLanguage\":\"gl-ES\"},{\"@type\":\"Organization\",\"@id\":\"https:\\\/\\\/www.anovapeneira.gal\\\/#organization\",\"name\":\"A Nova Peneira\",\"url\":\"https:\\\/\\\/www.anovapeneira.gal\\\/\",\"logo\":{\"@type\":\"ImageObject\",\"inLanguage\":\"gl-ES\",\"@id\":\"https:\\\/\\\/www.anovapeneira.gal\\\/#\\\/schema\\\/logo\\\/image\\\/\",\"url\":\"http:\\\/\\\/www.anovapeneira.gal\\\/wp-content\\\/uploads\\\/2019\\\/06\\\/logo_a_nova_peneira_portal_web.png\",\"contentUrl\":\"http:\\\/\\\/www.anovapeneira.gal\\\/wp-content\\\/uploads\\\/2019\\\/06\\\/logo_a_nova_peneira_portal_web.png\",\"width\":300,\"height\":100,\"caption\":\"A Nova Peneira\"},\"image\":{\"@id\":\"https:\\\/\\\/www.anovapeneira.gal\\\/#\\\/schema\\\/logo\\\/image\\\/\"},\"sameAs\":[\"https:\\\/\\\/www.facebook.com\\\/anovapeneira\",\"https:\\\/\\\/x.com\\\/APeneira\"]},{\"@type\":\"Person\",\"@id\":\"https:\\\/\\\/www.anovapeneira.gal\\\/#\\\/schema\\\/person\\\/b93e3f8932e3f8da96334607eb6ac6aa\",\"name\":\"Redacci\u00f3n A Nova Peneira\",\"image\":{\"@type\":\"ImageObject\",\"inLanguage\":\"gl-ES\",\"@id\":\"https:\\\/\\\/secure.gravatar.com\\\/avatar\\\/c052a2551a06e23fac63626232eaa90abd78dbcf1700fc46a2b2c89fd27b735f?s=96&d=mm&r=g\",\"url\":\"https:\\\/\\\/secure.gravatar.com\\\/avatar\\\/c052a2551a06e23fac63626232eaa90abd78dbcf1700fc46a2b2c89fd27b735f?s=96&d=mm&r=g\",\"contentUrl\":\"https:\\\/\\\/secure.gravatar.com\\\/avatar\\\/c052a2551a06e23fac63626232eaa90abd78dbcf1700fc46a2b2c89fd27b735f?s=96&d=mm&r=g\",\"caption\":\"Redacci\u00f3n A Nova Peneira\"},\"sameAs\":[\"http:\\\/\\\/www.anovapeneira.gal\\\/\"],\"url\":\"https:\\\/\\\/www.anovapeneira.gal\\\/index.php\\\/author\\\/redactor\\\/\"}]}<\/script>\n<!-- \/ Yoast SEO plugin. -->","yoast_head_json":{"title":"Seraf\u00edn Fern\u00e1ndez portela responsable da Uni\u00f3n Local da CIG na Guarda -","description":"Calquera persoa que leve ao pa\u00eds galego no coraz\u00f3n e a conciencia de clase, de clase traballadora, no m\u00e1is profundo das entra\u00f1as ten que sentir envexa, envexa sa, da situaci\u00f3n do nacionalismo pol\u00edtico e sindical na comarca do Baixo Mi\u00f1o","robots":{"index":"index","follow":"follow","max-snippet":"max-snippet:-1","max-image-preview":"max-image-preview:large","max-video-preview":"max-video-preview:-1"},"canonical":"https:\/\/www.anovapeneira.gal\/index.php\/2022\/12\/12\/serafin-fernandez-portela-responsable-da-union-local-da-cig-na-guarda\/","og_locale":"gl_ES","og_type":"article","og_title":"Seraf\u00edn Fern\u00e1ndez portela responsable da Uni\u00f3n Local da CIG na Guarda -","og_description":"Calquera persoa que leve ao pa\u00eds galego no coraz\u00f3n e a conciencia de clase, de clase traballadora, no m\u00e1is profundo das entra\u00f1as ten que sentir envexa, envexa sa, da situaci\u00f3n do nacionalismo pol\u00edtico e sindical na comarca do Baixo Mi\u00f1o","og_url":"https:\/\/www.anovapeneira.gal\/index.php\/2022\/12\/12\/serafin-fernandez-portela-responsable-da-union-local-da-cig-na-guarda\/","article_publisher":"https:\/\/www.facebook.com\/anovapeneira","article_published_time":"2022-12-12T11:00:18+00:00","og_image":[{"width":720,"height":432,"url":"https:\/\/www.anovapeneira.gal\/wp-content\/uploads\/2022\/12\/serafin_cig_garda.jpg","type":"image\/jpeg"}],"author":"Redacci\u00f3n A Nova Peneira","twitter_card":"summary_large_image","twitter_creator":"@APeneira","twitter_site":"@APeneira","twitter_misc":{"Escrito por":"Redacci\u00f3n A Nova Peneira","Tempo de lectura":"6 minutos"},"schema":{"@context":"https:\/\/schema.org","@graph":[{"@type":"Article","@id":"https:\/\/www.anovapeneira.gal\/index.php\/2022\/12\/12\/serafin-fernandez-portela-responsable-da-union-local-da-cig-na-guarda\/#article","isPartOf":{"@id":"https:\/\/www.anovapeneira.gal\/index.php\/2022\/12\/12\/serafin-fernandez-portela-responsable-da-union-local-da-cig-na-guarda\/"},"author":{"name":"Redacci\u00f3n A Nova Peneira","@id":"https:\/\/www.anovapeneira.gal\/#\/schema\/person\/b93e3f8932e3f8da96334607eb6ac6aa"},"headline":"Seraf\u00edn Fern\u00e1ndez portela responsable da Uni\u00f3n Local da CIG na Guarda","datePublished":"2022-12-12T11:00:18+00:00","mainEntityOfPage":{"@id":"https:\/\/www.anovapeneira.gal\/index.php\/2022\/12\/12\/serafin-fernandez-portela-responsable-da-union-local-da-cig-na-guarda\/"},"wordCount":1105,"commentCount":0,"publisher":{"@id":"https:\/\/www.anovapeneira.gal\/#organization"},"image":{"@id":"https:\/\/www.anovapeneira.gal\/index.php\/2022\/12\/12\/serafin-fernandez-portela-responsable-da-union-local-da-cig-na-guarda\/#primaryimage"},"thumbnailUrl":"https:\/\/www.anovapeneira.gal\/wp-content\/uploads\/2022\/12\/serafin_cig_garda.jpg","keywords":["Concello da Guarda"],"articleSection":["Baixo Mi\u00f1o"],"inLanguage":"gl-ES","potentialAction":[{"@type":"CommentAction","name":"Comment","target":["https:\/\/www.anovapeneira.gal\/index.php\/2022\/12\/12\/serafin-fernandez-portela-responsable-da-union-local-da-cig-na-guarda\/#respond"]}]},{"@type":"WebPage","@id":"https:\/\/www.anovapeneira.gal\/index.php\/2022\/12\/12\/serafin-fernandez-portela-responsable-da-union-local-da-cig-na-guarda\/","url":"https:\/\/www.anovapeneira.gal\/index.php\/2022\/12\/12\/serafin-fernandez-portela-responsable-da-union-local-da-cig-na-guarda\/","name":"Seraf\u00edn Fern\u00e1ndez portela responsable da Uni\u00f3n Local da CIG na Guarda -","isPartOf":{"@id":"https:\/\/www.anovapeneira.gal\/#website"},"primaryImageOfPage":{"@id":"https:\/\/www.anovapeneira.gal\/index.php\/2022\/12\/12\/serafin-fernandez-portela-responsable-da-union-local-da-cig-na-guarda\/#primaryimage"},"image":{"@id":"https:\/\/www.anovapeneira.gal\/index.php\/2022\/12\/12\/serafin-fernandez-portela-responsable-da-union-local-da-cig-na-guarda\/#primaryimage"},"thumbnailUrl":"https:\/\/www.anovapeneira.gal\/wp-content\/uploads\/2022\/12\/serafin_cig_garda.jpg","datePublished":"2022-12-12T11:00:18+00:00","description":"Calquera persoa que leve ao pa\u00eds galego no coraz\u00f3n e a conciencia de clase, de clase traballadora, no m\u00e1is profundo das entra\u00f1as ten que sentir envexa, envexa sa, da situaci\u00f3n do nacionalismo pol\u00edtico e sindical na comarca do Baixo Mi\u00f1o","breadcrumb":{"@id":"https:\/\/www.anovapeneira.gal\/index.php\/2022\/12\/12\/serafin-fernandez-portela-responsable-da-union-local-da-cig-na-guarda\/#breadcrumb"},"inLanguage":"gl-ES","potentialAction":[{"@type":"ReadAction","target":["https:\/\/www.anovapeneira.gal\/index.php\/2022\/12\/12\/serafin-fernandez-portela-responsable-da-union-local-da-cig-na-guarda\/"]}]},{"@type":"ImageObject","inLanguage":"gl-ES","@id":"https:\/\/www.anovapeneira.gal\/index.php\/2022\/12\/12\/serafin-fernandez-portela-responsable-da-union-local-da-cig-na-guarda\/#primaryimage","url":"https:\/\/www.anovapeneira.gal\/wp-content\/uploads\/2022\/12\/serafin_cig_garda.jpg","contentUrl":"https:\/\/www.anovapeneira.gal\/wp-content\/uploads\/2022\/12\/serafin_cig_garda.jpg","width":720,"height":432,"caption":"Seraf\u00edn Fern\u00e1ndez portela"},{"@type":"BreadcrumbList","@id":"https:\/\/www.anovapeneira.gal\/index.php\/2022\/12\/12\/serafin-fernandez-portela-responsable-da-union-local-da-cig-na-guarda\/#breadcrumb","itemListElement":[{"@type":"ListItem","position":1,"name":"Portada","item":"https:\/\/www.anovapeneira.gal\/"},{"@type":"ListItem","position":2,"name":"Seraf\u00edn Fern\u00e1ndez portela responsable da Uni\u00f3n Local da CIG na Guarda"}]},{"@type":"WebSite","@id":"https:\/\/www.anovapeneira.gal\/#website","url":"https:\/\/www.anovapeneira.gal\/","name":"","description":"Xornal galego de informaci\u00f3n xeral Publicaci\u00f3n mensual de novas de Galicia e en especial dos Concellos da sur da provincia de Pontevedra.","publisher":{"@id":"https:\/\/www.anovapeneira.gal\/#organization"},"potentialAction":[{"@type":"SearchAction","target":{"@type":"EntryPoint","urlTemplate":"https:\/\/www.anovapeneira.gal\/?s={search_term_string}"},"query-input":{"@type":"PropertyValueSpecification","valueRequired":true,"valueName":"search_term_string"}}],"inLanguage":"gl-ES"},{"@type":"Organization","@id":"https:\/\/www.anovapeneira.gal\/#organization","name":"A Nova Peneira","url":"https:\/\/www.anovapeneira.gal\/","logo":{"@type":"ImageObject","inLanguage":"gl-ES","@id":"https:\/\/www.anovapeneira.gal\/#\/schema\/logo\/image\/","url":"http:\/\/www.anovapeneira.gal\/wp-content\/uploads\/2019\/06\/logo_a_nova_peneira_portal_web.png","contentUrl":"http:\/\/www.anovapeneira.gal\/wp-content\/uploads\/2019\/06\/logo_a_nova_peneira_portal_web.png","width":300,"height":100,"caption":"A Nova Peneira"},"image":{"@id":"https:\/\/www.anovapeneira.gal\/#\/schema\/logo\/image\/"},"sameAs":["https:\/\/www.facebook.com\/anovapeneira","https:\/\/x.com\/APeneira"]},{"@type":"Person","@id":"https:\/\/www.anovapeneira.gal\/#\/schema\/person\/b93e3f8932e3f8da96334607eb6ac6aa","name":"Redacci\u00f3n A Nova Peneira","image":{"@type":"ImageObject","inLanguage":"gl-ES","@id":"https:\/\/secure.gravatar.com\/avatar\/c052a2551a06e23fac63626232eaa90abd78dbcf1700fc46a2b2c89fd27b735f?s=96&d=mm&r=g","url":"https:\/\/secure.gravatar.com\/avatar\/c052a2551a06e23fac63626232eaa90abd78dbcf1700fc46a2b2c89fd27b735f?s=96&d=mm&r=g","contentUrl":"https:\/\/secure.gravatar.com\/avatar\/c052a2551a06e23fac63626232eaa90abd78dbcf1700fc46a2b2c89fd27b735f?s=96&d=mm&r=g","caption":"Redacci\u00f3n A Nova Peneira"},"sameAs":["http:\/\/www.anovapeneira.gal\/"],"url":"https:\/\/www.anovapeneira.gal\/index.php\/author\/redactor\/"}]}},"jetpack_featured_media_url":"https:\/\/www.anovapeneira.gal\/wp-content\/uploads\/2022\/12\/serafin_cig_garda.jpg","_links":{"self":[{"href":"https:\/\/www.anovapeneira.gal\/index.php\/wp-json\/wp\/v2\/posts\/8732","targetHints":{"allow":["GET"]}}],"collection":[{"href":"https:\/\/www.anovapeneira.gal\/index.php\/wp-json\/wp\/v2\/posts"}],"about":[{"href":"https:\/\/www.anovapeneira.gal\/index.php\/wp-json\/wp\/v2\/types\/post"}],"author":[{"embeddable":true,"href":"https:\/\/www.anovapeneira.gal\/index.php\/wp-json\/wp\/v2\/users\/3"}],"replies":[{"embeddable":true,"href":"https:\/\/www.anovapeneira.gal\/index.php\/wp-json\/wp\/v2\/comments?post=8732"}],"version-history":[{"count":1,"href":"https:\/\/www.anovapeneira.gal\/index.php\/wp-json\/wp\/v2\/posts\/8732\/revisions"}],"predecessor-version":[{"id":8733,"href":"https:\/\/www.anovapeneira.gal\/index.php\/wp-json\/wp\/v2\/posts\/8732\/revisions\/8733"}],"wp:featuredmedia":[{"embeddable":true,"href":"https:\/\/www.anovapeneira.gal\/index.php\/wp-json\/wp\/v2\/media\/8734"}],"wp:attachment":[{"href":"https:\/\/www.anovapeneira.gal\/index.php\/wp-json\/wp\/v2\/media?parent=8732"}],"wp:term":[{"taxonomy":"category","embeddable":true,"href":"https:\/\/www.anovapeneira.gal\/index.php\/wp-json\/wp\/v2\/categories?post=8732"},{"taxonomy":"post_tag","embeddable":true,"href":"https:\/\/www.anovapeneira.gal\/index.php\/wp-json\/wp\/v2\/tags?post=8732"}],"curies":[{"name":"wp","href":"https:\/\/api.w.org\/{rel}","templated":true}]}}