{"id":8735,"date":"2022-12-13T10:00:11","date_gmt":"2022-12-13T09:00:11","guid":{"rendered":"https:\/\/www.anovapeneira.gal\/?p=8735"},"modified":"2022-12-07T12:49:48","modified_gmt":"2022-12-07T11:49:48","slug":"aer-anuncia-que-se-presentara-as-eleccions-municipais-e-abrese-a-vecinanza-para-renovar-a-sua-lista","status":"publish","type":"post","link":"https:\/\/www.anovapeneira.gal\/index.php\/2022\/12\/13\/aer-anuncia-que-se-presentara-as-eleccions-municipais-e-abrese-a-vecinanza-para-renovar-a-sua-lista\/","title":{"rendered":"AER anuncia que se presentar\u00e1 \u00e1s elecci\u00f3ns municipais e \u00e1brese \u00e1 veci\u00f1anza para renovar a s\u00faa lista"},"content":{"rendered":"\n<ul class=\"wp-block-list\"><li><strong>Esta ser\u00e1 a cuarta vez que se presente a estes comicios, sendo a primeira Agrupaci\u00f3n electoral en toda Espa\u00f1a que o fai<\/strong><\/li><\/ul>\n\n\n\n<ul class=\"wp-block-list\"><li><strong>Inicia o proceso para recabar as 500 sinaturas necesarias para acudir a esta convocatoria electoral<\/strong><\/li><\/ul>\n\n\n\n<p><strong>Redondela, 7 de decembro de 2022.<\/strong><\/p>\n\n\n\n<p>A Agrupaci\u00f3n de Electores de Redondela v\u00e9n de decidir en Asamblea que se presentar\u00e1 as vindeiras elecci\u00f3ns municipais de maio do 2023. O primeiro paso ser\u00e1 recabar as 500 sinaturas de veci\u00f1as e veci\u00f1os de Redondela con dereito a voto que deber\u00e1n presentar segundo a lexislaci\u00f3n actual. En paralelo, <strong>AER<\/strong> abre xa un proceso de consulta \u00e1 veci\u00f1anza para que se sumen ao seu proxecto e que formen parte da s\u00faa candidatura. \u201c\u00c9 a filosof\u00eda da nosa Agrupaci\u00f3n, queremos e debemos renovarnos. Queremos inclu\u00edr na nosa candidatura novas caras, homes e mulleres que estean dacordo co noso ideario e forma de facer\u201d, explican desde <strong>AER. <\/strong>De feito, a rotaci\u00f3n de concelleiras e concelleiros de cada mandato, desde 2011, as\u00ed o refrendan.<\/p>\n\n\n\n<p>Esta \u00e9 a cuarta vez que <strong>AE<\/strong><strong>R<\/strong> se presenta a estes comicios, sendo a \u00fanica agrupaci\u00f3n de electores en toda Espa\u00f1a que o fai. \u201cEstamos seguros de que temos moito que ofrecer \u00e1s veci\u00f1as e veci\u00f1os de Redondela que queiran acompa\u00f1arnos, xa que en todas as elecci\u00f3ns que nos presentamos fomos chave e fomos quen de decidir e de facer o\u00edr a nosa voz\u201d, insisten desde a Agrupaci\u00f3n. De feito, <strong>AE<\/strong><strong>R<\/strong> obtivo nas elecci\u00f3ns de 2011, un concelleiro e 832 votos; en 2015, catro concelleiros e 2.837 votos e no 2019, tres concelleiros e 2.164 votos.<\/p>\n\n\n\n<p>En canto \u00e1 lista coa que se presentan, a Agrupaci\u00f3n explica \u201cao ser unha organizaci\u00f3n asamblearia, inda temos que votar internamente para decidir as posici\u00f3ns da candidatura\u201d. De feito, contin\u00faan, \u201cen <strong>AE<\/strong><strong>R<\/strong> non hai sitios preasignados, non o sabemos nin n\u00f3s mesmos e pode darse o caso de que algu\u00e9n que entre a formar parte da Agrupaci\u00f3n agora, resulte o n\u00famero 1 da nosa lista\u201d. \u201cO importante, e ao que aspiramos, \u00e9 que de todo este proceso de consulta aberta \u00e1 veci\u00f1anza resulte unha lista de xente comprometida que queira facer as cousas ben porque Redondela o precisa\u201d, concl\u00faen.<\/p>\n","protected":false},"excerpt":{"rendered":"<div class=\"mh-excerpt\"><p>Esta ser\u00e1 a cuarta vez que se presente a estes comicios, sendo a primeira Agrupaci\u00f3n electoral en toda Espa\u00f1a que o fai <a class=\"mh-excerpt-more\" href=\"https:\/\/www.anovapeneira.gal\/index.php\/2022\/12\/13\/aer-anuncia-que-se-presentara-as-eleccions-municipais-e-abrese-a-vecinanza-para-renovar-a-sua-lista\/\" title=\"AER anuncia que se presentar\u00e1 \u00e1s elecci\u00f3ns municipais e \u00e1brese \u00e1 veci\u00f1anza para renovar a s\u00faa lista\">[&#8230;]<\/a><\/p>\n<\/div>","protected":false},"author":3,"featured_media":4504,"comment_status":"open","ping_status":"open","sticky":false,"template":"","format":"standard","meta":{"_exactmetrics_skip_tracking":false,"_exactmetrics_sitenote_active":false,"_exactmetrics_sitenote_note":"","_exactmetrics_sitenote_category":0,"footnotes":""},"categories":[24],"tags":[171],"class_list":{"0":"post-8735","1":"post","2":"type-post","3":"status-publish","4":"format-standard","5":"has-post-thumbnail","7":"category-redondela","8":"tag-concello-de-redondela"},"yoast_head":"<!-- This site is optimized with the Yoast SEO plugin v27.4 - https:\/\/yoast.com\/product\/yoast-seo-wordpress\/ -->\n<title>AER anuncia que se presentar\u00e1 \u00e1s elecci\u00f3ns municipais e \u00e1brese \u00e1 veci\u00f1anza para renovar a s\u00faa lista -<\/title>\n<meta name=\"description\" content=\"Esta ser\u00e1 a cuarta vez que se presente a estes comicios, sendo a primeira Agrupaci\u00f3n electoral en toda Espa\u00f1a que o fai\" \/>\n<meta name=\"robots\" content=\"index, follow, max-snippet:-1, max-image-preview:large, max-video-preview:-1\" \/>\n<link rel=\"canonical\" href=\"https:\/\/www.anovapeneira.gal\/index.php\/2022\/12\/13\/aer-anuncia-que-se-presentara-as-eleccions-municipais-e-abrese-a-vecinanza-para-renovar-a-sua-lista\/\" \/>\n<meta property=\"og:locale\" content=\"gl_ES\" \/>\n<meta property=\"og:type\" content=\"article\" \/>\n<meta property=\"og:title\" content=\"AER anuncia que se presentar\u00e1 \u00e1s elecci\u00f3ns municipais e \u00e1brese \u00e1 veci\u00f1anza para renovar a s\u00faa lista -\" \/>\n<meta property=\"og:description\" content=\"Esta ser\u00e1 a cuarta vez que se presente a estes comicios, sendo a primeira Agrupaci\u00f3n electoral en toda Espa\u00f1a que o fai\" \/>\n<meta property=\"og:url\" content=\"https:\/\/www.anovapeneira.gal\/index.php\/2022\/12\/13\/aer-anuncia-que-se-presentara-as-eleccions-municipais-e-abrese-a-vecinanza-para-renovar-a-sua-lista\/\" \/>\n<meta property=\"article:publisher\" content=\"https:\/\/www.facebook.com\/anovapeneira\" \/>\n<meta property=\"article:published_time\" content=\"2022-12-13T09:00:11+00:00\" \/>\n<meta property=\"og:image\" content=\"https:\/\/www.anovapeneira.gal\/wp-content\/uploads\/2020\/12\/aer_redondela.jpg\" \/>\n\t<meta property=\"og:image:width\" content=\"720\" \/>\n\t<meta property=\"og:image:height\" content=\"432\" \/>\n\t<meta property=\"og:image:type\" content=\"image\/jpeg\" \/>\n<meta name=\"author\" content=\"Redacci\u00f3n A Nova Peneira\" \/>\n<meta name=\"twitter:card\" content=\"summary_large_image\" \/>\n<meta name=\"twitter:creator\" content=\"@APeneira\" \/>\n<meta name=\"twitter:site\" content=\"@APeneira\" \/>\n<meta name=\"twitter:label1\" content=\"Escrito por\" \/>\n\t<meta name=\"twitter:data1\" content=\"Redacci\u00f3n A Nova Peneira\" \/>\n\t<meta name=\"twitter:label2\" content=\"Tempo de lectura\" \/>\n\t<meta name=\"twitter:data2\" content=\"2 minutos\" \/>\n<script type=\"application\/ld+json\" class=\"yoast-schema-graph\">{\"@context\":\"https:\\\/\\\/schema.org\",\"@graph\":[{\"@type\":\"Article\",\"@id\":\"https:\\\/\\\/www.anovapeneira.gal\\\/index.php\\\/2022\\\/12\\\/13\\\/aer-anuncia-que-se-presentara-as-eleccions-municipais-e-abrese-a-vecinanza-para-renovar-a-sua-lista\\\/#article\",\"isPartOf\":{\"@id\":\"https:\\\/\\\/www.anovapeneira.gal\\\/index.php\\\/2022\\\/12\\\/13\\\/aer-anuncia-que-se-presentara-as-eleccions-municipais-e-abrese-a-vecinanza-para-renovar-a-sua-lista\\\/\"},\"author\":{\"name\":\"Redacci\u00f3n A Nova Peneira\",\"@id\":\"https:\\\/\\\/www.anovapeneira.gal\\\/#\\\/schema\\\/person\\\/b93e3f8932e3f8da96334607eb6ac6aa\"},\"headline\":\"AER anuncia que se presentar\u00e1 \u00e1s elecci\u00f3ns municipais e \u00e1brese \u00e1 veci\u00f1anza para renovar a s\u00faa lista\",\"datePublished\":\"2022-12-13T09:00:11+00:00\",\"mainEntityOfPage\":{\"@id\":\"https:\\\/\\\/www.anovapeneira.gal\\\/index.php\\\/2022\\\/12\\\/13\\\/aer-anuncia-que-se-presentara-as-eleccions-municipais-e-abrese-a-vecinanza-para-renovar-a-sua-lista\\\/\"},\"wordCount\":396,\"commentCount\":0,\"publisher\":{\"@id\":\"https:\\\/\\\/www.anovapeneira.gal\\\/#organization\"},\"image\":{\"@id\":\"https:\\\/\\\/www.anovapeneira.gal\\\/index.php\\\/2022\\\/12\\\/13\\\/aer-anuncia-que-se-presentara-as-eleccions-municipais-e-abrese-a-vecinanza-para-renovar-a-sua-lista\\\/#primaryimage\"},\"thumbnailUrl\":\"https:\\\/\\\/www.anovapeneira.gal\\\/wp-content\\\/uploads\\\/2020\\\/12\\\/aer_redondela.jpg\",\"keywords\":[\"Concello de Redondela\"],\"articleSection\":[\"Redondela\"],\"inLanguage\":\"gl-ES\",\"potentialAction\":[{\"@type\":\"CommentAction\",\"name\":\"Comment\",\"target\":[\"https:\\\/\\\/www.anovapeneira.gal\\\/index.php\\\/2022\\\/12\\\/13\\\/aer-anuncia-que-se-presentara-as-eleccions-municipais-e-abrese-a-vecinanza-para-renovar-a-sua-lista\\\/#respond\"]}]},{\"@type\":\"WebPage\",\"@id\":\"https:\\\/\\\/www.anovapeneira.gal\\\/index.php\\\/2022\\\/12\\\/13\\\/aer-anuncia-que-se-presentara-as-eleccions-municipais-e-abrese-a-vecinanza-para-renovar-a-sua-lista\\\/\",\"url\":\"https:\\\/\\\/www.anovapeneira.gal\\\/index.php\\\/2022\\\/12\\\/13\\\/aer-anuncia-que-se-presentara-as-eleccions-municipais-e-abrese-a-vecinanza-para-renovar-a-sua-lista\\\/\",\"name\":\"AER anuncia que se presentar\u00e1 \u00e1s elecci\u00f3ns municipais e \u00e1brese \u00e1 veci\u00f1anza para renovar a s\u00faa lista -\",\"isPartOf\":{\"@id\":\"https:\\\/\\\/www.anovapeneira.gal\\\/#website\"},\"primaryImageOfPage\":{\"@id\":\"https:\\\/\\\/www.anovapeneira.gal\\\/index.php\\\/2022\\\/12\\\/13\\\/aer-anuncia-que-se-presentara-as-eleccions-municipais-e-abrese-a-vecinanza-para-renovar-a-sua-lista\\\/#primaryimage\"},\"image\":{\"@id\":\"https:\\\/\\\/www.anovapeneira.gal\\\/index.php\\\/2022\\\/12\\\/13\\\/aer-anuncia-que-se-presentara-as-eleccions-municipais-e-abrese-a-vecinanza-para-renovar-a-sua-lista\\\/#primaryimage\"},\"thumbnailUrl\":\"https:\\\/\\\/www.anovapeneira.gal\\\/wp-content\\\/uploads\\\/2020\\\/12\\\/aer_redondela.jpg\",\"datePublished\":\"2022-12-13T09:00:11+00:00\",\"description\":\"Esta ser\u00e1 a cuarta vez que se presente a estes comicios, sendo a primeira Agrupaci\u00f3n electoral en toda Espa\u00f1a que o fai\",\"breadcrumb\":{\"@id\":\"https:\\\/\\\/www.anovapeneira.gal\\\/index.php\\\/2022\\\/12\\\/13\\\/aer-anuncia-que-se-presentara-as-eleccions-municipais-e-abrese-a-vecinanza-para-renovar-a-sua-lista\\\/#breadcrumb\"},\"inLanguage\":\"gl-ES\",\"potentialAction\":[{\"@type\":\"ReadAction\",\"target\":[\"https:\\\/\\\/www.anovapeneira.gal\\\/index.php\\\/2022\\\/12\\\/13\\\/aer-anuncia-que-se-presentara-as-eleccions-municipais-e-abrese-a-vecinanza-para-renovar-a-sua-lista\\\/\"]}]},{\"@type\":\"ImageObject\",\"inLanguage\":\"gl-ES\",\"@id\":\"https:\\\/\\\/www.anovapeneira.gal\\\/index.php\\\/2022\\\/12\\\/13\\\/aer-anuncia-que-se-presentara-as-eleccions-municipais-e-abrese-a-vecinanza-para-renovar-a-sua-lista\\\/#primaryimage\",\"url\":\"https:\\\/\\\/www.anovapeneira.gal\\\/wp-content\\\/uploads\\\/2020\\\/12\\\/aer_redondela.jpg\",\"contentUrl\":\"https:\\\/\\\/www.anovapeneira.gal\\\/wp-content\\\/uploads\\\/2020\\\/12\\\/aer_redondela.jpg\",\"width\":720,\"height\":432,\"caption\":\"AER agrupaci\u00f3n electores de Redondela\"},{\"@type\":\"BreadcrumbList\",\"@id\":\"https:\\\/\\\/www.anovapeneira.gal\\\/index.php\\\/2022\\\/12\\\/13\\\/aer-anuncia-que-se-presentara-as-eleccions-municipais-e-abrese-a-vecinanza-para-renovar-a-sua-lista\\\/#breadcrumb\",\"itemListElement\":[{\"@type\":\"ListItem\",\"position\":1,\"name\":\"Portada\",\"item\":\"https:\\\/\\\/www.anovapeneira.gal\\\/\"},{\"@type\":\"ListItem\",\"position\":2,\"name\":\"AER anuncia que se presentar\u00e1 \u00e1s elecci\u00f3ns municipais e \u00e1brese \u00e1 veci\u00f1anza para renovar a s\u00faa lista\"}]},{\"@type\":\"WebSite\",\"@id\":\"https:\\\/\\\/www.anovapeneira.gal\\\/#website\",\"url\":\"https:\\\/\\\/www.anovapeneira.gal\\\/\",\"name\":\"\",\"description\":\"Xornal galego de informaci\u00f3n xeral Publicaci\u00f3n mensual de novas de Galicia e en especial dos Concellos da sur da provincia de Pontevedra.\",\"publisher\":{\"@id\":\"https:\\\/\\\/www.anovapeneira.gal\\\/#organization\"},\"potentialAction\":[{\"@type\":\"SearchAction\",\"target\":{\"@type\":\"EntryPoint\",\"urlTemplate\":\"https:\\\/\\\/www.anovapeneira.gal\\\/?s={search_term_string}\"},\"query-input\":{\"@type\":\"PropertyValueSpecification\",\"valueRequired\":true,\"valueName\":\"search_term_string\"}}],\"inLanguage\":\"gl-ES\"},{\"@type\":\"Organization\",\"@id\":\"https:\\\/\\\/www.anovapeneira.gal\\\/#organization\",\"name\":\"A Nova Peneira\",\"url\":\"https:\\\/\\\/www.anovapeneira.gal\\\/\",\"logo\":{\"@type\":\"ImageObject\",\"inLanguage\":\"gl-ES\",\"@id\":\"https:\\\/\\\/www.anovapeneira.gal\\\/#\\\/schema\\\/logo\\\/image\\\/\",\"url\":\"http:\\\/\\\/www.anovapeneira.gal\\\/wp-content\\\/uploads\\\/2019\\\/06\\\/logo_a_nova_peneira_portal_web.png\",\"contentUrl\":\"http:\\\/\\\/www.anovapeneira.gal\\\/wp-content\\\/uploads\\\/2019\\\/06\\\/logo_a_nova_peneira_portal_web.png\",\"width\":300,\"height\":100,\"caption\":\"A Nova Peneira\"},\"image\":{\"@id\":\"https:\\\/\\\/www.anovapeneira.gal\\\/#\\\/schema\\\/logo\\\/image\\\/\"},\"sameAs\":[\"https:\\\/\\\/www.facebook.com\\\/anovapeneira\",\"https:\\\/\\\/x.com\\\/APeneira\"]},{\"@type\":\"Person\",\"@id\":\"https:\\\/\\\/www.anovapeneira.gal\\\/#\\\/schema\\\/person\\\/b93e3f8932e3f8da96334607eb6ac6aa\",\"name\":\"Redacci\u00f3n A Nova Peneira\",\"image\":{\"@type\":\"ImageObject\",\"inLanguage\":\"gl-ES\",\"@id\":\"https:\\\/\\\/secure.gravatar.com\\\/avatar\\\/c052a2551a06e23fac63626232eaa90abd78dbcf1700fc46a2b2c89fd27b735f?s=96&d=mm&r=g\",\"url\":\"https:\\\/\\\/secure.gravatar.com\\\/avatar\\\/c052a2551a06e23fac63626232eaa90abd78dbcf1700fc46a2b2c89fd27b735f?s=96&d=mm&r=g\",\"contentUrl\":\"https:\\\/\\\/secure.gravatar.com\\\/avatar\\\/c052a2551a06e23fac63626232eaa90abd78dbcf1700fc46a2b2c89fd27b735f?s=96&d=mm&r=g\",\"caption\":\"Redacci\u00f3n A Nova Peneira\"},\"sameAs\":[\"http:\\\/\\\/www.anovapeneira.gal\\\/\"],\"url\":\"https:\\\/\\\/www.anovapeneira.gal\\\/index.php\\\/author\\\/redactor\\\/\"}]}<\/script>\n<!-- \/ Yoast SEO plugin. -->","yoast_head_json":{"title":"AER anuncia que se presentar\u00e1 \u00e1s elecci\u00f3ns municipais e \u00e1brese \u00e1 veci\u00f1anza para renovar a s\u00faa lista -","description":"Esta ser\u00e1 a cuarta vez que se presente a estes comicios, sendo a primeira Agrupaci\u00f3n electoral en toda Espa\u00f1a que o fai","robots":{"index":"index","follow":"follow","max-snippet":"max-snippet:-1","max-image-preview":"max-image-preview:large","max-video-preview":"max-video-preview:-1"},"canonical":"https:\/\/www.anovapeneira.gal\/index.php\/2022\/12\/13\/aer-anuncia-que-se-presentara-as-eleccions-municipais-e-abrese-a-vecinanza-para-renovar-a-sua-lista\/","og_locale":"gl_ES","og_type":"article","og_title":"AER anuncia que se presentar\u00e1 \u00e1s elecci\u00f3ns municipais e \u00e1brese \u00e1 veci\u00f1anza para renovar a s\u00faa lista -","og_description":"Esta ser\u00e1 a cuarta vez que se presente a estes comicios, sendo a primeira Agrupaci\u00f3n electoral en toda Espa\u00f1a que o fai","og_url":"https:\/\/www.anovapeneira.gal\/index.php\/2022\/12\/13\/aer-anuncia-que-se-presentara-as-eleccions-municipais-e-abrese-a-vecinanza-para-renovar-a-sua-lista\/","article_publisher":"https:\/\/www.facebook.com\/anovapeneira","article_published_time":"2022-12-13T09:00:11+00:00","og_image":[{"width":720,"height":432,"url":"https:\/\/www.anovapeneira.gal\/wp-content\/uploads\/2020\/12\/aer_redondela.jpg","type":"image\/jpeg"}],"author":"Redacci\u00f3n A Nova Peneira","twitter_card":"summary_large_image","twitter_creator":"@APeneira","twitter_site":"@APeneira","twitter_misc":{"Escrito por":"Redacci\u00f3n A Nova Peneira","Tempo de lectura":"2 minutos"},"schema":{"@context":"https:\/\/schema.org","@graph":[{"@type":"Article","@id":"https:\/\/www.anovapeneira.gal\/index.php\/2022\/12\/13\/aer-anuncia-que-se-presentara-as-eleccions-municipais-e-abrese-a-vecinanza-para-renovar-a-sua-lista\/#article","isPartOf":{"@id":"https:\/\/www.anovapeneira.gal\/index.php\/2022\/12\/13\/aer-anuncia-que-se-presentara-as-eleccions-municipais-e-abrese-a-vecinanza-para-renovar-a-sua-lista\/"},"author":{"name":"Redacci\u00f3n A Nova Peneira","@id":"https:\/\/www.anovapeneira.gal\/#\/schema\/person\/b93e3f8932e3f8da96334607eb6ac6aa"},"headline":"AER anuncia que se presentar\u00e1 \u00e1s elecci\u00f3ns municipais e \u00e1brese \u00e1 veci\u00f1anza para renovar a s\u00faa lista","datePublished":"2022-12-13T09:00:11+00:00","mainEntityOfPage":{"@id":"https:\/\/www.anovapeneira.gal\/index.php\/2022\/12\/13\/aer-anuncia-que-se-presentara-as-eleccions-municipais-e-abrese-a-vecinanza-para-renovar-a-sua-lista\/"},"wordCount":396,"commentCount":0,"publisher":{"@id":"https:\/\/www.anovapeneira.gal\/#organization"},"image":{"@id":"https:\/\/www.anovapeneira.gal\/index.php\/2022\/12\/13\/aer-anuncia-que-se-presentara-as-eleccions-municipais-e-abrese-a-vecinanza-para-renovar-a-sua-lista\/#primaryimage"},"thumbnailUrl":"https:\/\/www.anovapeneira.gal\/wp-content\/uploads\/2020\/12\/aer_redondela.jpg","keywords":["Concello de Redondela"],"articleSection":["Redondela"],"inLanguage":"gl-ES","potentialAction":[{"@type":"CommentAction","name":"Comment","target":["https:\/\/www.anovapeneira.gal\/index.php\/2022\/12\/13\/aer-anuncia-que-se-presentara-as-eleccions-municipais-e-abrese-a-vecinanza-para-renovar-a-sua-lista\/#respond"]}]},{"@type":"WebPage","@id":"https:\/\/www.anovapeneira.gal\/index.php\/2022\/12\/13\/aer-anuncia-que-se-presentara-as-eleccions-municipais-e-abrese-a-vecinanza-para-renovar-a-sua-lista\/","url":"https:\/\/www.anovapeneira.gal\/index.php\/2022\/12\/13\/aer-anuncia-que-se-presentara-as-eleccions-municipais-e-abrese-a-vecinanza-para-renovar-a-sua-lista\/","name":"AER anuncia que se presentar\u00e1 \u00e1s elecci\u00f3ns municipais e \u00e1brese \u00e1 veci\u00f1anza para renovar a s\u00faa lista -","isPartOf":{"@id":"https:\/\/www.anovapeneira.gal\/#website"},"primaryImageOfPage":{"@id":"https:\/\/www.anovapeneira.gal\/index.php\/2022\/12\/13\/aer-anuncia-que-se-presentara-as-eleccions-municipais-e-abrese-a-vecinanza-para-renovar-a-sua-lista\/#primaryimage"},"image":{"@id":"https:\/\/www.anovapeneira.gal\/index.php\/2022\/12\/13\/aer-anuncia-que-se-presentara-as-eleccions-municipais-e-abrese-a-vecinanza-para-renovar-a-sua-lista\/#primaryimage"},"thumbnailUrl":"https:\/\/www.anovapeneira.gal\/wp-content\/uploads\/2020\/12\/aer_redondela.jpg","datePublished":"2022-12-13T09:00:11+00:00","description":"Esta ser\u00e1 a cuarta vez que se presente a estes comicios, sendo a primeira Agrupaci\u00f3n electoral en toda Espa\u00f1a que o fai","breadcrumb":{"@id":"https:\/\/www.anovapeneira.gal\/index.php\/2022\/12\/13\/aer-anuncia-que-se-presentara-as-eleccions-municipais-e-abrese-a-vecinanza-para-renovar-a-sua-lista\/#breadcrumb"},"inLanguage":"gl-ES","potentialAction":[{"@type":"ReadAction","target":["https:\/\/www.anovapeneira.gal\/index.php\/2022\/12\/13\/aer-anuncia-que-se-presentara-as-eleccions-municipais-e-abrese-a-vecinanza-para-renovar-a-sua-lista\/"]}]},{"@type":"ImageObject","inLanguage":"gl-ES","@id":"https:\/\/www.anovapeneira.gal\/index.php\/2022\/12\/13\/aer-anuncia-que-se-presentara-as-eleccions-municipais-e-abrese-a-vecinanza-para-renovar-a-sua-lista\/#primaryimage","url":"https:\/\/www.anovapeneira.gal\/wp-content\/uploads\/2020\/12\/aer_redondela.jpg","contentUrl":"https:\/\/www.anovapeneira.gal\/wp-content\/uploads\/2020\/12\/aer_redondela.jpg","width":720,"height":432,"caption":"AER agrupaci\u00f3n electores de Redondela"},{"@type":"BreadcrumbList","@id":"https:\/\/www.anovapeneira.gal\/index.php\/2022\/12\/13\/aer-anuncia-que-se-presentara-as-eleccions-municipais-e-abrese-a-vecinanza-para-renovar-a-sua-lista\/#breadcrumb","itemListElement":[{"@type":"ListItem","position":1,"name":"Portada","item":"https:\/\/www.anovapeneira.gal\/"},{"@type":"ListItem","position":2,"name":"AER anuncia que se presentar\u00e1 \u00e1s elecci\u00f3ns municipais e \u00e1brese \u00e1 veci\u00f1anza para renovar a s\u00faa lista"}]},{"@type":"WebSite","@id":"https:\/\/www.anovapeneira.gal\/#website","url":"https:\/\/www.anovapeneira.gal\/","name":"","description":"Xornal galego de informaci\u00f3n xeral Publicaci\u00f3n mensual de novas de Galicia e en especial dos Concellos da sur da provincia de Pontevedra.","publisher":{"@id":"https:\/\/www.anovapeneira.gal\/#organization"},"potentialAction":[{"@type":"SearchAction","target":{"@type":"EntryPoint","urlTemplate":"https:\/\/www.anovapeneira.gal\/?s={search_term_string}"},"query-input":{"@type":"PropertyValueSpecification","valueRequired":true,"valueName":"search_term_string"}}],"inLanguage":"gl-ES"},{"@type":"Organization","@id":"https:\/\/www.anovapeneira.gal\/#organization","name":"A Nova Peneira","url":"https:\/\/www.anovapeneira.gal\/","logo":{"@type":"ImageObject","inLanguage":"gl-ES","@id":"https:\/\/www.anovapeneira.gal\/#\/schema\/logo\/image\/","url":"http:\/\/www.anovapeneira.gal\/wp-content\/uploads\/2019\/06\/logo_a_nova_peneira_portal_web.png","contentUrl":"http:\/\/www.anovapeneira.gal\/wp-content\/uploads\/2019\/06\/logo_a_nova_peneira_portal_web.png","width":300,"height":100,"caption":"A Nova Peneira"},"image":{"@id":"https:\/\/www.anovapeneira.gal\/#\/schema\/logo\/image\/"},"sameAs":["https:\/\/www.facebook.com\/anovapeneira","https:\/\/x.com\/APeneira"]},{"@type":"Person","@id":"https:\/\/www.anovapeneira.gal\/#\/schema\/person\/b93e3f8932e3f8da96334607eb6ac6aa","name":"Redacci\u00f3n A Nova Peneira","image":{"@type":"ImageObject","inLanguage":"gl-ES","@id":"https:\/\/secure.gravatar.com\/avatar\/c052a2551a06e23fac63626232eaa90abd78dbcf1700fc46a2b2c89fd27b735f?s=96&d=mm&r=g","url":"https:\/\/secure.gravatar.com\/avatar\/c052a2551a06e23fac63626232eaa90abd78dbcf1700fc46a2b2c89fd27b735f?s=96&d=mm&r=g","contentUrl":"https:\/\/secure.gravatar.com\/avatar\/c052a2551a06e23fac63626232eaa90abd78dbcf1700fc46a2b2c89fd27b735f?s=96&d=mm&r=g","caption":"Redacci\u00f3n A Nova Peneira"},"sameAs":["http:\/\/www.anovapeneira.gal\/"],"url":"https:\/\/www.anovapeneira.gal\/index.php\/author\/redactor\/"}]}},"jetpack_featured_media_url":"https:\/\/www.anovapeneira.gal\/wp-content\/uploads\/2020\/12\/aer_redondela.jpg","_links":{"self":[{"href":"https:\/\/www.anovapeneira.gal\/index.php\/wp-json\/wp\/v2\/posts\/8735","targetHints":{"allow":["GET"]}}],"collection":[{"href":"https:\/\/www.anovapeneira.gal\/index.php\/wp-json\/wp\/v2\/posts"}],"about":[{"href":"https:\/\/www.anovapeneira.gal\/index.php\/wp-json\/wp\/v2\/types\/post"}],"author":[{"embeddable":true,"href":"https:\/\/www.anovapeneira.gal\/index.php\/wp-json\/wp\/v2\/users\/3"}],"replies":[{"embeddable":true,"href":"https:\/\/www.anovapeneira.gal\/index.php\/wp-json\/wp\/v2\/comments?post=8735"}],"version-history":[{"count":1,"href":"https:\/\/www.anovapeneira.gal\/index.php\/wp-json\/wp\/v2\/posts\/8735\/revisions"}],"predecessor-version":[{"id":8736,"href":"https:\/\/www.anovapeneira.gal\/index.php\/wp-json\/wp\/v2\/posts\/8735\/revisions\/8736"}],"wp:featuredmedia":[{"embeddable":true,"href":"https:\/\/www.anovapeneira.gal\/index.php\/wp-json\/wp\/v2\/media\/4504"}],"wp:attachment":[{"href":"https:\/\/www.anovapeneira.gal\/index.php\/wp-json\/wp\/v2\/media?parent=8735"}],"wp:term":[{"taxonomy":"category","embeddable":true,"href":"https:\/\/www.anovapeneira.gal\/index.php\/wp-json\/wp\/v2\/categories?post=8735"},{"taxonomy":"post_tag","embeddable":true,"href":"https:\/\/www.anovapeneira.gal\/index.php\/wp-json\/wp\/v2\/tags?post=8735"}],"curies":[{"name":"wp","href":"https:\/\/api.w.org\/{rel}","templated":true}]}}