{"id":8748,"date":"2022-12-14T12:00:47","date_gmt":"2022-12-14T11:00:47","guid":{"rendered":"https:\/\/www.anovapeneira.gal\/?p=8748"},"modified":"2022-12-12T10:21:19","modified_gmt":"2022-12-12T09:21:19","slug":"a-importancia-de-chamarse-ernesto-e-o-nacionalismo-galego","status":"publish","type":"post","link":"https:\/\/www.anovapeneira.gal\/index.php\/2022\/12\/14\/a-importancia-de-chamarse-ernesto-e-o-nacionalismo-galego\/","title":{"rendered":"A importancia de chamarse Ernesto e o nacionalismo galego"},"content":{"rendered":"\n<figure class=\"wp-block-image size-full is-resized\"><img loading=\"lazy\" decoding=\"async\" src=\"https:\/\/www.anovapeneira.gal\/wp-content\/uploads\/2019\/05\/tino_lago_director_a_nova_peneira.jpg\" alt=\"Tino Lago director a Nova Peneira\" class=\"wp-image-189\" width=\"95\" height=\"111\"\/><figcaption>Tino Lago director a Nova Peneira<\/figcaption><\/figure>\n\n\n\n<p>Oscar Wilde escribiu esta magn\u00edfica obra teatral no ano 1895. O autor constr\u00fae unha complexa e histri\u00f3nica trama de disparate e polisemia na que relata a historia de dous homes que finxen chamarse Ernesto coa intenci\u00f3n de poder casar con d\u00faas fermosas mulleres que ti\u00f1an a fantas\u00eda de poder casar alg\u00fan d\u00eda con algu\u00e9n chamado Ernesto. No desenrolo da trama vemos como van xurdindo distintos problemas e leas, derivados da asunci\u00f3n da irreal personalidade de Ernesto, que os falsos Ernestos ter\u00e1n que ir resolvendo para acadar o seu obxectivo de namorar \u00e1s mozas que pretenden. Finalmente todo remata ben e ambos homes descobren a importancia de chamarse Ernesto. En idioma ingl\u00e9s a palabra \u201cErnest\u201d fai alusi\u00f3n tanto ao nome de pila como \u00e1 palabra \u201cseriedade\u201d, por outra parte ten analox\u00eda fon\u00e9tica con \u201cEarnest\u201d que significa sensato. Logo a interpretaci\u00f3n da intenci\u00f3n de Oscar Wilde, nunha das s\u00faas obras mestras, non est\u00e1 moi lonxe da defensa da honestidade e da franqueza.<\/p>\n\n\n\n<p>A principios deste mes de decembro puiden gozar de compartir unha ca\u00f1a co meu amigo Moncho de Canido, nun dos escasos momentos de lecer que me permite a vida ultimamente . Este, profesor de galego, cont\u00e1bame que o curso anterior, no seu instituto, situado nunha parroquia de Vigo, s\u00f3 un dos seus alumnos e alumnas falaba galego con regularidade. Este curso, xa nun centro da propia cidade, dun barrio obreiro da nosa cidade, o n\u00famero de mozos e mozas aos que lle d\u00e1 clase que falan galego \u00e9 0.<\/p>\n\n\n\n<p>Este pa\u00eds morre. Adoro e fago mi\u00f1as todas as iniciativas individuais e colectivas destinadas a protexer a conciencia de Galicia como un pa\u00eds no mundo, a s\u00faa lingua, a s\u00faa cultura e a s\u00faa identidade de seu. Pero non son suficientes e este pa\u00eds morre. A cadea de transmisi\u00f3n xeracional do idioma galego est\u00e1 rota, e despois de case dous milenios a lingua romance propia do pa\u00eds galego vai desaparecer e con ela, moito me temo, a conciencia colectiva de sermos un pobo con identidade propia. A\u00ednda permanecer\u00e1 un tempo no subconsciente colectivo, porque de feito \u00e9 que en realidade somos un pobo de seu, e incluso moitos segmentos de poboaci\u00f3n que non son capaces de expresalo no seu eu consciente si o senten no seu subconsciente cando falan por exemplo do vi\u00f1o ou do queixo do pa\u00eds ou cando son asolagados pola emoci\u00f3n ao escoitaren as letras e m\u00fasica do \u201c que din os rumorosos&#8230;.\u201d.<\/p>\n\n\n\n<p>S\u00f3 hai unha esperanza de reverter a situaci\u00f3n , unha posibilidade moi pequena de facer posible o que parece imposible e consiste en que o nacionalismo vaia conquistando aos poucos maiores cotas de poder pol\u00edtico e te\u00f1a a posibilidade de executar pol\u00edticas moi diferentes \u00e1s que a dereita caciquil somete a Galicia desde a noite dos tempos. E non abonda con iso, non chega con ga\u00f1ar peso pol\u00edtico nos concellos nas vitais elecci\u00f3ns municipais que se celebrar\u00e1n dentro de seis meses, no estado ou incluso tampouco bastar\u00eda con gobernar a Xunta. C\u00f3mpre asemade ga\u00f1armos coraz\u00f3ns e sumalos \u00e1 causa do nacionalismo, facer ver a m\u00e1is galegos e galegas que xestionar n\u00f3s mesmos os nosos propios intereses \u00e9 obxectivamente mellor que deixar que os xestionen outros. E facer posible o que parece imposible non se pode lograr sen un instrumento pol\u00edtico s\u00f3lido , limpo e san que non volva a repetir erros hist\u00f3ricos pasados nos que o eterno debate entre a ortodoxia e o posibilismo o leven cara a peste do cainismo. Agora o BNG goza dunha moi boa sa\u00fade, est\u00e1 en tendencia ascendente e a\u00ednda ten un inmenso potencial de crecemento. Agardo que, se \u00e9 necesario ,nos momentos en que sexa necesario , todas as persoas que nos sentimos nacionalistas galegas sexamos capaces de chamarnos Ernesto.<\/p>\n","protected":false},"excerpt":{"rendered":"<div class=\"mh-excerpt\"><p>Oscar Wilde escribiu esta magn\u00edfica obra teatral no ano 1895. O autor constr\u00fae unha complexa e histri\u00f3nica trama de disparate e polisemia na que relata a historia de dous homes que finxen chamarse Ernesto coa intenci\u00f3n de poder casar con d\u00faas fermosas mulleres que ti\u00f1an a fantas\u00eda de poder casar alg\u00fan d\u00eda con algu\u00e9n chamado Ernesto <a class=\"mh-excerpt-more\" href=\"https:\/\/www.anovapeneira.gal\/index.php\/2022\/12\/14\/a-importancia-de-chamarse-ernesto-e-o-nacionalismo-galego\/\" title=\"A importancia de chamarse Ernesto e o nacionalismo galego\">[&#8230;]<\/a><\/p>\n<\/div>","protected":false},"author":1,"featured_media":584,"comment_status":"open","ping_status":"open","sticky":false,"template":"","format":"standard","meta":{"_exactmetrics_skip_tracking":false,"_exactmetrics_sitenote_active":false,"_exactmetrics_sitenote_note":"","_exactmetrics_sitenote_category":0,"footnotes":""},"categories":[61],"tags":[],"class_list":{"0":"post-8748","1":"post","2":"type-post","3":"status-publish","4":"format-standard","5":"has-post-thumbnail","7":"category-artigo-editorial"},"yoast_head":"<!-- This site is optimized with the Yoast SEO plugin v27.4 - https:\/\/yoast.com\/product\/yoast-seo-wordpress\/ -->\n<title>A importancia de chamarse Ernesto e o nacionalismo galego -<\/title>\n<meta name=\"description\" content=\"Oscar Wilde escribiu esta magn\u00edfica obra teatral no ano 1895. O autor constr\u00fae unha complexa e histri\u00f3nica trama de disparate e polisemia na que relata a historia de dous homes que finxen chamarse Ernesto coa intenci\u00f3n de poder casar con d\u00faas fermosas mulleres que ti\u00f1an a fantas\u00eda de poder casar alg\u00fan d\u00eda con algu\u00e9n chamado Ernesto\" \/>\n<meta name=\"robots\" content=\"index, follow, max-snippet:-1, max-image-preview:large, max-video-preview:-1\" \/>\n<link rel=\"canonical\" href=\"https:\/\/www.anovapeneira.gal\/index.php\/2022\/12\/14\/a-importancia-de-chamarse-ernesto-e-o-nacionalismo-galego\/\" \/>\n<meta property=\"og:locale\" content=\"gl_ES\" \/>\n<meta property=\"og:type\" content=\"article\" \/>\n<meta property=\"og:title\" content=\"A importancia de chamarse Ernesto e o nacionalismo galego -\" \/>\n<meta property=\"og:description\" content=\"Oscar Wilde escribiu esta magn\u00edfica obra teatral no ano 1895. O autor constr\u00fae unha complexa e histri\u00f3nica trama de disparate e polisemia na que relata a historia de dous homes que finxen chamarse Ernesto coa intenci\u00f3n de poder casar con d\u00faas fermosas mulleres que ti\u00f1an a fantas\u00eda de poder casar alg\u00fan d\u00eda con algu\u00e9n chamado Ernesto\" \/>\n<meta property=\"og:url\" content=\"https:\/\/www.anovapeneira.gal\/index.php\/2022\/12\/14\/a-importancia-de-chamarse-ernesto-e-o-nacionalismo-galego\/\" \/>\n<meta property=\"article:publisher\" content=\"https:\/\/www.facebook.com\/anovapeneira\" \/>\n<meta property=\"article:author\" content=\"https:\/\/www.facebook.com\/anovapeneira\/\" \/>\n<meta property=\"article:published_time\" content=\"2022-12-14T11:00:47+00:00\" \/>\n<meta property=\"og:image\" content=\"https:\/\/www.anovapeneira.gal\/wp-content\/uploads\/2019\/07\/ARTIGO_DE_OPINION_A_NOVA_PENEIRA.jpg\" \/>\n\t<meta property=\"og:image:width\" content=\"720\" \/>\n\t<meta property=\"og:image:height\" content=\"473\" \/>\n\t<meta property=\"og:image:type\" content=\"image\/jpeg\" \/>\n<meta name=\"author\" content=\"admin\" \/>\n<meta name=\"twitter:card\" content=\"summary_large_image\" \/>\n<meta name=\"twitter:image\" content=\"https:\/\/www.anovapeneira.gal\/wp-content\/uploads\/2019\/07\/ARTIGO_DE_OPINION_A_NOVA_PENEIRA.jpg\" \/>\n<meta name=\"twitter:creator\" content=\"@APeneira\" \/>\n<meta name=\"twitter:site\" content=\"@APeneira\" \/>\n<meta name=\"twitter:label1\" content=\"Escrito por\" \/>\n\t<meta name=\"twitter:data1\" content=\"admin\" \/>\n\t<meta name=\"twitter:label2\" content=\"Tempo de lectura\" \/>\n\t<meta name=\"twitter:data2\" content=\"4 minutos\" \/>\n<script type=\"application\/ld+json\" class=\"yoast-schema-graph\">{\"@context\":\"https:\\\/\\\/schema.org\",\"@graph\":[{\"@type\":\"Article\",\"@id\":\"https:\\\/\\\/www.anovapeneira.gal\\\/index.php\\\/2022\\\/12\\\/14\\\/a-importancia-de-chamarse-ernesto-e-o-nacionalismo-galego\\\/#article\",\"isPartOf\":{\"@id\":\"https:\\\/\\\/www.anovapeneira.gal\\\/index.php\\\/2022\\\/12\\\/14\\\/a-importancia-de-chamarse-ernesto-e-o-nacionalismo-galego\\\/\"},\"author\":{\"name\":\"admin\",\"@id\":\"https:\\\/\\\/www.anovapeneira.gal\\\/#\\\/schema\\\/person\\\/fb77575328c93684dae4b0075f90c2cb\"},\"headline\":\"A importancia de chamarse Ernesto e o nacionalismo galego\",\"datePublished\":\"2022-12-14T11:00:47+00:00\",\"mainEntityOfPage\":{\"@id\":\"https:\\\/\\\/www.anovapeneira.gal\\\/index.php\\\/2022\\\/12\\\/14\\\/a-importancia-de-chamarse-ernesto-e-o-nacionalismo-galego\\\/\"},\"wordCount\":679,\"commentCount\":0,\"publisher\":{\"@id\":\"https:\\\/\\\/www.anovapeneira.gal\\\/#organization\"},\"image\":{\"@id\":\"https:\\\/\\\/www.anovapeneira.gal\\\/index.php\\\/2022\\\/12\\\/14\\\/a-importancia-de-chamarse-ernesto-e-o-nacionalismo-galego\\\/#primaryimage\"},\"thumbnailUrl\":\"https:\\\/\\\/www.anovapeneira.gal\\\/wp-content\\\/uploads\\\/2019\\\/07\\\/ARTIGO_DE_OPINION_A_NOVA_PENEIRA.jpg\",\"articleSection\":[\"Artigo editorial\"],\"inLanguage\":\"gl-ES\",\"potentialAction\":[{\"@type\":\"CommentAction\",\"name\":\"Comment\",\"target\":[\"https:\\\/\\\/www.anovapeneira.gal\\\/index.php\\\/2022\\\/12\\\/14\\\/a-importancia-de-chamarse-ernesto-e-o-nacionalismo-galego\\\/#respond\"]}]},{\"@type\":\"WebPage\",\"@id\":\"https:\\\/\\\/www.anovapeneira.gal\\\/index.php\\\/2022\\\/12\\\/14\\\/a-importancia-de-chamarse-ernesto-e-o-nacionalismo-galego\\\/\",\"url\":\"https:\\\/\\\/www.anovapeneira.gal\\\/index.php\\\/2022\\\/12\\\/14\\\/a-importancia-de-chamarse-ernesto-e-o-nacionalismo-galego\\\/\",\"name\":\"A importancia de chamarse Ernesto e o nacionalismo galego -\",\"isPartOf\":{\"@id\":\"https:\\\/\\\/www.anovapeneira.gal\\\/#website\"},\"primaryImageOfPage\":{\"@id\":\"https:\\\/\\\/www.anovapeneira.gal\\\/index.php\\\/2022\\\/12\\\/14\\\/a-importancia-de-chamarse-ernesto-e-o-nacionalismo-galego\\\/#primaryimage\"},\"image\":{\"@id\":\"https:\\\/\\\/www.anovapeneira.gal\\\/index.php\\\/2022\\\/12\\\/14\\\/a-importancia-de-chamarse-ernesto-e-o-nacionalismo-galego\\\/#primaryimage\"},\"thumbnailUrl\":\"https:\\\/\\\/www.anovapeneira.gal\\\/wp-content\\\/uploads\\\/2019\\\/07\\\/ARTIGO_DE_OPINION_A_NOVA_PENEIRA.jpg\",\"datePublished\":\"2022-12-14T11:00:47+00:00\",\"description\":\"Oscar Wilde escribiu esta magn\u00edfica obra teatral no ano 1895. O autor constr\u00fae unha complexa e histri\u00f3nica trama de disparate e polisemia na que relata a historia de dous homes que finxen chamarse Ernesto coa intenci\u00f3n de poder casar con d\u00faas fermosas mulleres que ti\u00f1an a fantas\u00eda de poder casar alg\u00fan d\u00eda con algu\u00e9n chamado Ernesto\",\"breadcrumb\":{\"@id\":\"https:\\\/\\\/www.anovapeneira.gal\\\/index.php\\\/2022\\\/12\\\/14\\\/a-importancia-de-chamarse-ernesto-e-o-nacionalismo-galego\\\/#breadcrumb\"},\"inLanguage\":\"gl-ES\",\"potentialAction\":[{\"@type\":\"ReadAction\",\"target\":[\"https:\\\/\\\/www.anovapeneira.gal\\\/index.php\\\/2022\\\/12\\\/14\\\/a-importancia-de-chamarse-ernesto-e-o-nacionalismo-galego\\\/\"]}]},{\"@type\":\"ImageObject\",\"inLanguage\":\"gl-ES\",\"@id\":\"https:\\\/\\\/www.anovapeneira.gal\\\/index.php\\\/2022\\\/12\\\/14\\\/a-importancia-de-chamarse-ernesto-e-o-nacionalismo-galego\\\/#primaryimage\",\"url\":\"https:\\\/\\\/www.anovapeneira.gal\\\/wp-content\\\/uploads\\\/2019\\\/07\\\/ARTIGO_DE_OPINION_A_NOVA_PENEIRA.jpg\",\"contentUrl\":\"https:\\\/\\\/www.anovapeneira.gal\\\/wp-content\\\/uploads\\\/2019\\\/07\\\/ARTIGO_DE_OPINION_A_NOVA_PENEIRA.jpg\",\"width\":720,\"height\":473,\"caption\":\"Artigo de opini\u00f3n A Nova Peneira\"},{\"@type\":\"BreadcrumbList\",\"@id\":\"https:\\\/\\\/www.anovapeneira.gal\\\/index.php\\\/2022\\\/12\\\/14\\\/a-importancia-de-chamarse-ernesto-e-o-nacionalismo-galego\\\/#breadcrumb\",\"itemListElement\":[{\"@type\":\"ListItem\",\"position\":1,\"name\":\"Portada\",\"item\":\"https:\\\/\\\/www.anovapeneira.gal\\\/\"},{\"@type\":\"ListItem\",\"position\":2,\"name\":\"A importancia de chamarse Ernesto e o nacionalismo galego\"}]},{\"@type\":\"WebSite\",\"@id\":\"https:\\\/\\\/www.anovapeneira.gal\\\/#website\",\"url\":\"https:\\\/\\\/www.anovapeneira.gal\\\/\",\"name\":\"\",\"description\":\"Xornal galego de informaci\u00f3n xeral Publicaci\u00f3n mensual de novas de Galicia e en especial dos Concellos da sur da provincia de Pontevedra.\",\"publisher\":{\"@id\":\"https:\\\/\\\/www.anovapeneira.gal\\\/#organization\"},\"potentialAction\":[{\"@type\":\"SearchAction\",\"target\":{\"@type\":\"EntryPoint\",\"urlTemplate\":\"https:\\\/\\\/www.anovapeneira.gal\\\/?s={search_term_string}\"},\"query-input\":{\"@type\":\"PropertyValueSpecification\",\"valueRequired\":true,\"valueName\":\"search_term_string\"}}],\"inLanguage\":\"gl-ES\"},{\"@type\":\"Organization\",\"@id\":\"https:\\\/\\\/www.anovapeneira.gal\\\/#organization\",\"name\":\"A Nova Peneira\",\"url\":\"https:\\\/\\\/www.anovapeneira.gal\\\/\",\"logo\":{\"@type\":\"ImageObject\",\"inLanguage\":\"gl-ES\",\"@id\":\"https:\\\/\\\/www.anovapeneira.gal\\\/#\\\/schema\\\/logo\\\/image\\\/\",\"url\":\"http:\\\/\\\/www.anovapeneira.gal\\\/wp-content\\\/uploads\\\/2019\\\/06\\\/logo_a_nova_peneira_portal_web.png\",\"contentUrl\":\"http:\\\/\\\/www.anovapeneira.gal\\\/wp-content\\\/uploads\\\/2019\\\/06\\\/logo_a_nova_peneira_portal_web.png\",\"width\":300,\"height\":100,\"caption\":\"A Nova Peneira\"},\"image\":{\"@id\":\"https:\\\/\\\/www.anovapeneira.gal\\\/#\\\/schema\\\/logo\\\/image\\\/\"},\"sameAs\":[\"https:\\\/\\\/www.facebook.com\\\/anovapeneira\",\"https:\\\/\\\/x.com\\\/APeneira\"]},{\"@type\":\"Person\",\"@id\":\"https:\\\/\\\/www.anovapeneira.gal\\\/#\\\/schema\\\/person\\\/fb77575328c93684dae4b0075f90c2cb\",\"name\":\"admin\",\"image\":{\"@type\":\"ImageObject\",\"inLanguage\":\"gl-ES\",\"@id\":\"https:\\\/\\\/secure.gravatar.com\\\/avatar\\\/df15c36ce375448325e0bc870e91bbee95947a002eb98dcfd6c2b053e18843e9?s=96&d=mm&r=g\",\"url\":\"https:\\\/\\\/secure.gravatar.com\\\/avatar\\\/df15c36ce375448325e0bc870e91bbee95947a002eb98dcfd6c2b053e18843e9?s=96&d=mm&r=g\",\"contentUrl\":\"https:\\\/\\\/secure.gravatar.com\\\/avatar\\\/df15c36ce375448325e0bc870e91bbee95947a002eb98dcfd6c2b053e18843e9?s=96&d=mm&r=g\",\"caption\":\"admin\"},\"description\":\"Xornal galego de informaci\u00f3n xeral Publicaci\u00f3n mensual de novas de Galicia e en especial dos Concellos da sur da provincia de Pontevedra.\",\"sameAs\":[\"http:\\\/\\\/www.anovapeneira.gal\\\/\",\"https:\\\/\\\/www.facebook.com\\\/anovapeneira\\\/\"],\"url\":\"https:\\\/\\\/www.anovapeneira.gal\\\/index.php\\\/author\\\/admin\\\/\"}]}<\/script>\n<!-- \/ Yoast SEO plugin. -->","yoast_head_json":{"title":"A importancia de chamarse Ernesto e o nacionalismo galego -","description":"Oscar Wilde escribiu esta magn\u00edfica obra teatral no ano 1895. O autor constr\u00fae unha complexa e histri\u00f3nica trama de disparate e polisemia na que relata a historia de dous homes que finxen chamarse Ernesto coa intenci\u00f3n de poder casar con d\u00faas fermosas mulleres que ti\u00f1an a fantas\u00eda de poder casar alg\u00fan d\u00eda con algu\u00e9n chamado Ernesto","robots":{"index":"index","follow":"follow","max-snippet":"max-snippet:-1","max-image-preview":"max-image-preview:large","max-video-preview":"max-video-preview:-1"},"canonical":"https:\/\/www.anovapeneira.gal\/index.php\/2022\/12\/14\/a-importancia-de-chamarse-ernesto-e-o-nacionalismo-galego\/","og_locale":"gl_ES","og_type":"article","og_title":"A importancia de chamarse Ernesto e o nacionalismo galego -","og_description":"Oscar Wilde escribiu esta magn\u00edfica obra teatral no ano 1895. O autor constr\u00fae unha complexa e histri\u00f3nica trama de disparate e polisemia na que relata a historia de dous homes que finxen chamarse Ernesto coa intenci\u00f3n de poder casar con d\u00faas fermosas mulleres que ti\u00f1an a fantas\u00eda de poder casar alg\u00fan d\u00eda con algu\u00e9n chamado Ernesto","og_url":"https:\/\/www.anovapeneira.gal\/index.php\/2022\/12\/14\/a-importancia-de-chamarse-ernesto-e-o-nacionalismo-galego\/","article_publisher":"https:\/\/www.facebook.com\/anovapeneira","article_author":"https:\/\/www.facebook.com\/anovapeneira\/","article_published_time":"2022-12-14T11:00:47+00:00","og_image":[{"width":720,"height":473,"url":"https:\/\/www.anovapeneira.gal\/wp-content\/uploads\/2019\/07\/ARTIGO_DE_OPINION_A_NOVA_PENEIRA.jpg","type":"image\/jpeg"}],"author":"admin","twitter_card":"summary_large_image","twitter_image":"https:\/\/www.anovapeneira.gal\/wp-content\/uploads\/2019\/07\/ARTIGO_DE_OPINION_A_NOVA_PENEIRA.jpg","twitter_creator":"@APeneira","twitter_site":"@APeneira","twitter_misc":{"Escrito por":"admin","Tempo de lectura":"4 minutos"},"schema":{"@context":"https:\/\/schema.org","@graph":[{"@type":"Article","@id":"https:\/\/www.anovapeneira.gal\/index.php\/2022\/12\/14\/a-importancia-de-chamarse-ernesto-e-o-nacionalismo-galego\/#article","isPartOf":{"@id":"https:\/\/www.anovapeneira.gal\/index.php\/2022\/12\/14\/a-importancia-de-chamarse-ernesto-e-o-nacionalismo-galego\/"},"author":{"name":"admin","@id":"https:\/\/www.anovapeneira.gal\/#\/schema\/person\/fb77575328c93684dae4b0075f90c2cb"},"headline":"A importancia de chamarse Ernesto e o nacionalismo galego","datePublished":"2022-12-14T11:00:47+00:00","mainEntityOfPage":{"@id":"https:\/\/www.anovapeneira.gal\/index.php\/2022\/12\/14\/a-importancia-de-chamarse-ernesto-e-o-nacionalismo-galego\/"},"wordCount":679,"commentCount":0,"publisher":{"@id":"https:\/\/www.anovapeneira.gal\/#organization"},"image":{"@id":"https:\/\/www.anovapeneira.gal\/index.php\/2022\/12\/14\/a-importancia-de-chamarse-ernesto-e-o-nacionalismo-galego\/#primaryimage"},"thumbnailUrl":"https:\/\/www.anovapeneira.gal\/wp-content\/uploads\/2019\/07\/ARTIGO_DE_OPINION_A_NOVA_PENEIRA.jpg","articleSection":["Artigo editorial"],"inLanguage":"gl-ES","potentialAction":[{"@type":"CommentAction","name":"Comment","target":["https:\/\/www.anovapeneira.gal\/index.php\/2022\/12\/14\/a-importancia-de-chamarse-ernesto-e-o-nacionalismo-galego\/#respond"]}]},{"@type":"WebPage","@id":"https:\/\/www.anovapeneira.gal\/index.php\/2022\/12\/14\/a-importancia-de-chamarse-ernesto-e-o-nacionalismo-galego\/","url":"https:\/\/www.anovapeneira.gal\/index.php\/2022\/12\/14\/a-importancia-de-chamarse-ernesto-e-o-nacionalismo-galego\/","name":"A importancia de chamarse Ernesto e o nacionalismo galego -","isPartOf":{"@id":"https:\/\/www.anovapeneira.gal\/#website"},"primaryImageOfPage":{"@id":"https:\/\/www.anovapeneira.gal\/index.php\/2022\/12\/14\/a-importancia-de-chamarse-ernesto-e-o-nacionalismo-galego\/#primaryimage"},"image":{"@id":"https:\/\/www.anovapeneira.gal\/index.php\/2022\/12\/14\/a-importancia-de-chamarse-ernesto-e-o-nacionalismo-galego\/#primaryimage"},"thumbnailUrl":"https:\/\/www.anovapeneira.gal\/wp-content\/uploads\/2019\/07\/ARTIGO_DE_OPINION_A_NOVA_PENEIRA.jpg","datePublished":"2022-12-14T11:00:47+00:00","description":"Oscar Wilde escribiu esta magn\u00edfica obra teatral no ano 1895. O autor constr\u00fae unha complexa e histri\u00f3nica trama de disparate e polisemia na que relata a historia de dous homes que finxen chamarse Ernesto coa intenci\u00f3n de poder casar con d\u00faas fermosas mulleres que ti\u00f1an a fantas\u00eda de poder casar alg\u00fan d\u00eda con algu\u00e9n chamado Ernesto","breadcrumb":{"@id":"https:\/\/www.anovapeneira.gal\/index.php\/2022\/12\/14\/a-importancia-de-chamarse-ernesto-e-o-nacionalismo-galego\/#breadcrumb"},"inLanguage":"gl-ES","potentialAction":[{"@type":"ReadAction","target":["https:\/\/www.anovapeneira.gal\/index.php\/2022\/12\/14\/a-importancia-de-chamarse-ernesto-e-o-nacionalismo-galego\/"]}]},{"@type":"ImageObject","inLanguage":"gl-ES","@id":"https:\/\/www.anovapeneira.gal\/index.php\/2022\/12\/14\/a-importancia-de-chamarse-ernesto-e-o-nacionalismo-galego\/#primaryimage","url":"https:\/\/www.anovapeneira.gal\/wp-content\/uploads\/2019\/07\/ARTIGO_DE_OPINION_A_NOVA_PENEIRA.jpg","contentUrl":"https:\/\/www.anovapeneira.gal\/wp-content\/uploads\/2019\/07\/ARTIGO_DE_OPINION_A_NOVA_PENEIRA.jpg","width":720,"height":473,"caption":"Artigo de opini\u00f3n A Nova Peneira"},{"@type":"BreadcrumbList","@id":"https:\/\/www.anovapeneira.gal\/index.php\/2022\/12\/14\/a-importancia-de-chamarse-ernesto-e-o-nacionalismo-galego\/#breadcrumb","itemListElement":[{"@type":"ListItem","position":1,"name":"Portada","item":"https:\/\/www.anovapeneira.gal\/"},{"@type":"ListItem","position":2,"name":"A importancia de chamarse Ernesto e o nacionalismo galego"}]},{"@type":"WebSite","@id":"https:\/\/www.anovapeneira.gal\/#website","url":"https:\/\/www.anovapeneira.gal\/","name":"","description":"Xornal galego de informaci\u00f3n xeral Publicaci\u00f3n mensual de novas de Galicia e en especial dos Concellos da sur da provincia de Pontevedra.","publisher":{"@id":"https:\/\/www.anovapeneira.gal\/#organization"},"potentialAction":[{"@type":"SearchAction","target":{"@type":"EntryPoint","urlTemplate":"https:\/\/www.anovapeneira.gal\/?s={search_term_string}"},"query-input":{"@type":"PropertyValueSpecification","valueRequired":true,"valueName":"search_term_string"}}],"inLanguage":"gl-ES"},{"@type":"Organization","@id":"https:\/\/www.anovapeneira.gal\/#organization","name":"A Nova Peneira","url":"https:\/\/www.anovapeneira.gal\/","logo":{"@type":"ImageObject","inLanguage":"gl-ES","@id":"https:\/\/www.anovapeneira.gal\/#\/schema\/logo\/image\/","url":"http:\/\/www.anovapeneira.gal\/wp-content\/uploads\/2019\/06\/logo_a_nova_peneira_portal_web.png","contentUrl":"http:\/\/www.anovapeneira.gal\/wp-content\/uploads\/2019\/06\/logo_a_nova_peneira_portal_web.png","width":300,"height":100,"caption":"A Nova Peneira"},"image":{"@id":"https:\/\/www.anovapeneira.gal\/#\/schema\/logo\/image\/"},"sameAs":["https:\/\/www.facebook.com\/anovapeneira","https:\/\/x.com\/APeneira"]},{"@type":"Person","@id":"https:\/\/www.anovapeneira.gal\/#\/schema\/person\/fb77575328c93684dae4b0075f90c2cb","name":"admin","image":{"@type":"ImageObject","inLanguage":"gl-ES","@id":"https:\/\/secure.gravatar.com\/avatar\/df15c36ce375448325e0bc870e91bbee95947a002eb98dcfd6c2b053e18843e9?s=96&d=mm&r=g","url":"https:\/\/secure.gravatar.com\/avatar\/df15c36ce375448325e0bc870e91bbee95947a002eb98dcfd6c2b053e18843e9?s=96&d=mm&r=g","contentUrl":"https:\/\/secure.gravatar.com\/avatar\/df15c36ce375448325e0bc870e91bbee95947a002eb98dcfd6c2b053e18843e9?s=96&d=mm&r=g","caption":"admin"},"description":"Xornal galego de informaci\u00f3n xeral Publicaci\u00f3n mensual de novas de Galicia e en especial dos Concellos da sur da provincia de Pontevedra.","sameAs":["http:\/\/www.anovapeneira.gal\/","https:\/\/www.facebook.com\/anovapeneira\/"],"url":"https:\/\/www.anovapeneira.gal\/index.php\/author\/admin\/"}]}},"jetpack_featured_media_url":"https:\/\/www.anovapeneira.gal\/wp-content\/uploads\/2019\/07\/ARTIGO_DE_OPINION_A_NOVA_PENEIRA.jpg","_links":{"self":[{"href":"https:\/\/www.anovapeneira.gal\/index.php\/wp-json\/wp\/v2\/posts\/8748","targetHints":{"allow":["GET"]}}],"collection":[{"href":"https:\/\/www.anovapeneira.gal\/index.php\/wp-json\/wp\/v2\/posts"}],"about":[{"href":"https:\/\/www.anovapeneira.gal\/index.php\/wp-json\/wp\/v2\/types\/post"}],"author":[{"embeddable":true,"href":"https:\/\/www.anovapeneira.gal\/index.php\/wp-json\/wp\/v2\/users\/1"}],"replies":[{"embeddable":true,"href":"https:\/\/www.anovapeneira.gal\/index.php\/wp-json\/wp\/v2\/comments?post=8748"}],"version-history":[{"count":1,"href":"https:\/\/www.anovapeneira.gal\/index.php\/wp-json\/wp\/v2\/posts\/8748\/revisions"}],"predecessor-version":[{"id":8749,"href":"https:\/\/www.anovapeneira.gal\/index.php\/wp-json\/wp\/v2\/posts\/8748\/revisions\/8749"}],"wp:featuredmedia":[{"embeddable":true,"href":"https:\/\/www.anovapeneira.gal\/index.php\/wp-json\/wp\/v2\/media\/584"}],"wp:attachment":[{"href":"https:\/\/www.anovapeneira.gal\/index.php\/wp-json\/wp\/v2\/media?parent=8748"}],"wp:term":[{"taxonomy":"category","embeddable":true,"href":"https:\/\/www.anovapeneira.gal\/index.php\/wp-json\/wp\/v2\/categories?post=8748"},{"taxonomy":"post_tag","embeddable":true,"href":"https:\/\/www.anovapeneira.gal\/index.php\/wp-json\/wp\/v2\/tags?post=8748"}],"curies":[{"name":"wp","href":"https:\/\/api.w.org\/{rel}","templated":true}]}}