{"id":8754,"date":"2022-12-15T12:00:24","date_gmt":"2022-12-15T11:00:24","guid":{"rendered":"https:\/\/www.anovapeneira.gal\/?p=8754"},"modified":"2022-12-12T10:46:55","modified_gmt":"2022-12-12T09:46:55","slug":"o-bng-pide-maior-seriedade-e-rigor-ao-pp-en-materia-de-aparcamento","status":"publish","type":"post","link":"https:\/\/www.anovapeneira.gal\/index.php\/2022\/12\/15\/o-bng-pide-maior-seriedade-e-rigor-ao-pp-en-materia-de-aparcamento\/","title":{"rendered":"O BNG pide maior seriedade e rigor ao PP en materia de aparcamento"},"content":{"rendered":"\n<h2 class=\"wp-block-heading\"><em>Luc\u00eda Santos manifesta que \u201co BNG non pode avalar a pol\u00edtica en materia de aparcamento do PP, caracterizada polas ocorrencias e a improvisaci\u00f3n.\u201d<\/em><\/h2>\n\n\n\n<p><em>Santos insiste na necesidade de \u201cprocurar unha alternativa ao parque Eguren para a construci\u00f3n dun aparcadoiro privado, e na dotaci\u00f3n de aparcamentos gratu\u00edtos realmente disuasorios.\u201d<\/em><\/p>\n\n\n\n<p>Hai uns d\u00edas o Sr. Manuel Santos, portavoz municipal do PP, criticaba a proposta do BNG de estudar a viabilidade da construci\u00f3n dun aparcadoiro na r\u00faa Dichosa e afirmaba que o BNG est\u00e1 en contra de todo o referido \u00e1 pol\u00edtica do goberno local en materia de aparcamento.<\/p>\n\n\n\n<p>Luc\u00eda Santos, portavoz municipal do BNG de Mar\u00edn, afirma que \u201co goberno do PP ven caracteriz\u00e1ndose pola improvisaci\u00f3n e as ocorrencias en numerosos \u00e1mbitos da xesti\u00f3n municipal, e unha das \u00e1reas onde se pode comprobar con absoluta claridade \u00e9 en materia de aparcamento, polo que o BNG non pode avalar esta negativa xesti\u00f3n que amosa a falta de planificaci\u00f3n deste goberno.\u201d<\/p>\n\n\n\n<p>O BNG leva meses amosando o seu rexeitamento ao emprazamento do <strong>aparcadoiro soterrado<\/strong> no parque Eguren porque, segundo Luc\u00eda Santos, \u201cun aparcadoiro neste lugar provocar\u00e1 un aumento monumental do tr\u00e1fico no centro da vila, principalmente nas r\u00faas Concepci\u00f3n Arenal, A Estrada, Ezequiel Massoni e Jaime Janer, nunha zona na que existen catro centros escolares, unha residencia de maiores, un centro de d\u00eda e unha zona de xogos.\u201d<\/p>\n\n\n\n<p>A portavoz do BNG manifesta que \u201cen lugar de apostar pola mobilidade sost\u00edbel, creando espazos que faciliten a mobilidade urbana a p\u00e9 ou en bicicleta, a aposta do PP pasa por levar os coches ao centro da vila, hipotecando o desenvolvemento futuro do casco urbano.\u201d<\/p>\n\n\n\n<p>E engade que \u201cnon podemos esquecer os grand\u00edsimos inconvenientes que provocar\u00e1 no centro da vila durante os anos de construci\u00f3n, o limitado n\u00famero de prazas, e o custe econ\u00f3mico absolutamente desproporcionado da proposta do PP.\u201d<\/p>\n\n\n\n<p>O BNG prop\u00f3n unha nova ubicaci\u00f3n no \u00fanico espazo do centro da vila recollido no PXOM como futuro uso dotacional, onde poder\u00eda construirse un aparcadoiro de plantas en superficie, cun colosal abaratamento dos custes, mais tam\u00e9n soterrado no seu caso, aproveitando as diferentes cotas do terreo e deixando a cuberta para dotaci\u00f3n dun espazo de uso p\u00fablico.<\/p>\n\n\n\n<p>Luc\u00eda Santos indica que \u201ca parcela est\u00e1 situada nun lugar estrat\u00e9xico para expandir e desenrolar o n\u00facleo urbano da vila, ademais de estar situado nun punto cercano a diferentes lugares de interese como o vial de praias, a praza de abastos ou a alameda. At\u00f3pase a 5 minutos cami\u00f1ando da alameda e a 7 minutos da praza 8 de marzo.\u201d<\/p>\n\n\n\n<p>Luc\u00eda Santos manifesta que \u201co concelleiro de urbanismo critica a proposta con obviedades, como que hai que facer expropiaci\u00f3ns ou que precisar\u00eda tempo, con falsidades como que est\u00e1 \u00e1 mesma distancia que o aparcamento gratu\u00edto da Laxe (a 10 minutos da alameda), ou con afirmaci\u00f3ns en relaci\u00f3n aos accesos carentes de an\u00e1lise, obviando a posibilidade de acceso desde a r\u00faa Tiro Naval Janer, que debera ser avaliada nun estudo t\u00e9cnico.\u201d<\/p>\n\n\n\n<p>En relaci\u00f3n con <strong>aparcamentos alternativos gratu\u00edtos<\/strong>, \u201co BNG nunca se manifestou en contra destes aparcamentos, sen\u00f3n da improvisaci\u00f3n, a falta de transparencia e a demora na actuaci\u00f3n do goberno local do PP\u201d segundo Luc\u00eda Santos.<\/p>\n\n\n\n<p>As obras da Avda. de Ourense e as actuaci\u00f3ns no casco urbano (r\u00faas da Estrada, Concepci\u00f3n Arenal, Ezequiel Massoni, Jos\u00e9 Casal, Francisco Land\u00edn Pazos&#8230;) supuxeron a eliminaci\u00f3n de numeros\u00edsimas prazas de aparcamento, polo que Santos considera \u201cunha obviedade\u201d dicir que antes de que se inicien unhas obras e actuaci\u00f3ns que van provocar uns grandes problemas de aparcamento, \u201co goberno local deber\u00eda ter actuado con anterioridade, procurando alternativas de aparcamento para evitar o caos, e non posteriormente como reacci\u00f3n ao enfado e \u00e1s cr\u00edticas xustificadas da veci\u00f1anza. Un goberno serio e competente non act\u00faa a posteriori, act\u00faa con previsi\u00f3n.\u201d<\/p>\n\n\n\n<p>Amais, non son unha soluci\u00f3n est\u00e1bel ao problema do aparcamento pois, como lembra a portavoz do BNG, son \u201caparcamentos temporais\u201d e existe unha \u201ctotal falta de transparencia en relaci\u00f3n aos acordos coas persoas propietarias dos terreos. Por canto tempo est\u00e1n cedidos os terreos? Existen contraprestaci\u00f3ns econ\u00f3micas?\u201d<\/p>\n\n\n\n<p>En canto \u00e1s zonas de <strong>aparcamento gratuito con limitaci\u00f3n de d\u00faas horas<\/strong>, Luc\u00eda Santos considera que \u201csen antes resolver, ou cando menos reducir, o grave problema de aparcamento no casco urbano non se debera ter iniciado esta medida, que est\u00e1 a causar numerosos problemas \u00e1 veci\u00f1anza que vive no centro da vila, e a veci\u00f1anza de fora do casco urbano contin\u00faa dando voltas por Mar\u00edn para tratar de atopar un sitio no que estacionar o seu veh\u00edculo.\u201d<\/p>\n\n\n\n<p>Santos manifesta que \u201cno tema do aparcamento c\u00f3mpre fuxir da demagoxia e reco\u00f1ecer que Mar\u00edn ten un problema importante debido \u00e1 fisonom\u00eda do casco urbano e ao PXOM, e por iso mesmo c\u00f3mpre traballar con seriedade, rigor e adicaci\u00f3n na procura das mellores soluci\u00f3ns pos\u00edbeis, mais o goberno do PP prefire recorrer ao f\u00e1cil e \u00e1 improvisaci\u00f3n constante.\u201d<\/p>\n\n\n\n<p>E remata expo\u00f1endo a <strong>proposta do BNG<\/strong> en materia de aparcamento. \u201cO BNG aposta por eliminar a circulaci\u00f3n de veh\u00edculos no centro da vila para mellorar a calidade de vida da veci\u00f1anza e a dinamizaci\u00f3n socioecon\u00f3mica do noso concello. Para elo o BNG aposta pola dotaci\u00f3n de aparcamentos gratu\u00edtos realmente disuasorios, a unha distancia prudente do centro, para que a veci\u00f1anza que se achega a Mar\u00edn non te\u00f1a que circular polo centro da vila, conxestionando o casco urbano e desesper\u00e1ndose para poder estacionar o seu veh\u00edculo.\u201d<\/p>\n\n\n\n<p>\u201cE a nosa proposta pasa tam\u00e9n pola construci\u00f3n dun aparcadoiro privado, mais procurando a mellor ubicaci\u00f3n pos\u00edbel para a veci\u00f1anza, o comercio, a ordenaci\u00f3n do tr\u00e1fico, o desenvolvemento do casco urbano, e cuns custes razon\u00e1beis para o concello e, en \u00faltimo termo, \u00e1 veci\u00f1anza de Mar\u00edn.\u201d<\/p>\n\n\n\n<p>Mar\u00edn, a 9 de decembro de 2022<\/p>\n\n\n\n<p>Luc\u00eda Santos Omil<\/p>\n\n\n\n<p>Portavoz municipal do BNG de Mar\u00edn<\/p>\n","protected":false},"excerpt":{"rendered":"<div class=\"mh-excerpt\"><p>Luc\u00eda Santos manifesta que \u201co BNG non pode avalar a pol\u00edtica en materia de aparcamento do PP, caracterizada polas ocorrencias e a improvisaci\u00f3n.\u201d <a class=\"mh-excerpt-more\" href=\"https:\/\/www.anovapeneira.gal\/index.php\/2022\/12\/15\/o-bng-pide-maior-seriedade-e-rigor-ao-pp-en-materia-de-aparcamento\/\" title=\"O BNG pide maior seriedade e rigor ao PP en materia de aparcamento\">[&#8230;]<\/a><\/p>\n<\/div>","protected":false},"author":12,"featured_media":8756,"comment_status":"open","ping_status":"open","sticky":false,"template":"","format":"standard","meta":{"_exactmetrics_skip_tracking":false,"_exactmetrics_sitenote_active":false,"_exactmetrics_sitenote_note":"","_exactmetrics_sitenote_category":0,"footnotes":""},"categories":[7],"tags":[144],"class_list":{"0":"post-8754","1":"post","2":"type-post","3":"status-publish","4":"format-standard","5":"has-post-thumbnail","7":"category-artigos-de-opinion","8":"tag-concello-de-marin"},"yoast_head":"<!-- This site is optimized with the Yoast SEO plugin v27.4 - https:\/\/yoast.com\/product\/yoast-seo-wordpress\/ -->\n<title>O BNG pide maior seriedade e rigor ao PP en materia de aparcamento -<\/title>\n<meta name=\"description\" content=\"Luc\u00eda Santos manifesta que \u201co BNG non pode avalar a pol\u00edtica en materia de aparcamento do PP, caracterizada polas ocorrencias e a improvisaci\u00f3n.\u201d\" \/>\n<meta name=\"robots\" content=\"index, follow, max-snippet:-1, max-image-preview:large, max-video-preview:-1\" \/>\n<link rel=\"canonical\" href=\"https:\/\/www.anovapeneira.gal\/index.php\/2022\/12\/15\/o-bng-pide-maior-seriedade-e-rigor-ao-pp-en-materia-de-aparcamento\/\" \/>\n<meta property=\"og:locale\" content=\"gl_ES\" \/>\n<meta property=\"og:type\" content=\"article\" \/>\n<meta property=\"og:title\" content=\"O BNG pide maior seriedade e rigor ao PP en materia de aparcamento -\" \/>\n<meta property=\"og:description\" content=\"Luc\u00eda Santos manifesta que \u201co BNG non pode avalar a pol\u00edtica en materia de aparcamento do PP, caracterizada polas ocorrencias e a improvisaci\u00f3n.\u201d\" \/>\n<meta property=\"og:url\" content=\"https:\/\/www.anovapeneira.gal\/index.php\/2022\/12\/15\/o-bng-pide-maior-seriedade-e-rigor-ao-pp-en-materia-de-aparcamento\/\" \/>\n<meta property=\"article:publisher\" content=\"https:\/\/www.facebook.com\/anovapeneira\" \/>\n<meta property=\"article:published_time\" content=\"2022-12-15T11:00:24+00:00\" \/>\n<meta property=\"og:image\" content=\"https:\/\/www.anovapeneira.gal\/wp-content\/uploads\/2022\/12\/lucia_bng_marin.jpg\" \/>\n\t<meta property=\"og:image:width\" content=\"720\" \/>\n\t<meta property=\"og:image:height\" content=\"432\" \/>\n\t<meta property=\"og:image:type\" content=\"image\/jpeg\" \/>\n<meta name=\"author\" content=\"Artigos Opini\u00f3n\" \/>\n<meta name=\"twitter:card\" content=\"summary_large_image\" \/>\n<meta name=\"twitter:creator\" content=\"@APeneira\" \/>\n<meta name=\"twitter:site\" content=\"@APeneira\" \/>\n<meta name=\"twitter:label1\" content=\"Escrito por\" \/>\n\t<meta name=\"twitter:data1\" content=\"Artigos Opini\u00f3n\" \/>\n\t<meta name=\"twitter:label2\" content=\"Tempo de lectura\" \/>\n\t<meta name=\"twitter:data2\" content=\"6 minutos\" \/>\n<script type=\"application\/ld+json\" class=\"yoast-schema-graph\">{\"@context\":\"https:\\\/\\\/schema.org\",\"@graph\":[{\"@type\":\"Article\",\"@id\":\"https:\\\/\\\/www.anovapeneira.gal\\\/index.php\\\/2022\\\/12\\\/15\\\/o-bng-pide-maior-seriedade-e-rigor-ao-pp-en-materia-de-aparcamento\\\/#article\",\"isPartOf\":{\"@id\":\"https:\\\/\\\/www.anovapeneira.gal\\\/index.php\\\/2022\\\/12\\\/15\\\/o-bng-pide-maior-seriedade-e-rigor-ao-pp-en-materia-de-aparcamento\\\/\"},\"author\":{\"name\":\"Artigos Opini\u00f3n\",\"@id\":\"https:\\\/\\\/www.anovapeneira.gal\\\/#\\\/schema\\\/person\\\/f18a4feb302e8f20bcef4490b5b60bb3\"},\"headline\":\"O BNG pide maior seriedade e rigor ao PP en materia de aparcamento\",\"datePublished\":\"2022-12-15T11:00:24+00:00\",\"mainEntityOfPage\":{\"@id\":\"https:\\\/\\\/www.anovapeneira.gal\\\/index.php\\\/2022\\\/12\\\/15\\\/o-bng-pide-maior-seriedade-e-rigor-ao-pp-en-materia-de-aparcamento\\\/\"},\"wordCount\":1070,\"commentCount\":0,\"publisher\":{\"@id\":\"https:\\\/\\\/www.anovapeneira.gal\\\/#organization\"},\"image\":{\"@id\":\"https:\\\/\\\/www.anovapeneira.gal\\\/index.php\\\/2022\\\/12\\\/15\\\/o-bng-pide-maior-seriedade-e-rigor-ao-pp-en-materia-de-aparcamento\\\/#primaryimage\"},\"thumbnailUrl\":\"https:\\\/\\\/www.anovapeneira.gal\\\/wp-content\\\/uploads\\\/2022\\\/12\\\/lucia_bng_marin.jpg\",\"keywords\":[\"Concello de Mar\u00edn\"],\"articleSection\":[\"Artigos de opini\u00f3n\"],\"inLanguage\":\"gl-ES\",\"potentialAction\":[{\"@type\":\"CommentAction\",\"name\":\"Comment\",\"target\":[\"https:\\\/\\\/www.anovapeneira.gal\\\/index.php\\\/2022\\\/12\\\/15\\\/o-bng-pide-maior-seriedade-e-rigor-ao-pp-en-materia-de-aparcamento\\\/#respond\"]}]},{\"@type\":\"WebPage\",\"@id\":\"https:\\\/\\\/www.anovapeneira.gal\\\/index.php\\\/2022\\\/12\\\/15\\\/o-bng-pide-maior-seriedade-e-rigor-ao-pp-en-materia-de-aparcamento\\\/\",\"url\":\"https:\\\/\\\/www.anovapeneira.gal\\\/index.php\\\/2022\\\/12\\\/15\\\/o-bng-pide-maior-seriedade-e-rigor-ao-pp-en-materia-de-aparcamento\\\/\",\"name\":\"O BNG pide maior seriedade e rigor ao PP en materia de aparcamento -\",\"isPartOf\":{\"@id\":\"https:\\\/\\\/www.anovapeneira.gal\\\/#website\"},\"primaryImageOfPage\":{\"@id\":\"https:\\\/\\\/www.anovapeneira.gal\\\/index.php\\\/2022\\\/12\\\/15\\\/o-bng-pide-maior-seriedade-e-rigor-ao-pp-en-materia-de-aparcamento\\\/#primaryimage\"},\"image\":{\"@id\":\"https:\\\/\\\/www.anovapeneira.gal\\\/index.php\\\/2022\\\/12\\\/15\\\/o-bng-pide-maior-seriedade-e-rigor-ao-pp-en-materia-de-aparcamento\\\/#primaryimage\"},\"thumbnailUrl\":\"https:\\\/\\\/www.anovapeneira.gal\\\/wp-content\\\/uploads\\\/2022\\\/12\\\/lucia_bng_marin.jpg\",\"datePublished\":\"2022-12-15T11:00:24+00:00\",\"description\":\"Luc\u00eda Santos manifesta que \u201co BNG non pode avalar a pol\u00edtica en materia de aparcamento do PP, caracterizada polas ocorrencias e a improvisaci\u00f3n.\u201d\",\"breadcrumb\":{\"@id\":\"https:\\\/\\\/www.anovapeneira.gal\\\/index.php\\\/2022\\\/12\\\/15\\\/o-bng-pide-maior-seriedade-e-rigor-ao-pp-en-materia-de-aparcamento\\\/#breadcrumb\"},\"inLanguage\":\"gl-ES\",\"potentialAction\":[{\"@type\":\"ReadAction\",\"target\":[\"https:\\\/\\\/www.anovapeneira.gal\\\/index.php\\\/2022\\\/12\\\/15\\\/o-bng-pide-maior-seriedade-e-rigor-ao-pp-en-materia-de-aparcamento\\\/\"]}]},{\"@type\":\"ImageObject\",\"inLanguage\":\"gl-ES\",\"@id\":\"https:\\\/\\\/www.anovapeneira.gal\\\/index.php\\\/2022\\\/12\\\/15\\\/o-bng-pide-maior-seriedade-e-rigor-ao-pp-en-materia-de-aparcamento\\\/#primaryimage\",\"url\":\"https:\\\/\\\/www.anovapeneira.gal\\\/wp-content\\\/uploads\\\/2022\\\/12\\\/lucia_bng_marin.jpg\",\"contentUrl\":\"https:\\\/\\\/www.anovapeneira.gal\\\/wp-content\\\/uploads\\\/2022\\\/12\\\/lucia_bng_marin.jpg\",\"width\":720,\"height\":432,\"caption\":\"Luc\u00eda Santos BNG\"},{\"@type\":\"BreadcrumbList\",\"@id\":\"https:\\\/\\\/www.anovapeneira.gal\\\/index.php\\\/2022\\\/12\\\/15\\\/o-bng-pide-maior-seriedade-e-rigor-ao-pp-en-materia-de-aparcamento\\\/#breadcrumb\",\"itemListElement\":[{\"@type\":\"ListItem\",\"position\":1,\"name\":\"Portada\",\"item\":\"https:\\\/\\\/www.anovapeneira.gal\\\/\"},{\"@type\":\"ListItem\",\"position\":2,\"name\":\"O BNG pide maior seriedade e rigor ao PP en materia de aparcamento\"}]},{\"@type\":\"WebSite\",\"@id\":\"https:\\\/\\\/www.anovapeneira.gal\\\/#website\",\"url\":\"https:\\\/\\\/www.anovapeneira.gal\\\/\",\"name\":\"\",\"description\":\"Xornal galego de informaci\u00f3n xeral Publicaci\u00f3n mensual de novas de Galicia e en especial dos Concellos da sur da provincia de Pontevedra.\",\"publisher\":{\"@id\":\"https:\\\/\\\/www.anovapeneira.gal\\\/#organization\"},\"potentialAction\":[{\"@type\":\"SearchAction\",\"target\":{\"@type\":\"EntryPoint\",\"urlTemplate\":\"https:\\\/\\\/www.anovapeneira.gal\\\/?s={search_term_string}\"},\"query-input\":{\"@type\":\"PropertyValueSpecification\",\"valueRequired\":true,\"valueName\":\"search_term_string\"}}],\"inLanguage\":\"gl-ES\"},{\"@type\":\"Organization\",\"@id\":\"https:\\\/\\\/www.anovapeneira.gal\\\/#organization\",\"name\":\"A Nova Peneira\",\"url\":\"https:\\\/\\\/www.anovapeneira.gal\\\/\",\"logo\":{\"@type\":\"ImageObject\",\"inLanguage\":\"gl-ES\",\"@id\":\"https:\\\/\\\/www.anovapeneira.gal\\\/#\\\/schema\\\/logo\\\/image\\\/\",\"url\":\"http:\\\/\\\/www.anovapeneira.gal\\\/wp-content\\\/uploads\\\/2019\\\/06\\\/logo_a_nova_peneira_portal_web.png\",\"contentUrl\":\"http:\\\/\\\/www.anovapeneira.gal\\\/wp-content\\\/uploads\\\/2019\\\/06\\\/logo_a_nova_peneira_portal_web.png\",\"width\":300,\"height\":100,\"caption\":\"A Nova Peneira\"},\"image\":{\"@id\":\"https:\\\/\\\/www.anovapeneira.gal\\\/#\\\/schema\\\/logo\\\/image\\\/\"},\"sameAs\":[\"https:\\\/\\\/www.facebook.com\\\/anovapeneira\",\"https:\\\/\\\/x.com\\\/APeneira\"]},{\"@type\":\"Person\",\"@id\":\"https:\\\/\\\/www.anovapeneira.gal\\\/#\\\/schema\\\/person\\\/f18a4feb302e8f20bcef4490b5b60bb3\",\"name\":\"Artigos Opini\u00f3n\",\"image\":{\"@type\":\"ImageObject\",\"inLanguage\":\"gl-ES\",\"@id\":\"https:\\\/\\\/secure.gravatar.com\\\/avatar\\\/072844300f4881150aee2da4278f7a65d16eefdf8262eb67085f1e702de2b959?s=96&d=mm&r=g\",\"url\":\"https:\\\/\\\/secure.gravatar.com\\\/avatar\\\/072844300f4881150aee2da4278f7a65d16eefdf8262eb67085f1e702de2b959?s=96&d=mm&r=g\",\"contentUrl\":\"https:\\\/\\\/secure.gravatar.com\\\/avatar\\\/072844300f4881150aee2da4278f7a65d16eefdf8262eb67085f1e702de2b959?s=96&d=mm&r=g\",\"caption\":\"Artigos Opini\u00f3n\"},\"sameAs\":[\"http:\\\/\\\/anovapeneira.gal\"],\"url\":\"https:\\\/\\\/www.anovapeneira.gal\\\/index.php\\\/author\\\/artigosopinion\\\/\"}]}<\/script>\n<!-- \/ Yoast SEO plugin. -->","yoast_head_json":{"title":"O BNG pide maior seriedade e rigor ao PP en materia de aparcamento -","description":"Luc\u00eda Santos manifesta que \u201co BNG non pode avalar a pol\u00edtica en materia de aparcamento do PP, caracterizada polas ocorrencias e a improvisaci\u00f3n.\u201d","robots":{"index":"index","follow":"follow","max-snippet":"max-snippet:-1","max-image-preview":"max-image-preview:large","max-video-preview":"max-video-preview:-1"},"canonical":"https:\/\/www.anovapeneira.gal\/index.php\/2022\/12\/15\/o-bng-pide-maior-seriedade-e-rigor-ao-pp-en-materia-de-aparcamento\/","og_locale":"gl_ES","og_type":"article","og_title":"O BNG pide maior seriedade e rigor ao PP en materia de aparcamento -","og_description":"Luc\u00eda Santos manifesta que \u201co BNG non pode avalar a pol\u00edtica en materia de aparcamento do PP, caracterizada polas ocorrencias e a improvisaci\u00f3n.\u201d","og_url":"https:\/\/www.anovapeneira.gal\/index.php\/2022\/12\/15\/o-bng-pide-maior-seriedade-e-rigor-ao-pp-en-materia-de-aparcamento\/","article_publisher":"https:\/\/www.facebook.com\/anovapeneira","article_published_time":"2022-12-15T11:00:24+00:00","og_image":[{"width":720,"height":432,"url":"https:\/\/www.anovapeneira.gal\/wp-content\/uploads\/2022\/12\/lucia_bng_marin.jpg","type":"image\/jpeg"}],"author":"Artigos Opini\u00f3n","twitter_card":"summary_large_image","twitter_creator":"@APeneira","twitter_site":"@APeneira","twitter_misc":{"Escrito por":"Artigos Opini\u00f3n","Tempo de lectura":"6 minutos"},"schema":{"@context":"https:\/\/schema.org","@graph":[{"@type":"Article","@id":"https:\/\/www.anovapeneira.gal\/index.php\/2022\/12\/15\/o-bng-pide-maior-seriedade-e-rigor-ao-pp-en-materia-de-aparcamento\/#article","isPartOf":{"@id":"https:\/\/www.anovapeneira.gal\/index.php\/2022\/12\/15\/o-bng-pide-maior-seriedade-e-rigor-ao-pp-en-materia-de-aparcamento\/"},"author":{"name":"Artigos Opini\u00f3n","@id":"https:\/\/www.anovapeneira.gal\/#\/schema\/person\/f18a4feb302e8f20bcef4490b5b60bb3"},"headline":"O BNG pide maior seriedade e rigor ao PP en materia de aparcamento","datePublished":"2022-12-15T11:00:24+00:00","mainEntityOfPage":{"@id":"https:\/\/www.anovapeneira.gal\/index.php\/2022\/12\/15\/o-bng-pide-maior-seriedade-e-rigor-ao-pp-en-materia-de-aparcamento\/"},"wordCount":1070,"commentCount":0,"publisher":{"@id":"https:\/\/www.anovapeneira.gal\/#organization"},"image":{"@id":"https:\/\/www.anovapeneira.gal\/index.php\/2022\/12\/15\/o-bng-pide-maior-seriedade-e-rigor-ao-pp-en-materia-de-aparcamento\/#primaryimage"},"thumbnailUrl":"https:\/\/www.anovapeneira.gal\/wp-content\/uploads\/2022\/12\/lucia_bng_marin.jpg","keywords":["Concello de Mar\u00edn"],"articleSection":["Artigos de opini\u00f3n"],"inLanguage":"gl-ES","potentialAction":[{"@type":"CommentAction","name":"Comment","target":["https:\/\/www.anovapeneira.gal\/index.php\/2022\/12\/15\/o-bng-pide-maior-seriedade-e-rigor-ao-pp-en-materia-de-aparcamento\/#respond"]}]},{"@type":"WebPage","@id":"https:\/\/www.anovapeneira.gal\/index.php\/2022\/12\/15\/o-bng-pide-maior-seriedade-e-rigor-ao-pp-en-materia-de-aparcamento\/","url":"https:\/\/www.anovapeneira.gal\/index.php\/2022\/12\/15\/o-bng-pide-maior-seriedade-e-rigor-ao-pp-en-materia-de-aparcamento\/","name":"O BNG pide maior seriedade e rigor ao PP en materia de aparcamento -","isPartOf":{"@id":"https:\/\/www.anovapeneira.gal\/#website"},"primaryImageOfPage":{"@id":"https:\/\/www.anovapeneira.gal\/index.php\/2022\/12\/15\/o-bng-pide-maior-seriedade-e-rigor-ao-pp-en-materia-de-aparcamento\/#primaryimage"},"image":{"@id":"https:\/\/www.anovapeneira.gal\/index.php\/2022\/12\/15\/o-bng-pide-maior-seriedade-e-rigor-ao-pp-en-materia-de-aparcamento\/#primaryimage"},"thumbnailUrl":"https:\/\/www.anovapeneira.gal\/wp-content\/uploads\/2022\/12\/lucia_bng_marin.jpg","datePublished":"2022-12-15T11:00:24+00:00","description":"Luc\u00eda Santos manifesta que \u201co BNG non pode avalar a pol\u00edtica en materia de aparcamento do PP, caracterizada polas ocorrencias e a improvisaci\u00f3n.\u201d","breadcrumb":{"@id":"https:\/\/www.anovapeneira.gal\/index.php\/2022\/12\/15\/o-bng-pide-maior-seriedade-e-rigor-ao-pp-en-materia-de-aparcamento\/#breadcrumb"},"inLanguage":"gl-ES","potentialAction":[{"@type":"ReadAction","target":["https:\/\/www.anovapeneira.gal\/index.php\/2022\/12\/15\/o-bng-pide-maior-seriedade-e-rigor-ao-pp-en-materia-de-aparcamento\/"]}]},{"@type":"ImageObject","inLanguage":"gl-ES","@id":"https:\/\/www.anovapeneira.gal\/index.php\/2022\/12\/15\/o-bng-pide-maior-seriedade-e-rigor-ao-pp-en-materia-de-aparcamento\/#primaryimage","url":"https:\/\/www.anovapeneira.gal\/wp-content\/uploads\/2022\/12\/lucia_bng_marin.jpg","contentUrl":"https:\/\/www.anovapeneira.gal\/wp-content\/uploads\/2022\/12\/lucia_bng_marin.jpg","width":720,"height":432,"caption":"Luc\u00eda Santos BNG"},{"@type":"BreadcrumbList","@id":"https:\/\/www.anovapeneira.gal\/index.php\/2022\/12\/15\/o-bng-pide-maior-seriedade-e-rigor-ao-pp-en-materia-de-aparcamento\/#breadcrumb","itemListElement":[{"@type":"ListItem","position":1,"name":"Portada","item":"https:\/\/www.anovapeneira.gal\/"},{"@type":"ListItem","position":2,"name":"O BNG pide maior seriedade e rigor ao PP en materia de aparcamento"}]},{"@type":"WebSite","@id":"https:\/\/www.anovapeneira.gal\/#website","url":"https:\/\/www.anovapeneira.gal\/","name":"","description":"Xornal galego de informaci\u00f3n xeral Publicaci\u00f3n mensual de novas de Galicia e en especial dos Concellos da sur da provincia de Pontevedra.","publisher":{"@id":"https:\/\/www.anovapeneira.gal\/#organization"},"potentialAction":[{"@type":"SearchAction","target":{"@type":"EntryPoint","urlTemplate":"https:\/\/www.anovapeneira.gal\/?s={search_term_string}"},"query-input":{"@type":"PropertyValueSpecification","valueRequired":true,"valueName":"search_term_string"}}],"inLanguage":"gl-ES"},{"@type":"Organization","@id":"https:\/\/www.anovapeneira.gal\/#organization","name":"A Nova Peneira","url":"https:\/\/www.anovapeneira.gal\/","logo":{"@type":"ImageObject","inLanguage":"gl-ES","@id":"https:\/\/www.anovapeneira.gal\/#\/schema\/logo\/image\/","url":"http:\/\/www.anovapeneira.gal\/wp-content\/uploads\/2019\/06\/logo_a_nova_peneira_portal_web.png","contentUrl":"http:\/\/www.anovapeneira.gal\/wp-content\/uploads\/2019\/06\/logo_a_nova_peneira_portal_web.png","width":300,"height":100,"caption":"A Nova Peneira"},"image":{"@id":"https:\/\/www.anovapeneira.gal\/#\/schema\/logo\/image\/"},"sameAs":["https:\/\/www.facebook.com\/anovapeneira","https:\/\/x.com\/APeneira"]},{"@type":"Person","@id":"https:\/\/www.anovapeneira.gal\/#\/schema\/person\/f18a4feb302e8f20bcef4490b5b60bb3","name":"Artigos Opini\u00f3n","image":{"@type":"ImageObject","inLanguage":"gl-ES","@id":"https:\/\/secure.gravatar.com\/avatar\/072844300f4881150aee2da4278f7a65d16eefdf8262eb67085f1e702de2b959?s=96&d=mm&r=g","url":"https:\/\/secure.gravatar.com\/avatar\/072844300f4881150aee2da4278f7a65d16eefdf8262eb67085f1e702de2b959?s=96&d=mm&r=g","contentUrl":"https:\/\/secure.gravatar.com\/avatar\/072844300f4881150aee2da4278f7a65d16eefdf8262eb67085f1e702de2b959?s=96&d=mm&r=g","caption":"Artigos Opini\u00f3n"},"sameAs":["http:\/\/anovapeneira.gal"],"url":"https:\/\/www.anovapeneira.gal\/index.php\/author\/artigosopinion\/"}]}},"jetpack_featured_media_url":"https:\/\/www.anovapeneira.gal\/wp-content\/uploads\/2022\/12\/lucia_bng_marin.jpg","_links":{"self":[{"href":"https:\/\/www.anovapeneira.gal\/index.php\/wp-json\/wp\/v2\/posts\/8754","targetHints":{"allow":["GET"]}}],"collection":[{"href":"https:\/\/www.anovapeneira.gal\/index.php\/wp-json\/wp\/v2\/posts"}],"about":[{"href":"https:\/\/www.anovapeneira.gal\/index.php\/wp-json\/wp\/v2\/types\/post"}],"author":[{"embeddable":true,"href":"https:\/\/www.anovapeneira.gal\/index.php\/wp-json\/wp\/v2\/users\/12"}],"replies":[{"embeddable":true,"href":"https:\/\/www.anovapeneira.gal\/index.php\/wp-json\/wp\/v2\/comments?post=8754"}],"version-history":[{"count":1,"href":"https:\/\/www.anovapeneira.gal\/index.php\/wp-json\/wp\/v2\/posts\/8754\/revisions"}],"predecessor-version":[{"id":8755,"href":"https:\/\/www.anovapeneira.gal\/index.php\/wp-json\/wp\/v2\/posts\/8754\/revisions\/8755"}],"wp:featuredmedia":[{"embeddable":true,"href":"https:\/\/www.anovapeneira.gal\/index.php\/wp-json\/wp\/v2\/media\/8756"}],"wp:attachment":[{"href":"https:\/\/www.anovapeneira.gal\/index.php\/wp-json\/wp\/v2\/media?parent=8754"}],"wp:term":[{"taxonomy":"category","embeddable":true,"href":"https:\/\/www.anovapeneira.gal\/index.php\/wp-json\/wp\/v2\/categories?post=8754"},{"taxonomy":"post_tag","embeddable":true,"href":"https:\/\/www.anovapeneira.gal\/index.php\/wp-json\/wp\/v2\/tags?post=8754"}],"curies":[{"name":"wp","href":"https:\/\/api.w.org\/{rel}","templated":true}]}}