{"id":8758,"date":"2022-12-16T10:00:57","date_gmt":"2022-12-16T09:00:57","guid":{"rendered":"https:\/\/www.anovapeneira.gal\/?p=8758"},"modified":"2022-12-12T17:53:22","modified_gmt":"2022-12-12T16:53:22","slug":"no-70-aniversario-do-ateneo-santa-cecilia-de-marin","status":"publish","type":"post","link":"https:\/\/www.anovapeneira.gal\/index.php\/2022\/12\/16\/no-70-aniversario-do-ateneo-santa-cecilia-de-marin\/","title":{"rendered":"No 70 aniversario do Ateneo Santa Cecilia de Mar\u00edn"},"content":{"rendered":"\n<pre class=\"wp-block-verse\">Celso Milleiro<\/pre>\n\n\n\n<p>Segundo nos relata o historiador Xos\u00e9 \u00c1lvarez, o 13 de marzo de 1947 desarticulouse unha organizaci\u00f3n de propaganda anti-franquista que operaba en Pontevedra, Mar\u00edn e a s\u00faa contorna, as\u00ed como varias c\u00e9lulas comunistas en xullo de 1951. Era as \u00faltimas rabexadas de resistencia anti-franquista dunha xeraci\u00f3n que co\u00f1eceu directamente as vicisitudes da II Rep\u00fablica Espa\u00f1ola e a Guerra Civil. Tempos en que a Sociedade Recreo de Artes\u00e1ns, o \u00fanico ente que ficou en Mar\u00edn despois da contenda b\u00e9lica e a represi\u00f3n que mantivo certas reminiscencias culturais, estaba ou entraba no ocaso.<\/p>\n\n\n\n<p>Neste contexto pol\u00edtico e social nac\u00eda en 1952 a Asociaci\u00f3n de Cultura e Arte Santa Cecilia, ao abeiro dos faladoiros que se realizaban na farmacia de \u201cFelitos\u201d Mass\u00f3, un mon\u00e1rquico admirador da figura de Primo de Rivera, mais unha persoa culta e con algunha perspectiva de miras. Con el, un feixe de m\u00fasicos, intelectuais e outros persoeiros do concello decidiron fundar a Asociaci\u00f3n. Tam\u00e9n significou un punto de encontro entre dous bandos enfrontados, \u00e9 dicir, os que defenderon a legalidade democr\u00e1tica da II Rep\u00fablica Espa\u00f1ola e os que se revelaron contra ela, alg\u00fans dos cales foron reprimidos nos primeiros anos da ditadura, caso do mestre galeguista Manuel Torres Mart\u00ednez ou dos socialistas \u00c1ngel Folgar Berm\u00fadez, Eduardo Otero Molas ou Francisco L\u00f3pez Crespo \u201cO Cautivo\u201d.<\/p>\n\n\n\n<p>Baixo a atenta mirada do r\u00e9xime ditatorial, neses intres con certa apertura por unha necesidade imperiosa do estado e pola estratexia pol\u00edtica dos EUA, permitiron con limitaci\u00f3ns o desenvolvemento das s\u00faas actividades sen deixar que os \u201celementos\u201d republicanos tiveran acceso a postos de alta responsabilidade nas directivas que se suced\u00edan anualmente. Cabe lembrar que Eduardo Otero Molas foi un dos detidos en 1947.<\/p>\n\n\n\n<p>Nesta conxuntura, os actos p\u00fablicos da Sociedade eran controlados desde a \u201ctribuna\u201d por cargos pol\u00edticos e militares da ditadura. A presenza de figuras senlleiras como o galeguista Otero Pedraio ou Vicente Risco daban unha alta calidade \u00e1s actividades da Sociedade mesturadas, iso si, con celebraci\u00f3ns relixiosas e m\u00faltiples actuaci\u00f3ns musicais dado o peso que os m\u00fasicos ti\u00f1an no Ateneo. Os m\u00fasicos da Escola Naval Militar, moitos deles procedentes doutras latitudes do Estado, aportaron o seu gran de area \u00f3 fortalecemento do traballo da asociaci\u00f3n.<\/p>\n\n\n\n<p>En 1958 contaba xa con 600 socios, mostra do bo facer que daquela realizaban, como a recuperaci\u00f3n dos maios. Hai que subli\u00f1ar outros proxectos como a creaci\u00f3n dun Arquivo Gr\u00e1fico de Mar\u00edn en 1970 ou nos seus inicios iniciativas como a creaci\u00f3n de becas de estudos de bacharelato.<\/p>\n\n\n\n<figure class=\"wp-block-gallery has-nested-images columns-default is-cropped wp-block-gallery-1 is-layout-flex wp-block-gallery-is-layout-flex\">\n<figure class=\"wp-block-image size-large\"><img loading=\"lazy\" decoding=\"async\" width=\"443\" height=\"494\" data-id=\"8763\" src=\"https:\/\/www.anovapeneira.gal\/wp-content\/uploads\/2022\/12\/Angel-Folgar-Bermu\u0301dez.jpg\" alt=\"\" class=\"wp-image-8763\" srcset=\"https:\/\/www.anovapeneira.gal\/wp-content\/uploads\/2022\/12\/Angel-Folgar-Bermu\u0301dez.jpg 443w, https:\/\/www.anovapeneira.gal\/wp-content\/uploads\/2022\/12\/Angel-Folgar-Bermu\u0301dez-269x300.jpg 269w\" sizes=\"auto, (max-width: 443px) 100vw, 443px\" \/><figcaption>\u00c1ngel Folgar Bermu\u0301dez<\/figcaption><\/figure>\n\n\n\n<figure class=\"wp-block-image size-large\"><img loading=\"lazy\" decoding=\"async\" width=\"443\" height=\"494\" data-id=\"8764\" src=\"https:\/\/www.anovapeneira.gal\/wp-content\/uploads\/2022\/12\/Francisco-Lopez-Crespo-e-Eduardo-Otero-Molas2.jpg\" alt=\"\" class=\"wp-image-8764\" srcset=\"https:\/\/www.anovapeneira.gal\/wp-content\/uploads\/2022\/12\/Francisco-Lopez-Crespo-e-Eduardo-Otero-Molas2.jpg 443w, https:\/\/www.anovapeneira.gal\/wp-content\/uploads\/2022\/12\/Francisco-Lopez-Crespo-e-Eduardo-Otero-Molas2-269x300.jpg 269w\" sizes=\"auto, (max-width: 443px) 100vw, 443px\" \/><figcaption>Francisco L\u00f3pez Crespo e Eduardo Otero Molas<\/figcaption><\/figure>\n\n\n\n<figure class=\"wp-block-image size-large\"><img loading=\"lazy\" decoding=\"async\" width=\"443\" height=\"494\" data-id=\"8761\" src=\"https:\/\/www.anovapeneira.gal\/wp-content\/uploads\/2022\/12\/Carlos-Paratcha-Va\u0301zquez.jpg\" alt=\"\" class=\"wp-image-8761\" srcset=\"https:\/\/www.anovapeneira.gal\/wp-content\/uploads\/2022\/12\/Carlos-Paratcha-Va\u0301zquez.jpg 443w, https:\/\/www.anovapeneira.gal\/wp-content\/uploads\/2022\/12\/Carlos-Paratcha-Va\u0301zquez-269x300.jpg 269w\" sizes=\"auto, (max-width: 443px) 100vw, 443px\" \/><figcaption>Carlos Paratcha Va\u0301zquez<\/figcaption><\/figure>\n<\/figure>\n\n\n\n<p>O Ateneo Santa Cecilia foi un aire fresco na decadencia social e cultural do concello tras a guerra civil, que pese a contar con numerosos cargos directivos do r\u00e9xime franquista soubo inclu\u00edr a presenza de republicanos, que ao fin e ao cabo foron os que deron \u00e1 Sociedade o calado cultural que necesitaba o concello, a\u00ednda coas restrici\u00f3ns pol\u00edticas do momento. Un destes persoeiros foi Carlos Paratcha V\u00e1zquez ao que na actualidade a\u00ednda non lle foi reco\u00f1ecida como se debe a s\u00faa importancia investigadora e cient\u00edfica.<\/p>\n","protected":false},"excerpt":{"rendered":"<div class=\"mh-excerpt\"><p>Segundo nos relata o historiador Xos\u00e9 \u00c1lvarez, o 13 de marzo de 1947 desarticulouse unha organizaci\u00f3n de propaganda anti-franquista que operaba en Pontevedra, Mar\u00edn e a s\u00faa contorna, as\u00ed como varias c\u00e9lulas comunistas en xullo de 1951. <a class=\"mh-excerpt-more\" href=\"https:\/\/www.anovapeneira.gal\/index.php\/2022\/12\/16\/no-70-aniversario-do-ateneo-santa-cecilia-de-marin\/\" title=\"No 70 aniversario do Ateneo Santa Cecilia de Mar\u00edn\">[&#8230;]<\/a><\/p>\n<\/div>","protected":false},"author":12,"featured_media":8760,"comment_status":"open","ping_status":"open","sticky":false,"template":"","format":"standard","meta":{"_exactmetrics_skip_tracking":false,"_exactmetrics_sitenote_active":false,"_exactmetrics_sitenote_note":"","_exactmetrics_sitenote_category":0,"footnotes":""},"categories":[7,1],"tags":[],"class_list":{"0":"post-8758","1":"post","2":"type-post","3":"status-publish","4":"format-standard","5":"has-post-thumbnail","7":"category-artigos-de-opinion","8":"category-sin-categoria"},"yoast_head":"<!-- This site is optimized with the Yoast SEO plugin v27.4 - https:\/\/yoast.com\/product\/yoast-seo-wordpress\/ -->\n<title>No 70 aniversario do Ateneo Santa Cecilia de Mar\u00edn -<\/title>\n<meta name=\"description\" content=\"Segundo nos relata o historiador Xos\u00e9 \u00c1lvarez, o 13 de marzo de 1947 desarticulouse unha organizaci\u00f3n de propaganda anti-franquista que operaba en Pontevedra, Mar\u00edn e a s\u00faa contorna, as\u00ed como varias c\u00e9lulas comunistas en xullo de 1951\" \/>\n<meta name=\"robots\" content=\"index, follow, max-snippet:-1, max-image-preview:large, max-video-preview:-1\" \/>\n<link rel=\"canonical\" href=\"https:\/\/www.anovapeneira.gal\/index.php\/2022\/12\/16\/no-70-aniversario-do-ateneo-santa-cecilia-de-marin\/\" \/>\n<meta property=\"og:locale\" content=\"gl_ES\" \/>\n<meta property=\"og:type\" content=\"article\" \/>\n<meta property=\"og:title\" content=\"No 70 aniversario do Ateneo Santa Cecilia de Mar\u00edn -\" \/>\n<meta property=\"og:description\" content=\"Segundo nos relata o historiador Xos\u00e9 \u00c1lvarez, o 13 de marzo de 1947 desarticulouse unha organizaci\u00f3n de propaganda anti-franquista que operaba en Pontevedra, Mar\u00edn e a s\u00faa contorna, as\u00ed como varias c\u00e9lulas comunistas en xullo de 1951\" \/>\n<meta property=\"og:url\" content=\"https:\/\/www.anovapeneira.gal\/index.php\/2022\/12\/16\/no-70-aniversario-do-ateneo-santa-cecilia-de-marin\/\" \/>\n<meta property=\"article:publisher\" content=\"https:\/\/www.facebook.com\/anovapeneira\" \/>\n<meta property=\"article:published_time\" content=\"2022-12-16T09:00:57+00:00\" \/>\n<meta property=\"og:image\" content=\"https:\/\/www.anovapeneira.gal\/wp-content\/uploads\/2022\/12\/manuel_torres_martinez_nova.jpg\" \/>\n\t<meta property=\"og:image:width\" content=\"720\" \/>\n\t<meta property=\"og:image:height\" content=\"432\" \/>\n\t<meta property=\"og:image:type\" content=\"image\/jpeg\" \/>\n<meta name=\"author\" content=\"Artigos Opini\u00f3n\" \/>\n<meta name=\"twitter:card\" content=\"summary_large_image\" \/>\n<meta name=\"twitter:creator\" content=\"@APeneira\" \/>\n<meta name=\"twitter:site\" content=\"@APeneira\" \/>\n<meta name=\"twitter:label1\" content=\"Escrito por\" \/>\n\t<meta name=\"twitter:data1\" content=\"Artigos Opini\u00f3n\" \/>\n\t<meta name=\"twitter:label2\" content=\"Tempo de lectura\" \/>\n\t<meta name=\"twitter:data2\" content=\"4 minutos\" \/>\n<script type=\"application\/ld+json\" class=\"yoast-schema-graph\">{\"@context\":\"https:\\\/\\\/schema.org\",\"@graph\":[{\"@type\":\"Article\",\"@id\":\"https:\\\/\\\/www.anovapeneira.gal\\\/index.php\\\/2022\\\/12\\\/16\\\/no-70-aniversario-do-ateneo-santa-cecilia-de-marin\\\/#article\",\"isPartOf\":{\"@id\":\"https:\\\/\\\/www.anovapeneira.gal\\\/index.php\\\/2022\\\/12\\\/16\\\/no-70-aniversario-do-ateneo-santa-cecilia-de-marin\\\/\"},\"author\":{\"name\":\"Artigos Opini\u00f3n\",\"@id\":\"https:\\\/\\\/www.anovapeneira.gal\\\/#\\\/schema\\\/person\\\/f18a4feb302e8f20bcef4490b5b60bb3\"},\"headline\":\"No 70 aniversario do Ateneo Santa Cecilia de Mar\u00edn\",\"datePublished\":\"2022-12-16T09:00:57+00:00\",\"mainEntityOfPage\":{\"@id\":\"https:\\\/\\\/www.anovapeneira.gal\\\/index.php\\\/2022\\\/12\\\/16\\\/no-70-aniversario-do-ateneo-santa-cecilia-de-marin\\\/\"},\"wordCount\":566,\"commentCount\":1,\"publisher\":{\"@id\":\"https:\\\/\\\/www.anovapeneira.gal\\\/#organization\"},\"image\":{\"@id\":\"https:\\\/\\\/www.anovapeneira.gal\\\/index.php\\\/2022\\\/12\\\/16\\\/no-70-aniversario-do-ateneo-santa-cecilia-de-marin\\\/#primaryimage\"},\"thumbnailUrl\":\"https:\\\/\\\/www.anovapeneira.gal\\\/wp-content\\\/uploads\\\/2022\\\/12\\\/manuel_torres_martinez_nova.jpg\",\"articleSection\":[\"Artigos de opini\u00f3n\",\"Sin categor\u00eda\"],\"inLanguage\":\"gl-ES\",\"potentialAction\":[{\"@type\":\"CommentAction\",\"name\":\"Comment\",\"target\":[\"https:\\\/\\\/www.anovapeneira.gal\\\/index.php\\\/2022\\\/12\\\/16\\\/no-70-aniversario-do-ateneo-santa-cecilia-de-marin\\\/#respond\"]}]},{\"@type\":\"WebPage\",\"@id\":\"https:\\\/\\\/www.anovapeneira.gal\\\/index.php\\\/2022\\\/12\\\/16\\\/no-70-aniversario-do-ateneo-santa-cecilia-de-marin\\\/\",\"url\":\"https:\\\/\\\/www.anovapeneira.gal\\\/index.php\\\/2022\\\/12\\\/16\\\/no-70-aniversario-do-ateneo-santa-cecilia-de-marin\\\/\",\"name\":\"No 70 aniversario do Ateneo Santa Cecilia de Mar\u00edn -\",\"isPartOf\":{\"@id\":\"https:\\\/\\\/www.anovapeneira.gal\\\/#website\"},\"primaryImageOfPage\":{\"@id\":\"https:\\\/\\\/www.anovapeneira.gal\\\/index.php\\\/2022\\\/12\\\/16\\\/no-70-aniversario-do-ateneo-santa-cecilia-de-marin\\\/#primaryimage\"},\"image\":{\"@id\":\"https:\\\/\\\/www.anovapeneira.gal\\\/index.php\\\/2022\\\/12\\\/16\\\/no-70-aniversario-do-ateneo-santa-cecilia-de-marin\\\/#primaryimage\"},\"thumbnailUrl\":\"https:\\\/\\\/www.anovapeneira.gal\\\/wp-content\\\/uploads\\\/2022\\\/12\\\/manuel_torres_martinez_nova.jpg\",\"datePublished\":\"2022-12-16T09:00:57+00:00\",\"description\":\"Segundo nos relata o historiador Xos\u00e9 \u00c1lvarez, o 13 de marzo de 1947 desarticulouse unha organizaci\u00f3n de propaganda anti-franquista que operaba en Pontevedra, Mar\u00edn e a s\u00faa contorna, as\u00ed como varias c\u00e9lulas comunistas en xullo de 1951\",\"breadcrumb\":{\"@id\":\"https:\\\/\\\/www.anovapeneira.gal\\\/index.php\\\/2022\\\/12\\\/16\\\/no-70-aniversario-do-ateneo-santa-cecilia-de-marin\\\/#breadcrumb\"},\"inLanguage\":\"gl-ES\",\"potentialAction\":[{\"@type\":\"ReadAction\",\"target\":[\"https:\\\/\\\/www.anovapeneira.gal\\\/index.php\\\/2022\\\/12\\\/16\\\/no-70-aniversario-do-ateneo-santa-cecilia-de-marin\\\/\"]}]},{\"@type\":\"ImageObject\",\"inLanguage\":\"gl-ES\",\"@id\":\"https:\\\/\\\/www.anovapeneira.gal\\\/index.php\\\/2022\\\/12\\\/16\\\/no-70-aniversario-do-ateneo-santa-cecilia-de-marin\\\/#primaryimage\",\"url\":\"https:\\\/\\\/www.anovapeneira.gal\\\/wp-content\\\/uploads\\\/2022\\\/12\\\/manuel_torres_martinez_nova.jpg\",\"contentUrl\":\"https:\\\/\\\/www.anovapeneira.gal\\\/wp-content\\\/uploads\\\/2022\\\/12\\\/manuel_torres_martinez_nova.jpg\",\"width\":720,\"height\":432,\"caption\":\"Manuel Torres Mart\u00ednez\"},{\"@type\":\"BreadcrumbList\",\"@id\":\"https:\\\/\\\/www.anovapeneira.gal\\\/index.php\\\/2022\\\/12\\\/16\\\/no-70-aniversario-do-ateneo-santa-cecilia-de-marin\\\/#breadcrumb\",\"itemListElement\":[{\"@type\":\"ListItem\",\"position\":1,\"name\":\"Portada\",\"item\":\"https:\\\/\\\/www.anovapeneira.gal\\\/\"},{\"@type\":\"ListItem\",\"position\":2,\"name\":\"No 70 aniversario do Ateneo Santa Cecilia de Mar\u00edn\"}]},{\"@type\":\"WebSite\",\"@id\":\"https:\\\/\\\/www.anovapeneira.gal\\\/#website\",\"url\":\"https:\\\/\\\/www.anovapeneira.gal\\\/\",\"name\":\"\",\"description\":\"Xornal galego de informaci\u00f3n xeral Publicaci\u00f3n mensual de novas de Galicia e en especial dos Concellos da sur da provincia de Pontevedra.\",\"publisher\":{\"@id\":\"https:\\\/\\\/www.anovapeneira.gal\\\/#organization\"},\"potentialAction\":[{\"@type\":\"SearchAction\",\"target\":{\"@type\":\"EntryPoint\",\"urlTemplate\":\"https:\\\/\\\/www.anovapeneira.gal\\\/?s={search_term_string}\"},\"query-input\":{\"@type\":\"PropertyValueSpecification\",\"valueRequired\":true,\"valueName\":\"search_term_string\"}}],\"inLanguage\":\"gl-ES\"},{\"@type\":\"Organization\",\"@id\":\"https:\\\/\\\/www.anovapeneira.gal\\\/#organization\",\"name\":\"A Nova Peneira\",\"url\":\"https:\\\/\\\/www.anovapeneira.gal\\\/\",\"logo\":{\"@type\":\"ImageObject\",\"inLanguage\":\"gl-ES\",\"@id\":\"https:\\\/\\\/www.anovapeneira.gal\\\/#\\\/schema\\\/logo\\\/image\\\/\",\"url\":\"http:\\\/\\\/www.anovapeneira.gal\\\/wp-content\\\/uploads\\\/2019\\\/06\\\/logo_a_nova_peneira_portal_web.png\",\"contentUrl\":\"http:\\\/\\\/www.anovapeneira.gal\\\/wp-content\\\/uploads\\\/2019\\\/06\\\/logo_a_nova_peneira_portal_web.png\",\"width\":300,\"height\":100,\"caption\":\"A Nova Peneira\"},\"image\":{\"@id\":\"https:\\\/\\\/www.anovapeneira.gal\\\/#\\\/schema\\\/logo\\\/image\\\/\"},\"sameAs\":[\"https:\\\/\\\/www.facebook.com\\\/anovapeneira\",\"https:\\\/\\\/x.com\\\/APeneira\"]},{\"@type\":\"Person\",\"@id\":\"https:\\\/\\\/www.anovapeneira.gal\\\/#\\\/schema\\\/person\\\/f18a4feb302e8f20bcef4490b5b60bb3\",\"name\":\"Artigos Opini\u00f3n\",\"image\":{\"@type\":\"ImageObject\",\"inLanguage\":\"gl-ES\",\"@id\":\"https:\\\/\\\/secure.gravatar.com\\\/avatar\\\/072844300f4881150aee2da4278f7a65d16eefdf8262eb67085f1e702de2b959?s=96&d=mm&r=g\",\"url\":\"https:\\\/\\\/secure.gravatar.com\\\/avatar\\\/072844300f4881150aee2da4278f7a65d16eefdf8262eb67085f1e702de2b959?s=96&d=mm&r=g\",\"contentUrl\":\"https:\\\/\\\/secure.gravatar.com\\\/avatar\\\/072844300f4881150aee2da4278f7a65d16eefdf8262eb67085f1e702de2b959?s=96&d=mm&r=g\",\"caption\":\"Artigos Opini\u00f3n\"},\"sameAs\":[\"http:\\\/\\\/anovapeneira.gal\"],\"url\":\"https:\\\/\\\/www.anovapeneira.gal\\\/index.php\\\/author\\\/artigosopinion\\\/\"}]}<\/script>\n<!-- \/ Yoast SEO plugin. -->","yoast_head_json":{"title":"No 70 aniversario do Ateneo Santa Cecilia de Mar\u00edn -","description":"Segundo nos relata o historiador Xos\u00e9 \u00c1lvarez, o 13 de marzo de 1947 desarticulouse unha organizaci\u00f3n de propaganda anti-franquista que operaba en Pontevedra, Mar\u00edn e a s\u00faa contorna, as\u00ed como varias c\u00e9lulas comunistas en xullo de 1951","robots":{"index":"index","follow":"follow","max-snippet":"max-snippet:-1","max-image-preview":"max-image-preview:large","max-video-preview":"max-video-preview:-1"},"canonical":"https:\/\/www.anovapeneira.gal\/index.php\/2022\/12\/16\/no-70-aniversario-do-ateneo-santa-cecilia-de-marin\/","og_locale":"gl_ES","og_type":"article","og_title":"No 70 aniversario do Ateneo Santa Cecilia de Mar\u00edn -","og_description":"Segundo nos relata o historiador Xos\u00e9 \u00c1lvarez, o 13 de marzo de 1947 desarticulouse unha organizaci\u00f3n de propaganda anti-franquista que operaba en Pontevedra, Mar\u00edn e a s\u00faa contorna, as\u00ed como varias c\u00e9lulas comunistas en xullo de 1951","og_url":"https:\/\/www.anovapeneira.gal\/index.php\/2022\/12\/16\/no-70-aniversario-do-ateneo-santa-cecilia-de-marin\/","article_publisher":"https:\/\/www.facebook.com\/anovapeneira","article_published_time":"2022-12-16T09:00:57+00:00","og_image":[{"width":720,"height":432,"url":"https:\/\/www.anovapeneira.gal\/wp-content\/uploads\/2022\/12\/manuel_torres_martinez_nova.jpg","type":"image\/jpeg"}],"author":"Artigos Opini\u00f3n","twitter_card":"summary_large_image","twitter_creator":"@APeneira","twitter_site":"@APeneira","twitter_misc":{"Escrito por":"Artigos Opini\u00f3n","Tempo de lectura":"4 minutos"},"schema":{"@context":"https:\/\/schema.org","@graph":[{"@type":"Article","@id":"https:\/\/www.anovapeneira.gal\/index.php\/2022\/12\/16\/no-70-aniversario-do-ateneo-santa-cecilia-de-marin\/#article","isPartOf":{"@id":"https:\/\/www.anovapeneira.gal\/index.php\/2022\/12\/16\/no-70-aniversario-do-ateneo-santa-cecilia-de-marin\/"},"author":{"name":"Artigos Opini\u00f3n","@id":"https:\/\/www.anovapeneira.gal\/#\/schema\/person\/f18a4feb302e8f20bcef4490b5b60bb3"},"headline":"No 70 aniversario do Ateneo Santa Cecilia de Mar\u00edn","datePublished":"2022-12-16T09:00:57+00:00","mainEntityOfPage":{"@id":"https:\/\/www.anovapeneira.gal\/index.php\/2022\/12\/16\/no-70-aniversario-do-ateneo-santa-cecilia-de-marin\/"},"wordCount":566,"commentCount":1,"publisher":{"@id":"https:\/\/www.anovapeneira.gal\/#organization"},"image":{"@id":"https:\/\/www.anovapeneira.gal\/index.php\/2022\/12\/16\/no-70-aniversario-do-ateneo-santa-cecilia-de-marin\/#primaryimage"},"thumbnailUrl":"https:\/\/www.anovapeneira.gal\/wp-content\/uploads\/2022\/12\/manuel_torres_martinez_nova.jpg","articleSection":["Artigos de opini\u00f3n","Sin categor\u00eda"],"inLanguage":"gl-ES","potentialAction":[{"@type":"CommentAction","name":"Comment","target":["https:\/\/www.anovapeneira.gal\/index.php\/2022\/12\/16\/no-70-aniversario-do-ateneo-santa-cecilia-de-marin\/#respond"]}]},{"@type":"WebPage","@id":"https:\/\/www.anovapeneira.gal\/index.php\/2022\/12\/16\/no-70-aniversario-do-ateneo-santa-cecilia-de-marin\/","url":"https:\/\/www.anovapeneira.gal\/index.php\/2022\/12\/16\/no-70-aniversario-do-ateneo-santa-cecilia-de-marin\/","name":"No 70 aniversario do Ateneo Santa Cecilia de Mar\u00edn -","isPartOf":{"@id":"https:\/\/www.anovapeneira.gal\/#website"},"primaryImageOfPage":{"@id":"https:\/\/www.anovapeneira.gal\/index.php\/2022\/12\/16\/no-70-aniversario-do-ateneo-santa-cecilia-de-marin\/#primaryimage"},"image":{"@id":"https:\/\/www.anovapeneira.gal\/index.php\/2022\/12\/16\/no-70-aniversario-do-ateneo-santa-cecilia-de-marin\/#primaryimage"},"thumbnailUrl":"https:\/\/www.anovapeneira.gal\/wp-content\/uploads\/2022\/12\/manuel_torres_martinez_nova.jpg","datePublished":"2022-12-16T09:00:57+00:00","description":"Segundo nos relata o historiador Xos\u00e9 \u00c1lvarez, o 13 de marzo de 1947 desarticulouse unha organizaci\u00f3n de propaganda anti-franquista que operaba en Pontevedra, Mar\u00edn e a s\u00faa contorna, as\u00ed como varias c\u00e9lulas comunistas en xullo de 1951","breadcrumb":{"@id":"https:\/\/www.anovapeneira.gal\/index.php\/2022\/12\/16\/no-70-aniversario-do-ateneo-santa-cecilia-de-marin\/#breadcrumb"},"inLanguage":"gl-ES","potentialAction":[{"@type":"ReadAction","target":["https:\/\/www.anovapeneira.gal\/index.php\/2022\/12\/16\/no-70-aniversario-do-ateneo-santa-cecilia-de-marin\/"]}]},{"@type":"ImageObject","inLanguage":"gl-ES","@id":"https:\/\/www.anovapeneira.gal\/index.php\/2022\/12\/16\/no-70-aniversario-do-ateneo-santa-cecilia-de-marin\/#primaryimage","url":"https:\/\/www.anovapeneira.gal\/wp-content\/uploads\/2022\/12\/manuel_torres_martinez_nova.jpg","contentUrl":"https:\/\/www.anovapeneira.gal\/wp-content\/uploads\/2022\/12\/manuel_torres_martinez_nova.jpg","width":720,"height":432,"caption":"Manuel Torres Mart\u00ednez"},{"@type":"BreadcrumbList","@id":"https:\/\/www.anovapeneira.gal\/index.php\/2022\/12\/16\/no-70-aniversario-do-ateneo-santa-cecilia-de-marin\/#breadcrumb","itemListElement":[{"@type":"ListItem","position":1,"name":"Portada","item":"https:\/\/www.anovapeneira.gal\/"},{"@type":"ListItem","position":2,"name":"No 70 aniversario do Ateneo Santa Cecilia de Mar\u00edn"}]},{"@type":"WebSite","@id":"https:\/\/www.anovapeneira.gal\/#website","url":"https:\/\/www.anovapeneira.gal\/","name":"","description":"Xornal galego de informaci\u00f3n xeral Publicaci\u00f3n mensual de novas de Galicia e en especial dos Concellos da sur da provincia de Pontevedra.","publisher":{"@id":"https:\/\/www.anovapeneira.gal\/#organization"},"potentialAction":[{"@type":"SearchAction","target":{"@type":"EntryPoint","urlTemplate":"https:\/\/www.anovapeneira.gal\/?s={search_term_string}"},"query-input":{"@type":"PropertyValueSpecification","valueRequired":true,"valueName":"search_term_string"}}],"inLanguage":"gl-ES"},{"@type":"Organization","@id":"https:\/\/www.anovapeneira.gal\/#organization","name":"A Nova Peneira","url":"https:\/\/www.anovapeneira.gal\/","logo":{"@type":"ImageObject","inLanguage":"gl-ES","@id":"https:\/\/www.anovapeneira.gal\/#\/schema\/logo\/image\/","url":"http:\/\/www.anovapeneira.gal\/wp-content\/uploads\/2019\/06\/logo_a_nova_peneira_portal_web.png","contentUrl":"http:\/\/www.anovapeneira.gal\/wp-content\/uploads\/2019\/06\/logo_a_nova_peneira_portal_web.png","width":300,"height":100,"caption":"A Nova Peneira"},"image":{"@id":"https:\/\/www.anovapeneira.gal\/#\/schema\/logo\/image\/"},"sameAs":["https:\/\/www.facebook.com\/anovapeneira","https:\/\/x.com\/APeneira"]},{"@type":"Person","@id":"https:\/\/www.anovapeneira.gal\/#\/schema\/person\/f18a4feb302e8f20bcef4490b5b60bb3","name":"Artigos Opini\u00f3n","image":{"@type":"ImageObject","inLanguage":"gl-ES","@id":"https:\/\/secure.gravatar.com\/avatar\/072844300f4881150aee2da4278f7a65d16eefdf8262eb67085f1e702de2b959?s=96&d=mm&r=g","url":"https:\/\/secure.gravatar.com\/avatar\/072844300f4881150aee2da4278f7a65d16eefdf8262eb67085f1e702de2b959?s=96&d=mm&r=g","contentUrl":"https:\/\/secure.gravatar.com\/avatar\/072844300f4881150aee2da4278f7a65d16eefdf8262eb67085f1e702de2b959?s=96&d=mm&r=g","caption":"Artigos Opini\u00f3n"},"sameAs":["http:\/\/anovapeneira.gal"],"url":"https:\/\/www.anovapeneira.gal\/index.php\/author\/artigosopinion\/"}]}},"jetpack_featured_media_url":"https:\/\/www.anovapeneira.gal\/wp-content\/uploads\/2022\/12\/manuel_torres_martinez_nova.jpg","_links":{"self":[{"href":"https:\/\/www.anovapeneira.gal\/index.php\/wp-json\/wp\/v2\/posts\/8758","targetHints":{"allow":["GET"]}}],"collection":[{"href":"https:\/\/www.anovapeneira.gal\/index.php\/wp-json\/wp\/v2\/posts"}],"about":[{"href":"https:\/\/www.anovapeneira.gal\/index.php\/wp-json\/wp\/v2\/types\/post"}],"author":[{"embeddable":true,"href":"https:\/\/www.anovapeneira.gal\/index.php\/wp-json\/wp\/v2\/users\/12"}],"replies":[{"embeddable":true,"href":"https:\/\/www.anovapeneira.gal\/index.php\/wp-json\/wp\/v2\/comments?post=8758"}],"version-history":[{"count":4,"href":"https:\/\/www.anovapeneira.gal\/index.php\/wp-json\/wp\/v2\/posts\/8758\/revisions"}],"predecessor-version":[{"id":8767,"href":"https:\/\/www.anovapeneira.gal\/index.php\/wp-json\/wp\/v2\/posts\/8758\/revisions\/8767"}],"wp:featuredmedia":[{"embeddable":true,"href":"https:\/\/www.anovapeneira.gal\/index.php\/wp-json\/wp\/v2\/media\/8760"}],"wp:attachment":[{"href":"https:\/\/www.anovapeneira.gal\/index.php\/wp-json\/wp\/v2\/media?parent=8758"}],"wp:term":[{"taxonomy":"category","embeddable":true,"href":"https:\/\/www.anovapeneira.gal\/index.php\/wp-json\/wp\/v2\/categories?post=8758"},{"taxonomy":"post_tag","embeddable":true,"href":"https:\/\/www.anovapeneira.gal\/index.php\/wp-json\/wp\/v2\/tags?post=8758"}],"curies":[{"name":"wp","href":"https:\/\/api.w.org\/{rel}","templated":true}]}}