{"id":876,"date":"2019-08-09T12:00:47","date_gmt":"2019-08-09T10:00:47","guid":{"rendered":"http:\/\/www.anovapeneira.gal\/?p=876"},"modified":"2019-08-06T17:25:06","modified_gmt":"2019-08-06T15:25:06","slug":"segundo-fragmento-do-diario-de-senlua-arraiana","status":"publish","type":"post","link":"https:\/\/www.anovapeneira.gal\/index.php\/2019\/08\/09\/segundo-fragmento-do-diario-de-senlua-arraiana\/","title":{"rendered":"Segundo fragmento do diario de Senl\u00faa Arraiana"},"content":{"rendered":"\n<h2 class=\"wp-block-heading\"><em><strong>Nace un pobo ceibe<\/strong><\/em> <\/h2>\n\n\n\n<figure class=\"wp-block-image is-resized\"><img loading=\"lazy\" decoding=\"async\" src=\"http:\/\/www.anovapeneira.gal\/wp-content\/uploads\/2019\/07\/cristobal_a_nova_peneira.jpg\" alt=\"Crist\u00f3bal L\u00f3pez A Nova Peneira\" class=\"wp-image-555\" width=\"95\" height=\"111\"\/><figcaption><em><strong>Crist\u00f3bal L\u00f3pez<\/strong><\/em><\/figcaption><\/figure>\n\n\n\n<p><em><strong>(Este fragmento do diario de Senl\u00faa Arraiana foi recuperado e adiantado ao noso tempo por Crist\u00f3bal L\u00f3pez, fiel camarada do av\u00f3 da futura lider da resistencia arraiana).<\/strong><\/em><\/p>\n\n\n\n<p>Ch\u00e1mome Senl\u00faa e son membro da resistencia arraina. Hoxe a ledicia e a esperanza refl\u00edctese nos ollos dos arraianos. Hoxe, no avance matinal cara o leste atopamos nun refuxio a catro mulleres disidentes da Colmea e tres delas est\u00e1n embarazadas en estado avanzado,  abraiante!. Se o silencio imponse \u00e1 algarab\u00eda \u00e9 porque todos comprendemos a gran responsabilidade de conseguir que por fin nazan arraianos. As extremas condici\u00f3ns clim\u00e1ticas da Raia fan, por alg\u00fan efecto desco\u00f1ecido, imposible a concepci\u00f3n de vida dentro desta \u00e1rea onde sobrevivimos. <\/p>\n\n\n\n<figure class=\"wp-block-image\"><img loading=\"lazy\" decoding=\"async\" width=\"700\" height=\"816\" src=\"http:\/\/www.anovapeneira.gal\/wp-content\/uploads\/2019\/08\/senlua_arraiana_2135.jpg\" alt=\"\" class=\"wp-image-877\" srcset=\"https:\/\/www.anovapeneira.gal\/wp-content\/uploads\/2019\/08\/senlua_arraiana_2135.jpg 700w, https:\/\/www.anovapeneira.gal\/wp-content\/uploads\/2019\/08\/senlua_arraiana_2135-257x300.jpg 257w\" sizes=\"auto, (max-width: 700px) 100vw, 700px\" \/><\/figure>\n\n\n\n<p>Cando a estela de fragmentos da extinta l\u00faa ilumina o firmamento de Mortefr\u00eda o noso pobo recollese buscando repouso nos refuxios baixo terra pero a min cando estou leda, coma hoxe, g\u00fastame perder uns intres contemplando o fragmento meirande. Imax\u00ednome que \u00e9 a antiga l\u00faa e que estou no planeta azul e verde dos meus av\u00f3s. Pecho os ollos e a mi\u00f1a mente l\u00e9vame aos montes de Tameiga dos que eran comuneiros os membros da mi\u00f1a familia. Aguzo o o\u00eddo e podo escoitar o rumor dun regato entre os trinos dos paxaros. Todo hule a verde e deixo que o seu frescor enxaugue a mi\u00f1a aridez interior. Alzo a vista para deleitarme co ceo azul dominado por un sol plet\u00f3rico pero condescendente coa vida do planeta. A\u00ednda que todo \u00e9 unha ilusi\u00f3n arrep\u00edame aguantarlle a mirada ao astro rei, o meu subconsciente non esquece ao sanguinario implacable no que se converteu.<\/p>\n\n\n\n<figure class=\"wp-block-image\"><img loading=\"lazy\" decoding=\"async\" width=\"223\" height=\"167\" src=\"http:\/\/www.anovapeneira.gal\/wp-content\/uploads\/2019\/08\/fragmentos_da_lua_orbitando.jpg\" alt=\"\" class=\"wp-image-878\" srcset=\"https:\/\/www.anovapeneira.gal\/wp-content\/uploads\/2019\/08\/fragmentos_da_lua_orbitando.jpg 223w, https:\/\/www.anovapeneira.gal\/wp-content\/uploads\/2019\/08\/fragmentos_da_lua_orbitando-80x60.jpg 80w\" sizes=\"auto, (max-width: 223px) 100vw, 223px\" \/><\/figure>\n\n\n\n<p>A\nmi\u00f1a fantas\u00eda esvaecese e no seu lugar xurde o encono contra todos\naqueles que permitiron que sucedera o desastre ecol\u00f3xico, todo o meu\ncorpo se tensa cheo de ira contra os que deixaron que a s\u00faa avaricia\ne ambici\u00f3n levara ao planeta \u00e1 fat\u00eddica conta atr\u00e1s. \n<\/p>\n\n\n\n<p>Abro\nos ollos, contemplo a desolada terra na que sobrevivimos e sinto un\nposo de resentimento contra os que non superon defender un planeta\nque desbordaba vida. Sei que \u00e9 inxusto este rencor contra xente que\ncoma os meus av\u00f3s consagraron a s\u00faa vida \u00e1 defensa dos Montes,\npero non o podo evitar cando a amargura se apodera de min. \n<\/p>\n\n\n\n<p>Son\nco\u00f1ecedora da loita desigual que libraron os defensores da vida\nnunha sociedade que prefer\u00eda comprar as mentiras feitas \u00e1 medida da\ns\u00faa comodidade que as inc\u00f3modas verdades que reconcom\u00edan as s\u00faas\nconciencias lembr\u00e1ndolles o inasumible coste ecol\u00f3xico do seu\nluxoso confort e da s\u00faa avidez consumista. \n<\/p>\n\n\n\n<p>O\nmeu av\u00f3 contoume como os pol\u00edticos corruptos usaban o que el\nchamaba &#8220;as cloacas do estado&#8221; para que unha gran parte da\nsociedade respirara as s\u00faas mentiras. Explicoume como coa\ncomplicidade da prensa mercenaria consegu\u00edan desprestixiar a quen\ndefend\u00eda o ben com\u00fan para que as\u00ed a veci\u00f1anza perdera os seus\nreferentes e entre a confusi\u00f3n reinara a avaricia e ambici\u00f3n sen\noposici\u00f3n. \n<\/p>\n\n\n\n<p>Reco\u00f1ezo\nque sentirme nese mundo onde imperaba a mentira me supera, non\ncomprendo como as persoas pod\u00edan permanecer indiferentes ante tanta\nmesquindade. No meu mundo, entre os arraianos, a mentira \u00e9 castigada\nsen paliativos co suplicio do sol do oeste. A mentira non ten cabida\naqu\u00ed onde para sobrevivir os uns dependemos dos outros. A nosa vida\ns\u00f3 esta a resgardo polo recto e estreito cami\u00f1o da verdade, por iso\nse me entrecorta a respiraci\u00f3n cando penso no autoengano narcisista\nno que escolleu vivir as xeraci\u00f3ns que nos levaron ao borde da\nextinci\u00f3n. \n<\/p>\n\n\n\n<p>Ag\u00f3tame\ncontrolar toda esta ira que me produce lembrar o pasado. Mellor baixo\ne rec\u00f3llome para descansar. Ademais a partir de agora imos ter que\nfacer un esforzo maior, necesitamos reducir os d\u00edas de descanso\nentre avances para manternos sempre por debaixo dos 50 graos celsius\ne coidar as\u00ed de que a vida que ani\u00f1a nos ventres das tres\ndisidentes embarazadas vexa a luz. Cos seus nacementos o meu pobo\npoder\u00e1 pensar nun futuro m\u00e1is al\u00f3 de sobrevivir o d\u00eda de ma\u00f1\u00e1.\nOs seus fr\u00e1xiles corpos ser\u00e1n portadores da fouteza dun pobo que\nrecupera a esperanza no porvir. \n<\/p>\n\n\n\n<p>Unha\nesperanza engrosada ademais polos s\u00edntomas de debilidade do control\ntotalitario da Colmea. Alg\u00fan d\u00eda poderemos disputarlles a franxa do\nleste onde a vida florece doadamente. \n<\/p>\n\n\n\n<p>Necesitamos\nm\u00e1is informaci\u00f3n. En canto se repo\u00f1an e se afagan a n\u00f3s as catro\nmulleres rescatadas deber\u00e1n comparecer ante a asemblea arraiana e\ncontarnos todos os detalles que lembren da s\u00faa vida na Colmea. \n<\/p>\n\n\n\n<p>Polo\nque sabemos, na Colmea as mulleres f\u00e9rtiles son convertidas en\nventres de aluguer escravos e soen estar sometidas a unha vixilancia\nintensiva e a un r\u00e9xime moi severo de castigos ante o m\u00e1is leve\nindicio de desacato. Por iso,  que un grupo tan numeroso conseguira\nfuxir avituallado co necesario para sobrevivir semanas na x\u00e9lida\nMortefr\u00eda evidencia que a Colmea se est\u00e1 rachando, xa non ten o\nf\u00e9rreo control xer\u00e1rquico que a caracterizaba.<\/p>\n\n\n\n<p>Temos\nque infiltrar xente na Colmea que aceleren o proceso de\ndesmoronamento xer\u00e1rquico. Seguro que as catro mulleres acollidas\npoden facilitarnos contactos da disidencia interna que garantan unha\nr\u00e1pida integraci\u00f3n dos nosos infiltrados. Voume propor como\nvoluntaria para esa misi\u00f3n. Vou ter que esforzarme para convencer \u00e1\nasemblea de que son eu a id\u00f3nea. Todos me tratan como se eu fora a\nl\u00edder da resistencia e non me deixan arriscarme nunca. Eu me nego a\nser algo m\u00e1is que un simple membro do pobo arraiano. Pero o m\u00e1is\ndif\u00edcil vai ser obter o benepl\u00e1cito da mi\u00f1a nai, integrante\ndestacada do Consello de Anci\u00e1ns. \n<\/p>\n\n\n\n<p>Dif\u00edcil\npero non imposible. Lograreino, sei que si. Imos ser lexi\u00f3n, vai\nnacer un pobo ceibe e imos mudar as cousas. \n<\/p>\n","protected":false},"excerpt":{"rendered":"<div class=\"mh-excerpt\"><p>Este fragmento do diario de Senl\u00faa Arraiana foi recuperado e adiantado ao noso tempo por Crist\u00f3bal L\u00f3pez, fiel camarada do av\u00f3 da futura lider da resistencia arraiana <a class=\"mh-excerpt-more\" href=\"https:\/\/www.anovapeneira.gal\/index.php\/2019\/08\/09\/segundo-fragmento-do-diario-de-senlua-arraiana\/\" title=\"Segundo fragmento do diario de Senl\u00faa Arraiana\">[&#8230;]<\/a><\/p>\n<\/div>","protected":false},"author":13,"featured_media":557,"comment_status":"open","ping_status":"open","sticky":false,"template":"","format":"standard","meta":{"_exactmetrics_skip_tracking":false,"_exactmetrics_sitenote_active":false,"_exactmetrics_sitenote_note":"","_exactmetrics_sitenote_category":0,"footnotes":""},"categories":[7],"tags":[234,236,235],"class_list":{"0":"post-876","1":"post","2":"type-post","3":"status-publish","4":"format-standard","5":"has-post-thumbnail","7":"category-artigos-de-opinion","8":"tag-cristobal-lopez","9":"tag-resistencia-arraiana","10":"tag-senlua-arraiana"},"yoast_head":"<!-- This site is optimized with the Yoast SEO plugin v27.4 - https:\/\/yoast.com\/product\/yoast-seo-wordpress\/ -->\n<title>Segundo fragmento do diario de Senl\u00faa Arraiana -<\/title>\n<meta name=\"robots\" content=\"index, follow, max-snippet:-1, max-image-preview:large, max-video-preview:-1\" \/>\n<link rel=\"canonical\" href=\"https:\/\/www.anovapeneira.gal\/index.php\/2019\/08\/09\/segundo-fragmento-do-diario-de-senlua-arraiana\/\" \/>\n<meta property=\"og:locale\" content=\"gl_ES\" \/>\n<meta property=\"og:type\" content=\"article\" \/>\n<meta property=\"og:title\" content=\"Segundo fragmento do diario de Senl\u00faa Arraiana -\" \/>\n<meta property=\"og:description\" content=\"Este fragmento do diario de Senl\u00faa Arraiana foi recuperado e adiantado ao noso tempo por Crist\u00f3bal L\u00f3pez, fiel camarada do av\u00f3 da futura lider da resistencia arraiana [...]\" \/>\n<meta property=\"og:url\" content=\"https:\/\/www.anovapeneira.gal\/index.php\/2019\/08\/09\/segundo-fragmento-do-diario-de-senlua-arraiana\/\" \/>\n<meta property=\"article:publisher\" content=\"https:\/\/www.facebook.com\/anovapeneira\" \/>\n<meta property=\"article:published_time\" content=\"2019-08-09T10:00:47+00:00\" \/>\n<meta property=\"og:image\" content=\"https:\/\/www.anovapeneira.gal\/wp-content\/uploads\/2019\/07\/Ao-sol-do-leste_a_nova_peneira.jpg\" \/>\n\t<meta property=\"og:image:width\" content=\"720\" \/>\n\t<meta property=\"og:image:height\" content=\"473\" \/>\n\t<meta property=\"og:image:type\" content=\"image\/jpeg\" \/>\n<meta name=\"author\" content=\"Cristobal L\u00f3pez\" \/>\n<meta name=\"twitter:card\" content=\"summary_large_image\" \/>\n<meta name=\"twitter:creator\" content=\"@APeneira\" \/>\n<meta name=\"twitter:site\" content=\"@APeneira\" \/>\n<meta name=\"twitter:label1\" content=\"Escrito por\" \/>\n\t<meta name=\"twitter:data1\" content=\"Cristobal L\u00f3pez\" \/>\n\t<meta name=\"twitter:label2\" content=\"Tempo de lectura\" \/>\n\t<meta name=\"twitter:data2\" content=\"5 minutos\" \/>\n<script type=\"application\/ld+json\" class=\"yoast-schema-graph\">{\"@context\":\"https:\\\/\\\/schema.org\",\"@graph\":[{\"@type\":\"Article\",\"@id\":\"https:\\\/\\\/www.anovapeneira.gal\\\/index.php\\\/2019\\\/08\\\/09\\\/segundo-fragmento-do-diario-de-senlua-arraiana\\\/#article\",\"isPartOf\":{\"@id\":\"https:\\\/\\\/www.anovapeneira.gal\\\/index.php\\\/2019\\\/08\\\/09\\\/segundo-fragmento-do-diario-de-senlua-arraiana\\\/\"},\"author\":{\"name\":\"Cristobal L\u00f3pez\",\"@id\":\"https:\\\/\\\/www.anovapeneira.gal\\\/#\\\/schema\\\/person\\\/45b3df2338e4d898b7616809f9c5906c\"},\"headline\":\"Segundo fragmento do diario de Senl\u00faa Arraiana\",\"datePublished\":\"2019-08-09T10:00:47+00:00\",\"mainEntityOfPage\":{\"@id\":\"https:\\\/\\\/www.anovapeneira.gal\\\/index.php\\\/2019\\\/08\\\/09\\\/segundo-fragmento-do-diario-de-senlua-arraiana\\\/\"},\"wordCount\":1032,\"commentCount\":0,\"publisher\":{\"@id\":\"https:\\\/\\\/www.anovapeneira.gal\\\/#organization\"},\"image\":{\"@id\":\"https:\\\/\\\/www.anovapeneira.gal\\\/index.php\\\/2019\\\/08\\\/09\\\/segundo-fragmento-do-diario-de-senlua-arraiana\\\/#primaryimage\"},\"thumbnailUrl\":\"https:\\\/\\\/www.anovapeneira.gal\\\/wp-content\\\/uploads\\\/2019\\\/07\\\/Ao-sol-do-leste_a_nova_peneira.jpg\",\"keywords\":[\"Crist\u00f3bal L\u00f3pez\",\"Resistencia arraiana\",\"Senl\u00faa Arraiana\"],\"articleSection\":[\"Artigos de opini\u00f3n\"],\"inLanguage\":\"gl-ES\",\"potentialAction\":[{\"@type\":\"CommentAction\",\"name\":\"Comment\",\"target\":[\"https:\\\/\\\/www.anovapeneira.gal\\\/index.php\\\/2019\\\/08\\\/09\\\/segundo-fragmento-do-diario-de-senlua-arraiana\\\/#respond\"]}]},{\"@type\":\"WebPage\",\"@id\":\"https:\\\/\\\/www.anovapeneira.gal\\\/index.php\\\/2019\\\/08\\\/09\\\/segundo-fragmento-do-diario-de-senlua-arraiana\\\/\",\"url\":\"https:\\\/\\\/www.anovapeneira.gal\\\/index.php\\\/2019\\\/08\\\/09\\\/segundo-fragmento-do-diario-de-senlua-arraiana\\\/\",\"name\":\"Segundo fragmento do diario de Senl\u00faa Arraiana -\",\"isPartOf\":{\"@id\":\"https:\\\/\\\/www.anovapeneira.gal\\\/#website\"},\"primaryImageOfPage\":{\"@id\":\"https:\\\/\\\/www.anovapeneira.gal\\\/index.php\\\/2019\\\/08\\\/09\\\/segundo-fragmento-do-diario-de-senlua-arraiana\\\/#primaryimage\"},\"image\":{\"@id\":\"https:\\\/\\\/www.anovapeneira.gal\\\/index.php\\\/2019\\\/08\\\/09\\\/segundo-fragmento-do-diario-de-senlua-arraiana\\\/#primaryimage\"},\"thumbnailUrl\":\"https:\\\/\\\/www.anovapeneira.gal\\\/wp-content\\\/uploads\\\/2019\\\/07\\\/Ao-sol-do-leste_a_nova_peneira.jpg\",\"datePublished\":\"2019-08-09T10:00:47+00:00\",\"breadcrumb\":{\"@id\":\"https:\\\/\\\/www.anovapeneira.gal\\\/index.php\\\/2019\\\/08\\\/09\\\/segundo-fragmento-do-diario-de-senlua-arraiana\\\/#breadcrumb\"},\"inLanguage\":\"gl-ES\",\"potentialAction\":[{\"@type\":\"ReadAction\",\"target\":[\"https:\\\/\\\/www.anovapeneira.gal\\\/index.php\\\/2019\\\/08\\\/09\\\/segundo-fragmento-do-diario-de-senlua-arraiana\\\/\"]}]},{\"@type\":\"ImageObject\",\"inLanguage\":\"gl-ES\",\"@id\":\"https:\\\/\\\/www.anovapeneira.gal\\\/index.php\\\/2019\\\/08\\\/09\\\/segundo-fragmento-do-diario-de-senlua-arraiana\\\/#primaryimage\",\"url\":\"https:\\\/\\\/www.anovapeneira.gal\\\/wp-content\\\/uploads\\\/2019\\\/07\\\/Ao-sol-do-leste_a_nova_peneira.jpg\",\"contentUrl\":\"https:\\\/\\\/www.anovapeneira.gal\\\/wp-content\\\/uploads\\\/2019\\\/07\\\/Ao-sol-do-leste_a_nova_peneira.jpg\",\"width\":720,\"height\":473,\"caption\":\"Ao sol do leste A Nova Peneira\"},{\"@type\":\"BreadcrumbList\",\"@id\":\"https:\\\/\\\/www.anovapeneira.gal\\\/index.php\\\/2019\\\/08\\\/09\\\/segundo-fragmento-do-diario-de-senlua-arraiana\\\/#breadcrumb\",\"itemListElement\":[{\"@type\":\"ListItem\",\"position\":1,\"name\":\"Portada\",\"item\":\"https:\\\/\\\/www.anovapeneira.gal\\\/\"},{\"@type\":\"ListItem\",\"position\":2,\"name\":\"Segundo fragmento do diario de Senl\u00faa Arraiana\"}]},{\"@type\":\"WebSite\",\"@id\":\"https:\\\/\\\/www.anovapeneira.gal\\\/#website\",\"url\":\"https:\\\/\\\/www.anovapeneira.gal\\\/\",\"name\":\"\",\"description\":\"Xornal galego de informaci\u00f3n xeral Publicaci\u00f3n mensual de novas de Galicia e en especial dos Concellos da sur da provincia de Pontevedra.\",\"publisher\":{\"@id\":\"https:\\\/\\\/www.anovapeneira.gal\\\/#organization\"},\"potentialAction\":[{\"@type\":\"SearchAction\",\"target\":{\"@type\":\"EntryPoint\",\"urlTemplate\":\"https:\\\/\\\/www.anovapeneira.gal\\\/?s={search_term_string}\"},\"query-input\":{\"@type\":\"PropertyValueSpecification\",\"valueRequired\":true,\"valueName\":\"search_term_string\"}}],\"inLanguage\":\"gl-ES\"},{\"@type\":\"Organization\",\"@id\":\"https:\\\/\\\/www.anovapeneira.gal\\\/#organization\",\"name\":\"A Nova Peneira\",\"url\":\"https:\\\/\\\/www.anovapeneira.gal\\\/\",\"logo\":{\"@type\":\"ImageObject\",\"inLanguage\":\"gl-ES\",\"@id\":\"https:\\\/\\\/www.anovapeneira.gal\\\/#\\\/schema\\\/logo\\\/image\\\/\",\"url\":\"http:\\\/\\\/www.anovapeneira.gal\\\/wp-content\\\/uploads\\\/2019\\\/06\\\/logo_a_nova_peneira_portal_web.png\",\"contentUrl\":\"http:\\\/\\\/www.anovapeneira.gal\\\/wp-content\\\/uploads\\\/2019\\\/06\\\/logo_a_nova_peneira_portal_web.png\",\"width\":300,\"height\":100,\"caption\":\"A Nova Peneira\"},\"image\":{\"@id\":\"https:\\\/\\\/www.anovapeneira.gal\\\/#\\\/schema\\\/logo\\\/image\\\/\"},\"sameAs\":[\"https:\\\/\\\/www.facebook.com\\\/anovapeneira\",\"https:\\\/\\\/x.com\\\/APeneira\"]},{\"@type\":\"Person\",\"@id\":\"https:\\\/\\\/www.anovapeneira.gal\\\/#\\\/schema\\\/person\\\/45b3df2338e4d898b7616809f9c5906c\",\"name\":\"Cristobal L\u00f3pez\",\"image\":{\"@type\":\"ImageObject\",\"inLanguage\":\"gl-ES\",\"@id\":\"https:\\\/\\\/secure.gravatar.com\\\/avatar\\\/b537cf06ef8166c9ef72b09f4d5f6446b1e22ea99505d94e40b8685710482f79?s=96&d=mm&r=g\",\"url\":\"https:\\\/\\\/secure.gravatar.com\\\/avatar\\\/b537cf06ef8166c9ef72b09f4d5f6446b1e22ea99505d94e40b8685710482f79?s=96&d=mm&r=g\",\"contentUrl\":\"https:\\\/\\\/secure.gravatar.com\\\/avatar\\\/b537cf06ef8166c9ef72b09f4d5f6446b1e22ea99505d94e40b8685710482f79?s=96&d=mm&r=g\",\"caption\":\"Cristobal L\u00f3pez\"},\"sameAs\":[\"http:\\\/\\\/anovapeneira.gal\"],\"url\":\"https:\\\/\\\/www.anovapeneira.gal\\\/index.php\\\/author\\\/opinioncristoballopez\\\/\"}]}<\/script>\n<!-- \/ Yoast SEO plugin. -->","yoast_head_json":{"title":"Segundo fragmento do diario de Senl\u00faa Arraiana -","robots":{"index":"index","follow":"follow","max-snippet":"max-snippet:-1","max-image-preview":"max-image-preview:large","max-video-preview":"max-video-preview:-1"},"canonical":"https:\/\/www.anovapeneira.gal\/index.php\/2019\/08\/09\/segundo-fragmento-do-diario-de-senlua-arraiana\/","og_locale":"gl_ES","og_type":"article","og_title":"Segundo fragmento do diario de Senl\u00faa Arraiana -","og_description":"Este fragmento do diario de Senl\u00faa Arraiana foi recuperado e adiantado ao noso tempo por Crist\u00f3bal L\u00f3pez, fiel camarada do av\u00f3 da futura lider da resistencia arraiana [...]","og_url":"https:\/\/www.anovapeneira.gal\/index.php\/2019\/08\/09\/segundo-fragmento-do-diario-de-senlua-arraiana\/","article_publisher":"https:\/\/www.facebook.com\/anovapeneira","article_published_time":"2019-08-09T10:00:47+00:00","og_image":[{"width":720,"height":473,"url":"https:\/\/www.anovapeneira.gal\/wp-content\/uploads\/2019\/07\/Ao-sol-do-leste_a_nova_peneira.jpg","type":"image\/jpeg"}],"author":"Cristobal L\u00f3pez","twitter_card":"summary_large_image","twitter_creator":"@APeneira","twitter_site":"@APeneira","twitter_misc":{"Escrito por":"Cristobal L\u00f3pez","Tempo de lectura":"5 minutos"},"schema":{"@context":"https:\/\/schema.org","@graph":[{"@type":"Article","@id":"https:\/\/www.anovapeneira.gal\/index.php\/2019\/08\/09\/segundo-fragmento-do-diario-de-senlua-arraiana\/#article","isPartOf":{"@id":"https:\/\/www.anovapeneira.gal\/index.php\/2019\/08\/09\/segundo-fragmento-do-diario-de-senlua-arraiana\/"},"author":{"name":"Cristobal L\u00f3pez","@id":"https:\/\/www.anovapeneira.gal\/#\/schema\/person\/45b3df2338e4d898b7616809f9c5906c"},"headline":"Segundo fragmento do diario de Senl\u00faa Arraiana","datePublished":"2019-08-09T10:00:47+00:00","mainEntityOfPage":{"@id":"https:\/\/www.anovapeneira.gal\/index.php\/2019\/08\/09\/segundo-fragmento-do-diario-de-senlua-arraiana\/"},"wordCount":1032,"commentCount":0,"publisher":{"@id":"https:\/\/www.anovapeneira.gal\/#organization"},"image":{"@id":"https:\/\/www.anovapeneira.gal\/index.php\/2019\/08\/09\/segundo-fragmento-do-diario-de-senlua-arraiana\/#primaryimage"},"thumbnailUrl":"https:\/\/www.anovapeneira.gal\/wp-content\/uploads\/2019\/07\/Ao-sol-do-leste_a_nova_peneira.jpg","keywords":["Crist\u00f3bal L\u00f3pez","Resistencia arraiana","Senl\u00faa Arraiana"],"articleSection":["Artigos de opini\u00f3n"],"inLanguage":"gl-ES","potentialAction":[{"@type":"CommentAction","name":"Comment","target":["https:\/\/www.anovapeneira.gal\/index.php\/2019\/08\/09\/segundo-fragmento-do-diario-de-senlua-arraiana\/#respond"]}]},{"@type":"WebPage","@id":"https:\/\/www.anovapeneira.gal\/index.php\/2019\/08\/09\/segundo-fragmento-do-diario-de-senlua-arraiana\/","url":"https:\/\/www.anovapeneira.gal\/index.php\/2019\/08\/09\/segundo-fragmento-do-diario-de-senlua-arraiana\/","name":"Segundo fragmento do diario de Senl\u00faa Arraiana -","isPartOf":{"@id":"https:\/\/www.anovapeneira.gal\/#website"},"primaryImageOfPage":{"@id":"https:\/\/www.anovapeneira.gal\/index.php\/2019\/08\/09\/segundo-fragmento-do-diario-de-senlua-arraiana\/#primaryimage"},"image":{"@id":"https:\/\/www.anovapeneira.gal\/index.php\/2019\/08\/09\/segundo-fragmento-do-diario-de-senlua-arraiana\/#primaryimage"},"thumbnailUrl":"https:\/\/www.anovapeneira.gal\/wp-content\/uploads\/2019\/07\/Ao-sol-do-leste_a_nova_peneira.jpg","datePublished":"2019-08-09T10:00:47+00:00","breadcrumb":{"@id":"https:\/\/www.anovapeneira.gal\/index.php\/2019\/08\/09\/segundo-fragmento-do-diario-de-senlua-arraiana\/#breadcrumb"},"inLanguage":"gl-ES","potentialAction":[{"@type":"ReadAction","target":["https:\/\/www.anovapeneira.gal\/index.php\/2019\/08\/09\/segundo-fragmento-do-diario-de-senlua-arraiana\/"]}]},{"@type":"ImageObject","inLanguage":"gl-ES","@id":"https:\/\/www.anovapeneira.gal\/index.php\/2019\/08\/09\/segundo-fragmento-do-diario-de-senlua-arraiana\/#primaryimage","url":"https:\/\/www.anovapeneira.gal\/wp-content\/uploads\/2019\/07\/Ao-sol-do-leste_a_nova_peneira.jpg","contentUrl":"https:\/\/www.anovapeneira.gal\/wp-content\/uploads\/2019\/07\/Ao-sol-do-leste_a_nova_peneira.jpg","width":720,"height":473,"caption":"Ao sol do leste A Nova Peneira"},{"@type":"BreadcrumbList","@id":"https:\/\/www.anovapeneira.gal\/index.php\/2019\/08\/09\/segundo-fragmento-do-diario-de-senlua-arraiana\/#breadcrumb","itemListElement":[{"@type":"ListItem","position":1,"name":"Portada","item":"https:\/\/www.anovapeneira.gal\/"},{"@type":"ListItem","position":2,"name":"Segundo fragmento do diario de Senl\u00faa Arraiana"}]},{"@type":"WebSite","@id":"https:\/\/www.anovapeneira.gal\/#website","url":"https:\/\/www.anovapeneira.gal\/","name":"","description":"Xornal galego de informaci\u00f3n xeral Publicaci\u00f3n mensual de novas de Galicia e en especial dos Concellos da sur da provincia de Pontevedra.","publisher":{"@id":"https:\/\/www.anovapeneira.gal\/#organization"},"potentialAction":[{"@type":"SearchAction","target":{"@type":"EntryPoint","urlTemplate":"https:\/\/www.anovapeneira.gal\/?s={search_term_string}"},"query-input":{"@type":"PropertyValueSpecification","valueRequired":true,"valueName":"search_term_string"}}],"inLanguage":"gl-ES"},{"@type":"Organization","@id":"https:\/\/www.anovapeneira.gal\/#organization","name":"A Nova Peneira","url":"https:\/\/www.anovapeneira.gal\/","logo":{"@type":"ImageObject","inLanguage":"gl-ES","@id":"https:\/\/www.anovapeneira.gal\/#\/schema\/logo\/image\/","url":"http:\/\/www.anovapeneira.gal\/wp-content\/uploads\/2019\/06\/logo_a_nova_peneira_portal_web.png","contentUrl":"http:\/\/www.anovapeneira.gal\/wp-content\/uploads\/2019\/06\/logo_a_nova_peneira_portal_web.png","width":300,"height":100,"caption":"A Nova Peneira"},"image":{"@id":"https:\/\/www.anovapeneira.gal\/#\/schema\/logo\/image\/"},"sameAs":["https:\/\/www.facebook.com\/anovapeneira","https:\/\/x.com\/APeneira"]},{"@type":"Person","@id":"https:\/\/www.anovapeneira.gal\/#\/schema\/person\/45b3df2338e4d898b7616809f9c5906c","name":"Cristobal L\u00f3pez","image":{"@type":"ImageObject","inLanguage":"gl-ES","@id":"https:\/\/secure.gravatar.com\/avatar\/b537cf06ef8166c9ef72b09f4d5f6446b1e22ea99505d94e40b8685710482f79?s=96&d=mm&r=g","url":"https:\/\/secure.gravatar.com\/avatar\/b537cf06ef8166c9ef72b09f4d5f6446b1e22ea99505d94e40b8685710482f79?s=96&d=mm&r=g","contentUrl":"https:\/\/secure.gravatar.com\/avatar\/b537cf06ef8166c9ef72b09f4d5f6446b1e22ea99505d94e40b8685710482f79?s=96&d=mm&r=g","caption":"Cristobal L\u00f3pez"},"sameAs":["http:\/\/anovapeneira.gal"],"url":"https:\/\/www.anovapeneira.gal\/index.php\/author\/opinioncristoballopez\/"}]}},"jetpack_featured_media_url":"https:\/\/www.anovapeneira.gal\/wp-content\/uploads\/2019\/07\/Ao-sol-do-leste_a_nova_peneira.jpg","_links":{"self":[{"href":"https:\/\/www.anovapeneira.gal\/index.php\/wp-json\/wp\/v2\/posts\/876","targetHints":{"allow":["GET"]}}],"collection":[{"href":"https:\/\/www.anovapeneira.gal\/index.php\/wp-json\/wp\/v2\/posts"}],"about":[{"href":"https:\/\/www.anovapeneira.gal\/index.php\/wp-json\/wp\/v2\/types\/post"}],"author":[{"embeddable":true,"href":"https:\/\/www.anovapeneira.gal\/index.php\/wp-json\/wp\/v2\/users\/13"}],"replies":[{"embeddable":true,"href":"https:\/\/www.anovapeneira.gal\/index.php\/wp-json\/wp\/v2\/comments?post=876"}],"version-history":[{"count":1,"href":"https:\/\/www.anovapeneira.gal\/index.php\/wp-json\/wp\/v2\/posts\/876\/revisions"}],"predecessor-version":[{"id":879,"href":"https:\/\/www.anovapeneira.gal\/index.php\/wp-json\/wp\/v2\/posts\/876\/revisions\/879"}],"wp:featuredmedia":[{"embeddable":true,"href":"https:\/\/www.anovapeneira.gal\/index.php\/wp-json\/wp\/v2\/media\/557"}],"wp:attachment":[{"href":"https:\/\/www.anovapeneira.gal\/index.php\/wp-json\/wp\/v2\/media?parent=876"}],"wp:term":[{"taxonomy":"category","embeddable":true,"href":"https:\/\/www.anovapeneira.gal\/index.php\/wp-json\/wp\/v2\/categories?post=876"},{"taxonomy":"post_tag","embeddable":true,"href":"https:\/\/www.anovapeneira.gal\/index.php\/wp-json\/wp\/v2\/tags?post=876"}],"curies":[{"name":"wp","href":"https:\/\/api.w.org\/{rel}","templated":true}]}}