{"id":8780,"date":"2022-12-20T10:00:36","date_gmt":"2022-12-20T09:00:36","guid":{"rendered":"https:\/\/www.anovapeneira.gal\/?p=8780"},"modified":"2022-12-14T11:19:00","modified_gmt":"2022-12-14T10:19:00","slug":"a-novela-memorias-dun-ex-galego-un-exito-indubidable-no-panorama-literario-do-noso-pais","status":"publish","type":"post","link":"https:\/\/www.anovapeneira.gal\/index.php\/2022\/12\/20\/a-novela-memorias-dun-ex-galego-un-exito-indubidable-no-panorama-literario-do-noso-pais\/","title":{"rendered":"A Novela \u201cMemorias dun ex galego\u201d un \u00e9xito indubidable no panorama literario do noso pa\u00eds"},"content":{"rendered":"\n<p>\u201c<strong>Memorias dun ex galego\u201d \u00e9 a \u00f3pera prima do xove avogado vigu\u00e9s Josi\u00f1o Araujo. \u00c9 unha novela na que o autor aborda o tema do auto odio, tan com\u00fan en Galicia, de pa\u00eds e de clase desde unha perspectiva de humor e cun trepidante ritmo narrativo que engancha ao lector ata chegar ao sorprendente e impactante final. Josi\u00f1o \u00e9 un vello articulista desta casa do que co\u00f1ezo ben a s\u00faa enorme calidade como escritor, e ao que auguro e desexo unha brillante carreira literaria. Foi un pracer, despois de moito tempo, volver conversar con el.<\/strong><\/p>\n\n\n\n<h2 class=\"wp-block-heading\"><strong>Josi\u00f1o Araujo<\/strong><\/h2>\n\n\n\n<p><strong>Jose, de onde es?<\/strong><\/p>\n\n\n\n<blockquote class=\"wp-block-quote is-layout-flow wp-block-quote-is-layout-flow\"><p>Eu son de Vigo.<\/p><\/blockquote>\n\n\n\n<p><strong>Ent\u00f3n, por tanto, es galego?<\/strong><\/p>\n\n\n\n<blockquote class=\"wp-block-quote is-layout-flow wp-block-quote-is-layout-flow\"><p>Efectivamente.<\/p><\/blockquote>\n\n\n\n<p><strong>Por que che declaras ex galego no t\u00edtulo do teu libro?<\/strong><\/p>\n\n\n\n<blockquote class=\"wp-block-quote is-layout-flow wp-block-quote-is-layout-flow\"><p>Non son as mi\u00f1as memorias, \u00e9 unha autobiograf\u00eda ficticia. O narrador que se chama Anxo, \u00e9 un aut\u00e9ntico hater, un odiador nato. O libro empeza no d\u00eda que naceu e desde este d\u00eda di que odia \u00e1 s\u00faa familia, aos seus veci\u00f1os e \u00e1 s\u00faa vila mari\u00f1eira.<\/p><\/blockquote>\n\n\n\n<p><strong>Esta vila mari\u00f1eira \u00e9 ficticia tam\u00e9n ou \u00e9 unha vila en concreto?<\/strong><\/p>\n\n\n\n<blockquote class=\"wp-block-quote is-layout-flow wp-block-quote-is-layout-flow\"><p>\u00c9 unha vila mari\u00f1eira ficticia tam\u00e9n. En resumo, o protagonista odia Galiza en xeral. Sobre todo, odia ser pobre. Un auto odio total de orixe e de clase.<\/p><\/blockquote>\n\n\n\n<blockquote class=\"wp-block-quote is-layout-flow wp-block-quote-is-layout-flow\"><p>Con este libro tento representar o auto odio co que nacemos \u00e1s veces os galegos desde un punto de vista humor\u00edstico e moi esaxerado.<\/p><\/blockquote>\n\n\n\n<blockquote class=\"wp-block-quote is-layout-flow wp-block-quote-is-layout-flow\"><p>A primeira parte do libro, que se chama <em>\u201cDe Galiza\u201d,<\/em> \u00e9 moi descritiva onde quer\u00eda plasmar a visi\u00f3n de Anxo sobre o que o rodea. El consid\u00e9rase demasiado bo e demasiado guapo para a s\u00faa familia e os seus veci\u00f1os, polo que ten o desexo de marcharse do pobo continuamente.<\/p><\/blockquote>\n\n\n\n<blockquote class=\"wp-block-quote is-layout-flow wp-block-quote-is-layout-flow\"><p>Cando cumpre a maior\u00eda de idade consegue marcharse a Madrid a estudar e disto trata a segunda parte do libro que se chama \u201c<em>O exgalego<\/em>\u201d. En Madrid, considera que est\u00e1 o seu lugar.<\/p><\/blockquote>\n\n\n\n<p><strong>Por que considera que en Madrid est\u00e1 o seu lugar?<\/strong><\/p>\n\n\n\n<blockquote class=\"wp-block-quote is-layout-flow wp-block-quote-is-layout-flow\"><p>Non che podo revelar tanto, hai personaxes que van e ve\u00f1en, outros, reaparecen inesperadamente. El aspira a ser unha persoa importante, con moito di\u00f1eiro e parece que en Madrid si hai este tipo de xente ostentosa. Vai a unha Universidade de xente podente e nese ambiente at\u00f3pase a gusto.<\/p><\/blockquote>\n\n\n\n<blockquote class=\"wp-block-quote is-layout-flow wp-block-quote-is-layout-flow\"><p>Quero plasmar tam\u00e9n a outra idea, a do concepto admirado actualmente que \u00e9 a do home feito a si mesmo, s\u00faper ambicioso, individualista e sen escr\u00fapulos. Esta parece que \u00e9 a \u00fanica maneira de chegar todo o m\u00e1is alto nunha empresa. Ter un despacho xigante, mandar, moito di\u00f1eiro e non deixar de ascender nunca. Pretendo denunciar a maneira en que est\u00e1n a tentar vendernos \u00e1 sociedade do \u00e9xito do emprendedor e que isto ser\u00eda o ideal na vida desde un punto de vista de humor negro, se non chegas a este \u00e9xito, es un perdedor.<\/p><\/blockquote>\n\n\n\n<p><strong>E a novela acaba con alg\u00fan tipo de conclusi\u00f3n, Jose?<\/strong><\/p>\n\n\n\n<blockquote class=\"wp-block-quote is-layout-flow wp-block-quote-is-layout-flow\"><p>Efectivamente, disto trata a terceira parte do libro que se chama <em>\u201cO \u00e9xito\u201d.<\/em> Aqu\u00ed \u00e9 cando Anxo regresa \u00e1s s\u00faas orixes e ten que facer fronte aos seus medos e os seus conflitos. Esta \u00e9 a parte m\u00e1is curta, pero a m\u00e1is intensa. Ten s\u00f3 un cap\u00edtulo e \u00e9 un pouco a conclusi\u00f3n final m\u00e1is controvertida. Todo o libro vai encami\u00f1ado a esta hecatombe final.<\/p><\/blockquote>\n\n\n\n<p><strong>Que non nos podes adiantar de que se trata, claro.<\/strong><\/p>\n\n\n\n<blockquote class=\"wp-block-quote is-layout-flow wp-block-quote-is-layout-flow\"><p>Non, \u00e9 a parte fundamental.<\/p><\/blockquote>\n\n\n\n<p><strong>F\u00edxate, te\u00f1o a sensaci\u00f3n de que che inspiraches en \u201cArredor de si\u201d, de Otero Pedrayo. Equiv\u00f3come?<\/strong><\/p>\n\n\n\n<blockquote class=\"wp-block-quote is-layout-flow wp-block-quote-is-layout-flow\"><p>Non, non te equivocas. \u00c9 un dos meus referentes e en canto \u00e1 tem\u00e1tica e a estrutura \u00e9 moi semellante. O ton \u00e9 totalmente diferente. Otero Pedrayo ten unha obra m\u00e1is intelectual. Esta obra creo que \u00e9 m\u00e1is lixeira e humor\u00edstica. Dos mesmos conflitos, pero desde un punto de vista diferente. Sem\u00e9llase moito tam\u00e9n \u00e1 <em>\u201cA conxura dous necios<\/em>\u201d. Un libro fant\u00e1stico de John Kennedy Toole.<\/p><\/blockquote>\n\n\n\n<p><strong>Como ben dis, Otero Pedrayo e a s\u00faa obra \u201cArredor de si\u201d \u00e9 para un p\u00fablico determinado e minoritario, p\u00fablico adulto que te\u00f1a capacidade de reflexi\u00f3n elevada. \u201cMemorias dun ex galego\u201d est\u00e1 ao acceso de todo tipo de p\u00fablico?<\/strong><\/p>\n\n\n\n<blockquote class=\"wp-block-quote is-layout-flow wp-block-quote-is-layout-flow\"><p>Case, considero que \u00e9 unha obra para p\u00fablico adulto, pero desde a adolescencia, chegando \u00e1 maior\u00eda de idade, xa \u00e9 unha obra recomendable. Sei que hai institutos que para tratar o tema do auto odio est\u00e1n a po\u00f1elo como lectura obrigatoria en primeiro e segundo de bacharelato.<\/p><\/blockquote>\n\n\n\n<p><strong>Cando se editou o libro?<\/strong><\/p>\n\n\n\n<blockquote class=\"wp-block-quote is-layout-flow wp-block-quote-is-layout-flow\"><p>Cumpriu un ano en novembro.<\/p><\/blockquote>\n\n\n\n<p><strong>Que valoraci\u00f3n fas deste primeiro ano de vida nas librer\u00edas?<\/strong><\/p>\n\n\n\n<blockquote class=\"wp-block-quote is-layout-flow wp-block-quote-is-layout-flow\"><p>Superou todas as mi\u00f1as expectativas, xa imos pola segunda edici\u00f3n. Tivo unha repercusi\u00f3n moi grande e tampouco fixemos unha campa\u00f1a publicitaria intensa. Funcionou moi r\u00e1pido o boca a boca. De feito, para ser un escritor novel, en galego e despois dun ano, o libro segue tendo vida. Estiven fai pouqui\u00f1o asinando exemplares e a xente que acaba de ler o libro felic\u00edtame a trav\u00e9s das redes sociais.<\/p><\/blockquote>\n\n\n\n<p><strong>Haber\u00e1 segundo libro?<\/strong><\/p>\n\n\n\n<blockquote class=\"wp-block-quote is-layout-flow wp-block-quote-is-layout-flow\"><p>Espero que si, xa o te\u00f1o bastante avanzado<\/p><\/blockquote>\n\n\n\n<p><strong>Para cando tes previsto acabalo?<\/strong><\/p>\n\n\n\n<blockquote class=\"wp-block-quote is-layout-flow wp-block-quote-is-layout-flow\"><p>Espero que antes do ver\u00e1n do 2023.<\/p><\/blockquote>\n\n\n\n<p><strong>E a tem\u00e1tica \u00e9 parecida ou totalmente distinta?<\/strong><\/p>\n\n\n\n<blockquote class=\"wp-block-quote is-layout-flow wp-block-quote-is-layout-flow\"><p>\u00c9 bastante diferente. A\u00ednda que falo igualmente do tema da ambici\u00f3n e de ter di\u00f1eiro, pero abordado dunha forma completamente diferente.<\/p><\/blockquote>\n\n\n\n<p><strong>Para acabar, a portada deste libro \u00e9 moi bonita, o dese\u00f1ador debe de ser un artista espectacular, non?<\/strong><\/p>\n\n\n\n<blockquote class=\"wp-block-quote is-layout-flow wp-block-quote-is-layout-flow\"><p>Por suposto. A portada \u00e9 dos grandes acertos do libro. F\u00edxoa o gran artista Alberto Ardid, un dos meus mellores amigos. Eu ti\u00f1a claro que quer\u00eda que el fixese a portada. \u00c9 moi impactante, gustou moito, e nas librar\u00edas chama a atenci\u00f3n .<\/p><\/blockquote>\n","protected":false},"excerpt":{"rendered":"<div class=\"mh-excerpt\"><p>\u201cMemorias dun ex galego\u201d \u00e9 a \u00f3pera prima do xove avogado vigu\u00e9s Josi\u00f1o Araujo. \u00c9 unha novela na que o autor aborda o tema do auto odio, tan com\u00fan en Galicia, de pa\u00eds e de clase desde unha perspectiva de humor e cun trepidante ritmo narrativo que engancha ao lector ata chegar ao sorprendente e impactante final <a class=\"mh-excerpt-more\" href=\"https:\/\/www.anovapeneira.gal\/index.php\/2022\/12\/20\/a-novela-memorias-dun-ex-galego-un-exito-indubidable-no-panorama-literario-do-noso-pais\/\" title=\"A Novela \u201cMemorias dun ex galego\u201d un \u00e9xito indubidable no panorama literario do noso pa\u00eds\">[&#8230;]<\/a><\/p>\n<\/div>","protected":false},"author":2,"featured_media":8782,"comment_status":"open","ping_status":"open","sticky":false,"template":"","format":"standard","meta":{"_exactmetrics_skip_tracking":false,"_exactmetrics_sitenote_active":false,"_exactmetrics_sitenote_note":"","_exactmetrics_sitenote_category":0,"footnotes":""},"categories":[272],"tags":[227],"class_list":{"0":"post-8780","1":"post","2":"type-post","3":"status-publish","4":"format-standard","5":"has-post-thumbnail","7":"category-vigo-entrevistas","8":"tag-concello-de-vigo"},"yoast_head":"<!-- This site is optimized with the Yoast SEO plugin v27.4 - https:\/\/yoast.com\/product\/yoast-seo-wordpress\/ -->\n<title>A Novela \u201cMemorias dun ex galego\u201d un \u00e9xito indubidable no panorama literario do noso pa\u00eds -<\/title>\n<meta name=\"description\" content=\"\u201cMemorias dun ex galego\u201d \u00e9 a \u00f3pera prima do xove avogado vigu\u00e9s Josi\u00f1o Araujo. \u00c9 unha novela na que o autor aborda o tema do auto odio, tan com\u00fan en Galicia, de pa\u00eds e de clase desde unha perspectiva de humor e cun trepidante ritmo narrativo que engancha ao lector ata chegar ao sorprendente e impactante final\" \/>\n<meta name=\"robots\" content=\"index, follow, max-snippet:-1, max-image-preview:large, max-video-preview:-1\" \/>\n<link rel=\"canonical\" href=\"https:\/\/www.anovapeneira.gal\/index.php\/2022\/12\/20\/a-novela-memorias-dun-ex-galego-un-exito-indubidable-no-panorama-literario-do-noso-pais\/\" \/>\n<meta property=\"og:locale\" content=\"gl_ES\" \/>\n<meta property=\"og:type\" content=\"article\" \/>\n<meta property=\"og:title\" content=\"A Novela \u201cMemorias dun ex galego\u201d un \u00e9xito indubidable no panorama literario do noso pa\u00eds -\" \/>\n<meta property=\"og:description\" content=\"\u201cMemorias dun ex galego\u201d \u00e9 a \u00f3pera prima do xove avogado vigu\u00e9s Josi\u00f1o Araujo. \u00c9 unha novela na que o autor aborda o tema do auto odio, tan com\u00fan en Galicia, de pa\u00eds e de clase desde unha perspectiva de humor e cun trepidante ritmo narrativo que engancha ao lector ata chegar ao sorprendente e impactante final\" \/>\n<meta property=\"og:url\" content=\"https:\/\/www.anovapeneira.gal\/index.php\/2022\/12\/20\/a-novela-memorias-dun-ex-galego-un-exito-indubidable-no-panorama-literario-do-noso-pais\/\" \/>\n<meta property=\"article:publisher\" content=\"https:\/\/www.facebook.com\/anovapeneira\" \/>\n<meta property=\"article:published_time\" content=\"2022-12-20T09:00:36+00:00\" \/>\n<meta property=\"og:image\" content=\"https:\/\/www.anovapeneira.gal\/wp-content\/uploads\/2022\/12\/josino_araujo.jpg\" \/>\n\t<meta property=\"og:image:width\" content=\"720\" \/>\n\t<meta property=\"og:image:height\" content=\"432\" \/>\n\t<meta property=\"og:image:type\" content=\"image\/jpeg\" \/>\n<meta name=\"author\" content=\"Tino Lago\" \/>\n<meta name=\"twitter:card\" content=\"summary_large_image\" \/>\n<meta name=\"twitter:creator\" content=\"@APeneira\" \/>\n<meta name=\"twitter:site\" content=\"@APeneira\" \/>\n<meta name=\"twitter:label1\" content=\"Escrito por\" \/>\n\t<meta name=\"twitter:data1\" content=\"Tino Lago\" \/>\n\t<meta name=\"twitter:label2\" content=\"Tempo de lectura\" \/>\n\t<meta name=\"twitter:data2\" content=\"6 minutos\" \/>\n<script type=\"application\/ld+json\" class=\"yoast-schema-graph\">{\"@context\":\"https:\\\/\\\/schema.org\",\"@graph\":[{\"@type\":\"Article\",\"@id\":\"https:\\\/\\\/www.anovapeneira.gal\\\/index.php\\\/2022\\\/12\\\/20\\\/a-novela-memorias-dun-ex-galego-un-exito-indubidable-no-panorama-literario-do-noso-pais\\\/#article\",\"isPartOf\":{\"@id\":\"https:\\\/\\\/www.anovapeneira.gal\\\/index.php\\\/2022\\\/12\\\/20\\\/a-novela-memorias-dun-ex-galego-un-exito-indubidable-no-panorama-literario-do-noso-pais\\\/\"},\"author\":{\"name\":\"Tino Lago\",\"@id\":\"https:\\\/\\\/www.anovapeneira.gal\\\/#\\\/schema\\\/person\\\/424dfe65e3070fd8a44d22d2c088762a\"},\"headline\":\"A Novela \u201cMemorias dun ex galego\u201d un \u00e9xito indubidable no panorama literario do noso pa\u00eds\",\"datePublished\":\"2022-12-20T09:00:36+00:00\",\"mainEntityOfPage\":{\"@id\":\"https:\\\/\\\/www.anovapeneira.gal\\\/index.php\\\/2022\\\/12\\\/20\\\/a-novela-memorias-dun-ex-galego-un-exito-indubidable-no-panorama-literario-do-noso-pais\\\/\"},\"wordCount\":1001,\"commentCount\":0,\"publisher\":{\"@id\":\"https:\\\/\\\/www.anovapeneira.gal\\\/#organization\"},\"image\":{\"@id\":\"https:\\\/\\\/www.anovapeneira.gal\\\/index.php\\\/2022\\\/12\\\/20\\\/a-novela-memorias-dun-ex-galego-un-exito-indubidable-no-panorama-literario-do-noso-pais\\\/#primaryimage\"},\"thumbnailUrl\":\"https:\\\/\\\/www.anovapeneira.gal\\\/wp-content\\\/uploads\\\/2022\\\/12\\\/josino_araujo.jpg\",\"keywords\":[\"Concello de Vigo\"],\"articleSection\":[\"Vigo\"],\"inLanguage\":\"gl-ES\",\"potentialAction\":[{\"@type\":\"CommentAction\",\"name\":\"Comment\",\"target\":[\"https:\\\/\\\/www.anovapeneira.gal\\\/index.php\\\/2022\\\/12\\\/20\\\/a-novela-memorias-dun-ex-galego-un-exito-indubidable-no-panorama-literario-do-noso-pais\\\/#respond\"]}]},{\"@type\":\"WebPage\",\"@id\":\"https:\\\/\\\/www.anovapeneira.gal\\\/index.php\\\/2022\\\/12\\\/20\\\/a-novela-memorias-dun-ex-galego-un-exito-indubidable-no-panorama-literario-do-noso-pais\\\/\",\"url\":\"https:\\\/\\\/www.anovapeneira.gal\\\/index.php\\\/2022\\\/12\\\/20\\\/a-novela-memorias-dun-ex-galego-un-exito-indubidable-no-panorama-literario-do-noso-pais\\\/\",\"name\":\"A Novela \u201cMemorias dun ex galego\u201d un \u00e9xito indubidable no panorama literario do noso pa\u00eds -\",\"isPartOf\":{\"@id\":\"https:\\\/\\\/www.anovapeneira.gal\\\/#website\"},\"primaryImageOfPage\":{\"@id\":\"https:\\\/\\\/www.anovapeneira.gal\\\/index.php\\\/2022\\\/12\\\/20\\\/a-novela-memorias-dun-ex-galego-un-exito-indubidable-no-panorama-literario-do-noso-pais\\\/#primaryimage\"},\"image\":{\"@id\":\"https:\\\/\\\/www.anovapeneira.gal\\\/index.php\\\/2022\\\/12\\\/20\\\/a-novela-memorias-dun-ex-galego-un-exito-indubidable-no-panorama-literario-do-noso-pais\\\/#primaryimage\"},\"thumbnailUrl\":\"https:\\\/\\\/www.anovapeneira.gal\\\/wp-content\\\/uploads\\\/2022\\\/12\\\/josino_araujo.jpg\",\"datePublished\":\"2022-12-20T09:00:36+00:00\",\"description\":\"\u201cMemorias dun ex galego\u201d \u00e9 a \u00f3pera prima do xove avogado vigu\u00e9s Josi\u00f1o Araujo. \u00c9 unha novela na que o autor aborda o tema do auto odio, tan com\u00fan en Galicia, de pa\u00eds e de clase desde unha perspectiva de humor e cun trepidante ritmo narrativo que engancha ao lector ata chegar ao sorprendente e impactante final\",\"breadcrumb\":{\"@id\":\"https:\\\/\\\/www.anovapeneira.gal\\\/index.php\\\/2022\\\/12\\\/20\\\/a-novela-memorias-dun-ex-galego-un-exito-indubidable-no-panorama-literario-do-noso-pais\\\/#breadcrumb\"},\"inLanguage\":\"gl-ES\",\"potentialAction\":[{\"@type\":\"ReadAction\",\"target\":[\"https:\\\/\\\/www.anovapeneira.gal\\\/index.php\\\/2022\\\/12\\\/20\\\/a-novela-memorias-dun-ex-galego-un-exito-indubidable-no-panorama-literario-do-noso-pais\\\/\"]}]},{\"@type\":\"ImageObject\",\"inLanguage\":\"gl-ES\",\"@id\":\"https:\\\/\\\/www.anovapeneira.gal\\\/index.php\\\/2022\\\/12\\\/20\\\/a-novela-memorias-dun-ex-galego-un-exito-indubidable-no-panorama-literario-do-noso-pais\\\/#primaryimage\",\"url\":\"https:\\\/\\\/www.anovapeneira.gal\\\/wp-content\\\/uploads\\\/2022\\\/12\\\/josino_araujo.jpg\",\"contentUrl\":\"https:\\\/\\\/www.anovapeneira.gal\\\/wp-content\\\/uploads\\\/2022\\\/12\\\/josino_araujo.jpg\",\"width\":720,\"height\":432,\"caption\":\"Josi\u00f1o Araujo\"},{\"@type\":\"BreadcrumbList\",\"@id\":\"https:\\\/\\\/www.anovapeneira.gal\\\/index.php\\\/2022\\\/12\\\/20\\\/a-novela-memorias-dun-ex-galego-un-exito-indubidable-no-panorama-literario-do-noso-pais\\\/#breadcrumb\",\"itemListElement\":[{\"@type\":\"ListItem\",\"position\":1,\"name\":\"Portada\",\"item\":\"https:\\\/\\\/www.anovapeneira.gal\\\/\"},{\"@type\":\"ListItem\",\"position\":2,\"name\":\"A Novela \u201cMemorias dun ex galego\u201d un \u00e9xito indubidable no panorama literario do noso pa\u00eds\"}]},{\"@type\":\"WebSite\",\"@id\":\"https:\\\/\\\/www.anovapeneira.gal\\\/#website\",\"url\":\"https:\\\/\\\/www.anovapeneira.gal\\\/\",\"name\":\"\",\"description\":\"Xornal galego de informaci\u00f3n xeral Publicaci\u00f3n mensual de novas de Galicia e en especial dos Concellos da sur da provincia de Pontevedra.\",\"publisher\":{\"@id\":\"https:\\\/\\\/www.anovapeneira.gal\\\/#organization\"},\"potentialAction\":[{\"@type\":\"SearchAction\",\"target\":{\"@type\":\"EntryPoint\",\"urlTemplate\":\"https:\\\/\\\/www.anovapeneira.gal\\\/?s={search_term_string}\"},\"query-input\":{\"@type\":\"PropertyValueSpecification\",\"valueRequired\":true,\"valueName\":\"search_term_string\"}}],\"inLanguage\":\"gl-ES\"},{\"@type\":\"Organization\",\"@id\":\"https:\\\/\\\/www.anovapeneira.gal\\\/#organization\",\"name\":\"A Nova Peneira\",\"url\":\"https:\\\/\\\/www.anovapeneira.gal\\\/\",\"logo\":{\"@type\":\"ImageObject\",\"inLanguage\":\"gl-ES\",\"@id\":\"https:\\\/\\\/www.anovapeneira.gal\\\/#\\\/schema\\\/logo\\\/image\\\/\",\"url\":\"http:\\\/\\\/www.anovapeneira.gal\\\/wp-content\\\/uploads\\\/2019\\\/06\\\/logo_a_nova_peneira_portal_web.png\",\"contentUrl\":\"http:\\\/\\\/www.anovapeneira.gal\\\/wp-content\\\/uploads\\\/2019\\\/06\\\/logo_a_nova_peneira_portal_web.png\",\"width\":300,\"height\":100,\"caption\":\"A Nova Peneira\"},\"image\":{\"@id\":\"https:\\\/\\\/www.anovapeneira.gal\\\/#\\\/schema\\\/logo\\\/image\\\/\"},\"sameAs\":[\"https:\\\/\\\/www.facebook.com\\\/anovapeneira\",\"https:\\\/\\\/x.com\\\/APeneira\"]},{\"@type\":\"Person\",\"@id\":\"https:\\\/\\\/www.anovapeneira.gal\\\/#\\\/schema\\\/person\\\/424dfe65e3070fd8a44d22d2c088762a\",\"name\":\"Tino Lago\",\"image\":{\"@type\":\"ImageObject\",\"inLanguage\":\"gl-ES\",\"@id\":\"https:\\\/\\\/secure.gravatar.com\\\/avatar\\\/b3df6a06e44bab3111583b90f0f33a0379ee5e3d22cbadd232d39f21c30c62be?s=96&d=mm&r=g\",\"url\":\"https:\\\/\\\/secure.gravatar.com\\\/avatar\\\/b3df6a06e44bab3111583b90f0f33a0379ee5e3d22cbadd232d39f21c30c62be?s=96&d=mm&r=g\",\"contentUrl\":\"https:\\\/\\\/secure.gravatar.com\\\/avatar\\\/b3df6a06e44bab3111583b90f0f33a0379ee5e3d22cbadd232d39f21c30c62be?s=96&d=mm&r=g\",\"caption\":\"Tino Lago\"},\"sameAs\":[\"http:\\\/\\\/www.anovapeneira.gal\"],\"url\":\"https:\\\/\\\/www.anovapeneira.gal\\\/index.php\\\/author\\\/director\\\/\"}]}<\/script>\n<!-- \/ Yoast SEO plugin. -->","yoast_head_json":{"title":"A Novela \u201cMemorias dun ex galego\u201d un \u00e9xito indubidable no panorama literario do noso pa\u00eds -","description":"\u201cMemorias dun ex galego\u201d \u00e9 a \u00f3pera prima do xove avogado vigu\u00e9s Josi\u00f1o Araujo. \u00c9 unha novela na que o autor aborda o tema do auto odio, tan com\u00fan en Galicia, de pa\u00eds e de clase desde unha perspectiva de humor e cun trepidante ritmo narrativo que engancha ao lector ata chegar ao sorprendente e impactante final","robots":{"index":"index","follow":"follow","max-snippet":"max-snippet:-1","max-image-preview":"max-image-preview:large","max-video-preview":"max-video-preview:-1"},"canonical":"https:\/\/www.anovapeneira.gal\/index.php\/2022\/12\/20\/a-novela-memorias-dun-ex-galego-un-exito-indubidable-no-panorama-literario-do-noso-pais\/","og_locale":"gl_ES","og_type":"article","og_title":"A Novela \u201cMemorias dun ex galego\u201d un \u00e9xito indubidable no panorama literario do noso pa\u00eds -","og_description":"\u201cMemorias dun ex galego\u201d \u00e9 a \u00f3pera prima do xove avogado vigu\u00e9s Josi\u00f1o Araujo. \u00c9 unha novela na que o autor aborda o tema do auto odio, tan com\u00fan en Galicia, de pa\u00eds e de clase desde unha perspectiva de humor e cun trepidante ritmo narrativo que engancha ao lector ata chegar ao sorprendente e impactante final","og_url":"https:\/\/www.anovapeneira.gal\/index.php\/2022\/12\/20\/a-novela-memorias-dun-ex-galego-un-exito-indubidable-no-panorama-literario-do-noso-pais\/","article_publisher":"https:\/\/www.facebook.com\/anovapeneira","article_published_time":"2022-12-20T09:00:36+00:00","og_image":[{"width":720,"height":432,"url":"https:\/\/www.anovapeneira.gal\/wp-content\/uploads\/2022\/12\/josino_araujo.jpg","type":"image\/jpeg"}],"author":"Tino Lago","twitter_card":"summary_large_image","twitter_creator":"@APeneira","twitter_site":"@APeneira","twitter_misc":{"Escrito por":"Tino Lago","Tempo de lectura":"6 minutos"},"schema":{"@context":"https:\/\/schema.org","@graph":[{"@type":"Article","@id":"https:\/\/www.anovapeneira.gal\/index.php\/2022\/12\/20\/a-novela-memorias-dun-ex-galego-un-exito-indubidable-no-panorama-literario-do-noso-pais\/#article","isPartOf":{"@id":"https:\/\/www.anovapeneira.gal\/index.php\/2022\/12\/20\/a-novela-memorias-dun-ex-galego-un-exito-indubidable-no-panorama-literario-do-noso-pais\/"},"author":{"name":"Tino Lago","@id":"https:\/\/www.anovapeneira.gal\/#\/schema\/person\/424dfe65e3070fd8a44d22d2c088762a"},"headline":"A Novela \u201cMemorias dun ex galego\u201d un \u00e9xito indubidable no panorama literario do noso pa\u00eds","datePublished":"2022-12-20T09:00:36+00:00","mainEntityOfPage":{"@id":"https:\/\/www.anovapeneira.gal\/index.php\/2022\/12\/20\/a-novela-memorias-dun-ex-galego-un-exito-indubidable-no-panorama-literario-do-noso-pais\/"},"wordCount":1001,"commentCount":0,"publisher":{"@id":"https:\/\/www.anovapeneira.gal\/#organization"},"image":{"@id":"https:\/\/www.anovapeneira.gal\/index.php\/2022\/12\/20\/a-novela-memorias-dun-ex-galego-un-exito-indubidable-no-panorama-literario-do-noso-pais\/#primaryimage"},"thumbnailUrl":"https:\/\/www.anovapeneira.gal\/wp-content\/uploads\/2022\/12\/josino_araujo.jpg","keywords":["Concello de Vigo"],"articleSection":["Vigo"],"inLanguage":"gl-ES","potentialAction":[{"@type":"CommentAction","name":"Comment","target":["https:\/\/www.anovapeneira.gal\/index.php\/2022\/12\/20\/a-novela-memorias-dun-ex-galego-un-exito-indubidable-no-panorama-literario-do-noso-pais\/#respond"]}]},{"@type":"WebPage","@id":"https:\/\/www.anovapeneira.gal\/index.php\/2022\/12\/20\/a-novela-memorias-dun-ex-galego-un-exito-indubidable-no-panorama-literario-do-noso-pais\/","url":"https:\/\/www.anovapeneira.gal\/index.php\/2022\/12\/20\/a-novela-memorias-dun-ex-galego-un-exito-indubidable-no-panorama-literario-do-noso-pais\/","name":"A Novela \u201cMemorias dun ex galego\u201d un \u00e9xito indubidable no panorama literario do noso pa\u00eds -","isPartOf":{"@id":"https:\/\/www.anovapeneira.gal\/#website"},"primaryImageOfPage":{"@id":"https:\/\/www.anovapeneira.gal\/index.php\/2022\/12\/20\/a-novela-memorias-dun-ex-galego-un-exito-indubidable-no-panorama-literario-do-noso-pais\/#primaryimage"},"image":{"@id":"https:\/\/www.anovapeneira.gal\/index.php\/2022\/12\/20\/a-novela-memorias-dun-ex-galego-un-exito-indubidable-no-panorama-literario-do-noso-pais\/#primaryimage"},"thumbnailUrl":"https:\/\/www.anovapeneira.gal\/wp-content\/uploads\/2022\/12\/josino_araujo.jpg","datePublished":"2022-12-20T09:00:36+00:00","description":"\u201cMemorias dun ex galego\u201d \u00e9 a \u00f3pera prima do xove avogado vigu\u00e9s Josi\u00f1o Araujo. \u00c9 unha novela na que o autor aborda o tema do auto odio, tan com\u00fan en Galicia, de pa\u00eds e de clase desde unha perspectiva de humor e cun trepidante ritmo narrativo que engancha ao lector ata chegar ao sorprendente e impactante final","breadcrumb":{"@id":"https:\/\/www.anovapeneira.gal\/index.php\/2022\/12\/20\/a-novela-memorias-dun-ex-galego-un-exito-indubidable-no-panorama-literario-do-noso-pais\/#breadcrumb"},"inLanguage":"gl-ES","potentialAction":[{"@type":"ReadAction","target":["https:\/\/www.anovapeneira.gal\/index.php\/2022\/12\/20\/a-novela-memorias-dun-ex-galego-un-exito-indubidable-no-panorama-literario-do-noso-pais\/"]}]},{"@type":"ImageObject","inLanguage":"gl-ES","@id":"https:\/\/www.anovapeneira.gal\/index.php\/2022\/12\/20\/a-novela-memorias-dun-ex-galego-un-exito-indubidable-no-panorama-literario-do-noso-pais\/#primaryimage","url":"https:\/\/www.anovapeneira.gal\/wp-content\/uploads\/2022\/12\/josino_araujo.jpg","contentUrl":"https:\/\/www.anovapeneira.gal\/wp-content\/uploads\/2022\/12\/josino_araujo.jpg","width":720,"height":432,"caption":"Josi\u00f1o Araujo"},{"@type":"BreadcrumbList","@id":"https:\/\/www.anovapeneira.gal\/index.php\/2022\/12\/20\/a-novela-memorias-dun-ex-galego-un-exito-indubidable-no-panorama-literario-do-noso-pais\/#breadcrumb","itemListElement":[{"@type":"ListItem","position":1,"name":"Portada","item":"https:\/\/www.anovapeneira.gal\/"},{"@type":"ListItem","position":2,"name":"A Novela \u201cMemorias dun ex galego\u201d un \u00e9xito indubidable no panorama literario do noso pa\u00eds"}]},{"@type":"WebSite","@id":"https:\/\/www.anovapeneira.gal\/#website","url":"https:\/\/www.anovapeneira.gal\/","name":"","description":"Xornal galego de informaci\u00f3n xeral Publicaci\u00f3n mensual de novas de Galicia e en especial dos Concellos da sur da provincia de Pontevedra.","publisher":{"@id":"https:\/\/www.anovapeneira.gal\/#organization"},"potentialAction":[{"@type":"SearchAction","target":{"@type":"EntryPoint","urlTemplate":"https:\/\/www.anovapeneira.gal\/?s={search_term_string}"},"query-input":{"@type":"PropertyValueSpecification","valueRequired":true,"valueName":"search_term_string"}}],"inLanguage":"gl-ES"},{"@type":"Organization","@id":"https:\/\/www.anovapeneira.gal\/#organization","name":"A Nova Peneira","url":"https:\/\/www.anovapeneira.gal\/","logo":{"@type":"ImageObject","inLanguage":"gl-ES","@id":"https:\/\/www.anovapeneira.gal\/#\/schema\/logo\/image\/","url":"http:\/\/www.anovapeneira.gal\/wp-content\/uploads\/2019\/06\/logo_a_nova_peneira_portal_web.png","contentUrl":"http:\/\/www.anovapeneira.gal\/wp-content\/uploads\/2019\/06\/logo_a_nova_peneira_portal_web.png","width":300,"height":100,"caption":"A Nova Peneira"},"image":{"@id":"https:\/\/www.anovapeneira.gal\/#\/schema\/logo\/image\/"},"sameAs":["https:\/\/www.facebook.com\/anovapeneira","https:\/\/x.com\/APeneira"]},{"@type":"Person","@id":"https:\/\/www.anovapeneira.gal\/#\/schema\/person\/424dfe65e3070fd8a44d22d2c088762a","name":"Tino Lago","image":{"@type":"ImageObject","inLanguage":"gl-ES","@id":"https:\/\/secure.gravatar.com\/avatar\/b3df6a06e44bab3111583b90f0f33a0379ee5e3d22cbadd232d39f21c30c62be?s=96&d=mm&r=g","url":"https:\/\/secure.gravatar.com\/avatar\/b3df6a06e44bab3111583b90f0f33a0379ee5e3d22cbadd232d39f21c30c62be?s=96&d=mm&r=g","contentUrl":"https:\/\/secure.gravatar.com\/avatar\/b3df6a06e44bab3111583b90f0f33a0379ee5e3d22cbadd232d39f21c30c62be?s=96&d=mm&r=g","caption":"Tino Lago"},"sameAs":["http:\/\/www.anovapeneira.gal"],"url":"https:\/\/www.anovapeneira.gal\/index.php\/author\/director\/"}]}},"jetpack_featured_media_url":"https:\/\/www.anovapeneira.gal\/wp-content\/uploads\/2022\/12\/josino_araujo.jpg","_links":{"self":[{"href":"https:\/\/www.anovapeneira.gal\/index.php\/wp-json\/wp\/v2\/posts\/8780","targetHints":{"allow":["GET"]}}],"collection":[{"href":"https:\/\/www.anovapeneira.gal\/index.php\/wp-json\/wp\/v2\/posts"}],"about":[{"href":"https:\/\/www.anovapeneira.gal\/index.php\/wp-json\/wp\/v2\/types\/post"}],"author":[{"embeddable":true,"href":"https:\/\/www.anovapeneira.gal\/index.php\/wp-json\/wp\/v2\/users\/2"}],"replies":[{"embeddable":true,"href":"https:\/\/www.anovapeneira.gal\/index.php\/wp-json\/wp\/v2\/comments?post=8780"}],"version-history":[{"count":2,"href":"https:\/\/www.anovapeneira.gal\/index.php\/wp-json\/wp\/v2\/posts\/8780\/revisions"}],"predecessor-version":[{"id":8783,"href":"https:\/\/www.anovapeneira.gal\/index.php\/wp-json\/wp\/v2\/posts\/8780\/revisions\/8783"}],"wp:featuredmedia":[{"embeddable":true,"href":"https:\/\/www.anovapeneira.gal\/index.php\/wp-json\/wp\/v2\/media\/8782"}],"wp:attachment":[{"href":"https:\/\/www.anovapeneira.gal\/index.php\/wp-json\/wp\/v2\/media?parent=8780"}],"wp:term":[{"taxonomy":"category","embeddable":true,"href":"https:\/\/www.anovapeneira.gal\/index.php\/wp-json\/wp\/v2\/categories?post=8780"},{"taxonomy":"post_tag","embeddable":true,"href":"https:\/\/www.anovapeneira.gal\/index.php\/wp-json\/wp\/v2\/tags?post=8780"}],"curies":[{"name":"wp","href":"https:\/\/api.w.org\/{rel}","templated":true}]}}