{"id":8793,"date":"2022-12-21T12:00:33","date_gmt":"2022-12-21T11:00:33","guid":{"rendered":"https:\/\/www.anovapeneira.gal\/?p=8793"},"modified":"2022-12-15T11:19:55","modified_gmt":"2022-12-15T10:19:55","slug":"o-entreverbas-alumea-a-parroquia-de-cabreira-de-poesia","status":"publish","type":"post","link":"https:\/\/www.anovapeneira.gal\/index.php\/2022\/12\/21\/o-entreverbas-alumea-a-parroquia-de-cabreira-de-poesia\/","title":{"rendered":"O ENTREVERBAS alumea a parroquia de Cabreira de Poes\u00eda"},"content":{"rendered":"\n<h2 class=\"wp-block-heading\"><strong>O ENTREVERBAS \u00e9 un marabilloso encontro cultural centrado no universo da poes\u00eda, que cada ano desde o 2015, coa excepci\u00f3n dun dos dous anos da pandemia, cel\u00e9brase na parroquia de Cabreira no concello de Salvaterra. N\u00f3s falamos co seu alma mater, o amigo Xespi, co que unha vez m\u00e1is foi un pracer conversar<\/strong><\/h2>\n\n\n\n<p><strong>Xose Manuel Mart\u00ednez \u201c Xespi\u201d<\/strong><\/p>\n\n\n\n<p>\u201c<strong>A nosa ilusi\u00f3n e a nosa vontade \u00e9 converter ao ENTREVERBAS nun referente cultural permanente da parroquia de Cabreira\u201d<\/strong><\/p>\n\n\n\n<p><strong>O pasado d\u00eda 10 tivemos unha nova edici\u00f3n do ENTREVERBAS?<\/strong><\/p>\n\n\n\n<blockquote class=\"wp-block-quote is-layout-flow wp-block-quote-is-layout-flow\"><p>Pois si, e xa van sete<\/p><\/blockquote>\n\n\n\n<p><strong>Foron sete edici\u00f3ns consecutivas?<\/strong><\/p>\n\n\n\n<blockquote class=\"wp-block-quote is-layout-flow wp-block-quote-is-layout-flow\"><p>No ano 2015 fixemos a primeira edici\u00f3n. S\u00f3 paramos no 2021 a consecuencia da pandemia. No 2020, o ano m\u00e1is forte si que puidemos facelo ENTREVERBAS, pero no 2021 non.<\/p><\/blockquote>\n\n\n\n<p><strong>Cando comezastes no 2015 coa primeira edici\u00f3n imaxinaches que o ENTREVERBAS puidera instalarse de maneira permanente na programaci\u00f3n cultural da nosa comarca?<\/strong><\/p>\n\n\n\n<blockquote class=\"wp-block-quote is-layout-flow wp-block-quote-is-layout-flow\"><p>Non, a verdade \u00e9 que non. Aquela primeira edici\u00f3n foi unha experiencia moi boa, e as persoas que o organizamos fixemos unha pequena asociaci\u00f3n para tentar manter un pouco vivo o esp\u00edrito e poder facer algunha edici\u00f3n m\u00e1is. Pero en ning\u00fan momento pensei en chegar ata a VII edici\u00f3n.<\/p><\/blockquote>\n\n\n\n<p><strong>Non o facedes nunha data fixa, verdade?<\/strong><\/p>\n\n\n\n<blockquote class=\"wp-block-quote is-layout-flow wp-block-quote-is-layout-flow\"><p>Non, sempre o celebramos en outono inverno porque na primavera ver\u00e1n a oferta cultural \u00e9 moi ampla, pero non ten unha data concreta.<\/p><\/blockquote>\n\n\n\n<p><strong>Para quen non vos co\u00f1eza c\u00f3ntanos en que consiste o ENTREVERBAS?<\/strong><\/p>\n\n\n\n<blockquote class=\"wp-block-quote is-layout-flow wp-block-quote-is-layout-flow\"><p>Tr\u00e1tase de tecer un encontro arredor das verbas. Est\u00e1 m\u00e1is centrado na poes\u00eda pero tam\u00e9n abranguemos outras disciplinas culturais como: a fotograf\u00eda, a m\u00fasica, a prosa&#8230;.Pero sempre, coa palabra e a conversa como eixo vertebrador. Fundamentalmente cel\u00e9brase en Cabreira, o acto principal faise no local da AV Xerme da nosa parroquia, malia que tam\u00e9n temos feito algunha actividade en Salvaterra ou nalg\u00fan restaurante de Salceda<\/p><\/blockquote>\n\n\n\n<p><strong>Que cambiou no ENTREVERBAS desde aquela 1\u00ba edici\u00f3n?<\/strong><\/p>\n\n\n\n<blockquote class=\"wp-block-quote is-layout-flow wp-block-quote-is-layout-flow\"><p>O noso \u00e1mbito fundamental de influencia segue a ser Cabreira, a nosa parroquia, pero o que si notamos \u00e9 que a difusi\u00f3n e o interese son cada vez maiores e n\u00f3s, desde logo, estamos enormemente orgullosos e agradecidos.<\/p><\/blockquote>\n\n\n\n<p><strong>Que receptividade encontras na veci\u00f1anza de Cabreira?<\/strong><\/p>\n\n\n\n<blockquote class=\"wp-block-quote is-layout-flow wp-block-quote-is-layout-flow\"><p>En xeral responde moi ben. O ENTREVERBAS xa forma parte da conciencia colectiva da proposta cultural da nosa parroquia.<\/p><\/blockquote>\n\n\n\n<p><strong>A vosa vontade \u00e9 de permanencia no tempo?, queredes que o ENTREVERBAS sexa un referente cultural permanente da parroquia de Cabreira?<\/strong><\/p>\n\n\n\n<blockquote class=\"wp-block-quote is-layout-flow wp-block-quote-is-layout-flow\"><p>Si, sen d\u00fabida. A idea coa que nacemos, achegar ao rural propostas culturais que \u00e9 moi dif\u00edcil ver f\u00f3ra dos centros urbanos das cidades, segue a ser a mesma e pretendemos que sexa sempre as\u00ed<\/p><\/blockquote>\n\n\n\n<p><strong>Que tal se porta o Concello de Salvaterra con v\u00f3s?<\/strong><\/p>\n\n\n\n<blockquote class=\"wp-block-quote is-layout-flow wp-block-quote-is-layout-flow\"><p>Non tiramos moito do Concello. Nas cousas que lle imos pedindo si que van botando unha man, pero xa che digo que n\u00f3s somos moi f\u00e1ciles de contentar.<\/p><\/blockquote>\n\n\n\n<p><strong>C\u00f3ntame como foi en concreto esta VII edici\u00f3n?<\/strong><\/p>\n\n\n\n<blockquote class=\"wp-block-quote is-layout-flow wp-block-quote-is-layout-flow\"><p>Tivemos tres actividades principais, e as tres quixemos realizalas en tres puntos diferentes da nosa parroquia. A primeira foi a presentaci\u00f3n da novela de Cristina Pato: \u201cNo d\u00eda do seu enterro\u201d. Fix\u00e9mola no bar pon antonomasia da nosa parroquia, o bar Sanrok\u00e1n. Cando rematamos esta actividade abrimos a exposici\u00f3n do grande escultor de Cabreira Constante Gonz\u00e1lez para que quen quixera, co\u00f1ecera o seu marabilloso traballo. Tam\u00e9n tivemos un obradoiro de poes\u00eda coa poeta rianxeira Noelia G\u00f3mez, que fixemos nunha das aulas da escola infantil de Cabreira. A \u00faltima actividade foi o recital po\u00e9tico musical, como sempre no centro cultural Xerme<\/p><\/blockquote>\n\n\n\n<p><strong>Quedaches satisfeito do resultado?<\/strong><\/p>\n\n\n\n<blockquote class=\"wp-block-quote is-layout-flow wp-block-quote-is-layout-flow\"><p>Si, a verdade \u00e9 que se cumpriron todas as nosas expectativas, incluso houbo momentos de calidez verdadeiramente entra\u00f1ables.<\/p><\/blockquote>\n\n\n\n<p><strong>Ti Xespi, traballas no metal, como \u00e9 que che veu \u00e1 afecci\u00f3n pola poes\u00eda?<\/strong><\/p>\n\n\n\n<blockquote class=\"wp-block-quote is-layout-flow wp-block-quote-is-layout-flow\"><p>Xa desde moi neno tiven inquedanzas e interese por todo o relacionado coas letras. D\u00e1baseme ben escribir e ti\u00f1a un amigo que me comezou a chamar Shakespeare , pero claro eu galeguiceino a Xespi porque parec\u00edame un pouco ousado que se me co\u00f1ecera co nome dun dos mellores escritores da historia da literatura<\/p><\/blockquote>\n\n\n\n<p><strong>ha ha ha&#8230;e quedouche ent\u00f3n ese alcume desde os tempos da escola?<\/strong><\/p>\n\n\n\n<blockquote class=\"wp-block-quote is-layout-flow wp-block-quote-is-layout-flow\"><p>Si, t\u00e9\u00f1oo desde neno<\/p><\/blockquote>\n\n\n\n<p><strong>Que tipo de poes\u00eda che gusta m\u00e1is?<\/strong><\/p>\n\n\n\n<blockquote class=\"wp-block-quote is-layout-flow wp-block-quote-is-layout-flow\"><p>A que me transmita, a que me faga sentir e pensar. A poes\u00eda reivindicativa vinculada coa terra e coa realidade social.<\/p><\/blockquote>\n","protected":false},"excerpt":{"rendered":"<div class=\"mh-excerpt\"><p>O ENTREVERBAS \u00e9 un marabilloso encontro cultural centrado no universo da poes\u00eda, que cada ano desde o 2015, coa excepci\u00f3n dun dos dous anos da pandemia, cel\u00e9brase na parroquia de Cabreira no concello de Salvaterra. N\u00f3s falamos co seu alma mater, o amigo Xespi, co que unha vez m\u00e1is foi un pracer conversar <a class=\"mh-excerpt-more\" href=\"https:\/\/www.anovapeneira.gal\/index.php\/2022\/12\/21\/o-entreverbas-alumea-a-parroquia-de-cabreira-de-poesia\/\" title=\"O ENTREVERBAS alumea a parroquia de Cabreira de Poes\u00eda\">[&#8230;]<\/a><\/p>\n<\/div>","protected":false},"author":3,"featured_media":8795,"comment_status":"open","ping_status":"open","sticky":false,"template":"","format":"standard","meta":{"_exactmetrics_skip_tracking":false,"_exactmetrics_sitenote_active":false,"_exactmetrics_sitenote_note":"","_exactmetrics_sitenote_category":0,"footnotes":""},"categories":[267],"tags":[186],"class_list":{"0":"post-8793","1":"post","2":"type-post","3":"status-publish","4":"format-standard","5":"has-post-thumbnail","7":"category-condado-entrevistas","8":"tag-concello-de-salvaterra-do-mino"},"yoast_head":"<!-- This site is optimized with the Yoast SEO plugin v27.4 - https:\/\/yoast.com\/product\/yoast-seo-wordpress\/ -->\n<title>O ENTREVERBAS alumea a parroquia de Cabreira de Poes\u00eda -<\/title>\n<meta name=\"description\" content=\"O ENTREVERBAS \u00e9 un marabilloso encontro cultural centrado no universo da poes\u00eda, que cada ano desde o 2015, coa excepci\u00f3n dun dos dous anos da pandemia, cel\u00e9brase na parroquia de Cabreira no concello de Salvaterra.\" \/>\n<meta name=\"robots\" content=\"index, follow, max-snippet:-1, max-image-preview:large, max-video-preview:-1\" \/>\n<link rel=\"canonical\" href=\"https:\/\/www.anovapeneira.gal\/index.php\/2022\/12\/21\/o-entreverbas-alumea-a-parroquia-de-cabreira-de-poesia\/\" \/>\n<meta property=\"og:locale\" content=\"gl_ES\" \/>\n<meta property=\"og:type\" content=\"article\" \/>\n<meta property=\"og:title\" content=\"O ENTREVERBAS alumea a parroquia de Cabreira de Poes\u00eda -\" \/>\n<meta property=\"og:description\" content=\"O ENTREVERBAS \u00e9 un marabilloso encontro cultural centrado no universo da poes\u00eda, que cada ano desde o 2015, coa excepci\u00f3n dun dos dous anos da pandemia, cel\u00e9brase na parroquia de Cabreira no concello de Salvaterra.\" \/>\n<meta property=\"og:url\" content=\"https:\/\/www.anovapeneira.gal\/index.php\/2022\/12\/21\/o-entreverbas-alumea-a-parroquia-de-cabreira-de-poesia\/\" \/>\n<meta property=\"article:publisher\" content=\"https:\/\/www.facebook.com\/anovapeneira\" \/>\n<meta property=\"article:published_time\" content=\"2022-12-21T11:00:33+00:00\" \/>\n<meta property=\"og:image\" content=\"https:\/\/www.anovapeneira.gal\/wp-content\/uploads\/2022\/12\/entreverbas.jpg\" \/>\n\t<meta property=\"og:image:width\" content=\"1500\" \/>\n\t<meta property=\"og:image:height\" content=\"790\" \/>\n\t<meta property=\"og:image:type\" content=\"image\/jpeg\" \/>\n<meta name=\"author\" content=\"Redacci\u00f3n A Nova Peneira\" \/>\n<meta name=\"twitter:card\" content=\"summary_large_image\" \/>\n<meta name=\"twitter:creator\" content=\"@APeneira\" \/>\n<meta name=\"twitter:site\" content=\"@APeneira\" \/>\n<meta name=\"twitter:label1\" content=\"Escrito por\" \/>\n\t<meta name=\"twitter:data1\" content=\"Redacci\u00f3n A Nova Peneira\" \/>\n\t<meta name=\"twitter:label2\" content=\"Tempo de lectura\" \/>\n\t<meta name=\"twitter:data2\" content=\"4 minutos\" \/>\n<script type=\"application\/ld+json\" class=\"yoast-schema-graph\">{\"@context\":\"https:\\\/\\\/schema.org\",\"@graph\":[{\"@type\":\"Article\",\"@id\":\"https:\\\/\\\/www.anovapeneira.gal\\\/index.php\\\/2022\\\/12\\\/21\\\/o-entreverbas-alumea-a-parroquia-de-cabreira-de-poesia\\\/#article\",\"isPartOf\":{\"@id\":\"https:\\\/\\\/www.anovapeneira.gal\\\/index.php\\\/2022\\\/12\\\/21\\\/o-entreverbas-alumea-a-parroquia-de-cabreira-de-poesia\\\/\"},\"author\":{\"name\":\"Redacci\u00f3n A Nova Peneira\",\"@id\":\"https:\\\/\\\/www.anovapeneira.gal\\\/#\\\/schema\\\/person\\\/b93e3f8932e3f8da96334607eb6ac6aa\"},\"headline\":\"O ENTREVERBAS alumea a parroquia de Cabreira de Poes\u00eda\",\"datePublished\":\"2022-12-21T11:00:33+00:00\",\"mainEntityOfPage\":{\"@id\":\"https:\\\/\\\/www.anovapeneira.gal\\\/index.php\\\/2022\\\/12\\\/21\\\/o-entreverbas-alumea-a-parroquia-de-cabreira-de-poesia\\\/\"},\"wordCount\":771,\"commentCount\":0,\"publisher\":{\"@id\":\"https:\\\/\\\/www.anovapeneira.gal\\\/#organization\"},\"image\":{\"@id\":\"https:\\\/\\\/www.anovapeneira.gal\\\/index.php\\\/2022\\\/12\\\/21\\\/o-entreverbas-alumea-a-parroquia-de-cabreira-de-poesia\\\/#primaryimage\"},\"thumbnailUrl\":\"https:\\\/\\\/www.anovapeneira.gal\\\/wp-content\\\/uploads\\\/2022\\\/12\\\/entreverbas.jpg\",\"keywords\":[\"Concello de Salvaterra do Mi\u00f1o\"],\"articleSection\":[\"Condado\"],\"inLanguage\":\"gl-ES\",\"potentialAction\":[{\"@type\":\"CommentAction\",\"name\":\"Comment\",\"target\":[\"https:\\\/\\\/www.anovapeneira.gal\\\/index.php\\\/2022\\\/12\\\/21\\\/o-entreverbas-alumea-a-parroquia-de-cabreira-de-poesia\\\/#respond\"]}]},{\"@type\":\"WebPage\",\"@id\":\"https:\\\/\\\/www.anovapeneira.gal\\\/index.php\\\/2022\\\/12\\\/21\\\/o-entreverbas-alumea-a-parroquia-de-cabreira-de-poesia\\\/\",\"url\":\"https:\\\/\\\/www.anovapeneira.gal\\\/index.php\\\/2022\\\/12\\\/21\\\/o-entreverbas-alumea-a-parroquia-de-cabreira-de-poesia\\\/\",\"name\":\"O ENTREVERBAS alumea a parroquia de Cabreira de Poes\u00eda -\",\"isPartOf\":{\"@id\":\"https:\\\/\\\/www.anovapeneira.gal\\\/#website\"},\"primaryImageOfPage\":{\"@id\":\"https:\\\/\\\/www.anovapeneira.gal\\\/index.php\\\/2022\\\/12\\\/21\\\/o-entreverbas-alumea-a-parroquia-de-cabreira-de-poesia\\\/#primaryimage\"},\"image\":{\"@id\":\"https:\\\/\\\/www.anovapeneira.gal\\\/index.php\\\/2022\\\/12\\\/21\\\/o-entreverbas-alumea-a-parroquia-de-cabreira-de-poesia\\\/#primaryimage\"},\"thumbnailUrl\":\"https:\\\/\\\/www.anovapeneira.gal\\\/wp-content\\\/uploads\\\/2022\\\/12\\\/entreverbas.jpg\",\"datePublished\":\"2022-12-21T11:00:33+00:00\",\"description\":\"O ENTREVERBAS \u00e9 un marabilloso encontro cultural centrado no universo da poes\u00eda, que cada ano desde o 2015, coa excepci\u00f3n dun dos dous anos da pandemia, cel\u00e9brase na parroquia de Cabreira no concello de Salvaterra.\",\"breadcrumb\":{\"@id\":\"https:\\\/\\\/www.anovapeneira.gal\\\/index.php\\\/2022\\\/12\\\/21\\\/o-entreverbas-alumea-a-parroquia-de-cabreira-de-poesia\\\/#breadcrumb\"},\"inLanguage\":\"gl-ES\",\"potentialAction\":[{\"@type\":\"ReadAction\",\"target\":[\"https:\\\/\\\/www.anovapeneira.gal\\\/index.php\\\/2022\\\/12\\\/21\\\/o-entreverbas-alumea-a-parroquia-de-cabreira-de-poesia\\\/\"]}]},{\"@type\":\"ImageObject\",\"inLanguage\":\"gl-ES\",\"@id\":\"https:\\\/\\\/www.anovapeneira.gal\\\/index.php\\\/2022\\\/12\\\/21\\\/o-entreverbas-alumea-a-parroquia-de-cabreira-de-poesia\\\/#primaryimage\",\"url\":\"https:\\\/\\\/www.anovapeneira.gal\\\/wp-content\\\/uploads\\\/2022\\\/12\\\/entreverbas.jpg\",\"contentUrl\":\"https:\\\/\\\/www.anovapeneira.gal\\\/wp-content\\\/uploads\\\/2022\\\/12\\\/entreverbas.jpg\",\"width\":1500,\"height\":790,\"caption\":\"O ENTREVERBAS alumea a parroquia de Cabreira de Poes\u00eda\"},{\"@type\":\"BreadcrumbList\",\"@id\":\"https:\\\/\\\/www.anovapeneira.gal\\\/index.php\\\/2022\\\/12\\\/21\\\/o-entreverbas-alumea-a-parroquia-de-cabreira-de-poesia\\\/#breadcrumb\",\"itemListElement\":[{\"@type\":\"ListItem\",\"position\":1,\"name\":\"Portada\",\"item\":\"https:\\\/\\\/www.anovapeneira.gal\\\/\"},{\"@type\":\"ListItem\",\"position\":2,\"name\":\"O ENTREVERBAS alumea a parroquia de Cabreira de Poes\u00eda\"}]},{\"@type\":\"WebSite\",\"@id\":\"https:\\\/\\\/www.anovapeneira.gal\\\/#website\",\"url\":\"https:\\\/\\\/www.anovapeneira.gal\\\/\",\"name\":\"\",\"description\":\"Xornal galego de informaci\u00f3n xeral Publicaci\u00f3n mensual de novas de Galicia e en especial dos Concellos da sur da provincia de Pontevedra.\",\"publisher\":{\"@id\":\"https:\\\/\\\/www.anovapeneira.gal\\\/#organization\"},\"potentialAction\":[{\"@type\":\"SearchAction\",\"target\":{\"@type\":\"EntryPoint\",\"urlTemplate\":\"https:\\\/\\\/www.anovapeneira.gal\\\/?s={search_term_string}\"},\"query-input\":{\"@type\":\"PropertyValueSpecification\",\"valueRequired\":true,\"valueName\":\"search_term_string\"}}],\"inLanguage\":\"gl-ES\"},{\"@type\":\"Organization\",\"@id\":\"https:\\\/\\\/www.anovapeneira.gal\\\/#organization\",\"name\":\"A Nova Peneira\",\"url\":\"https:\\\/\\\/www.anovapeneira.gal\\\/\",\"logo\":{\"@type\":\"ImageObject\",\"inLanguage\":\"gl-ES\",\"@id\":\"https:\\\/\\\/www.anovapeneira.gal\\\/#\\\/schema\\\/logo\\\/image\\\/\",\"url\":\"http:\\\/\\\/www.anovapeneira.gal\\\/wp-content\\\/uploads\\\/2019\\\/06\\\/logo_a_nova_peneira_portal_web.png\",\"contentUrl\":\"http:\\\/\\\/www.anovapeneira.gal\\\/wp-content\\\/uploads\\\/2019\\\/06\\\/logo_a_nova_peneira_portal_web.png\",\"width\":300,\"height\":100,\"caption\":\"A Nova Peneira\"},\"image\":{\"@id\":\"https:\\\/\\\/www.anovapeneira.gal\\\/#\\\/schema\\\/logo\\\/image\\\/\"},\"sameAs\":[\"https:\\\/\\\/www.facebook.com\\\/anovapeneira\",\"https:\\\/\\\/x.com\\\/APeneira\"]},{\"@type\":\"Person\",\"@id\":\"https:\\\/\\\/www.anovapeneira.gal\\\/#\\\/schema\\\/person\\\/b93e3f8932e3f8da96334607eb6ac6aa\",\"name\":\"Redacci\u00f3n A Nova Peneira\",\"image\":{\"@type\":\"ImageObject\",\"inLanguage\":\"gl-ES\",\"@id\":\"https:\\\/\\\/secure.gravatar.com\\\/avatar\\\/c052a2551a06e23fac63626232eaa90abd78dbcf1700fc46a2b2c89fd27b735f?s=96&d=mm&r=g\",\"url\":\"https:\\\/\\\/secure.gravatar.com\\\/avatar\\\/c052a2551a06e23fac63626232eaa90abd78dbcf1700fc46a2b2c89fd27b735f?s=96&d=mm&r=g\",\"contentUrl\":\"https:\\\/\\\/secure.gravatar.com\\\/avatar\\\/c052a2551a06e23fac63626232eaa90abd78dbcf1700fc46a2b2c89fd27b735f?s=96&d=mm&r=g\",\"caption\":\"Redacci\u00f3n A Nova Peneira\"},\"sameAs\":[\"http:\\\/\\\/www.anovapeneira.gal\\\/\"],\"url\":\"https:\\\/\\\/www.anovapeneira.gal\\\/index.php\\\/author\\\/redactor\\\/\"}]}<\/script>\n<!-- \/ Yoast SEO plugin. -->","yoast_head_json":{"title":"O ENTREVERBAS alumea a parroquia de Cabreira de Poes\u00eda -","description":"O ENTREVERBAS \u00e9 un marabilloso encontro cultural centrado no universo da poes\u00eda, que cada ano desde o 2015, coa excepci\u00f3n dun dos dous anos da pandemia, cel\u00e9brase na parroquia de Cabreira no concello de Salvaterra.","robots":{"index":"index","follow":"follow","max-snippet":"max-snippet:-1","max-image-preview":"max-image-preview:large","max-video-preview":"max-video-preview:-1"},"canonical":"https:\/\/www.anovapeneira.gal\/index.php\/2022\/12\/21\/o-entreverbas-alumea-a-parroquia-de-cabreira-de-poesia\/","og_locale":"gl_ES","og_type":"article","og_title":"O ENTREVERBAS alumea a parroquia de Cabreira de Poes\u00eda -","og_description":"O ENTREVERBAS \u00e9 un marabilloso encontro cultural centrado no universo da poes\u00eda, que cada ano desde o 2015, coa excepci\u00f3n dun dos dous anos da pandemia, cel\u00e9brase na parroquia de Cabreira no concello de Salvaterra.","og_url":"https:\/\/www.anovapeneira.gal\/index.php\/2022\/12\/21\/o-entreverbas-alumea-a-parroquia-de-cabreira-de-poesia\/","article_publisher":"https:\/\/www.facebook.com\/anovapeneira","article_published_time":"2022-12-21T11:00:33+00:00","og_image":[{"width":1500,"height":790,"url":"https:\/\/www.anovapeneira.gal\/wp-content\/uploads\/2022\/12\/entreverbas.jpg","type":"image\/jpeg"}],"author":"Redacci\u00f3n A Nova Peneira","twitter_card":"summary_large_image","twitter_creator":"@APeneira","twitter_site":"@APeneira","twitter_misc":{"Escrito por":"Redacci\u00f3n A Nova Peneira","Tempo de lectura":"4 minutos"},"schema":{"@context":"https:\/\/schema.org","@graph":[{"@type":"Article","@id":"https:\/\/www.anovapeneira.gal\/index.php\/2022\/12\/21\/o-entreverbas-alumea-a-parroquia-de-cabreira-de-poesia\/#article","isPartOf":{"@id":"https:\/\/www.anovapeneira.gal\/index.php\/2022\/12\/21\/o-entreverbas-alumea-a-parroquia-de-cabreira-de-poesia\/"},"author":{"name":"Redacci\u00f3n A Nova Peneira","@id":"https:\/\/www.anovapeneira.gal\/#\/schema\/person\/b93e3f8932e3f8da96334607eb6ac6aa"},"headline":"O ENTREVERBAS alumea a parroquia de Cabreira de Poes\u00eda","datePublished":"2022-12-21T11:00:33+00:00","mainEntityOfPage":{"@id":"https:\/\/www.anovapeneira.gal\/index.php\/2022\/12\/21\/o-entreverbas-alumea-a-parroquia-de-cabreira-de-poesia\/"},"wordCount":771,"commentCount":0,"publisher":{"@id":"https:\/\/www.anovapeneira.gal\/#organization"},"image":{"@id":"https:\/\/www.anovapeneira.gal\/index.php\/2022\/12\/21\/o-entreverbas-alumea-a-parroquia-de-cabreira-de-poesia\/#primaryimage"},"thumbnailUrl":"https:\/\/www.anovapeneira.gal\/wp-content\/uploads\/2022\/12\/entreverbas.jpg","keywords":["Concello de Salvaterra do Mi\u00f1o"],"articleSection":["Condado"],"inLanguage":"gl-ES","potentialAction":[{"@type":"CommentAction","name":"Comment","target":["https:\/\/www.anovapeneira.gal\/index.php\/2022\/12\/21\/o-entreverbas-alumea-a-parroquia-de-cabreira-de-poesia\/#respond"]}]},{"@type":"WebPage","@id":"https:\/\/www.anovapeneira.gal\/index.php\/2022\/12\/21\/o-entreverbas-alumea-a-parroquia-de-cabreira-de-poesia\/","url":"https:\/\/www.anovapeneira.gal\/index.php\/2022\/12\/21\/o-entreverbas-alumea-a-parroquia-de-cabreira-de-poesia\/","name":"O ENTREVERBAS alumea a parroquia de Cabreira de Poes\u00eda -","isPartOf":{"@id":"https:\/\/www.anovapeneira.gal\/#website"},"primaryImageOfPage":{"@id":"https:\/\/www.anovapeneira.gal\/index.php\/2022\/12\/21\/o-entreverbas-alumea-a-parroquia-de-cabreira-de-poesia\/#primaryimage"},"image":{"@id":"https:\/\/www.anovapeneira.gal\/index.php\/2022\/12\/21\/o-entreverbas-alumea-a-parroquia-de-cabreira-de-poesia\/#primaryimage"},"thumbnailUrl":"https:\/\/www.anovapeneira.gal\/wp-content\/uploads\/2022\/12\/entreverbas.jpg","datePublished":"2022-12-21T11:00:33+00:00","description":"O ENTREVERBAS \u00e9 un marabilloso encontro cultural centrado no universo da poes\u00eda, que cada ano desde o 2015, coa excepci\u00f3n dun dos dous anos da pandemia, cel\u00e9brase na parroquia de Cabreira no concello de Salvaterra.","breadcrumb":{"@id":"https:\/\/www.anovapeneira.gal\/index.php\/2022\/12\/21\/o-entreverbas-alumea-a-parroquia-de-cabreira-de-poesia\/#breadcrumb"},"inLanguage":"gl-ES","potentialAction":[{"@type":"ReadAction","target":["https:\/\/www.anovapeneira.gal\/index.php\/2022\/12\/21\/o-entreverbas-alumea-a-parroquia-de-cabreira-de-poesia\/"]}]},{"@type":"ImageObject","inLanguage":"gl-ES","@id":"https:\/\/www.anovapeneira.gal\/index.php\/2022\/12\/21\/o-entreverbas-alumea-a-parroquia-de-cabreira-de-poesia\/#primaryimage","url":"https:\/\/www.anovapeneira.gal\/wp-content\/uploads\/2022\/12\/entreverbas.jpg","contentUrl":"https:\/\/www.anovapeneira.gal\/wp-content\/uploads\/2022\/12\/entreverbas.jpg","width":1500,"height":790,"caption":"O ENTREVERBAS alumea a parroquia de Cabreira de Poes\u00eda"},{"@type":"BreadcrumbList","@id":"https:\/\/www.anovapeneira.gal\/index.php\/2022\/12\/21\/o-entreverbas-alumea-a-parroquia-de-cabreira-de-poesia\/#breadcrumb","itemListElement":[{"@type":"ListItem","position":1,"name":"Portada","item":"https:\/\/www.anovapeneira.gal\/"},{"@type":"ListItem","position":2,"name":"O ENTREVERBAS alumea a parroquia de Cabreira de Poes\u00eda"}]},{"@type":"WebSite","@id":"https:\/\/www.anovapeneira.gal\/#website","url":"https:\/\/www.anovapeneira.gal\/","name":"","description":"Xornal galego de informaci\u00f3n xeral Publicaci\u00f3n mensual de novas de Galicia e en especial dos Concellos da sur da provincia de Pontevedra.","publisher":{"@id":"https:\/\/www.anovapeneira.gal\/#organization"},"potentialAction":[{"@type":"SearchAction","target":{"@type":"EntryPoint","urlTemplate":"https:\/\/www.anovapeneira.gal\/?s={search_term_string}"},"query-input":{"@type":"PropertyValueSpecification","valueRequired":true,"valueName":"search_term_string"}}],"inLanguage":"gl-ES"},{"@type":"Organization","@id":"https:\/\/www.anovapeneira.gal\/#organization","name":"A Nova Peneira","url":"https:\/\/www.anovapeneira.gal\/","logo":{"@type":"ImageObject","inLanguage":"gl-ES","@id":"https:\/\/www.anovapeneira.gal\/#\/schema\/logo\/image\/","url":"http:\/\/www.anovapeneira.gal\/wp-content\/uploads\/2019\/06\/logo_a_nova_peneira_portal_web.png","contentUrl":"http:\/\/www.anovapeneira.gal\/wp-content\/uploads\/2019\/06\/logo_a_nova_peneira_portal_web.png","width":300,"height":100,"caption":"A Nova Peneira"},"image":{"@id":"https:\/\/www.anovapeneira.gal\/#\/schema\/logo\/image\/"},"sameAs":["https:\/\/www.facebook.com\/anovapeneira","https:\/\/x.com\/APeneira"]},{"@type":"Person","@id":"https:\/\/www.anovapeneira.gal\/#\/schema\/person\/b93e3f8932e3f8da96334607eb6ac6aa","name":"Redacci\u00f3n A Nova Peneira","image":{"@type":"ImageObject","inLanguage":"gl-ES","@id":"https:\/\/secure.gravatar.com\/avatar\/c052a2551a06e23fac63626232eaa90abd78dbcf1700fc46a2b2c89fd27b735f?s=96&d=mm&r=g","url":"https:\/\/secure.gravatar.com\/avatar\/c052a2551a06e23fac63626232eaa90abd78dbcf1700fc46a2b2c89fd27b735f?s=96&d=mm&r=g","contentUrl":"https:\/\/secure.gravatar.com\/avatar\/c052a2551a06e23fac63626232eaa90abd78dbcf1700fc46a2b2c89fd27b735f?s=96&d=mm&r=g","caption":"Redacci\u00f3n A Nova Peneira"},"sameAs":["http:\/\/www.anovapeneira.gal\/"],"url":"https:\/\/www.anovapeneira.gal\/index.php\/author\/redactor\/"}]}},"jetpack_featured_media_url":"https:\/\/www.anovapeneira.gal\/wp-content\/uploads\/2022\/12\/entreverbas.jpg","_links":{"self":[{"href":"https:\/\/www.anovapeneira.gal\/index.php\/wp-json\/wp\/v2\/posts\/8793","targetHints":{"allow":["GET"]}}],"collection":[{"href":"https:\/\/www.anovapeneira.gal\/index.php\/wp-json\/wp\/v2\/posts"}],"about":[{"href":"https:\/\/www.anovapeneira.gal\/index.php\/wp-json\/wp\/v2\/types\/post"}],"author":[{"embeddable":true,"href":"https:\/\/www.anovapeneira.gal\/index.php\/wp-json\/wp\/v2\/users\/3"}],"replies":[{"embeddable":true,"href":"https:\/\/www.anovapeneira.gal\/index.php\/wp-json\/wp\/v2\/comments?post=8793"}],"version-history":[{"count":1,"href":"https:\/\/www.anovapeneira.gal\/index.php\/wp-json\/wp\/v2\/posts\/8793\/revisions"}],"predecessor-version":[{"id":8794,"href":"https:\/\/www.anovapeneira.gal\/index.php\/wp-json\/wp\/v2\/posts\/8793\/revisions\/8794"}],"wp:featuredmedia":[{"embeddable":true,"href":"https:\/\/www.anovapeneira.gal\/index.php\/wp-json\/wp\/v2\/media\/8795"}],"wp:attachment":[{"href":"https:\/\/www.anovapeneira.gal\/index.php\/wp-json\/wp\/v2\/media?parent=8793"}],"wp:term":[{"taxonomy":"category","embeddable":true,"href":"https:\/\/www.anovapeneira.gal\/index.php\/wp-json\/wp\/v2\/categories?post=8793"},{"taxonomy":"post_tag","embeddable":true,"href":"https:\/\/www.anovapeneira.gal\/index.php\/wp-json\/wp\/v2\/tags?post=8793"}],"curies":[{"name":"wp","href":"https:\/\/api.w.org\/{rel}","templated":true}]}}