{"id":88,"date":"2019-05-02T20:22:44","date_gmt":"2019-05-02T18:22:44","guid":{"rendered":"http:\/\/www.anovapeneira.gal\/?p=88"},"modified":"2019-07-22T10:41:23","modified_gmt":"2019-07-22T08:41:23","slug":"ix-edicion-da-feira-da-tapa-de-cangas","status":"publish","type":"post","link":"https:\/\/www.anovapeneira.gal\/index.php\/2019\/05\/02\/ix-edicion-da-feira-da-tapa-de-cangas\/","title":{"rendered":"IX edici\u00f3n da Feira da tapa de Cangas"},"content":{"rendered":"\n<h5 class=\"wp-block-heading\">En breve, a Vila de Cangas vivir\u00e1 a IX edici\u00f3n da Feira da tapa. Este evento, plenamente consolidado \u00e9 xa un dos imprescindibles do ver\u00e1n do Morrazo e sup\u00f3n unha inmellorable ocasi\u00f3n para perderse polas m\u00e1xicas r\u00faas, cami\u00f1os e corredoiras da vila Canguesa. A nova Peneira conversou con Gustavo,o presidente de ARECA(Asociaci\u00f3n de restauradores de Cangas)que xunto co Concello son os responsables da existencia desta feira.<\/h5>\n\n\n\n<pre class=\"wp-block-verse\"><strong>Gustavo Soli\u00f1o<\/strong> <i>Presidente de ARECA<\/i><\/pre>\n\n\n\n<p><strong>Pronto\nteremos unha nova edici\u00f3n da feira da tapa?<\/strong><\/p>\n\n\n\n<blockquote class=\"wp-block-quote is-layout-flow wp-block-quote-is-layout-flow\"><p>Si do 20 ao 30 de xu\u00f1o.<\/p><\/blockquote>\n\n\n\n<p><strong>Como se\npresenta esta edici\u00f3n?<\/strong><\/p>\n\n\n\n<blockquote class=\"wp-block-quote is-layout-flow wp-block-quote-is-layout-flow\"><p>Eu creo que ben ,como todos os anos este xa \u00e9 un evento consolidado no ver\u00e1n do noso pobo e as perspectivas son moi positivas.<\/p><\/blockquote>\n\n\n\n<p><strong>Non sempre\na organizou ARECA verdade?<\/strong><\/p>\n\n\n\n<blockquote class=\"wp-block-quote is-layout-flow wp-block-quote-is-layout-flow\"><p>Non, inicialmente foi unha empresa privada e a partir do V ano comezamos n\u00f3s.<\/p><\/blockquote>\n\n\n\n<p><strong>V\u00f3s que a\norganizades en colaboraci\u00f3n co concello ?<\/strong><\/p>\n\n\n\n<blockquote class=\"wp-block-quote is-layout-flow wp-block-quote-is-layout-flow\"><p>Si, realmente o evento pertence o Concello e n\u00f3s somos colaboradores na organizaci\u00f3n.<\/p><\/blockquote>\n\n\n\n<p><strong>Ben,\nc\u00f3ntanos en que consiste esta feira?<\/strong><\/p>\n\n\n\n<blockquote class=\"wp-block-quote is-layout-flow wp-block-quote-is-layout-flow\"><p>A Feira da tapa desenr\u00f3lase entre o 20 e o 30 de xu\u00f1o, os locais participantes poden elaborar d\u00faas especialidades, dependendo da tipolox\u00eda do local; ou ben unha tapa ou ben unha elaboraci\u00f3n especial. Os restaurantes ou taper\u00edas c\u00e9ntranse nas tapas, mentres que as xeader\u00edas, cocteler\u00edas ou locais semellantes c\u00e9ntranse na elaboraci\u00f3n especial. A tapa c\u00f3brase a 2\u20ac e a elaboraci\u00f3n especial a 3.Hai locais que participan nas d\u00faas modalidades do concurso.<\/p><\/blockquote>\n\n\n\n<p><strong>E despois,\nos clientes votan as s\u00faas preferidas?<\/strong><\/p>\n\n\n\n<blockquote class=\"wp-block-quote is-layout-flow wp-block-quote-is-layout-flow\"><p>De feito hai dous tipos de votaci\u00f3ns, o concurso que deciden un xurado de profesionais e o concurso cuxo resultado deriva da votaci\u00f3n popular das mellores tapas dos clientes que as proben. De cada 3 tapas que proben votan a mellor desas 3.<\/p><\/blockquote>\n\n\n\n<p><strong>Para os\nvotantes afortunados cales son os premios?<\/strong><\/p>\n\n\n\n<blockquote class=\"wp-block-quote is-layout-flow wp-block-quote-is-layout-flow\"><p>Distintos lotes gastron\u00f3micos de gran calidade e tam\u00e9n unha fin de semana nunha casa rural.<\/p><\/blockquote>\n\n\n\n<p><strong>Quen son\nos xu\u00edces que toman a decisi\u00f3n sobre as tapas ga\u00f1adoras?<\/strong><\/p>\n\n\n\n<blockquote class=\"wp-block-quote is-layout-flow wp-block-quote-is-layout-flow\"><p>Soen ser coci\u00f1eiros de prestixio na provincia, o ano pasado estivo por exemplo Rub\u00e9n Gonz\u00e1lez do cafet\u00edn, ou Miguel Outeiral do NH de Vigo. Tam\u00e9n soen vir profesores da escola de hostaler\u00eda ou bloggers gastron\u00f3micos.<\/p><\/blockquote>\n\n\n\n<p><strong>O ano\npasado, o teu local, o PAN DE MILLO de Coiro, foi un dos ga\u00f1adores\nnon?<\/strong><\/p>\n\n\n\n<blockquote class=\"wp-block-quote is-layout-flow wp-block-quote-is-layout-flow\"><p>Pois si.  <\/p><\/blockquote>\n\n\n\n<p><strong>Non\nhaber\u00eda un pouco de trato de favor ao presidente de ARECA?<\/strong><\/p>\n\n\n\n<blockquote class=\"wp-block-quote is-layout-flow wp-block-quote-is-layout-flow\"><p>Ha ha ha ha non claro que non, sabes que isto \u00e9 todo transparente facendo p\u00fablicas todas as puntuaci\u00f3ns.<\/p><\/blockquote>\n\n\n\n<p><strong>Xa home, \u00e9\nunha broma eu xa sei que no Pan de Millo sodes uns magn\u00edficos\nprofesionais e c\u00f3mese xenial, supo\u00f1o que a vitoria far\u00edache sentir\nmoi orgulloso?<\/strong><\/p>\n\n\n\n<blockquote class=\"wp-block-quote is-layout-flow wp-block-quote-is-layout-flow\"><p>Si claro, desde logo que si, de feito non \u00e9 a primeira vez que ga\u00f1amos, xa o fixemos varias veces.<\/p><\/blockquote>\n\n\n\n<p><strong>Que\ncantidade de locais prevedes que participen este ano?<\/strong><\/p>\n\n\n\n<blockquote class=\"wp-block-quote is-layout-flow wp-block-quote-is-layout-flow\"><p>Calculo que arredor de 40, m\u00e1is ou menos como todos os anos.<\/p><\/blockquote>\n\n\n\n<p><strong>Rematamos\nGustavo cunha \u00faltima cuesti\u00f3n, como se porta con v\u00f3s o concello?<\/strong><\/p>\n\n\n\n<blockquote class=\"wp-block-quote is-layout-flow wp-block-quote-is-layout-flow\"><p>Ben, sempre poder\u00edan portarse mellor, pero en li\u00f1as xerais te\u00f1en un trato correcto con n\u00f3s, especialmente no tema lox\u00edstico ao facilitarmos espazos e medios.<\/p><\/blockquote>\n","protected":false},"excerpt":{"rendered":"<div class=\"mh-excerpt\"><p>En breve, a Vila de Cangas vivir\u00e1 a IX edici\u00f3n da Feira da tapa. Este evento, plenamente consolidado \u00e9 xa un dos imprescindibles do ver\u00e1n do Morrazo e sup\u00f3n unha inmellorable ocasi\u00f3n para perderse polas m\u00e1xicas r\u00faas, cami\u00f1os e corredoiras da vila Canguesa. <a class=\"mh-excerpt-more\" href=\"https:\/\/www.anovapeneira.gal\/index.php\/2019\/05\/02\/ix-edicion-da-feira-da-tapa-de-cangas\/\" title=\"IX edici\u00f3n da Feira da tapa de Cangas\">[&#8230;]<\/a><\/p>\n<\/div>","protected":false},"author":3,"featured_media":89,"comment_status":"open","ping_status":"open","sticky":false,"template":"","format":"standard","meta":{"_exactmetrics_skip_tracking":false,"_exactmetrics_sitenote_active":false,"_exactmetrics_sitenote_note":"","_exactmetrics_sitenote_category":0,"footnotes":""},"categories":[22],"tags":[52,27,29,51,28],"class_list":{"0":"post-88","1":"post","2":"type-post","3":"status-publish","4":"format-standard","5":"has-post-thumbnail","7":"category-morrazo","8":"tag-areca","9":"tag-cangas","10":"tag-gastronomia","11":"tag-gustavo-solino","12":"tag-turismo"},"yoast_head":"<!-- This site is optimized with the Yoast SEO plugin v27.4 - https:\/\/yoast.com\/product\/yoast-seo-wordpress\/ -->\n<title>IX edici\u00f3n da Feira da tapa de Cangas -<\/title>\n<meta name=\"robots\" content=\"index, follow, max-snippet:-1, max-image-preview:large, max-video-preview:-1\" \/>\n<link rel=\"canonical\" href=\"https:\/\/www.anovapeneira.gal\/index.php\/2019\/05\/02\/ix-edicion-da-feira-da-tapa-de-cangas\/\" \/>\n<meta property=\"og:locale\" content=\"gl_ES\" \/>\n<meta property=\"og:type\" content=\"article\" \/>\n<meta property=\"og:title\" content=\"IX edici\u00f3n da Feira da tapa de Cangas -\" \/>\n<meta property=\"og:description\" content=\"En breve, a Vila de Cangas vivir\u00e1 a IX edici\u00f3n da Feira da tapa. Este evento, plenamente consolidado \u00e9 xa un dos imprescindibles do ver\u00e1n do Morrazo e sup\u00f3n unha inmellorable ocasi\u00f3n para perderse polas m\u00e1xicas r\u00faas, cami\u00f1os e corredoiras da vila Canguesa. [...]\" \/>\n<meta property=\"og:url\" content=\"https:\/\/www.anovapeneira.gal\/index.php\/2019\/05\/02\/ix-edicion-da-feira-da-tapa-de-cangas\/\" \/>\n<meta property=\"article:publisher\" content=\"https:\/\/www.facebook.com\/anovapeneira\" \/>\n<meta property=\"article:published_time\" content=\"2019-05-02T18:22:44+00:00\" \/>\n<meta property=\"article:modified_time\" content=\"2019-07-22T08:41:23+00:00\" \/>\n<meta property=\"og:image\" content=\"https:\/\/www.anovapeneira.gal\/wp-content\/uploads\/2019\/06\/feira_da_Tapa_cangas.jpg\" \/>\n\t<meta property=\"og:image:width\" content=\"1296\" \/>\n\t<meta property=\"og:image:height\" content=\"972\" \/>\n\t<meta property=\"og:image:type\" content=\"image\/jpeg\" \/>\n<meta name=\"author\" content=\"Redacci\u00f3n A Nova Peneira\" \/>\n<meta name=\"twitter:card\" content=\"summary_large_image\" \/>\n<meta name=\"twitter:creator\" content=\"@APeneira\" \/>\n<meta name=\"twitter:site\" content=\"@APeneira\" \/>\n<meta name=\"twitter:label1\" content=\"Escrito por\" \/>\n\t<meta name=\"twitter:data1\" content=\"Redacci\u00f3n A Nova Peneira\" \/>\n\t<meta name=\"twitter:label2\" content=\"Tempo de lectura\" \/>\n\t<meta name=\"twitter:data2\" content=\"3 minutos\" \/>\n<script type=\"application\/ld+json\" class=\"yoast-schema-graph\">{\"@context\":\"https:\\\/\\\/schema.org\",\"@graph\":[{\"@type\":\"Article\",\"@id\":\"https:\\\/\\\/www.anovapeneira.gal\\\/index.php\\\/2019\\\/05\\\/02\\\/ix-edicion-da-feira-da-tapa-de-cangas\\\/#article\",\"isPartOf\":{\"@id\":\"https:\\\/\\\/www.anovapeneira.gal\\\/index.php\\\/2019\\\/05\\\/02\\\/ix-edicion-da-feira-da-tapa-de-cangas\\\/\"},\"author\":{\"name\":\"Redacci\u00f3n A Nova Peneira\",\"@id\":\"https:\\\/\\\/www.anovapeneira.gal\\\/#\\\/schema\\\/person\\\/b93e3f8932e3f8da96334607eb6ac6aa\"},\"headline\":\"IX edici\u00f3n da Feira da tapa de Cangas\",\"datePublished\":\"2019-05-02T18:22:44+00:00\",\"dateModified\":\"2019-07-22T08:41:23+00:00\",\"mainEntityOfPage\":{\"@id\":\"https:\\\/\\\/www.anovapeneira.gal\\\/index.php\\\/2019\\\/05\\\/02\\\/ix-edicion-da-feira-da-tapa-de-cangas\\\/\"},\"wordCount\":571,\"commentCount\":0,\"publisher\":{\"@id\":\"https:\\\/\\\/www.anovapeneira.gal\\\/#organization\"},\"image\":{\"@id\":\"https:\\\/\\\/www.anovapeneira.gal\\\/index.php\\\/2019\\\/05\\\/02\\\/ix-edicion-da-feira-da-tapa-de-cangas\\\/#primaryimage\"},\"thumbnailUrl\":\"https:\\\/\\\/www.anovapeneira.gal\\\/wp-content\\\/uploads\\\/2019\\\/06\\\/feira_da_Tapa_cangas.jpg\",\"keywords\":[\"ARECA\",\"Cangas\",\"gastronom\u00eda\",\"Gustavo Soli\u00f1o\",\"Turismo\"],\"articleSection\":[\"Morrazo\"],\"inLanguage\":\"gl-ES\",\"potentialAction\":[{\"@type\":\"CommentAction\",\"name\":\"Comment\",\"target\":[\"https:\\\/\\\/www.anovapeneira.gal\\\/index.php\\\/2019\\\/05\\\/02\\\/ix-edicion-da-feira-da-tapa-de-cangas\\\/#respond\"]}]},{\"@type\":\"WebPage\",\"@id\":\"https:\\\/\\\/www.anovapeneira.gal\\\/index.php\\\/2019\\\/05\\\/02\\\/ix-edicion-da-feira-da-tapa-de-cangas\\\/\",\"url\":\"https:\\\/\\\/www.anovapeneira.gal\\\/index.php\\\/2019\\\/05\\\/02\\\/ix-edicion-da-feira-da-tapa-de-cangas\\\/\",\"name\":\"IX edici\u00f3n da Feira da tapa de Cangas -\",\"isPartOf\":{\"@id\":\"https:\\\/\\\/www.anovapeneira.gal\\\/#website\"},\"primaryImageOfPage\":{\"@id\":\"https:\\\/\\\/www.anovapeneira.gal\\\/index.php\\\/2019\\\/05\\\/02\\\/ix-edicion-da-feira-da-tapa-de-cangas\\\/#primaryimage\"},\"image\":{\"@id\":\"https:\\\/\\\/www.anovapeneira.gal\\\/index.php\\\/2019\\\/05\\\/02\\\/ix-edicion-da-feira-da-tapa-de-cangas\\\/#primaryimage\"},\"thumbnailUrl\":\"https:\\\/\\\/www.anovapeneira.gal\\\/wp-content\\\/uploads\\\/2019\\\/06\\\/feira_da_Tapa_cangas.jpg\",\"datePublished\":\"2019-05-02T18:22:44+00:00\",\"dateModified\":\"2019-07-22T08:41:23+00:00\",\"breadcrumb\":{\"@id\":\"https:\\\/\\\/www.anovapeneira.gal\\\/index.php\\\/2019\\\/05\\\/02\\\/ix-edicion-da-feira-da-tapa-de-cangas\\\/#breadcrumb\"},\"inLanguage\":\"gl-ES\",\"potentialAction\":[{\"@type\":\"ReadAction\",\"target\":[\"https:\\\/\\\/www.anovapeneira.gal\\\/index.php\\\/2019\\\/05\\\/02\\\/ix-edicion-da-feira-da-tapa-de-cangas\\\/\"]}]},{\"@type\":\"ImageObject\",\"inLanguage\":\"gl-ES\",\"@id\":\"https:\\\/\\\/www.anovapeneira.gal\\\/index.php\\\/2019\\\/05\\\/02\\\/ix-edicion-da-feira-da-tapa-de-cangas\\\/#primaryimage\",\"url\":\"https:\\\/\\\/www.anovapeneira.gal\\\/wp-content\\\/uploads\\\/2019\\\/06\\\/feira_da_Tapa_cangas.jpg\",\"contentUrl\":\"https:\\\/\\\/www.anovapeneira.gal\\\/wp-content\\\/uploads\\\/2019\\\/06\\\/feira_da_Tapa_cangas.jpg\",\"width\":1296,\"height\":972,\"caption\":\"Feira da Tapa de Cangas do Morrazo. A Nova Peneira Cangas\"},{\"@type\":\"BreadcrumbList\",\"@id\":\"https:\\\/\\\/www.anovapeneira.gal\\\/index.php\\\/2019\\\/05\\\/02\\\/ix-edicion-da-feira-da-tapa-de-cangas\\\/#breadcrumb\",\"itemListElement\":[{\"@type\":\"ListItem\",\"position\":1,\"name\":\"Portada\",\"item\":\"https:\\\/\\\/www.anovapeneira.gal\\\/\"},{\"@type\":\"ListItem\",\"position\":2,\"name\":\"IX edici\u00f3n da Feira da tapa de Cangas\"}]},{\"@type\":\"WebSite\",\"@id\":\"https:\\\/\\\/www.anovapeneira.gal\\\/#website\",\"url\":\"https:\\\/\\\/www.anovapeneira.gal\\\/\",\"name\":\"\",\"description\":\"Xornal galego de informaci\u00f3n xeral Publicaci\u00f3n mensual de novas de Galicia e en especial dos Concellos da sur da provincia de Pontevedra.\",\"publisher\":{\"@id\":\"https:\\\/\\\/www.anovapeneira.gal\\\/#organization\"},\"potentialAction\":[{\"@type\":\"SearchAction\",\"target\":{\"@type\":\"EntryPoint\",\"urlTemplate\":\"https:\\\/\\\/www.anovapeneira.gal\\\/?s={search_term_string}\"},\"query-input\":{\"@type\":\"PropertyValueSpecification\",\"valueRequired\":true,\"valueName\":\"search_term_string\"}}],\"inLanguage\":\"gl-ES\"},{\"@type\":\"Organization\",\"@id\":\"https:\\\/\\\/www.anovapeneira.gal\\\/#organization\",\"name\":\"A Nova Peneira\",\"url\":\"https:\\\/\\\/www.anovapeneira.gal\\\/\",\"logo\":{\"@type\":\"ImageObject\",\"inLanguage\":\"gl-ES\",\"@id\":\"https:\\\/\\\/www.anovapeneira.gal\\\/#\\\/schema\\\/logo\\\/image\\\/\",\"url\":\"http:\\\/\\\/www.anovapeneira.gal\\\/wp-content\\\/uploads\\\/2019\\\/06\\\/logo_a_nova_peneira_portal_web.png\",\"contentUrl\":\"http:\\\/\\\/www.anovapeneira.gal\\\/wp-content\\\/uploads\\\/2019\\\/06\\\/logo_a_nova_peneira_portal_web.png\",\"width\":300,\"height\":100,\"caption\":\"A Nova Peneira\"},\"image\":{\"@id\":\"https:\\\/\\\/www.anovapeneira.gal\\\/#\\\/schema\\\/logo\\\/image\\\/\"},\"sameAs\":[\"https:\\\/\\\/www.facebook.com\\\/anovapeneira\",\"https:\\\/\\\/x.com\\\/APeneira\"]},{\"@type\":\"Person\",\"@id\":\"https:\\\/\\\/www.anovapeneira.gal\\\/#\\\/schema\\\/person\\\/b93e3f8932e3f8da96334607eb6ac6aa\",\"name\":\"Redacci\u00f3n A Nova Peneira\",\"image\":{\"@type\":\"ImageObject\",\"inLanguage\":\"gl-ES\",\"@id\":\"https:\\\/\\\/secure.gravatar.com\\\/avatar\\\/c052a2551a06e23fac63626232eaa90abd78dbcf1700fc46a2b2c89fd27b735f?s=96&d=mm&r=g\",\"url\":\"https:\\\/\\\/secure.gravatar.com\\\/avatar\\\/c052a2551a06e23fac63626232eaa90abd78dbcf1700fc46a2b2c89fd27b735f?s=96&d=mm&r=g\",\"contentUrl\":\"https:\\\/\\\/secure.gravatar.com\\\/avatar\\\/c052a2551a06e23fac63626232eaa90abd78dbcf1700fc46a2b2c89fd27b735f?s=96&d=mm&r=g\",\"caption\":\"Redacci\u00f3n A Nova Peneira\"},\"sameAs\":[\"http:\\\/\\\/www.anovapeneira.gal\\\/\"],\"url\":\"https:\\\/\\\/www.anovapeneira.gal\\\/index.php\\\/author\\\/redactor\\\/\"}]}<\/script>\n<!-- \/ Yoast SEO plugin. -->","yoast_head_json":{"title":"IX edici\u00f3n da Feira da tapa de Cangas -","robots":{"index":"index","follow":"follow","max-snippet":"max-snippet:-1","max-image-preview":"max-image-preview:large","max-video-preview":"max-video-preview:-1"},"canonical":"https:\/\/www.anovapeneira.gal\/index.php\/2019\/05\/02\/ix-edicion-da-feira-da-tapa-de-cangas\/","og_locale":"gl_ES","og_type":"article","og_title":"IX edici\u00f3n da Feira da tapa de Cangas -","og_description":"En breve, a Vila de Cangas vivir\u00e1 a IX edici\u00f3n da Feira da tapa. Este evento, plenamente consolidado \u00e9 xa un dos imprescindibles do ver\u00e1n do Morrazo e sup\u00f3n unha inmellorable ocasi\u00f3n para perderse polas m\u00e1xicas r\u00faas, cami\u00f1os e corredoiras da vila Canguesa. [...]","og_url":"https:\/\/www.anovapeneira.gal\/index.php\/2019\/05\/02\/ix-edicion-da-feira-da-tapa-de-cangas\/","article_publisher":"https:\/\/www.facebook.com\/anovapeneira","article_published_time":"2019-05-02T18:22:44+00:00","article_modified_time":"2019-07-22T08:41:23+00:00","og_image":[{"width":1296,"height":972,"url":"https:\/\/www.anovapeneira.gal\/wp-content\/uploads\/2019\/06\/feira_da_Tapa_cangas.jpg","type":"image\/jpeg"}],"author":"Redacci\u00f3n A Nova Peneira","twitter_card":"summary_large_image","twitter_creator":"@APeneira","twitter_site":"@APeneira","twitter_misc":{"Escrito por":"Redacci\u00f3n A Nova Peneira","Tempo de lectura":"3 minutos"},"schema":{"@context":"https:\/\/schema.org","@graph":[{"@type":"Article","@id":"https:\/\/www.anovapeneira.gal\/index.php\/2019\/05\/02\/ix-edicion-da-feira-da-tapa-de-cangas\/#article","isPartOf":{"@id":"https:\/\/www.anovapeneira.gal\/index.php\/2019\/05\/02\/ix-edicion-da-feira-da-tapa-de-cangas\/"},"author":{"name":"Redacci\u00f3n A Nova Peneira","@id":"https:\/\/www.anovapeneira.gal\/#\/schema\/person\/b93e3f8932e3f8da96334607eb6ac6aa"},"headline":"IX edici\u00f3n da Feira da tapa de Cangas","datePublished":"2019-05-02T18:22:44+00:00","dateModified":"2019-07-22T08:41:23+00:00","mainEntityOfPage":{"@id":"https:\/\/www.anovapeneira.gal\/index.php\/2019\/05\/02\/ix-edicion-da-feira-da-tapa-de-cangas\/"},"wordCount":571,"commentCount":0,"publisher":{"@id":"https:\/\/www.anovapeneira.gal\/#organization"},"image":{"@id":"https:\/\/www.anovapeneira.gal\/index.php\/2019\/05\/02\/ix-edicion-da-feira-da-tapa-de-cangas\/#primaryimage"},"thumbnailUrl":"https:\/\/www.anovapeneira.gal\/wp-content\/uploads\/2019\/06\/feira_da_Tapa_cangas.jpg","keywords":["ARECA","Cangas","gastronom\u00eda","Gustavo Soli\u00f1o","Turismo"],"articleSection":["Morrazo"],"inLanguage":"gl-ES","potentialAction":[{"@type":"CommentAction","name":"Comment","target":["https:\/\/www.anovapeneira.gal\/index.php\/2019\/05\/02\/ix-edicion-da-feira-da-tapa-de-cangas\/#respond"]}]},{"@type":"WebPage","@id":"https:\/\/www.anovapeneira.gal\/index.php\/2019\/05\/02\/ix-edicion-da-feira-da-tapa-de-cangas\/","url":"https:\/\/www.anovapeneira.gal\/index.php\/2019\/05\/02\/ix-edicion-da-feira-da-tapa-de-cangas\/","name":"IX edici\u00f3n da Feira da tapa de Cangas -","isPartOf":{"@id":"https:\/\/www.anovapeneira.gal\/#website"},"primaryImageOfPage":{"@id":"https:\/\/www.anovapeneira.gal\/index.php\/2019\/05\/02\/ix-edicion-da-feira-da-tapa-de-cangas\/#primaryimage"},"image":{"@id":"https:\/\/www.anovapeneira.gal\/index.php\/2019\/05\/02\/ix-edicion-da-feira-da-tapa-de-cangas\/#primaryimage"},"thumbnailUrl":"https:\/\/www.anovapeneira.gal\/wp-content\/uploads\/2019\/06\/feira_da_Tapa_cangas.jpg","datePublished":"2019-05-02T18:22:44+00:00","dateModified":"2019-07-22T08:41:23+00:00","breadcrumb":{"@id":"https:\/\/www.anovapeneira.gal\/index.php\/2019\/05\/02\/ix-edicion-da-feira-da-tapa-de-cangas\/#breadcrumb"},"inLanguage":"gl-ES","potentialAction":[{"@type":"ReadAction","target":["https:\/\/www.anovapeneira.gal\/index.php\/2019\/05\/02\/ix-edicion-da-feira-da-tapa-de-cangas\/"]}]},{"@type":"ImageObject","inLanguage":"gl-ES","@id":"https:\/\/www.anovapeneira.gal\/index.php\/2019\/05\/02\/ix-edicion-da-feira-da-tapa-de-cangas\/#primaryimage","url":"https:\/\/www.anovapeneira.gal\/wp-content\/uploads\/2019\/06\/feira_da_Tapa_cangas.jpg","contentUrl":"https:\/\/www.anovapeneira.gal\/wp-content\/uploads\/2019\/06\/feira_da_Tapa_cangas.jpg","width":1296,"height":972,"caption":"Feira da Tapa de Cangas do Morrazo. A Nova Peneira Cangas"},{"@type":"BreadcrumbList","@id":"https:\/\/www.anovapeneira.gal\/index.php\/2019\/05\/02\/ix-edicion-da-feira-da-tapa-de-cangas\/#breadcrumb","itemListElement":[{"@type":"ListItem","position":1,"name":"Portada","item":"https:\/\/www.anovapeneira.gal\/"},{"@type":"ListItem","position":2,"name":"IX edici\u00f3n da Feira da tapa de Cangas"}]},{"@type":"WebSite","@id":"https:\/\/www.anovapeneira.gal\/#website","url":"https:\/\/www.anovapeneira.gal\/","name":"","description":"Xornal galego de informaci\u00f3n xeral Publicaci\u00f3n mensual de novas de Galicia e en especial dos Concellos da sur da provincia de Pontevedra.","publisher":{"@id":"https:\/\/www.anovapeneira.gal\/#organization"},"potentialAction":[{"@type":"SearchAction","target":{"@type":"EntryPoint","urlTemplate":"https:\/\/www.anovapeneira.gal\/?s={search_term_string}"},"query-input":{"@type":"PropertyValueSpecification","valueRequired":true,"valueName":"search_term_string"}}],"inLanguage":"gl-ES"},{"@type":"Organization","@id":"https:\/\/www.anovapeneira.gal\/#organization","name":"A Nova Peneira","url":"https:\/\/www.anovapeneira.gal\/","logo":{"@type":"ImageObject","inLanguage":"gl-ES","@id":"https:\/\/www.anovapeneira.gal\/#\/schema\/logo\/image\/","url":"http:\/\/www.anovapeneira.gal\/wp-content\/uploads\/2019\/06\/logo_a_nova_peneira_portal_web.png","contentUrl":"http:\/\/www.anovapeneira.gal\/wp-content\/uploads\/2019\/06\/logo_a_nova_peneira_portal_web.png","width":300,"height":100,"caption":"A Nova Peneira"},"image":{"@id":"https:\/\/www.anovapeneira.gal\/#\/schema\/logo\/image\/"},"sameAs":["https:\/\/www.facebook.com\/anovapeneira","https:\/\/x.com\/APeneira"]},{"@type":"Person","@id":"https:\/\/www.anovapeneira.gal\/#\/schema\/person\/b93e3f8932e3f8da96334607eb6ac6aa","name":"Redacci\u00f3n A Nova Peneira","image":{"@type":"ImageObject","inLanguage":"gl-ES","@id":"https:\/\/secure.gravatar.com\/avatar\/c052a2551a06e23fac63626232eaa90abd78dbcf1700fc46a2b2c89fd27b735f?s=96&d=mm&r=g","url":"https:\/\/secure.gravatar.com\/avatar\/c052a2551a06e23fac63626232eaa90abd78dbcf1700fc46a2b2c89fd27b735f?s=96&d=mm&r=g","contentUrl":"https:\/\/secure.gravatar.com\/avatar\/c052a2551a06e23fac63626232eaa90abd78dbcf1700fc46a2b2c89fd27b735f?s=96&d=mm&r=g","caption":"Redacci\u00f3n A Nova Peneira"},"sameAs":["http:\/\/www.anovapeneira.gal\/"],"url":"https:\/\/www.anovapeneira.gal\/index.php\/author\/redactor\/"}]}},"jetpack_featured_media_url":"https:\/\/www.anovapeneira.gal\/wp-content\/uploads\/2019\/06\/feira_da_Tapa_cangas.jpg","_links":{"self":[{"href":"https:\/\/www.anovapeneira.gal\/index.php\/wp-json\/wp\/v2\/posts\/88","targetHints":{"allow":["GET"]}}],"collection":[{"href":"https:\/\/www.anovapeneira.gal\/index.php\/wp-json\/wp\/v2\/posts"}],"about":[{"href":"https:\/\/www.anovapeneira.gal\/index.php\/wp-json\/wp\/v2\/types\/post"}],"author":[{"embeddable":true,"href":"https:\/\/www.anovapeneira.gal\/index.php\/wp-json\/wp\/v2\/users\/3"}],"replies":[{"embeddable":true,"href":"https:\/\/www.anovapeneira.gal\/index.php\/wp-json\/wp\/v2\/comments?post=88"}],"version-history":[{"count":24,"href":"https:\/\/www.anovapeneira.gal\/index.php\/wp-json\/wp\/v2\/posts\/88\/revisions"}],"predecessor-version":[{"id":700,"href":"https:\/\/www.anovapeneira.gal\/index.php\/wp-json\/wp\/v2\/posts\/88\/revisions\/700"}],"wp:featuredmedia":[{"embeddable":true,"href":"https:\/\/www.anovapeneira.gal\/index.php\/wp-json\/wp\/v2\/media\/89"}],"wp:attachment":[{"href":"https:\/\/www.anovapeneira.gal\/index.php\/wp-json\/wp\/v2\/media?parent=88"}],"wp:term":[{"taxonomy":"category","embeddable":true,"href":"https:\/\/www.anovapeneira.gal\/index.php\/wp-json\/wp\/v2\/categories?post=88"},{"taxonomy":"post_tag","embeddable":true,"href":"https:\/\/www.anovapeneira.gal\/index.php\/wp-json\/wp\/v2\/tags?post=88"}],"curies":[{"name":"wp","href":"https:\/\/api.w.org\/{rel}","templated":true}]}}