{"id":8800,"date":"2022-12-22T12:00:55","date_gmt":"2022-12-22T11:00:55","guid":{"rendered":"https:\/\/www.anovapeneira.gal\/?p=8800"},"modified":"2022-12-15T12:53:15","modified_gmt":"2022-12-15T11:53:15","slug":"valentin-gonzalez-formoso-sx-do-psdeg-estamos-a-facer-entre-10-mil-e-12-mil-km-ao-mes-por-galicia-encontrandonos-con-todos-os-sectores-produtivos-e-sociais","status":"publish","type":"post","link":"https:\/\/www.anovapeneira.gal\/index.php\/2022\/12\/22\/valentin-gonzalez-formoso-sx-do-psdeg-estamos-a-facer-entre-10-mil-e-12-mil-km-ao-mes-por-galicia-encontrandonos-con-todos-os-sectores-produtivos-e-sociais\/","title":{"rendered":"Valent\u00edn Gonz\u00e1lez Formoso SX do PSdeG: \u201cEstamos a facer entre 10 mil e 12 mil km ao mes por Galicia, encontr\u00e1ndonos con todos os sectores produtivos e sociais\u201d"},"content":{"rendered":"\n<pre class=\"wp-block-verse\"><strong>Alma L\u00f3pez<\/strong><\/pre>\n\n\n\n<p>Se por algo \u00e9 reco\u00f1ecido o actual secretario xeral do PSdG-PSOE, Valent\u00edn Gonz\u00e1lez Formoso (As Pontes de Garc\u00eda Rodr\u00edguez, 1971), \u00e9 por ter unha longa experiencia na pol\u00edtica municipal do \u00e1mbito provincial da Coru\u00f1a. Est\u00e1 na Alcald\u00eda das Pontes de Garc\u00eda Rodr\u00edguez desde hai 15 anos, e preside a Deputaci\u00f3n da Coru\u00f1a desde hai sete. En 2018 foi elixido secretario provincial do PSdeG-PSOE na Coru\u00f1a, e tres anos m\u00e1is tarde superou a Gonzalo Caballero en apoios internos para converterse en secretario xeral do PSdeG-PSOE e liderar o partido de cara \u00e1s elecci\u00f3ns auton\u00f3micas de 2024. Falamos con el das expectativas dos socialistas galegos de cara \u00e1s municipais do pr\u00f3ximo mes de maio, as\u00ed como da s\u00faa proposta pol\u00edtica para Galicia.<\/p>\n\n\n\n<p><strong>Vostede \u00e9 alcalde dun concello de m\u00e1is de 10.000 habitantes como As Pontes de Garc\u00eda Rodr\u00edguez, presidente da Deputaci\u00f3n da Coru\u00f1a e, desde finais de 2021, tam\u00e9n secretario xeral do PSd<\/strong><strong>e<\/strong><strong>G-PSOE. Como se leva isto de compaxinar tantos cargos pol\u00edticos e responsabilidades institucionais? Ten pensado dar un paso ao lado na pol\u00edtica municipal e centrarse na s\u00faa candidatura para as elecci\u00f3ns galegas de 2024?<\/strong><\/p>\n\n\n\n<blockquote class=\"wp-block-quote is-layout-flow wp-block-quote-is-layout-flow\"><p>En pol\u00edtica, este tipo de coincidencias d\u00e1se con certa frecuencia. Non esquezamos que, no caso da Deputaci\u00f3n da Coru\u00f1a, para ser presidente tes que ser concelleiro ou alcalde. Que organicamente coincida a presidencia da deputaci\u00f3n coa secretar\u00eda xeral ou provincial tam\u00e9n \u00e9 unha coincidencia bastante habitual. No meu caso, polo menos, depende sempre da capacidade de xerar equipos e de delegar neles parte das funci\u00f3ns. Eu creo que a esencia e a presenza te\u00f1en que estar na medida que corresponda. Por suposto, hai que estar enriba dos temas sempre, e sobre todo dos temas importantes; pero no resto dos temas \u00e9 esencial traballar con equipos cos que se te\u00f1a unha boa coordinaci\u00f3n e comunicaci\u00f3n.<\/p><\/blockquote>\n\n\n\n<p><strong>En decembro de 2021 asumiu formalmente o seu cargo de secretario xeral do PSdG-PSOE no 14\u00ba Congreso Nacional galego. Pasado aproximadamente un ano, que valoraci\u00f3n fai desta etapa dentro do partido, tendo en conta as citas coas urnas previstas para 2023 e 2024 en Galicia?<\/strong><\/p>\n\n\n\n<blockquote class=\"wp-block-quote is-layout-flow wp-block-quote-is-layout-flow\"><p>Foi un ano complexo porque nos tocou asumir os efectos dunha sociedade que est\u00e1 reactiv\u00e1ndose despois dunha pandemia, e agora t\u00f3canos convivir cos efectos dunha guerra \u00e1s portas de Europa, cunhas consecuencias que est\u00e1n condicionando a nosa vida coti\u00e1, basicamente polos prezos inflacionistas dos \u00faltimos meses. Este \u00e9 un escenario que, tanto institucional como organicamente, nos obriga a estar en alerta respecto das necesidades sociais e das medidas que se deber\u00edan aplicar en cada momento para soportar certos sectores estrat\u00e9xicos e certos sectores sociais con menos recursos para afrontar unha situaci\u00f3n deste tipo. Polo tanto, \u00e9 unha tensi\u00f3n permanente que inxecta presi\u00f3n ao labor dunha secretaria xeral dun partido, que xa por si mesmo \u00e9 moi intenso, e ao traballo que se realiza desde a presidencia dunha instituci\u00f3n como \u00e9 a Deputaci\u00f3n da Coru\u00f1a. En definitiva, tratamos de estar cerca de todos os sectores, recuperando o pulso dun partido moi institucional que goberna o 60 por cento da poboaci\u00f3n galega nos concellos, que goberna practicamente todas as grandes cidades de Galicia e que est\u00e1 en tres das catro deputaci\u00f3ns provinciais. A verdade \u00e9 que foi un ano moi intenso, tam\u00e9n de aprendizaxe, na secretaria xeral do PSdG-PSOE; e un ano de engraxamento da coordinaci\u00f3n con Madrid, xa que estamos nun momento no que esa coordinaci\u00f3n debe ser m\u00e1is intensa que nunca.<\/p><\/blockquote>\n\n\n\n<p><strong>O Centro de investigaci\u00f3ns Sociol\u00f3xicas (CIS) publicaba hai unhas semanas os resultados dunha macroenquisa sobre tendencias en voto municipal que indicaban que o PSOE ga\u00f1ar\u00eda na pr\u00f3xima cita electoral do 26M, superando ao PP, se as elecci\u00f3ns se celebraran seis meses antes desa data. Tendo en conta o contexto galego, onde o BNG xa \u00e9 segunda forza pol\u00edtica a nivel auton\u00f3mico, cales son as expectativas do PSdG-PSOE nas municipais de 2023?<\/strong><\/p>\n\n\n\n<blockquote class=\"wp-block-quote is-layout-flow wp-block-quote-is-layout-flow\"><p>N\u00f3s temos unha referencia clara, que gobernamos A Coru\u00f1a, Ferrol, Santiago de Compostela, Lugo, Vigo, e cogobernamos Pontevedra. Gobernamos Vilagarc\u00eda de Arousa, Monforte de Lemos e as\u00ed ata unhas 110 Alcald\u00edas, con m\u00e1is de mil concelleiros e concelleiras arredor de Galicia. Este punto de partida \u00e9 moi poderoso. O 60 por cento da poboaci\u00f3n galega ten un alcalde ou unha alcaldesa socialista na s\u00faa vida. No \u00e1mbito municipal, esa \u00e9 a referencia que temos que seguir.<\/p><\/blockquote>\n\n\n\n<blockquote class=\"wp-block-quote is-layout-flow wp-block-quote-is-layout-flow\"><p>Evidentemente hai unha cidade que para n\u00f3s \u00e9 moi importante, como \u00e9 Ourense. Xa temos un candidato designado, un candidato que foi alcalde no seu d\u00eda. Esta \u00e9 unha cidade que ten que ser obxectivo do PSdG-PSOE porque \u00e9 unha cidade na que os socialistas sempre tiveron boa representaci\u00f3n e, sobre todo, porque se atopa nunha situaci\u00f3n que require un proxecto ilusionante, solvente e serio que a afaste da imaxe de crispaci\u00f3n e de rid\u00edculo que demasiados d\u00edas ao ano ten sufrido a poboaci\u00f3n de Ourense, sendo protagonista nos medios nacionais por unha situaci\u00f3n de Goberno local esperp\u00e9ntica que soamente ten un responsable: o PP, antes de Alberto N\u00fa\u00f1ez F\u00e9ijoo e agora de Alfonso Rueda.<\/p><\/blockquote>\n\n\n\n<p><strong>Na comarca de Condado-Paradanta int\u00faese unha renovaci\u00f3n de candidaturas en concellos nos que o PSdG-PSOE forma parte de gobernos de coalici\u00f3n, como Ponteareas, onde Delf\u00edn Dom\u00ednguez substituir\u00e1 a Chus Garrote. A que se deben estes cambios?<\/strong><\/p>\n\n\n\n<blockquote class=\"wp-block-quote is-layout-flow wp-block-quote-is-layout-flow\"><p>Esta \u00e9 unha din\u00e1mica habitual dentro do partido socialista. Eu creo que agrupaci\u00f3ns te\u00f1en vida propia e ansias de mellorar resultados. Hai proxectos que se esgotan por decisi\u00f3n persoal, proxectos que se esgotan por decisi\u00f3n das agrupaci\u00f3ns, e mesmo proxectos que se esgotan por unha visi\u00f3n compartida desde a direcci\u00f3n provincial e galega. No caso de Ponteareas, \u00e9 un proceso nacido da propia agrupaci\u00f3n. Delf\u00edn \u00e9 unha magn\u00edfica persoa, unha persoa de consenso e positiva que constr\u00fae no seu proxecto mental Ponteareas cada d\u00eda, e que vai po\u00f1er por riba de calquera interese partidista os intereses da localidade. Despois de 15 anos en pol\u00edtica, percibo cando unha persoa ten oportunidade para ser alcalde ou alcaldesa. Estamos convencidos de que Delf\u00edn o vai ser.<\/p><\/blockquote>\n\n\n\n<p><strong>Gustar\u00edame preguntarlle tam\u00e9n polo concello de Mos, onde o PSdG-PSOE ten cinco concelleiros\/as. Xa est\u00e1 confirmado que repite como candidata Victoria Alonso, que tam\u00e9n est\u00e1 moi implicada na Deputaci\u00f3n de Pontevedra xunto a Carmela Silva. Cales son as expectativas do PSdG-PSOE en Mos? Como est\u00e1n as relaci\u00f3ns cos demais partidos da oposici\u00f3n para chegar a un pacto de goberno, no caso de non acadar maior\u00eda absoluta?<\/strong><\/p>\n\n\n\n<blockquote class=\"wp-block-quote is-layout-flow wp-block-quote-is-layout-flow\"><p>Estou convencido de que seremos primeira forza pol\u00edtica en Mos, que chegaremos \u00e1 Alcald\u00eda, e que o PSdG-PSOE, tanto a nivel local como co apoio da provincia e da direcci\u00f3n galega, vai ter capacidade de di\u00e1logo e capacidade para acadar e reforzar esa Alcald\u00eda cun maior resultado.<\/p><\/blockquote>\n\n\n\n<p><strong>En Tui, por outra banda, repetir\u00e1 como candidato o alcalde Enrique Cabaleiro?<\/strong><\/p>\n\n\n\n<blockquote class=\"wp-block-quote is-layout-flow wp-block-quote-is-layout-flow\"><p><em>Kike<\/em> ten todo o apoio, a confianza e o cari\u00f1o da mi\u00f1a persoa e do partido en xeral. Creo que \u00e9 un alcalde de referencia, un alcalde que \u00e9 sin\u00f3nimo de solvencia, de bonhom\u00eda e de garant\u00eda. Pero \u00e9 unha decisi\u00f3n que ten que tomar el persoalmente, e despois a s\u00faa agrupaci\u00f3n.<\/p><\/blockquote>\n\n\n\n<p><strong>En xu\u00f1o do ano pasado, Ver\u00f3nica Tour\u00f3n converteuse na primeira alcaldesa socialista de Salceda de Caselas despois do pacto de goberno co partido Movemento Salceda, que supuxo a alternancia na Alcald\u00eda. Pensa que esta estratexia, e o feito de visibilizarse na Alcald\u00eda no \u00faltimo treito do mandato, vai favorecer ao PSdG-PSOE nas elecci\u00f3ns municipais de 2023?<\/strong><\/p>\n\n\n\n<blockquote class=\"wp-block-quote is-layout-flow wp-block-quote-is-layout-flow\"><p>Creo que Ver\u00f3nica estivo a facer un gran traballo. Ese bo sabor de boca que deixa en Salceda vai facer que sexa a lista m\u00e1is votada. Vai contar con todo o apoio da formaci\u00f3n, tanto a nivel provincial como galego.<\/p><\/blockquote>\n\n\n\n<p><strong>As municipais de 2023 ser\u00e1n a primeira cita coas urnas da s\u00faa etapa como secretario xeral do PSdG-PSOE. Logo vir\u00e1n as auton\u00f3micas de 2024, que para vostede ser\u00e1n a verdadeira proba de fogo como l\u00edder dos socialistas galegos. O feito de non estar entre os representantes do PSdG-PSOE no Parlamento de Galicia \u2013como si est\u00e1n a portavoz nacional do BNG, Ana Pont\u00f3n, e o propio presidente da Xunta de Galicia, Alfonso Rueda\u2013 r\u00e9stalle visibilidade de cara a liderar a candidatura do PSdG-PSOE nas elecci\u00f3ns galegas de 2024?<\/strong><\/p>\n\n\n\n<blockquote class=\"wp-block-quote is-layout-flow wp-block-quote-is-layout-flow\"><p>Non deixa de ser un h\u00e1ndicap, sen d\u00fabida algunha; pero eu considero que hoxe en d\u00eda, a\u00ednda reco\u00f1ecendo o papel soberano do Parlamento de Galicia, a pol\u00edtica faise nas f\u00e1bricas, nas r\u00faas, nas entidades asociativas, faise en todos aqueles c\u00edrculos ou espazos onde a cidadan\u00eda ten unha preocupaci\u00f3n, unha problem\u00e1tica, e busca unha soluci\u00f3n, unha opini\u00f3n, un apoio. Ese entorno se encontra en lugares moi distintos ao propio Parlamento de Galicia, as\u00ed que o noso labor se intensifica viaxando polo territorio. Estamos a facer entre 10 mil e 12 mil quil\u00f3metros mensuais por Galicia, encontr\u00e1ndonos con todos os sectores produtivos e colectivos sociais, coas distintas realidades que Galicia ofrece. Eu penso que ese h\u00e1ndicap est\u00e1 sendo superado pola presenza social da mi\u00f1a persoa.<\/p><\/blockquote>\n\n\n\n<p><strong>Pensando en preparar a cita electoral do 2024, est\u00e1 considerando manobrar politicamente para buscar maior visibilidade e confrontaci\u00f3n directa cos que ser\u00e1n os seus rivais nas auton\u00f3micas? Quizais deixar a pol\u00edtica municipal?<\/strong><\/p>\n\n\n\n<blockquote class=\"wp-block-quote is-layout-flow wp-block-quote-is-layout-flow\"><p>Non \u00e9 un tema de cargos. \u00c9 un tema de ser capaces de trasladar \u00e1 sociedade galega en xeral un proxecto ilusionante, un proxecto que te\u00f1a tomado o pulso a Galicia e que po\u00f1a enriba da mesa maneiras de ver distintas de pa\u00eds, que po\u00f1a enriba da mesa posici\u00f3ns respecto daqueles temas que est\u00e1n agora mesmo entre as preocupaci\u00f3ns da cidadan\u00eda e que supo\u00f1an unha alternativa distinta ao goberno do PP, que considere Galicia un lugar lonxe da resignaci\u00f3n \u00e1 que nos ten sometida o PP. Eu creo que a ilusi\u00f3n \u00e9 o mellor ant\u00eddoto fronte \u00e1 resignaci\u00f3n. \u00c9 cuesti\u00f3n de ter a capacidade de remover todo aquelo que sexa necesario para ofrecer un pa\u00eds distinto, m\u00e1is ilusionante, capaz de reter o talento que se foi f\u00f3ra de Galicia e de Espa\u00f1a; \u00e9 cuesti\u00f3n de ser capaces de po\u00f1er as potencialidades do noso pa\u00eds ao servizo da sociedade.<\/p><\/blockquote>\n\n\n\n<p><strong>En tempos de Nadal non podemos evitar mirar a Vigo. O protagonismo de figuras pol\u00edticas do socialismo galego como o alcalde da cidade ol\u00edvica, Abel Caballero, xoga a favor ou en contra da s\u00faa candidatura de cara \u00e1s elecci\u00f3ns galegas de 2024?<\/strong><\/p>\n\n\n\n<blockquote class=\"wp-block-quote is-layout-flow wp-block-quote-is-layout-flow\"><p>Sempre a favor. As referencias pol\u00edticas que te\u00f1en apoio social, que est\u00e1n dispostas a botar unha man, a compartir co\u00f1ecemento e a facer reflexi\u00f3ns conxuntas de xeito sosegado sempre son positivas. Creo que fortalecen o proxecto socialista de cara \u00e1s auton\u00f3micas de 2024.<\/p><\/blockquote>\n\n\n\n<p><strong>Falando xa da situaci\u00f3n actual de Galicia, vostede foi cr\u00edtico cos orzamentos que presentou a Xunta de Galicia para o pr\u00f3ximo ano. Desde o seu punto de vista, cales ser\u00edan as prioridades de gasto e inversi\u00f3n?<\/strong><\/p>\n\n\n\n<blockquote class=\"wp-block-quote is-layout-flow wp-block-quote-is-layout-flow\"><p>Nun orzamento onde o Estado lle transfire a Galicia 1.500 mill\u00f3ns de euros m\u00e1is que o ano pasado, \u00e9 moi triste que a Xunta soamente adique 30 mill\u00f3ns de euros m\u00e1is \u00e1 Atenci\u00f3n Primaria, cando sabemos que este \u00e9 un dos grandes problemas que ten o noso pa\u00eds, e que afecta a cada usuario do sistema p\u00fablico sanitario, a calquera que se achegue ao centro de sa\u00fade e tarde ata 25 d\u00edas en ser atendido nun servizo no que nunca se viron listas de agarda. Al\u00e9n desta falla, este orzamento tampouco est\u00e1 dando resposta ao contexto econ\u00f3mico. En Galicia hai sectores produtivos que o est\u00e1n pasando mal para cadrar as contas e garantir a s\u00faa sostibilidade econ\u00f3mica, sobre todo no estrat\u00e9xico sector primario, en actividades como a gander\u00eda, a pesca e o transporte. Esta \u00e9 unha industria cuns custos enerx\u00e9ticos enormes, e a Xunta dedica cero euros \u00e1 previsi\u00f3n de convocatorias de li\u00f1as de axudas, como si fixeron outras instituci\u00f3ns, inclu\u00eddo o Goberno estatal e n\u00f3s mesmos desde a Deputaci\u00f3n da Coru\u00f1a. Este \u00e9 un orzamento que nace cunha falla tremenda e, sobre todo, cunha insensibilidade cara sectores que son estrat\u00e9xicos en Galicia.<\/p><\/blockquote>\n\n\n\n<p><strong>Recentemente anunciouse que A Coru\u00f1a ser\u00e1 a sede da nova Axencia Estatal de Supervisi\u00f3n da Intelixencia Artificial. Supo\u00f1emos que para vostede ser\u00e1 unha magn\u00edfica nova. Mais, tendo en conta a abstenci\u00f3n do BNG na votaci\u00f3n sobre o orzamento estatal, non se pode ver esa decisi\u00f3n como unha maneira de compensar a falta de gasto social e investimentos para Galicia que criticaban os nacionalistas galegos no Congreso?<\/strong><\/p>\n\n\n\n<blockquote class=\"wp-block-quote is-layout-flow wp-block-quote-is-layout-flow\"><p>Cada un pode dicir o que considere oportuno, pero ese vitimismo o \u00fanico que fai \u00e9 lastrar a un pa\u00eds. Eu creo que hai que ser obxectivos na an\u00e1lise das contas orzamentarias, e Galicia recibe moita mais transferencia da que reciben outras comunidades que aportan m\u00e1is porcentaxe do seu PIB \u00e1s contas do Estado. Galicia \u00e9 a quinta comunidade espa\u00f1ola que m\u00e1is financiamento recibe: un 9,24% m\u00e1is do que recibiu hai un ano. O da axencia ten que ver coa decisi\u00f3n do Goberno estatal de vertebrar o territorio, e que as instituci\u00f3ns estean al\u00e1 onde te\u00f1en l\u00f3xica. En Galicia hai m\u00e1is de 50 mil empregos vinculados ao sector tecnol\u00f3xico, e A Coru\u00f1a \u00e9 unha cidade que aposta desde hai tempo por un entorno universitario e empresarial vinculado \u00e1s TIC. Ten toda a l\u00f3xica do mundo que esta axencia estatal se sit\u00fae aqu\u00ed. Para Galicia sup\u00f3n un avance importante para converterse nunha referencia en intelixencia artificial, tanto en Espa\u00f1a como en Europa.<\/p><\/blockquote>\n\n\n\n<p><strong>De chegar a ser presidente da Xunta de Galicia, cales ser\u00edan as s\u00faas primeiras medidas?<\/strong><\/p>\n\n\n\n<blockquote class=\"wp-block-quote is-layout-flow wp-block-quote-is-layout-flow\"><p>Creo que hai que lanzar unha mensaxe de ilusi\u00f3n \u00e1 xente nova. Non pode volver ocorrer que un presidente compre maletas para regal\u00e1rllelas a 47 mil rapaces de menos de 30 anos que deciden abandonar o pa\u00eds que os formou. Sup\u00f3n un drama familiar e social. Non vai volver repetirse que unha nena que naceu en D\u00fcsseldorf lle pregunte \u00e1 s\u00faa nai por que naceu al\u00ed se os av\u00f3s est\u00e1n en Galicia. Ten moito que ver coa renuncia a un pa\u00eds distinto por parte da Xunta do PP. Eu creo que \u00e9 a ciencia, a tecnolox\u00eda, a investigaci\u00f3n, o co\u00f1ecemento, a educaci\u00f3n, o que ten que recibir m\u00e1is apoio por parte dun Goberno de Galicia. Esta \u00e9 a visi\u00f3n do PSdG-PSOE.<\/p><\/blockquote>\n","protected":false},"excerpt":{"rendered":"<div class=\"mh-excerpt\"><p>Se por algo \u00e9 reco\u00f1ecido o actual secretario xeral do PSdG-PSOE, Valent\u00edn Gonz\u00e1lez Formoso (As Pontes de Garc\u00eda Rodr\u00edguez, 1971), \u00e9 por ter unha longa experiencia na pol\u00edtica municipal do \u00e1mbito provincial da Coru\u00f1a. Est\u00e1 na Alcald\u00eda das Pontes de Garc\u00eda Rodr\u00edguez desde hai 15 anos, e preside a Deputaci\u00f3n da Coru\u00f1a desde hai sete <a class=\"mh-excerpt-more\" href=\"https:\/\/www.anovapeneira.gal\/index.php\/2022\/12\/22\/valentin-gonzalez-formoso-sx-do-psdeg-estamos-a-facer-entre-10-mil-e-12-mil-km-ao-mes-por-galicia-encontrandonos-con-todos-os-sectores-produtivos-e-sociais\/\" title=\"Valent\u00edn Gonz\u00e1lez Formoso SX do PSdeG: \u201cEstamos a facer entre 10 mil e 12 mil km ao mes por Galicia, encontr\u00e1ndonos con todos os sectores produtivos e sociais\u201d\">[&#8230;]<\/a><\/p>\n<\/div>","protected":false},"author":41,"featured_media":8801,"comment_status":"open","ping_status":"open","sticky":false,"template":"","format":"standard","meta":{"_exactmetrics_skip_tracking":false,"_exactmetrics_sitenote_active":false,"_exactmetrics_sitenote_note":"","_exactmetrics_sitenote_category":0,"footnotes":""},"categories":[264],"tags":[1319],"class_list":{"0":"post-8800","1":"post","2":"type-post","3":"status-publish","4":"format-standard","5":"has-post-thumbnail","7":"category-entrevistas-galicia","8":"tag-valentin-g-formoso"},"yoast_head":"<!-- This site is optimized with the Yoast SEO plugin v27.4 - https:\/\/yoast.com\/product\/yoast-seo-wordpress\/ -->\n<title>Valent\u00edn Gonz\u00e1lez Formoso SX do PSdeG: \u201cEstamos a facer entre 10 mil e 12 mil km ao mes por Galicia, encontr\u00e1ndonos con todos os sectores produtivos e sociais\u201d -<\/title>\n<meta name=\"robots\" content=\"index, follow, max-snippet:-1, max-image-preview:large, max-video-preview:-1\" \/>\n<link rel=\"canonical\" href=\"https:\/\/www.anovapeneira.gal\/index.php\/2022\/12\/22\/valentin-gonzalez-formoso-sx-do-psdeg-estamos-a-facer-entre-10-mil-e-12-mil-km-ao-mes-por-galicia-encontrandonos-con-todos-os-sectores-produtivos-e-sociais\/\" \/>\n<meta property=\"og:locale\" content=\"gl_ES\" \/>\n<meta property=\"og:type\" content=\"article\" \/>\n<meta property=\"og:title\" content=\"Valent\u00edn Gonz\u00e1lez Formoso SX do PSdeG: \u201cEstamos a facer entre 10 mil e 12 mil km ao mes por Galicia, encontr\u00e1ndonos con todos os sectores produtivos e sociais\u201d -\" \/>\n<meta property=\"og:description\" content=\"Se por algo \u00e9 reco\u00f1ecido o actual secretario xeral do PSdG-PSOE, Valent\u00edn Gonz\u00e1lez Formoso (As Pontes de Garc\u00eda Rodr\u00edguez, 1971), \u00e9 por ter unha longa experiencia na pol\u00edtica municipal do \u00e1mbito provincial da Coru\u00f1a. Est\u00e1 na Alcald\u00eda das Pontes de Garc\u00eda Rodr\u00edguez desde hai 15 anos, e preside a Deputaci\u00f3n da Coru\u00f1a desde hai sete [...]\" \/>\n<meta property=\"og:url\" content=\"https:\/\/www.anovapeneira.gal\/index.php\/2022\/12\/22\/valentin-gonzalez-formoso-sx-do-psdeg-estamos-a-facer-entre-10-mil-e-12-mil-km-ao-mes-por-galicia-encontrandonos-con-todos-os-sectores-produtivos-e-sociais\/\" \/>\n<meta property=\"article:publisher\" content=\"https:\/\/www.facebook.com\/anovapeneira\" \/>\n<meta property=\"article:published_time\" content=\"2022-12-22T11:00:55+00:00\" \/>\n<meta property=\"og:image\" content=\"https:\/\/www.anovapeneira.gal\/wp-content\/uploads\/2022\/12\/valentin_formoso.jpg\" \/>\n\t<meta property=\"og:image:width\" content=\"720\" \/>\n\t<meta property=\"og:image:height\" content=\"432\" \/>\n\t<meta property=\"og:image:type\" content=\"image\/jpeg\" \/>\n<meta name=\"author\" content=\"Alma L\u00f3pez Figueiras\" \/>\n<meta name=\"twitter:card\" content=\"summary_large_image\" \/>\n<meta name=\"twitter:creator\" content=\"@APeneira\" \/>\n<meta name=\"twitter:site\" content=\"@APeneira\" \/>\n<meta name=\"twitter:label1\" content=\"Escrito por\" \/>\n\t<meta name=\"twitter:data1\" content=\"Alma L\u00f3pez Figueiras\" \/>\n\t<meta name=\"twitter:label2\" content=\"Tempo de lectura\" \/>\n\t<meta name=\"twitter:data2\" content=\"13 minutos\" \/>\n<script type=\"application\/ld+json\" class=\"yoast-schema-graph\">{\"@context\":\"https:\\\/\\\/schema.org\",\"@graph\":[{\"@type\":\"Article\",\"@id\":\"https:\\\/\\\/www.anovapeneira.gal\\\/index.php\\\/2022\\\/12\\\/22\\\/valentin-gonzalez-formoso-sx-do-psdeg-estamos-a-facer-entre-10-mil-e-12-mil-km-ao-mes-por-galicia-encontrandonos-con-todos-os-sectores-produtivos-e-sociais\\\/#article\",\"isPartOf\":{\"@id\":\"https:\\\/\\\/www.anovapeneira.gal\\\/index.php\\\/2022\\\/12\\\/22\\\/valentin-gonzalez-formoso-sx-do-psdeg-estamos-a-facer-entre-10-mil-e-12-mil-km-ao-mes-por-galicia-encontrandonos-con-todos-os-sectores-produtivos-e-sociais\\\/\"},\"author\":{\"name\":\"Alma L\u00f3pez Figueiras\",\"@id\":\"https:\\\/\\\/www.anovapeneira.gal\\\/#\\\/schema\\\/person\\\/0746a5e9aff49562caf86a581a001c1c\"},\"headline\":\"Valent\u00edn Gonz\u00e1lez Formoso SX do PSdeG: \u201cEstamos a facer entre 10 mil e 12 mil km ao mes por Galicia, encontr\u00e1ndonos con todos os sectores produtivos e sociais\u201d\",\"datePublished\":\"2022-12-22T11:00:55+00:00\",\"mainEntityOfPage\":{\"@id\":\"https:\\\/\\\/www.anovapeneira.gal\\\/index.php\\\/2022\\\/12\\\/22\\\/valentin-gonzalez-formoso-sx-do-psdeg-estamos-a-facer-entre-10-mil-e-12-mil-km-ao-mes-por-galicia-encontrandonos-con-todos-os-sectores-produtivos-e-sociais\\\/\"},\"wordCount\":2551,\"commentCount\":0,\"publisher\":{\"@id\":\"https:\\\/\\\/www.anovapeneira.gal\\\/#organization\"},\"image\":{\"@id\":\"https:\\\/\\\/www.anovapeneira.gal\\\/index.php\\\/2022\\\/12\\\/22\\\/valentin-gonzalez-formoso-sx-do-psdeg-estamos-a-facer-entre-10-mil-e-12-mil-km-ao-mes-por-galicia-encontrandonos-con-todos-os-sectores-produtivos-e-sociais\\\/#primaryimage\"},\"thumbnailUrl\":\"https:\\\/\\\/www.anovapeneira.gal\\\/wp-content\\\/uploads\\\/2022\\\/12\\\/valentin_formoso.jpg\",\"keywords\":[\"Valent\u00edn G. Formoso\"],\"articleSection\":[\"Entrevistas\"],\"inLanguage\":\"gl-ES\",\"potentialAction\":[{\"@type\":\"CommentAction\",\"name\":\"Comment\",\"target\":[\"https:\\\/\\\/www.anovapeneira.gal\\\/index.php\\\/2022\\\/12\\\/22\\\/valentin-gonzalez-formoso-sx-do-psdeg-estamos-a-facer-entre-10-mil-e-12-mil-km-ao-mes-por-galicia-encontrandonos-con-todos-os-sectores-produtivos-e-sociais\\\/#respond\"]}]},{\"@type\":\"WebPage\",\"@id\":\"https:\\\/\\\/www.anovapeneira.gal\\\/index.php\\\/2022\\\/12\\\/22\\\/valentin-gonzalez-formoso-sx-do-psdeg-estamos-a-facer-entre-10-mil-e-12-mil-km-ao-mes-por-galicia-encontrandonos-con-todos-os-sectores-produtivos-e-sociais\\\/\",\"url\":\"https:\\\/\\\/www.anovapeneira.gal\\\/index.php\\\/2022\\\/12\\\/22\\\/valentin-gonzalez-formoso-sx-do-psdeg-estamos-a-facer-entre-10-mil-e-12-mil-km-ao-mes-por-galicia-encontrandonos-con-todos-os-sectores-produtivos-e-sociais\\\/\",\"name\":\"Valent\u00edn Gonz\u00e1lez Formoso SX do PSdeG: \u201cEstamos a facer entre 10 mil e 12 mil km ao mes por Galicia, encontr\u00e1ndonos con todos os sectores produtivos e sociais\u201d -\",\"isPartOf\":{\"@id\":\"https:\\\/\\\/www.anovapeneira.gal\\\/#website\"},\"primaryImageOfPage\":{\"@id\":\"https:\\\/\\\/www.anovapeneira.gal\\\/index.php\\\/2022\\\/12\\\/22\\\/valentin-gonzalez-formoso-sx-do-psdeg-estamos-a-facer-entre-10-mil-e-12-mil-km-ao-mes-por-galicia-encontrandonos-con-todos-os-sectores-produtivos-e-sociais\\\/#primaryimage\"},\"image\":{\"@id\":\"https:\\\/\\\/www.anovapeneira.gal\\\/index.php\\\/2022\\\/12\\\/22\\\/valentin-gonzalez-formoso-sx-do-psdeg-estamos-a-facer-entre-10-mil-e-12-mil-km-ao-mes-por-galicia-encontrandonos-con-todos-os-sectores-produtivos-e-sociais\\\/#primaryimage\"},\"thumbnailUrl\":\"https:\\\/\\\/www.anovapeneira.gal\\\/wp-content\\\/uploads\\\/2022\\\/12\\\/valentin_formoso.jpg\",\"datePublished\":\"2022-12-22T11:00:55+00:00\",\"breadcrumb\":{\"@id\":\"https:\\\/\\\/www.anovapeneira.gal\\\/index.php\\\/2022\\\/12\\\/22\\\/valentin-gonzalez-formoso-sx-do-psdeg-estamos-a-facer-entre-10-mil-e-12-mil-km-ao-mes-por-galicia-encontrandonos-con-todos-os-sectores-produtivos-e-sociais\\\/#breadcrumb\"},\"inLanguage\":\"gl-ES\",\"potentialAction\":[{\"@type\":\"ReadAction\",\"target\":[\"https:\\\/\\\/www.anovapeneira.gal\\\/index.php\\\/2022\\\/12\\\/22\\\/valentin-gonzalez-formoso-sx-do-psdeg-estamos-a-facer-entre-10-mil-e-12-mil-km-ao-mes-por-galicia-encontrandonos-con-todos-os-sectores-produtivos-e-sociais\\\/\"]}]},{\"@type\":\"ImageObject\",\"inLanguage\":\"gl-ES\",\"@id\":\"https:\\\/\\\/www.anovapeneira.gal\\\/index.php\\\/2022\\\/12\\\/22\\\/valentin-gonzalez-formoso-sx-do-psdeg-estamos-a-facer-entre-10-mil-e-12-mil-km-ao-mes-por-galicia-encontrandonos-con-todos-os-sectores-produtivos-e-sociais\\\/#primaryimage\",\"url\":\"https:\\\/\\\/www.anovapeneira.gal\\\/wp-content\\\/uploads\\\/2022\\\/12\\\/valentin_formoso.jpg\",\"contentUrl\":\"https:\\\/\\\/www.anovapeneira.gal\\\/wp-content\\\/uploads\\\/2022\\\/12\\\/valentin_formoso.jpg\",\"width\":720,\"height\":432,\"caption\":\"Valent\u00edn Gonz\u00e1lez Formoso\"},{\"@type\":\"BreadcrumbList\",\"@id\":\"https:\\\/\\\/www.anovapeneira.gal\\\/index.php\\\/2022\\\/12\\\/22\\\/valentin-gonzalez-formoso-sx-do-psdeg-estamos-a-facer-entre-10-mil-e-12-mil-km-ao-mes-por-galicia-encontrandonos-con-todos-os-sectores-produtivos-e-sociais\\\/#breadcrumb\",\"itemListElement\":[{\"@type\":\"ListItem\",\"position\":1,\"name\":\"Portada\",\"item\":\"https:\\\/\\\/www.anovapeneira.gal\\\/\"},{\"@type\":\"ListItem\",\"position\":2,\"name\":\"Valent\u00edn Gonz\u00e1lez Formoso SX do PSdeG: \u201cEstamos a facer entre 10 mil e 12 mil km ao mes por Galicia, encontr\u00e1ndonos con todos os sectores produtivos e sociais\u201d\"}]},{\"@type\":\"WebSite\",\"@id\":\"https:\\\/\\\/www.anovapeneira.gal\\\/#website\",\"url\":\"https:\\\/\\\/www.anovapeneira.gal\\\/\",\"name\":\"\",\"description\":\"Xornal galego de informaci\u00f3n xeral Publicaci\u00f3n mensual de novas de Galicia e en especial dos Concellos da sur da provincia de Pontevedra.\",\"publisher\":{\"@id\":\"https:\\\/\\\/www.anovapeneira.gal\\\/#organization\"},\"potentialAction\":[{\"@type\":\"SearchAction\",\"target\":{\"@type\":\"EntryPoint\",\"urlTemplate\":\"https:\\\/\\\/www.anovapeneira.gal\\\/?s={search_term_string}\"},\"query-input\":{\"@type\":\"PropertyValueSpecification\",\"valueRequired\":true,\"valueName\":\"search_term_string\"}}],\"inLanguage\":\"gl-ES\"},{\"@type\":\"Organization\",\"@id\":\"https:\\\/\\\/www.anovapeneira.gal\\\/#organization\",\"name\":\"A Nova Peneira\",\"url\":\"https:\\\/\\\/www.anovapeneira.gal\\\/\",\"logo\":{\"@type\":\"ImageObject\",\"inLanguage\":\"gl-ES\",\"@id\":\"https:\\\/\\\/www.anovapeneira.gal\\\/#\\\/schema\\\/logo\\\/image\\\/\",\"url\":\"http:\\\/\\\/www.anovapeneira.gal\\\/wp-content\\\/uploads\\\/2019\\\/06\\\/logo_a_nova_peneira_portal_web.png\",\"contentUrl\":\"http:\\\/\\\/www.anovapeneira.gal\\\/wp-content\\\/uploads\\\/2019\\\/06\\\/logo_a_nova_peneira_portal_web.png\",\"width\":300,\"height\":100,\"caption\":\"A Nova Peneira\"},\"image\":{\"@id\":\"https:\\\/\\\/www.anovapeneira.gal\\\/#\\\/schema\\\/logo\\\/image\\\/\"},\"sameAs\":[\"https:\\\/\\\/www.facebook.com\\\/anovapeneira\",\"https:\\\/\\\/x.com\\\/APeneira\"]},{\"@type\":\"Person\",\"@id\":\"https:\\\/\\\/www.anovapeneira.gal\\\/#\\\/schema\\\/person\\\/0746a5e9aff49562caf86a581a001c1c\",\"name\":\"Alma L\u00f3pez Figueiras\",\"image\":{\"@type\":\"ImageObject\",\"inLanguage\":\"gl-ES\",\"@id\":\"https:\\\/\\\/secure.gravatar.com\\\/avatar\\\/feba821d8b06f92a15842270e547b80062a95516341d6cf987c8062ab7527628?s=96&d=mm&r=g\",\"url\":\"https:\\\/\\\/secure.gravatar.com\\\/avatar\\\/feba821d8b06f92a15842270e547b80062a95516341d6cf987c8062ab7527628?s=96&d=mm&r=g\",\"contentUrl\":\"https:\\\/\\\/secure.gravatar.com\\\/avatar\\\/feba821d8b06f92a15842270e547b80062a95516341d6cf987c8062ab7527628?s=96&d=mm&r=g\",\"caption\":\"Alma L\u00f3pez Figueiras\"},\"url\":\"https:\\\/\\\/www.anovapeneira.gal\\\/index.php\\\/author\\\/almalfigueiras\\\/\"}]}<\/script>\n<!-- \/ Yoast SEO plugin. -->","yoast_head_json":{"title":"Valent\u00edn Gonz\u00e1lez Formoso SX do PSdeG: \u201cEstamos a facer entre 10 mil e 12 mil km ao mes por Galicia, encontr\u00e1ndonos con todos os sectores produtivos e sociais\u201d -","robots":{"index":"index","follow":"follow","max-snippet":"max-snippet:-1","max-image-preview":"max-image-preview:large","max-video-preview":"max-video-preview:-1"},"canonical":"https:\/\/www.anovapeneira.gal\/index.php\/2022\/12\/22\/valentin-gonzalez-formoso-sx-do-psdeg-estamos-a-facer-entre-10-mil-e-12-mil-km-ao-mes-por-galicia-encontrandonos-con-todos-os-sectores-produtivos-e-sociais\/","og_locale":"gl_ES","og_type":"article","og_title":"Valent\u00edn Gonz\u00e1lez Formoso SX do PSdeG: \u201cEstamos a facer entre 10 mil e 12 mil km ao mes por Galicia, encontr\u00e1ndonos con todos os sectores produtivos e sociais\u201d -","og_description":"Se por algo \u00e9 reco\u00f1ecido o actual secretario xeral do PSdG-PSOE, Valent\u00edn Gonz\u00e1lez Formoso (As Pontes de Garc\u00eda Rodr\u00edguez, 1971), \u00e9 por ter unha longa experiencia na pol\u00edtica municipal do \u00e1mbito provincial da Coru\u00f1a. Est\u00e1 na Alcald\u00eda das Pontes de Garc\u00eda Rodr\u00edguez desde hai 15 anos, e preside a Deputaci\u00f3n da Coru\u00f1a desde hai sete [...]","og_url":"https:\/\/www.anovapeneira.gal\/index.php\/2022\/12\/22\/valentin-gonzalez-formoso-sx-do-psdeg-estamos-a-facer-entre-10-mil-e-12-mil-km-ao-mes-por-galicia-encontrandonos-con-todos-os-sectores-produtivos-e-sociais\/","article_publisher":"https:\/\/www.facebook.com\/anovapeneira","article_published_time":"2022-12-22T11:00:55+00:00","og_image":[{"width":720,"height":432,"url":"https:\/\/www.anovapeneira.gal\/wp-content\/uploads\/2022\/12\/valentin_formoso.jpg","type":"image\/jpeg"}],"author":"Alma L\u00f3pez Figueiras","twitter_card":"summary_large_image","twitter_creator":"@APeneira","twitter_site":"@APeneira","twitter_misc":{"Escrito por":"Alma L\u00f3pez Figueiras","Tempo de lectura":"13 minutos"},"schema":{"@context":"https:\/\/schema.org","@graph":[{"@type":"Article","@id":"https:\/\/www.anovapeneira.gal\/index.php\/2022\/12\/22\/valentin-gonzalez-formoso-sx-do-psdeg-estamos-a-facer-entre-10-mil-e-12-mil-km-ao-mes-por-galicia-encontrandonos-con-todos-os-sectores-produtivos-e-sociais\/#article","isPartOf":{"@id":"https:\/\/www.anovapeneira.gal\/index.php\/2022\/12\/22\/valentin-gonzalez-formoso-sx-do-psdeg-estamos-a-facer-entre-10-mil-e-12-mil-km-ao-mes-por-galicia-encontrandonos-con-todos-os-sectores-produtivos-e-sociais\/"},"author":{"name":"Alma L\u00f3pez Figueiras","@id":"https:\/\/www.anovapeneira.gal\/#\/schema\/person\/0746a5e9aff49562caf86a581a001c1c"},"headline":"Valent\u00edn Gonz\u00e1lez Formoso SX do PSdeG: \u201cEstamos a facer entre 10 mil e 12 mil km ao mes por Galicia, encontr\u00e1ndonos con todos os sectores produtivos e sociais\u201d","datePublished":"2022-12-22T11:00:55+00:00","mainEntityOfPage":{"@id":"https:\/\/www.anovapeneira.gal\/index.php\/2022\/12\/22\/valentin-gonzalez-formoso-sx-do-psdeg-estamos-a-facer-entre-10-mil-e-12-mil-km-ao-mes-por-galicia-encontrandonos-con-todos-os-sectores-produtivos-e-sociais\/"},"wordCount":2551,"commentCount":0,"publisher":{"@id":"https:\/\/www.anovapeneira.gal\/#organization"},"image":{"@id":"https:\/\/www.anovapeneira.gal\/index.php\/2022\/12\/22\/valentin-gonzalez-formoso-sx-do-psdeg-estamos-a-facer-entre-10-mil-e-12-mil-km-ao-mes-por-galicia-encontrandonos-con-todos-os-sectores-produtivos-e-sociais\/#primaryimage"},"thumbnailUrl":"https:\/\/www.anovapeneira.gal\/wp-content\/uploads\/2022\/12\/valentin_formoso.jpg","keywords":["Valent\u00edn G. Formoso"],"articleSection":["Entrevistas"],"inLanguage":"gl-ES","potentialAction":[{"@type":"CommentAction","name":"Comment","target":["https:\/\/www.anovapeneira.gal\/index.php\/2022\/12\/22\/valentin-gonzalez-formoso-sx-do-psdeg-estamos-a-facer-entre-10-mil-e-12-mil-km-ao-mes-por-galicia-encontrandonos-con-todos-os-sectores-produtivos-e-sociais\/#respond"]}]},{"@type":"WebPage","@id":"https:\/\/www.anovapeneira.gal\/index.php\/2022\/12\/22\/valentin-gonzalez-formoso-sx-do-psdeg-estamos-a-facer-entre-10-mil-e-12-mil-km-ao-mes-por-galicia-encontrandonos-con-todos-os-sectores-produtivos-e-sociais\/","url":"https:\/\/www.anovapeneira.gal\/index.php\/2022\/12\/22\/valentin-gonzalez-formoso-sx-do-psdeg-estamos-a-facer-entre-10-mil-e-12-mil-km-ao-mes-por-galicia-encontrandonos-con-todos-os-sectores-produtivos-e-sociais\/","name":"Valent\u00edn Gonz\u00e1lez Formoso SX do PSdeG: \u201cEstamos a facer entre 10 mil e 12 mil km ao mes por Galicia, encontr\u00e1ndonos con todos os sectores produtivos e sociais\u201d -","isPartOf":{"@id":"https:\/\/www.anovapeneira.gal\/#website"},"primaryImageOfPage":{"@id":"https:\/\/www.anovapeneira.gal\/index.php\/2022\/12\/22\/valentin-gonzalez-formoso-sx-do-psdeg-estamos-a-facer-entre-10-mil-e-12-mil-km-ao-mes-por-galicia-encontrandonos-con-todos-os-sectores-produtivos-e-sociais\/#primaryimage"},"image":{"@id":"https:\/\/www.anovapeneira.gal\/index.php\/2022\/12\/22\/valentin-gonzalez-formoso-sx-do-psdeg-estamos-a-facer-entre-10-mil-e-12-mil-km-ao-mes-por-galicia-encontrandonos-con-todos-os-sectores-produtivos-e-sociais\/#primaryimage"},"thumbnailUrl":"https:\/\/www.anovapeneira.gal\/wp-content\/uploads\/2022\/12\/valentin_formoso.jpg","datePublished":"2022-12-22T11:00:55+00:00","breadcrumb":{"@id":"https:\/\/www.anovapeneira.gal\/index.php\/2022\/12\/22\/valentin-gonzalez-formoso-sx-do-psdeg-estamos-a-facer-entre-10-mil-e-12-mil-km-ao-mes-por-galicia-encontrandonos-con-todos-os-sectores-produtivos-e-sociais\/#breadcrumb"},"inLanguage":"gl-ES","potentialAction":[{"@type":"ReadAction","target":["https:\/\/www.anovapeneira.gal\/index.php\/2022\/12\/22\/valentin-gonzalez-formoso-sx-do-psdeg-estamos-a-facer-entre-10-mil-e-12-mil-km-ao-mes-por-galicia-encontrandonos-con-todos-os-sectores-produtivos-e-sociais\/"]}]},{"@type":"ImageObject","inLanguage":"gl-ES","@id":"https:\/\/www.anovapeneira.gal\/index.php\/2022\/12\/22\/valentin-gonzalez-formoso-sx-do-psdeg-estamos-a-facer-entre-10-mil-e-12-mil-km-ao-mes-por-galicia-encontrandonos-con-todos-os-sectores-produtivos-e-sociais\/#primaryimage","url":"https:\/\/www.anovapeneira.gal\/wp-content\/uploads\/2022\/12\/valentin_formoso.jpg","contentUrl":"https:\/\/www.anovapeneira.gal\/wp-content\/uploads\/2022\/12\/valentin_formoso.jpg","width":720,"height":432,"caption":"Valent\u00edn Gonz\u00e1lez Formoso"},{"@type":"BreadcrumbList","@id":"https:\/\/www.anovapeneira.gal\/index.php\/2022\/12\/22\/valentin-gonzalez-formoso-sx-do-psdeg-estamos-a-facer-entre-10-mil-e-12-mil-km-ao-mes-por-galicia-encontrandonos-con-todos-os-sectores-produtivos-e-sociais\/#breadcrumb","itemListElement":[{"@type":"ListItem","position":1,"name":"Portada","item":"https:\/\/www.anovapeneira.gal\/"},{"@type":"ListItem","position":2,"name":"Valent\u00edn Gonz\u00e1lez Formoso SX do PSdeG: \u201cEstamos a facer entre 10 mil e 12 mil km ao mes por Galicia, encontr\u00e1ndonos con todos os sectores produtivos e sociais\u201d"}]},{"@type":"WebSite","@id":"https:\/\/www.anovapeneira.gal\/#website","url":"https:\/\/www.anovapeneira.gal\/","name":"","description":"Xornal galego de informaci\u00f3n xeral Publicaci\u00f3n mensual de novas de Galicia e en especial dos Concellos da sur da provincia de Pontevedra.","publisher":{"@id":"https:\/\/www.anovapeneira.gal\/#organization"},"potentialAction":[{"@type":"SearchAction","target":{"@type":"EntryPoint","urlTemplate":"https:\/\/www.anovapeneira.gal\/?s={search_term_string}"},"query-input":{"@type":"PropertyValueSpecification","valueRequired":true,"valueName":"search_term_string"}}],"inLanguage":"gl-ES"},{"@type":"Organization","@id":"https:\/\/www.anovapeneira.gal\/#organization","name":"A Nova Peneira","url":"https:\/\/www.anovapeneira.gal\/","logo":{"@type":"ImageObject","inLanguage":"gl-ES","@id":"https:\/\/www.anovapeneira.gal\/#\/schema\/logo\/image\/","url":"http:\/\/www.anovapeneira.gal\/wp-content\/uploads\/2019\/06\/logo_a_nova_peneira_portal_web.png","contentUrl":"http:\/\/www.anovapeneira.gal\/wp-content\/uploads\/2019\/06\/logo_a_nova_peneira_portal_web.png","width":300,"height":100,"caption":"A Nova Peneira"},"image":{"@id":"https:\/\/www.anovapeneira.gal\/#\/schema\/logo\/image\/"},"sameAs":["https:\/\/www.facebook.com\/anovapeneira","https:\/\/x.com\/APeneira"]},{"@type":"Person","@id":"https:\/\/www.anovapeneira.gal\/#\/schema\/person\/0746a5e9aff49562caf86a581a001c1c","name":"Alma L\u00f3pez Figueiras","image":{"@type":"ImageObject","inLanguage":"gl-ES","@id":"https:\/\/secure.gravatar.com\/avatar\/feba821d8b06f92a15842270e547b80062a95516341d6cf987c8062ab7527628?s=96&d=mm&r=g","url":"https:\/\/secure.gravatar.com\/avatar\/feba821d8b06f92a15842270e547b80062a95516341d6cf987c8062ab7527628?s=96&d=mm&r=g","contentUrl":"https:\/\/secure.gravatar.com\/avatar\/feba821d8b06f92a15842270e547b80062a95516341d6cf987c8062ab7527628?s=96&d=mm&r=g","caption":"Alma L\u00f3pez Figueiras"},"url":"https:\/\/www.anovapeneira.gal\/index.php\/author\/almalfigueiras\/"}]}},"jetpack_featured_media_url":"https:\/\/www.anovapeneira.gal\/wp-content\/uploads\/2022\/12\/valentin_formoso.jpg","_links":{"self":[{"href":"https:\/\/www.anovapeneira.gal\/index.php\/wp-json\/wp\/v2\/posts\/8800","targetHints":{"allow":["GET"]}}],"collection":[{"href":"https:\/\/www.anovapeneira.gal\/index.php\/wp-json\/wp\/v2\/posts"}],"about":[{"href":"https:\/\/www.anovapeneira.gal\/index.php\/wp-json\/wp\/v2\/types\/post"}],"author":[{"embeddable":true,"href":"https:\/\/www.anovapeneira.gal\/index.php\/wp-json\/wp\/v2\/users\/41"}],"replies":[{"embeddable":true,"href":"https:\/\/www.anovapeneira.gal\/index.php\/wp-json\/wp\/v2\/comments?post=8800"}],"version-history":[{"count":2,"href":"https:\/\/www.anovapeneira.gal\/index.php\/wp-json\/wp\/v2\/posts\/8800\/revisions"}],"predecessor-version":[{"id":8803,"href":"https:\/\/www.anovapeneira.gal\/index.php\/wp-json\/wp\/v2\/posts\/8800\/revisions\/8803"}],"wp:featuredmedia":[{"embeddable":true,"href":"https:\/\/www.anovapeneira.gal\/index.php\/wp-json\/wp\/v2\/media\/8801"}],"wp:attachment":[{"href":"https:\/\/www.anovapeneira.gal\/index.php\/wp-json\/wp\/v2\/media?parent=8800"}],"wp:term":[{"taxonomy":"category","embeddable":true,"href":"https:\/\/www.anovapeneira.gal\/index.php\/wp-json\/wp\/v2\/categories?post=8800"},{"taxonomy":"post_tag","embeddable":true,"href":"https:\/\/www.anovapeneira.gal\/index.php\/wp-json\/wp\/v2\/tags?post=8800"}],"curies":[{"name":"wp","href":"https:\/\/api.w.org\/{rel}","templated":true}]}}