{"id":8813,"date":"2022-12-26T10:00:23","date_gmt":"2022-12-26T09:00:23","guid":{"rendered":"https:\/\/www.anovapeneira.gal\/?p=8813"},"modified":"2022-12-19T10:43:05","modified_gmt":"2022-12-19T09:43:05","slug":"cousas-de-salvaterra-3","status":"publish","type":"post","link":"https:\/\/www.anovapeneira.gal\/index.php\/2022\/12\/26\/cousas-de-salvaterra-3\/","title":{"rendered":"Cousas de Salvaterra"},"content":{"rendered":"\n<h2 class=\"wp-block-heading\">Segundo ataque e\u2026 Salvaterra de Portugal, por 16 anos.<\/h2>\n\n\n\n<figure class=\"wp-block-image size-full is-resized\"><img loading=\"lazy\" decoding=\"async\" src=\"https:\/\/www.anovapeneira.gal\/wp-content\/uploads\/2020\/10\/anton_lorenzo_gonzalez_xaque.jpg\" alt=\"Ant\u00f3n Lorenzo Gonz\u00e1lez Saque\" class=\"wp-image-4073\" width=\"95\" height=\"115\"\/><figcaption><strong>Ant\u00f3n Lourenzo, veci\u00f1o da Vila<\/strong><\/figcaption><\/figure>\n\n\n\n<p>Lembremos que na primeira parte relatabamos como o Xeneral portugu\u00e9s, Conde de Castel-Melhor, a instancias do Rei, reuniu un grande ex\u00e9rcito de uns cinco mil homes, agochados na feligres\u00eda dos Milagres. Dirix\u00eduno de noite con sixilo, at\u00e9 o Castelo de Lapela, fronte a parroquia de Porto, fortemente defendido por mosqueter\u00eda e artiller\u00eda. De madrugada iniciaron a atraves\u00eda do r\u00edo por etapas, atacando con br\u00edo ben mesurado a atalaia de Porto, pobremente defendida e, se cadra, peor dirixida polo Xeneral alem\u00e1n Torres\u00f3n.<\/p>\n\n\n\n<p>Continuaci\u00f3n;<\/p>\n\n\n\n<p>Os galegos desesperados continuaron a marcha para Salvaterra confiando no n\u00famero de efectivos a esperanza de defender a praza, esta estaba gobernada polo Sarxento Maior Don Diego Donis, posto polo Conde de Torres\u00f3n trala morte de Don Gregorio L\u00f3pez de Puga, no primeiro ataque semanas antes. Conscientes da importancia da posici\u00f3n estrat\u00e9xica da fortificaci\u00f3n de Salvaterra, que de cair en m\u00e1ns portuguesas, amenazar\u00eda a seguridade de Tui e de todo o s\u00e9u distrito.<\/p>\n\n\n\n<p>Tui era a chave do reino da Galiza e concentraron nesa Vila o maior n\u00famero posible de efectivos humanos e materiales, tirados de Baiona, da Coru\u00f1a, de Monterrei, etc. tal vez pensando inxenuamente que o ataque ser\u00eda deica a\u00ed.<\/p>\n\n\n\n<figure class=\"wp-block-image size-large\"><img loading=\"lazy\" decoding=\"async\" width=\"576\" height=\"1024\" src=\"https:\/\/www.anovapeneira.gal\/wp-content\/uploads\/2022\/12\/xentileza_gonzalo_gil_gonzalez_madrid-576x1024.jpg\" alt=\"Xentileza do Sr. Gonzalo Gil Gonza\u0301lez, Madrid\" class=\"wp-image-8816\" srcset=\"https:\/\/www.anovapeneira.gal\/wp-content\/uploads\/2022\/12\/xentileza_gonzalo_gil_gonzalez_madrid-576x1024.jpg 576w, https:\/\/www.anovapeneira.gal\/wp-content\/uploads\/2022\/12\/xentileza_gonzalo_gil_gonzalez_madrid-169x300.jpg 169w, https:\/\/www.anovapeneira.gal\/wp-content\/uploads\/2022\/12\/xentileza_gonzalo_gil_gonzalez_madrid-768x1365.jpg 768w, https:\/\/www.anovapeneira.gal\/wp-content\/uploads\/2022\/12\/xentileza_gonzalo_gil_gonzalez_madrid-864x1536.jpg 864w, https:\/\/www.anovapeneira.gal\/wp-content\/uploads\/2022\/12\/xentileza_gonzalo_gil_gonzalez_madrid.jpg 1152w\" sizes=\"auto, (max-width: 576px) 100vw, 576px\" \/><figcaption>Xentileza do Sr. Gonzalo Gil Gonza\u0301lez, Madrid<\/figcaption><\/figure>\n\n\n\n<p>Pronto sair\u00edan do seu erro, porque atravesando as parroquias de Porto e Arantei e, xa en Salvaterra, os lugares do Lodeiro, da Fraga e Fontoura, chegaron sobre \u00e1s tres da tarde a vista do convento de San Francisco , sen esperar a que m\u00e1is xente se incorporase, avanzou Antonio de Queiroz sobre as trincheiras. Segu\u00edrono os dem\u00e1is e, superando os primeiros atrancos, con resoluci\u00f3n entran na vila, a pesar da resistencia dos galegos. A dilixencia con que o tenente Lu\u00eds de Oliveiros Famel ordenou o ataque, a bravura con que se acometeu os galegos, obligaron a estes retirarse dentro da fortificaci\u00f3n. Nas casas do Conde de Salvaterra e outros a lugares pr\u00f3ximos fix\u00e9ronse fortes.<\/p>\n\n\n\n<p>O mestre de campo Viole d`Athis, non querendo dar cuartel, envestiu a fortificaci\u00f3n pero atopou tan perigosa resistencia que obrigou aos soldados a que se cubrisen tras unha trincheira, que corr\u00eda dende a vila at\u00e9 a fortificaci\u00f3n, levantada a primeira vez que se atacou Salvaterra, e que os galegos non desfixeran, por non recelar un segundo ataque. Viole d`Athis, tendo a xente a cuberto, desprezando o propio risco, querendo reco\u00f1ecer a forma como se pod\u00eda atacar o Castelo, descubriuse para reco\u00f1ecer a fortificaci\u00f3n, con tan infeliz sorte que acert\u00e1ndolle unha bala no peito, caiu do impulso do golpe e en breve espazo morreu, con xeral sentimento de t\u00f3dolos soldados merecido polos moitos e bos servizos prestados na defensa do Reino. Nesa ocasi\u00f3n outra bala matou tam\u00e9n a Manoel de Abreu da Rocha, mozo noble.<\/p>\n\n\n\n<p>O capit\u00e1n Antonio de Queir\u00f3s, estimulado por esta desgraza, investiu as trincheiras con grande valor, facendo o mesmo o Conde de Castel Melhor, seguidos da maior parte dos soldados. C\u00fapolle a este capit\u00e1n a envestida por unda o mosteiro de San Francisco, lugar descuberto, que fac\u00eda barreira \u00e1s balas. Para expor menos os soldados \u00e1s balas, mandou que se extenderan e anchearan o ataque pasando as\u00ed as balas entre eles con menos peligro. Chegou ent\u00f3n o Conde a cabalo que non cesaba de animar, ordenar e dispor, pero visto o grande peligro o que se expu\u00f1a, d\u00ed a lenda que Antonio de Queir\u00f3s lle preguntou, \u201cSenhor, quem traz aqu\u00ed Vossa Senhoria?\u201d, respondeulle o Conde, con grande sosego e igual valor, \u201cningu\u00e9m me traz, eu venho\u201d. Antonio de Queir\u00f3s, fac\u00e9ndolle ver que non era aquel lugar para a s\u00faa Se\u00f1or\u00eda, fixoo retirar.<\/p>\n\n\n\n<p>O poder\u00edo da bater\u00eda enemiga era notable naquel lugar, ent\u00f3n resolveu o capit\u00e1n Queir\u00f3s ser de menos perigo tomar as trincheiras, que esperar a peito descuberto tantas balas, as\u00ed, seguido polos soldados e oficiais, caindo uns feridos e outros mortos, ga\u00f1aron por esa parte e protex\u00e9nronse nelas.<\/p>\n\n\n\n<p>Nesa altura, vendo a nosa cabaler\u00eda tropas enemigas o lado esquerdo unda o monte do Facho, (este chamado monte do Facho, ten que ser necesariamente ou ben o alto do lugar de Fontoura ou o alto da Fonte), f\u00f3rona envestir e fix\u00e9rona retirar con algunhas perdas. Baixou logo a cortar a retirada de xente que fux\u00eda da vila con presteza, ficaron os nosos cabaleiros por fora facendo alarde de conter o empuxe da cabaler\u00eda e infanter\u00eda contraria, que unha e outra vez procuraba acometernos.<\/p>\n\n\n\n<p>Sentiron tanto os nosos soldados a morte do Mestre de Campo Datis que se embraveceron para a s\u00faa venganza, tal que rompendo as formalidades da guerra, arremeteron contra a porta principal con arroxo e coraxe que a pesar da mosqueter\u00eda e pedras que del se exped\u00edan fix\u00e9ronse se\u00f1ores dela. Mandara aviso o Conde os acuartelados para que se rendiran, o que non quixeron facer pero, ante a evidencia da derrota, apareceu Don Francisco Soutelo de Montaos, Alcaide Maior con un lenzo en sinal de rendici\u00f3n, foi respondido con unha bala que lle entrou polo pescozo, pediu logo cuartel o Gobernador das armas \u00f3 capit\u00e1n Antonio de Queir\u00f3z quen llelo otorgou. Vendo infructuosa a defensa, rend\u00edronse, sendo dos primeiros que subir\u00e1n o alto das casas, o axudante Jo\u00e3o Cardoso e Jo\u00e3o da Cunha Soto Maior.<\/p>\n\n\n\n<p>Antonio de Queir\u00f3s, defendeu piadosamente a vida dos soldados rendidos, de seren degolados, xa que os portugueses encoraxinados de veren morto o seu Mestre de Campo, non lles quer\u00edan dar cuartel. Neste asalto resultaron vinteseis mortos e outros tantos feridos. Ficaron prisioneiros cento cuarenta galegos, entre eles o Alcaide Maior D. Francisco Soutelo, que foi levado ante o Conde de Castel-Melhor , levaron tam\u00e9n uns doce prisioneiros de importancia, sendo con todos eles piadoso, conced\u00e9ulle as vidas pero enviounos para Mon\u00e7\u00e3o e dal\u00ed para Barcelos, nesa cidade morreu o Alcaide Maior Don Francisco Soutelo de Montaos das graves feridas de bala recibidas. En toda a xornada pasaran de cen os que perderan as vidas, dos portugueses morreran vinte e ficaran cuarenta feridos.<\/p>\n\n\n\n<p>Os galegos reunindo a xente que se retirara e de cabaler\u00eda, intentaron facer fronte o enemigo de novo pero, rendidos os da casa forte, saiu o Conde na procura deles no lugar que chaman do Rosario, cincocentos pasos diante da mesma vila, estes despois de matarlle dous e ferir moitos, desenga\u00f1ados da desgraza precedente xa non ousaron combatir, deixando un portugues ferido e morto o cabalo do Tenente Duquin\u00e9.<\/p>\n\n\n\n<p>Rendida a praza o Conde mandou enterrar os mortos. O corpo do Mestre de campo foi levado a Mon\u00e7\u00e3o, a Condesa de Castel-Melhor mandouno enterrar na igrexa das freiras de San Francisco desa Vila, coas honras e ceremonias que se deb\u00edan \u00e1 memoria do Mestre de Campo Viole Datis, que eles tanto amaban e que \u00e9l tanto merec\u00eda, pola s\u00faa nobleza e grande afabilidade, as\u00ed como polo amor e esforzo que amosou en adestrar nas armas a aquela xente, e pola vida \u00f3 servizo da s\u00faa Maxestade con tanta constancia como se fora natural portugu\u00e9s. Os dem\u00e1is prisioneiros, que pasaron de cento cuarenta, foron postos en liberdade ag\u00e1s alg\u00fans que ficaron para servir nas fortificaci\u00f3ns.<\/p>\n\n\n\n<p>Sen perder tempo, promoveu o Conde a Diogo de Mello Pereira, Gobernador da Cabaler\u00eda, \u00f3 cargo de Mestre de Campo e no que \u00e9l deixaba, o seu Tenente Duquin\u00e9, eleci\u00f3n acertada e confirmada polo Rei. No goberno da praza nomeou o capit\u00e1n Andr\u00e9 da Costa Alcam\u00e9, pero s\u00faa Maxestade poveeu nela a Lopo Pereira de Lima.<\/p>\n\n\n\n<p>O enemigo, que de perto viu que non pod\u00eda acometer os portugueses, perdidas as esperanzas, retirouse a unhas alturas a tiro de artiller\u00eda da Vila, m\u00e1is tarde con soldados as ordes de Diogo de Melho Pereira oblig\u00e1ronos a s\u00faa total retirada.<\/p>\n\n\n\n<p>O d\u00eda seguinte, 16 de agosto de 1643, comenzou o Conde a fortificar Salvaterra, tratando o asunto cos enxe\u00f1eiros Dupuncel e Avvers. Levantou primeiro unha trincheira capaz de aloxar dentro dela cinco mil infantes, e prove\u00e9ndoa de todo o necesario para a defensa. Acabada a trincheira, mandou fabricar unha ponte de barcas, coa dificultade de ser o r\u00edo moi fondo e levar as augas moito \u00edmpetu. En canto a ponte ficou segura, concurriron por ela t\u00f3dolos materiais para a fortificaci\u00f3n. Deuse principio arrasando o arrabal (nese arraso destruiron o convento de S. Francisco), e ocupando un lugar de monte no que haber\u00eda oitenta casas (po\u00f1amos que a zona que vai de Funtoura, A Forca, Alto da Fonte e Campo da Feira); levant\u00e1ronse catro baluartes de canteir\u00eda e terraplan\u00e1ronse, dispux\u00e9ronse fosos e estradas cubertas, toda a obra con pouco custo \u00e1 facenda real.<\/p>\n\n\n\n<p>Durante o traballo de fortificaci\u00f3n, supo o Conde de Castel Melhor que o enemigo fortificava a s\u00faa vez a ponte da Fillaboa. Deu orde \u00f3 mestre de campo Diogo de Melo Pereira, quen sucedeo no empleo o falecido Viole d`Athis, que fora con dous mil infantes e cinconta cabalos, dos que era capit\u00e1n Duquesne, a atacar na ponte a fortificaci\u00f3n comenzada. Marchou el e, encontrando no cami\u00f1o catrocentos infantes do enemigo e cen cabalos que cami\u00f1aban para a ponte, investiunos e desbaratounos f\u00e1cilmente, matando a muitos e ficando prisioneiros cento vinte. Continuou a marcha, chegou a ponte e dividiu a infanter\u00eda en tres partes, chegou primeiro a que gobernava o capit\u00e1n Antonio Rodr\u00edguez, castel\u00e1n, (o mesmo que axudara a fuxir da prisi\u00f3n de Cartaxena de Indias o Conde), asaltou valerosamente as trincheiras e ga\u00f1ounas. Chegaron os outros dous trozos e obligaron o enemigo a retirarse. Diogo de Melo, desfeitas as trincheiras e desmantelado un reduto, o que o enemigo dera principio e despois voltou levantar, queimou alg\u00fans lugares que estaban veci\u00f1os a ponte e retirouse pra Salvaterra.<\/p>\n\n\n\n<p>Salvaterra, Nadal do 2022<\/p>\n\n\n\n<p>Fontes:<\/p>\n\n\n\n<p>Historia do Portugal Restaurado. Biblioteca Penzol, Vigo.<\/p>\n\n\n\n<p>Jo\u00e3o Salgado de Araujo, Abade de Pera. Biblioteca Nnal. Lisboa.<\/p>\n","protected":false},"excerpt":{"rendered":"<div class=\"mh-excerpt\"><p>Lembremos que na primeira parte relatabamos como o Xeneral portugu\u00e9s, Conde de Castel-Melhor, a instancias do Rei, reuniu un grande ex\u00e9rcito de uns cinco mil homes, agochados na feligres\u00eda dos Milagres <a class=\"mh-excerpt-more\" href=\"https:\/\/www.anovapeneira.gal\/index.php\/2022\/12\/26\/cousas-de-salvaterra-3\/\" title=\"Cousas de Salvaterra\">[&#8230;]<\/a><\/p>\n<\/div>","protected":false},"author":34,"featured_media":8815,"comment_status":"open","ping_status":"open","sticky":false,"template":"","format":"standard","meta":{"_exactmetrics_skip_tracking":false,"_exactmetrics_sitenote_active":false,"_exactmetrics_sitenote_note":"","_exactmetrics_sitenote_category":0,"footnotes":""},"categories":[7],"tags":[186],"class_list":{"0":"post-8813","1":"post","2":"type-post","3":"status-publish","4":"format-standard","5":"has-post-thumbnail","7":"category-artigos-de-opinion","8":"tag-concello-de-salvaterra-do-mino"},"yoast_head":"<!-- This site is optimized with the Yoast SEO plugin v27.4 - https:\/\/yoast.com\/product\/yoast-seo-wordpress\/ -->\n<title>Cousas de Salvaterra -<\/title>\n<meta name=\"description\" content=\"Lembremos que na primeira parte relatabamos como o Xeneral portugu\u00e9s, Conde de Castel-Melhor, a instancias do Rei, reuniu un grande ex\u00e9rcito de uns cinco mil homes, agochados na feligres\u00eda dos Milagres\" \/>\n<meta name=\"robots\" content=\"index, follow, max-snippet:-1, max-image-preview:large, max-video-preview:-1\" \/>\n<link rel=\"canonical\" href=\"https:\/\/www.anovapeneira.gal\/index.php\/2022\/12\/26\/cousas-de-salvaterra-3\/\" \/>\n<meta property=\"og:locale\" content=\"gl_ES\" \/>\n<meta property=\"og:type\" content=\"article\" \/>\n<meta property=\"og:title\" content=\"Cousas de Salvaterra -\" \/>\n<meta property=\"og:description\" content=\"Lembremos que na primeira parte relatabamos como o Xeneral portugu\u00e9s, Conde de Castel-Melhor, a instancias do Rei, reuniu un grande ex\u00e9rcito de uns cinco mil homes, agochados na feligres\u00eda dos Milagres\" \/>\n<meta property=\"og:url\" content=\"https:\/\/www.anovapeneira.gal\/index.php\/2022\/12\/26\/cousas-de-salvaterra-3\/\" \/>\n<meta property=\"article:publisher\" content=\"https:\/\/www.facebook.com\/anovapeneira\" \/>\n<meta property=\"article:published_time\" content=\"2022-12-26T09:00:23+00:00\" \/>\n<meta property=\"og:image\" content=\"https:\/\/www.anovapeneira.gal\/wp-content\/uploads\/2022\/12\/cousas_de_salvaterra.jpg\" \/>\n\t<meta property=\"og:image:width\" content=\"720\" \/>\n\t<meta property=\"og:image:height\" content=\"432\" \/>\n\t<meta property=\"og:image:type\" content=\"image\/jpeg\" \/>\n<meta name=\"author\" content=\"Ant\u00f3n Lorenzo Gonz\u00e1lez\" \/>\n<meta name=\"twitter:card\" content=\"summary_large_image\" \/>\n<meta name=\"twitter:creator\" content=\"@APeneira\" \/>\n<meta name=\"twitter:site\" content=\"@APeneira\" \/>\n<meta name=\"twitter:label1\" content=\"Escrito por\" \/>\n\t<meta name=\"twitter:data1\" content=\"Ant\u00f3n Lorenzo Gonz\u00e1lez\" \/>\n\t<meta name=\"twitter:label2\" content=\"Tempo de lectura\" \/>\n\t<meta name=\"twitter:data2\" content=\"10 minutos\" \/>\n<script type=\"application\/ld+json\" class=\"yoast-schema-graph\">{\"@context\":\"https:\\\/\\\/schema.org\",\"@graph\":[{\"@type\":\"Article\",\"@id\":\"https:\\\/\\\/www.anovapeneira.gal\\\/index.php\\\/2022\\\/12\\\/26\\\/cousas-de-salvaterra-3\\\/#article\",\"isPartOf\":{\"@id\":\"https:\\\/\\\/www.anovapeneira.gal\\\/index.php\\\/2022\\\/12\\\/26\\\/cousas-de-salvaterra-3\\\/\"},\"author\":{\"name\":\"Ant\u00f3n Lorenzo Gonz\u00e1lez\",\"@id\":\"https:\\\/\\\/www.anovapeneira.gal\\\/#\\\/schema\\\/person\\\/1bf91cd240796d05b6522e3d8a6e2d8e\"},\"headline\":\"Cousas de Salvaterra\",\"datePublished\":\"2022-12-26T09:00:23+00:00\",\"mainEntityOfPage\":{\"@id\":\"https:\\\/\\\/www.anovapeneira.gal\\\/index.php\\\/2022\\\/12\\\/26\\\/cousas-de-salvaterra-3\\\/\"},\"wordCount\":1747,\"commentCount\":0,\"publisher\":{\"@id\":\"https:\\\/\\\/www.anovapeneira.gal\\\/#organization\"},\"image\":{\"@id\":\"https:\\\/\\\/www.anovapeneira.gal\\\/index.php\\\/2022\\\/12\\\/26\\\/cousas-de-salvaterra-3\\\/#primaryimage\"},\"thumbnailUrl\":\"https:\\\/\\\/www.anovapeneira.gal\\\/wp-content\\\/uploads\\\/2022\\\/12\\\/cousas_de_salvaterra.jpg\",\"keywords\":[\"Concello de Salvaterra do Mi\u00f1o\"],\"articleSection\":[\"Artigos de opini\u00f3n\"],\"inLanguage\":\"gl-ES\",\"potentialAction\":[{\"@type\":\"CommentAction\",\"name\":\"Comment\",\"target\":[\"https:\\\/\\\/www.anovapeneira.gal\\\/index.php\\\/2022\\\/12\\\/26\\\/cousas-de-salvaterra-3\\\/#respond\"]}]},{\"@type\":\"WebPage\",\"@id\":\"https:\\\/\\\/www.anovapeneira.gal\\\/index.php\\\/2022\\\/12\\\/26\\\/cousas-de-salvaterra-3\\\/\",\"url\":\"https:\\\/\\\/www.anovapeneira.gal\\\/index.php\\\/2022\\\/12\\\/26\\\/cousas-de-salvaterra-3\\\/\",\"name\":\"Cousas de Salvaterra -\",\"isPartOf\":{\"@id\":\"https:\\\/\\\/www.anovapeneira.gal\\\/#website\"},\"primaryImageOfPage\":{\"@id\":\"https:\\\/\\\/www.anovapeneira.gal\\\/index.php\\\/2022\\\/12\\\/26\\\/cousas-de-salvaterra-3\\\/#primaryimage\"},\"image\":{\"@id\":\"https:\\\/\\\/www.anovapeneira.gal\\\/index.php\\\/2022\\\/12\\\/26\\\/cousas-de-salvaterra-3\\\/#primaryimage\"},\"thumbnailUrl\":\"https:\\\/\\\/www.anovapeneira.gal\\\/wp-content\\\/uploads\\\/2022\\\/12\\\/cousas_de_salvaterra.jpg\",\"datePublished\":\"2022-12-26T09:00:23+00:00\",\"description\":\"Lembremos que na primeira parte relatabamos como o Xeneral portugu\u00e9s, Conde de Castel-Melhor, a instancias do Rei, reuniu un grande ex\u00e9rcito de uns cinco mil homes, agochados na feligres\u00eda dos Milagres\",\"breadcrumb\":{\"@id\":\"https:\\\/\\\/www.anovapeneira.gal\\\/index.php\\\/2022\\\/12\\\/26\\\/cousas-de-salvaterra-3\\\/#breadcrumb\"},\"inLanguage\":\"gl-ES\",\"potentialAction\":[{\"@type\":\"ReadAction\",\"target\":[\"https:\\\/\\\/www.anovapeneira.gal\\\/index.php\\\/2022\\\/12\\\/26\\\/cousas-de-salvaterra-3\\\/\"]}]},{\"@type\":\"ImageObject\",\"inLanguage\":\"gl-ES\",\"@id\":\"https:\\\/\\\/www.anovapeneira.gal\\\/index.php\\\/2022\\\/12\\\/26\\\/cousas-de-salvaterra-3\\\/#primaryimage\",\"url\":\"https:\\\/\\\/www.anovapeneira.gal\\\/wp-content\\\/uploads\\\/2022\\\/12\\\/cousas_de_salvaterra.jpg\",\"contentUrl\":\"https:\\\/\\\/www.anovapeneira.gal\\\/wp-content\\\/uploads\\\/2022\\\/12\\\/cousas_de_salvaterra.jpg\",\"width\":720,\"height\":432,\"caption\":\"Segundo ataque e\u2026 Salvaterra de Portugal, por 16 anos\"},{\"@type\":\"BreadcrumbList\",\"@id\":\"https:\\\/\\\/www.anovapeneira.gal\\\/index.php\\\/2022\\\/12\\\/26\\\/cousas-de-salvaterra-3\\\/#breadcrumb\",\"itemListElement\":[{\"@type\":\"ListItem\",\"position\":1,\"name\":\"Portada\",\"item\":\"https:\\\/\\\/www.anovapeneira.gal\\\/\"},{\"@type\":\"ListItem\",\"position\":2,\"name\":\"Cousas de Salvaterra\"}]},{\"@type\":\"WebSite\",\"@id\":\"https:\\\/\\\/www.anovapeneira.gal\\\/#website\",\"url\":\"https:\\\/\\\/www.anovapeneira.gal\\\/\",\"name\":\"\",\"description\":\"Xornal galego de informaci\u00f3n xeral Publicaci\u00f3n mensual de novas de Galicia e en especial dos Concellos da sur da provincia de Pontevedra.\",\"publisher\":{\"@id\":\"https:\\\/\\\/www.anovapeneira.gal\\\/#organization\"},\"potentialAction\":[{\"@type\":\"SearchAction\",\"target\":{\"@type\":\"EntryPoint\",\"urlTemplate\":\"https:\\\/\\\/www.anovapeneira.gal\\\/?s={search_term_string}\"},\"query-input\":{\"@type\":\"PropertyValueSpecification\",\"valueRequired\":true,\"valueName\":\"search_term_string\"}}],\"inLanguage\":\"gl-ES\"},{\"@type\":\"Organization\",\"@id\":\"https:\\\/\\\/www.anovapeneira.gal\\\/#organization\",\"name\":\"A Nova Peneira\",\"url\":\"https:\\\/\\\/www.anovapeneira.gal\\\/\",\"logo\":{\"@type\":\"ImageObject\",\"inLanguage\":\"gl-ES\",\"@id\":\"https:\\\/\\\/www.anovapeneira.gal\\\/#\\\/schema\\\/logo\\\/image\\\/\",\"url\":\"http:\\\/\\\/www.anovapeneira.gal\\\/wp-content\\\/uploads\\\/2019\\\/06\\\/logo_a_nova_peneira_portal_web.png\",\"contentUrl\":\"http:\\\/\\\/www.anovapeneira.gal\\\/wp-content\\\/uploads\\\/2019\\\/06\\\/logo_a_nova_peneira_portal_web.png\",\"width\":300,\"height\":100,\"caption\":\"A Nova Peneira\"},\"image\":{\"@id\":\"https:\\\/\\\/www.anovapeneira.gal\\\/#\\\/schema\\\/logo\\\/image\\\/\"},\"sameAs\":[\"https:\\\/\\\/www.facebook.com\\\/anovapeneira\",\"https:\\\/\\\/x.com\\\/APeneira\"]},{\"@type\":\"Person\",\"@id\":\"https:\\\/\\\/www.anovapeneira.gal\\\/#\\\/schema\\\/person\\\/1bf91cd240796d05b6522e3d8a6e2d8e\",\"name\":\"Ant\u00f3n Lorenzo Gonz\u00e1lez\",\"image\":{\"@type\":\"ImageObject\",\"inLanguage\":\"gl-ES\",\"@id\":\"https:\\\/\\\/secure.gravatar.com\\\/avatar\\\/dcd882e8f4338e07610336943426400d525673506eb37ce59442ba704e5cc971?s=96&d=mm&r=g\",\"url\":\"https:\\\/\\\/secure.gravatar.com\\\/avatar\\\/dcd882e8f4338e07610336943426400d525673506eb37ce59442ba704e5cc971?s=96&d=mm&r=g\",\"contentUrl\":\"https:\\\/\\\/secure.gravatar.com\\\/avatar\\\/dcd882e8f4338e07610336943426400d525673506eb37ce59442ba704e5cc971?s=96&d=mm&r=g\",\"caption\":\"Ant\u00f3n Lorenzo Gonz\u00e1lez\"},\"url\":\"https:\\\/\\\/www.anovapeneira.gal\\\/index.php\\\/author\\\/xaque\\\/\"}]}<\/script>\n<!-- \/ Yoast SEO plugin. -->","yoast_head_json":{"title":"Cousas de Salvaterra -","description":"Lembremos que na primeira parte relatabamos como o Xeneral portugu\u00e9s, Conde de Castel-Melhor, a instancias do Rei, reuniu un grande ex\u00e9rcito de uns cinco mil homes, agochados na feligres\u00eda dos Milagres","robots":{"index":"index","follow":"follow","max-snippet":"max-snippet:-1","max-image-preview":"max-image-preview:large","max-video-preview":"max-video-preview:-1"},"canonical":"https:\/\/www.anovapeneira.gal\/index.php\/2022\/12\/26\/cousas-de-salvaterra-3\/","og_locale":"gl_ES","og_type":"article","og_title":"Cousas de Salvaterra -","og_description":"Lembremos que na primeira parte relatabamos como o Xeneral portugu\u00e9s, Conde de Castel-Melhor, a instancias do Rei, reuniu un grande ex\u00e9rcito de uns cinco mil homes, agochados na feligres\u00eda dos Milagres","og_url":"https:\/\/www.anovapeneira.gal\/index.php\/2022\/12\/26\/cousas-de-salvaterra-3\/","article_publisher":"https:\/\/www.facebook.com\/anovapeneira","article_published_time":"2022-12-26T09:00:23+00:00","og_image":[{"width":720,"height":432,"url":"https:\/\/www.anovapeneira.gal\/wp-content\/uploads\/2022\/12\/cousas_de_salvaterra.jpg","type":"image\/jpeg"}],"author":"Ant\u00f3n Lorenzo Gonz\u00e1lez","twitter_card":"summary_large_image","twitter_creator":"@APeneira","twitter_site":"@APeneira","twitter_misc":{"Escrito por":"Ant\u00f3n Lorenzo Gonz\u00e1lez","Tempo de lectura":"10 minutos"},"schema":{"@context":"https:\/\/schema.org","@graph":[{"@type":"Article","@id":"https:\/\/www.anovapeneira.gal\/index.php\/2022\/12\/26\/cousas-de-salvaterra-3\/#article","isPartOf":{"@id":"https:\/\/www.anovapeneira.gal\/index.php\/2022\/12\/26\/cousas-de-salvaterra-3\/"},"author":{"name":"Ant\u00f3n Lorenzo Gonz\u00e1lez","@id":"https:\/\/www.anovapeneira.gal\/#\/schema\/person\/1bf91cd240796d05b6522e3d8a6e2d8e"},"headline":"Cousas de Salvaterra","datePublished":"2022-12-26T09:00:23+00:00","mainEntityOfPage":{"@id":"https:\/\/www.anovapeneira.gal\/index.php\/2022\/12\/26\/cousas-de-salvaterra-3\/"},"wordCount":1747,"commentCount":0,"publisher":{"@id":"https:\/\/www.anovapeneira.gal\/#organization"},"image":{"@id":"https:\/\/www.anovapeneira.gal\/index.php\/2022\/12\/26\/cousas-de-salvaterra-3\/#primaryimage"},"thumbnailUrl":"https:\/\/www.anovapeneira.gal\/wp-content\/uploads\/2022\/12\/cousas_de_salvaterra.jpg","keywords":["Concello de Salvaterra do Mi\u00f1o"],"articleSection":["Artigos de opini\u00f3n"],"inLanguage":"gl-ES","potentialAction":[{"@type":"CommentAction","name":"Comment","target":["https:\/\/www.anovapeneira.gal\/index.php\/2022\/12\/26\/cousas-de-salvaterra-3\/#respond"]}]},{"@type":"WebPage","@id":"https:\/\/www.anovapeneira.gal\/index.php\/2022\/12\/26\/cousas-de-salvaterra-3\/","url":"https:\/\/www.anovapeneira.gal\/index.php\/2022\/12\/26\/cousas-de-salvaterra-3\/","name":"Cousas de Salvaterra -","isPartOf":{"@id":"https:\/\/www.anovapeneira.gal\/#website"},"primaryImageOfPage":{"@id":"https:\/\/www.anovapeneira.gal\/index.php\/2022\/12\/26\/cousas-de-salvaterra-3\/#primaryimage"},"image":{"@id":"https:\/\/www.anovapeneira.gal\/index.php\/2022\/12\/26\/cousas-de-salvaterra-3\/#primaryimage"},"thumbnailUrl":"https:\/\/www.anovapeneira.gal\/wp-content\/uploads\/2022\/12\/cousas_de_salvaterra.jpg","datePublished":"2022-12-26T09:00:23+00:00","description":"Lembremos que na primeira parte relatabamos como o Xeneral portugu\u00e9s, Conde de Castel-Melhor, a instancias do Rei, reuniu un grande ex\u00e9rcito de uns cinco mil homes, agochados na feligres\u00eda dos Milagres","breadcrumb":{"@id":"https:\/\/www.anovapeneira.gal\/index.php\/2022\/12\/26\/cousas-de-salvaterra-3\/#breadcrumb"},"inLanguage":"gl-ES","potentialAction":[{"@type":"ReadAction","target":["https:\/\/www.anovapeneira.gal\/index.php\/2022\/12\/26\/cousas-de-salvaterra-3\/"]}]},{"@type":"ImageObject","inLanguage":"gl-ES","@id":"https:\/\/www.anovapeneira.gal\/index.php\/2022\/12\/26\/cousas-de-salvaterra-3\/#primaryimage","url":"https:\/\/www.anovapeneira.gal\/wp-content\/uploads\/2022\/12\/cousas_de_salvaterra.jpg","contentUrl":"https:\/\/www.anovapeneira.gal\/wp-content\/uploads\/2022\/12\/cousas_de_salvaterra.jpg","width":720,"height":432,"caption":"Segundo ataque e\u2026 Salvaterra de Portugal, por 16 anos"},{"@type":"BreadcrumbList","@id":"https:\/\/www.anovapeneira.gal\/index.php\/2022\/12\/26\/cousas-de-salvaterra-3\/#breadcrumb","itemListElement":[{"@type":"ListItem","position":1,"name":"Portada","item":"https:\/\/www.anovapeneira.gal\/"},{"@type":"ListItem","position":2,"name":"Cousas de Salvaterra"}]},{"@type":"WebSite","@id":"https:\/\/www.anovapeneira.gal\/#website","url":"https:\/\/www.anovapeneira.gal\/","name":"","description":"Xornal galego de informaci\u00f3n xeral Publicaci\u00f3n mensual de novas de Galicia e en especial dos Concellos da sur da provincia de Pontevedra.","publisher":{"@id":"https:\/\/www.anovapeneira.gal\/#organization"},"potentialAction":[{"@type":"SearchAction","target":{"@type":"EntryPoint","urlTemplate":"https:\/\/www.anovapeneira.gal\/?s={search_term_string}"},"query-input":{"@type":"PropertyValueSpecification","valueRequired":true,"valueName":"search_term_string"}}],"inLanguage":"gl-ES"},{"@type":"Organization","@id":"https:\/\/www.anovapeneira.gal\/#organization","name":"A Nova Peneira","url":"https:\/\/www.anovapeneira.gal\/","logo":{"@type":"ImageObject","inLanguage":"gl-ES","@id":"https:\/\/www.anovapeneira.gal\/#\/schema\/logo\/image\/","url":"http:\/\/www.anovapeneira.gal\/wp-content\/uploads\/2019\/06\/logo_a_nova_peneira_portal_web.png","contentUrl":"http:\/\/www.anovapeneira.gal\/wp-content\/uploads\/2019\/06\/logo_a_nova_peneira_portal_web.png","width":300,"height":100,"caption":"A Nova Peneira"},"image":{"@id":"https:\/\/www.anovapeneira.gal\/#\/schema\/logo\/image\/"},"sameAs":["https:\/\/www.facebook.com\/anovapeneira","https:\/\/x.com\/APeneira"]},{"@type":"Person","@id":"https:\/\/www.anovapeneira.gal\/#\/schema\/person\/1bf91cd240796d05b6522e3d8a6e2d8e","name":"Ant\u00f3n Lorenzo Gonz\u00e1lez","image":{"@type":"ImageObject","inLanguage":"gl-ES","@id":"https:\/\/secure.gravatar.com\/avatar\/dcd882e8f4338e07610336943426400d525673506eb37ce59442ba704e5cc971?s=96&d=mm&r=g","url":"https:\/\/secure.gravatar.com\/avatar\/dcd882e8f4338e07610336943426400d525673506eb37ce59442ba704e5cc971?s=96&d=mm&r=g","contentUrl":"https:\/\/secure.gravatar.com\/avatar\/dcd882e8f4338e07610336943426400d525673506eb37ce59442ba704e5cc971?s=96&d=mm&r=g","caption":"Ant\u00f3n Lorenzo Gonz\u00e1lez"},"url":"https:\/\/www.anovapeneira.gal\/index.php\/author\/xaque\/"}]}},"jetpack_featured_media_url":"https:\/\/www.anovapeneira.gal\/wp-content\/uploads\/2022\/12\/cousas_de_salvaterra.jpg","_links":{"self":[{"href":"https:\/\/www.anovapeneira.gal\/index.php\/wp-json\/wp\/v2\/posts\/8813","targetHints":{"allow":["GET"]}}],"collection":[{"href":"https:\/\/www.anovapeneira.gal\/index.php\/wp-json\/wp\/v2\/posts"}],"about":[{"href":"https:\/\/www.anovapeneira.gal\/index.php\/wp-json\/wp\/v2\/types\/post"}],"author":[{"embeddable":true,"href":"https:\/\/www.anovapeneira.gal\/index.php\/wp-json\/wp\/v2\/users\/34"}],"replies":[{"embeddable":true,"href":"https:\/\/www.anovapeneira.gal\/index.php\/wp-json\/wp\/v2\/comments?post=8813"}],"version-history":[{"count":2,"href":"https:\/\/www.anovapeneira.gal\/index.php\/wp-json\/wp\/v2\/posts\/8813\/revisions"}],"predecessor-version":[{"id":8818,"href":"https:\/\/www.anovapeneira.gal\/index.php\/wp-json\/wp\/v2\/posts\/8813\/revisions\/8818"}],"wp:featuredmedia":[{"embeddable":true,"href":"https:\/\/www.anovapeneira.gal\/index.php\/wp-json\/wp\/v2\/media\/8815"}],"wp:attachment":[{"href":"https:\/\/www.anovapeneira.gal\/index.php\/wp-json\/wp\/v2\/media?parent=8813"}],"wp:term":[{"taxonomy":"category","embeddable":true,"href":"https:\/\/www.anovapeneira.gal\/index.php\/wp-json\/wp\/v2\/categories?post=8813"},{"taxonomy":"post_tag","embeddable":true,"href":"https:\/\/www.anovapeneira.gal\/index.php\/wp-json\/wp\/v2\/tags?post=8813"}],"curies":[{"name":"wp","href":"https:\/\/api.w.org\/{rel}","templated":true}]}}