{"id":8819,"date":"2022-12-26T12:00:44","date_gmt":"2022-12-26T11:00:44","guid":{"rendered":"https:\/\/www.anovapeneira.gal\/?p=8819"},"modified":"2022-12-19T11:09:16","modified_gmt":"2022-12-19T10:09:16","slug":"denuncian-a-falta-de-avances-na-descontaminacion-do-lindano-en-porrino","status":"publish","type":"post","link":"https:\/\/www.anovapeneira.gal\/index.php\/2022\/12\/26\/denuncian-a-falta-de-avances-na-descontaminacion-do-lindano-en-porrino\/","title":{"rendered":"Denuncian\u00a0a\u00a0falta\u00a0de\u00a0avances\u00a0na\u00a0descontaminaci\u00f3n\u00a0do\u00a0lindano\u00a0en\u00a0Porri\u00f1o"},"content":{"rendered":"\n<p>Ecoloxistas en Acci\u00f3n denuncia que a pesar dos reiterados anuncios do inicio dos traballos de descontaminaci\u00f3n feitos pola Xunta de Galicia, o certo \u00e9 que m\u00e1is de cinco anos despois da nova aparici\u00f3n de lindano no barrio do Contrasto a\u00ednda non se descontaminou absolutamente nada.<\/p>\n\n\n\n<p>Destacan que nin siquera se actuou para selar a celda de seguridade do Parque do Lindano a cal ten fugas de auga contaminada. A \u00fanica actuaci\u00f3ns prevista son un par de controis a determinar ao longo do vindeiro ano.<\/p>\n\n\n\n<p>Subli\u00f1an que na reuni\u00f3n celebrada esta semana, o propio equipo t\u00e9cnico da Direcci\u00f3n Xeral de Calidade Ambiental e Cambio Clim\u00e1tico da Conseller\u00eda de Medio Ambiente reco\u00f1eceu que est\u00e1 desbordado por falta de persoal e que a pesar das actuaci\u00f3ns comprometidas nestes momentos non hai dotaci\u00f3n econ\u00f3mica para licitar a execuci\u00f3n do proxecto de descontaminaci\u00f3n do Contrasto.<\/p>\n\n\n\n<p>Ademais Ecoloxistas en Acci\u00f3n alerta que non se est\u00e1n cumprindo nin tan siquera pequenos compromisos a posta en funcionamento p\u00e1xina web que se anunciou para setembro deste ano. Unha web necesaria para facilitar o acceso \u00e1 informaci\u00f3n actualizada sobre a situaci\u00f3n e distintas actuaci\u00f3ns e plans de descontaminaci\u00f3n. Tampouco o protocolo de alerta ante posibles novos focos de residuos tampouco entrou en vigor. S\u00f3 hai un borrador.<\/p>\n","protected":false},"excerpt":{"rendered":"<div class=\"mh-excerpt\"><p>Ecoloxistas en Acci\u00f3n denuncia que a pesar dos reiterados anuncios do inicio dos traballos de descontaminaci\u00f3n feitos pola Xunta de Galicia, o certo \u00e9 que m\u00e1is de cinco anos despois da nova aparici\u00f3n de lindano no barrio do Contrasto a\u00ednda non se descontaminou absolutamente nada <a class=\"mh-excerpt-more\" href=\"https:\/\/www.anovapeneira.gal\/index.php\/2022\/12\/26\/denuncian-a-falta-de-avances-na-descontaminacion-do-lindano-en-porrino\/\" title=\"Denuncian\u00a0a\u00a0falta\u00a0de\u00a0avances\u00a0na\u00a0descontaminaci\u00f3n\u00a0do\u00a0lindano\u00a0en\u00a0Porri\u00f1o\">[&#8230;]<\/a><\/p>\n<\/div>","protected":false},"author":3,"featured_media":2572,"comment_status":"open","ping_status":"open","sticky":false,"template":"","format":"standard","meta":{"_exactmetrics_skip_tracking":false,"_exactmetrics_sitenote_active":false,"_exactmetrics_sitenote_note":"","_exactmetrics_sitenote_category":0,"footnotes":""},"categories":[23,1],"tags":[411],"class_list":{"0":"post-8819","1":"post","2":"type-post","3":"status-publish","4":"format-standard","5":"has-post-thumbnail","7":"category-a-lourina","8":"category-sin-categoria","9":"tag-concello-do-porrino"},"yoast_head":"<!-- This site is optimized with the Yoast SEO plugin v27.4 - https:\/\/yoast.com\/product\/yoast-seo-wordpress\/ -->\n<title>Denuncian\u00a0a\u00a0falta\u00a0de\u00a0avances\u00a0na\u00a0descontaminaci\u00f3n\u00a0do\u00a0lindano\u00a0en\u00a0Porri\u00f1o -<\/title>\n<meta name=\"robots\" content=\"index, follow, max-snippet:-1, max-image-preview:large, max-video-preview:-1\" \/>\n<link rel=\"canonical\" href=\"https:\/\/www.anovapeneira.gal\/index.php\/2022\/12\/26\/denuncian-a-falta-de-avances-na-descontaminacion-do-lindano-en-porrino\/\" \/>\n<meta property=\"og:locale\" content=\"gl_ES\" \/>\n<meta property=\"og:type\" content=\"article\" \/>\n<meta property=\"og:title\" content=\"Denuncian\u00a0a\u00a0falta\u00a0de\u00a0avances\u00a0na\u00a0descontaminaci\u00f3n\u00a0do\u00a0lindano\u00a0en\u00a0Porri\u00f1o -\" \/>\n<meta property=\"og:description\" content=\"Ecoloxistas en Acci\u00f3n denuncia que a pesar dos reiterados anuncios do inicio dos traballos de descontaminaci\u00f3n feitos pola Xunta de Galicia, o certo \u00e9 que m\u00e1is de cinco anos despois da nova aparici\u00f3n de lindano no barrio do Contrasto a\u00ednda non se descontaminou absolutamente nada [...]\" \/>\n<meta property=\"og:url\" content=\"https:\/\/www.anovapeneira.gal\/index.php\/2022\/12\/26\/denuncian-a-falta-de-avances-na-descontaminacion-do-lindano-en-porrino\/\" \/>\n<meta property=\"article:publisher\" content=\"https:\/\/www.facebook.com\/anovapeneira\" \/>\n<meta property=\"article:published_time\" content=\"2022-12-26T11:00:44+00:00\" \/>\n<meta property=\"og:image\" content=\"https:\/\/www.anovapeneira.gal\/wp-content\/uploads\/2020\/02\/ecoloxitas_en_accion.png\" \/>\n\t<meta property=\"og:image:width\" content=\"720\" \/>\n\t<meta property=\"og:image:height\" content=\"432\" \/>\n\t<meta property=\"og:image:type\" content=\"image\/png\" \/>\n<meta name=\"author\" content=\"Redacci\u00f3n A Nova Peneira\" \/>\n<meta name=\"twitter:card\" content=\"summary_large_image\" \/>\n<meta name=\"twitter:creator\" content=\"@APeneira\" \/>\n<meta name=\"twitter:site\" content=\"@APeneira\" \/>\n<meta name=\"twitter:label1\" content=\"Escrito por\" \/>\n\t<meta name=\"twitter:data1\" content=\"Redacci\u00f3n A Nova Peneira\" \/>\n\t<meta name=\"twitter:label2\" content=\"Tempo de lectura\" \/>\n\t<meta name=\"twitter:data2\" content=\"2 minutos\" \/>\n<script type=\"application\/ld+json\" class=\"yoast-schema-graph\">{\"@context\":\"https:\\\/\\\/schema.org\",\"@graph\":[{\"@type\":\"Article\",\"@id\":\"https:\\\/\\\/www.anovapeneira.gal\\\/index.php\\\/2022\\\/12\\\/26\\\/denuncian-a-falta-de-avances-na-descontaminacion-do-lindano-en-porrino\\\/#article\",\"isPartOf\":{\"@id\":\"https:\\\/\\\/www.anovapeneira.gal\\\/index.php\\\/2022\\\/12\\\/26\\\/denuncian-a-falta-de-avances-na-descontaminacion-do-lindano-en-porrino\\\/\"},\"author\":{\"name\":\"Redacci\u00f3n A Nova Peneira\",\"@id\":\"https:\\\/\\\/www.anovapeneira.gal\\\/#\\\/schema\\\/person\\\/b93e3f8932e3f8da96334607eb6ac6aa\"},\"headline\":\"Denuncian\u00a0a\u00a0falta\u00a0de\u00a0avances\u00a0na\u00a0descontaminaci\u00f3n\u00a0do\u00a0lindano\u00a0en\u00a0Porri\u00f1o\",\"datePublished\":\"2022-12-26T11:00:44+00:00\",\"mainEntityOfPage\":{\"@id\":\"https:\\\/\\\/www.anovapeneira.gal\\\/index.php\\\/2022\\\/12\\\/26\\\/denuncian-a-falta-de-avances-na-descontaminacion-do-lindano-en-porrino\\\/\"},\"wordCount\":243,\"commentCount\":0,\"publisher\":{\"@id\":\"https:\\\/\\\/www.anovapeneira.gal\\\/#organization\"},\"image\":{\"@id\":\"https:\\\/\\\/www.anovapeneira.gal\\\/index.php\\\/2022\\\/12\\\/26\\\/denuncian-a-falta-de-avances-na-descontaminacion-do-lindano-en-porrino\\\/#primaryimage\"},\"thumbnailUrl\":\"https:\\\/\\\/www.anovapeneira.gal\\\/wp-content\\\/uploads\\\/2020\\\/02\\\/ecoloxitas_en_accion.png\",\"keywords\":[\"Concello do Porri\u00f1o\"],\"articleSection\":[\"A Louri\u00f1a\",\"Sin categor\u00eda\"],\"inLanguage\":\"gl-ES\",\"potentialAction\":[{\"@type\":\"CommentAction\",\"name\":\"Comment\",\"target\":[\"https:\\\/\\\/www.anovapeneira.gal\\\/index.php\\\/2022\\\/12\\\/26\\\/denuncian-a-falta-de-avances-na-descontaminacion-do-lindano-en-porrino\\\/#respond\"]}]},{\"@type\":\"WebPage\",\"@id\":\"https:\\\/\\\/www.anovapeneira.gal\\\/index.php\\\/2022\\\/12\\\/26\\\/denuncian-a-falta-de-avances-na-descontaminacion-do-lindano-en-porrino\\\/\",\"url\":\"https:\\\/\\\/www.anovapeneira.gal\\\/index.php\\\/2022\\\/12\\\/26\\\/denuncian-a-falta-de-avances-na-descontaminacion-do-lindano-en-porrino\\\/\",\"name\":\"Denuncian\u00a0a\u00a0falta\u00a0de\u00a0avances\u00a0na\u00a0descontaminaci\u00f3n\u00a0do\u00a0lindano\u00a0en\u00a0Porri\u00f1o -\",\"isPartOf\":{\"@id\":\"https:\\\/\\\/www.anovapeneira.gal\\\/#website\"},\"primaryImageOfPage\":{\"@id\":\"https:\\\/\\\/www.anovapeneira.gal\\\/index.php\\\/2022\\\/12\\\/26\\\/denuncian-a-falta-de-avances-na-descontaminacion-do-lindano-en-porrino\\\/#primaryimage\"},\"image\":{\"@id\":\"https:\\\/\\\/www.anovapeneira.gal\\\/index.php\\\/2022\\\/12\\\/26\\\/denuncian-a-falta-de-avances-na-descontaminacion-do-lindano-en-porrino\\\/#primaryimage\"},\"thumbnailUrl\":\"https:\\\/\\\/www.anovapeneira.gal\\\/wp-content\\\/uploads\\\/2020\\\/02\\\/ecoloxitas_en_accion.png\",\"datePublished\":\"2022-12-26T11:00:44+00:00\",\"breadcrumb\":{\"@id\":\"https:\\\/\\\/www.anovapeneira.gal\\\/index.php\\\/2022\\\/12\\\/26\\\/denuncian-a-falta-de-avances-na-descontaminacion-do-lindano-en-porrino\\\/#breadcrumb\"},\"inLanguage\":\"gl-ES\",\"potentialAction\":[{\"@type\":\"ReadAction\",\"target\":[\"https:\\\/\\\/www.anovapeneira.gal\\\/index.php\\\/2022\\\/12\\\/26\\\/denuncian-a-falta-de-avances-na-descontaminacion-do-lindano-en-porrino\\\/\"]}]},{\"@type\":\"ImageObject\",\"inLanguage\":\"gl-ES\",\"@id\":\"https:\\\/\\\/www.anovapeneira.gal\\\/index.php\\\/2022\\\/12\\\/26\\\/denuncian-a-falta-de-avances-na-descontaminacion-do-lindano-en-porrino\\\/#primaryimage\",\"url\":\"https:\\\/\\\/www.anovapeneira.gal\\\/wp-content\\\/uploads\\\/2020\\\/02\\\/ecoloxitas_en_accion.png\",\"contentUrl\":\"https:\\\/\\\/www.anovapeneira.gal\\\/wp-content\\\/uploads\\\/2020\\\/02\\\/ecoloxitas_en_accion.png\",\"width\":720,\"height\":432,\"caption\":\"Ecoloxistas en acci\u00f3n Galiza\"},{\"@type\":\"BreadcrumbList\",\"@id\":\"https:\\\/\\\/www.anovapeneira.gal\\\/index.php\\\/2022\\\/12\\\/26\\\/denuncian-a-falta-de-avances-na-descontaminacion-do-lindano-en-porrino\\\/#breadcrumb\",\"itemListElement\":[{\"@type\":\"ListItem\",\"position\":1,\"name\":\"Portada\",\"item\":\"https:\\\/\\\/www.anovapeneira.gal\\\/\"},{\"@type\":\"ListItem\",\"position\":2,\"name\":\"Denuncian\u00a0a\u00a0falta\u00a0de\u00a0avances\u00a0na\u00a0descontaminaci\u00f3n\u00a0do\u00a0lindano\u00a0en\u00a0Porri\u00f1o\"}]},{\"@type\":\"WebSite\",\"@id\":\"https:\\\/\\\/www.anovapeneira.gal\\\/#website\",\"url\":\"https:\\\/\\\/www.anovapeneira.gal\\\/\",\"name\":\"\",\"description\":\"Xornal galego de informaci\u00f3n xeral Publicaci\u00f3n mensual de novas de Galicia e en especial dos Concellos da sur da provincia de Pontevedra.\",\"publisher\":{\"@id\":\"https:\\\/\\\/www.anovapeneira.gal\\\/#organization\"},\"potentialAction\":[{\"@type\":\"SearchAction\",\"target\":{\"@type\":\"EntryPoint\",\"urlTemplate\":\"https:\\\/\\\/www.anovapeneira.gal\\\/?s={search_term_string}\"},\"query-input\":{\"@type\":\"PropertyValueSpecification\",\"valueRequired\":true,\"valueName\":\"search_term_string\"}}],\"inLanguage\":\"gl-ES\"},{\"@type\":\"Organization\",\"@id\":\"https:\\\/\\\/www.anovapeneira.gal\\\/#organization\",\"name\":\"A Nova Peneira\",\"url\":\"https:\\\/\\\/www.anovapeneira.gal\\\/\",\"logo\":{\"@type\":\"ImageObject\",\"inLanguage\":\"gl-ES\",\"@id\":\"https:\\\/\\\/www.anovapeneira.gal\\\/#\\\/schema\\\/logo\\\/image\\\/\",\"url\":\"http:\\\/\\\/www.anovapeneira.gal\\\/wp-content\\\/uploads\\\/2019\\\/06\\\/logo_a_nova_peneira_portal_web.png\",\"contentUrl\":\"http:\\\/\\\/www.anovapeneira.gal\\\/wp-content\\\/uploads\\\/2019\\\/06\\\/logo_a_nova_peneira_portal_web.png\",\"width\":300,\"height\":100,\"caption\":\"A Nova Peneira\"},\"image\":{\"@id\":\"https:\\\/\\\/www.anovapeneira.gal\\\/#\\\/schema\\\/logo\\\/image\\\/\"},\"sameAs\":[\"https:\\\/\\\/www.facebook.com\\\/anovapeneira\",\"https:\\\/\\\/x.com\\\/APeneira\"]},{\"@type\":\"Person\",\"@id\":\"https:\\\/\\\/www.anovapeneira.gal\\\/#\\\/schema\\\/person\\\/b93e3f8932e3f8da96334607eb6ac6aa\",\"name\":\"Redacci\u00f3n A Nova Peneira\",\"image\":{\"@type\":\"ImageObject\",\"inLanguage\":\"gl-ES\",\"@id\":\"https:\\\/\\\/secure.gravatar.com\\\/avatar\\\/c052a2551a06e23fac63626232eaa90abd78dbcf1700fc46a2b2c89fd27b735f?s=96&d=mm&r=g\",\"url\":\"https:\\\/\\\/secure.gravatar.com\\\/avatar\\\/c052a2551a06e23fac63626232eaa90abd78dbcf1700fc46a2b2c89fd27b735f?s=96&d=mm&r=g\",\"contentUrl\":\"https:\\\/\\\/secure.gravatar.com\\\/avatar\\\/c052a2551a06e23fac63626232eaa90abd78dbcf1700fc46a2b2c89fd27b735f?s=96&d=mm&r=g\",\"caption\":\"Redacci\u00f3n A Nova Peneira\"},\"sameAs\":[\"http:\\\/\\\/www.anovapeneira.gal\\\/\"],\"url\":\"https:\\\/\\\/www.anovapeneira.gal\\\/index.php\\\/author\\\/redactor\\\/\"}]}<\/script>\n<!-- \/ Yoast SEO plugin. -->","yoast_head_json":{"title":"Denuncian\u00a0a\u00a0falta\u00a0de\u00a0avances\u00a0na\u00a0descontaminaci\u00f3n\u00a0do\u00a0lindano\u00a0en\u00a0Porri\u00f1o -","robots":{"index":"index","follow":"follow","max-snippet":"max-snippet:-1","max-image-preview":"max-image-preview:large","max-video-preview":"max-video-preview:-1"},"canonical":"https:\/\/www.anovapeneira.gal\/index.php\/2022\/12\/26\/denuncian-a-falta-de-avances-na-descontaminacion-do-lindano-en-porrino\/","og_locale":"gl_ES","og_type":"article","og_title":"Denuncian\u00a0a\u00a0falta\u00a0de\u00a0avances\u00a0na\u00a0descontaminaci\u00f3n\u00a0do\u00a0lindano\u00a0en\u00a0Porri\u00f1o -","og_description":"Ecoloxistas en Acci\u00f3n denuncia que a pesar dos reiterados anuncios do inicio dos traballos de descontaminaci\u00f3n feitos pola Xunta de Galicia, o certo \u00e9 que m\u00e1is de cinco anos despois da nova aparici\u00f3n de lindano no barrio do Contrasto a\u00ednda non se descontaminou absolutamente nada [...]","og_url":"https:\/\/www.anovapeneira.gal\/index.php\/2022\/12\/26\/denuncian-a-falta-de-avances-na-descontaminacion-do-lindano-en-porrino\/","article_publisher":"https:\/\/www.facebook.com\/anovapeneira","article_published_time":"2022-12-26T11:00:44+00:00","og_image":[{"width":720,"height":432,"url":"https:\/\/www.anovapeneira.gal\/wp-content\/uploads\/2020\/02\/ecoloxitas_en_accion.png","type":"image\/png"}],"author":"Redacci\u00f3n A Nova Peneira","twitter_card":"summary_large_image","twitter_creator":"@APeneira","twitter_site":"@APeneira","twitter_misc":{"Escrito por":"Redacci\u00f3n A Nova Peneira","Tempo de lectura":"2 minutos"},"schema":{"@context":"https:\/\/schema.org","@graph":[{"@type":"Article","@id":"https:\/\/www.anovapeneira.gal\/index.php\/2022\/12\/26\/denuncian-a-falta-de-avances-na-descontaminacion-do-lindano-en-porrino\/#article","isPartOf":{"@id":"https:\/\/www.anovapeneira.gal\/index.php\/2022\/12\/26\/denuncian-a-falta-de-avances-na-descontaminacion-do-lindano-en-porrino\/"},"author":{"name":"Redacci\u00f3n A Nova Peneira","@id":"https:\/\/www.anovapeneira.gal\/#\/schema\/person\/b93e3f8932e3f8da96334607eb6ac6aa"},"headline":"Denuncian\u00a0a\u00a0falta\u00a0de\u00a0avances\u00a0na\u00a0descontaminaci\u00f3n\u00a0do\u00a0lindano\u00a0en\u00a0Porri\u00f1o","datePublished":"2022-12-26T11:00:44+00:00","mainEntityOfPage":{"@id":"https:\/\/www.anovapeneira.gal\/index.php\/2022\/12\/26\/denuncian-a-falta-de-avances-na-descontaminacion-do-lindano-en-porrino\/"},"wordCount":243,"commentCount":0,"publisher":{"@id":"https:\/\/www.anovapeneira.gal\/#organization"},"image":{"@id":"https:\/\/www.anovapeneira.gal\/index.php\/2022\/12\/26\/denuncian-a-falta-de-avances-na-descontaminacion-do-lindano-en-porrino\/#primaryimage"},"thumbnailUrl":"https:\/\/www.anovapeneira.gal\/wp-content\/uploads\/2020\/02\/ecoloxitas_en_accion.png","keywords":["Concello do Porri\u00f1o"],"articleSection":["A Louri\u00f1a","Sin categor\u00eda"],"inLanguage":"gl-ES","potentialAction":[{"@type":"CommentAction","name":"Comment","target":["https:\/\/www.anovapeneira.gal\/index.php\/2022\/12\/26\/denuncian-a-falta-de-avances-na-descontaminacion-do-lindano-en-porrino\/#respond"]}]},{"@type":"WebPage","@id":"https:\/\/www.anovapeneira.gal\/index.php\/2022\/12\/26\/denuncian-a-falta-de-avances-na-descontaminacion-do-lindano-en-porrino\/","url":"https:\/\/www.anovapeneira.gal\/index.php\/2022\/12\/26\/denuncian-a-falta-de-avances-na-descontaminacion-do-lindano-en-porrino\/","name":"Denuncian\u00a0a\u00a0falta\u00a0de\u00a0avances\u00a0na\u00a0descontaminaci\u00f3n\u00a0do\u00a0lindano\u00a0en\u00a0Porri\u00f1o -","isPartOf":{"@id":"https:\/\/www.anovapeneira.gal\/#website"},"primaryImageOfPage":{"@id":"https:\/\/www.anovapeneira.gal\/index.php\/2022\/12\/26\/denuncian-a-falta-de-avances-na-descontaminacion-do-lindano-en-porrino\/#primaryimage"},"image":{"@id":"https:\/\/www.anovapeneira.gal\/index.php\/2022\/12\/26\/denuncian-a-falta-de-avances-na-descontaminacion-do-lindano-en-porrino\/#primaryimage"},"thumbnailUrl":"https:\/\/www.anovapeneira.gal\/wp-content\/uploads\/2020\/02\/ecoloxitas_en_accion.png","datePublished":"2022-12-26T11:00:44+00:00","breadcrumb":{"@id":"https:\/\/www.anovapeneira.gal\/index.php\/2022\/12\/26\/denuncian-a-falta-de-avances-na-descontaminacion-do-lindano-en-porrino\/#breadcrumb"},"inLanguage":"gl-ES","potentialAction":[{"@type":"ReadAction","target":["https:\/\/www.anovapeneira.gal\/index.php\/2022\/12\/26\/denuncian-a-falta-de-avances-na-descontaminacion-do-lindano-en-porrino\/"]}]},{"@type":"ImageObject","inLanguage":"gl-ES","@id":"https:\/\/www.anovapeneira.gal\/index.php\/2022\/12\/26\/denuncian-a-falta-de-avances-na-descontaminacion-do-lindano-en-porrino\/#primaryimage","url":"https:\/\/www.anovapeneira.gal\/wp-content\/uploads\/2020\/02\/ecoloxitas_en_accion.png","contentUrl":"https:\/\/www.anovapeneira.gal\/wp-content\/uploads\/2020\/02\/ecoloxitas_en_accion.png","width":720,"height":432,"caption":"Ecoloxistas en acci\u00f3n Galiza"},{"@type":"BreadcrumbList","@id":"https:\/\/www.anovapeneira.gal\/index.php\/2022\/12\/26\/denuncian-a-falta-de-avances-na-descontaminacion-do-lindano-en-porrino\/#breadcrumb","itemListElement":[{"@type":"ListItem","position":1,"name":"Portada","item":"https:\/\/www.anovapeneira.gal\/"},{"@type":"ListItem","position":2,"name":"Denuncian\u00a0a\u00a0falta\u00a0de\u00a0avances\u00a0na\u00a0descontaminaci\u00f3n\u00a0do\u00a0lindano\u00a0en\u00a0Porri\u00f1o"}]},{"@type":"WebSite","@id":"https:\/\/www.anovapeneira.gal\/#website","url":"https:\/\/www.anovapeneira.gal\/","name":"","description":"Xornal galego de informaci\u00f3n xeral Publicaci\u00f3n mensual de novas de Galicia e en especial dos Concellos da sur da provincia de Pontevedra.","publisher":{"@id":"https:\/\/www.anovapeneira.gal\/#organization"},"potentialAction":[{"@type":"SearchAction","target":{"@type":"EntryPoint","urlTemplate":"https:\/\/www.anovapeneira.gal\/?s={search_term_string}"},"query-input":{"@type":"PropertyValueSpecification","valueRequired":true,"valueName":"search_term_string"}}],"inLanguage":"gl-ES"},{"@type":"Organization","@id":"https:\/\/www.anovapeneira.gal\/#organization","name":"A Nova Peneira","url":"https:\/\/www.anovapeneira.gal\/","logo":{"@type":"ImageObject","inLanguage":"gl-ES","@id":"https:\/\/www.anovapeneira.gal\/#\/schema\/logo\/image\/","url":"http:\/\/www.anovapeneira.gal\/wp-content\/uploads\/2019\/06\/logo_a_nova_peneira_portal_web.png","contentUrl":"http:\/\/www.anovapeneira.gal\/wp-content\/uploads\/2019\/06\/logo_a_nova_peneira_portal_web.png","width":300,"height":100,"caption":"A Nova Peneira"},"image":{"@id":"https:\/\/www.anovapeneira.gal\/#\/schema\/logo\/image\/"},"sameAs":["https:\/\/www.facebook.com\/anovapeneira","https:\/\/x.com\/APeneira"]},{"@type":"Person","@id":"https:\/\/www.anovapeneira.gal\/#\/schema\/person\/b93e3f8932e3f8da96334607eb6ac6aa","name":"Redacci\u00f3n A Nova Peneira","image":{"@type":"ImageObject","inLanguage":"gl-ES","@id":"https:\/\/secure.gravatar.com\/avatar\/c052a2551a06e23fac63626232eaa90abd78dbcf1700fc46a2b2c89fd27b735f?s=96&d=mm&r=g","url":"https:\/\/secure.gravatar.com\/avatar\/c052a2551a06e23fac63626232eaa90abd78dbcf1700fc46a2b2c89fd27b735f?s=96&d=mm&r=g","contentUrl":"https:\/\/secure.gravatar.com\/avatar\/c052a2551a06e23fac63626232eaa90abd78dbcf1700fc46a2b2c89fd27b735f?s=96&d=mm&r=g","caption":"Redacci\u00f3n A Nova Peneira"},"sameAs":["http:\/\/www.anovapeneira.gal\/"],"url":"https:\/\/www.anovapeneira.gal\/index.php\/author\/redactor\/"}]}},"jetpack_featured_media_url":"https:\/\/www.anovapeneira.gal\/wp-content\/uploads\/2020\/02\/ecoloxitas_en_accion.png","_links":{"self":[{"href":"https:\/\/www.anovapeneira.gal\/index.php\/wp-json\/wp\/v2\/posts\/8819","targetHints":{"allow":["GET"]}}],"collection":[{"href":"https:\/\/www.anovapeneira.gal\/index.php\/wp-json\/wp\/v2\/posts"}],"about":[{"href":"https:\/\/www.anovapeneira.gal\/index.php\/wp-json\/wp\/v2\/types\/post"}],"author":[{"embeddable":true,"href":"https:\/\/www.anovapeneira.gal\/index.php\/wp-json\/wp\/v2\/users\/3"}],"replies":[{"embeddable":true,"href":"https:\/\/www.anovapeneira.gal\/index.php\/wp-json\/wp\/v2\/comments?post=8819"}],"version-history":[{"count":2,"href":"https:\/\/www.anovapeneira.gal\/index.php\/wp-json\/wp\/v2\/posts\/8819\/revisions"}],"predecessor-version":[{"id":8821,"href":"https:\/\/www.anovapeneira.gal\/index.php\/wp-json\/wp\/v2\/posts\/8819\/revisions\/8821"}],"wp:featuredmedia":[{"embeddable":true,"href":"https:\/\/www.anovapeneira.gal\/index.php\/wp-json\/wp\/v2\/media\/2572"}],"wp:attachment":[{"href":"https:\/\/www.anovapeneira.gal\/index.php\/wp-json\/wp\/v2\/media?parent=8819"}],"wp:term":[{"taxonomy":"category","embeddable":true,"href":"https:\/\/www.anovapeneira.gal\/index.php\/wp-json\/wp\/v2\/categories?post=8819"},{"taxonomy":"post_tag","embeddable":true,"href":"https:\/\/www.anovapeneira.gal\/index.php\/wp-json\/wp\/v2\/tags?post=8819"}],"curies":[{"name":"wp","href":"https:\/\/api.w.org\/{rel}","templated":true}]}}