{"id":8830,"date":"2022-12-28T10:00:45","date_gmt":"2022-12-28T09:00:45","guid":{"rendered":"https:\/\/www.anovapeneira.gal\/?p=8830"},"modified":"2022-12-20T12:17:43","modified_gmt":"2022-12-20T11:17:43","slug":"enrique-cabaleiro-alcalde-de-tui-2","status":"publish","type":"post","link":"https:\/\/www.anovapeneira.gal\/index.php\/2022\/12\/28\/enrique-cabaleiro-alcalde-de-tui-2\/","title":{"rendered":"Enrique Cabaleiro alcalde de Tui"},"content":{"rendered":"\n<p><strong>A vitoria da esquerda tudense nas municipais do 2019 xerou unhas expectativas enormes nunha cidade de tradici\u00f3n sociol\u00f3xica conservadora. En Breve o goberno socialista enfrontarase ao escrutinio das urnas para comprobar se a maior\u00eda das e dos veci\u00f1os de Tui entenden que merecen seguir contando coa s\u00faa confianza. Quico, o seu alcalde, defende con paix\u00f3n a acci\u00f3n do seu goberno, entende e respecta o malestar de quen se ve afectado por obras e pide aos seus veci\u00f1os e veci\u00f1as comprensi\u00f3n e paciencia pois considera que o cami\u00f1o de reformas que o seu goberno emprendeu xa \u00e9 irreversible goberne quen goberne no vindeiro mandato .N\u00f3s mantivemos unha agradable conversa cun home de natureza moi amable. Vela\u00ed vai o que deu de si.<\/strong><\/p>\n\n\n\n<h2 class=\"wp-block-heading\">\u201c<strong>O cami\u00f1o que iniciamos para facer de Tui unha cidade m\u00e1is xusta, humana, amable e accesible xa non ten volta atr\u00e1s\u201d<\/strong><\/h2>\n\n\n\n<p><strong>Estamos case acabando o teu primeiro mandato \u201cnormal\u201d como alcalde. Que balance fas deste?<\/strong><\/p>\n\n\n\n<blockquote class=\"wp-block-quote is-layout-flow wp-block-quote-is-layout-flow\"><p>Para min hai dous eixos chaves que amosan o nivel de xesti\u00f3n deste Goberno.<\/p><\/blockquote>\n\n\n\n<blockquote class=\"wp-block-quote is-layout-flow wp-block-quote-is-layout-flow\"><p>Un deles \u00e9 ser o proxecto piloto de \u201cAx<em>enda Urbana<\/em>\u201d. Este \u00e9 un fito chave e conseguiuse grazas a un labor previo de planificaci\u00f3n. Este proxecto foi apoiado por case toda a corporaci\u00f3n excepto o BNG, que votou en contra.<\/p><\/blockquote>\n\n\n\n<p><strong>Decepcionouche o voto en contra do BNG?<\/strong><\/p>\n\n\n\n<blockquote class=\"wp-block-quote is-layout-flow wp-block-quote-is-layout-flow\"><p>Sorprendeume. Grazas a este proxecto conseguimos un gran consenso pol\u00edtico para a planificaci\u00f3n deste concello e estanos permitindo optar a todos aqueles fondos europeos que solicitamos. Falamos por exemplo: da reforma do antigo edificio do c\u00e1rcere vello, da rehabilitaci\u00f3n do edificio Camilo Jos\u00e9 Cela, de 1.300.000\u20ac para a reforma do Mercado municipal&#8230;&#8230;&#8230;<\/p><\/blockquote>\n\n\n\n<p><strong>O segundo dos eixos chave que mencionabas?<\/strong><\/p>\n\n\n\n<blockquote class=\"wp-block-quote is-layout-flow wp-block-quote-is-layout-flow\"><p>O segundo \u00e9 a integraci\u00f3n de Tui na \u00e1rea \u201c<em><strong>REXURBE\u201d.<\/strong><\/em> Moi poucos Concellos, 3 ou 4 nada m\u00e1is como por exemplo Mondo\u00f1edo conseguimos estar . Este plan, ao que s\u00f3 pod\u00edan optar os concellos de menos de 17000 habitantes, sup\u00f3n a rehabilitaci\u00f3n de moita vivenda privada do \u00e1mbito do centro hist\u00f3rico, que estaba en situaci\u00f3n de abandono. Este proceso vai lento, pero hai xa aprobadas 6 vivendas para a s\u00faa restauraci\u00f3n. Estamos pendentes de empezar coa primeira.<\/p><\/blockquote>\n\n\n\n<blockquote class=\"wp-block-quote is-layout-flow wp-block-quote-is-layout-flow\"><p>Estes dous fitos son dous documentos estrat\u00e9xicos de planificaci\u00f3n que son claves para o presente e o futuro deste concello.<\/p><\/blockquote>\n\n\n\n<blockquote class=\"wp-block-quote is-layout-flow wp-block-quote-is-layout-flow\"><p>Facendo un repaso do conxunto das \u00e1reas en todos os \u00e1mbitos de xesti\u00f3n municipal creo que fixemos un intenso e moi meritorio labor da que estou moi orgulloso. Por exemplo quixera salientar que aprobamos unha nova relaci\u00f3n de postos de traballo.<\/p><\/blockquote>\n\n\n\n<p><strong>Foi moi complicado aprobar esta RPT?<\/strong><\/p>\n\n\n\n<blockquote class=\"wp-block-quote is-layout-flow wp-block-quote-is-layout-flow\"><p>Si, e foi un proceso moi longo e complexo. Tivemos que superar diversas dificultades administrativas. Tam\u00e9n te\u00f1o que dicir que a nivel pol\u00edtico non houbo problema. Por primeira vez na historia, este documento introduce na RPT a todos os traballadores deste concello inclu\u00eddos aos do conservatorio que estaban f\u00f3ra. Dignifica os seus soldos e reorganiza a s\u00faa situaci\u00f3n laboral.<\/p><\/blockquote>\n\n\n\n<blockquote class=\"wp-block-quote is-layout-flow wp-block-quote-is-layout-flow\"><p>Por primeira vez tam\u00e9n se aprobou un procedemento administrativo de promoci\u00f3n interna. Fix\u00e9ronse d\u00faas ofertas de emprego p\u00fablico que xamais se fixeran na historia deste concello.<\/p><\/blockquote>\n\n\n\n<p><strong>Que m\u00e1is acci\u00f3ns pol\u00edticas cres que se poden apuntar no haber do goberno que encabezas?<\/strong><\/p>\n\n\n\n<blockquote class=\"wp-block-quote is-layout-flow wp-block-quote-is-layout-flow\"><p>En \u201cFormaci\u00f3n e emprego\u201d fixemos 3 Plans Integrais de Emprego, e catro Obradoiros co financiados pola Xunta de Galicia.<\/p><\/blockquote>\n\n\n\n<blockquote class=\"wp-block-quote is-layout-flow wp-block-quote-is-layout-flow\"><p>Nos \u201cServizos Sociais\u201d estou moi orgulloso do servizo que puxemos en marcha de levar a todas as parroquias o \u201cplan de prevenci\u00f3n de doenzas neuro dexenerativas\u201d. Este faise en colaboraci\u00f3n con AFAGA e ten unha acollida tremenda.<\/p><\/blockquote>\n\n\n\n<blockquote class=\"wp-block-quote is-layout-flow wp-block-quote-is-layout-flow\"><p>En \u201cObras e planificaci\u00f3n\u201d estamos a executar obras de humanizaci\u00f3n na r\u00faa Col\u00f3n, o Barrio dos Mu\u00ed\u00f1os, a r\u00faa Antero Rub\u00edn. En xaneiro empezar\u00e1n as obras na Avenida de Portugal e, a maiores temos outras obras vinculadas \u00e1 humanizaci\u00f3n do centro urbano como Augusto Gonz\u00e1lez Besada, R\u00faa Lugo e avanzaremos na humanizaci\u00f3n da contorna da r\u00faa Coru\u00f1a e da contorna da \u00c1rea Panor\u00e1mica.<\/p><\/blockquote>\n\n\n\n<p><strong>Dic\u00edame un vello socialista de Rebord\u00e1ns, que \u00e9 amigo de \u00e9 meu desde hai moito tempo, cando ga\u00f1aches as elecci\u00f3ns, que esta situaci\u00f3n, o goberno da esquerda en Tui, xamais a poder\u00eda imaxinar, pois Tui \u00e9 unha cidade socioloxicamente conservadora. E \u00e9 algo que lle produc\u00eda unha satisfacci\u00f3n enorme. Crees que ten motivos, catro anos despois, para manter a ilusi\u00f3n?<\/strong><\/p>\n\n\n\n<blockquote class=\"wp-block-quote is-layout-flow wp-block-quote-is-layout-flow\"><p>Polo que acabo de dicir, si. \u00c9 certo que, p\u00f3dese percibir na xente certos sentimento de frustraci\u00f3n no seo de ter unhas expectativas moi altas e non podemos darlles resposta a todas en catro anos. Precisamos algo m\u00e1is de tempo<\/p><\/blockquote>\n\n\n\n<blockquote class=\"wp-block-quote is-layout-flow wp-block-quote-is-layout-flow\"><p>F\u00edxose un traballo importante tanto nas parroquias como no centro urbano, pero a\u00ednda queda moito por facer. Pero eu dir\u00edalle non s\u00f3 ao teu amigo, sen\u00f3n a todos os homes e mulleres de Tui que hai catro anos nos honraron coa s\u00faa confianza que si te\u00f1en motivos para conservar a ilusi\u00f3n e a esperanza de que Tui sexa unha cidade mellor, m\u00e1is xusta , m\u00e1is racional e m\u00e1is humana. Esa a \u00e9 a mi\u00f1a vontade e a de todo o meu goberno, e \u00e9 irreversible e innegociable.<\/p><\/blockquote>\n\n\n\n<p><strong>Chegaredes a tempo para rematar todo?<\/strong><\/p>\n\n\n\n<blockquote class=\"wp-block-quote is-layout-flow wp-block-quote-is-layout-flow\"><p>Non o sei, agardo que polo menos deamos feito a maior parte. Pero se algo queda pendente vaise acabar no seguinte mandato con certeza. Este proceso de converter a Tui nunha cidade m\u00e1is amable, m\u00e1is humana e de maior calidade de vida para as persoas \u00e9 irreversible. Eu entendo que inicialmente pode ocasionar malestar, resp\u00e9ctoo e , con toda a humildade , pido por favor un pouco de paciencia. A experiencia amosa que as cidades que collen este tipo de cami\u00f1o nunca volven atr\u00e1s, porque a veci\u00f1anza non o quere de ning\u00fan modo.<\/p><\/blockquote>\n\n\n\n<blockquote class=\"wp-block-quote is-layout-flow wp-block-quote-is-layout-flow\"><p>Xa conseguimos rematar proxectos que parec\u00edan eternos<\/p><\/blockquote>\n\n\n\n<p><strong>Como por exemplo?<\/strong><\/p>\n\n\n\n<blockquote class=\"wp-block-quote is-layout-flow wp-block-quote-is-layout-flow\"><p>A apertura da r\u00faa Ourense.<\/p><\/blockquote>\n\n\n\n<p><strong>Do seu resultado est\u00e1s contento?, non se xera un tap\u00f3n de tr\u00e1fico na rotonda desa r\u00faa?<\/strong><\/p>\n\n\n\n<blockquote class=\"wp-block-quote is-layout-flow wp-block-quote-is-layout-flow\"><p>Si, x\u00e9rase tap\u00f3n , pero porque a\u00ednda non se produciu a apertura da zona sur que \u00e9 a que estamos a traballar na actualidade. En calquera caso temos que ser conscientes de que o tr\u00e1fico nun casco urbano nunca poder\u00e1 ter a mesma fluidez ca nunha estrada.<\/p><\/blockquote>\n\n\n\n<p><strong>Vai haber aparcadoiro soterrado?<\/strong><\/p>\n\n\n\n<blockquote class=\"wp-block-quote is-layout-flow wp-block-quote-is-layout-flow\"><p>Si, ese proxecto , que nos separou moito do BNG, \u00e9 innegociable. Vaino haber porque \u00e9 un proxecto necesario e non hai outra alternativa<\/p><\/blockquote>\n\n\n\n<p><strong>Por que non hai alternativa?<\/strong><\/p>\n\n\n\n<blockquote class=\"wp-block-quote is-layout-flow wp-block-quote-is-layout-flow\"><p>Pois porque n\u00f3s para facer un aparcadoiro p\u00fablico, xa sexa de xesti\u00f3n privada ou p\u00fablica, necesitamos solo p\u00fablico. E solo p\u00fablico para facer un aparcadoiro haino s\u00f3 nese \u00e1mbito. Eu po\u00f1o sempre o exemplo da cidade de Pontevedra, que conseguiu esa calidade nas s\u00faas humanizaci\u00f3ns porque ten arredor dunha ducia de aparcadoiros no seu casco urbano. A nosa soluci\u00f3n foi testada polos propios responsables do servizo de mobilidade da DEPO, que algo disto si que saben creo eu<\/p><\/blockquote>\n\n\n\n<p><strong>E ao argumento do BNG de que agora temos varios centenares de prazas gratis, e que co parking soterrado imos ter menos prazas e a\u00ednda por riba de pago, que contestas?<\/strong><\/p>\n\n\n\n<blockquote class=\"wp-block-quote is-layout-flow wp-block-quote-is-layout-flow\"><p>\u00c9 un argumento inv\u00e1lido porque moitas desas prazas est\u00e1n en \u201c Leira parkings\u201dque son solo urbano, e en moitos deses casos xa te\u00f1en licencia para constru\u00edr, polo tanto as prazas que haxa al\u00ed, desde un punto de visa minimamente rigoroso, non se poden computar como prazas que te\u00f1amos, porque en realidade non as temos.<\/p><\/blockquote>\n\n\n\n<blockquote class=\"wp-block-quote is-layout-flow wp-block-quote-is-layout-flow\"><p>Asemade como resultado das humanizaci\u00f3ns moitas das prazas de superficie vanse ir retirando e as que queden van ser zona azul<\/p><\/blockquote>\n\n\n\n<p><strong>Zona azul de Pago?<\/strong><\/p>\n\n\n\n<blockquote class=\"wp-block-quote is-layout-flow wp-block-quote-is-layout-flow\"><p>Non, de balde<\/p><\/blockquote>\n\n\n\n<p><strong>Por que rompeu o goberno con Lano?<\/strong><\/p>\n\n\n\n<blockquote class=\"wp-block-quote is-layout-flow wp-block-quote-is-layout-flow\"><p>El ped\u00eda a modificaci\u00f3n da ordenanza de taxas de lixo, que afecta sobre todo aos hoteis, pero para proceder a esa modificaci\u00f3n teriamos que facer un traballo que estaba sen facer. Hab\u00eda un traballo previo mal feito, que non pasou os filtros dos funcionarios municipais. E a partir de a\u00ed eu encargueino \u00e1 DEPO , e presentar\u00e9molo en breve<\/p><\/blockquote>\n\n\n\n<p><strong>Ent\u00f3n onde est\u00e1 o problema?<\/strong><\/p>\n\n\n\n<blockquote class=\"wp-block-quote is-layout-flow wp-block-quote-is-layout-flow\"><p>En que Lano puxo uns prazos imposibles de cumprir. Eu non podo modificar unha ordenanza feita sobre un estudo que era deficiente porque iso pode traernos consecuencias irreparables<\/p><\/blockquote>\n\n\n\n<p><strong>Pero \u00e9 certo que os hoteis de Tui pagan unha taxa de lixo anormalmente alta?<\/strong><\/p>\n\n\n\n<blockquote class=\"wp-block-quote is-layout-flow wp-block-quote-is-layout-flow\"><p>Si, \u00e9 absolutamente certo<\/p><\/blockquote>\n\n\n\n<p><strong>E o alcalde de Tui ten vontade pol\u00edtica de solucionalo?<\/strong><\/p>\n\n\n\n<blockquote class=\"wp-block-quote is-layout-flow wp-block-quote-is-layout-flow\"><p>Radicalmente si.<\/p><\/blockquote>\n\n\n\n<p><strong>A medalla de Ouro da cidade ao bispo Luis Quinteiro xerou pol\u00e9mica. Expl\u00edcanos os motivos desta condecoraci\u00f3n?<\/strong><\/p>\n\n\n\n<blockquote class=\"wp-block-quote is-layout-flow wp-block-quote-is-layout-flow\"><p>Na corporaci\u00f3n, ag\u00e1s o BNG, todos votamos a favor. Reco\u00f1ec\u00e9moslle a esta persoa a s\u00faa traxectoria e a s\u00faa implicaci\u00f3n coa nosa cidade e co noso patrimonio hist\u00f3rico. \u00c9 un humanista, unha persoa xenerosa, e considero particularmente que \u00e9 merecedor do reco\u00f1ecemento. E quero aclarar que eu non son crente, pero tampouco dogm\u00e1tico.<\/p><\/blockquote>\n\n\n\n<p><strong>Sab\u00edas que aparece nun informe dun destacado medio de comunicaci\u00f3n como presunto encubridor de abusos sexuais?<\/strong><\/p>\n\n\n\n<blockquote class=\"wp-block-quote is-layout-flow wp-block-quote-is-layout-flow\"><p>Ben, o encubrimento \u00e9 un tipo delituoso. E que eu saiba non \u00e9 que non fora condenado \u00e9 que non foi nin sequera imputado. Tam\u00e9n hai pol\u00edticos que no seu momento pactaron con outros pol\u00edticos que simpatizaban con organizaci\u00f3ns terroristas e por iso tampouco podemos tirar conclusi\u00f3ns equivocadas. Quero dicir; par\u00e9ceme errado caer niso para tratar de desacreditar a ningu\u00e9n. A min Luis Quinteiro mer\u00e9ceme o maior dos respectos.<\/p><\/blockquote>\n\n\n\n<p><strong>O acceso \u00e1 praia de Areeiros en Guillarei?<\/strong><\/p>\n\n\n\n<blockquote class=\"wp-block-quote is-layout-flow wp-block-quote-is-layout-flow\"><p>\u00c9 un \u00e1mbito que estaba totalmente abandonado e fixemos unha intervenci\u00f3n entendemos que necesaria. Desde o punto de vista est\u00e9tico poder\u00e1 gustar m\u00e1is ou menos ,pero a s\u00faa necesidade non creo que sexa discutible.<\/p><\/blockquote>\n\n\n\n<p><strong>Sobre o traslado do mercado que nos tes que dicir?<\/strong><\/p>\n\n\n\n<blockquote class=\"wp-block-quote is-layout-flow wp-block-quote-is-layout-flow\"><p>Ti\u00f1\u00e1molo claro desde o inicio do mandato e se seguimos gobernando vai seguir as\u00ed sen ning\u00fan x\u00e9nero de d\u00fabidas. O mercado produc\u00eda problemas de mobilidade e sucidade .Traslad\u00e1molo a unha zona de cidade que tam\u00e9n merece actividade comercial e produce moitas menos molestias agora que antes. O mercado est\u00e1 no lugar que debe de estar.<\/p><\/blockquote>\n\n\n\n<p><strong>Xa temos decidido que vas volver encabezar a candidatura do PSdeG nas municipais de Maio?<\/strong><\/p>\n\n\n\n<blockquote class=\"wp-block-quote is-layout-flow wp-block-quote-is-layout-flow\"><p>Esa decisi\u00f3n non est\u00e1 tomada. Anunciareino no seu momento. A mi\u00f1a decisi\u00f3n est\u00e1 vinculada a que unha serie de obxectivos se cumpran, alg\u00fans de competencia municipal e outros non. Para min o obxectivo irrenunciable \u00e9 o compromiso de ADIF de soterrar o v\u00eda do tren no espazo central da nosa cidade<\/p><\/blockquote>\n\n\n\n<p><strong>Cando o vas anunciar?<\/strong><\/p>\n\n\n\n<blockquote class=\"wp-block-quote is-layout-flow wp-block-quote-is-layout-flow\"><p>No mes de xaneiro, cando rematen as festas.<\/p><\/blockquote>\n\n\n\n<p><strong>Encabeces ou non encabeces o obxectivo cal \u00e9?<\/strong><\/p>\n\n\n\n<blockquote class=\"wp-block-quote is-layout-flow wp-block-quote-is-layout-flow\"><p>Conf\u00edo en que a maior\u00eda da cidadan\u00eda Tudense valore o noso traballo estes anos, e outorgue ao partido socialista unha maior\u00eda suficiente para podermos gobernar con comodidade.<\/p><\/blockquote>\n","protected":false},"excerpt":{"rendered":"<div class=\"mh-excerpt\"><p>A vitoria da esquerda tudense nas municipais do 2019 xerou unhas expectativas enormes nunha cidade de tradici\u00f3n sociol\u00f3xica conservadora. En Breve o goberno socialista enfrontarase ao escrutinio das urnas para comprobar se a maior\u00eda das e dos veci\u00f1os de Tui entenden que merecen seguir contando coa s\u00faa confianza <a class=\"mh-excerpt-more\" href=\"https:\/\/www.anovapeneira.gal\/index.php\/2022\/12\/28\/enrique-cabaleiro-alcalde-de-tui-2\/\" title=\"Enrique Cabaleiro alcalde de Tui\">[&#8230;]<\/a><\/p>\n<\/div>","protected":false},"author":3,"featured_media":8831,"comment_status":"open","ping_status":"open","sticky":false,"template":"","format":"standard","meta":{"_exactmetrics_skip_tracking":false,"_exactmetrics_sitenote_active":false,"_exactmetrics_sitenote_note":"","_exactmetrics_sitenote_category":0,"footnotes":""},"categories":[266],"tags":[426],"class_list":{"0":"post-8830","1":"post","2":"type-post","3":"status-publish","4":"format-standard","5":"has-post-thumbnail","7":"category-baixo-mino-entrevistas","8":"tag-concello-de-tui"},"yoast_head":"<!-- This site is optimized with the Yoast SEO plugin v27.4 - https:\/\/yoast.com\/product\/yoast-seo-wordpress\/ -->\n<title>Enrique Cabaleiro alcalde de Tui -<\/title>\n<meta name=\"description\" content=\"A vitoria da esquerda tudense nas municipais do 2019 xerou unhas expectativas enormes nunha cidade de tradici\u00f3n sociol\u00f3xica conservadora.\" \/>\n<meta name=\"robots\" content=\"index, follow, max-snippet:-1, max-image-preview:large, max-video-preview:-1\" \/>\n<link rel=\"canonical\" href=\"https:\/\/www.anovapeneira.gal\/index.php\/2022\/12\/28\/enrique-cabaleiro-alcalde-de-tui-2\/\" \/>\n<meta property=\"og:locale\" content=\"gl_ES\" \/>\n<meta property=\"og:type\" content=\"article\" \/>\n<meta property=\"og:title\" content=\"Enrique Cabaleiro alcalde de Tui -\" \/>\n<meta property=\"og:description\" content=\"A vitoria da esquerda tudense nas municipais do 2019 xerou unhas expectativas enormes nunha cidade de tradici\u00f3n sociol\u00f3xica conservadora.\" \/>\n<meta property=\"og:url\" content=\"https:\/\/www.anovapeneira.gal\/index.php\/2022\/12\/28\/enrique-cabaleiro-alcalde-de-tui-2\/\" \/>\n<meta property=\"article:publisher\" content=\"https:\/\/www.facebook.com\/anovapeneira\" \/>\n<meta property=\"article:published_time\" content=\"2022-12-28T09:00:45+00:00\" \/>\n<meta property=\"og:image\" content=\"https:\/\/www.anovapeneira.gal\/wp-content\/uploads\/2022\/12\/alcade_tui_enrique.jpg\" \/>\n\t<meta property=\"og:image:width\" content=\"720\" \/>\n\t<meta property=\"og:image:height\" content=\"432\" \/>\n\t<meta property=\"og:image:type\" content=\"image\/jpeg\" \/>\n<meta name=\"author\" content=\"Redacci\u00f3n A Nova Peneira\" \/>\n<meta name=\"twitter:card\" content=\"summary_large_image\" \/>\n<meta name=\"twitter:creator\" content=\"@APeneira\" \/>\n<meta name=\"twitter:site\" content=\"@APeneira\" \/>\n<meta name=\"twitter:label1\" content=\"Escrito por\" \/>\n\t<meta name=\"twitter:data1\" content=\"Redacci\u00f3n A Nova Peneira\" \/>\n\t<meta name=\"twitter:label2\" content=\"Tempo de lectura\" \/>\n\t<meta name=\"twitter:data2\" content=\"10 minutos\" \/>\n<script type=\"application\/ld+json\" class=\"yoast-schema-graph\">{\"@context\":\"https:\\\/\\\/schema.org\",\"@graph\":[{\"@type\":\"Article\",\"@id\":\"https:\\\/\\\/www.anovapeneira.gal\\\/index.php\\\/2022\\\/12\\\/28\\\/enrique-cabaleiro-alcalde-de-tui-2\\\/#article\",\"isPartOf\":{\"@id\":\"https:\\\/\\\/www.anovapeneira.gal\\\/index.php\\\/2022\\\/12\\\/28\\\/enrique-cabaleiro-alcalde-de-tui-2\\\/\"},\"author\":{\"name\":\"Redacci\u00f3n A Nova Peneira\",\"@id\":\"https:\\\/\\\/www.anovapeneira.gal\\\/#\\\/schema\\\/person\\\/b93e3f8932e3f8da96334607eb6ac6aa\"},\"headline\":\"Enrique Cabaleiro alcalde de Tui\",\"datePublished\":\"2022-12-28T09:00:45+00:00\",\"mainEntityOfPage\":{\"@id\":\"https:\\\/\\\/www.anovapeneira.gal\\\/index.php\\\/2022\\\/12\\\/28\\\/enrique-cabaleiro-alcalde-de-tui-2\\\/\"},\"wordCount\":1870,\"commentCount\":0,\"publisher\":{\"@id\":\"https:\\\/\\\/www.anovapeneira.gal\\\/#organization\"},\"image\":{\"@id\":\"https:\\\/\\\/www.anovapeneira.gal\\\/index.php\\\/2022\\\/12\\\/28\\\/enrique-cabaleiro-alcalde-de-tui-2\\\/#primaryimage\"},\"thumbnailUrl\":\"https:\\\/\\\/www.anovapeneira.gal\\\/wp-content\\\/uploads\\\/2022\\\/12\\\/alcade_tui_enrique.jpg\",\"keywords\":[\"Concello de Tui\"],\"articleSection\":[\"Baixo Mi\u00f1o\"],\"inLanguage\":\"gl-ES\",\"potentialAction\":[{\"@type\":\"CommentAction\",\"name\":\"Comment\",\"target\":[\"https:\\\/\\\/www.anovapeneira.gal\\\/index.php\\\/2022\\\/12\\\/28\\\/enrique-cabaleiro-alcalde-de-tui-2\\\/#respond\"]}]},{\"@type\":\"WebPage\",\"@id\":\"https:\\\/\\\/www.anovapeneira.gal\\\/index.php\\\/2022\\\/12\\\/28\\\/enrique-cabaleiro-alcalde-de-tui-2\\\/\",\"url\":\"https:\\\/\\\/www.anovapeneira.gal\\\/index.php\\\/2022\\\/12\\\/28\\\/enrique-cabaleiro-alcalde-de-tui-2\\\/\",\"name\":\"Enrique Cabaleiro alcalde de Tui -\",\"isPartOf\":{\"@id\":\"https:\\\/\\\/www.anovapeneira.gal\\\/#website\"},\"primaryImageOfPage\":{\"@id\":\"https:\\\/\\\/www.anovapeneira.gal\\\/index.php\\\/2022\\\/12\\\/28\\\/enrique-cabaleiro-alcalde-de-tui-2\\\/#primaryimage\"},\"image\":{\"@id\":\"https:\\\/\\\/www.anovapeneira.gal\\\/index.php\\\/2022\\\/12\\\/28\\\/enrique-cabaleiro-alcalde-de-tui-2\\\/#primaryimage\"},\"thumbnailUrl\":\"https:\\\/\\\/www.anovapeneira.gal\\\/wp-content\\\/uploads\\\/2022\\\/12\\\/alcade_tui_enrique.jpg\",\"datePublished\":\"2022-12-28T09:00:45+00:00\",\"description\":\"A vitoria da esquerda tudense nas municipais do 2019 xerou unhas expectativas enormes nunha cidade de tradici\u00f3n sociol\u00f3xica conservadora.\",\"breadcrumb\":{\"@id\":\"https:\\\/\\\/www.anovapeneira.gal\\\/index.php\\\/2022\\\/12\\\/28\\\/enrique-cabaleiro-alcalde-de-tui-2\\\/#breadcrumb\"},\"inLanguage\":\"gl-ES\",\"potentialAction\":[{\"@type\":\"ReadAction\",\"target\":[\"https:\\\/\\\/www.anovapeneira.gal\\\/index.php\\\/2022\\\/12\\\/28\\\/enrique-cabaleiro-alcalde-de-tui-2\\\/\"]}]},{\"@type\":\"ImageObject\",\"inLanguage\":\"gl-ES\",\"@id\":\"https:\\\/\\\/www.anovapeneira.gal\\\/index.php\\\/2022\\\/12\\\/28\\\/enrique-cabaleiro-alcalde-de-tui-2\\\/#primaryimage\",\"url\":\"https:\\\/\\\/www.anovapeneira.gal\\\/wp-content\\\/uploads\\\/2022\\\/12\\\/alcade_tui_enrique.jpg\",\"contentUrl\":\"https:\\\/\\\/www.anovapeneira.gal\\\/wp-content\\\/uploads\\\/2022\\\/12\\\/alcade_tui_enrique.jpg\",\"width\":720,\"height\":432,\"caption\":\"Enrique Cabaleiro alcalde de Tui\"},{\"@type\":\"BreadcrumbList\",\"@id\":\"https:\\\/\\\/www.anovapeneira.gal\\\/index.php\\\/2022\\\/12\\\/28\\\/enrique-cabaleiro-alcalde-de-tui-2\\\/#breadcrumb\",\"itemListElement\":[{\"@type\":\"ListItem\",\"position\":1,\"name\":\"Portada\",\"item\":\"https:\\\/\\\/www.anovapeneira.gal\\\/\"},{\"@type\":\"ListItem\",\"position\":2,\"name\":\"Enrique Cabaleiro alcalde de Tui\"}]},{\"@type\":\"WebSite\",\"@id\":\"https:\\\/\\\/www.anovapeneira.gal\\\/#website\",\"url\":\"https:\\\/\\\/www.anovapeneira.gal\\\/\",\"name\":\"\",\"description\":\"Xornal galego de informaci\u00f3n xeral Publicaci\u00f3n mensual de novas de Galicia e en especial dos Concellos da sur da provincia de Pontevedra.\",\"publisher\":{\"@id\":\"https:\\\/\\\/www.anovapeneira.gal\\\/#organization\"},\"potentialAction\":[{\"@type\":\"SearchAction\",\"target\":{\"@type\":\"EntryPoint\",\"urlTemplate\":\"https:\\\/\\\/www.anovapeneira.gal\\\/?s={search_term_string}\"},\"query-input\":{\"@type\":\"PropertyValueSpecification\",\"valueRequired\":true,\"valueName\":\"search_term_string\"}}],\"inLanguage\":\"gl-ES\"},{\"@type\":\"Organization\",\"@id\":\"https:\\\/\\\/www.anovapeneira.gal\\\/#organization\",\"name\":\"A Nova Peneira\",\"url\":\"https:\\\/\\\/www.anovapeneira.gal\\\/\",\"logo\":{\"@type\":\"ImageObject\",\"inLanguage\":\"gl-ES\",\"@id\":\"https:\\\/\\\/www.anovapeneira.gal\\\/#\\\/schema\\\/logo\\\/image\\\/\",\"url\":\"http:\\\/\\\/www.anovapeneira.gal\\\/wp-content\\\/uploads\\\/2019\\\/06\\\/logo_a_nova_peneira_portal_web.png\",\"contentUrl\":\"http:\\\/\\\/www.anovapeneira.gal\\\/wp-content\\\/uploads\\\/2019\\\/06\\\/logo_a_nova_peneira_portal_web.png\",\"width\":300,\"height\":100,\"caption\":\"A Nova Peneira\"},\"image\":{\"@id\":\"https:\\\/\\\/www.anovapeneira.gal\\\/#\\\/schema\\\/logo\\\/image\\\/\"},\"sameAs\":[\"https:\\\/\\\/www.facebook.com\\\/anovapeneira\",\"https:\\\/\\\/x.com\\\/APeneira\"]},{\"@type\":\"Person\",\"@id\":\"https:\\\/\\\/www.anovapeneira.gal\\\/#\\\/schema\\\/person\\\/b93e3f8932e3f8da96334607eb6ac6aa\",\"name\":\"Redacci\u00f3n A Nova Peneira\",\"image\":{\"@type\":\"ImageObject\",\"inLanguage\":\"gl-ES\",\"@id\":\"https:\\\/\\\/secure.gravatar.com\\\/avatar\\\/c052a2551a06e23fac63626232eaa90abd78dbcf1700fc46a2b2c89fd27b735f?s=96&d=mm&r=g\",\"url\":\"https:\\\/\\\/secure.gravatar.com\\\/avatar\\\/c052a2551a06e23fac63626232eaa90abd78dbcf1700fc46a2b2c89fd27b735f?s=96&d=mm&r=g\",\"contentUrl\":\"https:\\\/\\\/secure.gravatar.com\\\/avatar\\\/c052a2551a06e23fac63626232eaa90abd78dbcf1700fc46a2b2c89fd27b735f?s=96&d=mm&r=g\",\"caption\":\"Redacci\u00f3n A Nova Peneira\"},\"sameAs\":[\"http:\\\/\\\/www.anovapeneira.gal\\\/\"],\"url\":\"https:\\\/\\\/www.anovapeneira.gal\\\/index.php\\\/author\\\/redactor\\\/\"}]}<\/script>\n<!-- \/ Yoast SEO plugin. -->","yoast_head_json":{"title":"Enrique Cabaleiro alcalde de Tui -","description":"A vitoria da esquerda tudense nas municipais do 2019 xerou unhas expectativas enormes nunha cidade de tradici\u00f3n sociol\u00f3xica conservadora.","robots":{"index":"index","follow":"follow","max-snippet":"max-snippet:-1","max-image-preview":"max-image-preview:large","max-video-preview":"max-video-preview:-1"},"canonical":"https:\/\/www.anovapeneira.gal\/index.php\/2022\/12\/28\/enrique-cabaleiro-alcalde-de-tui-2\/","og_locale":"gl_ES","og_type":"article","og_title":"Enrique Cabaleiro alcalde de Tui -","og_description":"A vitoria da esquerda tudense nas municipais do 2019 xerou unhas expectativas enormes nunha cidade de tradici\u00f3n sociol\u00f3xica conservadora.","og_url":"https:\/\/www.anovapeneira.gal\/index.php\/2022\/12\/28\/enrique-cabaleiro-alcalde-de-tui-2\/","article_publisher":"https:\/\/www.facebook.com\/anovapeneira","article_published_time":"2022-12-28T09:00:45+00:00","og_image":[{"width":720,"height":432,"url":"https:\/\/www.anovapeneira.gal\/wp-content\/uploads\/2022\/12\/alcade_tui_enrique.jpg","type":"image\/jpeg"}],"author":"Redacci\u00f3n A Nova Peneira","twitter_card":"summary_large_image","twitter_creator":"@APeneira","twitter_site":"@APeneira","twitter_misc":{"Escrito por":"Redacci\u00f3n A Nova Peneira","Tempo de lectura":"10 minutos"},"schema":{"@context":"https:\/\/schema.org","@graph":[{"@type":"Article","@id":"https:\/\/www.anovapeneira.gal\/index.php\/2022\/12\/28\/enrique-cabaleiro-alcalde-de-tui-2\/#article","isPartOf":{"@id":"https:\/\/www.anovapeneira.gal\/index.php\/2022\/12\/28\/enrique-cabaleiro-alcalde-de-tui-2\/"},"author":{"name":"Redacci\u00f3n A Nova Peneira","@id":"https:\/\/www.anovapeneira.gal\/#\/schema\/person\/b93e3f8932e3f8da96334607eb6ac6aa"},"headline":"Enrique Cabaleiro alcalde de Tui","datePublished":"2022-12-28T09:00:45+00:00","mainEntityOfPage":{"@id":"https:\/\/www.anovapeneira.gal\/index.php\/2022\/12\/28\/enrique-cabaleiro-alcalde-de-tui-2\/"},"wordCount":1870,"commentCount":0,"publisher":{"@id":"https:\/\/www.anovapeneira.gal\/#organization"},"image":{"@id":"https:\/\/www.anovapeneira.gal\/index.php\/2022\/12\/28\/enrique-cabaleiro-alcalde-de-tui-2\/#primaryimage"},"thumbnailUrl":"https:\/\/www.anovapeneira.gal\/wp-content\/uploads\/2022\/12\/alcade_tui_enrique.jpg","keywords":["Concello de Tui"],"articleSection":["Baixo Mi\u00f1o"],"inLanguage":"gl-ES","potentialAction":[{"@type":"CommentAction","name":"Comment","target":["https:\/\/www.anovapeneira.gal\/index.php\/2022\/12\/28\/enrique-cabaleiro-alcalde-de-tui-2\/#respond"]}]},{"@type":"WebPage","@id":"https:\/\/www.anovapeneira.gal\/index.php\/2022\/12\/28\/enrique-cabaleiro-alcalde-de-tui-2\/","url":"https:\/\/www.anovapeneira.gal\/index.php\/2022\/12\/28\/enrique-cabaleiro-alcalde-de-tui-2\/","name":"Enrique Cabaleiro alcalde de Tui -","isPartOf":{"@id":"https:\/\/www.anovapeneira.gal\/#website"},"primaryImageOfPage":{"@id":"https:\/\/www.anovapeneira.gal\/index.php\/2022\/12\/28\/enrique-cabaleiro-alcalde-de-tui-2\/#primaryimage"},"image":{"@id":"https:\/\/www.anovapeneira.gal\/index.php\/2022\/12\/28\/enrique-cabaleiro-alcalde-de-tui-2\/#primaryimage"},"thumbnailUrl":"https:\/\/www.anovapeneira.gal\/wp-content\/uploads\/2022\/12\/alcade_tui_enrique.jpg","datePublished":"2022-12-28T09:00:45+00:00","description":"A vitoria da esquerda tudense nas municipais do 2019 xerou unhas expectativas enormes nunha cidade de tradici\u00f3n sociol\u00f3xica conservadora.","breadcrumb":{"@id":"https:\/\/www.anovapeneira.gal\/index.php\/2022\/12\/28\/enrique-cabaleiro-alcalde-de-tui-2\/#breadcrumb"},"inLanguage":"gl-ES","potentialAction":[{"@type":"ReadAction","target":["https:\/\/www.anovapeneira.gal\/index.php\/2022\/12\/28\/enrique-cabaleiro-alcalde-de-tui-2\/"]}]},{"@type":"ImageObject","inLanguage":"gl-ES","@id":"https:\/\/www.anovapeneira.gal\/index.php\/2022\/12\/28\/enrique-cabaleiro-alcalde-de-tui-2\/#primaryimage","url":"https:\/\/www.anovapeneira.gal\/wp-content\/uploads\/2022\/12\/alcade_tui_enrique.jpg","contentUrl":"https:\/\/www.anovapeneira.gal\/wp-content\/uploads\/2022\/12\/alcade_tui_enrique.jpg","width":720,"height":432,"caption":"Enrique Cabaleiro alcalde de Tui"},{"@type":"BreadcrumbList","@id":"https:\/\/www.anovapeneira.gal\/index.php\/2022\/12\/28\/enrique-cabaleiro-alcalde-de-tui-2\/#breadcrumb","itemListElement":[{"@type":"ListItem","position":1,"name":"Portada","item":"https:\/\/www.anovapeneira.gal\/"},{"@type":"ListItem","position":2,"name":"Enrique Cabaleiro alcalde de Tui"}]},{"@type":"WebSite","@id":"https:\/\/www.anovapeneira.gal\/#website","url":"https:\/\/www.anovapeneira.gal\/","name":"","description":"Xornal galego de informaci\u00f3n xeral Publicaci\u00f3n mensual de novas de Galicia e en especial dos Concellos da sur da provincia de Pontevedra.","publisher":{"@id":"https:\/\/www.anovapeneira.gal\/#organization"},"potentialAction":[{"@type":"SearchAction","target":{"@type":"EntryPoint","urlTemplate":"https:\/\/www.anovapeneira.gal\/?s={search_term_string}"},"query-input":{"@type":"PropertyValueSpecification","valueRequired":true,"valueName":"search_term_string"}}],"inLanguage":"gl-ES"},{"@type":"Organization","@id":"https:\/\/www.anovapeneira.gal\/#organization","name":"A Nova Peneira","url":"https:\/\/www.anovapeneira.gal\/","logo":{"@type":"ImageObject","inLanguage":"gl-ES","@id":"https:\/\/www.anovapeneira.gal\/#\/schema\/logo\/image\/","url":"http:\/\/www.anovapeneira.gal\/wp-content\/uploads\/2019\/06\/logo_a_nova_peneira_portal_web.png","contentUrl":"http:\/\/www.anovapeneira.gal\/wp-content\/uploads\/2019\/06\/logo_a_nova_peneira_portal_web.png","width":300,"height":100,"caption":"A Nova Peneira"},"image":{"@id":"https:\/\/www.anovapeneira.gal\/#\/schema\/logo\/image\/"},"sameAs":["https:\/\/www.facebook.com\/anovapeneira","https:\/\/x.com\/APeneira"]},{"@type":"Person","@id":"https:\/\/www.anovapeneira.gal\/#\/schema\/person\/b93e3f8932e3f8da96334607eb6ac6aa","name":"Redacci\u00f3n A Nova Peneira","image":{"@type":"ImageObject","inLanguage":"gl-ES","@id":"https:\/\/secure.gravatar.com\/avatar\/c052a2551a06e23fac63626232eaa90abd78dbcf1700fc46a2b2c89fd27b735f?s=96&d=mm&r=g","url":"https:\/\/secure.gravatar.com\/avatar\/c052a2551a06e23fac63626232eaa90abd78dbcf1700fc46a2b2c89fd27b735f?s=96&d=mm&r=g","contentUrl":"https:\/\/secure.gravatar.com\/avatar\/c052a2551a06e23fac63626232eaa90abd78dbcf1700fc46a2b2c89fd27b735f?s=96&d=mm&r=g","caption":"Redacci\u00f3n A Nova Peneira"},"sameAs":["http:\/\/www.anovapeneira.gal\/"],"url":"https:\/\/www.anovapeneira.gal\/index.php\/author\/redactor\/"}]}},"jetpack_featured_media_url":"https:\/\/www.anovapeneira.gal\/wp-content\/uploads\/2022\/12\/alcade_tui_enrique.jpg","_links":{"self":[{"href":"https:\/\/www.anovapeneira.gal\/index.php\/wp-json\/wp\/v2\/posts\/8830","targetHints":{"allow":["GET"]}}],"collection":[{"href":"https:\/\/www.anovapeneira.gal\/index.php\/wp-json\/wp\/v2\/posts"}],"about":[{"href":"https:\/\/www.anovapeneira.gal\/index.php\/wp-json\/wp\/v2\/types\/post"}],"author":[{"embeddable":true,"href":"https:\/\/www.anovapeneira.gal\/index.php\/wp-json\/wp\/v2\/users\/3"}],"replies":[{"embeddable":true,"href":"https:\/\/www.anovapeneira.gal\/index.php\/wp-json\/wp\/v2\/comments?post=8830"}],"version-history":[{"count":1,"href":"https:\/\/www.anovapeneira.gal\/index.php\/wp-json\/wp\/v2\/posts\/8830\/revisions"}],"predecessor-version":[{"id":8832,"href":"https:\/\/www.anovapeneira.gal\/index.php\/wp-json\/wp\/v2\/posts\/8830\/revisions\/8832"}],"wp:featuredmedia":[{"embeddable":true,"href":"https:\/\/www.anovapeneira.gal\/index.php\/wp-json\/wp\/v2\/media\/8831"}],"wp:attachment":[{"href":"https:\/\/www.anovapeneira.gal\/index.php\/wp-json\/wp\/v2\/media?parent=8830"}],"wp:term":[{"taxonomy":"category","embeddable":true,"href":"https:\/\/www.anovapeneira.gal\/index.php\/wp-json\/wp\/v2\/categories?post=8830"},{"taxonomy":"post_tag","embeddable":true,"href":"https:\/\/www.anovapeneira.gal\/index.php\/wp-json\/wp\/v2\/tags?post=8830"}],"curies":[{"name":"wp","href":"https:\/\/api.w.org\/{rel}","templated":true}]}}