{"id":8837,"date":"2022-12-29T10:00:53","date_gmt":"2022-12-29T09:00:53","guid":{"rendered":"https:\/\/www.anovapeneira.gal\/?p=8837"},"modified":"2022-12-21T14:10:20","modified_gmt":"2022-12-21T13:10:20","slug":"o-nadal-en-fornelos-da-ribeira","status":"publish","type":"post","link":"https:\/\/www.anovapeneira.gal\/index.php\/2022\/12\/29\/o-nadal-en-fornelos-da-ribeira\/","title":{"rendered":"O nadal en Fornelos da Ribeira"},"content":{"rendered":"\n<pre class=\"wp-block-verse\">Manuel\u00a0Alfonso\u00a0Est\u00e9vez<\/pre>\n\n\n\n<p>Cando era meni\u00f1o, comprend\u00eda que o 24 de Decembro e o 6 de Xaneiro, ti\u00f1an como eixo a conmemoraci\u00f3n do nacemento de NENO, relacionados cos solsticios de inverno, sobre o que hab\u00eda &#8211; coma sempre &#8211; superstici\u00f3n relixiosa.<\/p>\n\n\n\n<p>Era motivo para reforzar a \u201cuni\u00f3n familiar\u201d, na casa paterna,do eido de Cambra, no rueiro do Casco, na que se inclu\u00edan \u201cas \u00e1nimas do falecidos\u201d, que participaban na cea.<\/p>\n\n\n\n<p>Hoxe, l\u00e9mbrome daqueles anos de rapaz, como na Noiteboa se serv\u00eda un prato demais para os mortos, e non se recoll\u00eda a mesa, para que todas as \u00e1nimas ausentes participaran xunto a lareira. E, eu preguntaba por que nesa noite as \u00e1nimas familiares participaban da calor e comida. E tam\u00e9n, o que non sab\u00eda si se lle reservaba sitio, como s\u00edmbolo da pousada da Virxe en Belen ou non. Aqu\u00ed ti\u00f1a d\u00fabidas.<\/p>\n\n\n\n<p>Do que si me lembro era de cear \u201cbacallau con coliflor\u201d e beber unha cunca de vi\u00f1o tinto, \u201cda casa\u201d, nesa ocasi\u00f3n. Ent\u00f3n, me situaban a tradici\u00f3n do nacemento do Neno, nunha humilde corte, quentado por un boi e unha mula, e que o boi quentaba o Neno, co seu bafo, mentres que a mula com\u00eda a palla do pesebre, e que a s\u00faa actitude ingrata ante \u201cDeus\u201d a condenara a esterilidade.<\/p>\n\n\n\n<p>Naquela Noiteboa, do ano 1.939 se limpaba ben a lareira e se acend\u00eda o lume con o chamado cepo do Nadal, e me dic\u00edan que iso simbolizaba o paso do Ano Vello o Ano Novo, e agora despois de tantos anos doume conta do culto o lume, que estaba presente, coma noutras latitudes, e que o Tiz\u00f3n do Nadal, non so era unha reliquia de culto pag\u00e1n.<\/p>\n\n\n\n<p>Tanto na mi\u00f1a aldea, como no resto da comarca do condado, adoitaban sa\u00edr a eira cun un cirio aceso para saber de onde vi\u00f1a o vento as 12 da noite en punto. E o vento indicaba si \u00eda a vir bo tempo para as colleitas do pr\u00f3ximo ano. Asi, si o vento \u00eda a vir do \u201csur\u201d (h\u00famido), do nord\u00e9s (seco), do leste (de fame), e do oeste (abondoso).<\/p>\n\n\n\n<p>Na misa do galo, a media noite, era costume levar o galo na Idade Media, simbolizando quizais, a chegada da luz que vence o pr\u00edncipe das tebras: O Demo.<\/p>\n\n\n\n<p>Te\u00f1o unha lixeira idea da cando rapaz,de ir con alg\u00fans rapaces cantar as panxoli\u00f1as, pedindo o \u201caguinaldo\u201d cos \u201csa\u00fados e cantos do Nadal\u201d, coa romar\u00eda final na Carballeira das Fragui\u00f1as, con cantos de gabanza, por todos os compo\u00f1entes.<\/p>\n\n\n\n<p>Tradicionalmente, o paso do Ano Vello o Ano Novo, aparec\u00eda o lume do facho que reun\u00eda a toda a veci\u00f1anza, deixando comida para os finados que participaran na cea dos vivos.<\/p>\n\n\n\n<p>Era costume comer as 12 uvas coas badaladas da igrexa de San Xo\u00e1n, que marcaba a medianoite.<\/p>\n\n\n\n<p>Eu non te\u00f1o mais que agradecer a Nova Peneira \u2013 A Nosa Peneira \u2013 sempre atenta a estes actos, o reco\u00f1ecemento pola publicaci\u00f3n, un ano mais, deste evento.<\/p>\n","protected":false},"excerpt":{"rendered":"<div class=\"mh-excerpt\"><p>Cando era meni\u00f1o, comprend\u00eda que o 24 de Decembro e o 6 de Xaneiro, ti\u00f1an como eixo a conmemoraci\u00f3n do nacemento de NENO, relacionados cos solsticios de inverno, sobre o que hab\u00eda &#8211; coma sempre &#8211; superstici\u00f3n relixiosa <a class=\"mh-excerpt-more\" href=\"https:\/\/www.anovapeneira.gal\/index.php\/2022\/12\/29\/o-nadal-en-fornelos-da-ribeira\/\" title=\"O nadal en Fornelos da Ribeira\">[&#8230;]<\/a><\/p>\n<\/div>","protected":false},"author":40,"featured_media":5108,"comment_status":"open","ping_status":"open","sticky":false,"template":"","format":"standard","meta":{"_exactmetrics_skip_tracking":false,"_exactmetrics_sitenote_active":false,"_exactmetrics_sitenote_note":"","_exactmetrics_sitenote_category":0,"footnotes":""},"categories":[7],"tags":[1343],"class_list":{"0":"post-8837","1":"post","2":"type-post","3":"status-publish","4":"format-standard","5":"has-post-thumbnail","7":"category-artigos-de-opinion","8":"tag-manuel-alfonso-estevez-2"},"yoast_head":"<!-- This site is optimized with the Yoast SEO plugin v27.4 - https:\/\/yoast.com\/product\/yoast-seo-wordpress\/ -->\n<title>O nadal en Fornelos da Ribeira -<\/title>\n<meta name=\"description\" content=\"Cando era meni\u00f1o, comprend\u00eda que o 24 de Decembro e o 6 de Xaneiro, ti\u00f1an como eixo a conmemoraci\u00f3n do nacemento de NENO, relacionados cos solsticios de inverno, sobre o que hab\u00eda - coma sempre - superstici\u00f3n relixiosa\" \/>\n<meta name=\"robots\" content=\"index, follow, max-snippet:-1, max-image-preview:large, max-video-preview:-1\" \/>\n<link rel=\"canonical\" href=\"https:\/\/www.anovapeneira.gal\/index.php\/2022\/12\/29\/o-nadal-en-fornelos-da-ribeira\/\" \/>\n<meta property=\"og:locale\" content=\"gl_ES\" \/>\n<meta property=\"og:type\" content=\"article\" \/>\n<meta property=\"og:title\" content=\"O nadal en Fornelos da Ribeira -\" \/>\n<meta property=\"og:description\" content=\"Cando era meni\u00f1o, comprend\u00eda que o 24 de Decembro e o 6 de Xaneiro, ti\u00f1an como eixo a conmemoraci\u00f3n do nacemento de NENO, relacionados cos solsticios de inverno, sobre o que hab\u00eda - coma sempre - superstici\u00f3n relixiosa\" \/>\n<meta property=\"og:url\" content=\"https:\/\/www.anovapeneira.gal\/index.php\/2022\/12\/29\/o-nadal-en-fornelos-da-ribeira\/\" \/>\n<meta property=\"article:publisher\" content=\"https:\/\/www.facebook.com\/anovapeneira\" \/>\n<meta property=\"article:published_time\" content=\"2022-12-29T09:00:53+00:00\" \/>\n<meta property=\"og:image\" content=\"https:\/\/www.anovapeneira.gal\/wp-content\/uploads\/2021\/03\/manuel_alfonso_estevez.jpg\" \/>\n\t<meta property=\"og:image:width\" content=\"720\" \/>\n\t<meta property=\"og:image:height\" content=\"432\" \/>\n\t<meta property=\"og:image:type\" content=\"image\/jpeg\" \/>\n<meta name=\"author\" content=\"Manuel Alfonso Est\u00e9vez\" \/>\n<meta name=\"twitter:card\" content=\"summary_large_image\" \/>\n<meta name=\"twitter:creator\" content=\"@APeneira\" \/>\n<meta name=\"twitter:site\" content=\"@APeneira\" \/>\n<meta name=\"twitter:label1\" content=\"Escrito por\" \/>\n\t<meta name=\"twitter:data1\" content=\"Manuel Alfonso Est\u00e9vez\" \/>\n\t<meta name=\"twitter:label2\" content=\"Tempo de lectura\" \/>\n\t<meta name=\"twitter:data2\" content=\"3 minutos\" \/>\n<script type=\"application\/ld+json\" class=\"yoast-schema-graph\">{\"@context\":\"https:\\\/\\\/schema.org\",\"@graph\":[{\"@type\":\"Article\",\"@id\":\"https:\\\/\\\/www.anovapeneira.gal\\\/index.php\\\/2022\\\/12\\\/29\\\/o-nadal-en-fornelos-da-ribeira\\\/#article\",\"isPartOf\":{\"@id\":\"https:\\\/\\\/www.anovapeneira.gal\\\/index.php\\\/2022\\\/12\\\/29\\\/o-nadal-en-fornelos-da-ribeira\\\/\"},\"author\":{\"name\":\"Manuel Alfonso Est\u00e9vez\",\"@id\":\"https:\\\/\\\/www.anovapeneira.gal\\\/#\\\/schema\\\/person\\\/6561b93d53e7a32f5d814768163bae2a\"},\"headline\":\"O nadal en Fornelos da Ribeira\",\"datePublished\":\"2022-12-29T09:00:53+00:00\",\"mainEntityOfPage\":{\"@id\":\"https:\\\/\\\/www.anovapeneira.gal\\\/index.php\\\/2022\\\/12\\\/29\\\/o-nadal-en-fornelos-da-ribeira\\\/\"},\"wordCount\":538,\"commentCount\":0,\"publisher\":{\"@id\":\"https:\\\/\\\/www.anovapeneira.gal\\\/#organization\"},\"image\":{\"@id\":\"https:\\\/\\\/www.anovapeneira.gal\\\/index.php\\\/2022\\\/12\\\/29\\\/o-nadal-en-fornelos-da-ribeira\\\/#primaryimage\"},\"thumbnailUrl\":\"https:\\\/\\\/www.anovapeneira.gal\\\/wp-content\\\/uploads\\\/2021\\\/03\\\/manuel_alfonso_estevez.jpg\",\"keywords\":[\"Manuel\u00a0Alfonso\u00a0Est\u00e9vez\"],\"articleSection\":[\"Artigos de opini\u00f3n\"],\"inLanguage\":\"gl-ES\",\"potentialAction\":[{\"@type\":\"CommentAction\",\"name\":\"Comment\",\"target\":[\"https:\\\/\\\/www.anovapeneira.gal\\\/index.php\\\/2022\\\/12\\\/29\\\/o-nadal-en-fornelos-da-ribeira\\\/#respond\"]}]},{\"@type\":\"WebPage\",\"@id\":\"https:\\\/\\\/www.anovapeneira.gal\\\/index.php\\\/2022\\\/12\\\/29\\\/o-nadal-en-fornelos-da-ribeira\\\/\",\"url\":\"https:\\\/\\\/www.anovapeneira.gal\\\/index.php\\\/2022\\\/12\\\/29\\\/o-nadal-en-fornelos-da-ribeira\\\/\",\"name\":\"O nadal en Fornelos da Ribeira -\",\"isPartOf\":{\"@id\":\"https:\\\/\\\/www.anovapeneira.gal\\\/#website\"},\"primaryImageOfPage\":{\"@id\":\"https:\\\/\\\/www.anovapeneira.gal\\\/index.php\\\/2022\\\/12\\\/29\\\/o-nadal-en-fornelos-da-ribeira\\\/#primaryimage\"},\"image\":{\"@id\":\"https:\\\/\\\/www.anovapeneira.gal\\\/index.php\\\/2022\\\/12\\\/29\\\/o-nadal-en-fornelos-da-ribeira\\\/#primaryimage\"},\"thumbnailUrl\":\"https:\\\/\\\/www.anovapeneira.gal\\\/wp-content\\\/uploads\\\/2021\\\/03\\\/manuel_alfonso_estevez.jpg\",\"datePublished\":\"2022-12-29T09:00:53+00:00\",\"description\":\"Cando era meni\u00f1o, comprend\u00eda que o 24 de Decembro e o 6 de Xaneiro, ti\u00f1an como eixo a conmemoraci\u00f3n do nacemento de NENO, relacionados cos solsticios de inverno, sobre o que hab\u00eda - coma sempre - superstici\u00f3n relixiosa\",\"breadcrumb\":{\"@id\":\"https:\\\/\\\/www.anovapeneira.gal\\\/index.php\\\/2022\\\/12\\\/29\\\/o-nadal-en-fornelos-da-ribeira\\\/#breadcrumb\"},\"inLanguage\":\"gl-ES\",\"potentialAction\":[{\"@type\":\"ReadAction\",\"target\":[\"https:\\\/\\\/www.anovapeneira.gal\\\/index.php\\\/2022\\\/12\\\/29\\\/o-nadal-en-fornelos-da-ribeira\\\/\"]}]},{\"@type\":\"ImageObject\",\"inLanguage\":\"gl-ES\",\"@id\":\"https:\\\/\\\/www.anovapeneira.gal\\\/index.php\\\/2022\\\/12\\\/29\\\/o-nadal-en-fornelos-da-ribeira\\\/#primaryimage\",\"url\":\"https:\\\/\\\/www.anovapeneira.gal\\\/wp-content\\\/uploads\\\/2021\\\/03\\\/manuel_alfonso_estevez.jpg\",\"contentUrl\":\"https:\\\/\\\/www.anovapeneira.gal\\\/wp-content\\\/uploads\\\/2021\\\/03\\\/manuel_alfonso_estevez.jpg\",\"width\":720,\"height\":432,\"caption\":\"Manuel Alfonso Est\u00e9vez. Historia viva de Fornelos da Ribeira\"},{\"@type\":\"BreadcrumbList\",\"@id\":\"https:\\\/\\\/www.anovapeneira.gal\\\/index.php\\\/2022\\\/12\\\/29\\\/o-nadal-en-fornelos-da-ribeira\\\/#breadcrumb\",\"itemListElement\":[{\"@type\":\"ListItem\",\"position\":1,\"name\":\"Portada\",\"item\":\"https:\\\/\\\/www.anovapeneira.gal\\\/\"},{\"@type\":\"ListItem\",\"position\":2,\"name\":\"O nadal en Fornelos da Ribeira\"}]},{\"@type\":\"WebSite\",\"@id\":\"https:\\\/\\\/www.anovapeneira.gal\\\/#website\",\"url\":\"https:\\\/\\\/www.anovapeneira.gal\\\/\",\"name\":\"\",\"description\":\"Xornal galego de informaci\u00f3n xeral Publicaci\u00f3n mensual de novas de Galicia e en especial dos Concellos da sur da provincia de Pontevedra.\",\"publisher\":{\"@id\":\"https:\\\/\\\/www.anovapeneira.gal\\\/#organization\"},\"potentialAction\":[{\"@type\":\"SearchAction\",\"target\":{\"@type\":\"EntryPoint\",\"urlTemplate\":\"https:\\\/\\\/www.anovapeneira.gal\\\/?s={search_term_string}\"},\"query-input\":{\"@type\":\"PropertyValueSpecification\",\"valueRequired\":true,\"valueName\":\"search_term_string\"}}],\"inLanguage\":\"gl-ES\"},{\"@type\":\"Organization\",\"@id\":\"https:\\\/\\\/www.anovapeneira.gal\\\/#organization\",\"name\":\"A Nova Peneira\",\"url\":\"https:\\\/\\\/www.anovapeneira.gal\\\/\",\"logo\":{\"@type\":\"ImageObject\",\"inLanguage\":\"gl-ES\",\"@id\":\"https:\\\/\\\/www.anovapeneira.gal\\\/#\\\/schema\\\/logo\\\/image\\\/\",\"url\":\"http:\\\/\\\/www.anovapeneira.gal\\\/wp-content\\\/uploads\\\/2019\\\/06\\\/logo_a_nova_peneira_portal_web.png\",\"contentUrl\":\"http:\\\/\\\/www.anovapeneira.gal\\\/wp-content\\\/uploads\\\/2019\\\/06\\\/logo_a_nova_peneira_portal_web.png\",\"width\":300,\"height\":100,\"caption\":\"A Nova Peneira\"},\"image\":{\"@id\":\"https:\\\/\\\/www.anovapeneira.gal\\\/#\\\/schema\\\/logo\\\/image\\\/\"},\"sameAs\":[\"https:\\\/\\\/www.facebook.com\\\/anovapeneira\",\"https:\\\/\\\/x.com\\\/APeneira\"]},{\"@type\":\"Person\",\"@id\":\"https:\\\/\\\/www.anovapeneira.gal\\\/#\\\/schema\\\/person\\\/6561b93d53e7a32f5d814768163bae2a\",\"name\":\"Manuel Alfonso Est\u00e9vez\",\"image\":{\"@type\":\"ImageObject\",\"inLanguage\":\"gl-ES\",\"@id\":\"https:\\\/\\\/secure.gravatar.com\\\/avatar\\\/f5d3e86603a02dabc520fdacad8691552cb5b3b57ede8828ababc7095c054594?s=96&d=mm&r=g\",\"url\":\"https:\\\/\\\/secure.gravatar.com\\\/avatar\\\/f5d3e86603a02dabc520fdacad8691552cb5b3b57ede8828ababc7095c054594?s=96&d=mm&r=g\",\"contentUrl\":\"https:\\\/\\\/secure.gravatar.com\\\/avatar\\\/f5d3e86603a02dabc520fdacad8691552cb5b3b57ede8828ababc7095c054594?s=96&d=mm&r=g\",\"caption\":\"Manuel Alfonso Est\u00e9vez\"},\"url\":\"https:\\\/\\\/www.anovapeneira.gal\\\/index.php\\\/author\\\/manuelalfonso\\\/\"}]}<\/script>\n<!-- \/ Yoast SEO plugin. -->","yoast_head_json":{"title":"O nadal en Fornelos da Ribeira -","description":"Cando era meni\u00f1o, comprend\u00eda que o 24 de Decembro e o 6 de Xaneiro, ti\u00f1an como eixo a conmemoraci\u00f3n do nacemento de NENO, relacionados cos solsticios de inverno, sobre o que hab\u00eda - coma sempre - superstici\u00f3n relixiosa","robots":{"index":"index","follow":"follow","max-snippet":"max-snippet:-1","max-image-preview":"max-image-preview:large","max-video-preview":"max-video-preview:-1"},"canonical":"https:\/\/www.anovapeneira.gal\/index.php\/2022\/12\/29\/o-nadal-en-fornelos-da-ribeira\/","og_locale":"gl_ES","og_type":"article","og_title":"O nadal en Fornelos da Ribeira -","og_description":"Cando era meni\u00f1o, comprend\u00eda que o 24 de Decembro e o 6 de Xaneiro, ti\u00f1an como eixo a conmemoraci\u00f3n do nacemento de NENO, relacionados cos solsticios de inverno, sobre o que hab\u00eda - coma sempre - superstici\u00f3n relixiosa","og_url":"https:\/\/www.anovapeneira.gal\/index.php\/2022\/12\/29\/o-nadal-en-fornelos-da-ribeira\/","article_publisher":"https:\/\/www.facebook.com\/anovapeneira","article_published_time":"2022-12-29T09:00:53+00:00","og_image":[{"width":720,"height":432,"url":"https:\/\/www.anovapeneira.gal\/wp-content\/uploads\/2021\/03\/manuel_alfonso_estevez.jpg","type":"image\/jpeg"}],"author":"Manuel Alfonso Est\u00e9vez","twitter_card":"summary_large_image","twitter_creator":"@APeneira","twitter_site":"@APeneira","twitter_misc":{"Escrito por":"Manuel Alfonso Est\u00e9vez","Tempo de lectura":"3 minutos"},"schema":{"@context":"https:\/\/schema.org","@graph":[{"@type":"Article","@id":"https:\/\/www.anovapeneira.gal\/index.php\/2022\/12\/29\/o-nadal-en-fornelos-da-ribeira\/#article","isPartOf":{"@id":"https:\/\/www.anovapeneira.gal\/index.php\/2022\/12\/29\/o-nadal-en-fornelos-da-ribeira\/"},"author":{"name":"Manuel Alfonso Est\u00e9vez","@id":"https:\/\/www.anovapeneira.gal\/#\/schema\/person\/6561b93d53e7a32f5d814768163bae2a"},"headline":"O nadal en Fornelos da Ribeira","datePublished":"2022-12-29T09:00:53+00:00","mainEntityOfPage":{"@id":"https:\/\/www.anovapeneira.gal\/index.php\/2022\/12\/29\/o-nadal-en-fornelos-da-ribeira\/"},"wordCount":538,"commentCount":0,"publisher":{"@id":"https:\/\/www.anovapeneira.gal\/#organization"},"image":{"@id":"https:\/\/www.anovapeneira.gal\/index.php\/2022\/12\/29\/o-nadal-en-fornelos-da-ribeira\/#primaryimage"},"thumbnailUrl":"https:\/\/www.anovapeneira.gal\/wp-content\/uploads\/2021\/03\/manuel_alfonso_estevez.jpg","keywords":["Manuel\u00a0Alfonso\u00a0Est\u00e9vez"],"articleSection":["Artigos de opini\u00f3n"],"inLanguage":"gl-ES","potentialAction":[{"@type":"CommentAction","name":"Comment","target":["https:\/\/www.anovapeneira.gal\/index.php\/2022\/12\/29\/o-nadal-en-fornelos-da-ribeira\/#respond"]}]},{"@type":"WebPage","@id":"https:\/\/www.anovapeneira.gal\/index.php\/2022\/12\/29\/o-nadal-en-fornelos-da-ribeira\/","url":"https:\/\/www.anovapeneira.gal\/index.php\/2022\/12\/29\/o-nadal-en-fornelos-da-ribeira\/","name":"O nadal en Fornelos da Ribeira -","isPartOf":{"@id":"https:\/\/www.anovapeneira.gal\/#website"},"primaryImageOfPage":{"@id":"https:\/\/www.anovapeneira.gal\/index.php\/2022\/12\/29\/o-nadal-en-fornelos-da-ribeira\/#primaryimage"},"image":{"@id":"https:\/\/www.anovapeneira.gal\/index.php\/2022\/12\/29\/o-nadal-en-fornelos-da-ribeira\/#primaryimage"},"thumbnailUrl":"https:\/\/www.anovapeneira.gal\/wp-content\/uploads\/2021\/03\/manuel_alfonso_estevez.jpg","datePublished":"2022-12-29T09:00:53+00:00","description":"Cando era meni\u00f1o, comprend\u00eda que o 24 de Decembro e o 6 de Xaneiro, ti\u00f1an como eixo a conmemoraci\u00f3n do nacemento de NENO, relacionados cos solsticios de inverno, sobre o que hab\u00eda - coma sempre - superstici\u00f3n relixiosa","breadcrumb":{"@id":"https:\/\/www.anovapeneira.gal\/index.php\/2022\/12\/29\/o-nadal-en-fornelos-da-ribeira\/#breadcrumb"},"inLanguage":"gl-ES","potentialAction":[{"@type":"ReadAction","target":["https:\/\/www.anovapeneira.gal\/index.php\/2022\/12\/29\/o-nadal-en-fornelos-da-ribeira\/"]}]},{"@type":"ImageObject","inLanguage":"gl-ES","@id":"https:\/\/www.anovapeneira.gal\/index.php\/2022\/12\/29\/o-nadal-en-fornelos-da-ribeira\/#primaryimage","url":"https:\/\/www.anovapeneira.gal\/wp-content\/uploads\/2021\/03\/manuel_alfonso_estevez.jpg","contentUrl":"https:\/\/www.anovapeneira.gal\/wp-content\/uploads\/2021\/03\/manuel_alfonso_estevez.jpg","width":720,"height":432,"caption":"Manuel Alfonso Est\u00e9vez. Historia viva de Fornelos da Ribeira"},{"@type":"BreadcrumbList","@id":"https:\/\/www.anovapeneira.gal\/index.php\/2022\/12\/29\/o-nadal-en-fornelos-da-ribeira\/#breadcrumb","itemListElement":[{"@type":"ListItem","position":1,"name":"Portada","item":"https:\/\/www.anovapeneira.gal\/"},{"@type":"ListItem","position":2,"name":"O nadal en Fornelos da Ribeira"}]},{"@type":"WebSite","@id":"https:\/\/www.anovapeneira.gal\/#website","url":"https:\/\/www.anovapeneira.gal\/","name":"","description":"Xornal galego de informaci\u00f3n xeral Publicaci\u00f3n mensual de novas de Galicia e en especial dos Concellos da sur da provincia de Pontevedra.","publisher":{"@id":"https:\/\/www.anovapeneira.gal\/#organization"},"potentialAction":[{"@type":"SearchAction","target":{"@type":"EntryPoint","urlTemplate":"https:\/\/www.anovapeneira.gal\/?s={search_term_string}"},"query-input":{"@type":"PropertyValueSpecification","valueRequired":true,"valueName":"search_term_string"}}],"inLanguage":"gl-ES"},{"@type":"Organization","@id":"https:\/\/www.anovapeneira.gal\/#organization","name":"A Nova Peneira","url":"https:\/\/www.anovapeneira.gal\/","logo":{"@type":"ImageObject","inLanguage":"gl-ES","@id":"https:\/\/www.anovapeneira.gal\/#\/schema\/logo\/image\/","url":"http:\/\/www.anovapeneira.gal\/wp-content\/uploads\/2019\/06\/logo_a_nova_peneira_portal_web.png","contentUrl":"http:\/\/www.anovapeneira.gal\/wp-content\/uploads\/2019\/06\/logo_a_nova_peneira_portal_web.png","width":300,"height":100,"caption":"A Nova Peneira"},"image":{"@id":"https:\/\/www.anovapeneira.gal\/#\/schema\/logo\/image\/"},"sameAs":["https:\/\/www.facebook.com\/anovapeneira","https:\/\/x.com\/APeneira"]},{"@type":"Person","@id":"https:\/\/www.anovapeneira.gal\/#\/schema\/person\/6561b93d53e7a32f5d814768163bae2a","name":"Manuel Alfonso Est\u00e9vez","image":{"@type":"ImageObject","inLanguage":"gl-ES","@id":"https:\/\/secure.gravatar.com\/avatar\/f5d3e86603a02dabc520fdacad8691552cb5b3b57ede8828ababc7095c054594?s=96&d=mm&r=g","url":"https:\/\/secure.gravatar.com\/avatar\/f5d3e86603a02dabc520fdacad8691552cb5b3b57ede8828ababc7095c054594?s=96&d=mm&r=g","contentUrl":"https:\/\/secure.gravatar.com\/avatar\/f5d3e86603a02dabc520fdacad8691552cb5b3b57ede8828ababc7095c054594?s=96&d=mm&r=g","caption":"Manuel Alfonso Est\u00e9vez"},"url":"https:\/\/www.anovapeneira.gal\/index.php\/author\/manuelalfonso\/"}]}},"jetpack_featured_media_url":"https:\/\/www.anovapeneira.gal\/wp-content\/uploads\/2021\/03\/manuel_alfonso_estevez.jpg","_links":{"self":[{"href":"https:\/\/www.anovapeneira.gal\/index.php\/wp-json\/wp\/v2\/posts\/8837","targetHints":{"allow":["GET"]}}],"collection":[{"href":"https:\/\/www.anovapeneira.gal\/index.php\/wp-json\/wp\/v2\/posts"}],"about":[{"href":"https:\/\/www.anovapeneira.gal\/index.php\/wp-json\/wp\/v2\/types\/post"}],"author":[{"embeddable":true,"href":"https:\/\/www.anovapeneira.gal\/index.php\/wp-json\/wp\/v2\/users\/40"}],"replies":[{"embeddable":true,"href":"https:\/\/www.anovapeneira.gal\/index.php\/wp-json\/wp\/v2\/comments?post=8837"}],"version-history":[{"count":1,"href":"https:\/\/www.anovapeneira.gal\/index.php\/wp-json\/wp\/v2\/posts\/8837\/revisions"}],"predecessor-version":[{"id":8838,"href":"https:\/\/www.anovapeneira.gal\/index.php\/wp-json\/wp\/v2\/posts\/8837\/revisions\/8838"}],"wp:featuredmedia":[{"embeddable":true,"href":"https:\/\/www.anovapeneira.gal\/index.php\/wp-json\/wp\/v2\/media\/5108"}],"wp:attachment":[{"href":"https:\/\/www.anovapeneira.gal\/index.php\/wp-json\/wp\/v2\/media?parent=8837"}],"wp:term":[{"taxonomy":"category","embeddable":true,"href":"https:\/\/www.anovapeneira.gal\/index.php\/wp-json\/wp\/v2\/categories?post=8837"},{"taxonomy":"post_tag","embeddable":true,"href":"https:\/\/www.anovapeneira.gal\/index.php\/wp-json\/wp\/v2\/tags?post=8837"}],"curies":[{"name":"wp","href":"https:\/\/api.w.org\/{rel}","templated":true}]}}