{"id":8839,"date":"2022-12-29T12:00:14","date_gmt":"2022-12-29T11:00:14","guid":{"rendered":"https:\/\/www.anovapeneira.gal\/?p=8839"},"modified":"2022-12-21T14:13:36","modified_gmt":"2022-12-21T13:13:36","slug":"a-alcaldesa","status":"publish","type":"post","link":"https:\/\/www.anovapeneira.gal\/index.php\/2022\/12\/29\/a-alcaldesa\/","title":{"rendered":"A alcaldesa"},"content":{"rendered":"\n<figure class=\"wp-block-image size-full is-resized\"><img loading=\"lazy\" decoding=\"async\" src=\"https:\/\/www.anovapeneira.gal\/wp-content\/uploads\/2019\/07\/xoan_alonso_a_nova_peneira_r.jpg\" alt=\"Xo\u00e1n Alonso. Correspondente de A Nova Peneira en Euskadi\" class=\"wp-image-763\" width=\"95\" height=\"111\"\/><figcaption>Xo\u00e1n Alonso. Correspondente de A Nova Peneira en Euskadi<\/figcaption><\/figure>\n\n\n\n<p>Rosario Refugallo levaba metida na pol\u00edtica toda a s\u00faa vida, resistindo e agardando o intre preciso para escribir o seu nome con letras mai\u00fasculas nos libros actas oficiais; Rosario, a primeira alcaldesa da historia no concello galego de Terrachoca.<\/p>\n\n\n\n<p>A s\u00faa entrega \u00f3 partido era absoluta, cega, dec\u00eda a xente m\u00e1is achegada. Con todo, poucos pensaban que chegar\u00eda ser a alcadesa da vila, ag\u00e1s ela.<\/p>\n\n\n\n<p>Dende os primeiros andares da democracia, logo do pasamento do dictador Francisco Franco, esquerda e dereita, dereita e esquerda gobernaron a vila. Manolo Taburete, Jos\u00e9 Trompas, Jaime Torrella e Eduardo Chapas foron os alcaldes elexidos polos veci\u00f1os. Todos homes.<\/p>\n\n\n\n<p>Ainda que a familia de Isabel non quer\u00eda facer nada especial no d\u00eda do seu enterro, Rosario ti\u00f1a outra idea na cabeza. Segundo ela, unha muller coma Isabel non se pod\u00eda ir deste mundo sen que os paxaros levaran o seu nome ata as mesmas portas do ceo.<\/p>\n\n\n\n<p>A veci\u00f1anza acolleu con moita ilusi\u00f3n que Rosario fora elixida alcaldesa. Non \u00e9 que fora unha muller moi co\u00f1edida e querida na vila pero tivo a astucia de arrodearse de xente con peso dentro do partido para darse a co\u00f1ecer. Lev\u00e1rona polas feiras, aldeas e festas coma se fora unha atracci\u00f3n ou mesmo un paso da igrexa. A xente arremui\u00f1\u00e1base para tocala e pasarlle a man polo lombo pedindo un milagre ou un choio no concello para algu\u00e9n da familia.<\/p>\n\n\n\n<p>Nada m\u00e1is sair da casa de Isabel e ter escoitado os derradeiros desexos da familia, a Rosario faltoulle tempo para prender o tel\u00e9fono m\u00f3vil. Chamou ao director da banda de m\u00fasica, \u00e1 florista e ao Mega China da entrada do concello. M\u00fasica para acompa\u00f1alo cadaleito ata o camposanto, flores para adobiar a igrexa e fogos de artificio para lle avisar ao gardi\u00e1n das portas do ceo que foran abrindo a cancela, que en cami\u00f1o \u00eda unha veci\u00f1a.<\/p>\n\n\n\n<p>Logo do primeiro ano no seu cargo, Rosario comezou a facer cousas sen moito tino e a credibilade da primeira muller alcaldesa no concello de Terrachoca esvaeceuse coma un castelo de area.<\/p>\n\n\n\n<p>Destituci\u00f3ns de concelleiros, trocos de conceller\u00edas e enfrontamentos cos alaidos no goberno foron algunhas das acci\u00f3ns que fixeron cambalear a s\u00faa imaxe de muller serea, cos pes na terra, quen de gobernar para todo o pobo e polo ben dunha vila que fora perdendo o seu encanto mari\u00f1eiro, afogada nos tellados irregulares e desorganizados do progreso.<\/p>\n\n\n\n<p>Rosario perdera o norte coma unha \u00e1rbore que vai perdendo as follas no outono ata quedar espida.<\/p>\n\n\n\n<p>As predici\u00f3ns meteorol\u00f3xicas para o d\u00eda do enterro de Isabel eran boas. Co ceo despexado o vento aloumi\u00f1aba as facianas tristes da xente que fumaba e falaba \u00e1 entrada da igrexa.<\/p>\n\n\n\n<p>A banda de m\u00fasica agardaba a orde da alcadesa para arrancar a tocar. O fogueterio ped\u00eda lume.<\/p>\n\n\n\n<p>Non intre en que a familia sa\u00eda pola porta, collidos da man, Rosario deu a orde de tiralo primero foguete. Tal foi o estourido que empezou a chover como xamais viran na vila.<\/p>\n\n\n\n<p>A neta de Isabel achegouse \u00e1 alcaldesa e cun f\u00edo de voz espetoulle:<\/p>\n\n\n\n<p>-Rosario, aos mortos, hai que deixalos ir.<\/p>\n","protected":false},"excerpt":{"rendered":"<div class=\"mh-excerpt\"><p>Rosario Refugallo levaba metida na pol\u00edtica toda a s\u00faa vida, resistindo e agardando o intre preciso para escribir o seu nome con letras mai\u00fasculas nos libros actas oficiais; Rosario, a primeira alcaldesa da historia no concello galego de Terrachoca <a class=\"mh-excerpt-more\" href=\"https:\/\/www.anovapeneira.gal\/index.php\/2022\/12\/29\/a-alcaldesa\/\" title=\"A alcaldesa\">[&#8230;]<\/a><\/p>\n<\/div>","protected":false},"author":1,"featured_media":584,"comment_status":"open","ping_status":"open","sticky":false,"template":"","format":"standard","meta":{"_exactmetrics_skip_tracking":false,"_exactmetrics_sitenote_active":false,"_exactmetrics_sitenote_note":"","_exactmetrics_sitenote_category":0,"footnotes":""},"categories":[7],"tags":[],"class_list":{"0":"post-8839","1":"post","2":"type-post","3":"status-publish","4":"format-standard","5":"has-post-thumbnail","7":"category-artigos-de-opinion"},"yoast_head":"<!-- This site is optimized with the Yoast SEO plugin v27.4 - https:\/\/yoast.com\/product\/yoast-seo-wordpress\/ -->\n<title>A alcaldesa -<\/title>\n<meta name=\"description\" content=\"Rosario Refugallo levaba metida na pol\u00edtica toda a s\u00faa vida, resistindo e agardando o intre preciso para escribir o seu nome con letras mai\u00fasculas nos libros actas oficiais; Rosario, a primeira alcaldesa da historia no concello galego de Terrachoca\" \/>\n<meta name=\"robots\" content=\"index, follow, max-snippet:-1, max-image-preview:large, max-video-preview:-1\" \/>\n<link rel=\"canonical\" href=\"https:\/\/www.anovapeneira.gal\/index.php\/2022\/12\/29\/a-alcaldesa\/\" \/>\n<meta property=\"og:locale\" content=\"gl_ES\" \/>\n<meta property=\"og:type\" content=\"article\" \/>\n<meta property=\"og:title\" content=\"A alcaldesa -\" \/>\n<meta property=\"og:description\" content=\"Rosario Refugallo levaba metida na pol\u00edtica toda a s\u00faa vida, resistindo e agardando o intre preciso para escribir o seu nome con letras mai\u00fasculas nos libros actas oficiais; Rosario, a primeira alcaldesa da historia no concello galego de Terrachoca\" \/>\n<meta property=\"og:url\" content=\"https:\/\/www.anovapeneira.gal\/index.php\/2022\/12\/29\/a-alcaldesa\/\" \/>\n<meta property=\"article:publisher\" content=\"https:\/\/www.facebook.com\/anovapeneira\" \/>\n<meta property=\"article:author\" content=\"https:\/\/www.facebook.com\/anovapeneira\/\" \/>\n<meta property=\"article:published_time\" content=\"2022-12-29T11:00:14+00:00\" \/>\n<meta property=\"og:image\" content=\"https:\/\/www.anovapeneira.gal\/wp-content\/uploads\/2019\/07\/ARTIGO_DE_OPINION_A_NOVA_PENEIRA.jpg\" \/>\n\t<meta property=\"og:image:width\" content=\"720\" \/>\n\t<meta property=\"og:image:height\" content=\"473\" \/>\n\t<meta property=\"og:image:type\" content=\"image\/jpeg\" \/>\n<meta name=\"author\" content=\"admin\" \/>\n<meta name=\"twitter:card\" content=\"summary_large_image\" \/>\n<meta name=\"twitter:image\" content=\"https:\/\/www.anovapeneira.gal\/wp-content\/uploads\/2019\/07\/ARTIGO_DE_OPINION_A_NOVA_PENEIRA.jpg\" \/>\n<meta name=\"twitter:creator\" content=\"@APeneira\" \/>\n<meta name=\"twitter:site\" content=\"@APeneira\" \/>\n<meta name=\"twitter:label1\" content=\"Escrito por\" \/>\n\t<meta name=\"twitter:data1\" content=\"admin\" \/>\n\t<meta name=\"twitter:label2\" content=\"Tempo de lectura\" \/>\n\t<meta name=\"twitter:data2\" content=\"4 minutos\" \/>\n<script type=\"application\/ld+json\" class=\"yoast-schema-graph\">{\"@context\":\"https:\\\/\\\/schema.org\",\"@graph\":[{\"@type\":\"Article\",\"@id\":\"https:\\\/\\\/www.anovapeneira.gal\\\/index.php\\\/2022\\\/12\\\/29\\\/a-alcaldesa\\\/#article\",\"isPartOf\":{\"@id\":\"https:\\\/\\\/www.anovapeneira.gal\\\/index.php\\\/2022\\\/12\\\/29\\\/a-alcaldesa\\\/\"},\"author\":{\"name\":\"admin\",\"@id\":\"https:\\\/\\\/www.anovapeneira.gal\\\/#\\\/schema\\\/person\\\/fb77575328c93684dae4b0075f90c2cb\"},\"headline\":\"A alcaldesa\",\"datePublished\":\"2022-12-29T11:00:14+00:00\",\"mainEntityOfPage\":{\"@id\":\"https:\\\/\\\/www.anovapeneira.gal\\\/index.php\\\/2022\\\/12\\\/29\\\/a-alcaldesa\\\/\"},\"wordCount\":565,\"commentCount\":0,\"publisher\":{\"@id\":\"https:\\\/\\\/www.anovapeneira.gal\\\/#organization\"},\"image\":{\"@id\":\"https:\\\/\\\/www.anovapeneira.gal\\\/index.php\\\/2022\\\/12\\\/29\\\/a-alcaldesa\\\/#primaryimage\"},\"thumbnailUrl\":\"https:\\\/\\\/www.anovapeneira.gal\\\/wp-content\\\/uploads\\\/2019\\\/07\\\/ARTIGO_DE_OPINION_A_NOVA_PENEIRA.jpg\",\"articleSection\":[\"Artigos de opini\u00f3n\"],\"inLanguage\":\"gl-ES\",\"potentialAction\":[{\"@type\":\"CommentAction\",\"name\":\"Comment\",\"target\":[\"https:\\\/\\\/www.anovapeneira.gal\\\/index.php\\\/2022\\\/12\\\/29\\\/a-alcaldesa\\\/#respond\"]}]},{\"@type\":\"WebPage\",\"@id\":\"https:\\\/\\\/www.anovapeneira.gal\\\/index.php\\\/2022\\\/12\\\/29\\\/a-alcaldesa\\\/\",\"url\":\"https:\\\/\\\/www.anovapeneira.gal\\\/index.php\\\/2022\\\/12\\\/29\\\/a-alcaldesa\\\/\",\"name\":\"A alcaldesa -\",\"isPartOf\":{\"@id\":\"https:\\\/\\\/www.anovapeneira.gal\\\/#website\"},\"primaryImageOfPage\":{\"@id\":\"https:\\\/\\\/www.anovapeneira.gal\\\/index.php\\\/2022\\\/12\\\/29\\\/a-alcaldesa\\\/#primaryimage\"},\"image\":{\"@id\":\"https:\\\/\\\/www.anovapeneira.gal\\\/index.php\\\/2022\\\/12\\\/29\\\/a-alcaldesa\\\/#primaryimage\"},\"thumbnailUrl\":\"https:\\\/\\\/www.anovapeneira.gal\\\/wp-content\\\/uploads\\\/2019\\\/07\\\/ARTIGO_DE_OPINION_A_NOVA_PENEIRA.jpg\",\"datePublished\":\"2022-12-29T11:00:14+00:00\",\"description\":\"Rosario Refugallo levaba metida na pol\u00edtica toda a s\u00faa vida, resistindo e agardando o intre preciso para escribir o seu nome con letras mai\u00fasculas nos libros actas oficiais; Rosario, a primeira alcaldesa da historia no concello galego de Terrachoca\",\"breadcrumb\":{\"@id\":\"https:\\\/\\\/www.anovapeneira.gal\\\/index.php\\\/2022\\\/12\\\/29\\\/a-alcaldesa\\\/#breadcrumb\"},\"inLanguage\":\"gl-ES\",\"potentialAction\":[{\"@type\":\"ReadAction\",\"target\":[\"https:\\\/\\\/www.anovapeneira.gal\\\/index.php\\\/2022\\\/12\\\/29\\\/a-alcaldesa\\\/\"]}]},{\"@type\":\"ImageObject\",\"inLanguage\":\"gl-ES\",\"@id\":\"https:\\\/\\\/www.anovapeneira.gal\\\/index.php\\\/2022\\\/12\\\/29\\\/a-alcaldesa\\\/#primaryimage\",\"url\":\"https:\\\/\\\/www.anovapeneira.gal\\\/wp-content\\\/uploads\\\/2019\\\/07\\\/ARTIGO_DE_OPINION_A_NOVA_PENEIRA.jpg\",\"contentUrl\":\"https:\\\/\\\/www.anovapeneira.gal\\\/wp-content\\\/uploads\\\/2019\\\/07\\\/ARTIGO_DE_OPINION_A_NOVA_PENEIRA.jpg\",\"width\":720,\"height\":473,\"caption\":\"Artigo de opini\u00f3n A Nova Peneira\"},{\"@type\":\"BreadcrumbList\",\"@id\":\"https:\\\/\\\/www.anovapeneira.gal\\\/index.php\\\/2022\\\/12\\\/29\\\/a-alcaldesa\\\/#breadcrumb\",\"itemListElement\":[{\"@type\":\"ListItem\",\"position\":1,\"name\":\"Portada\",\"item\":\"https:\\\/\\\/www.anovapeneira.gal\\\/\"},{\"@type\":\"ListItem\",\"position\":2,\"name\":\"A alcaldesa\"}]},{\"@type\":\"WebSite\",\"@id\":\"https:\\\/\\\/www.anovapeneira.gal\\\/#website\",\"url\":\"https:\\\/\\\/www.anovapeneira.gal\\\/\",\"name\":\"\",\"description\":\"Xornal galego de informaci\u00f3n xeral Publicaci\u00f3n mensual de novas de Galicia e en especial dos Concellos da sur da provincia de Pontevedra.\",\"publisher\":{\"@id\":\"https:\\\/\\\/www.anovapeneira.gal\\\/#organization\"},\"potentialAction\":[{\"@type\":\"SearchAction\",\"target\":{\"@type\":\"EntryPoint\",\"urlTemplate\":\"https:\\\/\\\/www.anovapeneira.gal\\\/?s={search_term_string}\"},\"query-input\":{\"@type\":\"PropertyValueSpecification\",\"valueRequired\":true,\"valueName\":\"search_term_string\"}}],\"inLanguage\":\"gl-ES\"},{\"@type\":\"Organization\",\"@id\":\"https:\\\/\\\/www.anovapeneira.gal\\\/#organization\",\"name\":\"A Nova Peneira\",\"url\":\"https:\\\/\\\/www.anovapeneira.gal\\\/\",\"logo\":{\"@type\":\"ImageObject\",\"inLanguage\":\"gl-ES\",\"@id\":\"https:\\\/\\\/www.anovapeneira.gal\\\/#\\\/schema\\\/logo\\\/image\\\/\",\"url\":\"http:\\\/\\\/www.anovapeneira.gal\\\/wp-content\\\/uploads\\\/2019\\\/06\\\/logo_a_nova_peneira_portal_web.png\",\"contentUrl\":\"http:\\\/\\\/www.anovapeneira.gal\\\/wp-content\\\/uploads\\\/2019\\\/06\\\/logo_a_nova_peneira_portal_web.png\",\"width\":300,\"height\":100,\"caption\":\"A Nova Peneira\"},\"image\":{\"@id\":\"https:\\\/\\\/www.anovapeneira.gal\\\/#\\\/schema\\\/logo\\\/image\\\/\"},\"sameAs\":[\"https:\\\/\\\/www.facebook.com\\\/anovapeneira\",\"https:\\\/\\\/x.com\\\/APeneira\"]},{\"@type\":\"Person\",\"@id\":\"https:\\\/\\\/www.anovapeneira.gal\\\/#\\\/schema\\\/person\\\/fb77575328c93684dae4b0075f90c2cb\",\"name\":\"admin\",\"image\":{\"@type\":\"ImageObject\",\"inLanguage\":\"gl-ES\",\"@id\":\"https:\\\/\\\/secure.gravatar.com\\\/avatar\\\/df15c36ce375448325e0bc870e91bbee95947a002eb98dcfd6c2b053e18843e9?s=96&d=mm&r=g\",\"url\":\"https:\\\/\\\/secure.gravatar.com\\\/avatar\\\/df15c36ce375448325e0bc870e91bbee95947a002eb98dcfd6c2b053e18843e9?s=96&d=mm&r=g\",\"contentUrl\":\"https:\\\/\\\/secure.gravatar.com\\\/avatar\\\/df15c36ce375448325e0bc870e91bbee95947a002eb98dcfd6c2b053e18843e9?s=96&d=mm&r=g\",\"caption\":\"admin\"},\"description\":\"Xornal galego de informaci\u00f3n xeral Publicaci\u00f3n mensual de novas de Galicia e en especial dos Concellos da sur da provincia de Pontevedra.\",\"sameAs\":[\"http:\\\/\\\/www.anovapeneira.gal\\\/\",\"https:\\\/\\\/www.facebook.com\\\/anovapeneira\\\/\"],\"url\":\"https:\\\/\\\/www.anovapeneira.gal\\\/index.php\\\/author\\\/admin\\\/\"}]}<\/script>\n<!-- \/ Yoast SEO plugin. -->","yoast_head_json":{"title":"A alcaldesa -","description":"Rosario Refugallo levaba metida na pol\u00edtica toda a s\u00faa vida, resistindo e agardando o intre preciso para escribir o seu nome con letras mai\u00fasculas nos libros actas oficiais; Rosario, a primeira alcaldesa da historia no concello galego de Terrachoca","robots":{"index":"index","follow":"follow","max-snippet":"max-snippet:-1","max-image-preview":"max-image-preview:large","max-video-preview":"max-video-preview:-1"},"canonical":"https:\/\/www.anovapeneira.gal\/index.php\/2022\/12\/29\/a-alcaldesa\/","og_locale":"gl_ES","og_type":"article","og_title":"A alcaldesa -","og_description":"Rosario Refugallo levaba metida na pol\u00edtica toda a s\u00faa vida, resistindo e agardando o intre preciso para escribir o seu nome con letras mai\u00fasculas nos libros actas oficiais; Rosario, a primeira alcaldesa da historia no concello galego de Terrachoca","og_url":"https:\/\/www.anovapeneira.gal\/index.php\/2022\/12\/29\/a-alcaldesa\/","article_publisher":"https:\/\/www.facebook.com\/anovapeneira","article_author":"https:\/\/www.facebook.com\/anovapeneira\/","article_published_time":"2022-12-29T11:00:14+00:00","og_image":[{"width":720,"height":473,"url":"https:\/\/www.anovapeneira.gal\/wp-content\/uploads\/2019\/07\/ARTIGO_DE_OPINION_A_NOVA_PENEIRA.jpg","type":"image\/jpeg"}],"author":"admin","twitter_card":"summary_large_image","twitter_image":"https:\/\/www.anovapeneira.gal\/wp-content\/uploads\/2019\/07\/ARTIGO_DE_OPINION_A_NOVA_PENEIRA.jpg","twitter_creator":"@APeneira","twitter_site":"@APeneira","twitter_misc":{"Escrito por":"admin","Tempo de lectura":"4 minutos"},"schema":{"@context":"https:\/\/schema.org","@graph":[{"@type":"Article","@id":"https:\/\/www.anovapeneira.gal\/index.php\/2022\/12\/29\/a-alcaldesa\/#article","isPartOf":{"@id":"https:\/\/www.anovapeneira.gal\/index.php\/2022\/12\/29\/a-alcaldesa\/"},"author":{"name":"admin","@id":"https:\/\/www.anovapeneira.gal\/#\/schema\/person\/fb77575328c93684dae4b0075f90c2cb"},"headline":"A alcaldesa","datePublished":"2022-12-29T11:00:14+00:00","mainEntityOfPage":{"@id":"https:\/\/www.anovapeneira.gal\/index.php\/2022\/12\/29\/a-alcaldesa\/"},"wordCount":565,"commentCount":0,"publisher":{"@id":"https:\/\/www.anovapeneira.gal\/#organization"},"image":{"@id":"https:\/\/www.anovapeneira.gal\/index.php\/2022\/12\/29\/a-alcaldesa\/#primaryimage"},"thumbnailUrl":"https:\/\/www.anovapeneira.gal\/wp-content\/uploads\/2019\/07\/ARTIGO_DE_OPINION_A_NOVA_PENEIRA.jpg","articleSection":["Artigos de opini\u00f3n"],"inLanguage":"gl-ES","potentialAction":[{"@type":"CommentAction","name":"Comment","target":["https:\/\/www.anovapeneira.gal\/index.php\/2022\/12\/29\/a-alcaldesa\/#respond"]}]},{"@type":"WebPage","@id":"https:\/\/www.anovapeneira.gal\/index.php\/2022\/12\/29\/a-alcaldesa\/","url":"https:\/\/www.anovapeneira.gal\/index.php\/2022\/12\/29\/a-alcaldesa\/","name":"A alcaldesa -","isPartOf":{"@id":"https:\/\/www.anovapeneira.gal\/#website"},"primaryImageOfPage":{"@id":"https:\/\/www.anovapeneira.gal\/index.php\/2022\/12\/29\/a-alcaldesa\/#primaryimage"},"image":{"@id":"https:\/\/www.anovapeneira.gal\/index.php\/2022\/12\/29\/a-alcaldesa\/#primaryimage"},"thumbnailUrl":"https:\/\/www.anovapeneira.gal\/wp-content\/uploads\/2019\/07\/ARTIGO_DE_OPINION_A_NOVA_PENEIRA.jpg","datePublished":"2022-12-29T11:00:14+00:00","description":"Rosario Refugallo levaba metida na pol\u00edtica toda a s\u00faa vida, resistindo e agardando o intre preciso para escribir o seu nome con letras mai\u00fasculas nos libros actas oficiais; Rosario, a primeira alcaldesa da historia no concello galego de Terrachoca","breadcrumb":{"@id":"https:\/\/www.anovapeneira.gal\/index.php\/2022\/12\/29\/a-alcaldesa\/#breadcrumb"},"inLanguage":"gl-ES","potentialAction":[{"@type":"ReadAction","target":["https:\/\/www.anovapeneira.gal\/index.php\/2022\/12\/29\/a-alcaldesa\/"]}]},{"@type":"ImageObject","inLanguage":"gl-ES","@id":"https:\/\/www.anovapeneira.gal\/index.php\/2022\/12\/29\/a-alcaldesa\/#primaryimage","url":"https:\/\/www.anovapeneira.gal\/wp-content\/uploads\/2019\/07\/ARTIGO_DE_OPINION_A_NOVA_PENEIRA.jpg","contentUrl":"https:\/\/www.anovapeneira.gal\/wp-content\/uploads\/2019\/07\/ARTIGO_DE_OPINION_A_NOVA_PENEIRA.jpg","width":720,"height":473,"caption":"Artigo de opini\u00f3n A Nova Peneira"},{"@type":"BreadcrumbList","@id":"https:\/\/www.anovapeneira.gal\/index.php\/2022\/12\/29\/a-alcaldesa\/#breadcrumb","itemListElement":[{"@type":"ListItem","position":1,"name":"Portada","item":"https:\/\/www.anovapeneira.gal\/"},{"@type":"ListItem","position":2,"name":"A alcaldesa"}]},{"@type":"WebSite","@id":"https:\/\/www.anovapeneira.gal\/#website","url":"https:\/\/www.anovapeneira.gal\/","name":"","description":"Xornal galego de informaci\u00f3n xeral Publicaci\u00f3n mensual de novas de Galicia e en especial dos Concellos da sur da provincia de Pontevedra.","publisher":{"@id":"https:\/\/www.anovapeneira.gal\/#organization"},"potentialAction":[{"@type":"SearchAction","target":{"@type":"EntryPoint","urlTemplate":"https:\/\/www.anovapeneira.gal\/?s={search_term_string}"},"query-input":{"@type":"PropertyValueSpecification","valueRequired":true,"valueName":"search_term_string"}}],"inLanguage":"gl-ES"},{"@type":"Organization","@id":"https:\/\/www.anovapeneira.gal\/#organization","name":"A Nova Peneira","url":"https:\/\/www.anovapeneira.gal\/","logo":{"@type":"ImageObject","inLanguage":"gl-ES","@id":"https:\/\/www.anovapeneira.gal\/#\/schema\/logo\/image\/","url":"http:\/\/www.anovapeneira.gal\/wp-content\/uploads\/2019\/06\/logo_a_nova_peneira_portal_web.png","contentUrl":"http:\/\/www.anovapeneira.gal\/wp-content\/uploads\/2019\/06\/logo_a_nova_peneira_portal_web.png","width":300,"height":100,"caption":"A Nova Peneira"},"image":{"@id":"https:\/\/www.anovapeneira.gal\/#\/schema\/logo\/image\/"},"sameAs":["https:\/\/www.facebook.com\/anovapeneira","https:\/\/x.com\/APeneira"]},{"@type":"Person","@id":"https:\/\/www.anovapeneira.gal\/#\/schema\/person\/fb77575328c93684dae4b0075f90c2cb","name":"admin","image":{"@type":"ImageObject","inLanguage":"gl-ES","@id":"https:\/\/secure.gravatar.com\/avatar\/df15c36ce375448325e0bc870e91bbee95947a002eb98dcfd6c2b053e18843e9?s=96&d=mm&r=g","url":"https:\/\/secure.gravatar.com\/avatar\/df15c36ce375448325e0bc870e91bbee95947a002eb98dcfd6c2b053e18843e9?s=96&d=mm&r=g","contentUrl":"https:\/\/secure.gravatar.com\/avatar\/df15c36ce375448325e0bc870e91bbee95947a002eb98dcfd6c2b053e18843e9?s=96&d=mm&r=g","caption":"admin"},"description":"Xornal galego de informaci\u00f3n xeral Publicaci\u00f3n mensual de novas de Galicia e en especial dos Concellos da sur da provincia de Pontevedra.","sameAs":["http:\/\/www.anovapeneira.gal\/","https:\/\/www.facebook.com\/anovapeneira\/"],"url":"https:\/\/www.anovapeneira.gal\/index.php\/author\/admin\/"}]}},"jetpack_featured_media_url":"https:\/\/www.anovapeneira.gal\/wp-content\/uploads\/2019\/07\/ARTIGO_DE_OPINION_A_NOVA_PENEIRA.jpg","_links":{"self":[{"href":"https:\/\/www.anovapeneira.gal\/index.php\/wp-json\/wp\/v2\/posts\/8839","targetHints":{"allow":["GET"]}}],"collection":[{"href":"https:\/\/www.anovapeneira.gal\/index.php\/wp-json\/wp\/v2\/posts"}],"about":[{"href":"https:\/\/www.anovapeneira.gal\/index.php\/wp-json\/wp\/v2\/types\/post"}],"author":[{"embeddable":true,"href":"https:\/\/www.anovapeneira.gal\/index.php\/wp-json\/wp\/v2\/users\/1"}],"replies":[{"embeddable":true,"href":"https:\/\/www.anovapeneira.gal\/index.php\/wp-json\/wp\/v2\/comments?post=8839"}],"version-history":[{"count":1,"href":"https:\/\/www.anovapeneira.gal\/index.php\/wp-json\/wp\/v2\/posts\/8839\/revisions"}],"predecessor-version":[{"id":8840,"href":"https:\/\/www.anovapeneira.gal\/index.php\/wp-json\/wp\/v2\/posts\/8839\/revisions\/8840"}],"wp:featuredmedia":[{"embeddable":true,"href":"https:\/\/www.anovapeneira.gal\/index.php\/wp-json\/wp\/v2\/media\/584"}],"wp:attachment":[{"href":"https:\/\/www.anovapeneira.gal\/index.php\/wp-json\/wp\/v2\/media?parent=8839"}],"wp:term":[{"taxonomy":"category","embeddable":true,"href":"https:\/\/www.anovapeneira.gal\/index.php\/wp-json\/wp\/v2\/categories?post=8839"},{"taxonomy":"post_tag","embeddable":true,"href":"https:\/\/www.anovapeneira.gal\/index.php\/wp-json\/wp\/v2\/tags?post=8839"}],"curies":[{"name":"wp","href":"https:\/\/api.w.org\/{rel}","templated":true}]}}