{"id":8844,"date":"2022-12-30T10:00:04","date_gmt":"2022-12-30T09:00:04","guid":{"rendered":"https:\/\/www.anovapeneira.gal\/?p=8844"},"modified":"2022-12-26T11:04:43","modified_gmt":"2022-12-26T10:04:43","slug":"xoan-carlos-gonzalez-afirma-que-pp-e-psoe-repartense-o-pastel-de-san-simon","status":"publish","type":"post","link":"https:\/\/www.anovapeneira.gal\/index.php\/2022\/12\/30\/xoan-carlos-gonzalez-afirma-que-pp-e-psoe-repartense-o-pastel-de-san-simon\/","title":{"rendered":"Xo\u00e1n Carlos Gonz\u00e1lez afirma que \u201cPP e PSOE rep\u00e1rtense o pastel de San Sim\u00f3n\u201d"},"content":{"rendered":"\n<p>\u201cMentras a Xunta convert\u00eduna nun parque tem\u00e1tico, os socialistas pretenden que Caballero controle a xesti\u00f3n cultural\u201d.<\/p>\n\n\n\n<p>A decisi\u00f3n do goberno da Xunta de Galiza de ceder a xesti\u00f3n cutural ao Padroado Museo do Mar de Galicia, \u00e9 valorada negativamente pola organizaci\u00f3n nacionalista. \u201cRedondela perde peso definitivamente na xesti\u00f3n das actividades que se realizan en San Sim\u00f3n\u201d, apuntan.<\/p>\n\n\n\n<p>Consideran que se trata dunha decisi\u00f3n que foi traballada durante anos, \u201cco fin de distorsionar o sentido das actividades e tarefas que al\u00ed se realizan\u201d, sinalan. \u201cA Fundaci\u00f3n Illa San Sim\u00f3n creada no 2007 na que o concello de Redondela participaba co obxectivo de convertela nun centro de recuperaci\u00f3n da Memoria Hist\u00f3rica foi disolta en tempos do PP coa complicidade do alcalde Javier Bas\u201d.<\/p>\n\n\n\n<p>Para o voceiro do BNG, Xo\u00e1n Carlos Gonz\u00e1lez, do que se trata \u201c\u00e9 de repartirse o pastel de San Sim\u00f3n. O m\u00e1is perigoso \u00e9 que un megal\u00f3mano como Abel Caballero poida controlar a programaci\u00f3n das actividades que al\u00ed se realizan\u201d, en alusi\u00f3n a que Concello de Vigo e Consorcio Zona Franca de Vigo forman parte da Fundaci\u00f3n Museo do Mar de Galicia.<\/p>\n\n\n\n<p>Acusa o voceiro nacionalista ao Partido Popular de Redondela, de necesario colaboracionista nesta cuesti\u00f3n, co seu silencio. \u201cA sumisi\u00f3n de Javier Bas ao que lle pautan dende Compostela, deixa ben \u00e1s claras a que intereses obedece\u201d, sinala Gonz\u00e1lez.<\/p>\n\n\n\n<p>Considera o edil nacionalsita que a decisi\u00f3n tomada nesta \u00e9poca do ano, \u201cexecutouse con aleivos\u00eda e premeditaci\u00f3n para evitar resposta social\u201d. \u201cExiximos dende o Bloque Nacionalista Galego que Redondela volva a participar nas diferentes \u00f3rganos de decisi\u00f3n que act\u00faan na Illa de San Sim\u00f3n\u201d, remata na s\u00faa nota.<\/p>\n","protected":false},"excerpt":{"rendered":"<div class=\"mh-excerpt\"><p>\u201cMentras a Xunta convert\u00eduna nun parque tem\u00e1tico, os socialistas pretenden que Caballero controle a xesti\u00f3n cultural\u201d. <a class=\"mh-excerpt-more\" href=\"https:\/\/www.anovapeneira.gal\/index.php\/2022\/12\/30\/xoan-carlos-gonzalez-afirma-que-pp-e-psoe-repartense-o-pastel-de-san-simon\/\" title=\"Xo\u00e1n Carlos Gonz\u00e1lez afirma que \u201cPP e PSOE rep\u00e1rtense o pastel de San Sim\u00f3n\u201d\">[&#8230;]<\/a><\/p>\n<\/div>","protected":false},"author":3,"featured_media":7864,"comment_status":"open","ping_status":"open","sticky":false,"template":"","format":"standard","meta":{"_exactmetrics_skip_tracking":false,"_exactmetrics_sitenote_active":false,"_exactmetrics_sitenote_note":"","_exactmetrics_sitenote_category":0,"footnotes":""},"categories":[24],"tags":[171],"class_list":{"0":"post-8844","1":"post","2":"type-post","3":"status-publish","4":"format-standard","5":"has-post-thumbnail","7":"category-redondela","8":"tag-concello-de-redondela"},"yoast_head":"<!-- This site is optimized with the Yoast SEO plugin v27.4 - https:\/\/yoast.com\/product\/yoast-seo-wordpress\/ -->\n<title>Xo\u00e1n Carlos Gonz\u00e1lez afirma que \u201cPP e PSOE rep\u00e1rtense o pastel de San Sim\u00f3n\u201d -<\/title>\n<meta name=\"description\" content=\"\u201cMentras a Xunta convert\u00eduna nun parque tem\u00e1tico, os socialistas pretenden que Caballero controle a xesti\u00f3n cultural\u201d.\" \/>\n<meta name=\"robots\" content=\"index, follow, max-snippet:-1, max-image-preview:large, max-video-preview:-1\" \/>\n<link rel=\"canonical\" href=\"https:\/\/www.anovapeneira.gal\/index.php\/2022\/12\/30\/xoan-carlos-gonzalez-afirma-que-pp-e-psoe-repartense-o-pastel-de-san-simon\/\" \/>\n<meta property=\"og:locale\" content=\"gl_ES\" \/>\n<meta property=\"og:type\" content=\"article\" \/>\n<meta property=\"og:title\" content=\"Xo\u00e1n Carlos Gonz\u00e1lez afirma que \u201cPP e PSOE rep\u00e1rtense o pastel de San Sim\u00f3n\u201d -\" \/>\n<meta property=\"og:description\" content=\"\u201cMentras a Xunta convert\u00eduna nun parque tem\u00e1tico, os socialistas pretenden que Caballero controle a xesti\u00f3n cultural\u201d.\" \/>\n<meta property=\"og:url\" content=\"https:\/\/www.anovapeneira.gal\/index.php\/2022\/12\/30\/xoan-carlos-gonzalez-afirma-que-pp-e-psoe-repartense-o-pastel-de-san-simon\/\" \/>\n<meta property=\"article:publisher\" content=\"https:\/\/www.facebook.com\/anovapeneira\" \/>\n<meta property=\"article:published_time\" content=\"2022-12-30T09:00:04+00:00\" \/>\n<meta property=\"og:image\" content=\"https:\/\/www.anovapeneira.gal\/wp-content\/uploads\/2022\/07\/xoan_carlos_bng.jpg\" \/>\n\t<meta property=\"og:image:width\" content=\"720\" \/>\n\t<meta property=\"og:image:height\" content=\"432\" \/>\n\t<meta property=\"og:image:type\" content=\"image\/jpeg\" \/>\n<meta name=\"author\" content=\"Redacci\u00f3n A Nova Peneira\" \/>\n<meta name=\"twitter:card\" content=\"summary_large_image\" \/>\n<meta name=\"twitter:creator\" content=\"@APeneira\" \/>\n<meta name=\"twitter:site\" content=\"@APeneira\" \/>\n<meta name=\"twitter:label1\" content=\"Escrito por\" \/>\n\t<meta name=\"twitter:data1\" content=\"Redacci\u00f3n A Nova Peneira\" \/>\n\t<meta name=\"twitter:label2\" content=\"Tempo de lectura\" \/>\n\t<meta name=\"twitter:data2\" content=\"2 minutos\" \/>\n<script type=\"application\/ld+json\" class=\"yoast-schema-graph\">{\"@context\":\"https:\\\/\\\/schema.org\",\"@graph\":[{\"@type\":\"Article\",\"@id\":\"https:\\\/\\\/www.anovapeneira.gal\\\/index.php\\\/2022\\\/12\\\/30\\\/xoan-carlos-gonzalez-afirma-que-pp-e-psoe-repartense-o-pastel-de-san-simon\\\/#article\",\"isPartOf\":{\"@id\":\"https:\\\/\\\/www.anovapeneira.gal\\\/index.php\\\/2022\\\/12\\\/30\\\/xoan-carlos-gonzalez-afirma-que-pp-e-psoe-repartense-o-pastel-de-san-simon\\\/\"},\"author\":{\"name\":\"Redacci\u00f3n A Nova Peneira\",\"@id\":\"https:\\\/\\\/www.anovapeneira.gal\\\/#\\\/schema\\\/person\\\/b93e3f8932e3f8da96334607eb6ac6aa\"},\"headline\":\"Xo\u00e1n Carlos Gonz\u00e1lez afirma que \u201cPP e PSOE rep\u00e1rtense o pastel de San Sim\u00f3n\u201d\",\"datePublished\":\"2022-12-30T09:00:04+00:00\",\"mainEntityOfPage\":{\"@id\":\"https:\\\/\\\/www.anovapeneira.gal\\\/index.php\\\/2022\\\/12\\\/30\\\/xoan-carlos-gonzalez-afirma-que-pp-e-psoe-repartense-o-pastel-de-san-simon\\\/\"},\"wordCount\":314,\"commentCount\":0,\"publisher\":{\"@id\":\"https:\\\/\\\/www.anovapeneira.gal\\\/#organization\"},\"image\":{\"@id\":\"https:\\\/\\\/www.anovapeneira.gal\\\/index.php\\\/2022\\\/12\\\/30\\\/xoan-carlos-gonzalez-afirma-que-pp-e-psoe-repartense-o-pastel-de-san-simon\\\/#primaryimage\"},\"thumbnailUrl\":\"https:\\\/\\\/www.anovapeneira.gal\\\/wp-content\\\/uploads\\\/2022\\\/07\\\/xoan_carlos_bng.jpg\",\"keywords\":[\"Concello de Redondela\"],\"articleSection\":[\"Redondela\"],\"inLanguage\":\"gl-ES\",\"potentialAction\":[{\"@type\":\"CommentAction\",\"name\":\"Comment\",\"target\":[\"https:\\\/\\\/www.anovapeneira.gal\\\/index.php\\\/2022\\\/12\\\/30\\\/xoan-carlos-gonzalez-afirma-que-pp-e-psoe-repartense-o-pastel-de-san-simon\\\/#respond\"]}]},{\"@type\":\"WebPage\",\"@id\":\"https:\\\/\\\/www.anovapeneira.gal\\\/index.php\\\/2022\\\/12\\\/30\\\/xoan-carlos-gonzalez-afirma-que-pp-e-psoe-repartense-o-pastel-de-san-simon\\\/\",\"url\":\"https:\\\/\\\/www.anovapeneira.gal\\\/index.php\\\/2022\\\/12\\\/30\\\/xoan-carlos-gonzalez-afirma-que-pp-e-psoe-repartense-o-pastel-de-san-simon\\\/\",\"name\":\"Xo\u00e1n Carlos Gonz\u00e1lez afirma que \u201cPP e PSOE rep\u00e1rtense o pastel de San Sim\u00f3n\u201d -\",\"isPartOf\":{\"@id\":\"https:\\\/\\\/www.anovapeneira.gal\\\/#website\"},\"primaryImageOfPage\":{\"@id\":\"https:\\\/\\\/www.anovapeneira.gal\\\/index.php\\\/2022\\\/12\\\/30\\\/xoan-carlos-gonzalez-afirma-que-pp-e-psoe-repartense-o-pastel-de-san-simon\\\/#primaryimage\"},\"image\":{\"@id\":\"https:\\\/\\\/www.anovapeneira.gal\\\/index.php\\\/2022\\\/12\\\/30\\\/xoan-carlos-gonzalez-afirma-que-pp-e-psoe-repartense-o-pastel-de-san-simon\\\/#primaryimage\"},\"thumbnailUrl\":\"https:\\\/\\\/www.anovapeneira.gal\\\/wp-content\\\/uploads\\\/2022\\\/07\\\/xoan_carlos_bng.jpg\",\"datePublished\":\"2022-12-30T09:00:04+00:00\",\"description\":\"\u201cMentras a Xunta convert\u00eduna nun parque tem\u00e1tico, os socialistas pretenden que Caballero controle a xesti\u00f3n cultural\u201d.\",\"breadcrumb\":{\"@id\":\"https:\\\/\\\/www.anovapeneira.gal\\\/index.php\\\/2022\\\/12\\\/30\\\/xoan-carlos-gonzalez-afirma-que-pp-e-psoe-repartense-o-pastel-de-san-simon\\\/#breadcrumb\"},\"inLanguage\":\"gl-ES\",\"potentialAction\":[{\"@type\":\"ReadAction\",\"target\":[\"https:\\\/\\\/www.anovapeneira.gal\\\/index.php\\\/2022\\\/12\\\/30\\\/xoan-carlos-gonzalez-afirma-que-pp-e-psoe-repartense-o-pastel-de-san-simon\\\/\"]}]},{\"@type\":\"ImageObject\",\"inLanguage\":\"gl-ES\",\"@id\":\"https:\\\/\\\/www.anovapeneira.gal\\\/index.php\\\/2022\\\/12\\\/30\\\/xoan-carlos-gonzalez-afirma-que-pp-e-psoe-repartense-o-pastel-de-san-simon\\\/#primaryimage\",\"url\":\"https:\\\/\\\/www.anovapeneira.gal\\\/wp-content\\\/uploads\\\/2022\\\/07\\\/xoan_carlos_bng.jpg\",\"contentUrl\":\"https:\\\/\\\/www.anovapeneira.gal\\\/wp-content\\\/uploads\\\/2022\\\/07\\\/xoan_carlos_bng.jpg\",\"width\":720,\"height\":432,\"caption\":\"Xo\u00e1n Carlos Gonz\u00e1lez, elixido candidato do BNG Redondela\"},{\"@type\":\"BreadcrumbList\",\"@id\":\"https:\\\/\\\/www.anovapeneira.gal\\\/index.php\\\/2022\\\/12\\\/30\\\/xoan-carlos-gonzalez-afirma-que-pp-e-psoe-repartense-o-pastel-de-san-simon\\\/#breadcrumb\",\"itemListElement\":[{\"@type\":\"ListItem\",\"position\":1,\"name\":\"Portada\",\"item\":\"https:\\\/\\\/www.anovapeneira.gal\\\/\"},{\"@type\":\"ListItem\",\"position\":2,\"name\":\"Xo\u00e1n Carlos Gonz\u00e1lez afirma que \u201cPP e PSOE rep\u00e1rtense o pastel de San Sim\u00f3n\u201d\"}]},{\"@type\":\"WebSite\",\"@id\":\"https:\\\/\\\/www.anovapeneira.gal\\\/#website\",\"url\":\"https:\\\/\\\/www.anovapeneira.gal\\\/\",\"name\":\"\",\"description\":\"Xornal galego de informaci\u00f3n xeral Publicaci\u00f3n mensual de novas de Galicia e en especial dos Concellos da sur da provincia de Pontevedra.\",\"publisher\":{\"@id\":\"https:\\\/\\\/www.anovapeneira.gal\\\/#organization\"},\"potentialAction\":[{\"@type\":\"SearchAction\",\"target\":{\"@type\":\"EntryPoint\",\"urlTemplate\":\"https:\\\/\\\/www.anovapeneira.gal\\\/?s={search_term_string}\"},\"query-input\":{\"@type\":\"PropertyValueSpecification\",\"valueRequired\":true,\"valueName\":\"search_term_string\"}}],\"inLanguage\":\"gl-ES\"},{\"@type\":\"Organization\",\"@id\":\"https:\\\/\\\/www.anovapeneira.gal\\\/#organization\",\"name\":\"A Nova Peneira\",\"url\":\"https:\\\/\\\/www.anovapeneira.gal\\\/\",\"logo\":{\"@type\":\"ImageObject\",\"inLanguage\":\"gl-ES\",\"@id\":\"https:\\\/\\\/www.anovapeneira.gal\\\/#\\\/schema\\\/logo\\\/image\\\/\",\"url\":\"http:\\\/\\\/www.anovapeneira.gal\\\/wp-content\\\/uploads\\\/2019\\\/06\\\/logo_a_nova_peneira_portal_web.png\",\"contentUrl\":\"http:\\\/\\\/www.anovapeneira.gal\\\/wp-content\\\/uploads\\\/2019\\\/06\\\/logo_a_nova_peneira_portal_web.png\",\"width\":300,\"height\":100,\"caption\":\"A Nova Peneira\"},\"image\":{\"@id\":\"https:\\\/\\\/www.anovapeneira.gal\\\/#\\\/schema\\\/logo\\\/image\\\/\"},\"sameAs\":[\"https:\\\/\\\/www.facebook.com\\\/anovapeneira\",\"https:\\\/\\\/x.com\\\/APeneira\"]},{\"@type\":\"Person\",\"@id\":\"https:\\\/\\\/www.anovapeneira.gal\\\/#\\\/schema\\\/person\\\/b93e3f8932e3f8da96334607eb6ac6aa\",\"name\":\"Redacci\u00f3n A Nova Peneira\",\"image\":{\"@type\":\"ImageObject\",\"inLanguage\":\"gl-ES\",\"@id\":\"https:\\\/\\\/secure.gravatar.com\\\/avatar\\\/c052a2551a06e23fac63626232eaa90abd78dbcf1700fc46a2b2c89fd27b735f?s=96&d=mm&r=g\",\"url\":\"https:\\\/\\\/secure.gravatar.com\\\/avatar\\\/c052a2551a06e23fac63626232eaa90abd78dbcf1700fc46a2b2c89fd27b735f?s=96&d=mm&r=g\",\"contentUrl\":\"https:\\\/\\\/secure.gravatar.com\\\/avatar\\\/c052a2551a06e23fac63626232eaa90abd78dbcf1700fc46a2b2c89fd27b735f?s=96&d=mm&r=g\",\"caption\":\"Redacci\u00f3n A Nova Peneira\"},\"sameAs\":[\"http:\\\/\\\/www.anovapeneira.gal\\\/\"],\"url\":\"https:\\\/\\\/www.anovapeneira.gal\\\/index.php\\\/author\\\/redactor\\\/\"}]}<\/script>\n<!-- \/ Yoast SEO plugin. -->","yoast_head_json":{"title":"Xo\u00e1n Carlos Gonz\u00e1lez afirma que \u201cPP e PSOE rep\u00e1rtense o pastel de San Sim\u00f3n\u201d -","description":"\u201cMentras a Xunta convert\u00eduna nun parque tem\u00e1tico, os socialistas pretenden que Caballero controle a xesti\u00f3n cultural\u201d.","robots":{"index":"index","follow":"follow","max-snippet":"max-snippet:-1","max-image-preview":"max-image-preview:large","max-video-preview":"max-video-preview:-1"},"canonical":"https:\/\/www.anovapeneira.gal\/index.php\/2022\/12\/30\/xoan-carlos-gonzalez-afirma-que-pp-e-psoe-repartense-o-pastel-de-san-simon\/","og_locale":"gl_ES","og_type":"article","og_title":"Xo\u00e1n Carlos Gonz\u00e1lez afirma que \u201cPP e PSOE rep\u00e1rtense o pastel de San Sim\u00f3n\u201d -","og_description":"\u201cMentras a Xunta convert\u00eduna nun parque tem\u00e1tico, os socialistas pretenden que Caballero controle a xesti\u00f3n cultural\u201d.","og_url":"https:\/\/www.anovapeneira.gal\/index.php\/2022\/12\/30\/xoan-carlos-gonzalez-afirma-que-pp-e-psoe-repartense-o-pastel-de-san-simon\/","article_publisher":"https:\/\/www.facebook.com\/anovapeneira","article_published_time":"2022-12-30T09:00:04+00:00","og_image":[{"width":720,"height":432,"url":"https:\/\/www.anovapeneira.gal\/wp-content\/uploads\/2022\/07\/xoan_carlos_bng.jpg","type":"image\/jpeg"}],"author":"Redacci\u00f3n A Nova Peneira","twitter_card":"summary_large_image","twitter_creator":"@APeneira","twitter_site":"@APeneira","twitter_misc":{"Escrito por":"Redacci\u00f3n A Nova Peneira","Tempo de lectura":"2 minutos"},"schema":{"@context":"https:\/\/schema.org","@graph":[{"@type":"Article","@id":"https:\/\/www.anovapeneira.gal\/index.php\/2022\/12\/30\/xoan-carlos-gonzalez-afirma-que-pp-e-psoe-repartense-o-pastel-de-san-simon\/#article","isPartOf":{"@id":"https:\/\/www.anovapeneira.gal\/index.php\/2022\/12\/30\/xoan-carlos-gonzalez-afirma-que-pp-e-psoe-repartense-o-pastel-de-san-simon\/"},"author":{"name":"Redacci\u00f3n A Nova Peneira","@id":"https:\/\/www.anovapeneira.gal\/#\/schema\/person\/b93e3f8932e3f8da96334607eb6ac6aa"},"headline":"Xo\u00e1n Carlos Gonz\u00e1lez afirma que \u201cPP e PSOE rep\u00e1rtense o pastel de San Sim\u00f3n\u201d","datePublished":"2022-12-30T09:00:04+00:00","mainEntityOfPage":{"@id":"https:\/\/www.anovapeneira.gal\/index.php\/2022\/12\/30\/xoan-carlos-gonzalez-afirma-que-pp-e-psoe-repartense-o-pastel-de-san-simon\/"},"wordCount":314,"commentCount":0,"publisher":{"@id":"https:\/\/www.anovapeneira.gal\/#organization"},"image":{"@id":"https:\/\/www.anovapeneira.gal\/index.php\/2022\/12\/30\/xoan-carlos-gonzalez-afirma-que-pp-e-psoe-repartense-o-pastel-de-san-simon\/#primaryimage"},"thumbnailUrl":"https:\/\/www.anovapeneira.gal\/wp-content\/uploads\/2022\/07\/xoan_carlos_bng.jpg","keywords":["Concello de Redondela"],"articleSection":["Redondela"],"inLanguage":"gl-ES","potentialAction":[{"@type":"CommentAction","name":"Comment","target":["https:\/\/www.anovapeneira.gal\/index.php\/2022\/12\/30\/xoan-carlos-gonzalez-afirma-que-pp-e-psoe-repartense-o-pastel-de-san-simon\/#respond"]}]},{"@type":"WebPage","@id":"https:\/\/www.anovapeneira.gal\/index.php\/2022\/12\/30\/xoan-carlos-gonzalez-afirma-que-pp-e-psoe-repartense-o-pastel-de-san-simon\/","url":"https:\/\/www.anovapeneira.gal\/index.php\/2022\/12\/30\/xoan-carlos-gonzalez-afirma-que-pp-e-psoe-repartense-o-pastel-de-san-simon\/","name":"Xo\u00e1n Carlos Gonz\u00e1lez afirma que \u201cPP e PSOE rep\u00e1rtense o pastel de San Sim\u00f3n\u201d -","isPartOf":{"@id":"https:\/\/www.anovapeneira.gal\/#website"},"primaryImageOfPage":{"@id":"https:\/\/www.anovapeneira.gal\/index.php\/2022\/12\/30\/xoan-carlos-gonzalez-afirma-que-pp-e-psoe-repartense-o-pastel-de-san-simon\/#primaryimage"},"image":{"@id":"https:\/\/www.anovapeneira.gal\/index.php\/2022\/12\/30\/xoan-carlos-gonzalez-afirma-que-pp-e-psoe-repartense-o-pastel-de-san-simon\/#primaryimage"},"thumbnailUrl":"https:\/\/www.anovapeneira.gal\/wp-content\/uploads\/2022\/07\/xoan_carlos_bng.jpg","datePublished":"2022-12-30T09:00:04+00:00","description":"\u201cMentras a Xunta convert\u00eduna nun parque tem\u00e1tico, os socialistas pretenden que Caballero controle a xesti\u00f3n cultural\u201d.","breadcrumb":{"@id":"https:\/\/www.anovapeneira.gal\/index.php\/2022\/12\/30\/xoan-carlos-gonzalez-afirma-que-pp-e-psoe-repartense-o-pastel-de-san-simon\/#breadcrumb"},"inLanguage":"gl-ES","potentialAction":[{"@type":"ReadAction","target":["https:\/\/www.anovapeneira.gal\/index.php\/2022\/12\/30\/xoan-carlos-gonzalez-afirma-que-pp-e-psoe-repartense-o-pastel-de-san-simon\/"]}]},{"@type":"ImageObject","inLanguage":"gl-ES","@id":"https:\/\/www.anovapeneira.gal\/index.php\/2022\/12\/30\/xoan-carlos-gonzalez-afirma-que-pp-e-psoe-repartense-o-pastel-de-san-simon\/#primaryimage","url":"https:\/\/www.anovapeneira.gal\/wp-content\/uploads\/2022\/07\/xoan_carlos_bng.jpg","contentUrl":"https:\/\/www.anovapeneira.gal\/wp-content\/uploads\/2022\/07\/xoan_carlos_bng.jpg","width":720,"height":432,"caption":"Xo\u00e1n Carlos Gonz\u00e1lez, elixido candidato do BNG Redondela"},{"@type":"BreadcrumbList","@id":"https:\/\/www.anovapeneira.gal\/index.php\/2022\/12\/30\/xoan-carlos-gonzalez-afirma-que-pp-e-psoe-repartense-o-pastel-de-san-simon\/#breadcrumb","itemListElement":[{"@type":"ListItem","position":1,"name":"Portada","item":"https:\/\/www.anovapeneira.gal\/"},{"@type":"ListItem","position":2,"name":"Xo\u00e1n Carlos Gonz\u00e1lez afirma que \u201cPP e PSOE rep\u00e1rtense o pastel de San Sim\u00f3n\u201d"}]},{"@type":"WebSite","@id":"https:\/\/www.anovapeneira.gal\/#website","url":"https:\/\/www.anovapeneira.gal\/","name":"","description":"Xornal galego de informaci\u00f3n xeral Publicaci\u00f3n mensual de novas de Galicia e en especial dos Concellos da sur da provincia de Pontevedra.","publisher":{"@id":"https:\/\/www.anovapeneira.gal\/#organization"},"potentialAction":[{"@type":"SearchAction","target":{"@type":"EntryPoint","urlTemplate":"https:\/\/www.anovapeneira.gal\/?s={search_term_string}"},"query-input":{"@type":"PropertyValueSpecification","valueRequired":true,"valueName":"search_term_string"}}],"inLanguage":"gl-ES"},{"@type":"Organization","@id":"https:\/\/www.anovapeneira.gal\/#organization","name":"A Nova Peneira","url":"https:\/\/www.anovapeneira.gal\/","logo":{"@type":"ImageObject","inLanguage":"gl-ES","@id":"https:\/\/www.anovapeneira.gal\/#\/schema\/logo\/image\/","url":"http:\/\/www.anovapeneira.gal\/wp-content\/uploads\/2019\/06\/logo_a_nova_peneira_portal_web.png","contentUrl":"http:\/\/www.anovapeneira.gal\/wp-content\/uploads\/2019\/06\/logo_a_nova_peneira_portal_web.png","width":300,"height":100,"caption":"A Nova Peneira"},"image":{"@id":"https:\/\/www.anovapeneira.gal\/#\/schema\/logo\/image\/"},"sameAs":["https:\/\/www.facebook.com\/anovapeneira","https:\/\/x.com\/APeneira"]},{"@type":"Person","@id":"https:\/\/www.anovapeneira.gal\/#\/schema\/person\/b93e3f8932e3f8da96334607eb6ac6aa","name":"Redacci\u00f3n A Nova Peneira","image":{"@type":"ImageObject","inLanguage":"gl-ES","@id":"https:\/\/secure.gravatar.com\/avatar\/c052a2551a06e23fac63626232eaa90abd78dbcf1700fc46a2b2c89fd27b735f?s=96&d=mm&r=g","url":"https:\/\/secure.gravatar.com\/avatar\/c052a2551a06e23fac63626232eaa90abd78dbcf1700fc46a2b2c89fd27b735f?s=96&d=mm&r=g","contentUrl":"https:\/\/secure.gravatar.com\/avatar\/c052a2551a06e23fac63626232eaa90abd78dbcf1700fc46a2b2c89fd27b735f?s=96&d=mm&r=g","caption":"Redacci\u00f3n A Nova Peneira"},"sameAs":["http:\/\/www.anovapeneira.gal\/"],"url":"https:\/\/www.anovapeneira.gal\/index.php\/author\/redactor\/"}]}},"jetpack_featured_media_url":"https:\/\/www.anovapeneira.gal\/wp-content\/uploads\/2022\/07\/xoan_carlos_bng.jpg","_links":{"self":[{"href":"https:\/\/www.anovapeneira.gal\/index.php\/wp-json\/wp\/v2\/posts\/8844","targetHints":{"allow":["GET"]}}],"collection":[{"href":"https:\/\/www.anovapeneira.gal\/index.php\/wp-json\/wp\/v2\/posts"}],"about":[{"href":"https:\/\/www.anovapeneira.gal\/index.php\/wp-json\/wp\/v2\/types\/post"}],"author":[{"embeddable":true,"href":"https:\/\/www.anovapeneira.gal\/index.php\/wp-json\/wp\/v2\/users\/3"}],"replies":[{"embeddable":true,"href":"https:\/\/www.anovapeneira.gal\/index.php\/wp-json\/wp\/v2\/comments?post=8844"}],"version-history":[{"count":2,"href":"https:\/\/www.anovapeneira.gal\/index.php\/wp-json\/wp\/v2\/posts\/8844\/revisions"}],"predecessor-version":[{"id":8846,"href":"https:\/\/www.anovapeneira.gal\/index.php\/wp-json\/wp\/v2\/posts\/8844\/revisions\/8846"}],"wp:featuredmedia":[{"embeddable":true,"href":"https:\/\/www.anovapeneira.gal\/index.php\/wp-json\/wp\/v2\/media\/7864"}],"wp:attachment":[{"href":"https:\/\/www.anovapeneira.gal\/index.php\/wp-json\/wp\/v2\/media?parent=8844"}],"wp:term":[{"taxonomy":"category","embeddable":true,"href":"https:\/\/www.anovapeneira.gal\/index.php\/wp-json\/wp\/v2\/categories?post=8844"},{"taxonomy":"post_tag","embeddable":true,"href":"https:\/\/www.anovapeneira.gal\/index.php\/wp-json\/wp\/v2\/tags?post=8844"}],"curies":[{"name":"wp","href":"https:\/\/api.w.org\/{rel}","templated":true}]}}