{"id":8847,"date":"2022-12-30T12:00:32","date_gmt":"2022-12-30T11:00:32","guid":{"rendered":"https:\/\/www.anovapeneira.gal\/?p=8847"},"modified":"2022-12-28T10:42:14","modified_gmt":"2022-12-28T09:42:14","slug":"o-concello-de-bueu-despide-o-ano-coa-carreira-silvestre-que-fomenta-o-deporte-e-os-habitos-saudables","status":"publish","type":"post","link":"https:\/\/www.anovapeneira.gal\/index.php\/2022\/12\/30\/o-concello-de-bueu-despide-o-ano-coa-carreira-silvestre-que-fomenta-o-deporte-e-os-habitos-saudables\/","title":{"rendered":"O Concello de Bueu despide o ano coa carreira silvestre que fomenta o deporte e os h\u00e1bitos saudables"},"content":{"rendered":"\n<ul class=\"wp-block-list\"><li><strong>O proxecto naceu da man de clubs deportivos da vila, e cun marcado car\u00e1cter social, l\u00fadico e deportivo<\/strong><\/li><li><strong>O 31 de decembro haber\u00e1 unhas olimp\u00edadas a partir das 15 horas, e xa \u00e1s 18 horas sair\u00e1n a andaina e a carreira polas r\u00faas do casco urbano<\/strong><\/li><\/ul>\n\n\n\n<p>O Concello de Bueu, a Asociaci\u00f3n Veci\u00f1al por Beluso (Asbel), o Club de Atletismo Corredoiras e Galaicas Bueu organizan o 31 de decembro a 1\u00aa Carreira Silvestre de Bueu, na que haber\u00e1 andaina e carreira, ademais dunhas olimp\u00edadas para a cativada. Precisamente, este martes tivo lugar a rolda de prensa de presentaci\u00f3n no sal\u00f3n de actos da Casa Consistorial, na que estiveron F\u00e9lix Juncal, alcalde da vila, Ricardo Verde, concelleiro de deportes, Alejandro Piedras, secretario de Asbel, e \u00c1ngela Fern\u00e1ndez, de Galaicas.<\/p>\n\n\n\n<p>Segundo explicaron no acto, esta carreira xurdiu este ano por primeira vez e cun marcado car\u00e1cter social, l\u00fadico e deportivo, de a\u00ed que a Silvestre de Bueu conte con d\u00faas modalidades: carreira e andaina, nas que poder\u00e1n participar todas as persoas que o desexen, independentemente da s\u00faa idade. A sa\u00edda ser\u00e1 \u00e1s 18 horas dende a zona das Lagoas e cun circu\u00edto urbano de 2,5 quil\u00f3metros, que continuar\u00e1 polas r\u00faa Johan Carballeira, Montero R\u00edos, Banda do R\u00edo e regreso cara o Centro Social do Mar e ata as Lagoas, e remate con chocolate quente para as persoas participantes. Dende a organizaci\u00f3n suxiren unha indumentaria especial, na que se dividen as persoas participantes por parroquias e cores: as de Bueu poder\u00e1n levar camiseta amarela, as de Beluso, azul, as de Cela, verde, as de Meiro\/Ermelo, vermello, e as de Ons, rosa. As inscrici\u00f3ns est\u00e1n abertas ata o venres e pode facerse a trav\u00e9s dun sinxelo <a href=\"https:\/\/docs.google.com\/forms\/d\/e\/1FAIpQLSfYS611IwoDU55QQ4ro8EvjgMi6w04H_PBtDWM3lQCRwNYyKA\/viewform?pli=1\">formulario online<\/a>.<\/p>\n\n\n\n<p>Ademais das carreiras, ese d\u00eda tam\u00e9n est\u00e1n programados a partir das 15 horas unhas olimp\u00edadas, que se celebrar\u00e1n na contorna das Lagoas e nas que haber\u00e1 categor\u00edas de benxam\u00edn (nados no 2013 e 2014) e alev\u00edn (nados no 2011 e 2012) e dez modalidades atl\u00e9ticas: 50 m\/l, 100 m\/l, 200 m\/l, 400 m \/ obst\u00e1culos, lanzamento de peso, lanzamento de xabalina, relevos 4 x 100 m, salto de altura, salto de lonxitude e triple salto.<\/p>\n","protected":false},"excerpt":{"rendered":"<div class=\"mh-excerpt\"><p>O proxecto naceu da man de clubs deportivos da vila, e cun marcado car\u00e1cter social, l\u00fadico e deportivo <a class=\"mh-excerpt-more\" href=\"https:\/\/www.anovapeneira.gal\/index.php\/2022\/12\/30\/o-concello-de-bueu-despide-o-ano-coa-carreira-silvestre-que-fomenta-o-deporte-e-os-habitos-saudables\/\" title=\"O Concello de Bueu despide o ano coa carreira silvestre que fomenta o deporte e os h\u00e1bitos saudables\">[&#8230;]<\/a><\/p>\n<\/div>","protected":false},"author":3,"featured_media":8849,"comment_status":"open","ping_status":"open","sticky":false,"template":"","format":"standard","meta":{"_exactmetrics_skip_tracking":false,"_exactmetrics_sitenote_active":false,"_exactmetrics_sitenote_note":"","_exactmetrics_sitenote_category":0,"footnotes":""},"categories":[22],"tags":[440],"class_list":{"0":"post-8847","1":"post","2":"type-post","3":"status-publish","4":"format-standard","5":"has-post-thumbnail","7":"category-morrazo","8":"tag-concello-de-bueu"},"yoast_head":"<!-- This site is optimized with the Yoast SEO plugin v27.4 - https:\/\/yoast.com\/product\/yoast-seo-wordpress\/ -->\n<title>O Concello de Bueu despide o ano coa carreira silvestre que fomenta o deporte e os h\u00e1bitos saudables -<\/title>\n<meta name=\"description\" content=\"O proxecto naceu da man de clubs deportivos da vila, e cun marcado car\u00e1cter social, l\u00fadico e deportivo\" \/>\n<meta name=\"robots\" content=\"index, follow, max-snippet:-1, max-image-preview:large, max-video-preview:-1\" \/>\n<link rel=\"canonical\" href=\"https:\/\/www.anovapeneira.gal\/index.php\/2022\/12\/30\/o-concello-de-bueu-despide-o-ano-coa-carreira-silvestre-que-fomenta-o-deporte-e-os-habitos-saudables\/\" \/>\n<meta property=\"og:locale\" content=\"gl_ES\" \/>\n<meta property=\"og:type\" content=\"article\" \/>\n<meta property=\"og:title\" content=\"O Concello de Bueu despide o ano coa carreira silvestre que fomenta o deporte e os h\u00e1bitos saudables -\" \/>\n<meta property=\"og:description\" content=\"O proxecto naceu da man de clubs deportivos da vila, e cun marcado car\u00e1cter social, l\u00fadico e deportivo\" \/>\n<meta property=\"og:url\" content=\"https:\/\/www.anovapeneira.gal\/index.php\/2022\/12\/30\/o-concello-de-bueu-despide-o-ano-coa-carreira-silvestre-que-fomenta-o-deporte-e-os-habitos-saudables\/\" \/>\n<meta property=\"article:publisher\" content=\"https:\/\/www.facebook.com\/anovapeneira\" \/>\n<meta property=\"article:published_time\" content=\"2022-12-30T11:00:32+00:00\" \/>\n<meta property=\"og:image\" content=\"https:\/\/www.anovapeneira.gal\/wp-content\/uploads\/2022\/12\/silvestre.jpg\" \/>\n\t<meta property=\"og:image:width\" content=\"720\" \/>\n\t<meta property=\"og:image:height\" content=\"432\" \/>\n\t<meta property=\"og:image:type\" content=\"image\/jpeg\" \/>\n<meta name=\"author\" content=\"Redacci\u00f3n A Nova Peneira\" \/>\n<meta name=\"twitter:card\" content=\"summary_large_image\" \/>\n<meta name=\"twitter:creator\" content=\"@APeneira\" \/>\n<meta name=\"twitter:site\" content=\"@APeneira\" \/>\n<meta name=\"twitter:label1\" content=\"Escrito por\" \/>\n\t<meta name=\"twitter:data1\" content=\"Redacci\u00f3n A Nova Peneira\" \/>\n\t<meta name=\"twitter:label2\" content=\"Tempo de lectura\" \/>\n\t<meta name=\"twitter:data2\" content=\"2 minutos\" \/>\n<script type=\"application\/ld+json\" class=\"yoast-schema-graph\">{\"@context\":\"https:\\\/\\\/schema.org\",\"@graph\":[{\"@type\":\"Article\",\"@id\":\"https:\\\/\\\/www.anovapeneira.gal\\\/index.php\\\/2022\\\/12\\\/30\\\/o-concello-de-bueu-despide-o-ano-coa-carreira-silvestre-que-fomenta-o-deporte-e-os-habitos-saudables\\\/#article\",\"isPartOf\":{\"@id\":\"https:\\\/\\\/www.anovapeneira.gal\\\/index.php\\\/2022\\\/12\\\/30\\\/o-concello-de-bueu-despide-o-ano-coa-carreira-silvestre-que-fomenta-o-deporte-e-os-habitos-saudables\\\/\"},\"author\":{\"name\":\"Redacci\u00f3n A Nova Peneira\",\"@id\":\"https:\\\/\\\/www.anovapeneira.gal\\\/#\\\/schema\\\/person\\\/b93e3f8932e3f8da96334607eb6ac6aa\"},\"headline\":\"O Concello de Bueu despide o ano coa carreira silvestre que fomenta o deporte e os h\u00e1bitos saudables\",\"datePublished\":\"2022-12-30T11:00:32+00:00\",\"mainEntityOfPage\":{\"@id\":\"https:\\\/\\\/www.anovapeneira.gal\\\/index.php\\\/2022\\\/12\\\/30\\\/o-concello-de-bueu-despide-o-ano-coa-carreira-silvestre-que-fomenta-o-deporte-e-os-habitos-saudables\\\/\"},\"wordCount\":401,\"commentCount\":0,\"publisher\":{\"@id\":\"https:\\\/\\\/www.anovapeneira.gal\\\/#organization\"},\"image\":{\"@id\":\"https:\\\/\\\/www.anovapeneira.gal\\\/index.php\\\/2022\\\/12\\\/30\\\/o-concello-de-bueu-despide-o-ano-coa-carreira-silvestre-que-fomenta-o-deporte-e-os-habitos-saudables\\\/#primaryimage\"},\"thumbnailUrl\":\"https:\\\/\\\/www.anovapeneira.gal\\\/wp-content\\\/uploads\\\/2022\\\/12\\\/silvestre.jpg\",\"keywords\":[\"Concello de Bueu\"],\"articleSection\":[\"Morrazo\"],\"inLanguage\":\"gl-ES\",\"potentialAction\":[{\"@type\":\"CommentAction\",\"name\":\"Comment\",\"target\":[\"https:\\\/\\\/www.anovapeneira.gal\\\/index.php\\\/2022\\\/12\\\/30\\\/o-concello-de-bueu-despide-o-ano-coa-carreira-silvestre-que-fomenta-o-deporte-e-os-habitos-saudables\\\/#respond\"]}]},{\"@type\":\"WebPage\",\"@id\":\"https:\\\/\\\/www.anovapeneira.gal\\\/index.php\\\/2022\\\/12\\\/30\\\/o-concello-de-bueu-despide-o-ano-coa-carreira-silvestre-que-fomenta-o-deporte-e-os-habitos-saudables\\\/\",\"url\":\"https:\\\/\\\/www.anovapeneira.gal\\\/index.php\\\/2022\\\/12\\\/30\\\/o-concello-de-bueu-despide-o-ano-coa-carreira-silvestre-que-fomenta-o-deporte-e-os-habitos-saudables\\\/\",\"name\":\"O Concello de Bueu despide o ano coa carreira silvestre que fomenta o deporte e os h\u00e1bitos saudables -\",\"isPartOf\":{\"@id\":\"https:\\\/\\\/www.anovapeneira.gal\\\/#website\"},\"primaryImageOfPage\":{\"@id\":\"https:\\\/\\\/www.anovapeneira.gal\\\/index.php\\\/2022\\\/12\\\/30\\\/o-concello-de-bueu-despide-o-ano-coa-carreira-silvestre-que-fomenta-o-deporte-e-os-habitos-saudables\\\/#primaryimage\"},\"image\":{\"@id\":\"https:\\\/\\\/www.anovapeneira.gal\\\/index.php\\\/2022\\\/12\\\/30\\\/o-concello-de-bueu-despide-o-ano-coa-carreira-silvestre-que-fomenta-o-deporte-e-os-habitos-saudables\\\/#primaryimage\"},\"thumbnailUrl\":\"https:\\\/\\\/www.anovapeneira.gal\\\/wp-content\\\/uploads\\\/2022\\\/12\\\/silvestre.jpg\",\"datePublished\":\"2022-12-30T11:00:32+00:00\",\"description\":\"O proxecto naceu da man de clubs deportivos da vila, e cun marcado car\u00e1cter social, l\u00fadico e deportivo\",\"breadcrumb\":{\"@id\":\"https:\\\/\\\/www.anovapeneira.gal\\\/index.php\\\/2022\\\/12\\\/30\\\/o-concello-de-bueu-despide-o-ano-coa-carreira-silvestre-que-fomenta-o-deporte-e-os-habitos-saudables\\\/#breadcrumb\"},\"inLanguage\":\"gl-ES\",\"potentialAction\":[{\"@type\":\"ReadAction\",\"target\":[\"https:\\\/\\\/www.anovapeneira.gal\\\/index.php\\\/2022\\\/12\\\/30\\\/o-concello-de-bueu-despide-o-ano-coa-carreira-silvestre-que-fomenta-o-deporte-e-os-habitos-saudables\\\/\"]}]},{\"@type\":\"ImageObject\",\"inLanguage\":\"gl-ES\",\"@id\":\"https:\\\/\\\/www.anovapeneira.gal\\\/index.php\\\/2022\\\/12\\\/30\\\/o-concello-de-bueu-despide-o-ano-coa-carreira-silvestre-que-fomenta-o-deporte-e-os-habitos-saudables\\\/#primaryimage\",\"url\":\"https:\\\/\\\/www.anovapeneira.gal\\\/wp-content\\\/uploads\\\/2022\\\/12\\\/silvestre.jpg\",\"contentUrl\":\"https:\\\/\\\/www.anovapeneira.gal\\\/wp-content\\\/uploads\\\/2022\\\/12\\\/silvestre.jpg\",\"width\":720,\"height\":432,\"caption\":\"Concello de Bueu despide o ano coa carreira silvestre\"},{\"@type\":\"BreadcrumbList\",\"@id\":\"https:\\\/\\\/www.anovapeneira.gal\\\/index.php\\\/2022\\\/12\\\/30\\\/o-concello-de-bueu-despide-o-ano-coa-carreira-silvestre-que-fomenta-o-deporte-e-os-habitos-saudables\\\/#breadcrumb\",\"itemListElement\":[{\"@type\":\"ListItem\",\"position\":1,\"name\":\"Portada\",\"item\":\"https:\\\/\\\/www.anovapeneira.gal\\\/\"},{\"@type\":\"ListItem\",\"position\":2,\"name\":\"O Concello de Bueu despide o ano coa carreira silvestre que fomenta o deporte e os h\u00e1bitos saudables\"}]},{\"@type\":\"WebSite\",\"@id\":\"https:\\\/\\\/www.anovapeneira.gal\\\/#website\",\"url\":\"https:\\\/\\\/www.anovapeneira.gal\\\/\",\"name\":\"\",\"description\":\"Xornal galego de informaci\u00f3n xeral Publicaci\u00f3n mensual de novas de Galicia e en especial dos Concellos da sur da provincia de Pontevedra.\",\"publisher\":{\"@id\":\"https:\\\/\\\/www.anovapeneira.gal\\\/#organization\"},\"potentialAction\":[{\"@type\":\"SearchAction\",\"target\":{\"@type\":\"EntryPoint\",\"urlTemplate\":\"https:\\\/\\\/www.anovapeneira.gal\\\/?s={search_term_string}\"},\"query-input\":{\"@type\":\"PropertyValueSpecification\",\"valueRequired\":true,\"valueName\":\"search_term_string\"}}],\"inLanguage\":\"gl-ES\"},{\"@type\":\"Organization\",\"@id\":\"https:\\\/\\\/www.anovapeneira.gal\\\/#organization\",\"name\":\"A Nova Peneira\",\"url\":\"https:\\\/\\\/www.anovapeneira.gal\\\/\",\"logo\":{\"@type\":\"ImageObject\",\"inLanguage\":\"gl-ES\",\"@id\":\"https:\\\/\\\/www.anovapeneira.gal\\\/#\\\/schema\\\/logo\\\/image\\\/\",\"url\":\"http:\\\/\\\/www.anovapeneira.gal\\\/wp-content\\\/uploads\\\/2019\\\/06\\\/logo_a_nova_peneira_portal_web.png\",\"contentUrl\":\"http:\\\/\\\/www.anovapeneira.gal\\\/wp-content\\\/uploads\\\/2019\\\/06\\\/logo_a_nova_peneira_portal_web.png\",\"width\":300,\"height\":100,\"caption\":\"A Nova Peneira\"},\"image\":{\"@id\":\"https:\\\/\\\/www.anovapeneira.gal\\\/#\\\/schema\\\/logo\\\/image\\\/\"},\"sameAs\":[\"https:\\\/\\\/www.facebook.com\\\/anovapeneira\",\"https:\\\/\\\/x.com\\\/APeneira\"]},{\"@type\":\"Person\",\"@id\":\"https:\\\/\\\/www.anovapeneira.gal\\\/#\\\/schema\\\/person\\\/b93e3f8932e3f8da96334607eb6ac6aa\",\"name\":\"Redacci\u00f3n A Nova Peneira\",\"image\":{\"@type\":\"ImageObject\",\"inLanguage\":\"gl-ES\",\"@id\":\"https:\\\/\\\/secure.gravatar.com\\\/avatar\\\/c052a2551a06e23fac63626232eaa90abd78dbcf1700fc46a2b2c89fd27b735f?s=96&d=mm&r=g\",\"url\":\"https:\\\/\\\/secure.gravatar.com\\\/avatar\\\/c052a2551a06e23fac63626232eaa90abd78dbcf1700fc46a2b2c89fd27b735f?s=96&d=mm&r=g\",\"contentUrl\":\"https:\\\/\\\/secure.gravatar.com\\\/avatar\\\/c052a2551a06e23fac63626232eaa90abd78dbcf1700fc46a2b2c89fd27b735f?s=96&d=mm&r=g\",\"caption\":\"Redacci\u00f3n A Nova Peneira\"},\"sameAs\":[\"http:\\\/\\\/www.anovapeneira.gal\\\/\"],\"url\":\"https:\\\/\\\/www.anovapeneira.gal\\\/index.php\\\/author\\\/redactor\\\/\"}]}<\/script>\n<!-- \/ Yoast SEO plugin. -->","yoast_head_json":{"title":"O Concello de Bueu despide o ano coa carreira silvestre que fomenta o deporte e os h\u00e1bitos saudables -","description":"O proxecto naceu da man de clubs deportivos da vila, e cun marcado car\u00e1cter social, l\u00fadico e deportivo","robots":{"index":"index","follow":"follow","max-snippet":"max-snippet:-1","max-image-preview":"max-image-preview:large","max-video-preview":"max-video-preview:-1"},"canonical":"https:\/\/www.anovapeneira.gal\/index.php\/2022\/12\/30\/o-concello-de-bueu-despide-o-ano-coa-carreira-silvestre-que-fomenta-o-deporte-e-os-habitos-saudables\/","og_locale":"gl_ES","og_type":"article","og_title":"O Concello de Bueu despide o ano coa carreira silvestre que fomenta o deporte e os h\u00e1bitos saudables -","og_description":"O proxecto naceu da man de clubs deportivos da vila, e cun marcado car\u00e1cter social, l\u00fadico e deportivo","og_url":"https:\/\/www.anovapeneira.gal\/index.php\/2022\/12\/30\/o-concello-de-bueu-despide-o-ano-coa-carreira-silvestre-que-fomenta-o-deporte-e-os-habitos-saudables\/","article_publisher":"https:\/\/www.facebook.com\/anovapeneira","article_published_time":"2022-12-30T11:00:32+00:00","og_image":[{"width":720,"height":432,"url":"https:\/\/www.anovapeneira.gal\/wp-content\/uploads\/2022\/12\/silvestre.jpg","type":"image\/jpeg"}],"author":"Redacci\u00f3n A Nova Peneira","twitter_card":"summary_large_image","twitter_creator":"@APeneira","twitter_site":"@APeneira","twitter_misc":{"Escrito por":"Redacci\u00f3n A Nova Peneira","Tempo de lectura":"2 minutos"},"schema":{"@context":"https:\/\/schema.org","@graph":[{"@type":"Article","@id":"https:\/\/www.anovapeneira.gal\/index.php\/2022\/12\/30\/o-concello-de-bueu-despide-o-ano-coa-carreira-silvestre-que-fomenta-o-deporte-e-os-habitos-saudables\/#article","isPartOf":{"@id":"https:\/\/www.anovapeneira.gal\/index.php\/2022\/12\/30\/o-concello-de-bueu-despide-o-ano-coa-carreira-silvestre-que-fomenta-o-deporte-e-os-habitos-saudables\/"},"author":{"name":"Redacci\u00f3n A Nova Peneira","@id":"https:\/\/www.anovapeneira.gal\/#\/schema\/person\/b93e3f8932e3f8da96334607eb6ac6aa"},"headline":"O Concello de Bueu despide o ano coa carreira silvestre que fomenta o deporte e os h\u00e1bitos saudables","datePublished":"2022-12-30T11:00:32+00:00","mainEntityOfPage":{"@id":"https:\/\/www.anovapeneira.gal\/index.php\/2022\/12\/30\/o-concello-de-bueu-despide-o-ano-coa-carreira-silvestre-que-fomenta-o-deporte-e-os-habitos-saudables\/"},"wordCount":401,"commentCount":0,"publisher":{"@id":"https:\/\/www.anovapeneira.gal\/#organization"},"image":{"@id":"https:\/\/www.anovapeneira.gal\/index.php\/2022\/12\/30\/o-concello-de-bueu-despide-o-ano-coa-carreira-silvestre-que-fomenta-o-deporte-e-os-habitos-saudables\/#primaryimage"},"thumbnailUrl":"https:\/\/www.anovapeneira.gal\/wp-content\/uploads\/2022\/12\/silvestre.jpg","keywords":["Concello de Bueu"],"articleSection":["Morrazo"],"inLanguage":"gl-ES","potentialAction":[{"@type":"CommentAction","name":"Comment","target":["https:\/\/www.anovapeneira.gal\/index.php\/2022\/12\/30\/o-concello-de-bueu-despide-o-ano-coa-carreira-silvestre-que-fomenta-o-deporte-e-os-habitos-saudables\/#respond"]}]},{"@type":"WebPage","@id":"https:\/\/www.anovapeneira.gal\/index.php\/2022\/12\/30\/o-concello-de-bueu-despide-o-ano-coa-carreira-silvestre-que-fomenta-o-deporte-e-os-habitos-saudables\/","url":"https:\/\/www.anovapeneira.gal\/index.php\/2022\/12\/30\/o-concello-de-bueu-despide-o-ano-coa-carreira-silvestre-que-fomenta-o-deporte-e-os-habitos-saudables\/","name":"O Concello de Bueu despide o ano coa carreira silvestre que fomenta o deporte e os h\u00e1bitos saudables -","isPartOf":{"@id":"https:\/\/www.anovapeneira.gal\/#website"},"primaryImageOfPage":{"@id":"https:\/\/www.anovapeneira.gal\/index.php\/2022\/12\/30\/o-concello-de-bueu-despide-o-ano-coa-carreira-silvestre-que-fomenta-o-deporte-e-os-habitos-saudables\/#primaryimage"},"image":{"@id":"https:\/\/www.anovapeneira.gal\/index.php\/2022\/12\/30\/o-concello-de-bueu-despide-o-ano-coa-carreira-silvestre-que-fomenta-o-deporte-e-os-habitos-saudables\/#primaryimage"},"thumbnailUrl":"https:\/\/www.anovapeneira.gal\/wp-content\/uploads\/2022\/12\/silvestre.jpg","datePublished":"2022-12-30T11:00:32+00:00","description":"O proxecto naceu da man de clubs deportivos da vila, e cun marcado car\u00e1cter social, l\u00fadico e deportivo","breadcrumb":{"@id":"https:\/\/www.anovapeneira.gal\/index.php\/2022\/12\/30\/o-concello-de-bueu-despide-o-ano-coa-carreira-silvestre-que-fomenta-o-deporte-e-os-habitos-saudables\/#breadcrumb"},"inLanguage":"gl-ES","potentialAction":[{"@type":"ReadAction","target":["https:\/\/www.anovapeneira.gal\/index.php\/2022\/12\/30\/o-concello-de-bueu-despide-o-ano-coa-carreira-silvestre-que-fomenta-o-deporte-e-os-habitos-saudables\/"]}]},{"@type":"ImageObject","inLanguage":"gl-ES","@id":"https:\/\/www.anovapeneira.gal\/index.php\/2022\/12\/30\/o-concello-de-bueu-despide-o-ano-coa-carreira-silvestre-que-fomenta-o-deporte-e-os-habitos-saudables\/#primaryimage","url":"https:\/\/www.anovapeneira.gal\/wp-content\/uploads\/2022\/12\/silvestre.jpg","contentUrl":"https:\/\/www.anovapeneira.gal\/wp-content\/uploads\/2022\/12\/silvestre.jpg","width":720,"height":432,"caption":"Concello de Bueu despide o ano coa carreira silvestre"},{"@type":"BreadcrumbList","@id":"https:\/\/www.anovapeneira.gal\/index.php\/2022\/12\/30\/o-concello-de-bueu-despide-o-ano-coa-carreira-silvestre-que-fomenta-o-deporte-e-os-habitos-saudables\/#breadcrumb","itemListElement":[{"@type":"ListItem","position":1,"name":"Portada","item":"https:\/\/www.anovapeneira.gal\/"},{"@type":"ListItem","position":2,"name":"O Concello de Bueu despide o ano coa carreira silvestre que fomenta o deporte e os h\u00e1bitos saudables"}]},{"@type":"WebSite","@id":"https:\/\/www.anovapeneira.gal\/#website","url":"https:\/\/www.anovapeneira.gal\/","name":"","description":"Xornal galego de informaci\u00f3n xeral Publicaci\u00f3n mensual de novas de Galicia e en especial dos Concellos da sur da provincia de Pontevedra.","publisher":{"@id":"https:\/\/www.anovapeneira.gal\/#organization"},"potentialAction":[{"@type":"SearchAction","target":{"@type":"EntryPoint","urlTemplate":"https:\/\/www.anovapeneira.gal\/?s={search_term_string}"},"query-input":{"@type":"PropertyValueSpecification","valueRequired":true,"valueName":"search_term_string"}}],"inLanguage":"gl-ES"},{"@type":"Organization","@id":"https:\/\/www.anovapeneira.gal\/#organization","name":"A Nova Peneira","url":"https:\/\/www.anovapeneira.gal\/","logo":{"@type":"ImageObject","inLanguage":"gl-ES","@id":"https:\/\/www.anovapeneira.gal\/#\/schema\/logo\/image\/","url":"http:\/\/www.anovapeneira.gal\/wp-content\/uploads\/2019\/06\/logo_a_nova_peneira_portal_web.png","contentUrl":"http:\/\/www.anovapeneira.gal\/wp-content\/uploads\/2019\/06\/logo_a_nova_peneira_portal_web.png","width":300,"height":100,"caption":"A Nova Peneira"},"image":{"@id":"https:\/\/www.anovapeneira.gal\/#\/schema\/logo\/image\/"},"sameAs":["https:\/\/www.facebook.com\/anovapeneira","https:\/\/x.com\/APeneira"]},{"@type":"Person","@id":"https:\/\/www.anovapeneira.gal\/#\/schema\/person\/b93e3f8932e3f8da96334607eb6ac6aa","name":"Redacci\u00f3n A Nova Peneira","image":{"@type":"ImageObject","inLanguage":"gl-ES","@id":"https:\/\/secure.gravatar.com\/avatar\/c052a2551a06e23fac63626232eaa90abd78dbcf1700fc46a2b2c89fd27b735f?s=96&d=mm&r=g","url":"https:\/\/secure.gravatar.com\/avatar\/c052a2551a06e23fac63626232eaa90abd78dbcf1700fc46a2b2c89fd27b735f?s=96&d=mm&r=g","contentUrl":"https:\/\/secure.gravatar.com\/avatar\/c052a2551a06e23fac63626232eaa90abd78dbcf1700fc46a2b2c89fd27b735f?s=96&d=mm&r=g","caption":"Redacci\u00f3n A Nova Peneira"},"sameAs":["http:\/\/www.anovapeneira.gal\/"],"url":"https:\/\/www.anovapeneira.gal\/index.php\/author\/redactor\/"}]}},"jetpack_featured_media_url":"https:\/\/www.anovapeneira.gal\/wp-content\/uploads\/2022\/12\/silvestre.jpg","_links":{"self":[{"href":"https:\/\/www.anovapeneira.gal\/index.php\/wp-json\/wp\/v2\/posts\/8847","targetHints":{"allow":["GET"]}}],"collection":[{"href":"https:\/\/www.anovapeneira.gal\/index.php\/wp-json\/wp\/v2\/posts"}],"about":[{"href":"https:\/\/www.anovapeneira.gal\/index.php\/wp-json\/wp\/v2\/types\/post"}],"author":[{"embeddable":true,"href":"https:\/\/www.anovapeneira.gal\/index.php\/wp-json\/wp\/v2\/users\/3"}],"replies":[{"embeddable":true,"href":"https:\/\/www.anovapeneira.gal\/index.php\/wp-json\/wp\/v2\/comments?post=8847"}],"version-history":[{"count":1,"href":"https:\/\/www.anovapeneira.gal\/index.php\/wp-json\/wp\/v2\/posts\/8847\/revisions"}],"predecessor-version":[{"id":8848,"href":"https:\/\/www.anovapeneira.gal\/index.php\/wp-json\/wp\/v2\/posts\/8847\/revisions\/8848"}],"wp:featuredmedia":[{"embeddable":true,"href":"https:\/\/www.anovapeneira.gal\/index.php\/wp-json\/wp\/v2\/media\/8849"}],"wp:attachment":[{"href":"https:\/\/www.anovapeneira.gal\/index.php\/wp-json\/wp\/v2\/media?parent=8847"}],"wp:term":[{"taxonomy":"category","embeddable":true,"href":"https:\/\/www.anovapeneira.gal\/index.php\/wp-json\/wp\/v2\/categories?post=8847"},{"taxonomy":"post_tag","embeddable":true,"href":"https:\/\/www.anovapeneira.gal\/index.php\/wp-json\/wp\/v2\/tags?post=8847"}],"curies":[{"name":"wp","href":"https:\/\/api.w.org\/{rel}","templated":true}]}}