{"id":8850,"date":"2023-01-02T10:00:44","date_gmt":"2023-01-02T09:00:44","guid":{"rendered":"https:\/\/www.anovapeneira.gal\/?p=8850"},"modified":"2022-12-28T18:48:19","modified_gmt":"2022-12-28T17:48:19","slug":"o-pp-de-redondela-valora-como-gravisimas-as-declaracions-da-alcaldesa-digna-rivas","status":"publish","type":"post","link":"https:\/\/www.anovapeneira.gal\/index.php\/2023\/01\/02\/o-pp-de-redondela-valora-como-gravisimas-as-declaracions-da-alcaldesa-digna-rivas\/","title":{"rendered":"O PP de Redondela valora como \u201c grav\u00edsimas\u201d as declaraci\u00f3ns da alcaldesa Digna Rivas"},"content":{"rendered":"\n<p>O pasado d\u00eda 22 o deputado Alberto Pazos, en calidade de voceiro local dos populares redondel\u00e1ns, compareceu en rolda de prensa para valorar, nas s\u00faas propias palabras,\u201d as grav\u00edsimas declaraci\u00f3ns da alcaldesa de Redondela\u201d.<\/p>\n\n\n\n<p>Segundo A. Pazos, as declaraci\u00f3ns da alcaldesa realiz\u00e1ronse nunha rolda de prensa \u201cconvocada exclusivamente para atacar ao PP\u201d e as considera \u201c intolerables\u201d tanto polas s\u00faas formas como polo seu contido.<\/p>\n\n\n\n<p>A.Pazos laiouse de que a rolda de prensa da alcaldesa se realizara nunhas instalaci\u00f3ns p\u00fablicas, e de que a alcaldesa intentou \u201c amedrentar\u201d aos populares anunciando que lle encargar\u00eda aos servizos xur\u00eddicos municipais o estudo de acci\u00f3ns xudiciais contra o grupo municipal do PP.<\/p>\n\n\n\n<p>Para Alberto Pazos, esta situaci\u00f3n indicar\u00eda que Digna Rivas \u201c utiliza os recursos p\u00fablicos para os seus intereses persoais e pol\u00edticos\u201d.Segundo o voceiro popular os servizos xur\u00eddicos municipais deberan estar centrados en actuar en asuntos relevantes da pol\u00edtica local, como na resoluci\u00f3n do mal funcionamento do SAF ou na posta en marcha dunha comisi\u00f3n de investigaci\u00f3n sobre \u201c as actuaci\u00f3ns presuntamente irregulares executadas polo goberno da se\u00f1ora Rivas na praia de Rande\u201d.Unha comisi\u00f3n que a xu\u00edzo de Alberto Pazos bloquea a propia alcaldesa.<\/p>\n\n\n\n<p>No que respecta ao fondo da cuesti\u00f3n os populares consideran que o enfado da alcaldesa deriva de que o PP \u201c contou a verdade sobre o contrato do alumeado\u201d. Di Alberto Pazos que a alcaldesa puxo \u201c en risco o alumeado de Redondela\u201d e asemade acus\u00e1rona de mentir tanto \u00e1 veci\u00f1anza como \u00e1 oposici\u00f3n.<\/p>\n\n\n\n<p>Redondela foi, afirma Alberto Pazos, \u201c o concello da comarca que m\u00e1is tarde acendeu o alumeado de Nadal e o \u00fanico que recibiu unha orde de paralizaci\u00f3n\u201d<\/p>\n","protected":false},"excerpt":{"rendered":"<div class=\"mh-excerpt\"><p>O pasado d\u00eda 22 o deputado Alberto Pazos, en calidade de voceiro local dos populares redondel\u00e1ns, compareceu en rolda de prensa para valorar, nas s\u00faas propias palabras,\u201d as grav\u00edsimas declaraci\u00f3ns da alcaldesa de Redondela\u201d <a class=\"mh-excerpt-more\" href=\"https:\/\/www.anovapeneira.gal\/index.php\/2023\/01\/02\/o-pp-de-redondela-valora-como-gravisimas-as-declaracions-da-alcaldesa-digna-rivas\/\" title=\"O PP de Redondela valora como \u201c grav\u00edsimas\u201d as declaraci\u00f3ns da alcaldesa Digna Rivas\">[&#8230;]<\/a><\/p>\n<\/div>","protected":false},"author":3,"featured_media":8852,"comment_status":"open","ping_status":"open","sticky":false,"template":"","format":"standard","meta":{"_exactmetrics_skip_tracking":false,"_exactmetrics_sitenote_active":false,"_exactmetrics_sitenote_note":"","_exactmetrics_sitenote_category":0,"footnotes":""},"categories":[24],"tags":[171],"class_list":{"0":"post-8850","1":"post","2":"type-post","3":"status-publish","4":"format-standard","5":"has-post-thumbnail","7":"category-redondela","8":"tag-concello-de-redondela"},"yoast_head":"<!-- This site is optimized with the Yoast SEO plugin v27.4 - https:\/\/yoast.com\/product\/yoast-seo-wordpress\/ -->\n<title>O PP de Redondela valora como \u201c grav\u00edsimas\u201d as declaraci\u00f3ns da alcaldesa Digna Rivas -<\/title>\n<meta name=\"description\" content=\"O pasado d\u00eda 22 o deputado Alberto Pazos, en calidade de voceiro local dos populares redondel\u00e1ns, compareceu en rolda de prensa para valorar, nas s\u00faas propias palabras,\u201d as grav\u00edsimas declaraci\u00f3ns da alcaldesa de Redondela\u201d\" \/>\n<meta name=\"robots\" content=\"index, follow, max-snippet:-1, max-image-preview:large, max-video-preview:-1\" \/>\n<link rel=\"canonical\" href=\"https:\/\/www.anovapeneira.gal\/index.php\/2023\/01\/02\/o-pp-de-redondela-valora-como-gravisimas-as-declaracions-da-alcaldesa-digna-rivas\/\" \/>\n<meta property=\"og:locale\" content=\"gl_ES\" \/>\n<meta property=\"og:type\" content=\"article\" \/>\n<meta property=\"og:title\" content=\"O PP de Redondela valora como \u201c grav\u00edsimas\u201d as declaraci\u00f3ns da alcaldesa Digna Rivas -\" \/>\n<meta property=\"og:description\" content=\"O pasado d\u00eda 22 o deputado Alberto Pazos, en calidade de voceiro local dos populares redondel\u00e1ns, compareceu en rolda de prensa para valorar, nas s\u00faas propias palabras,\u201d as grav\u00edsimas declaraci\u00f3ns da alcaldesa de Redondela\u201d\" \/>\n<meta property=\"og:url\" content=\"https:\/\/www.anovapeneira.gal\/index.php\/2023\/01\/02\/o-pp-de-redondela-valora-como-gravisimas-as-declaracions-da-alcaldesa-digna-rivas\/\" \/>\n<meta property=\"article:publisher\" content=\"https:\/\/www.facebook.com\/anovapeneira\" \/>\n<meta property=\"article:published_time\" content=\"2023-01-02T09:00:44+00:00\" \/>\n<meta property=\"og:image\" content=\"https:\/\/www.anovapeneira.gal\/wp-content\/uploads\/2022\/12\/pp_redondela.jpg\" \/>\n\t<meta property=\"og:image:width\" content=\"1500\" \/>\n\t<meta property=\"og:image:height\" content=\"790\" \/>\n\t<meta property=\"og:image:type\" content=\"image\/jpeg\" \/>\n<meta name=\"author\" content=\"Redacci\u00f3n A Nova Peneira\" \/>\n<meta name=\"twitter:card\" content=\"summary_large_image\" \/>\n<meta name=\"twitter:creator\" content=\"@APeneira\" \/>\n<meta name=\"twitter:site\" content=\"@APeneira\" \/>\n<meta name=\"twitter:label1\" content=\"Escrito por\" \/>\n\t<meta name=\"twitter:data1\" content=\"Redacci\u00f3n A Nova Peneira\" \/>\n\t<meta name=\"twitter:label2\" content=\"Tempo de lectura\" \/>\n\t<meta name=\"twitter:data2\" content=\"2 minutos\" \/>\n<script type=\"application\/ld+json\" class=\"yoast-schema-graph\">{\"@context\":\"https:\\\/\\\/schema.org\",\"@graph\":[{\"@type\":\"Article\",\"@id\":\"https:\\\/\\\/www.anovapeneira.gal\\\/index.php\\\/2023\\\/01\\\/02\\\/o-pp-de-redondela-valora-como-gravisimas-as-declaracions-da-alcaldesa-digna-rivas\\\/#article\",\"isPartOf\":{\"@id\":\"https:\\\/\\\/www.anovapeneira.gal\\\/index.php\\\/2023\\\/01\\\/02\\\/o-pp-de-redondela-valora-como-gravisimas-as-declaracions-da-alcaldesa-digna-rivas\\\/\"},\"author\":{\"name\":\"Redacci\u00f3n A Nova Peneira\",\"@id\":\"https:\\\/\\\/www.anovapeneira.gal\\\/#\\\/schema\\\/person\\\/b93e3f8932e3f8da96334607eb6ac6aa\"},\"headline\":\"O PP de Redondela valora como \u201c grav\u00edsimas\u201d as declaraci\u00f3ns da alcaldesa Digna Rivas\",\"datePublished\":\"2023-01-02T09:00:44+00:00\",\"mainEntityOfPage\":{\"@id\":\"https:\\\/\\\/www.anovapeneira.gal\\\/index.php\\\/2023\\\/01\\\/02\\\/o-pp-de-redondela-valora-como-gravisimas-as-declaracions-da-alcaldesa-digna-rivas\\\/\"},\"wordCount\":313,\"commentCount\":0,\"publisher\":{\"@id\":\"https:\\\/\\\/www.anovapeneira.gal\\\/#organization\"},\"image\":{\"@id\":\"https:\\\/\\\/www.anovapeneira.gal\\\/index.php\\\/2023\\\/01\\\/02\\\/o-pp-de-redondela-valora-como-gravisimas-as-declaracions-da-alcaldesa-digna-rivas\\\/#primaryimage\"},\"thumbnailUrl\":\"https:\\\/\\\/www.anovapeneira.gal\\\/wp-content\\\/uploads\\\/2022\\\/12\\\/pp_redondela.jpg\",\"keywords\":[\"Concello de Redondela\"],\"articleSection\":[\"Redondela\"],\"inLanguage\":\"gl-ES\",\"potentialAction\":[{\"@type\":\"CommentAction\",\"name\":\"Comment\",\"target\":[\"https:\\\/\\\/www.anovapeneira.gal\\\/index.php\\\/2023\\\/01\\\/02\\\/o-pp-de-redondela-valora-como-gravisimas-as-declaracions-da-alcaldesa-digna-rivas\\\/#respond\"]}]},{\"@type\":\"WebPage\",\"@id\":\"https:\\\/\\\/www.anovapeneira.gal\\\/index.php\\\/2023\\\/01\\\/02\\\/o-pp-de-redondela-valora-como-gravisimas-as-declaracions-da-alcaldesa-digna-rivas\\\/\",\"url\":\"https:\\\/\\\/www.anovapeneira.gal\\\/index.php\\\/2023\\\/01\\\/02\\\/o-pp-de-redondela-valora-como-gravisimas-as-declaracions-da-alcaldesa-digna-rivas\\\/\",\"name\":\"O PP de Redondela valora como \u201c grav\u00edsimas\u201d as declaraci\u00f3ns da alcaldesa Digna Rivas -\",\"isPartOf\":{\"@id\":\"https:\\\/\\\/www.anovapeneira.gal\\\/#website\"},\"primaryImageOfPage\":{\"@id\":\"https:\\\/\\\/www.anovapeneira.gal\\\/index.php\\\/2023\\\/01\\\/02\\\/o-pp-de-redondela-valora-como-gravisimas-as-declaracions-da-alcaldesa-digna-rivas\\\/#primaryimage\"},\"image\":{\"@id\":\"https:\\\/\\\/www.anovapeneira.gal\\\/index.php\\\/2023\\\/01\\\/02\\\/o-pp-de-redondela-valora-como-gravisimas-as-declaracions-da-alcaldesa-digna-rivas\\\/#primaryimage\"},\"thumbnailUrl\":\"https:\\\/\\\/www.anovapeneira.gal\\\/wp-content\\\/uploads\\\/2022\\\/12\\\/pp_redondela.jpg\",\"datePublished\":\"2023-01-02T09:00:44+00:00\",\"description\":\"O pasado d\u00eda 22 o deputado Alberto Pazos, en calidade de voceiro local dos populares redondel\u00e1ns, compareceu en rolda de prensa para valorar, nas s\u00faas propias palabras,\u201d as grav\u00edsimas declaraci\u00f3ns da alcaldesa de Redondela\u201d\",\"breadcrumb\":{\"@id\":\"https:\\\/\\\/www.anovapeneira.gal\\\/index.php\\\/2023\\\/01\\\/02\\\/o-pp-de-redondela-valora-como-gravisimas-as-declaracions-da-alcaldesa-digna-rivas\\\/#breadcrumb\"},\"inLanguage\":\"gl-ES\",\"potentialAction\":[{\"@type\":\"ReadAction\",\"target\":[\"https:\\\/\\\/www.anovapeneira.gal\\\/index.php\\\/2023\\\/01\\\/02\\\/o-pp-de-redondela-valora-como-gravisimas-as-declaracions-da-alcaldesa-digna-rivas\\\/\"]}]},{\"@type\":\"ImageObject\",\"inLanguage\":\"gl-ES\",\"@id\":\"https:\\\/\\\/www.anovapeneira.gal\\\/index.php\\\/2023\\\/01\\\/02\\\/o-pp-de-redondela-valora-como-gravisimas-as-declaracions-da-alcaldesa-digna-rivas\\\/#primaryimage\",\"url\":\"https:\\\/\\\/www.anovapeneira.gal\\\/wp-content\\\/uploads\\\/2022\\\/12\\\/pp_redondela.jpg\",\"contentUrl\":\"https:\\\/\\\/www.anovapeneira.gal\\\/wp-content\\\/uploads\\\/2022\\\/12\\\/pp_redondela.jpg\",\"width\":1500,\"height\":790,\"caption\":\"O PP de Redondela valora como \u201c grav\u00edsimas\u201d as declaraci\u00f3ns da alcaldesa Digna Rivas\"},{\"@type\":\"BreadcrumbList\",\"@id\":\"https:\\\/\\\/www.anovapeneira.gal\\\/index.php\\\/2023\\\/01\\\/02\\\/o-pp-de-redondela-valora-como-gravisimas-as-declaracions-da-alcaldesa-digna-rivas\\\/#breadcrumb\",\"itemListElement\":[{\"@type\":\"ListItem\",\"position\":1,\"name\":\"Portada\",\"item\":\"https:\\\/\\\/www.anovapeneira.gal\\\/\"},{\"@type\":\"ListItem\",\"position\":2,\"name\":\"O PP de Redondela valora como \u201c grav\u00edsimas\u201d as declaraci\u00f3ns da alcaldesa Digna Rivas\"}]},{\"@type\":\"WebSite\",\"@id\":\"https:\\\/\\\/www.anovapeneira.gal\\\/#website\",\"url\":\"https:\\\/\\\/www.anovapeneira.gal\\\/\",\"name\":\"\",\"description\":\"Xornal galego de informaci\u00f3n xeral Publicaci\u00f3n mensual de novas de Galicia e en especial dos Concellos da sur da provincia de Pontevedra.\",\"publisher\":{\"@id\":\"https:\\\/\\\/www.anovapeneira.gal\\\/#organization\"},\"potentialAction\":[{\"@type\":\"SearchAction\",\"target\":{\"@type\":\"EntryPoint\",\"urlTemplate\":\"https:\\\/\\\/www.anovapeneira.gal\\\/?s={search_term_string}\"},\"query-input\":{\"@type\":\"PropertyValueSpecification\",\"valueRequired\":true,\"valueName\":\"search_term_string\"}}],\"inLanguage\":\"gl-ES\"},{\"@type\":\"Organization\",\"@id\":\"https:\\\/\\\/www.anovapeneira.gal\\\/#organization\",\"name\":\"A Nova Peneira\",\"url\":\"https:\\\/\\\/www.anovapeneira.gal\\\/\",\"logo\":{\"@type\":\"ImageObject\",\"inLanguage\":\"gl-ES\",\"@id\":\"https:\\\/\\\/www.anovapeneira.gal\\\/#\\\/schema\\\/logo\\\/image\\\/\",\"url\":\"http:\\\/\\\/www.anovapeneira.gal\\\/wp-content\\\/uploads\\\/2019\\\/06\\\/logo_a_nova_peneira_portal_web.png\",\"contentUrl\":\"http:\\\/\\\/www.anovapeneira.gal\\\/wp-content\\\/uploads\\\/2019\\\/06\\\/logo_a_nova_peneira_portal_web.png\",\"width\":300,\"height\":100,\"caption\":\"A Nova Peneira\"},\"image\":{\"@id\":\"https:\\\/\\\/www.anovapeneira.gal\\\/#\\\/schema\\\/logo\\\/image\\\/\"},\"sameAs\":[\"https:\\\/\\\/www.facebook.com\\\/anovapeneira\",\"https:\\\/\\\/x.com\\\/APeneira\"]},{\"@type\":\"Person\",\"@id\":\"https:\\\/\\\/www.anovapeneira.gal\\\/#\\\/schema\\\/person\\\/b93e3f8932e3f8da96334607eb6ac6aa\",\"name\":\"Redacci\u00f3n A Nova Peneira\",\"image\":{\"@type\":\"ImageObject\",\"inLanguage\":\"gl-ES\",\"@id\":\"https:\\\/\\\/secure.gravatar.com\\\/avatar\\\/c052a2551a06e23fac63626232eaa90abd78dbcf1700fc46a2b2c89fd27b735f?s=96&d=mm&r=g\",\"url\":\"https:\\\/\\\/secure.gravatar.com\\\/avatar\\\/c052a2551a06e23fac63626232eaa90abd78dbcf1700fc46a2b2c89fd27b735f?s=96&d=mm&r=g\",\"contentUrl\":\"https:\\\/\\\/secure.gravatar.com\\\/avatar\\\/c052a2551a06e23fac63626232eaa90abd78dbcf1700fc46a2b2c89fd27b735f?s=96&d=mm&r=g\",\"caption\":\"Redacci\u00f3n A Nova Peneira\"},\"sameAs\":[\"http:\\\/\\\/www.anovapeneira.gal\\\/\"],\"url\":\"https:\\\/\\\/www.anovapeneira.gal\\\/index.php\\\/author\\\/redactor\\\/\"}]}<\/script>\n<!-- \/ Yoast SEO plugin. -->","yoast_head_json":{"title":"O PP de Redondela valora como \u201c grav\u00edsimas\u201d as declaraci\u00f3ns da alcaldesa Digna Rivas -","description":"O pasado d\u00eda 22 o deputado Alberto Pazos, en calidade de voceiro local dos populares redondel\u00e1ns, compareceu en rolda de prensa para valorar, nas s\u00faas propias palabras,\u201d as grav\u00edsimas declaraci\u00f3ns da alcaldesa de Redondela\u201d","robots":{"index":"index","follow":"follow","max-snippet":"max-snippet:-1","max-image-preview":"max-image-preview:large","max-video-preview":"max-video-preview:-1"},"canonical":"https:\/\/www.anovapeneira.gal\/index.php\/2023\/01\/02\/o-pp-de-redondela-valora-como-gravisimas-as-declaracions-da-alcaldesa-digna-rivas\/","og_locale":"gl_ES","og_type":"article","og_title":"O PP de Redondela valora como \u201c grav\u00edsimas\u201d as declaraci\u00f3ns da alcaldesa Digna Rivas -","og_description":"O pasado d\u00eda 22 o deputado Alberto Pazos, en calidade de voceiro local dos populares redondel\u00e1ns, compareceu en rolda de prensa para valorar, nas s\u00faas propias palabras,\u201d as grav\u00edsimas declaraci\u00f3ns da alcaldesa de Redondela\u201d","og_url":"https:\/\/www.anovapeneira.gal\/index.php\/2023\/01\/02\/o-pp-de-redondela-valora-como-gravisimas-as-declaracions-da-alcaldesa-digna-rivas\/","article_publisher":"https:\/\/www.facebook.com\/anovapeneira","article_published_time":"2023-01-02T09:00:44+00:00","og_image":[{"width":1500,"height":790,"url":"https:\/\/www.anovapeneira.gal\/wp-content\/uploads\/2022\/12\/pp_redondela.jpg","type":"image\/jpeg"}],"author":"Redacci\u00f3n A Nova Peneira","twitter_card":"summary_large_image","twitter_creator":"@APeneira","twitter_site":"@APeneira","twitter_misc":{"Escrito por":"Redacci\u00f3n A Nova Peneira","Tempo de lectura":"2 minutos"},"schema":{"@context":"https:\/\/schema.org","@graph":[{"@type":"Article","@id":"https:\/\/www.anovapeneira.gal\/index.php\/2023\/01\/02\/o-pp-de-redondela-valora-como-gravisimas-as-declaracions-da-alcaldesa-digna-rivas\/#article","isPartOf":{"@id":"https:\/\/www.anovapeneira.gal\/index.php\/2023\/01\/02\/o-pp-de-redondela-valora-como-gravisimas-as-declaracions-da-alcaldesa-digna-rivas\/"},"author":{"name":"Redacci\u00f3n A Nova Peneira","@id":"https:\/\/www.anovapeneira.gal\/#\/schema\/person\/b93e3f8932e3f8da96334607eb6ac6aa"},"headline":"O PP de Redondela valora como \u201c grav\u00edsimas\u201d as declaraci\u00f3ns da alcaldesa Digna Rivas","datePublished":"2023-01-02T09:00:44+00:00","mainEntityOfPage":{"@id":"https:\/\/www.anovapeneira.gal\/index.php\/2023\/01\/02\/o-pp-de-redondela-valora-como-gravisimas-as-declaracions-da-alcaldesa-digna-rivas\/"},"wordCount":313,"commentCount":0,"publisher":{"@id":"https:\/\/www.anovapeneira.gal\/#organization"},"image":{"@id":"https:\/\/www.anovapeneira.gal\/index.php\/2023\/01\/02\/o-pp-de-redondela-valora-como-gravisimas-as-declaracions-da-alcaldesa-digna-rivas\/#primaryimage"},"thumbnailUrl":"https:\/\/www.anovapeneira.gal\/wp-content\/uploads\/2022\/12\/pp_redondela.jpg","keywords":["Concello de Redondela"],"articleSection":["Redondela"],"inLanguage":"gl-ES","potentialAction":[{"@type":"CommentAction","name":"Comment","target":["https:\/\/www.anovapeneira.gal\/index.php\/2023\/01\/02\/o-pp-de-redondela-valora-como-gravisimas-as-declaracions-da-alcaldesa-digna-rivas\/#respond"]}]},{"@type":"WebPage","@id":"https:\/\/www.anovapeneira.gal\/index.php\/2023\/01\/02\/o-pp-de-redondela-valora-como-gravisimas-as-declaracions-da-alcaldesa-digna-rivas\/","url":"https:\/\/www.anovapeneira.gal\/index.php\/2023\/01\/02\/o-pp-de-redondela-valora-como-gravisimas-as-declaracions-da-alcaldesa-digna-rivas\/","name":"O PP de Redondela valora como \u201c grav\u00edsimas\u201d as declaraci\u00f3ns da alcaldesa Digna Rivas -","isPartOf":{"@id":"https:\/\/www.anovapeneira.gal\/#website"},"primaryImageOfPage":{"@id":"https:\/\/www.anovapeneira.gal\/index.php\/2023\/01\/02\/o-pp-de-redondela-valora-como-gravisimas-as-declaracions-da-alcaldesa-digna-rivas\/#primaryimage"},"image":{"@id":"https:\/\/www.anovapeneira.gal\/index.php\/2023\/01\/02\/o-pp-de-redondela-valora-como-gravisimas-as-declaracions-da-alcaldesa-digna-rivas\/#primaryimage"},"thumbnailUrl":"https:\/\/www.anovapeneira.gal\/wp-content\/uploads\/2022\/12\/pp_redondela.jpg","datePublished":"2023-01-02T09:00:44+00:00","description":"O pasado d\u00eda 22 o deputado Alberto Pazos, en calidade de voceiro local dos populares redondel\u00e1ns, compareceu en rolda de prensa para valorar, nas s\u00faas propias palabras,\u201d as grav\u00edsimas declaraci\u00f3ns da alcaldesa de Redondela\u201d","breadcrumb":{"@id":"https:\/\/www.anovapeneira.gal\/index.php\/2023\/01\/02\/o-pp-de-redondela-valora-como-gravisimas-as-declaracions-da-alcaldesa-digna-rivas\/#breadcrumb"},"inLanguage":"gl-ES","potentialAction":[{"@type":"ReadAction","target":["https:\/\/www.anovapeneira.gal\/index.php\/2023\/01\/02\/o-pp-de-redondela-valora-como-gravisimas-as-declaracions-da-alcaldesa-digna-rivas\/"]}]},{"@type":"ImageObject","inLanguage":"gl-ES","@id":"https:\/\/www.anovapeneira.gal\/index.php\/2023\/01\/02\/o-pp-de-redondela-valora-como-gravisimas-as-declaracions-da-alcaldesa-digna-rivas\/#primaryimage","url":"https:\/\/www.anovapeneira.gal\/wp-content\/uploads\/2022\/12\/pp_redondela.jpg","contentUrl":"https:\/\/www.anovapeneira.gal\/wp-content\/uploads\/2022\/12\/pp_redondela.jpg","width":1500,"height":790,"caption":"O PP de Redondela valora como \u201c grav\u00edsimas\u201d as declaraci\u00f3ns da alcaldesa Digna Rivas"},{"@type":"BreadcrumbList","@id":"https:\/\/www.anovapeneira.gal\/index.php\/2023\/01\/02\/o-pp-de-redondela-valora-como-gravisimas-as-declaracions-da-alcaldesa-digna-rivas\/#breadcrumb","itemListElement":[{"@type":"ListItem","position":1,"name":"Portada","item":"https:\/\/www.anovapeneira.gal\/"},{"@type":"ListItem","position":2,"name":"O PP de Redondela valora como \u201c grav\u00edsimas\u201d as declaraci\u00f3ns da alcaldesa Digna Rivas"}]},{"@type":"WebSite","@id":"https:\/\/www.anovapeneira.gal\/#website","url":"https:\/\/www.anovapeneira.gal\/","name":"","description":"Xornal galego de informaci\u00f3n xeral Publicaci\u00f3n mensual de novas de Galicia e en especial dos Concellos da sur da provincia de Pontevedra.","publisher":{"@id":"https:\/\/www.anovapeneira.gal\/#organization"},"potentialAction":[{"@type":"SearchAction","target":{"@type":"EntryPoint","urlTemplate":"https:\/\/www.anovapeneira.gal\/?s={search_term_string}"},"query-input":{"@type":"PropertyValueSpecification","valueRequired":true,"valueName":"search_term_string"}}],"inLanguage":"gl-ES"},{"@type":"Organization","@id":"https:\/\/www.anovapeneira.gal\/#organization","name":"A Nova Peneira","url":"https:\/\/www.anovapeneira.gal\/","logo":{"@type":"ImageObject","inLanguage":"gl-ES","@id":"https:\/\/www.anovapeneira.gal\/#\/schema\/logo\/image\/","url":"http:\/\/www.anovapeneira.gal\/wp-content\/uploads\/2019\/06\/logo_a_nova_peneira_portal_web.png","contentUrl":"http:\/\/www.anovapeneira.gal\/wp-content\/uploads\/2019\/06\/logo_a_nova_peneira_portal_web.png","width":300,"height":100,"caption":"A Nova Peneira"},"image":{"@id":"https:\/\/www.anovapeneira.gal\/#\/schema\/logo\/image\/"},"sameAs":["https:\/\/www.facebook.com\/anovapeneira","https:\/\/x.com\/APeneira"]},{"@type":"Person","@id":"https:\/\/www.anovapeneira.gal\/#\/schema\/person\/b93e3f8932e3f8da96334607eb6ac6aa","name":"Redacci\u00f3n A Nova Peneira","image":{"@type":"ImageObject","inLanguage":"gl-ES","@id":"https:\/\/secure.gravatar.com\/avatar\/c052a2551a06e23fac63626232eaa90abd78dbcf1700fc46a2b2c89fd27b735f?s=96&d=mm&r=g","url":"https:\/\/secure.gravatar.com\/avatar\/c052a2551a06e23fac63626232eaa90abd78dbcf1700fc46a2b2c89fd27b735f?s=96&d=mm&r=g","contentUrl":"https:\/\/secure.gravatar.com\/avatar\/c052a2551a06e23fac63626232eaa90abd78dbcf1700fc46a2b2c89fd27b735f?s=96&d=mm&r=g","caption":"Redacci\u00f3n A Nova Peneira"},"sameAs":["http:\/\/www.anovapeneira.gal\/"],"url":"https:\/\/www.anovapeneira.gal\/index.php\/author\/redactor\/"}]}},"jetpack_featured_media_url":"https:\/\/www.anovapeneira.gal\/wp-content\/uploads\/2022\/12\/pp_redondela.jpg","_links":{"self":[{"href":"https:\/\/www.anovapeneira.gal\/index.php\/wp-json\/wp\/v2\/posts\/8850","targetHints":{"allow":["GET"]}}],"collection":[{"href":"https:\/\/www.anovapeneira.gal\/index.php\/wp-json\/wp\/v2\/posts"}],"about":[{"href":"https:\/\/www.anovapeneira.gal\/index.php\/wp-json\/wp\/v2\/types\/post"}],"author":[{"embeddable":true,"href":"https:\/\/www.anovapeneira.gal\/index.php\/wp-json\/wp\/v2\/users\/3"}],"replies":[{"embeddable":true,"href":"https:\/\/www.anovapeneira.gal\/index.php\/wp-json\/wp\/v2\/comments?post=8850"}],"version-history":[{"count":1,"href":"https:\/\/www.anovapeneira.gal\/index.php\/wp-json\/wp\/v2\/posts\/8850\/revisions"}],"predecessor-version":[{"id":8851,"href":"https:\/\/www.anovapeneira.gal\/index.php\/wp-json\/wp\/v2\/posts\/8850\/revisions\/8851"}],"wp:featuredmedia":[{"embeddable":true,"href":"https:\/\/www.anovapeneira.gal\/index.php\/wp-json\/wp\/v2\/media\/8852"}],"wp:attachment":[{"href":"https:\/\/www.anovapeneira.gal\/index.php\/wp-json\/wp\/v2\/media?parent=8850"}],"wp:term":[{"taxonomy":"category","embeddable":true,"href":"https:\/\/www.anovapeneira.gal\/index.php\/wp-json\/wp\/v2\/categories?post=8850"},{"taxonomy":"post_tag","embeddable":true,"href":"https:\/\/www.anovapeneira.gal\/index.php\/wp-json\/wp\/v2\/tags?post=8850"}],"curies":[{"name":"wp","href":"https:\/\/api.w.org\/{rel}","templated":true}]}}