{"id":8862,"date":"2023-01-03T10:00:47","date_gmt":"2023-01-03T09:00:47","guid":{"rendered":"https:\/\/www.anovapeneira.gal\/?p=8862"},"modified":"2023-01-02T11:11:07","modified_gmt":"2023-01-02T10:11:07","slug":"o-alcalde-de-bueu-insta-a-augas-de-galicia-para-que-asuma-o-financiamento-dunha-actuacion-de-mellora-de-servizos-na-rua-pazos-fontenla","status":"publish","type":"post","link":"https:\/\/www.anovapeneira.gal\/index.php\/2023\/01\/03\/o-alcalde-de-bueu-insta-a-augas-de-galicia-para-que-asuma-o-financiamento-dunha-actuacion-de-mellora-de-servizos-na-rua-pazos-fontenla\/","title":{"rendered":"O alcalde de Bueu insta a augas de Galicia para que asuma o financiamento dunha actuaci\u00f3n de mellora de servizos na r\u00faa Pazos Fontenla"},"content":{"rendered":"\n<ul class=\"wp-block-list\"><li><strong>F\u00e9lix Juncal realizou este venres unha visita \u00e1s instalaci\u00f3ns da EDAR, onde anunciou que levar\u00e1 ao pleno unha proposta para instar ao ente auton\u00f3mico a que financie a mellora integral na que \u00e9 unha das principais arterias do municipio<\/strong><\/li><li><strong>O rexedor informou de que xa est\u00e1 activo o sistema de tratamento terciario na estaci\u00f3n depuradora, polo que xa se cumpre co solicitado pola Conseller\u00eda de Infraestruturas e Augas de Galicia<\/strong><\/li><\/ul>\n\n\n\n<p><strong>Bueu, a 30 de decembro de 2022<\/strong><\/p>\n\n\n\n<p>O goberno local de Bueu instar\u00e1 a Augas de Galicia a que asuma os compromisos coa vila e promova unha gran actuaci\u00f3n na mellora integral dos servizos de abastecemento na r\u00faa Pazos Fontenla. As\u00ed o anunciou F\u00e9lix Juncal, alcalde de Bueu, nunha visita realizada este venres \u00e1s instalaci\u00f3ns da Estaci\u00f3n Depuradora de Augas Residuais (EDAR) da vila, na que estivo acompa\u00f1ado de Xos\u00e9 Leal, concelleiro de cultura e medio ambiente, de Alberto Moital, concelleiro de patrimonio, e de Carolina Garc\u00eda, xefa de servizo de FCC Aqualia, empresa concesionaria do servizo de auga.<\/p>\n\n\n\n<p>O acto de hoxe serviu para comprobar o \u201ccorrecto funcionamento das instalaci\u00f3ns\u201d e al\u00ed o rexedor tam\u00e9n anunciou que se levar\u00e1 unha proposta dos grupos de goberno (BNG e ACB) ao pleno de xaneiro co fin de instar \u00e1 Conseller\u00eda de Infraestruturas e a Augas de Galicia para que financien o proxecto de renovaci\u00f3n de servizos e mellora integral na PO-315, concretamente ao seu paso pola r\u00faa Pazos Fontenla. O rexedor explicou que \u201cxa hai aproximadamente tres anos que dende o Concello asumimos a redacci\u00f3n dun proxecto para esta zona e as diversas modificaci\u00f3ns do mesmo, as\u00ed como a tramitaci\u00f3n dos permisos e autorizaci\u00f3ns sectoriais pertinentes, sempre co convencemento e de com\u00fan acordo no financiamento da Conseller\u00eda de Infraestruturas e Augas de Galicia\u201d. Juncal destacou que na \u00faltima reuni\u00f3n mantida coa Conselleira hai un ano, xa se advertira de que era necesario que o Concello activase o sistema de tratamento terciario a trav\u00e9s das l\u00e1mpadas UVA, que xa se atopa en funcionamento dende setembro polo que o rexedor considera que \u201ca parte do Concello xa a cumprimos, e s\u00f3 resta que a Conseller\u00eda confirme o acordado nas reuni\u00f3ns\u201d.<\/p>\n\n\n\n<p>Hai xa moitos anos que o Concello de Bueu ten advertido do mal estado no que se atopa esta r\u00faa, unha das arterias principais da vila, na que o pavimento dos veh\u00edculos se encontra deteriorado, o mesmo que as beirarr\u00faas, nas que existen m\u00faltiples baldosas levantadas. As\u00ed mesmo, os servizos de abastecemento e saneamento de auga est\u00e1n obsoletos, co que sup\u00f3n tam\u00e9n de riscos de vertidos \u00e1s canles fluviais.<\/p>\n\n\n\n<p>Co obxectivo de promover unha actuaci\u00f3n integral, o Concello de Bueu dirixiuse en diversas ocasi\u00f3ns e de varias formas \u00e1 Xunta de Galicia, que \u00e9 o organismo titular do vial e ao que lle compete realizar unha actuaci\u00f3n de mellora. O alcalde mantivo conversas de forma presencial e telef\u00f3nica tanto coa Conselleira de Infraestruturas e Mobilidade como coa Directora de Augas de Galicia, de forma m\u00e1is intensa no 2019, e nas que quedou de manifesto o interese municipal a prol dunha actuaci\u00f3n que incrementase a seguridade das persoas usuarias deste vial, e contribu\u00edse a diminu\u00edr os impactos sobre o medio ambiente.<\/p>\n\n\n\n<p>En novembro de 2019, o Concello xa dispo\u00f1\u00eda dun proxecto para promover unha actuaci\u00f3n integral na mellora de beirarr\u00faas de Pazos Fontenla, que foi remitido \u00e1 Conseller\u00eda de Infraestruturas da Xunta de Galicia, despois de sendas conversas cos departamentos auton\u00f3micos. A mediados de 2021, o Concello de Bueu remitiu un anteproxecto valorado en 1,1 mill\u00f3ns de euros, co obxectivo de instar \u00e1 Xunta de Galicia a que financiase esta actuaci\u00f3n tan necesaria e prioritaria para a vila de Bueu. Posteriormente, en setembro dese ano, procedeuse a enviar un proxecto definitivo, despois de que se mantivesen diversas reuni\u00f3ns e conversas coas persoas responsables dos departamentos auton\u00f3micos. O env\u00edo desta documentaci\u00f3n levou a que en decembro se convocase unha reuni\u00f3n entre a alcald\u00eda e a Conselleira de Infraestruturas, na que se confirmou por parte desta que este proxecto se inserir\u00eda no Fondo Europeo de Desenvolvemento Rexional (Feder) da Uni\u00f3n Europea no marco do saneamento das r\u00edas. A partir de a\u00ed, o Concello v\u00e9n traballando dende o convencemento nun proxecto tal e como o foron solicitando o propio ente auton\u00f3mico, \u201csempre dende a aparencia de que conseguiriamos o citado apoio financeiro, polo que instamos \u00e1 Xunta de Galicia a que nos comuniquen de forma oficial que cumprir\u00e1n co acordado\u201d, culminou o rexedor.<\/p>\n","protected":false},"excerpt":{"rendered":"<div class=\"mh-excerpt\"><p>F\u00e9lix Juncal realizou este venres unha visita \u00e1s instalaci\u00f3ns da EDAR, onde anunciou que levar\u00e1 ao pleno unha proposta para instar ao ente auton\u00f3mico a que financie a mellora integral na que \u00e9 unha das principais arterias do municipio <a class=\"mh-excerpt-more\" href=\"https:\/\/www.anovapeneira.gal\/index.php\/2023\/01\/03\/o-alcalde-de-bueu-insta-a-augas-de-galicia-para-que-asuma-o-financiamento-dunha-actuacion-de-mellora-de-servizos-na-rua-pazos-fontenla\/\" title=\"O alcalde de Bueu insta a augas de Galicia para que asuma o financiamento dunha actuaci\u00f3n de mellora de servizos na r\u00faa Pazos Fontenla\">[&#8230;]<\/a><\/p>\n<\/div>","protected":false},"author":3,"featured_media":8863,"comment_status":"open","ping_status":"open","sticky":false,"template":"","format":"standard","meta":{"_exactmetrics_skip_tracking":false,"_exactmetrics_sitenote_active":false,"_exactmetrics_sitenote_note":"","_exactmetrics_sitenote_category":0,"footnotes":""},"categories":[22],"tags":[440],"class_list":{"0":"post-8862","1":"post","2":"type-post","3":"status-publish","4":"format-standard","5":"has-post-thumbnail","7":"category-morrazo","8":"tag-concello-de-bueu"},"yoast_head":"<!-- This site is optimized with the Yoast SEO plugin v27.4 - https:\/\/yoast.com\/product\/yoast-seo-wordpress\/ -->\n<title>O alcalde de Bueu insta a augas de Galicia para que asuma o financiamento dunha actuaci\u00f3n de mellora de servizos na r\u00faa Pazos Fontenla -<\/title>\n<meta name=\"description\" content=\"F\u00e9lix Juncal realizou este venres unha visita \u00e1s instalaci\u00f3ns da EDAR, onde anunciou que levar\u00e1 ao pleno unha proposta para instar ao ente auton\u00f3mico a que financie a mellora integral na que \u00e9 unha das principais arterias do municipio\" \/>\n<meta name=\"robots\" content=\"index, follow, max-snippet:-1, max-image-preview:large, max-video-preview:-1\" \/>\n<link rel=\"canonical\" href=\"https:\/\/www.anovapeneira.gal\/index.php\/2023\/01\/03\/o-alcalde-de-bueu-insta-a-augas-de-galicia-para-que-asuma-o-financiamento-dunha-actuacion-de-mellora-de-servizos-na-rua-pazos-fontenla\/\" \/>\n<meta property=\"og:locale\" content=\"gl_ES\" \/>\n<meta property=\"og:type\" content=\"article\" \/>\n<meta property=\"og:title\" content=\"O alcalde de Bueu insta a augas de Galicia para que asuma o financiamento dunha actuaci\u00f3n de mellora de servizos na r\u00faa Pazos Fontenla -\" \/>\n<meta property=\"og:description\" content=\"F\u00e9lix Juncal realizou este venres unha visita \u00e1s instalaci\u00f3ns da EDAR, onde anunciou que levar\u00e1 ao pleno unha proposta para instar ao ente auton\u00f3mico a que financie a mellora integral na que \u00e9 unha das principais arterias do municipio\" \/>\n<meta property=\"og:url\" content=\"https:\/\/www.anovapeneira.gal\/index.php\/2023\/01\/03\/o-alcalde-de-bueu-insta-a-augas-de-galicia-para-que-asuma-o-financiamento-dunha-actuacion-de-mellora-de-servizos-na-rua-pazos-fontenla\/\" \/>\n<meta property=\"article:publisher\" content=\"https:\/\/www.facebook.com\/anovapeneira\" \/>\n<meta property=\"article:published_time\" content=\"2023-01-03T09:00:47+00:00\" \/>\n<meta property=\"og:image\" content=\"https:\/\/www.anovapeneira.gal\/wp-content\/uploads\/2023\/01\/concello_Bueu_pazos_fontenla.jpg\" \/>\n\t<meta property=\"og:image:width\" content=\"720\" \/>\n\t<meta property=\"og:image:height\" content=\"432\" \/>\n\t<meta property=\"og:image:type\" content=\"image\/jpeg\" \/>\n<meta name=\"author\" content=\"Redacci\u00f3n A Nova Peneira\" \/>\n<meta name=\"twitter:card\" content=\"summary_large_image\" \/>\n<meta name=\"twitter:creator\" content=\"@APeneira\" \/>\n<meta name=\"twitter:site\" content=\"@APeneira\" \/>\n<meta name=\"twitter:label1\" content=\"Escrito por\" \/>\n\t<meta name=\"twitter:data1\" content=\"Redacci\u00f3n A Nova Peneira\" \/>\n\t<meta name=\"twitter:label2\" content=\"Tempo de lectura\" \/>\n\t<meta name=\"twitter:data2\" content=\"5 minutos\" \/>\n<script type=\"application\/ld+json\" class=\"yoast-schema-graph\">{\"@context\":\"https:\\\/\\\/schema.org\",\"@graph\":[{\"@type\":\"Article\",\"@id\":\"https:\\\/\\\/www.anovapeneira.gal\\\/index.php\\\/2023\\\/01\\\/03\\\/o-alcalde-de-bueu-insta-a-augas-de-galicia-para-que-asuma-o-financiamento-dunha-actuacion-de-mellora-de-servizos-na-rua-pazos-fontenla\\\/#article\",\"isPartOf\":{\"@id\":\"https:\\\/\\\/www.anovapeneira.gal\\\/index.php\\\/2023\\\/01\\\/03\\\/o-alcalde-de-bueu-insta-a-augas-de-galicia-para-que-asuma-o-financiamento-dunha-actuacion-de-mellora-de-servizos-na-rua-pazos-fontenla\\\/\"},\"author\":{\"name\":\"Redacci\u00f3n A Nova Peneira\",\"@id\":\"https:\\\/\\\/www.anovapeneira.gal\\\/#\\\/schema\\\/person\\\/b93e3f8932e3f8da96334607eb6ac6aa\"},\"headline\":\"O alcalde de Bueu insta a augas de Galicia para que asuma o financiamento dunha actuaci\u00f3n de mellora de servizos na r\u00faa Pazos Fontenla\",\"datePublished\":\"2023-01-03T09:00:47+00:00\",\"mainEntityOfPage\":{\"@id\":\"https:\\\/\\\/www.anovapeneira.gal\\\/index.php\\\/2023\\\/01\\\/03\\\/o-alcalde-de-bueu-insta-a-augas-de-galicia-para-que-asuma-o-financiamento-dunha-actuacion-de-mellora-de-servizos-na-rua-pazos-fontenla\\\/\"},\"wordCount\":811,\"commentCount\":0,\"publisher\":{\"@id\":\"https:\\\/\\\/www.anovapeneira.gal\\\/#organization\"},\"image\":{\"@id\":\"https:\\\/\\\/www.anovapeneira.gal\\\/index.php\\\/2023\\\/01\\\/03\\\/o-alcalde-de-bueu-insta-a-augas-de-galicia-para-que-asuma-o-financiamento-dunha-actuacion-de-mellora-de-servizos-na-rua-pazos-fontenla\\\/#primaryimage\"},\"thumbnailUrl\":\"https:\\\/\\\/www.anovapeneira.gal\\\/wp-content\\\/uploads\\\/2023\\\/01\\\/concello_Bueu_pazos_fontenla.jpg\",\"keywords\":[\"Concello de Bueu\"],\"articleSection\":[\"Morrazo\"],\"inLanguage\":\"gl-ES\",\"potentialAction\":[{\"@type\":\"CommentAction\",\"name\":\"Comment\",\"target\":[\"https:\\\/\\\/www.anovapeneira.gal\\\/index.php\\\/2023\\\/01\\\/03\\\/o-alcalde-de-bueu-insta-a-augas-de-galicia-para-que-asuma-o-financiamento-dunha-actuacion-de-mellora-de-servizos-na-rua-pazos-fontenla\\\/#respond\"]}]},{\"@type\":\"WebPage\",\"@id\":\"https:\\\/\\\/www.anovapeneira.gal\\\/index.php\\\/2023\\\/01\\\/03\\\/o-alcalde-de-bueu-insta-a-augas-de-galicia-para-que-asuma-o-financiamento-dunha-actuacion-de-mellora-de-servizos-na-rua-pazos-fontenla\\\/\",\"url\":\"https:\\\/\\\/www.anovapeneira.gal\\\/index.php\\\/2023\\\/01\\\/03\\\/o-alcalde-de-bueu-insta-a-augas-de-galicia-para-que-asuma-o-financiamento-dunha-actuacion-de-mellora-de-servizos-na-rua-pazos-fontenla\\\/\",\"name\":\"O alcalde de Bueu insta a augas de Galicia para que asuma o financiamento dunha actuaci\u00f3n de mellora de servizos na r\u00faa Pazos Fontenla -\",\"isPartOf\":{\"@id\":\"https:\\\/\\\/www.anovapeneira.gal\\\/#website\"},\"primaryImageOfPage\":{\"@id\":\"https:\\\/\\\/www.anovapeneira.gal\\\/index.php\\\/2023\\\/01\\\/03\\\/o-alcalde-de-bueu-insta-a-augas-de-galicia-para-que-asuma-o-financiamento-dunha-actuacion-de-mellora-de-servizos-na-rua-pazos-fontenla\\\/#primaryimage\"},\"image\":{\"@id\":\"https:\\\/\\\/www.anovapeneira.gal\\\/index.php\\\/2023\\\/01\\\/03\\\/o-alcalde-de-bueu-insta-a-augas-de-galicia-para-que-asuma-o-financiamento-dunha-actuacion-de-mellora-de-servizos-na-rua-pazos-fontenla\\\/#primaryimage\"},\"thumbnailUrl\":\"https:\\\/\\\/www.anovapeneira.gal\\\/wp-content\\\/uploads\\\/2023\\\/01\\\/concello_Bueu_pazos_fontenla.jpg\",\"datePublished\":\"2023-01-03T09:00:47+00:00\",\"description\":\"F\u00e9lix Juncal realizou este venres unha visita \u00e1s instalaci\u00f3ns da EDAR, onde anunciou que levar\u00e1 ao pleno unha proposta para instar ao ente auton\u00f3mico a que financie a mellora integral na que \u00e9 unha das principais arterias do municipio\",\"breadcrumb\":{\"@id\":\"https:\\\/\\\/www.anovapeneira.gal\\\/index.php\\\/2023\\\/01\\\/03\\\/o-alcalde-de-bueu-insta-a-augas-de-galicia-para-que-asuma-o-financiamento-dunha-actuacion-de-mellora-de-servizos-na-rua-pazos-fontenla\\\/#breadcrumb\"},\"inLanguage\":\"gl-ES\",\"potentialAction\":[{\"@type\":\"ReadAction\",\"target\":[\"https:\\\/\\\/www.anovapeneira.gal\\\/index.php\\\/2023\\\/01\\\/03\\\/o-alcalde-de-bueu-insta-a-augas-de-galicia-para-que-asuma-o-financiamento-dunha-actuacion-de-mellora-de-servizos-na-rua-pazos-fontenla\\\/\"]}]},{\"@type\":\"ImageObject\",\"inLanguage\":\"gl-ES\",\"@id\":\"https:\\\/\\\/www.anovapeneira.gal\\\/index.php\\\/2023\\\/01\\\/03\\\/o-alcalde-de-bueu-insta-a-augas-de-galicia-para-que-asuma-o-financiamento-dunha-actuacion-de-mellora-de-servizos-na-rua-pazos-fontenla\\\/#primaryimage\",\"url\":\"https:\\\/\\\/www.anovapeneira.gal\\\/wp-content\\\/uploads\\\/2023\\\/01\\\/concello_Bueu_pazos_fontenla.jpg\",\"contentUrl\":\"https:\\\/\\\/www.anovapeneira.gal\\\/wp-content\\\/uploads\\\/2023\\\/01\\\/concello_Bueu_pazos_fontenla.jpg\",\"width\":720,\"height\":432,\"caption\":\"actuaci\u00f3n de mellora de servizos na r\u00faa Pazos Fontenla\"},{\"@type\":\"BreadcrumbList\",\"@id\":\"https:\\\/\\\/www.anovapeneira.gal\\\/index.php\\\/2023\\\/01\\\/03\\\/o-alcalde-de-bueu-insta-a-augas-de-galicia-para-que-asuma-o-financiamento-dunha-actuacion-de-mellora-de-servizos-na-rua-pazos-fontenla\\\/#breadcrumb\",\"itemListElement\":[{\"@type\":\"ListItem\",\"position\":1,\"name\":\"Portada\",\"item\":\"https:\\\/\\\/www.anovapeneira.gal\\\/\"},{\"@type\":\"ListItem\",\"position\":2,\"name\":\"O alcalde de Bueu insta a augas de Galicia para que asuma o financiamento dunha actuaci\u00f3n de mellora de servizos na r\u00faa Pazos Fontenla\"}]},{\"@type\":\"WebSite\",\"@id\":\"https:\\\/\\\/www.anovapeneira.gal\\\/#website\",\"url\":\"https:\\\/\\\/www.anovapeneira.gal\\\/\",\"name\":\"\",\"description\":\"Xornal galego de informaci\u00f3n xeral Publicaci\u00f3n mensual de novas de Galicia e en especial dos Concellos da sur da provincia de Pontevedra.\",\"publisher\":{\"@id\":\"https:\\\/\\\/www.anovapeneira.gal\\\/#organization\"},\"potentialAction\":[{\"@type\":\"SearchAction\",\"target\":{\"@type\":\"EntryPoint\",\"urlTemplate\":\"https:\\\/\\\/www.anovapeneira.gal\\\/?s={search_term_string}\"},\"query-input\":{\"@type\":\"PropertyValueSpecification\",\"valueRequired\":true,\"valueName\":\"search_term_string\"}}],\"inLanguage\":\"gl-ES\"},{\"@type\":\"Organization\",\"@id\":\"https:\\\/\\\/www.anovapeneira.gal\\\/#organization\",\"name\":\"A Nova Peneira\",\"url\":\"https:\\\/\\\/www.anovapeneira.gal\\\/\",\"logo\":{\"@type\":\"ImageObject\",\"inLanguage\":\"gl-ES\",\"@id\":\"https:\\\/\\\/www.anovapeneira.gal\\\/#\\\/schema\\\/logo\\\/image\\\/\",\"url\":\"http:\\\/\\\/www.anovapeneira.gal\\\/wp-content\\\/uploads\\\/2019\\\/06\\\/logo_a_nova_peneira_portal_web.png\",\"contentUrl\":\"http:\\\/\\\/www.anovapeneira.gal\\\/wp-content\\\/uploads\\\/2019\\\/06\\\/logo_a_nova_peneira_portal_web.png\",\"width\":300,\"height\":100,\"caption\":\"A Nova Peneira\"},\"image\":{\"@id\":\"https:\\\/\\\/www.anovapeneira.gal\\\/#\\\/schema\\\/logo\\\/image\\\/\"},\"sameAs\":[\"https:\\\/\\\/www.facebook.com\\\/anovapeneira\",\"https:\\\/\\\/x.com\\\/APeneira\"]},{\"@type\":\"Person\",\"@id\":\"https:\\\/\\\/www.anovapeneira.gal\\\/#\\\/schema\\\/person\\\/b93e3f8932e3f8da96334607eb6ac6aa\",\"name\":\"Redacci\u00f3n A Nova Peneira\",\"image\":{\"@type\":\"ImageObject\",\"inLanguage\":\"gl-ES\",\"@id\":\"https:\\\/\\\/secure.gravatar.com\\\/avatar\\\/c052a2551a06e23fac63626232eaa90abd78dbcf1700fc46a2b2c89fd27b735f?s=96&d=mm&r=g\",\"url\":\"https:\\\/\\\/secure.gravatar.com\\\/avatar\\\/c052a2551a06e23fac63626232eaa90abd78dbcf1700fc46a2b2c89fd27b735f?s=96&d=mm&r=g\",\"contentUrl\":\"https:\\\/\\\/secure.gravatar.com\\\/avatar\\\/c052a2551a06e23fac63626232eaa90abd78dbcf1700fc46a2b2c89fd27b735f?s=96&d=mm&r=g\",\"caption\":\"Redacci\u00f3n A Nova Peneira\"},\"sameAs\":[\"http:\\\/\\\/www.anovapeneira.gal\\\/\"],\"url\":\"https:\\\/\\\/www.anovapeneira.gal\\\/index.php\\\/author\\\/redactor\\\/\"}]}<\/script>\n<!-- \/ Yoast SEO plugin. -->","yoast_head_json":{"title":"O alcalde de Bueu insta a augas de Galicia para que asuma o financiamento dunha actuaci\u00f3n de mellora de servizos na r\u00faa Pazos Fontenla -","description":"F\u00e9lix Juncal realizou este venres unha visita \u00e1s instalaci\u00f3ns da EDAR, onde anunciou que levar\u00e1 ao pleno unha proposta para instar ao ente auton\u00f3mico a que financie a mellora integral na que \u00e9 unha das principais arterias do municipio","robots":{"index":"index","follow":"follow","max-snippet":"max-snippet:-1","max-image-preview":"max-image-preview:large","max-video-preview":"max-video-preview:-1"},"canonical":"https:\/\/www.anovapeneira.gal\/index.php\/2023\/01\/03\/o-alcalde-de-bueu-insta-a-augas-de-galicia-para-que-asuma-o-financiamento-dunha-actuacion-de-mellora-de-servizos-na-rua-pazos-fontenla\/","og_locale":"gl_ES","og_type":"article","og_title":"O alcalde de Bueu insta a augas de Galicia para que asuma o financiamento dunha actuaci\u00f3n de mellora de servizos na r\u00faa Pazos Fontenla -","og_description":"F\u00e9lix Juncal realizou este venres unha visita \u00e1s instalaci\u00f3ns da EDAR, onde anunciou que levar\u00e1 ao pleno unha proposta para instar ao ente auton\u00f3mico a que financie a mellora integral na que \u00e9 unha das principais arterias do municipio","og_url":"https:\/\/www.anovapeneira.gal\/index.php\/2023\/01\/03\/o-alcalde-de-bueu-insta-a-augas-de-galicia-para-que-asuma-o-financiamento-dunha-actuacion-de-mellora-de-servizos-na-rua-pazos-fontenla\/","article_publisher":"https:\/\/www.facebook.com\/anovapeneira","article_published_time":"2023-01-03T09:00:47+00:00","og_image":[{"width":720,"height":432,"url":"https:\/\/www.anovapeneira.gal\/wp-content\/uploads\/2023\/01\/concello_Bueu_pazos_fontenla.jpg","type":"image\/jpeg"}],"author":"Redacci\u00f3n A Nova Peneira","twitter_card":"summary_large_image","twitter_creator":"@APeneira","twitter_site":"@APeneira","twitter_misc":{"Escrito por":"Redacci\u00f3n A Nova Peneira","Tempo de lectura":"5 minutos"},"schema":{"@context":"https:\/\/schema.org","@graph":[{"@type":"Article","@id":"https:\/\/www.anovapeneira.gal\/index.php\/2023\/01\/03\/o-alcalde-de-bueu-insta-a-augas-de-galicia-para-que-asuma-o-financiamento-dunha-actuacion-de-mellora-de-servizos-na-rua-pazos-fontenla\/#article","isPartOf":{"@id":"https:\/\/www.anovapeneira.gal\/index.php\/2023\/01\/03\/o-alcalde-de-bueu-insta-a-augas-de-galicia-para-que-asuma-o-financiamento-dunha-actuacion-de-mellora-de-servizos-na-rua-pazos-fontenla\/"},"author":{"name":"Redacci\u00f3n A Nova Peneira","@id":"https:\/\/www.anovapeneira.gal\/#\/schema\/person\/b93e3f8932e3f8da96334607eb6ac6aa"},"headline":"O alcalde de Bueu insta a augas de Galicia para que asuma o financiamento dunha actuaci\u00f3n de mellora de servizos na r\u00faa Pazos Fontenla","datePublished":"2023-01-03T09:00:47+00:00","mainEntityOfPage":{"@id":"https:\/\/www.anovapeneira.gal\/index.php\/2023\/01\/03\/o-alcalde-de-bueu-insta-a-augas-de-galicia-para-que-asuma-o-financiamento-dunha-actuacion-de-mellora-de-servizos-na-rua-pazos-fontenla\/"},"wordCount":811,"commentCount":0,"publisher":{"@id":"https:\/\/www.anovapeneira.gal\/#organization"},"image":{"@id":"https:\/\/www.anovapeneira.gal\/index.php\/2023\/01\/03\/o-alcalde-de-bueu-insta-a-augas-de-galicia-para-que-asuma-o-financiamento-dunha-actuacion-de-mellora-de-servizos-na-rua-pazos-fontenla\/#primaryimage"},"thumbnailUrl":"https:\/\/www.anovapeneira.gal\/wp-content\/uploads\/2023\/01\/concello_Bueu_pazos_fontenla.jpg","keywords":["Concello de Bueu"],"articleSection":["Morrazo"],"inLanguage":"gl-ES","potentialAction":[{"@type":"CommentAction","name":"Comment","target":["https:\/\/www.anovapeneira.gal\/index.php\/2023\/01\/03\/o-alcalde-de-bueu-insta-a-augas-de-galicia-para-que-asuma-o-financiamento-dunha-actuacion-de-mellora-de-servizos-na-rua-pazos-fontenla\/#respond"]}]},{"@type":"WebPage","@id":"https:\/\/www.anovapeneira.gal\/index.php\/2023\/01\/03\/o-alcalde-de-bueu-insta-a-augas-de-galicia-para-que-asuma-o-financiamento-dunha-actuacion-de-mellora-de-servizos-na-rua-pazos-fontenla\/","url":"https:\/\/www.anovapeneira.gal\/index.php\/2023\/01\/03\/o-alcalde-de-bueu-insta-a-augas-de-galicia-para-que-asuma-o-financiamento-dunha-actuacion-de-mellora-de-servizos-na-rua-pazos-fontenla\/","name":"O alcalde de Bueu insta a augas de Galicia para que asuma o financiamento dunha actuaci\u00f3n de mellora de servizos na r\u00faa Pazos Fontenla -","isPartOf":{"@id":"https:\/\/www.anovapeneira.gal\/#website"},"primaryImageOfPage":{"@id":"https:\/\/www.anovapeneira.gal\/index.php\/2023\/01\/03\/o-alcalde-de-bueu-insta-a-augas-de-galicia-para-que-asuma-o-financiamento-dunha-actuacion-de-mellora-de-servizos-na-rua-pazos-fontenla\/#primaryimage"},"image":{"@id":"https:\/\/www.anovapeneira.gal\/index.php\/2023\/01\/03\/o-alcalde-de-bueu-insta-a-augas-de-galicia-para-que-asuma-o-financiamento-dunha-actuacion-de-mellora-de-servizos-na-rua-pazos-fontenla\/#primaryimage"},"thumbnailUrl":"https:\/\/www.anovapeneira.gal\/wp-content\/uploads\/2023\/01\/concello_Bueu_pazos_fontenla.jpg","datePublished":"2023-01-03T09:00:47+00:00","description":"F\u00e9lix Juncal realizou este venres unha visita \u00e1s instalaci\u00f3ns da EDAR, onde anunciou que levar\u00e1 ao pleno unha proposta para instar ao ente auton\u00f3mico a que financie a mellora integral na que \u00e9 unha das principais arterias do municipio","breadcrumb":{"@id":"https:\/\/www.anovapeneira.gal\/index.php\/2023\/01\/03\/o-alcalde-de-bueu-insta-a-augas-de-galicia-para-que-asuma-o-financiamento-dunha-actuacion-de-mellora-de-servizos-na-rua-pazos-fontenla\/#breadcrumb"},"inLanguage":"gl-ES","potentialAction":[{"@type":"ReadAction","target":["https:\/\/www.anovapeneira.gal\/index.php\/2023\/01\/03\/o-alcalde-de-bueu-insta-a-augas-de-galicia-para-que-asuma-o-financiamento-dunha-actuacion-de-mellora-de-servizos-na-rua-pazos-fontenla\/"]}]},{"@type":"ImageObject","inLanguage":"gl-ES","@id":"https:\/\/www.anovapeneira.gal\/index.php\/2023\/01\/03\/o-alcalde-de-bueu-insta-a-augas-de-galicia-para-que-asuma-o-financiamento-dunha-actuacion-de-mellora-de-servizos-na-rua-pazos-fontenla\/#primaryimage","url":"https:\/\/www.anovapeneira.gal\/wp-content\/uploads\/2023\/01\/concello_Bueu_pazos_fontenla.jpg","contentUrl":"https:\/\/www.anovapeneira.gal\/wp-content\/uploads\/2023\/01\/concello_Bueu_pazos_fontenla.jpg","width":720,"height":432,"caption":"actuaci\u00f3n de mellora de servizos na r\u00faa Pazos Fontenla"},{"@type":"BreadcrumbList","@id":"https:\/\/www.anovapeneira.gal\/index.php\/2023\/01\/03\/o-alcalde-de-bueu-insta-a-augas-de-galicia-para-que-asuma-o-financiamento-dunha-actuacion-de-mellora-de-servizos-na-rua-pazos-fontenla\/#breadcrumb","itemListElement":[{"@type":"ListItem","position":1,"name":"Portada","item":"https:\/\/www.anovapeneira.gal\/"},{"@type":"ListItem","position":2,"name":"O alcalde de Bueu insta a augas de Galicia para que asuma o financiamento dunha actuaci\u00f3n de mellora de servizos na r\u00faa Pazos Fontenla"}]},{"@type":"WebSite","@id":"https:\/\/www.anovapeneira.gal\/#website","url":"https:\/\/www.anovapeneira.gal\/","name":"","description":"Xornal galego de informaci\u00f3n xeral Publicaci\u00f3n mensual de novas de Galicia e en especial dos Concellos da sur da provincia de Pontevedra.","publisher":{"@id":"https:\/\/www.anovapeneira.gal\/#organization"},"potentialAction":[{"@type":"SearchAction","target":{"@type":"EntryPoint","urlTemplate":"https:\/\/www.anovapeneira.gal\/?s={search_term_string}"},"query-input":{"@type":"PropertyValueSpecification","valueRequired":true,"valueName":"search_term_string"}}],"inLanguage":"gl-ES"},{"@type":"Organization","@id":"https:\/\/www.anovapeneira.gal\/#organization","name":"A Nova Peneira","url":"https:\/\/www.anovapeneira.gal\/","logo":{"@type":"ImageObject","inLanguage":"gl-ES","@id":"https:\/\/www.anovapeneira.gal\/#\/schema\/logo\/image\/","url":"http:\/\/www.anovapeneira.gal\/wp-content\/uploads\/2019\/06\/logo_a_nova_peneira_portal_web.png","contentUrl":"http:\/\/www.anovapeneira.gal\/wp-content\/uploads\/2019\/06\/logo_a_nova_peneira_portal_web.png","width":300,"height":100,"caption":"A Nova Peneira"},"image":{"@id":"https:\/\/www.anovapeneira.gal\/#\/schema\/logo\/image\/"},"sameAs":["https:\/\/www.facebook.com\/anovapeneira","https:\/\/x.com\/APeneira"]},{"@type":"Person","@id":"https:\/\/www.anovapeneira.gal\/#\/schema\/person\/b93e3f8932e3f8da96334607eb6ac6aa","name":"Redacci\u00f3n A Nova Peneira","image":{"@type":"ImageObject","inLanguage":"gl-ES","@id":"https:\/\/secure.gravatar.com\/avatar\/c052a2551a06e23fac63626232eaa90abd78dbcf1700fc46a2b2c89fd27b735f?s=96&d=mm&r=g","url":"https:\/\/secure.gravatar.com\/avatar\/c052a2551a06e23fac63626232eaa90abd78dbcf1700fc46a2b2c89fd27b735f?s=96&d=mm&r=g","contentUrl":"https:\/\/secure.gravatar.com\/avatar\/c052a2551a06e23fac63626232eaa90abd78dbcf1700fc46a2b2c89fd27b735f?s=96&d=mm&r=g","caption":"Redacci\u00f3n A Nova Peneira"},"sameAs":["http:\/\/www.anovapeneira.gal\/"],"url":"https:\/\/www.anovapeneira.gal\/index.php\/author\/redactor\/"}]}},"jetpack_featured_media_url":"https:\/\/www.anovapeneira.gal\/wp-content\/uploads\/2023\/01\/concello_Bueu_pazos_fontenla.jpg","_links":{"self":[{"href":"https:\/\/www.anovapeneira.gal\/index.php\/wp-json\/wp\/v2\/posts\/8862","targetHints":{"allow":["GET"]}}],"collection":[{"href":"https:\/\/www.anovapeneira.gal\/index.php\/wp-json\/wp\/v2\/posts"}],"about":[{"href":"https:\/\/www.anovapeneira.gal\/index.php\/wp-json\/wp\/v2\/types\/post"}],"author":[{"embeddable":true,"href":"https:\/\/www.anovapeneira.gal\/index.php\/wp-json\/wp\/v2\/users\/3"}],"replies":[{"embeddable":true,"href":"https:\/\/www.anovapeneira.gal\/index.php\/wp-json\/wp\/v2\/comments?post=8862"}],"version-history":[{"count":1,"href":"https:\/\/www.anovapeneira.gal\/index.php\/wp-json\/wp\/v2\/posts\/8862\/revisions"}],"predecessor-version":[{"id":8864,"href":"https:\/\/www.anovapeneira.gal\/index.php\/wp-json\/wp\/v2\/posts\/8862\/revisions\/8864"}],"wp:featuredmedia":[{"embeddable":true,"href":"https:\/\/www.anovapeneira.gal\/index.php\/wp-json\/wp\/v2\/media\/8863"}],"wp:attachment":[{"href":"https:\/\/www.anovapeneira.gal\/index.php\/wp-json\/wp\/v2\/media?parent=8862"}],"wp:term":[{"taxonomy":"category","embeddable":true,"href":"https:\/\/www.anovapeneira.gal\/index.php\/wp-json\/wp\/v2\/categories?post=8862"},{"taxonomy":"post_tag","embeddable":true,"href":"https:\/\/www.anovapeneira.gal\/index.php\/wp-json\/wp\/v2\/tags?post=8862"}],"curies":[{"name":"wp","href":"https:\/\/api.w.org\/{rel}","templated":true}]}}