{"id":8874,"date":"2023-01-05T10:00:47","date_gmt":"2023-01-05T09:00:47","guid":{"rendered":"https:\/\/www.anovapeneira.gal\/?p=8874"},"modified":"2023-01-03T12:03:05","modified_gmt":"2023-01-03T11:03:05","slug":"a-plataforma-reclama-persoal-medico-no-pac-de-marin-porque-no-nadal-tamen-enfermamos-e-a-conselleria-esta-precarizando-un-servizo-vital-para-24-000-persoas","status":"publish","type":"post","link":"https:\/\/www.anovapeneira.gal\/index.php\/2023\/01\/05\/a-plataforma-reclama-persoal-medico-no-pac-de-marin-porque-no-nadal-tamen-enfermamos-e-a-conselleria-esta-precarizando-un-servizo-vital-para-24-000-persoas\/","title":{"rendered":"A Plataforma reclama \u201cpersoal m\u00e9dico no PAC de Mar\u00edn, porque no Nadal tam\u00e9n enfermamos e a Conseller\u00eda est\u00e1 precarizando un servizo vital para 24.000 persoas\u201d."},"content":{"rendered":"\n<h2 class=\"wp-block-heading\">\u201c<strong>A nosa vida sen persoal sanitario\u201d \u00e9 o concurso que impulsan dende a Plataforma para menores de 12 anos coa colaboraci\u00f3n das ANPAS e con premios donados polo comercio local marinense.<\/strong><\/h2>\n\n\n\n<p><strong>Mar\u00edn, 30 de decembro de 2022<\/strong><\/p>\n\n\n\n<p>A Plataforma pola Defensa do Centro de Sa\u00fade de Seixo, que agrupa a 21 colectivos das parroquias de Santom\u00e9 de Pi\u00f1eiro, O Campo, Ard\u00e1n e Seixo, no concello de Mar\u00edn, v\u00e9n de denunciar a \u201cpenosa\u201d situaci\u00f3n do PAC que \u201cd\u00eda si, d\u00eda tam\u00e9n, non ten persoal m\u00e9dico para atender as urxencias da veci\u00f1anza de Mar\u00edn e no que debera haber 2 m\u00e9dic@s en vez de ning\u00fan.\u201d<\/p>\n\n\n\n<p>A Plataforma sinala que \u201ca Xunta segue a precarizar este servizo, e no Nadal tam\u00e9n enfermamos. De feito, son habituais as denuncias de veci\u00f1@s de Mar\u00edn que acoden \u00e1s urxencias e atopan s\u00f3 persoal de enfermer\u00eda e te\u00f1en que comezar unha peregrinaxe \u00e1s urxencias do PAC de Bueu, ou directamente \u00e1s urxencias saturadas de Montecelo ou o Hospital Provincial. Non son @s pacientes que buscan atenci\u00f3n cando est\u00e1n mal quen satura os hospitais \u00e9 a Xunta quen cos seus recortes colapsan todo o sistema sanitario p\u00fablico.\u201d<\/p>\n\n\n\n<p>A Plataforma exp\u00f3n que \u201cparece que hai unha estratexia da Xunta para ir recortando profesionais o que causa problemas de atenci\u00f3n m\u00e9dica e que acabemos indo aos hospitais. Despois, cando non vaiamos ao PAC, porque non saberemos se atoparemos profesionais m\u00e9dicos, non tardar\u00e1n dende a Xunta en dicir que non \u00e9 \u00fatil, nin rentable manter abertas as urxencias de Mar\u00edn porque a xente non vai. Na Xunta tentan escaquear sempre, cando son quen contratan, quen amortizan prazas e quen as cobren.\u201d Nese sentido, sinalan que \u201c\u00e9 chamativo que dende o goberno municipal sigan calados\u201d e denuncian \u201ca insensibilidade dos responsables pol\u00edticos porque as fotos de Nadal non melloran a sa\u00fade de quen precisa atenci\u00f3n, nin salvan vidas nunha urxencia e se este servizo non ten a dotaci\u00f3n de persoal m\u00e9dico necesaria, a Alcaldesa debera denuncialo e moverse porque lle afecta \u00e1 veci\u00f1anza do concello que ela goberna.\u201d<\/p>\n\n\n\n<p><strong>Concurso \u201cA nosa vida sen persoal sanitario\u201d<\/strong><\/p>\n\n\n\n<p>A Plataforma convoca o concurso de debuxos \u201cA nosa vida sen persoal sanitario\u201d destinado a menores de 12 anos. Segundo explican \u201ca tem\u00e1tica est\u00e1 relacionada coa sanidade p\u00fablica e o dereito de todas as persoas \u00e1 sa\u00fade e deber\u00e1n plasmar nun debuxo como ser\u00eda a s\u00faa vida e\/ou a de familiares se non houbese persoal sanitario (persoal m\u00e9dico, pedi\u00e1trico, de enfermer\u00eda, de sa\u00fade mental, de ambulancias etc) para atendelos, tanto nos centros de sa\u00fade como nos hospitais. Unha situaci\u00f3n que non \u00e9 dif\u00edcil de imaxinar e que xa lle afecta directamente a moitas familias.\u201d<\/p>\n\n\n\n<p>Dende a Plataforma explican que \u201ccontamos coa colaboraci\u00f3n das ANPAS do colexios p\u00fablicos do concello de Mar\u00edn as\u00ed como de comercios de Mar\u00edn que doar\u00e1n os premios consistentes en libros e material escolar.\u201d Haber\u00e1 tres categor\u00edas de 3 a 5 anos, de 6 a 8 e de 9 a 12 e o prazo remata o venres 20 de xaneiro de 2023.<\/p>\n","protected":false},"excerpt":{"rendered":"<div class=\"mh-excerpt\"><p>\u201cA nosa vida sen persoal sanitario\u201d \u00e9 o concurso que impulsan dende a Plataforma para menores de 12 anos coa colaboraci\u00f3n das ANPAS e con premios donados polo comercio local marinense <a class=\"mh-excerpt-more\" href=\"https:\/\/www.anovapeneira.gal\/index.php\/2023\/01\/05\/a-plataforma-reclama-persoal-medico-no-pac-de-marin-porque-no-nadal-tamen-enfermamos-e-a-conselleria-esta-precarizando-un-servizo-vital-para-24-000-persoas\/\" title=\"A Plataforma reclama \u201cpersoal m\u00e9dico no PAC de Mar\u00edn, porque no Nadal tam\u00e9n enfermamos e a Conseller\u00eda est\u00e1 precarizando un servizo vital para 24.000 persoas\u201d.\">[&#8230;]<\/a><\/p>\n<\/div>","protected":false},"author":3,"featured_media":6743,"comment_status":"open","ping_status":"open","sticky":false,"template":"","format":"standard","meta":{"_exactmetrics_skip_tracking":false,"_exactmetrics_sitenote_active":false,"_exactmetrics_sitenote_note":"","_exactmetrics_sitenote_category":0,"footnotes":""},"categories":[22],"tags":[144],"class_list":{"0":"post-8874","1":"post","2":"type-post","3":"status-publish","4":"format-standard","5":"has-post-thumbnail","7":"category-morrazo","8":"tag-concello-de-marin"},"yoast_head":"<!-- This site is optimized with the Yoast SEO plugin v27.4 - https:\/\/yoast.com\/product\/yoast-seo-wordpress\/ -->\n<title>A Plataforma reclama \u201cpersoal m\u00e9dico no PAC de Mar\u00edn, porque no Nadal tam\u00e9n enfermamos e a Conseller\u00eda est\u00e1 precarizando un servizo vital para 24.000 persoas\u201d. -<\/title>\n<meta name=\"description\" content=\"\u201cA nosa vida sen persoal sanitario\u201d \u00e9 o concurso que impulsan dende a Plataforma para menores de 12 anos coa colaboraci\u00f3n das ANPAS e con premios donados polo comercio local marinense\" \/>\n<meta name=\"robots\" content=\"index, follow, max-snippet:-1, max-image-preview:large, max-video-preview:-1\" \/>\n<link rel=\"canonical\" href=\"https:\/\/www.anovapeneira.gal\/index.php\/2023\/01\/05\/a-plataforma-reclama-persoal-medico-no-pac-de-marin-porque-no-nadal-tamen-enfermamos-e-a-conselleria-esta-precarizando-un-servizo-vital-para-24-000-persoas\/\" \/>\n<meta property=\"og:locale\" content=\"gl_ES\" \/>\n<meta property=\"og:type\" content=\"article\" \/>\n<meta property=\"og:title\" content=\"A Plataforma reclama \u201cpersoal m\u00e9dico no PAC de Mar\u00edn, porque no Nadal tam\u00e9n enfermamos e a Conseller\u00eda est\u00e1 precarizando un servizo vital para 24.000 persoas\u201d. -\" \/>\n<meta property=\"og:description\" content=\"\u201cA nosa vida sen persoal sanitario\u201d \u00e9 o concurso que impulsan dende a Plataforma para menores de 12 anos coa colaboraci\u00f3n das ANPAS e con premios donados polo comercio local marinense\" \/>\n<meta property=\"og:url\" content=\"https:\/\/www.anovapeneira.gal\/index.php\/2023\/01\/05\/a-plataforma-reclama-persoal-medico-no-pac-de-marin-porque-no-nadal-tamen-enfermamos-e-a-conselleria-esta-precarizando-un-servizo-vital-para-24-000-persoas\/\" \/>\n<meta property=\"article:publisher\" content=\"https:\/\/www.facebook.com\/anovapeneira\" \/>\n<meta property=\"article:published_time\" content=\"2023-01-05T09:00:47+00:00\" \/>\n<meta property=\"og:image\" content=\"https:\/\/www.anovapeneira.gal\/wp-content\/uploads\/2022\/01\/sanidade_marin.jpg\" \/>\n\t<meta property=\"og:image:width\" content=\"720\" \/>\n\t<meta property=\"og:image:height\" content=\"432\" \/>\n\t<meta property=\"og:image:type\" content=\"image\/jpeg\" \/>\n<meta name=\"author\" content=\"Redacci\u00f3n A Nova Peneira\" \/>\n<meta name=\"twitter:card\" content=\"summary_large_image\" \/>\n<meta name=\"twitter:creator\" content=\"@APeneira\" \/>\n<meta name=\"twitter:site\" content=\"@APeneira\" \/>\n<meta name=\"twitter:label1\" content=\"Escrito por\" \/>\n\t<meta name=\"twitter:data1\" content=\"Redacci\u00f3n A Nova Peneira\" \/>\n\t<meta name=\"twitter:label2\" content=\"Tempo de lectura\" \/>\n\t<meta name=\"twitter:data2\" content=\"3 minutos\" \/>\n<script type=\"application\/ld+json\" class=\"yoast-schema-graph\">{\"@context\":\"https:\\\/\\\/schema.org\",\"@graph\":[{\"@type\":\"Article\",\"@id\":\"https:\\\/\\\/www.anovapeneira.gal\\\/index.php\\\/2023\\\/01\\\/05\\\/a-plataforma-reclama-persoal-medico-no-pac-de-marin-porque-no-nadal-tamen-enfermamos-e-a-conselleria-esta-precarizando-un-servizo-vital-para-24-000-persoas\\\/#article\",\"isPartOf\":{\"@id\":\"https:\\\/\\\/www.anovapeneira.gal\\\/index.php\\\/2023\\\/01\\\/05\\\/a-plataforma-reclama-persoal-medico-no-pac-de-marin-porque-no-nadal-tamen-enfermamos-e-a-conselleria-esta-precarizando-un-servizo-vital-para-24-000-persoas\\\/\"},\"author\":{\"name\":\"Redacci\u00f3n A Nova Peneira\",\"@id\":\"https:\\\/\\\/www.anovapeneira.gal\\\/#\\\/schema\\\/person\\\/b93e3f8932e3f8da96334607eb6ac6aa\"},\"headline\":\"A Plataforma reclama \u201cpersoal m\u00e9dico no PAC de Mar\u00edn, porque no Nadal tam\u00e9n enfermamos e a Conseller\u00eda est\u00e1 precarizando un servizo vital para 24.000 persoas\u201d.\",\"datePublished\":\"2023-01-05T09:00:47+00:00\",\"mainEntityOfPage\":{\"@id\":\"https:\\\/\\\/www.anovapeneira.gal\\\/index.php\\\/2023\\\/01\\\/05\\\/a-plataforma-reclama-persoal-medico-no-pac-de-marin-porque-no-nadal-tamen-enfermamos-e-a-conselleria-esta-precarizando-un-servizo-vital-para-24-000-persoas\\\/\"},\"wordCount\":562,\"commentCount\":0,\"publisher\":{\"@id\":\"https:\\\/\\\/www.anovapeneira.gal\\\/#organization\"},\"image\":{\"@id\":\"https:\\\/\\\/www.anovapeneira.gal\\\/index.php\\\/2023\\\/01\\\/05\\\/a-plataforma-reclama-persoal-medico-no-pac-de-marin-porque-no-nadal-tamen-enfermamos-e-a-conselleria-esta-precarizando-un-servizo-vital-para-24-000-persoas\\\/#primaryimage\"},\"thumbnailUrl\":\"https:\\\/\\\/www.anovapeneira.gal\\\/wp-content\\\/uploads\\\/2022\\\/01\\\/sanidade_marin.jpg\",\"keywords\":[\"Concello de Mar\u00edn\"],\"articleSection\":[\"Morrazo\"],\"inLanguage\":\"gl-ES\",\"potentialAction\":[{\"@type\":\"CommentAction\",\"name\":\"Comment\",\"target\":[\"https:\\\/\\\/www.anovapeneira.gal\\\/index.php\\\/2023\\\/01\\\/05\\\/a-plataforma-reclama-persoal-medico-no-pac-de-marin-porque-no-nadal-tamen-enfermamos-e-a-conselleria-esta-precarizando-un-servizo-vital-para-24-000-persoas\\\/#respond\"]}]},{\"@type\":\"WebPage\",\"@id\":\"https:\\\/\\\/www.anovapeneira.gal\\\/index.php\\\/2023\\\/01\\\/05\\\/a-plataforma-reclama-persoal-medico-no-pac-de-marin-porque-no-nadal-tamen-enfermamos-e-a-conselleria-esta-precarizando-un-servizo-vital-para-24-000-persoas\\\/\",\"url\":\"https:\\\/\\\/www.anovapeneira.gal\\\/index.php\\\/2023\\\/01\\\/05\\\/a-plataforma-reclama-persoal-medico-no-pac-de-marin-porque-no-nadal-tamen-enfermamos-e-a-conselleria-esta-precarizando-un-servizo-vital-para-24-000-persoas\\\/\",\"name\":\"A Plataforma reclama \u201cpersoal m\u00e9dico no PAC de Mar\u00edn, porque no Nadal tam\u00e9n enfermamos e a Conseller\u00eda est\u00e1 precarizando un servizo vital para 24.000 persoas\u201d. -\",\"isPartOf\":{\"@id\":\"https:\\\/\\\/www.anovapeneira.gal\\\/#website\"},\"primaryImageOfPage\":{\"@id\":\"https:\\\/\\\/www.anovapeneira.gal\\\/index.php\\\/2023\\\/01\\\/05\\\/a-plataforma-reclama-persoal-medico-no-pac-de-marin-porque-no-nadal-tamen-enfermamos-e-a-conselleria-esta-precarizando-un-servizo-vital-para-24-000-persoas\\\/#primaryimage\"},\"image\":{\"@id\":\"https:\\\/\\\/www.anovapeneira.gal\\\/index.php\\\/2023\\\/01\\\/05\\\/a-plataforma-reclama-persoal-medico-no-pac-de-marin-porque-no-nadal-tamen-enfermamos-e-a-conselleria-esta-precarizando-un-servizo-vital-para-24-000-persoas\\\/#primaryimage\"},\"thumbnailUrl\":\"https:\\\/\\\/www.anovapeneira.gal\\\/wp-content\\\/uploads\\\/2022\\\/01\\\/sanidade_marin.jpg\",\"datePublished\":\"2023-01-05T09:00:47+00:00\",\"description\":\"\u201cA nosa vida sen persoal sanitario\u201d \u00e9 o concurso que impulsan dende a Plataforma para menores de 12 anos coa colaboraci\u00f3n das ANPAS e con premios donados polo comercio local marinense\",\"breadcrumb\":{\"@id\":\"https:\\\/\\\/www.anovapeneira.gal\\\/index.php\\\/2023\\\/01\\\/05\\\/a-plataforma-reclama-persoal-medico-no-pac-de-marin-porque-no-nadal-tamen-enfermamos-e-a-conselleria-esta-precarizando-un-servizo-vital-para-24-000-persoas\\\/#breadcrumb\"},\"inLanguage\":\"gl-ES\",\"potentialAction\":[{\"@type\":\"ReadAction\",\"target\":[\"https:\\\/\\\/www.anovapeneira.gal\\\/index.php\\\/2023\\\/01\\\/05\\\/a-plataforma-reclama-persoal-medico-no-pac-de-marin-porque-no-nadal-tamen-enfermamos-e-a-conselleria-esta-precarizando-un-servizo-vital-para-24-000-persoas\\\/\"]}]},{\"@type\":\"ImageObject\",\"inLanguage\":\"gl-ES\",\"@id\":\"https:\\\/\\\/www.anovapeneira.gal\\\/index.php\\\/2023\\\/01\\\/05\\\/a-plataforma-reclama-persoal-medico-no-pac-de-marin-porque-no-nadal-tamen-enfermamos-e-a-conselleria-esta-precarizando-un-servizo-vital-para-24-000-persoas\\\/#primaryimage\",\"url\":\"https:\\\/\\\/www.anovapeneira.gal\\\/wp-content\\\/uploads\\\/2022\\\/01\\\/sanidade_marin.jpg\",\"contentUrl\":\"https:\\\/\\\/www.anovapeneira.gal\\\/wp-content\\\/uploads\\\/2022\\\/01\\\/sanidade_marin.jpg\",\"width\":720,\"height\":432,\"caption\":\"falta de persoal m\u00e9dico para atender as urxencias no PAC de Mar\u00edn\"},{\"@type\":\"BreadcrumbList\",\"@id\":\"https:\\\/\\\/www.anovapeneira.gal\\\/index.php\\\/2023\\\/01\\\/05\\\/a-plataforma-reclama-persoal-medico-no-pac-de-marin-porque-no-nadal-tamen-enfermamos-e-a-conselleria-esta-precarizando-un-servizo-vital-para-24-000-persoas\\\/#breadcrumb\",\"itemListElement\":[{\"@type\":\"ListItem\",\"position\":1,\"name\":\"Portada\",\"item\":\"https:\\\/\\\/www.anovapeneira.gal\\\/\"},{\"@type\":\"ListItem\",\"position\":2,\"name\":\"A Plataforma reclama \u201cpersoal m\u00e9dico no PAC de Mar\u00edn, porque no Nadal tam\u00e9n enfermamos e a Conseller\u00eda est\u00e1 precarizando un servizo vital para 24.000 persoas\u201d.\"}]},{\"@type\":\"WebSite\",\"@id\":\"https:\\\/\\\/www.anovapeneira.gal\\\/#website\",\"url\":\"https:\\\/\\\/www.anovapeneira.gal\\\/\",\"name\":\"\",\"description\":\"Xornal galego de informaci\u00f3n xeral Publicaci\u00f3n mensual de novas de Galicia e en especial dos Concellos da sur da provincia de Pontevedra.\",\"publisher\":{\"@id\":\"https:\\\/\\\/www.anovapeneira.gal\\\/#organization\"},\"potentialAction\":[{\"@type\":\"SearchAction\",\"target\":{\"@type\":\"EntryPoint\",\"urlTemplate\":\"https:\\\/\\\/www.anovapeneira.gal\\\/?s={search_term_string}\"},\"query-input\":{\"@type\":\"PropertyValueSpecification\",\"valueRequired\":true,\"valueName\":\"search_term_string\"}}],\"inLanguage\":\"gl-ES\"},{\"@type\":\"Organization\",\"@id\":\"https:\\\/\\\/www.anovapeneira.gal\\\/#organization\",\"name\":\"A Nova Peneira\",\"url\":\"https:\\\/\\\/www.anovapeneira.gal\\\/\",\"logo\":{\"@type\":\"ImageObject\",\"inLanguage\":\"gl-ES\",\"@id\":\"https:\\\/\\\/www.anovapeneira.gal\\\/#\\\/schema\\\/logo\\\/image\\\/\",\"url\":\"http:\\\/\\\/www.anovapeneira.gal\\\/wp-content\\\/uploads\\\/2019\\\/06\\\/logo_a_nova_peneira_portal_web.png\",\"contentUrl\":\"http:\\\/\\\/www.anovapeneira.gal\\\/wp-content\\\/uploads\\\/2019\\\/06\\\/logo_a_nova_peneira_portal_web.png\",\"width\":300,\"height\":100,\"caption\":\"A Nova Peneira\"},\"image\":{\"@id\":\"https:\\\/\\\/www.anovapeneira.gal\\\/#\\\/schema\\\/logo\\\/image\\\/\"},\"sameAs\":[\"https:\\\/\\\/www.facebook.com\\\/anovapeneira\",\"https:\\\/\\\/x.com\\\/APeneira\"]},{\"@type\":\"Person\",\"@id\":\"https:\\\/\\\/www.anovapeneira.gal\\\/#\\\/schema\\\/person\\\/b93e3f8932e3f8da96334607eb6ac6aa\",\"name\":\"Redacci\u00f3n A Nova Peneira\",\"image\":{\"@type\":\"ImageObject\",\"inLanguage\":\"gl-ES\",\"@id\":\"https:\\\/\\\/secure.gravatar.com\\\/avatar\\\/c052a2551a06e23fac63626232eaa90abd78dbcf1700fc46a2b2c89fd27b735f?s=96&d=mm&r=g\",\"url\":\"https:\\\/\\\/secure.gravatar.com\\\/avatar\\\/c052a2551a06e23fac63626232eaa90abd78dbcf1700fc46a2b2c89fd27b735f?s=96&d=mm&r=g\",\"contentUrl\":\"https:\\\/\\\/secure.gravatar.com\\\/avatar\\\/c052a2551a06e23fac63626232eaa90abd78dbcf1700fc46a2b2c89fd27b735f?s=96&d=mm&r=g\",\"caption\":\"Redacci\u00f3n A Nova Peneira\"},\"sameAs\":[\"http:\\\/\\\/www.anovapeneira.gal\\\/\"],\"url\":\"https:\\\/\\\/www.anovapeneira.gal\\\/index.php\\\/author\\\/redactor\\\/\"}]}<\/script>\n<!-- \/ Yoast SEO plugin. -->","yoast_head_json":{"title":"A Plataforma reclama \u201cpersoal m\u00e9dico no PAC de Mar\u00edn, porque no Nadal tam\u00e9n enfermamos e a Conseller\u00eda est\u00e1 precarizando un servizo vital para 24.000 persoas\u201d. -","description":"\u201cA nosa vida sen persoal sanitario\u201d \u00e9 o concurso que impulsan dende a Plataforma para menores de 12 anos coa colaboraci\u00f3n das ANPAS e con premios donados polo comercio local marinense","robots":{"index":"index","follow":"follow","max-snippet":"max-snippet:-1","max-image-preview":"max-image-preview:large","max-video-preview":"max-video-preview:-1"},"canonical":"https:\/\/www.anovapeneira.gal\/index.php\/2023\/01\/05\/a-plataforma-reclama-persoal-medico-no-pac-de-marin-porque-no-nadal-tamen-enfermamos-e-a-conselleria-esta-precarizando-un-servizo-vital-para-24-000-persoas\/","og_locale":"gl_ES","og_type":"article","og_title":"A Plataforma reclama \u201cpersoal m\u00e9dico no PAC de Mar\u00edn, porque no Nadal tam\u00e9n enfermamos e a Conseller\u00eda est\u00e1 precarizando un servizo vital para 24.000 persoas\u201d. -","og_description":"\u201cA nosa vida sen persoal sanitario\u201d \u00e9 o concurso que impulsan dende a Plataforma para menores de 12 anos coa colaboraci\u00f3n das ANPAS e con premios donados polo comercio local marinense","og_url":"https:\/\/www.anovapeneira.gal\/index.php\/2023\/01\/05\/a-plataforma-reclama-persoal-medico-no-pac-de-marin-porque-no-nadal-tamen-enfermamos-e-a-conselleria-esta-precarizando-un-servizo-vital-para-24-000-persoas\/","article_publisher":"https:\/\/www.facebook.com\/anovapeneira","article_published_time":"2023-01-05T09:00:47+00:00","og_image":[{"width":720,"height":432,"url":"https:\/\/www.anovapeneira.gal\/wp-content\/uploads\/2022\/01\/sanidade_marin.jpg","type":"image\/jpeg"}],"author":"Redacci\u00f3n A Nova Peneira","twitter_card":"summary_large_image","twitter_creator":"@APeneira","twitter_site":"@APeneira","twitter_misc":{"Escrito por":"Redacci\u00f3n A Nova Peneira","Tempo de lectura":"3 minutos"},"schema":{"@context":"https:\/\/schema.org","@graph":[{"@type":"Article","@id":"https:\/\/www.anovapeneira.gal\/index.php\/2023\/01\/05\/a-plataforma-reclama-persoal-medico-no-pac-de-marin-porque-no-nadal-tamen-enfermamos-e-a-conselleria-esta-precarizando-un-servizo-vital-para-24-000-persoas\/#article","isPartOf":{"@id":"https:\/\/www.anovapeneira.gal\/index.php\/2023\/01\/05\/a-plataforma-reclama-persoal-medico-no-pac-de-marin-porque-no-nadal-tamen-enfermamos-e-a-conselleria-esta-precarizando-un-servizo-vital-para-24-000-persoas\/"},"author":{"name":"Redacci\u00f3n A Nova Peneira","@id":"https:\/\/www.anovapeneira.gal\/#\/schema\/person\/b93e3f8932e3f8da96334607eb6ac6aa"},"headline":"A Plataforma reclama \u201cpersoal m\u00e9dico no PAC de Mar\u00edn, porque no Nadal tam\u00e9n enfermamos e a Conseller\u00eda est\u00e1 precarizando un servizo vital para 24.000 persoas\u201d.","datePublished":"2023-01-05T09:00:47+00:00","mainEntityOfPage":{"@id":"https:\/\/www.anovapeneira.gal\/index.php\/2023\/01\/05\/a-plataforma-reclama-persoal-medico-no-pac-de-marin-porque-no-nadal-tamen-enfermamos-e-a-conselleria-esta-precarizando-un-servizo-vital-para-24-000-persoas\/"},"wordCount":562,"commentCount":0,"publisher":{"@id":"https:\/\/www.anovapeneira.gal\/#organization"},"image":{"@id":"https:\/\/www.anovapeneira.gal\/index.php\/2023\/01\/05\/a-plataforma-reclama-persoal-medico-no-pac-de-marin-porque-no-nadal-tamen-enfermamos-e-a-conselleria-esta-precarizando-un-servizo-vital-para-24-000-persoas\/#primaryimage"},"thumbnailUrl":"https:\/\/www.anovapeneira.gal\/wp-content\/uploads\/2022\/01\/sanidade_marin.jpg","keywords":["Concello de Mar\u00edn"],"articleSection":["Morrazo"],"inLanguage":"gl-ES","potentialAction":[{"@type":"CommentAction","name":"Comment","target":["https:\/\/www.anovapeneira.gal\/index.php\/2023\/01\/05\/a-plataforma-reclama-persoal-medico-no-pac-de-marin-porque-no-nadal-tamen-enfermamos-e-a-conselleria-esta-precarizando-un-servizo-vital-para-24-000-persoas\/#respond"]}]},{"@type":"WebPage","@id":"https:\/\/www.anovapeneira.gal\/index.php\/2023\/01\/05\/a-plataforma-reclama-persoal-medico-no-pac-de-marin-porque-no-nadal-tamen-enfermamos-e-a-conselleria-esta-precarizando-un-servizo-vital-para-24-000-persoas\/","url":"https:\/\/www.anovapeneira.gal\/index.php\/2023\/01\/05\/a-plataforma-reclama-persoal-medico-no-pac-de-marin-porque-no-nadal-tamen-enfermamos-e-a-conselleria-esta-precarizando-un-servizo-vital-para-24-000-persoas\/","name":"A Plataforma reclama \u201cpersoal m\u00e9dico no PAC de Mar\u00edn, porque no Nadal tam\u00e9n enfermamos e a Conseller\u00eda est\u00e1 precarizando un servizo vital para 24.000 persoas\u201d. -","isPartOf":{"@id":"https:\/\/www.anovapeneira.gal\/#website"},"primaryImageOfPage":{"@id":"https:\/\/www.anovapeneira.gal\/index.php\/2023\/01\/05\/a-plataforma-reclama-persoal-medico-no-pac-de-marin-porque-no-nadal-tamen-enfermamos-e-a-conselleria-esta-precarizando-un-servizo-vital-para-24-000-persoas\/#primaryimage"},"image":{"@id":"https:\/\/www.anovapeneira.gal\/index.php\/2023\/01\/05\/a-plataforma-reclama-persoal-medico-no-pac-de-marin-porque-no-nadal-tamen-enfermamos-e-a-conselleria-esta-precarizando-un-servizo-vital-para-24-000-persoas\/#primaryimage"},"thumbnailUrl":"https:\/\/www.anovapeneira.gal\/wp-content\/uploads\/2022\/01\/sanidade_marin.jpg","datePublished":"2023-01-05T09:00:47+00:00","description":"\u201cA nosa vida sen persoal sanitario\u201d \u00e9 o concurso que impulsan dende a Plataforma para menores de 12 anos coa colaboraci\u00f3n das ANPAS e con premios donados polo comercio local marinense","breadcrumb":{"@id":"https:\/\/www.anovapeneira.gal\/index.php\/2023\/01\/05\/a-plataforma-reclama-persoal-medico-no-pac-de-marin-porque-no-nadal-tamen-enfermamos-e-a-conselleria-esta-precarizando-un-servizo-vital-para-24-000-persoas\/#breadcrumb"},"inLanguage":"gl-ES","potentialAction":[{"@type":"ReadAction","target":["https:\/\/www.anovapeneira.gal\/index.php\/2023\/01\/05\/a-plataforma-reclama-persoal-medico-no-pac-de-marin-porque-no-nadal-tamen-enfermamos-e-a-conselleria-esta-precarizando-un-servizo-vital-para-24-000-persoas\/"]}]},{"@type":"ImageObject","inLanguage":"gl-ES","@id":"https:\/\/www.anovapeneira.gal\/index.php\/2023\/01\/05\/a-plataforma-reclama-persoal-medico-no-pac-de-marin-porque-no-nadal-tamen-enfermamos-e-a-conselleria-esta-precarizando-un-servizo-vital-para-24-000-persoas\/#primaryimage","url":"https:\/\/www.anovapeneira.gal\/wp-content\/uploads\/2022\/01\/sanidade_marin.jpg","contentUrl":"https:\/\/www.anovapeneira.gal\/wp-content\/uploads\/2022\/01\/sanidade_marin.jpg","width":720,"height":432,"caption":"falta de persoal m\u00e9dico para atender as urxencias no PAC de Mar\u00edn"},{"@type":"BreadcrumbList","@id":"https:\/\/www.anovapeneira.gal\/index.php\/2023\/01\/05\/a-plataforma-reclama-persoal-medico-no-pac-de-marin-porque-no-nadal-tamen-enfermamos-e-a-conselleria-esta-precarizando-un-servizo-vital-para-24-000-persoas\/#breadcrumb","itemListElement":[{"@type":"ListItem","position":1,"name":"Portada","item":"https:\/\/www.anovapeneira.gal\/"},{"@type":"ListItem","position":2,"name":"A Plataforma reclama \u201cpersoal m\u00e9dico no PAC de Mar\u00edn, porque no Nadal tam\u00e9n enfermamos e a Conseller\u00eda est\u00e1 precarizando un servizo vital para 24.000 persoas\u201d."}]},{"@type":"WebSite","@id":"https:\/\/www.anovapeneira.gal\/#website","url":"https:\/\/www.anovapeneira.gal\/","name":"","description":"Xornal galego de informaci\u00f3n xeral Publicaci\u00f3n mensual de novas de Galicia e en especial dos Concellos da sur da provincia de Pontevedra.","publisher":{"@id":"https:\/\/www.anovapeneira.gal\/#organization"},"potentialAction":[{"@type":"SearchAction","target":{"@type":"EntryPoint","urlTemplate":"https:\/\/www.anovapeneira.gal\/?s={search_term_string}"},"query-input":{"@type":"PropertyValueSpecification","valueRequired":true,"valueName":"search_term_string"}}],"inLanguage":"gl-ES"},{"@type":"Organization","@id":"https:\/\/www.anovapeneira.gal\/#organization","name":"A Nova Peneira","url":"https:\/\/www.anovapeneira.gal\/","logo":{"@type":"ImageObject","inLanguage":"gl-ES","@id":"https:\/\/www.anovapeneira.gal\/#\/schema\/logo\/image\/","url":"http:\/\/www.anovapeneira.gal\/wp-content\/uploads\/2019\/06\/logo_a_nova_peneira_portal_web.png","contentUrl":"http:\/\/www.anovapeneira.gal\/wp-content\/uploads\/2019\/06\/logo_a_nova_peneira_portal_web.png","width":300,"height":100,"caption":"A Nova Peneira"},"image":{"@id":"https:\/\/www.anovapeneira.gal\/#\/schema\/logo\/image\/"},"sameAs":["https:\/\/www.facebook.com\/anovapeneira","https:\/\/x.com\/APeneira"]},{"@type":"Person","@id":"https:\/\/www.anovapeneira.gal\/#\/schema\/person\/b93e3f8932e3f8da96334607eb6ac6aa","name":"Redacci\u00f3n A Nova Peneira","image":{"@type":"ImageObject","inLanguage":"gl-ES","@id":"https:\/\/secure.gravatar.com\/avatar\/c052a2551a06e23fac63626232eaa90abd78dbcf1700fc46a2b2c89fd27b735f?s=96&d=mm&r=g","url":"https:\/\/secure.gravatar.com\/avatar\/c052a2551a06e23fac63626232eaa90abd78dbcf1700fc46a2b2c89fd27b735f?s=96&d=mm&r=g","contentUrl":"https:\/\/secure.gravatar.com\/avatar\/c052a2551a06e23fac63626232eaa90abd78dbcf1700fc46a2b2c89fd27b735f?s=96&d=mm&r=g","caption":"Redacci\u00f3n A Nova Peneira"},"sameAs":["http:\/\/www.anovapeneira.gal\/"],"url":"https:\/\/www.anovapeneira.gal\/index.php\/author\/redactor\/"}]}},"jetpack_featured_media_url":"https:\/\/www.anovapeneira.gal\/wp-content\/uploads\/2022\/01\/sanidade_marin.jpg","_links":{"self":[{"href":"https:\/\/www.anovapeneira.gal\/index.php\/wp-json\/wp\/v2\/posts\/8874","targetHints":{"allow":["GET"]}}],"collection":[{"href":"https:\/\/www.anovapeneira.gal\/index.php\/wp-json\/wp\/v2\/posts"}],"about":[{"href":"https:\/\/www.anovapeneira.gal\/index.php\/wp-json\/wp\/v2\/types\/post"}],"author":[{"embeddable":true,"href":"https:\/\/www.anovapeneira.gal\/index.php\/wp-json\/wp\/v2\/users\/3"}],"replies":[{"embeddable":true,"href":"https:\/\/www.anovapeneira.gal\/index.php\/wp-json\/wp\/v2\/comments?post=8874"}],"version-history":[{"count":1,"href":"https:\/\/www.anovapeneira.gal\/index.php\/wp-json\/wp\/v2\/posts\/8874\/revisions"}],"predecessor-version":[{"id":8875,"href":"https:\/\/www.anovapeneira.gal\/index.php\/wp-json\/wp\/v2\/posts\/8874\/revisions\/8875"}],"wp:featuredmedia":[{"embeddable":true,"href":"https:\/\/www.anovapeneira.gal\/index.php\/wp-json\/wp\/v2\/media\/6743"}],"wp:attachment":[{"href":"https:\/\/www.anovapeneira.gal\/index.php\/wp-json\/wp\/v2\/media?parent=8874"}],"wp:term":[{"taxonomy":"category","embeddable":true,"href":"https:\/\/www.anovapeneira.gal\/index.php\/wp-json\/wp\/v2\/categories?post=8874"},{"taxonomy":"post_tag","embeddable":true,"href":"https:\/\/www.anovapeneira.gal\/index.php\/wp-json\/wp\/v2\/tags?post=8874"}],"curies":[{"name":"wp","href":"https:\/\/api.w.org\/{rel}","templated":true}]}}