{"id":8876,"date":"2023-01-05T12:00:19","date_gmt":"2023-01-05T11:00:19","guid":{"rendered":"https:\/\/www.anovapeneira.gal\/?p=8876"},"modified":"2023-01-03T12:06:46","modified_gmt":"2023-01-03T11:06:46","slug":"entidades-ecoloxistas-piden-a-xunta-frear-as-instalacions-eolicas-a-beira-da-serra-de-carba-e-da-serra-do-xistral","status":"publish","type":"post","link":"https:\/\/www.anovapeneira.gal\/index.php\/2023\/01\/05\/entidades-ecoloxistas-piden-a-xunta-frear-as-instalacions-eolicas-a-beira-da-serra-de-carba-e-da-serra-do-xistral\/","title":{"rendered":"Entidades ecoloxistas piden \u00e1 xunta frear as instalaci\u00f3ns e\u00f3licas a beira da Serra de Carba e da Serra do Xistral"},"content":{"rendered":"\n<h2 class=\"wp-block-heading\">Entidades ecoloxistas piden \u00e1 Xunta frear a instalaci\u00f3n de estaci\u00f3ns e\u00f3licas \u00e1 beira da Serra de Carba e da Serra do Xistral para non continuar coa presi\u00f3n e\u00f3lica excesiva sobre os espazos protexidos e de alto valor ambiental<\/h2>\n\n\n\n<ul class=\"wp-block-list\"><li>Xa son m\u00e1is de 1.392 AEROXERADORES + 209, 11 QM DE LI\u00d1AS EL\u00c9CTRICAS as instaladas en espazos da Rede Natura 2000 ou pr\u00f3ximos a esta, como est\u00e1 a acontecer arestora con proxectos e\u00f3licos en tramitaci\u00f3n como o proxecto Escoiras, o proxecto H\u00e9potas II ou o proxecto Ourol II.<\/li><\/ul>\n\n\n\n<ul class=\"wp-block-list\"><li>Instan tam\u00e9n a Xunta \u00e1 ir desmandelando aqueles parques e\u00f3licos que xa est\u00e1n a agotar a s\u00faa vida \u00fatil para eliminar a excesiva presi\u00f3n e\u00f3lica que sofre a Serra do Xistral e a Serra da Carba.<\/li><\/ul>\n\n\n\n<p>Case que desde calquer punto da Serra do Xistral p\u00f3dese ver ao redor de 651 aeroxeradores. \u00c9 tal o grao de presi\u00f3n e\u00f3lica e da afecci\u00f3n urban\u00edstica sobre os humedais e as turbeiras que \u00e9 moi probable que non se garanta a conectividade ecol\u00f3xica.<\/p>\n\n\n\n<p>As afecci\u00f3ns est\u00e9ndese \u00e1 Reserva da Biosfera Terras do Mi\u00f1o, onde hai proxectos e\u00f3licos en tramitaci\u00f3n sobre a zona tamp\u00f3n, como o proxecto e\u00f3lico H\u00e9potas II (ampliaci\u00f3n do H\u00e9potas xa instalado).<\/p>\n\n\n\n<p>A meirande parte dos proxectos e\u00f3licos prev\u00e9n o seu desarrollo sobre masas de auga soterradas (c\u00f3digo ES014MSBT014-015 \u201cORTEGAL \u2013 A MARI\u00d1A) e sobre Zonas protexidas de augas potables como o proxecto e\u00f3lico H\u00e9potas II ou o Escoiras. Existe unha afecci\u00f3n severa a humedais como o Humedal \u201cTremoal da Ga\u00f1idoira\u201d (c\u00f3digo IGH: 1120039), pertencente ao \u201cComplexo de turbeiras e brezais do Xistral \u2013 14\u201d; e ao Humedal \u201cBra\u00f1as do Porto da Ga\u00f1idoira\u201d (c\u00f3digo IGH: 1120099), pertencente ao \u201cComplexo de turbeiras e brezais da Serra do Xistral \u2013 13\u201d por parte de proxectos e\u00f3licos en tramitaci\u00f3n como o proxecto e\u00f3lico H\u00e9potas II.<\/p>\n\n\n\n<p>Ademais periga a necesaria coherencia da Rede Natura e a afecci\u00f3n est\u00e9ndese a outros espazos protexidos como o R\u00edo Landro, o R\u00edo Ouro, Monte Maior, Ortigueira -Mera, Estaca de Bares e a Costa da Mari\u00f1a Occidental, estas duas \u00faltimas m\u00e1is distantes pero que tam\u00e9n sofren o acusado impacto paisax\u00edstico e visual da acumulaci\u00f3n de estaci\u00f3ns e\u00f3licas.<\/p>\n\n\n\n<p>Desde todos os miradores da entorna se ven aeroxeradores. \u00c9 de tal envergadura a presi\u00f3n e\u00f3lica existente que os miradores non cumplen coa s\u00faa finalidade paisax\u00edstica e de recreo. Se se contin\u00faa implantando aeroxeradores o Fe\u00edsmo paisax\u00edstico continuar\u00e1 acrecent\u00e1ndose. A fragmentaci\u00f3n da paisaxe \u00e9 manifesta en miradoiros como O Castelo, a Cima de Cuadram\u00f3n, o Alto da Curuxeira, o Miradoiro da Ga\u00f1idoira, o Alto da Pena Cadela, a Cima do Xistral, o Alto do Caxado, o Alto da Faladoira, o Alto do Lomo Gordo, o Mirador Go\u00eda -Pe\u00f1ote, o Mirador de Manzoi o Mirador de Ambosores, \u2026etc.<\/p>\n\n\n\n<p>Por outra banda, isto conducir\u00eda \u00e1 progresiva descatalogaci\u00f3n de espazos catalogados no seu d\u00eda como \u00c1reas de Especial Inter\u00e9s Paisax\u00edstico (AEIP), precisamente pola beleza paisax\u00edstica da que eran merecedores neste momento. Hoxe en d\u00eda, co ac\u00famulo de estaci\u00f3ns e\u00f3licas, a funci\u00f3n paisax\u00edstica e de recreo comeza a ser cuestionada. A afecci\u00f3n paisax\u00edstica xera un acusado FE\u00cdSMO PAISAX\u00cdSTICO sen paranc\u00f3n. As\u00ed espazos como Serra da Cabra (AEIP_03_01), Fraga da Carballeira (AEIP_11_10), Fragas das Esqueiras (AEIP_11_04), Fraga de Ambosores-Alto Sor (AEIP_11_08), A Serra do Xistral (AEIP_11_11), A Caxigueira-Fervenzas do Escouridal (AEIP_11_12), R\u00edo Landro (AEIP_11_05), Monseivane (AEIP_03_02), Pozo da Ferida (AEIP_11_06), Serra da Toxiza, Tronceda-Fragavella (AEIP_11_13) est\u00e1n a sofrir as consecuencias da excesiva fragmentaci\u00f3n e a perda da necesaria conectividade ecol\u00f3xica.<\/p>\n\n\n\n<p>Por outra banda, os antigos carreiros e v\u00edas pecuarias s\u00f3 se ven por parte das promotoras e\u00f3licas e da propia Xunta como \u201cvieiros a acondicionar\u201d obviando a s\u00faa funci\u00f3n ecosist\u00e9mica fundamental como corredor ecol\u00f3xico e zona de fluxo de especies e de intercambio xen\u00e9tico.<\/p>\n\n\n\n<p>A pol\u00edtica e\u00f3lica da Xunta \u00e9 un erro garrafal e \u00e9 moi reprochable o que est\u00e1 a facer de forma consciente: burlar a normativa de protecci\u00f3n do medio para po\u00f1ela ao servizo dos intereses do lobby enerx\u00e9tico, nun pa\u00eds onde s\u00f3 se<\/p>\n\n\n\n<p>fomentan as estaci\u00f3ns e\u00f3licas e as plantaci\u00f3ns de eucaliptus, e o benestar dos ecosistemas e das persoas est\u00e1 en serio declive.<\/p>\n\n\n\n<p>C\u00f3mpre frear o desprop\u00f3sito da pol\u00edtica e\u00f3lica da Xunta e comezar a desmantelar os parques e\u00f3licos das Serras da Carba e do Xistral que xa se achen ao fin da s\u00faa vida \u00fatil.<\/p>\n\n\n\n<p>Ach\u00e9gase un ANEXO onde se indican con coordenadas todos os aeroxeradores que hai na \u00e1rea da Serra de Carba, na Serra do Xistral e arredores.<\/p>\n\n\n\n<p>Asinan: Asociaci\u00f3n Ecoloxistas en Acci\u00f3n Galiza, Asociaci\u00f3n Pet\u00f3n do Lobo e Asociaci\u00f3n Cova Crea .<\/p>\n","protected":false},"excerpt":{"rendered":"<div class=\"mh-excerpt\"><p>Entidades ecoloxistas piden \u00e1 Xunta frear a instalaci\u00f3n de estaci\u00f3ns e\u00f3licas \u00e1 beira da Serra de Carba e da Serra do Xistral para non continuar coa presi\u00f3n e\u00f3lica excesiva sobre os espazos protexidos e de alto valor ambiental <a class=\"mh-excerpt-more\" href=\"https:\/\/www.anovapeneira.gal\/index.php\/2023\/01\/05\/entidades-ecoloxistas-piden-a-xunta-frear-as-instalacions-eolicas-a-beira-da-serra-de-carba-e-da-serra-do-xistral\/\" title=\"Entidades ecoloxistas piden \u00e1 xunta frear as instalaci\u00f3ns e\u00f3licas a beira da Serra de Carba e da Serra do Xistral\">[&#8230;]<\/a><\/p>\n<\/div>","protected":false},"author":3,"featured_media":4347,"comment_status":"open","ping_status":"open","sticky":false,"template":"","format":"standard","meta":{"_exactmetrics_skip_tracking":false,"_exactmetrics_sitenote_active":false,"_exactmetrics_sitenote_note":"","_exactmetrics_sitenote_category":0,"footnotes":""},"categories":[263],"tags":[902],"class_list":{"0":"post-8876","1":"post","2":"type-post","3":"status-publish","4":"format-standard","5":"has-post-thumbnail","7":"category-novas","8":"tag-ecoloxia"},"yoast_head":"<!-- This site is optimized with the Yoast SEO plugin v27.4 - https:\/\/yoast.com\/product\/yoast-seo-wordpress\/ -->\n<title>Entidades ecoloxistas piden \u00e1 xunta frear as instalaci\u00f3ns e\u00f3licas a beira da Serra de Carba e da Serra do Xistral -<\/title>\n<meta name=\"description\" content=\"Entidades ecoloxistas piden \u00e1 Xunta frear a instalaci\u00f3n de estaci\u00f3ns e\u00f3licas \u00e1 beira da Serra de Carba e da Serra do Xistral para non continuar coa presi\u00f3n e\u00f3lica excesiva sobre os espazos protexidos e de alto valor ambiental\" \/>\n<meta name=\"robots\" content=\"index, follow, max-snippet:-1, max-image-preview:large, max-video-preview:-1\" \/>\n<link rel=\"canonical\" href=\"https:\/\/www.anovapeneira.gal\/index.php\/2023\/01\/05\/entidades-ecoloxistas-piden-a-xunta-frear-as-instalacions-eolicas-a-beira-da-serra-de-carba-e-da-serra-do-xistral\/\" \/>\n<meta property=\"og:locale\" content=\"gl_ES\" \/>\n<meta property=\"og:type\" content=\"article\" \/>\n<meta property=\"og:title\" content=\"Entidades ecoloxistas piden \u00e1 xunta frear as instalaci\u00f3ns e\u00f3licas a beira da Serra de Carba e da Serra do Xistral -\" \/>\n<meta property=\"og:description\" content=\"Entidades ecoloxistas piden \u00e1 Xunta frear a instalaci\u00f3n de estaci\u00f3ns e\u00f3licas \u00e1 beira da Serra de Carba e da Serra do Xistral para non continuar coa presi\u00f3n e\u00f3lica excesiva sobre os espazos protexidos e de alto valor ambiental\" \/>\n<meta property=\"og:url\" content=\"https:\/\/www.anovapeneira.gal\/index.php\/2023\/01\/05\/entidades-ecoloxistas-piden-a-xunta-frear-as-instalacions-eolicas-a-beira-da-serra-de-carba-e-da-serra-do-xistral\/\" \/>\n<meta property=\"article:publisher\" content=\"https:\/\/www.facebook.com\/anovapeneira\" \/>\n<meta property=\"article:published_time\" content=\"2023-01-05T11:00:19+00:00\" \/>\n<meta property=\"og:image\" content=\"https:\/\/www.anovapeneira.gal\/wp-content\/uploads\/2020\/11\/parque_eolico_a_nova_peneira.jpg\" \/>\n\t<meta property=\"og:image:width\" content=\"720\" \/>\n\t<meta property=\"og:image:height\" content=\"432\" \/>\n\t<meta property=\"og:image:type\" content=\"image\/jpeg\" \/>\n<meta name=\"author\" content=\"Redacci\u00f3n A Nova Peneira\" \/>\n<meta name=\"twitter:card\" content=\"summary_large_image\" \/>\n<meta name=\"twitter:creator\" content=\"@APeneira\" \/>\n<meta name=\"twitter:site\" content=\"@APeneira\" \/>\n<meta name=\"twitter:label1\" content=\"Escrito por\" \/>\n\t<meta name=\"twitter:data1\" content=\"Redacci\u00f3n A Nova Peneira\" \/>\n\t<meta name=\"twitter:label2\" content=\"Tempo de lectura\" \/>\n\t<meta name=\"twitter:data2\" content=\"5 minutos\" \/>\n<script type=\"application\/ld+json\" class=\"yoast-schema-graph\">{\"@context\":\"https:\\\/\\\/schema.org\",\"@graph\":[{\"@type\":\"Article\",\"@id\":\"https:\\\/\\\/www.anovapeneira.gal\\\/index.php\\\/2023\\\/01\\\/05\\\/entidades-ecoloxistas-piden-a-xunta-frear-as-instalacions-eolicas-a-beira-da-serra-de-carba-e-da-serra-do-xistral\\\/#article\",\"isPartOf\":{\"@id\":\"https:\\\/\\\/www.anovapeneira.gal\\\/index.php\\\/2023\\\/01\\\/05\\\/entidades-ecoloxistas-piden-a-xunta-frear-as-instalacions-eolicas-a-beira-da-serra-de-carba-e-da-serra-do-xistral\\\/\"},\"author\":{\"name\":\"Redacci\u00f3n A Nova Peneira\",\"@id\":\"https:\\\/\\\/www.anovapeneira.gal\\\/#\\\/schema\\\/person\\\/b93e3f8932e3f8da96334607eb6ac6aa\"},\"headline\":\"Entidades ecoloxistas piden \u00e1 xunta frear as instalaci\u00f3ns e\u00f3licas a beira da Serra de Carba e da Serra do Xistral\",\"datePublished\":\"2023-01-05T11:00:19+00:00\",\"mainEntityOfPage\":{\"@id\":\"https:\\\/\\\/www.anovapeneira.gal\\\/index.php\\\/2023\\\/01\\\/05\\\/entidades-ecoloxistas-piden-a-xunta-frear-as-instalacions-eolicas-a-beira-da-serra-de-carba-e-da-serra-do-xistral\\\/\"},\"wordCount\":869,\"commentCount\":0,\"publisher\":{\"@id\":\"https:\\\/\\\/www.anovapeneira.gal\\\/#organization\"},\"image\":{\"@id\":\"https:\\\/\\\/www.anovapeneira.gal\\\/index.php\\\/2023\\\/01\\\/05\\\/entidades-ecoloxistas-piden-a-xunta-frear-as-instalacions-eolicas-a-beira-da-serra-de-carba-e-da-serra-do-xistral\\\/#primaryimage\"},\"thumbnailUrl\":\"https:\\\/\\\/www.anovapeneira.gal\\\/wp-content\\\/uploads\\\/2020\\\/11\\\/parque_eolico_a_nova_peneira.jpg\",\"keywords\":[\"Ecolox\u00eda\"],\"articleSection\":[\"Novas\"],\"inLanguage\":\"gl-ES\",\"potentialAction\":[{\"@type\":\"CommentAction\",\"name\":\"Comment\",\"target\":[\"https:\\\/\\\/www.anovapeneira.gal\\\/index.php\\\/2023\\\/01\\\/05\\\/entidades-ecoloxistas-piden-a-xunta-frear-as-instalacions-eolicas-a-beira-da-serra-de-carba-e-da-serra-do-xistral\\\/#respond\"]}]},{\"@type\":\"WebPage\",\"@id\":\"https:\\\/\\\/www.anovapeneira.gal\\\/index.php\\\/2023\\\/01\\\/05\\\/entidades-ecoloxistas-piden-a-xunta-frear-as-instalacions-eolicas-a-beira-da-serra-de-carba-e-da-serra-do-xistral\\\/\",\"url\":\"https:\\\/\\\/www.anovapeneira.gal\\\/index.php\\\/2023\\\/01\\\/05\\\/entidades-ecoloxistas-piden-a-xunta-frear-as-instalacions-eolicas-a-beira-da-serra-de-carba-e-da-serra-do-xistral\\\/\",\"name\":\"Entidades ecoloxistas piden \u00e1 xunta frear as instalaci\u00f3ns e\u00f3licas a beira da Serra de Carba e da Serra do Xistral -\",\"isPartOf\":{\"@id\":\"https:\\\/\\\/www.anovapeneira.gal\\\/#website\"},\"primaryImageOfPage\":{\"@id\":\"https:\\\/\\\/www.anovapeneira.gal\\\/index.php\\\/2023\\\/01\\\/05\\\/entidades-ecoloxistas-piden-a-xunta-frear-as-instalacions-eolicas-a-beira-da-serra-de-carba-e-da-serra-do-xistral\\\/#primaryimage\"},\"image\":{\"@id\":\"https:\\\/\\\/www.anovapeneira.gal\\\/index.php\\\/2023\\\/01\\\/05\\\/entidades-ecoloxistas-piden-a-xunta-frear-as-instalacions-eolicas-a-beira-da-serra-de-carba-e-da-serra-do-xistral\\\/#primaryimage\"},\"thumbnailUrl\":\"https:\\\/\\\/www.anovapeneira.gal\\\/wp-content\\\/uploads\\\/2020\\\/11\\\/parque_eolico_a_nova_peneira.jpg\",\"datePublished\":\"2023-01-05T11:00:19+00:00\",\"description\":\"Entidades ecoloxistas piden \u00e1 Xunta frear a instalaci\u00f3n de estaci\u00f3ns e\u00f3licas \u00e1 beira da Serra de Carba e da Serra do Xistral para non continuar coa presi\u00f3n e\u00f3lica excesiva sobre os espazos protexidos e de alto valor ambiental\",\"breadcrumb\":{\"@id\":\"https:\\\/\\\/www.anovapeneira.gal\\\/index.php\\\/2023\\\/01\\\/05\\\/entidades-ecoloxistas-piden-a-xunta-frear-as-instalacions-eolicas-a-beira-da-serra-de-carba-e-da-serra-do-xistral\\\/#breadcrumb\"},\"inLanguage\":\"gl-ES\",\"potentialAction\":[{\"@type\":\"ReadAction\",\"target\":[\"https:\\\/\\\/www.anovapeneira.gal\\\/index.php\\\/2023\\\/01\\\/05\\\/entidades-ecoloxistas-piden-a-xunta-frear-as-instalacions-eolicas-a-beira-da-serra-de-carba-e-da-serra-do-xistral\\\/\"]}]},{\"@type\":\"ImageObject\",\"inLanguage\":\"gl-ES\",\"@id\":\"https:\\\/\\\/www.anovapeneira.gal\\\/index.php\\\/2023\\\/01\\\/05\\\/entidades-ecoloxistas-piden-a-xunta-frear-as-instalacions-eolicas-a-beira-da-serra-de-carba-e-da-serra-do-xistral\\\/#primaryimage\",\"url\":\"https:\\\/\\\/www.anovapeneira.gal\\\/wp-content\\\/uploads\\\/2020\\\/11\\\/parque_eolico_a_nova_peneira.jpg\",\"contentUrl\":\"https:\\\/\\\/www.anovapeneira.gal\\\/wp-content\\\/uploads\\\/2020\\\/11\\\/parque_eolico_a_nova_peneira.jpg\",\"width\":720,\"height\":432,\"caption\":\"Aldeas con horizonte\"},{\"@type\":\"BreadcrumbList\",\"@id\":\"https:\\\/\\\/www.anovapeneira.gal\\\/index.php\\\/2023\\\/01\\\/05\\\/entidades-ecoloxistas-piden-a-xunta-frear-as-instalacions-eolicas-a-beira-da-serra-de-carba-e-da-serra-do-xistral\\\/#breadcrumb\",\"itemListElement\":[{\"@type\":\"ListItem\",\"position\":1,\"name\":\"Portada\",\"item\":\"https:\\\/\\\/www.anovapeneira.gal\\\/\"},{\"@type\":\"ListItem\",\"position\":2,\"name\":\"Entidades ecoloxistas piden \u00e1 xunta frear as instalaci\u00f3ns e\u00f3licas a beira da Serra de Carba e da Serra do Xistral\"}]},{\"@type\":\"WebSite\",\"@id\":\"https:\\\/\\\/www.anovapeneira.gal\\\/#website\",\"url\":\"https:\\\/\\\/www.anovapeneira.gal\\\/\",\"name\":\"\",\"description\":\"Xornal galego de informaci\u00f3n xeral Publicaci\u00f3n mensual de novas de Galicia e en especial dos Concellos da sur da provincia de Pontevedra.\",\"publisher\":{\"@id\":\"https:\\\/\\\/www.anovapeneira.gal\\\/#organization\"},\"potentialAction\":[{\"@type\":\"SearchAction\",\"target\":{\"@type\":\"EntryPoint\",\"urlTemplate\":\"https:\\\/\\\/www.anovapeneira.gal\\\/?s={search_term_string}\"},\"query-input\":{\"@type\":\"PropertyValueSpecification\",\"valueRequired\":true,\"valueName\":\"search_term_string\"}}],\"inLanguage\":\"gl-ES\"},{\"@type\":\"Organization\",\"@id\":\"https:\\\/\\\/www.anovapeneira.gal\\\/#organization\",\"name\":\"A Nova Peneira\",\"url\":\"https:\\\/\\\/www.anovapeneira.gal\\\/\",\"logo\":{\"@type\":\"ImageObject\",\"inLanguage\":\"gl-ES\",\"@id\":\"https:\\\/\\\/www.anovapeneira.gal\\\/#\\\/schema\\\/logo\\\/image\\\/\",\"url\":\"http:\\\/\\\/www.anovapeneira.gal\\\/wp-content\\\/uploads\\\/2019\\\/06\\\/logo_a_nova_peneira_portal_web.png\",\"contentUrl\":\"http:\\\/\\\/www.anovapeneira.gal\\\/wp-content\\\/uploads\\\/2019\\\/06\\\/logo_a_nova_peneira_portal_web.png\",\"width\":300,\"height\":100,\"caption\":\"A Nova Peneira\"},\"image\":{\"@id\":\"https:\\\/\\\/www.anovapeneira.gal\\\/#\\\/schema\\\/logo\\\/image\\\/\"},\"sameAs\":[\"https:\\\/\\\/www.facebook.com\\\/anovapeneira\",\"https:\\\/\\\/x.com\\\/APeneira\"]},{\"@type\":\"Person\",\"@id\":\"https:\\\/\\\/www.anovapeneira.gal\\\/#\\\/schema\\\/person\\\/b93e3f8932e3f8da96334607eb6ac6aa\",\"name\":\"Redacci\u00f3n A Nova Peneira\",\"image\":{\"@type\":\"ImageObject\",\"inLanguage\":\"gl-ES\",\"@id\":\"https:\\\/\\\/secure.gravatar.com\\\/avatar\\\/c052a2551a06e23fac63626232eaa90abd78dbcf1700fc46a2b2c89fd27b735f?s=96&d=mm&r=g\",\"url\":\"https:\\\/\\\/secure.gravatar.com\\\/avatar\\\/c052a2551a06e23fac63626232eaa90abd78dbcf1700fc46a2b2c89fd27b735f?s=96&d=mm&r=g\",\"contentUrl\":\"https:\\\/\\\/secure.gravatar.com\\\/avatar\\\/c052a2551a06e23fac63626232eaa90abd78dbcf1700fc46a2b2c89fd27b735f?s=96&d=mm&r=g\",\"caption\":\"Redacci\u00f3n A Nova Peneira\"},\"sameAs\":[\"http:\\\/\\\/www.anovapeneira.gal\\\/\"],\"url\":\"https:\\\/\\\/www.anovapeneira.gal\\\/index.php\\\/author\\\/redactor\\\/\"}]}<\/script>\n<!-- \/ Yoast SEO plugin. -->","yoast_head_json":{"title":"Entidades ecoloxistas piden \u00e1 xunta frear as instalaci\u00f3ns e\u00f3licas a beira da Serra de Carba e da Serra do Xistral -","description":"Entidades ecoloxistas piden \u00e1 Xunta frear a instalaci\u00f3n de estaci\u00f3ns e\u00f3licas \u00e1 beira da Serra de Carba e da Serra do Xistral para non continuar coa presi\u00f3n e\u00f3lica excesiva sobre os espazos protexidos e de alto valor ambiental","robots":{"index":"index","follow":"follow","max-snippet":"max-snippet:-1","max-image-preview":"max-image-preview:large","max-video-preview":"max-video-preview:-1"},"canonical":"https:\/\/www.anovapeneira.gal\/index.php\/2023\/01\/05\/entidades-ecoloxistas-piden-a-xunta-frear-as-instalacions-eolicas-a-beira-da-serra-de-carba-e-da-serra-do-xistral\/","og_locale":"gl_ES","og_type":"article","og_title":"Entidades ecoloxistas piden \u00e1 xunta frear as instalaci\u00f3ns e\u00f3licas a beira da Serra de Carba e da Serra do Xistral -","og_description":"Entidades ecoloxistas piden \u00e1 Xunta frear a instalaci\u00f3n de estaci\u00f3ns e\u00f3licas \u00e1 beira da Serra de Carba e da Serra do Xistral para non continuar coa presi\u00f3n e\u00f3lica excesiva sobre os espazos protexidos e de alto valor ambiental","og_url":"https:\/\/www.anovapeneira.gal\/index.php\/2023\/01\/05\/entidades-ecoloxistas-piden-a-xunta-frear-as-instalacions-eolicas-a-beira-da-serra-de-carba-e-da-serra-do-xistral\/","article_publisher":"https:\/\/www.facebook.com\/anovapeneira","article_published_time":"2023-01-05T11:00:19+00:00","og_image":[{"width":720,"height":432,"url":"https:\/\/www.anovapeneira.gal\/wp-content\/uploads\/2020\/11\/parque_eolico_a_nova_peneira.jpg","type":"image\/jpeg"}],"author":"Redacci\u00f3n A Nova Peneira","twitter_card":"summary_large_image","twitter_creator":"@APeneira","twitter_site":"@APeneira","twitter_misc":{"Escrito por":"Redacci\u00f3n A Nova Peneira","Tempo de lectura":"5 minutos"},"schema":{"@context":"https:\/\/schema.org","@graph":[{"@type":"Article","@id":"https:\/\/www.anovapeneira.gal\/index.php\/2023\/01\/05\/entidades-ecoloxistas-piden-a-xunta-frear-as-instalacions-eolicas-a-beira-da-serra-de-carba-e-da-serra-do-xistral\/#article","isPartOf":{"@id":"https:\/\/www.anovapeneira.gal\/index.php\/2023\/01\/05\/entidades-ecoloxistas-piden-a-xunta-frear-as-instalacions-eolicas-a-beira-da-serra-de-carba-e-da-serra-do-xistral\/"},"author":{"name":"Redacci\u00f3n A Nova Peneira","@id":"https:\/\/www.anovapeneira.gal\/#\/schema\/person\/b93e3f8932e3f8da96334607eb6ac6aa"},"headline":"Entidades ecoloxistas piden \u00e1 xunta frear as instalaci\u00f3ns e\u00f3licas a beira da Serra de Carba e da Serra do Xistral","datePublished":"2023-01-05T11:00:19+00:00","mainEntityOfPage":{"@id":"https:\/\/www.anovapeneira.gal\/index.php\/2023\/01\/05\/entidades-ecoloxistas-piden-a-xunta-frear-as-instalacions-eolicas-a-beira-da-serra-de-carba-e-da-serra-do-xistral\/"},"wordCount":869,"commentCount":0,"publisher":{"@id":"https:\/\/www.anovapeneira.gal\/#organization"},"image":{"@id":"https:\/\/www.anovapeneira.gal\/index.php\/2023\/01\/05\/entidades-ecoloxistas-piden-a-xunta-frear-as-instalacions-eolicas-a-beira-da-serra-de-carba-e-da-serra-do-xistral\/#primaryimage"},"thumbnailUrl":"https:\/\/www.anovapeneira.gal\/wp-content\/uploads\/2020\/11\/parque_eolico_a_nova_peneira.jpg","keywords":["Ecolox\u00eda"],"articleSection":["Novas"],"inLanguage":"gl-ES","potentialAction":[{"@type":"CommentAction","name":"Comment","target":["https:\/\/www.anovapeneira.gal\/index.php\/2023\/01\/05\/entidades-ecoloxistas-piden-a-xunta-frear-as-instalacions-eolicas-a-beira-da-serra-de-carba-e-da-serra-do-xistral\/#respond"]}]},{"@type":"WebPage","@id":"https:\/\/www.anovapeneira.gal\/index.php\/2023\/01\/05\/entidades-ecoloxistas-piden-a-xunta-frear-as-instalacions-eolicas-a-beira-da-serra-de-carba-e-da-serra-do-xistral\/","url":"https:\/\/www.anovapeneira.gal\/index.php\/2023\/01\/05\/entidades-ecoloxistas-piden-a-xunta-frear-as-instalacions-eolicas-a-beira-da-serra-de-carba-e-da-serra-do-xistral\/","name":"Entidades ecoloxistas piden \u00e1 xunta frear as instalaci\u00f3ns e\u00f3licas a beira da Serra de Carba e da Serra do Xistral -","isPartOf":{"@id":"https:\/\/www.anovapeneira.gal\/#website"},"primaryImageOfPage":{"@id":"https:\/\/www.anovapeneira.gal\/index.php\/2023\/01\/05\/entidades-ecoloxistas-piden-a-xunta-frear-as-instalacions-eolicas-a-beira-da-serra-de-carba-e-da-serra-do-xistral\/#primaryimage"},"image":{"@id":"https:\/\/www.anovapeneira.gal\/index.php\/2023\/01\/05\/entidades-ecoloxistas-piden-a-xunta-frear-as-instalacions-eolicas-a-beira-da-serra-de-carba-e-da-serra-do-xistral\/#primaryimage"},"thumbnailUrl":"https:\/\/www.anovapeneira.gal\/wp-content\/uploads\/2020\/11\/parque_eolico_a_nova_peneira.jpg","datePublished":"2023-01-05T11:00:19+00:00","description":"Entidades ecoloxistas piden \u00e1 Xunta frear a instalaci\u00f3n de estaci\u00f3ns e\u00f3licas \u00e1 beira da Serra de Carba e da Serra do Xistral para non continuar coa presi\u00f3n e\u00f3lica excesiva sobre os espazos protexidos e de alto valor ambiental","breadcrumb":{"@id":"https:\/\/www.anovapeneira.gal\/index.php\/2023\/01\/05\/entidades-ecoloxistas-piden-a-xunta-frear-as-instalacions-eolicas-a-beira-da-serra-de-carba-e-da-serra-do-xistral\/#breadcrumb"},"inLanguage":"gl-ES","potentialAction":[{"@type":"ReadAction","target":["https:\/\/www.anovapeneira.gal\/index.php\/2023\/01\/05\/entidades-ecoloxistas-piden-a-xunta-frear-as-instalacions-eolicas-a-beira-da-serra-de-carba-e-da-serra-do-xistral\/"]}]},{"@type":"ImageObject","inLanguage":"gl-ES","@id":"https:\/\/www.anovapeneira.gal\/index.php\/2023\/01\/05\/entidades-ecoloxistas-piden-a-xunta-frear-as-instalacions-eolicas-a-beira-da-serra-de-carba-e-da-serra-do-xistral\/#primaryimage","url":"https:\/\/www.anovapeneira.gal\/wp-content\/uploads\/2020\/11\/parque_eolico_a_nova_peneira.jpg","contentUrl":"https:\/\/www.anovapeneira.gal\/wp-content\/uploads\/2020\/11\/parque_eolico_a_nova_peneira.jpg","width":720,"height":432,"caption":"Aldeas con horizonte"},{"@type":"BreadcrumbList","@id":"https:\/\/www.anovapeneira.gal\/index.php\/2023\/01\/05\/entidades-ecoloxistas-piden-a-xunta-frear-as-instalacions-eolicas-a-beira-da-serra-de-carba-e-da-serra-do-xistral\/#breadcrumb","itemListElement":[{"@type":"ListItem","position":1,"name":"Portada","item":"https:\/\/www.anovapeneira.gal\/"},{"@type":"ListItem","position":2,"name":"Entidades ecoloxistas piden \u00e1 xunta frear as instalaci\u00f3ns e\u00f3licas a beira da Serra de Carba e da Serra do Xistral"}]},{"@type":"WebSite","@id":"https:\/\/www.anovapeneira.gal\/#website","url":"https:\/\/www.anovapeneira.gal\/","name":"","description":"Xornal galego de informaci\u00f3n xeral Publicaci\u00f3n mensual de novas de Galicia e en especial dos Concellos da sur da provincia de Pontevedra.","publisher":{"@id":"https:\/\/www.anovapeneira.gal\/#organization"},"potentialAction":[{"@type":"SearchAction","target":{"@type":"EntryPoint","urlTemplate":"https:\/\/www.anovapeneira.gal\/?s={search_term_string}"},"query-input":{"@type":"PropertyValueSpecification","valueRequired":true,"valueName":"search_term_string"}}],"inLanguage":"gl-ES"},{"@type":"Organization","@id":"https:\/\/www.anovapeneira.gal\/#organization","name":"A Nova Peneira","url":"https:\/\/www.anovapeneira.gal\/","logo":{"@type":"ImageObject","inLanguage":"gl-ES","@id":"https:\/\/www.anovapeneira.gal\/#\/schema\/logo\/image\/","url":"http:\/\/www.anovapeneira.gal\/wp-content\/uploads\/2019\/06\/logo_a_nova_peneira_portal_web.png","contentUrl":"http:\/\/www.anovapeneira.gal\/wp-content\/uploads\/2019\/06\/logo_a_nova_peneira_portal_web.png","width":300,"height":100,"caption":"A Nova Peneira"},"image":{"@id":"https:\/\/www.anovapeneira.gal\/#\/schema\/logo\/image\/"},"sameAs":["https:\/\/www.facebook.com\/anovapeneira","https:\/\/x.com\/APeneira"]},{"@type":"Person","@id":"https:\/\/www.anovapeneira.gal\/#\/schema\/person\/b93e3f8932e3f8da96334607eb6ac6aa","name":"Redacci\u00f3n A Nova Peneira","image":{"@type":"ImageObject","inLanguage":"gl-ES","@id":"https:\/\/secure.gravatar.com\/avatar\/c052a2551a06e23fac63626232eaa90abd78dbcf1700fc46a2b2c89fd27b735f?s=96&d=mm&r=g","url":"https:\/\/secure.gravatar.com\/avatar\/c052a2551a06e23fac63626232eaa90abd78dbcf1700fc46a2b2c89fd27b735f?s=96&d=mm&r=g","contentUrl":"https:\/\/secure.gravatar.com\/avatar\/c052a2551a06e23fac63626232eaa90abd78dbcf1700fc46a2b2c89fd27b735f?s=96&d=mm&r=g","caption":"Redacci\u00f3n A Nova Peneira"},"sameAs":["http:\/\/www.anovapeneira.gal\/"],"url":"https:\/\/www.anovapeneira.gal\/index.php\/author\/redactor\/"}]}},"jetpack_featured_media_url":"https:\/\/www.anovapeneira.gal\/wp-content\/uploads\/2020\/11\/parque_eolico_a_nova_peneira.jpg","_links":{"self":[{"href":"https:\/\/www.anovapeneira.gal\/index.php\/wp-json\/wp\/v2\/posts\/8876","targetHints":{"allow":["GET"]}}],"collection":[{"href":"https:\/\/www.anovapeneira.gal\/index.php\/wp-json\/wp\/v2\/posts"}],"about":[{"href":"https:\/\/www.anovapeneira.gal\/index.php\/wp-json\/wp\/v2\/types\/post"}],"author":[{"embeddable":true,"href":"https:\/\/www.anovapeneira.gal\/index.php\/wp-json\/wp\/v2\/users\/3"}],"replies":[{"embeddable":true,"href":"https:\/\/www.anovapeneira.gal\/index.php\/wp-json\/wp\/v2\/comments?post=8876"}],"version-history":[{"count":1,"href":"https:\/\/www.anovapeneira.gal\/index.php\/wp-json\/wp\/v2\/posts\/8876\/revisions"}],"predecessor-version":[{"id":8877,"href":"https:\/\/www.anovapeneira.gal\/index.php\/wp-json\/wp\/v2\/posts\/8876\/revisions\/8877"}],"wp:featuredmedia":[{"embeddable":true,"href":"https:\/\/www.anovapeneira.gal\/index.php\/wp-json\/wp\/v2\/media\/4347"}],"wp:attachment":[{"href":"https:\/\/www.anovapeneira.gal\/index.php\/wp-json\/wp\/v2\/media?parent=8876"}],"wp:term":[{"taxonomy":"category","embeddable":true,"href":"https:\/\/www.anovapeneira.gal\/index.php\/wp-json\/wp\/v2\/categories?post=8876"},{"taxonomy":"post_tag","embeddable":true,"href":"https:\/\/www.anovapeneira.gal\/index.php\/wp-json\/wp\/v2\/tags?post=8876"}],"curies":[{"name":"wp","href":"https:\/\/api.w.org\/{rel}","templated":true}]}}