{"id":8882,"date":"2023-01-06T12:00:15","date_gmt":"2023-01-06T11:00:15","guid":{"rendered":"https:\/\/www.anovapeneira.gal\/?p=8882"},"modified":"2023-01-05T19:34:35","modified_gmt":"2023-01-05T18:34:35","slug":"luciano-otero-candidato-de-alternativa-vecinal-a-alcaldia-de-pazos","status":"publish","type":"post","link":"https:\/\/www.anovapeneira.gal\/index.php\/2023\/01\/06\/luciano-otero-candidato-de-alternativa-vecinal-a-alcaldia-de-pazos\/","title":{"rendered":"Luciano Otero Candidato de Alternativa Veci\u00f1al \u00e1 alcald\u00eda de Pazos"},"content":{"rendered":"\n<p><strong>Se hai alg\u00fan concello que, para calquera que te\u00f1a ollos para ver , o\u00eddos para o\u00edr, e non estea afectado por ning\u00fan tipo de apriorismo ideol\u00f3xico ou interese persoal, precisa un cambio de goberno ese \u00e9 Pazos De Borb\u00e9n. Esta localidade leva xa demasiado tempo padecendo un goberno in\u00fatil, inane,banal e insubstancial do que \u00e9 imposible atopar ningunha acci\u00f3n de goberno que lles faga merecedores de continuar dirixindo o seu concello. No que si son expertos os gobernantes de Pazos \u00e9 na pr\u00e1ctica do cancro que padece Galicia desde a noite dos tempos: a bipolarizaci\u00f3n da sociedade en amigos , para os que hai todo, e inimigos para os que non hai nada.<\/strong><\/p>\n\n\n\n<p>\u201c <strong>Pazos de Borb\u00e9n necesita un cambio de goberno con urxencia absoluta. Prec\u00edsao para sa\u00edr da par\u00e1lise na que est\u00e1 sumido, para mudar a mala xesti\u00f3n que sofre, para deixar de lado o sectarismo que padece, e para rebaixar tensi\u00f3ns entre a veci\u00f1anza\u201d<\/strong><\/p>\n\n\n\n<p><strong>Podemos confirmar absolutamente que Alternativa vaise presentar \u00e1s pr\u00f3ximas elecci\u00f3ns municipais do concello de Pazos?<\/strong><\/p>\n\n\n\n<blockquote class=\"wp-block-quote is-layout-flow wp-block-quote-is-layout-flow\"><p>Si, tivemos unha xuntanza e houbo coincidencia xeral en que todo o traballo feito estes anos debe de culminar acadando o goberno do noso concello<\/p><\/blockquote>\n\n\n\n<p><strong>E podemos confirmar que vas encabezar ti a candidatura?<\/strong><\/p>\n\n\n\n<blockquote class=\"wp-block-quote is-layout-flow wp-block-quote-is-layout-flow\"><p>Si, serei eu candidato \u00e1 alcald\u00eda<\/p><\/blockquote>\n\n\n\n<blockquote class=\"wp-block-quote is-layout-flow wp-block-quote-is-layout-flow\"><p>Si, tam\u00e9n o podemos confirmar. Vou ser eu o candidato \u00e1 alcalde<\/p><\/blockquote>\n\n\n\n<p><strong>Sabemos xa se vas competir contra Andr\u00e9s novamente, ou se cadra ser\u00e1 Eloisa a nova candidata dos populares?<\/strong><\/p>\n\n\n\n<blockquote class=\"wp-block-quote is-layout-flow wp-block-quote-is-layout-flow\"><p>Que eu saiba non o te\u00f1en confirmado a\u00ednda. En calquera caso Andr\u00e9s penso que \u00e9 un candidato xa queimado e Eloisa entendo que nin \u00e9 moi co\u00f1ecida en Pazos nin \u00e9 que desperte moita simpat\u00eda.<\/p><\/blockquote>\n\n\n\n<p><strong>As expectativas realistas cales son?<\/strong><\/p>\n\n\n\n<blockquote class=\"wp-block-quote is-layout-flow wp-block-quote-is-layout-flow\"><p>Eu creo que est\u00e1 todo moi aberto, m\u00e1is aberto que nunca. A maquinaria electoral do PP non \u00e9 absoluto desprezable, pero xa no 2019 o tiveron moi dif\u00edcil, de feito se descontaramos os votos presuntamente fraudulentos dos censos supostamente irregulares eu creo que perd\u00edan a alcald\u00eda. E nestes 4 anos se algu\u00e9n intenta dicir algo que fixeran para mellorar a s\u00faa posici\u00f3n de goberno non vai poder porque non existe. M\u00e1is ben o contrario, por exemplo no asunto da estrada de Nespereira Cepeda eu creo que van ter desgaste. Asemade hai exemplos notorios de mala xesti\u00f3n como a perda dunha subvenci\u00f3n de 600.000\u20ac para renovar o alumeado p\u00fablico, sufrimos varias multas de augas de Galicia polos vertidos&#8230;.Incluso na xesti\u00f3n do d\u00eda a d\u00eda a sensaci\u00f3n maioritaria \u00e9 de que estamos ante un alcalde ausente<\/p><\/blockquote>\n\n\n\n<p><strong>En relaci\u00f3n \u00e1 estrada de Nespereira :hai cousa de un par de meses nunha rolda de prensa que deu o PP en Redondela, na que estaban Javier Bas e Ana Pastor, entre outros, eu pregunteilles por esa estrada e Bas d\u00edxome que o alcalde de Pazos estaba traballando ben nese asunto<\/strong><\/p>\n\n\n\n<blockquote class=\"wp-block-quote is-layout-flow wp-block-quote-is-layout-flow\"><p>\u00c9 unha valoraci\u00f3n incomprensible. Concellos de distinto signo pol\u00edtico, do PP tam\u00e9n, asinaron convenios coa DEPO como o que se lle pon sobre a mesa a Pazos, e ning\u00fan puxo problemas, mentres que o noso leva moito tempo bloqueando a situaci\u00f3n.<\/p><\/blockquote>\n\n\n\n<p><strong>Cal \u00e9 o problema ent\u00f3n?: o concello non quere p\u00f3r a porcentaxe de cartos que lle corresponder\u00edan?, non quere molestarse en chegar a acordos cos propietarios das fincas ou as d\u00faas cousas?<\/strong><\/p>\n\n\n\n<blockquote class=\"wp-block-quote is-layout-flow wp-block-quote-is-layout-flow\"><p>Eles din que se negan rotundamente a p\u00f3r 1\u20ac, e por outra parte hai alg\u00fan tramo que transcorre todo por monte que o concello s\u00f3 ter\u00eda que conseguir o acordo cos propietarios das fincas afectadas e fai dous anos que o alcalde se comprometeu a facer ese traballo e non est\u00e1 rematado.<\/p><\/blockquote>\n\n\n\n<p><strong>O horario dos plenos est\u00e1 posto adrede para dificultar o acceso da veci\u00f1anza?<\/strong><\/p>\n\n\n\n<blockquote class=\"wp-block-quote is-layout-flow wp-block-quote-is-layout-flow\"><p>P\u00f3\u00f1ense nun d\u00eda e nunha hora laborable e o que acontece \u00e9 que dificultan o acceso do p\u00fablico e o traballo da oposici\u00f3n porque nos po\u00f1en todos os atrancos posibles. A s\u00faa actitude parece que responde a unha concepci\u00f3n do Concello como se fose deles.<\/p><\/blockquote>\n\n\n\n<p><strong>Cando solicitades alg\u00fan tipo de informaci\u00f3n ou expediente act\u00faan con dilixencia?<\/strong><\/p>\n\n\n\n<blockquote class=\"wp-block-quote is-layout-flow wp-block-quote-is-layout-flow\"><p>A trancas e barrancas. Isto non s\u00f3 o sufrimos a oposici\u00f3n, sen\u00f3n tam\u00e9n o padece a veci\u00f1anza en xeral.<\/p><\/blockquote>\n\n\n\n<p><strong>Hai uns meses entrevistabamos a algunha traballadora do SAF de Pazos que nos dic\u00eda que o Concello non lles fai nin caso. Ti sabes se \u00e9 as\u00ed?<\/strong><\/p>\n\n\n\n<blockquote class=\"wp-block-quote is-layout-flow wp-block-quote-is-layout-flow\"><p>Eu creo que e unha constante. Pasa co SAF, pasa cos traballadores do lixo&#8230;calquera persoa que vaia cun problema ao concello, o concello ponse de perfil e nunca est\u00e1 para a busca de soluci\u00f3ns. Este goberno esc\u00e1palle aos problemas<\/p><\/blockquote>\n\n\n\n<p><strong>No que respecta ao asunto dos empadroamentos presuntamente irregulares que se produciron hai catro anos, supo\u00f1o que desta volta estaredes vixiantes para que non volva acontecer?<\/strong><\/p>\n\n\n\n<blockquote class=\"wp-block-quote is-layout-flow wp-block-quote-is-layout-flow\"><p>Desde logo que si. Antes de que se peche o censo comprobaremos as altas e as baixas e comprobaremos que non haxa episodios de empadroamentos irregulares. Supo\u00f1o que co rebumbio que se montou hai catro anos desta volta cortaranse , pero non nos fiamos.<\/p><\/blockquote>\n\n\n\n<p><strong>Sabes se Conde ten pensado presentarse?<\/strong><\/p>\n\n\n\n<blockquote class=\"wp-block-quote is-layout-flow wp-block-quote-is-layout-flow\"><p>Eu creo que non se vai a presentar..Te\u00f1o a sensaci\u00f3n de que xa \u00e9 firme. Creo que eses votos na s\u00faa maior\u00eda non van ir ao PP , pois entendo que fundamentalmente son votos descontentos coa xesti\u00f3n deste goberno<\/p><\/blockquote>\n\n\n\n<p><strong>Pazos de Borb\u00e9n necesita un cambio de goberno?<\/strong><\/p>\n\n\n\n<blockquote class=\"wp-block-quote is-layout-flow wp-block-quote-is-layout-flow\"><p>Con urxencia absoluta. Neces\u00edtao pola par\u00e1lise na que est\u00e1 sumido, pola mala xesti\u00f3n que sofre, para rematar co sectarismo e para rebaixar tensi\u00f3ns entre os veci\u00f1os<\/p><\/blockquote>\n\n\n\n<p><strong>E ser\u00e1 desta volta?<\/strong><\/p>\n\n\n\n<blockquote class=\"wp-block-quote is-layout-flow wp-block-quote-is-layout-flow\"><p>Eu agardo que si, de feito n\u00f3s entendemos que a vitoria pasa polo entendemento das forzas da oposici\u00f3n e traslad\u00e1moslle unha proposta formal ao BNG e ao PSOE para irmos nunha candidatura conxunta.<\/p><\/blockquote>\n\n\n\n<p><strong>Que che contestaron?<\/strong><\/p>\n\n\n\n<blockquote class=\"wp-block-quote is-layout-flow wp-block-quote-is-layout-flow\"><p>Quedaron de valoralo<\/p><\/blockquote>\n","protected":false},"excerpt":{"rendered":"<div class=\"mh-excerpt\"><p>Se hai alg\u00fan concello que, para calquera que te\u00f1a ollos para ver , o\u00eddos para o\u00edr, e non estea afectado por ning\u00fan tipo de apriorismo ideol\u00f3xico ou interese persoal, precisa un cambio de goberno ese \u00e9 Pazos De Borb\u00e9n <a class=\"mh-excerpt-more\" href=\"https:\/\/www.anovapeneira.gal\/index.php\/2023\/01\/06\/luciano-otero-candidato-de-alternativa-vecinal-a-alcaldia-de-pazos\/\" title=\"Luciano Otero Candidato de Alternativa Veci\u00f1al \u00e1 alcald\u00eda de Pazos\">[&#8230;]<\/a><\/p>\n<\/div>","protected":false},"author":3,"featured_media":8883,"comment_status":"open","ping_status":"open","sticky":false,"template":"","format":"standard","meta":{"_exactmetrics_skip_tracking":false,"_exactmetrics_sitenote_active":false,"_exactmetrics_sitenote_note":"","_exactmetrics_sitenote_category":0,"footnotes":""},"categories":[24],"tags":[1089],"class_list":{"0":"post-8882","1":"post","2":"type-post","3":"status-publish","4":"format-standard","5":"has-post-thumbnail","7":"category-redondela","8":"tag-concello-de-pazos-de-borben"},"yoast_head":"<!-- This site is optimized with the Yoast SEO plugin v27.4 - https:\/\/yoast.com\/product\/yoast-seo-wordpress\/ -->\n<title>Luciano Otero Candidato de Alternativa Veci\u00f1al \u00e1 alcald\u00eda de Pazos -<\/title>\n<meta name=\"description\" content=\"Se hai alg\u00fan concello que, para calquera que te\u00f1a ollos para ver , o\u00eddos para o\u00edr, e non estea afectado por ning\u00fan tipo de apriorismo ideol\u00f3xico ou interese persoal, precisa un cambio de goberno ese \u00e9 Pazos De Borb\u00e9n\" \/>\n<meta name=\"robots\" content=\"index, follow, max-snippet:-1, max-image-preview:large, max-video-preview:-1\" \/>\n<link rel=\"canonical\" href=\"https:\/\/www.anovapeneira.gal\/index.php\/2023\/01\/06\/luciano-otero-candidato-de-alternativa-vecinal-a-alcaldia-de-pazos\/\" \/>\n<meta property=\"og:locale\" content=\"gl_ES\" \/>\n<meta property=\"og:type\" content=\"article\" \/>\n<meta property=\"og:title\" content=\"Luciano Otero Candidato de Alternativa Veci\u00f1al \u00e1 alcald\u00eda de Pazos -\" \/>\n<meta property=\"og:description\" content=\"Se hai alg\u00fan concello que, para calquera que te\u00f1a ollos para ver , o\u00eddos para o\u00edr, e non estea afectado por ning\u00fan tipo de apriorismo ideol\u00f3xico ou interese persoal, precisa un cambio de goberno ese \u00e9 Pazos De Borb\u00e9n\" \/>\n<meta property=\"og:url\" content=\"https:\/\/www.anovapeneira.gal\/index.php\/2023\/01\/06\/luciano-otero-candidato-de-alternativa-vecinal-a-alcaldia-de-pazos\/\" \/>\n<meta property=\"article:publisher\" content=\"https:\/\/www.facebook.com\/anovapeneira\" \/>\n<meta property=\"article:published_time\" content=\"2023-01-06T11:00:15+00:00\" \/>\n<meta property=\"og:image\" content=\"https:\/\/www.anovapeneira.gal\/wp-content\/uploads\/2023\/01\/Luciano_Otero_pazos.jpg\" \/>\n\t<meta property=\"og:image:width\" content=\"720\" \/>\n\t<meta property=\"og:image:height\" content=\"432\" \/>\n\t<meta property=\"og:image:type\" content=\"image\/jpeg\" \/>\n<meta name=\"author\" content=\"Redacci\u00f3n A Nova Peneira\" \/>\n<meta name=\"twitter:card\" content=\"summary_large_image\" \/>\n<meta name=\"twitter:creator\" content=\"@APeneira\" \/>\n<meta name=\"twitter:site\" content=\"@APeneira\" \/>\n<meta name=\"twitter:label1\" content=\"Escrito por\" \/>\n\t<meta name=\"twitter:data1\" content=\"Redacci\u00f3n A Nova Peneira\" \/>\n\t<meta name=\"twitter:label2\" content=\"Tempo de lectura\" \/>\n\t<meta name=\"twitter:data2\" content=\"6 minutos\" \/>\n<script type=\"application\/ld+json\" class=\"yoast-schema-graph\">{\"@context\":\"https:\\\/\\\/schema.org\",\"@graph\":[{\"@type\":\"Article\",\"@id\":\"https:\\\/\\\/www.anovapeneira.gal\\\/index.php\\\/2023\\\/01\\\/06\\\/luciano-otero-candidato-de-alternativa-vecinal-a-alcaldia-de-pazos\\\/#article\",\"isPartOf\":{\"@id\":\"https:\\\/\\\/www.anovapeneira.gal\\\/index.php\\\/2023\\\/01\\\/06\\\/luciano-otero-candidato-de-alternativa-vecinal-a-alcaldia-de-pazos\\\/\"},\"author\":{\"name\":\"Redacci\u00f3n A Nova Peneira\",\"@id\":\"https:\\\/\\\/www.anovapeneira.gal\\\/#\\\/schema\\\/person\\\/b93e3f8932e3f8da96334607eb6ac6aa\"},\"headline\":\"Luciano Otero Candidato de Alternativa Veci\u00f1al \u00e1 alcald\u00eda de Pazos\",\"datePublished\":\"2023-01-06T11:00:15+00:00\",\"mainEntityOfPage\":{\"@id\":\"https:\\\/\\\/www.anovapeneira.gal\\\/index.php\\\/2023\\\/01\\\/06\\\/luciano-otero-candidato-de-alternativa-vecinal-a-alcaldia-de-pazos\\\/\"},\"wordCount\":1018,\"commentCount\":0,\"publisher\":{\"@id\":\"https:\\\/\\\/www.anovapeneira.gal\\\/#organization\"},\"image\":{\"@id\":\"https:\\\/\\\/www.anovapeneira.gal\\\/index.php\\\/2023\\\/01\\\/06\\\/luciano-otero-candidato-de-alternativa-vecinal-a-alcaldia-de-pazos\\\/#primaryimage\"},\"thumbnailUrl\":\"https:\\\/\\\/www.anovapeneira.gal\\\/wp-content\\\/uploads\\\/2023\\\/01\\\/Luciano_Otero_pazos.jpg\",\"keywords\":[\"Concello de Pazos de Borb\u00e9n\"],\"articleSection\":[\"Redondela\"],\"inLanguage\":\"gl-ES\",\"potentialAction\":[{\"@type\":\"CommentAction\",\"name\":\"Comment\",\"target\":[\"https:\\\/\\\/www.anovapeneira.gal\\\/index.php\\\/2023\\\/01\\\/06\\\/luciano-otero-candidato-de-alternativa-vecinal-a-alcaldia-de-pazos\\\/#respond\"]}]},{\"@type\":\"WebPage\",\"@id\":\"https:\\\/\\\/www.anovapeneira.gal\\\/index.php\\\/2023\\\/01\\\/06\\\/luciano-otero-candidato-de-alternativa-vecinal-a-alcaldia-de-pazos\\\/\",\"url\":\"https:\\\/\\\/www.anovapeneira.gal\\\/index.php\\\/2023\\\/01\\\/06\\\/luciano-otero-candidato-de-alternativa-vecinal-a-alcaldia-de-pazos\\\/\",\"name\":\"Luciano Otero Candidato de Alternativa Veci\u00f1al \u00e1 alcald\u00eda de Pazos -\",\"isPartOf\":{\"@id\":\"https:\\\/\\\/www.anovapeneira.gal\\\/#website\"},\"primaryImageOfPage\":{\"@id\":\"https:\\\/\\\/www.anovapeneira.gal\\\/index.php\\\/2023\\\/01\\\/06\\\/luciano-otero-candidato-de-alternativa-vecinal-a-alcaldia-de-pazos\\\/#primaryimage\"},\"image\":{\"@id\":\"https:\\\/\\\/www.anovapeneira.gal\\\/index.php\\\/2023\\\/01\\\/06\\\/luciano-otero-candidato-de-alternativa-vecinal-a-alcaldia-de-pazos\\\/#primaryimage\"},\"thumbnailUrl\":\"https:\\\/\\\/www.anovapeneira.gal\\\/wp-content\\\/uploads\\\/2023\\\/01\\\/Luciano_Otero_pazos.jpg\",\"datePublished\":\"2023-01-06T11:00:15+00:00\",\"description\":\"Se hai alg\u00fan concello que, para calquera que te\u00f1a ollos para ver , o\u00eddos para o\u00edr, e non estea afectado por ning\u00fan tipo de apriorismo ideol\u00f3xico ou interese persoal, precisa un cambio de goberno ese \u00e9 Pazos De Borb\u00e9n\",\"breadcrumb\":{\"@id\":\"https:\\\/\\\/www.anovapeneira.gal\\\/index.php\\\/2023\\\/01\\\/06\\\/luciano-otero-candidato-de-alternativa-vecinal-a-alcaldia-de-pazos\\\/#breadcrumb\"},\"inLanguage\":\"gl-ES\",\"potentialAction\":[{\"@type\":\"ReadAction\",\"target\":[\"https:\\\/\\\/www.anovapeneira.gal\\\/index.php\\\/2023\\\/01\\\/06\\\/luciano-otero-candidato-de-alternativa-vecinal-a-alcaldia-de-pazos\\\/\"]}]},{\"@type\":\"ImageObject\",\"inLanguage\":\"gl-ES\",\"@id\":\"https:\\\/\\\/www.anovapeneira.gal\\\/index.php\\\/2023\\\/01\\\/06\\\/luciano-otero-candidato-de-alternativa-vecinal-a-alcaldia-de-pazos\\\/#primaryimage\",\"url\":\"https:\\\/\\\/www.anovapeneira.gal\\\/wp-content\\\/uploads\\\/2023\\\/01\\\/Luciano_Otero_pazos.jpg\",\"contentUrl\":\"https:\\\/\\\/www.anovapeneira.gal\\\/wp-content\\\/uploads\\\/2023\\\/01\\\/Luciano_Otero_pazos.jpg\",\"width\":720,\"height\":432,\"caption\":\"Luciano Otero Pazos de Borb\u00e9n\"},{\"@type\":\"BreadcrumbList\",\"@id\":\"https:\\\/\\\/www.anovapeneira.gal\\\/index.php\\\/2023\\\/01\\\/06\\\/luciano-otero-candidato-de-alternativa-vecinal-a-alcaldia-de-pazos\\\/#breadcrumb\",\"itemListElement\":[{\"@type\":\"ListItem\",\"position\":1,\"name\":\"Portada\",\"item\":\"https:\\\/\\\/www.anovapeneira.gal\\\/\"},{\"@type\":\"ListItem\",\"position\":2,\"name\":\"Luciano Otero Candidato de Alternativa Veci\u00f1al \u00e1 alcald\u00eda de Pazos\"}]},{\"@type\":\"WebSite\",\"@id\":\"https:\\\/\\\/www.anovapeneira.gal\\\/#website\",\"url\":\"https:\\\/\\\/www.anovapeneira.gal\\\/\",\"name\":\"\",\"description\":\"Xornal galego de informaci\u00f3n xeral Publicaci\u00f3n mensual de novas de Galicia e en especial dos Concellos da sur da provincia de Pontevedra.\",\"publisher\":{\"@id\":\"https:\\\/\\\/www.anovapeneira.gal\\\/#organization\"},\"potentialAction\":[{\"@type\":\"SearchAction\",\"target\":{\"@type\":\"EntryPoint\",\"urlTemplate\":\"https:\\\/\\\/www.anovapeneira.gal\\\/?s={search_term_string}\"},\"query-input\":{\"@type\":\"PropertyValueSpecification\",\"valueRequired\":true,\"valueName\":\"search_term_string\"}}],\"inLanguage\":\"gl-ES\"},{\"@type\":\"Organization\",\"@id\":\"https:\\\/\\\/www.anovapeneira.gal\\\/#organization\",\"name\":\"A Nova Peneira\",\"url\":\"https:\\\/\\\/www.anovapeneira.gal\\\/\",\"logo\":{\"@type\":\"ImageObject\",\"inLanguage\":\"gl-ES\",\"@id\":\"https:\\\/\\\/www.anovapeneira.gal\\\/#\\\/schema\\\/logo\\\/image\\\/\",\"url\":\"http:\\\/\\\/www.anovapeneira.gal\\\/wp-content\\\/uploads\\\/2019\\\/06\\\/logo_a_nova_peneira_portal_web.png\",\"contentUrl\":\"http:\\\/\\\/www.anovapeneira.gal\\\/wp-content\\\/uploads\\\/2019\\\/06\\\/logo_a_nova_peneira_portal_web.png\",\"width\":300,\"height\":100,\"caption\":\"A Nova Peneira\"},\"image\":{\"@id\":\"https:\\\/\\\/www.anovapeneira.gal\\\/#\\\/schema\\\/logo\\\/image\\\/\"},\"sameAs\":[\"https:\\\/\\\/www.facebook.com\\\/anovapeneira\",\"https:\\\/\\\/x.com\\\/APeneira\"]},{\"@type\":\"Person\",\"@id\":\"https:\\\/\\\/www.anovapeneira.gal\\\/#\\\/schema\\\/person\\\/b93e3f8932e3f8da96334607eb6ac6aa\",\"name\":\"Redacci\u00f3n A Nova Peneira\",\"image\":{\"@type\":\"ImageObject\",\"inLanguage\":\"gl-ES\",\"@id\":\"https:\\\/\\\/secure.gravatar.com\\\/avatar\\\/c052a2551a06e23fac63626232eaa90abd78dbcf1700fc46a2b2c89fd27b735f?s=96&d=mm&r=g\",\"url\":\"https:\\\/\\\/secure.gravatar.com\\\/avatar\\\/c052a2551a06e23fac63626232eaa90abd78dbcf1700fc46a2b2c89fd27b735f?s=96&d=mm&r=g\",\"contentUrl\":\"https:\\\/\\\/secure.gravatar.com\\\/avatar\\\/c052a2551a06e23fac63626232eaa90abd78dbcf1700fc46a2b2c89fd27b735f?s=96&d=mm&r=g\",\"caption\":\"Redacci\u00f3n A Nova Peneira\"},\"sameAs\":[\"http:\\\/\\\/www.anovapeneira.gal\\\/\"],\"url\":\"https:\\\/\\\/www.anovapeneira.gal\\\/index.php\\\/author\\\/redactor\\\/\"}]}<\/script>\n<!-- \/ Yoast SEO plugin. -->","yoast_head_json":{"title":"Luciano Otero Candidato de Alternativa Veci\u00f1al \u00e1 alcald\u00eda de Pazos -","description":"Se hai alg\u00fan concello que, para calquera que te\u00f1a ollos para ver , o\u00eddos para o\u00edr, e non estea afectado por ning\u00fan tipo de apriorismo ideol\u00f3xico ou interese persoal, precisa un cambio de goberno ese \u00e9 Pazos De Borb\u00e9n","robots":{"index":"index","follow":"follow","max-snippet":"max-snippet:-1","max-image-preview":"max-image-preview:large","max-video-preview":"max-video-preview:-1"},"canonical":"https:\/\/www.anovapeneira.gal\/index.php\/2023\/01\/06\/luciano-otero-candidato-de-alternativa-vecinal-a-alcaldia-de-pazos\/","og_locale":"gl_ES","og_type":"article","og_title":"Luciano Otero Candidato de Alternativa Veci\u00f1al \u00e1 alcald\u00eda de Pazos -","og_description":"Se hai alg\u00fan concello que, para calquera que te\u00f1a ollos para ver , o\u00eddos para o\u00edr, e non estea afectado por ning\u00fan tipo de apriorismo ideol\u00f3xico ou interese persoal, precisa un cambio de goberno ese \u00e9 Pazos De Borb\u00e9n","og_url":"https:\/\/www.anovapeneira.gal\/index.php\/2023\/01\/06\/luciano-otero-candidato-de-alternativa-vecinal-a-alcaldia-de-pazos\/","article_publisher":"https:\/\/www.facebook.com\/anovapeneira","article_published_time":"2023-01-06T11:00:15+00:00","og_image":[{"width":720,"height":432,"url":"https:\/\/www.anovapeneira.gal\/wp-content\/uploads\/2023\/01\/Luciano_Otero_pazos.jpg","type":"image\/jpeg"}],"author":"Redacci\u00f3n A Nova Peneira","twitter_card":"summary_large_image","twitter_creator":"@APeneira","twitter_site":"@APeneira","twitter_misc":{"Escrito por":"Redacci\u00f3n A Nova Peneira","Tempo de lectura":"6 minutos"},"schema":{"@context":"https:\/\/schema.org","@graph":[{"@type":"Article","@id":"https:\/\/www.anovapeneira.gal\/index.php\/2023\/01\/06\/luciano-otero-candidato-de-alternativa-vecinal-a-alcaldia-de-pazos\/#article","isPartOf":{"@id":"https:\/\/www.anovapeneira.gal\/index.php\/2023\/01\/06\/luciano-otero-candidato-de-alternativa-vecinal-a-alcaldia-de-pazos\/"},"author":{"name":"Redacci\u00f3n A Nova Peneira","@id":"https:\/\/www.anovapeneira.gal\/#\/schema\/person\/b93e3f8932e3f8da96334607eb6ac6aa"},"headline":"Luciano Otero Candidato de Alternativa Veci\u00f1al \u00e1 alcald\u00eda de Pazos","datePublished":"2023-01-06T11:00:15+00:00","mainEntityOfPage":{"@id":"https:\/\/www.anovapeneira.gal\/index.php\/2023\/01\/06\/luciano-otero-candidato-de-alternativa-vecinal-a-alcaldia-de-pazos\/"},"wordCount":1018,"commentCount":0,"publisher":{"@id":"https:\/\/www.anovapeneira.gal\/#organization"},"image":{"@id":"https:\/\/www.anovapeneira.gal\/index.php\/2023\/01\/06\/luciano-otero-candidato-de-alternativa-vecinal-a-alcaldia-de-pazos\/#primaryimage"},"thumbnailUrl":"https:\/\/www.anovapeneira.gal\/wp-content\/uploads\/2023\/01\/Luciano_Otero_pazos.jpg","keywords":["Concello de Pazos de Borb\u00e9n"],"articleSection":["Redondela"],"inLanguage":"gl-ES","potentialAction":[{"@type":"CommentAction","name":"Comment","target":["https:\/\/www.anovapeneira.gal\/index.php\/2023\/01\/06\/luciano-otero-candidato-de-alternativa-vecinal-a-alcaldia-de-pazos\/#respond"]}]},{"@type":"WebPage","@id":"https:\/\/www.anovapeneira.gal\/index.php\/2023\/01\/06\/luciano-otero-candidato-de-alternativa-vecinal-a-alcaldia-de-pazos\/","url":"https:\/\/www.anovapeneira.gal\/index.php\/2023\/01\/06\/luciano-otero-candidato-de-alternativa-vecinal-a-alcaldia-de-pazos\/","name":"Luciano Otero Candidato de Alternativa Veci\u00f1al \u00e1 alcald\u00eda de Pazos -","isPartOf":{"@id":"https:\/\/www.anovapeneira.gal\/#website"},"primaryImageOfPage":{"@id":"https:\/\/www.anovapeneira.gal\/index.php\/2023\/01\/06\/luciano-otero-candidato-de-alternativa-vecinal-a-alcaldia-de-pazos\/#primaryimage"},"image":{"@id":"https:\/\/www.anovapeneira.gal\/index.php\/2023\/01\/06\/luciano-otero-candidato-de-alternativa-vecinal-a-alcaldia-de-pazos\/#primaryimage"},"thumbnailUrl":"https:\/\/www.anovapeneira.gal\/wp-content\/uploads\/2023\/01\/Luciano_Otero_pazos.jpg","datePublished":"2023-01-06T11:00:15+00:00","description":"Se hai alg\u00fan concello que, para calquera que te\u00f1a ollos para ver , o\u00eddos para o\u00edr, e non estea afectado por ning\u00fan tipo de apriorismo ideol\u00f3xico ou interese persoal, precisa un cambio de goberno ese \u00e9 Pazos De Borb\u00e9n","breadcrumb":{"@id":"https:\/\/www.anovapeneira.gal\/index.php\/2023\/01\/06\/luciano-otero-candidato-de-alternativa-vecinal-a-alcaldia-de-pazos\/#breadcrumb"},"inLanguage":"gl-ES","potentialAction":[{"@type":"ReadAction","target":["https:\/\/www.anovapeneira.gal\/index.php\/2023\/01\/06\/luciano-otero-candidato-de-alternativa-vecinal-a-alcaldia-de-pazos\/"]}]},{"@type":"ImageObject","inLanguage":"gl-ES","@id":"https:\/\/www.anovapeneira.gal\/index.php\/2023\/01\/06\/luciano-otero-candidato-de-alternativa-vecinal-a-alcaldia-de-pazos\/#primaryimage","url":"https:\/\/www.anovapeneira.gal\/wp-content\/uploads\/2023\/01\/Luciano_Otero_pazos.jpg","contentUrl":"https:\/\/www.anovapeneira.gal\/wp-content\/uploads\/2023\/01\/Luciano_Otero_pazos.jpg","width":720,"height":432,"caption":"Luciano Otero Pazos de Borb\u00e9n"},{"@type":"BreadcrumbList","@id":"https:\/\/www.anovapeneira.gal\/index.php\/2023\/01\/06\/luciano-otero-candidato-de-alternativa-vecinal-a-alcaldia-de-pazos\/#breadcrumb","itemListElement":[{"@type":"ListItem","position":1,"name":"Portada","item":"https:\/\/www.anovapeneira.gal\/"},{"@type":"ListItem","position":2,"name":"Luciano Otero Candidato de Alternativa Veci\u00f1al \u00e1 alcald\u00eda de Pazos"}]},{"@type":"WebSite","@id":"https:\/\/www.anovapeneira.gal\/#website","url":"https:\/\/www.anovapeneira.gal\/","name":"","description":"Xornal galego de informaci\u00f3n xeral Publicaci\u00f3n mensual de novas de Galicia e en especial dos Concellos da sur da provincia de Pontevedra.","publisher":{"@id":"https:\/\/www.anovapeneira.gal\/#organization"},"potentialAction":[{"@type":"SearchAction","target":{"@type":"EntryPoint","urlTemplate":"https:\/\/www.anovapeneira.gal\/?s={search_term_string}"},"query-input":{"@type":"PropertyValueSpecification","valueRequired":true,"valueName":"search_term_string"}}],"inLanguage":"gl-ES"},{"@type":"Organization","@id":"https:\/\/www.anovapeneira.gal\/#organization","name":"A Nova Peneira","url":"https:\/\/www.anovapeneira.gal\/","logo":{"@type":"ImageObject","inLanguage":"gl-ES","@id":"https:\/\/www.anovapeneira.gal\/#\/schema\/logo\/image\/","url":"http:\/\/www.anovapeneira.gal\/wp-content\/uploads\/2019\/06\/logo_a_nova_peneira_portal_web.png","contentUrl":"http:\/\/www.anovapeneira.gal\/wp-content\/uploads\/2019\/06\/logo_a_nova_peneira_portal_web.png","width":300,"height":100,"caption":"A Nova Peneira"},"image":{"@id":"https:\/\/www.anovapeneira.gal\/#\/schema\/logo\/image\/"},"sameAs":["https:\/\/www.facebook.com\/anovapeneira","https:\/\/x.com\/APeneira"]},{"@type":"Person","@id":"https:\/\/www.anovapeneira.gal\/#\/schema\/person\/b93e3f8932e3f8da96334607eb6ac6aa","name":"Redacci\u00f3n A Nova Peneira","image":{"@type":"ImageObject","inLanguage":"gl-ES","@id":"https:\/\/secure.gravatar.com\/avatar\/c052a2551a06e23fac63626232eaa90abd78dbcf1700fc46a2b2c89fd27b735f?s=96&d=mm&r=g","url":"https:\/\/secure.gravatar.com\/avatar\/c052a2551a06e23fac63626232eaa90abd78dbcf1700fc46a2b2c89fd27b735f?s=96&d=mm&r=g","contentUrl":"https:\/\/secure.gravatar.com\/avatar\/c052a2551a06e23fac63626232eaa90abd78dbcf1700fc46a2b2c89fd27b735f?s=96&d=mm&r=g","caption":"Redacci\u00f3n A Nova Peneira"},"sameAs":["http:\/\/www.anovapeneira.gal\/"],"url":"https:\/\/www.anovapeneira.gal\/index.php\/author\/redactor\/"}]}},"jetpack_featured_media_url":"https:\/\/www.anovapeneira.gal\/wp-content\/uploads\/2023\/01\/Luciano_Otero_pazos.jpg","_links":{"self":[{"href":"https:\/\/www.anovapeneira.gal\/index.php\/wp-json\/wp\/v2\/posts\/8882","targetHints":{"allow":["GET"]}}],"collection":[{"href":"https:\/\/www.anovapeneira.gal\/index.php\/wp-json\/wp\/v2\/posts"}],"about":[{"href":"https:\/\/www.anovapeneira.gal\/index.php\/wp-json\/wp\/v2\/types\/post"}],"author":[{"embeddable":true,"href":"https:\/\/www.anovapeneira.gal\/index.php\/wp-json\/wp\/v2\/users\/3"}],"replies":[{"embeddable":true,"href":"https:\/\/www.anovapeneira.gal\/index.php\/wp-json\/wp\/v2\/comments?post=8882"}],"version-history":[{"count":1,"href":"https:\/\/www.anovapeneira.gal\/index.php\/wp-json\/wp\/v2\/posts\/8882\/revisions"}],"predecessor-version":[{"id":8884,"href":"https:\/\/www.anovapeneira.gal\/index.php\/wp-json\/wp\/v2\/posts\/8882\/revisions\/8884"}],"wp:featuredmedia":[{"embeddable":true,"href":"https:\/\/www.anovapeneira.gal\/index.php\/wp-json\/wp\/v2\/media\/8883"}],"wp:attachment":[{"href":"https:\/\/www.anovapeneira.gal\/index.php\/wp-json\/wp\/v2\/media?parent=8882"}],"wp:term":[{"taxonomy":"category","embeddable":true,"href":"https:\/\/www.anovapeneira.gal\/index.php\/wp-json\/wp\/v2\/categories?post=8882"},{"taxonomy":"post_tag","embeddable":true,"href":"https:\/\/www.anovapeneira.gal\/index.php\/wp-json\/wp\/v2\/tags?post=8882"}],"curies":[{"name":"wp","href":"https:\/\/api.w.org\/{rel}","templated":true}]}}