{"id":8885,"date":"2023-01-09T10:00:37","date_gmt":"2023-01-09T09:00:37","guid":{"rendered":"https:\/\/www.anovapeneira.gal\/?p=8885"},"modified":"2023-01-05T19:34:42","modified_gmt":"2023-01-05T18:34:42","slug":"o-bng-ofrece-alternativas-para-impulsar-marin","status":"publish","type":"post","link":"https:\/\/www.anovapeneira.gal\/index.php\/2023\/01\/09\/o-bng-ofrece-alternativas-para-impulsar-marin\/","title":{"rendered":"O BNG ofrece alternativas para impulsar Mar\u00edn"},"content":{"rendered":"\n<h2 class=\"wp-block-heading\"><em>Luc\u00eda Santos afirma que \u201ca mala xesti\u00f3n do goberno do PP est\u00e1 facendo que Mar\u00edn entrara nunha din\u00e1mica moi negativa, que se manifesta de xeito claro e obxectivo na dram\u00e1tica perda de poboaci\u00f3n nos 12 anos de mandato do PP.\u201d<\/em><\/h2>\n\n\n\n<h3 class=\"wp-block-heading\"><em>Santos manifesta que \u201co BNG ten moi claro que Mar\u00edn precisa rachar co conformismo e iniciar unha nova etapa cun proxecto definido orientado a impulsar o dinamismo socio-econ\u00f3mico do noso concello que fomente a creaci\u00f3n de emprego. E un modelo que, por outra banda, mellore a calidade de vida da veci\u00f1anza.\u201d<\/em><\/h3>\n\n\n\n<p>O BNG de Mar\u00edn realiza unha valoraci\u00f3n negativa da xesti\u00f3n do goberno do PP ao longo do ano 2022, na que novamente quedou de manifesto a ausencia de proxecto deste goberno, a falta de transparencia e o nulo compromiso pol\u00edtico para levar a cabo iniciativas do BNG aprobadas polo Pleno da Corporaci\u00f3n municipal.<\/p>\n\n\n\n<p>O PP ven caracteriz\u00e1ndose nestes 12 anos de goberno pola falta de ideas e iniciativa para impulsar a transformaci\u00f3n que Mar\u00edn tanto precisa, as\u00ed como pola improvisaci\u00f3n e as ocorrencias. Un goberno que se limita a xestionar, con maior ou menor acerto, as cuesti\u00f3ns ordinarias do concello, mais incapaz de afrontar os importantes problemas que lastran o noso desenvolvemento.<\/p>\n\n\n\n<p>O goberno de Mar\u00eda Ramallo amosou unha par\u00e1lise total para impulsar proxectos esenciais en \u00e1mbitos tan importantes para Mar\u00edn como o urbanismo. Mar\u00edn sofre un goberno sen capacidade para atraer novas empresas, nin tan sequera para reter as existentes, sen iniciativa para aportar soluci\u00f3ns efectivas aos problemas do comercio local, sen interese en dese\u00f1ar unha programaci\u00f3n cultural estable e alternativas de lecer para a veci\u00f1anza ao longo de todo o ano, e sen suficiente atenci\u00f3n \u00e1 mocidade.<\/p>\n\n\n\n<p>Un goberno, do PP, que amosou sobradamente a s\u00faa falta de compromiso na defensa dos servizos p\u00fablicos, po\u00f1\u00e9ndose de perfil ante a demanda dunha mellor atenci\u00f3n sanitaria, ou coa defensa do ensino p\u00fablico en Mar\u00edn, permitindo o peche dunha escola infantil, o centro escolar Nosa Se\u00f1ora do Carme.<\/p>\n\n\n\n<p>O BNG ven realizando unha oposici\u00f3n respons\u00e1bel e dialogante, presentando numerosas iniciativas que resultar\u00edan beneficiosas para a dinamizaci\u00f3n socioecon\u00f3mica do noso concello e a mellora da calidade de vida da veci\u00f1anza, moitas delas aprobadas polo Pleno da Corporaci\u00f3n municipal, mais incumpridas polo goberno do PP.<\/p>\n\n\n\n<p>Entre estas iniciativas c\u00f3mpre salientar a dotaci\u00f3n dun espazo para autocaravanas, a elaboraci\u00f3n dunha axenda cultural est\u00e1bel e programada ao longo de todo o ano, o impulso de medidas de apoio ao comercio local, o desenrolo do plan de protecci\u00f3n do patrimonio arqueol\u00f3xico, a recuperaci\u00f3n da contorna do r\u00edo Loira e o seu patrimonio etnogr\u00e1fico, e de Casti\u00f1eiras coa posta en valor do espazo natural e das m\u00e1moas, a dotaci\u00f3n de servizo de auga e saneamento municipal en todos os n\u00facleos de rural, ou melloras no servizo de limpeza.<\/p>\n\n\n\n<p>A mala xesti\u00f3n deste goberno est\u00e1 facendo que Mar\u00edn entrara nunha din\u00e1mica moi negativa, que se manifesta de xeito claro e obxectivo na dram\u00e1tica perda de poboaci\u00f3n baixo o mandato do PP. Nestes 12 anos Mar\u00edn ocupa o segundo posto dos concellos galegos de entre 20.000 e 50.000 habitantes con peores datos demogr\u00e1ficos, e todo isto nun contexto onde a pr\u00e1ctica totalidade de concellos da contorna ga\u00f1an poboaci\u00f3n no mesmo per\u00edodo.<\/p>\n\n\n\n<p>Se un concello non xera emprego, non ofrece vivenda nin alternativas de lecer, a consecuencia l\u00f3xica \u00e9 a dram\u00e1tica perda de poboaci\u00f3n que v\u00e9n padecendo o noso concello durante estes doce anos.<\/p>\n\n\n\n<p><a><\/a> O BNG ten moi claro que Mar\u00edn precisa rachar co conformismo e iniciar unha nova etapa, cun proxecto definido orientado a impulsar o dinamismo socio-econ\u00f3mico do noso concello e que fomente a creaci\u00f3n de emprego. E un modelo que, por outra banda, mellore a calidade de vida da veci\u00f1anza.<\/p>\n\n\n\n<p>Resulta de vital importancia o desenrolo do PXOM, aprobado en 2012, que, entre outras cousas, permita a construcci\u00f3n de nova vivenda, facilite a rehabilitaci\u00f3n de inmobles nos cascos hist\u00f3ricos e a construcci\u00f3n de vivendas no rural.<\/p>\n\n\n\n<p>C\u00f3mpre apostar por un modelo urbano definido e moderno, cun proxecto de mobilidade que priorice os espazos p\u00fablicos para as persoas, organizando a circulaci\u00f3n do tr\u00e1fico e resolvendo o problema do aparcamento, mellorando a conexi\u00f3n do casco urbano co noso entorno natural e impulsando o transporte p\u00fablico que conecte o casco urbano coas parroquias.<\/p>\n\n\n\n<p>Mar\u00edn precisa un goberno que impulse medidas para facilitar a instalaci\u00f3n de novas empresas, e reter as xa existentes, e apostar pola creaci\u00f3n de viveiros de empresas que posibiliten a creaci\u00f3n de emprego. O comercio local \u00e9 un sector b\u00e1sico da nosa econom\u00eda que xera riqueza, emprego, dinamismo e vitalidade, polo que \u00e9 preciso un apoio decidido a este sector.<\/p>\n\n\n\n<p>Mar\u00edn \u00e9 unha vila mari\u00f1eira totalmente pechada ao mar, que precisa un goberno, a diferencia do actual, que mediante o di\u00e1logo co porto e a Escola Naval Militar chegue a acordos que permitan recuperar espazos para a cidadan\u00eda de Mar\u00edn, cidadan\u00eda que foi moi xenerosa entregando toda a s\u00faa fachada costeira.<\/p>\n\n\n\n<p>O BNG aposta pola implementaci\u00f3n de medidas que permitan atraer visitantes e incrementar o turismo, un turismo respons\u00e1bel e sustent\u00e1bel, xa que isto potenciar\u00eda a dinamizaci\u00f3n socioecon\u00f3mica do concello. Para isto, c\u00f3mpre a posta en valor do rico patrimonio natural e cultural, ademais de elaborar unha programaci\u00f3n cultural e alternativas de lecer ao longo de todo o ano, con especial atenci\u00f3n \u00e1 mocidade.<\/p>\n\n\n\n<p>No vindeiro mes de maio a veci\u00f1anza de Mar\u00edn ter\u00e1 a oportunidade de mudar o rumbo do noso concello nas elecci\u00f3ns municipais. Mar\u00edn ter\u00e1 que escoller entre continuar a tendencia decadente amosada nestes \u00faltimos 12 anos ou un proxecto de futuro que xere oportunidades para a nosa veci\u00f1anza e convirta o noso concello nun concello referente, como o son os concellos onde goberna o BNG. Mar\u00edn non pode continuar neste proceso de decaemento o no BNG temos o proxecto transformador que Mar\u00edn tanto precisa.<\/p>\n\n\n\n<p>Nunha valoraci\u00f3n do ano 2022, non podemos esquecer dous tristes feitos que marcaron dun xeito moi profundo as nosas xentes. O naufraxio do \u201cVila de Pitanxo\u201d foi un duro golpe para todos e todas n\u00f3s, e o BNG de Mar\u00edn quere amosar unha vez m\u00e1is o noso profundo pesar polo acontecido, o noso alent\u00f3 \u00e1s familias, e a noso apoio \u00e1s xustas reivindicaci\u00f3ns das familias. O segundo feito a lamentar foi o falecemento do querido compa\u00f1eiro Benito Gonz\u00e1lez Dopazo, concelleiro do PSOE ao que sempre lembraremos con cari\u00f1o.<\/p>\n\n\n\n<p>Mar\u00edn, a 3 de xaneiro do 2023<\/p>\n\n\n\n<p>Luc\u00eda Santos Omil<\/p>\n\n\n\n<p>Portavoz Municipal do BNG<\/p>\n","protected":false},"excerpt":{"rendered":"<div class=\"mh-excerpt\"><p>Luc\u00eda Santos afirma que \u201ca mala xesti\u00f3n do goberno do PP est\u00e1 facendo que Mar\u00edn entrara nunha din\u00e1mica moi negativa, que se manifesta de xeito claro e obxectivo na dram\u00e1tica perda de poboaci\u00f3n nos 12 anos de mandato do PP.\u201d <a class=\"mh-excerpt-more\" href=\"https:\/\/www.anovapeneira.gal\/index.php\/2023\/01\/09\/o-bng-ofrece-alternativas-para-impulsar-marin\/\" title=\"O BNG ofrece alternativas para impulsar Mar\u00edn\">[&#8230;]<\/a><\/p>\n<\/div>","protected":false},"author":3,"featured_media":7564,"comment_status":"open","ping_status":"open","sticky":false,"template":"","format":"standard","meta":{"_exactmetrics_skip_tracking":false,"_exactmetrics_sitenote_active":false,"_exactmetrics_sitenote_note":"","_exactmetrics_sitenote_category":0,"footnotes":""},"categories":[22],"tags":[144],"class_list":{"0":"post-8885","1":"post","2":"type-post","3":"status-publish","4":"format-standard","5":"has-post-thumbnail","7":"category-morrazo","8":"tag-concello-de-marin"},"yoast_head":"<!-- This site is optimized with the Yoast SEO plugin v27.4 - https:\/\/yoast.com\/product\/yoast-seo-wordpress\/ -->\n<title>O BNG ofrece alternativas para impulsar Mar\u00edn -<\/title>\n<meta name=\"description\" content=\"Luc\u00eda Santos afirma que \u201ca mala xesti\u00f3n do goberno do PP est\u00e1 facendo que Mar\u00edn entrara nunha din\u00e1mica moi negativa, que se manifesta de xeito claro e obxectivo na dram\u00e1tica perda de poboaci\u00f3n nos 12 anos de mandato do PP.\u201d\" \/>\n<meta name=\"robots\" content=\"index, follow, max-snippet:-1, max-image-preview:large, max-video-preview:-1\" \/>\n<link rel=\"canonical\" href=\"https:\/\/www.anovapeneira.gal\/index.php\/2023\/01\/09\/o-bng-ofrece-alternativas-para-impulsar-marin\/\" \/>\n<meta property=\"og:locale\" content=\"gl_ES\" \/>\n<meta property=\"og:type\" content=\"article\" \/>\n<meta property=\"og:title\" content=\"O BNG ofrece alternativas para impulsar Mar\u00edn -\" \/>\n<meta property=\"og:description\" content=\"Luc\u00eda Santos afirma que \u201ca mala xesti\u00f3n do goberno do PP est\u00e1 facendo que Mar\u00edn entrara nunha din\u00e1mica moi negativa, que se manifesta de xeito claro e obxectivo na dram\u00e1tica perda de poboaci\u00f3n nos 12 anos de mandato do PP.\u201d\" \/>\n<meta property=\"og:url\" content=\"https:\/\/www.anovapeneira.gal\/index.php\/2023\/01\/09\/o-bng-ofrece-alternativas-para-impulsar-marin\/\" \/>\n<meta property=\"article:publisher\" content=\"https:\/\/www.facebook.com\/anovapeneira\" \/>\n<meta property=\"article:published_time\" content=\"2023-01-09T09:00:37+00:00\" \/>\n<meta property=\"og:image\" content=\"https:\/\/www.anovapeneira.gal\/wp-content\/uploads\/2022\/05\/lucia_Santos.jpg\" \/>\n\t<meta property=\"og:image:width\" content=\"1500\" \/>\n\t<meta property=\"og:image:height\" content=\"790\" \/>\n\t<meta property=\"og:image:type\" content=\"image\/jpeg\" \/>\n<meta name=\"author\" content=\"Redacci\u00f3n A Nova Peneira\" \/>\n<meta name=\"twitter:card\" content=\"summary_large_image\" \/>\n<meta name=\"twitter:creator\" content=\"@APeneira\" \/>\n<meta name=\"twitter:site\" content=\"@APeneira\" \/>\n<meta name=\"twitter:label1\" content=\"Escrito por\" \/>\n\t<meta name=\"twitter:data1\" content=\"Redacci\u00f3n A Nova Peneira\" \/>\n\t<meta name=\"twitter:label2\" content=\"Tempo de lectura\" \/>\n\t<meta name=\"twitter:data2\" content=\"6 minutos\" \/>\n<script type=\"application\/ld+json\" class=\"yoast-schema-graph\">{\"@context\":\"https:\\\/\\\/schema.org\",\"@graph\":[{\"@type\":\"Article\",\"@id\":\"https:\\\/\\\/www.anovapeneira.gal\\\/index.php\\\/2023\\\/01\\\/09\\\/o-bng-ofrece-alternativas-para-impulsar-marin\\\/#article\",\"isPartOf\":{\"@id\":\"https:\\\/\\\/www.anovapeneira.gal\\\/index.php\\\/2023\\\/01\\\/09\\\/o-bng-ofrece-alternativas-para-impulsar-marin\\\/\"},\"author\":{\"name\":\"Redacci\u00f3n A Nova Peneira\",\"@id\":\"https:\\\/\\\/www.anovapeneira.gal\\\/#\\\/schema\\\/person\\\/b93e3f8932e3f8da96334607eb6ac6aa\"},\"headline\":\"O BNG ofrece alternativas para impulsar Mar\u00edn\",\"datePublished\":\"2023-01-09T09:00:37+00:00\",\"mainEntityOfPage\":{\"@id\":\"https:\\\/\\\/www.anovapeneira.gal\\\/index.php\\\/2023\\\/01\\\/09\\\/o-bng-ofrece-alternativas-para-impulsar-marin\\\/\"},\"wordCount\":1179,\"commentCount\":0,\"publisher\":{\"@id\":\"https:\\\/\\\/www.anovapeneira.gal\\\/#organization\"},\"image\":{\"@id\":\"https:\\\/\\\/www.anovapeneira.gal\\\/index.php\\\/2023\\\/01\\\/09\\\/o-bng-ofrece-alternativas-para-impulsar-marin\\\/#primaryimage\"},\"thumbnailUrl\":\"https:\\\/\\\/www.anovapeneira.gal\\\/wp-content\\\/uploads\\\/2022\\\/05\\\/lucia_Santos.jpg\",\"keywords\":[\"Concello de Mar\u00edn\"],\"articleSection\":[\"Morrazo\"],\"inLanguage\":\"gl-ES\",\"potentialAction\":[{\"@type\":\"CommentAction\",\"name\":\"Comment\",\"target\":[\"https:\\\/\\\/www.anovapeneira.gal\\\/index.php\\\/2023\\\/01\\\/09\\\/o-bng-ofrece-alternativas-para-impulsar-marin\\\/#respond\"]}]},{\"@type\":\"WebPage\",\"@id\":\"https:\\\/\\\/www.anovapeneira.gal\\\/index.php\\\/2023\\\/01\\\/09\\\/o-bng-ofrece-alternativas-para-impulsar-marin\\\/\",\"url\":\"https:\\\/\\\/www.anovapeneira.gal\\\/index.php\\\/2023\\\/01\\\/09\\\/o-bng-ofrece-alternativas-para-impulsar-marin\\\/\",\"name\":\"O BNG ofrece alternativas para impulsar Mar\u00edn -\",\"isPartOf\":{\"@id\":\"https:\\\/\\\/www.anovapeneira.gal\\\/#website\"},\"primaryImageOfPage\":{\"@id\":\"https:\\\/\\\/www.anovapeneira.gal\\\/index.php\\\/2023\\\/01\\\/09\\\/o-bng-ofrece-alternativas-para-impulsar-marin\\\/#primaryimage\"},\"image\":{\"@id\":\"https:\\\/\\\/www.anovapeneira.gal\\\/index.php\\\/2023\\\/01\\\/09\\\/o-bng-ofrece-alternativas-para-impulsar-marin\\\/#primaryimage\"},\"thumbnailUrl\":\"https:\\\/\\\/www.anovapeneira.gal\\\/wp-content\\\/uploads\\\/2022\\\/05\\\/lucia_Santos.jpg\",\"datePublished\":\"2023-01-09T09:00:37+00:00\",\"description\":\"Luc\u00eda Santos afirma que \u201ca mala xesti\u00f3n do goberno do PP est\u00e1 facendo que Mar\u00edn entrara nunha din\u00e1mica moi negativa, que se manifesta de xeito claro e obxectivo na dram\u00e1tica perda de poboaci\u00f3n nos 12 anos de mandato do PP.\u201d\",\"breadcrumb\":{\"@id\":\"https:\\\/\\\/www.anovapeneira.gal\\\/index.php\\\/2023\\\/01\\\/09\\\/o-bng-ofrece-alternativas-para-impulsar-marin\\\/#breadcrumb\"},\"inLanguage\":\"gl-ES\",\"potentialAction\":[{\"@type\":\"ReadAction\",\"target\":[\"https:\\\/\\\/www.anovapeneira.gal\\\/index.php\\\/2023\\\/01\\\/09\\\/o-bng-ofrece-alternativas-para-impulsar-marin\\\/\"]}]},{\"@type\":\"ImageObject\",\"inLanguage\":\"gl-ES\",\"@id\":\"https:\\\/\\\/www.anovapeneira.gal\\\/index.php\\\/2023\\\/01\\\/09\\\/o-bng-ofrece-alternativas-para-impulsar-marin\\\/#primaryimage\",\"url\":\"https:\\\/\\\/www.anovapeneira.gal\\\/wp-content\\\/uploads\\\/2022\\\/05\\\/lucia_Santos.jpg\",\"contentUrl\":\"https:\\\/\\\/www.anovapeneira.gal\\\/wp-content\\\/uploads\\\/2022\\\/05\\\/lucia_Santos.jpg\",\"width\":1500,\"height\":790,\"caption\":\"Luc\u00eda Santos BNG Mar\u00edn\"},{\"@type\":\"BreadcrumbList\",\"@id\":\"https:\\\/\\\/www.anovapeneira.gal\\\/index.php\\\/2023\\\/01\\\/09\\\/o-bng-ofrece-alternativas-para-impulsar-marin\\\/#breadcrumb\",\"itemListElement\":[{\"@type\":\"ListItem\",\"position\":1,\"name\":\"Portada\",\"item\":\"https:\\\/\\\/www.anovapeneira.gal\\\/\"},{\"@type\":\"ListItem\",\"position\":2,\"name\":\"O BNG ofrece alternativas para impulsar Mar\u00edn\"}]},{\"@type\":\"WebSite\",\"@id\":\"https:\\\/\\\/www.anovapeneira.gal\\\/#website\",\"url\":\"https:\\\/\\\/www.anovapeneira.gal\\\/\",\"name\":\"\",\"description\":\"Xornal galego de informaci\u00f3n xeral Publicaci\u00f3n mensual de novas de Galicia e en especial dos Concellos da sur da provincia de Pontevedra.\",\"publisher\":{\"@id\":\"https:\\\/\\\/www.anovapeneira.gal\\\/#organization\"},\"potentialAction\":[{\"@type\":\"SearchAction\",\"target\":{\"@type\":\"EntryPoint\",\"urlTemplate\":\"https:\\\/\\\/www.anovapeneira.gal\\\/?s={search_term_string}\"},\"query-input\":{\"@type\":\"PropertyValueSpecification\",\"valueRequired\":true,\"valueName\":\"search_term_string\"}}],\"inLanguage\":\"gl-ES\"},{\"@type\":\"Organization\",\"@id\":\"https:\\\/\\\/www.anovapeneira.gal\\\/#organization\",\"name\":\"A Nova Peneira\",\"url\":\"https:\\\/\\\/www.anovapeneira.gal\\\/\",\"logo\":{\"@type\":\"ImageObject\",\"inLanguage\":\"gl-ES\",\"@id\":\"https:\\\/\\\/www.anovapeneira.gal\\\/#\\\/schema\\\/logo\\\/image\\\/\",\"url\":\"http:\\\/\\\/www.anovapeneira.gal\\\/wp-content\\\/uploads\\\/2019\\\/06\\\/logo_a_nova_peneira_portal_web.png\",\"contentUrl\":\"http:\\\/\\\/www.anovapeneira.gal\\\/wp-content\\\/uploads\\\/2019\\\/06\\\/logo_a_nova_peneira_portal_web.png\",\"width\":300,\"height\":100,\"caption\":\"A Nova Peneira\"},\"image\":{\"@id\":\"https:\\\/\\\/www.anovapeneira.gal\\\/#\\\/schema\\\/logo\\\/image\\\/\"},\"sameAs\":[\"https:\\\/\\\/www.facebook.com\\\/anovapeneira\",\"https:\\\/\\\/x.com\\\/APeneira\"]},{\"@type\":\"Person\",\"@id\":\"https:\\\/\\\/www.anovapeneira.gal\\\/#\\\/schema\\\/person\\\/b93e3f8932e3f8da96334607eb6ac6aa\",\"name\":\"Redacci\u00f3n A Nova Peneira\",\"image\":{\"@type\":\"ImageObject\",\"inLanguage\":\"gl-ES\",\"@id\":\"https:\\\/\\\/secure.gravatar.com\\\/avatar\\\/c052a2551a06e23fac63626232eaa90abd78dbcf1700fc46a2b2c89fd27b735f?s=96&d=mm&r=g\",\"url\":\"https:\\\/\\\/secure.gravatar.com\\\/avatar\\\/c052a2551a06e23fac63626232eaa90abd78dbcf1700fc46a2b2c89fd27b735f?s=96&d=mm&r=g\",\"contentUrl\":\"https:\\\/\\\/secure.gravatar.com\\\/avatar\\\/c052a2551a06e23fac63626232eaa90abd78dbcf1700fc46a2b2c89fd27b735f?s=96&d=mm&r=g\",\"caption\":\"Redacci\u00f3n A Nova Peneira\"},\"sameAs\":[\"http:\\\/\\\/www.anovapeneira.gal\\\/\"],\"url\":\"https:\\\/\\\/www.anovapeneira.gal\\\/index.php\\\/author\\\/redactor\\\/\"}]}<\/script>\n<!-- \/ Yoast SEO plugin. -->","yoast_head_json":{"title":"O BNG ofrece alternativas para impulsar Mar\u00edn -","description":"Luc\u00eda Santos afirma que \u201ca mala xesti\u00f3n do goberno do PP est\u00e1 facendo que Mar\u00edn entrara nunha din\u00e1mica moi negativa, que se manifesta de xeito claro e obxectivo na dram\u00e1tica perda de poboaci\u00f3n nos 12 anos de mandato do PP.\u201d","robots":{"index":"index","follow":"follow","max-snippet":"max-snippet:-1","max-image-preview":"max-image-preview:large","max-video-preview":"max-video-preview:-1"},"canonical":"https:\/\/www.anovapeneira.gal\/index.php\/2023\/01\/09\/o-bng-ofrece-alternativas-para-impulsar-marin\/","og_locale":"gl_ES","og_type":"article","og_title":"O BNG ofrece alternativas para impulsar Mar\u00edn -","og_description":"Luc\u00eda Santos afirma que \u201ca mala xesti\u00f3n do goberno do PP est\u00e1 facendo que Mar\u00edn entrara nunha din\u00e1mica moi negativa, que se manifesta de xeito claro e obxectivo na dram\u00e1tica perda de poboaci\u00f3n nos 12 anos de mandato do PP.\u201d","og_url":"https:\/\/www.anovapeneira.gal\/index.php\/2023\/01\/09\/o-bng-ofrece-alternativas-para-impulsar-marin\/","article_publisher":"https:\/\/www.facebook.com\/anovapeneira","article_published_time":"2023-01-09T09:00:37+00:00","og_image":[{"width":1500,"height":790,"url":"https:\/\/www.anovapeneira.gal\/wp-content\/uploads\/2022\/05\/lucia_Santos.jpg","type":"image\/jpeg"}],"author":"Redacci\u00f3n A Nova Peneira","twitter_card":"summary_large_image","twitter_creator":"@APeneira","twitter_site":"@APeneira","twitter_misc":{"Escrito por":"Redacci\u00f3n A Nova Peneira","Tempo de lectura":"6 minutos"},"schema":{"@context":"https:\/\/schema.org","@graph":[{"@type":"Article","@id":"https:\/\/www.anovapeneira.gal\/index.php\/2023\/01\/09\/o-bng-ofrece-alternativas-para-impulsar-marin\/#article","isPartOf":{"@id":"https:\/\/www.anovapeneira.gal\/index.php\/2023\/01\/09\/o-bng-ofrece-alternativas-para-impulsar-marin\/"},"author":{"name":"Redacci\u00f3n A Nova Peneira","@id":"https:\/\/www.anovapeneira.gal\/#\/schema\/person\/b93e3f8932e3f8da96334607eb6ac6aa"},"headline":"O BNG ofrece alternativas para impulsar Mar\u00edn","datePublished":"2023-01-09T09:00:37+00:00","mainEntityOfPage":{"@id":"https:\/\/www.anovapeneira.gal\/index.php\/2023\/01\/09\/o-bng-ofrece-alternativas-para-impulsar-marin\/"},"wordCount":1179,"commentCount":0,"publisher":{"@id":"https:\/\/www.anovapeneira.gal\/#organization"},"image":{"@id":"https:\/\/www.anovapeneira.gal\/index.php\/2023\/01\/09\/o-bng-ofrece-alternativas-para-impulsar-marin\/#primaryimage"},"thumbnailUrl":"https:\/\/www.anovapeneira.gal\/wp-content\/uploads\/2022\/05\/lucia_Santos.jpg","keywords":["Concello de Mar\u00edn"],"articleSection":["Morrazo"],"inLanguage":"gl-ES","potentialAction":[{"@type":"CommentAction","name":"Comment","target":["https:\/\/www.anovapeneira.gal\/index.php\/2023\/01\/09\/o-bng-ofrece-alternativas-para-impulsar-marin\/#respond"]}]},{"@type":"WebPage","@id":"https:\/\/www.anovapeneira.gal\/index.php\/2023\/01\/09\/o-bng-ofrece-alternativas-para-impulsar-marin\/","url":"https:\/\/www.anovapeneira.gal\/index.php\/2023\/01\/09\/o-bng-ofrece-alternativas-para-impulsar-marin\/","name":"O BNG ofrece alternativas para impulsar Mar\u00edn -","isPartOf":{"@id":"https:\/\/www.anovapeneira.gal\/#website"},"primaryImageOfPage":{"@id":"https:\/\/www.anovapeneira.gal\/index.php\/2023\/01\/09\/o-bng-ofrece-alternativas-para-impulsar-marin\/#primaryimage"},"image":{"@id":"https:\/\/www.anovapeneira.gal\/index.php\/2023\/01\/09\/o-bng-ofrece-alternativas-para-impulsar-marin\/#primaryimage"},"thumbnailUrl":"https:\/\/www.anovapeneira.gal\/wp-content\/uploads\/2022\/05\/lucia_Santos.jpg","datePublished":"2023-01-09T09:00:37+00:00","description":"Luc\u00eda Santos afirma que \u201ca mala xesti\u00f3n do goberno do PP est\u00e1 facendo que Mar\u00edn entrara nunha din\u00e1mica moi negativa, que se manifesta de xeito claro e obxectivo na dram\u00e1tica perda de poboaci\u00f3n nos 12 anos de mandato do PP.\u201d","breadcrumb":{"@id":"https:\/\/www.anovapeneira.gal\/index.php\/2023\/01\/09\/o-bng-ofrece-alternativas-para-impulsar-marin\/#breadcrumb"},"inLanguage":"gl-ES","potentialAction":[{"@type":"ReadAction","target":["https:\/\/www.anovapeneira.gal\/index.php\/2023\/01\/09\/o-bng-ofrece-alternativas-para-impulsar-marin\/"]}]},{"@type":"ImageObject","inLanguage":"gl-ES","@id":"https:\/\/www.anovapeneira.gal\/index.php\/2023\/01\/09\/o-bng-ofrece-alternativas-para-impulsar-marin\/#primaryimage","url":"https:\/\/www.anovapeneira.gal\/wp-content\/uploads\/2022\/05\/lucia_Santos.jpg","contentUrl":"https:\/\/www.anovapeneira.gal\/wp-content\/uploads\/2022\/05\/lucia_Santos.jpg","width":1500,"height":790,"caption":"Luc\u00eda Santos BNG Mar\u00edn"},{"@type":"BreadcrumbList","@id":"https:\/\/www.anovapeneira.gal\/index.php\/2023\/01\/09\/o-bng-ofrece-alternativas-para-impulsar-marin\/#breadcrumb","itemListElement":[{"@type":"ListItem","position":1,"name":"Portada","item":"https:\/\/www.anovapeneira.gal\/"},{"@type":"ListItem","position":2,"name":"O BNG ofrece alternativas para impulsar Mar\u00edn"}]},{"@type":"WebSite","@id":"https:\/\/www.anovapeneira.gal\/#website","url":"https:\/\/www.anovapeneira.gal\/","name":"","description":"Xornal galego de informaci\u00f3n xeral Publicaci\u00f3n mensual de novas de Galicia e en especial dos Concellos da sur da provincia de Pontevedra.","publisher":{"@id":"https:\/\/www.anovapeneira.gal\/#organization"},"potentialAction":[{"@type":"SearchAction","target":{"@type":"EntryPoint","urlTemplate":"https:\/\/www.anovapeneira.gal\/?s={search_term_string}"},"query-input":{"@type":"PropertyValueSpecification","valueRequired":true,"valueName":"search_term_string"}}],"inLanguage":"gl-ES"},{"@type":"Organization","@id":"https:\/\/www.anovapeneira.gal\/#organization","name":"A Nova Peneira","url":"https:\/\/www.anovapeneira.gal\/","logo":{"@type":"ImageObject","inLanguage":"gl-ES","@id":"https:\/\/www.anovapeneira.gal\/#\/schema\/logo\/image\/","url":"http:\/\/www.anovapeneira.gal\/wp-content\/uploads\/2019\/06\/logo_a_nova_peneira_portal_web.png","contentUrl":"http:\/\/www.anovapeneira.gal\/wp-content\/uploads\/2019\/06\/logo_a_nova_peneira_portal_web.png","width":300,"height":100,"caption":"A Nova Peneira"},"image":{"@id":"https:\/\/www.anovapeneira.gal\/#\/schema\/logo\/image\/"},"sameAs":["https:\/\/www.facebook.com\/anovapeneira","https:\/\/x.com\/APeneira"]},{"@type":"Person","@id":"https:\/\/www.anovapeneira.gal\/#\/schema\/person\/b93e3f8932e3f8da96334607eb6ac6aa","name":"Redacci\u00f3n A Nova Peneira","image":{"@type":"ImageObject","inLanguage":"gl-ES","@id":"https:\/\/secure.gravatar.com\/avatar\/c052a2551a06e23fac63626232eaa90abd78dbcf1700fc46a2b2c89fd27b735f?s=96&d=mm&r=g","url":"https:\/\/secure.gravatar.com\/avatar\/c052a2551a06e23fac63626232eaa90abd78dbcf1700fc46a2b2c89fd27b735f?s=96&d=mm&r=g","contentUrl":"https:\/\/secure.gravatar.com\/avatar\/c052a2551a06e23fac63626232eaa90abd78dbcf1700fc46a2b2c89fd27b735f?s=96&d=mm&r=g","caption":"Redacci\u00f3n A Nova Peneira"},"sameAs":["http:\/\/www.anovapeneira.gal\/"],"url":"https:\/\/www.anovapeneira.gal\/index.php\/author\/redactor\/"}]}},"jetpack_featured_media_url":"https:\/\/www.anovapeneira.gal\/wp-content\/uploads\/2022\/05\/lucia_Santos.jpg","_links":{"self":[{"href":"https:\/\/www.anovapeneira.gal\/index.php\/wp-json\/wp\/v2\/posts\/8885","targetHints":{"allow":["GET"]}}],"collection":[{"href":"https:\/\/www.anovapeneira.gal\/index.php\/wp-json\/wp\/v2\/posts"}],"about":[{"href":"https:\/\/www.anovapeneira.gal\/index.php\/wp-json\/wp\/v2\/types\/post"}],"author":[{"embeddable":true,"href":"https:\/\/www.anovapeneira.gal\/index.php\/wp-json\/wp\/v2\/users\/3"}],"replies":[{"embeddable":true,"href":"https:\/\/www.anovapeneira.gal\/index.php\/wp-json\/wp\/v2\/comments?post=8885"}],"version-history":[{"count":1,"href":"https:\/\/www.anovapeneira.gal\/index.php\/wp-json\/wp\/v2\/posts\/8885\/revisions"}],"predecessor-version":[{"id":8886,"href":"https:\/\/www.anovapeneira.gal\/index.php\/wp-json\/wp\/v2\/posts\/8885\/revisions\/8886"}],"wp:featuredmedia":[{"embeddable":true,"href":"https:\/\/www.anovapeneira.gal\/index.php\/wp-json\/wp\/v2\/media\/7564"}],"wp:attachment":[{"href":"https:\/\/www.anovapeneira.gal\/index.php\/wp-json\/wp\/v2\/media?parent=8885"}],"wp:term":[{"taxonomy":"category","embeddable":true,"href":"https:\/\/www.anovapeneira.gal\/index.php\/wp-json\/wp\/v2\/categories?post=8885"},{"taxonomy":"post_tag","embeddable":true,"href":"https:\/\/www.anovapeneira.gal\/index.php\/wp-json\/wp\/v2\/tags?post=8885"}],"curies":[{"name":"wp","href":"https:\/\/api.w.org\/{rel}","templated":true}]}}