{"id":8887,"date":"2023-01-09T12:00:46","date_gmt":"2023-01-09T11:00:46","guid":{"rendered":"https:\/\/www.anovapeneira.gal\/?p=8887"},"modified":"2023-01-05T19:34:56","modified_gmt":"2023-01-05T18:34:56","slug":"maria-alvarez-de-la-granja-profesora-da-facultade-de-filoloxia-da-usc-e-secretaria-do-ilg","status":"publish","type":"post","link":"https:\/\/www.anovapeneira.gal\/index.php\/2023\/01\/09\/maria-alvarez-de-la-granja-profesora-da-facultade-de-filoloxia-da-usc-e-secretaria-do-ilg\/","title":{"rendered":"Mar\u00eda \u00c1lvarez De La Granja profesora da facultade de filolox\u00eda da USC e secretaria do ILG"},"content":{"rendered":"\n<p><strong>Mar\u00eda \u00c1lvarez, Maruxa para as persoas que a co\u00f1ecemos desde os cada vez m\u00e1is afastados d\u00edas luminosos da mocidade, \u00e9 unha experta docente da facultade de filolox\u00eda galega da USC, con arredor de 25 anos de experiencia nas aulas compostel\u00e1s, e que asemade \u00e9 na actualidade a Secretaria do Instituto da Lingua Galega. Ela \u00e9, xa que logo, unha voz m\u00e1is que autorizada para ofrecer unha diagnose rigorosa e solvente sobre a situaci\u00f3n da sa\u00fade do noso idioma: <\/strong><strong>terriblemente preocupante<\/strong><strong> para todo aquel que te\u00f1a ollos para ver ,o\u00eddos para o\u00edr, honestidade intelectual e non estea contaminado por ning\u00fan tipo de apriorismo.<\/strong><\/p>\n\n\n\n<p>\u201c <strong>A sa\u00fade do galego \u00e9 terriblemente<\/strong><strong>preocupante\u201d<\/strong><\/p>\n\n\n\n<p><strong>Cantos anos levas dando clases na Universidade?<\/strong><\/p>\n\n\n\n<blockquote class=\"wp-block-quote is-layout-flow wp-block-quote-is-layout-flow\"><p>Creo que comecei en 1997<\/p><\/blockquote>\n\n\n\n<p><strong>A ti a vocaci\u00f3n docente venche de familia,verdade?<\/strong><\/p>\n\n\n\n<blockquote class=\"wp-block-quote is-layout-flow wp-block-quote-is-layout-flow\"><p>Si, os meus av\u00f3s maternos eran ambos profesores en Ma\u00f1ufe. Eva, a mi\u00f1a avoa era a profesora das nenas, e Roxelio, o meu av\u00f3 era o profesor dos nenos na mesma parroquia. O av\u00f3 era de Oia, e a avoa da Ca\u00f1iza, compartiron destino na escola desa parroquia de Gondomar e al\u00ed se co\u00f1eceron. O meu av\u00f3 paterno, a\u00ednda que non exerceu, tam\u00e9n era mestre.<\/p><\/blockquote>\n\n\n\n<p><strong>Xa de nena ti\u00f1as claro que quer\u00edas ser profesora?<\/strong><\/p>\n\n\n\n<blockquote class=\"wp-block-quote is-layout-flow wp-block-quote-is-layout-flow\"><p>Si, eu xogaba a darlle clases \u00e1s monecas. Se puidera volver atr\u00e1s ser\u00eda mestra tam\u00e9n, pero de educaci\u00f3n primaria.<\/p><\/blockquote>\n\n\n\n<p><strong>A vocaci\u00f3n pola filolox\u00eda tam\u00e9n che veu de nena?<\/strong><\/p>\n\n\n\n<blockquote class=\"wp-block-quote is-layout-flow wp-block-quote-is-layout-flow\"><p>Pois non, \u00e1 filolox\u00eda cheguei un pouco por casualidade. De feito a mi\u00f1a primeira opci\u00f3n foi as matem\u00e1ticas, tam\u00e9n estiven preto de estudar franc\u00e9s pero finalmente decidinme por galego.<\/p><\/blockquote>\n\n\n\n<p><strong>Remataches a carreira con moi bo expediente e xa quedaches a dar clase na mesma facultade non?<\/strong><\/p>\n\n\n\n<blockquote class=\"wp-block-quote is-layout-flow wp-block-quote-is-layout-flow\"><p>Si, inicialmente tiven unha bolsa de formaci\u00f3n do profesorado universitario e logo xa entrei como profesora<\/p><\/blockquote>\n\n\n\n<p><strong>Despois dun cuarto de s\u00e9culo como profesora universitaria podemos dicir que a t\u00faa vida laboral rematar\u00e1 no mesmo sitio que no que comezou ?<\/strong><\/p>\n\n\n\n<blockquote class=\"wp-block-quote is-layout-flow wp-block-quote-is-layout-flow\"><p>A vida d\u00e1 moitas voltas, pero eu creo que si.<\/p><\/blockquote>\n\n\n\n<p><strong>Na \u00e9poca na que ti e eu estudabamos, en filolox\u00eda, hab\u00eda unhas promoci\u00f3ns inmensas de m\u00e1is de 100 persoas por aula. Iso cambiou moito ?<\/strong><\/p>\n\n\n\n<blockquote class=\"wp-block-quote is-layout-flow wp-block-quote-is-layout-flow\"><p>Reduciuse substancialmente o n\u00famero de alumnas e alumnos si, pero non \u00e9 f\u00e1cil determinar unha li\u00f1a m\u00e1is ou menos regular pois vai como a saltos. Houbo \u00e9pocas de m\u00e1is, e \u00e9pocas de menos, de moitos menos abof\u00e9. Tanto \u00e9 as\u00ed que nalg\u00fan momentotivemos que artellar un plan de viabilidade porque non chegabamos ao n\u00famero m\u00ednimo que esix\u00eda a Xunta. En calquera caso p\u00f3dese dicir que nos \u00faltimos 25 anos os alumnos e alumnas que se matriculan en filolox\u00eda galega reduc\u00edronse en m\u00e1is do 50%<\/p><\/blockquote>\n\n\n\n<p><strong>E cal ser\u00e1 a raz\u00f3n?<\/strong><\/p>\n\n\n\n<blockquote class=\"wp-block-quote is-layout-flow wp-block-quote-is-layout-flow\"><p>N\u00f3s tratamos de indagalo, e a conclusi\u00f3n \u00e1 que chegamos \u00e9 que a resposta est\u00e1 nunha combinaci\u00f3ns de motivos:<\/p><\/blockquote>\n\n\n\n<p>-Os prexu\u00edzos sobre as humanidades<\/p>\n\n\n\n<p>-Os prexu\u00edzos arredor da carreira en concreto de filolox\u00eda galega<\/p>\n\n\n\n<p>-Apriorismos arredor dos alumnos e alumnas que a escollen( \u201chippies ou do BNG\u201d)<\/p>\n\n\n\n<p>-A percepci\u00f3n de que \u00e9 unha carreira que carece de sa\u00eddas laborais<\/p>\n\n\n\n<p><strong>Ese descenso salientable de alumnos e alumnas que se d\u00e1 en filolox\u00eda galega tam\u00e9n se produce no resto das filolox\u00edas?<\/strong><\/p>\n\n\n\n<blockquote class=\"wp-block-quote is-layout-flow wp-block-quote-is-layout-flow\"><p>En filolox\u00eda inglesa non existe descenso, e en filolox\u00eda espa\u00f1ola \u00e9 moito menos acusado.<\/p><\/blockquote>\n\n\n\n<p><strong>Cando estudabamos n\u00f3s, a carreira era esencialmente feminina, hab\u00eda moitas m\u00e1is alumnas que alumnos. E agora?<\/strong><\/p>\n\n\n\n<blockquote class=\"wp-block-quote is-layout-flow wp-block-quote-is-layout-flow\"><p>Segue a ser as\u00ed<\/p><\/blockquote>\n\n\n\n<p><strong>Por que?<\/strong><\/p>\n\n\n\n<blockquote class=\"wp-block-quote is-layout-flow wp-block-quote-is-layout-flow\"><p>\u00c9 dif\u00edcil de saber. Ser\u00e1 que as mozas son m\u00e1is \u201clistas \u201c e escollen unha carreira tan bonita e tan interesante como a nosa. A min d\u00e1me rabia cando se estuda a relaci\u00f3n da muller coa ciencia como se prescinde absolutamente das filolox\u00edas, rama na que a muller \u00e9 moi maioritaria e que tam\u00e9n \u00e9 ciencia como pode ser a f\u00edsica ou as matem\u00e1ticas.<\/p><\/blockquote>\n\n\n\n<p><strong>As taxas de abandono dos estudos antes de rematar a carreira como est\u00e1n?<\/strong><\/p>\n\n\n\n<blockquote class=\"wp-block-quote is-layout-flow wp-block-quote-is-layout-flow\"><p>Temos un grave problema de taxa de abandono, en boa medida porque hai xente que se matricula en galego pois \u00e9 das poucas carreiras nas que a nota de corte lle permite entrar. Pasan un ano e logo cambian. Nas filolox\u00edas o abandono \u00e9 bastante frecuente e en filolox\u00eda galega \u00e9 especialmente alto.<\/p><\/blockquote>\n\n\n\n<p><strong>P\u00f3dese establecer un perfil xeral das alumnas e alumnos que deciden estudar filolox\u00eda galega?<\/strong><\/p>\n\n\n\n<blockquote class=\"wp-block-quote is-layout-flow wp-block-quote-is-layout-flow\"><p>En xeral son persoas concienciadas co idioma e coa nosa cultura, galegofalantes en orixe maioritariamente, malia que tam\u00e9n temos alg\u00fan neofalante, e son xente especialmente creativa: escriben,fan teatro,compo\u00f1en m\u00fasica&#8230;&#8230;Pero tam\u00e9n os hai que empregan o castel\u00e1n como lingua habitual a\u00ednda que son minor\u00eda. A procedencia \u00e9 fundamentalmente de Vilas e zonas rurais<\/p><\/blockquote>\n\n\n\n<p><strong>Ti es secretaria do ILG Maruxa. A discrepancia co reintegracionismo existe a\u00ednda?<\/strong><\/p>\n\n\n\n<blockquote class=\"wp-block-quote is-layout-flow wp-block-quote-is-layout-flow\"><p>Eu creo que non \u00e9 tan intensa como o foi no seu tempo, pero estar segue a estar<\/p><\/blockquote>\n\n\n\n<p><strong>Por que consideras que as posici\u00f3ns oficiais son m\u00e1is adecuadas que as posici\u00f3ns que defenden os reintegracionistas?<\/strong><\/p>\n\n\n\n<blockquote class=\"wp-block-quote is-layout-flow wp-block-quote-is-layout-flow\"><p>Porque est\u00e1n m\u00e1is pr\u00f3ximas \u00e1 realidade do que fala a xente. O galego normativo ten que achegarse o m\u00e1ximo posible ao galego que existe na fala real. Eu comprendo os argumentos do reintegracionismo, par\u00e9ceme unha posici\u00f3n perfectamente defendible desde o plano intelectual, pero \u00e9 unha opini\u00f3n que non comparto.<\/p><\/blockquote>\n\n\n\n<p><strong>Como est\u00e1 a sa\u00fade do idioma galego neste momento concreto?<\/strong><\/p>\n\n\n\n<blockquote class=\"wp-block-quote is-layout-flow wp-block-quote-is-layout-flow\"><p>\u00c9 terriblemente preocupante. Por primeira vez na historia o castel\u00e1n conv\u00e9rtese no idioma m\u00e1is usado en Galicia, a diferenza global \u00e9 moi pequena , pero na mocidade o uso do idioma castel\u00e1n supera de maneira abafadora ao uso do idioma galego. A conclusi\u00f3n \u00e9 evidente: se os mozos e as mozas usan de maneira absolutamente maioritaria o castel\u00e1n, ese ser\u00e1 o idioma no que eduquen aos seus fillos e fillas, e nun par de xeraci\u00f3ns o idioma galego ter\u00e1 unha presenza moi minoritaria en Galicia.<\/p><\/blockquote>\n\n\n\n<blockquote class=\"wp-block-quote is-layout-flow wp-block-quote-is-layout-flow\"><p>E xa non \u00e9 s\u00f3 unha cuesti\u00f3n de uso, sen\u00f3n tam\u00e9n de dominio. Unha porcentaxe elevada de rapaces e rapazas manifestan carecer de capacidade de uso oral e escrito do noso idioma.<\/p><\/blockquote>\n\n\n\n<p><strong>Por desgraza, estou absolutamente de acordo contigo Maruxa, de non facermos nada o cami\u00f1o \u00e9 a morte inexorable do idioma galego. Esta situaci\u00f3n p\u00f3dese reverter a\u00ednda?<\/strong><\/p>\n\n\n\n<h2 class=\"wp-block-heading\">Si, si que se pode cambiar. A batalla non se pode dar por perdida e c\u00f3mpre seguirmos pelexando para tratar de mudar esta situaci\u00f3n tan dif\u00edcil<\/h2>\n\n\n\n<p><strong>E que \u00e9 o que hai que facer para tratar de cambiar a tendencia?<\/strong><\/p>\n\n\n\n<blockquote class=\"wp-block-quote is-layout-flow wp-block-quote-is-layout-flow\"><p>O galego est\u00e1 mal entre outras raz\u00f3ns porque se tomaron decisi\u00f3ns pol\u00edticas que o levaron \u00e1 situaci\u00f3n actual. A s\u00faa recuperaci\u00f3n s\u00f3 pode vir dada da toma de decisi\u00f3ns pol\u00edticas diferentes que incidan na discriminaci\u00f3n positiva en prol do galego que o leve a unha situaci\u00f3n de equidade.<\/p><\/blockquote>\n\n\n\n<blockquote class=\"wp-block-quote is-layout-flow wp-block-quote-is-layout-flow\"><p>Hai que darlle un pulo importante ao galego no ensino, inverter cartos p\u00fablicos nos medios de comunicaci\u00f3n en idioma galego, e crear referentes en galego quen sexan atractivos para a mocidade.<\/p><\/blockquote>\n","protected":false},"excerpt":{"rendered":"<div class=\"mh-excerpt\"><p>Mar\u00eda \u00c1lvarez, Maruxa para as persoas que a co\u00f1ecemos desde os cada vez m\u00e1is afastados d\u00edas luminosos da mocidade, \u00e9 unha experta docente da facultade de filolox\u00eda galega da USC, con arredor de 25 anos de experiencia nas aulas compostel\u00e1s, e que asemade \u00e9 na actualidade a Secretaria do Instituto da Lingua Galega <a class=\"mh-excerpt-more\" href=\"https:\/\/www.anovapeneira.gal\/index.php\/2023\/01\/09\/maria-alvarez-de-la-granja-profesora-da-facultade-de-filoloxia-da-usc-e-secretaria-do-ilg\/\" title=\"Mar\u00eda \u00c1lvarez De La Granja profesora da facultade de filolox\u00eda da USC e secretaria do ILG\">[&#8230;]<\/a><\/p>\n<\/div>","protected":false},"author":2,"featured_media":8889,"comment_status":"open","ping_status":"open","sticky":false,"template":"","format":"standard","meta":{"_exactmetrics_skip_tracking":false,"_exactmetrics_sitenote_active":false,"_exactmetrics_sitenote_note":"","_exactmetrics_sitenote_category":0,"footnotes":""},"categories":[264],"tags":[1041],"class_list":{"0":"post-8887","1":"post","2":"type-post","3":"status-publish","4":"format-standard","5":"has-post-thumbnail","7":"category-entrevistas-galicia","8":"tag-usc"},"yoast_head":"<!-- This site is optimized with the Yoast SEO plugin v27.4 - https:\/\/yoast.com\/product\/yoast-seo-wordpress\/ -->\n<title>Mar\u00eda \u00c1lvarez De La Granja profesora da facultade de filolox\u00eda da USC e secretaria do ILG -<\/title>\n<meta name=\"description\" content=\"Mar\u00eda \u00c1lvarez, Maruxa para as persoas que a co\u00f1ecemos desde os cada vez m\u00e1is afastados d\u00edas luminosos da mocidade, \u00e9 unha experta docente da facultade de filolox\u00eda galega da USC, con arredor de 25 anos de experiencia nas aulas compostel\u00e1s, e que asemade \u00e9 na actualidade a Secretaria do Instituto da Lingua Galega\" \/>\n<meta name=\"robots\" content=\"index, follow, max-snippet:-1, max-image-preview:large, max-video-preview:-1\" \/>\n<link rel=\"canonical\" href=\"https:\/\/www.anovapeneira.gal\/index.php\/2023\/01\/09\/maria-alvarez-de-la-granja-profesora-da-facultade-de-filoloxia-da-usc-e-secretaria-do-ilg\/\" \/>\n<meta property=\"og:locale\" content=\"gl_ES\" \/>\n<meta property=\"og:type\" content=\"article\" \/>\n<meta property=\"og:title\" content=\"Mar\u00eda \u00c1lvarez De La Granja profesora da facultade de filolox\u00eda da USC e secretaria do ILG -\" \/>\n<meta property=\"og:description\" content=\"Mar\u00eda \u00c1lvarez, Maruxa para as persoas que a co\u00f1ecemos desde os cada vez m\u00e1is afastados d\u00edas luminosos da mocidade, \u00e9 unha experta docente da facultade de filolox\u00eda galega da USC, con arredor de 25 anos de experiencia nas aulas compostel\u00e1s, e que asemade \u00e9 na actualidade a Secretaria do Instituto da Lingua Galega\" \/>\n<meta property=\"og:url\" content=\"https:\/\/www.anovapeneira.gal\/index.php\/2023\/01\/09\/maria-alvarez-de-la-granja-profesora-da-facultade-de-filoloxia-da-usc-e-secretaria-do-ilg\/\" \/>\n<meta property=\"article:publisher\" content=\"https:\/\/www.facebook.com\/anovapeneira\" \/>\n<meta property=\"article:published_time\" content=\"2023-01-09T11:00:46+00:00\" \/>\n<meta property=\"og:image\" content=\"https:\/\/www.anovapeneira.gal\/wp-content\/uploads\/2023\/01\/maruxa_usc.jpg\" \/>\n\t<meta property=\"og:image:width\" content=\"720\" \/>\n\t<meta property=\"og:image:height\" content=\"432\" \/>\n\t<meta property=\"og:image:type\" content=\"image\/jpeg\" \/>\n<meta name=\"author\" content=\"Tino Lago\" \/>\n<meta name=\"twitter:card\" content=\"summary_large_image\" \/>\n<meta name=\"twitter:creator\" content=\"@APeneira\" \/>\n<meta name=\"twitter:site\" content=\"@APeneira\" \/>\n<meta name=\"twitter:label1\" content=\"Escrito por\" \/>\n\t<meta name=\"twitter:data1\" content=\"Tino Lago\" \/>\n\t<meta name=\"twitter:label2\" content=\"Tempo de lectura\" \/>\n\t<meta name=\"twitter:data2\" content=\"7 minutos\" \/>\n<script type=\"application\/ld+json\" class=\"yoast-schema-graph\">{\"@context\":\"https:\\\/\\\/schema.org\",\"@graph\":[{\"@type\":\"Article\",\"@id\":\"https:\\\/\\\/www.anovapeneira.gal\\\/index.php\\\/2023\\\/01\\\/09\\\/maria-alvarez-de-la-granja-profesora-da-facultade-de-filoloxia-da-usc-e-secretaria-do-ilg\\\/#article\",\"isPartOf\":{\"@id\":\"https:\\\/\\\/www.anovapeneira.gal\\\/index.php\\\/2023\\\/01\\\/09\\\/maria-alvarez-de-la-granja-profesora-da-facultade-de-filoloxia-da-usc-e-secretaria-do-ilg\\\/\"},\"author\":{\"name\":\"Tino Lago\",\"@id\":\"https:\\\/\\\/www.anovapeneira.gal\\\/#\\\/schema\\\/person\\\/424dfe65e3070fd8a44d22d2c088762a\"},\"headline\":\"Mar\u00eda \u00c1lvarez De La Granja profesora da facultade de filolox\u00eda da USC e secretaria do ILG\",\"datePublished\":\"2023-01-09T11:00:46+00:00\",\"mainEntityOfPage\":{\"@id\":\"https:\\\/\\\/www.anovapeneira.gal\\\/index.php\\\/2023\\\/01\\\/09\\\/maria-alvarez-de-la-granja-profesora-da-facultade-de-filoloxia-da-usc-e-secretaria-do-ilg\\\/\"},\"wordCount\":1242,\"commentCount\":0,\"publisher\":{\"@id\":\"https:\\\/\\\/www.anovapeneira.gal\\\/#organization\"},\"image\":{\"@id\":\"https:\\\/\\\/www.anovapeneira.gal\\\/index.php\\\/2023\\\/01\\\/09\\\/maria-alvarez-de-la-granja-profesora-da-facultade-de-filoloxia-da-usc-e-secretaria-do-ilg\\\/#primaryimage\"},\"thumbnailUrl\":\"https:\\\/\\\/www.anovapeneira.gal\\\/wp-content\\\/uploads\\\/2023\\\/01\\\/maruxa_usc.jpg\",\"keywords\":[\"USC\"],\"articleSection\":[\"Entrevistas\"],\"inLanguage\":\"gl-ES\",\"potentialAction\":[{\"@type\":\"CommentAction\",\"name\":\"Comment\",\"target\":[\"https:\\\/\\\/www.anovapeneira.gal\\\/index.php\\\/2023\\\/01\\\/09\\\/maria-alvarez-de-la-granja-profesora-da-facultade-de-filoloxia-da-usc-e-secretaria-do-ilg\\\/#respond\"]}]},{\"@type\":\"WebPage\",\"@id\":\"https:\\\/\\\/www.anovapeneira.gal\\\/index.php\\\/2023\\\/01\\\/09\\\/maria-alvarez-de-la-granja-profesora-da-facultade-de-filoloxia-da-usc-e-secretaria-do-ilg\\\/\",\"url\":\"https:\\\/\\\/www.anovapeneira.gal\\\/index.php\\\/2023\\\/01\\\/09\\\/maria-alvarez-de-la-granja-profesora-da-facultade-de-filoloxia-da-usc-e-secretaria-do-ilg\\\/\",\"name\":\"Mar\u00eda \u00c1lvarez De La Granja profesora da facultade de filolox\u00eda da USC e secretaria do ILG -\",\"isPartOf\":{\"@id\":\"https:\\\/\\\/www.anovapeneira.gal\\\/#website\"},\"primaryImageOfPage\":{\"@id\":\"https:\\\/\\\/www.anovapeneira.gal\\\/index.php\\\/2023\\\/01\\\/09\\\/maria-alvarez-de-la-granja-profesora-da-facultade-de-filoloxia-da-usc-e-secretaria-do-ilg\\\/#primaryimage\"},\"image\":{\"@id\":\"https:\\\/\\\/www.anovapeneira.gal\\\/index.php\\\/2023\\\/01\\\/09\\\/maria-alvarez-de-la-granja-profesora-da-facultade-de-filoloxia-da-usc-e-secretaria-do-ilg\\\/#primaryimage\"},\"thumbnailUrl\":\"https:\\\/\\\/www.anovapeneira.gal\\\/wp-content\\\/uploads\\\/2023\\\/01\\\/maruxa_usc.jpg\",\"datePublished\":\"2023-01-09T11:00:46+00:00\",\"description\":\"Mar\u00eda \u00c1lvarez, Maruxa para as persoas que a co\u00f1ecemos desde os cada vez m\u00e1is afastados d\u00edas luminosos da mocidade, \u00e9 unha experta docente da facultade de filolox\u00eda galega da USC, con arredor de 25 anos de experiencia nas aulas compostel\u00e1s, e que asemade \u00e9 na actualidade a Secretaria do Instituto da Lingua Galega\",\"breadcrumb\":{\"@id\":\"https:\\\/\\\/www.anovapeneira.gal\\\/index.php\\\/2023\\\/01\\\/09\\\/maria-alvarez-de-la-granja-profesora-da-facultade-de-filoloxia-da-usc-e-secretaria-do-ilg\\\/#breadcrumb\"},\"inLanguage\":\"gl-ES\",\"potentialAction\":[{\"@type\":\"ReadAction\",\"target\":[\"https:\\\/\\\/www.anovapeneira.gal\\\/index.php\\\/2023\\\/01\\\/09\\\/maria-alvarez-de-la-granja-profesora-da-facultade-de-filoloxia-da-usc-e-secretaria-do-ilg\\\/\"]}]},{\"@type\":\"ImageObject\",\"inLanguage\":\"gl-ES\",\"@id\":\"https:\\\/\\\/www.anovapeneira.gal\\\/index.php\\\/2023\\\/01\\\/09\\\/maria-alvarez-de-la-granja-profesora-da-facultade-de-filoloxia-da-usc-e-secretaria-do-ilg\\\/#primaryimage\",\"url\":\"https:\\\/\\\/www.anovapeneira.gal\\\/wp-content\\\/uploads\\\/2023\\\/01\\\/maruxa_usc.jpg\",\"contentUrl\":\"https:\\\/\\\/www.anovapeneira.gal\\\/wp-content\\\/uploads\\\/2023\\\/01\\\/maruxa_usc.jpg\",\"width\":720,\"height\":432,\"caption\":\"Mar\u00eda \u00c1lvarez De La Granja profesora da facultade de filolox\u00eda da USC e secretaria do ILG\"},{\"@type\":\"BreadcrumbList\",\"@id\":\"https:\\\/\\\/www.anovapeneira.gal\\\/index.php\\\/2023\\\/01\\\/09\\\/maria-alvarez-de-la-granja-profesora-da-facultade-de-filoloxia-da-usc-e-secretaria-do-ilg\\\/#breadcrumb\",\"itemListElement\":[{\"@type\":\"ListItem\",\"position\":1,\"name\":\"Portada\",\"item\":\"https:\\\/\\\/www.anovapeneira.gal\\\/\"},{\"@type\":\"ListItem\",\"position\":2,\"name\":\"Mar\u00eda \u00c1lvarez De La Granja profesora da facultade de filolox\u00eda da USC e secretaria do ILG\"}]},{\"@type\":\"WebSite\",\"@id\":\"https:\\\/\\\/www.anovapeneira.gal\\\/#website\",\"url\":\"https:\\\/\\\/www.anovapeneira.gal\\\/\",\"name\":\"\",\"description\":\"Xornal galego de informaci\u00f3n xeral Publicaci\u00f3n mensual de novas de Galicia e en especial dos Concellos da sur da provincia de Pontevedra.\",\"publisher\":{\"@id\":\"https:\\\/\\\/www.anovapeneira.gal\\\/#organization\"},\"potentialAction\":[{\"@type\":\"SearchAction\",\"target\":{\"@type\":\"EntryPoint\",\"urlTemplate\":\"https:\\\/\\\/www.anovapeneira.gal\\\/?s={search_term_string}\"},\"query-input\":{\"@type\":\"PropertyValueSpecification\",\"valueRequired\":true,\"valueName\":\"search_term_string\"}}],\"inLanguage\":\"gl-ES\"},{\"@type\":\"Organization\",\"@id\":\"https:\\\/\\\/www.anovapeneira.gal\\\/#organization\",\"name\":\"A Nova Peneira\",\"url\":\"https:\\\/\\\/www.anovapeneira.gal\\\/\",\"logo\":{\"@type\":\"ImageObject\",\"inLanguage\":\"gl-ES\",\"@id\":\"https:\\\/\\\/www.anovapeneira.gal\\\/#\\\/schema\\\/logo\\\/image\\\/\",\"url\":\"http:\\\/\\\/www.anovapeneira.gal\\\/wp-content\\\/uploads\\\/2019\\\/06\\\/logo_a_nova_peneira_portal_web.png\",\"contentUrl\":\"http:\\\/\\\/www.anovapeneira.gal\\\/wp-content\\\/uploads\\\/2019\\\/06\\\/logo_a_nova_peneira_portal_web.png\",\"width\":300,\"height\":100,\"caption\":\"A Nova Peneira\"},\"image\":{\"@id\":\"https:\\\/\\\/www.anovapeneira.gal\\\/#\\\/schema\\\/logo\\\/image\\\/\"},\"sameAs\":[\"https:\\\/\\\/www.facebook.com\\\/anovapeneira\",\"https:\\\/\\\/x.com\\\/APeneira\"]},{\"@type\":\"Person\",\"@id\":\"https:\\\/\\\/www.anovapeneira.gal\\\/#\\\/schema\\\/person\\\/424dfe65e3070fd8a44d22d2c088762a\",\"name\":\"Tino Lago\",\"image\":{\"@type\":\"ImageObject\",\"inLanguage\":\"gl-ES\",\"@id\":\"https:\\\/\\\/secure.gravatar.com\\\/avatar\\\/b3df6a06e44bab3111583b90f0f33a0379ee5e3d22cbadd232d39f21c30c62be?s=96&d=mm&r=g\",\"url\":\"https:\\\/\\\/secure.gravatar.com\\\/avatar\\\/b3df6a06e44bab3111583b90f0f33a0379ee5e3d22cbadd232d39f21c30c62be?s=96&d=mm&r=g\",\"contentUrl\":\"https:\\\/\\\/secure.gravatar.com\\\/avatar\\\/b3df6a06e44bab3111583b90f0f33a0379ee5e3d22cbadd232d39f21c30c62be?s=96&d=mm&r=g\",\"caption\":\"Tino Lago\"},\"sameAs\":[\"http:\\\/\\\/www.anovapeneira.gal\"],\"url\":\"https:\\\/\\\/www.anovapeneira.gal\\\/index.php\\\/author\\\/director\\\/\"}]}<\/script>\n<!-- \/ Yoast SEO plugin. -->","yoast_head_json":{"title":"Mar\u00eda \u00c1lvarez De La Granja profesora da facultade de filolox\u00eda da USC e secretaria do ILG -","description":"Mar\u00eda \u00c1lvarez, Maruxa para as persoas que a co\u00f1ecemos desde os cada vez m\u00e1is afastados d\u00edas luminosos da mocidade, \u00e9 unha experta docente da facultade de filolox\u00eda galega da USC, con arredor de 25 anos de experiencia nas aulas compostel\u00e1s, e que asemade \u00e9 na actualidade a Secretaria do Instituto da Lingua Galega","robots":{"index":"index","follow":"follow","max-snippet":"max-snippet:-1","max-image-preview":"max-image-preview:large","max-video-preview":"max-video-preview:-1"},"canonical":"https:\/\/www.anovapeneira.gal\/index.php\/2023\/01\/09\/maria-alvarez-de-la-granja-profesora-da-facultade-de-filoloxia-da-usc-e-secretaria-do-ilg\/","og_locale":"gl_ES","og_type":"article","og_title":"Mar\u00eda \u00c1lvarez De La Granja profesora da facultade de filolox\u00eda da USC e secretaria do ILG -","og_description":"Mar\u00eda \u00c1lvarez, Maruxa para as persoas que a co\u00f1ecemos desde os cada vez m\u00e1is afastados d\u00edas luminosos da mocidade, \u00e9 unha experta docente da facultade de filolox\u00eda galega da USC, con arredor de 25 anos de experiencia nas aulas compostel\u00e1s, e que asemade \u00e9 na actualidade a Secretaria do Instituto da Lingua Galega","og_url":"https:\/\/www.anovapeneira.gal\/index.php\/2023\/01\/09\/maria-alvarez-de-la-granja-profesora-da-facultade-de-filoloxia-da-usc-e-secretaria-do-ilg\/","article_publisher":"https:\/\/www.facebook.com\/anovapeneira","article_published_time":"2023-01-09T11:00:46+00:00","og_image":[{"width":720,"height":432,"url":"https:\/\/www.anovapeneira.gal\/wp-content\/uploads\/2023\/01\/maruxa_usc.jpg","type":"image\/jpeg"}],"author":"Tino Lago","twitter_card":"summary_large_image","twitter_creator":"@APeneira","twitter_site":"@APeneira","twitter_misc":{"Escrito por":"Tino Lago","Tempo de lectura":"7 minutos"},"schema":{"@context":"https:\/\/schema.org","@graph":[{"@type":"Article","@id":"https:\/\/www.anovapeneira.gal\/index.php\/2023\/01\/09\/maria-alvarez-de-la-granja-profesora-da-facultade-de-filoloxia-da-usc-e-secretaria-do-ilg\/#article","isPartOf":{"@id":"https:\/\/www.anovapeneira.gal\/index.php\/2023\/01\/09\/maria-alvarez-de-la-granja-profesora-da-facultade-de-filoloxia-da-usc-e-secretaria-do-ilg\/"},"author":{"name":"Tino Lago","@id":"https:\/\/www.anovapeneira.gal\/#\/schema\/person\/424dfe65e3070fd8a44d22d2c088762a"},"headline":"Mar\u00eda \u00c1lvarez De La Granja profesora da facultade de filolox\u00eda da USC e secretaria do ILG","datePublished":"2023-01-09T11:00:46+00:00","mainEntityOfPage":{"@id":"https:\/\/www.anovapeneira.gal\/index.php\/2023\/01\/09\/maria-alvarez-de-la-granja-profesora-da-facultade-de-filoloxia-da-usc-e-secretaria-do-ilg\/"},"wordCount":1242,"commentCount":0,"publisher":{"@id":"https:\/\/www.anovapeneira.gal\/#organization"},"image":{"@id":"https:\/\/www.anovapeneira.gal\/index.php\/2023\/01\/09\/maria-alvarez-de-la-granja-profesora-da-facultade-de-filoloxia-da-usc-e-secretaria-do-ilg\/#primaryimage"},"thumbnailUrl":"https:\/\/www.anovapeneira.gal\/wp-content\/uploads\/2023\/01\/maruxa_usc.jpg","keywords":["USC"],"articleSection":["Entrevistas"],"inLanguage":"gl-ES","potentialAction":[{"@type":"CommentAction","name":"Comment","target":["https:\/\/www.anovapeneira.gal\/index.php\/2023\/01\/09\/maria-alvarez-de-la-granja-profesora-da-facultade-de-filoloxia-da-usc-e-secretaria-do-ilg\/#respond"]}]},{"@type":"WebPage","@id":"https:\/\/www.anovapeneira.gal\/index.php\/2023\/01\/09\/maria-alvarez-de-la-granja-profesora-da-facultade-de-filoloxia-da-usc-e-secretaria-do-ilg\/","url":"https:\/\/www.anovapeneira.gal\/index.php\/2023\/01\/09\/maria-alvarez-de-la-granja-profesora-da-facultade-de-filoloxia-da-usc-e-secretaria-do-ilg\/","name":"Mar\u00eda \u00c1lvarez De La Granja profesora da facultade de filolox\u00eda da USC e secretaria do ILG -","isPartOf":{"@id":"https:\/\/www.anovapeneira.gal\/#website"},"primaryImageOfPage":{"@id":"https:\/\/www.anovapeneira.gal\/index.php\/2023\/01\/09\/maria-alvarez-de-la-granja-profesora-da-facultade-de-filoloxia-da-usc-e-secretaria-do-ilg\/#primaryimage"},"image":{"@id":"https:\/\/www.anovapeneira.gal\/index.php\/2023\/01\/09\/maria-alvarez-de-la-granja-profesora-da-facultade-de-filoloxia-da-usc-e-secretaria-do-ilg\/#primaryimage"},"thumbnailUrl":"https:\/\/www.anovapeneira.gal\/wp-content\/uploads\/2023\/01\/maruxa_usc.jpg","datePublished":"2023-01-09T11:00:46+00:00","description":"Mar\u00eda \u00c1lvarez, Maruxa para as persoas que a co\u00f1ecemos desde os cada vez m\u00e1is afastados d\u00edas luminosos da mocidade, \u00e9 unha experta docente da facultade de filolox\u00eda galega da USC, con arredor de 25 anos de experiencia nas aulas compostel\u00e1s, e que asemade \u00e9 na actualidade a Secretaria do Instituto da Lingua Galega","breadcrumb":{"@id":"https:\/\/www.anovapeneira.gal\/index.php\/2023\/01\/09\/maria-alvarez-de-la-granja-profesora-da-facultade-de-filoloxia-da-usc-e-secretaria-do-ilg\/#breadcrumb"},"inLanguage":"gl-ES","potentialAction":[{"@type":"ReadAction","target":["https:\/\/www.anovapeneira.gal\/index.php\/2023\/01\/09\/maria-alvarez-de-la-granja-profesora-da-facultade-de-filoloxia-da-usc-e-secretaria-do-ilg\/"]}]},{"@type":"ImageObject","inLanguage":"gl-ES","@id":"https:\/\/www.anovapeneira.gal\/index.php\/2023\/01\/09\/maria-alvarez-de-la-granja-profesora-da-facultade-de-filoloxia-da-usc-e-secretaria-do-ilg\/#primaryimage","url":"https:\/\/www.anovapeneira.gal\/wp-content\/uploads\/2023\/01\/maruxa_usc.jpg","contentUrl":"https:\/\/www.anovapeneira.gal\/wp-content\/uploads\/2023\/01\/maruxa_usc.jpg","width":720,"height":432,"caption":"Mar\u00eda \u00c1lvarez De La Granja profesora da facultade de filolox\u00eda da USC e secretaria do ILG"},{"@type":"BreadcrumbList","@id":"https:\/\/www.anovapeneira.gal\/index.php\/2023\/01\/09\/maria-alvarez-de-la-granja-profesora-da-facultade-de-filoloxia-da-usc-e-secretaria-do-ilg\/#breadcrumb","itemListElement":[{"@type":"ListItem","position":1,"name":"Portada","item":"https:\/\/www.anovapeneira.gal\/"},{"@type":"ListItem","position":2,"name":"Mar\u00eda \u00c1lvarez De La Granja profesora da facultade de filolox\u00eda da USC e secretaria do ILG"}]},{"@type":"WebSite","@id":"https:\/\/www.anovapeneira.gal\/#website","url":"https:\/\/www.anovapeneira.gal\/","name":"","description":"Xornal galego de informaci\u00f3n xeral Publicaci\u00f3n mensual de novas de Galicia e en especial dos Concellos da sur da provincia de Pontevedra.","publisher":{"@id":"https:\/\/www.anovapeneira.gal\/#organization"},"potentialAction":[{"@type":"SearchAction","target":{"@type":"EntryPoint","urlTemplate":"https:\/\/www.anovapeneira.gal\/?s={search_term_string}"},"query-input":{"@type":"PropertyValueSpecification","valueRequired":true,"valueName":"search_term_string"}}],"inLanguage":"gl-ES"},{"@type":"Organization","@id":"https:\/\/www.anovapeneira.gal\/#organization","name":"A Nova Peneira","url":"https:\/\/www.anovapeneira.gal\/","logo":{"@type":"ImageObject","inLanguage":"gl-ES","@id":"https:\/\/www.anovapeneira.gal\/#\/schema\/logo\/image\/","url":"http:\/\/www.anovapeneira.gal\/wp-content\/uploads\/2019\/06\/logo_a_nova_peneira_portal_web.png","contentUrl":"http:\/\/www.anovapeneira.gal\/wp-content\/uploads\/2019\/06\/logo_a_nova_peneira_portal_web.png","width":300,"height":100,"caption":"A Nova Peneira"},"image":{"@id":"https:\/\/www.anovapeneira.gal\/#\/schema\/logo\/image\/"},"sameAs":["https:\/\/www.facebook.com\/anovapeneira","https:\/\/x.com\/APeneira"]},{"@type":"Person","@id":"https:\/\/www.anovapeneira.gal\/#\/schema\/person\/424dfe65e3070fd8a44d22d2c088762a","name":"Tino Lago","image":{"@type":"ImageObject","inLanguage":"gl-ES","@id":"https:\/\/secure.gravatar.com\/avatar\/b3df6a06e44bab3111583b90f0f33a0379ee5e3d22cbadd232d39f21c30c62be?s=96&d=mm&r=g","url":"https:\/\/secure.gravatar.com\/avatar\/b3df6a06e44bab3111583b90f0f33a0379ee5e3d22cbadd232d39f21c30c62be?s=96&d=mm&r=g","contentUrl":"https:\/\/secure.gravatar.com\/avatar\/b3df6a06e44bab3111583b90f0f33a0379ee5e3d22cbadd232d39f21c30c62be?s=96&d=mm&r=g","caption":"Tino Lago"},"sameAs":["http:\/\/www.anovapeneira.gal"],"url":"https:\/\/www.anovapeneira.gal\/index.php\/author\/director\/"}]}},"jetpack_featured_media_url":"https:\/\/www.anovapeneira.gal\/wp-content\/uploads\/2023\/01\/maruxa_usc.jpg","_links":{"self":[{"href":"https:\/\/www.anovapeneira.gal\/index.php\/wp-json\/wp\/v2\/posts\/8887","targetHints":{"allow":["GET"]}}],"collection":[{"href":"https:\/\/www.anovapeneira.gal\/index.php\/wp-json\/wp\/v2\/posts"}],"about":[{"href":"https:\/\/www.anovapeneira.gal\/index.php\/wp-json\/wp\/v2\/types\/post"}],"author":[{"embeddable":true,"href":"https:\/\/www.anovapeneira.gal\/index.php\/wp-json\/wp\/v2\/users\/2"}],"replies":[{"embeddable":true,"href":"https:\/\/www.anovapeneira.gal\/index.php\/wp-json\/wp\/v2\/comments?post=8887"}],"version-history":[{"count":2,"href":"https:\/\/www.anovapeneira.gal\/index.php\/wp-json\/wp\/v2\/posts\/8887\/revisions"}],"predecessor-version":[{"id":8891,"href":"https:\/\/www.anovapeneira.gal\/index.php\/wp-json\/wp\/v2\/posts\/8887\/revisions\/8891"}],"wp:featuredmedia":[{"embeddable":true,"href":"https:\/\/www.anovapeneira.gal\/index.php\/wp-json\/wp\/v2\/media\/8889"}],"wp:attachment":[{"href":"https:\/\/www.anovapeneira.gal\/index.php\/wp-json\/wp\/v2\/media?parent=8887"}],"wp:term":[{"taxonomy":"category","embeddable":true,"href":"https:\/\/www.anovapeneira.gal\/index.php\/wp-json\/wp\/v2\/categories?post=8887"},{"taxonomy":"post_tag","embeddable":true,"href":"https:\/\/www.anovapeneira.gal\/index.php\/wp-json\/wp\/v2\/tags?post=8887"}],"curies":[{"name":"wp","href":"https:\/\/api.w.org\/{rel}","templated":true}]}}