{"id":8894,"date":"2023-01-10T12:00:41","date_gmt":"2023-01-10T11:00:41","guid":{"rendered":"https:\/\/www.anovapeneira.gal\/?p=8894"},"modified":"2023-01-05T19:35:13","modified_gmt":"2023-01-05T18:35:13","slug":"seso-duran-presenta-o-seu-novo-disco-na-fabrica-de-chocolate","status":"publish","type":"post","link":"https:\/\/www.anovapeneira.gal\/index.php\/2023\/01\/10\/seso-duran-presenta-o-seu-novo-disco-na-fabrica-de-chocolate\/","title":{"rendered":"Seso Dur\u00e1n presenta o seu novo disco na F\u00e1brica de Chocolate\u00a0"},"content":{"rendered":"\n<h2 class=\"wp-block-heading\">Ser\u00e1 acompa\u00f1ado dunha banda de cinco m\u00fasicos, dentro da xira de Ascensi\u00f3n<\/h2>\n\n\n\n<p>Seso Dur\u00e1n comeza o 2023 presentando o seu novo disco na F\u00e1brica de Chocolate, de Vigo. Ser\u00e1 o 14 de xaneiro, as 21:30 horas, acompa\u00f1ado por unha banda de cinco m\u00fasicos.<\/p>\n\n\n\n<p>Este novo traballo est\u00e1 producido, gravado e mesturado por Iago Lorenzo (Presumido, Furious Monkeyhouse, Heredeiros da Crus\u2026), masterizado por Robin Schmitd (Liam Gallagher, The 1975, Paul Weller, Keane\u2026) e editado por Inquedanzas Sonoras.<\/p>\n\n\n\n<p>A trav\u00e9s dos dez cortes do \u00e1lbum, o artista nos adentra na sonoridade do pop-rock en galego con letras comprometidas que falan de todo o que lle trae de cabeza: a violencia de x\u00e9nero, a soedade nun mundo hiperconectado, o estr\u00e9s da vida dixital, o amor incondicional, a indentidade galega, a crise ecol\u00f3xica\u2026<\/p>\n\n\n\n<p>A opini\u00f3n da cr\u00edtica:<\/p>\n\n\n\n<p>Se pensas que &#8220;o mercado est\u00e1 sobresaturado&#8221; de propostas que apuntan m\u00e1is a chamar a atenci\u00f3n que entregar m\u00fasicas que perduren, e gostas das boas propostas de rock de autor, non dubides en darlle unha oportunidade a este &#8220;Ascensi\u00f3n&#8221;. Transmite iso que entendemos por convici\u00f3n ou persoalidade.. Pepe Cunha: \u00c1brete de Orellas &#8211; Portal galego de lecer.<\/p>\n\n\n\n<p>Ademais de por un son espl\u00e9ndido, chama a atenci\u00f3n pola calidade tanto t\u00e9cnica como estil\u00edstica, unha acaid\u00edsima combinaci\u00f3n do cl\u00e1sico e do actual&#8230; Carlos Rego: Revista Tempos Novos.<\/p>\n\n\n\n<p>\u201cAscensi\u00f3n \u00e9 unha colecci\u00f3n de canci\u00f3ns que iluminan o concepto de pop contempor\u00e1neo: pr\u00f3ximas, intensas e dif\u00edciles de ignorar\u2026.canci\u00f3ns que se amoldan \u00e1s letras, m\u00fasicas que exercen de c\u00f3mplices da l\u00edrica urbana que protagoniza cada un dos cortes\u2026\u201d Herminio Gonz\u00e1lez &#8211; N\u00f3s Diario<\/p>\n","protected":false},"excerpt":{"rendered":"<div class=\"mh-excerpt\"><p>Ser\u00e1 acompa\u00f1ado dunha banda de cinco m\u00fasicos, dentro da xira de Ascensi\u00f3n <a class=\"mh-excerpt-more\" href=\"https:\/\/www.anovapeneira.gal\/index.php\/2023\/01\/10\/seso-duran-presenta-o-seu-novo-disco-na-fabrica-de-chocolate\/\" title=\"Seso Dur\u00e1n presenta o seu novo disco na F\u00e1brica de Chocolate\u00a0\">[&#8230;]<\/a><\/p>\n<\/div>","protected":false},"author":3,"featured_media":8895,"comment_status":"open","ping_status":"open","sticky":false,"template":"","format":"standard","meta":{"_exactmetrics_skip_tracking":false,"_exactmetrics_sitenote_active":false,"_exactmetrics_sitenote_note":"","_exactmetrics_sitenote_category":0,"footnotes":""},"categories":[1],"tags":[],"class_list":{"0":"post-8894","1":"post","2":"type-post","3":"status-publish","4":"format-standard","5":"has-post-thumbnail","7":"category-sin-categoria"},"yoast_head":"<!-- This site is optimized with the Yoast SEO plugin v27.4 - https:\/\/yoast.com\/product\/yoast-seo-wordpress\/ -->\n<title>Seso Dur\u00e1n presenta o seu novo disco na F\u00e1brica de Chocolate\u00a0 -<\/title>\n<meta name=\"description\" content=\"Ser\u00e1 acompa\u00f1ado dunha banda de cinco m\u00fasicos, dentro da xira de Ascensi\u00f3n\" \/>\n<meta name=\"robots\" content=\"index, follow, max-snippet:-1, max-image-preview:large, max-video-preview:-1\" \/>\n<link rel=\"canonical\" href=\"https:\/\/www.anovapeneira.gal\/index.php\/2023\/01\/10\/seso-duran-presenta-o-seu-novo-disco-na-fabrica-de-chocolate\/\" \/>\n<meta property=\"og:locale\" content=\"gl_ES\" \/>\n<meta property=\"og:type\" content=\"article\" \/>\n<meta property=\"og:title\" content=\"Seso Dur\u00e1n presenta o seu novo disco na F\u00e1brica de Chocolate\u00a0 -\" \/>\n<meta property=\"og:description\" content=\"Ser\u00e1 acompa\u00f1ado dunha banda de cinco m\u00fasicos, dentro da xira de Ascensi\u00f3n\" \/>\n<meta property=\"og:url\" content=\"https:\/\/www.anovapeneira.gal\/index.php\/2023\/01\/10\/seso-duran-presenta-o-seu-novo-disco-na-fabrica-de-chocolate\/\" \/>\n<meta property=\"article:publisher\" content=\"https:\/\/www.facebook.com\/anovapeneira\" \/>\n<meta property=\"article:published_time\" content=\"2023-01-10T11:00:41+00:00\" \/>\n<meta property=\"og:image\" content=\"https:\/\/www.anovapeneira.gal\/wp-content\/uploads\/2023\/01\/seso_duran.jpg\" \/>\n\t<meta property=\"og:image:width\" content=\"720\" \/>\n\t<meta property=\"og:image:height\" content=\"432\" \/>\n\t<meta property=\"og:image:type\" content=\"image\/jpeg\" \/>\n<meta name=\"author\" content=\"Redacci\u00f3n A Nova Peneira\" \/>\n<meta name=\"twitter:card\" content=\"summary_large_image\" \/>\n<meta name=\"twitter:creator\" content=\"@APeneira\" \/>\n<meta name=\"twitter:site\" content=\"@APeneira\" \/>\n<meta name=\"twitter:label1\" content=\"Escrito por\" \/>\n\t<meta name=\"twitter:data1\" content=\"Redacci\u00f3n A Nova Peneira\" \/>\n\t<meta name=\"twitter:label2\" content=\"Tempo de lectura\" \/>\n\t<meta name=\"twitter:data2\" content=\"2 minutos\" \/>\n<script type=\"application\/ld+json\" class=\"yoast-schema-graph\">{\"@context\":\"https:\\\/\\\/schema.org\",\"@graph\":[{\"@type\":\"Article\",\"@id\":\"https:\\\/\\\/www.anovapeneira.gal\\\/index.php\\\/2023\\\/01\\\/10\\\/seso-duran-presenta-o-seu-novo-disco-na-fabrica-de-chocolate\\\/#article\",\"isPartOf\":{\"@id\":\"https:\\\/\\\/www.anovapeneira.gal\\\/index.php\\\/2023\\\/01\\\/10\\\/seso-duran-presenta-o-seu-novo-disco-na-fabrica-de-chocolate\\\/\"},\"author\":{\"name\":\"Redacci\u00f3n A Nova Peneira\",\"@id\":\"https:\\\/\\\/www.anovapeneira.gal\\\/#\\\/schema\\\/person\\\/b93e3f8932e3f8da96334607eb6ac6aa\"},\"headline\":\"Seso Dur\u00e1n presenta o seu novo disco na F\u00e1brica de Chocolate\u00a0\",\"datePublished\":\"2023-01-10T11:00:41+00:00\",\"mainEntityOfPage\":{\"@id\":\"https:\\\/\\\/www.anovapeneira.gal\\\/index.php\\\/2023\\\/01\\\/10\\\/seso-duran-presenta-o-seu-novo-disco-na-fabrica-de-chocolate\\\/\"},\"wordCount\":307,\"commentCount\":0,\"publisher\":{\"@id\":\"https:\\\/\\\/www.anovapeneira.gal\\\/#organization\"},\"image\":{\"@id\":\"https:\\\/\\\/www.anovapeneira.gal\\\/index.php\\\/2023\\\/01\\\/10\\\/seso-duran-presenta-o-seu-novo-disco-na-fabrica-de-chocolate\\\/#primaryimage\"},\"thumbnailUrl\":\"https:\\\/\\\/www.anovapeneira.gal\\\/wp-content\\\/uploads\\\/2023\\\/01\\\/seso_duran.jpg\",\"articleSection\":[\"Sin categor\u00eda\"],\"inLanguage\":\"gl-ES\",\"potentialAction\":[{\"@type\":\"CommentAction\",\"name\":\"Comment\",\"target\":[\"https:\\\/\\\/www.anovapeneira.gal\\\/index.php\\\/2023\\\/01\\\/10\\\/seso-duran-presenta-o-seu-novo-disco-na-fabrica-de-chocolate\\\/#respond\"]}]},{\"@type\":\"WebPage\",\"@id\":\"https:\\\/\\\/www.anovapeneira.gal\\\/index.php\\\/2023\\\/01\\\/10\\\/seso-duran-presenta-o-seu-novo-disco-na-fabrica-de-chocolate\\\/\",\"url\":\"https:\\\/\\\/www.anovapeneira.gal\\\/index.php\\\/2023\\\/01\\\/10\\\/seso-duran-presenta-o-seu-novo-disco-na-fabrica-de-chocolate\\\/\",\"name\":\"Seso Dur\u00e1n presenta o seu novo disco na F\u00e1brica de Chocolate\u00a0 -\",\"isPartOf\":{\"@id\":\"https:\\\/\\\/www.anovapeneira.gal\\\/#website\"},\"primaryImageOfPage\":{\"@id\":\"https:\\\/\\\/www.anovapeneira.gal\\\/index.php\\\/2023\\\/01\\\/10\\\/seso-duran-presenta-o-seu-novo-disco-na-fabrica-de-chocolate\\\/#primaryimage\"},\"image\":{\"@id\":\"https:\\\/\\\/www.anovapeneira.gal\\\/index.php\\\/2023\\\/01\\\/10\\\/seso-duran-presenta-o-seu-novo-disco-na-fabrica-de-chocolate\\\/#primaryimage\"},\"thumbnailUrl\":\"https:\\\/\\\/www.anovapeneira.gal\\\/wp-content\\\/uploads\\\/2023\\\/01\\\/seso_duran.jpg\",\"datePublished\":\"2023-01-10T11:00:41+00:00\",\"description\":\"Ser\u00e1 acompa\u00f1ado dunha banda de cinco m\u00fasicos, dentro da xira de Ascensi\u00f3n\",\"breadcrumb\":{\"@id\":\"https:\\\/\\\/www.anovapeneira.gal\\\/index.php\\\/2023\\\/01\\\/10\\\/seso-duran-presenta-o-seu-novo-disco-na-fabrica-de-chocolate\\\/#breadcrumb\"},\"inLanguage\":\"gl-ES\",\"potentialAction\":[{\"@type\":\"ReadAction\",\"target\":[\"https:\\\/\\\/www.anovapeneira.gal\\\/index.php\\\/2023\\\/01\\\/10\\\/seso-duran-presenta-o-seu-novo-disco-na-fabrica-de-chocolate\\\/\"]}]},{\"@type\":\"ImageObject\",\"inLanguage\":\"gl-ES\",\"@id\":\"https:\\\/\\\/www.anovapeneira.gal\\\/index.php\\\/2023\\\/01\\\/10\\\/seso-duran-presenta-o-seu-novo-disco-na-fabrica-de-chocolate\\\/#primaryimage\",\"url\":\"https:\\\/\\\/www.anovapeneira.gal\\\/wp-content\\\/uploads\\\/2023\\\/01\\\/seso_duran.jpg\",\"contentUrl\":\"https:\\\/\\\/www.anovapeneira.gal\\\/wp-content\\\/uploads\\\/2023\\\/01\\\/seso_duran.jpg\",\"width\":720,\"height\":432,\"caption\":\"Seso Dur\u00e1n\"},{\"@type\":\"BreadcrumbList\",\"@id\":\"https:\\\/\\\/www.anovapeneira.gal\\\/index.php\\\/2023\\\/01\\\/10\\\/seso-duran-presenta-o-seu-novo-disco-na-fabrica-de-chocolate\\\/#breadcrumb\",\"itemListElement\":[{\"@type\":\"ListItem\",\"position\":1,\"name\":\"Portada\",\"item\":\"https:\\\/\\\/www.anovapeneira.gal\\\/\"},{\"@type\":\"ListItem\",\"position\":2,\"name\":\"Seso Dur\u00e1n presenta o seu novo disco na F\u00e1brica de Chocolate\u00a0\"}]},{\"@type\":\"WebSite\",\"@id\":\"https:\\\/\\\/www.anovapeneira.gal\\\/#website\",\"url\":\"https:\\\/\\\/www.anovapeneira.gal\\\/\",\"name\":\"\",\"description\":\"Xornal galego de informaci\u00f3n xeral Publicaci\u00f3n mensual de novas de Galicia e en especial dos Concellos da sur da provincia de Pontevedra.\",\"publisher\":{\"@id\":\"https:\\\/\\\/www.anovapeneira.gal\\\/#organization\"},\"potentialAction\":[{\"@type\":\"SearchAction\",\"target\":{\"@type\":\"EntryPoint\",\"urlTemplate\":\"https:\\\/\\\/www.anovapeneira.gal\\\/?s={search_term_string}\"},\"query-input\":{\"@type\":\"PropertyValueSpecification\",\"valueRequired\":true,\"valueName\":\"search_term_string\"}}],\"inLanguage\":\"gl-ES\"},{\"@type\":\"Organization\",\"@id\":\"https:\\\/\\\/www.anovapeneira.gal\\\/#organization\",\"name\":\"A Nova Peneira\",\"url\":\"https:\\\/\\\/www.anovapeneira.gal\\\/\",\"logo\":{\"@type\":\"ImageObject\",\"inLanguage\":\"gl-ES\",\"@id\":\"https:\\\/\\\/www.anovapeneira.gal\\\/#\\\/schema\\\/logo\\\/image\\\/\",\"url\":\"http:\\\/\\\/www.anovapeneira.gal\\\/wp-content\\\/uploads\\\/2019\\\/06\\\/logo_a_nova_peneira_portal_web.png\",\"contentUrl\":\"http:\\\/\\\/www.anovapeneira.gal\\\/wp-content\\\/uploads\\\/2019\\\/06\\\/logo_a_nova_peneira_portal_web.png\",\"width\":300,\"height\":100,\"caption\":\"A Nova Peneira\"},\"image\":{\"@id\":\"https:\\\/\\\/www.anovapeneira.gal\\\/#\\\/schema\\\/logo\\\/image\\\/\"},\"sameAs\":[\"https:\\\/\\\/www.facebook.com\\\/anovapeneira\",\"https:\\\/\\\/x.com\\\/APeneira\"]},{\"@type\":\"Person\",\"@id\":\"https:\\\/\\\/www.anovapeneira.gal\\\/#\\\/schema\\\/person\\\/b93e3f8932e3f8da96334607eb6ac6aa\",\"name\":\"Redacci\u00f3n A Nova Peneira\",\"image\":{\"@type\":\"ImageObject\",\"inLanguage\":\"gl-ES\",\"@id\":\"https:\\\/\\\/secure.gravatar.com\\\/avatar\\\/c052a2551a06e23fac63626232eaa90abd78dbcf1700fc46a2b2c89fd27b735f?s=96&d=mm&r=g\",\"url\":\"https:\\\/\\\/secure.gravatar.com\\\/avatar\\\/c052a2551a06e23fac63626232eaa90abd78dbcf1700fc46a2b2c89fd27b735f?s=96&d=mm&r=g\",\"contentUrl\":\"https:\\\/\\\/secure.gravatar.com\\\/avatar\\\/c052a2551a06e23fac63626232eaa90abd78dbcf1700fc46a2b2c89fd27b735f?s=96&d=mm&r=g\",\"caption\":\"Redacci\u00f3n A Nova Peneira\"},\"sameAs\":[\"http:\\\/\\\/www.anovapeneira.gal\\\/\"],\"url\":\"https:\\\/\\\/www.anovapeneira.gal\\\/index.php\\\/author\\\/redactor\\\/\"}]}<\/script>\n<!-- \/ Yoast SEO plugin. -->","yoast_head_json":{"title":"Seso Dur\u00e1n presenta o seu novo disco na F\u00e1brica de Chocolate\u00a0 -","description":"Ser\u00e1 acompa\u00f1ado dunha banda de cinco m\u00fasicos, dentro da xira de Ascensi\u00f3n","robots":{"index":"index","follow":"follow","max-snippet":"max-snippet:-1","max-image-preview":"max-image-preview:large","max-video-preview":"max-video-preview:-1"},"canonical":"https:\/\/www.anovapeneira.gal\/index.php\/2023\/01\/10\/seso-duran-presenta-o-seu-novo-disco-na-fabrica-de-chocolate\/","og_locale":"gl_ES","og_type":"article","og_title":"Seso Dur\u00e1n presenta o seu novo disco na F\u00e1brica de Chocolate\u00a0 -","og_description":"Ser\u00e1 acompa\u00f1ado dunha banda de cinco m\u00fasicos, dentro da xira de Ascensi\u00f3n","og_url":"https:\/\/www.anovapeneira.gal\/index.php\/2023\/01\/10\/seso-duran-presenta-o-seu-novo-disco-na-fabrica-de-chocolate\/","article_publisher":"https:\/\/www.facebook.com\/anovapeneira","article_published_time":"2023-01-10T11:00:41+00:00","og_image":[{"width":720,"height":432,"url":"https:\/\/www.anovapeneira.gal\/wp-content\/uploads\/2023\/01\/seso_duran.jpg","type":"image\/jpeg"}],"author":"Redacci\u00f3n A Nova Peneira","twitter_card":"summary_large_image","twitter_creator":"@APeneira","twitter_site":"@APeneira","twitter_misc":{"Escrito por":"Redacci\u00f3n A Nova Peneira","Tempo de lectura":"2 minutos"},"schema":{"@context":"https:\/\/schema.org","@graph":[{"@type":"Article","@id":"https:\/\/www.anovapeneira.gal\/index.php\/2023\/01\/10\/seso-duran-presenta-o-seu-novo-disco-na-fabrica-de-chocolate\/#article","isPartOf":{"@id":"https:\/\/www.anovapeneira.gal\/index.php\/2023\/01\/10\/seso-duran-presenta-o-seu-novo-disco-na-fabrica-de-chocolate\/"},"author":{"name":"Redacci\u00f3n A Nova Peneira","@id":"https:\/\/www.anovapeneira.gal\/#\/schema\/person\/b93e3f8932e3f8da96334607eb6ac6aa"},"headline":"Seso Dur\u00e1n presenta o seu novo disco na F\u00e1brica de Chocolate\u00a0","datePublished":"2023-01-10T11:00:41+00:00","mainEntityOfPage":{"@id":"https:\/\/www.anovapeneira.gal\/index.php\/2023\/01\/10\/seso-duran-presenta-o-seu-novo-disco-na-fabrica-de-chocolate\/"},"wordCount":307,"commentCount":0,"publisher":{"@id":"https:\/\/www.anovapeneira.gal\/#organization"},"image":{"@id":"https:\/\/www.anovapeneira.gal\/index.php\/2023\/01\/10\/seso-duran-presenta-o-seu-novo-disco-na-fabrica-de-chocolate\/#primaryimage"},"thumbnailUrl":"https:\/\/www.anovapeneira.gal\/wp-content\/uploads\/2023\/01\/seso_duran.jpg","articleSection":["Sin categor\u00eda"],"inLanguage":"gl-ES","potentialAction":[{"@type":"CommentAction","name":"Comment","target":["https:\/\/www.anovapeneira.gal\/index.php\/2023\/01\/10\/seso-duran-presenta-o-seu-novo-disco-na-fabrica-de-chocolate\/#respond"]}]},{"@type":"WebPage","@id":"https:\/\/www.anovapeneira.gal\/index.php\/2023\/01\/10\/seso-duran-presenta-o-seu-novo-disco-na-fabrica-de-chocolate\/","url":"https:\/\/www.anovapeneira.gal\/index.php\/2023\/01\/10\/seso-duran-presenta-o-seu-novo-disco-na-fabrica-de-chocolate\/","name":"Seso Dur\u00e1n presenta o seu novo disco na F\u00e1brica de Chocolate\u00a0 -","isPartOf":{"@id":"https:\/\/www.anovapeneira.gal\/#website"},"primaryImageOfPage":{"@id":"https:\/\/www.anovapeneira.gal\/index.php\/2023\/01\/10\/seso-duran-presenta-o-seu-novo-disco-na-fabrica-de-chocolate\/#primaryimage"},"image":{"@id":"https:\/\/www.anovapeneira.gal\/index.php\/2023\/01\/10\/seso-duran-presenta-o-seu-novo-disco-na-fabrica-de-chocolate\/#primaryimage"},"thumbnailUrl":"https:\/\/www.anovapeneira.gal\/wp-content\/uploads\/2023\/01\/seso_duran.jpg","datePublished":"2023-01-10T11:00:41+00:00","description":"Ser\u00e1 acompa\u00f1ado dunha banda de cinco m\u00fasicos, dentro da xira de Ascensi\u00f3n","breadcrumb":{"@id":"https:\/\/www.anovapeneira.gal\/index.php\/2023\/01\/10\/seso-duran-presenta-o-seu-novo-disco-na-fabrica-de-chocolate\/#breadcrumb"},"inLanguage":"gl-ES","potentialAction":[{"@type":"ReadAction","target":["https:\/\/www.anovapeneira.gal\/index.php\/2023\/01\/10\/seso-duran-presenta-o-seu-novo-disco-na-fabrica-de-chocolate\/"]}]},{"@type":"ImageObject","inLanguage":"gl-ES","@id":"https:\/\/www.anovapeneira.gal\/index.php\/2023\/01\/10\/seso-duran-presenta-o-seu-novo-disco-na-fabrica-de-chocolate\/#primaryimage","url":"https:\/\/www.anovapeneira.gal\/wp-content\/uploads\/2023\/01\/seso_duran.jpg","contentUrl":"https:\/\/www.anovapeneira.gal\/wp-content\/uploads\/2023\/01\/seso_duran.jpg","width":720,"height":432,"caption":"Seso Dur\u00e1n"},{"@type":"BreadcrumbList","@id":"https:\/\/www.anovapeneira.gal\/index.php\/2023\/01\/10\/seso-duran-presenta-o-seu-novo-disco-na-fabrica-de-chocolate\/#breadcrumb","itemListElement":[{"@type":"ListItem","position":1,"name":"Portada","item":"https:\/\/www.anovapeneira.gal\/"},{"@type":"ListItem","position":2,"name":"Seso Dur\u00e1n presenta o seu novo disco na F\u00e1brica de Chocolate\u00a0"}]},{"@type":"WebSite","@id":"https:\/\/www.anovapeneira.gal\/#website","url":"https:\/\/www.anovapeneira.gal\/","name":"","description":"Xornal galego de informaci\u00f3n xeral Publicaci\u00f3n mensual de novas de Galicia e en especial dos Concellos da sur da provincia de Pontevedra.","publisher":{"@id":"https:\/\/www.anovapeneira.gal\/#organization"},"potentialAction":[{"@type":"SearchAction","target":{"@type":"EntryPoint","urlTemplate":"https:\/\/www.anovapeneira.gal\/?s={search_term_string}"},"query-input":{"@type":"PropertyValueSpecification","valueRequired":true,"valueName":"search_term_string"}}],"inLanguage":"gl-ES"},{"@type":"Organization","@id":"https:\/\/www.anovapeneira.gal\/#organization","name":"A Nova Peneira","url":"https:\/\/www.anovapeneira.gal\/","logo":{"@type":"ImageObject","inLanguage":"gl-ES","@id":"https:\/\/www.anovapeneira.gal\/#\/schema\/logo\/image\/","url":"http:\/\/www.anovapeneira.gal\/wp-content\/uploads\/2019\/06\/logo_a_nova_peneira_portal_web.png","contentUrl":"http:\/\/www.anovapeneira.gal\/wp-content\/uploads\/2019\/06\/logo_a_nova_peneira_portal_web.png","width":300,"height":100,"caption":"A Nova Peneira"},"image":{"@id":"https:\/\/www.anovapeneira.gal\/#\/schema\/logo\/image\/"},"sameAs":["https:\/\/www.facebook.com\/anovapeneira","https:\/\/x.com\/APeneira"]},{"@type":"Person","@id":"https:\/\/www.anovapeneira.gal\/#\/schema\/person\/b93e3f8932e3f8da96334607eb6ac6aa","name":"Redacci\u00f3n A Nova Peneira","image":{"@type":"ImageObject","inLanguage":"gl-ES","@id":"https:\/\/secure.gravatar.com\/avatar\/c052a2551a06e23fac63626232eaa90abd78dbcf1700fc46a2b2c89fd27b735f?s=96&d=mm&r=g","url":"https:\/\/secure.gravatar.com\/avatar\/c052a2551a06e23fac63626232eaa90abd78dbcf1700fc46a2b2c89fd27b735f?s=96&d=mm&r=g","contentUrl":"https:\/\/secure.gravatar.com\/avatar\/c052a2551a06e23fac63626232eaa90abd78dbcf1700fc46a2b2c89fd27b735f?s=96&d=mm&r=g","caption":"Redacci\u00f3n A Nova Peneira"},"sameAs":["http:\/\/www.anovapeneira.gal\/"],"url":"https:\/\/www.anovapeneira.gal\/index.php\/author\/redactor\/"}]}},"jetpack_featured_media_url":"https:\/\/www.anovapeneira.gal\/wp-content\/uploads\/2023\/01\/seso_duran.jpg","_links":{"self":[{"href":"https:\/\/www.anovapeneira.gal\/index.php\/wp-json\/wp\/v2\/posts\/8894","targetHints":{"allow":["GET"]}}],"collection":[{"href":"https:\/\/www.anovapeneira.gal\/index.php\/wp-json\/wp\/v2\/posts"}],"about":[{"href":"https:\/\/www.anovapeneira.gal\/index.php\/wp-json\/wp\/v2\/types\/post"}],"author":[{"embeddable":true,"href":"https:\/\/www.anovapeneira.gal\/index.php\/wp-json\/wp\/v2\/users\/3"}],"replies":[{"embeddable":true,"href":"https:\/\/www.anovapeneira.gal\/index.php\/wp-json\/wp\/v2\/comments?post=8894"}],"version-history":[{"count":1,"href":"https:\/\/www.anovapeneira.gal\/index.php\/wp-json\/wp\/v2\/posts\/8894\/revisions"}],"predecessor-version":[{"id":8896,"href":"https:\/\/www.anovapeneira.gal\/index.php\/wp-json\/wp\/v2\/posts\/8894\/revisions\/8896"}],"wp:featuredmedia":[{"embeddable":true,"href":"https:\/\/www.anovapeneira.gal\/index.php\/wp-json\/wp\/v2\/media\/8895"}],"wp:attachment":[{"href":"https:\/\/www.anovapeneira.gal\/index.php\/wp-json\/wp\/v2\/media?parent=8894"}],"wp:term":[{"taxonomy":"category","embeddable":true,"href":"https:\/\/www.anovapeneira.gal\/index.php\/wp-json\/wp\/v2\/categories?post=8894"},{"taxonomy":"post_tag","embeddable":true,"href":"https:\/\/www.anovapeneira.gal\/index.php\/wp-json\/wp\/v2\/tags?post=8894"}],"curies":[{"name":"wp","href":"https:\/\/api.w.org\/{rel}","templated":true}]}}