{"id":8897,"date":"2023-01-11T10:00:12","date_gmt":"2023-01-11T09:00:12","guid":{"rendered":"https:\/\/www.anovapeneira.gal\/?p=8897"},"modified":"2023-01-05T19:35:27","modified_gmt":"2023-01-05T18:35:27","slug":"a-diminucion-de-persoal-da-policia-local-de-tomino-e-eventual-e-allea-a-xestion-do-goberno","status":"publish","type":"post","link":"https:\/\/www.anovapeneira.gal\/index.php\/2023\/01\/11\/a-diminucion-de-persoal-da-policia-local-de-tomino-e-eventual-e-allea-a-xestion-do-goberno\/","title":{"rendered":"A diminuci\u00f3n de persoal da polic\u00eda local de Tomi\u00f1o \u00e9 eventual e allea \u00e1 xesti\u00f3n do goberno"},"content":{"rendered":"\n<h2 class=\"wp-block-heading\"><strong>O goberno local de Tomi\u00f1o aclara a situaci\u00f3n actual da polic\u00eda municipal fronte \u00e1 desinformaci\u00f3n verquida nos \u00faltimos d\u00edas<\/strong><\/h2>\n\n\n\n<p><strong>Tomi\u00f1o, 4 de xaneiro de 2023<\/strong><\/p>\n\n\n\n<p>Recentemente o persoal da polic\u00eda local de Tomi\u00f1o veuse reducido en efectivos. Esta situaci\u00f3n deriva do feito de que dous dos axentes asignados ao servizo en Tomi\u00f1o solicitaron traslado a outra localidade, e non a ningunha baixa como informou erroneamente un dos grupos municipais hai poucos d\u00edas. A solicitude de traslado forma parte dos dereitos de calquera axente de polic\u00eda, e polo tanto ao funcionamento normal da administraci\u00f3n local.<\/p>\n\n\n\n<p>O Concello de Tomi\u00f1o convocou hai agora m\u00e1is dun ano d\u00faas prazas para a polic\u00eda local. Os axentes seleccionados ent\u00f3n est\u00e1n rematando actualmente o seu per\u00edodo de formaci\u00f3n regulamentaria, e incorporaranse ao Servizo activo en Tomi\u00f1o en poucas semanas. Ademais destas novas e inminentes incorporaci\u00f3ns, levarase a cabo unha nova selecci\u00f3n para dous axentes adicionais no 2023, que se incorporar\u00e1n ao rematar o per\u00edodo correspondente de selecci\u00f3n e formaci\u00f3n na Academia Galega de Seguridade, dependente da Xunta de Galicia.<\/p>\n\n\n\n<p>En relaci\u00f3n aos auxiliares de polic\u00eda, o goberno municipal aclara que a nova Lei de Emprego impide, polo momento, a s\u00faa contrataci\u00f3n con seguridade xur\u00eddica. O Concello de Tomi\u00f1o, do mesmo modo que est\u00e1n a facer o resto dos concellos galegos, est\u00e1 a estudar novas f\u00f3rmulas para que poidan cubrirse esta prazas, que son descontinuas, con todas as garant\u00edas.<\/p>\n\n\n\n<p>Dende o goberno municipal faise un chamamento \u00e1 calma e lembran que non hai motivo de alerta, dado que se trata dunha situaci\u00f3n que se limita a unhas poucas semanas. O persoal da polic\u00eda local reuniuse coa alcaldesa e outros membros do goberno municipal e adopt\u00e1ronse as medidas precisas para tratar de arranxar a situaci\u00f3n, que non \u00e9 para nada achacable \u00e1 xesti\u00f3n municipal. As\u00ed mesmo, insta \u00e1 responsabilidade pol\u00edtica e a non utilizar situaci\u00f3ns absolutamente imprevisibles e regulares dentro do funcionamento normal dun Concello para sementar alarma coa finalidade de obter alg\u00fan tipo de r\u00e9dito pol\u00edtico.<\/p>\n","protected":false},"excerpt":{"rendered":"<div class=\"mh-excerpt\"><p>O goberno local de Tomi\u00f1o aclara a situaci\u00f3n actual da polic\u00eda municipal fronte \u00e1 desinformaci\u00f3n verquida nos \u00faltimos d\u00edas <a class=\"mh-excerpt-more\" href=\"https:\/\/www.anovapeneira.gal\/index.php\/2023\/01\/11\/a-diminucion-de-persoal-da-policia-local-de-tomino-e-eventual-e-allea-a-xestion-do-goberno\/\" title=\"A diminuci\u00f3n de persoal da polic\u00eda local de Tomi\u00f1o \u00e9 eventual e allea \u00e1 xesti\u00f3n do goberno\">[&#8230;]<\/a><\/p>\n<\/div>","protected":false},"author":3,"featured_media":1336,"comment_status":"open","ping_status":"open","sticky":false,"template":"","format":"standard","meta":{"_exactmetrics_skip_tracking":false,"_exactmetrics_sitenote_active":false,"_exactmetrics_sitenote_note":"","_exactmetrics_sitenote_category":0,"footnotes":""},"categories":[21],"tags":[81],"class_list":{"0":"post-8897","1":"post","2":"type-post","3":"status-publish","4":"format-standard","5":"has-post-thumbnail","7":"category-baixo-mino","8":"tag-concello-de-tomino"},"yoast_head":"<!-- This site is optimized with the Yoast SEO plugin v27.4 - https:\/\/yoast.com\/product\/yoast-seo-wordpress\/ -->\n<title>A diminuci\u00f3n de persoal da polic\u00eda local de Tomi\u00f1o \u00e9 eventual e allea \u00e1 xesti\u00f3n do goberno -<\/title>\n<meta name=\"description\" content=\"O goberno local de Tomi\u00f1o aclara a situaci\u00f3n actual da polic\u00eda municipal fronte \u00e1 desinformaci\u00f3n verquida nos \u00faltimos d\u00edas\" \/>\n<meta name=\"robots\" content=\"index, follow, max-snippet:-1, max-image-preview:large, max-video-preview:-1\" \/>\n<link rel=\"canonical\" href=\"https:\/\/www.anovapeneira.gal\/index.php\/2023\/01\/11\/a-diminucion-de-persoal-da-policia-local-de-tomino-e-eventual-e-allea-a-xestion-do-goberno\/\" \/>\n<meta property=\"og:locale\" content=\"gl_ES\" \/>\n<meta property=\"og:type\" content=\"article\" \/>\n<meta property=\"og:title\" content=\"A diminuci\u00f3n de persoal da polic\u00eda local de Tomi\u00f1o \u00e9 eventual e allea \u00e1 xesti\u00f3n do goberno -\" \/>\n<meta property=\"og:description\" content=\"O goberno local de Tomi\u00f1o aclara a situaci\u00f3n actual da polic\u00eda municipal fronte \u00e1 desinformaci\u00f3n verquida nos \u00faltimos d\u00edas\" \/>\n<meta property=\"og:url\" content=\"https:\/\/www.anovapeneira.gal\/index.php\/2023\/01\/11\/a-diminucion-de-persoal-da-policia-local-de-tomino-e-eventual-e-allea-a-xestion-do-goberno\/\" \/>\n<meta property=\"article:publisher\" content=\"https:\/\/www.facebook.com\/anovapeneira\" \/>\n<meta property=\"article:published_time\" content=\"2023-01-11T09:00:12+00:00\" \/>\n<meta property=\"og:image\" content=\"https:\/\/www.anovapeneira.gal\/wp-content\/uploads\/2019\/09\/concello_De_tominho_a_nova_peneria.jpg\" \/>\n\t<meta property=\"og:image:width\" content=\"720\" \/>\n\t<meta property=\"og:image:height\" content=\"473\" \/>\n\t<meta property=\"og:image:type\" content=\"image\/jpeg\" \/>\n<meta name=\"author\" content=\"Redacci\u00f3n A Nova Peneira\" \/>\n<meta name=\"twitter:card\" content=\"summary_large_image\" \/>\n<meta name=\"twitter:creator\" content=\"@APeneira\" \/>\n<meta name=\"twitter:site\" content=\"@APeneira\" \/>\n<meta name=\"twitter:label1\" content=\"Escrito por\" \/>\n\t<meta name=\"twitter:data1\" content=\"Redacci\u00f3n A Nova Peneira\" \/>\n\t<meta name=\"twitter:label2\" content=\"Tempo de lectura\" \/>\n\t<meta name=\"twitter:data2\" content=\"2 minutos\" \/>\n<script type=\"application\/ld+json\" class=\"yoast-schema-graph\">{\"@context\":\"https:\\\/\\\/schema.org\",\"@graph\":[{\"@type\":\"Article\",\"@id\":\"https:\\\/\\\/www.anovapeneira.gal\\\/index.php\\\/2023\\\/01\\\/11\\\/a-diminucion-de-persoal-da-policia-local-de-tomino-e-eventual-e-allea-a-xestion-do-goberno\\\/#article\",\"isPartOf\":{\"@id\":\"https:\\\/\\\/www.anovapeneira.gal\\\/index.php\\\/2023\\\/01\\\/11\\\/a-diminucion-de-persoal-da-policia-local-de-tomino-e-eventual-e-allea-a-xestion-do-goberno\\\/\"},\"author\":{\"name\":\"Redacci\u00f3n A Nova Peneira\",\"@id\":\"https:\\\/\\\/www.anovapeneira.gal\\\/#\\\/schema\\\/person\\\/b93e3f8932e3f8da96334607eb6ac6aa\"},\"headline\":\"A diminuci\u00f3n de persoal da polic\u00eda local de Tomi\u00f1o \u00e9 eventual e allea \u00e1 xesti\u00f3n do goberno\",\"datePublished\":\"2023-01-11T09:00:12+00:00\",\"mainEntityOfPage\":{\"@id\":\"https:\\\/\\\/www.anovapeneira.gal\\\/index.php\\\/2023\\\/01\\\/11\\\/a-diminucion-de-persoal-da-policia-local-de-tomino-e-eventual-e-allea-a-xestion-do-goberno\\\/\"},\"wordCount\":387,\"commentCount\":0,\"publisher\":{\"@id\":\"https:\\\/\\\/www.anovapeneira.gal\\\/#organization\"},\"image\":{\"@id\":\"https:\\\/\\\/www.anovapeneira.gal\\\/index.php\\\/2023\\\/01\\\/11\\\/a-diminucion-de-persoal-da-policia-local-de-tomino-e-eventual-e-allea-a-xestion-do-goberno\\\/#primaryimage\"},\"thumbnailUrl\":\"https:\\\/\\\/www.anovapeneira.gal\\\/wp-content\\\/uploads\\\/2019\\\/09\\\/concello_De_tominho_a_nova_peneria.jpg\",\"keywords\":[\"Concello de Tomi\u00f1o\"],\"articleSection\":[\"Baixo Mi\u00f1o\"],\"inLanguage\":\"gl-ES\",\"potentialAction\":[{\"@type\":\"CommentAction\",\"name\":\"Comment\",\"target\":[\"https:\\\/\\\/www.anovapeneira.gal\\\/index.php\\\/2023\\\/01\\\/11\\\/a-diminucion-de-persoal-da-policia-local-de-tomino-e-eventual-e-allea-a-xestion-do-goberno\\\/#respond\"]}]},{\"@type\":\"WebPage\",\"@id\":\"https:\\\/\\\/www.anovapeneira.gal\\\/index.php\\\/2023\\\/01\\\/11\\\/a-diminucion-de-persoal-da-policia-local-de-tomino-e-eventual-e-allea-a-xestion-do-goberno\\\/\",\"url\":\"https:\\\/\\\/www.anovapeneira.gal\\\/index.php\\\/2023\\\/01\\\/11\\\/a-diminucion-de-persoal-da-policia-local-de-tomino-e-eventual-e-allea-a-xestion-do-goberno\\\/\",\"name\":\"A diminuci\u00f3n de persoal da polic\u00eda local de Tomi\u00f1o \u00e9 eventual e allea \u00e1 xesti\u00f3n do goberno -\",\"isPartOf\":{\"@id\":\"https:\\\/\\\/www.anovapeneira.gal\\\/#website\"},\"primaryImageOfPage\":{\"@id\":\"https:\\\/\\\/www.anovapeneira.gal\\\/index.php\\\/2023\\\/01\\\/11\\\/a-diminucion-de-persoal-da-policia-local-de-tomino-e-eventual-e-allea-a-xestion-do-goberno\\\/#primaryimage\"},\"image\":{\"@id\":\"https:\\\/\\\/www.anovapeneira.gal\\\/index.php\\\/2023\\\/01\\\/11\\\/a-diminucion-de-persoal-da-policia-local-de-tomino-e-eventual-e-allea-a-xestion-do-goberno\\\/#primaryimage\"},\"thumbnailUrl\":\"https:\\\/\\\/www.anovapeneira.gal\\\/wp-content\\\/uploads\\\/2019\\\/09\\\/concello_De_tominho_a_nova_peneria.jpg\",\"datePublished\":\"2023-01-11T09:00:12+00:00\",\"description\":\"O goberno local de Tomi\u00f1o aclara a situaci\u00f3n actual da polic\u00eda municipal fronte \u00e1 desinformaci\u00f3n verquida nos \u00faltimos d\u00edas\",\"breadcrumb\":{\"@id\":\"https:\\\/\\\/www.anovapeneira.gal\\\/index.php\\\/2023\\\/01\\\/11\\\/a-diminucion-de-persoal-da-policia-local-de-tomino-e-eventual-e-allea-a-xestion-do-goberno\\\/#breadcrumb\"},\"inLanguage\":\"gl-ES\",\"potentialAction\":[{\"@type\":\"ReadAction\",\"target\":[\"https:\\\/\\\/www.anovapeneira.gal\\\/index.php\\\/2023\\\/01\\\/11\\\/a-diminucion-de-persoal-da-policia-local-de-tomino-e-eventual-e-allea-a-xestion-do-goberno\\\/\"]}]},{\"@type\":\"ImageObject\",\"inLanguage\":\"gl-ES\",\"@id\":\"https:\\\/\\\/www.anovapeneira.gal\\\/index.php\\\/2023\\\/01\\\/11\\\/a-diminucion-de-persoal-da-policia-local-de-tomino-e-eventual-e-allea-a-xestion-do-goberno\\\/#primaryimage\",\"url\":\"https:\\\/\\\/www.anovapeneira.gal\\\/wp-content\\\/uploads\\\/2019\\\/09\\\/concello_De_tominho_a_nova_peneria.jpg\",\"contentUrl\":\"https:\\\/\\\/www.anovapeneira.gal\\\/wp-content\\\/uploads\\\/2019\\\/09\\\/concello_De_tominho_a_nova_peneria.jpg\",\"width\":720,\"height\":473,\"caption\":\"Concello de Tomi\u00f1o A Nova Peneira\"},{\"@type\":\"BreadcrumbList\",\"@id\":\"https:\\\/\\\/www.anovapeneira.gal\\\/index.php\\\/2023\\\/01\\\/11\\\/a-diminucion-de-persoal-da-policia-local-de-tomino-e-eventual-e-allea-a-xestion-do-goberno\\\/#breadcrumb\",\"itemListElement\":[{\"@type\":\"ListItem\",\"position\":1,\"name\":\"Portada\",\"item\":\"https:\\\/\\\/www.anovapeneira.gal\\\/\"},{\"@type\":\"ListItem\",\"position\":2,\"name\":\"A diminuci\u00f3n de persoal da polic\u00eda local de Tomi\u00f1o \u00e9 eventual e allea \u00e1 xesti\u00f3n do goberno\"}]},{\"@type\":\"WebSite\",\"@id\":\"https:\\\/\\\/www.anovapeneira.gal\\\/#website\",\"url\":\"https:\\\/\\\/www.anovapeneira.gal\\\/\",\"name\":\"\",\"description\":\"Xornal galego de informaci\u00f3n xeral Publicaci\u00f3n mensual de novas de Galicia e en especial dos Concellos da sur da provincia de Pontevedra.\",\"publisher\":{\"@id\":\"https:\\\/\\\/www.anovapeneira.gal\\\/#organization\"},\"potentialAction\":[{\"@type\":\"SearchAction\",\"target\":{\"@type\":\"EntryPoint\",\"urlTemplate\":\"https:\\\/\\\/www.anovapeneira.gal\\\/?s={search_term_string}\"},\"query-input\":{\"@type\":\"PropertyValueSpecification\",\"valueRequired\":true,\"valueName\":\"search_term_string\"}}],\"inLanguage\":\"gl-ES\"},{\"@type\":\"Organization\",\"@id\":\"https:\\\/\\\/www.anovapeneira.gal\\\/#organization\",\"name\":\"A Nova Peneira\",\"url\":\"https:\\\/\\\/www.anovapeneira.gal\\\/\",\"logo\":{\"@type\":\"ImageObject\",\"inLanguage\":\"gl-ES\",\"@id\":\"https:\\\/\\\/www.anovapeneira.gal\\\/#\\\/schema\\\/logo\\\/image\\\/\",\"url\":\"http:\\\/\\\/www.anovapeneira.gal\\\/wp-content\\\/uploads\\\/2019\\\/06\\\/logo_a_nova_peneira_portal_web.png\",\"contentUrl\":\"http:\\\/\\\/www.anovapeneira.gal\\\/wp-content\\\/uploads\\\/2019\\\/06\\\/logo_a_nova_peneira_portal_web.png\",\"width\":300,\"height\":100,\"caption\":\"A Nova Peneira\"},\"image\":{\"@id\":\"https:\\\/\\\/www.anovapeneira.gal\\\/#\\\/schema\\\/logo\\\/image\\\/\"},\"sameAs\":[\"https:\\\/\\\/www.facebook.com\\\/anovapeneira\",\"https:\\\/\\\/x.com\\\/APeneira\"]},{\"@type\":\"Person\",\"@id\":\"https:\\\/\\\/www.anovapeneira.gal\\\/#\\\/schema\\\/person\\\/b93e3f8932e3f8da96334607eb6ac6aa\",\"name\":\"Redacci\u00f3n A Nova Peneira\",\"image\":{\"@type\":\"ImageObject\",\"inLanguage\":\"gl-ES\",\"@id\":\"https:\\\/\\\/secure.gravatar.com\\\/avatar\\\/c052a2551a06e23fac63626232eaa90abd78dbcf1700fc46a2b2c89fd27b735f?s=96&d=mm&r=g\",\"url\":\"https:\\\/\\\/secure.gravatar.com\\\/avatar\\\/c052a2551a06e23fac63626232eaa90abd78dbcf1700fc46a2b2c89fd27b735f?s=96&d=mm&r=g\",\"contentUrl\":\"https:\\\/\\\/secure.gravatar.com\\\/avatar\\\/c052a2551a06e23fac63626232eaa90abd78dbcf1700fc46a2b2c89fd27b735f?s=96&d=mm&r=g\",\"caption\":\"Redacci\u00f3n A Nova Peneira\"},\"sameAs\":[\"http:\\\/\\\/www.anovapeneira.gal\\\/\"],\"url\":\"https:\\\/\\\/www.anovapeneira.gal\\\/index.php\\\/author\\\/redactor\\\/\"}]}<\/script>\n<!-- \/ Yoast SEO plugin. -->","yoast_head_json":{"title":"A diminuci\u00f3n de persoal da polic\u00eda local de Tomi\u00f1o \u00e9 eventual e allea \u00e1 xesti\u00f3n do goberno -","description":"O goberno local de Tomi\u00f1o aclara a situaci\u00f3n actual da polic\u00eda municipal fronte \u00e1 desinformaci\u00f3n verquida nos \u00faltimos d\u00edas","robots":{"index":"index","follow":"follow","max-snippet":"max-snippet:-1","max-image-preview":"max-image-preview:large","max-video-preview":"max-video-preview:-1"},"canonical":"https:\/\/www.anovapeneira.gal\/index.php\/2023\/01\/11\/a-diminucion-de-persoal-da-policia-local-de-tomino-e-eventual-e-allea-a-xestion-do-goberno\/","og_locale":"gl_ES","og_type":"article","og_title":"A diminuci\u00f3n de persoal da polic\u00eda local de Tomi\u00f1o \u00e9 eventual e allea \u00e1 xesti\u00f3n do goberno -","og_description":"O goberno local de Tomi\u00f1o aclara a situaci\u00f3n actual da polic\u00eda municipal fronte \u00e1 desinformaci\u00f3n verquida nos \u00faltimos d\u00edas","og_url":"https:\/\/www.anovapeneira.gal\/index.php\/2023\/01\/11\/a-diminucion-de-persoal-da-policia-local-de-tomino-e-eventual-e-allea-a-xestion-do-goberno\/","article_publisher":"https:\/\/www.facebook.com\/anovapeneira","article_published_time":"2023-01-11T09:00:12+00:00","og_image":[{"width":720,"height":473,"url":"https:\/\/www.anovapeneira.gal\/wp-content\/uploads\/2019\/09\/concello_De_tominho_a_nova_peneria.jpg","type":"image\/jpeg"}],"author":"Redacci\u00f3n A Nova Peneira","twitter_card":"summary_large_image","twitter_creator":"@APeneira","twitter_site":"@APeneira","twitter_misc":{"Escrito por":"Redacci\u00f3n A Nova Peneira","Tempo de lectura":"2 minutos"},"schema":{"@context":"https:\/\/schema.org","@graph":[{"@type":"Article","@id":"https:\/\/www.anovapeneira.gal\/index.php\/2023\/01\/11\/a-diminucion-de-persoal-da-policia-local-de-tomino-e-eventual-e-allea-a-xestion-do-goberno\/#article","isPartOf":{"@id":"https:\/\/www.anovapeneira.gal\/index.php\/2023\/01\/11\/a-diminucion-de-persoal-da-policia-local-de-tomino-e-eventual-e-allea-a-xestion-do-goberno\/"},"author":{"name":"Redacci\u00f3n A Nova Peneira","@id":"https:\/\/www.anovapeneira.gal\/#\/schema\/person\/b93e3f8932e3f8da96334607eb6ac6aa"},"headline":"A diminuci\u00f3n de persoal da polic\u00eda local de Tomi\u00f1o \u00e9 eventual e allea \u00e1 xesti\u00f3n do goberno","datePublished":"2023-01-11T09:00:12+00:00","mainEntityOfPage":{"@id":"https:\/\/www.anovapeneira.gal\/index.php\/2023\/01\/11\/a-diminucion-de-persoal-da-policia-local-de-tomino-e-eventual-e-allea-a-xestion-do-goberno\/"},"wordCount":387,"commentCount":0,"publisher":{"@id":"https:\/\/www.anovapeneira.gal\/#organization"},"image":{"@id":"https:\/\/www.anovapeneira.gal\/index.php\/2023\/01\/11\/a-diminucion-de-persoal-da-policia-local-de-tomino-e-eventual-e-allea-a-xestion-do-goberno\/#primaryimage"},"thumbnailUrl":"https:\/\/www.anovapeneira.gal\/wp-content\/uploads\/2019\/09\/concello_De_tominho_a_nova_peneria.jpg","keywords":["Concello de Tomi\u00f1o"],"articleSection":["Baixo Mi\u00f1o"],"inLanguage":"gl-ES","potentialAction":[{"@type":"CommentAction","name":"Comment","target":["https:\/\/www.anovapeneira.gal\/index.php\/2023\/01\/11\/a-diminucion-de-persoal-da-policia-local-de-tomino-e-eventual-e-allea-a-xestion-do-goberno\/#respond"]}]},{"@type":"WebPage","@id":"https:\/\/www.anovapeneira.gal\/index.php\/2023\/01\/11\/a-diminucion-de-persoal-da-policia-local-de-tomino-e-eventual-e-allea-a-xestion-do-goberno\/","url":"https:\/\/www.anovapeneira.gal\/index.php\/2023\/01\/11\/a-diminucion-de-persoal-da-policia-local-de-tomino-e-eventual-e-allea-a-xestion-do-goberno\/","name":"A diminuci\u00f3n de persoal da polic\u00eda local de Tomi\u00f1o \u00e9 eventual e allea \u00e1 xesti\u00f3n do goberno -","isPartOf":{"@id":"https:\/\/www.anovapeneira.gal\/#website"},"primaryImageOfPage":{"@id":"https:\/\/www.anovapeneira.gal\/index.php\/2023\/01\/11\/a-diminucion-de-persoal-da-policia-local-de-tomino-e-eventual-e-allea-a-xestion-do-goberno\/#primaryimage"},"image":{"@id":"https:\/\/www.anovapeneira.gal\/index.php\/2023\/01\/11\/a-diminucion-de-persoal-da-policia-local-de-tomino-e-eventual-e-allea-a-xestion-do-goberno\/#primaryimage"},"thumbnailUrl":"https:\/\/www.anovapeneira.gal\/wp-content\/uploads\/2019\/09\/concello_De_tominho_a_nova_peneria.jpg","datePublished":"2023-01-11T09:00:12+00:00","description":"O goberno local de Tomi\u00f1o aclara a situaci\u00f3n actual da polic\u00eda municipal fronte \u00e1 desinformaci\u00f3n verquida nos \u00faltimos d\u00edas","breadcrumb":{"@id":"https:\/\/www.anovapeneira.gal\/index.php\/2023\/01\/11\/a-diminucion-de-persoal-da-policia-local-de-tomino-e-eventual-e-allea-a-xestion-do-goberno\/#breadcrumb"},"inLanguage":"gl-ES","potentialAction":[{"@type":"ReadAction","target":["https:\/\/www.anovapeneira.gal\/index.php\/2023\/01\/11\/a-diminucion-de-persoal-da-policia-local-de-tomino-e-eventual-e-allea-a-xestion-do-goberno\/"]}]},{"@type":"ImageObject","inLanguage":"gl-ES","@id":"https:\/\/www.anovapeneira.gal\/index.php\/2023\/01\/11\/a-diminucion-de-persoal-da-policia-local-de-tomino-e-eventual-e-allea-a-xestion-do-goberno\/#primaryimage","url":"https:\/\/www.anovapeneira.gal\/wp-content\/uploads\/2019\/09\/concello_De_tominho_a_nova_peneria.jpg","contentUrl":"https:\/\/www.anovapeneira.gal\/wp-content\/uploads\/2019\/09\/concello_De_tominho_a_nova_peneria.jpg","width":720,"height":473,"caption":"Concello de Tomi\u00f1o A Nova Peneira"},{"@type":"BreadcrumbList","@id":"https:\/\/www.anovapeneira.gal\/index.php\/2023\/01\/11\/a-diminucion-de-persoal-da-policia-local-de-tomino-e-eventual-e-allea-a-xestion-do-goberno\/#breadcrumb","itemListElement":[{"@type":"ListItem","position":1,"name":"Portada","item":"https:\/\/www.anovapeneira.gal\/"},{"@type":"ListItem","position":2,"name":"A diminuci\u00f3n de persoal da polic\u00eda local de Tomi\u00f1o \u00e9 eventual e allea \u00e1 xesti\u00f3n do goberno"}]},{"@type":"WebSite","@id":"https:\/\/www.anovapeneira.gal\/#website","url":"https:\/\/www.anovapeneira.gal\/","name":"","description":"Xornal galego de informaci\u00f3n xeral Publicaci\u00f3n mensual de novas de Galicia e en especial dos Concellos da sur da provincia de Pontevedra.","publisher":{"@id":"https:\/\/www.anovapeneira.gal\/#organization"},"potentialAction":[{"@type":"SearchAction","target":{"@type":"EntryPoint","urlTemplate":"https:\/\/www.anovapeneira.gal\/?s={search_term_string}"},"query-input":{"@type":"PropertyValueSpecification","valueRequired":true,"valueName":"search_term_string"}}],"inLanguage":"gl-ES"},{"@type":"Organization","@id":"https:\/\/www.anovapeneira.gal\/#organization","name":"A Nova Peneira","url":"https:\/\/www.anovapeneira.gal\/","logo":{"@type":"ImageObject","inLanguage":"gl-ES","@id":"https:\/\/www.anovapeneira.gal\/#\/schema\/logo\/image\/","url":"http:\/\/www.anovapeneira.gal\/wp-content\/uploads\/2019\/06\/logo_a_nova_peneira_portal_web.png","contentUrl":"http:\/\/www.anovapeneira.gal\/wp-content\/uploads\/2019\/06\/logo_a_nova_peneira_portal_web.png","width":300,"height":100,"caption":"A Nova Peneira"},"image":{"@id":"https:\/\/www.anovapeneira.gal\/#\/schema\/logo\/image\/"},"sameAs":["https:\/\/www.facebook.com\/anovapeneira","https:\/\/x.com\/APeneira"]},{"@type":"Person","@id":"https:\/\/www.anovapeneira.gal\/#\/schema\/person\/b93e3f8932e3f8da96334607eb6ac6aa","name":"Redacci\u00f3n A Nova Peneira","image":{"@type":"ImageObject","inLanguage":"gl-ES","@id":"https:\/\/secure.gravatar.com\/avatar\/c052a2551a06e23fac63626232eaa90abd78dbcf1700fc46a2b2c89fd27b735f?s=96&d=mm&r=g","url":"https:\/\/secure.gravatar.com\/avatar\/c052a2551a06e23fac63626232eaa90abd78dbcf1700fc46a2b2c89fd27b735f?s=96&d=mm&r=g","contentUrl":"https:\/\/secure.gravatar.com\/avatar\/c052a2551a06e23fac63626232eaa90abd78dbcf1700fc46a2b2c89fd27b735f?s=96&d=mm&r=g","caption":"Redacci\u00f3n A Nova Peneira"},"sameAs":["http:\/\/www.anovapeneira.gal\/"],"url":"https:\/\/www.anovapeneira.gal\/index.php\/author\/redactor\/"}]}},"jetpack_featured_media_url":"https:\/\/www.anovapeneira.gal\/wp-content\/uploads\/2019\/09\/concello_De_tominho_a_nova_peneria.jpg","_links":{"self":[{"href":"https:\/\/www.anovapeneira.gal\/index.php\/wp-json\/wp\/v2\/posts\/8897","targetHints":{"allow":["GET"]}}],"collection":[{"href":"https:\/\/www.anovapeneira.gal\/index.php\/wp-json\/wp\/v2\/posts"}],"about":[{"href":"https:\/\/www.anovapeneira.gal\/index.php\/wp-json\/wp\/v2\/types\/post"}],"author":[{"embeddable":true,"href":"https:\/\/www.anovapeneira.gal\/index.php\/wp-json\/wp\/v2\/users\/3"}],"replies":[{"embeddable":true,"href":"https:\/\/www.anovapeneira.gal\/index.php\/wp-json\/wp\/v2\/comments?post=8897"}],"version-history":[{"count":1,"href":"https:\/\/www.anovapeneira.gal\/index.php\/wp-json\/wp\/v2\/posts\/8897\/revisions"}],"predecessor-version":[{"id":8898,"href":"https:\/\/www.anovapeneira.gal\/index.php\/wp-json\/wp\/v2\/posts\/8897\/revisions\/8898"}],"wp:featuredmedia":[{"embeddable":true,"href":"https:\/\/www.anovapeneira.gal\/index.php\/wp-json\/wp\/v2\/media\/1336"}],"wp:attachment":[{"href":"https:\/\/www.anovapeneira.gal\/index.php\/wp-json\/wp\/v2\/media?parent=8897"}],"wp:term":[{"taxonomy":"category","embeddable":true,"href":"https:\/\/www.anovapeneira.gal\/index.php\/wp-json\/wp\/v2\/categories?post=8897"},{"taxonomy":"post_tag","embeddable":true,"href":"https:\/\/www.anovapeneira.gal\/index.php\/wp-json\/wp\/v2\/tags?post=8897"}],"curies":[{"name":"wp","href":"https:\/\/api.w.org\/{rel}","templated":true}]}}