{"id":8899,"date":"2023-01-11T12:00:06","date_gmt":"2023-01-11T11:00:06","guid":{"rendered":"https:\/\/www.anovapeneira.gal\/?p=8899"},"modified":"2023-01-05T19:35:37","modified_gmt":"2023-01-05T18:35:37","slug":"a-cig-traslada-o-seu-profundo-pesar-polo-falecemento-de-agustin-malvido-figura-chave-do-sindicalismo-nacionalista","status":"publish","type":"post","link":"https:\/\/www.anovapeneira.gal\/index.php\/2023\/01\/11\/a-cig-traslada-o-seu-profundo-pesar-polo-falecemento-de-agustin-malvido-figura-chave-do-sindicalismo-nacionalista\/","title":{"rendered":"A CIG traslada o seu profundo pesar polo falecemento de Agust\u00edn Malvido, figura chave do sindicalismo nacionalista"},"content":{"rendered":"\n<p><strong>Galiza, 5 de xaneiro de 2023<\/strong><\/p>\n\n\n\n<p>A Confederaci\u00f3n Intersindical Galega (CIG) expresa o seu profundo pesar polo falecemento de Agust\u00edn Malvido Broull\u00f3n, figura chave do sindicalismo nacionalista dende a s\u00faa afiliaci\u00f3n ao Sindicato Obreiro Galego (SOG) en 1976. Dende a central queren reco\u00f1ecer publicamente a s\u00faa longa traxectoria sindical, social e pol\u00edtica no eido do nacionalismo galego, ao tempo que lle trasladan o seu m\u00e1is sincero afecto \u00e1 familia e amizades do finado.<\/p>\n\n\n\n<p>Fillo de Agust\u00edn (mari\u00f1eiro) e de Josefa (conserveira), naceu en Cangas do Morrazo en outubro de 1928. Quedou orfo aos catro anos, traslad\u00e1ndose aos oito a Vigo, onde en 1940, con 12 anos, entrou a traballar como bot\u00f3ns no real Club N\u00e1utico. Despois f\u00edxoo como aprendiz na f\u00e1brica de \u00c1lvarez, e en Vidrios de La Florida en 1944, empresa na que permaneceu at\u00e9 o seu peche en 1978. Neste tempo foi enlace sindical, experiencia que lle servir\u00eda despois para axudar a desenvolver as primeiras organizaci\u00f3ns sindicais nacionalistas da comarca.<\/p>\n\n\n\n<p>En 1976 af\u00edliase ao SOG, sendo respons\u00e1bel de negociaci\u00f3n colectiva. Catro anos despois foi elixido secretario comarcal da ING, cargo que continuou exercendo na INTG, na CXTG e na CIG at\u00e9 decembro de 1997, cando se xubilou. De feito, foi o primeiro secretario comarcal da CIG de Vigo tras a unificaci\u00f3n, sendo un dos alicerces b\u00e1sicos no nacemento, crecemento e consolidaci\u00f3n do sindicalismo nacionalista tanto na bisbarra como no conxunto do pa\u00eds.<\/p>\n\n\n\n<p>At\u00e9 o seu pasamento mantivo unha relaci\u00f3n constante coa CIG, con visitas peri\u00f3dicas \u00e1s instalaci\u00f3ns do sindicato, e participou activamente nas principais mobilizaci\u00f3ns convocadas na cidade pola central. Ao longo da s\u00faa vida tam\u00e9n tivo tempo para a militancia pol\u00edtica, sempre da man do nacionalismo. En 1998 foi nomeado Vigu\u00e9s Distinguido en reco\u00f1ecemento da s\u00faa tarxectoria.<\/p>\n\n\n\n<p>Desde a CIG trasladan publicamente o seu afecto \u00e1 familia e amizades do finado, as\u00ed como o seu m\u00e1is sincero agradecemento pola enorme contribuci\u00f3n de Agust\u00edn Malvido \u00e1 causa da clase obreira galega e dunha Galiza ceibe e sen explotaci\u00f3n.<\/p>\n\n\n\n<p>Que a terra che sexa leve, compa\u00f1eiro!<\/p>\n","protected":false},"excerpt":{"rendered":"<div class=\"mh-excerpt\"><p>A Confederaci\u00f3n Intersindical Galega (CIG) expresa o seu profundo pesar polo falecemento de Agust\u00edn Malvido Broull\u00f3n, figura chave do sindicalismo nacionalista dende a s\u00faa afiliaci\u00f3n ao Sindicato Obreiro Galego (SOG) en 1976 <a class=\"mh-excerpt-more\" href=\"https:\/\/www.anovapeneira.gal\/index.php\/2023\/01\/11\/a-cig-traslada-o-seu-profundo-pesar-polo-falecemento-de-agustin-malvido-figura-chave-do-sindicalismo-nacionalista\/\" title=\"A CIG traslada o seu profundo pesar polo falecemento de Agust\u00edn Malvido, figura chave do sindicalismo nacionalista\">[&#8230;]<\/a><\/p>\n<\/div>","protected":false},"author":3,"featured_media":8900,"comment_status":"open","ping_status":"open","sticky":false,"template":"","format":"standard","meta":{"_exactmetrics_skip_tracking":false,"_exactmetrics_sitenote_active":false,"_exactmetrics_sitenote_note":"","_exactmetrics_sitenote_category":0,"footnotes":""},"categories":[263],"tags":[88],"class_list":{"0":"post-8899","1":"post","2":"type-post","3":"status-publish","4":"format-standard","5":"has-post-thumbnail","7":"category-novas","8":"tag-cig"},"yoast_head":"<!-- This site is optimized with the Yoast SEO plugin v27.4 - https:\/\/yoast.com\/product\/yoast-seo-wordpress\/ -->\n<title>A CIG traslada o seu profundo pesar polo falecemento de Agust\u00edn Malvido, figura chave do sindicalismo nacionalista -<\/title>\n<meta name=\"description\" content=\"A Confederaci\u00f3n Intersindical Galega (CIG) expresa o seu profundo pesar polo falecemento de Agust\u00edn Malvido Broull\u00f3n, figura chave do sindicalismo nacionalista dende a s\u00faa afiliaci\u00f3n ao Sindicato Obreiro Galego (SOG) en 1976\" \/>\n<meta name=\"robots\" content=\"index, follow, max-snippet:-1, max-image-preview:large, max-video-preview:-1\" \/>\n<link rel=\"canonical\" href=\"https:\/\/www.anovapeneira.gal\/index.php\/2023\/01\/11\/a-cig-traslada-o-seu-profundo-pesar-polo-falecemento-de-agustin-malvido-figura-chave-do-sindicalismo-nacionalista\/\" \/>\n<meta property=\"og:locale\" content=\"gl_ES\" \/>\n<meta property=\"og:type\" content=\"article\" \/>\n<meta property=\"og:title\" content=\"A CIG traslada o seu profundo pesar polo falecemento de Agust\u00edn Malvido, figura chave do sindicalismo nacionalista -\" \/>\n<meta property=\"og:description\" content=\"A Confederaci\u00f3n Intersindical Galega (CIG) expresa o seu profundo pesar polo falecemento de Agust\u00edn Malvido Broull\u00f3n, figura chave do sindicalismo nacionalista dende a s\u00faa afiliaci\u00f3n ao Sindicato Obreiro Galego (SOG) en 1976\" \/>\n<meta property=\"og:url\" content=\"https:\/\/www.anovapeneira.gal\/index.php\/2023\/01\/11\/a-cig-traslada-o-seu-profundo-pesar-polo-falecemento-de-agustin-malvido-figura-chave-do-sindicalismo-nacionalista\/\" \/>\n<meta property=\"article:publisher\" content=\"https:\/\/www.facebook.com\/anovapeneira\" \/>\n<meta property=\"article:published_time\" content=\"2023-01-11T11:00:06+00:00\" \/>\n<meta property=\"og:image\" content=\"https:\/\/www.anovapeneira.gal\/wp-content\/uploads\/2023\/01\/Agustin_Malvido.png\" \/>\n\t<meta property=\"og:image:width\" content=\"720\" \/>\n\t<meta property=\"og:image:height\" content=\"432\" \/>\n\t<meta property=\"og:image:type\" content=\"image\/png\" \/>\n<meta name=\"author\" content=\"Redacci\u00f3n A Nova Peneira\" \/>\n<meta name=\"twitter:card\" content=\"summary_large_image\" \/>\n<meta name=\"twitter:creator\" content=\"@APeneira\" \/>\n<meta name=\"twitter:site\" content=\"@APeneira\" \/>\n<meta name=\"twitter:label1\" content=\"Escrito por\" \/>\n\t<meta name=\"twitter:data1\" content=\"Redacci\u00f3n A Nova Peneira\" \/>\n\t<meta name=\"twitter:label2\" content=\"Tempo de lectura\" \/>\n\t<meta name=\"twitter:data2\" content=\"2 minutos\" \/>\n<script type=\"application\/ld+json\" class=\"yoast-schema-graph\">{\"@context\":\"https:\\\/\\\/schema.org\",\"@graph\":[{\"@type\":\"Article\",\"@id\":\"https:\\\/\\\/www.anovapeneira.gal\\\/index.php\\\/2023\\\/01\\\/11\\\/a-cig-traslada-o-seu-profundo-pesar-polo-falecemento-de-agustin-malvido-figura-chave-do-sindicalismo-nacionalista\\\/#article\",\"isPartOf\":{\"@id\":\"https:\\\/\\\/www.anovapeneira.gal\\\/index.php\\\/2023\\\/01\\\/11\\\/a-cig-traslada-o-seu-profundo-pesar-polo-falecemento-de-agustin-malvido-figura-chave-do-sindicalismo-nacionalista\\\/\"},\"author\":{\"name\":\"Redacci\u00f3n A Nova Peneira\",\"@id\":\"https:\\\/\\\/www.anovapeneira.gal\\\/#\\\/schema\\\/person\\\/b93e3f8932e3f8da96334607eb6ac6aa\"},\"headline\":\"A CIG traslada o seu profundo pesar polo falecemento de Agust\u00edn Malvido, figura chave do sindicalismo nacionalista\",\"datePublished\":\"2023-01-11T11:00:06+00:00\",\"mainEntityOfPage\":{\"@id\":\"https:\\\/\\\/www.anovapeneira.gal\\\/index.php\\\/2023\\\/01\\\/11\\\/a-cig-traslada-o-seu-profundo-pesar-polo-falecemento-de-agustin-malvido-figura-chave-do-sindicalismo-nacionalista\\\/\"},\"wordCount\":381,\"commentCount\":0,\"publisher\":{\"@id\":\"https:\\\/\\\/www.anovapeneira.gal\\\/#organization\"},\"image\":{\"@id\":\"https:\\\/\\\/www.anovapeneira.gal\\\/index.php\\\/2023\\\/01\\\/11\\\/a-cig-traslada-o-seu-profundo-pesar-polo-falecemento-de-agustin-malvido-figura-chave-do-sindicalismo-nacionalista\\\/#primaryimage\"},\"thumbnailUrl\":\"https:\\\/\\\/www.anovapeneira.gal\\\/wp-content\\\/uploads\\\/2023\\\/01\\\/Agustin_Malvido.png\",\"keywords\":[\"CIG\"],\"articleSection\":[\"Novas\"],\"inLanguage\":\"gl-ES\",\"potentialAction\":[{\"@type\":\"CommentAction\",\"name\":\"Comment\",\"target\":[\"https:\\\/\\\/www.anovapeneira.gal\\\/index.php\\\/2023\\\/01\\\/11\\\/a-cig-traslada-o-seu-profundo-pesar-polo-falecemento-de-agustin-malvido-figura-chave-do-sindicalismo-nacionalista\\\/#respond\"]}]},{\"@type\":\"WebPage\",\"@id\":\"https:\\\/\\\/www.anovapeneira.gal\\\/index.php\\\/2023\\\/01\\\/11\\\/a-cig-traslada-o-seu-profundo-pesar-polo-falecemento-de-agustin-malvido-figura-chave-do-sindicalismo-nacionalista\\\/\",\"url\":\"https:\\\/\\\/www.anovapeneira.gal\\\/index.php\\\/2023\\\/01\\\/11\\\/a-cig-traslada-o-seu-profundo-pesar-polo-falecemento-de-agustin-malvido-figura-chave-do-sindicalismo-nacionalista\\\/\",\"name\":\"A CIG traslada o seu profundo pesar polo falecemento de Agust\u00edn Malvido, figura chave do sindicalismo nacionalista -\",\"isPartOf\":{\"@id\":\"https:\\\/\\\/www.anovapeneira.gal\\\/#website\"},\"primaryImageOfPage\":{\"@id\":\"https:\\\/\\\/www.anovapeneira.gal\\\/index.php\\\/2023\\\/01\\\/11\\\/a-cig-traslada-o-seu-profundo-pesar-polo-falecemento-de-agustin-malvido-figura-chave-do-sindicalismo-nacionalista\\\/#primaryimage\"},\"image\":{\"@id\":\"https:\\\/\\\/www.anovapeneira.gal\\\/index.php\\\/2023\\\/01\\\/11\\\/a-cig-traslada-o-seu-profundo-pesar-polo-falecemento-de-agustin-malvido-figura-chave-do-sindicalismo-nacionalista\\\/#primaryimage\"},\"thumbnailUrl\":\"https:\\\/\\\/www.anovapeneira.gal\\\/wp-content\\\/uploads\\\/2023\\\/01\\\/Agustin_Malvido.png\",\"datePublished\":\"2023-01-11T11:00:06+00:00\",\"description\":\"A Confederaci\u00f3n Intersindical Galega (CIG) expresa o seu profundo pesar polo falecemento de Agust\u00edn Malvido Broull\u00f3n, figura chave do sindicalismo nacionalista dende a s\u00faa afiliaci\u00f3n ao Sindicato Obreiro Galego (SOG) en 1976\",\"breadcrumb\":{\"@id\":\"https:\\\/\\\/www.anovapeneira.gal\\\/index.php\\\/2023\\\/01\\\/11\\\/a-cig-traslada-o-seu-profundo-pesar-polo-falecemento-de-agustin-malvido-figura-chave-do-sindicalismo-nacionalista\\\/#breadcrumb\"},\"inLanguage\":\"gl-ES\",\"potentialAction\":[{\"@type\":\"ReadAction\",\"target\":[\"https:\\\/\\\/www.anovapeneira.gal\\\/index.php\\\/2023\\\/01\\\/11\\\/a-cig-traslada-o-seu-profundo-pesar-polo-falecemento-de-agustin-malvido-figura-chave-do-sindicalismo-nacionalista\\\/\"]}]},{\"@type\":\"ImageObject\",\"inLanguage\":\"gl-ES\",\"@id\":\"https:\\\/\\\/www.anovapeneira.gal\\\/index.php\\\/2023\\\/01\\\/11\\\/a-cig-traslada-o-seu-profundo-pesar-polo-falecemento-de-agustin-malvido-figura-chave-do-sindicalismo-nacionalista\\\/#primaryimage\",\"url\":\"https:\\\/\\\/www.anovapeneira.gal\\\/wp-content\\\/uploads\\\/2023\\\/01\\\/Agustin_Malvido.png\",\"contentUrl\":\"https:\\\/\\\/www.anovapeneira.gal\\\/wp-content\\\/uploads\\\/2023\\\/01\\\/Agustin_Malvido.png\",\"width\":720,\"height\":432,\"caption\":\"A CIG traslada o seu profundo pesar polo falecemento de Agust\u00edn Malvido, figura chave do sindicalismo nacionalista\"},{\"@type\":\"BreadcrumbList\",\"@id\":\"https:\\\/\\\/www.anovapeneira.gal\\\/index.php\\\/2023\\\/01\\\/11\\\/a-cig-traslada-o-seu-profundo-pesar-polo-falecemento-de-agustin-malvido-figura-chave-do-sindicalismo-nacionalista\\\/#breadcrumb\",\"itemListElement\":[{\"@type\":\"ListItem\",\"position\":1,\"name\":\"Portada\",\"item\":\"https:\\\/\\\/www.anovapeneira.gal\\\/\"},{\"@type\":\"ListItem\",\"position\":2,\"name\":\"A CIG traslada o seu profundo pesar polo falecemento de Agust\u00edn Malvido, figura chave do sindicalismo nacionalista\"}]},{\"@type\":\"WebSite\",\"@id\":\"https:\\\/\\\/www.anovapeneira.gal\\\/#website\",\"url\":\"https:\\\/\\\/www.anovapeneira.gal\\\/\",\"name\":\"\",\"description\":\"Xornal galego de informaci\u00f3n xeral Publicaci\u00f3n mensual de novas de Galicia e en especial dos Concellos da sur da provincia de Pontevedra.\",\"publisher\":{\"@id\":\"https:\\\/\\\/www.anovapeneira.gal\\\/#organization\"},\"potentialAction\":[{\"@type\":\"SearchAction\",\"target\":{\"@type\":\"EntryPoint\",\"urlTemplate\":\"https:\\\/\\\/www.anovapeneira.gal\\\/?s={search_term_string}\"},\"query-input\":{\"@type\":\"PropertyValueSpecification\",\"valueRequired\":true,\"valueName\":\"search_term_string\"}}],\"inLanguage\":\"gl-ES\"},{\"@type\":\"Organization\",\"@id\":\"https:\\\/\\\/www.anovapeneira.gal\\\/#organization\",\"name\":\"A Nova Peneira\",\"url\":\"https:\\\/\\\/www.anovapeneira.gal\\\/\",\"logo\":{\"@type\":\"ImageObject\",\"inLanguage\":\"gl-ES\",\"@id\":\"https:\\\/\\\/www.anovapeneira.gal\\\/#\\\/schema\\\/logo\\\/image\\\/\",\"url\":\"http:\\\/\\\/www.anovapeneira.gal\\\/wp-content\\\/uploads\\\/2019\\\/06\\\/logo_a_nova_peneira_portal_web.png\",\"contentUrl\":\"http:\\\/\\\/www.anovapeneira.gal\\\/wp-content\\\/uploads\\\/2019\\\/06\\\/logo_a_nova_peneira_portal_web.png\",\"width\":300,\"height\":100,\"caption\":\"A Nova Peneira\"},\"image\":{\"@id\":\"https:\\\/\\\/www.anovapeneira.gal\\\/#\\\/schema\\\/logo\\\/image\\\/\"},\"sameAs\":[\"https:\\\/\\\/www.facebook.com\\\/anovapeneira\",\"https:\\\/\\\/x.com\\\/APeneira\"]},{\"@type\":\"Person\",\"@id\":\"https:\\\/\\\/www.anovapeneira.gal\\\/#\\\/schema\\\/person\\\/b93e3f8932e3f8da96334607eb6ac6aa\",\"name\":\"Redacci\u00f3n A Nova Peneira\",\"image\":{\"@type\":\"ImageObject\",\"inLanguage\":\"gl-ES\",\"@id\":\"https:\\\/\\\/secure.gravatar.com\\\/avatar\\\/c052a2551a06e23fac63626232eaa90abd78dbcf1700fc46a2b2c89fd27b735f?s=96&d=mm&r=g\",\"url\":\"https:\\\/\\\/secure.gravatar.com\\\/avatar\\\/c052a2551a06e23fac63626232eaa90abd78dbcf1700fc46a2b2c89fd27b735f?s=96&d=mm&r=g\",\"contentUrl\":\"https:\\\/\\\/secure.gravatar.com\\\/avatar\\\/c052a2551a06e23fac63626232eaa90abd78dbcf1700fc46a2b2c89fd27b735f?s=96&d=mm&r=g\",\"caption\":\"Redacci\u00f3n A Nova Peneira\"},\"sameAs\":[\"http:\\\/\\\/www.anovapeneira.gal\\\/\"],\"url\":\"https:\\\/\\\/www.anovapeneira.gal\\\/index.php\\\/author\\\/redactor\\\/\"}]}<\/script>\n<!-- \/ Yoast SEO plugin. -->","yoast_head_json":{"title":"A CIG traslada o seu profundo pesar polo falecemento de Agust\u00edn Malvido, figura chave do sindicalismo nacionalista -","description":"A Confederaci\u00f3n Intersindical Galega (CIG) expresa o seu profundo pesar polo falecemento de Agust\u00edn Malvido Broull\u00f3n, figura chave do sindicalismo nacionalista dende a s\u00faa afiliaci\u00f3n ao Sindicato Obreiro Galego (SOG) en 1976","robots":{"index":"index","follow":"follow","max-snippet":"max-snippet:-1","max-image-preview":"max-image-preview:large","max-video-preview":"max-video-preview:-1"},"canonical":"https:\/\/www.anovapeneira.gal\/index.php\/2023\/01\/11\/a-cig-traslada-o-seu-profundo-pesar-polo-falecemento-de-agustin-malvido-figura-chave-do-sindicalismo-nacionalista\/","og_locale":"gl_ES","og_type":"article","og_title":"A CIG traslada o seu profundo pesar polo falecemento de Agust\u00edn Malvido, figura chave do sindicalismo nacionalista -","og_description":"A Confederaci\u00f3n Intersindical Galega (CIG) expresa o seu profundo pesar polo falecemento de Agust\u00edn Malvido Broull\u00f3n, figura chave do sindicalismo nacionalista dende a s\u00faa afiliaci\u00f3n ao Sindicato Obreiro Galego (SOG) en 1976","og_url":"https:\/\/www.anovapeneira.gal\/index.php\/2023\/01\/11\/a-cig-traslada-o-seu-profundo-pesar-polo-falecemento-de-agustin-malvido-figura-chave-do-sindicalismo-nacionalista\/","article_publisher":"https:\/\/www.facebook.com\/anovapeneira","article_published_time":"2023-01-11T11:00:06+00:00","og_image":[{"width":720,"height":432,"url":"https:\/\/www.anovapeneira.gal\/wp-content\/uploads\/2023\/01\/Agustin_Malvido.png","type":"image\/png"}],"author":"Redacci\u00f3n A Nova Peneira","twitter_card":"summary_large_image","twitter_creator":"@APeneira","twitter_site":"@APeneira","twitter_misc":{"Escrito por":"Redacci\u00f3n A Nova Peneira","Tempo de lectura":"2 minutos"},"schema":{"@context":"https:\/\/schema.org","@graph":[{"@type":"Article","@id":"https:\/\/www.anovapeneira.gal\/index.php\/2023\/01\/11\/a-cig-traslada-o-seu-profundo-pesar-polo-falecemento-de-agustin-malvido-figura-chave-do-sindicalismo-nacionalista\/#article","isPartOf":{"@id":"https:\/\/www.anovapeneira.gal\/index.php\/2023\/01\/11\/a-cig-traslada-o-seu-profundo-pesar-polo-falecemento-de-agustin-malvido-figura-chave-do-sindicalismo-nacionalista\/"},"author":{"name":"Redacci\u00f3n A Nova Peneira","@id":"https:\/\/www.anovapeneira.gal\/#\/schema\/person\/b93e3f8932e3f8da96334607eb6ac6aa"},"headline":"A CIG traslada o seu profundo pesar polo falecemento de Agust\u00edn Malvido, figura chave do sindicalismo nacionalista","datePublished":"2023-01-11T11:00:06+00:00","mainEntityOfPage":{"@id":"https:\/\/www.anovapeneira.gal\/index.php\/2023\/01\/11\/a-cig-traslada-o-seu-profundo-pesar-polo-falecemento-de-agustin-malvido-figura-chave-do-sindicalismo-nacionalista\/"},"wordCount":381,"commentCount":0,"publisher":{"@id":"https:\/\/www.anovapeneira.gal\/#organization"},"image":{"@id":"https:\/\/www.anovapeneira.gal\/index.php\/2023\/01\/11\/a-cig-traslada-o-seu-profundo-pesar-polo-falecemento-de-agustin-malvido-figura-chave-do-sindicalismo-nacionalista\/#primaryimage"},"thumbnailUrl":"https:\/\/www.anovapeneira.gal\/wp-content\/uploads\/2023\/01\/Agustin_Malvido.png","keywords":["CIG"],"articleSection":["Novas"],"inLanguage":"gl-ES","potentialAction":[{"@type":"CommentAction","name":"Comment","target":["https:\/\/www.anovapeneira.gal\/index.php\/2023\/01\/11\/a-cig-traslada-o-seu-profundo-pesar-polo-falecemento-de-agustin-malvido-figura-chave-do-sindicalismo-nacionalista\/#respond"]}]},{"@type":"WebPage","@id":"https:\/\/www.anovapeneira.gal\/index.php\/2023\/01\/11\/a-cig-traslada-o-seu-profundo-pesar-polo-falecemento-de-agustin-malvido-figura-chave-do-sindicalismo-nacionalista\/","url":"https:\/\/www.anovapeneira.gal\/index.php\/2023\/01\/11\/a-cig-traslada-o-seu-profundo-pesar-polo-falecemento-de-agustin-malvido-figura-chave-do-sindicalismo-nacionalista\/","name":"A CIG traslada o seu profundo pesar polo falecemento de Agust\u00edn Malvido, figura chave do sindicalismo nacionalista -","isPartOf":{"@id":"https:\/\/www.anovapeneira.gal\/#website"},"primaryImageOfPage":{"@id":"https:\/\/www.anovapeneira.gal\/index.php\/2023\/01\/11\/a-cig-traslada-o-seu-profundo-pesar-polo-falecemento-de-agustin-malvido-figura-chave-do-sindicalismo-nacionalista\/#primaryimage"},"image":{"@id":"https:\/\/www.anovapeneira.gal\/index.php\/2023\/01\/11\/a-cig-traslada-o-seu-profundo-pesar-polo-falecemento-de-agustin-malvido-figura-chave-do-sindicalismo-nacionalista\/#primaryimage"},"thumbnailUrl":"https:\/\/www.anovapeneira.gal\/wp-content\/uploads\/2023\/01\/Agustin_Malvido.png","datePublished":"2023-01-11T11:00:06+00:00","description":"A Confederaci\u00f3n Intersindical Galega (CIG) expresa o seu profundo pesar polo falecemento de Agust\u00edn Malvido Broull\u00f3n, figura chave do sindicalismo nacionalista dende a s\u00faa afiliaci\u00f3n ao Sindicato Obreiro Galego (SOG) en 1976","breadcrumb":{"@id":"https:\/\/www.anovapeneira.gal\/index.php\/2023\/01\/11\/a-cig-traslada-o-seu-profundo-pesar-polo-falecemento-de-agustin-malvido-figura-chave-do-sindicalismo-nacionalista\/#breadcrumb"},"inLanguage":"gl-ES","potentialAction":[{"@type":"ReadAction","target":["https:\/\/www.anovapeneira.gal\/index.php\/2023\/01\/11\/a-cig-traslada-o-seu-profundo-pesar-polo-falecemento-de-agustin-malvido-figura-chave-do-sindicalismo-nacionalista\/"]}]},{"@type":"ImageObject","inLanguage":"gl-ES","@id":"https:\/\/www.anovapeneira.gal\/index.php\/2023\/01\/11\/a-cig-traslada-o-seu-profundo-pesar-polo-falecemento-de-agustin-malvido-figura-chave-do-sindicalismo-nacionalista\/#primaryimage","url":"https:\/\/www.anovapeneira.gal\/wp-content\/uploads\/2023\/01\/Agustin_Malvido.png","contentUrl":"https:\/\/www.anovapeneira.gal\/wp-content\/uploads\/2023\/01\/Agustin_Malvido.png","width":720,"height":432,"caption":"A CIG traslada o seu profundo pesar polo falecemento de Agust\u00edn Malvido, figura chave do sindicalismo nacionalista"},{"@type":"BreadcrumbList","@id":"https:\/\/www.anovapeneira.gal\/index.php\/2023\/01\/11\/a-cig-traslada-o-seu-profundo-pesar-polo-falecemento-de-agustin-malvido-figura-chave-do-sindicalismo-nacionalista\/#breadcrumb","itemListElement":[{"@type":"ListItem","position":1,"name":"Portada","item":"https:\/\/www.anovapeneira.gal\/"},{"@type":"ListItem","position":2,"name":"A CIG traslada o seu profundo pesar polo falecemento de Agust\u00edn Malvido, figura chave do sindicalismo nacionalista"}]},{"@type":"WebSite","@id":"https:\/\/www.anovapeneira.gal\/#website","url":"https:\/\/www.anovapeneira.gal\/","name":"","description":"Xornal galego de informaci\u00f3n xeral Publicaci\u00f3n mensual de novas de Galicia e en especial dos Concellos da sur da provincia de Pontevedra.","publisher":{"@id":"https:\/\/www.anovapeneira.gal\/#organization"},"potentialAction":[{"@type":"SearchAction","target":{"@type":"EntryPoint","urlTemplate":"https:\/\/www.anovapeneira.gal\/?s={search_term_string}"},"query-input":{"@type":"PropertyValueSpecification","valueRequired":true,"valueName":"search_term_string"}}],"inLanguage":"gl-ES"},{"@type":"Organization","@id":"https:\/\/www.anovapeneira.gal\/#organization","name":"A Nova Peneira","url":"https:\/\/www.anovapeneira.gal\/","logo":{"@type":"ImageObject","inLanguage":"gl-ES","@id":"https:\/\/www.anovapeneira.gal\/#\/schema\/logo\/image\/","url":"http:\/\/www.anovapeneira.gal\/wp-content\/uploads\/2019\/06\/logo_a_nova_peneira_portal_web.png","contentUrl":"http:\/\/www.anovapeneira.gal\/wp-content\/uploads\/2019\/06\/logo_a_nova_peneira_portal_web.png","width":300,"height":100,"caption":"A Nova Peneira"},"image":{"@id":"https:\/\/www.anovapeneira.gal\/#\/schema\/logo\/image\/"},"sameAs":["https:\/\/www.facebook.com\/anovapeneira","https:\/\/x.com\/APeneira"]},{"@type":"Person","@id":"https:\/\/www.anovapeneira.gal\/#\/schema\/person\/b93e3f8932e3f8da96334607eb6ac6aa","name":"Redacci\u00f3n A Nova Peneira","image":{"@type":"ImageObject","inLanguage":"gl-ES","@id":"https:\/\/secure.gravatar.com\/avatar\/c052a2551a06e23fac63626232eaa90abd78dbcf1700fc46a2b2c89fd27b735f?s=96&d=mm&r=g","url":"https:\/\/secure.gravatar.com\/avatar\/c052a2551a06e23fac63626232eaa90abd78dbcf1700fc46a2b2c89fd27b735f?s=96&d=mm&r=g","contentUrl":"https:\/\/secure.gravatar.com\/avatar\/c052a2551a06e23fac63626232eaa90abd78dbcf1700fc46a2b2c89fd27b735f?s=96&d=mm&r=g","caption":"Redacci\u00f3n A Nova Peneira"},"sameAs":["http:\/\/www.anovapeneira.gal\/"],"url":"https:\/\/www.anovapeneira.gal\/index.php\/author\/redactor\/"}]}},"jetpack_featured_media_url":"https:\/\/www.anovapeneira.gal\/wp-content\/uploads\/2023\/01\/Agustin_Malvido.png","_links":{"self":[{"href":"https:\/\/www.anovapeneira.gal\/index.php\/wp-json\/wp\/v2\/posts\/8899","targetHints":{"allow":["GET"]}}],"collection":[{"href":"https:\/\/www.anovapeneira.gal\/index.php\/wp-json\/wp\/v2\/posts"}],"about":[{"href":"https:\/\/www.anovapeneira.gal\/index.php\/wp-json\/wp\/v2\/types\/post"}],"author":[{"embeddable":true,"href":"https:\/\/www.anovapeneira.gal\/index.php\/wp-json\/wp\/v2\/users\/3"}],"replies":[{"embeddable":true,"href":"https:\/\/www.anovapeneira.gal\/index.php\/wp-json\/wp\/v2\/comments?post=8899"}],"version-history":[{"count":1,"href":"https:\/\/www.anovapeneira.gal\/index.php\/wp-json\/wp\/v2\/posts\/8899\/revisions"}],"predecessor-version":[{"id":8901,"href":"https:\/\/www.anovapeneira.gal\/index.php\/wp-json\/wp\/v2\/posts\/8899\/revisions\/8901"}],"wp:featuredmedia":[{"embeddable":true,"href":"https:\/\/www.anovapeneira.gal\/index.php\/wp-json\/wp\/v2\/media\/8900"}],"wp:attachment":[{"href":"https:\/\/www.anovapeneira.gal\/index.php\/wp-json\/wp\/v2\/media?parent=8899"}],"wp:term":[{"taxonomy":"category","embeddable":true,"href":"https:\/\/www.anovapeneira.gal\/index.php\/wp-json\/wp\/v2\/categories?post=8899"},{"taxonomy":"post_tag","embeddable":true,"href":"https:\/\/www.anovapeneira.gal\/index.php\/wp-json\/wp\/v2\/tags?post=8899"}],"curies":[{"name":"wp","href":"https:\/\/api.w.org\/{rel}","templated":true}]}}