{"id":8905,"date":"2023-01-12T12:00:01","date_gmt":"2023-01-12T11:00:01","guid":{"rendered":"https:\/\/www.anovapeneira.gal\/?p=8905"},"modified":"2023-01-09T17:19:16","modified_gmt":"2023-01-09T16:19:16","slug":"a-mancomunidade-do-val-minor-non-contratou-o-estudo-sobre-a-contaminacion-da-foz-anunciado-en-maio-do-ano-pasado-polos-alcaldes","status":"publish","type":"post","link":"https:\/\/www.anovapeneira.gal\/index.php\/2023\/01\/12\/a-mancomunidade-do-val-minor-non-contratou-o-estudo-sobre-a-contaminacion-da-foz-anunciado-en-maio-do-ano-pasado-polos-alcaldes\/","title":{"rendered":"A Mancomunidade do Val Mi\u00f1or non contratou o estudo sobre a contaminaci\u00f3n da Foz anunciado en maio do ano pasado polos alcaldes"},"content":{"rendered":"\n<h2 class=\"wp-block-heading\">O 23 de maio do 2022 os rexedores de Nigr\u00e1n, Gondomar e Baiona, anunciaron publicamente que a Mancomunidade promover\u00eda e financiar\u00eda o estudo sobre a contaminaci\u00f3n da Foz e o r\u00edo Mi\u00f1or.<\/h2>\n\n\n\n<p>Pola s\u00faa banda, o PPdeG rexeitou a emenda do BNG aos orzamentos da Xunta por importe de 75.000 euros para a redacci\u00f3n dun proxecto de rexeneraci\u00f3n da Foz<\/p>\n\n\n\n<p>Hai m\u00e1is de sete meses, os alcaldes do Val Mi\u00f1or quixeron fotografarse con membros da directiva da Confrar\u00eda de Pescadores A Anunciada, para difundir a contrataci\u00f3n dun estudo sobre o impacto da contaminaci\u00f3n microbiol\u00f3xica no estuario da Foz do Mi\u00f1or. Ent\u00f3n manifestaban o seu firme empe\u00f1o en recuperar a zona. Tras m\u00e1is de medio ano sen noticia ningunha ao respecto, o BNG dos concellos do Mi\u00f1or, a trav\u00e9s do seu representante na Xunta da Mancomunidade, Iago Pereira, preguntou sobre esta suposta contrataci\u00f3n e o seu resultado, obtendo a resposta que xa imaxinabamos. Non houbo adxudicaci\u00f3n ningunha e polo tanto non se realizou estudo ning\u00fan.<\/p>\n\n\n\n<p>A este anuncio falso dos rexedores para o que incluso non dubidaron en utilizar a boa fe da confrar\u00eda, s\u00famase o rexeitamento no Parlamento Galego por parte do Partido Popular \u00e1 emenda que introduciu o BNG nos orzamentos da Xunta para o ano 2023 por importe de 75.000 euros, para a realizaci\u00f3n dun estudo para a recuperaci\u00f3n ecol\u00f3xica da Foz do Mi\u00f1or que servira de base para a elaboraci\u00f3n do Plan de Rexeneraci\u00f3n, de cara \u00e1 restauraci\u00f3n da contorna, a eliminaci\u00f3n da contaminaci\u00f3n e a recuperaci\u00f3n do banco marisqueiro.<\/p>\n\n\n\n<p>En todo caso dende o BNG de <strong>B<\/strong>aiona, <strong>N<\/strong>igr\u00e1n e<strong> G<\/strong>ondomar queremos reiterar o noso compromiso ineludible co saneamento da Foz e do r\u00edo Mi\u00f1or e de sermos decisivos na Xunta da Mancomunidade do Val Mi\u00f1or tras as pr\u00f3ximas elecci\u00f3ns municipais, faremos realidade a contrataci\u00f3n do estudo falsamente anunciado polos alcaldes socialistas do val.<\/p>\n\n\n\n<p>Xavier Rodr\u00edguez Fern\u00e1ndez<\/p>\n\n\n\n<p>Respons\u00e1bel local do BNG de Nigr\u00e1n<\/p>\n","protected":false},"excerpt":{"rendered":"<div class=\"mh-excerpt\"><p>O 23 de maio do 2022 os rexedores de Nigr\u00e1n, Gondomar e Baiona, anunciaron publicamente que a Mancomunidade promover\u00eda e financiar\u00eda o estudo sobre a contaminaci\u00f3n da Foz e o r\u00edo Mi\u00f1or <a class=\"mh-excerpt-more\" href=\"https:\/\/www.anovapeneira.gal\/index.php\/2023\/01\/12\/a-mancomunidade-do-val-minor-non-contratou-o-estudo-sobre-a-contaminacion-da-foz-anunciado-en-maio-do-ano-pasado-polos-alcaldes\/\" title=\"A Mancomunidade do Val Mi\u00f1or non contratou o estudo sobre a contaminaci\u00f3n da Foz anunciado en maio do ano pasado polos alcaldes\">[&#8230;]<\/a><\/p>\n<\/div>","protected":false},"author":3,"featured_media":8144,"comment_status":"open","ping_status":"open","sticky":false,"template":"","format":"standard","meta":{"_exactmetrics_skip_tracking":false,"_exactmetrics_sitenote_active":false,"_exactmetrics_sitenote_note":"","_exactmetrics_sitenote_category":0,"footnotes":""},"categories":[20],"tags":[],"class_list":{"0":"post-8905","1":"post","2":"type-post","3":"status-publish","4":"format-standard","5":"has-post-thumbnail","7":"category-val-minor"},"yoast_head":"<!-- This site is optimized with the Yoast SEO plugin v27.4 - https:\/\/yoast.com\/product\/yoast-seo-wordpress\/ -->\n<title>A Mancomunidade do Val Mi\u00f1or non contratou o estudo sobre a contaminaci\u00f3n da Foz anunciado en maio do ano pasado polos alcaldes -<\/title>\n<meta name=\"description\" content=\"O 23 de maio do 2022 os rexedores de Nigr\u00e1n, Gondomar e Baiona, anunciaron publicamente que a Mancomunidade promover\u00eda e financiar\u00eda o estudo sobre a contaminaci\u00f3n da Foz e o r\u00edo Mi\u00f1or\" \/>\n<meta name=\"robots\" content=\"index, follow, max-snippet:-1, max-image-preview:large, max-video-preview:-1\" \/>\n<link rel=\"canonical\" href=\"https:\/\/www.anovapeneira.gal\/index.php\/2023\/01\/12\/a-mancomunidade-do-val-minor-non-contratou-o-estudo-sobre-a-contaminacion-da-foz-anunciado-en-maio-do-ano-pasado-polos-alcaldes\/\" \/>\n<meta property=\"og:locale\" content=\"gl_ES\" \/>\n<meta property=\"og:type\" content=\"article\" \/>\n<meta property=\"og:title\" content=\"A Mancomunidade do Val Mi\u00f1or non contratou o estudo sobre a contaminaci\u00f3n da Foz anunciado en maio do ano pasado polos alcaldes -\" \/>\n<meta property=\"og:description\" content=\"O 23 de maio do 2022 os rexedores de Nigr\u00e1n, Gondomar e Baiona, anunciaron publicamente que a Mancomunidade promover\u00eda e financiar\u00eda o estudo sobre a contaminaci\u00f3n da Foz e o r\u00edo Mi\u00f1or\" \/>\n<meta property=\"og:url\" content=\"https:\/\/www.anovapeneira.gal\/index.php\/2023\/01\/12\/a-mancomunidade-do-val-minor-non-contratou-o-estudo-sobre-a-contaminacion-da-foz-anunciado-en-maio-do-ano-pasado-polos-alcaldes\/\" \/>\n<meta property=\"article:publisher\" content=\"https:\/\/www.facebook.com\/anovapeneira\" \/>\n<meta property=\"article:published_time\" content=\"2023-01-12T11:00:01+00:00\" \/>\n<meta property=\"og:image\" content=\"https:\/\/www.anovapeneira.gal\/wp-content\/uploads\/2022\/09\/xavier_rodriguez.jpg\" \/>\n\t<meta property=\"og:image:width\" content=\"720\" \/>\n\t<meta property=\"og:image:height\" content=\"432\" \/>\n\t<meta property=\"og:image:type\" content=\"image\/jpeg\" \/>\n<meta name=\"author\" content=\"Redacci\u00f3n A Nova Peneira\" \/>\n<meta name=\"twitter:card\" content=\"summary_large_image\" \/>\n<meta name=\"twitter:creator\" content=\"@APeneira\" \/>\n<meta name=\"twitter:site\" content=\"@APeneira\" \/>\n<meta name=\"twitter:label1\" content=\"Escrito por\" \/>\n\t<meta name=\"twitter:data1\" content=\"Redacci\u00f3n A Nova Peneira\" \/>\n\t<meta name=\"twitter:label2\" content=\"Tempo de lectura\" \/>\n\t<meta name=\"twitter:data2\" content=\"2 minutos\" \/>\n<script type=\"application\/ld+json\" class=\"yoast-schema-graph\">{\"@context\":\"https:\\\/\\\/schema.org\",\"@graph\":[{\"@type\":\"Article\",\"@id\":\"https:\\\/\\\/www.anovapeneira.gal\\\/index.php\\\/2023\\\/01\\\/12\\\/a-mancomunidade-do-val-minor-non-contratou-o-estudo-sobre-a-contaminacion-da-foz-anunciado-en-maio-do-ano-pasado-polos-alcaldes\\\/#article\",\"isPartOf\":{\"@id\":\"https:\\\/\\\/www.anovapeneira.gal\\\/index.php\\\/2023\\\/01\\\/12\\\/a-mancomunidade-do-val-minor-non-contratou-o-estudo-sobre-a-contaminacion-da-foz-anunciado-en-maio-do-ano-pasado-polos-alcaldes\\\/\"},\"author\":{\"name\":\"Redacci\u00f3n A Nova Peneira\",\"@id\":\"https:\\\/\\\/www.anovapeneira.gal\\\/#\\\/schema\\\/person\\\/b93e3f8932e3f8da96334607eb6ac6aa\"},\"headline\":\"A Mancomunidade do Val Mi\u00f1or non contratou o estudo sobre a contaminaci\u00f3n da Foz anunciado en maio do ano pasado polos alcaldes\",\"datePublished\":\"2023-01-12T11:00:01+00:00\",\"mainEntityOfPage\":{\"@id\":\"https:\\\/\\\/www.anovapeneira.gal\\\/index.php\\\/2023\\\/01\\\/12\\\/a-mancomunidade-do-val-minor-non-contratou-o-estudo-sobre-a-contaminacion-da-foz-anunciado-en-maio-do-ano-pasado-polos-alcaldes\\\/\"},\"wordCount\":380,\"commentCount\":0,\"publisher\":{\"@id\":\"https:\\\/\\\/www.anovapeneira.gal\\\/#organization\"},\"image\":{\"@id\":\"https:\\\/\\\/www.anovapeneira.gal\\\/index.php\\\/2023\\\/01\\\/12\\\/a-mancomunidade-do-val-minor-non-contratou-o-estudo-sobre-a-contaminacion-da-foz-anunciado-en-maio-do-ano-pasado-polos-alcaldes\\\/#primaryimage\"},\"thumbnailUrl\":\"https:\\\/\\\/www.anovapeneira.gal\\\/wp-content\\\/uploads\\\/2022\\\/09\\\/xavier_rodriguez.jpg\",\"articleSection\":[\"Val Mi\u00f1or\"],\"inLanguage\":\"gl-ES\",\"potentialAction\":[{\"@type\":\"CommentAction\",\"name\":\"Comment\",\"target\":[\"https:\\\/\\\/www.anovapeneira.gal\\\/index.php\\\/2023\\\/01\\\/12\\\/a-mancomunidade-do-val-minor-non-contratou-o-estudo-sobre-a-contaminacion-da-foz-anunciado-en-maio-do-ano-pasado-polos-alcaldes\\\/#respond\"]}]},{\"@type\":\"WebPage\",\"@id\":\"https:\\\/\\\/www.anovapeneira.gal\\\/index.php\\\/2023\\\/01\\\/12\\\/a-mancomunidade-do-val-minor-non-contratou-o-estudo-sobre-a-contaminacion-da-foz-anunciado-en-maio-do-ano-pasado-polos-alcaldes\\\/\",\"url\":\"https:\\\/\\\/www.anovapeneira.gal\\\/index.php\\\/2023\\\/01\\\/12\\\/a-mancomunidade-do-val-minor-non-contratou-o-estudo-sobre-a-contaminacion-da-foz-anunciado-en-maio-do-ano-pasado-polos-alcaldes\\\/\",\"name\":\"A Mancomunidade do Val Mi\u00f1or non contratou o estudo sobre a contaminaci\u00f3n da Foz anunciado en maio do ano pasado polos alcaldes -\",\"isPartOf\":{\"@id\":\"https:\\\/\\\/www.anovapeneira.gal\\\/#website\"},\"primaryImageOfPage\":{\"@id\":\"https:\\\/\\\/www.anovapeneira.gal\\\/index.php\\\/2023\\\/01\\\/12\\\/a-mancomunidade-do-val-minor-non-contratou-o-estudo-sobre-a-contaminacion-da-foz-anunciado-en-maio-do-ano-pasado-polos-alcaldes\\\/#primaryimage\"},\"image\":{\"@id\":\"https:\\\/\\\/www.anovapeneira.gal\\\/index.php\\\/2023\\\/01\\\/12\\\/a-mancomunidade-do-val-minor-non-contratou-o-estudo-sobre-a-contaminacion-da-foz-anunciado-en-maio-do-ano-pasado-polos-alcaldes\\\/#primaryimage\"},\"thumbnailUrl\":\"https:\\\/\\\/www.anovapeneira.gal\\\/wp-content\\\/uploads\\\/2022\\\/09\\\/xavier_rodriguez.jpg\",\"datePublished\":\"2023-01-12T11:00:01+00:00\",\"description\":\"O 23 de maio do 2022 os rexedores de Nigr\u00e1n, Gondomar e Baiona, anunciaron publicamente que a Mancomunidade promover\u00eda e financiar\u00eda o estudo sobre a contaminaci\u00f3n da Foz e o r\u00edo Mi\u00f1or\",\"breadcrumb\":{\"@id\":\"https:\\\/\\\/www.anovapeneira.gal\\\/index.php\\\/2023\\\/01\\\/12\\\/a-mancomunidade-do-val-minor-non-contratou-o-estudo-sobre-a-contaminacion-da-foz-anunciado-en-maio-do-ano-pasado-polos-alcaldes\\\/#breadcrumb\"},\"inLanguage\":\"gl-ES\",\"potentialAction\":[{\"@type\":\"ReadAction\",\"target\":[\"https:\\\/\\\/www.anovapeneira.gal\\\/index.php\\\/2023\\\/01\\\/12\\\/a-mancomunidade-do-val-minor-non-contratou-o-estudo-sobre-a-contaminacion-da-foz-anunciado-en-maio-do-ano-pasado-polos-alcaldes\\\/\"]}]},{\"@type\":\"ImageObject\",\"inLanguage\":\"gl-ES\",\"@id\":\"https:\\\/\\\/www.anovapeneira.gal\\\/index.php\\\/2023\\\/01\\\/12\\\/a-mancomunidade-do-val-minor-non-contratou-o-estudo-sobre-a-contaminacion-da-foz-anunciado-en-maio-do-ano-pasado-polos-alcaldes\\\/#primaryimage\",\"url\":\"https:\\\/\\\/www.anovapeneira.gal\\\/wp-content\\\/uploads\\\/2022\\\/09\\\/xavier_rodriguez.jpg\",\"contentUrl\":\"https:\\\/\\\/www.anovapeneira.gal\\\/wp-content\\\/uploads\\\/2022\\\/09\\\/xavier_rodriguez.jpg\",\"width\":720,\"height\":432,\"caption\":\"Xavier Rodr\u00edguez BNG \u00e1 de Nigr\u00e1n\"},{\"@type\":\"BreadcrumbList\",\"@id\":\"https:\\\/\\\/www.anovapeneira.gal\\\/index.php\\\/2023\\\/01\\\/12\\\/a-mancomunidade-do-val-minor-non-contratou-o-estudo-sobre-a-contaminacion-da-foz-anunciado-en-maio-do-ano-pasado-polos-alcaldes\\\/#breadcrumb\",\"itemListElement\":[{\"@type\":\"ListItem\",\"position\":1,\"name\":\"Portada\",\"item\":\"https:\\\/\\\/www.anovapeneira.gal\\\/\"},{\"@type\":\"ListItem\",\"position\":2,\"name\":\"A Mancomunidade do Val Mi\u00f1or non contratou o estudo sobre a contaminaci\u00f3n da Foz anunciado en maio do ano pasado polos alcaldes\"}]},{\"@type\":\"WebSite\",\"@id\":\"https:\\\/\\\/www.anovapeneira.gal\\\/#website\",\"url\":\"https:\\\/\\\/www.anovapeneira.gal\\\/\",\"name\":\"\",\"description\":\"Xornal galego de informaci\u00f3n xeral Publicaci\u00f3n mensual de novas de Galicia e en especial dos Concellos da sur da provincia de Pontevedra.\",\"publisher\":{\"@id\":\"https:\\\/\\\/www.anovapeneira.gal\\\/#organization\"},\"potentialAction\":[{\"@type\":\"SearchAction\",\"target\":{\"@type\":\"EntryPoint\",\"urlTemplate\":\"https:\\\/\\\/www.anovapeneira.gal\\\/?s={search_term_string}\"},\"query-input\":{\"@type\":\"PropertyValueSpecification\",\"valueRequired\":true,\"valueName\":\"search_term_string\"}}],\"inLanguage\":\"gl-ES\"},{\"@type\":\"Organization\",\"@id\":\"https:\\\/\\\/www.anovapeneira.gal\\\/#organization\",\"name\":\"A Nova Peneira\",\"url\":\"https:\\\/\\\/www.anovapeneira.gal\\\/\",\"logo\":{\"@type\":\"ImageObject\",\"inLanguage\":\"gl-ES\",\"@id\":\"https:\\\/\\\/www.anovapeneira.gal\\\/#\\\/schema\\\/logo\\\/image\\\/\",\"url\":\"http:\\\/\\\/www.anovapeneira.gal\\\/wp-content\\\/uploads\\\/2019\\\/06\\\/logo_a_nova_peneira_portal_web.png\",\"contentUrl\":\"http:\\\/\\\/www.anovapeneira.gal\\\/wp-content\\\/uploads\\\/2019\\\/06\\\/logo_a_nova_peneira_portal_web.png\",\"width\":300,\"height\":100,\"caption\":\"A Nova Peneira\"},\"image\":{\"@id\":\"https:\\\/\\\/www.anovapeneira.gal\\\/#\\\/schema\\\/logo\\\/image\\\/\"},\"sameAs\":[\"https:\\\/\\\/www.facebook.com\\\/anovapeneira\",\"https:\\\/\\\/x.com\\\/APeneira\"]},{\"@type\":\"Person\",\"@id\":\"https:\\\/\\\/www.anovapeneira.gal\\\/#\\\/schema\\\/person\\\/b93e3f8932e3f8da96334607eb6ac6aa\",\"name\":\"Redacci\u00f3n A Nova Peneira\",\"image\":{\"@type\":\"ImageObject\",\"inLanguage\":\"gl-ES\",\"@id\":\"https:\\\/\\\/secure.gravatar.com\\\/avatar\\\/c052a2551a06e23fac63626232eaa90abd78dbcf1700fc46a2b2c89fd27b735f?s=96&d=mm&r=g\",\"url\":\"https:\\\/\\\/secure.gravatar.com\\\/avatar\\\/c052a2551a06e23fac63626232eaa90abd78dbcf1700fc46a2b2c89fd27b735f?s=96&d=mm&r=g\",\"contentUrl\":\"https:\\\/\\\/secure.gravatar.com\\\/avatar\\\/c052a2551a06e23fac63626232eaa90abd78dbcf1700fc46a2b2c89fd27b735f?s=96&d=mm&r=g\",\"caption\":\"Redacci\u00f3n A Nova Peneira\"},\"sameAs\":[\"http:\\\/\\\/www.anovapeneira.gal\\\/\"],\"url\":\"https:\\\/\\\/www.anovapeneira.gal\\\/index.php\\\/author\\\/redactor\\\/\"}]}<\/script>\n<!-- \/ Yoast SEO plugin. -->","yoast_head_json":{"title":"A Mancomunidade do Val Mi\u00f1or non contratou o estudo sobre a contaminaci\u00f3n da Foz anunciado en maio do ano pasado polos alcaldes -","description":"O 23 de maio do 2022 os rexedores de Nigr\u00e1n, Gondomar e Baiona, anunciaron publicamente que a Mancomunidade promover\u00eda e financiar\u00eda o estudo sobre a contaminaci\u00f3n da Foz e o r\u00edo Mi\u00f1or","robots":{"index":"index","follow":"follow","max-snippet":"max-snippet:-1","max-image-preview":"max-image-preview:large","max-video-preview":"max-video-preview:-1"},"canonical":"https:\/\/www.anovapeneira.gal\/index.php\/2023\/01\/12\/a-mancomunidade-do-val-minor-non-contratou-o-estudo-sobre-a-contaminacion-da-foz-anunciado-en-maio-do-ano-pasado-polos-alcaldes\/","og_locale":"gl_ES","og_type":"article","og_title":"A Mancomunidade do Val Mi\u00f1or non contratou o estudo sobre a contaminaci\u00f3n da Foz anunciado en maio do ano pasado polos alcaldes -","og_description":"O 23 de maio do 2022 os rexedores de Nigr\u00e1n, Gondomar e Baiona, anunciaron publicamente que a Mancomunidade promover\u00eda e financiar\u00eda o estudo sobre a contaminaci\u00f3n da Foz e o r\u00edo Mi\u00f1or","og_url":"https:\/\/www.anovapeneira.gal\/index.php\/2023\/01\/12\/a-mancomunidade-do-val-minor-non-contratou-o-estudo-sobre-a-contaminacion-da-foz-anunciado-en-maio-do-ano-pasado-polos-alcaldes\/","article_publisher":"https:\/\/www.facebook.com\/anovapeneira","article_published_time":"2023-01-12T11:00:01+00:00","og_image":[{"width":720,"height":432,"url":"https:\/\/www.anovapeneira.gal\/wp-content\/uploads\/2022\/09\/xavier_rodriguez.jpg","type":"image\/jpeg"}],"author":"Redacci\u00f3n A Nova Peneira","twitter_card":"summary_large_image","twitter_creator":"@APeneira","twitter_site":"@APeneira","twitter_misc":{"Escrito por":"Redacci\u00f3n A Nova Peneira","Tempo de lectura":"2 minutos"},"schema":{"@context":"https:\/\/schema.org","@graph":[{"@type":"Article","@id":"https:\/\/www.anovapeneira.gal\/index.php\/2023\/01\/12\/a-mancomunidade-do-val-minor-non-contratou-o-estudo-sobre-a-contaminacion-da-foz-anunciado-en-maio-do-ano-pasado-polos-alcaldes\/#article","isPartOf":{"@id":"https:\/\/www.anovapeneira.gal\/index.php\/2023\/01\/12\/a-mancomunidade-do-val-minor-non-contratou-o-estudo-sobre-a-contaminacion-da-foz-anunciado-en-maio-do-ano-pasado-polos-alcaldes\/"},"author":{"name":"Redacci\u00f3n A Nova Peneira","@id":"https:\/\/www.anovapeneira.gal\/#\/schema\/person\/b93e3f8932e3f8da96334607eb6ac6aa"},"headline":"A Mancomunidade do Val Mi\u00f1or non contratou o estudo sobre a contaminaci\u00f3n da Foz anunciado en maio do ano pasado polos alcaldes","datePublished":"2023-01-12T11:00:01+00:00","mainEntityOfPage":{"@id":"https:\/\/www.anovapeneira.gal\/index.php\/2023\/01\/12\/a-mancomunidade-do-val-minor-non-contratou-o-estudo-sobre-a-contaminacion-da-foz-anunciado-en-maio-do-ano-pasado-polos-alcaldes\/"},"wordCount":380,"commentCount":0,"publisher":{"@id":"https:\/\/www.anovapeneira.gal\/#organization"},"image":{"@id":"https:\/\/www.anovapeneira.gal\/index.php\/2023\/01\/12\/a-mancomunidade-do-val-minor-non-contratou-o-estudo-sobre-a-contaminacion-da-foz-anunciado-en-maio-do-ano-pasado-polos-alcaldes\/#primaryimage"},"thumbnailUrl":"https:\/\/www.anovapeneira.gal\/wp-content\/uploads\/2022\/09\/xavier_rodriguez.jpg","articleSection":["Val Mi\u00f1or"],"inLanguage":"gl-ES","potentialAction":[{"@type":"CommentAction","name":"Comment","target":["https:\/\/www.anovapeneira.gal\/index.php\/2023\/01\/12\/a-mancomunidade-do-val-minor-non-contratou-o-estudo-sobre-a-contaminacion-da-foz-anunciado-en-maio-do-ano-pasado-polos-alcaldes\/#respond"]}]},{"@type":"WebPage","@id":"https:\/\/www.anovapeneira.gal\/index.php\/2023\/01\/12\/a-mancomunidade-do-val-minor-non-contratou-o-estudo-sobre-a-contaminacion-da-foz-anunciado-en-maio-do-ano-pasado-polos-alcaldes\/","url":"https:\/\/www.anovapeneira.gal\/index.php\/2023\/01\/12\/a-mancomunidade-do-val-minor-non-contratou-o-estudo-sobre-a-contaminacion-da-foz-anunciado-en-maio-do-ano-pasado-polos-alcaldes\/","name":"A Mancomunidade do Val Mi\u00f1or non contratou o estudo sobre a contaminaci\u00f3n da Foz anunciado en maio do ano pasado polos alcaldes -","isPartOf":{"@id":"https:\/\/www.anovapeneira.gal\/#website"},"primaryImageOfPage":{"@id":"https:\/\/www.anovapeneira.gal\/index.php\/2023\/01\/12\/a-mancomunidade-do-val-minor-non-contratou-o-estudo-sobre-a-contaminacion-da-foz-anunciado-en-maio-do-ano-pasado-polos-alcaldes\/#primaryimage"},"image":{"@id":"https:\/\/www.anovapeneira.gal\/index.php\/2023\/01\/12\/a-mancomunidade-do-val-minor-non-contratou-o-estudo-sobre-a-contaminacion-da-foz-anunciado-en-maio-do-ano-pasado-polos-alcaldes\/#primaryimage"},"thumbnailUrl":"https:\/\/www.anovapeneira.gal\/wp-content\/uploads\/2022\/09\/xavier_rodriguez.jpg","datePublished":"2023-01-12T11:00:01+00:00","description":"O 23 de maio do 2022 os rexedores de Nigr\u00e1n, Gondomar e Baiona, anunciaron publicamente que a Mancomunidade promover\u00eda e financiar\u00eda o estudo sobre a contaminaci\u00f3n da Foz e o r\u00edo Mi\u00f1or","breadcrumb":{"@id":"https:\/\/www.anovapeneira.gal\/index.php\/2023\/01\/12\/a-mancomunidade-do-val-minor-non-contratou-o-estudo-sobre-a-contaminacion-da-foz-anunciado-en-maio-do-ano-pasado-polos-alcaldes\/#breadcrumb"},"inLanguage":"gl-ES","potentialAction":[{"@type":"ReadAction","target":["https:\/\/www.anovapeneira.gal\/index.php\/2023\/01\/12\/a-mancomunidade-do-val-minor-non-contratou-o-estudo-sobre-a-contaminacion-da-foz-anunciado-en-maio-do-ano-pasado-polos-alcaldes\/"]}]},{"@type":"ImageObject","inLanguage":"gl-ES","@id":"https:\/\/www.anovapeneira.gal\/index.php\/2023\/01\/12\/a-mancomunidade-do-val-minor-non-contratou-o-estudo-sobre-a-contaminacion-da-foz-anunciado-en-maio-do-ano-pasado-polos-alcaldes\/#primaryimage","url":"https:\/\/www.anovapeneira.gal\/wp-content\/uploads\/2022\/09\/xavier_rodriguez.jpg","contentUrl":"https:\/\/www.anovapeneira.gal\/wp-content\/uploads\/2022\/09\/xavier_rodriguez.jpg","width":720,"height":432,"caption":"Xavier Rodr\u00edguez BNG \u00e1 de Nigr\u00e1n"},{"@type":"BreadcrumbList","@id":"https:\/\/www.anovapeneira.gal\/index.php\/2023\/01\/12\/a-mancomunidade-do-val-minor-non-contratou-o-estudo-sobre-a-contaminacion-da-foz-anunciado-en-maio-do-ano-pasado-polos-alcaldes\/#breadcrumb","itemListElement":[{"@type":"ListItem","position":1,"name":"Portada","item":"https:\/\/www.anovapeneira.gal\/"},{"@type":"ListItem","position":2,"name":"A Mancomunidade do Val Mi\u00f1or non contratou o estudo sobre a contaminaci\u00f3n da Foz anunciado en maio do ano pasado polos alcaldes"}]},{"@type":"WebSite","@id":"https:\/\/www.anovapeneira.gal\/#website","url":"https:\/\/www.anovapeneira.gal\/","name":"","description":"Xornal galego de informaci\u00f3n xeral Publicaci\u00f3n mensual de novas de Galicia e en especial dos Concellos da sur da provincia de Pontevedra.","publisher":{"@id":"https:\/\/www.anovapeneira.gal\/#organization"},"potentialAction":[{"@type":"SearchAction","target":{"@type":"EntryPoint","urlTemplate":"https:\/\/www.anovapeneira.gal\/?s={search_term_string}"},"query-input":{"@type":"PropertyValueSpecification","valueRequired":true,"valueName":"search_term_string"}}],"inLanguage":"gl-ES"},{"@type":"Organization","@id":"https:\/\/www.anovapeneira.gal\/#organization","name":"A Nova Peneira","url":"https:\/\/www.anovapeneira.gal\/","logo":{"@type":"ImageObject","inLanguage":"gl-ES","@id":"https:\/\/www.anovapeneira.gal\/#\/schema\/logo\/image\/","url":"http:\/\/www.anovapeneira.gal\/wp-content\/uploads\/2019\/06\/logo_a_nova_peneira_portal_web.png","contentUrl":"http:\/\/www.anovapeneira.gal\/wp-content\/uploads\/2019\/06\/logo_a_nova_peneira_portal_web.png","width":300,"height":100,"caption":"A Nova Peneira"},"image":{"@id":"https:\/\/www.anovapeneira.gal\/#\/schema\/logo\/image\/"},"sameAs":["https:\/\/www.facebook.com\/anovapeneira","https:\/\/x.com\/APeneira"]},{"@type":"Person","@id":"https:\/\/www.anovapeneira.gal\/#\/schema\/person\/b93e3f8932e3f8da96334607eb6ac6aa","name":"Redacci\u00f3n A Nova Peneira","image":{"@type":"ImageObject","inLanguage":"gl-ES","@id":"https:\/\/secure.gravatar.com\/avatar\/c052a2551a06e23fac63626232eaa90abd78dbcf1700fc46a2b2c89fd27b735f?s=96&d=mm&r=g","url":"https:\/\/secure.gravatar.com\/avatar\/c052a2551a06e23fac63626232eaa90abd78dbcf1700fc46a2b2c89fd27b735f?s=96&d=mm&r=g","contentUrl":"https:\/\/secure.gravatar.com\/avatar\/c052a2551a06e23fac63626232eaa90abd78dbcf1700fc46a2b2c89fd27b735f?s=96&d=mm&r=g","caption":"Redacci\u00f3n A Nova Peneira"},"sameAs":["http:\/\/www.anovapeneira.gal\/"],"url":"https:\/\/www.anovapeneira.gal\/index.php\/author\/redactor\/"}]}},"jetpack_featured_media_url":"https:\/\/www.anovapeneira.gal\/wp-content\/uploads\/2022\/09\/xavier_rodriguez.jpg","_links":{"self":[{"href":"https:\/\/www.anovapeneira.gal\/index.php\/wp-json\/wp\/v2\/posts\/8905","targetHints":{"allow":["GET"]}}],"collection":[{"href":"https:\/\/www.anovapeneira.gal\/index.php\/wp-json\/wp\/v2\/posts"}],"about":[{"href":"https:\/\/www.anovapeneira.gal\/index.php\/wp-json\/wp\/v2\/types\/post"}],"author":[{"embeddable":true,"href":"https:\/\/www.anovapeneira.gal\/index.php\/wp-json\/wp\/v2\/users\/3"}],"replies":[{"embeddable":true,"href":"https:\/\/www.anovapeneira.gal\/index.php\/wp-json\/wp\/v2\/comments?post=8905"}],"version-history":[{"count":1,"href":"https:\/\/www.anovapeneira.gal\/index.php\/wp-json\/wp\/v2\/posts\/8905\/revisions"}],"predecessor-version":[{"id":8906,"href":"https:\/\/www.anovapeneira.gal\/index.php\/wp-json\/wp\/v2\/posts\/8905\/revisions\/8906"}],"wp:featuredmedia":[{"embeddable":true,"href":"https:\/\/www.anovapeneira.gal\/index.php\/wp-json\/wp\/v2\/media\/8144"}],"wp:attachment":[{"href":"https:\/\/www.anovapeneira.gal\/index.php\/wp-json\/wp\/v2\/media?parent=8905"}],"wp:term":[{"taxonomy":"category","embeddable":true,"href":"https:\/\/www.anovapeneira.gal\/index.php\/wp-json\/wp\/v2\/categories?post=8905"},{"taxonomy":"post_tag","embeddable":true,"href":"https:\/\/www.anovapeneira.gal\/index.php\/wp-json\/wp\/v2\/tags?post=8905"}],"curies":[{"name":"wp","href":"https:\/\/api.w.org\/{rel}","templated":true}]}}