{"id":8907,"date":"2023-01-13T10:00:39","date_gmt":"2023-01-13T09:00:39","guid":{"rendered":"https:\/\/www.anovapeneira.gal\/?p=8907"},"modified":"2023-01-09T17:33:54","modified_gmt":"2023-01-09T16:33:54","slug":"o-idioma-galego-esta-a-morrer","status":"publish","type":"post","link":"https:\/\/www.anovapeneira.gal\/index.php\/2023\/01\/13\/o-idioma-galego-esta-a-morrer\/","title":{"rendered":"O idioma galego est\u00e1 a morrer"},"content":{"rendered":"\n<figure class=\"wp-block-image size-full is-resized\"><img loading=\"lazy\" decoding=\"async\" src=\"https:\/\/www.anovapeneira.gal\/wp-content\/uploads\/2019\/05\/tino_lago_director_a_nova_peneira.jpg\" alt=\"Tino Lago director a Nova Peneira\" class=\"wp-image-189\" width=\"95\" height=\"111\"\/><figcaption>Tino Lago director a Nova Peneira<\/figcaption><\/figure>\n\n\n\n<h2 class=\"wp-block-heading\">\u201cSe a\u00ednda somos galegos \u00e9 por obra e graza do idioma\u201d<\/h2>\n\n\n\n<pre class=\"wp-block-verse\">Castelao<\/pre>\n\n\n\n<p>Cando alg\u00fan ou algunha profesional da medicina, despois de diagnosticar o estado de sa\u00fade dalgunha persoa que presenta s\u00edntomas de enfermidade, descobre que o ou a paciente padece unha doenza que, de non aplicar tratamento con suma urxencia, vai conducir \u00e1 morte inexorable da persoa diagnosticada, de ning\u00fan modo se lle ocorrer\u00eda non comunicar \u00e1 persoa enferma, ou \u00e1 s\u00faa familia, o estado da s\u00faa sa\u00fade, nin non aplicarlle de inmediato o tratamento necesario e suficiente para evitar a s\u00faa morte, para non xerar \u201calarmismo\u201d \u00e1 persoa que padece a enfermidade, e aos seus seres queridos. Non actuar a tempo cando se detecta un mal de gravidade \u00e9 unha actitude est\u00fapida, irresponsable, e constit\u00fae o cami\u00f1o m\u00e1is adecuado para a morte de quen padece o problema diagnosticado.<\/p>\n\n\n\n<p>A finais do mes de decembro do ano pasado o INE( Instituto Nacional de Estat\u00edstica) publicaba os datos de usos ling\u00fc\u00edsticos en Galicia, e da s\u00faa an\u00e1lise, fr\u00eda e sen ning\u00fan tipo de paix\u00f3n, s\u00f3 se pode conclu\u00edr o t\u00edtulo deste artigo: O idioma galego est\u00e1 a morrer. Vaiamos con eles:<\/p>\n\n\n\n<p>-1)Por primeira vez na historia o castel\u00e1n \u00e9 a lingua m\u00e1is empregada no noso pa\u00eds en todos os \u00e1mbitos posibles:<\/p>\n\n\n\n<p>-No eido laboral empregan o idioma castel\u00e1n un 37,89% de persoas, fronte ao 24,33% que usan o idioma galego.<\/p>\n\n\n\n<p>-N\u00f3 \u00e1mbito das relaci\u00f3ns sociais a lingua de Castela \u00e9 empregada sempre por un 41,51% de galegos ,mentres que a lingua propia de Galicia \u00e9 usada sempre por un 28,63% de habitantes do noso pa\u00eds.<\/p>\n\n\n\n<p>-E incluso no eido familiar, onde o galego ten aguantado a secular presi\u00f3n digl\u00f3sica \u00e1 que \u00e9 sometido polo idioma de Castela, xa non \u00e9 a lingua de uso maioritario pois \u00e9 usada sempre polo 34,79% da poboaci\u00f3n, fronte ao 43,74% que utiliza sempre o idioma de Castela.<\/p>\n\n\n\n<p>-2) Preto de un 30% de persoas , galegas, menores de 20 anos manifestan falar galego con dificultade ou directamente non saber falalo. Os resultados do nefasto decreto do pluriling\u00fcismo do PP semellan evidentes.<\/p>\n\n\n\n<p>-3) Hai 231.000 mozos e mozas menores de 20 anos que se expresan en castel\u00e1n , fronte aos 64.000 que o fan en galego. \u00c9 dicir o n\u00famero de rapaces e rapazas que falan castel\u00e1n en Galicia multiplica por 4 ao n\u00famero dos que o fan en galego. De novo os resultados do decreto do pluriling\u00fcismo saltan \u00e1 vista<\/p>\n\n\n\n<p>-4) O castel\u00e1n xa \u00e9 a lingua m\u00e1is falada en Galicia por moi pouca diferenza, arredor de 25.000 persoas. Pero se peneiramos os datos por abanos de idade os resultados son estarrecedores. As\u00ed:<\/p>\n\n\n\n<figure class=\"wp-block-table\"><table><tbody><tr><td><br><\/td><td>1\u00aa LINGUA GALEGO<\/td><td>1\u00aa LINGUA CASTEL\u00c1N<\/td><\/tr><tr><td>Menores de 20 anos<\/td><td>16,4 %<\/td><td>59 %<\/td><\/tr><tr><td>De 20a 39 anos<\/td><td>27,4 %<\/td><td>43,4 %<\/td><\/tr><tr><td>De 40 a 59 anos<\/td><td>34,5 %<\/td><td>40 %<\/td><\/tr><tr><td>De 60 anos en diante<\/td><td>57,2 %<\/td><td>26,6 %<\/td><\/tr><\/tbody><\/table><\/figure>\n\n\n\n<p>Se un 57% de persoas de 60 ou m\u00e1is anos manifestan ter o galego como primeira lingua pero a porcentaxe descende nas mozas e mozos menores de 20 anos en m\u00e1is de 40 puntos, resulta evidente que a cadea de transmisi\u00f3n xeracional do idioma est\u00e1 rota. E con esas porcentaxes de uso tan rid\u00edculas entre as persoas m\u00e1is novas, o cami\u00f1o \u00e1 morte do idioma galego como lingua viva resulta inevitable. S\u00f3 se se asume con naturalidade a gravidade da situaci\u00f3n, e se transmite por parte da administraci\u00f3n sinceramente a realidade dos feitos : Cun 16 por cento de mozos e mozas que te\u00f1en o galego como primeira lingua non vai ser posible escoitar falar galego en Galicia en d\u00faas xeraci\u00f3ns, e hai unha decisi\u00f3n pol\u00edtica con urxencia de aplicar tratamento adecuado para tratar de reverter a situaci\u00f3n, haber\u00e1 algunha esperanza de mudar unha realidade que, por duro que sexa dicilo, \u00e9 moi clara: O idioma galego est\u00e1 a morrer. E non, non \u00e9 alarmismo. \u00c9 realismo.<\/p>\n","protected":false},"excerpt":{"rendered":"<div class=\"mh-excerpt\"><p>Se a\u00ednda somos galegos \u00e9 por obra e graza do idioma <a class=\"mh-excerpt-more\" href=\"https:\/\/www.anovapeneira.gal\/index.php\/2023\/01\/13\/o-idioma-galego-esta-a-morrer\/\" title=\"O idioma galego est\u00e1 a morrer\">[&#8230;]<\/a><\/p>\n<\/div>","protected":false},"author":3,"featured_media":584,"comment_status":"open","ping_status":"open","sticky":false,"template":"","format":"standard","meta":{"_exactmetrics_skip_tracking":false,"_exactmetrics_sitenote_active":false,"_exactmetrics_sitenote_note":"","_exactmetrics_sitenote_category":0,"footnotes":""},"categories":[61],"tags":[484],"class_list":{"0":"post-8907","1":"post","2":"type-post","3":"status-publish","4":"format-standard","5":"has-post-thumbnail","7":"category-artigo-editorial","8":"tag-lingua-galega"},"yoast_head":"<!-- This site is optimized with the Yoast SEO plugin v27.4 - https:\/\/yoast.com\/product\/yoast-seo-wordpress\/ -->\n<title>O idioma galego est\u00e1 a morrer -<\/title>\n<meta name=\"description\" content=\"Se a\u00ednda somos galegos \u00e9 por obra e graza do idioma\" \/>\n<meta name=\"robots\" content=\"index, follow, max-snippet:-1, max-image-preview:large, max-video-preview:-1\" \/>\n<link rel=\"canonical\" href=\"https:\/\/www.anovapeneira.gal\/index.php\/2023\/01\/13\/o-idioma-galego-esta-a-morrer\/\" \/>\n<meta property=\"og:locale\" content=\"gl_ES\" \/>\n<meta property=\"og:type\" content=\"article\" \/>\n<meta property=\"og:title\" content=\"O idioma galego est\u00e1 a morrer -\" \/>\n<meta property=\"og:description\" content=\"Se a\u00ednda somos galegos \u00e9 por obra e graza do idioma\" \/>\n<meta property=\"og:url\" content=\"https:\/\/www.anovapeneira.gal\/index.php\/2023\/01\/13\/o-idioma-galego-esta-a-morrer\/\" \/>\n<meta property=\"article:publisher\" content=\"https:\/\/www.facebook.com\/anovapeneira\" \/>\n<meta property=\"article:published_time\" content=\"2023-01-13T09:00:39+00:00\" \/>\n<meta property=\"og:image\" content=\"https:\/\/www.anovapeneira.gal\/wp-content\/uploads\/2019\/07\/ARTIGO_DE_OPINION_A_NOVA_PENEIRA.jpg\" \/>\n\t<meta property=\"og:image:width\" content=\"720\" \/>\n\t<meta property=\"og:image:height\" content=\"473\" \/>\n\t<meta property=\"og:image:type\" content=\"image\/jpeg\" \/>\n<meta name=\"author\" content=\"Redacci\u00f3n A Nova Peneira\" \/>\n<meta name=\"twitter:card\" content=\"summary_large_image\" \/>\n<meta name=\"twitter:image\" content=\"https:\/\/www.anovapeneira.gal\/wp-content\/uploads\/2019\/07\/ARTIGO_DE_OPINION_A_NOVA_PENEIRA.jpg\" \/>\n<meta name=\"twitter:creator\" content=\"@APeneira\" \/>\n<meta name=\"twitter:site\" content=\"@APeneira\" \/>\n<meta name=\"twitter:label1\" content=\"Escrito por\" \/>\n\t<meta name=\"twitter:data1\" content=\"Redacci\u00f3n A Nova Peneira\" \/>\n\t<meta name=\"twitter:label2\" content=\"Tempo de lectura\" \/>\n\t<meta name=\"twitter:data2\" content=\"4 minutos\" \/>\n<script type=\"application\/ld+json\" class=\"yoast-schema-graph\">{\"@context\":\"https:\\\/\\\/schema.org\",\"@graph\":[{\"@type\":\"Article\",\"@id\":\"https:\\\/\\\/www.anovapeneira.gal\\\/index.php\\\/2023\\\/01\\\/13\\\/o-idioma-galego-esta-a-morrer\\\/#article\",\"isPartOf\":{\"@id\":\"https:\\\/\\\/www.anovapeneira.gal\\\/index.php\\\/2023\\\/01\\\/13\\\/o-idioma-galego-esta-a-morrer\\\/\"},\"author\":{\"name\":\"Redacci\u00f3n A Nova Peneira\",\"@id\":\"https:\\\/\\\/www.anovapeneira.gal\\\/#\\\/schema\\\/person\\\/b93e3f8932e3f8da96334607eb6ac6aa\"},\"headline\":\"O idioma galego est\u00e1 a morrer\",\"datePublished\":\"2023-01-13T09:00:39+00:00\",\"mainEntityOfPage\":{\"@id\":\"https:\\\/\\\/www.anovapeneira.gal\\\/index.php\\\/2023\\\/01\\\/13\\\/o-idioma-galego-esta-a-morrer\\\/\"},\"wordCount\":648,\"commentCount\":0,\"publisher\":{\"@id\":\"https:\\\/\\\/www.anovapeneira.gal\\\/#organization\"},\"image\":{\"@id\":\"https:\\\/\\\/www.anovapeneira.gal\\\/index.php\\\/2023\\\/01\\\/13\\\/o-idioma-galego-esta-a-morrer\\\/#primaryimage\"},\"thumbnailUrl\":\"https:\\\/\\\/www.anovapeneira.gal\\\/wp-content\\\/uploads\\\/2019\\\/07\\\/ARTIGO_DE_OPINION_A_NOVA_PENEIRA.jpg\",\"keywords\":[\"Lingua Galega\"],\"articleSection\":[\"Artigo editorial\"],\"inLanguage\":\"gl-ES\",\"potentialAction\":[{\"@type\":\"CommentAction\",\"name\":\"Comment\",\"target\":[\"https:\\\/\\\/www.anovapeneira.gal\\\/index.php\\\/2023\\\/01\\\/13\\\/o-idioma-galego-esta-a-morrer\\\/#respond\"]}]},{\"@type\":\"WebPage\",\"@id\":\"https:\\\/\\\/www.anovapeneira.gal\\\/index.php\\\/2023\\\/01\\\/13\\\/o-idioma-galego-esta-a-morrer\\\/\",\"url\":\"https:\\\/\\\/www.anovapeneira.gal\\\/index.php\\\/2023\\\/01\\\/13\\\/o-idioma-galego-esta-a-morrer\\\/\",\"name\":\"O idioma galego est\u00e1 a morrer -\",\"isPartOf\":{\"@id\":\"https:\\\/\\\/www.anovapeneira.gal\\\/#website\"},\"primaryImageOfPage\":{\"@id\":\"https:\\\/\\\/www.anovapeneira.gal\\\/index.php\\\/2023\\\/01\\\/13\\\/o-idioma-galego-esta-a-morrer\\\/#primaryimage\"},\"image\":{\"@id\":\"https:\\\/\\\/www.anovapeneira.gal\\\/index.php\\\/2023\\\/01\\\/13\\\/o-idioma-galego-esta-a-morrer\\\/#primaryimage\"},\"thumbnailUrl\":\"https:\\\/\\\/www.anovapeneira.gal\\\/wp-content\\\/uploads\\\/2019\\\/07\\\/ARTIGO_DE_OPINION_A_NOVA_PENEIRA.jpg\",\"datePublished\":\"2023-01-13T09:00:39+00:00\",\"description\":\"Se a\u00ednda somos galegos \u00e9 por obra e graza do idioma\",\"breadcrumb\":{\"@id\":\"https:\\\/\\\/www.anovapeneira.gal\\\/index.php\\\/2023\\\/01\\\/13\\\/o-idioma-galego-esta-a-morrer\\\/#breadcrumb\"},\"inLanguage\":\"gl-ES\",\"potentialAction\":[{\"@type\":\"ReadAction\",\"target\":[\"https:\\\/\\\/www.anovapeneira.gal\\\/index.php\\\/2023\\\/01\\\/13\\\/o-idioma-galego-esta-a-morrer\\\/\"]}]},{\"@type\":\"ImageObject\",\"inLanguage\":\"gl-ES\",\"@id\":\"https:\\\/\\\/www.anovapeneira.gal\\\/index.php\\\/2023\\\/01\\\/13\\\/o-idioma-galego-esta-a-morrer\\\/#primaryimage\",\"url\":\"https:\\\/\\\/www.anovapeneira.gal\\\/wp-content\\\/uploads\\\/2019\\\/07\\\/ARTIGO_DE_OPINION_A_NOVA_PENEIRA.jpg\",\"contentUrl\":\"https:\\\/\\\/www.anovapeneira.gal\\\/wp-content\\\/uploads\\\/2019\\\/07\\\/ARTIGO_DE_OPINION_A_NOVA_PENEIRA.jpg\",\"width\":720,\"height\":473,\"caption\":\"Artigo de opini\u00f3n A Nova Peneira\"},{\"@type\":\"BreadcrumbList\",\"@id\":\"https:\\\/\\\/www.anovapeneira.gal\\\/index.php\\\/2023\\\/01\\\/13\\\/o-idioma-galego-esta-a-morrer\\\/#breadcrumb\",\"itemListElement\":[{\"@type\":\"ListItem\",\"position\":1,\"name\":\"Portada\",\"item\":\"https:\\\/\\\/www.anovapeneira.gal\\\/\"},{\"@type\":\"ListItem\",\"position\":2,\"name\":\"O idioma galego est\u00e1 a morrer\"}]},{\"@type\":\"WebSite\",\"@id\":\"https:\\\/\\\/www.anovapeneira.gal\\\/#website\",\"url\":\"https:\\\/\\\/www.anovapeneira.gal\\\/\",\"name\":\"\",\"description\":\"Xornal galego de informaci\u00f3n xeral Publicaci\u00f3n mensual de novas de Galicia e en especial dos Concellos da sur da provincia de Pontevedra.\",\"publisher\":{\"@id\":\"https:\\\/\\\/www.anovapeneira.gal\\\/#organization\"},\"potentialAction\":[{\"@type\":\"SearchAction\",\"target\":{\"@type\":\"EntryPoint\",\"urlTemplate\":\"https:\\\/\\\/www.anovapeneira.gal\\\/?s={search_term_string}\"},\"query-input\":{\"@type\":\"PropertyValueSpecification\",\"valueRequired\":true,\"valueName\":\"search_term_string\"}}],\"inLanguage\":\"gl-ES\"},{\"@type\":\"Organization\",\"@id\":\"https:\\\/\\\/www.anovapeneira.gal\\\/#organization\",\"name\":\"A Nova Peneira\",\"url\":\"https:\\\/\\\/www.anovapeneira.gal\\\/\",\"logo\":{\"@type\":\"ImageObject\",\"inLanguage\":\"gl-ES\",\"@id\":\"https:\\\/\\\/www.anovapeneira.gal\\\/#\\\/schema\\\/logo\\\/image\\\/\",\"url\":\"http:\\\/\\\/www.anovapeneira.gal\\\/wp-content\\\/uploads\\\/2019\\\/06\\\/logo_a_nova_peneira_portal_web.png\",\"contentUrl\":\"http:\\\/\\\/www.anovapeneira.gal\\\/wp-content\\\/uploads\\\/2019\\\/06\\\/logo_a_nova_peneira_portal_web.png\",\"width\":300,\"height\":100,\"caption\":\"A Nova Peneira\"},\"image\":{\"@id\":\"https:\\\/\\\/www.anovapeneira.gal\\\/#\\\/schema\\\/logo\\\/image\\\/\"},\"sameAs\":[\"https:\\\/\\\/www.facebook.com\\\/anovapeneira\",\"https:\\\/\\\/x.com\\\/APeneira\"]},{\"@type\":\"Person\",\"@id\":\"https:\\\/\\\/www.anovapeneira.gal\\\/#\\\/schema\\\/person\\\/b93e3f8932e3f8da96334607eb6ac6aa\",\"name\":\"Redacci\u00f3n A Nova Peneira\",\"image\":{\"@type\":\"ImageObject\",\"inLanguage\":\"gl-ES\",\"@id\":\"https:\\\/\\\/secure.gravatar.com\\\/avatar\\\/c052a2551a06e23fac63626232eaa90abd78dbcf1700fc46a2b2c89fd27b735f?s=96&d=mm&r=g\",\"url\":\"https:\\\/\\\/secure.gravatar.com\\\/avatar\\\/c052a2551a06e23fac63626232eaa90abd78dbcf1700fc46a2b2c89fd27b735f?s=96&d=mm&r=g\",\"contentUrl\":\"https:\\\/\\\/secure.gravatar.com\\\/avatar\\\/c052a2551a06e23fac63626232eaa90abd78dbcf1700fc46a2b2c89fd27b735f?s=96&d=mm&r=g\",\"caption\":\"Redacci\u00f3n A Nova Peneira\"},\"sameAs\":[\"http:\\\/\\\/www.anovapeneira.gal\\\/\"],\"url\":\"https:\\\/\\\/www.anovapeneira.gal\\\/index.php\\\/author\\\/redactor\\\/\"}]}<\/script>\n<!-- \/ Yoast SEO plugin. -->","yoast_head_json":{"title":"O idioma galego est\u00e1 a morrer -","description":"Se a\u00ednda somos galegos \u00e9 por obra e graza do idioma","robots":{"index":"index","follow":"follow","max-snippet":"max-snippet:-1","max-image-preview":"max-image-preview:large","max-video-preview":"max-video-preview:-1"},"canonical":"https:\/\/www.anovapeneira.gal\/index.php\/2023\/01\/13\/o-idioma-galego-esta-a-morrer\/","og_locale":"gl_ES","og_type":"article","og_title":"O idioma galego est\u00e1 a morrer -","og_description":"Se a\u00ednda somos galegos \u00e9 por obra e graza do idioma","og_url":"https:\/\/www.anovapeneira.gal\/index.php\/2023\/01\/13\/o-idioma-galego-esta-a-morrer\/","article_publisher":"https:\/\/www.facebook.com\/anovapeneira","article_published_time":"2023-01-13T09:00:39+00:00","og_image":[{"width":720,"height":473,"url":"https:\/\/www.anovapeneira.gal\/wp-content\/uploads\/2019\/07\/ARTIGO_DE_OPINION_A_NOVA_PENEIRA.jpg","type":"image\/jpeg"}],"author":"Redacci\u00f3n A Nova Peneira","twitter_card":"summary_large_image","twitter_image":"https:\/\/www.anovapeneira.gal\/wp-content\/uploads\/2019\/07\/ARTIGO_DE_OPINION_A_NOVA_PENEIRA.jpg","twitter_creator":"@APeneira","twitter_site":"@APeneira","twitter_misc":{"Escrito por":"Redacci\u00f3n A Nova Peneira","Tempo de lectura":"4 minutos"},"schema":{"@context":"https:\/\/schema.org","@graph":[{"@type":"Article","@id":"https:\/\/www.anovapeneira.gal\/index.php\/2023\/01\/13\/o-idioma-galego-esta-a-morrer\/#article","isPartOf":{"@id":"https:\/\/www.anovapeneira.gal\/index.php\/2023\/01\/13\/o-idioma-galego-esta-a-morrer\/"},"author":{"name":"Redacci\u00f3n A Nova Peneira","@id":"https:\/\/www.anovapeneira.gal\/#\/schema\/person\/b93e3f8932e3f8da96334607eb6ac6aa"},"headline":"O idioma galego est\u00e1 a morrer","datePublished":"2023-01-13T09:00:39+00:00","mainEntityOfPage":{"@id":"https:\/\/www.anovapeneira.gal\/index.php\/2023\/01\/13\/o-idioma-galego-esta-a-morrer\/"},"wordCount":648,"commentCount":0,"publisher":{"@id":"https:\/\/www.anovapeneira.gal\/#organization"},"image":{"@id":"https:\/\/www.anovapeneira.gal\/index.php\/2023\/01\/13\/o-idioma-galego-esta-a-morrer\/#primaryimage"},"thumbnailUrl":"https:\/\/www.anovapeneira.gal\/wp-content\/uploads\/2019\/07\/ARTIGO_DE_OPINION_A_NOVA_PENEIRA.jpg","keywords":["Lingua Galega"],"articleSection":["Artigo editorial"],"inLanguage":"gl-ES","potentialAction":[{"@type":"CommentAction","name":"Comment","target":["https:\/\/www.anovapeneira.gal\/index.php\/2023\/01\/13\/o-idioma-galego-esta-a-morrer\/#respond"]}]},{"@type":"WebPage","@id":"https:\/\/www.anovapeneira.gal\/index.php\/2023\/01\/13\/o-idioma-galego-esta-a-morrer\/","url":"https:\/\/www.anovapeneira.gal\/index.php\/2023\/01\/13\/o-idioma-galego-esta-a-morrer\/","name":"O idioma galego est\u00e1 a morrer -","isPartOf":{"@id":"https:\/\/www.anovapeneira.gal\/#website"},"primaryImageOfPage":{"@id":"https:\/\/www.anovapeneira.gal\/index.php\/2023\/01\/13\/o-idioma-galego-esta-a-morrer\/#primaryimage"},"image":{"@id":"https:\/\/www.anovapeneira.gal\/index.php\/2023\/01\/13\/o-idioma-galego-esta-a-morrer\/#primaryimage"},"thumbnailUrl":"https:\/\/www.anovapeneira.gal\/wp-content\/uploads\/2019\/07\/ARTIGO_DE_OPINION_A_NOVA_PENEIRA.jpg","datePublished":"2023-01-13T09:00:39+00:00","description":"Se a\u00ednda somos galegos \u00e9 por obra e graza do idioma","breadcrumb":{"@id":"https:\/\/www.anovapeneira.gal\/index.php\/2023\/01\/13\/o-idioma-galego-esta-a-morrer\/#breadcrumb"},"inLanguage":"gl-ES","potentialAction":[{"@type":"ReadAction","target":["https:\/\/www.anovapeneira.gal\/index.php\/2023\/01\/13\/o-idioma-galego-esta-a-morrer\/"]}]},{"@type":"ImageObject","inLanguage":"gl-ES","@id":"https:\/\/www.anovapeneira.gal\/index.php\/2023\/01\/13\/o-idioma-galego-esta-a-morrer\/#primaryimage","url":"https:\/\/www.anovapeneira.gal\/wp-content\/uploads\/2019\/07\/ARTIGO_DE_OPINION_A_NOVA_PENEIRA.jpg","contentUrl":"https:\/\/www.anovapeneira.gal\/wp-content\/uploads\/2019\/07\/ARTIGO_DE_OPINION_A_NOVA_PENEIRA.jpg","width":720,"height":473,"caption":"Artigo de opini\u00f3n A Nova Peneira"},{"@type":"BreadcrumbList","@id":"https:\/\/www.anovapeneira.gal\/index.php\/2023\/01\/13\/o-idioma-galego-esta-a-morrer\/#breadcrumb","itemListElement":[{"@type":"ListItem","position":1,"name":"Portada","item":"https:\/\/www.anovapeneira.gal\/"},{"@type":"ListItem","position":2,"name":"O idioma galego est\u00e1 a morrer"}]},{"@type":"WebSite","@id":"https:\/\/www.anovapeneira.gal\/#website","url":"https:\/\/www.anovapeneira.gal\/","name":"","description":"Xornal galego de informaci\u00f3n xeral Publicaci\u00f3n mensual de novas de Galicia e en especial dos Concellos da sur da provincia de Pontevedra.","publisher":{"@id":"https:\/\/www.anovapeneira.gal\/#organization"},"potentialAction":[{"@type":"SearchAction","target":{"@type":"EntryPoint","urlTemplate":"https:\/\/www.anovapeneira.gal\/?s={search_term_string}"},"query-input":{"@type":"PropertyValueSpecification","valueRequired":true,"valueName":"search_term_string"}}],"inLanguage":"gl-ES"},{"@type":"Organization","@id":"https:\/\/www.anovapeneira.gal\/#organization","name":"A Nova Peneira","url":"https:\/\/www.anovapeneira.gal\/","logo":{"@type":"ImageObject","inLanguage":"gl-ES","@id":"https:\/\/www.anovapeneira.gal\/#\/schema\/logo\/image\/","url":"http:\/\/www.anovapeneira.gal\/wp-content\/uploads\/2019\/06\/logo_a_nova_peneira_portal_web.png","contentUrl":"http:\/\/www.anovapeneira.gal\/wp-content\/uploads\/2019\/06\/logo_a_nova_peneira_portal_web.png","width":300,"height":100,"caption":"A Nova Peneira"},"image":{"@id":"https:\/\/www.anovapeneira.gal\/#\/schema\/logo\/image\/"},"sameAs":["https:\/\/www.facebook.com\/anovapeneira","https:\/\/x.com\/APeneira"]},{"@type":"Person","@id":"https:\/\/www.anovapeneira.gal\/#\/schema\/person\/b93e3f8932e3f8da96334607eb6ac6aa","name":"Redacci\u00f3n A Nova Peneira","image":{"@type":"ImageObject","inLanguage":"gl-ES","@id":"https:\/\/secure.gravatar.com\/avatar\/c052a2551a06e23fac63626232eaa90abd78dbcf1700fc46a2b2c89fd27b735f?s=96&d=mm&r=g","url":"https:\/\/secure.gravatar.com\/avatar\/c052a2551a06e23fac63626232eaa90abd78dbcf1700fc46a2b2c89fd27b735f?s=96&d=mm&r=g","contentUrl":"https:\/\/secure.gravatar.com\/avatar\/c052a2551a06e23fac63626232eaa90abd78dbcf1700fc46a2b2c89fd27b735f?s=96&d=mm&r=g","caption":"Redacci\u00f3n A Nova Peneira"},"sameAs":["http:\/\/www.anovapeneira.gal\/"],"url":"https:\/\/www.anovapeneira.gal\/index.php\/author\/redactor\/"}]}},"jetpack_featured_media_url":"https:\/\/www.anovapeneira.gal\/wp-content\/uploads\/2019\/07\/ARTIGO_DE_OPINION_A_NOVA_PENEIRA.jpg","_links":{"self":[{"href":"https:\/\/www.anovapeneira.gal\/index.php\/wp-json\/wp\/v2\/posts\/8907","targetHints":{"allow":["GET"]}}],"collection":[{"href":"https:\/\/www.anovapeneira.gal\/index.php\/wp-json\/wp\/v2\/posts"}],"about":[{"href":"https:\/\/www.anovapeneira.gal\/index.php\/wp-json\/wp\/v2\/types\/post"}],"author":[{"embeddable":true,"href":"https:\/\/www.anovapeneira.gal\/index.php\/wp-json\/wp\/v2\/users\/3"}],"replies":[{"embeddable":true,"href":"https:\/\/www.anovapeneira.gal\/index.php\/wp-json\/wp\/v2\/comments?post=8907"}],"version-history":[{"count":1,"href":"https:\/\/www.anovapeneira.gal\/index.php\/wp-json\/wp\/v2\/posts\/8907\/revisions"}],"predecessor-version":[{"id":8908,"href":"https:\/\/www.anovapeneira.gal\/index.php\/wp-json\/wp\/v2\/posts\/8907\/revisions\/8908"}],"wp:featuredmedia":[{"embeddable":true,"href":"https:\/\/www.anovapeneira.gal\/index.php\/wp-json\/wp\/v2\/media\/584"}],"wp:attachment":[{"href":"https:\/\/www.anovapeneira.gal\/index.php\/wp-json\/wp\/v2\/media?parent=8907"}],"wp:term":[{"taxonomy":"category","embeddable":true,"href":"https:\/\/www.anovapeneira.gal\/index.php\/wp-json\/wp\/v2\/categories?post=8907"},{"taxonomy":"post_tag","embeddable":true,"href":"https:\/\/www.anovapeneira.gal\/index.php\/wp-json\/wp\/v2\/tags?post=8907"}],"curies":[{"name":"wp","href":"https:\/\/api.w.org\/{rel}","templated":true}]}}