{"id":8912,"date":"2023-01-16T10:00:15","date_gmt":"2023-01-16T09:00:15","guid":{"rendered":"https:\/\/www.anovapeneira.gal\/?p=8912"},"modified":"2023-01-12T12:55:15","modified_gmt":"2023-01-12T11:55:15","slug":"2023-un-ano-electoral","status":"publish","type":"post","link":"https:\/\/www.anovapeneira.gal\/index.php\/2023\/01\/16\/2023-un-ano-electoral\/","title":{"rendered":"2023, un ano electoral"},"content":{"rendered":"\n<figure class=\"wp-block-image size-full is-resized\"><img loading=\"lazy\" decoding=\"async\" src=\"https:\/\/www.anovapeneira.gal\/wp-content\/uploads\/2019\/07\/pedro_cortegoso_opinion_a_nova_peneira_bn.jpg\" alt=\"Pedro M. Cortegoso Gago Artigo Opini\u00f3n A Nova Peneira\" class=\"wp-image-464\" width=\"95\" height=\"111\"\/><figcaption>Pedro M. Cortegoso Gago\nTraballador do Sergas<\/figcaption><\/figure>\n\n\n\n<p>O ano que entra estar\u00e1 marcado polas elecci\u00f3ns municipais e xerais, estas van condicionar a actuaci\u00f3n dos partidos pol\u00edticos cuxas maquinarias electorais xa funcionan a toda m\u00e1quina para dar vida ao \u201ccirco da democracia\u201d.<\/p>\n\n\n\n<p>Os representantes do r\u00e9xime tentar\u00e1n po\u00f1er a s\u00faa faciana mais am\u00e1bel para tentar convencernos que o seu produto \u00e9 o mellor, que lava m\u00e1is branco (nunca mellor dito). Lavan e deixan dun branco impoluto un r\u00e9xime centralista e capitalista onde todo quedou atado e ben atado tras a morte do Caudillo. Ataron \u00e1s poltronas os maxistrados, os xenerais, os oligarcas, a xerarqu\u00eda cat\u00f3lica, e cre\u00e1ronse novas para os recen paridos partidos pol\u00edticos do novo r\u00e9xime do 78.<\/p>\n\n\n\n<p><strong>O mundo<\/strong><\/p>\n\n\n\n<p>Continuar\u00e1 no 23 como o deixamos no 22, nunha loita entre o nacemento e a morte, entre a desaparici\u00f3n da hexemon\u00eda do imperialismo USA e a aparici\u00f3n dun novo orde multipolar. Cun imperio que pretende seguir facendo o que mellor sabe facer: provocar guerras, organizar golpes de estado, bombardear pa\u00edses, asasinar lideres, ameazar gobernos.<\/p>\n\n\n\n<p>E isto coa colaboraci\u00f3n e subordinaci\u00f3n dunha Uni\u00f3n Europea dirixida por uns monicreques sen nivel que desprezan e pretender sacrificar aos pobos que gobernan. At\u00e9 o \u00faltimo ucra\u00edno repiten mentres env\u00edan armas e cartos para tentar manter un imperio decadente.<\/p>\n\n\n\n<p>Con todo da a impresi\u00f3n que a situaci\u00f3n est\u00e1 cambiando e cada d\u00eda hai m\u00e1is pa\u00edses que resisten a aceitar as \u201cregras de xogo\u201d do occidente colectivo.<\/p>\n\n\n\n<p><strong>Estado Espa\u00f1ol<\/strong><\/p>\n\n\n\n<p>Na Espa\u00f1a mon\u00e1rquica continuar\u00e1 o circo pol\u00edtico medi\u00e1tico co que n\u00f3s alimentan todos os d\u00edas instituci\u00f3ns, partidos e medios de comunicaci\u00f3n. As leas entre o PSOE e o PP coa participaci\u00f3n de actores secundarios como Cs, Vox, ERC ou Bildu s\u00f3 te\u00f1en como finalidade anestesiarnos e distraernos dos problemas diarios. Cambiou de cromos no constitucional, progresistas e conservadores, tanto monta monta tanto.<\/p>\n\n\n\n<p>E mentres o noso nivel de vida af\u00fandese. Baixan os salarios e soben a gasolina, o gas, a electricidade, os prezos nos supermercados. As subvenci\u00f3ns aos combust\u00edbeis e aos alimentos de primeira necesidade van para aos petos dos especuladores. A reforma laboral contin\u00faa en todo o seu esplendor, a lei mordaza non se toca e, pola contra, s\u00e1canse da manga unha nova Lei de Seguridade Nacional e unha reforma da \u201csedici\u00f3n\u201d para reforzar as capacidades represivas do estado. Menos mal que temos o goberno m\u00e1is progresista da historia.<\/p>\n\n\n\n<p>Por\u00e9n, se hai algo no que curiosamente coinciden todos \u00e9 na s\u00faa posici\u00f3n sobre a guerra en Ucra\u00edna e no apoio ao seu goberno nazi, o que dispara con armas espa\u00f1olas contra a s\u00faa propia poboaci\u00f3n, que bombardea hospitais e mercados.<\/p>\n\n\n\n<p>Temos o goberno mais militarista da historia, que leva gastados miles de mill\u00f3ns en armamento, que env\u00eda inxentes cantidades de cartos para continuar a guerra en Ucra\u00edna. Espa\u00f1a sempre ao servizo de EEUU.<\/p>\n\n\n\n<p><strong>Galiza<\/strong><\/p>\n\n\n\n<p>O noso pobo vai seguir sometido polo estado espa\u00f1ol a unha situaci\u00f3n de dependencia, como boa colonia que \u00e9. Estes anos de autonom\u00eda demostraron ben demostrado que a Xunta \u00e9 un invento para continuar a doma e castraci\u00f3n de Galiza.<\/p>\n\n\n\n<p>No 23, como no 22 e nos anteriores, continuaremos sofrendo a pandemia de \u201carcolitos\u201d, acompa\u00f1ados dunha nova especie invasora: o e\u00f3lico. Uns mu\u00ed\u00f1os ao parecer anfibios, xa que o mesmo poden chantalos no monte como no mar.<\/p>\n\n\n\n<p>O nosos sectores produtivos seguiran minguando grazas \u00e1 divina intervenci\u00f3n da UE, o estado espa\u00f1ol e a administraci\u00f3n auton\u00f3mica, empe\u00f1ados en recortar cotas de pesca, \u201cdesg\u00fcazar\u201d barcos e fechar explotaci\u00f3ns gandeiras.<\/p>\n\n\n\n<p>E que dicir do idioma, de mal en peor coa pol\u00edtica de xenocidio ling\u00fc\u00edstico e cultural aplicada polo PP desde a Xunta, coa connivencia do PSOE en concellos e deputaci\u00f3ns.<\/p>\n\n\n\n<p><strong>Que facer?<\/strong><\/p>\n\n\n\n<p>O primeiro e fundamental e falar claro e dicir a verdade. Hai que explicar cara onde cami\u00f1a o mundo e polo tanto n\u00f3s.<\/p>\n\n\n\n<p>Explicar cal \u00e9 a nosa realidade econ\u00f3mica e social integrados no estado espa\u00f1ol e na UE, onde deciden como vai ser a nosa pol\u00edtica forestal, enerx\u00e9tica, industrial, pesqueira, etc, sen que poidamos dicir ren.<\/p>\n\n\n\n<p>Explicar que sup\u00f3n para Galiza, como parte do estado espa\u00f1ol, estar integrada nunha organizaci\u00f3n como \u00e9 a Otan. Un instrumento ao servizo do imperialismo e do capitalismo made in USA, unha organizaci\u00f3n criminal que bombardea con total impunidade pa\u00edses, poboaci\u00f3n civil, que alimenta a guerra contra Rusia, a desestabilizaci\u00f3n de Iran, Venezuela, etc, e que ten como futuro obxectivo a China.<\/p>\n\n\n\n<p>Explicar que o autonom\u00eda que temos hoxe non \u00e9 un instrumento v\u00e1lido para solucionar os noso problemas, non serve para que poidamos decidir nada, xa que o enramado pol\u00edtico institucional herdado do franquismo ten os instrumentos para dilu\u00edr o noso \u201cautogoberno\u201d como o azucre na auga.<\/p>\n\n\n\n<p>Os l\u00edmites do campo de xogo e as regras s\u00f3 existen para o pobo galego pero non para o estado espa\u00f1ol. Exemplos recentes temos nos intentos de vascos e catal\u00e1ns por cambiar \u201cdemocraticamente\u201d as regras, e reprimidos institucionalmente uns e policial e xudicialmente os outros.<\/p>\n\n\n\n<p>\u00c9 necesario falar claro sen oportunismos pol\u00edticos e sen estar condicionados polos resultados electorais, para iso precisamos instrumentos pol\u00edticos \u00e1 altura das circunstancias. T\u00e9molos?<\/p>\n\n\n\n<p>Mar\u00edn, 8 de xaneiro de 2023<\/p>\n\n\n\n<p>Asdo.: Pedro M. Cortegoso Gago<\/p>\n","protected":false},"excerpt":{"rendered":"<div class=\"mh-excerpt\"><p>O ano que entra estar\u00e1 marcado polas elecci\u00f3ns municipais e xerais, estas van condicionar a actuaci\u00f3n dos partidos pol\u00edticos cuxas maquinarias electorais xa funcionan a toda m\u00e1quina para dar vida ao \u201ccirco da democracia\u201d <a class=\"mh-excerpt-more\" href=\"https:\/\/www.anovapeneira.gal\/index.php\/2023\/01\/16\/2023-un-ano-electoral\/\" title=\"2023, un ano electoral\">[&#8230;]<\/a><\/p>\n<\/div>","protected":false},"author":4,"featured_media":584,"comment_status":"open","ping_status":"open","sticky":false,"template":"","format":"standard","meta":{"_exactmetrics_skip_tracking":false,"_exactmetrics_sitenote_active":false,"_exactmetrics_sitenote_note":"","_exactmetrics_sitenote_category":0,"footnotes":""},"categories":[1],"tags":[],"class_list":{"0":"post-8912","1":"post","2":"type-post","3":"status-publish","4":"format-standard","5":"has-post-thumbnail","7":"category-sin-categoria"},"yoast_head":"<!-- This site is optimized with the Yoast SEO plugin v27.4 - https:\/\/yoast.com\/product\/yoast-seo-wordpress\/ -->\n<title>2023, un ano electoral -<\/title>\n<meta name=\"description\" content=\"O ano que entra estar\u00e1 marcado polas elecci\u00f3ns municipais e xerais, estas van condicionar a actuaci\u00f3n dos partidos pol\u00edticos cuxas maquinarias electorais xa funcionan a toda m\u00e1quina para dar vida ao \u201ccirco da democracia\u201d\" \/>\n<meta name=\"robots\" content=\"index, follow, max-snippet:-1, max-image-preview:large, max-video-preview:-1\" \/>\n<link rel=\"canonical\" href=\"https:\/\/www.anovapeneira.gal\/index.php\/2023\/01\/16\/2023-un-ano-electoral\/\" \/>\n<meta property=\"og:locale\" content=\"gl_ES\" \/>\n<meta property=\"og:type\" content=\"article\" \/>\n<meta property=\"og:title\" content=\"2023, un ano electoral -\" \/>\n<meta property=\"og:description\" content=\"O ano que entra estar\u00e1 marcado polas elecci\u00f3ns municipais e xerais, estas van condicionar a actuaci\u00f3n dos partidos pol\u00edticos cuxas maquinarias electorais xa funcionan a toda m\u00e1quina para dar vida ao \u201ccirco da democracia\u201d\" \/>\n<meta property=\"og:url\" content=\"https:\/\/www.anovapeneira.gal\/index.php\/2023\/01\/16\/2023-un-ano-electoral\/\" \/>\n<meta property=\"article:publisher\" content=\"https:\/\/www.facebook.com\/anovapeneira\" \/>\n<meta property=\"article:published_time\" content=\"2023-01-16T09:00:15+00:00\" \/>\n<meta property=\"og:image\" content=\"https:\/\/www.anovapeneira.gal\/wp-content\/uploads\/2019\/07\/ARTIGO_DE_OPINION_A_NOVA_PENEIRA.jpg\" \/>\n\t<meta property=\"og:image:width\" content=\"720\" \/>\n\t<meta property=\"og:image:height\" content=\"473\" \/>\n\t<meta property=\"og:image:type\" content=\"image\/jpeg\" \/>\n<meta name=\"author\" content=\"Pedro M. Cortegoso Gago\" \/>\n<meta name=\"twitter:card\" content=\"summary_large_image\" \/>\n<meta name=\"twitter:image\" content=\"https:\/\/www.anovapeneira.gal\/wp-content\/uploads\/2019\/07\/ARTIGO_DE_OPINION_A_NOVA_PENEIRA.jpg\" \/>\n<meta name=\"twitter:creator\" content=\"@APeneira\" \/>\n<meta name=\"twitter:site\" content=\"@APeneira\" \/>\n<meta name=\"twitter:label1\" content=\"Escrito por\" \/>\n\t<meta name=\"twitter:data1\" content=\"Pedro M. Cortegoso Gago\" \/>\n\t<meta name=\"twitter:label2\" content=\"Tempo de lectura\" \/>\n\t<meta name=\"twitter:data2\" content=\"5 minutos\" \/>\n<script type=\"application\/ld+json\" class=\"yoast-schema-graph\">{\"@context\":\"https:\\\/\\\/schema.org\",\"@graph\":[{\"@type\":\"Article\",\"@id\":\"https:\\\/\\\/www.anovapeneira.gal\\\/index.php\\\/2023\\\/01\\\/16\\\/2023-un-ano-electoral\\\/#article\",\"isPartOf\":{\"@id\":\"https:\\\/\\\/www.anovapeneira.gal\\\/index.php\\\/2023\\\/01\\\/16\\\/2023-un-ano-electoral\\\/\"},\"author\":{\"name\":\"Pedro M. Cortegoso Gago\",\"@id\":\"https:\\\/\\\/www.anovapeneira.gal\\\/#\\\/schema\\\/person\\\/c04a9c9f722c9446e71ae434c0353337\"},\"headline\":\"2023, un ano electoral\",\"datePublished\":\"2023-01-16T09:00:15+00:00\",\"mainEntityOfPage\":{\"@id\":\"https:\\\/\\\/www.anovapeneira.gal\\\/index.php\\\/2023\\\/01\\\/16\\\/2023-un-ano-electoral\\\/\"},\"wordCount\":938,\"commentCount\":0,\"publisher\":{\"@id\":\"https:\\\/\\\/www.anovapeneira.gal\\\/#organization\"},\"image\":{\"@id\":\"https:\\\/\\\/www.anovapeneira.gal\\\/index.php\\\/2023\\\/01\\\/16\\\/2023-un-ano-electoral\\\/#primaryimage\"},\"thumbnailUrl\":\"https:\\\/\\\/www.anovapeneira.gal\\\/wp-content\\\/uploads\\\/2019\\\/07\\\/ARTIGO_DE_OPINION_A_NOVA_PENEIRA.jpg\",\"articleSection\":[\"Sin categor\u00eda\"],\"inLanguage\":\"gl-ES\",\"potentialAction\":[{\"@type\":\"CommentAction\",\"name\":\"Comment\",\"target\":[\"https:\\\/\\\/www.anovapeneira.gal\\\/index.php\\\/2023\\\/01\\\/16\\\/2023-un-ano-electoral\\\/#respond\"]}]},{\"@type\":\"WebPage\",\"@id\":\"https:\\\/\\\/www.anovapeneira.gal\\\/index.php\\\/2023\\\/01\\\/16\\\/2023-un-ano-electoral\\\/\",\"url\":\"https:\\\/\\\/www.anovapeneira.gal\\\/index.php\\\/2023\\\/01\\\/16\\\/2023-un-ano-electoral\\\/\",\"name\":\"2023, un ano electoral -\",\"isPartOf\":{\"@id\":\"https:\\\/\\\/www.anovapeneira.gal\\\/#website\"},\"primaryImageOfPage\":{\"@id\":\"https:\\\/\\\/www.anovapeneira.gal\\\/index.php\\\/2023\\\/01\\\/16\\\/2023-un-ano-electoral\\\/#primaryimage\"},\"image\":{\"@id\":\"https:\\\/\\\/www.anovapeneira.gal\\\/index.php\\\/2023\\\/01\\\/16\\\/2023-un-ano-electoral\\\/#primaryimage\"},\"thumbnailUrl\":\"https:\\\/\\\/www.anovapeneira.gal\\\/wp-content\\\/uploads\\\/2019\\\/07\\\/ARTIGO_DE_OPINION_A_NOVA_PENEIRA.jpg\",\"datePublished\":\"2023-01-16T09:00:15+00:00\",\"description\":\"O ano que entra estar\u00e1 marcado polas elecci\u00f3ns municipais e xerais, estas van condicionar a actuaci\u00f3n dos partidos pol\u00edticos cuxas maquinarias electorais xa funcionan a toda m\u00e1quina para dar vida ao \u201ccirco da democracia\u201d\",\"breadcrumb\":{\"@id\":\"https:\\\/\\\/www.anovapeneira.gal\\\/index.php\\\/2023\\\/01\\\/16\\\/2023-un-ano-electoral\\\/#breadcrumb\"},\"inLanguage\":\"gl-ES\",\"potentialAction\":[{\"@type\":\"ReadAction\",\"target\":[\"https:\\\/\\\/www.anovapeneira.gal\\\/index.php\\\/2023\\\/01\\\/16\\\/2023-un-ano-electoral\\\/\"]}]},{\"@type\":\"ImageObject\",\"inLanguage\":\"gl-ES\",\"@id\":\"https:\\\/\\\/www.anovapeneira.gal\\\/index.php\\\/2023\\\/01\\\/16\\\/2023-un-ano-electoral\\\/#primaryimage\",\"url\":\"https:\\\/\\\/www.anovapeneira.gal\\\/wp-content\\\/uploads\\\/2019\\\/07\\\/ARTIGO_DE_OPINION_A_NOVA_PENEIRA.jpg\",\"contentUrl\":\"https:\\\/\\\/www.anovapeneira.gal\\\/wp-content\\\/uploads\\\/2019\\\/07\\\/ARTIGO_DE_OPINION_A_NOVA_PENEIRA.jpg\",\"width\":720,\"height\":473,\"caption\":\"Artigo de opini\u00f3n A Nova Peneira\"},{\"@type\":\"BreadcrumbList\",\"@id\":\"https:\\\/\\\/www.anovapeneira.gal\\\/index.php\\\/2023\\\/01\\\/16\\\/2023-un-ano-electoral\\\/#breadcrumb\",\"itemListElement\":[{\"@type\":\"ListItem\",\"position\":1,\"name\":\"Portada\",\"item\":\"https:\\\/\\\/www.anovapeneira.gal\\\/\"},{\"@type\":\"ListItem\",\"position\":2,\"name\":\"2023, un ano electoral\"}]},{\"@type\":\"WebSite\",\"@id\":\"https:\\\/\\\/www.anovapeneira.gal\\\/#website\",\"url\":\"https:\\\/\\\/www.anovapeneira.gal\\\/\",\"name\":\"\",\"description\":\"Xornal galego de informaci\u00f3n xeral Publicaci\u00f3n mensual de novas de Galicia e en especial dos Concellos da sur da provincia de Pontevedra.\",\"publisher\":{\"@id\":\"https:\\\/\\\/www.anovapeneira.gal\\\/#organization\"},\"potentialAction\":[{\"@type\":\"SearchAction\",\"target\":{\"@type\":\"EntryPoint\",\"urlTemplate\":\"https:\\\/\\\/www.anovapeneira.gal\\\/?s={search_term_string}\"},\"query-input\":{\"@type\":\"PropertyValueSpecification\",\"valueRequired\":true,\"valueName\":\"search_term_string\"}}],\"inLanguage\":\"gl-ES\"},{\"@type\":\"Organization\",\"@id\":\"https:\\\/\\\/www.anovapeneira.gal\\\/#organization\",\"name\":\"A Nova Peneira\",\"url\":\"https:\\\/\\\/www.anovapeneira.gal\\\/\",\"logo\":{\"@type\":\"ImageObject\",\"inLanguage\":\"gl-ES\",\"@id\":\"https:\\\/\\\/www.anovapeneira.gal\\\/#\\\/schema\\\/logo\\\/image\\\/\",\"url\":\"http:\\\/\\\/www.anovapeneira.gal\\\/wp-content\\\/uploads\\\/2019\\\/06\\\/logo_a_nova_peneira_portal_web.png\",\"contentUrl\":\"http:\\\/\\\/www.anovapeneira.gal\\\/wp-content\\\/uploads\\\/2019\\\/06\\\/logo_a_nova_peneira_portal_web.png\",\"width\":300,\"height\":100,\"caption\":\"A Nova Peneira\"},\"image\":{\"@id\":\"https:\\\/\\\/www.anovapeneira.gal\\\/#\\\/schema\\\/logo\\\/image\\\/\"},\"sameAs\":[\"https:\\\/\\\/www.facebook.com\\\/anovapeneira\",\"https:\\\/\\\/x.com\\\/APeneira\"]},{\"@type\":\"Person\",\"@id\":\"https:\\\/\\\/www.anovapeneira.gal\\\/#\\\/schema\\\/person\\\/c04a9c9f722c9446e71ae434c0353337\",\"name\":\"Pedro M. Cortegoso Gago\",\"image\":{\"@type\":\"ImageObject\",\"inLanguage\":\"gl-ES\",\"@id\":\"https:\\\/\\\/secure.gravatar.com\\\/avatar\\\/1613b27278a972c04db5c2f04fb2cbfa9edb58d6c3e2547817ecb8240eb58381?s=96&d=mm&r=g\",\"url\":\"https:\\\/\\\/secure.gravatar.com\\\/avatar\\\/1613b27278a972c04db5c2f04fb2cbfa9edb58d6c3e2547817ecb8240eb58381?s=96&d=mm&r=g\",\"contentUrl\":\"https:\\\/\\\/secure.gravatar.com\\\/avatar\\\/1613b27278a972c04db5c2f04fb2cbfa9edb58d6c3e2547817ecb8240eb58381?s=96&d=mm&r=g\",\"caption\":\"Pedro M. Cortegoso Gago\"},\"sameAs\":[\"http:\\\/\\\/anovapeneira.gal\"],\"url\":\"https:\\\/\\\/www.anovapeneira.gal\\\/index.php\\\/author\\\/opinionpcortegoso\\\/\"}]}<\/script>\n<!-- \/ Yoast SEO plugin. -->","yoast_head_json":{"title":"2023, un ano electoral -","description":"O ano que entra estar\u00e1 marcado polas elecci\u00f3ns municipais e xerais, estas van condicionar a actuaci\u00f3n dos partidos pol\u00edticos cuxas maquinarias electorais xa funcionan a toda m\u00e1quina para dar vida ao \u201ccirco da democracia\u201d","robots":{"index":"index","follow":"follow","max-snippet":"max-snippet:-1","max-image-preview":"max-image-preview:large","max-video-preview":"max-video-preview:-1"},"canonical":"https:\/\/www.anovapeneira.gal\/index.php\/2023\/01\/16\/2023-un-ano-electoral\/","og_locale":"gl_ES","og_type":"article","og_title":"2023, un ano electoral -","og_description":"O ano que entra estar\u00e1 marcado polas elecci\u00f3ns municipais e xerais, estas van condicionar a actuaci\u00f3n dos partidos pol\u00edticos cuxas maquinarias electorais xa funcionan a toda m\u00e1quina para dar vida ao \u201ccirco da democracia\u201d","og_url":"https:\/\/www.anovapeneira.gal\/index.php\/2023\/01\/16\/2023-un-ano-electoral\/","article_publisher":"https:\/\/www.facebook.com\/anovapeneira","article_published_time":"2023-01-16T09:00:15+00:00","og_image":[{"width":720,"height":473,"url":"https:\/\/www.anovapeneira.gal\/wp-content\/uploads\/2019\/07\/ARTIGO_DE_OPINION_A_NOVA_PENEIRA.jpg","type":"image\/jpeg"}],"author":"Pedro M. Cortegoso Gago","twitter_card":"summary_large_image","twitter_image":"https:\/\/www.anovapeneira.gal\/wp-content\/uploads\/2019\/07\/ARTIGO_DE_OPINION_A_NOVA_PENEIRA.jpg","twitter_creator":"@APeneira","twitter_site":"@APeneira","twitter_misc":{"Escrito por":"Pedro M. Cortegoso Gago","Tempo de lectura":"5 minutos"},"schema":{"@context":"https:\/\/schema.org","@graph":[{"@type":"Article","@id":"https:\/\/www.anovapeneira.gal\/index.php\/2023\/01\/16\/2023-un-ano-electoral\/#article","isPartOf":{"@id":"https:\/\/www.anovapeneira.gal\/index.php\/2023\/01\/16\/2023-un-ano-electoral\/"},"author":{"name":"Pedro M. Cortegoso Gago","@id":"https:\/\/www.anovapeneira.gal\/#\/schema\/person\/c04a9c9f722c9446e71ae434c0353337"},"headline":"2023, un ano electoral","datePublished":"2023-01-16T09:00:15+00:00","mainEntityOfPage":{"@id":"https:\/\/www.anovapeneira.gal\/index.php\/2023\/01\/16\/2023-un-ano-electoral\/"},"wordCount":938,"commentCount":0,"publisher":{"@id":"https:\/\/www.anovapeneira.gal\/#organization"},"image":{"@id":"https:\/\/www.anovapeneira.gal\/index.php\/2023\/01\/16\/2023-un-ano-electoral\/#primaryimage"},"thumbnailUrl":"https:\/\/www.anovapeneira.gal\/wp-content\/uploads\/2019\/07\/ARTIGO_DE_OPINION_A_NOVA_PENEIRA.jpg","articleSection":["Sin categor\u00eda"],"inLanguage":"gl-ES","potentialAction":[{"@type":"CommentAction","name":"Comment","target":["https:\/\/www.anovapeneira.gal\/index.php\/2023\/01\/16\/2023-un-ano-electoral\/#respond"]}]},{"@type":"WebPage","@id":"https:\/\/www.anovapeneira.gal\/index.php\/2023\/01\/16\/2023-un-ano-electoral\/","url":"https:\/\/www.anovapeneira.gal\/index.php\/2023\/01\/16\/2023-un-ano-electoral\/","name":"2023, un ano electoral -","isPartOf":{"@id":"https:\/\/www.anovapeneira.gal\/#website"},"primaryImageOfPage":{"@id":"https:\/\/www.anovapeneira.gal\/index.php\/2023\/01\/16\/2023-un-ano-electoral\/#primaryimage"},"image":{"@id":"https:\/\/www.anovapeneira.gal\/index.php\/2023\/01\/16\/2023-un-ano-electoral\/#primaryimage"},"thumbnailUrl":"https:\/\/www.anovapeneira.gal\/wp-content\/uploads\/2019\/07\/ARTIGO_DE_OPINION_A_NOVA_PENEIRA.jpg","datePublished":"2023-01-16T09:00:15+00:00","description":"O ano que entra estar\u00e1 marcado polas elecci\u00f3ns municipais e xerais, estas van condicionar a actuaci\u00f3n dos partidos pol\u00edticos cuxas maquinarias electorais xa funcionan a toda m\u00e1quina para dar vida ao \u201ccirco da democracia\u201d","breadcrumb":{"@id":"https:\/\/www.anovapeneira.gal\/index.php\/2023\/01\/16\/2023-un-ano-electoral\/#breadcrumb"},"inLanguage":"gl-ES","potentialAction":[{"@type":"ReadAction","target":["https:\/\/www.anovapeneira.gal\/index.php\/2023\/01\/16\/2023-un-ano-electoral\/"]}]},{"@type":"ImageObject","inLanguage":"gl-ES","@id":"https:\/\/www.anovapeneira.gal\/index.php\/2023\/01\/16\/2023-un-ano-electoral\/#primaryimage","url":"https:\/\/www.anovapeneira.gal\/wp-content\/uploads\/2019\/07\/ARTIGO_DE_OPINION_A_NOVA_PENEIRA.jpg","contentUrl":"https:\/\/www.anovapeneira.gal\/wp-content\/uploads\/2019\/07\/ARTIGO_DE_OPINION_A_NOVA_PENEIRA.jpg","width":720,"height":473,"caption":"Artigo de opini\u00f3n A Nova Peneira"},{"@type":"BreadcrumbList","@id":"https:\/\/www.anovapeneira.gal\/index.php\/2023\/01\/16\/2023-un-ano-electoral\/#breadcrumb","itemListElement":[{"@type":"ListItem","position":1,"name":"Portada","item":"https:\/\/www.anovapeneira.gal\/"},{"@type":"ListItem","position":2,"name":"2023, un ano electoral"}]},{"@type":"WebSite","@id":"https:\/\/www.anovapeneira.gal\/#website","url":"https:\/\/www.anovapeneira.gal\/","name":"","description":"Xornal galego de informaci\u00f3n xeral Publicaci\u00f3n mensual de novas de Galicia e en especial dos Concellos da sur da provincia de Pontevedra.","publisher":{"@id":"https:\/\/www.anovapeneira.gal\/#organization"},"potentialAction":[{"@type":"SearchAction","target":{"@type":"EntryPoint","urlTemplate":"https:\/\/www.anovapeneira.gal\/?s={search_term_string}"},"query-input":{"@type":"PropertyValueSpecification","valueRequired":true,"valueName":"search_term_string"}}],"inLanguage":"gl-ES"},{"@type":"Organization","@id":"https:\/\/www.anovapeneira.gal\/#organization","name":"A Nova Peneira","url":"https:\/\/www.anovapeneira.gal\/","logo":{"@type":"ImageObject","inLanguage":"gl-ES","@id":"https:\/\/www.anovapeneira.gal\/#\/schema\/logo\/image\/","url":"http:\/\/www.anovapeneira.gal\/wp-content\/uploads\/2019\/06\/logo_a_nova_peneira_portal_web.png","contentUrl":"http:\/\/www.anovapeneira.gal\/wp-content\/uploads\/2019\/06\/logo_a_nova_peneira_portal_web.png","width":300,"height":100,"caption":"A Nova Peneira"},"image":{"@id":"https:\/\/www.anovapeneira.gal\/#\/schema\/logo\/image\/"},"sameAs":["https:\/\/www.facebook.com\/anovapeneira","https:\/\/x.com\/APeneira"]},{"@type":"Person","@id":"https:\/\/www.anovapeneira.gal\/#\/schema\/person\/c04a9c9f722c9446e71ae434c0353337","name":"Pedro M. Cortegoso Gago","image":{"@type":"ImageObject","inLanguage":"gl-ES","@id":"https:\/\/secure.gravatar.com\/avatar\/1613b27278a972c04db5c2f04fb2cbfa9edb58d6c3e2547817ecb8240eb58381?s=96&d=mm&r=g","url":"https:\/\/secure.gravatar.com\/avatar\/1613b27278a972c04db5c2f04fb2cbfa9edb58d6c3e2547817ecb8240eb58381?s=96&d=mm&r=g","contentUrl":"https:\/\/secure.gravatar.com\/avatar\/1613b27278a972c04db5c2f04fb2cbfa9edb58d6c3e2547817ecb8240eb58381?s=96&d=mm&r=g","caption":"Pedro M. Cortegoso Gago"},"sameAs":["http:\/\/anovapeneira.gal"],"url":"https:\/\/www.anovapeneira.gal\/index.php\/author\/opinionpcortegoso\/"}]}},"jetpack_featured_media_url":"https:\/\/www.anovapeneira.gal\/wp-content\/uploads\/2019\/07\/ARTIGO_DE_OPINION_A_NOVA_PENEIRA.jpg","_links":{"self":[{"href":"https:\/\/www.anovapeneira.gal\/index.php\/wp-json\/wp\/v2\/posts\/8912","targetHints":{"allow":["GET"]}}],"collection":[{"href":"https:\/\/www.anovapeneira.gal\/index.php\/wp-json\/wp\/v2\/posts"}],"about":[{"href":"https:\/\/www.anovapeneira.gal\/index.php\/wp-json\/wp\/v2\/types\/post"}],"author":[{"embeddable":true,"href":"https:\/\/www.anovapeneira.gal\/index.php\/wp-json\/wp\/v2\/users\/4"}],"replies":[{"embeddable":true,"href":"https:\/\/www.anovapeneira.gal\/index.php\/wp-json\/wp\/v2\/comments?post=8912"}],"version-history":[{"count":2,"href":"https:\/\/www.anovapeneira.gal\/index.php\/wp-json\/wp\/v2\/posts\/8912\/revisions"}],"predecessor-version":[{"id":8915,"href":"https:\/\/www.anovapeneira.gal\/index.php\/wp-json\/wp\/v2\/posts\/8912\/revisions\/8915"}],"wp:featuredmedia":[{"embeddable":true,"href":"https:\/\/www.anovapeneira.gal\/index.php\/wp-json\/wp\/v2\/media\/584"}],"wp:attachment":[{"href":"https:\/\/www.anovapeneira.gal\/index.php\/wp-json\/wp\/v2\/media?parent=8912"}],"wp:term":[{"taxonomy":"category","embeddable":true,"href":"https:\/\/www.anovapeneira.gal\/index.php\/wp-json\/wp\/v2\/categories?post=8912"},{"taxonomy":"post_tag","embeddable":true,"href":"https:\/\/www.anovapeneira.gal\/index.php\/wp-json\/wp\/v2\/tags?post=8912"}],"curies":[{"name":"wp","href":"https:\/\/api.w.org\/{rel}","templated":true}]}}