{"id":8925,"date":"2023-01-18T10:00:47","date_gmt":"2023-01-18T09:00:47","guid":{"rendered":"https:\/\/www.anovapeneira.gal\/?p=8925"},"modified":"2023-01-16T10:37:34","modified_gmt":"2023-01-16T09:37:34","slug":"os-de-fornelos-da-ribeira-xa-non-sabemos","status":"publish","type":"post","link":"https:\/\/www.anovapeneira.gal\/index.php\/2023\/01\/18\/os-de-fornelos-da-ribeira-xa-non-sabemos\/","title":{"rendered":"Os de Fornelos da ribeira xa non sabemos &#8230;"},"content":{"rendered":"\n<pre class=\"wp-block-verse\">Manuel Alfonso Est\u00e9vez<\/pre>\n\n\n\n<p>Os galegos de Fornelos da Ribeira hoxe, xa non sabemos, si descendemos das Loiras Godinas ou do casal do Rei Cintolo e da s\u00faa ra\u00ed\u00f1a Lupa, que nos fixo vivir do mar, e por iso somos tan afeccionados o \u201cmarisqui\u00f1o\u201d, penso eu.<\/p>\n\n\n\n<p>O \u00fanico que sei, como fillo de Fornelos da Ribeira \u00e9, que os galegos aceptamos sempre a tradicional filosof\u00eda do, boeno, carallo, boeno! Trasladado o rito ancestral, o monte, a memoria de virar a pedra, buscando quizais o horario das doce da noite, para as d\u00faas da ma\u00f1\u00e1, para aqueles \u201cmir\u00f3ns\u201d que xa estaban na cama, e hoxe no cemiterio.<\/p>\n\n\n\n<p>Eran famosos os ritos da fertilidade na Ponte das Partidas, no San Marti\u00f1o de Moreira, en Ponteareas; \u201ca queimada e a augardente\u201d, co fedorento do que ningu\u00e9n sabe ben que entidade resultara delirante. Se descendemos das Loiras Godinas ou do casal do rei Cintolo e da ra\u00ed\u00f1a Lupa, que vivira entre o mar e o monte, sempre afeccionados o \u201cmarisqui\u00f1o\u201d, sendo da mesma relixi\u00f3n, so cambiando o nome dos demos, que agora te\u00f1en nome de \u201csantos\u201d e as\u00ed mesmo da \u201cpur\u00edsima Ceres\u201d, pasando a seguinte, sen decatarnos moito.<\/p>\n\n\n\n<p>E o que mais nos marcou foi o esp\u00edrito: Desconfianza total co demo. As\u00ed, podemos rirnos del, porque non cho toma a mal, e nos rimos manda carallo! Como dando a entender que n\u00f3s, e a xente toda de Fornelos da Ribeira, nos rexemos por outros principios. Posiblemente esteamos convencidos de ser o \u00faltimo anel perdido daqueles tempos que a\u00ednda andamos buscando alg\u00fans, sen atopalo.<\/p>\n\n\n\n<p>Faltaba o noso paisano Ferm\u00edn Bouza Brey, nada menos que de Ponteareas, escapando das \u201cenvexas\u201d, que os que chamaban oestrimios eran part\u00edculas celtas, lembradas a medias.<\/p>\n\n\n\n<p>Nos temos un grande problema en Fornelos, como o resto dos galegos, que \u00e9 desco\u00f1ecemento e falta de fontes escritas, e como fillos que somos dicimos: Todo depende. . .<\/p>\n\n\n\n<p>E si nos atemos as normas, \u201cxa non somos nin mantemos o idioma falado antes do castrapo\u201d. E se nos atemos a orixe \u00e9tnica, posiblemente sexamos da Idade do Ferro, porque hai d\u00fabidas sobre os \u201coestrimios\u201d de Ferm\u00edn Bouza Brey, mesturados cos \u201cSaefes celtas\u201d.<\/p>\n\n\n\n<p>En todo caso, os que somos fillos de Fornelos da Ribeira, estamos actualmente o marxe da orixe \u00e9tnica da raza. O que parece claro, coa influencia cultural, para identificarnos como tales. O meu entender a mestura de sangue non ten nada que ver coa \u201cinvasi\u00f3n\u201d e a historia pasada.<\/p>\n\n\n\n<p>Xa sei que existen movementos que pugnan polo reco\u00f1ecemento doutros \u201crueiros\u201d con influencia c\u00e9ltica e que en Vigo existe o Celtaman\u00eda do Real Club Celta, que serve de interpretaci\u00f3n contempor\u00e1nea e folcl\u00f3rica tradicional, como \u00e9 a gaita e a cornamusa.<\/p>\n\n\n\n<p>Os Saefes celtas, deben o seu nome os romanos por ter a serpente como animal e os de Fornelos, venerando as noites de L\u00faa chea, cantando nos eidos. E Ollo! Que non se asimilaron a ningu\u00e9n. Se mantiveron en boa convivencia con todos. Agora ben: Doutores ten a Igrexa en se somos ou non somos, por falar castrapo nestes momentos da vida. Por si acaso, que a Nova Peneira, nos colla confesados!<\/p>\n","protected":false},"excerpt":{"rendered":"<div class=\"mh-excerpt\"><p>Os galegos de Fornelos da Ribeira hoxe, xa non sabemos, si descendemos das Loiras Godinas ou do casal do Rei Cintolo e da s\u00faa ra\u00ed\u00f1a Lupa, que nos fixo vivir do mar, e por iso somos tan afeccionados o \u201cmarisqui\u00f1o\u201d, penso eu <a class=\"mh-excerpt-more\" href=\"https:\/\/www.anovapeneira.gal\/index.php\/2023\/01\/18\/os-de-fornelos-da-ribeira-xa-non-sabemos\/\" title=\"Os de Fornelos da ribeira xa non sabemos &#8230;\">[&#8230;]<\/a><\/p>\n<\/div>","protected":false},"author":40,"featured_media":5108,"comment_status":"open","ping_status":"open","sticky":false,"template":"","format":"standard","meta":{"_exactmetrics_skip_tracking":false,"_exactmetrics_sitenote_active":false,"_exactmetrics_sitenote_note":"","_exactmetrics_sitenote_category":0,"footnotes":""},"categories":[7],"tags":[1257],"class_list":{"0":"post-8925","1":"post","2":"type-post","3":"status-publish","4":"format-standard","5":"has-post-thumbnail","7":"category-artigos-de-opinion","8":"tag-manuel-alfonso-estevez"},"yoast_head":"<!-- This site is optimized with the Yoast SEO plugin v27.4 - https:\/\/yoast.com\/product\/yoast-seo-wordpress\/ -->\n<title>Os de Fornelos da ribeira xa non sabemos ... -<\/title>\n<meta name=\"description\" content=\"Os galegos de Fornelos da Ribeira hoxe, xa non sabemos, si descendemos das Loiras Godinas ou do casal do Rei Cintolo e da s\u00faa ra\u00ed\u00f1a Lupa, que nos fixo vivir do mar, e por iso somos tan afeccionados o \u201cmarisqui\u00f1o\u201d, penso eu.\" \/>\n<meta name=\"robots\" content=\"index, follow, max-snippet:-1, max-image-preview:large, max-video-preview:-1\" \/>\n<link rel=\"canonical\" href=\"https:\/\/www.anovapeneira.gal\/index.php\/2023\/01\/18\/os-de-fornelos-da-ribeira-xa-non-sabemos\/\" \/>\n<meta property=\"og:locale\" content=\"gl_ES\" \/>\n<meta property=\"og:type\" content=\"article\" \/>\n<meta property=\"og:title\" content=\"Os de Fornelos da ribeira xa non sabemos ... -\" \/>\n<meta property=\"og:description\" content=\"Os galegos de Fornelos da Ribeira hoxe, xa non sabemos, si descendemos das Loiras Godinas ou do casal do Rei Cintolo e da s\u00faa ra\u00ed\u00f1a Lupa, que nos fixo vivir do mar, e por iso somos tan afeccionados o \u201cmarisqui\u00f1o\u201d, penso eu.\" \/>\n<meta property=\"og:url\" content=\"https:\/\/www.anovapeneira.gal\/index.php\/2023\/01\/18\/os-de-fornelos-da-ribeira-xa-non-sabemos\/\" \/>\n<meta property=\"article:publisher\" content=\"https:\/\/www.facebook.com\/anovapeneira\" \/>\n<meta property=\"article:published_time\" content=\"2023-01-18T09:00:47+00:00\" \/>\n<meta property=\"og:image\" content=\"https:\/\/www.anovapeneira.gal\/wp-content\/uploads\/2021\/03\/manuel_alfonso_estevez.jpg\" \/>\n\t<meta property=\"og:image:width\" content=\"720\" \/>\n\t<meta property=\"og:image:height\" content=\"432\" \/>\n\t<meta property=\"og:image:type\" content=\"image\/jpeg\" \/>\n<meta name=\"author\" content=\"Manuel Alfonso Est\u00e9vez\" \/>\n<meta name=\"twitter:card\" content=\"summary_large_image\" \/>\n<meta name=\"twitter:creator\" content=\"@APeneira\" \/>\n<meta name=\"twitter:site\" content=\"@APeneira\" \/>\n<meta name=\"twitter:label1\" content=\"Escrito por\" \/>\n\t<meta name=\"twitter:data1\" content=\"Manuel Alfonso Est\u00e9vez\" \/>\n\t<meta name=\"twitter:label2\" content=\"Tempo de lectura\" \/>\n\t<meta name=\"twitter:data2\" content=\"3 minutos\" \/>\n<script type=\"application\/ld+json\" class=\"yoast-schema-graph\">{\"@context\":\"https:\\\/\\\/schema.org\",\"@graph\":[{\"@type\":\"Article\",\"@id\":\"https:\\\/\\\/www.anovapeneira.gal\\\/index.php\\\/2023\\\/01\\\/18\\\/os-de-fornelos-da-ribeira-xa-non-sabemos\\\/#article\",\"isPartOf\":{\"@id\":\"https:\\\/\\\/www.anovapeneira.gal\\\/index.php\\\/2023\\\/01\\\/18\\\/os-de-fornelos-da-ribeira-xa-non-sabemos\\\/\"},\"author\":{\"name\":\"Manuel Alfonso Est\u00e9vez\",\"@id\":\"https:\\\/\\\/www.anovapeneira.gal\\\/#\\\/schema\\\/person\\\/6561b93d53e7a32f5d814768163bae2a\"},\"headline\":\"Os de Fornelos da ribeira xa non sabemos &#8230;\",\"datePublished\":\"2023-01-18T09:00:47+00:00\",\"mainEntityOfPage\":{\"@id\":\"https:\\\/\\\/www.anovapeneira.gal\\\/index.php\\\/2023\\\/01\\\/18\\\/os-de-fornelos-da-ribeira-xa-non-sabemos\\\/\"},\"wordCount\":550,\"commentCount\":0,\"publisher\":{\"@id\":\"https:\\\/\\\/www.anovapeneira.gal\\\/#organization\"},\"image\":{\"@id\":\"https:\\\/\\\/www.anovapeneira.gal\\\/index.php\\\/2023\\\/01\\\/18\\\/os-de-fornelos-da-ribeira-xa-non-sabemos\\\/#primaryimage\"},\"thumbnailUrl\":\"https:\\\/\\\/www.anovapeneira.gal\\\/wp-content\\\/uploads\\\/2021\\\/03\\\/manuel_alfonso_estevez.jpg\",\"keywords\":[\"Manuel Alfonso Est\u00e9vez\"],\"articleSection\":[\"Artigos de opini\u00f3n\"],\"inLanguage\":\"gl-ES\",\"potentialAction\":[{\"@type\":\"CommentAction\",\"name\":\"Comment\",\"target\":[\"https:\\\/\\\/www.anovapeneira.gal\\\/index.php\\\/2023\\\/01\\\/18\\\/os-de-fornelos-da-ribeira-xa-non-sabemos\\\/#respond\"]}]},{\"@type\":\"WebPage\",\"@id\":\"https:\\\/\\\/www.anovapeneira.gal\\\/index.php\\\/2023\\\/01\\\/18\\\/os-de-fornelos-da-ribeira-xa-non-sabemos\\\/\",\"url\":\"https:\\\/\\\/www.anovapeneira.gal\\\/index.php\\\/2023\\\/01\\\/18\\\/os-de-fornelos-da-ribeira-xa-non-sabemos\\\/\",\"name\":\"Os de Fornelos da ribeira xa non sabemos ... -\",\"isPartOf\":{\"@id\":\"https:\\\/\\\/www.anovapeneira.gal\\\/#website\"},\"primaryImageOfPage\":{\"@id\":\"https:\\\/\\\/www.anovapeneira.gal\\\/index.php\\\/2023\\\/01\\\/18\\\/os-de-fornelos-da-ribeira-xa-non-sabemos\\\/#primaryimage\"},\"image\":{\"@id\":\"https:\\\/\\\/www.anovapeneira.gal\\\/index.php\\\/2023\\\/01\\\/18\\\/os-de-fornelos-da-ribeira-xa-non-sabemos\\\/#primaryimage\"},\"thumbnailUrl\":\"https:\\\/\\\/www.anovapeneira.gal\\\/wp-content\\\/uploads\\\/2021\\\/03\\\/manuel_alfonso_estevez.jpg\",\"datePublished\":\"2023-01-18T09:00:47+00:00\",\"description\":\"Os galegos de Fornelos da Ribeira hoxe, xa non sabemos, si descendemos das Loiras Godinas ou do casal do Rei Cintolo e da s\u00faa ra\u00ed\u00f1a Lupa, que nos fixo vivir do mar, e por iso somos tan afeccionados o \u201cmarisqui\u00f1o\u201d, penso eu.\",\"breadcrumb\":{\"@id\":\"https:\\\/\\\/www.anovapeneira.gal\\\/index.php\\\/2023\\\/01\\\/18\\\/os-de-fornelos-da-ribeira-xa-non-sabemos\\\/#breadcrumb\"},\"inLanguage\":\"gl-ES\",\"potentialAction\":[{\"@type\":\"ReadAction\",\"target\":[\"https:\\\/\\\/www.anovapeneira.gal\\\/index.php\\\/2023\\\/01\\\/18\\\/os-de-fornelos-da-ribeira-xa-non-sabemos\\\/\"]}]},{\"@type\":\"ImageObject\",\"inLanguage\":\"gl-ES\",\"@id\":\"https:\\\/\\\/www.anovapeneira.gal\\\/index.php\\\/2023\\\/01\\\/18\\\/os-de-fornelos-da-ribeira-xa-non-sabemos\\\/#primaryimage\",\"url\":\"https:\\\/\\\/www.anovapeneira.gal\\\/wp-content\\\/uploads\\\/2021\\\/03\\\/manuel_alfonso_estevez.jpg\",\"contentUrl\":\"https:\\\/\\\/www.anovapeneira.gal\\\/wp-content\\\/uploads\\\/2021\\\/03\\\/manuel_alfonso_estevez.jpg\",\"width\":720,\"height\":432,\"caption\":\"Manuel Alfonso Est\u00e9vez. Historia viva de Fornelos da Ribeira\"},{\"@type\":\"BreadcrumbList\",\"@id\":\"https:\\\/\\\/www.anovapeneira.gal\\\/index.php\\\/2023\\\/01\\\/18\\\/os-de-fornelos-da-ribeira-xa-non-sabemos\\\/#breadcrumb\",\"itemListElement\":[{\"@type\":\"ListItem\",\"position\":1,\"name\":\"Portada\",\"item\":\"https:\\\/\\\/www.anovapeneira.gal\\\/\"},{\"@type\":\"ListItem\",\"position\":2,\"name\":\"Os de Fornelos da ribeira xa non sabemos &#8230;\"}]},{\"@type\":\"WebSite\",\"@id\":\"https:\\\/\\\/www.anovapeneira.gal\\\/#website\",\"url\":\"https:\\\/\\\/www.anovapeneira.gal\\\/\",\"name\":\"\",\"description\":\"Xornal galego de informaci\u00f3n xeral Publicaci\u00f3n mensual de novas de Galicia e en especial dos Concellos da sur da provincia de Pontevedra.\",\"publisher\":{\"@id\":\"https:\\\/\\\/www.anovapeneira.gal\\\/#organization\"},\"potentialAction\":[{\"@type\":\"SearchAction\",\"target\":{\"@type\":\"EntryPoint\",\"urlTemplate\":\"https:\\\/\\\/www.anovapeneira.gal\\\/?s={search_term_string}\"},\"query-input\":{\"@type\":\"PropertyValueSpecification\",\"valueRequired\":true,\"valueName\":\"search_term_string\"}}],\"inLanguage\":\"gl-ES\"},{\"@type\":\"Organization\",\"@id\":\"https:\\\/\\\/www.anovapeneira.gal\\\/#organization\",\"name\":\"A Nova Peneira\",\"url\":\"https:\\\/\\\/www.anovapeneira.gal\\\/\",\"logo\":{\"@type\":\"ImageObject\",\"inLanguage\":\"gl-ES\",\"@id\":\"https:\\\/\\\/www.anovapeneira.gal\\\/#\\\/schema\\\/logo\\\/image\\\/\",\"url\":\"http:\\\/\\\/www.anovapeneira.gal\\\/wp-content\\\/uploads\\\/2019\\\/06\\\/logo_a_nova_peneira_portal_web.png\",\"contentUrl\":\"http:\\\/\\\/www.anovapeneira.gal\\\/wp-content\\\/uploads\\\/2019\\\/06\\\/logo_a_nova_peneira_portal_web.png\",\"width\":300,\"height\":100,\"caption\":\"A Nova Peneira\"},\"image\":{\"@id\":\"https:\\\/\\\/www.anovapeneira.gal\\\/#\\\/schema\\\/logo\\\/image\\\/\"},\"sameAs\":[\"https:\\\/\\\/www.facebook.com\\\/anovapeneira\",\"https:\\\/\\\/x.com\\\/APeneira\"]},{\"@type\":\"Person\",\"@id\":\"https:\\\/\\\/www.anovapeneira.gal\\\/#\\\/schema\\\/person\\\/6561b93d53e7a32f5d814768163bae2a\",\"name\":\"Manuel Alfonso Est\u00e9vez\",\"image\":{\"@type\":\"ImageObject\",\"inLanguage\":\"gl-ES\",\"@id\":\"https:\\\/\\\/secure.gravatar.com\\\/avatar\\\/f5d3e86603a02dabc520fdacad8691552cb5b3b57ede8828ababc7095c054594?s=96&d=mm&r=g\",\"url\":\"https:\\\/\\\/secure.gravatar.com\\\/avatar\\\/f5d3e86603a02dabc520fdacad8691552cb5b3b57ede8828ababc7095c054594?s=96&d=mm&r=g\",\"contentUrl\":\"https:\\\/\\\/secure.gravatar.com\\\/avatar\\\/f5d3e86603a02dabc520fdacad8691552cb5b3b57ede8828ababc7095c054594?s=96&d=mm&r=g\",\"caption\":\"Manuel Alfonso Est\u00e9vez\"},\"url\":\"https:\\\/\\\/www.anovapeneira.gal\\\/index.php\\\/author\\\/manuelalfonso\\\/\"}]}<\/script>\n<!-- \/ Yoast SEO plugin. -->","yoast_head_json":{"title":"Os de Fornelos da ribeira xa non sabemos ... -","description":"Os galegos de Fornelos da Ribeira hoxe, xa non sabemos, si descendemos das Loiras Godinas ou do casal do Rei Cintolo e da s\u00faa ra\u00ed\u00f1a Lupa, que nos fixo vivir do mar, e por iso somos tan afeccionados o \u201cmarisqui\u00f1o\u201d, penso eu.","robots":{"index":"index","follow":"follow","max-snippet":"max-snippet:-1","max-image-preview":"max-image-preview:large","max-video-preview":"max-video-preview:-1"},"canonical":"https:\/\/www.anovapeneira.gal\/index.php\/2023\/01\/18\/os-de-fornelos-da-ribeira-xa-non-sabemos\/","og_locale":"gl_ES","og_type":"article","og_title":"Os de Fornelos da ribeira xa non sabemos ... -","og_description":"Os galegos de Fornelos da Ribeira hoxe, xa non sabemos, si descendemos das Loiras Godinas ou do casal do Rei Cintolo e da s\u00faa ra\u00ed\u00f1a Lupa, que nos fixo vivir do mar, e por iso somos tan afeccionados o \u201cmarisqui\u00f1o\u201d, penso eu.","og_url":"https:\/\/www.anovapeneira.gal\/index.php\/2023\/01\/18\/os-de-fornelos-da-ribeira-xa-non-sabemos\/","article_publisher":"https:\/\/www.facebook.com\/anovapeneira","article_published_time":"2023-01-18T09:00:47+00:00","og_image":[{"width":720,"height":432,"url":"https:\/\/www.anovapeneira.gal\/wp-content\/uploads\/2021\/03\/manuel_alfonso_estevez.jpg","type":"image\/jpeg"}],"author":"Manuel Alfonso Est\u00e9vez","twitter_card":"summary_large_image","twitter_creator":"@APeneira","twitter_site":"@APeneira","twitter_misc":{"Escrito por":"Manuel Alfonso Est\u00e9vez","Tempo de lectura":"3 minutos"},"schema":{"@context":"https:\/\/schema.org","@graph":[{"@type":"Article","@id":"https:\/\/www.anovapeneira.gal\/index.php\/2023\/01\/18\/os-de-fornelos-da-ribeira-xa-non-sabemos\/#article","isPartOf":{"@id":"https:\/\/www.anovapeneira.gal\/index.php\/2023\/01\/18\/os-de-fornelos-da-ribeira-xa-non-sabemos\/"},"author":{"name":"Manuel Alfonso Est\u00e9vez","@id":"https:\/\/www.anovapeneira.gal\/#\/schema\/person\/6561b93d53e7a32f5d814768163bae2a"},"headline":"Os de Fornelos da ribeira xa non sabemos &#8230;","datePublished":"2023-01-18T09:00:47+00:00","mainEntityOfPage":{"@id":"https:\/\/www.anovapeneira.gal\/index.php\/2023\/01\/18\/os-de-fornelos-da-ribeira-xa-non-sabemos\/"},"wordCount":550,"commentCount":0,"publisher":{"@id":"https:\/\/www.anovapeneira.gal\/#organization"},"image":{"@id":"https:\/\/www.anovapeneira.gal\/index.php\/2023\/01\/18\/os-de-fornelos-da-ribeira-xa-non-sabemos\/#primaryimage"},"thumbnailUrl":"https:\/\/www.anovapeneira.gal\/wp-content\/uploads\/2021\/03\/manuel_alfonso_estevez.jpg","keywords":["Manuel Alfonso Est\u00e9vez"],"articleSection":["Artigos de opini\u00f3n"],"inLanguage":"gl-ES","potentialAction":[{"@type":"CommentAction","name":"Comment","target":["https:\/\/www.anovapeneira.gal\/index.php\/2023\/01\/18\/os-de-fornelos-da-ribeira-xa-non-sabemos\/#respond"]}]},{"@type":"WebPage","@id":"https:\/\/www.anovapeneira.gal\/index.php\/2023\/01\/18\/os-de-fornelos-da-ribeira-xa-non-sabemos\/","url":"https:\/\/www.anovapeneira.gal\/index.php\/2023\/01\/18\/os-de-fornelos-da-ribeira-xa-non-sabemos\/","name":"Os de Fornelos da ribeira xa non sabemos ... -","isPartOf":{"@id":"https:\/\/www.anovapeneira.gal\/#website"},"primaryImageOfPage":{"@id":"https:\/\/www.anovapeneira.gal\/index.php\/2023\/01\/18\/os-de-fornelos-da-ribeira-xa-non-sabemos\/#primaryimage"},"image":{"@id":"https:\/\/www.anovapeneira.gal\/index.php\/2023\/01\/18\/os-de-fornelos-da-ribeira-xa-non-sabemos\/#primaryimage"},"thumbnailUrl":"https:\/\/www.anovapeneira.gal\/wp-content\/uploads\/2021\/03\/manuel_alfonso_estevez.jpg","datePublished":"2023-01-18T09:00:47+00:00","description":"Os galegos de Fornelos da Ribeira hoxe, xa non sabemos, si descendemos das Loiras Godinas ou do casal do Rei Cintolo e da s\u00faa ra\u00ed\u00f1a Lupa, que nos fixo vivir do mar, e por iso somos tan afeccionados o \u201cmarisqui\u00f1o\u201d, penso eu.","breadcrumb":{"@id":"https:\/\/www.anovapeneira.gal\/index.php\/2023\/01\/18\/os-de-fornelos-da-ribeira-xa-non-sabemos\/#breadcrumb"},"inLanguage":"gl-ES","potentialAction":[{"@type":"ReadAction","target":["https:\/\/www.anovapeneira.gal\/index.php\/2023\/01\/18\/os-de-fornelos-da-ribeira-xa-non-sabemos\/"]}]},{"@type":"ImageObject","inLanguage":"gl-ES","@id":"https:\/\/www.anovapeneira.gal\/index.php\/2023\/01\/18\/os-de-fornelos-da-ribeira-xa-non-sabemos\/#primaryimage","url":"https:\/\/www.anovapeneira.gal\/wp-content\/uploads\/2021\/03\/manuel_alfonso_estevez.jpg","contentUrl":"https:\/\/www.anovapeneira.gal\/wp-content\/uploads\/2021\/03\/manuel_alfonso_estevez.jpg","width":720,"height":432,"caption":"Manuel Alfonso Est\u00e9vez. Historia viva de Fornelos da Ribeira"},{"@type":"BreadcrumbList","@id":"https:\/\/www.anovapeneira.gal\/index.php\/2023\/01\/18\/os-de-fornelos-da-ribeira-xa-non-sabemos\/#breadcrumb","itemListElement":[{"@type":"ListItem","position":1,"name":"Portada","item":"https:\/\/www.anovapeneira.gal\/"},{"@type":"ListItem","position":2,"name":"Os de Fornelos da ribeira xa non sabemos &#8230;"}]},{"@type":"WebSite","@id":"https:\/\/www.anovapeneira.gal\/#website","url":"https:\/\/www.anovapeneira.gal\/","name":"","description":"Xornal galego de informaci\u00f3n xeral Publicaci\u00f3n mensual de novas de Galicia e en especial dos Concellos da sur da provincia de Pontevedra.","publisher":{"@id":"https:\/\/www.anovapeneira.gal\/#organization"},"potentialAction":[{"@type":"SearchAction","target":{"@type":"EntryPoint","urlTemplate":"https:\/\/www.anovapeneira.gal\/?s={search_term_string}"},"query-input":{"@type":"PropertyValueSpecification","valueRequired":true,"valueName":"search_term_string"}}],"inLanguage":"gl-ES"},{"@type":"Organization","@id":"https:\/\/www.anovapeneira.gal\/#organization","name":"A Nova Peneira","url":"https:\/\/www.anovapeneira.gal\/","logo":{"@type":"ImageObject","inLanguage":"gl-ES","@id":"https:\/\/www.anovapeneira.gal\/#\/schema\/logo\/image\/","url":"http:\/\/www.anovapeneira.gal\/wp-content\/uploads\/2019\/06\/logo_a_nova_peneira_portal_web.png","contentUrl":"http:\/\/www.anovapeneira.gal\/wp-content\/uploads\/2019\/06\/logo_a_nova_peneira_portal_web.png","width":300,"height":100,"caption":"A Nova Peneira"},"image":{"@id":"https:\/\/www.anovapeneira.gal\/#\/schema\/logo\/image\/"},"sameAs":["https:\/\/www.facebook.com\/anovapeneira","https:\/\/x.com\/APeneira"]},{"@type":"Person","@id":"https:\/\/www.anovapeneira.gal\/#\/schema\/person\/6561b93d53e7a32f5d814768163bae2a","name":"Manuel Alfonso Est\u00e9vez","image":{"@type":"ImageObject","inLanguage":"gl-ES","@id":"https:\/\/secure.gravatar.com\/avatar\/f5d3e86603a02dabc520fdacad8691552cb5b3b57ede8828ababc7095c054594?s=96&d=mm&r=g","url":"https:\/\/secure.gravatar.com\/avatar\/f5d3e86603a02dabc520fdacad8691552cb5b3b57ede8828ababc7095c054594?s=96&d=mm&r=g","contentUrl":"https:\/\/secure.gravatar.com\/avatar\/f5d3e86603a02dabc520fdacad8691552cb5b3b57ede8828ababc7095c054594?s=96&d=mm&r=g","caption":"Manuel Alfonso Est\u00e9vez"},"url":"https:\/\/www.anovapeneira.gal\/index.php\/author\/manuelalfonso\/"}]}},"jetpack_featured_media_url":"https:\/\/www.anovapeneira.gal\/wp-content\/uploads\/2021\/03\/manuel_alfonso_estevez.jpg","_links":{"self":[{"href":"https:\/\/www.anovapeneira.gal\/index.php\/wp-json\/wp\/v2\/posts\/8925","targetHints":{"allow":["GET"]}}],"collection":[{"href":"https:\/\/www.anovapeneira.gal\/index.php\/wp-json\/wp\/v2\/posts"}],"about":[{"href":"https:\/\/www.anovapeneira.gal\/index.php\/wp-json\/wp\/v2\/types\/post"}],"author":[{"embeddable":true,"href":"https:\/\/www.anovapeneira.gal\/index.php\/wp-json\/wp\/v2\/users\/40"}],"replies":[{"embeddable":true,"href":"https:\/\/www.anovapeneira.gal\/index.php\/wp-json\/wp\/v2\/comments?post=8925"}],"version-history":[{"count":1,"href":"https:\/\/www.anovapeneira.gal\/index.php\/wp-json\/wp\/v2\/posts\/8925\/revisions"}],"predecessor-version":[{"id":8926,"href":"https:\/\/www.anovapeneira.gal\/index.php\/wp-json\/wp\/v2\/posts\/8925\/revisions\/8926"}],"wp:featuredmedia":[{"embeddable":true,"href":"https:\/\/www.anovapeneira.gal\/index.php\/wp-json\/wp\/v2\/media\/5108"}],"wp:attachment":[{"href":"https:\/\/www.anovapeneira.gal\/index.php\/wp-json\/wp\/v2\/media?parent=8925"}],"wp:term":[{"taxonomy":"category","embeddable":true,"href":"https:\/\/www.anovapeneira.gal\/index.php\/wp-json\/wp\/v2\/categories?post=8925"},{"taxonomy":"post_tag","embeddable":true,"href":"https:\/\/www.anovapeneira.gal\/index.php\/wp-json\/wp\/v2\/tags?post=8925"}],"curies":[{"name":"wp","href":"https:\/\/api.w.org\/{rel}","templated":true}]}}