{"id":8929,"date":"2023-01-19T10:00:25","date_gmt":"2023-01-19T09:00:25","guid":{"rendered":"https:\/\/www.anovapeneira.gal\/?p=8929"},"modified":"2023-01-16T10:58:46","modified_gmt":"2023-01-16T09:58:46","slug":"os-socialistas-de-mos-presentan-ideas-para-melloras-os-poligonos-industrais-do-concello","status":"publish","type":"post","link":"https:\/\/www.anovapeneira.gal\/index.php\/2023\/01\/19\/os-socialistas-de-mos-presentan-ideas-para-melloras-os-poligonos-industrais-do-concello\/","title":{"rendered":"Os socialistas de Mos presentan ideas para melloras os pol\u00edgonos industrais do concello"},"content":{"rendered":"\n<p>En base a li\u00f1a de axudas encami\u00f1adas a rehabilitaci\u00f3n e mellora das infraestruturas dos parques empresariais, en r\u00e9xime de competencia competitiva, dende a bancada socialista presentan unha listaxe de ideas susceptibles de ser inclu\u00eddas. Ditas ideas din ser reclamaci\u00f3ns que se ve\u00f1en facendo dende fai tempo, ademais de ser cuesti\u00f3ns que reclama a veci\u00f1anza e a parte empresarial.<\/p>\n\n\n\n<p>Reflexionan sobre a necesidade de dar soluci\u00f3ns a cuesti\u00f3ns que levan moito tempo sobre a mesa e que este poder\u00eda ser un bo momento de empezar a arranxar algunha delas. Inciden nas necesidades que presenta o Pol\u00edgono do Rebull\u00f3n e tam\u00e9n o de Monte Faqui\u00f1a, que por disputas pol\u00edticas non se termina de buscar alternativas e soluci\u00f3ns.<\/p>\n\n\n\n<p>No relativo a estes 2 pol\u00edgonos as propostas son:<\/p>\n\n\n\n<ul class=\"wp-block-list\"><li>Mellorar os accesos nos pol\u00edgonos de Monte Faqui\u00f1a e Rebull\u00f3n.<\/li><li>Tratamento de augas no pol\u00edgono de Rebull\u00f3n.<\/li><li>Xesti\u00f3n de residuos dentro do pol\u00edgono de Rebull\u00f3n.<\/li><li>Sistemas destinados a loita contra incendios no pol\u00edgono de Rebull\u00f3n.<\/li><\/ul>\n\n\n\n<p>A voceira socialista, Victoria Alonso, di que espera altura de miras por parte do goberno e que se senten a estudar estas cuesti\u00f3ns, cousa que poucas veces fan polo feito de ser presentadas polo Partido Socialista. P\u00eddelle ao equipo de goberno que po\u00f1a os intereses veci\u00f1ais por diante dos pol\u00edticos e que o fin destas propostas son acadar unhas melloras para a vila. Finaliza dicindo que moita xente leva tempo facendo solicitudes nesta li\u00f1a, que aproveitar esta ocasi\u00f3n para algunha destas cuesti\u00f3ns poder\u00eda ser unha boa decisi\u00f3n.<\/p>\n","protected":false},"excerpt":{"rendered":"<div class=\"mh-excerpt\"><p>En base a li\u00f1a de axudas encami\u00f1adas a rehabilitaci\u00f3n e mellora das infraestruturas dos parques empresariais, en r\u00e9xime de competencia competitiva, dende a bancada socialista presentan unha listaxe de ideas susceptibles de ser inclu\u00eddas <a class=\"mh-excerpt-more\" href=\"https:\/\/www.anovapeneira.gal\/index.php\/2023\/01\/19\/os-socialistas-de-mos-presentan-ideas-para-melloras-os-poligonos-industrais-do-concello\/\" title=\"Os socialistas de Mos presentan ideas para melloras os pol\u00edgonos industrais do concello\">[&#8230;]<\/a><\/p>\n<\/div>","protected":false},"author":3,"featured_media":8930,"comment_status":"open","ping_status":"open","sticky":false,"template":"","format":"standard","meta":{"_exactmetrics_skip_tracking":false,"_exactmetrics_sitenote_active":false,"_exactmetrics_sitenote_note":"","_exactmetrics_sitenote_category":0,"footnotes":""},"categories":[23],"tags":[218],"class_list":{"0":"post-8929","1":"post","2":"type-post","3":"status-publish","4":"format-standard","5":"has-post-thumbnail","7":"category-a-lourina","8":"tag-concello-de-mos"},"yoast_head":"<!-- This site is optimized with the Yoast SEO plugin v27.4 - https:\/\/yoast.com\/product\/yoast-seo-wordpress\/ -->\n<title>Os socialistas de Mos presentan ideas para melloras os pol\u00edgonos industrais do concello -<\/title>\n<meta name=\"description\" content=\"En base a li\u00f1a de axudas encami\u00f1adas a rehabilitaci\u00f3n e mellora das infraestruturas dos parques empresariais, en r\u00e9xime de competencia competitiva, dende a bancada socialista presentan unha listaxe de ideas susceptibles de ser inclu\u00eddas\" \/>\n<meta name=\"robots\" content=\"index, follow, max-snippet:-1, max-image-preview:large, max-video-preview:-1\" \/>\n<link rel=\"canonical\" href=\"https:\/\/www.anovapeneira.gal\/index.php\/2023\/01\/19\/os-socialistas-de-mos-presentan-ideas-para-melloras-os-poligonos-industrais-do-concello\/\" \/>\n<meta property=\"og:locale\" content=\"gl_ES\" \/>\n<meta property=\"og:type\" content=\"article\" \/>\n<meta property=\"og:title\" content=\"Os socialistas de Mos presentan ideas para melloras os pol\u00edgonos industrais do concello -\" \/>\n<meta property=\"og:description\" content=\"En base a li\u00f1a de axudas encami\u00f1adas a rehabilitaci\u00f3n e mellora das infraestruturas dos parques empresariais, en r\u00e9xime de competencia competitiva, dende a bancada socialista presentan unha listaxe de ideas susceptibles de ser inclu\u00eddas\" \/>\n<meta property=\"og:url\" content=\"https:\/\/www.anovapeneira.gal\/index.php\/2023\/01\/19\/os-socialistas-de-mos-presentan-ideas-para-melloras-os-poligonos-industrais-do-concello\/\" \/>\n<meta property=\"article:publisher\" content=\"https:\/\/www.facebook.com\/anovapeneira\" \/>\n<meta property=\"article:published_time\" content=\"2023-01-19T09:00:25+00:00\" \/>\n<meta property=\"og:image\" content=\"https:\/\/www.anovapeneira.gal\/wp-content\/uploads\/2023\/01\/poligono_industrial_mos.jpg\" \/>\n\t<meta property=\"og:image:width\" content=\"720\" \/>\n\t<meta property=\"og:image:height\" content=\"432\" \/>\n\t<meta property=\"og:image:type\" content=\"image\/jpeg\" \/>\n<meta name=\"author\" content=\"Redacci\u00f3n A Nova Peneira\" \/>\n<meta name=\"twitter:card\" content=\"summary_large_image\" \/>\n<meta name=\"twitter:creator\" content=\"@APeneira\" \/>\n<meta name=\"twitter:site\" content=\"@APeneira\" \/>\n<meta name=\"twitter:label1\" content=\"Escrito por\" \/>\n\t<meta name=\"twitter:data1\" content=\"Redacci\u00f3n A Nova Peneira\" \/>\n\t<meta name=\"twitter:label2\" content=\"Tempo de lectura\" \/>\n\t<meta name=\"twitter:data2\" content=\"2 minutos\" \/>\n<script type=\"application\/ld+json\" class=\"yoast-schema-graph\">{\"@context\":\"https:\\\/\\\/schema.org\",\"@graph\":[{\"@type\":\"Article\",\"@id\":\"https:\\\/\\\/www.anovapeneira.gal\\\/index.php\\\/2023\\\/01\\\/19\\\/os-socialistas-de-mos-presentan-ideas-para-melloras-os-poligonos-industrais-do-concello\\\/#article\",\"isPartOf\":{\"@id\":\"https:\\\/\\\/www.anovapeneira.gal\\\/index.php\\\/2023\\\/01\\\/19\\\/os-socialistas-de-mos-presentan-ideas-para-melloras-os-poligonos-industrais-do-concello\\\/\"},\"author\":{\"name\":\"Redacci\u00f3n A Nova Peneira\",\"@id\":\"https:\\\/\\\/www.anovapeneira.gal\\\/#\\\/schema\\\/person\\\/b93e3f8932e3f8da96334607eb6ac6aa\"},\"headline\":\"Os socialistas de Mos presentan ideas para melloras os pol\u00edgonos industrais do concello\",\"datePublished\":\"2023-01-19T09:00:25+00:00\",\"mainEntityOfPage\":{\"@id\":\"https:\\\/\\\/www.anovapeneira.gal\\\/index.php\\\/2023\\\/01\\\/19\\\/os-socialistas-de-mos-presentan-ideas-para-melloras-os-poligonos-industrais-do-concello\\\/\"},\"wordCount\":298,\"commentCount\":0,\"publisher\":{\"@id\":\"https:\\\/\\\/www.anovapeneira.gal\\\/#organization\"},\"image\":{\"@id\":\"https:\\\/\\\/www.anovapeneira.gal\\\/index.php\\\/2023\\\/01\\\/19\\\/os-socialistas-de-mos-presentan-ideas-para-melloras-os-poligonos-industrais-do-concello\\\/#primaryimage\"},\"thumbnailUrl\":\"https:\\\/\\\/www.anovapeneira.gal\\\/wp-content\\\/uploads\\\/2023\\\/01\\\/poligono_industrial_mos.jpg\",\"keywords\":[\"Concello de Mos\"],\"articleSection\":[\"A Louri\u00f1a\"],\"inLanguage\":\"gl-ES\",\"potentialAction\":[{\"@type\":\"CommentAction\",\"name\":\"Comment\",\"target\":[\"https:\\\/\\\/www.anovapeneira.gal\\\/index.php\\\/2023\\\/01\\\/19\\\/os-socialistas-de-mos-presentan-ideas-para-melloras-os-poligonos-industrais-do-concello\\\/#respond\"]}]},{\"@type\":\"WebPage\",\"@id\":\"https:\\\/\\\/www.anovapeneira.gal\\\/index.php\\\/2023\\\/01\\\/19\\\/os-socialistas-de-mos-presentan-ideas-para-melloras-os-poligonos-industrais-do-concello\\\/\",\"url\":\"https:\\\/\\\/www.anovapeneira.gal\\\/index.php\\\/2023\\\/01\\\/19\\\/os-socialistas-de-mos-presentan-ideas-para-melloras-os-poligonos-industrais-do-concello\\\/\",\"name\":\"Os socialistas de Mos presentan ideas para melloras os pol\u00edgonos industrais do concello -\",\"isPartOf\":{\"@id\":\"https:\\\/\\\/www.anovapeneira.gal\\\/#website\"},\"primaryImageOfPage\":{\"@id\":\"https:\\\/\\\/www.anovapeneira.gal\\\/index.php\\\/2023\\\/01\\\/19\\\/os-socialistas-de-mos-presentan-ideas-para-melloras-os-poligonos-industrais-do-concello\\\/#primaryimage\"},\"image\":{\"@id\":\"https:\\\/\\\/www.anovapeneira.gal\\\/index.php\\\/2023\\\/01\\\/19\\\/os-socialistas-de-mos-presentan-ideas-para-melloras-os-poligonos-industrais-do-concello\\\/#primaryimage\"},\"thumbnailUrl\":\"https:\\\/\\\/www.anovapeneira.gal\\\/wp-content\\\/uploads\\\/2023\\\/01\\\/poligono_industrial_mos.jpg\",\"datePublished\":\"2023-01-19T09:00:25+00:00\",\"description\":\"En base a li\u00f1a de axudas encami\u00f1adas a rehabilitaci\u00f3n e mellora das infraestruturas dos parques empresariais, en r\u00e9xime de competencia competitiva, dende a bancada socialista presentan unha listaxe de ideas susceptibles de ser inclu\u00eddas\",\"breadcrumb\":{\"@id\":\"https:\\\/\\\/www.anovapeneira.gal\\\/index.php\\\/2023\\\/01\\\/19\\\/os-socialistas-de-mos-presentan-ideas-para-melloras-os-poligonos-industrais-do-concello\\\/#breadcrumb\"},\"inLanguage\":\"gl-ES\",\"potentialAction\":[{\"@type\":\"ReadAction\",\"target\":[\"https:\\\/\\\/www.anovapeneira.gal\\\/index.php\\\/2023\\\/01\\\/19\\\/os-socialistas-de-mos-presentan-ideas-para-melloras-os-poligonos-industrais-do-concello\\\/\"]}]},{\"@type\":\"ImageObject\",\"inLanguage\":\"gl-ES\",\"@id\":\"https:\\\/\\\/www.anovapeneira.gal\\\/index.php\\\/2023\\\/01\\\/19\\\/os-socialistas-de-mos-presentan-ideas-para-melloras-os-poligonos-industrais-do-concello\\\/#primaryimage\",\"url\":\"https:\\\/\\\/www.anovapeneira.gal\\\/wp-content\\\/uploads\\\/2023\\\/01\\\/poligono_industrial_mos.jpg\",\"contentUrl\":\"https:\\\/\\\/www.anovapeneira.gal\\\/wp-content\\\/uploads\\\/2023\\\/01\\\/poligono_industrial_mos.jpg\",\"width\":720,\"height\":432,\"caption\":\"pol\u00edgono industrial de Mos\"},{\"@type\":\"BreadcrumbList\",\"@id\":\"https:\\\/\\\/www.anovapeneira.gal\\\/index.php\\\/2023\\\/01\\\/19\\\/os-socialistas-de-mos-presentan-ideas-para-melloras-os-poligonos-industrais-do-concello\\\/#breadcrumb\",\"itemListElement\":[{\"@type\":\"ListItem\",\"position\":1,\"name\":\"Portada\",\"item\":\"https:\\\/\\\/www.anovapeneira.gal\\\/\"},{\"@type\":\"ListItem\",\"position\":2,\"name\":\"Os socialistas de Mos presentan ideas para melloras os pol\u00edgonos industrais do concello\"}]},{\"@type\":\"WebSite\",\"@id\":\"https:\\\/\\\/www.anovapeneira.gal\\\/#website\",\"url\":\"https:\\\/\\\/www.anovapeneira.gal\\\/\",\"name\":\"\",\"description\":\"Xornal galego de informaci\u00f3n xeral Publicaci\u00f3n mensual de novas de Galicia e en especial dos Concellos da sur da provincia de Pontevedra.\",\"publisher\":{\"@id\":\"https:\\\/\\\/www.anovapeneira.gal\\\/#organization\"},\"potentialAction\":[{\"@type\":\"SearchAction\",\"target\":{\"@type\":\"EntryPoint\",\"urlTemplate\":\"https:\\\/\\\/www.anovapeneira.gal\\\/?s={search_term_string}\"},\"query-input\":{\"@type\":\"PropertyValueSpecification\",\"valueRequired\":true,\"valueName\":\"search_term_string\"}}],\"inLanguage\":\"gl-ES\"},{\"@type\":\"Organization\",\"@id\":\"https:\\\/\\\/www.anovapeneira.gal\\\/#organization\",\"name\":\"A Nova Peneira\",\"url\":\"https:\\\/\\\/www.anovapeneira.gal\\\/\",\"logo\":{\"@type\":\"ImageObject\",\"inLanguage\":\"gl-ES\",\"@id\":\"https:\\\/\\\/www.anovapeneira.gal\\\/#\\\/schema\\\/logo\\\/image\\\/\",\"url\":\"http:\\\/\\\/www.anovapeneira.gal\\\/wp-content\\\/uploads\\\/2019\\\/06\\\/logo_a_nova_peneira_portal_web.png\",\"contentUrl\":\"http:\\\/\\\/www.anovapeneira.gal\\\/wp-content\\\/uploads\\\/2019\\\/06\\\/logo_a_nova_peneira_portal_web.png\",\"width\":300,\"height\":100,\"caption\":\"A Nova Peneira\"},\"image\":{\"@id\":\"https:\\\/\\\/www.anovapeneira.gal\\\/#\\\/schema\\\/logo\\\/image\\\/\"},\"sameAs\":[\"https:\\\/\\\/www.facebook.com\\\/anovapeneira\",\"https:\\\/\\\/x.com\\\/APeneira\"]},{\"@type\":\"Person\",\"@id\":\"https:\\\/\\\/www.anovapeneira.gal\\\/#\\\/schema\\\/person\\\/b93e3f8932e3f8da96334607eb6ac6aa\",\"name\":\"Redacci\u00f3n A Nova Peneira\",\"image\":{\"@type\":\"ImageObject\",\"inLanguage\":\"gl-ES\",\"@id\":\"https:\\\/\\\/secure.gravatar.com\\\/avatar\\\/c052a2551a06e23fac63626232eaa90abd78dbcf1700fc46a2b2c89fd27b735f?s=96&d=mm&r=g\",\"url\":\"https:\\\/\\\/secure.gravatar.com\\\/avatar\\\/c052a2551a06e23fac63626232eaa90abd78dbcf1700fc46a2b2c89fd27b735f?s=96&d=mm&r=g\",\"contentUrl\":\"https:\\\/\\\/secure.gravatar.com\\\/avatar\\\/c052a2551a06e23fac63626232eaa90abd78dbcf1700fc46a2b2c89fd27b735f?s=96&d=mm&r=g\",\"caption\":\"Redacci\u00f3n A Nova Peneira\"},\"sameAs\":[\"http:\\\/\\\/www.anovapeneira.gal\\\/\"],\"url\":\"https:\\\/\\\/www.anovapeneira.gal\\\/index.php\\\/author\\\/redactor\\\/\"}]}<\/script>\n<!-- \/ Yoast SEO plugin. -->","yoast_head_json":{"title":"Os socialistas de Mos presentan ideas para melloras os pol\u00edgonos industrais do concello -","description":"En base a li\u00f1a de axudas encami\u00f1adas a rehabilitaci\u00f3n e mellora das infraestruturas dos parques empresariais, en r\u00e9xime de competencia competitiva, dende a bancada socialista presentan unha listaxe de ideas susceptibles de ser inclu\u00eddas","robots":{"index":"index","follow":"follow","max-snippet":"max-snippet:-1","max-image-preview":"max-image-preview:large","max-video-preview":"max-video-preview:-1"},"canonical":"https:\/\/www.anovapeneira.gal\/index.php\/2023\/01\/19\/os-socialistas-de-mos-presentan-ideas-para-melloras-os-poligonos-industrais-do-concello\/","og_locale":"gl_ES","og_type":"article","og_title":"Os socialistas de Mos presentan ideas para melloras os pol\u00edgonos industrais do concello -","og_description":"En base a li\u00f1a de axudas encami\u00f1adas a rehabilitaci\u00f3n e mellora das infraestruturas dos parques empresariais, en r\u00e9xime de competencia competitiva, dende a bancada socialista presentan unha listaxe de ideas susceptibles de ser inclu\u00eddas","og_url":"https:\/\/www.anovapeneira.gal\/index.php\/2023\/01\/19\/os-socialistas-de-mos-presentan-ideas-para-melloras-os-poligonos-industrais-do-concello\/","article_publisher":"https:\/\/www.facebook.com\/anovapeneira","article_published_time":"2023-01-19T09:00:25+00:00","og_image":[{"width":720,"height":432,"url":"https:\/\/www.anovapeneira.gal\/wp-content\/uploads\/2023\/01\/poligono_industrial_mos.jpg","type":"image\/jpeg"}],"author":"Redacci\u00f3n A Nova Peneira","twitter_card":"summary_large_image","twitter_creator":"@APeneira","twitter_site":"@APeneira","twitter_misc":{"Escrito por":"Redacci\u00f3n A Nova Peneira","Tempo de lectura":"2 minutos"},"schema":{"@context":"https:\/\/schema.org","@graph":[{"@type":"Article","@id":"https:\/\/www.anovapeneira.gal\/index.php\/2023\/01\/19\/os-socialistas-de-mos-presentan-ideas-para-melloras-os-poligonos-industrais-do-concello\/#article","isPartOf":{"@id":"https:\/\/www.anovapeneira.gal\/index.php\/2023\/01\/19\/os-socialistas-de-mos-presentan-ideas-para-melloras-os-poligonos-industrais-do-concello\/"},"author":{"name":"Redacci\u00f3n A Nova Peneira","@id":"https:\/\/www.anovapeneira.gal\/#\/schema\/person\/b93e3f8932e3f8da96334607eb6ac6aa"},"headline":"Os socialistas de Mos presentan ideas para melloras os pol\u00edgonos industrais do concello","datePublished":"2023-01-19T09:00:25+00:00","mainEntityOfPage":{"@id":"https:\/\/www.anovapeneira.gal\/index.php\/2023\/01\/19\/os-socialistas-de-mos-presentan-ideas-para-melloras-os-poligonos-industrais-do-concello\/"},"wordCount":298,"commentCount":0,"publisher":{"@id":"https:\/\/www.anovapeneira.gal\/#organization"},"image":{"@id":"https:\/\/www.anovapeneira.gal\/index.php\/2023\/01\/19\/os-socialistas-de-mos-presentan-ideas-para-melloras-os-poligonos-industrais-do-concello\/#primaryimage"},"thumbnailUrl":"https:\/\/www.anovapeneira.gal\/wp-content\/uploads\/2023\/01\/poligono_industrial_mos.jpg","keywords":["Concello de Mos"],"articleSection":["A Louri\u00f1a"],"inLanguage":"gl-ES","potentialAction":[{"@type":"CommentAction","name":"Comment","target":["https:\/\/www.anovapeneira.gal\/index.php\/2023\/01\/19\/os-socialistas-de-mos-presentan-ideas-para-melloras-os-poligonos-industrais-do-concello\/#respond"]}]},{"@type":"WebPage","@id":"https:\/\/www.anovapeneira.gal\/index.php\/2023\/01\/19\/os-socialistas-de-mos-presentan-ideas-para-melloras-os-poligonos-industrais-do-concello\/","url":"https:\/\/www.anovapeneira.gal\/index.php\/2023\/01\/19\/os-socialistas-de-mos-presentan-ideas-para-melloras-os-poligonos-industrais-do-concello\/","name":"Os socialistas de Mos presentan ideas para melloras os pol\u00edgonos industrais do concello -","isPartOf":{"@id":"https:\/\/www.anovapeneira.gal\/#website"},"primaryImageOfPage":{"@id":"https:\/\/www.anovapeneira.gal\/index.php\/2023\/01\/19\/os-socialistas-de-mos-presentan-ideas-para-melloras-os-poligonos-industrais-do-concello\/#primaryimage"},"image":{"@id":"https:\/\/www.anovapeneira.gal\/index.php\/2023\/01\/19\/os-socialistas-de-mos-presentan-ideas-para-melloras-os-poligonos-industrais-do-concello\/#primaryimage"},"thumbnailUrl":"https:\/\/www.anovapeneira.gal\/wp-content\/uploads\/2023\/01\/poligono_industrial_mos.jpg","datePublished":"2023-01-19T09:00:25+00:00","description":"En base a li\u00f1a de axudas encami\u00f1adas a rehabilitaci\u00f3n e mellora das infraestruturas dos parques empresariais, en r\u00e9xime de competencia competitiva, dende a bancada socialista presentan unha listaxe de ideas susceptibles de ser inclu\u00eddas","breadcrumb":{"@id":"https:\/\/www.anovapeneira.gal\/index.php\/2023\/01\/19\/os-socialistas-de-mos-presentan-ideas-para-melloras-os-poligonos-industrais-do-concello\/#breadcrumb"},"inLanguage":"gl-ES","potentialAction":[{"@type":"ReadAction","target":["https:\/\/www.anovapeneira.gal\/index.php\/2023\/01\/19\/os-socialistas-de-mos-presentan-ideas-para-melloras-os-poligonos-industrais-do-concello\/"]}]},{"@type":"ImageObject","inLanguage":"gl-ES","@id":"https:\/\/www.anovapeneira.gal\/index.php\/2023\/01\/19\/os-socialistas-de-mos-presentan-ideas-para-melloras-os-poligonos-industrais-do-concello\/#primaryimage","url":"https:\/\/www.anovapeneira.gal\/wp-content\/uploads\/2023\/01\/poligono_industrial_mos.jpg","contentUrl":"https:\/\/www.anovapeneira.gal\/wp-content\/uploads\/2023\/01\/poligono_industrial_mos.jpg","width":720,"height":432,"caption":"pol\u00edgono industrial de Mos"},{"@type":"BreadcrumbList","@id":"https:\/\/www.anovapeneira.gal\/index.php\/2023\/01\/19\/os-socialistas-de-mos-presentan-ideas-para-melloras-os-poligonos-industrais-do-concello\/#breadcrumb","itemListElement":[{"@type":"ListItem","position":1,"name":"Portada","item":"https:\/\/www.anovapeneira.gal\/"},{"@type":"ListItem","position":2,"name":"Os socialistas de Mos presentan ideas para melloras os pol\u00edgonos industrais do concello"}]},{"@type":"WebSite","@id":"https:\/\/www.anovapeneira.gal\/#website","url":"https:\/\/www.anovapeneira.gal\/","name":"","description":"Xornal galego de informaci\u00f3n xeral Publicaci\u00f3n mensual de novas de Galicia e en especial dos Concellos da sur da provincia de Pontevedra.","publisher":{"@id":"https:\/\/www.anovapeneira.gal\/#organization"},"potentialAction":[{"@type":"SearchAction","target":{"@type":"EntryPoint","urlTemplate":"https:\/\/www.anovapeneira.gal\/?s={search_term_string}"},"query-input":{"@type":"PropertyValueSpecification","valueRequired":true,"valueName":"search_term_string"}}],"inLanguage":"gl-ES"},{"@type":"Organization","@id":"https:\/\/www.anovapeneira.gal\/#organization","name":"A Nova Peneira","url":"https:\/\/www.anovapeneira.gal\/","logo":{"@type":"ImageObject","inLanguage":"gl-ES","@id":"https:\/\/www.anovapeneira.gal\/#\/schema\/logo\/image\/","url":"http:\/\/www.anovapeneira.gal\/wp-content\/uploads\/2019\/06\/logo_a_nova_peneira_portal_web.png","contentUrl":"http:\/\/www.anovapeneira.gal\/wp-content\/uploads\/2019\/06\/logo_a_nova_peneira_portal_web.png","width":300,"height":100,"caption":"A Nova Peneira"},"image":{"@id":"https:\/\/www.anovapeneira.gal\/#\/schema\/logo\/image\/"},"sameAs":["https:\/\/www.facebook.com\/anovapeneira","https:\/\/x.com\/APeneira"]},{"@type":"Person","@id":"https:\/\/www.anovapeneira.gal\/#\/schema\/person\/b93e3f8932e3f8da96334607eb6ac6aa","name":"Redacci\u00f3n A Nova Peneira","image":{"@type":"ImageObject","inLanguage":"gl-ES","@id":"https:\/\/secure.gravatar.com\/avatar\/c052a2551a06e23fac63626232eaa90abd78dbcf1700fc46a2b2c89fd27b735f?s=96&d=mm&r=g","url":"https:\/\/secure.gravatar.com\/avatar\/c052a2551a06e23fac63626232eaa90abd78dbcf1700fc46a2b2c89fd27b735f?s=96&d=mm&r=g","contentUrl":"https:\/\/secure.gravatar.com\/avatar\/c052a2551a06e23fac63626232eaa90abd78dbcf1700fc46a2b2c89fd27b735f?s=96&d=mm&r=g","caption":"Redacci\u00f3n A Nova Peneira"},"sameAs":["http:\/\/www.anovapeneira.gal\/"],"url":"https:\/\/www.anovapeneira.gal\/index.php\/author\/redactor\/"}]}},"jetpack_featured_media_url":"https:\/\/www.anovapeneira.gal\/wp-content\/uploads\/2023\/01\/poligono_industrial_mos.jpg","_links":{"self":[{"href":"https:\/\/www.anovapeneira.gal\/index.php\/wp-json\/wp\/v2\/posts\/8929","targetHints":{"allow":["GET"]}}],"collection":[{"href":"https:\/\/www.anovapeneira.gal\/index.php\/wp-json\/wp\/v2\/posts"}],"about":[{"href":"https:\/\/www.anovapeneira.gal\/index.php\/wp-json\/wp\/v2\/types\/post"}],"author":[{"embeddable":true,"href":"https:\/\/www.anovapeneira.gal\/index.php\/wp-json\/wp\/v2\/users\/3"}],"replies":[{"embeddable":true,"href":"https:\/\/www.anovapeneira.gal\/index.php\/wp-json\/wp\/v2\/comments?post=8929"}],"version-history":[{"count":1,"href":"https:\/\/www.anovapeneira.gal\/index.php\/wp-json\/wp\/v2\/posts\/8929\/revisions"}],"predecessor-version":[{"id":8931,"href":"https:\/\/www.anovapeneira.gal\/index.php\/wp-json\/wp\/v2\/posts\/8929\/revisions\/8931"}],"wp:featuredmedia":[{"embeddable":true,"href":"https:\/\/www.anovapeneira.gal\/index.php\/wp-json\/wp\/v2\/media\/8930"}],"wp:attachment":[{"href":"https:\/\/www.anovapeneira.gal\/index.php\/wp-json\/wp\/v2\/media?parent=8929"}],"wp:term":[{"taxonomy":"category","embeddable":true,"href":"https:\/\/www.anovapeneira.gal\/index.php\/wp-json\/wp\/v2\/categories?post=8929"},{"taxonomy":"post_tag","embeddable":true,"href":"https:\/\/www.anovapeneira.gal\/index.php\/wp-json\/wp\/v2\/tags?post=8929"}],"curies":[{"name":"wp","href":"https:\/\/api.w.org\/{rel}","templated":true}]}}